{"id":583,"date":"2025-02-10T16:37:05","date_gmt":"2025-02-10T16:37:05","guid":{"rendered":"https:\/\/rentallorca.com\/blog\/?p=583"},"modified":"2025-04-24T09:01:17","modified_gmt":"2025-04-24T09:01:17","slug":"pueblos-mas-bonitos-de-mallorca","status":"publish","type":"post","link":"https:\/\/rentallorca.com\/blog\/pueblos-mas-bonitos-de-mallorca\/","title":{"rendered":"\u00bfA\u00fan no conoces los pueblos m\u00e1s bonitos de Mallorca? \u00a1Estos son!"},"content":{"rendered":"\t\t<div data-elementor-type=\"wp-post\" data-elementor-id=\"583\" class=\"elementor elementor-583\" data-elementor-post-type=\"post\">\n\t\t\t\t<div class=\"elementor-element elementor-element-36043aca e-flex e-con-boxed e-con e-parent\" data-id=\"36043aca\" data-element_type=\"container\" data-e-type=\"container\">\n\t\t\t\t\t<div class=\"e-con-inner\">\n\t\t\t\t<div class=\"elementor-element elementor-element-4d644219 elementor-widget elementor-widget-text-editor\" data-id=\"4d644219\" data-element_type=\"widget\" data-e-type=\"widget\" data-widget_type=\"text-editor.default\">\n\t\t\t\t<div class=\"elementor-widget-container\">\n\t\t\t\t\t\t\t\t\t<p>Si ya has viajado a Mallorca y has podido visitar alguno de sus pueblos, seguramente est\u00e9s leyendo estas l\u00edneas con una sonrisa en la cara. Sobre todo,<strong> recordando las bellas calles que recorriste en su momento<\/strong> y todas las estupendas vivencias durante tu estancia all\u00ed. Y si a\u00fan no has viajado a la isla, te prometemos que esa sonrisa pronto aparecer\u00e1 en tu rostro.<\/p>\n<p><\/p>\n<p>Porque Mallorca y sus pueblos son sin duda algo especial. M\u00e1s all\u00e1 de sus playas paradis\u00edacas y aguas cristalinas (que nos encantan), <strong>Mallorca es hogar de algunos preciosos pueblos llenos de historia, cultural y paisajes <\/strong>de esos que te dejan la boca abierta durante un rato.\u00a0<\/p>\n<p><\/p>\n<p>A continuaci\u00f3n, <strong>te contamos todo sobre los pueblos m\u00e1s bonitos de Mallorca<\/strong> y te daremos una lista de esos que debes visitar s\u00ed o s\u00ed. \u00a1Toma nota!<\/p>\t\t\t\t\t\t\t\t<\/div>\n\t\t\t\t<\/div>\n\t\t\t\t\t<\/div>\n\t\t\t\t<\/div>\n\t\t<div class=\"elementor-element elementor-element-64090546 e-flex e-con-boxed e-con e-parent\" data-id=\"64090546\" data-element_type=\"container\" data-e-type=\"container\">\n\t\t\t\t\t<div class=\"e-con-inner\">\n\t\t\t\t<div class=\"elementor-element elementor-element-61991aca elementor-widget elementor-widget-table-of-contents\" data-id=\"61991aca\" data-element_type=\"widget\" data-e-type=\"widget\" data-settings=\"{&quot;headings_by_tags&quot;:[&quot;h2&quot;,&quot;h3&quot;],&quot;exclude_headings_by_selector&quot;:[],&quot;marker_view&quot;:&quot;bullets&quot;,&quot;icon&quot;:{&quot;value&quot;:&quot;&quot;,&quot;library&quot;:&quot;&quot;},&quot;no_headings_message&quot;:&quot;No headings were found on this page.&quot;,&quot;hierarchical_view&quot;:&quot;yes&quot;,&quot;min_height&quot;:{&quot;unit&quot;:&quot;px&quot;,&quot;size&quot;:&quot;&quot;,&quot;sizes&quot;:[]},&quot;min_height_tablet&quot;:{&quot;unit&quot;:&quot;px&quot;,&quot;size&quot;:&quot;&quot;,&quot;sizes&quot;:[]},&quot;min_height_mobile&quot;:{&quot;unit&quot;:&quot;px&quot;,&quot;size&quot;:&quot;&quot;,&quot;sizes&quot;:[]}}\" data-widget_type=\"table-of-contents.default\">\n\t\t\t\t<div class=\"elementor-widget-container\">\n\t\t\t\t\t\t\t\t\t<div class=\"elementor-toc__header\">\n\t\t\t\t\t\t<div class=\"elementor-toc__header-title\">\n\t\t\t\tContenidos\t\t\t<\/div>\n\t\t\t\t\t\t\t\t<\/div>\n\t\t\t\t<div id=\"elementor-toc__61991aca\" class=\"elementor-toc__body\">\n\t\t\t<div class=\"elementor-toc__spinner-container\">\n\t\t\t\t<svg class=\"elementor-toc__spinner eicon-animation-spin e-font-icon-svg e-eicon-loading\" aria-hidden=\"true\" viewBox=\"0 0 1000 1000\" xmlns=\"http:\/\/www.w3.org\/2000\/svg\"><path d=\"M500 975V858C696 858 858 696 858 500S696 142 500 142 142 304 142 500H25C25 237 238 25 500 25S975 237 975 500 763 975 500 975Z\"><\/path><\/svg>\t\t\t<\/div>\n\t\t<\/div>\n\t\t\t\t\t\t<\/div>\n\t\t\t\t<\/div>\n\t\t\t\t\t<\/div>\n\t\t\t\t<\/div>\n\t\t<div class=\"elementor-element elementor-element-3f8046f4 e-flex e-con-boxed e-con e-parent\" data-id=\"3f8046f4\" data-element_type=\"container\" data-e-type=\"container\">\n\t\t\t\t\t<div class=\"e-con-inner\">\n\t\t\t\t<div class=\"elementor-element elementor-element-9b31ec5 elementor-widget elementor-widget-heading\" data-id=\"9b31ec5\" data-element_type=\"widget\" data-e-type=\"widget\" data-widget_type=\"heading.default\">\n\t\t\t\t<div class=\"elementor-widget-container\">\n\t\t\t\t\t<h2 class=\"elementor-heading-title elementor-size-default\">\u00bfPor qu\u00e9 debes visitar los pueblos m\u00e1s bonitos de Mallorca?<\/h2>\t\t\t\t<\/div>\n\t\t\t\t<\/div>\n\t\t\t\t<div class=\"elementor-element elementor-element-a6c62dd elementor-widget elementor-widget-text-editor\" data-id=\"a6c62dd\" data-element_type=\"widget\" data-e-type=\"widget\" data-widget_type=\"text-editor.default\">\n\t\t\t\t<div class=\"elementor-widget-container\">\n\t\t\t\t\t\t\t\t\t<p>Una vez que vayas, ser\u00e1s t\u00fa qui\u00e9n responda a esta pregunta. Pero, al menos de momento, nos toca a nosotros. Desde las monta\u00f1as de la Serra de Tramuntana hasta la costa mediterr\u00e1nea, <strong>descubrir\u00e1s que cada rinc\u00f3n de la isla guarda tesoros \u00fanicos<\/strong> que esperan a que los descubras.<\/p>\n<p><\/p>\n<p>Los pueblos de Mallorca son m\u00e1s que sol y playa. Combinan naturaleza e historia, <strong>distribuidos de manera caprichosa entre monta\u00f1as, valles y la costa mediterr\u00e1nea,<\/strong> testigo de grandes momentos de nuestra civilizaci\u00f3n.<\/p>\n<p><\/p>\n<p>Y como no solo de paisajes vive el turista,<strong> explorar estos lugares te permitir\u00e1 tambi\u00e9n saborear Mallorca de un modo diferente<\/strong>, a trav\u00e9s de su exquisita gastronom\u00eda local. Descubrir\u00e1s esos t\u00edpicos mesones de pueblo tan cotizados, llenos de productos frescos y recetas centenarias.\u00a0<\/p>\n<p><\/p>\n<p><br \/>En definitiva, visitar los pueblos m\u00e1s bonitos de Mallorca es<strong> una experiencia que no te puedes perder<\/strong>. Ahora vamos a ver cu\u00e1les son los m\u00e1s importantes, no te lo pierdas.<\/p>\t\t\t\t\t\t\t\t<\/div>\n\t\t\t\t<\/div>\n\t\t\t\t\t<\/div>\n\t\t\t\t<\/div>\n\t\t<div class=\"elementor-element elementor-element-3cd7d85 e-flex e-con-boxed e-con e-parent\" data-id=\"3cd7d85\" data-element_type=\"container\" data-e-type=\"container\">\n\t\t\t\t\t<div class=\"e-con-inner\">\n\t\t\t\t<div class=\"elementor-element elementor-element-9d6bfc5 elementor-widget elementor-widget-heading\" data-id=\"9d6bfc5\" data-element_type=\"widget\" data-e-type=\"widget\" data-widget_type=\"heading.default\">\n\t\t\t\t<div class=\"elementor-widget-container\">\n\t\t\t\t\t<h2 class=\"elementor-heading-title elementor-size-default\">Pueblos imprescindibles que debes visitar en mallorca<\/h2>\t\t\t\t<\/div>\n\t\t\t\t<\/div>\n\t\t\t\t<div class=\"elementor-element elementor-element-a2ebe00 elementor-widget elementor-widget-text-editor\" data-id=\"a2ebe00\" data-element_type=\"widget\" data-e-type=\"widget\" data-widget_type=\"text-editor.default\">\n\t\t\t\t<div class=\"elementor-widget-container\">\n\t\t\t\t\t\t\t\t\t<p>Aqu\u00ed te dejamos<strong> los 5 pueblos m\u00e1s bonitos de Mallorca<\/strong> para visitar:<\/p>\t\t\t\t\t\t\t\t<\/div>\n\t\t\t\t<\/div>\n\t\t\t\t\t<\/div>\n\t\t\t\t<\/div>\n\t\t<div class=\"elementor-element elementor-element-7459adf5 e-flex e-con-boxed e-con e-parent\" data-id=\"7459adf5\" data-element_type=\"container\" data-e-type=\"container\">\n\t\t\t\t\t<div class=\"e-con-inner\">\n\t\t\t\t<div class=\"elementor-element elementor-element-15ebf3f0 elementor-widget elementor-widget-heading\" data-id=\"15ebf3f0\" data-element_type=\"widget\" data-e-type=\"widget\" data-widget_type=\"heading.default\">\n\t\t\t\t<div class=\"elementor-widget-container\">\n\t\t\t\t\t<h3 class=\"elementor-heading-title elementor-size-default\">1. Alcudia<\/h3>\t\t\t\t<\/div>\n\t\t\t\t<\/div>\n\t\t\t\t\t<\/div>\n\t\t\t\t<\/div>\n\t\t<div class=\"elementor-element elementor-element-c04a9c4 e-flex e-con-boxed e-con e-parent\" data-id=\"c04a9c4\" data-element_type=\"container\" data-e-type=\"container\">\n\t\t\t\t\t<div class=\"e-con-inner\">\n\t\t<div class=\"elementor-element elementor-element-b09798f e-con-full e-flex e-con e-child\" data-id=\"b09798f\" data-element_type=\"container\" data-e-type=\"container\">\n\t\t\t\t<div class=\"elementor-element elementor-element-44acb5a8 elementor-widget elementor-widget-text-editor\" data-id=\"44acb5a8\" data-element_type=\"widget\" data-e-type=\"widget\" data-widget_type=\"text-editor.default\">\n\t\t\t\t<div class=\"elementor-widget-container\">\n\t\t\t\t\t\t\t\t\t<p>Alcudia es un destino de esos que no te puede faltar en tu viaje a Mallorca. Aseg\u00farate de visitar su casco antiguo amurallado y empaparte de toda la historia que esconden sus calles. Se trata de <strong>una localidad milenaria, fundada por los romanos.<\/strong> Esto se puede comprobar por sus ruinas arqueol\u00f3gicas, como el incre\u00edble teatro romano.<\/p>\n<p><\/p>\n<p>Posee unas <strong>murallas medievales que datan del siglo XIV, <\/strong>desde las cuales puedes obtener una apasionante vista panor\u00e1mica de la isla y tirar unas cuantas fotos de esas que ense\u00f1ar\u00e1s a todos tus seres queridos. Descubre tambi\u00e9n su mercado local, el cual se celebra siempre los martes y domingos.<\/p>\t\t\t\t\t\t\t\t<\/div>\n\t\t\t\t<\/div>\n\t\t\t\t<\/div>\n\t\t<div class=\"elementor-element elementor-element-2fcee8b e-con-full e-flex e-con e-child\" data-id=\"2fcee8b\" data-element_type=\"container\" data-e-type=\"container\">\n\t\t\t\t<div class=\"elementor-element elementor-element-9023cc0 elementor-widget elementor-widget-image\" data-id=\"9023cc0\" data-element_type=\"widget\" data-e-type=\"widget\" data-widget_type=\"image.default\">\n\t\t\t\t<div class=\"elementor-widget-container\">\n\t\t\t\t\t\t\t\t\t\t\t\t\t\t\t<img decoding=\"async\" src=\"https:\/\/rentallorca.com\/blog\/wp-content\/uploads\/elementor\/thumbs\/murallas-alcudia-r1b476pw61s2tb7cz2kbtdtku7f4rn1u70gpvxcp0g.jpg\" title=\"murallas-alcudia\" alt=\"alcudia\" loading=\"lazy\" \/>\t\t\t\t\t\t\t\t\t\t\t\t\t\t\t<\/div>\n\t\t\t\t<\/div>\n\t\t\t\t<\/div>\n\t\t\t\t\t<\/div>\n\t\t\t\t<\/div>\n\t\t<div class=\"elementor-element elementor-element-5ea41c1 e-flex e-con-boxed e-con e-parent\" data-id=\"5ea41c1\" data-element_type=\"container\" data-e-type=\"container\">\n\t\t\t\t\t<div class=\"e-con-inner\">\n\t\t\t\t<div class=\"elementor-element elementor-element-9c43b46 elementor-widget elementor-widget-heading\" data-id=\"9c43b46\" data-element_type=\"widget\" data-e-type=\"widget\" data-widget_type=\"heading.default\">\n\t\t\t\t<div class=\"elementor-widget-container\">\n\t\t\t\t\t<h3 class=\"elementor-heading-title elementor-size-default\">2. S\u00f3ller<\/h3>\t\t\t\t<\/div>\n\t\t\t\t<\/div>\n\t\t\t\t\t<\/div>\n\t\t\t\t<\/div>\n\t\t<div class=\"elementor-element elementor-element-1a1e32d e-flex e-con-boxed e-con e-parent\" data-id=\"1a1e32d\" data-element_type=\"container\" data-e-type=\"container\">\n\t\t\t\t\t<div class=\"e-con-inner\">\n\t\t<div class=\"elementor-element elementor-element-76fef5f e-con-full e-flex e-con e-child\" data-id=\"76fef5f\" data-element_type=\"container\" data-e-type=\"container\">\n\t\t\t\t<div class=\"elementor-element elementor-element-14f2dfa elementor-widget elementor-widget-text-editor\" data-id=\"14f2dfa\" data-element_type=\"widget\" data-e-type=\"widget\" data-widget_type=\"text-editor.default\">\n\t\t\t\t<div class=\"elementor-widget-container\">\n\t\t\t\t\t\t\t\t\t<p><\/p>\n<p>S\u00f3ller es otro pueblo id\u00f3neo si buscas <strong>naturaleza y encanto arquitect\u00f3nico a partes iguales. <\/strong>Se encuentra rodeado por bellos naranjales, al estar ubicado en un encantador valle de la Sierra de tramontano, y su casco hist\u00f3rico mezcla calles adoquinadas con edificios modernistas.<\/p>\n<p><\/p>\n<p>Una de sus grandes atracciones es <strong>el tren centenario que conecta el pueblo con la ciudad de Palma,<\/strong> el cual ofrece durante su recorrido unas vistas de esas que enamoran a los sentidos.<\/p>\t\t\t\t\t\t\t\t<\/div>\n\t\t\t\t<\/div>\n\t\t\t\t<\/div>\n\t\t<div class=\"elementor-element elementor-element-124416f e-con-full e-flex e-con e-child\" data-id=\"124416f\" data-element_type=\"container\" data-e-type=\"container\">\n\t\t\t\t<div class=\"elementor-element elementor-element-982c89e elementor-widget elementor-widget-image\" data-id=\"982c89e\" data-element_type=\"widget\" data-e-type=\"widget\" data-widget_type=\"image.default\">\n\t\t\t\t<div class=\"elementor-widget-container\">\n\t\t\t\t\t\t\t\t\t\t\t\t\t\t\t<img fetchpriority=\"high\" decoding=\"async\" width=\"727\" height=\"481\" src=\"https:\/\/rentallorca.com\/blog\/wp-content\/uploads\/2025\/02\/Port-de-Soller\u200b.jpg\" class=\"attachment-large size-large wp-image-613\" alt=\"Port de S\u00f3ller\u200b\" srcset=\"https:\/\/rentallorca.com\/blog\/wp-content\/uploads\/2025\/02\/Port-de-Soller\u200b.jpg 727w, https:\/\/rentallorca.com\/blog\/wp-content\/uploads\/2025\/02\/Port-de-Soller\u200b-300x198.jpg 300w\" sizes=\"(max-width: 727px) 100vw, 727px\" \/>\t\t\t\t\t\t\t\t\t\t\t\t\t\t\t<\/div>\n\t\t\t\t<\/div>\n\t\t\t\t<\/div>\n\t\t\t\t\t<\/div>\n\t\t\t\t<\/div>\n\t\t<div class=\"elementor-element elementor-element-499518f e-flex e-con-boxed e-con e-parent\" data-id=\"499518f\" data-element_type=\"container\" data-e-type=\"container\">\n\t\t\t\t\t<div class=\"e-con-inner\">\n\t\t\t\t<div class=\"elementor-element elementor-element-e32e651 elementor-widget elementor-widget-heading\" data-id=\"e32e651\" data-element_type=\"widget\" data-e-type=\"widget\" data-widget_type=\"heading.default\">\n\t\t\t\t<div class=\"elementor-widget-container\">\n\t\t\t\t\t<h3 class=\"elementor-heading-title elementor-size-default\">3. Pollensa<\/h3>\t\t\t\t<\/div>\n\t\t\t\t<\/div>\n\t\t\t\t\t<\/div>\n\t\t\t\t<\/div>\n\t\t<div class=\"elementor-element elementor-element-3b90d4c e-flex e-con-boxed e-con e-parent\" data-id=\"3b90d4c\" data-element_type=\"container\" data-e-type=\"container\">\n\t\t\t\t\t<div class=\"e-con-inner\">\n\t\t<div class=\"elementor-element elementor-element-315e74f e-con-full e-flex e-con e-child\" data-id=\"315e74f\" data-element_type=\"container\" data-e-type=\"container\">\n\t\t\t\t<div class=\"elementor-element elementor-element-ea8f928 elementor-widget elementor-widget-text-editor\" data-id=\"ea8f928\" data-element_type=\"widget\" data-e-type=\"widget\" data-widget_type=\"text-editor.default\">\n\t\t\t\t<div class=\"elementor-widget-container\">\n\t\t\t\t\t\t\t\t\t<p>El tercer puesto de nuestro ranking es para Pollensa, un aut\u00e9ntico refugio para los m\u00e1s bohemios en la isla de Mallorca. Sin duda, <strong>te enamorar\u00e1s de sus vistas al Mediterr\u00e1neo, y de su aire pintoresco.<\/strong> Es uno de esos pueblos a los que acudes por su belleza y te quedas por su ambiente tranquilo y toda su historia.<\/p>\n<p><\/p>\n<p>En el centro hist\u00f3rico no puedes dejar de visitar su pla\u00e7a Major, rodeado de cafeter\u00edas, <strong>adem\u00e1s de la iglesia de Nuestra Se\u00f1ora de los \u00c1ngeles<\/strong>. En el mercado dominical, podr\u00e1s probar algunos de los productos locales m\u00e1s t\u00edpicos. Despu\u00e9s, te aconsejamos un paseo por el puerto, donde podr\u00e1s relajarte o acudir con toda la familia.\u00a0<\/p>\t\t\t\t\t\t\t\t<\/div>\n\t\t\t\t<\/div>\n\t\t\t\t<\/div>\n\t\t<div class=\"elementor-element elementor-element-0fb43a0 e-con-full e-flex e-con e-child\" data-id=\"0fb43a0\" data-element_type=\"container\" data-e-type=\"container\">\n\t\t\t\t<div class=\"elementor-element elementor-element-9911f40 elementor-widget elementor-widget-image\" data-id=\"9911f40\" data-element_type=\"widget\" data-e-type=\"widget\" data-widget_type=\"image.default\">\n\t\t\t\t<div class=\"elementor-widget-container\">\n\t\t\t\t\t\t\t\t\t\t\t\t\t\t\t<img decoding=\"async\" width=\"800\" height=\"450\" src=\"https:\/\/rentallorca.com\/blog\/wp-content\/uploads\/2025\/02\/puerto-pollensa-noche-1024x576.jpg\" class=\"attachment-large size-large wp-image-616\" alt=\"puerto-pollensa-noche.jpg\" srcset=\"https:\/\/rentallorca.com\/blog\/wp-content\/uploads\/2025\/02\/puerto-pollensa-noche-1024x576.jpg 1024w, https:\/\/rentallorca.com\/blog\/wp-content\/uploads\/2025\/02\/puerto-pollensa-noche-300x169.jpg 300w, https:\/\/rentallorca.com\/blog\/wp-content\/uploads\/2025\/02\/puerto-pollensa-noche-768x432.jpg 768w, https:\/\/rentallorca.com\/blog\/wp-content\/uploads\/2025\/02\/puerto-pollensa-noche.jpg 1365w\" sizes=\"(max-width: 800px) 100vw, 800px\" \/>\t\t\t\t\t\t\t\t\t\t\t\t\t\t\t<\/div>\n\t\t\t\t<\/div>\n\t\t\t\t<\/div>\n\t\t\t\t\t<\/div>\n\t\t\t\t<\/div>\n\t\t<div class=\"elementor-element elementor-element-b33c3c3 e-flex e-con-boxed e-con e-parent\" data-id=\"b33c3c3\" data-element_type=\"container\" data-e-type=\"container\">\n\t\t\t\t\t<div class=\"e-con-inner\">\n\t\t\t\t<div class=\"elementor-element elementor-element-b2e7ee8 elementor-widget elementor-widget-heading\" data-id=\"b2e7ee8\" data-element_type=\"widget\" data-e-type=\"widget\" data-widget_type=\"heading.default\">\n\t\t\t\t<div class=\"elementor-widget-container\">\n\t\t\t\t\t<h3 class=\"elementor-heading-title elementor-size-default\">4. Manacor<\/h3>\t\t\t\t<\/div>\n\t\t\t\t<\/div>\n\t\t\t\t\t<\/div>\n\t\t\t\t<\/div>\n\t\t<div class=\"elementor-element elementor-element-015a6f5 e-flex e-con-boxed e-con e-parent\" data-id=\"015a6f5\" data-element_type=\"container\" data-e-type=\"container\">\n\t\t\t\t\t<div class=\"e-con-inner\">\n\t\t<div class=\"elementor-element elementor-element-0dc31e2 e-con-full e-flex e-con e-child\" data-id=\"0dc31e2\" data-element_type=\"container\" data-e-type=\"container\">\n\t\t\t\t<div class=\"elementor-element elementor-element-92a5232 elementor-widget elementor-widget-text-editor\" data-id=\"92a5232\" data-element_type=\"widget\" data-e-type=\"widget\" data-widget_type=\"text-editor.default\">\n\t\t\t\t<div class=\"elementor-widget-container\">\n\t\t\t\t\t\t\t\t\t<p>Somos conscientes de que<strong> la gran mayor\u00eda de personas conocen Manacor por ser el lugar que vio nacer a Rafa Nadal<\/strong>. No sabemos si es tu caso, pero lo que s\u00ed podemos decirte es que se trata de la segunda ciudad m\u00e1s grande de Mallorca y que destaca por su industria de perlas y muebles artesanales.<\/p>\n<p><\/p>\n<p>Para hacer algo de turismo, <strong>te recomendamos visitar la gran iglesia g\u00f3tica de Nostra Senyora dels Dolors<\/strong> y las cuevas del Drach, que est\u00e1n muy cerquita. Tambi\u00e9n puedes dejarte caer por el mercado semanal para empaparte de la vida local de la zona.\u00a0<\/p>\t\t\t\t\t\t\t\t<\/div>\n\t\t\t\t<\/div>\n\t\t\t\t<\/div>\n\t\t<div class=\"elementor-element elementor-element-e5d467d e-con-full e-flex e-con e-child\" data-id=\"e5d467d\" data-element_type=\"container\" data-e-type=\"container\">\n\t\t\t\t<div class=\"elementor-element elementor-element-108dfd8 elementor-widget elementor-widget-image\" data-id=\"108dfd8\" data-element_type=\"widget\" data-e-type=\"widget\" data-widget_type=\"image.default\">\n\t\t\t\t<div class=\"elementor-widget-container\">\n\t\t\t\t\t\t\t\t\t\t\t\t\t\t\t<img decoding=\"async\" width=\"724\" height=\"483\" src=\"https:\/\/rentallorca.com\/blog\/wp-content\/uploads\/2025\/02\/Manacor.jpg\" class=\"attachment-large size-large wp-image-619\" alt=\"Manacor\" srcset=\"https:\/\/rentallorca.com\/blog\/wp-content\/uploads\/2025\/02\/Manacor.jpg 724w, https:\/\/rentallorca.com\/blog\/wp-content\/uploads\/2025\/02\/Manacor-300x200.jpg 300w\" sizes=\"(max-width: 724px) 100vw, 724px\" \/>\t\t\t\t\t\t\t\t\t\t\t\t\t\t\t<\/div>\n\t\t\t\t<\/div>\n\t\t\t\t<\/div>\n\t\t\t\t\t<\/div>\n\t\t\t\t<\/div>\n\t\t<div class=\"elementor-element elementor-element-e66e6f8 e-flex e-con-boxed e-con e-parent\" data-id=\"e66e6f8\" data-element_type=\"container\" data-e-type=\"container\">\n\t\t\t\t\t<div class=\"e-con-inner\">\n\t\t\t\t<div class=\"elementor-element elementor-element-4b534e3 elementor-widget elementor-widget-heading\" data-id=\"4b534e3\" data-element_type=\"widget\" data-e-type=\"widget\" data-widget_type=\"heading.default\">\n\t\t\t\t<div class=\"elementor-widget-container\">\n\t\t\t\t\t<h3 class=\"elementor-heading-title elementor-size-default\">5. Petra<\/h3>\t\t\t\t<\/div>\n\t\t\t\t<\/div>\n\t\t\t\t\t<\/div>\n\t\t\t\t<\/div>\n\t\t<div class=\"elementor-element elementor-element-0f08247 e-flex e-con-boxed e-con e-parent\" data-id=\"0f08247\" data-element_type=\"container\" data-e-type=\"container\">\n\t\t\t\t\t<div class=\"e-con-inner\">\n\t\t<div class=\"elementor-element elementor-element-406a0f8 e-con-full e-flex e-con e-child\" data-id=\"406a0f8\" data-element_type=\"container\" data-e-type=\"container\">\n\t\t\t\t<div class=\"elementor-element elementor-element-97bb467 elementor-widget elementor-widget-text-editor\" data-id=\"97bb467\" data-element_type=\"widget\" data-e-type=\"widget\" data-widget_type=\"text-editor.default\">\n\t\t\t\t<div class=\"elementor-widget-container\">\n\t\t\t\t\t\t\t\t\t<p>Cerramos el top con Petra, un peque\u00f1o pueblo lleno de encanto y con una historia religiosa incre\u00edble.<strong> Aqu\u00ed naci\u00f3 el misionero Fray Jun\u00edpero Serra, fundador de misiones en California. <\/strong>La casa donde residi\u00f3 se ha convertido en un museo en el que se ponen en contexto tanto su vida como su amplio legado.<\/p>\n<p><\/p>\n<p>Tambi\u00e9n te recomendamos <strong>visitar la iglesia parroquial de San Pedro, de estilo g\u00f3tico<\/strong>, y dar un paseo por sus tranquilas calles adoquinadas. \u00bfTe has quedado con ganas de m\u00e1s? Entonces, p\u00e1sate por alguna de sus bodegas locales para degustar un vino mallorqu\u00edn de la mejor calidad.<\/p>\t\t\t\t\t\t\t\t<\/div>\n\t\t\t\t<\/div>\n\t\t\t\t<\/div>\n\t\t<div class=\"elementor-element elementor-element-61a82a5 e-con-full e-flex e-con e-child\" data-id=\"61a82a5\" data-element_type=\"container\" data-e-type=\"container\">\n\t\t\t\t<div class=\"elementor-element elementor-element-0e5689e elementor-widget elementor-widget-image\" data-id=\"0e5689e\" data-element_type=\"widget\" data-e-type=\"widget\" data-widget_type=\"image.default\">\n\t\t\t\t<div class=\"elementor-widget-container\">\n\t\t\t\t\t\t\t\t\t\t\t\t\t\t\t<img loading=\"lazy\" decoding=\"async\" width=\"724\" height=\"482\" src=\"https:\/\/rentallorca.com\/blog\/wp-content\/uploads\/2025\/02\/Petra-mallorca.jpg\" class=\"attachment-large size-large wp-image-622\" alt=\"Petra-mallorca.jpg\" srcset=\"https:\/\/rentallorca.com\/blog\/wp-content\/uploads\/2025\/02\/Petra-mallorca.jpg 724w, https:\/\/rentallorca.com\/blog\/wp-content\/uploads\/2025\/02\/Petra-mallorca-300x200.jpg 300w\" sizes=\"(max-width: 724px) 100vw, 724px\" \/>\t\t\t\t\t\t\t\t\t\t\t\t\t\t\t<\/div>\n\t\t\t\t<\/div>\n\t\t\t\t<\/div>\n\t\t\t\t\t<\/div>\n\t\t\t\t<\/div>\n\t\t<div class=\"elementor-element elementor-element-9f82fbe e-flex e-con-boxed e-con e-parent\" data-id=\"9f82fbe\" data-element_type=\"container\" data-e-type=\"container\">\n\t\t\t\t\t<div class=\"e-con-inner\">\n\t\t\t\t<div class=\"elementor-element elementor-element-6c333fa6 elementor-widget elementor-widget-text-editor\" data-id=\"6c333fa6\" data-element_type=\"widget\" data-e-type=\"widget\" data-widget_type=\"text-editor.default\">\n\t\t\t\t<div class=\"elementor-widget-container\">\n\t\t\t\t\t\t\t\t\t<h2 class=\"wp-block-heading\">Qu\u00e9 hacer en los pueblos mallorquines<\/h2><p>Lo bueno de los pueblos bonitos de Mallorca es que pasear por ellos ya es un fin en s\u00ed mismo. Pero si lo que buscas son<strong> cosas que hacer para complementar tu visita<\/strong>, entonces no te puedes perder todo esto:<\/p><ul class=\"wp-block-list\"><li style=\"list-style-type: none;\">\u00a0<\/li><\/ul><ul class=\"wp-block-list\"><li style=\"list-style-type: none;\"><ul class=\"wp-block-list\"><li><strong>El tren centenario en Soller<\/strong>, ideal para ir con toda la familia, incluso los m\u00e1s peque\u00f1os<\/li><\/ul><\/li><\/ul><ul class=\"wp-block-list\"><li style=\"list-style-type: none;\"><ul class=\"wp-block-list\"><li><strong>Las cuevas de Drach en Porto Cristo<\/strong>, con un lago subterr\u00e1neo y conciertos de m\u00fasica cl\u00e1sica<\/li><\/ul><\/li><\/ul><ul class=\"wp-block-list\"><li style=\"list-style-type: none;\"><ul class=\"wp-block-list\"><li><strong>La Granja de Esporles,<\/strong> para que los m\u00e1s peques de la casa interact\u00faen con animales y aprendan c\u00f3mo eran los oficios tradicionales<\/li><\/ul><\/li><\/ul><ul class=\"wp-block-list\"><li style=\"list-style-type: none;\"><ul class=\"wp-block-list\"><li><strong>Jungle Parc en Santa Pon\u00e7a<\/strong>, con divertidos circuitos de cuerdas entre \u00e1rboles, una experiencia de turismo aventura<\/li><\/ul><\/li><\/ul><ul><li style=\"list-style-type: none;\"><ul class=\"wp-block-list\"><li><strong>El puerto pesquero de Cala Figuera<\/strong>, una experiencia relajante para culminar un d\u00eda inolvidable<\/li><\/ul><\/li><\/ul><div>\u00a0<\/div><h2 class=\"wp-block-heading\">Descubre los encantadores pueblos de mallorca<\/h2><p>Visitar con calma los pueblos m\u00e1s bonitos de Mallorca es un plan fant\u00e1stico que nadie deber\u00eda perderse. Si quieres<strong> planificar tu viaje con las m\u00e1ximas garant\u00edas<\/strong>, lo que no te puede faltar es un alojamiento en Mallorca.\u00a0<\/p><p><strong>Reserva ahora con nosotros tu alojamiento en Mallorca<\/strong>, tanto en la capital como en cualquiera de los bonitos pueblos de la isla.<\/p>\t\t\t\t\t\t\t\t<\/div>\n\t\t\t\t<\/div>\n\t\t\t\t\t<\/div>\n\t\t\t\t<\/div>\n\t\t<div class=\"elementor-element elementor-element-40b3c737 e-flex e-con-boxed e-con e-parent\" data-id=\"40b3c737\" data-element_type=\"container\" data-e-type=\"container\">\n\t\t\t\t\t<div class=\"e-con-inner\">\n\t\t<div class=\"elementor-element elementor-element-3fb0a41 e-con-full e-flex e-con e-child\" data-id=\"3fb0a41\" data-element_type=\"container\" data-e-type=\"container\">\n\t\t\t\t<div class=\"elementor-element elementor-element-d33ad85 elementor-widget__width-initial elementor-widget elementor-widget-grid\" data-id=\"d33ad85\" data-element_type=\"widget\" data-e-type=\"widget\" data-widget_type=\"grid.default\">\n\t\t\t\t<div class=\"elementor-widget-container\">\n\t\t\t\t\t\t\t<div class=\"its--row alojamientos-recomendados\">\n\n\t\t\t<div class=\"alojamientos-recomendados-container\">\n\n\t\t\t\t\t\n\t\t\t\t\t<a href=\"https:\/\/rentallorca.com\/alquiler\/apartamento-alcudia-apartment-playa-2b-in-puerto-de-alcudia-376212.html\" rel=\"nofollow\" style=\"width: 32%;\">\n\t\t\t\t\t\t<div class=\"apartamento-box\">\n\t\t\t\t\t\t\t<div class=\"imagen_recomendados\">\n\t\t\t\t\t\t\t\t<img decoding=\"async\" src=\"https:\/\/crs.avantio.com\/fotos\/2\/1641977800def8296f329cca1e51b9764cf7dce01d\/big1671010379a4f4a636295de85a927a064833776dcd.jpg\" alt=\"Apartment Playa 2B in Puerto de Alcudia \">\n\t\t\t\t\t\t\t<\/div>\n\t\t\t\t\t\t\t<div class=\"info\">\n\t\t\t\t\t\t\t\t<div class=\"ubicacion\">\n\t\t\t\t\t\t\t\t\t<i class=\"fa-solid fa-location-dot icono-mapa\"><\/i><span class=\"ubicacion-texto\">Alc\u00fadia - Mallorca<\/span>\n\t\t\t\t\t\t\t\t<\/div>\n\t\t\t\t\t\t\t\t<H4 class=\"titulo-alojamiento\">\n\t\t\t\t\t\t\t\t\tApartment Playa 2B in Puerto de Alcudia \t\t\t\t\t\t\t\t<\/H4>\n\t\t\t\t\t\t\t\t<p class=\"precio-alojamiento\">Desde <span class=\"precio\">50.45\u20ac<\/span> por noche<\/p>\n\t\t\t\t\t\t\t<\/div>\n\t\t\t\t\t\t<\/div>\n\t\t\t\t\t<\/a> \n\t\t\t\t\t\t\n\t\t\t\t\t<a href=\"https:\/\/rentallorca.com\/alquiler\/casa-pollensa-chalet-molins-6-by-home-villas-360-376217.html\" rel=\"nofollow\" style=\"width: 32%;\">\n\t\t\t\t\t\t<div class=\"apartamento-box\">\n\t\t\t\t\t\t\t<div class=\"imagen_recomendados\">\n\t\t\t\t\t\t\t\t<img decoding=\"async\" src=\"https:\/\/crs.avantio.com\/fotos\/2\/1641977946d648a52406e4c835dcde1c9dbf97549b\/big1751374198a350cfafb7556f457b1f6caa6a5f0b51.jpg\" alt=\"Chalet Molins 5 in Pollensa by Home Villas 360\">\n\t\t\t\t\t\t\t<\/div>\n\t\t\t\t\t\t\t<div class=\"info\">\n\t\t\t\t\t\t\t\t<div class=\"ubicacion\">\n\t\t\t\t\t\t\t\t\t<i class=\"fa-solid fa-location-dot icono-mapa\"><\/i><span class=\"ubicacion-texto\">Pollensa \/ Pollen\u00e7a - Mallorca<\/span>\n\t\t\t\t\t\t\t\t<\/div>\n\t\t\t\t\t\t\t\t<H4 class=\"titulo-alojamiento\">\n\t\t\t\t\t\t\t\t\tChalet Molins 5 in Pollensa by Home Villas 360\t\t\t\t\t\t\t\t<\/H4>\n\t\t\t\t\t\t\t\t<p class=\"precio-alojamiento\">Desde <span class=\"precio\">106.50\u20ac<\/span> por noche<\/p>\n\t\t\t\t\t\t\t<\/div>\n\t\t\t\t\t\t<\/div>\n\t\t\t\t\t<\/a> \n\t\t\t\t\t\t\n\t\t\t\t\t<a href=\"https:\/\/rentallorca.com\/alquiler\/apartamento-alcudia-apartment-playa-1d-in-puerto-alcudia-376225.html\" rel=\"nofollow\" style=\"width: 32%;\">\n\t\t\t\t\t\t<div class=\"apartamento-box\">\n\t\t\t\t\t\t\t<div class=\"imagen_recomendados\">\n\t\t\t\t\t\t\t\t<img decoding=\"async\" src=\"https:\/\/crs.avantio.com\/fotos\/2\/16419777352863b3b8068609572f2d317a6c4f20be\/big1655056666e27009a1db9580252b5eb8b7e8ae392c.jpg\" alt=\"Apartment playa 1D in Puerto Alcudia \">\n\t\t\t\t\t\t\t<\/div>\n\t\t\t\t\t\t\t<div class=\"info\">\n\t\t\t\t\t\t\t\t<div class=\"ubicacion\">\n\t\t\t\t\t\t\t\t\t<i class=\"fa-solid fa-location-dot icono-mapa\"><\/i><span class=\"ubicacion-texto\">Alc\u00fadia - Mallorca<\/span>\n\t\t\t\t\t\t\t\t<\/div>\n\t\t\t\t\t\t\t\t<H4 class=\"titulo-alojamiento\">\n\t\t\t\t\t\t\t\t\tApartment playa 1D in Puerto Alcudia \t\t\t\t\t\t\t\t<\/H4>\n\t\t\t\t\t\t\t\t<p class=\"precio-alojamiento\">Desde <span class=\"precio\">56.05\u20ac<\/span> por noche<\/p>\n\t\t\t\t\t\t\t<\/div>\n\t\t\t\t\t\t<\/div>\n\t\t\t\t\t<\/a> \n\t\t\t\t\t\t\t\t<\/div>\n\t\t\t<\/div>\n\t\t\t\t\t\t<\/div>\n\t\t\t\t<\/div>\n\t\t\t\t<\/div>\n\t\t\t\t\t<\/div>\n\t\t\t\t<\/div>\n\t\t<div class=\"elementor-element elementor-element-71271c6b e-flex e-con-boxed e-con e-parent\" data-id=\"71271c6b\" data-element_type=\"container\" data-e-type=\"container\">\n\t\t\t\t\t<div class=\"e-con-inner\">\n\t\t\t\t<div class=\"elementor-element elementor-element-3d70158a elementor-widget elementor-widget-shortcode\" data-id=\"3d70158a\" data-element_type=\"widget\" data-e-type=\"widget\" data-widget_type=\"shortcode.default\">\n\t\t\t\t<div class=\"elementor-widget-container\">\n\t\t\t\t\t\t\t<div class=\"elementor-shortcode\">\t\t<div data-elementor-type=\"page\" data-elementor-id=\"170\" class=\"elementor elementor-170\" data-elementor-post-type=\"elementor_library\">\n\t\t\t\t<div class=\"elementor-element elementor-element-16c5e22 e-flex e-con-boxed e-con e-parent\" data-id=\"16c5e22\" data-element_type=\"container\" data-e-type=\"container\">\n\t\t\t\t\t<div class=\"e-con-inner\">\n\t\t<div class=\"elementor-element elementor-element-ac67807 e-con-full e-flex e-con e-child\" data-id=\"ac67807\" data-element_type=\"container\" data-e-type=\"container\">\n\t\t\t\t<div class=\"elementor-element elementor-element-2ab04b2 elementor-align-justify elementor-widget elementor-widget-button\" data-id=\"2ab04b2\" data-element_type=\"widget\" data-e-type=\"widget\" data-widget_type=\"button.default\">\n\t\t\t\t<div class=\"elementor-widget-container\">\n\t\t\t\t\t\t\t\t\t<div class=\"elementor-button-wrapper\">\n\t\t\t\t\t<a class=\"elementor-button elementor-button-link elementor-size-sm\" href=\"https:\/\/rentallorca.com\/alquiler\/alquileres-mallorca-e21\/\">\n\t\t\t\t\t\t<span class=\"elementor-button-content-wrapper\">\n\t\t\t\t\t\t\t\t\t<span class=\"elementor-button-text\">Alojamientos Mallorca<\/span>\n\t\t\t\t\t<\/span>\n\t\t\t\t\t<\/a>\n\t\t\t\t<\/div>\n\t\t\t\t\t\t\t\t<\/div>\n\t\t\t\t<\/div>\n\t\t\t\t<\/div>\n\t\t<div class=\"elementor-element elementor-element-6bea3dd e-con-full e-flex e-con e-child\" data-id=\"6bea3dd\" data-element_type=\"container\" data-e-type=\"container\">\n\t\t\t\t<div class=\"elementor-element elementor-element-ff8a437 elementor-align-justify elementor-widget elementor-widget-button\" data-id=\"ff8a437\" data-element_type=\"widget\" data-e-type=\"widget\" data-widget_type=\"button.default\">\n\t\t\t\t<div class=\"elementor-widget-container\">\n\t\t\t\t\t\t\t\t\t<div class=\"elementor-button-wrapper\">\n\t\t\t\t\t<a class=\"elementor-button elementor-button-link elementor-size-sm\" href=\"https:\/\/rentallorca.com\/alquiler\/apartamentos-mallorca-c1e21\/\">\n\t\t\t\t\t\t<span class=\"elementor-button-content-wrapper\">\n\t\t\t\t\t\t\t\t\t<span class=\"elementor-button-text\">Apartamentos Mallorca<\/span>\n\t\t\t\t\t<\/span>\n\t\t\t\t\t<\/a>\n\t\t\t\t<\/div>\n\t\t\t\t\t\t\t\t<\/div>\n\t\t\t\t<\/div>\n\t\t\t\t<\/div>\n\t\t<div class=\"elementor-element elementor-element-d557a64 e-con-full e-flex e-con e-child\" data-id=\"d557a64\" data-element_type=\"container\" data-e-type=\"container\">\n\t\t\t\t<div class=\"elementor-element elementor-element-4421fc4 elementor-align-justify elementor-widget elementor-widget-button\" data-id=\"4421fc4\" data-element_type=\"widget\" data-e-type=\"widget\" data-widget_type=\"button.default\">\n\t\t\t\t<div class=\"elementor-widget-container\">\n\t\t\t\t\t\t\t\t\t<div class=\"elementor-button-wrapper\">\n\t\t\t\t\t<a class=\"elementor-button elementor-button-link elementor-size-sm\" href=\"https:\/\/rentallorca.com\/alquiler\/casas-alcudia-c19d1098\/\">\n\t\t\t\t\t\t<span class=\"elementor-button-content-wrapper\">\n\t\t\t\t\t\t\t\t\t<span class=\"elementor-button-text\">Casas Mallorca<\/span>\n\t\t\t\t\t<\/span>\n\t\t\t\t\t<\/a>\n\t\t\t\t<\/div>\n\t\t\t\t\t\t\t\t<\/div>\n\t\t\t\t<\/div>\n\t\t\t\t<\/div>\n\t\t<div class=\"elementor-element elementor-element-995a361 e-con-full e-flex e-con e-child\" data-id=\"995a361\" data-element_type=\"container\" data-e-type=\"container\">\n\t\t\t\t<div class=\"elementor-element elementor-element-e6addd0 elementor-align-justify elementor-widget elementor-widget-button\" data-id=\"e6addd0\" data-element_type=\"widget\" data-e-type=\"widget\" data-widget_type=\"button.default\">\n\t\t\t\t<div class=\"elementor-widget-container\">\n\t\t\t\t\t\t\t\t\t<div class=\"elementor-button-wrapper\">\n\t\t\t\t\t<a class=\"elementor-button elementor-button-link elementor-size-sm\" href=\"https:\/\/rentallorca.com\/alquiler\/fincas-mallorca-c22e21\/\">\n\t\t\t\t\t\t<span class=\"elementor-button-content-wrapper\">\n\t\t\t\t\t\t\t\t\t<span class=\"elementor-button-text\">Fincas Mallorca<\/span>\n\t\t\t\t\t<\/span>\n\t\t\t\t\t<\/a>\n\t\t\t\t<\/div>\n\t\t\t\t\t\t\t\t<\/div>\n\t\t\t\t<\/div>\n\t\t\t\t<\/div>\n\t\t\t\t\t<\/div>\n\t\t\t\t<\/div>\n\t\t\t\t<\/div>\n\t\t<\/div>\n\t\t\t\t\t\t<\/div>\n\t\t\t\t<\/div>\n\t\t\t\t\t<\/div>\n\t\t\t\t<\/div>\n\t\t\t\t<\/div>\n\t\t","protected":false},"excerpt":{"rendered":"<p>Si ya has viajado a Mallorca y has podido visitar alguno de sus pueblos, seguramente est\u00e9s leyendo estas l\u00edneas con una sonrisa en la cara. Sobre todo, recordando las bellas calles que recorriste en su momento y todas las estupendas vivencias durante tu estancia all\u00ed. Y si a\u00fan no has viajado a la isla, te [&hellip;]<\/p>\n","protected":false},"author":3,"featured_media":626,"comment_status":"open","ping_status":"open","sticky":false,"template":"","format":"standard","meta":{"footnotes":""},"categories":[34],"tags":[],"class_list":["post-583","post","type-post","status-publish","format-standard","has-post-thumbnail","hentry","category-mallorca-destino"],"yoast_head":"<!-- This site is optimized with the Yoast SEO plugin v27.5 - https:\/\/yoast.com\/product\/yoast-seo-wordpress\/ -->\n<title>Explora los pueblos m\u00e1s bonitos de Mallorca - Blog<\/title>\n<meta name=\"description\" content=\"Explora los pueblos m\u00e1s bonitos de Mallorca. Disfruta de su arquitectura, historia y encanto \u00fanico. \u00a1No te los pierdas en tu viaje!\" \/>\n<meta name=\"robots\" content=\"index, follow, max-snippet:-1, max-image-preview:large, max-video-preview:-1\" \/>\n<link rel=\"canonical\" href=\"https:\/\/rentallorca.com\/blog\/pueblos-mas-bonitos-de-mallorca\/\" \/>\n<meta property=\"og:locale\" content=\"es_ES\" \/>\n<meta property=\"og:type\" content=\"article\" \/>\n<meta property=\"og:title\" content=\"Explora los pueblos m\u00e1s bonitos de Mallorca - Blog\" \/>\n<meta property=\"og:description\" content=\"Explora los pueblos m\u00e1s bonitos de Mallorca. Disfruta de su arquitectura, historia y encanto \u00fanico. \u00a1No te los pierdas en tu viaje!\" \/>\n<meta property=\"og:url\" content=\"https:\/\/rentallorca.com\/blog\/pueblos-mas-bonitos-de-mallorca\/\" \/>\n<meta property=\"og:site_name\" content=\"Blog\" \/>\n<meta property=\"article:published_time\" content=\"2025-02-10T16:37:05+00:00\" \/>\n<meta property=\"article:modified_time\" content=\"2025-04-24T09:01:17+00:00\" \/>\n<meta property=\"og:image\" content=\"https:\/\/rentallorca.com\/blog\/wp-content\/uploads\/2025\/02\/pueblos-bonitos-mallorca.jpg\" \/>\n\t<meta property=\"og:image:width\" content=\"1920\" \/>\n\t<meta property=\"og:image:height\" content=\"640\" \/>\n\t<meta property=\"og:image:type\" content=\"image\/jpeg\" \/>\n<meta name=\"author\" content=\"Axel\" \/>\n<meta name=\"twitter:card\" content=\"summary_large_image\" \/>\n<meta name=\"twitter:label1\" content=\"Written by\" \/>\n\t<meta name=\"twitter:data1\" content=\"Axel\" \/>\n\t<meta name=\"twitter:label2\" content=\"Est. reading time\" \/>\n\t<meta name=\"twitter:data2\" content=\"7 minutes\" \/>\n<script type=\"application\/ld+json\" class=\"yoast-schema-graph\">{\"@context\":\"https:\\\/\\\/schema.org\",\"@graph\":[{\"@type\":\"Article\",\"@id\":\"https:\\\/\\\/rentallorca.com\\\/blog\\\/pueblos-mas-bonitos-de-mallorca\\\/#article\",\"isPartOf\":{\"@id\":\"https:\\\/\\\/rentallorca.com\\\/blog\\\/pueblos-mas-bonitos-de-mallorca\\\/\"},\"author\":{\"name\":\"Axel\",\"@id\":\"https:\\\/\\\/rentallorca.com\\\/blog\\\/#\\\/schema\\\/person\\\/8c5ebe5bf8d43e9757ab6869e1d4cbe4\"},\"headline\":\"\u00bfA\u00fan no conoces los pueblos m\u00e1s bonitos de Mallorca? \u00a1Estos son!\",\"datePublished\":\"2025-02-10T16:37:05+00:00\",\"dateModified\":\"2025-04-24T09:01:17+00:00\",\"mainEntityOfPage\":{\"@id\":\"https:\\\/\\\/rentallorca.com\\\/blog\\\/pueblos-mas-bonitos-de-mallorca\\\/\"},\"wordCount\":1141,\"commentCount\":0,\"image\":{\"@id\":\"https:\\\/\\\/rentallorca.com\\\/blog\\\/pueblos-mas-bonitos-de-mallorca\\\/#primaryimage\"},\"thumbnailUrl\":\"https:\\\/\\\/rentallorca.com\\\/blog\\\/wp-content\\\/uploads\\\/2025\\\/02\\\/pueblos-bonitos-mallorca.jpg\",\"articleSection\":[\"Mallorca\"],\"inLanguage\":\"es\",\"potentialAction\":[{\"@type\":\"CommentAction\",\"name\":\"Comment\",\"target\":[\"https:\\\/\\\/rentallorca.com\\\/blog\\\/pueblos-mas-bonitos-de-mallorca\\\/#respond\"]}]},{\"@type\":\"WebPage\",\"@id\":\"https:\\\/\\\/rentallorca.com\\\/blog\\\/pueblos-mas-bonitos-de-mallorca\\\/\",\"url\":\"https:\\\/\\\/rentallorca.com\\\/blog\\\/pueblos-mas-bonitos-de-mallorca\\\/\",\"name\":\"Explora los pueblos m\u00e1s bonitos de Mallorca - Blog\",\"isPartOf\":{\"@id\":\"https:\\\/\\\/rentallorca.com\\\/blog\\\/#website\"},\"primaryImageOfPage\":{\"@id\":\"https:\\\/\\\/rentallorca.com\\\/blog\\\/pueblos-mas-bonitos-de-mallorca\\\/#primaryimage\"},\"image\":{\"@id\":\"https:\\\/\\\/rentallorca.com\\\/blog\\\/pueblos-mas-bonitos-de-mallorca\\\/#primaryimage\"},\"thumbnailUrl\":\"https:\\\/\\\/rentallorca.com\\\/blog\\\/wp-content\\\/uploads\\\/2025\\\/02\\\/pueblos-bonitos-mallorca.jpg\",\"datePublished\":\"2025-02-10T16:37:05+00:00\",\"dateModified\":\"2025-04-24T09:01:17+00:00\",\"author\":{\"@id\":\"https:\\\/\\\/rentallorca.com\\\/blog\\\/#\\\/schema\\\/person\\\/8c5ebe5bf8d43e9757ab6869e1d4cbe4\"},\"description\":\"Explora los pueblos m\u00e1s bonitos de Mallorca. Disfruta de su arquitectura, historia y encanto \u00fanico. \u00a1No te los pierdas en tu viaje!\",\"breadcrumb\":{\"@id\":\"https:\\\/\\\/rentallorca.com\\\/blog\\\/pueblos-mas-bonitos-de-mallorca\\\/#breadcrumb\"},\"inLanguage\":\"es\",\"potentialAction\":[{\"@type\":\"ReadAction\",\"target\":[\"https:\\\/\\\/rentallorca.com\\\/blog\\\/pueblos-mas-bonitos-de-mallorca\\\/\"]}]},{\"@type\":\"ImageObject\",\"inLanguage\":\"es\",\"@id\":\"https:\\\/\\\/rentallorca.com\\\/blog\\\/pueblos-mas-bonitos-de-mallorca\\\/#primaryimage\",\"url\":\"https:\\\/\\\/rentallorca.com\\\/blog\\\/wp-content\\\/uploads\\\/2025\\\/02\\\/pueblos-bonitos-mallorca.jpg\",\"contentUrl\":\"https:\\\/\\\/rentallorca.com\\\/blog\\\/wp-content\\\/uploads\\\/2025\\\/02\\\/pueblos-bonitos-mallorca.jpg\",\"width\":1920,\"height\":640,\"caption\":\"pueblos bonitos mallorca\"},{\"@type\":\"BreadcrumbList\",\"@id\":\"https:\\\/\\\/rentallorca.com\\\/blog\\\/pueblos-mas-bonitos-de-mallorca\\\/#breadcrumb\",\"itemListElement\":[{\"@type\":\"ListItem\",\"position\":1,\"name\":\"Home\",\"item\":\"https:\\\/\\\/rentallorca.com\\\/blog\\\/\"},{\"@type\":\"ListItem\",\"position\":2,\"name\":\"\u00bfA\u00fan no conoces los pueblos m\u00e1s bonitos de Mallorca? \u00a1Estos son!\"}]},{\"@type\":\"WebSite\",\"@id\":\"https:\\\/\\\/rentallorca.com\\\/blog\\\/#website\",\"url\":\"https:\\\/\\\/rentallorca.com\\\/blog\\\/\",\"name\":\"Blog\",\"description\":\"Rentallorca\",\"potentialAction\":[{\"@type\":\"SearchAction\",\"target\":{\"@type\":\"EntryPoint\",\"urlTemplate\":\"https:\\\/\\\/rentallorca.com\\\/blog\\\/?s={search_term_string}\"},\"query-input\":{\"@type\":\"PropertyValueSpecification\",\"valueRequired\":true,\"valueName\":\"search_term_string\"}}],\"inLanguage\":\"es\"},{\"@type\":\"Person\",\"@id\":\"https:\\\/\\\/rentallorca.com\\\/blog\\\/#\\\/schema\\\/person\\\/8c5ebe5bf8d43e9757ab6869e1d4cbe4\",\"name\":\"Axel\",\"image\":{\"@type\":\"ImageObject\",\"inLanguage\":\"es\",\"@id\":\"https:\\\/\\\/secure.gravatar.com\\\/avatar\\\/3bd706736e5b70f21f05f6c2d5cad746767782a4ba4b7df399c5969e2a9318fd?s=96&d=mm&r=g\",\"url\":\"https:\\\/\\\/secure.gravatar.com\\\/avatar\\\/3bd706736e5b70f21f05f6c2d5cad746767782a4ba4b7df399c5969e2a9318fd?s=96&d=mm&r=g\",\"contentUrl\":\"https:\\\/\\\/secure.gravatar.com\\\/avatar\\\/3bd706736e5b70f21f05f6c2d5cad746767782a4ba4b7df399c5969e2a9318fd?s=96&d=mm&r=g\",\"caption\":\"Axel\"},\"url\":\"https:\\\/\\\/rentallorca.com\\\/blog\\\/author\\\/axel\\\/\"}]}<\/script>\n<!-- \/ Yoast SEO plugin. -->","yoast_head_json":{"title":"Explora los pueblos m\u00e1s bonitos de Mallorca - Blog","description":"Explora los pueblos m\u00e1s bonitos de Mallorca. Disfruta de su arquitectura, historia y encanto \u00fanico. \u00a1No te los pierdas en tu viaje!","robots":{"index":"index","follow":"follow","max-snippet":"max-snippet:-1","max-image-preview":"max-image-preview:large","max-video-preview":"max-video-preview:-1"},"canonical":"https:\/\/rentallorca.com\/blog\/pueblos-mas-bonitos-de-mallorca\/","og_locale":"es_ES","og_type":"article","og_title":"Explora los pueblos m\u00e1s bonitos de Mallorca - Blog","og_description":"Explora los pueblos m\u00e1s bonitos de Mallorca. Disfruta de su arquitectura, historia y encanto \u00fanico. \u00a1No te los pierdas en tu viaje!","og_url":"https:\/\/rentallorca.com\/blog\/pueblos-mas-bonitos-de-mallorca\/","og_site_name":"Blog","article_published_time":"2025-02-10T16:37:05+00:00","article_modified_time":"2025-04-24T09:01:17+00:00","og_image":[{"width":1920,"height":640,"url":"https:\/\/rentallorca.com\/blog\/wp-content\/uploads\/2025\/02\/pueblos-bonitos-mallorca.jpg","type":"image\/jpeg"}],"author":"Axel","twitter_card":"summary_large_image","twitter_misc":{"Written by":"Axel","Est. reading time":"7 minutes"},"schema":{"@context":"https:\/\/schema.org","@graph":[{"@type":"Article","@id":"https:\/\/rentallorca.com\/blog\/pueblos-mas-bonitos-de-mallorca\/#article","isPartOf":{"@id":"https:\/\/rentallorca.com\/blog\/pueblos-mas-bonitos-de-mallorca\/"},"author":{"name":"Axel","@id":"https:\/\/rentallorca.com\/blog\/#\/schema\/person\/8c5ebe5bf8d43e9757ab6869e1d4cbe4"},"headline":"\u00bfA\u00fan no conoces los pueblos m\u00e1s bonitos de Mallorca? \u00a1Estos son!","datePublished":"2025-02-10T16:37:05+00:00","dateModified":"2025-04-24T09:01:17+00:00","mainEntityOfPage":{"@id":"https:\/\/rentallorca.com\/blog\/pueblos-mas-bonitos-de-mallorca\/"},"wordCount":1141,"commentCount":0,"image":{"@id":"https:\/\/rentallorca.com\/blog\/pueblos-mas-bonitos-de-mallorca\/#primaryimage"},"thumbnailUrl":"https:\/\/rentallorca.com\/blog\/wp-content\/uploads\/2025\/02\/pueblos-bonitos-mallorca.jpg","articleSection":["Mallorca"],"inLanguage":"es","potentialAction":[{"@type":"CommentAction","name":"Comment","target":["https:\/\/rentallorca.com\/blog\/pueblos-mas-bonitos-de-mallorca\/#respond"]}]},{"@type":"WebPage","@id":"https:\/\/rentallorca.com\/blog\/pueblos-mas-bonitos-de-mallorca\/","url":"https:\/\/rentallorca.com\/blog\/pueblos-mas-bonitos-de-mallorca\/","name":"Explora los pueblos m\u00e1s bonitos de Mallorca - Blog","isPartOf":{"@id":"https:\/\/rentallorca.com\/blog\/#website"},"primaryImageOfPage":{"@id":"https:\/\/rentallorca.com\/blog\/pueblos-mas-bonitos-de-mallorca\/#primaryimage"},"image":{"@id":"https:\/\/rentallorca.com\/blog\/pueblos-mas-bonitos-de-mallorca\/#primaryimage"},"thumbnailUrl":"https:\/\/rentallorca.com\/blog\/wp-content\/uploads\/2025\/02\/pueblos-bonitos-mallorca.jpg","datePublished":"2025-02-10T16:37:05+00:00","dateModified":"2025-04-24T09:01:17+00:00","author":{"@id":"https:\/\/rentallorca.com\/blog\/#\/schema\/person\/8c5ebe5bf8d43e9757ab6869e1d4cbe4"},"description":"Explora los pueblos m\u00e1s bonitos de Mallorca. Disfruta de su arquitectura, historia y encanto \u00fanico. \u00a1No te los pierdas en tu viaje!","breadcrumb":{"@id":"https:\/\/rentallorca.com\/blog\/pueblos-mas-bonitos-de-mallorca\/#breadcrumb"},"inLanguage":"es","potentialAction":[{"@type":"ReadAction","target":["https:\/\/rentallorca.com\/blog\/pueblos-mas-bonitos-de-mallorca\/"]}]},{"@type":"ImageObject","inLanguage":"es","@id":"https:\/\/rentallorca.com\/blog\/pueblos-mas-bonitos-de-mallorca\/#primaryimage","url":"https:\/\/rentallorca.com\/blog\/wp-content\/uploads\/2025\/02\/pueblos-bonitos-mallorca.jpg","contentUrl":"https:\/\/rentallorca.com\/blog\/wp-content\/uploads\/2025\/02\/pueblos-bonitos-mallorca.jpg","width":1920,"height":640,"caption":"pueblos bonitos mallorca"},{"@type":"BreadcrumbList","@id":"https:\/\/rentallorca.com\/blog\/pueblos-mas-bonitos-de-mallorca\/#breadcrumb","itemListElement":[{"@type":"ListItem","position":1,"name":"Home","item":"https:\/\/rentallorca.com\/blog\/"},{"@type":"ListItem","position":2,"name":"\u00bfA\u00fan no conoces los pueblos m\u00e1s bonitos de Mallorca? \u00a1Estos son!"}]},{"@type":"WebSite","@id":"https:\/\/rentallorca.com\/blog\/#website","url":"https:\/\/rentallorca.com\/blog\/","name":"Blog","description":"Rentallorca","potentialAction":[{"@type":"SearchAction","target":{"@type":"EntryPoint","urlTemplate":"https:\/\/rentallorca.com\/blog\/?s={search_term_string}"},"query-input":{"@type":"PropertyValueSpecification","valueRequired":true,"valueName":"search_term_string"}}],"inLanguage":"es"},{"@type":"Person","@id":"https:\/\/rentallorca.com\/blog\/#\/schema\/person\/8c5ebe5bf8d43e9757ab6869e1d4cbe4","name":"Axel","image":{"@type":"ImageObject","inLanguage":"es","@id":"https:\/\/secure.gravatar.com\/avatar\/3bd706736e5b70f21f05f6c2d5cad746767782a4ba4b7df399c5969e2a9318fd?s=96&d=mm&r=g","url":"https:\/\/secure.gravatar.com\/avatar\/3bd706736e5b70f21f05f6c2d5cad746767782a4ba4b7df399c5969e2a9318fd?s=96&d=mm&r=g","contentUrl":"https:\/\/secure.gravatar.com\/avatar\/3bd706736e5b70f21f05f6c2d5cad746767782a4ba4b7df399c5969e2a9318fd?s=96&d=mm&r=g","caption":"Axel"},"url":"https:\/\/rentallorca.com\/blog\/author\/axel\/"}]}},"_links":{"self":[{"href":"https:\/\/rentallorca.com\/blog\/wp-json\/wp\/v2\/posts\/583","targetHints":{"allow":["GET"]}}],"collection":[{"href":"https:\/\/rentallorca.com\/blog\/wp-json\/wp\/v2\/posts"}],"about":[{"href":"https:\/\/rentallorca.com\/blog\/wp-json\/wp\/v2\/types\/post"}],"author":[{"embeddable":true,"href":"https:\/\/rentallorca.com\/blog\/wp-json\/wp\/v2\/users\/3"}],"replies":[{"embeddable":true,"href":"https:\/\/rentallorca.com\/blog\/wp-json\/wp\/v2\/comments?post=583"}],"version-history":[{"count":14,"href":"https:\/\/rentallorca.com\/blog\/wp-json\/wp\/v2\/posts\/583\/revisions"}],"predecessor-version":[{"id":1354,"href":"https:\/\/rentallorca.com\/blog\/wp-json\/wp\/v2\/posts\/583\/revisions\/1354"}],"wp:featuredmedia":[{"embeddable":true,"href":"https:\/\/rentallorca.com\/blog\/wp-json\/wp\/v2\/media\/626"}],"wp:attachment":[{"href":"https:\/\/rentallorca.com\/blog\/wp-json\/wp\/v2\/media?parent=583"}],"wp:term":[{"taxonomy":"category","embeddable":true,"href":"https:\/\/rentallorca.com\/blog\/wp-json\/wp\/v2\/categories?post=583"},{"taxonomy":"post_tag","embeddable":true,"href":"https:\/\/rentallorca.com\/blog\/wp-json\/wp\/v2\/tags?post=583"}],"curies":[{"name":"wp","href":"https:\/\/api.w.org\/{rel}","templated":true}]}}