{"id":572,"date":"2025-02-10T15:33:58","date_gmt":"2025-02-10T15:33:58","guid":{"rendered":"https:\/\/rentallorca.com\/blog\/?p=572"},"modified":"2025-04-07T06:32:21","modified_gmt":"2025-04-07T06:32:21","slug":"que-ver-en-palma-mallorca","status":"publish","type":"post","link":"https:\/\/rentallorca.com\/blog\/que-ver-en-palma-mallorca\/","title":{"rendered":"\u00bfTienes 3 d\u00edas libres? Te contamos qu\u00e9 ver en Palma de Mallorca"},"content":{"rendered":"\t\t<div data-elementor-type=\"wp-post\" data-elementor-id=\"572\" class=\"elementor elementor-572\" data-elementor-post-type=\"post\">\n\t\t\t\t<div class=\"elementor-element elementor-element-f2f87d1 e-flex e-con-boxed e-con e-parent\" data-id=\"f2f87d1\" data-element_type=\"container\" data-e-type=\"container\">\n\t\t\t\t\t<div class=\"e-con-inner\">\n\t\t\t\t<div class=\"elementor-element elementor-element-09ffce2 elementor-widget elementor-widget-text-editor\" data-id=\"09ffce2\" data-element_type=\"widget\" data-e-type=\"widget\" data-widget_type=\"text-editor.default\">\n\t\t\t\t<div class=\"elementor-widget-container\">\n\t\t\t\t\t\t\t\t\t<p>Sabemos de sobra que 3 d\u00edas es un tiempo algo justo para conocer en profundidad un lugar. Y m\u00e1s <strong>un sitio tan precioso y completo como lo es Palma<\/strong>. Pero en Rentallorca queremos hacer posible lo improbable y por eso hemos preparado esta peque\u00f1a gu\u00eda de viaje para ti.<\/p>\n<p><\/p>\n<p>A continuaci\u00f3n, te contaremos cu\u00e1les son los mejores planes que puedes hacer en la gran capital de la isla y <strong>disfrutar de tu estancia en Mallorca al m\u00e1ximo.<\/strong> Ver\u00e1s algunas de las atracciones m\u00e1s divertidas de Palma y te har\u00e1s una idea de las opciones gastron\u00f3micas y culturales m\u00e1s interesantes. \u00a1Vamos all\u00e1!<\/p>\n<p>e la pradera ullamco qu\u00e9 dise usteer est\u00e1 la cosa muy malar.<\/p>\t\t\t\t\t\t\t\t<\/div>\n\t\t\t\t<\/div>\n\t\t\t\t\t<\/div>\n\t\t\t\t<\/div>\n\t\t<div class=\"elementor-element elementor-element-481b533 e-flex e-con-boxed e-con e-parent\" data-id=\"481b533\" data-element_type=\"container\" data-e-type=\"container\">\n\t\t\t\t\t<div class=\"e-con-inner\">\n\t\t\t\t<div class=\"elementor-element elementor-element-d3b08a1 elementor-widget elementor-widget-table-of-contents\" data-id=\"d3b08a1\" data-element_type=\"widget\" data-e-type=\"widget\" data-settings=\"{&quot;exclude_headings_by_selector&quot;:[],&quot;headings_by_tags&quot;:[&quot;h2&quot;,&quot;h3&quot;,&quot;h4&quot;,&quot;h5&quot;,&quot;h6&quot;],&quot;marker_view&quot;:&quot;numbers&quot;,&quot;no_headings_message&quot;:&quot;No headings were found on this page.&quot;,&quot;hierarchical_view&quot;:&quot;yes&quot;,&quot;min_height&quot;:{&quot;unit&quot;:&quot;px&quot;,&quot;size&quot;:&quot;&quot;,&quot;sizes&quot;:[]},&quot;min_height_tablet&quot;:{&quot;unit&quot;:&quot;px&quot;,&quot;size&quot;:&quot;&quot;,&quot;sizes&quot;:[]},&quot;min_height_mobile&quot;:{&quot;unit&quot;:&quot;px&quot;,&quot;size&quot;:&quot;&quot;,&quot;sizes&quot;:[]}}\" data-widget_type=\"table-of-contents.default\">\n\t\t\t\t<div class=\"elementor-widget-container\">\n\t\t\t\t\t\t\t\t\t<div class=\"elementor-toc__header\">\n\t\t\t\t\t\t<div class=\"elementor-toc__header-title\">\n\t\t\t\tContenidos\t\t\t<\/div>\n\t\t\t\t\t\t\t\t<\/div>\n\t\t\t\t<div id=\"elementor-toc__d3b08a1\" class=\"elementor-toc__body\">\n\t\t\t<div class=\"elementor-toc__spinner-container\">\n\t\t\t\t<svg class=\"elementor-toc__spinner eicon-animation-spin e-font-icon-svg e-eicon-loading\" aria-hidden=\"true\" viewBox=\"0 0 1000 1000\" xmlns=\"http:\/\/www.w3.org\/2000\/svg\"><path d=\"M500 975V858C696 858 858 696 858 500S696 142 500 142 142 304 142 500H25C25 237 238 25 500 25S975 237 975 500 763 975 500 975Z\"><\/path><\/svg>\t\t\t<\/div>\n\t\t<\/div>\n\t\t\t\t\t\t<\/div>\n\t\t\t\t<\/div>\n\t\t\t\t\t<\/div>\n\t\t\t\t<\/div>\n\t\t<div class=\"elementor-element elementor-element-d8c2670 e-flex e-con-boxed e-con e-parent\" data-id=\"d8c2670\" data-element_type=\"container\" data-e-type=\"container\">\n\t\t\t\t\t<div class=\"e-con-inner\">\n\t\t\t\t<div class=\"elementor-element elementor-element-88131d7 elementor-widget elementor-widget-heading\" data-id=\"88131d7\" data-element_type=\"widget\" data-e-type=\"widget\" data-widget_type=\"heading.default\">\n\t\t\t\t<div class=\"elementor-widget-container\">\n\t\t\t\t\t<h2 class=\"elementor-heading-title elementor-size-default\">Qu\u00e9 ver en Palma de Mallorca en 3 d\u00edas<\/h2>\t\t\t\t<\/div>\n\t\t\t\t<\/div>\n\t\t\t\t<div class=\"elementor-element elementor-element-efd679e elementor-widget elementor-widget-text-editor\" data-id=\"efd679e\" data-element_type=\"widget\" data-e-type=\"widget\" data-widget_type=\"text-editor.default\">\n\t\t\t\t<div class=\"elementor-widget-container\">\n\t\t\t\t\t\t\t\t\t<p>Vamos a hacerlo lo m\u00e1s pr\u00e1ctico posible y <strong>vamos a dividir tu estancia en los 3 d\u00edas de los que dispones.<\/strong> Si finalmente cuentas con alguno m\u00e1s, eso ser\u00e1 una gran noticia, ya que tendr\u00e1s m\u00e1s tiempo para profundizar en todas las opciones que te daremos:<\/p>\t\t\t\t\t\t\t\t<\/div>\n\t\t\t\t<\/div>\n\t\t\t\t\t<\/div>\n\t\t\t\t<\/div>\n\t\t<div class=\"elementor-element elementor-element-45f713d e-flex e-con-boxed e-con e-parent\" data-id=\"45f713d\" data-element_type=\"container\" data-e-type=\"container\">\n\t\t\t\t\t<div class=\"e-con-inner\">\n\t\t\t\t<div class=\"elementor-element elementor-element-c49055e elementor-widget elementor-widget-heading\" data-id=\"c49055e\" data-element_type=\"widget\" data-e-type=\"widget\" data-widget_type=\"heading.default\">\n\t\t\t\t<div class=\"elementor-widget-container\">\n\t\t\t\t\t<h3 class=\"elementor-heading-title elementor-size-default\">Primer d\u00eda en Palma<\/h3>\t\t\t\t<\/div>\n\t\t\t\t<\/div>\n\t\t\t\t<div class=\"elementor-element elementor-element-467766cf elementor-widget elementor-widget-text-editor\" data-id=\"467766cf\" data-element_type=\"widget\" data-e-type=\"widget\" data-widget_type=\"text-editor.default\">\n\t\t\t\t<div class=\"elementor-widget-container\">\n\t\t\t\t\t\t\t\t\t\n<p>Este es un gran momento para <strong>tomar una primera impresi\u00f3n de la ciudad<\/strong> y recorrer el centro hist\u00f3rico y alguno de sus principales monumentos.\u00a0<\/p>\n\n<p>Empezamos el d\u00eda <strong>haciendo una visita a la Catedral de Santa Mar\u00eda (La Seu)<\/strong>, una joya aut\u00e9ntica del g\u00f3tico levantino. Esta catedral es famosa por tener un incre\u00edble y colorido roset\u00f3n, adem\u00e1s de contar con aportaciones de Miquel Barcel\u00f3 y Gaud\u00ed.<\/p>\n\n<p>Despu\u00e9s,<strong> te recomendamos visitar el Palacio Real de la Almudaina<\/strong>, la cual es la residencia oficial de los reyes de Espa\u00f1a durante el verano. Se trata de un complejo arquitect\u00f3nico que combina elementos g\u00f3ticos e isl\u00e1micos de gran belleza.<\/p>\n\n<p>Por \u00faltimo, <strong>puedes vivir una tarde m\u00e1s relajada en los ba\u00f1os \u00e1rabes<\/strong>, ideales para deleitarse con el legado musulm\u00e1n y luego ir a dar un bello paseo nocturno por los patios mallorquines..\u00a0<\/p>\n\t\t\t\t\t\t\t\t<\/div>\n\t\t\t\t<\/div>\n\t\t\t\t<div class=\"elementor-element elementor-element-477eddd elementor-widget elementor-widget-image\" data-id=\"477eddd\" data-element_type=\"widget\" data-e-type=\"widget\" data-widget_type=\"image.default\">\n\t\t\t\t<div class=\"elementor-widget-container\">\n\t\t\t\t\t\t\t\t\t\t\t\t\t\t\t<img fetchpriority=\"high\" decoding=\"async\" width=\"1200\" height=\"600\" src=\"https:\/\/rentallorca.com\/blog\/wp-content\/uploads\/2025\/02\/catedral-de-palma-mallorca.jpg\" class=\"attachment-full size-full wp-image-585\" alt=\"catedral-de-palma-mallorca\" srcset=\"https:\/\/rentallorca.com\/blog\/wp-content\/uploads\/2025\/02\/catedral-de-palma-mallorca.jpg 1200w, https:\/\/rentallorca.com\/blog\/wp-content\/uploads\/2025\/02\/catedral-de-palma-mallorca-300x150.jpg 300w, https:\/\/rentallorca.com\/blog\/wp-content\/uploads\/2025\/02\/catedral-de-palma-mallorca-1024x512.jpg 1024w, https:\/\/rentallorca.com\/blog\/wp-content\/uploads\/2025\/02\/catedral-de-palma-mallorca-768x384.jpg 768w\" sizes=\"(max-width: 1200px) 100vw, 1200px\" \/>\t\t\t\t\t\t\t\t\t\t\t\t\t\t\t<\/div>\n\t\t\t\t<\/div>\n\t\t\t\t\t<\/div>\n\t\t\t\t<\/div>\n\t\t<div class=\"elementor-element elementor-element-a1fcbef e-flex e-con-boxed e-con e-parent\" data-id=\"a1fcbef\" data-element_type=\"container\" data-e-type=\"container\">\n\t\t\t\t\t<div class=\"e-con-inner\">\n\t\t\t\t<div class=\"elementor-element elementor-element-8fe2ed0 elementor-widget elementor-widget-heading\" data-id=\"8fe2ed0\" data-element_type=\"widget\" data-e-type=\"widget\" data-widget_type=\"heading.default\">\n\t\t\t\t<div class=\"elementor-widget-container\">\n\t\t\t\t\t<h3 class=\"elementor-heading-title elementor-size-default\">Segundo d\u00eda en Palma\u00a0<\/h3>\t\t\t\t<\/div>\n\t\t\t\t<\/div>\n\t\t\t\t\t<\/div>\n\t\t\t\t<\/div>\n\t\t<div class=\"elementor-element elementor-element-97ef978 e-flex e-con-boxed e-con e-parent\" data-id=\"97ef978\" data-element_type=\"container\" data-e-type=\"container\">\n\t\t\t\t\t<div class=\"e-con-inner\">\n\t\t<div class=\"elementor-element elementor-element-dafdce0 e-con-full e-flex e-con e-child\" data-id=\"dafdce0\" data-element_type=\"container\" data-e-type=\"container\">\n\t\t\t\t<div class=\"elementor-element elementor-element-a93a7e9 elementor-widget elementor-widget-text-editor\" data-id=\"a93a7e9\" data-element_type=\"widget\" data-e-type=\"widget\" data-widget_type=\"text-editor.default\">\n\t\t\t\t<div class=\"elementor-widget-container\">\n\t\t\t\t\t\t\t\t\t\n<h3 class=\"wp-block-heading\"><span style=\"font-size: 16px;\">Para el segundo d\u00eda, hemos pensado en proponerte <\/span><strong style=\"font-size: 16px;\">una ma\u00f1ana muy cultural <\/strong><span style=\"font-size: 16px;\">y una tarde de relax disfrutando de las vistas panor\u00e1micas de la isla.\u00a0<\/span><\/h3>\n\n<p>Durante la ma\u00f1ana, <strong>te recomendamos visitar en profundidad el Castillo de Bellver<\/strong>, una gran fortaleza circular con cientos de a\u00f1os de historia y vistas espectaculares a la ciudad y al mar. Despu\u00e9s, visita la Fundaci\u00f3n Pilar y Joan Miro para deleitarte con el arte contempor\u00e1neo de este famoso pintor y contemplar algunas de sus obras m\u00e1s conocidas.\u00a0<\/p>\n\n<p>A la tarde, si te sobra energ\u00eda, <strong>puedes visitar el museo de arte moderno Es Baluard<\/strong>, con una ubicaci\u00f3n privilegiada en las antiguas murallas de la ciudad y terminar el d\u00eda con un poco de playa en el paseo mar\u00edtimo. Si hace buen tiempo, podr\u00e1s darte un chapuz\u00f3n. Si no\u2026 siempre te quedar\u00e1 el atardecer y el fenomenal ambiente mediterr\u00e1neo.\u00a0<\/p>\n\t\t\t\t\t\t\t\t<\/div>\n\t\t\t\t<\/div>\n\t\t\t\t<\/div>\n\t\t<div class=\"elementor-element elementor-element-aca815c e-con-full e-flex e-con e-child\" data-id=\"aca815c\" data-element_type=\"container\" data-e-type=\"container\">\n\t\t\t\t<div class=\"elementor-element elementor-element-ffe152f elementor-widget elementor-widget-image\" data-id=\"ffe152f\" data-element_type=\"widget\" data-e-type=\"widget\" data-widget_type=\"image.default\">\n\t\t\t\t<div class=\"elementor-widget-container\">\n\t\t\t\t\t\t\t\t\t\t\t\t\t\t\t<img decoding=\"async\" width=\"724\" height=\"483\" src=\"https:\/\/rentallorca.com\/blog\/wp-content\/uploads\/2025\/02\/castillo-de-bellver-Palma-de-mallorca.jpg\" class=\"attachment-large size-large wp-image-591\" alt=\"castillo-de-bellver-Palma-de-mallorca.jpg\" srcset=\"https:\/\/rentallorca.com\/blog\/wp-content\/uploads\/2025\/02\/castillo-de-bellver-Palma-de-mallorca.jpg 724w, https:\/\/rentallorca.com\/blog\/wp-content\/uploads\/2025\/02\/castillo-de-bellver-Palma-de-mallorca-300x200.jpg 300w\" sizes=\"(max-width: 724px) 100vw, 724px\" \/>\t\t\t\t\t\t\t\t\t\t\t\t\t\t\t<\/div>\n\t\t\t\t<\/div>\n\t\t\t\t<\/div>\n\t\t\t\t\t<\/div>\n\t\t\t\t<\/div>\n\t\t<div class=\"elementor-element elementor-element-a2f72be e-flex e-con-boxed e-con e-parent\" data-id=\"a2f72be\" data-element_type=\"container\" data-e-type=\"container\">\n\t\t\t\t\t<div class=\"e-con-inner\">\n\t\t\t\t<div class=\"elementor-element elementor-element-a1a4b18 elementor-widget elementor-widget-heading\" data-id=\"a1a4b18\" data-element_type=\"widget\" data-e-type=\"widget\" data-widget_type=\"heading.default\">\n\t\t\t\t<div class=\"elementor-widget-container\">\n\t\t\t\t\t<h3 class=\"elementor-heading-title elementor-size-default\">Tercer d\u00eda en Palma<\/h3>\t\t\t\t<\/div>\n\t\t\t\t<\/div>\n\t\t\t\t<div class=\"elementor-element elementor-element-a79ca92 elementor-widget elementor-widget-text-editor\" data-id=\"a79ca92\" data-element_type=\"widget\" data-e-type=\"widget\" data-widget_type=\"text-editor.default\">\n\t\t\t\t<div class=\"elementor-widget-container\">\n\t\t\t\t\t\t\t\t\t\n<p>Llegamos al tercer y \u00faltimo d\u00eda, <strong>un momento ideal para realizar alguna excursi\u00f3n y terminar de agotar esas piernas<\/strong>. As\u00ed llegar\u00e1s a tu lugar de origen con la sensaci\u00f3n de haber aprovechado bien cada minuto en la isla y de no haberte dejado nada que ver en Mallorca.\u00a0<\/p>\n\n<p><br \/>Para ello, <strong>te proponemos una excursi\u00f3n al Cabo de Formentor o a las Cuevas del Drach. <\/strong>Est\u00e1n algo alejadas del centro, pero son imprescindibles si quieres conectar con la naturaleza mallorquina.\u00a0<\/p>\n\n<p>Despu\u00e9s, llega ese momento gastron\u00f3mico que tanto nos gusta <strong>visitando el mercado de Santa Catalina<\/strong>, un sitio perfecto para probar productos locales y sumergirte en el d\u00eda a d\u00eda de la ciudad. Aqu\u00ed podr\u00e1s probar la sopa mallorquina, el tumbet o la famosa porcella rostida.<\/p>\n\t\t\t\t\t\t\t\t<\/div>\n\t\t\t\t<\/div>\n\t\t\t\t<div class=\"elementor-element elementor-element-2b68a9e elementor-widget elementor-widget-image\" data-id=\"2b68a9e\" data-element_type=\"widget\" data-e-type=\"widget\" data-widget_type=\"image.default\">\n\t\t\t\t<div class=\"elementor-widget-container\">\n\t\t\t\t\t\t\t\t\t\t\t\t\t\t\t<img decoding=\"async\" width=\"1200\" height=\"600\" src=\"https:\/\/rentallorca.com\/blog\/wp-content\/uploads\/2025\/02\/cuevas-drac-cuevas-dragon-mallorca.jpg\" class=\"attachment-full size-full wp-image-588\" alt=\"cuevas-drac-cuevas-dragon-mallorca\" srcset=\"https:\/\/rentallorca.com\/blog\/wp-content\/uploads\/2025\/02\/cuevas-drac-cuevas-dragon-mallorca.jpg 1200w, https:\/\/rentallorca.com\/blog\/wp-content\/uploads\/2025\/02\/cuevas-drac-cuevas-dragon-mallorca-300x150.jpg 300w, https:\/\/rentallorca.com\/blog\/wp-content\/uploads\/2025\/02\/cuevas-drac-cuevas-dragon-mallorca-1024x512.jpg 1024w, https:\/\/rentallorca.com\/blog\/wp-content\/uploads\/2025\/02\/cuevas-drac-cuevas-dragon-mallorca-768x384.jpg 768w\" sizes=\"(max-width: 1200px) 100vw, 1200px\" \/>\t\t\t\t\t\t\t\t\t\t\t\t\t\t\t<\/div>\n\t\t\t\t<\/div>\n\t\t\t\t\t<\/div>\n\t\t\t\t<\/div>\n\t\t<div class=\"elementor-element elementor-element-34dbd28 e-flex e-con-boxed e-con e-parent\" data-id=\"34dbd28\" data-element_type=\"container\" data-e-type=\"container\">\n\t\t\t\t\t<div class=\"e-con-inner\">\n\t\t\t\t<div class=\"elementor-element elementor-element-905b9a6 elementor-widget elementor-widget-heading\" data-id=\"905b9a6\" data-element_type=\"widget\" data-e-type=\"widget\" data-widget_type=\"heading.default\">\n\t\t\t\t<div class=\"elementor-widget-container\">\n\t\t\t\t\t<h2 class=\"elementor-heading-title elementor-size-default\">Las mejores atracciones de Palma de Mallorca<\/h2>\t\t\t\t<\/div>\n\t\t\t\t<\/div>\n\t\t\t\t<div class=\"elementor-element elementor-element-fe88a5d elementor-widget elementor-widget-text-editor\" data-id=\"fe88a5d\" data-element_type=\"widget\" data-e-type=\"widget\" data-widget_type=\"text-editor.default\">\n\t\t\t\t<div class=\"elementor-widget-container\">\n\t\t\t\t\t\t\t\t\t\n<p>Si quieres <strong>hacer algo diferente<\/strong> y te apetece una experiencia emocionante, estamos seguros de que estos 2 planes te van a sorprender:<\/p>\n\n<ul class=\"wp-block-list\">\n<li><strong>Tren de S\u00f3ller<\/strong>: una experiencia \u00fanica que combina historia, paisajes de ensue\u00f1o y un viajecito nost\u00e1lgico de los que nunca se olvidan. Se trata de un ferrocarril con m\u00e1s de 100 a\u00f1os de historia que conecta Palma con el pueblo de S\u00f3ller. Recorre 27 kil\u00f3metros ofreciendo vistas de la Sierra de Tramuntana, patrimonio mundial declarado por la UNESCO.<\/li>\n\n<li><strong>Palma Aquarium<\/strong>: un plan ideal para ir con los peques, ya que muestra m\u00e1s de 8.000 animales y casi 700 especies diferentes en sus instalaciones. Estamos hablando de uno de los acuarios m\u00e1s grandes y completos de Europa. Entre sus atracciones m\u00e1s incre\u00edbles destacan el Big Blue, la pecera m\u00e1s profunda del continente y\u00a0 el Nautilus park, un \u00e1rea cubierto con juegos para toda la familia.\u00a0<\/li>\n<\/ul>\n\t\t\t\t\t\t\t\t<\/div>\n\t\t\t\t<\/div>\n\t\t\t\t\t<\/div>\n\t\t\t\t<\/div>\n\t\t<div class=\"elementor-element elementor-element-8b440ab e-flex e-con-boxed e-con e-parent\" data-id=\"8b440ab\" data-element_type=\"container\" data-e-type=\"container\">\n\t\t\t\t\t<div class=\"e-con-inner\">\n\t\t\t\t<div class=\"elementor-element elementor-element-0104e8e elementor-widget elementor-widget-heading\" data-id=\"0104e8e\" data-element_type=\"widget\" data-e-type=\"widget\" data-widget_type=\"heading.default\">\n\t\t\t\t<div class=\"elementor-widget-container\">\n\t\t\t\t\t<h2 class=\"elementor-heading-title elementor-size-default\">Disfruta de la cultura y gastronom\u00eda en Palma<\/h2>\t\t\t\t<\/div>\n\t\t\t\t<\/div>\n\t\t\t\t\t<\/div>\n\t\t\t\t<\/div>\n\t\t<div class=\"elementor-element elementor-element-37658f5 e-flex e-con-boxed e-con e-parent\" data-id=\"37658f5\" data-element_type=\"container\" data-e-type=\"container\">\n\t\t\t\t\t<div class=\"e-con-inner\">\n\t\t<div class=\"elementor-element elementor-element-f28c5c3 e-con-full e-flex e-con e-child\" data-id=\"f28c5c3\" data-element_type=\"container\" data-e-type=\"container\">\n\t\t\t\t<div class=\"elementor-element elementor-element-0738561 elementor-widget elementor-widget-text-editor\" data-id=\"0738561\" data-element_type=\"widget\" data-e-type=\"widget\" data-widget_type=\"text-editor.default\">\n\t\t\t\t<div class=\"elementor-widget-container\">\n\t\t\t\t\t\t\t\t\t<p>Como toda gran ciudad que se precie, a la hora de decidir qu\u00e9 hacer en Palma y sus alrededores, <strong>la oferta cultural no se iba a quedar atr\u00e1s<\/strong>. Algunos de los eventos y espacios culturales m\u00e1s interesantes a los que puedes acudir si no sabes que ver en Palma de Mallorca son:<\/p>\n<p><\/p>\n<ul class=\"wp-block-list\">\n<li><strong>Palma Dansa<\/strong>: un festival que pone en escena 15 espect\u00e1culos, con artistas de baile nacionales e internacionales de primer nivel.<\/li>\n\n<li><strong>Cine al aire libre:<\/strong> en el Parque del Mar se celebra este fant\u00e1stico evento llamado \u201cCinema a la Fresca\u201d, una iniciativa totalmente gratuita llevada a cabo por el Ayuntamiento de la ciudad en la que se proyectan pel\u00edculas durante los meses de julio, agosto y septiembre.\u00a0<\/li>\n\n<li><strong>Exposiciones temporales en sa Llonja<\/strong>: en la que se dan cita algunos de los escultores m\u00e1s importantes de la actualidad en ciclos rotativos de gran inter\u00e9s.<\/li>\n<\/ul>\n<p><\/p>\t\t\t\t\t\t\t\t<\/div>\n\t\t\t\t<\/div>\n\t\t\t\t<\/div>\n\t\t<div class=\"elementor-element elementor-element-1207d5a e-con-full e-flex e-con e-child\" data-id=\"1207d5a\" data-element_type=\"container\" data-e-type=\"container\">\n\t\t\t\t<div class=\"elementor-element elementor-element-41d4236 elementor-widget elementor-widget-image\" data-id=\"41d4236\" data-element_type=\"widget\" data-e-type=\"widget\" data-widget_type=\"image.default\">\n\t\t\t\t<div class=\"elementor-widget-container\">\n\t\t\t\t\t\t\t\t\t\t\t\t\t\t\t<img loading=\"lazy\" decoding=\"async\" width=\"724\" height=\"483\" src=\"https:\/\/rentallorca.com\/blog\/wp-content\/uploads\/2025\/02\/lonja-Palma-de-mallorca.jpg\" class=\"attachment-large size-large wp-image-594\" alt=\"lonja-Palma-de-mallorca.jpg\" srcset=\"https:\/\/rentallorca.com\/blog\/wp-content\/uploads\/2025\/02\/lonja-Palma-de-mallorca.jpg 724w, https:\/\/rentallorca.com\/blog\/wp-content\/uploads\/2025\/02\/lonja-Palma-de-mallorca-300x200.jpg 300w\" sizes=\"(max-width: 724px) 100vw, 724px\" \/>\t\t\t\t\t\t\t\t\t\t\t\t\t\t\t<\/div>\n\t\t\t\t<\/div>\n\t\t\t\t<\/div>\n\t\t\t\t\t<\/div>\n\t\t\t\t<\/div>\n\t\t<div class=\"elementor-element elementor-element-4245b96c e-flex e-con-boxed e-con e-parent\" data-id=\"4245b96c\" data-element_type=\"container\" data-e-type=\"container\">\n\t\t\t\t\t<div class=\"e-con-inner\">\n\t\t\t\t<div class=\"elementor-element elementor-element-c213e9d elementor-widget elementor-widget-text-editor\" data-id=\"c213e9d\" data-element_type=\"widget\" data-e-type=\"widget\" data-widget_type=\"text-editor.default\">\n\t\t\t\t<div class=\"elementor-widget-container\">\n\t\t\t\t\t\t\t\t\t\n<p>Por otra parte, sabemos que no te alimentas del aire y que est\u00e1s deseando saber d\u00f3nde comer en la isla. Aqu\u00ed te dejamos algunas recomendaciones:<\/p>\n\n<ul class=\"wp-block-list\">\n<li><strong>Ca&#8217;n Joan de S&#8217;Aigo<\/strong>: famoso por su ensaimada y helados artesanales, es un lugar ic\u00f3nico para probar dulces tradicionales.<\/li>\n\n<li><strong>Marc Fosh<\/strong>: un restaurante con estrella Michelin que ofrece una experiencia culinaria basada en productos locales con un toque moderno.<\/li>\n\n<li><strong>Mercado Gastron\u00f3mico San Juan<\/strong>: un espacio ideal para degustar tapas, mariscos frescos y platos internacionales.<\/li>\n\n<li><strong>Adri\u00e1n Quetglas<\/strong>: cocina creativa con influencias internacionales, ideal si buscas una experiencia gastron\u00f3mica \u00fanica.<\/li>\n<\/ul>\n<p>\u00a0<\/p>\n\n<h2 class=\"wp-block-heading\">Palma de Mallorca, un destino inolvidable<\/h2>\n\n<p>Esperamos que esta gran lista de cosas que ver en Mallorca y concretamente en Palma, su capital, haya sido interesante para ti. <strong>Ahora solo te falta planificar el viaje<\/strong> y\u2026 \u00a1lanzarte a la aventura!<\/p>\n\n<p>Pero para que todo salga bien, antes tendr\u00e1s que elegir un alojamiento a la altura de tu viaje. <strong>Contacta con nosotros para reservar tu alojamiento en Mallorca<\/strong> y los pueblos de alrededor al mejor precio y con todas las comodidades.\u00a0<\/p>\n\t\t\t\t\t\t\t\t<\/div>\n\t\t\t\t<\/div>\n\t\t\t\t\t<\/div>\n\t\t\t\t<\/div>\n\t\t<div class=\"elementor-element elementor-element-0c08ba9 e-flex e-con-boxed e-con e-parent\" data-id=\"0c08ba9\" data-element_type=\"container\" data-e-type=\"container\">\n\t\t\t\t\t<div class=\"e-con-inner\">\n\t\t<div class=\"elementor-element elementor-element-9bddd93 e-con-full e-flex e-con e-child\" data-id=\"9bddd93\" data-element_type=\"container\" data-e-type=\"container\">\n\t\t\t\t<div class=\"elementor-element elementor-element-78b345b elementor-widget__width-initial elementor-widget elementor-widget-grid\" data-id=\"78b345b\" data-element_type=\"widget\" data-e-type=\"widget\" data-widget_type=\"grid.default\">\n\t\t\t\t<div class=\"elementor-widget-container\">\n\t\t\t\t\t\t\t<div class=\"its--row alojamientos-recomendados\">\n\n\t\t\t<div class=\"alojamientos-recomendados-container\">\n\n\t\t\t\t\t\n\t\t\t\t\t<a href=\"https:\/\/rentallorca.com\/alquiler\/finca-alaro-b0016-finca-banyols-441592.html\" rel=\"nofollow\" style=\"width: 32%;\">\n\t\t\t\t\t\t<div class=\"apartamento-box\">\n\t\t\t\t\t\t\t<div class=\"imagen_recomendados\">\n\t\t\t\t\t\t\t\t<img decoding=\"async\" src=\"https:\/\/crs.avantio.com\/fotos\/2\/1691578775369725f8414de53dff2da60186fdd1cf\/big1719984844b5927feb4c6651fe17da03ec04eb2904.jpg\" alt=\"Banyols by Rentallorca\">\n\t\t\t\t\t\t\t<\/div>\n\t\t\t\t\t\t\t<div class=\"info\">\n\t\t\t\t\t\t\t\t<div class=\"ubicacion\">\n\t\t\t\t\t\t\t\t\t<i class=\"fa-solid fa-location-dot icono-mapa\"><\/i><span class=\"ubicacion-texto\">Alaro - Mallorca<\/span>\n\t\t\t\t\t\t\t\t<\/div>\n\t\t\t\t\t\t\t\t<H4 class=\"titulo-alojamiento\">\n\t\t\t\t\t\t\t\t\tBanyols by Rentallorca\t\t\t\t\t\t\t\t<\/H4>\n\t\t\t\t\t\t\t\t<p class=\"precio-alojamiento\">Desde <span class=\"precio\">168.72\u20ac<\/span> por noche<\/p>\n\t\t\t\t\t\t\t<\/div>\n\t\t\t\t\t\t<\/div>\n\t\t\t\t\t<\/a> \n\t\t\t\t\t\t\n\t\t\t\t\t<a href=\"https:\/\/rentallorca.com\/alquiler\/casa-llucmajor-a0006-casa-ropit-can-caldero-441606.html\" rel=\"nofollow\" style=\"width: 32%;\">\n\t\t\t\t\t\t<div class=\"apartamento-box\">\n\t\t\t\t\t\t\t<div class=\"imagen_recomendados\">\n\t\t\t\t\t\t\t\t<img decoding=\"async\" src=\"https:\/\/crs.avantio.com\/fotos\/2\/169157990262bffdac4d9a149d0599dfa1a805206c\/big1756192571975c15681380a008567f6b31704f3159.jpg\" alt=\"Can Caldero by Rentallorca\">\n\t\t\t\t\t\t\t<\/div>\n\t\t\t\t\t\t\t<div class=\"info\">\n\t\t\t\t\t\t\t\t<div class=\"ubicacion\">\n\t\t\t\t\t\t\t\t\t<i class=\"fa-solid fa-location-dot icono-mapa\"><\/i><span class=\"ubicacion-texto\">LLucmajor - Mallorca<\/span>\n\t\t\t\t\t\t\t\t<\/div>\n\t\t\t\t\t\t\t\t<H4 class=\"titulo-alojamiento\">\n\t\t\t\t\t\t\t\t\tCan Caldero by Rentallorca\t\t\t\t\t\t\t\t<\/H4>\n\t\t\t\t\t\t\t\t<p class=\"precio-alojamiento\">Desde <span class=\"precio\">228.00\u20ac<\/span> por noche<\/p>\n\t\t\t\t\t\t\t<\/div>\n\t\t\t\t\t\t<\/div>\n\t\t\t\t\t<\/a> \n\t\t\t\t\t\t\n\t\t\t\t\t<a href=\"https:\/\/rentallorca.com\/alquiler\/finca-montuiri-d0001-s-hostalet-453119.html\" rel=\"nofollow\" style=\"width: 32%;\">\n\t\t\t\t\t\t<div class=\"apartamento-box\">\n\t\t\t\t\t\t\t<div class=\"imagen_recomendados\">\n\t\t\t\t\t\t\t\t<img decoding=\"async\" src=\"https:\/\/crs.avantio.com\/fotos\/2\/170006619900e2486123c06697db3b4dfbc0840ca6\/big170006625801a66d026b6a83e5b10bd92e3d7090aa.jpg\" alt=\"S'Hostalet by Rentallorca\">\n\t\t\t\t\t\t\t<\/div>\n\t\t\t\t\t\t\t<div class=\"info\">\n\t\t\t\t\t\t\t\t<div class=\"ubicacion\">\n\t\t\t\t\t\t\t\t\t<i class=\"fa-solid fa-location-dot icono-mapa\"><\/i><span class=\"ubicacion-texto\">Montu\u00efri - Mallorca<\/span>\n\t\t\t\t\t\t\t\t<\/div>\n\t\t\t\t\t\t\t\t<H4 class=\"titulo-alojamiento\">\n\t\t\t\t\t\t\t\t\tS'Hostalet by Rentallorca\t\t\t\t\t\t\t\t<\/H4>\n\t\t\t\t\t\t\t\t<p class=\"precio-alojamiento\">Desde <span class=\"precio\">139.08\u20ac<\/span> por noche<\/p>\n\t\t\t\t\t\t\t<\/div>\n\t\t\t\t\t\t<\/div>\n\t\t\t\t\t<\/a> \n\t\t\t\t\t\t\t\t<\/div>\n\t\t\t<\/div>\n\t\t\t\t\t\t<\/div>\n\t\t\t\t<\/div>\n\t\t\t\t<\/div>\n\t\t\t\t\t<\/div>\n\t\t\t\t<\/div>\n\t\t<div class=\"elementor-element elementor-element-7bef2627 e-flex e-con-boxed e-con e-parent\" data-id=\"7bef2627\" data-element_type=\"container\" data-e-type=\"container\">\n\t\t\t\t\t<div class=\"e-con-inner\">\n\t\t\t\t<div class=\"elementor-element elementor-element-3e532aaf elementor-widget elementor-widget-shortcode\" data-id=\"3e532aaf\" data-element_type=\"widget\" data-e-type=\"widget\" data-widget_type=\"shortcode.default\">\n\t\t\t\t<div class=\"elementor-widget-container\">\n\t\t\t\t\t\t\t<div class=\"elementor-shortcode\">\t\t<div data-elementor-type=\"page\" data-elementor-id=\"170\" class=\"elementor elementor-170\" data-elementor-post-type=\"elementor_library\">\n\t\t\t\t<div class=\"elementor-element elementor-element-16c5e22 e-flex e-con-boxed e-con e-parent\" data-id=\"16c5e22\" data-element_type=\"container\" data-e-type=\"container\">\n\t\t\t\t\t<div class=\"e-con-inner\">\n\t\t<div class=\"elementor-element elementor-element-ac67807 e-con-full e-flex e-con e-child\" data-id=\"ac67807\" data-element_type=\"container\" data-e-type=\"container\">\n\t\t\t\t<div class=\"elementor-element elementor-element-2ab04b2 elementor-align-justify elementor-widget elementor-widget-button\" data-id=\"2ab04b2\" data-element_type=\"widget\" data-e-type=\"widget\" data-widget_type=\"button.default\">\n\t\t\t\t<div class=\"elementor-widget-container\">\n\t\t\t\t\t\t\t\t\t<div class=\"elementor-button-wrapper\">\n\t\t\t\t\t<a class=\"elementor-button elementor-button-link elementor-size-sm\" href=\"https:\/\/rentallorca.com\/alquiler\/alquileres-mallorca-e21\/\">\n\t\t\t\t\t\t<span class=\"elementor-button-content-wrapper\">\n\t\t\t\t\t\t\t\t\t<span class=\"elementor-button-text\">Alojamientos Mallorca<\/span>\n\t\t\t\t\t<\/span>\n\t\t\t\t\t<\/a>\n\t\t\t\t<\/div>\n\t\t\t\t\t\t\t\t<\/div>\n\t\t\t\t<\/div>\n\t\t\t\t<\/div>\n\t\t<div class=\"elementor-element elementor-element-6bea3dd e-con-full e-flex e-con e-child\" data-id=\"6bea3dd\" data-element_type=\"container\" data-e-type=\"container\">\n\t\t\t\t<div class=\"elementor-element elementor-element-ff8a437 elementor-align-justify elementor-widget elementor-widget-button\" data-id=\"ff8a437\" data-element_type=\"widget\" data-e-type=\"widget\" data-widget_type=\"button.default\">\n\t\t\t\t<div class=\"elementor-widget-container\">\n\t\t\t\t\t\t\t\t\t<div class=\"elementor-button-wrapper\">\n\t\t\t\t\t<a class=\"elementor-button elementor-button-link elementor-size-sm\" href=\"https:\/\/rentallorca.com\/alquiler\/apartamentos-mallorca-c1e21\/\">\n\t\t\t\t\t\t<span class=\"elementor-button-content-wrapper\">\n\t\t\t\t\t\t\t\t\t<span class=\"elementor-button-text\">Apartamentos Mallorca<\/span>\n\t\t\t\t\t<\/span>\n\t\t\t\t\t<\/a>\n\t\t\t\t<\/div>\n\t\t\t\t\t\t\t\t<\/div>\n\t\t\t\t<\/div>\n\t\t\t\t<\/div>\n\t\t<div class=\"elementor-element elementor-element-d557a64 e-con-full e-flex e-con e-child\" data-id=\"d557a64\" data-element_type=\"container\" data-e-type=\"container\">\n\t\t\t\t<div class=\"elementor-element elementor-element-4421fc4 elementor-align-justify elementor-widget elementor-widget-button\" data-id=\"4421fc4\" data-element_type=\"widget\" data-e-type=\"widget\" data-widget_type=\"button.default\">\n\t\t\t\t<div class=\"elementor-widget-container\">\n\t\t\t\t\t\t\t\t\t<div class=\"elementor-button-wrapper\">\n\t\t\t\t\t<a class=\"elementor-button elementor-button-link elementor-size-sm\" href=\"https:\/\/rentallorca.com\/alquiler\/casas-alcudia-c19d1098\/\">\n\t\t\t\t\t\t<span class=\"elementor-button-content-wrapper\">\n\t\t\t\t\t\t\t\t\t<span class=\"elementor-button-text\">Casas Mallorca<\/span>\n\t\t\t\t\t<\/span>\n\t\t\t\t\t<\/a>\n\t\t\t\t<\/div>\n\t\t\t\t\t\t\t\t<\/div>\n\t\t\t\t<\/div>\n\t\t\t\t<\/div>\n\t\t<div class=\"elementor-element elementor-element-995a361 e-con-full e-flex e-con e-child\" data-id=\"995a361\" data-element_type=\"container\" data-e-type=\"container\">\n\t\t\t\t<div class=\"elementor-element elementor-element-e6addd0 elementor-align-justify elementor-widget elementor-widget-button\" data-id=\"e6addd0\" data-element_type=\"widget\" data-e-type=\"widget\" data-widget_type=\"button.default\">\n\t\t\t\t<div class=\"elementor-widget-container\">\n\t\t\t\t\t\t\t\t\t<div class=\"elementor-button-wrapper\">\n\t\t\t\t\t<a class=\"elementor-button elementor-button-link elementor-size-sm\" href=\"https:\/\/rentallorca.com\/alquiler\/fincas-mallorca-c22e21\/\">\n\t\t\t\t\t\t<span class=\"elementor-button-content-wrapper\">\n\t\t\t\t\t\t\t\t\t<span class=\"elementor-button-text\">Fincas Mallorca<\/span>\n\t\t\t\t\t<\/span>\n\t\t\t\t\t<\/a>\n\t\t\t\t<\/div>\n\t\t\t\t\t\t\t\t<\/div>\n\t\t\t\t<\/div>\n\t\t\t\t<\/div>\n\t\t\t\t\t<\/div>\n\t\t\t\t<\/div>\n\t\t\t\t<\/div>\n\t\t<\/div>\n\t\t\t\t\t\t<\/div>\n\t\t\t\t<\/div>\n\t\t\t\t\t<\/div>\n\t\t\t\t<\/div>\n\t\t\t\t<\/div>\n\t\t","protected":false},"excerpt":{"rendered":"<p>Sabemos de sobra que 3 d\u00edas es un tiempo algo justo para conocer en profundidad un lugar. Y m\u00e1s un sitio tan precioso y completo como lo es Palma. Pero en Rentallorca queremos hacer posible lo improbable y por eso hemos preparado esta peque\u00f1a gu\u00eda de viaje para ti. A continuaci\u00f3n, te contaremos cu\u00e1les son [&hellip;]<\/p>\n","protected":false},"author":3,"featured_media":597,"comment_status":"open","ping_status":"open","sticky":false,"template":"","format":"standard","meta":{"footnotes":""},"categories":[31],"tags":[],"class_list":["post-572","post","type-post","status-publish","format-standard","has-post-thumbnail","hentry","category-destinos"],"yoast_head":"<!-- This site is optimized with the Yoast SEO plugin v27.5 - https:\/\/yoast.com\/product\/yoast-seo-wordpress\/ -->\n<title>\u00bfTienes 3 d\u00edas libres? Te contamos qu\u00e9 ver en Palma de Mallorca - Blog<\/title>\n<meta name=\"description\" content=\"Descubre qu\u00e9 ver en Palma de Mallorca en tres d\u00edas. Conoce los monumentos y paisajes m\u00e1s impresionantes. \u00a1Haz tu recorrido por la ciudad!\" \/>\n<meta name=\"robots\" content=\"index, follow, max-snippet:-1, max-image-preview:large, max-video-preview:-1\" \/>\n<link rel=\"canonical\" href=\"https:\/\/rentallorca.com\/blog\/que-ver-en-palma-mallorca\/\" \/>\n<meta property=\"og:locale\" content=\"es_ES\" \/>\n<meta property=\"og:type\" content=\"article\" \/>\n<meta property=\"og:title\" content=\"\u00bfTienes 3 d\u00edas libres? Te contamos qu\u00e9 ver en Palma de Mallorca - Blog\" \/>\n<meta property=\"og:description\" content=\"Descubre qu\u00e9 ver en Palma de Mallorca en tres d\u00edas. Conoce los monumentos y paisajes m\u00e1s impresionantes. \u00a1Haz tu recorrido por la ciudad!\" \/>\n<meta property=\"og:url\" content=\"https:\/\/rentallorca.com\/blog\/que-ver-en-palma-mallorca\/\" \/>\n<meta property=\"og:site_name\" content=\"Blog\" \/>\n<meta property=\"article:published_time\" content=\"2025-02-10T15:33:58+00:00\" \/>\n<meta property=\"article:modified_time\" content=\"2025-04-07T06:32:21+00:00\" \/>\n<meta property=\"og:image\" content=\"https:\/\/rentallorca.com\/blog\/wp-content\/uploads\/2025\/02\/Mallorca-en-3-dias.jpg\" \/>\n\t<meta property=\"og:image:width\" content=\"2120\" \/>\n\t<meta property=\"og:image:height\" content=\"707\" \/>\n\t<meta property=\"og:image:type\" content=\"image\/jpeg\" \/>\n<meta name=\"author\" content=\"Axel\" \/>\n<meta name=\"twitter:card\" content=\"summary_large_image\" \/>\n<meta name=\"twitter:label1\" content=\"Written by\" \/>\n\t<meta name=\"twitter:data1\" content=\"Axel\" \/>\n\t<meta name=\"twitter:label2\" content=\"Est. reading time\" \/>\n\t<meta name=\"twitter:data2\" content=\"7 minutes\" \/>\n<script type=\"application\/ld+json\" class=\"yoast-schema-graph\">{\"@context\":\"https:\\\/\\\/schema.org\",\"@graph\":[{\"@type\":\"Article\",\"@id\":\"https:\\\/\\\/rentallorca.com\\\/blog\\\/que-ver-en-palma-mallorca\\\/#article\",\"isPartOf\":{\"@id\":\"https:\\\/\\\/rentallorca.com\\\/blog\\\/que-ver-en-palma-mallorca\\\/\"},\"author\":{\"name\":\"Axel\",\"@id\":\"https:\\\/\\\/rentallorca.com\\\/blog\\\/#\\\/schema\\\/person\\\/8c5ebe5bf8d43e9757ab6869e1d4cbe4\"},\"headline\":\"\u00bfTienes 3 d\u00edas libres? Te contamos qu\u00e9 ver en Palma de Mallorca\",\"datePublished\":\"2025-02-10T15:33:58+00:00\",\"dateModified\":\"2025-04-07T06:32:21+00:00\",\"mainEntityOfPage\":{\"@id\":\"https:\\\/\\\/rentallorca.com\\\/blog\\\/que-ver-en-palma-mallorca\\\/\"},\"wordCount\":1191,\"commentCount\":0,\"image\":{\"@id\":\"https:\\\/\\\/rentallorca.com\\\/blog\\\/que-ver-en-palma-mallorca\\\/#primaryimage\"},\"thumbnailUrl\":\"https:\\\/\\\/rentallorca.com\\\/blog\\\/wp-content\\\/uploads\\\/2025\\\/02\\\/Mallorca-en-3-dias.jpg\",\"articleSection\":[\"Destinos\"],\"inLanguage\":\"es\",\"potentialAction\":[{\"@type\":\"CommentAction\",\"name\":\"Comment\",\"target\":[\"https:\\\/\\\/rentallorca.com\\\/blog\\\/que-ver-en-palma-mallorca\\\/#respond\"]}]},{\"@type\":\"WebPage\",\"@id\":\"https:\\\/\\\/rentallorca.com\\\/blog\\\/que-ver-en-palma-mallorca\\\/\",\"url\":\"https:\\\/\\\/rentallorca.com\\\/blog\\\/que-ver-en-palma-mallorca\\\/\",\"name\":\"\u00bfTienes 3 d\u00edas libres? Te contamos qu\u00e9 ver en Palma de Mallorca - Blog\",\"isPartOf\":{\"@id\":\"https:\\\/\\\/rentallorca.com\\\/blog\\\/#website\"},\"primaryImageOfPage\":{\"@id\":\"https:\\\/\\\/rentallorca.com\\\/blog\\\/que-ver-en-palma-mallorca\\\/#primaryimage\"},\"image\":{\"@id\":\"https:\\\/\\\/rentallorca.com\\\/blog\\\/que-ver-en-palma-mallorca\\\/#primaryimage\"},\"thumbnailUrl\":\"https:\\\/\\\/rentallorca.com\\\/blog\\\/wp-content\\\/uploads\\\/2025\\\/02\\\/Mallorca-en-3-dias.jpg\",\"datePublished\":\"2025-02-10T15:33:58+00:00\",\"dateModified\":\"2025-04-07T06:32:21+00:00\",\"author\":{\"@id\":\"https:\\\/\\\/rentallorca.com\\\/blog\\\/#\\\/schema\\\/person\\\/8c5ebe5bf8d43e9757ab6869e1d4cbe4\"},\"description\":\"Descubre qu\u00e9 ver en Palma de Mallorca en tres d\u00edas. Conoce los monumentos y paisajes m\u00e1s impresionantes. \u00a1Haz tu recorrido por la ciudad!\",\"breadcrumb\":{\"@id\":\"https:\\\/\\\/rentallorca.com\\\/blog\\\/que-ver-en-palma-mallorca\\\/#breadcrumb\"},\"inLanguage\":\"es\",\"potentialAction\":[{\"@type\":\"ReadAction\",\"target\":[\"https:\\\/\\\/rentallorca.com\\\/blog\\\/que-ver-en-palma-mallorca\\\/\"]}]},{\"@type\":\"ImageObject\",\"inLanguage\":\"es\",\"@id\":\"https:\\\/\\\/rentallorca.com\\\/blog\\\/que-ver-en-palma-mallorca\\\/#primaryimage\",\"url\":\"https:\\\/\\\/rentallorca.com\\\/blog\\\/wp-content\\\/uploads\\\/2025\\\/02\\\/Mallorca-en-3-dias.jpg\",\"contentUrl\":\"https:\\\/\\\/rentallorca.com\\\/blog\\\/wp-content\\\/uploads\\\/2025\\\/02\\\/Mallorca-en-3-dias.jpg\",\"width\":2120,\"height\":707,\"caption\":\"Mallorca-en-3-dias.jpg\"},{\"@type\":\"BreadcrumbList\",\"@id\":\"https:\\\/\\\/rentallorca.com\\\/blog\\\/que-ver-en-palma-mallorca\\\/#breadcrumb\",\"itemListElement\":[{\"@type\":\"ListItem\",\"position\":1,\"name\":\"Home\",\"item\":\"https:\\\/\\\/rentallorca.com\\\/blog\\\/\"},{\"@type\":\"ListItem\",\"position\":2,\"name\":\"\u00bfTienes 3 d\u00edas libres? Te contamos qu\u00e9 ver en Palma de Mallorca\"}]},{\"@type\":\"WebSite\",\"@id\":\"https:\\\/\\\/rentallorca.com\\\/blog\\\/#website\",\"url\":\"https:\\\/\\\/rentallorca.com\\\/blog\\\/\",\"name\":\"Blog\",\"description\":\"Rentallorca\",\"potentialAction\":[{\"@type\":\"SearchAction\",\"target\":{\"@type\":\"EntryPoint\",\"urlTemplate\":\"https:\\\/\\\/rentallorca.com\\\/blog\\\/?s={search_term_string}\"},\"query-input\":{\"@type\":\"PropertyValueSpecification\",\"valueRequired\":true,\"valueName\":\"search_term_string\"}}],\"inLanguage\":\"es\"},{\"@type\":\"Person\",\"@id\":\"https:\\\/\\\/rentallorca.com\\\/blog\\\/#\\\/schema\\\/person\\\/8c5ebe5bf8d43e9757ab6869e1d4cbe4\",\"name\":\"Axel\",\"image\":{\"@type\":\"ImageObject\",\"inLanguage\":\"es\",\"@id\":\"https:\\\/\\\/secure.gravatar.com\\\/avatar\\\/3bd706736e5b70f21f05f6c2d5cad746767782a4ba4b7df399c5969e2a9318fd?s=96&d=mm&r=g\",\"url\":\"https:\\\/\\\/secure.gravatar.com\\\/avatar\\\/3bd706736e5b70f21f05f6c2d5cad746767782a4ba4b7df399c5969e2a9318fd?s=96&d=mm&r=g\",\"contentUrl\":\"https:\\\/\\\/secure.gravatar.com\\\/avatar\\\/3bd706736e5b70f21f05f6c2d5cad746767782a4ba4b7df399c5969e2a9318fd?s=96&d=mm&r=g\",\"caption\":\"Axel\"},\"url\":\"https:\\\/\\\/rentallorca.com\\\/blog\\\/author\\\/axel\\\/\"}]}<\/script>\n<!-- \/ Yoast SEO plugin. -->","yoast_head_json":{"title":"\u00bfTienes 3 d\u00edas libres? Te contamos qu\u00e9 ver en Palma de Mallorca - Blog","description":"Descubre qu\u00e9 ver en Palma de Mallorca en tres d\u00edas. Conoce los monumentos y paisajes m\u00e1s impresionantes. \u00a1Haz tu recorrido por la ciudad!","robots":{"index":"index","follow":"follow","max-snippet":"max-snippet:-1","max-image-preview":"max-image-preview:large","max-video-preview":"max-video-preview:-1"},"canonical":"https:\/\/rentallorca.com\/blog\/que-ver-en-palma-mallorca\/","og_locale":"es_ES","og_type":"article","og_title":"\u00bfTienes 3 d\u00edas libres? Te contamos qu\u00e9 ver en Palma de Mallorca - Blog","og_description":"Descubre qu\u00e9 ver en Palma de Mallorca en tres d\u00edas. Conoce los monumentos y paisajes m\u00e1s impresionantes. \u00a1Haz tu recorrido por la ciudad!","og_url":"https:\/\/rentallorca.com\/blog\/que-ver-en-palma-mallorca\/","og_site_name":"Blog","article_published_time":"2025-02-10T15:33:58+00:00","article_modified_time":"2025-04-07T06:32:21+00:00","og_image":[{"width":2120,"height":707,"url":"https:\/\/rentallorca.com\/blog\/wp-content\/uploads\/2025\/02\/Mallorca-en-3-dias.jpg","type":"image\/jpeg"}],"author":"Axel","twitter_card":"summary_large_image","twitter_misc":{"Written by":"Axel","Est. reading time":"7 minutes"},"schema":{"@context":"https:\/\/schema.org","@graph":[{"@type":"Article","@id":"https:\/\/rentallorca.com\/blog\/que-ver-en-palma-mallorca\/#article","isPartOf":{"@id":"https:\/\/rentallorca.com\/blog\/que-ver-en-palma-mallorca\/"},"author":{"name":"Axel","@id":"https:\/\/rentallorca.com\/blog\/#\/schema\/person\/8c5ebe5bf8d43e9757ab6869e1d4cbe4"},"headline":"\u00bfTienes 3 d\u00edas libres? Te contamos qu\u00e9 ver en Palma de Mallorca","datePublished":"2025-02-10T15:33:58+00:00","dateModified":"2025-04-07T06:32:21+00:00","mainEntityOfPage":{"@id":"https:\/\/rentallorca.com\/blog\/que-ver-en-palma-mallorca\/"},"wordCount":1191,"commentCount":0,"image":{"@id":"https:\/\/rentallorca.com\/blog\/que-ver-en-palma-mallorca\/#primaryimage"},"thumbnailUrl":"https:\/\/rentallorca.com\/blog\/wp-content\/uploads\/2025\/02\/Mallorca-en-3-dias.jpg","articleSection":["Destinos"],"inLanguage":"es","potentialAction":[{"@type":"CommentAction","name":"Comment","target":["https:\/\/rentallorca.com\/blog\/que-ver-en-palma-mallorca\/#respond"]}]},{"@type":"WebPage","@id":"https:\/\/rentallorca.com\/blog\/que-ver-en-palma-mallorca\/","url":"https:\/\/rentallorca.com\/blog\/que-ver-en-palma-mallorca\/","name":"\u00bfTienes 3 d\u00edas libres? Te contamos qu\u00e9 ver en Palma de Mallorca - Blog","isPartOf":{"@id":"https:\/\/rentallorca.com\/blog\/#website"},"primaryImageOfPage":{"@id":"https:\/\/rentallorca.com\/blog\/que-ver-en-palma-mallorca\/#primaryimage"},"image":{"@id":"https:\/\/rentallorca.com\/blog\/que-ver-en-palma-mallorca\/#primaryimage"},"thumbnailUrl":"https:\/\/rentallorca.com\/blog\/wp-content\/uploads\/2025\/02\/Mallorca-en-3-dias.jpg","datePublished":"2025-02-10T15:33:58+00:00","dateModified":"2025-04-07T06:32:21+00:00","author":{"@id":"https:\/\/rentallorca.com\/blog\/#\/schema\/person\/8c5ebe5bf8d43e9757ab6869e1d4cbe4"},"description":"Descubre qu\u00e9 ver en Palma de Mallorca en tres d\u00edas. Conoce los monumentos y paisajes m\u00e1s impresionantes. \u00a1Haz tu recorrido por la ciudad!","breadcrumb":{"@id":"https:\/\/rentallorca.com\/blog\/que-ver-en-palma-mallorca\/#breadcrumb"},"inLanguage":"es","potentialAction":[{"@type":"ReadAction","target":["https:\/\/rentallorca.com\/blog\/que-ver-en-palma-mallorca\/"]}]},{"@type":"ImageObject","inLanguage":"es","@id":"https:\/\/rentallorca.com\/blog\/que-ver-en-palma-mallorca\/#primaryimage","url":"https:\/\/rentallorca.com\/blog\/wp-content\/uploads\/2025\/02\/Mallorca-en-3-dias.jpg","contentUrl":"https:\/\/rentallorca.com\/blog\/wp-content\/uploads\/2025\/02\/Mallorca-en-3-dias.jpg","width":2120,"height":707,"caption":"Mallorca-en-3-dias.jpg"},{"@type":"BreadcrumbList","@id":"https:\/\/rentallorca.com\/blog\/que-ver-en-palma-mallorca\/#breadcrumb","itemListElement":[{"@type":"ListItem","position":1,"name":"Home","item":"https:\/\/rentallorca.com\/blog\/"},{"@type":"ListItem","position":2,"name":"\u00bfTienes 3 d\u00edas libres? Te contamos qu\u00e9 ver en Palma de Mallorca"}]},{"@type":"WebSite","@id":"https:\/\/rentallorca.com\/blog\/#website","url":"https:\/\/rentallorca.com\/blog\/","name":"Blog","description":"Rentallorca","potentialAction":[{"@type":"SearchAction","target":{"@type":"EntryPoint","urlTemplate":"https:\/\/rentallorca.com\/blog\/?s={search_term_string}"},"query-input":{"@type":"PropertyValueSpecification","valueRequired":true,"valueName":"search_term_string"}}],"inLanguage":"es"},{"@type":"Person","@id":"https:\/\/rentallorca.com\/blog\/#\/schema\/person\/8c5ebe5bf8d43e9757ab6869e1d4cbe4","name":"Axel","image":{"@type":"ImageObject","inLanguage":"es","@id":"https:\/\/secure.gravatar.com\/avatar\/3bd706736e5b70f21f05f6c2d5cad746767782a4ba4b7df399c5969e2a9318fd?s=96&d=mm&r=g","url":"https:\/\/secure.gravatar.com\/avatar\/3bd706736e5b70f21f05f6c2d5cad746767782a4ba4b7df399c5969e2a9318fd?s=96&d=mm&r=g","contentUrl":"https:\/\/secure.gravatar.com\/avatar\/3bd706736e5b70f21f05f6c2d5cad746767782a4ba4b7df399c5969e2a9318fd?s=96&d=mm&r=g","caption":"Axel"},"url":"https:\/\/rentallorca.com\/blog\/author\/axel\/"}]}},"_links":{"self":[{"href":"https:\/\/rentallorca.com\/blog\/wp-json\/wp\/v2\/posts\/572","targetHints":{"allow":["GET"]}}],"collection":[{"href":"https:\/\/rentallorca.com\/blog\/wp-json\/wp\/v2\/posts"}],"about":[{"href":"https:\/\/rentallorca.com\/blog\/wp-json\/wp\/v2\/types\/post"}],"author":[{"embeddable":true,"href":"https:\/\/rentallorca.com\/blog\/wp-json\/wp\/v2\/users\/3"}],"replies":[{"embeddable":true,"href":"https:\/\/rentallorca.com\/blog\/wp-json\/wp\/v2\/comments?post=572"}],"version-history":[{"count":14,"href":"https:\/\/rentallorca.com\/blog\/wp-json\/wp\/v2\/posts\/572\/revisions"}],"predecessor-version":[{"id":704,"href":"https:\/\/rentallorca.com\/blog\/wp-json\/wp\/v2\/posts\/572\/revisions\/704"}],"wp:featuredmedia":[{"embeddable":true,"href":"https:\/\/rentallorca.com\/blog\/wp-json\/wp\/v2\/media\/597"}],"wp:attachment":[{"href":"https:\/\/rentallorca.com\/blog\/wp-json\/wp\/v2\/media?parent=572"}],"wp:term":[{"taxonomy":"category","embeddable":true,"href":"https:\/\/rentallorca.com\/blog\/wp-json\/wp\/v2\/categories?post=572"},{"taxonomy":"post_tag","embeddable":true,"href":"https:\/\/rentallorca.com\/blog\/wp-json\/wp\/v2\/tags?post=572"}],"curies":[{"name":"wp","href":"https:\/\/api.w.org\/{rel}","templated":true}]}}