{"id":3840,"date":"2026-04-20T09:00:20","date_gmt":"2026-04-20T09:00:20","guid":{"rendered":"https:\/\/rentallorca.com\/blog\/?p=3840"},"modified":"2026-04-20T09:01:03","modified_gmt":"2026-04-20T09:01:03","slug":"mallorca-en-mayo","status":"publish","type":"post","link":"https:\/\/rentallorca.com\/blog\/mallorca-en-mayo\/","title":{"rendered":"Mallorca en mayo, el momento ideal para disfrutar de la isla con calma"},"content":{"rendered":"\t\t<div data-elementor-type=\"wp-post\" data-elementor-id=\"3840\" class=\"elementor elementor-3840\" data-elementor-post-type=\"post\">\n\t\t\t\t<div class=\"elementor-element elementor-element-4627a683 e-flex e-con-boxed e-con e-parent\" data-id=\"4627a683\" data-element_type=\"container\" data-e-type=\"container\">\n\t\t\t\t\t<div class=\"e-con-inner\">\n\t\t\t\t<div class=\"elementor-element elementor-element-1500e04c elementor-widget elementor-widget-text-editor\" data-id=\"1500e04c\" data-element_type=\"widget\" data-e-type=\"widget\" data-widget_type=\"text-editor.default\">\n\t\t\t\t<div class=\"elementor-widget-container\">\n\t\t\t\t\t\t\t\t\t<p><span style=\"font-weight: 400;\">Mayo es uno de los meses m\u00e1s agradables para descubrir Mallorca sin el ritmo del verano. La isla ya huele a temporada buena, pero todav\u00eda conserva cierto aire de tranquilidad, comer en una terraza o perderse por pueblos del centro, norte y este es un aut\u00e9ntico gustazo. Es el <\/span><b>mes perfecto para combinar playa y excursiones<\/b><span style=\"font-weight: 400;\"> con buen clima.<\/span><\/p><p><span style=\"font-weight: 400;\">Si te planteas venir, <strong>aqu\u00ed tienes una gu\u00eda clara y pr\u00e1ctica sobre el tiempo en Mallorca en mayo<\/strong>, qu\u00e9 planes encajan mejor y qu\u00e9 meter en la maleta para que nada te pille desprevenido. \u00a1Sigue leyendo!<\/span><\/p>\t\t\t\t\t\t\t\t<\/div>\n\t\t\t\t<\/div>\n\t\t\t\t\t<\/div>\n\t\t\t\t<\/div>\n\t\t<div class=\"elementor-element elementor-element-3aaf4bc3 e-flex e-con-boxed e-con e-parent\" data-id=\"3aaf4bc3\" data-element_type=\"container\" data-e-type=\"container\">\n\t\t\t\t\t<div class=\"e-con-inner\">\n\t\t\t\t<div class=\"elementor-element elementor-element-64f96ddd elementor-widget elementor-widget-table-of-contents\" data-id=\"64f96ddd\" data-element_type=\"widget\" data-e-type=\"widget\" data-settings=\"{&quot;headings_by_tags&quot;:[&quot;h2&quot;,&quot;h3&quot;],&quot;exclude_headings_by_selector&quot;:[],&quot;marker_view&quot;:&quot;bullets&quot;,&quot;icon&quot;:{&quot;value&quot;:&quot;&quot;,&quot;library&quot;:&quot;&quot;},&quot;no_headings_message&quot;:&quot;No headings were found on this page.&quot;,&quot;hierarchical_view&quot;:&quot;yes&quot;,&quot;min_height&quot;:{&quot;unit&quot;:&quot;px&quot;,&quot;size&quot;:&quot;&quot;,&quot;sizes&quot;:[]},&quot;min_height_tablet&quot;:{&quot;unit&quot;:&quot;px&quot;,&quot;size&quot;:&quot;&quot;,&quot;sizes&quot;:[]},&quot;min_height_mobile&quot;:{&quot;unit&quot;:&quot;px&quot;,&quot;size&quot;:&quot;&quot;,&quot;sizes&quot;:[]}}\" data-widget_type=\"table-of-contents.default\">\n\t\t\t\t<div class=\"elementor-widget-container\">\n\t\t\t\t\t\t\t\t\t<div class=\"elementor-toc__header\">\n\t\t\t\t\t\t<div class=\"elementor-toc__header-title\">\n\t\t\t\tContenidos\t\t\t<\/div>\n\t\t\t\t\t\t\t\t<\/div>\n\t\t\t\t<div id=\"elementor-toc__64f96ddd\" class=\"elementor-toc__body\">\n\t\t\t<div class=\"elementor-toc__spinner-container\">\n\t\t\t\t<svg class=\"elementor-toc__spinner eicon-animation-spin e-font-icon-svg e-eicon-loading\" aria-hidden=\"true\" viewBox=\"0 0 1000 1000\" xmlns=\"http:\/\/www.w3.org\/2000\/svg\"><path d=\"M500 975V858C696 858 858 696 858 500S696 142 500 142 142 304 142 500H25C25 237 238 25 500 25S975 237 975 500 763 975 500 975Z\"><\/path><\/svg>\t\t\t<\/div>\n\t\t<\/div>\n\t\t\t\t\t\t<\/div>\n\t\t\t\t<\/div>\n\t\t\t\t\t<\/div>\n\t\t\t\t<\/div>\n\t\t<div class=\"elementor-element elementor-element-4584717a e-flex e-con-boxed e-con e-parent\" data-id=\"4584717a\" data-element_type=\"container\" data-e-type=\"container\">\n\t\t\t\t\t<div class=\"e-con-inner\">\n\t\t\t\t<div class=\"elementor-element elementor-element-ebe9d8 elementor-widget elementor-widget-heading\" data-id=\"ebe9d8\" data-element_type=\"widget\" data-e-type=\"widget\" data-widget_type=\"heading.default\">\n\t\t\t\t<div class=\"elementor-widget-container\">\n\t\t\t\t\t<h2 class=\"elementor-heading-title elementor-size-default\">El tiempo en Mallorca en mayo y qu\u00e9 puedes esperar durante tu viaje\n<\/h2>\t\t\t\t<\/div>\n\t\t\t\t<\/div>\n\t\t\t\t<div class=\"elementor-element elementor-element-43cdacb0 elementor-widget elementor-widget-text-editor\" data-id=\"43cdacb0\" data-element_type=\"widget\" data-e-type=\"widget\" data-widget_type=\"text-editor.default\">\n\t\t\t\t<div class=\"elementor-widget-container\">\n\t\t\t\t\t\t\t\t\t<p><span style=\"font-weight: 400;\">En mayo, el clima en Mallorca ya se acerca bastante al verano, pero sin pasarse. Lo normal es encontrar d\u00edas suaves y agradables, con m\u00e1ximas que suelen moverse entre los<\/span><b> 21 y 24 grados<\/b><span style=\"font-weight: 400;\">, y m\u00ednimas m\u00e1s fresquitas por la noche, en torno a los 13 o 14 grados.<\/span><\/p><p><span style=\"font-weight: 400;\">La isla en mayo tiene ese un punto variable en el que puede salir un d\u00eda de sol brillante, otro con algo de brisa, y de vez en cuando, alg\u00fan chaparr\u00f3n corto que no suele arruinar los planes del d\u00eda. En general,<\/span><b> el ambiente es muy bueno<\/b><span style=\"font-weight: 400;\"> para hacer excursiones suaves o moverte entre pueblos sin sentir calor agobiante.<\/span><\/p><p><span style=\"font-weight: 400;\">Si te preguntas qu\u00e9 tiempo hace en Mallorca en mayo, la respuesta r\u00e1pida ser\u00eda bastante bueno, pero no veraniego del todo. Eso juega a tu favor, porque te deja disfrutar m\u00e1s la isla y moverte con tranquilidad. Lo ideal es <\/span><b>vestirse por capas y revisar la previsi\u00f3n <\/b><span style=\"font-weight: 400;\">antes de salir, sobre todo si tienes pensado pasar el d\u00eda entre costa e interior.<\/span><\/p>\t\t\t\t\t\t\t\t<\/div>\n\t\t\t\t<\/div>\n\t\t\t\t<div class=\"elementor-element elementor-element-110b9fb elementor-widget elementor-widget-image\" data-id=\"110b9fb\" data-element_type=\"widget\" data-e-type=\"widget\" data-widget_type=\"image.default\">\n\t\t\t\t<div class=\"elementor-widget-container\">\n\t\t\t\t\t\t\t\t\t\t\t\t\t\t\t<img fetchpriority=\"high\" decoding=\"async\" width=\"1254\" height=\"627\" src=\"https:\/\/rentallorca.com\/blog\/wp-content\/uploads\/2026\/04\/visitar-mallorca-en-mayo.jpg\" class=\"attachment-full size-full wp-image-3944\" alt=\"visitar-mallorca-en-mayo.jpg\" srcset=\"https:\/\/rentallorca.com\/blog\/wp-content\/uploads\/2026\/04\/visitar-mallorca-en-mayo.jpg 1254w, https:\/\/rentallorca.com\/blog\/wp-content\/uploads\/2026\/04\/visitar-mallorca-en-mayo-300x150.jpg 300w, https:\/\/rentallorca.com\/blog\/wp-content\/uploads\/2026\/04\/visitar-mallorca-en-mayo-1024x512.jpg 1024w, https:\/\/rentallorca.com\/blog\/wp-content\/uploads\/2026\/04\/visitar-mallorca-en-mayo-768x384.jpg 768w\" sizes=\"(max-width: 1254px) 100vw, 1254px\" \/>\t\t\t\t\t\t\t\t\t\t\t\t\t\t\t<\/div>\n\t\t\t\t<\/div>\n\t\t\t\t\t<\/div>\n\t\t\t\t<\/div>\n\t\t<div class=\"elementor-element elementor-element-732c2fc e-flex e-con-boxed e-con e-parent\" data-id=\"732c2fc\" data-element_type=\"container\" data-e-type=\"container\">\n\t\t\t\t\t<div class=\"e-con-inner\">\n\t\t\t\t<div class=\"elementor-element elementor-element-2f6f75c elementor-widget elementor-widget-heading\" data-id=\"2f6f75c\" data-element_type=\"widget\" data-e-type=\"widget\" data-widget_type=\"heading.default\">\n\t\t\t\t<div class=\"elementor-widget-container\">\n\t\t\t\t\t<h2 class=\"elementor-heading-title elementor-size-default\">Ba\u00f1arse en Mallorca en mayo, qu\u00e9 tener en cuenta antes de lanzarte al agua\n<\/h2>\t\t\t\t<\/div>\n\t\t\t\t<\/div>\n\t\t\t\t<div class=\"elementor-element elementor-element-f304d25 elementor-widget elementor-widget-text-editor\" data-id=\"f304d25\" data-element_type=\"widget\" data-e-type=\"widget\" data-widget_type=\"text-editor.default\">\n\t\t\t\t<div class=\"elementor-widget-container\">\n\t\t\t\t\t\t\t\t\t<p><span style=\"font-weight: 400;\">Aqu\u00ed viene la pregunta del mill\u00f3n, y la respuesta es s\u00ed, pero con algunos matices. El <\/span><b>mar todav\u00eda est\u00e1 m\u00e1s fresco que en julio y agosto<\/b><span style=\"font-weight: 400;\">, as\u00ed que no est\u00e1 para todos los gustos. A principios de mes puede estar bastante templado para un chapuz\u00f3n r\u00e1pido, mientras que hacia final de mayo ya apetece m\u00e1s estar un rato dentro del agua.<\/span><\/p><p><span style=\"font-weight: 400;\">Si eres de los que no se mete al mar hasta que est\u00e1 casi caliente, puede que lo notes m\u00e1s fresco. Pero <\/span><b>si te gusta nadar, refrescarte o darte un ba\u00f1o despu\u00e9s de tumbarte al sol,<\/b><span style=\"font-weight: 400;\"> mayo funciona muy bien, sobre todo en las calas m\u00e1s resguardadas.<\/span><\/p><p><span style=\"font-weight: 400;\">Lo mejor para ba\u00f1arse en Mallorca en mayo es <\/span><b>elegir las horas centrales del d\u00eda<\/b><span style=\"font-weight: 400;\">, cuando el sol calienta m\u00e1s y la sensaci\u00f3n t\u00e9rmica acompa\u00f1a. Tambi\u00e9n ayuda buscar playas o calas menos expuestas al viento. <\/span><\/p>\t\t\t\t\t\t\t\t<\/div>\n\t\t\t\t<\/div>\n\t\t\t\t<div class=\"elementor-element elementor-element-7af515d elementor-widget elementor-widget-image\" data-id=\"7af515d\" data-element_type=\"widget\" data-e-type=\"widget\" data-widget_type=\"image.default\">\n\t\t\t\t<div class=\"elementor-widget-container\">\n\t\t\t\t\t\t\t\t\t\t\t\t\t\t\t<img decoding=\"async\" width=\"1254\" height=\"626\" src=\"https:\/\/rentallorca.com\/blog\/wp-content\/uploads\/2026\/04\/tiempo-mallorca-en-mayo.jpg\" class=\"attachment-full size-full wp-image-3947\" alt=\"tiempo-mallorca-en-mayo.jpg\" srcset=\"https:\/\/rentallorca.com\/blog\/wp-content\/uploads\/2026\/04\/tiempo-mallorca-en-mayo.jpg 1254w, https:\/\/rentallorca.com\/blog\/wp-content\/uploads\/2026\/04\/tiempo-mallorca-en-mayo-300x150.jpg 300w, https:\/\/rentallorca.com\/blog\/wp-content\/uploads\/2026\/04\/tiempo-mallorca-en-mayo-1024x511.jpg 1024w, https:\/\/rentallorca.com\/blog\/wp-content\/uploads\/2026\/04\/tiempo-mallorca-en-mayo-768x383.jpg 768w\" sizes=\"(max-width: 1254px) 100vw, 1254px\" \/>\t\t\t\t\t\t\t\t\t\t\t\t\t\t\t<\/div>\n\t\t\t\t<\/div>\n\t\t\t\t\t<\/div>\n\t\t\t\t<\/div>\n\t\t<div class=\"elementor-element elementor-element-aae2f81 e-flex e-con-boxed e-con e-parent\" data-id=\"aae2f81\" data-element_type=\"container\" data-e-type=\"container\">\n\t\t\t\t\t<div class=\"e-con-inner\">\n\t\t\t\t<div class=\"elementor-element elementor-element-7567214 elementor-widget elementor-widget-heading\" data-id=\"7567214\" data-element_type=\"widget\" data-e-type=\"widget\" data-widget_type=\"heading.default\">\n\t\t\t\t<div class=\"elementor-widget-container\">\n\t\t\t\t\t<h2 class=\"elementor-heading-title elementor-size-default\">Qu\u00e9 hacer en Mallorca en mayo entre planes, excursiones y eventos\n<\/h2>\t\t\t\t<\/div>\n\t\t\t\t<\/div>\n\t\t\t\t<div class=\"elementor-element elementor-element-206cc96 elementor-widget elementor-widget-text-editor\" data-id=\"206cc96\" data-element_type=\"widget\" data-e-type=\"widget\" data-widget_type=\"text-editor.default\">\n\t\t\t\t<div class=\"elementor-widget-container\">\n\t\t\t\t\t\t\t\t\t<p><span style=\"font-weight: 400;\">Mallorca en mayo ofrece planes para todos los gustos y todas las edades, por lo que no tendr\u00e1s ninguna excusa para disfrutarlos.<\/span><\/p>\t\t\t\t\t\t\t\t<\/div>\n\t\t\t\t<\/div>\n\t\t\t\t\t<\/div>\n\t\t\t\t<\/div>\n\t\t<div class=\"elementor-element elementor-element-93e0ec4 e-flex e-con-boxed e-con e-parent\" data-id=\"93e0ec4\" data-element_type=\"container\" data-e-type=\"container\">\n\t\t\t\t\t<div class=\"e-con-inner\">\n\t\t\t\t<div class=\"elementor-element elementor-element-474347e elementor-widget elementor-widget-heading\" data-id=\"474347e\" data-element_type=\"widget\" data-e-type=\"widget\" data-widget_type=\"heading.default\">\n\t\t\t\t<div class=\"elementor-widget-container\">\n\t\t\t\t\t<h3 class=\"elementor-heading-title elementor-size-default\">Eventos y ambiente local\n<\/h3>\t\t\t\t<\/div>\n\t\t\t\t<\/div>\n\t\t\t\t<div class=\"elementor-element elementor-element-e265d46 elementor-widget elementor-widget-text-editor\" data-id=\"e265d46\" data-element_type=\"widget\" data-e-type=\"widget\" data-widget_type=\"text-editor.default\">\n\t\t\t\t<div class=\"elementor-widget-container\">\n\t\t\t\t\t\t\t\t\t<p><span style=\"font-weight: 400;\">Mayo tambi\u00e9n trae fiestas y actividades que le dan vida a la isla. Es un mes donde puedes encontrar<\/span><b> ferias, mercados y celebraciones tradicionales<\/b><span style=\"font-weight: 400;\"> en distintos puntos de Mallorca, as\u00ed que conviene mirar la agenda del lugar donde te alojes. La gracia de venir en estas fechas es precisamente esa mezcla de clima agradable y ambiente local sin saturaci\u00f3n.<\/span><\/p>\t\t\t\t\t\t\t\t<\/div>\n\t\t\t\t<\/div>\n\t\t\t\t\t<\/div>\n\t\t\t\t<\/div>\n\t\t<div class=\"elementor-element elementor-element-33f2225 e-flex e-con-boxed e-con e-parent\" data-id=\"33f2225\" data-element_type=\"container\" data-e-type=\"container\">\n\t\t\t\t\t<div class=\"e-con-inner\">\n\t\t\t\t<div class=\"elementor-element elementor-element-0228f91 elementor-widget elementor-widget-heading\" data-id=\"0228f91\" data-element_type=\"widget\" data-e-type=\"widget\" data-widget_type=\"heading.default\">\n\t\t\t\t<div class=\"elementor-widget-container\">\n\t\t\t\t\t<h3 class=\"elementor-heading-title elementor-size-default\">Planes para todo tipo de viajero\n<\/h3>\t\t\t\t<\/div>\n\t\t\t\t<\/div>\n\t\t\t\t<div class=\"elementor-element elementor-element-47b7710 elementor-widget elementor-widget-text-editor\" data-id=\"47b7710\" data-element_type=\"widget\" data-e-type=\"widget\" data-widget_type=\"text-editor.default\">\n\t\t\t\t<div class=\"elementor-widget-container\">\n\t\t\t\t\t\t\t\t\t<p><span style=\"font-weight: 400;\">En caso de ir en pareja, mayo es ideal para disfrutar de la <\/span><b>tranquilidad de las playas y calas<\/b><span style=\"font-weight: 400;\">, las cenas al aire libre y las escapadas a los pueblos del interior que no escatiman en romanticismo.<\/span><\/p><p><span style=\"font-weight: 400;\">Si viajas en familia, las excursiones por la naturaleza o las<\/span><b> playas con actividades para ni\u00f1os<\/b><span style=\"font-weight: 400;\"> son un acierto seguro. En cambio, si viajas con amigos, puedes combinar rutas, comida rica e incluso alg\u00fan d\u00eda <\/span><b>disfrutar de la noche de Mallorca<\/b><span style=\"font-weight: 400;\"> sin preocuparte de las masificaciones del verano.<\/span><\/p>\t\t\t\t\t\t\t\t<\/div>\n\t\t\t\t<\/div>\n\t\t\t\t\t<\/div>\n\t\t\t\t<\/div>\n\t\t<div class=\"elementor-element elementor-element-57d2d9de e-flex e-con-boxed e-con e-parent\" data-id=\"57d2d9de\" data-element_type=\"container\" data-e-type=\"container\">\n\t\t\t\t\t<div class=\"e-con-inner\">\n\t\t\t\t<div class=\"elementor-element elementor-element-5b9cdc3b elementor-widget elementor-widget-heading\" data-id=\"5b9cdc3b\" data-element_type=\"widget\" data-e-type=\"widget\" data-widget_type=\"heading.default\">\n\t\t\t\t<div class=\"elementor-widget-container\">\n\t\t\t\t\t<h3 class=\"elementor-heading-title elementor-size-default\">Pueblos con encanto, rutas suaves y costa tranquila\n<\/h3>\t\t\t\t<\/div>\n\t\t\t\t<\/div>\n\t\t\t\t<div class=\"elementor-element elementor-element-72a72ce2 elementor-widget elementor-widget-text-editor\" data-id=\"72a72ce2\" data-element_type=\"widget\" data-e-type=\"widget\" data-widget_type=\"text-editor.default\">\n\t\t\t\t<div class=\"elementor-widget-container\">\n\t\t\t\t\t\t\t\t\t<p><span style=\"font-weight: 400;\">Mayo es un mes fant\u00e1stico para moverse por la isla sin prisas. Los <\/span><b>pueblos del centro, del norte y del este<\/b><span style=\"font-weight: 400;\"> est\u00e1n especialmente agradables porque no hay tanta gente y puedes disfrutar del ambiente sin agobios. Puedes planear una ruta por el interior, visitar mercados locales, sentarte a comer con calma y luego rematar el d\u00eda en alguna zona costera.<\/span><\/p><p><span style=\"font-weight: 400;\">Tambi\u00e9n es un momento perfecto para hacer<\/span><b> excursiones por la naturaleza<\/b><span style=\"font-weight: 400;\">. Las temperaturas acompa\u00f1an, los caminos no se hacen pesados y el paisaje suele estar especialmente bonito. Si te apetece un plan m\u00e1s relajado, una ma\u00f1ana en el pueblo, una buena comida y un paseo al final de la tarde, funciona de maravilla.<\/span><\/p>\t\t\t\t\t\t\t\t<\/div>\n\t\t\t\t<\/div>\n\t\t\t\t<div class=\"elementor-element elementor-element-8c0795b elementor-widget elementor-widget-image\" data-id=\"8c0795b\" data-element_type=\"widget\" data-e-type=\"widget\" data-widget_type=\"image.default\">\n\t\t\t\t<div class=\"elementor-widget-container\">\n\t\t\t\t\t\t\t\t\t\t\t\t\t\t\t<img decoding=\"async\" src=\"https:\/\/rentallorca.com\/blog\/wp-content\/uploads\/elementor\/thumbs\/rutas-de-senderismo-mallorca-rd6qa9oago0nasbiptssna2d9vjiv7hpgwov53gb5c.jpg\" title=\"Two women hikers on mountain summit overlooking the mediterranean sea\" alt=\"rutas-de-senderismo-monta\u00f1as-mallorca.jpg\" loading=\"lazy\" \/>\t\t\t\t\t\t\t\t\t\t\t\t\t\t\t<\/div>\n\t\t\t\t<\/div>\n\t\t\t\t\t<\/div>\n\t\t\t\t<\/div>\n\t\t<div class=\"elementor-element elementor-element-1bbd5d41 e-flex e-con-boxed e-con e-parent\" data-id=\"1bbd5d41\" data-element_type=\"container\" data-e-type=\"container\">\n\t\t\t\t\t<div class=\"e-con-inner\">\n\t\t\t\t<div class=\"elementor-element elementor-element-1e72add4 elementor-widget elementor-widget-heading\" data-id=\"1e72add4\" data-element_type=\"widget\" data-e-type=\"widget\" data-widget_type=\"heading.default\">\n\t\t\t\t<div class=\"elementor-widget-container\">\n\t\t\t\t\t<h2 class=\"elementor-heading-title elementor-size-default\">Qu\u00e9 llevar a Mallorca en mayo para viajar con comodidad\n<\/h2>\t\t\t\t<\/div>\n\t\t\t\t<\/div>\n\t\t\t\t<div class=\"elementor-element elementor-element-1758231e elementor-widget elementor-widget-text-editor\" data-id=\"1758231e\" data-element_type=\"widget\" data-e-type=\"widget\" data-widget_type=\"text-editor.default\">\n\t\t\t\t<div class=\"elementor-widget-container\">\n\t\t\t\t\t\t\t\t\t<p><span style=\"font-weight: 400;\">La maleta de mayo en Mallorca debe ser <\/span><b>c\u00f3moda y flexible<\/b><span style=\"font-weight: 400;\">. Lo mejor es pensar en prendas que te sirvan para calorcito, pero tambi\u00e9n para tardes m\u00e1s frescas o cambios de tiempo.<\/span><\/p><p><span style=\"font-weight: 400;\">Los imprescindibles son ropa ligera, una <\/span><b>chaqueta fina o sudadera para la noche<\/b><span style=\"font-weight: 400;\"> y calzado c\u00f3modo para caminar. Para quienes quieran darse un chapuz\u00f3n, aparte del ba\u00f1ador y las chanclas, te recomendamos unos <\/span><b>escarpines<\/b><span style=\"font-weight: 400;\">, por si hay alguna roca traicionera, adem\u00e1s de la crema solar y gafas de sol.<\/span><\/p><p><span style=\"font-weight: 400;\">Si vas a hacer excursiones, <\/span><b>lleva tambi\u00e9n algo pr\u00e1ctico para moverte con facilidad.<\/b><span style=\"font-weight: 400;\"> No hace falta cargar con mucho, pero s\u00ed ir preparado para ese t\u00edpico mayo mallorqu\u00edn que puede empezar con sol, seguir con brisa y terminar con una noche bastante m\u00e1s fresca de lo que parec\u00eda.<\/span><\/p>\t\t\t\t\t\t\t\t<\/div>\n\t\t\t\t<\/div>\n\t\t\t\t\t<\/div>\n\t\t\t\t<\/div>\n\t\t<div class=\"elementor-element elementor-element-7cf5f15 e-flex e-con-boxed e-con e-parent\" data-id=\"7cf5f15\" data-element_type=\"container\" data-e-type=\"container\">\n\t\t\t\t\t<div class=\"e-con-inner\">\n\t\t\t\t<div class=\"elementor-element elementor-element-63b02f0 elementor-widget elementor-widget-heading\" data-id=\"63b02f0\" data-element_type=\"widget\" data-e-type=\"widget\" data-widget_type=\"heading.default\">\n\t\t\t\t<div class=\"elementor-widget-container\">\n\t\t\t\t\t<h2 class=\"elementor-heading-title elementor-size-default\">Por qu\u00e9 visitar Mallorca en mayo puede ser una de las mejores decisiones del a\u00f1o\n<\/h2>\t\t\t\t<\/div>\n\t\t\t\t<\/div>\n\t\t\t\t<div class=\"elementor-element elementor-element-f26b885 elementor-widget elementor-widget-text-editor\" data-id=\"f26b885\" data-element_type=\"widget\" data-e-type=\"widget\" data-widget_type=\"text-editor.default\">\n\t\t\t\t<div class=\"elementor-widget-container\">\n\t\t\t\t\t\t\t\t\t<p><span style=\"font-weight: 400;\">El mes de mayo es la <\/span><b>combinaci\u00f3n perfecta para disfrutar de la isla<\/b><span style=\"font-weight: 400;\"> con un buen clima pero sin tener que sufrir las masificaciones del verano. Los pueblos y las playas se disfrutan mejor, y las rutas y excursiones son m\u00e1s relajadas.<\/span><\/p><p><span style=\"font-weight: 400;\">Si a esto le sumas la comodidad de poder moverte por la isla, mejor todav\u00eda. <\/span><b>Alojarte en una zona bien conectada<\/b><span style=\"font-weight: 400;\"> te permitir\u00e1 visitar cualquier parte de la isla. As\u00ed, podr\u00e1s disfrutar Mallorca sin prisas y exprimir todo su encanto.<\/span><\/p>\t\t\t\t\t\t\t\t<\/div>\n\t\t\t\t<\/div>\n\t\t\t\t\t<\/div>\n\t\t\t\t<\/div>\n\t\t<div class=\"elementor-element elementor-element-2bb6dabb e-flex e-con-boxed e-con e-parent\" data-id=\"2bb6dabb\" data-element_type=\"container\" data-e-type=\"container\">\n\t\t\t\t\t<div class=\"e-con-inner\">\n\t\t\t\t<div class=\"elementor-element elementor-element-564a5ead elementor-widget elementor-widget-shortcode\" data-id=\"564a5ead\" data-element_type=\"widget\" data-e-type=\"widget\" data-widget_type=\"shortcode.default\">\n\t\t\t\t<div class=\"elementor-widget-container\">\n\t\t\t\t\t\t\t<div class=\"elementor-shortcode\">\t\t<div data-elementor-type=\"page\" data-elementor-id=\"170\" class=\"elementor elementor-170\" data-elementor-post-type=\"elementor_library\">\n\t\t\t\t<div class=\"elementor-element elementor-element-16c5e22 e-flex e-con-boxed e-con e-parent\" data-id=\"16c5e22\" data-element_type=\"container\" data-e-type=\"container\">\n\t\t\t\t\t<div class=\"e-con-inner\">\n\t\t<div class=\"elementor-element elementor-element-ac67807 e-con-full e-flex e-con e-child\" data-id=\"ac67807\" data-element_type=\"container\" data-e-type=\"container\">\n\t\t\t\t<div class=\"elementor-element elementor-element-2ab04b2 elementor-align-justify elementor-widget elementor-widget-button\" data-id=\"2ab04b2\" data-element_type=\"widget\" data-e-type=\"widget\" data-widget_type=\"button.default\">\n\t\t\t\t<div class=\"elementor-widget-container\">\n\t\t\t\t\t\t\t\t\t<div class=\"elementor-button-wrapper\">\n\t\t\t\t\t<a class=\"elementor-button elementor-button-link elementor-size-sm\" href=\"https:\/\/rentallorca.com\/alquiler\/alquileres-mallorca-e21\/\">\n\t\t\t\t\t\t<span class=\"elementor-button-content-wrapper\">\n\t\t\t\t\t\t\t\t\t<span class=\"elementor-button-text\">Alojamientos Mallorca<\/span>\n\t\t\t\t\t<\/span>\n\t\t\t\t\t<\/a>\n\t\t\t\t<\/div>\n\t\t\t\t\t\t\t\t<\/div>\n\t\t\t\t<\/div>\n\t\t\t\t<\/div>\n\t\t<div class=\"elementor-element elementor-element-6bea3dd e-con-full e-flex e-con e-child\" data-id=\"6bea3dd\" data-element_type=\"container\" data-e-type=\"container\">\n\t\t\t\t<div class=\"elementor-element elementor-element-ff8a437 elementor-align-justify elementor-widget elementor-widget-button\" data-id=\"ff8a437\" data-element_type=\"widget\" data-e-type=\"widget\" data-widget_type=\"button.default\">\n\t\t\t\t<div class=\"elementor-widget-container\">\n\t\t\t\t\t\t\t\t\t<div class=\"elementor-button-wrapper\">\n\t\t\t\t\t<a class=\"elementor-button elementor-button-link elementor-size-sm\" href=\"https:\/\/rentallorca.com\/alquiler\/apartamentos-mallorca-c1e21\/\">\n\t\t\t\t\t\t<span class=\"elementor-button-content-wrapper\">\n\t\t\t\t\t\t\t\t\t<span class=\"elementor-button-text\">Apartamentos Mallorca<\/span>\n\t\t\t\t\t<\/span>\n\t\t\t\t\t<\/a>\n\t\t\t\t<\/div>\n\t\t\t\t\t\t\t\t<\/div>\n\t\t\t\t<\/div>\n\t\t\t\t<\/div>\n\t\t<div class=\"elementor-element elementor-element-d557a64 e-con-full e-flex e-con e-child\" data-id=\"d557a64\" data-element_type=\"container\" data-e-type=\"container\">\n\t\t\t\t<div class=\"elementor-element elementor-element-4421fc4 elementor-align-justify elementor-widget elementor-widget-button\" data-id=\"4421fc4\" data-element_type=\"widget\" data-e-type=\"widget\" data-widget_type=\"button.default\">\n\t\t\t\t<div class=\"elementor-widget-container\">\n\t\t\t\t\t\t\t\t\t<div class=\"elementor-button-wrapper\">\n\t\t\t\t\t<a class=\"elementor-button elementor-button-link elementor-size-sm\" href=\"https:\/\/rentallorca.com\/alquiler\/casas-alcudia-c19d1098\/\">\n\t\t\t\t\t\t<span class=\"elementor-button-content-wrapper\">\n\t\t\t\t\t\t\t\t\t<span class=\"elementor-button-text\">Casas Mallorca<\/span>\n\t\t\t\t\t<\/span>\n\t\t\t\t\t<\/a>\n\t\t\t\t<\/div>\n\t\t\t\t\t\t\t\t<\/div>\n\t\t\t\t<\/div>\n\t\t\t\t<\/div>\n\t\t<div class=\"elementor-element elementor-element-995a361 e-con-full e-flex e-con e-child\" data-id=\"995a361\" data-element_type=\"container\" data-e-type=\"container\">\n\t\t\t\t<div class=\"elementor-element elementor-element-e6addd0 elementor-align-justify elementor-widget elementor-widget-button\" data-id=\"e6addd0\" data-element_type=\"widget\" data-e-type=\"widget\" data-widget_type=\"button.default\">\n\t\t\t\t<div class=\"elementor-widget-container\">\n\t\t\t\t\t\t\t\t\t<div class=\"elementor-button-wrapper\">\n\t\t\t\t\t<a class=\"elementor-button elementor-button-link elementor-size-sm\" href=\"https:\/\/rentallorca.com\/alquiler\/fincas-mallorca-c22e21\/\">\n\t\t\t\t\t\t<span class=\"elementor-button-content-wrapper\">\n\t\t\t\t\t\t\t\t\t<span class=\"elementor-button-text\">Fincas Mallorca<\/span>\n\t\t\t\t\t<\/span>\n\t\t\t\t\t<\/a>\n\t\t\t\t<\/div>\n\t\t\t\t\t\t\t\t<\/div>\n\t\t\t\t<\/div>\n\t\t\t\t<\/div>\n\t\t\t\t\t<\/div>\n\t\t\t\t<\/div>\n\t\t\t\t<\/div>\n\t\t<\/div>\n\t\t\t\t\t\t<\/div>\n\t\t\t\t<\/div>\n\t\t\t\t\t<\/div>\n\t\t\t\t<\/div>\n\t\t\t\t<\/div>\n\t\t","protected":false},"excerpt":{"rendered":"<p>Mayo es uno de los meses m\u00e1s agradables para descubrir Mallorca sin el ritmo del verano. La isla ya huele a temporada buena, pero todav\u00eda conserva cierto aire de tranquilidad, comer en una terraza o perderse por pueblos del centro, norte y este es un aut\u00e9ntico gustazo. Es el mes perfecto para combinar playa y [&hellip;]<\/p>\n","protected":false},"author":3,"featured_media":3950,"comment_status":"open","ping_status":"open","sticky":false,"template":"","format":"standard","meta":{"footnotes":""},"categories":[34],"tags":[],"class_list":["post-3840","post","type-post","status-publish","format-standard","has-post-thumbnail","hentry","category-mallorca-destino"],"yoast_head":"<!-- This site is optimized with the Yoast SEO plugin v27.5 - https:\/\/yoast.com\/product\/yoast-seo-wordpress\/ -->\n<title>Visitar Mallorca en mayo - Blog<\/title>\n<meta name=\"description\" content=\"Explora la magia de Mallorca en mayo. Del\u00e9itate con su clima ideal, playas tranquilas y paisajes vibrantes.\" \/>\n<meta name=\"robots\" content=\"index, follow, max-snippet:-1, max-image-preview:large, max-video-preview:-1\" \/>\n<link rel=\"canonical\" href=\"https:\/\/rentallorca.com\/blog\/mallorca-en-mayo\/\" \/>\n<meta property=\"og:locale\" content=\"es_ES\" \/>\n<meta property=\"og:type\" content=\"article\" \/>\n<meta property=\"og:title\" content=\"Visitar Mallorca en mayo - Blog\" \/>\n<meta property=\"og:description\" content=\"Explora la magia de Mallorca en mayo. Del\u00e9itate con su clima ideal, playas tranquilas y paisajes vibrantes.\" \/>\n<meta property=\"og:url\" content=\"https:\/\/rentallorca.com\/blog\/mallorca-en-mayo\/\" \/>\n<meta property=\"og:site_name\" content=\"Blog\" \/>\n<meta property=\"article:published_time\" content=\"2026-04-20T09:00:20+00:00\" \/>\n<meta property=\"article:modified_time\" content=\"2026-04-20T09:01:03+00:00\" \/>\n<meta property=\"og:image\" content=\"https:\/\/rentallorca.com\/blog\/wp-content\/uploads\/2026\/04\/mallorca-en-mayo.jpg\" \/>\n\t<meta property=\"og:image:width\" content=\"1254\" \/>\n\t<meta property=\"og:image:height\" content=\"626\" \/>\n\t<meta property=\"og:image:type\" content=\"image\/jpeg\" \/>\n<meta name=\"author\" content=\"Axel\" \/>\n<meta name=\"twitter:card\" content=\"summary_large_image\" \/>\n<meta name=\"twitter:label1\" content=\"Written by\" \/>\n\t<meta name=\"twitter:data1\" content=\"Axel\" \/>\n\t<meta name=\"twitter:label2\" content=\"Est. reading time\" \/>\n\t<meta name=\"twitter:data2\" content=\"6 minutes\" \/>\n<script type=\"application\/ld+json\" class=\"yoast-schema-graph\">{\"@context\":\"https:\\\/\\\/schema.org\",\"@graph\":[{\"@type\":\"Article\",\"@id\":\"https:\\\/\\\/rentallorca.com\\\/blog\\\/mallorca-en-mayo\\\/#article\",\"isPartOf\":{\"@id\":\"https:\\\/\\\/rentallorca.com\\\/blog\\\/mallorca-en-mayo\\\/\"},\"author\":{\"name\":\"Axel\",\"@id\":\"https:\\\/\\\/rentallorca.com\\\/blog\\\/#\\\/schema\\\/person\\\/8c5ebe5bf8d43e9757ab6869e1d4cbe4\"},\"headline\":\"Mallorca en mayo, el momento ideal para disfrutar de la isla con calma\",\"datePublished\":\"2026-04-20T09:00:20+00:00\",\"dateModified\":\"2026-04-20T09:01:03+00:00\",\"mainEntityOfPage\":{\"@id\":\"https:\\\/\\\/rentallorca.com\\\/blog\\\/mallorca-en-mayo\\\/\"},\"wordCount\":1058,\"commentCount\":0,\"image\":{\"@id\":\"https:\\\/\\\/rentallorca.com\\\/blog\\\/mallorca-en-mayo\\\/#primaryimage\"},\"thumbnailUrl\":\"https:\\\/\\\/rentallorca.com\\\/blog\\\/wp-content\\\/uploads\\\/2026\\\/04\\\/mallorca-en-mayo.jpg\",\"articleSection\":[\"Mallorca\"],\"inLanguage\":\"es\",\"potentialAction\":[{\"@type\":\"CommentAction\",\"name\":\"Comment\",\"target\":[\"https:\\\/\\\/rentallorca.com\\\/blog\\\/mallorca-en-mayo\\\/#respond\"]}]},{\"@type\":\"WebPage\",\"@id\":\"https:\\\/\\\/rentallorca.com\\\/blog\\\/mallorca-en-mayo\\\/\",\"url\":\"https:\\\/\\\/rentallorca.com\\\/blog\\\/mallorca-en-mayo\\\/\",\"name\":\"Visitar Mallorca en mayo - Blog\",\"isPartOf\":{\"@id\":\"https:\\\/\\\/rentallorca.com\\\/blog\\\/#website\"},\"primaryImageOfPage\":{\"@id\":\"https:\\\/\\\/rentallorca.com\\\/blog\\\/mallorca-en-mayo\\\/#primaryimage\"},\"image\":{\"@id\":\"https:\\\/\\\/rentallorca.com\\\/blog\\\/mallorca-en-mayo\\\/#primaryimage\"},\"thumbnailUrl\":\"https:\\\/\\\/rentallorca.com\\\/blog\\\/wp-content\\\/uploads\\\/2026\\\/04\\\/mallorca-en-mayo.jpg\",\"datePublished\":\"2026-04-20T09:00:20+00:00\",\"dateModified\":\"2026-04-20T09:01:03+00:00\",\"author\":{\"@id\":\"https:\\\/\\\/rentallorca.com\\\/blog\\\/#\\\/schema\\\/person\\\/8c5ebe5bf8d43e9757ab6869e1d4cbe4\"},\"description\":\"Explora la magia de Mallorca en mayo. Del\u00e9itate con su clima ideal, playas tranquilas y paisajes vibrantes.\",\"breadcrumb\":{\"@id\":\"https:\\\/\\\/rentallorca.com\\\/blog\\\/mallorca-en-mayo\\\/#breadcrumb\"},\"inLanguage\":\"es\",\"potentialAction\":[{\"@type\":\"ReadAction\",\"target\":[\"https:\\\/\\\/rentallorca.com\\\/blog\\\/mallorca-en-mayo\\\/\"]}]},{\"@type\":\"ImageObject\",\"inLanguage\":\"es\",\"@id\":\"https:\\\/\\\/rentallorca.com\\\/blog\\\/mallorca-en-mayo\\\/#primaryimage\",\"url\":\"https:\\\/\\\/rentallorca.com\\\/blog\\\/wp-content\\\/uploads\\\/2026\\\/04\\\/mallorca-en-mayo.jpg\",\"contentUrl\":\"https:\\\/\\\/rentallorca.com\\\/blog\\\/wp-content\\\/uploads\\\/2026\\\/04\\\/mallorca-en-mayo.jpg\",\"width\":1254,\"height\":626,\"caption\":\"Carefree young couple enjoying piggyback ride on the beach, spreading arms like airplane wings, laughing and having fun\"},{\"@type\":\"BreadcrumbList\",\"@id\":\"https:\\\/\\\/rentallorca.com\\\/blog\\\/mallorca-en-mayo\\\/#breadcrumb\",\"itemListElement\":[{\"@type\":\"ListItem\",\"position\":1,\"name\":\"Home\",\"item\":\"https:\\\/\\\/rentallorca.com\\\/blog\\\/\"},{\"@type\":\"ListItem\",\"position\":2,\"name\":\"Mallorca en mayo, el momento ideal para disfrutar de la isla con calma\"}]},{\"@type\":\"WebSite\",\"@id\":\"https:\\\/\\\/rentallorca.com\\\/blog\\\/#website\",\"url\":\"https:\\\/\\\/rentallorca.com\\\/blog\\\/\",\"name\":\"Blog\",\"description\":\"Rentallorca\",\"potentialAction\":[{\"@type\":\"SearchAction\",\"target\":{\"@type\":\"EntryPoint\",\"urlTemplate\":\"https:\\\/\\\/rentallorca.com\\\/blog\\\/?s={search_term_string}\"},\"query-input\":{\"@type\":\"PropertyValueSpecification\",\"valueRequired\":true,\"valueName\":\"search_term_string\"}}],\"inLanguage\":\"es\"},{\"@type\":\"Person\",\"@id\":\"https:\\\/\\\/rentallorca.com\\\/blog\\\/#\\\/schema\\\/person\\\/8c5ebe5bf8d43e9757ab6869e1d4cbe4\",\"name\":\"Axel\",\"image\":{\"@type\":\"ImageObject\",\"inLanguage\":\"es\",\"@id\":\"https:\\\/\\\/secure.gravatar.com\\\/avatar\\\/3bd706736e5b70f21f05f6c2d5cad746767782a4ba4b7df399c5969e2a9318fd?s=96&d=mm&r=g\",\"url\":\"https:\\\/\\\/secure.gravatar.com\\\/avatar\\\/3bd706736e5b70f21f05f6c2d5cad746767782a4ba4b7df399c5969e2a9318fd?s=96&d=mm&r=g\",\"contentUrl\":\"https:\\\/\\\/secure.gravatar.com\\\/avatar\\\/3bd706736e5b70f21f05f6c2d5cad746767782a4ba4b7df399c5969e2a9318fd?s=96&d=mm&r=g\",\"caption\":\"Axel\"},\"url\":\"https:\\\/\\\/rentallorca.com\\\/blog\\\/author\\\/axel\\\/\"}]}<\/script>\n<!-- \/ Yoast SEO plugin. -->","yoast_head_json":{"title":"Visitar Mallorca en mayo - Blog","description":"Explora la magia de Mallorca en mayo. Del\u00e9itate con su clima ideal, playas tranquilas y paisajes vibrantes.","robots":{"index":"index","follow":"follow","max-snippet":"max-snippet:-1","max-image-preview":"max-image-preview:large","max-video-preview":"max-video-preview:-1"},"canonical":"https:\/\/rentallorca.com\/blog\/mallorca-en-mayo\/","og_locale":"es_ES","og_type":"article","og_title":"Visitar Mallorca en mayo - Blog","og_description":"Explora la magia de Mallorca en mayo. Del\u00e9itate con su clima ideal, playas tranquilas y paisajes vibrantes.","og_url":"https:\/\/rentallorca.com\/blog\/mallorca-en-mayo\/","og_site_name":"Blog","article_published_time":"2026-04-20T09:00:20+00:00","article_modified_time":"2026-04-20T09:01:03+00:00","og_image":[{"width":1254,"height":626,"url":"https:\/\/rentallorca.com\/blog\/wp-content\/uploads\/2026\/04\/mallorca-en-mayo.jpg","type":"image\/jpeg"}],"author":"Axel","twitter_card":"summary_large_image","twitter_misc":{"Written by":"Axel","Est. reading time":"6 minutes"},"schema":{"@context":"https:\/\/schema.org","@graph":[{"@type":"Article","@id":"https:\/\/rentallorca.com\/blog\/mallorca-en-mayo\/#article","isPartOf":{"@id":"https:\/\/rentallorca.com\/blog\/mallorca-en-mayo\/"},"author":{"name":"Axel","@id":"https:\/\/rentallorca.com\/blog\/#\/schema\/person\/8c5ebe5bf8d43e9757ab6869e1d4cbe4"},"headline":"Mallorca en mayo, el momento ideal para disfrutar de la isla con calma","datePublished":"2026-04-20T09:00:20+00:00","dateModified":"2026-04-20T09:01:03+00:00","mainEntityOfPage":{"@id":"https:\/\/rentallorca.com\/blog\/mallorca-en-mayo\/"},"wordCount":1058,"commentCount":0,"image":{"@id":"https:\/\/rentallorca.com\/blog\/mallorca-en-mayo\/#primaryimage"},"thumbnailUrl":"https:\/\/rentallorca.com\/blog\/wp-content\/uploads\/2026\/04\/mallorca-en-mayo.jpg","articleSection":["Mallorca"],"inLanguage":"es","potentialAction":[{"@type":"CommentAction","name":"Comment","target":["https:\/\/rentallorca.com\/blog\/mallorca-en-mayo\/#respond"]}]},{"@type":"WebPage","@id":"https:\/\/rentallorca.com\/blog\/mallorca-en-mayo\/","url":"https:\/\/rentallorca.com\/blog\/mallorca-en-mayo\/","name":"Visitar Mallorca en mayo - Blog","isPartOf":{"@id":"https:\/\/rentallorca.com\/blog\/#website"},"primaryImageOfPage":{"@id":"https:\/\/rentallorca.com\/blog\/mallorca-en-mayo\/#primaryimage"},"image":{"@id":"https:\/\/rentallorca.com\/blog\/mallorca-en-mayo\/#primaryimage"},"thumbnailUrl":"https:\/\/rentallorca.com\/blog\/wp-content\/uploads\/2026\/04\/mallorca-en-mayo.jpg","datePublished":"2026-04-20T09:00:20+00:00","dateModified":"2026-04-20T09:01:03+00:00","author":{"@id":"https:\/\/rentallorca.com\/blog\/#\/schema\/person\/8c5ebe5bf8d43e9757ab6869e1d4cbe4"},"description":"Explora la magia de Mallorca en mayo. Del\u00e9itate con su clima ideal, playas tranquilas y paisajes vibrantes.","breadcrumb":{"@id":"https:\/\/rentallorca.com\/blog\/mallorca-en-mayo\/#breadcrumb"},"inLanguage":"es","potentialAction":[{"@type":"ReadAction","target":["https:\/\/rentallorca.com\/blog\/mallorca-en-mayo\/"]}]},{"@type":"ImageObject","inLanguage":"es","@id":"https:\/\/rentallorca.com\/blog\/mallorca-en-mayo\/#primaryimage","url":"https:\/\/rentallorca.com\/blog\/wp-content\/uploads\/2026\/04\/mallorca-en-mayo.jpg","contentUrl":"https:\/\/rentallorca.com\/blog\/wp-content\/uploads\/2026\/04\/mallorca-en-mayo.jpg","width":1254,"height":626,"caption":"Carefree young couple enjoying piggyback ride on the beach, spreading arms like airplane wings, laughing and having fun"},{"@type":"BreadcrumbList","@id":"https:\/\/rentallorca.com\/blog\/mallorca-en-mayo\/#breadcrumb","itemListElement":[{"@type":"ListItem","position":1,"name":"Home","item":"https:\/\/rentallorca.com\/blog\/"},{"@type":"ListItem","position":2,"name":"Mallorca en mayo, el momento ideal para disfrutar de la isla con calma"}]},{"@type":"WebSite","@id":"https:\/\/rentallorca.com\/blog\/#website","url":"https:\/\/rentallorca.com\/blog\/","name":"Blog","description":"Rentallorca","potentialAction":[{"@type":"SearchAction","target":{"@type":"EntryPoint","urlTemplate":"https:\/\/rentallorca.com\/blog\/?s={search_term_string}"},"query-input":{"@type":"PropertyValueSpecification","valueRequired":true,"valueName":"search_term_string"}}],"inLanguage":"es"},{"@type":"Person","@id":"https:\/\/rentallorca.com\/blog\/#\/schema\/person\/8c5ebe5bf8d43e9757ab6869e1d4cbe4","name":"Axel","image":{"@type":"ImageObject","inLanguage":"es","@id":"https:\/\/secure.gravatar.com\/avatar\/3bd706736e5b70f21f05f6c2d5cad746767782a4ba4b7df399c5969e2a9318fd?s=96&d=mm&r=g","url":"https:\/\/secure.gravatar.com\/avatar\/3bd706736e5b70f21f05f6c2d5cad746767782a4ba4b7df399c5969e2a9318fd?s=96&d=mm&r=g","contentUrl":"https:\/\/secure.gravatar.com\/avatar\/3bd706736e5b70f21f05f6c2d5cad746767782a4ba4b7df399c5969e2a9318fd?s=96&d=mm&r=g","caption":"Axel"},"url":"https:\/\/rentallorca.com\/blog\/author\/axel\/"}]}},"_links":{"self":[{"href":"https:\/\/rentallorca.com\/blog\/wp-json\/wp\/v2\/posts\/3840","targetHints":{"allow":["GET"]}}],"collection":[{"href":"https:\/\/rentallorca.com\/blog\/wp-json\/wp\/v2\/posts"}],"about":[{"href":"https:\/\/rentallorca.com\/blog\/wp-json\/wp\/v2\/types\/post"}],"author":[{"embeddable":true,"href":"https:\/\/rentallorca.com\/blog\/wp-json\/wp\/v2\/users\/3"}],"replies":[{"embeddable":true,"href":"https:\/\/rentallorca.com\/blog\/wp-json\/wp\/v2\/comments?post=3840"}],"version-history":[{"count":7,"href":"https:\/\/rentallorca.com\/blog\/wp-json\/wp\/v2\/posts\/3840\/revisions"}],"predecessor-version":[{"id":3955,"href":"https:\/\/rentallorca.com\/blog\/wp-json\/wp\/v2\/posts\/3840\/revisions\/3955"}],"wp:featuredmedia":[{"embeddable":true,"href":"https:\/\/rentallorca.com\/blog\/wp-json\/wp\/v2\/media\/3950"}],"wp:attachment":[{"href":"https:\/\/rentallorca.com\/blog\/wp-json\/wp\/v2\/media?parent=3840"}],"wp:term":[{"taxonomy":"category","embeddable":true,"href":"https:\/\/rentallorca.com\/blog\/wp-json\/wp\/v2\/categories?post=3840"},{"taxonomy":"post_tag","embeddable":true,"href":"https:\/\/rentallorca.com\/blog\/wp-json\/wp\/v2\/tags?post=3840"}],"curies":[{"name":"wp","href":"https:\/\/api.w.org\/{rel}","templated":true}]}}