{"id":3615,"date":"2026-02-17T16:06:23","date_gmt":"2026-02-17T16:06:23","guid":{"rendered":"https:\/\/rentallorca.com\/blog\/?p=3615"},"modified":"2026-02-17T16:11:27","modified_gmt":"2026-02-17T16:11:27","slug":"mallorca-en-marzo","status":"publish","type":"post","link":"https:\/\/rentallorca.com\/blog\/mallorca-en-marzo\/","title":{"rendered":"Mallorca en marzo es buen clima, planes y una oportunidad de oro para visitar la isla"},"content":{"rendered":"\t\t<div data-elementor-type=\"wp-post\" data-elementor-id=\"3615\" class=\"elementor elementor-3615\" data-elementor-post-type=\"post\">\n\t\t\t\t<div class=\"elementor-element elementor-element-4e3e4586 e-flex e-con-boxed e-con e-parent\" data-id=\"4e3e4586\" data-element_type=\"container\" data-e-type=\"container\">\n\t\t\t\t\t<div class=\"e-con-inner\">\n\t\t\t\t<div class=\"elementor-element elementor-element-605b4fde elementor-widget elementor-widget-text-editor\" data-id=\"605b4fde\" data-element_type=\"widget\" data-e-type=\"widget\" data-widget_type=\"text-editor.default\">\n\t\t\t\t<div class=\"elementor-widget-container\">\n\t\t\t\t\t\t\t\t\t<p><span style=\"font-weight: 400;\">Muchas personas piensan que Mallorca solo brilla en agosto, pero la realidad es bien diferente. Aunque no sea lo primero que se te pase por la cabeza, Mallorca en marzo es el momento perfecto para <\/span><b>descubrir la isla en su versi\u00f3n m\u00e1s dulce<\/b><span style=\"font-weight: 400;\">.<\/span><\/p><p><span style=\"font-weight: 400;\">Por nuestra parte, desde Rentallorca, nos encargaremos de que te sientas como uno m\u00e1s all\u00e1 donde vayas de la isla. Nuestro objetivo es que disfrutes de un lugar con menos turistas, m\u00e1s calma y calas vac\u00edas <\/span><b>a<\/b> <b>cinco minutos de donde quieras alojarte<\/b><span style=\"font-weight: 400;\">. \u00a1Sigue leyendo para descubrir Mallorca en marzo!<\/span><\/p>\t\t\t\t\t\t\t\t<\/div>\n\t\t\t\t<\/div>\n\t\t\t\t\t<\/div>\n\t\t\t\t<\/div>\n\t\t<div class=\"elementor-element elementor-element-6cecbe6b e-flex e-con-boxed e-con e-parent\" data-id=\"6cecbe6b\" data-element_type=\"container\" data-e-type=\"container\">\n\t\t\t\t\t<div class=\"e-con-inner\">\n\t\t\t\t<div class=\"elementor-element elementor-element-3b17b86e elementor-widget elementor-widget-table-of-contents\" data-id=\"3b17b86e\" data-element_type=\"widget\" data-e-type=\"widget\" data-settings=\"{&quot;headings_by_tags&quot;:[&quot;h2&quot;,&quot;h3&quot;],&quot;exclude_headings_by_selector&quot;:[],&quot;marker_view&quot;:&quot;bullets&quot;,&quot;icon&quot;:{&quot;value&quot;:&quot;&quot;,&quot;library&quot;:&quot;&quot;},&quot;no_headings_message&quot;:&quot;No headings were found on this page.&quot;,&quot;hierarchical_view&quot;:&quot;yes&quot;,&quot;min_height&quot;:{&quot;unit&quot;:&quot;px&quot;,&quot;size&quot;:&quot;&quot;,&quot;sizes&quot;:[]},&quot;min_height_tablet&quot;:{&quot;unit&quot;:&quot;px&quot;,&quot;size&quot;:&quot;&quot;,&quot;sizes&quot;:[]},&quot;min_height_mobile&quot;:{&quot;unit&quot;:&quot;px&quot;,&quot;size&quot;:&quot;&quot;,&quot;sizes&quot;:[]}}\" data-widget_type=\"table-of-contents.default\">\n\t\t\t\t<div class=\"elementor-widget-container\">\n\t\t\t\t\t\t\t\t\t<div class=\"elementor-toc__header\">\n\t\t\t\t\t\t<div class=\"elementor-toc__header-title\">\n\t\t\t\tContenidos\t\t\t<\/div>\n\t\t\t\t\t\t\t\t<\/div>\n\t\t\t\t<div id=\"elementor-toc__3b17b86e\" class=\"elementor-toc__body\">\n\t\t\t<div class=\"elementor-toc__spinner-container\">\n\t\t\t\t<svg class=\"elementor-toc__spinner eicon-animation-spin e-font-icon-svg e-eicon-loading\" aria-hidden=\"true\" viewBox=\"0 0 1000 1000\" xmlns=\"http:\/\/www.w3.org\/2000\/svg\"><path d=\"M500 975V858C696 858 858 696 858 500S696 142 500 142 142 304 142 500H25C25 237 238 25 500 25S975 237 975 500 763 975 500 975Z\"><\/path><\/svg>\t\t\t<\/div>\n\t\t<\/div>\n\t\t\t\t\t\t<\/div>\n\t\t\t\t<\/div>\n\t\t\t\t\t<\/div>\n\t\t\t\t<\/div>\n\t\t<div class=\"elementor-element elementor-element-763e9750 e-flex e-con-boxed e-con e-parent\" data-id=\"763e9750\" data-element_type=\"container\" data-e-type=\"container\">\n\t\t\t\t\t<div class=\"e-con-inner\">\n\t\t\t\t<div class=\"elementor-element elementor-element-14a2f4f3 elementor-widget elementor-widget-heading\" data-id=\"14a2f4f3\" data-element_type=\"widget\" data-e-type=\"widget\" data-widget_type=\"heading.default\">\n\t\t\t\t<div class=\"elementor-widget-container\">\n\t\t\t\t\t<h2 class=\"elementor-heading-title elementor-size-default\">\u00bfC\u00f3mo es el tiempo en Mallorca en marzo? Lo que puedes esperar del clima\n<\/h2>\t\t\t\t<\/div>\n\t\t\t\t<\/div>\n\t\t\t\t<div class=\"elementor-element elementor-element-542c197f elementor-widget elementor-widget-text-editor\" data-id=\"542c197f\" data-element_type=\"widget\" data-e-type=\"widget\" data-widget_type=\"text-editor.default\">\n\t\t\t\t<div class=\"elementor-widget-container\">\n\t\t\t\t\t\t\t\t\t<p><span style=\"font-weight: 400;\">El tiempo en Mallorca es caprichoso, s\u00ed, pero en un par de d\u00edas lo vas a adorar. Lo m\u00e1s habitual es vivir <\/span><b>d\u00edas templados <\/b><span style=\"font-weight: 400;\">que oscilan entre los 14 y los 18\u00baC, ideales para recorrer senderos sin sudar. Es verdad que las ma\u00f1anas son algo m\u00e1s frescas, pero son perfectas para un caf\u00e9 en una terraza. No te preocupes, la mayor\u00eda de tardes podr\u00e1s quitarte la chaqueta y disfrutar del sol.<\/span><\/p><p><span style=\"font-weight: 400;\">Mallorca en marzo es ese punto medio perfecto en el que no pasas fr\u00edo al aire libre, pero tampoco te derrites subiendo una cuesta hacia un mirador.<\/span> <span style=\"font-weight: 400;\">Si es cierto que el<\/span><b> mar est\u00e1 a 15\u00baC, <\/b><span style=\"font-weight: 400;\">as\u00ed que solo es apto para los m\u00e1s atrevidos y siempre con precauci\u00f3n.<\/span><\/p>\t\t\t\t\t\t\t\t<\/div>\n\t\t\t\t<\/div>\n\t\t\t\t<div class=\"elementor-element elementor-element-aade842 elementor-widget elementor-widget-image\" data-id=\"aade842\" data-element_type=\"widget\" data-e-type=\"widget\" data-widget_type=\"image.default\">\n\t\t\t\t<div class=\"elementor-widget-container\">\n\t\t\t\t\t\t\t\t\t\t\t\t\t\t\t<img fetchpriority=\"high\" decoding=\"async\" width=\"1254\" height=\"627\" src=\"https:\/\/rentallorca.com\/blog\/wp-content\/uploads\/2026\/02\/ver-mallorca-marzo.jpg\" class=\"attachment-full size-full wp-image-3638\" alt=\"ver-mallorca-marzo.jpg\" srcset=\"https:\/\/rentallorca.com\/blog\/wp-content\/uploads\/2026\/02\/ver-mallorca-marzo.jpg 1254w, https:\/\/rentallorca.com\/blog\/wp-content\/uploads\/2026\/02\/ver-mallorca-marzo-300x150.jpg 300w, https:\/\/rentallorca.com\/blog\/wp-content\/uploads\/2026\/02\/ver-mallorca-marzo-1024x512.jpg 1024w, https:\/\/rentallorca.com\/blog\/wp-content\/uploads\/2026\/02\/ver-mallorca-marzo-768x384.jpg 768w\" sizes=\"(max-width: 1254px) 100vw, 1254px\" \/>\t\t\t\t\t\t\t\t\t\t\t\t\t\t\t<\/div>\n\t\t\t\t<\/div>\n\t\t\t\t\t<\/div>\n\t\t\t\t<\/div>\n\t\t<div class=\"elementor-element elementor-element-efdaddc e-flex e-con-boxed e-con e-parent\" data-id=\"efdaddc\" data-element_type=\"container\" data-e-type=\"container\">\n\t\t\t\t\t<div class=\"e-con-inner\">\n\t\t\t\t<div class=\"elementor-element elementor-element-c27f12e elementor-widget elementor-widget-heading\" data-id=\"c27f12e\" data-element_type=\"widget\" data-e-type=\"widget\" data-widget_type=\"heading.default\">\n\t\t\t\t<div class=\"elementor-widget-container\">\n\t\t\t\t\t<h2 class=\"elementor-heading-title elementor-size-default\">Previsi\u00f3n de temperaturas, lluvias y horas de sol<\/h2>\t\t\t\t<\/div>\n\t\t\t\t<\/div>\n\t\t\t\t<div class=\"elementor-element elementor-element-6746432 elementor-widget elementor-widget-text-editor\" data-id=\"6746432\" data-element_type=\"widget\" data-e-type=\"widget\" data-widget_type=\"text-editor.default\">\n\t\t\t\t<div class=\"elementor-widget-container\">\n\t\t\t\t\t\t\t\t\t<p><b>La temperatura m\u00e1xima suele ser de unos 19\u00baC<\/b><span style=\"font-weight: 400;\">, mientras que la m\u00ednima puede llegar a los 10\u00baC, no es un fr\u00edo infernal ni un calor extremo, por lo que es perfecto para pasear. Podr\u00e1s encadenar visitas a pueblos, miradores y calas en el mismo d\u00eda sin notar ese cansancio pesado t\u00edpico del calor veraniego.<\/span><\/p><p><span style=\"font-weight: 400;\">Las <\/span><b>lluvias suelen ser cortas<\/b><span style=\"font-weight: 400;\"> pero intensas y normalmente ocurren 5 o 7 d\u00edas en la temporada, por lo que no te arruinar\u00e1n ning\u00fan plan que tengas previsto.<\/span><\/p><p><span style=\"font-weight: 400;\">Los d\u00edas cuentan con 6 horas de sol al principio de mes y 8 horas al final del mes, y cuentan con amaneceres tempranos y <\/span><b>atardeceres que llegan a las 19:30<\/b><span style=\"font-weight: 400;\"> donde ver\u00e1s colores que jam\u00e1s hab\u00edas visto antes.<\/span><\/p>\t\t\t\t\t\t\t\t<\/div>\n\t\t\t\t<\/div>\n\t\t\t\t\t<\/div>\n\t\t\t\t<\/div>\n\t\t<div class=\"elementor-element elementor-element-fd3c5c8 e-flex e-con-boxed e-con e-parent\" data-id=\"fd3c5c8\" data-element_type=\"container\" data-e-type=\"container\">\n\t\t\t\t\t<div class=\"e-con-inner\">\n\t\t\t\t<div class=\"elementor-element elementor-element-c22ed38 elementor-widget elementor-widget-heading\" data-id=\"c22ed38\" data-element_type=\"widget\" data-e-type=\"widget\" data-widget_type=\"heading.default\">\n\t\t\t\t<div class=\"elementor-widget-container\">\n\t\t\t\t\t<h2 class=\"elementor-heading-title elementor-size-default\">\u00bfQu\u00e9 ropa llevar a Mallorca en marzo? (lleva un poco de todo)\n<\/h2>\t\t\t\t<\/div>\n\t\t\t\t<\/div>\n\t\t\t\t<div class=\"elementor-element elementor-element-53ecb2e elementor-widget elementor-widget-text-editor\" data-id=\"53ecb2e\" data-element_type=\"widget\" data-e-type=\"widget\" data-widget_type=\"text-editor.default\">\n\t\t\t\t<div class=\"elementor-widget-container\">\n\t\t\t\t\t\t\t\t\t<p><span style=\"font-weight: 400;\">Para los que sean de maletero indeciso, la clave de ir a Mallorca en marzo es<\/span><b> llevar capas<\/b><span style=\"font-weight: 400;\"> como si fueras una cebolla. En el d\u00eda a d\u00eda lo mejor es que vayas con una camiseta, una sudadera ligera, pantalones c\u00f3modos y zapatillas que te permitan andar por senderos. Por las noches es mejor llevar una <\/span><b>chaqueta cortavientos<\/b><span style=\"font-weight: 400;\"> impermeable, porque la tramuntana no perdona ning\u00fan peinado.<\/span><\/p><p><span style=\"font-weight: 400;\">En caso de querer ir a la playa claramente es esencial el ba\u00f1ador, pero<\/span><b> tambi\u00e9n es recomendable llevar zapatillas acu\u00e1ticas.<\/b><span style=\"font-weight: 400;\"> Y tambi\u00e9n puedes contar con otros extras como gorra, crema solar o botas de senderismo si vas a rutas.<\/span><\/p>\t\t\t\t\t\t\t\t<\/div>\n\t\t\t\t<\/div>\n\t\t\t\t<div class=\"elementor-element elementor-element-f4fa769 elementor-widget elementor-widget-image\" data-id=\"f4fa769\" data-element_type=\"widget\" data-e-type=\"widget\" data-widget_type=\"image.default\">\n\t\t\t\t<div class=\"elementor-widget-container\">\n\t\t\t\t\t\t\t\t\t\t\t\t\t\t\t<img decoding=\"async\" width=\"1254\" height=\"626\" src=\"https:\/\/rentallorca.com\/blog\/wp-content\/uploads\/2026\/02\/tiempo-allorca-marzo.jpg\" class=\"attachment-full size-full wp-image-3644\" alt=\"tiempo-allorca-marzo.jpg\" srcset=\"https:\/\/rentallorca.com\/blog\/wp-content\/uploads\/2026\/02\/tiempo-allorca-marzo.jpg 1254w, https:\/\/rentallorca.com\/blog\/wp-content\/uploads\/2026\/02\/tiempo-allorca-marzo-300x150.jpg 300w, https:\/\/rentallorca.com\/blog\/wp-content\/uploads\/2026\/02\/tiempo-allorca-marzo-1024x511.jpg 1024w, https:\/\/rentallorca.com\/blog\/wp-content\/uploads\/2026\/02\/tiempo-allorca-marzo-768x383.jpg 768w\" sizes=\"(max-width: 1254px) 100vw, 1254px\" \/>\t\t\t\t\t\t\t\t\t\t\t\t\t\t\t<\/div>\n\t\t\t\t<\/div>\n\t\t\t\t\t<\/div>\n\t\t\t\t<\/div>\n\t\t<div class=\"elementor-element elementor-element-cf5a6a0 e-flex e-con-boxed e-con e-parent\" data-id=\"cf5a6a0\" data-element_type=\"container\" data-e-type=\"container\">\n\t\t\t\t\t<div class=\"e-con-inner\">\n\t\t\t\t<div class=\"elementor-element elementor-element-2419e28 elementor-widget elementor-widget-heading\" data-id=\"2419e28\" data-element_type=\"widget\" data-e-type=\"widget\" data-widget_type=\"heading.default\">\n\t\t\t\t<div class=\"elementor-widget-container\">\n\t\t\t\t\t<h2 class=\"elementor-heading-title elementor-size-default\">Planes y actividades recomendadas en marzo en Mallorca\n<\/h2>\t\t\t\t<\/div>\n\t\t\t\t<\/div>\n\t\t\t\t<div class=\"elementor-element elementor-element-44919e2 elementor-widget elementor-widget-text-editor\" data-id=\"44919e2\" data-element_type=\"widget\" data-e-type=\"widget\" data-widget_type=\"text-editor.default\">\n\t\t\t\t<div class=\"elementor-widget-container\">\n\t\t\t\t\t\t\t\t\t<p><span style=\"font-weight: 400;\">Para los m\u00e1s aventureros y deportistas, una opci\u00f3n es <\/span><b>recorrer la Serra de Tramuntana<\/b><span style=\"font-weight: 400;\"> con sus almendros en flor explotando en rosa, andar por los senderos vac\u00edos y disfrutar de los miradores que ser\u00e1n solo tuyos. Adem\u00e1s <\/span><b>visitar los pueblos <\/b><span style=\"font-weight: 400;\">es casi una obligaci\u00f3n porque estar\u00e9is solo t\u00fa y los locales.<\/span><\/p><p><span style=\"font-weight: 400;\">Las <\/span><b>playas<\/b><span style=\"font-weight: 400;\"> te dar\u00e1n la parte de la isla de paseos infinitos, agua cristalina y una inmensidad sin hamacas para recorrerla a tus anchas. Aunque el agua est\u00e9 fresca, pasear por la orilla, sentarte a escuchar las olas o hacer un peque\u00f1o p\u00edcnic se disfruta el doble sin turistas. Tambi\u00e9n puedes coger una bici, ir en kayak a las cuevas o incluso hacer parapente en Alc\u00fadia.<\/span><\/p>\t\t\t\t\t\t\t\t<\/div>\n\t\t\t\t<\/div>\n\t\t\t\t\t<\/div>\n\t\t\t\t<\/div>\n\t\t<div class=\"elementor-element elementor-element-9410c7d e-flex e-con-boxed e-con e-parent\" data-id=\"9410c7d\" data-element_type=\"container\" data-e-type=\"container\">\n\t\t\t\t\t<div class=\"e-con-inner\">\n\t\t\t\t<div class=\"elementor-element elementor-element-37a2344 elementor-widget elementor-widget-heading\" data-id=\"37a2344\" data-element_type=\"widget\" data-e-type=\"widget\" data-widget_type=\"heading.default\">\n\t\t\t\t<div class=\"elementor-widget-container\">\n\t\t\t\t\t<h2 class=\"elementor-heading-title elementor-size-default\">Eventos y fiestas que no te puedes perder<\/h2>\t\t\t\t<\/div>\n\t\t\t\t<\/div>\n\t\t\t\t<div class=\"elementor-element elementor-element-990729f elementor-widget elementor-widget-text-editor\" data-id=\"990729f\" data-element_type=\"widget\" data-e-type=\"widget\" data-widget_type=\"text-editor.default\">\n\t\t\t\t<div class=\"elementor-widget-container\">\n\t\t\t\t\t\t\t\t\t<p><span style=\"font-weight: 400;\">Hay <\/span><b>un mont\u00f3n de planes que puedes disfrutar<\/b><span style=\"font-weight: 400;\">, solo tienes que elegir los que m\u00e1s te apetezcan. Vemos a continuaci\u00f3n los m\u00e1s interesantes:\u00a0<\/span><\/p>\t\t\t\t\t\t\t\t<\/div>\n\t\t\t\t<\/div>\n\t\t\t\t\t<\/div>\n\t\t\t\t<\/div>\n\t\t<div class=\"elementor-element elementor-element-73a851f9 e-flex e-con-boxed e-con e-parent\" data-id=\"73a851f9\" data-element_type=\"container\" data-e-type=\"container\">\n\t\t\t\t\t<div class=\"e-con-inner\">\n\t\t\t\t<div class=\"elementor-element elementor-element-1065aae4 elementor-widget elementor-widget-heading\" data-id=\"1065aae4\" data-element_type=\"widget\" data-e-type=\"widget\" data-widget_type=\"heading.default\">\n\t\t\t\t<div class=\"elementor-widget-container\">\n\t\t\t\t\t<h3 class=\"elementor-heading-title elementor-size-default\">Floraci\u00f3n Almendro: bosques rosados isla entera\n<\/h3>\t\t\t\t<\/div>\n\t\t\t\t<\/div>\n\t\t\t\t<div class=\"elementor-element elementor-element-ffac54e elementor-widget elementor-widget-text-editor\" data-id=\"ffac54e\" data-element_type=\"widget\" data-e-type=\"widget\" data-widget_type=\"text-editor.default\">\n\t\t\t\t<div class=\"elementor-widget-container\">\n\t\t\t\t\t\t\t\t\t<p><span style=\"font-weight: 400;\">A mediados marzo los almendros en flor transforman Bunyola, Valldemossa, Inca y Santa Mar\u00eda Cam\u00ed en un <\/span><b>rosa puro<\/b><span style=\"font-weight: 400;\">. Las rutas en coche esc\u00e9nicas o bici se convierten en una aventura por <\/span><b>campos perfumados<\/b><span style=\"font-weight: 400;\">, y podr\u00e1s capturar esa magia en fotograf\u00edas nunca antes hechas. <\/span><\/p>\t\t\t\t\t\t\t\t<\/div>\n\t\t\t\t<\/div>\n\t\t\t\t<div class=\"elementor-element elementor-element-4023d17 elementor-widget elementor-widget-image\" data-id=\"4023d17\" data-element_type=\"widget\" data-e-type=\"widget\" data-widget_type=\"image.default\">\n\t\t\t\t<div class=\"elementor-widget-container\">\n\t\t\t\t\t\t\t\t\t\t\t\t\t\t\t<img decoding=\"async\" width=\"1222\" height=\"611\" src=\"https:\/\/rentallorca.com\/blog\/wp-content\/uploads\/2026\/02\/Mallorca-en-Marzo.jpg\" class=\"attachment-full size-full wp-image-3641\" alt=\"Mallorca-en-Marzo.jpg\" srcset=\"https:\/\/rentallorca.com\/blog\/wp-content\/uploads\/2026\/02\/Mallorca-en-Marzo.jpg 1222w, https:\/\/rentallorca.com\/blog\/wp-content\/uploads\/2026\/02\/Mallorca-en-Marzo-300x150.jpg 300w, https:\/\/rentallorca.com\/blog\/wp-content\/uploads\/2026\/02\/Mallorca-en-Marzo-1024x512.jpg 1024w, https:\/\/rentallorca.com\/blog\/wp-content\/uploads\/2026\/02\/Mallorca-en-Marzo-768x384.jpg 768w\" sizes=\"(max-width: 1222px) 100vw, 1222px\" \/>\t\t\t\t\t\t\t\t\t\t\t\t\t\t\t<\/div>\n\t\t\t\t<\/div>\n\t\t\t\t\t<\/div>\n\t\t\t\t<\/div>\n\t\t<div class=\"elementor-element elementor-element-d8d82ca e-flex e-con-boxed e-con e-parent\" data-id=\"d8d82ca\" data-element_type=\"container\" data-e-type=\"container\">\n\t\t\t\t\t<div class=\"e-con-inner\">\n\t\t\t\t<div class=\"elementor-element elementor-element-0d16950 elementor-widget elementor-widget-heading\" data-id=\"0d16950\" data-element_type=\"widget\" data-e-type=\"widget\" data-widget_type=\"heading.default\">\n\t\t\t\t<div class=\"elementor-widget-container\">\n\t\t\t\t\t<h3 class=\"elementor-heading-title elementor-size-default\">Fira d'Inca y mercados primaverales aut\u00e9nticos\n<\/h3>\t\t\t\t<\/div>\n\t\t\t\t<\/div>\n\t\t\t\t<div class=\"elementor-element elementor-element-dd80646 elementor-widget elementor-widget-text-editor\" data-id=\"dd80646\" data-element_type=\"widget\" data-e-type=\"widget\" data-widget_type=\"text-editor.default\">\n\t\t\t\t<div class=\"elementor-widget-container\">\n\t\t\t\t\t\t\t\t\t<p><span style=\"font-weight: 400;\">En Fira d\u2019Inca podr\u00e1s convertirte en un aut\u00e9ntico local disfrutando de una <\/span><b>artesan\u00eda \u00fanica<\/b><span style=\"font-weight: 400;\"> y acudir al <\/span><b>Mercado Sineu<\/b><span style=\"font-weight: 400;\">, que los mi\u00e9rcoles es medieval por completo. Encontrar\u00e1s <\/span><b>productos locales<\/b><span style=\"font-weight: 400;\"> como sobrasada, quesos curados, dulces caseros tentadores y un ambiente isle\u00f1o puro sin turistas postureando.<\/span><\/p>\t\t\t\t\t\t\t\t<\/div>\n\t\t\t\t<\/div>\n\t\t\t\t\t<\/div>\n\t\t\t\t<\/div>\n\t\t<div class=\"elementor-element elementor-element-c169d71 e-flex e-con-boxed e-con e-parent\" data-id=\"c169d71\" data-element_type=\"container\" data-e-type=\"container\">\n\t\t\t\t\t<div class=\"e-con-inner\">\n\t\t\t\t<div class=\"elementor-element elementor-element-191056e elementor-widget elementor-widget-heading\" data-id=\"191056e\" data-element_type=\"widget\" data-e-type=\"widget\" data-widget_type=\"heading.default\">\n\t\t\t\t<div class=\"elementor-widget-container\">\n\t\t\t\t\t<h3 class=\"elementor-heading-title elementor-size-default\">San Patricio y precarnaval tempranero<\/h3>\t\t\t\t<\/div>\n\t\t\t\t<\/div>\n\t\t\t\t<div class=\"elementor-element elementor-element-446ad9c elementor-widget elementor-widget-text-editor\" data-id=\"446ad9c\" data-element_type=\"widget\" data-e-type=\"widget\" data-widget_type=\"text-editor.default\">\n\t\t\t\t<div class=\"elementor-widget-container\">\n\t\t\t\t\t\t\t\t\t<p><span style=\"font-weight: 400;\">El <\/span><b>17 de marzo<\/b><span style=\"font-weight: 400;\"> se celebra San Patricio, donde las calles se ti\u00f1en de verde por los desfiles y la m\u00fasica irlandesa se fusiona con la de la isla. Tambi\u00e9n puedes disfrutar del precarnaval de los pueblos con comparsas coloridas, bailes espont\u00e1neos o las fiestas de los distintos pueblos.<\/span><\/p>\t\t\t\t\t\t\t\t<\/div>\n\t\t\t\t<\/div>\n\t\t\t\t\t<\/div>\n\t\t\t\t<\/div>\n\t\t<div class=\"elementor-element elementor-element-f517228 e-flex e-con-boxed e-con e-parent\" data-id=\"f517228\" data-element_type=\"container\" data-e-type=\"container\">\n\t\t\t\t\t<div class=\"e-con-inner\">\n\t\t\t\t<div class=\"elementor-element elementor-element-1ed56139 elementor-widget elementor-widget-heading\" data-id=\"1ed56139\" data-element_type=\"widget\" data-e-type=\"widget\" data-widget_type=\"heading.default\">\n\t\t\t\t<div class=\"elementor-widget-container\">\n\t\t\t\t\t<h2 class=\"elementor-heading-title elementor-size-default\">\u00bfCu\u00e1les son las ventajas de viajar en temporada baja?<\/h2>\t\t\t\t<\/div>\n\t\t\t\t<\/div>\n\t\t\t\t<div class=\"elementor-element elementor-element-47a0c5e7 elementor-widget elementor-widget-text-editor\" data-id=\"47a0c5e7\" data-element_type=\"widget\" data-e-type=\"widget\" data-widget_type=\"text-editor.default\">\n\t\t\t\t<div class=\"elementor-widget-container\">\n\t\t\t\t\t\t\t\t\t<p><span style=\"font-weight: 400;\">Marzo en Mallorca es una goleada absoluta, ya que los <\/span><b>precios son m\u00e1s bajos<\/b><span style=\"font-weight: 400;\"> tanto de los vuelos como de los alojamientos se reducen casi un 50%, encontrar\u00e1s m\u00e1s parkings libres, restaurantes sin tener que reservar mesas y playas desiertas.<\/span><\/p><p><span style=\"font-weight: 400;\">Disfrutar\u00e1s de la <\/span><b>autenticidad de la isla <\/b><span style=\"font-weight: 400;\">con los mercados repletos de sus habitantes, rutas de senderismo sin colas y una naturaleza en su m\u00e1ximo esplendor. Adem\u00e1s de contar con flexibilidad total para cambios y cancelaciones, sin ning\u00fan tipo de estr\u00e9s para que puedas ir a tu ritmo.<\/span><\/p>\t\t\t\t\t\t\t\t<\/div>\n\t\t\t\t<\/div>\n\t\t\t\t<div class=\"elementor-element elementor-element-8b1eb67 elementor-widget elementor-widget-image\" data-id=\"8b1eb67\" data-element_type=\"widget\" data-e-type=\"widget\" data-widget_type=\"image.default\">\n\t\t\t\t<div class=\"elementor-widget-container\">\n\t\t\t\t\t\t\t\t\t\t\t\t\t\t\t<img loading=\"lazy\" decoding=\"async\" width=\"800\" height=\"400\" src=\"https:\/\/rentallorca.com\/blog\/wp-content\/uploads\/2026\/02\/mallorca-marzo-1024x512.jpg\" class=\"attachment-large size-large wp-image-3648\" alt=\"mallorca marzo\" srcset=\"https:\/\/rentallorca.com\/blog\/wp-content\/uploads\/2026\/02\/mallorca-marzo-1024x512.jpg 1024w, https:\/\/rentallorca.com\/blog\/wp-content\/uploads\/2026\/02\/mallorca-marzo-300x150.jpg 300w, https:\/\/rentallorca.com\/blog\/wp-content\/uploads\/2026\/02\/mallorca-marzo-768x384.jpg 768w, https:\/\/rentallorca.com\/blog\/wp-content\/uploads\/2026\/02\/mallorca-marzo-1536x768.jpg 1536w, https:\/\/rentallorca.com\/blog\/wp-content\/uploads\/2026\/02\/mallorca-marzo.jpg 1920w\" sizes=\"(max-width: 800px) 100vw, 800px\" \/>\t\t\t\t\t\t\t\t\t\t\t\t\t\t\t<\/div>\n\t\t\t\t<\/div>\n\t\t\t\t\t<\/div>\n\t\t\t\t<\/div>\n\t\t<div class=\"elementor-element elementor-element-131c3b0 e-flex e-con-boxed e-con e-parent\" data-id=\"131c3b0\" data-element_type=\"container\" data-e-type=\"container\">\n\t\t\t\t\t<div class=\"e-con-inner\">\n\t\t\t\t<div class=\"elementor-element elementor-element-f3bc053 elementor-widget elementor-widget-heading\" data-id=\"f3bc053\" data-element_type=\"widget\" data-e-type=\"widget\" data-widget_type=\"heading.default\">\n\t\t\t\t<div class=\"elementor-widget-container\">\n\t\t\t\t\t<h2 class=\"elementor-heading-title elementor-size-default\">Marzo, el mes perfecto para ver la otra cara de Mallorca<\/h2>\t\t\t\t<\/div>\n\t\t\t\t<\/div>\n\t\t\t\t<div class=\"elementor-element elementor-element-df92ba0 elementor-widget elementor-widget-text-editor\" data-id=\"df92ba0\" data-element_type=\"widget\" data-e-type=\"widget\" data-widget_type=\"text-editor.default\">\n\t\t\t\t<div class=\"elementor-widget-container\">\n\t\t\t\t\t\t\t\t\t<p><span style=\"font-weight: 400;\">El tiempo en marzo en Mallorca es generoso, disfrutar\u00e1s de los<\/span><b> planes sin multitudes <\/b><span style=\"font-weight: 400;\">agobiantes y la luz primaveral te transformar\u00e1. La isla te dar\u00e1 un reset vital completo con los almendros en flor, las playas vac\u00edas con sus horizontes abiertos, un sol tibio y suave y sabores locales puros.<\/span><\/p><p><span style=\"font-weight: 400;\">En Rentallorca te proporcionamos<\/span><b> alojamientos en el coraz\u00f3n de una isla aut\u00e9ntica<\/b><span style=\"font-weight: 400;\"> para que puedas disfrutar sin preocuparte de la localizaci\u00f3n de tu estancia. As\u00ed que reserva tu vuelo para acudir al verdadero despertar de Mallorca y\u2026 \u00a1contacta con nosotros para reservar tu apartamento antes de que se acaben!<\/span><\/p>\t\t\t\t\t\t\t\t<\/div>\n\t\t\t\t<\/div>\n\t\t\t\t\t<\/div>\n\t\t\t\t<\/div>\n\t\t<div class=\"elementor-element elementor-element-16e597e e-flex e-con-boxed e-con e-parent\" data-id=\"16e597e\" data-element_type=\"container\" data-e-type=\"container\">\n\t\t\t\t\t<div class=\"e-con-inner\">\n\t\t\t\t<div class=\"elementor-element elementor-element-66b5b77a elementor-widget elementor-widget-shortcode\" data-id=\"66b5b77a\" data-element_type=\"widget\" data-e-type=\"widget\" data-widget_type=\"shortcode.default\">\n\t\t\t\t<div class=\"elementor-widget-container\">\n\t\t\t\t\t\t\t<div class=\"elementor-shortcode\">\t\t<div data-elementor-type=\"page\" data-elementor-id=\"170\" class=\"elementor elementor-170\" data-elementor-post-type=\"elementor_library\">\n\t\t\t\t<div class=\"elementor-element elementor-element-16c5e22 e-flex e-con-boxed e-con e-parent\" data-id=\"16c5e22\" data-element_type=\"container\" data-e-type=\"container\">\n\t\t\t\t\t<div class=\"e-con-inner\">\n\t\t<div class=\"elementor-element elementor-element-ac67807 e-con-full e-flex e-con e-child\" data-id=\"ac67807\" data-element_type=\"container\" data-e-type=\"container\">\n\t\t\t\t<div class=\"elementor-element elementor-element-2ab04b2 elementor-align-justify elementor-widget elementor-widget-button\" data-id=\"2ab04b2\" data-element_type=\"widget\" data-e-type=\"widget\" data-widget_type=\"button.default\">\n\t\t\t\t<div class=\"elementor-widget-container\">\n\t\t\t\t\t\t\t\t\t<div class=\"elementor-button-wrapper\">\n\t\t\t\t\t<a class=\"elementor-button elementor-button-link elementor-size-sm\" href=\"https:\/\/rentallorca.com\/alquiler\/alquileres-mallorca-e21\/\">\n\t\t\t\t\t\t<span class=\"elementor-button-content-wrapper\">\n\t\t\t\t\t\t\t\t\t<span class=\"elementor-button-text\">Alojamientos Mallorca<\/span>\n\t\t\t\t\t<\/span>\n\t\t\t\t\t<\/a>\n\t\t\t\t<\/div>\n\t\t\t\t\t\t\t\t<\/div>\n\t\t\t\t<\/div>\n\t\t\t\t<\/div>\n\t\t<div class=\"elementor-element elementor-element-6bea3dd e-con-full e-flex e-con e-child\" data-id=\"6bea3dd\" data-element_type=\"container\" data-e-type=\"container\">\n\t\t\t\t<div class=\"elementor-element elementor-element-ff8a437 elementor-align-justify elementor-widget elementor-widget-button\" data-id=\"ff8a437\" data-element_type=\"widget\" data-e-type=\"widget\" data-widget_type=\"button.default\">\n\t\t\t\t<div class=\"elementor-widget-container\">\n\t\t\t\t\t\t\t\t\t<div class=\"elementor-button-wrapper\">\n\t\t\t\t\t<a class=\"elementor-button elementor-button-link elementor-size-sm\" href=\"https:\/\/rentallorca.com\/alquiler\/apartamentos-mallorca-c1e21\/\">\n\t\t\t\t\t\t<span class=\"elementor-button-content-wrapper\">\n\t\t\t\t\t\t\t\t\t<span class=\"elementor-button-text\">Apartamentos Mallorca<\/span>\n\t\t\t\t\t<\/span>\n\t\t\t\t\t<\/a>\n\t\t\t\t<\/div>\n\t\t\t\t\t\t\t\t<\/div>\n\t\t\t\t<\/div>\n\t\t\t\t<\/div>\n\t\t<div class=\"elementor-element elementor-element-d557a64 e-con-full e-flex e-con e-child\" data-id=\"d557a64\" data-element_type=\"container\" data-e-type=\"container\">\n\t\t\t\t<div class=\"elementor-element elementor-element-4421fc4 elementor-align-justify elementor-widget elementor-widget-button\" data-id=\"4421fc4\" data-element_type=\"widget\" data-e-type=\"widget\" data-widget_type=\"button.default\">\n\t\t\t\t<div class=\"elementor-widget-container\">\n\t\t\t\t\t\t\t\t\t<div class=\"elementor-button-wrapper\">\n\t\t\t\t\t<a class=\"elementor-button elementor-button-link elementor-size-sm\" href=\"https:\/\/rentallorca.com\/alquiler\/casas-alcudia-c19d1098\/\">\n\t\t\t\t\t\t<span class=\"elementor-button-content-wrapper\">\n\t\t\t\t\t\t\t\t\t<span class=\"elementor-button-text\">Casas Mallorca<\/span>\n\t\t\t\t\t<\/span>\n\t\t\t\t\t<\/a>\n\t\t\t\t<\/div>\n\t\t\t\t\t\t\t\t<\/div>\n\t\t\t\t<\/div>\n\t\t\t\t<\/div>\n\t\t<div class=\"elementor-element elementor-element-995a361 e-con-full e-flex e-con e-child\" data-id=\"995a361\" data-element_type=\"container\" data-e-type=\"container\">\n\t\t\t\t<div class=\"elementor-element elementor-element-e6addd0 elementor-align-justify elementor-widget elementor-widget-button\" data-id=\"e6addd0\" data-element_type=\"widget\" data-e-type=\"widget\" data-widget_type=\"button.default\">\n\t\t\t\t<div class=\"elementor-widget-container\">\n\t\t\t\t\t\t\t\t\t<div class=\"elementor-button-wrapper\">\n\t\t\t\t\t<a class=\"elementor-button elementor-button-link elementor-size-sm\" href=\"https:\/\/rentallorca.com\/alquiler\/fincas-mallorca-c22e21\/\">\n\t\t\t\t\t\t<span class=\"elementor-button-content-wrapper\">\n\t\t\t\t\t\t\t\t\t<span class=\"elementor-button-text\">Fincas Mallorca<\/span>\n\t\t\t\t\t<\/span>\n\t\t\t\t\t<\/a>\n\t\t\t\t<\/div>\n\t\t\t\t\t\t\t\t<\/div>\n\t\t\t\t<\/div>\n\t\t\t\t<\/div>\n\t\t\t\t\t<\/div>\n\t\t\t\t<\/div>\n\t\t\t\t<\/div>\n\t\t<\/div>\n\t\t\t\t\t\t<\/div>\n\t\t\t\t<\/div>\n\t\t\t\t\t<\/div>\n\t\t\t\t<\/div>\n\t\t\t\t<\/div>\n\t\t","protected":false},"excerpt":{"rendered":"<p>Muchas personas piensan que Mallorca solo brilla en agosto, pero la realidad es bien diferente. Aunque no sea lo primero que se te pase por la cabeza, Mallorca en marzo es el momento perfecto para descubrir la isla en su versi\u00f3n m\u00e1s dulce. Por nuestra parte, desde Rentallorca, nos encargaremos de que te sientas como [&hellip;]<\/p>\n","protected":false},"author":3,"featured_media":3648,"comment_status":"open","ping_status":"open","sticky":false,"template":"","format":"standard","meta":{"footnotes":""},"categories":[1],"tags":[],"class_list":["post-3615","post","type-post","status-publish","format-standard","has-post-thumbnail","hentry","category-mallorca"],"yoast_head":"<!-- This site is optimized with the Yoast SEO plugin v27.4 - https:\/\/yoast.com\/product\/yoast-seo-wordpress\/ -->\n<title>Mallorca en marzo - Blog<\/title>\n<meta name=\"description\" content=\"\u00bfPlaneas una escapada? Descubre el clima ideal de Mallorca en marzo y disfruta de sus paisajes. \u00a1Organiza tu viaje perfecto con nuestros consejos exclusivos!\" \/>\n<meta name=\"robots\" content=\"index, follow, max-snippet:-1, max-image-preview:large, max-video-preview:-1\" \/>\n<link rel=\"canonical\" href=\"https:\/\/rentallorca.com\/blog\/mallorca-en-marzo\/\" \/>\n<meta property=\"og:locale\" content=\"es_ES\" \/>\n<meta property=\"og:type\" content=\"article\" \/>\n<meta property=\"og:title\" content=\"Mallorca en marzo - Blog\" \/>\n<meta property=\"og:description\" content=\"\u00bfPlaneas una escapada? Descubre el clima ideal de Mallorca en marzo y disfruta de sus paisajes. \u00a1Organiza tu viaje perfecto con nuestros consejos exclusivos!\" \/>\n<meta property=\"og:url\" content=\"https:\/\/rentallorca.com\/blog\/mallorca-en-marzo\/\" \/>\n<meta property=\"og:site_name\" content=\"Blog\" \/>\n<meta property=\"article:published_time\" content=\"2026-02-17T16:06:23+00:00\" \/>\n<meta property=\"article:modified_time\" content=\"2026-02-17T16:11:27+00:00\" \/>\n<meta property=\"og:image\" content=\"https:\/\/rentallorca.com\/blog\/wp-content\/uploads\/2026\/02\/mallorca-marzo.jpg\" \/>\n\t<meta property=\"og:image:width\" content=\"1920\" \/>\n\t<meta property=\"og:image:height\" content=\"960\" \/>\n\t<meta property=\"og:image:type\" content=\"image\/jpeg\" \/>\n<meta name=\"author\" content=\"Axel\" \/>\n<meta name=\"twitter:card\" content=\"summary_large_image\" \/>\n<meta name=\"twitter:label1\" content=\"Written by\" \/>\n\t<meta name=\"twitter:data1\" content=\"Axel\" \/>\n\t<meta name=\"twitter:label2\" content=\"Est. reading time\" \/>\n\t<meta name=\"twitter:data2\" content=\"6 minutes\" \/>\n<script type=\"application\/ld+json\" class=\"yoast-schema-graph\">{\"@context\":\"https:\\\/\\\/schema.org\",\"@graph\":[{\"@type\":\"Article\",\"@id\":\"https:\\\/\\\/rentallorca.com\\\/blog\\\/mallorca-en-marzo\\\/#article\",\"isPartOf\":{\"@id\":\"https:\\\/\\\/rentallorca.com\\\/blog\\\/mallorca-en-marzo\\\/\"},\"author\":{\"name\":\"Axel\",\"@id\":\"https:\\\/\\\/rentallorca.com\\\/blog\\\/#\\\/schema\\\/person\\\/8c5ebe5bf8d43e9757ab6869e1d4cbe4\"},\"headline\":\"Mallorca en marzo es buen clima, planes y una oportunidad de oro para visitar la isla\",\"datePublished\":\"2026-02-17T16:06:23+00:00\",\"dateModified\":\"2026-02-17T16:11:27+00:00\",\"mainEntityOfPage\":{\"@id\":\"https:\\\/\\\/rentallorca.com\\\/blog\\\/mallorca-en-marzo\\\/\"},\"wordCount\":1087,\"commentCount\":0,\"image\":{\"@id\":\"https:\\\/\\\/rentallorca.com\\\/blog\\\/mallorca-en-marzo\\\/#primaryimage\"},\"thumbnailUrl\":\"https:\\\/\\\/rentallorca.com\\\/blog\\\/wp-content\\\/uploads\\\/2026\\\/02\\\/mallorca-marzo.jpg\",\"articleSection\":[\"Mallorca\"],\"inLanguage\":\"es\",\"potentialAction\":[{\"@type\":\"CommentAction\",\"name\":\"Comment\",\"target\":[\"https:\\\/\\\/rentallorca.com\\\/blog\\\/mallorca-en-marzo\\\/#respond\"]}]},{\"@type\":\"WebPage\",\"@id\":\"https:\\\/\\\/rentallorca.com\\\/blog\\\/mallorca-en-marzo\\\/\",\"url\":\"https:\\\/\\\/rentallorca.com\\\/blog\\\/mallorca-en-marzo\\\/\",\"name\":\"Mallorca en marzo - Blog\",\"isPartOf\":{\"@id\":\"https:\\\/\\\/rentallorca.com\\\/blog\\\/#website\"},\"primaryImageOfPage\":{\"@id\":\"https:\\\/\\\/rentallorca.com\\\/blog\\\/mallorca-en-marzo\\\/#primaryimage\"},\"image\":{\"@id\":\"https:\\\/\\\/rentallorca.com\\\/blog\\\/mallorca-en-marzo\\\/#primaryimage\"},\"thumbnailUrl\":\"https:\\\/\\\/rentallorca.com\\\/blog\\\/wp-content\\\/uploads\\\/2026\\\/02\\\/mallorca-marzo.jpg\",\"datePublished\":\"2026-02-17T16:06:23+00:00\",\"dateModified\":\"2026-02-17T16:11:27+00:00\",\"author\":{\"@id\":\"https:\\\/\\\/rentallorca.com\\\/blog\\\/#\\\/schema\\\/person\\\/8c5ebe5bf8d43e9757ab6869e1d4cbe4\"},\"description\":\"\u00bfPlaneas una escapada? Descubre el clima ideal de Mallorca en marzo y disfruta de sus paisajes. \u00a1Organiza tu viaje perfecto con nuestros consejos exclusivos!\",\"breadcrumb\":{\"@id\":\"https:\\\/\\\/rentallorca.com\\\/blog\\\/mallorca-en-marzo\\\/#breadcrumb\"},\"inLanguage\":\"es\",\"potentialAction\":[{\"@type\":\"ReadAction\",\"target\":[\"https:\\\/\\\/rentallorca.com\\\/blog\\\/mallorca-en-marzo\\\/\"]}]},{\"@type\":\"ImageObject\",\"inLanguage\":\"es\",\"@id\":\"https:\\\/\\\/rentallorca.com\\\/blog\\\/mallorca-en-marzo\\\/#primaryimage\",\"url\":\"https:\\\/\\\/rentallorca.com\\\/blog\\\/wp-content\\\/uploads\\\/2026\\\/02\\\/mallorca-marzo.jpg\",\"contentUrl\":\"https:\\\/\\\/rentallorca.com\\\/blog\\\/wp-content\\\/uploads\\\/2026\\\/02\\\/mallorca-marzo.jpg\",\"width\":1920,\"height\":960,\"caption\":\"mallorca marzo\"},{\"@type\":\"BreadcrumbList\",\"@id\":\"https:\\\/\\\/rentallorca.com\\\/blog\\\/mallorca-en-marzo\\\/#breadcrumb\",\"itemListElement\":[{\"@type\":\"ListItem\",\"position\":1,\"name\":\"Home\",\"item\":\"https:\\\/\\\/rentallorca.com\\\/blog\\\/\"},{\"@type\":\"ListItem\",\"position\":2,\"name\":\"Mallorca en marzo es buen clima, planes y una oportunidad de oro para visitar la isla\"}]},{\"@type\":\"WebSite\",\"@id\":\"https:\\\/\\\/rentallorca.com\\\/blog\\\/#website\",\"url\":\"https:\\\/\\\/rentallorca.com\\\/blog\\\/\",\"name\":\"Blog\",\"description\":\"Rentallorca\",\"potentialAction\":[{\"@type\":\"SearchAction\",\"target\":{\"@type\":\"EntryPoint\",\"urlTemplate\":\"https:\\\/\\\/rentallorca.com\\\/blog\\\/?s={search_term_string}\"},\"query-input\":{\"@type\":\"PropertyValueSpecification\",\"valueRequired\":true,\"valueName\":\"search_term_string\"}}],\"inLanguage\":\"es\"},{\"@type\":\"Person\",\"@id\":\"https:\\\/\\\/rentallorca.com\\\/blog\\\/#\\\/schema\\\/person\\\/8c5ebe5bf8d43e9757ab6869e1d4cbe4\",\"name\":\"Axel\",\"image\":{\"@type\":\"ImageObject\",\"inLanguage\":\"es\",\"@id\":\"https:\\\/\\\/secure.gravatar.com\\\/avatar\\\/3bd706736e5b70f21f05f6c2d5cad746767782a4ba4b7df399c5969e2a9318fd?s=96&d=mm&r=g\",\"url\":\"https:\\\/\\\/secure.gravatar.com\\\/avatar\\\/3bd706736e5b70f21f05f6c2d5cad746767782a4ba4b7df399c5969e2a9318fd?s=96&d=mm&r=g\",\"contentUrl\":\"https:\\\/\\\/secure.gravatar.com\\\/avatar\\\/3bd706736e5b70f21f05f6c2d5cad746767782a4ba4b7df399c5969e2a9318fd?s=96&d=mm&r=g\",\"caption\":\"Axel\"},\"url\":\"https:\\\/\\\/rentallorca.com\\\/blog\\\/author\\\/axel\\\/\"}]}<\/script>\n<!-- \/ Yoast SEO plugin. -->","yoast_head_json":{"title":"Mallorca en marzo - Blog","description":"\u00bfPlaneas una escapada? Descubre el clima ideal de Mallorca en marzo y disfruta de sus paisajes. \u00a1Organiza tu viaje perfecto con nuestros consejos exclusivos!","robots":{"index":"index","follow":"follow","max-snippet":"max-snippet:-1","max-image-preview":"max-image-preview:large","max-video-preview":"max-video-preview:-1"},"canonical":"https:\/\/rentallorca.com\/blog\/mallorca-en-marzo\/","og_locale":"es_ES","og_type":"article","og_title":"Mallorca en marzo - Blog","og_description":"\u00bfPlaneas una escapada? Descubre el clima ideal de Mallorca en marzo y disfruta de sus paisajes. \u00a1Organiza tu viaje perfecto con nuestros consejos exclusivos!","og_url":"https:\/\/rentallorca.com\/blog\/mallorca-en-marzo\/","og_site_name":"Blog","article_published_time":"2026-02-17T16:06:23+00:00","article_modified_time":"2026-02-17T16:11:27+00:00","og_image":[{"width":1920,"height":960,"url":"https:\/\/rentallorca.com\/blog\/wp-content\/uploads\/2026\/02\/mallorca-marzo.jpg","type":"image\/jpeg"}],"author":"Axel","twitter_card":"summary_large_image","twitter_misc":{"Written by":"Axel","Est. reading time":"6 minutes"},"schema":{"@context":"https:\/\/schema.org","@graph":[{"@type":"Article","@id":"https:\/\/rentallorca.com\/blog\/mallorca-en-marzo\/#article","isPartOf":{"@id":"https:\/\/rentallorca.com\/blog\/mallorca-en-marzo\/"},"author":{"name":"Axel","@id":"https:\/\/rentallorca.com\/blog\/#\/schema\/person\/8c5ebe5bf8d43e9757ab6869e1d4cbe4"},"headline":"Mallorca en marzo es buen clima, planes y una oportunidad de oro para visitar la isla","datePublished":"2026-02-17T16:06:23+00:00","dateModified":"2026-02-17T16:11:27+00:00","mainEntityOfPage":{"@id":"https:\/\/rentallorca.com\/blog\/mallorca-en-marzo\/"},"wordCount":1087,"commentCount":0,"image":{"@id":"https:\/\/rentallorca.com\/blog\/mallorca-en-marzo\/#primaryimage"},"thumbnailUrl":"https:\/\/rentallorca.com\/blog\/wp-content\/uploads\/2026\/02\/mallorca-marzo.jpg","articleSection":["Mallorca"],"inLanguage":"es","potentialAction":[{"@type":"CommentAction","name":"Comment","target":["https:\/\/rentallorca.com\/blog\/mallorca-en-marzo\/#respond"]}]},{"@type":"WebPage","@id":"https:\/\/rentallorca.com\/blog\/mallorca-en-marzo\/","url":"https:\/\/rentallorca.com\/blog\/mallorca-en-marzo\/","name":"Mallorca en marzo - Blog","isPartOf":{"@id":"https:\/\/rentallorca.com\/blog\/#website"},"primaryImageOfPage":{"@id":"https:\/\/rentallorca.com\/blog\/mallorca-en-marzo\/#primaryimage"},"image":{"@id":"https:\/\/rentallorca.com\/blog\/mallorca-en-marzo\/#primaryimage"},"thumbnailUrl":"https:\/\/rentallorca.com\/blog\/wp-content\/uploads\/2026\/02\/mallorca-marzo.jpg","datePublished":"2026-02-17T16:06:23+00:00","dateModified":"2026-02-17T16:11:27+00:00","author":{"@id":"https:\/\/rentallorca.com\/blog\/#\/schema\/person\/8c5ebe5bf8d43e9757ab6869e1d4cbe4"},"description":"\u00bfPlaneas una escapada? Descubre el clima ideal de Mallorca en marzo y disfruta de sus paisajes. \u00a1Organiza tu viaje perfecto con nuestros consejos exclusivos!","breadcrumb":{"@id":"https:\/\/rentallorca.com\/blog\/mallorca-en-marzo\/#breadcrumb"},"inLanguage":"es","potentialAction":[{"@type":"ReadAction","target":["https:\/\/rentallorca.com\/blog\/mallorca-en-marzo\/"]}]},{"@type":"ImageObject","inLanguage":"es","@id":"https:\/\/rentallorca.com\/blog\/mallorca-en-marzo\/#primaryimage","url":"https:\/\/rentallorca.com\/blog\/wp-content\/uploads\/2026\/02\/mallorca-marzo.jpg","contentUrl":"https:\/\/rentallorca.com\/blog\/wp-content\/uploads\/2026\/02\/mallorca-marzo.jpg","width":1920,"height":960,"caption":"mallorca marzo"},{"@type":"BreadcrumbList","@id":"https:\/\/rentallorca.com\/blog\/mallorca-en-marzo\/#breadcrumb","itemListElement":[{"@type":"ListItem","position":1,"name":"Home","item":"https:\/\/rentallorca.com\/blog\/"},{"@type":"ListItem","position":2,"name":"Mallorca en marzo es buen clima, planes y una oportunidad de oro para visitar la isla"}]},{"@type":"WebSite","@id":"https:\/\/rentallorca.com\/blog\/#website","url":"https:\/\/rentallorca.com\/blog\/","name":"Blog","description":"Rentallorca","potentialAction":[{"@type":"SearchAction","target":{"@type":"EntryPoint","urlTemplate":"https:\/\/rentallorca.com\/blog\/?s={search_term_string}"},"query-input":{"@type":"PropertyValueSpecification","valueRequired":true,"valueName":"search_term_string"}}],"inLanguage":"es"},{"@type":"Person","@id":"https:\/\/rentallorca.com\/blog\/#\/schema\/person\/8c5ebe5bf8d43e9757ab6869e1d4cbe4","name":"Axel","image":{"@type":"ImageObject","inLanguage":"es","@id":"https:\/\/secure.gravatar.com\/avatar\/3bd706736e5b70f21f05f6c2d5cad746767782a4ba4b7df399c5969e2a9318fd?s=96&d=mm&r=g","url":"https:\/\/secure.gravatar.com\/avatar\/3bd706736e5b70f21f05f6c2d5cad746767782a4ba4b7df399c5969e2a9318fd?s=96&d=mm&r=g","contentUrl":"https:\/\/secure.gravatar.com\/avatar\/3bd706736e5b70f21f05f6c2d5cad746767782a4ba4b7df399c5969e2a9318fd?s=96&d=mm&r=g","caption":"Axel"},"url":"https:\/\/rentallorca.com\/blog\/author\/axel\/"}]}},"_links":{"self":[{"href":"https:\/\/rentallorca.com\/blog\/wp-json\/wp\/v2\/posts\/3615","targetHints":{"allow":["GET"]}}],"collection":[{"href":"https:\/\/rentallorca.com\/blog\/wp-json\/wp\/v2\/posts"}],"about":[{"href":"https:\/\/rentallorca.com\/blog\/wp-json\/wp\/v2\/types\/post"}],"author":[{"embeddable":true,"href":"https:\/\/rentallorca.com\/blog\/wp-json\/wp\/v2\/users\/3"}],"replies":[{"embeddable":true,"href":"https:\/\/rentallorca.com\/blog\/wp-json\/wp\/v2\/comments?post=3615"}],"version-history":[{"count":8,"href":"https:\/\/rentallorca.com\/blog\/wp-json\/wp\/v2\/posts\/3615\/revisions"}],"predecessor-version":[{"id":3653,"href":"https:\/\/rentallorca.com\/blog\/wp-json\/wp\/v2\/posts\/3615\/revisions\/3653"}],"wp:featuredmedia":[{"embeddable":true,"href":"https:\/\/rentallorca.com\/blog\/wp-json\/wp\/v2\/media\/3648"}],"wp:attachment":[{"href":"https:\/\/rentallorca.com\/blog\/wp-json\/wp\/v2\/media?parent=3615"}],"wp:term":[{"taxonomy":"category","embeddable":true,"href":"https:\/\/rentallorca.com\/blog\/wp-json\/wp\/v2\/categories?post=3615"},{"taxonomy":"post_tag","embeddable":true,"href":"https:\/\/rentallorca.com\/blog\/wp-json\/wp\/v2\/tags?post=3615"}],"curies":[{"name":"wp","href":"https:\/\/api.w.org\/{rel}","templated":true}]}}