{"id":3465,"date":"2026-01-15T08:02:52","date_gmt":"2026-01-15T08:02:52","guid":{"rendered":"https:\/\/rentallorca.com\/blog\/?p=3465"},"modified":"2026-01-15T08:25:31","modified_gmt":"2026-01-15T08:25:31","slug":"vilafranca-de-bonany-un-pueblo-con-alma-en-el-corazon-de-mallorca","status":"publish","type":"post","link":"https:\/\/rentallorca.com\/blog\/vilafranca-de-bonany-un-pueblo-con-alma-en-el-corazon-de-mallorca\/","title":{"rendered":"Vilafranca de Bonany: un pueblo con alma en el coraz\u00f3n de Mallorca"},"content":{"rendered":"\t\t<div data-elementor-type=\"wp-post\" data-elementor-id=\"3465\" class=\"elementor elementor-3465\" data-elementor-post-type=\"post\">\n\t\t\t\t<div class=\"elementor-element elementor-element-62f9a410 e-flex e-con-boxed e-con e-parent\" data-id=\"62f9a410\" data-element_type=\"container\" data-e-type=\"container\">\n\t\t\t\t\t<div class=\"e-con-inner\">\n\t\t\t\t<div class=\"elementor-element elementor-element-2ef019a4 elementor-widget elementor-widget-text-editor\" data-id=\"2ef019a4\" data-element_type=\"widget\" data-e-type=\"widget\" data-widget_type=\"text-editor.default\">\n\t\t\t\t<div class=\"elementor-widget-container\">\n\t\t\t\t\t\t\t\t\t<p><span style=\"font-weight: 400;\">Si pensabas que Mallorca se acaba en las playas de postal es un error garrafal. En pleno centro de la isla, donde los <\/span><b>almendros convierten el paisaje en un cuadro<\/b><span style=\"font-weight: 400;\">, se esconde Vilafranca de Bonany, un rinc\u00f3n donde el tiempo corre m\u00e1s despacio, las conversaciones duran m\u00e1s y cada plaza parece sacada de un cuento mallorqu\u00edn.<\/span><\/p><p><b>Fundado en 1620 por el<\/b> <b>bar\u00f3n Pau Sureda <\/b><span style=\"font-weight: 400;\">para sus trabajadores agr\u00edcolas, este pueblo sabe a melones dulces, tradici\u00f3n y devoci\u00f3n por la Mare de D\u00e9u de Bonany. Es el plan perfecto para una ma\u00f1ana sin prisas, un verm\u00fa con vistas y esa sensaci\u00f3n de haber encontrado un sitio secreto.<\/span><\/p>\t\t\t\t\t\t\t\t<\/div>\n\t\t\t\t<\/div>\n\t\t\t\t\t<\/div>\n\t\t\t\t<\/div>\n\t\t<div class=\"elementor-element elementor-element-37f62d70 e-flex e-con-boxed e-con e-parent\" data-id=\"37f62d70\" data-element_type=\"container\" data-e-type=\"container\">\n\t\t\t\t\t<div class=\"e-con-inner\">\n\t\t\t\t<div class=\"elementor-element elementor-element-f6eccbf elementor-widget elementor-widget-table-of-contents\" data-id=\"f6eccbf\" data-element_type=\"widget\" data-e-type=\"widget\" data-settings=\"{&quot;headings_by_tags&quot;:[&quot;h2&quot;,&quot;h3&quot;],&quot;exclude_headings_by_selector&quot;:[],&quot;marker_view&quot;:&quot;bullets&quot;,&quot;icon&quot;:{&quot;value&quot;:&quot;&quot;,&quot;library&quot;:&quot;&quot;},&quot;no_headings_message&quot;:&quot;No headings were found on this page.&quot;,&quot;hierarchical_view&quot;:&quot;yes&quot;,&quot;min_height&quot;:{&quot;unit&quot;:&quot;px&quot;,&quot;size&quot;:&quot;&quot;,&quot;sizes&quot;:[]},&quot;min_height_tablet&quot;:{&quot;unit&quot;:&quot;px&quot;,&quot;size&quot;:&quot;&quot;,&quot;sizes&quot;:[]},&quot;min_height_mobile&quot;:{&quot;unit&quot;:&quot;px&quot;,&quot;size&quot;:&quot;&quot;,&quot;sizes&quot;:[]}}\" data-widget_type=\"table-of-contents.default\">\n\t\t\t\t<div class=\"elementor-widget-container\">\n\t\t\t\t\t\t\t\t\t<div class=\"elementor-toc__header\">\n\t\t\t\t\t\t<div class=\"elementor-toc__header-title\">\n\t\t\t\tContenidos\t\t\t<\/div>\n\t\t\t\t\t\t\t\t<\/div>\n\t\t\t\t<div id=\"elementor-toc__f6eccbf\" class=\"elementor-toc__body\">\n\t\t\t<div class=\"elementor-toc__spinner-container\">\n\t\t\t\t<svg class=\"elementor-toc__spinner eicon-animation-spin e-font-icon-svg e-eicon-loading\" aria-hidden=\"true\" viewBox=\"0 0 1000 1000\" xmlns=\"http:\/\/www.w3.org\/2000\/svg\"><path d=\"M500 975V858C696 858 858 696 858 500S696 142 500 142 142 304 142 500H25C25 237 238 25 500 25S975 237 975 500 763 975 500 975Z\"><\/path><\/svg>\t\t\t<\/div>\n\t\t<\/div>\n\t\t\t\t\t\t<\/div>\n\t\t\t\t<\/div>\n\t\t\t\t\t<\/div>\n\t\t\t\t<\/div>\n\t\t<div class=\"elementor-element elementor-element-2df28f5 e-flex e-con-boxed e-con e-parent\" data-id=\"2df28f5\" data-element_type=\"container\" data-e-type=\"container\">\n\t\t\t\t\t<div class=\"e-con-inner\">\n\t\t\t\t<div class=\"elementor-element elementor-element-5eff07bc elementor-widget elementor-widget-heading\" data-id=\"5eff07bc\" data-element_type=\"widget\" data-e-type=\"widget\" data-widget_type=\"heading.default\">\n\t\t\t\t<div class=\"elementor-widget-container\">\n\t\t\t\t\t<h2 class=\"elementor-heading-title elementor-size-default\">C\u00f3mo llegar a Vilafranca desde cualquier punto de la isla\n<\/h2>\t\t\t\t<\/div>\n\t\t\t\t<\/div>\n\t\t\t\t<div class=\"elementor-element elementor-element-73666881 elementor-widget elementor-widget-text-editor\" data-id=\"73666881\" data-element_type=\"widget\" data-e-type=\"widget\" data-widget_type=\"text-editor.default\">\n\t\t\t\t<div class=\"elementor-widget-container\">\n\t\t\t\t\t\t\t\t\t<p><span style=\"font-weight: 400;\">La gran ventaja de Mallorca Vilafranca de Bonany es su ubicaci\u00f3n estrat\u00e9gica,<\/span><b> justo en el centro perfecto, equidistante de Palma, Manacor, Inca y Art\u00e0.<\/b><span style=\"font-weight: 400;\"> Llegar es m\u00e1s f\u00e1cil que pedir un caf\u00e9 en cualquier terraza mallorquina.<\/span><\/p><p><span style=\"font-weight: 400;\">En coche, desde Palma puedes acceder por la <\/span><b>autopista Ma-13<\/b><span style=\"font-weight: 400;\"> hacia Inca y salir por el desvi\u00edo de Vilafranca, tardar\u00e1s 45 minutos. Otro camino es desde el norte, puedes acceder por la <\/span><b>Ma-3422 direcci\u00f3n Manacor<\/b><span style=\"font-weight: 400;\">, y tardar\u00e1s unos 40 minutos. Y por \u00faltimo desde el este puedes coger la carretera <\/span><b>Ma-15 hacia Petra<\/b><span style=\"font-weight: 400;\"> hasta el desv\u00edo.<\/span><\/p><p><span style=\"font-weight: 400;\">Los <\/span><b>autobuses TIB<\/b><span style=\"font-weight: 400;\"> conectan con Inca o Manacor y desde all\u00ed un taxi te acerca en 10 minutos<\/span><span style=\"font-weight: 400;\">.<\/span><\/p>\t\t\t\t\t\t\t\t<\/div>\n\t\t\t\t<\/div>\n\t\t\t\t<div class=\"elementor-element elementor-element-4f5df17 elementor-widget elementor-widget-google_maps\" data-id=\"4f5df17\" data-element_type=\"widget\" data-e-type=\"widget\" data-widget_type=\"google_maps.default\">\n\t\t\t\t<div class=\"elementor-widget-container\">\n\t\t\t\t\t\t\t<div class=\"elementor-custom-embed\">\n\t\t\t<iframe loading=\"lazy\"\n\t\t\t\t\tsrc=\"https:\/\/maps.google.com\/maps?q=villafranca%20mallorca&#038;t=m&#038;z=10&#038;output=embed&#038;iwloc=near\"\n\t\t\t\t\ttitle=\"villafranca mallorca\"\n\t\t\t\t\taria-label=\"villafranca mallorca\"\n\t\t\t><\/iframe>\n\t\t<\/div>\n\t\t\t\t\t\t<\/div>\n\t\t\t\t<\/div>\n\t\t\t\t\t<\/div>\n\t\t\t\t<\/div>\n\t\t<div class=\"elementor-element elementor-element-7689f27 e-flex e-con-boxed e-con e-parent\" data-id=\"7689f27\" data-element_type=\"container\" data-e-type=\"container\">\n\t\t\t\t\t<div class=\"e-con-inner\">\n\t\t\t\t<div class=\"elementor-element elementor-element-a7f55ba elementor-widget elementor-widget-heading\" data-id=\"a7f55ba\" data-element_type=\"widget\" data-e-type=\"widget\" data-widget_type=\"heading.default\">\n\t\t\t\t<div class=\"elementor-widget-container\">\n\t\t\t\t\t<h2 class=\"elementor-heading-title elementor-size-default\">Monumentos, calles y rincones con historia\n<\/h2>\t\t\t\t<\/div>\n\t\t\t\t<\/div>\n\t\t\t\t<div class=\"elementor-element elementor-element-2e982ff elementor-widget elementor-widget-text-editor\" data-id=\"2e982ff\" data-element_type=\"widget\" data-e-type=\"widget\" data-widget_type=\"text-editor.default\">\n\t\t\t\t<div class=\"elementor-widget-container\">\n\t\t\t\t\t\t\t\t\t<p><span style=\"font-weight: 400;\">Vilafranca de Bonany presume de una herencia que pesa lo suyo, pero sin alardear. El protagonista indiscutible es el <\/span><b>Santuari de Bonany<\/b><span style=\"font-weight: 400;\">, encaramado a 317 metros en el Puig de Bonany. Esta ermita del siglo XVII naci\u00f3 de una procesi\u00f3n rogativa por la lluvia en 1606, pidieron, llovi\u00f3 a c\u00e1ntaros y por eso el nombre de \u201cBonany\u201d, buen a\u00f1o.<\/span><\/p><p><span style=\"font-weight: 400;\">En el pueblo, no puedes perderte la <\/span><b>Iglesia de Santa B\u00e1rbara<\/b><span style=\"font-weight: 400;\">, del siglo XVIII, con su fachada sobria pero elegante y un interior que guarda retablos barrocos. Puedes pasear por la <\/span><b>Pla\u00e7a Major<\/b><span style=\"font-weight: 400;\">, coraz\u00f3n del municipio, ver el ayuntamiento del siglo XIX y tomarte un caf\u00e9 en una terraza de esos que tienen un sabor diferente.<\/span><\/p><p><span style=\"font-weight: 400;\">Las callejuelas como <\/span><b>Carrer de Son Sureda <\/b><span style=\"font-weight: 400;\">o <\/span><b>Carrer del Rector<\/b><span style=\"font-weight: 400;\"> conservan casas solariegas con escudos nobiliarios y patios floridos que recuerdan la baron\u00eda fundacional. Y si buscas el rinc\u00f3n perfecto para fotografiar, la<\/span><b> Cruz de Jun\u00edper Serra<\/b><span style=\"font-weight: 400;\"> es poes\u00eda en piedra junto al santuario.<\/span><\/p>\t\t\t\t\t\t\t\t<\/div>\n\t\t\t\t<\/div>\n\t\t\t\t\t<\/div>\n\t\t\t\t<\/div>\n\t\t<div class=\"elementor-element elementor-element-27664fa e-flex e-con-boxed e-con e-parent\" data-id=\"27664fa\" data-element_type=\"container\" data-e-type=\"container\">\n\t\t\t\t\t<div class=\"e-con-inner\">\n\t\t\t\t<div class=\"elementor-element elementor-element-d0a2b81 elementor-widget elementor-widget-heading\" data-id=\"d0a2b81\" data-element_type=\"widget\" data-e-type=\"widget\" data-widget_type=\"heading.default\">\n\t\t\t\t<div class=\"elementor-widget-container\">\n\t\t\t\t\t<h2 class=\"elementor-heading-title elementor-size-default\">Cultura y tradiciones de Vilafranca de Bonany: lo que lo hace \u00fanico\n<\/h2>\t\t\t\t<\/div>\n\t\t\t\t<\/div>\n\t\t\t\t\t<\/div>\n\t\t\t\t<\/div>\n\t\t<div class=\"elementor-element elementor-element-230b50b e-flex e-con-boxed e-con e-parent\" data-id=\"230b50b\" data-element_type=\"container\" data-e-type=\"container\">\n\t\t\t\t\t<div class=\"e-con-inner\">\n\t\t<div class=\"elementor-element elementor-element-d6fff90 e-con-full e-flex e-con e-child\" data-id=\"d6fff90\" data-element_type=\"container\" data-e-type=\"container\">\n\t\t\t\t<div class=\"elementor-element elementor-element-5925375 elementor-widget elementor-widget-text-editor\" data-id=\"5925375\" data-element_type=\"widget\" data-e-type=\"widget\" data-widget_type=\"text-editor.default\">\n\t\t\t\t<div class=\"elementor-widget-container\">\n\t\t\t\t\t\t\t\t\t<p><span style=\"font-weight: 400;\">Vilafranca de Bonany late al ritmo de sus fiestas y de su gente. La m\u00e1s famosa es la <\/span><b>Romer\u00eda de Bonany<\/b><span style=\"font-weight: 400;\">, cada 8 de diciembre, cuando miles de personas suben al santuario con carros engalanados, m\u00fasica y parrillas al aire libre.\u00a0<\/span><\/p><p><span style=\"font-weight: 400;\">Otro cl\u00e1sico son las <\/span><b>fiestas de Sant Joan<\/b><span style=\"font-weight: 400;\">, caracter\u00edsticas por sus castillos de fuegos artificiales y los bailes en la plaza. Y no puedes irte sin conocer la <\/span><b>tradici\u00f3n del mel\u00f3n<\/b><span style=\"font-weight: 400;\"> de Vilafranca, ya que este pueblo es famoso por sus melones dulces, que se cultivan desde hace siglos.<\/span><\/p><p><span style=\"font-weight: 400;\">La<\/span><b> artesan\u00eda<\/b><span style=\"font-weight: 400;\"> tambi\u00e9n es una parte muy representativa. Puedes encontrar cestas de esparto, cer\u00e1mica y tallas religiosas que encontrar\u00e1s en los talleres locales. Vilafranca es de esos sitios donde la tradici\u00f3n no es un recuerdo, sino algo vivo que se huele en cada esquina.<\/span><\/p>\t\t\t\t\t\t\t\t<\/div>\n\t\t\t\t<\/div>\n\t\t\t\t<\/div>\n\t\t<div class=\"elementor-element elementor-element-fb5d801 e-con-full e-flex e-con e-child\" data-id=\"fb5d801\" data-element_type=\"container\" data-e-type=\"container\">\n\t\t\t\t<div class=\"elementor-element elementor-element-4e9c20e elementor-widget elementor-widget-image\" data-id=\"4e9c20e\" data-element_type=\"widget\" data-e-type=\"widget\" data-widget_type=\"image.default\">\n\t\t\t\t<div class=\"elementor-widget-container\">\n\t\t\t\t\t\t\t\t\t\t\t\t<figure class=\"wp-caption\">\n\t\t\t\t\t\t\t\t\t\t<img fetchpriority=\"high\" decoding=\"async\" width=\"800\" height=\"600\" src=\"https:\/\/rentallorca.com\/blog\/wp-content\/uploads\/2026\/01\/Romeria-bonany-1024x768.jpg\" class=\"attachment-large size-large wp-image-3483\" alt=\"\" srcset=\"https:\/\/rentallorca.com\/blog\/wp-content\/uploads\/2026\/01\/Romeria-bonany-1024x768.jpg 1024w, https:\/\/rentallorca.com\/blog\/wp-content\/uploads\/2026\/01\/Romeria-bonany-300x225.jpg 300w, https:\/\/rentallorca.com\/blog\/wp-content\/uploads\/2026\/01\/Romeria-bonany-768x576.jpg 768w, https:\/\/rentallorca.com\/blog\/wp-content\/uploads\/2026\/01\/Romeria-bonany-1536x1152.jpg 1536w, https:\/\/rentallorca.com\/blog\/wp-content\/uploads\/2026\/01\/Romeria-bonany.jpg 2000w\" sizes=\"(max-width: 800px) 100vw, 800px\" \/>\t\t\t\t\t\t\t\t\t\t\t<figcaption class=\"widget-image-caption wp-caption-text\">Romer\u00eda de Bonany \/ LLOREN\u00c7 RIERA<\/figcaption>\n\t\t\t\t\t\t\t\t\t\t<\/figure>\n\t\t\t\t\t\t\t\t\t<\/div>\n\t\t\t\t<\/div>\n\t\t\t\t<\/div>\n\t\t\t\t\t<\/div>\n\t\t\t\t<\/div>\n\t\t<div class=\"elementor-element elementor-element-a0a5031 e-flex e-con-boxed e-con e-parent\" data-id=\"a0a5031\" data-element_type=\"container\" data-e-type=\"container\">\n\t\t\t\t\t<div class=\"e-con-inner\">\n\t\t\t\t<div class=\"elementor-element elementor-element-98411c7 elementor-widget elementor-widget-heading\" data-id=\"98411c7\" data-element_type=\"widget\" data-e-type=\"widget\" data-widget_type=\"heading.default\">\n\t\t\t\t<div class=\"elementor-widget-container\">\n\t\t\t\t\t<h2 class=\"elementor-heading-title elementor-size-default\">Qu\u00e9 hacer cerca de Vilafranca para completar la visita\n<\/h2>\t\t\t\t<\/div>\n\t\t\t\t<\/div>\n\t\t\t\t<div class=\"elementor-element elementor-element-0c30da6 elementor-widget elementor-widget-text-editor\" data-id=\"0c30da6\" data-element_type=\"widget\" data-e-type=\"widget\" data-widget_type=\"text-editor.default\">\n\t\t\t\t<div class=\"elementor-widget-container\">\n\t\t\t\t\t\t\t\t\t<p><span style=\"font-weight: 400;\">No hace falta irte muy lejos <\/span><b>para poder ver m\u00e1s<\/b><span style=\"font-weight: 400;\"> sobre los parajes que esconde la isla:<\/span><\/p>\t\t\t\t\t\t\t\t<\/div>\n\t\t\t\t<\/div>\n\t\t\t\t\t<\/div>\n\t\t\t\t<\/div>\n\t\t<div class=\"elementor-element elementor-element-d39911a e-flex e-con-boxed e-con e-parent\" data-id=\"d39911a\" data-element_type=\"container\" data-e-type=\"container\">\n\t\t\t\t\t<div class=\"e-con-inner\">\n\t\t<div class=\"elementor-element elementor-element-e37c098 e-con-full e-flex e-con e-child\" data-id=\"e37c098\" data-element_type=\"container\" data-e-type=\"container\">\n\t\t\t\t<div class=\"elementor-element elementor-element-5b392590 elementor-widget elementor-widget-heading\" data-id=\"5b392590\" data-element_type=\"widget\" data-e-type=\"widget\" data-widget_type=\"heading.default\">\n\t\t\t\t<div class=\"elementor-widget-container\">\n\t\t\t\t\t<h3 class=\"elementor-heading-title elementor-size-default\">Petra: la cuna de Jun\u00edper Serra (10 minutos)\n<\/h3>\t\t\t\t<\/div>\n\t\t\t\t<\/div>\n\t\t\t\t<div class=\"elementor-element elementor-element-6ed13879 elementor-widget elementor-widget-text-editor\" data-id=\"6ed13879\" data-element_type=\"widget\" data-e-type=\"widget\" data-widget_type=\"text-editor.default\">\n\t\t\t\t<div class=\"elementor-widget-container\">\n\t\t\t\t\t\t\t\t\t<p><span style=\"font-weight: 400;\">A un suspiro de Vilafranca est\u00e1 <a href=\"https:\/\/rentallorca.com\/blog\/visita-petra\/\">Petra<\/a>, pueblo natal del beato Jun\u00edper Serra, el fraile que llev\u00f3 el cristianismo a California. Su<\/span><b> Museo Jun\u00edper Serra<\/b><span style=\"font-weight: 400;\"> cuenta la historia del misionero con objetos personales y maquetas de las misiones americanas. Las calles empedradas y la <\/span><b>Iglesia de Sant Pere<\/b><span style=\"font-weight: 400;\"> completan una visita hist\u00f3rica doble perfecta para los curiosos.<\/span><\/p>\t\t\t\t\t\t\t\t<\/div>\n\t\t\t\t<\/div>\n\t\t\t\t<\/div>\n\t\t<div class=\"elementor-element elementor-element-5b1dbcd e-con-full e-flex e-con e-child\" data-id=\"5b1dbcd\" data-element_type=\"container\" data-e-type=\"container\">\n\t\t\t\t<div class=\"elementor-element elementor-element-2e58ea7 elementor-widget elementor-widget-heading\" data-id=\"2e58ea7\" data-element_type=\"widget\" data-e-type=\"widget\" data-widget_type=\"heading.default\">\n\t\t\t\t<div class=\"elementor-widget-container\">\n\t\t\t\t\t<h3 class=\"elementor-heading-title elementor-size-default\">Manacor: perlas y catedral g\u00f3tica (15 minutos)\n<\/h3>\t\t\t\t<\/div>\n\t\t\t\t<\/div>\n\t\t\t\t<div class=\"elementor-element elementor-element-19db03c elementor-widget elementor-widget-text-editor\" data-id=\"19db03c\" data-element_type=\"widget\" data-e-type=\"widget\" data-widget_type=\"text-editor.default\">\n\t\t\t\t<div class=\"elementor-widget-container\">\n\t\t\t\t\t\t\t\t\t<p><span style=\"font-weight: 400;\"><a href=\"https:\/\/rentallorca.com\/blog\/manacor\/\">Manacor<\/a> es sin\u00f3nimo de perlas Majorica y su impresionante <\/span><b>Bas\u00edlica de Santa Mar\u00eda<\/b><span style=\"font-weight: 400;\">, g\u00f3tica con un roset\u00f3n que parece de encaje. El mercado semanal (martes y s\u00e1bados) es una fiesta de productos locales, embutidos y dulces. Perfecto para combinar cultura con shopping artesanal.<\/span><\/p>\t\t\t\t\t\t\t\t<\/div>\n\t\t\t\t<\/div>\n\t\t\t\t<\/div>\n\t\t\t\t\t<\/div>\n\t\t\t\t<\/div>\n\t\t<div class=\"elementor-element elementor-element-cc4f6ed e-flex e-con-boxed e-con e-parent\" data-id=\"cc4f6ed\" data-element_type=\"container\" data-e-type=\"container\">\n\t\t\t\t\t<div class=\"e-con-inner\">\n\t\t<div class=\"elementor-element elementor-element-72a3a92 e-con-full e-flex e-con e-child\" data-id=\"72a3a92\" data-element_type=\"container\" data-e-type=\"container\">\n\t\t\t\t<div class=\"elementor-element elementor-element-c2a73d6 elementor-widget elementor-widget-heading\" data-id=\"c2a73d6\" data-element_type=\"widget\" data-e-type=\"widget\" data-widget_type=\"heading.default\">\n\t\t\t\t<div class=\"elementor-widget-container\">\n\t\t\t\t\t<h3 class=\"elementor-heading-title elementor-size-default\">Parc Natural de Llevant: naturaleza virgen (20 minutos)\n<\/h3>\t\t\t\t<\/div>\n\t\t\t\t<\/div>\n\t\t\t\t<div class=\"elementor-element elementor-element-3591e77 elementor-widget elementor-widget-text-editor\" data-id=\"3591e77\" data-element_type=\"widget\" data-e-type=\"widget\" data-widget_type=\"text-editor.default\">\n\t\t\t\t<div class=\"elementor-widget-container\">\n\t\t\t\t\t\t\t\t\t<p><span style=\"font-weight: 400;\">Para los amantes del senderismo, el Parc Natural de Llevant ofrece <\/span><b>rutas entre pinares, barrancos y playas <\/b><span style=\"font-weight: 400;\">v\u00edrgenes como Cala Matzoc. La luz del interior mallorqu\u00edn y el silencio del parque son el contrapunto perfecto al encanto hist\u00f3rico de Vilafranca.<\/span><\/p>\t\t\t\t\t\t\t\t<\/div>\n\t\t\t\t<\/div>\n\t\t\t\t<\/div>\n\t\t<div class=\"elementor-element elementor-element-fef35c8 e-con-full e-flex e-con e-child\" data-id=\"fef35c8\" data-element_type=\"container\" data-e-type=\"container\">\n\t\t\t\t<div class=\"elementor-element elementor-element-974b92a elementor-widget elementor-widget-heading\" data-id=\"974b92a\" data-element_type=\"widget\" data-e-type=\"widget\" data-widget_type=\"heading.default\">\n\t\t\t\t<div class=\"elementor-widget-container\">\n\t\t\t\t\t<h3 class=\"elementor-heading-title elementor-size-default\">Inca: para\u00edso del embutido (20 minutos)\n<\/h3>\t\t\t\t<\/div>\n\t\t\t\t<\/div>\n\t\t\t\t<div class=\"elementor-element elementor-element-9679fb2 elementor-widget elementor-widget-text-editor\" data-id=\"9679fb2\" data-element_type=\"widget\" data-e-type=\"widget\" data-widget_type=\"text-editor.default\">\n\t\t\t\t<div class=\"elementor-widget-container\">\n\t\t\t\t\t\t\t\t\t<p><span style=\"font-weight: 400;\">Si tu religi\u00f3n es comer bien, Inca es tu templo. Famosa por sus embutidos, sobrasadas y quesos, esta villa tiene el <\/span><b>mercado semanal <\/b><span style=\"font-weight: 400;\">m\u00e1s animado de Mallorca los mi\u00e9rcoles. Sobrasada fresca, butifarr\u00f3n y lomo con miel: lleva la nevera preparada.<\/span><\/p>\t\t\t\t\t\t\t\t<\/div>\n\t\t\t\t<\/div>\n\t\t\t\t<\/div>\n\t\t\t\t\t<\/div>\n\t\t\t\t<\/div>\n\t\t<div class=\"elementor-element elementor-element-4989de5 e-flex e-con-boxed e-con e-parent\" data-id=\"4989de5\" data-element_type=\"container\" data-e-type=\"container\">\n\t\t\t\t\t<div class=\"e-con-inner\">\n\t\t\t\t<div class=\"elementor-element elementor-element-29e07af elementor-widget elementor-widget-image\" data-id=\"29e07af\" data-element_type=\"widget\" data-e-type=\"widget\" data-widget_type=\"image.default\">\n\t\t\t\t<div class=\"elementor-widget-container\">\n\t\t\t\t\t\t\t\t\t\t\t\t\t\t\t<img decoding=\"async\" width=\"1341\" height=\"752\" src=\"https:\/\/rentallorca.com\/blog\/wp-content\/uploads\/2026\/01\/villafranca-de-bonany-mallorca.jpg\" class=\"attachment-full size-full wp-image-3476\" alt=\"\" srcset=\"https:\/\/rentallorca.com\/blog\/wp-content\/uploads\/2026\/01\/villafranca-de-bonany-mallorca.jpg 1341w, https:\/\/rentallorca.com\/blog\/wp-content\/uploads\/2026\/01\/villafranca-de-bonany-mallorca-300x168.jpg 300w, https:\/\/rentallorca.com\/blog\/wp-content\/uploads\/2026\/01\/villafranca-de-bonany-mallorca-1024x574.jpg 1024w, https:\/\/rentallorca.com\/blog\/wp-content\/uploads\/2026\/01\/villafranca-de-bonany-mallorca-768x431.jpg 768w\" sizes=\"(max-width: 1341px) 100vw, 1341px\" \/>\t\t\t\t\t\t\t\t\t\t\t\t\t\t\t<\/div>\n\t\t\t\t<\/div>\n\t\t\t\t\t<\/div>\n\t\t\t\t<\/div>\n\t\t<div class=\"elementor-element elementor-element-7bb92e8a e-flex e-con-boxed e-con e-parent\" data-id=\"7bb92e8a\" data-element_type=\"container\" data-e-type=\"container\">\n\t\t\t\t\t<div class=\"e-con-inner\">\n\t\t\t\t<div class=\"elementor-element elementor-element-74de3a03 elementor-widget elementor-widget-heading\" data-id=\"74de3a03\" data-element_type=\"widget\" data-e-type=\"widget\" data-widget_type=\"heading.default\">\n\t\t\t\t<div class=\"elementor-widget-container\">\n\t\t\t\t\t<h2 class=\"elementor-heading-title elementor-size-default\">D\u00f3nde comer, qu\u00e9 comprar y c\u00f3mo saborear lo local\n<\/h2>\t\t\t\t<\/div>\n\t\t\t\t<\/div>\n\t\t\t\t<div class=\"elementor-element elementor-element-1c2df3c6 elementor-widget elementor-widget-text-editor\" data-id=\"1c2df3c6\" data-element_type=\"widget\" data-e-type=\"widget\" data-widget_type=\"text-editor.default\">\n\t\t\t\t<div class=\"elementor-widget-container\">\n\t\t\t\t\t\t\t\t\t<p><span style=\"font-weight: 400;\">Comer en Vilafranca de Bonany Mallorca es placer sin complicaciones. En la Pla\u00e7a Major, bares como <\/span><b>Sa Pla\u00e7a<\/b><span style=\"font-weight: 400;\"> o <\/span><b>Ca\u2019n Jordi <\/b><span style=\"font-weight: 400;\">ofrecen pa amb oli, sobrasada, queso mahon\u00e9s y verm\u00fa por cuatro euros. Aunque si prefieres algo m\u00e1s serio, el <\/span><b>Restaurante Bonany <\/b><span style=\"font-weight: 400;\">hace lechona asada, tumbet y vistas al puig que merecen selfie.<\/span><\/p><p><span style=\"font-weight: 400;\">Puedes comprar miel local, melones, licores artesanales, embutidos y velas o rosarios del santuario. El<\/span><b> mercadillo dominical<\/b><span style=\"font-weight: 400;\"> es una joya para las cestas de esparto y productos de km 0.<\/span><\/p><p><span style=\"font-weight: 400;\">Prueba el <\/span><b>herbal menorqu\u00edn<\/b><span style=\"font-weight: 400;\"> despu\u00e9s del caf\u00e9 o una ensaimada calentita. Y si coincides con romer\u00eda, la sobrasada a la brasa es religi\u00f3n absoluta. Aqu\u00ed se come como en casa de la abuela, abundante, sincero y con conversaci\u00f3n en el postre.<\/span><\/p>\t\t\t\t\t\t\t\t<\/div>\n\t\t\t\t<\/div>\n\t\t\t\t\t<\/div>\n\t\t\t\t<\/div>\n\t\t<div class=\"elementor-element elementor-element-9efd7b3 e-flex e-con-boxed e-con e-parent\" data-id=\"9efd7b3\" data-element_type=\"container\" data-e-type=\"container\">\n\t\t\t\t\t<div class=\"e-con-inner\">\n\t\t\t\t<div class=\"elementor-element elementor-element-b2f68a6 elementor-widget elementor-widget-heading\" data-id=\"b2f68a6\" data-element_type=\"widget\" data-e-type=\"widget\" data-widget_type=\"heading.default\">\n\t\t\t\t<div class=\"elementor-widget-container\">\n\t\t\t\t\t<h2 class=\"elementor-heading-title elementor-size-default\">\u00bfTe animas a descubrir Vilafranca de Bonany? Mallorca tambi\u00e9n es interior\n<\/h2>\t\t\t\t<\/div>\n\t\t\t\t<\/div>\n\t\t\t\t<div class=\"elementor-element elementor-element-dc78a3e elementor-widget elementor-widget-text-editor\" data-id=\"dc78a3e\" data-element_type=\"widget\" data-e-type=\"widget\" data-widget_type=\"text-editor.default\">\n\t\t\t\t<div class=\"elementor-widget-container\">\n\t\t\t\t\t\t\t\t\t<p><span style=\"font-weight: 400;\">Vilafranca de Bonany es la prueba de que Mallorca no empieza ni acaba en la playa. Este pueblo te regala<\/span><b> calma mediterr\u00e1nea<\/b><span style=\"font-weight: 400;\">, historia que se toca, vistas que se guardan en la retina y sabores que se quedan en la memoria. Es perfecto para esa ma\u00f1ana diferente, para callejear sin el maps o para subir al santuario y sentirte el alma de la isla.<\/span><\/p><p><span style=\"font-weight: 400;\">As\u00ed que ya sabes, coge el coche, el bus o el avi\u00f3n y <\/span><b>descubre un rinc\u00f3n que cambiar\u00e1 todo lo que cre\u00edas conocer de Menorca<\/b><span style=\"font-weight: 400;\">, porque puede que el para\u00edso sean sus calas, pero el coraz\u00f3n late en lugares como Vilafranca. Contacta con nosotros para reservar tu apartamento al mejor precio. \u00a1Te esperamos!<\/span><\/p>\t\t\t\t\t\t\t\t<\/div>\n\t\t\t\t<\/div>\n\t\t\t\t\t<\/div>\n\t\t\t\t<\/div>\n\t\t<div class=\"elementor-element elementor-element-7b5b899f e-flex e-con-boxed e-con e-parent\" data-id=\"7b5b899f\" data-element_type=\"container\" data-e-type=\"container\">\n\t\t\t\t\t<div class=\"e-con-inner\">\n\t\t\t\t<div class=\"elementor-element elementor-element-3cae7ad0 elementor-widget elementor-widget-shortcode\" data-id=\"3cae7ad0\" data-element_type=\"widget\" data-e-type=\"widget\" data-widget_type=\"shortcode.default\">\n\t\t\t\t<div class=\"elementor-widget-container\">\n\t\t\t\t\t\t\t<div class=\"elementor-shortcode\">\t\t<div data-elementor-type=\"page\" data-elementor-id=\"170\" class=\"elementor elementor-170\" data-elementor-post-type=\"elementor_library\">\n\t\t\t\t<div class=\"elementor-element elementor-element-16c5e22 e-flex e-con-boxed e-con e-parent\" data-id=\"16c5e22\" data-element_type=\"container\" data-e-type=\"container\">\n\t\t\t\t\t<div class=\"e-con-inner\">\n\t\t<div class=\"elementor-element elementor-element-ac67807 e-con-full e-flex e-con e-child\" data-id=\"ac67807\" data-element_type=\"container\" data-e-type=\"container\">\n\t\t\t\t<div class=\"elementor-element elementor-element-2ab04b2 elementor-align-justify elementor-widget elementor-widget-button\" data-id=\"2ab04b2\" data-element_type=\"widget\" data-e-type=\"widget\" data-widget_type=\"button.default\">\n\t\t\t\t<div class=\"elementor-widget-container\">\n\t\t\t\t\t\t\t\t\t<div class=\"elementor-button-wrapper\">\n\t\t\t\t\t<a class=\"elementor-button elementor-button-link elementor-size-sm\" href=\"https:\/\/rentallorca.com\/alquiler\/alquileres-mallorca-e21\/\">\n\t\t\t\t\t\t<span class=\"elementor-button-content-wrapper\">\n\t\t\t\t\t\t\t\t\t<span class=\"elementor-button-text\">Alojamientos Mallorca<\/span>\n\t\t\t\t\t<\/span>\n\t\t\t\t\t<\/a>\n\t\t\t\t<\/div>\n\t\t\t\t\t\t\t\t<\/div>\n\t\t\t\t<\/div>\n\t\t\t\t<\/div>\n\t\t<div class=\"elementor-element elementor-element-6bea3dd e-con-full e-flex e-con e-child\" data-id=\"6bea3dd\" data-element_type=\"container\" data-e-type=\"container\">\n\t\t\t\t<div class=\"elementor-element elementor-element-ff8a437 elementor-align-justify elementor-widget elementor-widget-button\" data-id=\"ff8a437\" data-element_type=\"widget\" data-e-type=\"widget\" data-widget_type=\"button.default\">\n\t\t\t\t<div class=\"elementor-widget-container\">\n\t\t\t\t\t\t\t\t\t<div class=\"elementor-button-wrapper\">\n\t\t\t\t\t<a class=\"elementor-button elementor-button-link elementor-size-sm\" href=\"https:\/\/rentallorca.com\/alquiler\/apartamentos-mallorca-c1e21\/\">\n\t\t\t\t\t\t<span class=\"elementor-button-content-wrapper\">\n\t\t\t\t\t\t\t\t\t<span class=\"elementor-button-text\">Apartamentos Mallorca<\/span>\n\t\t\t\t\t<\/span>\n\t\t\t\t\t<\/a>\n\t\t\t\t<\/div>\n\t\t\t\t\t\t\t\t<\/div>\n\t\t\t\t<\/div>\n\t\t\t\t<\/div>\n\t\t<div class=\"elementor-element elementor-element-d557a64 e-con-full e-flex e-con e-child\" data-id=\"d557a64\" data-element_type=\"container\" data-e-type=\"container\">\n\t\t\t\t<div class=\"elementor-element elementor-element-4421fc4 elementor-align-justify elementor-widget elementor-widget-button\" data-id=\"4421fc4\" data-element_type=\"widget\" data-e-type=\"widget\" data-widget_type=\"button.default\">\n\t\t\t\t<div class=\"elementor-widget-container\">\n\t\t\t\t\t\t\t\t\t<div class=\"elementor-button-wrapper\">\n\t\t\t\t\t<a class=\"elementor-button elementor-button-link elementor-size-sm\" href=\"https:\/\/rentallorca.com\/alquiler\/casas-alcudia-c19d1098\/\">\n\t\t\t\t\t\t<span class=\"elementor-button-content-wrapper\">\n\t\t\t\t\t\t\t\t\t<span class=\"elementor-button-text\">Casas Mallorca<\/span>\n\t\t\t\t\t<\/span>\n\t\t\t\t\t<\/a>\n\t\t\t\t<\/div>\n\t\t\t\t\t\t\t\t<\/div>\n\t\t\t\t<\/div>\n\t\t\t\t<\/div>\n\t\t<div class=\"elementor-element elementor-element-995a361 e-con-full e-flex e-con e-child\" data-id=\"995a361\" data-element_type=\"container\" data-e-type=\"container\">\n\t\t\t\t<div class=\"elementor-element elementor-element-e6addd0 elementor-align-justify elementor-widget elementor-widget-button\" data-id=\"e6addd0\" data-element_type=\"widget\" data-e-type=\"widget\" data-widget_type=\"button.default\">\n\t\t\t\t<div class=\"elementor-widget-container\">\n\t\t\t\t\t\t\t\t\t<div class=\"elementor-button-wrapper\">\n\t\t\t\t\t<a class=\"elementor-button elementor-button-link elementor-size-sm\" href=\"https:\/\/rentallorca.com\/alquiler\/fincas-mallorca-c22e21\/\">\n\t\t\t\t\t\t<span class=\"elementor-button-content-wrapper\">\n\t\t\t\t\t\t\t\t\t<span class=\"elementor-button-text\">Fincas Mallorca<\/span>\n\t\t\t\t\t<\/span>\n\t\t\t\t\t<\/a>\n\t\t\t\t<\/div>\n\t\t\t\t\t\t\t\t<\/div>\n\t\t\t\t<\/div>\n\t\t\t\t<\/div>\n\t\t\t\t\t<\/div>\n\t\t\t\t<\/div>\n\t\t\t\t<\/div>\n\t\t<\/div>\n\t\t\t\t\t\t<\/div>\n\t\t\t\t<\/div>\n\t\t\t\t\t<\/div>\n\t\t\t\t<\/div>\n\t\t\t\t<\/div>\n\t\t","protected":false},"excerpt":{"rendered":"<p>Si pensabas que Mallorca se acaba en las playas de postal es un error garrafal. En pleno centro de la isla, donde los almendros convierten el paisaje en un cuadro, se esconde Vilafranca de Bonany, un rinc\u00f3n donde el tiempo corre m\u00e1s despacio, las conversaciones duran m\u00e1s y cada plaza parece sacada de un cuento [&hellip;]<\/p>\n","protected":false},"author":3,"featured_media":3480,"comment_status":"open","ping_status":"open","sticky":false,"template":"","format":"standard","meta":{"footnotes":""},"categories":[35],"tags":[],"class_list":["post-3465","post","type-post","status-publish","format-standard","has-post-thumbnail","hentry","category-guia"],"yoast_head":"<!-- This site is optimized with the Yoast SEO plugin v27.5 - https:\/\/yoast.com\/product\/yoast-seo-wordpress\/ -->\n<title>Vilafranca de Bonany: un pueblo con alma en el coraz\u00f3n de Mallorca - Blog<\/title>\n<meta name=\"robots\" content=\"index, follow, max-snippet:-1, max-image-preview:large, max-video-preview:-1\" \/>\n<link rel=\"canonical\" href=\"https:\/\/rentallorca.com\/blog\/vilafranca-de-bonany-un-pueblo-con-alma-en-el-corazon-de-mallorca\/\" \/>\n<meta property=\"og:locale\" content=\"es_ES\" \/>\n<meta property=\"og:type\" content=\"article\" \/>\n<meta property=\"og:title\" content=\"Vilafranca de Bonany: un pueblo con alma en el coraz\u00f3n de Mallorca - Blog\" \/>\n<meta property=\"og:description\" content=\"Si pensabas que Mallorca se acaba en las playas de postal es un error garrafal. En pleno centro de la isla, donde los almendros convierten el paisaje en un cuadro, se esconde Vilafranca de Bonany, un rinc\u00f3n donde el tiempo corre m\u00e1s despacio, las conversaciones duran m\u00e1s y cada plaza parece sacada de un cuento [&hellip;]\" \/>\n<meta property=\"og:url\" content=\"https:\/\/rentallorca.com\/blog\/vilafranca-de-bonany-un-pueblo-con-alma-en-el-corazon-de-mallorca\/\" \/>\n<meta property=\"og:site_name\" content=\"Blog\" \/>\n<meta property=\"article:published_time\" content=\"2026-01-15T08:02:52+00:00\" \/>\n<meta property=\"article:modified_time\" content=\"2026-01-15T08:25:31+00:00\" \/>\n<meta property=\"og:image\" content=\"https:\/\/rentallorca.com\/blog\/wp-content\/uploads\/2026\/01\/Vilafranca-de-bonany.jpg\" \/>\n\t<meta property=\"og:image:width\" content=\"1920\" \/>\n\t<meta property=\"og:image:height\" content=\"911\" \/>\n\t<meta property=\"og:image:type\" content=\"image\/jpeg\" \/>\n<meta name=\"author\" content=\"Axel\" \/>\n<meta name=\"twitter:card\" content=\"summary_large_image\" \/>\n<meta name=\"twitter:label1\" content=\"Written by\" \/>\n\t<meta name=\"twitter:data1\" content=\"Axel\" \/>\n\t<meta name=\"twitter:label2\" content=\"Est. reading time\" \/>\n\t<meta name=\"twitter:data2\" content=\"6 minutes\" \/>\n<script type=\"application\/ld+json\" class=\"yoast-schema-graph\">{\"@context\":\"https:\\\/\\\/schema.org\",\"@graph\":[{\"@type\":\"Article\",\"@id\":\"https:\\\/\\\/rentallorca.com\\\/blog\\\/vilafranca-de-bonany-un-pueblo-con-alma-en-el-corazon-de-mallorca\\\/#article\",\"isPartOf\":{\"@id\":\"https:\\\/\\\/rentallorca.com\\\/blog\\\/vilafranca-de-bonany-un-pueblo-con-alma-en-el-corazon-de-mallorca\\\/\"},\"author\":{\"name\":\"Axel\",\"@id\":\"https:\\\/\\\/rentallorca.com\\\/blog\\\/#\\\/schema\\\/person\\\/8c5ebe5bf8d43e9757ab6869e1d4cbe4\"},\"headline\":\"Vilafranca de Bonany: un pueblo con alma en el coraz\u00f3n de Mallorca\",\"datePublished\":\"2026-01-15T08:02:52+00:00\",\"dateModified\":\"2026-01-15T08:25:31+00:00\",\"mainEntityOfPage\":{\"@id\":\"https:\\\/\\\/rentallorca.com\\\/blog\\\/vilafranca-de-bonany-un-pueblo-con-alma-en-el-corazon-de-mallorca\\\/\"},\"wordCount\":1127,\"commentCount\":0,\"image\":{\"@id\":\"https:\\\/\\\/rentallorca.com\\\/blog\\\/vilafranca-de-bonany-un-pueblo-con-alma-en-el-corazon-de-mallorca\\\/#primaryimage\"},\"thumbnailUrl\":\"https:\\\/\\\/rentallorca.com\\\/blog\\\/wp-content\\\/uploads\\\/2026\\\/01\\\/Vilafranca-de-bonany.jpg\",\"articleSection\":[\"Gu\u00edas\"],\"inLanguage\":\"es\",\"potentialAction\":[{\"@type\":\"CommentAction\",\"name\":\"Comment\",\"target\":[\"https:\\\/\\\/rentallorca.com\\\/blog\\\/vilafranca-de-bonany-un-pueblo-con-alma-en-el-corazon-de-mallorca\\\/#respond\"]}]},{\"@type\":\"WebPage\",\"@id\":\"https:\\\/\\\/rentallorca.com\\\/blog\\\/vilafranca-de-bonany-un-pueblo-con-alma-en-el-corazon-de-mallorca\\\/\",\"url\":\"https:\\\/\\\/rentallorca.com\\\/blog\\\/vilafranca-de-bonany-un-pueblo-con-alma-en-el-corazon-de-mallorca\\\/\",\"name\":\"Vilafranca de Bonany: un pueblo con alma en el coraz\u00f3n de Mallorca - Blog\",\"isPartOf\":{\"@id\":\"https:\\\/\\\/rentallorca.com\\\/blog\\\/#website\"},\"primaryImageOfPage\":{\"@id\":\"https:\\\/\\\/rentallorca.com\\\/blog\\\/vilafranca-de-bonany-un-pueblo-con-alma-en-el-corazon-de-mallorca\\\/#primaryimage\"},\"image\":{\"@id\":\"https:\\\/\\\/rentallorca.com\\\/blog\\\/vilafranca-de-bonany-un-pueblo-con-alma-en-el-corazon-de-mallorca\\\/#primaryimage\"},\"thumbnailUrl\":\"https:\\\/\\\/rentallorca.com\\\/blog\\\/wp-content\\\/uploads\\\/2026\\\/01\\\/Vilafranca-de-bonany.jpg\",\"datePublished\":\"2026-01-15T08:02:52+00:00\",\"dateModified\":\"2026-01-15T08:25:31+00:00\",\"author\":{\"@id\":\"https:\\\/\\\/rentallorca.com\\\/blog\\\/#\\\/schema\\\/person\\\/8c5ebe5bf8d43e9757ab6869e1d4cbe4\"},\"breadcrumb\":{\"@id\":\"https:\\\/\\\/rentallorca.com\\\/blog\\\/vilafranca-de-bonany-un-pueblo-con-alma-en-el-corazon-de-mallorca\\\/#breadcrumb\"},\"inLanguage\":\"es\",\"potentialAction\":[{\"@type\":\"ReadAction\",\"target\":[\"https:\\\/\\\/rentallorca.com\\\/blog\\\/vilafranca-de-bonany-un-pueblo-con-alma-en-el-corazon-de-mallorca\\\/\"]}]},{\"@type\":\"ImageObject\",\"inLanguage\":\"es\",\"@id\":\"https:\\\/\\\/rentallorca.com\\\/blog\\\/vilafranca-de-bonany-un-pueblo-con-alma-en-el-corazon-de-mallorca\\\/#primaryimage\",\"url\":\"https:\\\/\\\/rentallorca.com\\\/blog\\\/wp-content\\\/uploads\\\/2026\\\/01\\\/Vilafranca-de-bonany.jpg\",\"contentUrl\":\"https:\\\/\\\/rentallorca.com\\\/blog\\\/wp-content\\\/uploads\\\/2026\\\/01\\\/Vilafranca-de-bonany.jpg\",\"width\":1920,\"height\":911,\"caption\":\"Vilafranca de bonany\"},{\"@type\":\"BreadcrumbList\",\"@id\":\"https:\\\/\\\/rentallorca.com\\\/blog\\\/vilafranca-de-bonany-un-pueblo-con-alma-en-el-corazon-de-mallorca\\\/#breadcrumb\",\"itemListElement\":[{\"@type\":\"ListItem\",\"position\":1,\"name\":\"Home\",\"item\":\"https:\\\/\\\/rentallorca.com\\\/blog\\\/\"},{\"@type\":\"ListItem\",\"position\":2,\"name\":\"Vilafranca de Bonany: un pueblo con alma en el coraz\u00f3n de Mallorca\"}]},{\"@type\":\"WebSite\",\"@id\":\"https:\\\/\\\/rentallorca.com\\\/blog\\\/#website\",\"url\":\"https:\\\/\\\/rentallorca.com\\\/blog\\\/\",\"name\":\"Blog\",\"description\":\"Rentallorca\",\"potentialAction\":[{\"@type\":\"SearchAction\",\"target\":{\"@type\":\"EntryPoint\",\"urlTemplate\":\"https:\\\/\\\/rentallorca.com\\\/blog\\\/?s={search_term_string}\"},\"query-input\":{\"@type\":\"PropertyValueSpecification\",\"valueRequired\":true,\"valueName\":\"search_term_string\"}}],\"inLanguage\":\"es\"},{\"@type\":\"Person\",\"@id\":\"https:\\\/\\\/rentallorca.com\\\/blog\\\/#\\\/schema\\\/person\\\/8c5ebe5bf8d43e9757ab6869e1d4cbe4\",\"name\":\"Axel\",\"image\":{\"@type\":\"ImageObject\",\"inLanguage\":\"es\",\"@id\":\"https:\\\/\\\/secure.gravatar.com\\\/avatar\\\/3bd706736e5b70f21f05f6c2d5cad746767782a4ba4b7df399c5969e2a9318fd?s=96&d=mm&r=g\",\"url\":\"https:\\\/\\\/secure.gravatar.com\\\/avatar\\\/3bd706736e5b70f21f05f6c2d5cad746767782a4ba4b7df399c5969e2a9318fd?s=96&d=mm&r=g\",\"contentUrl\":\"https:\\\/\\\/secure.gravatar.com\\\/avatar\\\/3bd706736e5b70f21f05f6c2d5cad746767782a4ba4b7df399c5969e2a9318fd?s=96&d=mm&r=g\",\"caption\":\"Axel\"},\"url\":\"https:\\\/\\\/rentallorca.com\\\/blog\\\/author\\\/axel\\\/\"}]}<\/script>\n<!-- \/ Yoast SEO plugin. -->","yoast_head_json":{"title":"Vilafranca de Bonany: un pueblo con alma en el coraz\u00f3n de Mallorca - Blog","robots":{"index":"index","follow":"follow","max-snippet":"max-snippet:-1","max-image-preview":"max-image-preview:large","max-video-preview":"max-video-preview:-1"},"canonical":"https:\/\/rentallorca.com\/blog\/vilafranca-de-bonany-un-pueblo-con-alma-en-el-corazon-de-mallorca\/","og_locale":"es_ES","og_type":"article","og_title":"Vilafranca de Bonany: un pueblo con alma en el coraz\u00f3n de Mallorca - Blog","og_description":"Si pensabas que Mallorca se acaba en las playas de postal es un error garrafal. En pleno centro de la isla, donde los almendros convierten el paisaje en un cuadro, se esconde Vilafranca de Bonany, un rinc\u00f3n donde el tiempo corre m\u00e1s despacio, las conversaciones duran m\u00e1s y cada plaza parece sacada de un cuento [&hellip;]","og_url":"https:\/\/rentallorca.com\/blog\/vilafranca-de-bonany-un-pueblo-con-alma-en-el-corazon-de-mallorca\/","og_site_name":"Blog","article_published_time":"2026-01-15T08:02:52+00:00","article_modified_time":"2026-01-15T08:25:31+00:00","og_image":[{"width":1920,"height":911,"url":"https:\/\/rentallorca.com\/blog\/wp-content\/uploads\/2026\/01\/Vilafranca-de-bonany.jpg","type":"image\/jpeg"}],"author":"Axel","twitter_card":"summary_large_image","twitter_misc":{"Written by":"Axel","Est. reading time":"6 minutes"},"schema":{"@context":"https:\/\/schema.org","@graph":[{"@type":"Article","@id":"https:\/\/rentallorca.com\/blog\/vilafranca-de-bonany-un-pueblo-con-alma-en-el-corazon-de-mallorca\/#article","isPartOf":{"@id":"https:\/\/rentallorca.com\/blog\/vilafranca-de-bonany-un-pueblo-con-alma-en-el-corazon-de-mallorca\/"},"author":{"name":"Axel","@id":"https:\/\/rentallorca.com\/blog\/#\/schema\/person\/8c5ebe5bf8d43e9757ab6869e1d4cbe4"},"headline":"Vilafranca de Bonany: un pueblo con alma en el coraz\u00f3n de Mallorca","datePublished":"2026-01-15T08:02:52+00:00","dateModified":"2026-01-15T08:25:31+00:00","mainEntityOfPage":{"@id":"https:\/\/rentallorca.com\/blog\/vilafranca-de-bonany-un-pueblo-con-alma-en-el-corazon-de-mallorca\/"},"wordCount":1127,"commentCount":0,"image":{"@id":"https:\/\/rentallorca.com\/blog\/vilafranca-de-bonany-un-pueblo-con-alma-en-el-corazon-de-mallorca\/#primaryimage"},"thumbnailUrl":"https:\/\/rentallorca.com\/blog\/wp-content\/uploads\/2026\/01\/Vilafranca-de-bonany.jpg","articleSection":["Gu\u00edas"],"inLanguage":"es","potentialAction":[{"@type":"CommentAction","name":"Comment","target":["https:\/\/rentallorca.com\/blog\/vilafranca-de-bonany-un-pueblo-con-alma-en-el-corazon-de-mallorca\/#respond"]}]},{"@type":"WebPage","@id":"https:\/\/rentallorca.com\/blog\/vilafranca-de-bonany-un-pueblo-con-alma-en-el-corazon-de-mallorca\/","url":"https:\/\/rentallorca.com\/blog\/vilafranca-de-bonany-un-pueblo-con-alma-en-el-corazon-de-mallorca\/","name":"Vilafranca de Bonany: un pueblo con alma en el coraz\u00f3n de Mallorca - Blog","isPartOf":{"@id":"https:\/\/rentallorca.com\/blog\/#website"},"primaryImageOfPage":{"@id":"https:\/\/rentallorca.com\/blog\/vilafranca-de-bonany-un-pueblo-con-alma-en-el-corazon-de-mallorca\/#primaryimage"},"image":{"@id":"https:\/\/rentallorca.com\/blog\/vilafranca-de-bonany-un-pueblo-con-alma-en-el-corazon-de-mallorca\/#primaryimage"},"thumbnailUrl":"https:\/\/rentallorca.com\/blog\/wp-content\/uploads\/2026\/01\/Vilafranca-de-bonany.jpg","datePublished":"2026-01-15T08:02:52+00:00","dateModified":"2026-01-15T08:25:31+00:00","author":{"@id":"https:\/\/rentallorca.com\/blog\/#\/schema\/person\/8c5ebe5bf8d43e9757ab6869e1d4cbe4"},"breadcrumb":{"@id":"https:\/\/rentallorca.com\/blog\/vilafranca-de-bonany-un-pueblo-con-alma-en-el-corazon-de-mallorca\/#breadcrumb"},"inLanguage":"es","potentialAction":[{"@type":"ReadAction","target":["https:\/\/rentallorca.com\/blog\/vilafranca-de-bonany-un-pueblo-con-alma-en-el-corazon-de-mallorca\/"]}]},{"@type":"ImageObject","inLanguage":"es","@id":"https:\/\/rentallorca.com\/blog\/vilafranca-de-bonany-un-pueblo-con-alma-en-el-corazon-de-mallorca\/#primaryimage","url":"https:\/\/rentallorca.com\/blog\/wp-content\/uploads\/2026\/01\/Vilafranca-de-bonany.jpg","contentUrl":"https:\/\/rentallorca.com\/blog\/wp-content\/uploads\/2026\/01\/Vilafranca-de-bonany.jpg","width":1920,"height":911,"caption":"Vilafranca de bonany"},{"@type":"BreadcrumbList","@id":"https:\/\/rentallorca.com\/blog\/vilafranca-de-bonany-un-pueblo-con-alma-en-el-corazon-de-mallorca\/#breadcrumb","itemListElement":[{"@type":"ListItem","position":1,"name":"Home","item":"https:\/\/rentallorca.com\/blog\/"},{"@type":"ListItem","position":2,"name":"Vilafranca de Bonany: un pueblo con alma en el coraz\u00f3n de Mallorca"}]},{"@type":"WebSite","@id":"https:\/\/rentallorca.com\/blog\/#website","url":"https:\/\/rentallorca.com\/blog\/","name":"Blog","description":"Rentallorca","potentialAction":[{"@type":"SearchAction","target":{"@type":"EntryPoint","urlTemplate":"https:\/\/rentallorca.com\/blog\/?s={search_term_string}"},"query-input":{"@type":"PropertyValueSpecification","valueRequired":true,"valueName":"search_term_string"}}],"inLanguage":"es"},{"@type":"Person","@id":"https:\/\/rentallorca.com\/blog\/#\/schema\/person\/8c5ebe5bf8d43e9757ab6869e1d4cbe4","name":"Axel","image":{"@type":"ImageObject","inLanguage":"es","@id":"https:\/\/secure.gravatar.com\/avatar\/3bd706736e5b70f21f05f6c2d5cad746767782a4ba4b7df399c5969e2a9318fd?s=96&d=mm&r=g","url":"https:\/\/secure.gravatar.com\/avatar\/3bd706736e5b70f21f05f6c2d5cad746767782a4ba4b7df399c5969e2a9318fd?s=96&d=mm&r=g","contentUrl":"https:\/\/secure.gravatar.com\/avatar\/3bd706736e5b70f21f05f6c2d5cad746767782a4ba4b7df399c5969e2a9318fd?s=96&d=mm&r=g","caption":"Axel"},"url":"https:\/\/rentallorca.com\/blog\/author\/axel\/"}]}},"_links":{"self":[{"href":"https:\/\/rentallorca.com\/blog\/wp-json\/wp\/v2\/posts\/3465","targetHints":{"allow":["GET"]}}],"collection":[{"href":"https:\/\/rentallorca.com\/blog\/wp-json\/wp\/v2\/posts"}],"about":[{"href":"https:\/\/rentallorca.com\/blog\/wp-json\/wp\/v2\/types\/post"}],"author":[{"embeddable":true,"href":"https:\/\/rentallorca.com\/blog\/wp-json\/wp\/v2\/users\/3"}],"replies":[{"embeddable":true,"href":"https:\/\/rentallorca.com\/blog\/wp-json\/wp\/v2\/comments?post=3465"}],"version-history":[{"count":13,"href":"https:\/\/rentallorca.com\/blog\/wp-json\/wp\/v2\/posts\/3465\/revisions"}],"predecessor-version":[{"id":3488,"href":"https:\/\/rentallorca.com\/blog\/wp-json\/wp\/v2\/posts\/3465\/revisions\/3488"}],"wp:featuredmedia":[{"embeddable":true,"href":"https:\/\/rentallorca.com\/blog\/wp-json\/wp\/v2\/media\/3480"}],"wp:attachment":[{"href":"https:\/\/rentallorca.com\/blog\/wp-json\/wp\/v2\/media?parent=3465"}],"wp:term":[{"taxonomy":"category","embeddable":true,"href":"https:\/\/rentallorca.com\/blog\/wp-json\/wp\/v2\/categories?post=3465"},{"taxonomy":"post_tag","embeddable":true,"href":"https:\/\/rentallorca.com\/blog\/wp-json\/wp\/v2\/tags?post=3465"}],"curies":[{"name":"wp","href":"https:\/\/api.w.org\/{rel}","templated":true}]}}