{"id":3460,"date":"2026-01-14T10:54:23","date_gmt":"2026-01-14T10:54:23","guid":{"rendered":"https:\/\/rentallorca.com\/blog\/?p=3460"},"modified":"2026-01-15T15:44:37","modified_gmt":"2026-01-15T15:44:37","slug":"mallorca-en-febrero","status":"publish","type":"post","link":"https:\/\/rentallorca.com\/blog\/mallorca-en-febrero\/","title":{"rendered":"\u00bfMerece la pena visitar Mallorca en febrero? La respuesta igual te sorprende"},"content":{"rendered":"\t\t<div data-elementor-type=\"wp-post\" data-elementor-id=\"3460\" class=\"elementor elementor-3460\" data-elementor-post-type=\"post\">\n\t\t\t\t<div class=\"elementor-element elementor-element-7afe9533 e-flex e-con-boxed e-con e-parent\" data-id=\"7afe9533\" data-element_type=\"container\" data-e-type=\"container\">\n\t\t\t\t\t<div class=\"e-con-inner\">\n\t\t\t\t<div class=\"elementor-element elementor-element-45dff9ed elementor-widget elementor-widget-text-editor\" data-id=\"45dff9ed\" data-element_type=\"widget\" data-e-type=\"widget\" data-widget_type=\"text-editor.default\">\n\t\t\t\t<div class=\"elementor-widget-container\">\n\t\t\t\t\t\t\t\t\t<p><span style=\"font-weight: 400;\">Muchos lugares solo se pueden disfrutar en verano. Por suerte, luego est\u00e1 Mallorca, que en febrero demuestra que el Mediterr\u00e1neo tambi\u00e9n tiene su encanto incluso en invierno. Si pensabas que la isla solo te ofrec\u00eda playa y solecito, prep\u00e1rate para todas las <\/span><b>sorpresas que trae la isla en febrero<\/b><span style=\"font-weight: 400;\"> (y adem\u00e1s, sin multitudes).<\/span><\/p><p><span style=\"font-weight: 400;\">Lejos del bullicio estival, Mallorca en febrero se muestra ante ti en su <\/span><b>versi\u00f3n m\u00e1s tranquila<\/b><span style=\"font-weight: 400;\">. Los atardeceres dorados, el olor a almendros en flor y el calorcito del sol que se cuela entre los naranjos convierten la isla en un refugio perfecto. Es ese mes <\/span><b>ideal para pasear sin calor<\/b><span style=\"font-weight: 400;\">, recorrer pueblos sin prisas y descubrir una Mallorca que en verano no se llega a conocer. \u00a1Sigue leyendo!<\/span><\/p>\t\t\t\t\t\t\t\t<\/div>\n\t\t\t\t<\/div>\n\t\t\t\t\t<\/div>\n\t\t\t\t<\/div>\n\t\t<div class=\"elementor-element elementor-element-1898ef54 e-flex e-con-boxed e-con e-parent\" data-id=\"1898ef54\" data-element_type=\"container\" data-e-type=\"container\">\n\t\t\t\t\t<div class=\"e-con-inner\">\n\t\t\t\t<div class=\"elementor-element elementor-element-731e172 elementor-widget elementor-widget-table-of-contents\" data-id=\"731e172\" data-element_type=\"widget\" data-e-type=\"widget\" data-settings=\"{&quot;headings_by_tags&quot;:[&quot;h2&quot;,&quot;h3&quot;],&quot;exclude_headings_by_selector&quot;:[],&quot;marker_view&quot;:&quot;bullets&quot;,&quot;icon&quot;:{&quot;value&quot;:&quot;&quot;,&quot;library&quot;:&quot;&quot;},&quot;no_headings_message&quot;:&quot;No headings were found on this page.&quot;,&quot;hierarchical_view&quot;:&quot;yes&quot;,&quot;min_height&quot;:{&quot;unit&quot;:&quot;px&quot;,&quot;size&quot;:&quot;&quot;,&quot;sizes&quot;:[]},&quot;min_height_tablet&quot;:{&quot;unit&quot;:&quot;px&quot;,&quot;size&quot;:&quot;&quot;,&quot;sizes&quot;:[]},&quot;min_height_mobile&quot;:{&quot;unit&quot;:&quot;px&quot;,&quot;size&quot;:&quot;&quot;,&quot;sizes&quot;:[]}}\" data-widget_type=\"table-of-contents.default\">\n\t\t\t\t<div class=\"elementor-widget-container\">\n\t\t\t\t\t\t\t\t\t<div class=\"elementor-toc__header\">\n\t\t\t\t\t\t<div class=\"elementor-toc__header-title\">\n\t\t\t\tContenidos\t\t\t<\/div>\n\t\t\t\t\t\t\t\t<\/div>\n\t\t\t\t<div id=\"elementor-toc__731e172\" class=\"elementor-toc__body\">\n\t\t\t<div class=\"elementor-toc__spinner-container\">\n\t\t\t\t<svg class=\"elementor-toc__spinner eicon-animation-spin e-font-icon-svg e-eicon-loading\" aria-hidden=\"true\" viewBox=\"0 0 1000 1000\" xmlns=\"http:\/\/www.w3.org\/2000\/svg\"><path d=\"M500 975V858C696 858 858 696 858 500S696 142 500 142 142 304 142 500H25C25 237 238 25 500 25S975 237 975 500 763 975 500 975Z\"><\/path><\/svg>\t\t\t<\/div>\n\t\t<\/div>\n\t\t\t\t\t\t<\/div>\n\t\t\t\t<\/div>\n\t\t\t\t\t<\/div>\n\t\t\t\t<\/div>\n\t\t<div class=\"elementor-element elementor-element-638fada3 e-flex e-con-boxed e-con e-parent\" data-id=\"638fada3\" data-element_type=\"container\" data-e-type=\"container\">\n\t\t\t\t\t<div class=\"e-con-inner\">\n\t\t\t\t<div class=\"elementor-element elementor-element-690264d0 elementor-widget elementor-widget-heading\" data-id=\"690264d0\" data-element_type=\"widget\" data-e-type=\"widget\" data-widget_type=\"heading.default\">\n\t\t\t\t<div class=\"elementor-widget-container\">\n\t\t\t\t\t<h2 class=\"elementor-heading-title elementor-size-default\">Clima en Mallorca en febrero: temperaturas, lluvias y qu\u00e9 esperar\n<\/h2>\t\t\t\t<\/div>\n\t\t\t\t<\/div>\n\t\t\t\t<div class=\"elementor-element elementor-element-46c4677c elementor-widget elementor-widget-text-editor\" data-id=\"46c4677c\" data-element_type=\"widget\" data-e-type=\"widget\" data-widget_type=\"text-editor.default\">\n\t\t\t\t<div class=\"elementor-widget-container\">\n\t\t\t\t\t\t\t\t\t<p><span style=\"font-weight: 400;\">La pregunta antes de viajar es <\/span><b>qu\u00e9 tal ser\u00e1 el tiempo en la isla en febrero<\/b><span style=\"font-weight: 400;\">, y la respuesta es que aunque no es para ba\u00f1arse, ofrece un clima m\u00e1s agradable del que imaginas.\u00a0<\/span><\/p><p><span style=\"font-weight: 400;\">Las temperaturas rondan entre los <\/span><b>9\u00baC y 16\u00baC<\/b><span style=\"font-weight: 400;\">, con d\u00edas de sol luminoso y otros algo m\u00e1s frescos. Puede llover ocasionalmente, pero muchos d\u00edas se mantienen con un azul brillante, y aunque sople la brisa mediterr\u00e1nea sigue apeteciendo una terraza.<\/span><\/p><p><span style=\"font-weight: 400;\">En Palma de Mallorca en febrero, los caf\u00e9s frente al puerto o el paseo mar\u00edtimo siguen teniendo vida, solo que sin colas ni agobios. Es el<\/span><b> momento perfecto para descubrir la ciudad<\/b><span style=\"font-weight: 400;\"> como lo hacen los locales, con una gabardina ligera, gafas de sol y puede que alg\u00fan \u201cpa amb oli\u201d sobre la mesa.<\/span><\/p><p><span style=\"font-weight: 400;\">Y si te preocupa el fr\u00edo nocturno, trae una chaqueta o jersey. El secreto de este clima est\u00e1 en <\/span><b>vestirse por capas<\/b><span style=\"font-weight: 400;\">, porque Mallorca puede traer una ma\u00f1ana primaveral, una siesta casi veraniega y un atardecer de manta ligera.<\/span><\/p>\t\t\t\t\t\t\t\t<\/div>\n\t\t\t\t<\/div>\n\t\t\t\t<div class=\"elementor-element elementor-element-c5e19ca elementor-widget elementor-widget-image\" data-id=\"c5e19ca\" data-element_type=\"widget\" data-e-type=\"widget\" data-widget_type=\"image.default\">\n\t\t\t\t<div class=\"elementor-widget-container\">\n\t\t\t\t\t\t\t\t\t\t\t\t\t\t\t<img fetchpriority=\"high\" decoding=\"async\" width=\"1271\" height=\"635\" src=\"https:\/\/rentallorca.com\/blog\/wp-content\/uploads\/2026\/01\/el-tiempo-en-mallorca-febrero.jpg\" class=\"attachment-full size-full wp-image-3495\" alt=\"\" srcset=\"https:\/\/rentallorca.com\/blog\/wp-content\/uploads\/2026\/01\/el-tiempo-en-mallorca-febrero.jpg 1271w, https:\/\/rentallorca.com\/blog\/wp-content\/uploads\/2026\/01\/el-tiempo-en-mallorca-febrero-300x150.jpg 300w, https:\/\/rentallorca.com\/blog\/wp-content\/uploads\/2026\/01\/el-tiempo-en-mallorca-febrero-1024x512.jpg 1024w, https:\/\/rentallorca.com\/blog\/wp-content\/uploads\/2026\/01\/el-tiempo-en-mallorca-febrero-768x384.jpg 768w\" sizes=\"(max-width: 1271px) 100vw, 1271px\" \/>\t\t\t\t\t\t\t\t\t\t\t\t\t\t\t<\/div>\n\t\t\t\t<\/div>\n\t\t\t\t\t<\/div>\n\t\t\t\t<\/div>\n\t\t<div class=\"elementor-element elementor-element-aa42251 e-flex e-con-boxed e-con e-parent\" data-id=\"aa42251\" data-element_type=\"container\" data-e-type=\"container\">\n\t\t\t\t\t<div class=\"e-con-inner\">\n\t\t\t\t<div class=\"elementor-element elementor-element-fbc66b1 elementor-widget elementor-widget-heading\" data-id=\"fbc66b1\" data-element_type=\"widget\" data-e-type=\"widget\" data-widget_type=\"heading.default\">\n\t\t\t\t<div class=\"elementor-widget-container\">\n\t\t\t\t\t<h2 class=\"elementor-heading-title elementor-size-default\">Qu\u00e9 hacer en Mallorca en febrero: planes para todos los gustos\n<\/h2>\t\t\t\t<\/div>\n\t\t\t\t<\/div>\n\t\t\t\t<div class=\"elementor-element elementor-element-1373728 elementor-widget elementor-widget-text-editor\" data-id=\"1373728\" data-element_type=\"widget\" data-e-type=\"widget\" data-widget_type=\"text-editor.default\">\n\t\t\t\t<div class=\"elementor-widget-container\">\n\t\t\t\t\t\t\t\t\t<p><span style=\"font-weight: 400;\">Las razones para viajar a Mallorca en febrero sobran. Encontrar\u00e1s<\/span><b> buenas temperaturas para rutas y excursiones<\/b><span style=\"font-weight: 400;\">, un ambiente local sin aglomeraciones y hasta precios m\u00e1s amables.<\/span><\/p><p><span style=\"font-weight: 400;\">Palma, por ejemplo, es una joya para redescubrir este mes. Puedes empezar el d\u00eda visitando la <\/span><b>Catedral de la Seu<\/b><span style=\"font-weight: 400;\">, cuya luz invernal atraviesa los vitrales creando un espect\u00e1culo de colores dentro del templo. Despu\u00e9s, un paseo por el <\/span><b>Casco Antiguo de Palma<\/b><span style=\"font-weight: 400;\">, lleno de patios se\u00f1oriales, tiendas artesanales y cafeter\u00edas acogedoras.<\/span><\/p><p><span style=\"font-weight: 400;\">Si eres m\u00e1s de naturaleza, el norte de la isla ofrece un paisaje espectacular de la <\/span><b>Sierra de Tramuntana<\/b><span style=\"font-weight: 400;\">. Los pueblos de <\/span><b>Valldemossa, Dei\u00e0 o S\u00f3ller<\/b><span style=\"font-weight: 400;\"> lucen con una calma que en verano parece impensable. Sus calles empedradas, los caf\u00e9s con chimenea y el olor del pan reci\u00e9n hecho dise\u00f1an un viaje inolvidable.<\/span><\/p>\t\t\t\t\t\t\t\t<\/div>\n\t\t\t\t<\/div>\n\t\t\t\t<div class=\"elementor-element elementor-element-431b1f0 elementor-widget elementor-widget-image\" data-id=\"431b1f0\" data-element_type=\"widget\" data-e-type=\"widget\" data-widget_type=\"image.default\">\n\t\t\t\t<div class=\"elementor-widget-container\">\n\t\t\t\t\t\t\t\t\t\t\t\t\t\t\t<img decoding=\"async\" width=\"1254\" height=\"627\" src=\"https:\/\/rentallorca.com\/blog\/wp-content\/uploads\/2026\/01\/palma-de-mallorca-en-febrero.jpg\" class=\"attachment-full size-full wp-image-3505\" alt=\"\" srcset=\"https:\/\/rentallorca.com\/blog\/wp-content\/uploads\/2026\/01\/palma-de-mallorca-en-febrero.jpg 1254w, https:\/\/rentallorca.com\/blog\/wp-content\/uploads\/2026\/01\/palma-de-mallorca-en-febrero-300x150.jpg 300w, https:\/\/rentallorca.com\/blog\/wp-content\/uploads\/2026\/01\/palma-de-mallorca-en-febrero-1024x512.jpg 1024w, https:\/\/rentallorca.com\/blog\/wp-content\/uploads\/2026\/01\/palma-de-mallorca-en-febrero-768x384.jpg 768w\" sizes=\"(max-width: 1254px) 100vw, 1254px\" \/>\t\t\t\t\t\t\t\t\t\t\t\t\t\t\t<\/div>\n\t\t\t\t<\/div>\n\t\t\t\t\t<\/div>\n\t\t\t\t<\/div>\n\t\t<div class=\"elementor-element elementor-element-f502e11 e-flex e-con-boxed e-con e-parent\" data-id=\"f502e11\" data-element_type=\"container\" data-e-type=\"container\">\n\t\t\t\t\t<div class=\"e-con-inner\">\n\t\t\t\t<div class=\"elementor-element elementor-element-a8191b7 elementor-widget elementor-widget-heading\" data-id=\"a8191b7\" data-element_type=\"widget\" data-e-type=\"widget\" data-widget_type=\"heading.default\">\n\t\t\t\t<div class=\"elementor-widget-container\">\n\t\t\t\t\t<h2 class=\"elementor-heading-title elementor-size-default\">Playas, rutas y paisajes que tambi\u00e9n se disfrutan en invierno\n<\/h2>\t\t\t\t<\/div>\n\t\t\t\t<\/div>\n\t\t\t\t<div class=\"elementor-element elementor-element-2e8398e elementor-widget elementor-widget-text-editor\" data-id=\"2e8398e\" data-element_type=\"widget\" data-e-type=\"widget\" data-widget_type=\"text-editor.default\">\n\t\t\t\t<div class=\"elementor-widget-container\">\n\t\t\t\t\t\t\t\t\t<p><span style=\"font-weight: 400;\">Existen <\/span><b>multitud de lugares que tienen un encanto especial en invierno <\/b><span style=\"font-weight: 400;\">y que estar\u00e1n disponibles para ti sin aglomeraciones tur\u00edsticas.<\/span><\/p>\t\t\t\t\t\t\t\t<\/div>\n\t\t\t\t<\/div>\n\t\t\t\t\t<\/div>\n\t\t\t\t<\/div>\n\t\t<div class=\"elementor-element elementor-element-2ad9af71 e-flex e-con-boxed e-con e-parent\" data-id=\"2ad9af71\" data-element_type=\"container\" data-e-type=\"container\">\n\t\t\t\t\t<div class=\"e-con-inner\">\n\t\t\t\t<div class=\"elementor-element elementor-element-112bc1b elementor-widget elementor-widget-heading\" data-id=\"112bc1b\" data-element_type=\"widget\" data-e-type=\"widget\" data-widget_type=\"heading.default\">\n\t\t\t\t<div class=\"elementor-widget-container\">\n\t\t\t\t\t<h3 class=\"elementor-heading-title elementor-size-default\">Caminar por la costa sin aglomeraciones\n<\/h3>\t\t\t\t<\/div>\n\t\t\t\t<\/div>\n\t\t\t\t<div class=\"elementor-element elementor-element-4fb61157 elementor-widget elementor-widget-text-editor\" data-id=\"4fb61157\" data-element_type=\"widget\" data-e-type=\"widget\" data-widget_type=\"text-editor.default\">\n\t\t\t\t<div class=\"elementor-widget-container\">\n\t\t\t\t\t\t\t\t\t<p><span style=\"font-weight: 400;\">En febrero tambi\u00e9n puedes disfrutar de las playas de Mallorca, solo que en una versi\u00f3n m\u00e1s tranquila, sin toallas ni sombrillas, pero <\/span><b>s\u00ed con el mar azul esper\u00e1ndote.<\/b><\/p><p><span style=\"font-weight: 400;\">Lugares como<\/span><b> Es Trenc, Cala Mondrag\u00f3 o Platja de Muro<\/b><span style=\"font-weight: 400;\"> son perfectos para pasear escuchando las olas y respirando aire puro. Adem\u00e1s, la luz invernal tiene una magia especial donde el mar parece m\u00e1s transparente y los atardeceres m\u00e1s fotog\u00e9nicos.<\/span><\/p>\t\t\t\t\t\t\t\t<\/div>\n\t\t\t\t<\/div>\n\t\t\t\t\t<\/div>\n\t\t\t\t<\/div>\n\t\t<div class=\"elementor-element elementor-element-2186248 e-flex e-con-boxed e-con e-parent\" data-id=\"2186248\" data-element_type=\"container\" data-e-type=\"container\">\n\t\t\t\t\t<div class=\"e-con-inner\">\n\t\t\t\t<div class=\"elementor-element elementor-element-0f8980c elementor-widget elementor-widget-heading\" data-id=\"0f8980c\" data-element_type=\"widget\" data-e-type=\"widget\" data-widget_type=\"heading.default\">\n\t\t\t\t<div class=\"elementor-widget-container\">\n\t\t\t\t\t<h3 class=\"elementor-heading-title elementor-size-default\">Rutas de senderismo en la Serra de Tramuntana\n<\/h3>\t\t\t\t<\/div>\n\t\t\t\t<\/div>\n\t\t\t\t<div class=\"elementor-element elementor-element-9e7c0d6 elementor-widget elementor-widget-text-editor\" data-id=\"9e7c0d6\" data-element_type=\"widget\" data-e-type=\"widget\" data-widget_type=\"text-editor.default\">\n\t\t\t\t<div class=\"elementor-widget-container\">\n\t\t\t\t\t\t\t\t\t<p><span style=\"font-weight: 400;\">Si hay un momento del a\u00f1o perfecto para <\/span><b>descubrir la Serra de Tramuntana<\/b><span style=\"font-weight: 400;\"> es este. Sin el calor sofocante del verano, los caminos se recorren con calma y las vistas se disfrutan sin sudores.<\/span><\/p><p><span style=\"font-weight: 400;\">El<\/span><b> Cam\u00ed de s\u2019Arxiduc o la ruta de Sa Calobra <\/b><span style=\"font-weight: 400;\">son opciones estupendas para senderistas con ganas de vistas imposibles. Tambi\u00e9n puedes explorar <\/span><b>Puig de Massanella<\/b><span style=\"font-weight: 400;\">, la segunda cima m\u00e1s alta de la isla, con un paisaje que alterna rocas, pinos y mar en el horizonte.<\/span><\/p><p><span style=\"font-weight: 400;\">Y si lo tuyo es algo m\u00e1s relajado,<\/span><b> bastar\u00e1 con un paseo por los bosques de encinas o los almendros en flor<\/b><span style=\"font-weight: 400;\">, que en febrero ti\u00f1en los valles de blanco y rosa. Es uno de los espect\u00e1culos naturales m\u00e1s bonitos del Mediterr\u00e1neo.<\/span><\/p>\t\t\t\t\t\t\t\t<\/div>\n\t\t\t\t<\/div>\n\t\t\t\t<div class=\"elementor-element elementor-element-45a6e7c elementor-widget elementor-widget-image\" data-id=\"45a6e7c\" data-element_type=\"widget\" data-e-type=\"widget\" data-widget_type=\"image.default\">\n\t\t\t\t<div class=\"elementor-widget-container\">\n\t\t\t\t\t\t\t\t\t\t\t\t\t\t\t<img decoding=\"async\" width=\"1254\" height=\"627\" src=\"https:\/\/rentallorca.com\/blog\/wp-content\/uploads\/2026\/01\/Sierra-tramuntana-mallorca-febrero.jpg\" class=\"attachment-full size-full wp-image-3502\" alt=\"\" srcset=\"https:\/\/rentallorca.com\/blog\/wp-content\/uploads\/2026\/01\/Sierra-tramuntana-mallorca-febrero.jpg 1254w, https:\/\/rentallorca.com\/blog\/wp-content\/uploads\/2026\/01\/Sierra-tramuntana-mallorca-febrero-300x150.jpg 300w, https:\/\/rentallorca.com\/blog\/wp-content\/uploads\/2026\/01\/Sierra-tramuntana-mallorca-febrero-1024x512.jpg 1024w, https:\/\/rentallorca.com\/blog\/wp-content\/uploads\/2026\/01\/Sierra-tramuntana-mallorca-febrero-768x384.jpg 768w\" sizes=\"(max-width: 1254px) 100vw, 1254px\" \/>\t\t\t\t\t\t\t\t\t\t\t\t\t\t\t<\/div>\n\t\t\t\t<\/div>\n\t\t\t\t\t<\/div>\n\t\t\t\t<\/div>\n\t\t<div class=\"elementor-element elementor-element-96620eb e-flex e-con-boxed e-con e-parent\" data-id=\"96620eb\" data-element_type=\"container\" data-e-type=\"container\">\n\t\t\t\t\t<div class=\"e-con-inner\">\n\t\t\t\t<div class=\"elementor-element elementor-element-4d77f51 elementor-widget elementor-widget-heading\" data-id=\"4d77f51\" data-element_type=\"widget\" data-e-type=\"widget\" data-widget_type=\"heading.default\">\n\t\t\t\t<div class=\"elementor-widget-container\">\n\t\t\t\t\t<h3 class=\"elementor-heading-title elementor-size-default\">Paisajes \u00fanicos y pueblos de cuento\n<\/h3>\t\t\t\t<\/div>\n\t\t\t\t<\/div>\n\t\t\t\t<div class=\"elementor-element elementor-element-477adb3 elementor-widget elementor-widget-text-editor\" data-id=\"477adb3\" data-element_type=\"widget\" data-e-type=\"widget\" data-widget_type=\"text-editor.default\">\n\t\t\t\t<div class=\"elementor-widget-container\">\n\t\t\t\t\t\t\t\t\t<p><span style=\"font-weight: 400;\">Los pueblos del interior mallorqu\u00edn son puro encanto en invierno. <\/span><b>Alar\u00f3, Biniaraix o Fornalutx <\/b><span style=\"font-weight: 400;\">parecen detenidos en el tiempo. Las fachadas de piedra, los tejados rojos y el humo de las chimeneas crean una atm\u00f3sfera capaz de conquistar a todo el que llega.<\/span><\/p><p><span style=\"font-weight: 400;\">Adem\u00e1s, febrero es un mes perfecto para recorrer la isla en coche sin atascos ni estr\u00e9s.<\/span><b> En pocos kil\u00f3metros pasas del mar a la monta\u00f1a<\/b><span style=\"font-weight: 400;\"> y de la calma rural a la elegancia de Palma, todo con un ritmo pausado y vistas de ensue\u00f1o.<\/span><\/p>\t\t\t\t\t\t\t\t<\/div>\n\t\t\t\t<\/div>\n\t\t\t\t\t<\/div>\n\t\t\t\t<\/div>\n\t\t<div class=\"elementor-element elementor-element-1253a0b1 e-flex e-con-boxed e-con e-parent\" data-id=\"1253a0b1\" data-element_type=\"container\" data-e-type=\"container\">\n\t\t\t\t\t<div class=\"e-con-inner\">\n\t\t\t\t<div class=\"elementor-element elementor-element-486363b4 elementor-widget elementor-widget-heading\" data-id=\"486363b4\" data-element_type=\"widget\" data-e-type=\"widget\" data-widget_type=\"heading.default\">\n\t\t\t\t<div class=\"elementor-widget-container\">\n\t\t\t\t\t<h2 class=\"elementor-heading-title elementor-size-default\">Eventos, ferias y propuestas culturales para este mes\n<\/h2>\t\t\t\t<\/div>\n\t\t\t\t<\/div>\n\t\t\t\t<div class=\"elementor-element elementor-element-27189d3c elementor-widget elementor-widget-text-editor\" data-id=\"27189d3c\" data-element_type=\"widget\" data-e-type=\"widget\" data-widget_type=\"text-editor.default\">\n\t\t\t\t<div class=\"elementor-widget-container\">\n\t\t\t\t\t\t\t\t\t<p><span style=\"font-weight: 400;\">El calendario en febrero comienza con las <\/span><b>Fiestas de la Candelaria y San Blas<\/b><span style=\"font-weight: 400;\">, en pueblos como Sa Pobla o Porreres, donde la tradici\u00f3n se mezcla con m\u00fasica y gastronom\u00eda local. Tambi\u00e9n destaca el <\/span><b>Carnaval mallorqu\u00edn<\/b><span style=\"font-weight: 400;\"> con sus ruas coloridas y el humor que inunda las calles de Palma y otros municipios.<\/span><\/p><p><span style=\"font-weight: 400;\">Pero quiz\u00e1s el evento m\u00e1s especial sea la<\/span><b> Floraci\u00f3n del almendro<\/b><span style=\"font-weight: 400;\">. A mediados o finales de febrero, los campos de Mallorca se cubren de flores blancas y rosadas, creando un paisaje tan m\u00e1gico que muchos lo comparar con la nieve. Puedes disfrutarlo en zonas como Bunyola, Sant Lloren\u00e7 des Cardassar o los alrededores de Inca.<\/span><\/p><p><span style=\"font-weight: 400;\">Y si te gusta la cultura, el <\/span><b>Teatro Principal de Palma<\/b><span style=\"font-weight: 400;\"> siempre tiene programaci\u00f3n en estas fechas, desde conciertos hasta \u00f3peras. Los museos, como Es Baluard o La Fundaci\u00f3n Mir\u00f3, tambi\u00e9n son compa\u00f1eros ideales para una tarde m\u00e1s fresca de lo habitual.<\/span><\/p>\t\t\t\t\t\t\t\t<\/div>\n\t\t\t\t<\/div>\n\t\t\t\t<div class=\"elementor-element elementor-element-fb069ac elementor-widget elementor-widget-image\" data-id=\"fb069ac\" data-element_type=\"widget\" data-e-type=\"widget\" data-widget_type=\"image.default\">\n\t\t\t\t<div class=\"elementor-widget-container\">\n\t\t\t\t\t\t\t\t\t\t\t\t\t\t\t<img decoding=\"async\" src=\"https:\/\/rentallorca.com\/blog\/wp-content\/uploads\/elementor\/thumbs\/carnaval-mallorca-rhon5rf1usgpuaqyglpiziisete35sqe1ytpqicfhs.jpg\" title=\"Dance of the little horses in Felanitx\" alt=\"Felanitx, Spain; august 27 2022: Patron saint festivities of Sant Agusti in the Majorcan town of Felanitx. Dance of the little horses in the square of the house of culture. Spain\" loading=\"lazy\" \/>\t\t\t\t\t\t\t\t\t\t\t\t\t\t\t<\/div>\n\t\t\t\t<\/div>\n\t\t\t\t\t<\/div>\n\t\t\t\t<\/div>\n\t\t<div class=\"elementor-element elementor-element-3f1c84a e-flex e-con-boxed e-con e-parent\" data-id=\"3f1c84a\" data-element_type=\"container\" data-e-type=\"container\">\n\t\t\t\t\t<div class=\"e-con-inner\">\n\t\t\t\t<div class=\"elementor-element elementor-element-8368504 elementor-widget elementor-widget-heading\" data-id=\"8368504\" data-element_type=\"widget\" data-e-type=\"widget\" data-widget_type=\"heading.default\">\n\t\t\t\t<div class=\"elementor-widget-container\">\n\t\t\t\t\t<h2 class=\"elementor-heading-title elementor-size-default\">Consejos pr\u00e1cticos para viajar a Mallorca en febrero sin sorpresas\n<\/h2>\t\t\t\t<\/div>\n\t\t\t\t<\/div>\n\t\t\t\t<div class=\"elementor-element elementor-element-8161da7 elementor-widget elementor-widget-text-editor\" data-id=\"8161da7\" data-element_type=\"widget\" data-e-type=\"widget\" data-widget_type=\"text-editor.default\">\n\t\t\t\t<div class=\"elementor-widget-container\">\n\t\t\t\t\t\t\t\t\t<p><span style=\"font-weight: 400;\">Viajar en febrero tiene sus ventajas y algunas peculiaridades. Nosotros te recomendamos que <\/span><b>alquiles un coche<\/b><span style=\"font-weight: 400;\">, porque las distancias son m\u00e1s c\u00f3modas en tu propio veh\u00edculo y te permitir\u00e1 ir a tu ritmo. Adem\u00e1s de <\/span><b>informarte de los horarios<\/b><span style=\"font-weight: 400;\">, ya sea de restaurante o atracciones, porque en temporada baja pueden reducir su actividad.<\/span><\/p><p><span style=\"font-weight: 400;\">Respecto a la ropa, <\/span><b>nuestro consejo es que vistas por capas<\/b><span style=\"font-weight: 400;\">, pueden haber d\u00edas templados, ma\u00f1anas frescas y noches de jerseys. Y sobre todo,<\/span><b> disfruta sin estr\u00e9s<\/b><span style=\"font-weight: 400;\">, ya que en febrero te ahorrar\u00e1s las colas, las prisas desaparecen y el aparcamiento deja de ser una misi\u00f3n imposible.<\/span><\/p>\t\t\t\t\t\t\t\t<\/div>\n\t\t\t\t<\/div>\n\t\t\t\t\t<\/div>\n\t\t\t\t<\/div>\n\t\t<div class=\"elementor-element elementor-element-1f539e7 e-flex e-con-boxed e-con e-parent\" data-id=\"1f539e7\" data-element_type=\"container\" data-e-type=\"container\">\n\t\t\t\t\t<div class=\"e-con-inner\">\n\t\t\t\t<div class=\"elementor-element elementor-element-d633dfb elementor-widget elementor-widget-heading\" data-id=\"d633dfb\" data-element_type=\"widget\" data-e-type=\"widget\" data-widget_type=\"heading.default\">\n\t\t\t\t<div class=\"elementor-widget-container\">\n\t\t\t\t\t<h2 class=\"elementor-heading-title elementor-size-default\">Ven a Mallorca en febrero y descubre su lado m\u00e1s tranquilo\n<\/h2>\t\t\t\t<\/div>\n\t\t\t\t<\/div>\n\t\t\t\t<div class=\"elementor-element elementor-element-f1b6527 elementor-widget elementor-widget-text-editor\" data-id=\"f1b6527\" data-element_type=\"widget\" data-e-type=\"widget\" data-widget_type=\"text-editor.default\">\n\t\t\t\t<div class=\"elementor-widget-container\">\n\t\t\t\t\t\t\t\t\t<p><span style=\"font-weight: 400;\">El tiempo en Mallorca puede ser fresco, pero el esp\u00edritu mediterr\u00e1neo sigue igual de c\u00e1lido. Es un mes diferente, perfecto para <\/span><b>descubrir la isla sin ruido<\/b><span style=\"font-weight: 400;\">, sin prisas y con la calma de quien viaja solo por placer.<\/span><\/p><p><span style=\"font-weight: 400;\">Los paisajes florecen, las calles se llenan de vida local y la belleza del mar sigue intacta. Visitar Palma de Mallorca en febrero es <\/span><b>sin\u00f3nimo de tranquilidad<\/b><span style=\"font-weight: 400;\">. As\u00ed que s\u00ed, merece la pena visitarla. Contacta con nosotros para reservar tu apartamento en Mallorca al mejor precio. \u00a1Te estamos esperando!<\/span><\/p>\t\t\t\t\t\t\t\t<\/div>\n\t\t\t\t<\/div>\n\t\t\t\t\t<\/div>\n\t\t\t\t<\/div>\n\t\t<div class=\"elementor-element elementor-element-61f1e0ef e-flex e-con-boxed e-con e-parent\" data-id=\"61f1e0ef\" data-element_type=\"container\" data-e-type=\"container\">\n\t\t\t\t\t<div class=\"e-con-inner\">\n\t\t\t\t<div class=\"elementor-element elementor-element-30740ffc elementor-widget elementor-widget-shortcode\" data-id=\"30740ffc\" data-element_type=\"widget\" data-e-type=\"widget\" data-widget_type=\"shortcode.default\">\n\t\t\t\t<div class=\"elementor-widget-container\">\n\t\t\t\t\t\t\t<div class=\"elementor-shortcode\">\t\t<div data-elementor-type=\"page\" data-elementor-id=\"170\" class=\"elementor elementor-170\" data-elementor-post-type=\"elementor_library\">\n\t\t\t\t<div class=\"elementor-element elementor-element-16c5e22 e-flex e-con-boxed e-con e-parent\" data-id=\"16c5e22\" data-element_type=\"container\" data-e-type=\"container\">\n\t\t\t\t\t<div class=\"e-con-inner\">\n\t\t<div class=\"elementor-element elementor-element-ac67807 e-con-full e-flex e-con e-child\" data-id=\"ac67807\" data-element_type=\"container\" data-e-type=\"container\">\n\t\t\t\t<div class=\"elementor-element elementor-element-2ab04b2 elementor-align-justify elementor-widget elementor-widget-button\" data-id=\"2ab04b2\" data-element_type=\"widget\" data-e-type=\"widget\" data-widget_type=\"button.default\">\n\t\t\t\t<div class=\"elementor-widget-container\">\n\t\t\t\t\t\t\t\t\t<div class=\"elementor-button-wrapper\">\n\t\t\t\t\t<a class=\"elementor-button elementor-button-link elementor-size-sm\" href=\"https:\/\/rentallorca.com\/alquiler\/alquileres-mallorca-e21\/\">\n\t\t\t\t\t\t<span class=\"elementor-button-content-wrapper\">\n\t\t\t\t\t\t\t\t\t<span class=\"elementor-button-text\">Alojamientos Mallorca<\/span>\n\t\t\t\t\t<\/span>\n\t\t\t\t\t<\/a>\n\t\t\t\t<\/div>\n\t\t\t\t\t\t\t\t<\/div>\n\t\t\t\t<\/div>\n\t\t\t\t<\/div>\n\t\t<div class=\"elementor-element elementor-element-6bea3dd e-con-full e-flex e-con e-child\" data-id=\"6bea3dd\" data-element_type=\"container\" data-e-type=\"container\">\n\t\t\t\t<div class=\"elementor-element elementor-element-ff8a437 elementor-align-justify elementor-widget elementor-widget-button\" data-id=\"ff8a437\" data-element_type=\"widget\" data-e-type=\"widget\" data-widget_type=\"button.default\">\n\t\t\t\t<div class=\"elementor-widget-container\">\n\t\t\t\t\t\t\t\t\t<div class=\"elementor-button-wrapper\">\n\t\t\t\t\t<a class=\"elementor-button elementor-button-link elementor-size-sm\" href=\"https:\/\/rentallorca.com\/alquiler\/apartamentos-mallorca-c1e21\/\">\n\t\t\t\t\t\t<span class=\"elementor-button-content-wrapper\">\n\t\t\t\t\t\t\t\t\t<span class=\"elementor-button-text\">Apartamentos Mallorca<\/span>\n\t\t\t\t\t<\/span>\n\t\t\t\t\t<\/a>\n\t\t\t\t<\/div>\n\t\t\t\t\t\t\t\t<\/div>\n\t\t\t\t<\/div>\n\t\t\t\t<\/div>\n\t\t<div class=\"elementor-element elementor-element-d557a64 e-con-full e-flex e-con e-child\" data-id=\"d557a64\" data-element_type=\"container\" data-e-type=\"container\">\n\t\t\t\t<div class=\"elementor-element elementor-element-4421fc4 elementor-align-justify elementor-widget elementor-widget-button\" data-id=\"4421fc4\" data-element_type=\"widget\" data-e-type=\"widget\" data-widget_type=\"button.default\">\n\t\t\t\t<div class=\"elementor-widget-container\">\n\t\t\t\t\t\t\t\t\t<div class=\"elementor-button-wrapper\">\n\t\t\t\t\t<a class=\"elementor-button elementor-button-link elementor-size-sm\" href=\"https:\/\/rentallorca.com\/alquiler\/casas-alcudia-c19d1098\/\">\n\t\t\t\t\t\t<span class=\"elementor-button-content-wrapper\">\n\t\t\t\t\t\t\t\t\t<span class=\"elementor-button-text\">Casas Mallorca<\/span>\n\t\t\t\t\t<\/span>\n\t\t\t\t\t<\/a>\n\t\t\t\t<\/div>\n\t\t\t\t\t\t\t\t<\/div>\n\t\t\t\t<\/div>\n\t\t\t\t<\/div>\n\t\t<div class=\"elementor-element elementor-element-995a361 e-con-full e-flex e-con e-child\" data-id=\"995a361\" data-element_type=\"container\" data-e-type=\"container\">\n\t\t\t\t<div class=\"elementor-element elementor-element-e6addd0 elementor-align-justify elementor-widget elementor-widget-button\" data-id=\"e6addd0\" data-element_type=\"widget\" data-e-type=\"widget\" data-widget_type=\"button.default\">\n\t\t\t\t<div class=\"elementor-widget-container\">\n\t\t\t\t\t\t\t\t\t<div class=\"elementor-button-wrapper\">\n\t\t\t\t\t<a class=\"elementor-button elementor-button-link elementor-size-sm\" href=\"https:\/\/rentallorca.com\/alquiler\/fincas-mallorca-c22e21\/\">\n\t\t\t\t\t\t<span class=\"elementor-button-content-wrapper\">\n\t\t\t\t\t\t\t\t\t<span class=\"elementor-button-text\">Fincas Mallorca<\/span>\n\t\t\t\t\t<\/span>\n\t\t\t\t\t<\/a>\n\t\t\t\t<\/div>\n\t\t\t\t\t\t\t\t<\/div>\n\t\t\t\t<\/div>\n\t\t\t\t<\/div>\n\t\t\t\t\t<\/div>\n\t\t\t\t<\/div>\n\t\t\t\t<\/div>\n\t\t<\/div>\n\t\t\t\t\t\t<\/div>\n\t\t\t\t<\/div>\n\t\t\t\t\t<\/div>\n\t\t\t\t<\/div>\n\t\t\t\t<\/div>\n\t\t","protected":false},"excerpt":{"rendered":"<p>Muchos lugares solo se pueden disfrutar en verano. Por suerte, luego est\u00e1 Mallorca, que en febrero demuestra que el Mediterr\u00e1neo tambi\u00e9n tiene su encanto incluso en invierno. Si pensabas que la isla solo te ofrec\u00eda playa y solecito, prep\u00e1rate para todas las sorpresas que trae la isla en febrero (y adem\u00e1s, sin multitudes). Lejos del [&hellip;]<\/p>\n","protected":false},"author":3,"featured_media":3508,"comment_status":"open","ping_status":"open","sticky":false,"template":"","format":"standard","meta":{"footnotes":""},"categories":[],"tags":[],"class_list":["post-3460","post","type-post","status-publish","format-standard","has-post-thumbnail","hentry"],"yoast_head":"<!-- This site is optimized with the Yoast SEO plugin v27.5 - https:\/\/yoast.com\/product\/yoast-seo-wordpress\/ -->\n<title>\u00bfMerece la pena visitar mallorca en Febrero? - Blog<\/title>\n<meta name=\"description\" content=\"\u00bfPlaneas tu escapada? Explora el clima y las mejores actividades que te aguardan en Mallorca en febrero. \u00a1Aprovecha la tranquilidad fuera de temporada!\" \/>\n<meta name=\"robots\" content=\"index, follow, max-snippet:-1, max-image-preview:large, max-video-preview:-1\" \/>\n<link rel=\"canonical\" href=\"https:\/\/rentallorca.com\/blog\/mallorca-en-febrero\/\" \/>\n<meta property=\"og:locale\" content=\"es_ES\" \/>\n<meta property=\"og:type\" content=\"article\" \/>\n<meta property=\"og:title\" content=\"\u00bfMerece la pena visitar mallorca en Febrero? - Blog\" \/>\n<meta property=\"og:description\" content=\"\u00bfPlaneas tu escapada? Explora el clima y las mejores actividades que te aguardan en Mallorca en febrero. \u00a1Aprovecha la tranquilidad fuera de temporada!\" \/>\n<meta property=\"og:url\" content=\"https:\/\/rentallorca.com\/blog\/mallorca-en-febrero\/\" \/>\n<meta property=\"og:site_name\" content=\"Blog\" \/>\n<meta property=\"article:published_time\" content=\"2026-01-14T10:54:23+00:00\" \/>\n<meta property=\"article:modified_time\" content=\"2026-01-15T15:44:37+00:00\" \/>\n<meta property=\"og:image\" content=\"https:\/\/rentallorca.com\/blog\/wp-content\/uploads\/2026\/01\/tiempo-mallorca-en-febrero.jpg\" \/>\n\t<meta property=\"og:image:width\" content=\"2333\" \/>\n\t<meta property=\"og:image:height\" content=\"778\" \/>\n\t<meta property=\"og:image:type\" content=\"image\/jpeg\" \/>\n<meta name=\"author\" content=\"Axel\" \/>\n<meta name=\"twitter:card\" content=\"summary_large_image\" \/>\n<meta name=\"twitter:label1\" content=\"Written by\" \/>\n\t<meta name=\"twitter:data1\" content=\"Axel\" \/>\n\t<meta name=\"twitter:label2\" content=\"Est. reading time\" \/>\n\t<meta name=\"twitter:data2\" content=\"7 minutes\" \/>\n<script type=\"application\/ld+json\" class=\"yoast-schema-graph\">{\"@context\":\"https:\\\/\\\/schema.org\",\"@graph\":[{\"@type\":\"Article\",\"@id\":\"https:\\\/\\\/rentallorca.com\\\/blog\\\/mallorca-en-febrero\\\/#article\",\"isPartOf\":{\"@id\":\"https:\\\/\\\/rentallorca.com\\\/blog\\\/mallorca-en-febrero\\\/\"},\"author\":{\"name\":\"Axel\",\"@id\":\"https:\\\/\\\/rentallorca.com\\\/blog\\\/#\\\/schema\\\/person\\\/8c5ebe5bf8d43e9757ab6869e1d4cbe4\"},\"headline\":\"\u00bfMerece la pena visitar Mallorca en febrero? La respuesta igual te sorprende\",\"datePublished\":\"2026-01-14T10:54:23+00:00\",\"dateModified\":\"2026-01-15T15:44:37+00:00\",\"mainEntityOfPage\":{\"@id\":\"https:\\\/\\\/rentallorca.com\\\/blog\\\/mallorca-en-febrero\\\/\"},\"wordCount\":1234,\"commentCount\":0,\"image\":{\"@id\":\"https:\\\/\\\/rentallorca.com\\\/blog\\\/mallorca-en-febrero\\\/#primaryimage\"},\"thumbnailUrl\":\"https:\\\/\\\/rentallorca.com\\\/blog\\\/wp-content\\\/uploads\\\/2026\\\/01\\\/tiempo-mallorca-en-febrero.jpg\",\"inLanguage\":\"es\",\"potentialAction\":[{\"@type\":\"CommentAction\",\"name\":\"Comment\",\"target\":[\"https:\\\/\\\/rentallorca.com\\\/blog\\\/mallorca-en-febrero\\\/#respond\"]}]},{\"@type\":\"WebPage\",\"@id\":\"https:\\\/\\\/rentallorca.com\\\/blog\\\/mallorca-en-febrero\\\/\",\"url\":\"https:\\\/\\\/rentallorca.com\\\/blog\\\/mallorca-en-febrero\\\/\",\"name\":\"\u00bfMerece la pena visitar mallorca en Febrero? - Blog\",\"isPartOf\":{\"@id\":\"https:\\\/\\\/rentallorca.com\\\/blog\\\/#website\"},\"primaryImageOfPage\":{\"@id\":\"https:\\\/\\\/rentallorca.com\\\/blog\\\/mallorca-en-febrero\\\/#primaryimage\"},\"image\":{\"@id\":\"https:\\\/\\\/rentallorca.com\\\/blog\\\/mallorca-en-febrero\\\/#primaryimage\"},\"thumbnailUrl\":\"https:\\\/\\\/rentallorca.com\\\/blog\\\/wp-content\\\/uploads\\\/2026\\\/01\\\/tiempo-mallorca-en-febrero.jpg\",\"datePublished\":\"2026-01-14T10:54:23+00:00\",\"dateModified\":\"2026-01-15T15:44:37+00:00\",\"author\":{\"@id\":\"https:\\\/\\\/rentallorca.com\\\/blog\\\/#\\\/schema\\\/person\\\/8c5ebe5bf8d43e9757ab6869e1d4cbe4\"},\"description\":\"\u00bfPlaneas tu escapada? Explora el clima y las mejores actividades que te aguardan en Mallorca en febrero. \u00a1Aprovecha la tranquilidad fuera de temporada!\",\"breadcrumb\":{\"@id\":\"https:\\\/\\\/rentallorca.com\\\/blog\\\/mallorca-en-febrero\\\/#breadcrumb\"},\"inLanguage\":\"es\",\"potentialAction\":[{\"@type\":\"ReadAction\",\"target\":[\"https:\\\/\\\/rentallorca.com\\\/blog\\\/mallorca-en-febrero\\\/\"]}]},{\"@type\":\"ImageObject\",\"inLanguage\":\"es\",\"@id\":\"https:\\\/\\\/rentallorca.com\\\/blog\\\/mallorca-en-febrero\\\/#primaryimage\",\"url\":\"https:\\\/\\\/rentallorca.com\\\/blog\\\/wp-content\\\/uploads\\\/2026\\\/01\\\/tiempo-mallorca-en-febrero.jpg\",\"contentUrl\":\"https:\\\/\\\/rentallorca.com\\\/blog\\\/wp-content\\\/uploads\\\/2026\\\/01\\\/tiempo-mallorca-en-febrero.jpg\",\"width\":2333,\"height\":778,\"caption\":\"Hiking from Cala Agulla and approaching the beautiful beach and bay of Cala Mesquida over the Llevant hills Majorca Spain\"},{\"@type\":\"BreadcrumbList\",\"@id\":\"https:\\\/\\\/rentallorca.com\\\/blog\\\/mallorca-en-febrero\\\/#breadcrumb\",\"itemListElement\":[{\"@type\":\"ListItem\",\"position\":1,\"name\":\"Home\",\"item\":\"https:\\\/\\\/rentallorca.com\\\/blog\\\/\"},{\"@type\":\"ListItem\",\"position\":2,\"name\":\"\u00bfMerece la pena visitar Mallorca en febrero? La respuesta igual te sorprende\"}]},{\"@type\":\"WebSite\",\"@id\":\"https:\\\/\\\/rentallorca.com\\\/blog\\\/#website\",\"url\":\"https:\\\/\\\/rentallorca.com\\\/blog\\\/\",\"name\":\"Blog\",\"description\":\"Rentallorca\",\"potentialAction\":[{\"@type\":\"SearchAction\",\"target\":{\"@type\":\"EntryPoint\",\"urlTemplate\":\"https:\\\/\\\/rentallorca.com\\\/blog\\\/?s={search_term_string}\"},\"query-input\":{\"@type\":\"PropertyValueSpecification\",\"valueRequired\":true,\"valueName\":\"search_term_string\"}}],\"inLanguage\":\"es\"},{\"@type\":\"Person\",\"@id\":\"https:\\\/\\\/rentallorca.com\\\/blog\\\/#\\\/schema\\\/person\\\/8c5ebe5bf8d43e9757ab6869e1d4cbe4\",\"name\":\"Axel\",\"image\":{\"@type\":\"ImageObject\",\"inLanguage\":\"es\",\"@id\":\"https:\\\/\\\/secure.gravatar.com\\\/avatar\\\/3bd706736e5b70f21f05f6c2d5cad746767782a4ba4b7df399c5969e2a9318fd?s=96&d=mm&r=g\",\"url\":\"https:\\\/\\\/secure.gravatar.com\\\/avatar\\\/3bd706736e5b70f21f05f6c2d5cad746767782a4ba4b7df399c5969e2a9318fd?s=96&d=mm&r=g\",\"contentUrl\":\"https:\\\/\\\/secure.gravatar.com\\\/avatar\\\/3bd706736e5b70f21f05f6c2d5cad746767782a4ba4b7df399c5969e2a9318fd?s=96&d=mm&r=g\",\"caption\":\"Axel\"},\"url\":\"https:\\\/\\\/rentallorca.com\\\/blog\\\/author\\\/axel\\\/\"}]}<\/script>\n<!-- \/ Yoast SEO plugin. -->","yoast_head_json":{"title":"\u00bfMerece la pena visitar mallorca en Febrero? - Blog","description":"\u00bfPlaneas tu escapada? Explora el clima y las mejores actividades que te aguardan en Mallorca en febrero. \u00a1Aprovecha la tranquilidad fuera de temporada!","robots":{"index":"index","follow":"follow","max-snippet":"max-snippet:-1","max-image-preview":"max-image-preview:large","max-video-preview":"max-video-preview:-1"},"canonical":"https:\/\/rentallorca.com\/blog\/mallorca-en-febrero\/","og_locale":"es_ES","og_type":"article","og_title":"\u00bfMerece la pena visitar mallorca en Febrero? - Blog","og_description":"\u00bfPlaneas tu escapada? Explora el clima y las mejores actividades que te aguardan en Mallorca en febrero. \u00a1Aprovecha la tranquilidad fuera de temporada!","og_url":"https:\/\/rentallorca.com\/blog\/mallorca-en-febrero\/","og_site_name":"Blog","article_published_time":"2026-01-14T10:54:23+00:00","article_modified_time":"2026-01-15T15:44:37+00:00","og_image":[{"width":2333,"height":778,"url":"https:\/\/rentallorca.com\/blog\/wp-content\/uploads\/2026\/01\/tiempo-mallorca-en-febrero.jpg","type":"image\/jpeg"}],"author":"Axel","twitter_card":"summary_large_image","twitter_misc":{"Written by":"Axel","Est. reading time":"7 minutes"},"schema":{"@context":"https:\/\/schema.org","@graph":[{"@type":"Article","@id":"https:\/\/rentallorca.com\/blog\/mallorca-en-febrero\/#article","isPartOf":{"@id":"https:\/\/rentallorca.com\/blog\/mallorca-en-febrero\/"},"author":{"name":"Axel","@id":"https:\/\/rentallorca.com\/blog\/#\/schema\/person\/8c5ebe5bf8d43e9757ab6869e1d4cbe4"},"headline":"\u00bfMerece la pena visitar Mallorca en febrero? La respuesta igual te sorprende","datePublished":"2026-01-14T10:54:23+00:00","dateModified":"2026-01-15T15:44:37+00:00","mainEntityOfPage":{"@id":"https:\/\/rentallorca.com\/blog\/mallorca-en-febrero\/"},"wordCount":1234,"commentCount":0,"image":{"@id":"https:\/\/rentallorca.com\/blog\/mallorca-en-febrero\/#primaryimage"},"thumbnailUrl":"https:\/\/rentallorca.com\/blog\/wp-content\/uploads\/2026\/01\/tiempo-mallorca-en-febrero.jpg","inLanguage":"es","potentialAction":[{"@type":"CommentAction","name":"Comment","target":["https:\/\/rentallorca.com\/blog\/mallorca-en-febrero\/#respond"]}]},{"@type":"WebPage","@id":"https:\/\/rentallorca.com\/blog\/mallorca-en-febrero\/","url":"https:\/\/rentallorca.com\/blog\/mallorca-en-febrero\/","name":"\u00bfMerece la pena visitar mallorca en Febrero? - Blog","isPartOf":{"@id":"https:\/\/rentallorca.com\/blog\/#website"},"primaryImageOfPage":{"@id":"https:\/\/rentallorca.com\/blog\/mallorca-en-febrero\/#primaryimage"},"image":{"@id":"https:\/\/rentallorca.com\/blog\/mallorca-en-febrero\/#primaryimage"},"thumbnailUrl":"https:\/\/rentallorca.com\/blog\/wp-content\/uploads\/2026\/01\/tiempo-mallorca-en-febrero.jpg","datePublished":"2026-01-14T10:54:23+00:00","dateModified":"2026-01-15T15:44:37+00:00","author":{"@id":"https:\/\/rentallorca.com\/blog\/#\/schema\/person\/8c5ebe5bf8d43e9757ab6869e1d4cbe4"},"description":"\u00bfPlaneas tu escapada? Explora el clima y las mejores actividades que te aguardan en Mallorca en febrero. \u00a1Aprovecha la tranquilidad fuera de temporada!","breadcrumb":{"@id":"https:\/\/rentallorca.com\/blog\/mallorca-en-febrero\/#breadcrumb"},"inLanguage":"es","potentialAction":[{"@type":"ReadAction","target":["https:\/\/rentallorca.com\/blog\/mallorca-en-febrero\/"]}]},{"@type":"ImageObject","inLanguage":"es","@id":"https:\/\/rentallorca.com\/blog\/mallorca-en-febrero\/#primaryimage","url":"https:\/\/rentallorca.com\/blog\/wp-content\/uploads\/2026\/01\/tiempo-mallorca-en-febrero.jpg","contentUrl":"https:\/\/rentallorca.com\/blog\/wp-content\/uploads\/2026\/01\/tiempo-mallorca-en-febrero.jpg","width":2333,"height":778,"caption":"Hiking from Cala Agulla and approaching the beautiful beach and bay of Cala Mesquida over the Llevant hills Majorca Spain"},{"@type":"BreadcrumbList","@id":"https:\/\/rentallorca.com\/blog\/mallorca-en-febrero\/#breadcrumb","itemListElement":[{"@type":"ListItem","position":1,"name":"Home","item":"https:\/\/rentallorca.com\/blog\/"},{"@type":"ListItem","position":2,"name":"\u00bfMerece la pena visitar Mallorca en febrero? La respuesta igual te sorprende"}]},{"@type":"WebSite","@id":"https:\/\/rentallorca.com\/blog\/#website","url":"https:\/\/rentallorca.com\/blog\/","name":"Blog","description":"Rentallorca","potentialAction":[{"@type":"SearchAction","target":{"@type":"EntryPoint","urlTemplate":"https:\/\/rentallorca.com\/blog\/?s={search_term_string}"},"query-input":{"@type":"PropertyValueSpecification","valueRequired":true,"valueName":"search_term_string"}}],"inLanguage":"es"},{"@type":"Person","@id":"https:\/\/rentallorca.com\/blog\/#\/schema\/person\/8c5ebe5bf8d43e9757ab6869e1d4cbe4","name":"Axel","image":{"@type":"ImageObject","inLanguage":"es","@id":"https:\/\/secure.gravatar.com\/avatar\/3bd706736e5b70f21f05f6c2d5cad746767782a4ba4b7df399c5969e2a9318fd?s=96&d=mm&r=g","url":"https:\/\/secure.gravatar.com\/avatar\/3bd706736e5b70f21f05f6c2d5cad746767782a4ba4b7df399c5969e2a9318fd?s=96&d=mm&r=g","contentUrl":"https:\/\/secure.gravatar.com\/avatar\/3bd706736e5b70f21f05f6c2d5cad746767782a4ba4b7df399c5969e2a9318fd?s=96&d=mm&r=g","caption":"Axel"},"url":"https:\/\/rentallorca.com\/blog\/author\/axel\/"}]}},"_links":{"self":[{"href":"https:\/\/rentallorca.com\/blog\/wp-json\/wp\/v2\/posts\/3460","targetHints":{"allow":["GET"]}}],"collection":[{"href":"https:\/\/rentallorca.com\/blog\/wp-json\/wp\/v2\/posts"}],"about":[{"href":"https:\/\/rentallorca.com\/blog\/wp-json\/wp\/v2\/types\/post"}],"author":[{"embeddable":true,"href":"https:\/\/rentallorca.com\/blog\/wp-json\/wp\/v2\/users\/3"}],"replies":[{"embeddable":true,"href":"https:\/\/rentallorca.com\/blog\/wp-json\/wp\/v2\/comments?post=3460"}],"version-history":[{"count":13,"href":"https:\/\/rentallorca.com\/blog\/wp-json\/wp\/v2\/posts\/3460\/revisions"}],"predecessor-version":[{"id":3513,"href":"https:\/\/rentallorca.com\/blog\/wp-json\/wp\/v2\/posts\/3460\/revisions\/3513"}],"wp:featuredmedia":[{"embeddable":true,"href":"https:\/\/rentallorca.com\/blog\/wp-json\/wp\/v2\/media\/3508"}],"wp:attachment":[{"href":"https:\/\/rentallorca.com\/blog\/wp-json\/wp\/v2\/media?parent=3460"}],"wp:term":[{"taxonomy":"category","embeddable":true,"href":"https:\/\/rentallorca.com\/blog\/wp-json\/wp\/v2\/categories?post=3460"},{"taxonomy":"post_tag","embeddable":true,"href":"https:\/\/rentallorca.com\/blog\/wp-json\/wp\/v2\/tags?post=3460"}],"curies":[{"name":"wp","href":"https:\/\/api.w.org\/{rel}","templated":true}]}}