{"id":3326,"date":"2025-12-17T08:27:07","date_gmt":"2025-12-17T08:27:07","guid":{"rendered":"https:\/\/rentallorca.com\/blog\/?p=3326"},"modified":"2026-01-13T14:48:25","modified_gmt":"2026-01-13T14:48:25","slug":"platja-son-serra-marina","status":"publish","type":"post","link":"https:\/\/rentallorca.com\/blog\/platja-son-serra-marina\/","title":{"rendered":"Visita la Platja Son Serra de Marina, \u00a1te encantar\u00e1!"},"content":{"rendered":"\t\t<div data-elementor-type=\"wp-post\" data-elementor-id=\"3326\" class=\"elementor elementor-3326\" data-elementor-post-type=\"post\">\n\t\t\t\t<div class=\"elementor-element elementor-element-ca521bf e-flex e-con-boxed e-con e-parent\" data-id=\"ca521bf\" data-element_type=\"container\" data-e-type=\"container\">\n\t\t\t\t\t<div class=\"e-con-inner\">\n\t\t\t\t<div class=\"elementor-element elementor-element-7c828af9 elementor-widget elementor-widget-text-editor\" data-id=\"7c828af9\" data-element_type=\"widget\" data-e-type=\"widget\" data-widget_type=\"text-editor.default\">\n\t\t\t\t<div class=\"elementor-widget-container\">\n\t\t\t\t\t\t\t\t\t<p><span style=\"font-weight: 400;\">La Platja Son Serra de Marina es una de esas playas que te reconcilian con la idea de una Mallorca aut\u00e9ntica. Situada en el<\/span><b> noreste de la isla<\/b><span style=\"font-weight: 400;\">, en la bah\u00eda de Alc\u00fadia, forma parte del peque\u00f1o n\u00facleo costero de Son Serra de Marina, un lugar muy apreciado por locales, surfistas y viajeros que huyen del bullicio.<\/span><\/p><p><span style=\"font-weight: 400;\">En este rinc\u00f3n mandan las dunas, el viento y el mar, con una franja de arena y roca que se extiende frente a un paisaje pr\u00e1cticamente virgen, protegido en buena parte como<\/span><b> \u00e1rea natural<\/b><span style=\"font-weight: 400;\">. Desde aqu\u00ed, adem\u00e1s, es muy f\u00e1cil moverse hacia los pueblos del norte y del centro de Mallorca, lo que la convierte en una base perfecta para tener un alojamiento. \u00a1Sigue leyendo!<\/span><\/p>\t\t\t\t\t\t\t\t<\/div>\n\t\t\t\t<\/div>\n\t\t\t\t\t<\/div>\n\t\t\t\t<\/div>\n\t\t<div class=\"elementor-element elementor-element-3b65c297 e-flex e-con-boxed e-con e-parent\" data-id=\"3b65c297\" data-element_type=\"container\" data-e-type=\"container\">\n\t\t\t\t\t<div class=\"e-con-inner\">\n\t\t\t\t<div class=\"elementor-element elementor-element-cb7606a elementor-widget elementor-widget-table-of-contents\" data-id=\"cb7606a\" data-element_type=\"widget\" data-e-type=\"widget\" data-settings=\"{&quot;headings_by_tags&quot;:[&quot;h2&quot;,&quot;h3&quot;],&quot;exclude_headings_by_selector&quot;:[],&quot;marker_view&quot;:&quot;bullets&quot;,&quot;icon&quot;:{&quot;value&quot;:&quot;&quot;,&quot;library&quot;:&quot;&quot;},&quot;no_headings_message&quot;:&quot;No headings were found on this page.&quot;,&quot;hierarchical_view&quot;:&quot;yes&quot;,&quot;min_height&quot;:{&quot;unit&quot;:&quot;px&quot;,&quot;size&quot;:&quot;&quot;,&quot;sizes&quot;:[]},&quot;min_height_tablet&quot;:{&quot;unit&quot;:&quot;px&quot;,&quot;size&quot;:&quot;&quot;,&quot;sizes&quot;:[]},&quot;min_height_mobile&quot;:{&quot;unit&quot;:&quot;px&quot;,&quot;size&quot;:&quot;&quot;,&quot;sizes&quot;:[]}}\" data-widget_type=\"table-of-contents.default\">\n\t\t\t\t<div class=\"elementor-widget-container\">\n\t\t\t\t\t\t\t\t\t<div class=\"elementor-toc__header\">\n\t\t\t\t\t\t<div class=\"elementor-toc__header-title\">\n\t\t\t\tContenidos\t\t\t<\/div>\n\t\t\t\t\t\t\t\t<\/div>\n\t\t\t\t<div id=\"elementor-toc__cb7606a\" class=\"elementor-toc__body\">\n\t\t\t<div class=\"elementor-toc__spinner-container\">\n\t\t\t\t<svg class=\"elementor-toc__spinner eicon-animation-spin e-font-icon-svg e-eicon-loading\" aria-hidden=\"true\" viewBox=\"0 0 1000 1000\" xmlns=\"http:\/\/www.w3.org\/2000\/svg\"><path d=\"M500 975V858C696 858 858 696 858 500S696 142 500 142 142 304 142 500H25C25 237 238 25 500 25S975 237 975 500 763 975 500 975Z\"><\/path><\/svg>\t\t\t<\/div>\n\t\t<\/div>\n\t\t\t\t\t\t<\/div>\n\t\t\t\t<\/div>\n\t\t\t\t\t<\/div>\n\t\t\t\t<\/div>\n\t\t<div class=\"elementor-element elementor-element-7af51355 e-flex e-con-boxed e-con e-parent\" data-id=\"7af51355\" data-element_type=\"container\" data-e-type=\"container\">\n\t\t\t\t\t<div class=\"e-con-inner\">\n\t\t\t\t<div class=\"elementor-element elementor-element-14d53210 elementor-widget elementor-widget-heading\" data-id=\"14d53210\" data-element_type=\"widget\" data-e-type=\"widget\" data-widget_type=\"heading.default\">\n\t\t\t\t<div class=\"elementor-widget-container\">\n\t\t\t\t\t<h2 class=\"elementor-heading-title elementor-size-default\">C\u00f3mo es la Platja Son Serra de Marina: naturaleza en estado puro\n<\/h2>\t\t\t\t<\/div>\n\t\t\t\t<\/div>\n\t\t\t\t<div class=\"elementor-element elementor-element-79299580 elementor-widget elementor-widget-text-editor\" data-id=\"79299580\" data-element_type=\"widget\" data-e-type=\"widget\" data-widget_type=\"text-editor.default\">\n\t\t\t\t<div class=\"elementor-widget-container\">\n\t\t\t\t\t\t\t\t\t<p><span style=\"font-weight: 400;\">La platja Son Serra de Marina es un arenal de unos <\/span><b>400-450 metros de longitud<\/b><span style=\"font-weight: 400;\">, con tramos de arena gruesa, cantos y zonas rocosas, muy abierto al mar y sin edificaciones altas pegadas a la costa. Tiene una anchura generosa, en torno a 50-80 metros seg\u00fan el tramo, por lo que nunca se siente abarrotada, ni siquiera en pleno verano.<\/span><\/p><p><span style=\"font-weight: 400;\">Detr\u00e1s de la playa se extiende un <\/span><b>sistema de dunas<\/b><span style=\"font-weight: 400;\"> y terreno r\u00fastico que refuerza esa sensaci\u00f3n de naturaleza en estado puro, con vistas lejanas a las <\/span><b>monta\u00f1as del Llevant<\/b><span style=\"font-weight: 400;\"> y al <\/span><b>Puig de Ferrutx<\/b><span style=\"font-weight: 400;\">. El ambiente es relajado y muy local, con un peque\u00f1o puerto deportivo en un extremo y un n\u00facleo residencial tranquilo sin grandes complejos hoteleros.<\/span><\/p>\t\t\t\t\t\t\t\t<\/div>\n\t\t\t\t<\/div>\n\t\t\t\t\t<\/div>\n\t\t\t\t<\/div>\n\t\t<div class=\"elementor-element elementor-element-549cab3 e-flex e-con-boxed e-con e-parent\" data-id=\"549cab3\" data-element_type=\"container\" data-e-type=\"container\">\n\t\t\t\t\t<div class=\"e-con-inner\">\n\t\t\t\t<div class=\"elementor-element elementor-element-acfdccd elementor-widget elementor-widget-image\" data-id=\"acfdccd\" data-element_type=\"widget\" data-e-type=\"widget\" data-widget_type=\"image.default\">\n\t\t\t\t<div class=\"elementor-widget-container\">\n\t\t\t\t\t\t\t\t\t\t\t\t\t\t\t<img fetchpriority=\"high\" decoding=\"async\" width=\"1361\" height=\"735\" src=\"https:\/\/rentallorca.com\/blog\/wp-content\/uploads\/2025\/12\/Playa-grossa-son-serra-de-marina.jpg\" class=\"attachment-full size-full wp-image-3395\" alt=\"\" srcset=\"https:\/\/rentallorca.com\/blog\/wp-content\/uploads\/2025\/12\/Playa-grossa-son-serra-de-marina.jpg 1361w, https:\/\/rentallorca.com\/blog\/wp-content\/uploads\/2025\/12\/Playa-grossa-son-serra-de-marina-300x162.jpg 300w, https:\/\/rentallorca.com\/blog\/wp-content\/uploads\/2025\/12\/Playa-grossa-son-serra-de-marina-1024x553.jpg 1024w, https:\/\/rentallorca.com\/blog\/wp-content\/uploads\/2025\/12\/Playa-grossa-son-serra-de-marina-768x415.jpg 768w\" sizes=\"(max-width: 1361px) 100vw, 1361px\" \/>\t\t\t\t\t\t\t\t\t\t\t\t\t\t\t<\/div>\n\t\t\t\t<\/div>\n\t\t\t\t\t<\/div>\n\t\t\t\t<\/div>\n\t\t<div class=\"elementor-element elementor-element-514c0bb e-flex e-con-boxed e-con e-parent\" data-id=\"514c0bb\" data-element_type=\"container\" data-e-type=\"container\">\n\t\t\t\t\t<div class=\"e-con-inner\">\n\t\t\t\t<div class=\"elementor-element elementor-element-fb6d379 elementor-widget elementor-widget-heading\" data-id=\"fb6d379\" data-element_type=\"widget\" data-e-type=\"widget\" data-widget_type=\"heading.default\">\n\t\t\t\t<div class=\"elementor-widget-container\">\n\t\t\t\t\t<h2 class=\"elementor-heading-title elementor-size-default\">Nataci\u00f3n, surf y actividades en una playa sin agobios\n<\/h2>\t\t\t\t<\/div>\n\t\t\t\t<\/div>\n\t\t\t\t<div class=\"elementor-element elementor-element-33fe133 elementor-widget elementor-widget-text-editor\" data-id=\"33fe133\" data-element_type=\"widget\" data-e-type=\"widget\" data-widget_type=\"text-editor.default\">\n\t\t\t\t<div class=\"elementor-widget-container\">\n\t\t\t\t\t\t\t\t\t<p><span style=\"font-weight: 400;\">Te dejamos por aqu\u00ed un repaso de <\/span><b>las actividades m\u00e1s interesantes que puedes hacer <\/b><span style=\"font-weight: 400;\">en la playa en cualquier \u00e9poca del a\u00f1o. \u00a1Apunta!<\/span><\/p>\t\t\t\t\t\t\t\t<\/div>\n\t\t\t\t<\/div>\n\t\t\t\t\t<\/div>\n\t\t\t\t<\/div>\n\t\t<div class=\"elementor-element elementor-element-aace8ba e-flex e-con-boxed e-con e-parent\" data-id=\"aace8ba\" data-element_type=\"container\" data-e-type=\"container\">\n\t\t\t\t\t<div class=\"e-con-inner\">\n\t\t<div class=\"elementor-element elementor-element-d12b6ed e-con-full e-flex e-con e-child\" data-id=\"d12b6ed\" data-element_type=\"container\" data-e-type=\"container\">\n\t\t\t\t<div class=\"elementor-element elementor-element-4c8991d9 elementor-widget elementor-widget-heading\" data-id=\"4c8991d9\" data-element_type=\"widget\" data-e-type=\"widget\" data-widget_type=\"heading.default\">\n\t\t\t\t<div class=\"elementor-widget-container\">\n\t\t\t\t\t<h3 class=\"elementor-heading-title elementor-size-default\">Nataci\u00f3n y ba\u00f1os tranquilos\n<\/h3>\t\t\t\t<\/div>\n\t\t\t\t<\/div>\n\t\t\t\t<div class=\"elementor-element elementor-element-3f32509c elementor-widget elementor-widget-text-editor\" data-id=\"3f32509c\" data-element_type=\"widget\" data-e-type=\"widget\" data-widget_type=\"text-editor.default\">\n\t\t\t\t<div class=\"elementor-widget-container\">\n\t\t\t\t\t\t\t\t\t<p><span style=\"font-weight: 400;\">En los d\u00edas de mar calmado, la platja Son Serra de Marina parece una enorme piscina natural al aire libre, perfecta para nadar sin prisas. La entrada al agua es progresiva en muchos puntos y el fondo mezcla arena y roca, creando <\/span><b>aguas claras y muy agradables<\/b><span style=\"font-weight: 400;\"> para el ba\u00f1o.\u200b<\/span><\/p><p><span style=\"font-weight: 400;\">Esta playa es <\/span><b>perfecta para quienes quieran acudir con ni\u00f1os <\/b><span style=\"font-weight: 400;\">mientras disfrutan de la tranquilidad de no hacer nada, ya que sus aguas no tienen grandes olas en verano.<\/span><\/p>\t\t\t\t\t\t\t\t<\/div>\n\t\t\t\t<\/div>\n\t\t\t\t<\/div>\n\t\t<div class=\"elementor-element elementor-element-1c145cc e-con-full e-flex e-con e-child\" data-id=\"1c145cc\" data-element_type=\"container\" data-e-type=\"container\">\n\t\t\t\t<div class=\"elementor-element elementor-element-04d46f7 elementor-widget elementor-widget-heading\" data-id=\"04d46f7\" data-element_type=\"widget\" data-e-type=\"widget\" data-widget_type=\"heading.default\">\n\t\t\t\t<div class=\"elementor-widget-container\">\n\t\t\t\t\t<h3 class=\"elementor-heading-title elementor-size-default\">Surf, viento y olas\n<\/h3>\t\t\t\t<\/div>\n\t\t\t\t<\/div>\n\t\t\t\t<div class=\"elementor-element elementor-element-574f8e0 elementor-widget elementor-widget-text-editor\" data-id=\"574f8e0\" data-element_type=\"widget\" data-e-type=\"widget\" data-widget_type=\"text-editor.default\">\n\t\t\t\t<div class=\"elementor-widget-container\">\n\t\t\t\t\t\t\t\t\t<p><span style=\"font-weight: 400;\">Cuando sopla el viento, la playa cambia de car\u00e1cter y se convierte en uno de los <\/span><b>spots habituales para surfistas<\/b><span style=\"font-weight: 400;\">, kitesurfistas y bodyboarders del norte de Mallorca. El <\/span><b>oleaje puede ser intenso <\/b><span style=\"font-weight: 400;\">en ciertas \u00e9pocas, especialmente en invierno y en d\u00edas ventosos, as\u00ed que es un buen lugar para quienes buscan acci\u00f3n en el agua.\u200b<\/span><\/p>\t\t\t\t\t\t\t\t<\/div>\n\t\t\t\t<\/div>\n\t\t\t\t<\/div>\n\t\t<div class=\"elementor-element elementor-element-fefb99f e-con-full e-flex e-con e-child\" data-id=\"fefb99f\" data-element_type=\"container\" data-e-type=\"container\">\n\t\t\t\t<div class=\"elementor-element elementor-element-f433332 elementor-widget elementor-widget-heading\" data-id=\"f433332\" data-element_type=\"widget\" data-e-type=\"widget\" data-widget_type=\"heading.default\">\n\t\t\t\t<div class=\"elementor-widget-container\">\n\t\t\t\t\t<h3 class=\"elementor-heading-title elementor-size-default\">Paseos, atardeceres y relax\n<\/h3>\t\t\t\t<\/div>\n\t\t\t\t<\/div>\n\t\t\t\t<div class=\"elementor-element elementor-element-22c261a elementor-widget elementor-widget-text-editor\" data-id=\"22c261a\" data-element_type=\"widget\" data-e-type=\"widget\" data-widget_type=\"text-editor.default\">\n\t\t\t\t<div class=\"elementor-widget-container\">\n\t\t\t\t\t\t\t\t\t<p><span style=\"font-weight: 400;\">Si lo tuyo no son las tablas, esta playa sigue siendo perfecta para disfrutar de paseos largos por la orilla, fotos del paisaje dunar y atardeceres dorados sobre la bah\u00eda. Aqu\u00ed el<\/span><b> tiempo corre a otro ritmo<\/b><span style=\"font-weight: 400;\"> y el simple hecho de sentarse a mirar el mar ya se siente como un plan redondo.\u200b<\/span><\/p>\t\t\t\t\t\t\t\t<\/div>\n\t\t\t\t<\/div>\n\t\t\t\t<\/div>\n\t\t\t\t\t<\/div>\n\t\t\t\t<\/div>\n\t\t<div class=\"elementor-element elementor-element-52c1d97 e-flex e-con-boxed e-con e-parent\" data-id=\"52c1d97\" data-element_type=\"container\" data-e-type=\"container\">\n\t\t\t\t\t<div class=\"e-con-inner\">\n\t\t<div class=\"elementor-element elementor-element-89e2b97 e-con-full e-flex e-con e-child\" data-id=\"89e2b97\" data-element_type=\"container\" data-e-type=\"container\">\n\t\t\t\t<div class=\"elementor-element elementor-element-3a2def89 elementor-widget elementor-widget-heading\" data-id=\"3a2def89\" data-element_type=\"widget\" data-e-type=\"widget\" data-widget_type=\"heading.default\">\n\t\t\t\t<div class=\"elementor-widget-container\">\n\t\t\t\t\t<h2 class=\"elementor-heading-title elementor-size-default\">Entorno natural: dunas, bosque y un paisaje sin urbanizar\n<\/h2>\t\t\t\t<\/div>\n\t\t\t\t<\/div>\n\t\t\t\t<div class=\"elementor-element elementor-element-21f31583 elementor-widget elementor-widget-text-editor\" data-id=\"21f31583\" data-element_type=\"widget\" data-e-type=\"widget\" data-widget_type=\"text-editor.default\">\n\t\t\t\t<div class=\"elementor-widget-container\">\n\t\t\t\t\t\t\t\t\t<p><span style=\"font-weight: 400;\">El gran encanto de la platja Son Serra de Marina est\u00e1 en su <\/span><b>entorno pr\u00e1cticamente intacto<\/b><span style=\"font-weight: 400;\">, con dunas protegidas, matorral mediterr\u00e1neo y vistas hacia las monta\u00f1as del Llevant. Caminando hacia uno de los extremos, el paisaje se vuelve todav\u00eda m\u00e1s salvaje y enlaza con lo que muchos llaman platja grossa Son Serra de Marina.\u00a0<\/span><\/p><p><span style=\"font-weight: 400;\">Es un peque\u00f1o para\u00edso para quienes disfrutan de <\/span><b>caminar junto al mar, observar aves <\/b><span style=\"font-weight: 400;\">en los humedales pr\u00f3ximos y sentir que est\u00e1n en una costa donde la naturaleza sigue siendo la protagonista.<\/span><\/p><p><span style=\"font-weight: 400;\">Aprovechamos para recordarte que el<\/span><b> calzado c\u00f3modo<\/b><span style=\"font-weight: 400;\"> es la mejor opci\u00f3n para poder disfrutar al m\u00e1ximo de todo lo que ofrece este paraje.<\/span><\/p>\t\t\t\t\t\t\t\t<\/div>\n\t\t\t\t<\/div>\n\t\t\t\t<\/div>\n\t\t<div class=\"elementor-element elementor-element-f90fa44 e-con-full e-flex e-con e-child\" data-id=\"f90fa44\" data-element_type=\"container\" data-e-type=\"container\">\n\t\t\t\t<div class=\"elementor-element elementor-element-7ab69c4 elementor-widget elementor-widget-image\" data-id=\"7ab69c4\" data-element_type=\"widget\" data-e-type=\"widget\" data-widget_type=\"image.default\">\n\t\t\t\t<div class=\"elementor-widget-container\">\n\t\t\t\t\t\t\t\t\t\t\t\t\t\t\t<img decoding=\"async\" width=\"800\" height=\"408\" src=\"https:\/\/rentallorca.com\/blog\/wp-content\/uploads\/2025\/12\/son-serra-de-marina-mallorca-1024x522.jpg\" class=\"attachment-large size-large wp-image-3398\" alt=\"\" srcset=\"https:\/\/rentallorca.com\/blog\/wp-content\/uploads\/2025\/12\/son-serra-de-marina-mallorca-1024x522.jpg 1024w, https:\/\/rentallorca.com\/blog\/wp-content\/uploads\/2025\/12\/son-serra-de-marina-mallorca-300x153.jpg 300w, https:\/\/rentallorca.com\/blog\/wp-content\/uploads\/2025\/12\/son-serra-de-marina-mallorca-768x391.jpg 768w, https:\/\/rentallorca.com\/blog\/wp-content\/uploads\/2025\/12\/son-serra-de-marina-mallorca.jpg 1213w\" sizes=\"(max-width: 800px) 100vw, 800px\" \/>\t\t\t\t\t\t\t\t\t\t\t\t\t\t\t<\/div>\n\t\t\t\t<\/div>\n\t\t\t\t<\/div>\n\t\t\t\t\t<\/div>\n\t\t\t\t<\/div>\n\t\t<div class=\"elementor-element elementor-element-d75cc4e e-flex e-con-boxed e-con e-parent\" data-id=\"d75cc4e\" data-element_type=\"container\" data-e-type=\"container\">\n\t\t\t\t\t<div class=\"e-con-inner\">\n\t\t\t\t<div class=\"elementor-element elementor-element-cd4843e elementor-widget elementor-widget-heading\" data-id=\"cd4843e\" data-element_type=\"widget\" data-e-type=\"widget\" data-widget_type=\"heading.default\">\n\t\t\t\t<div class=\"elementor-widget-container\">\n\t\t\t\t\t<h2 class=\"elementor-heading-title elementor-size-default\">Acceso, aparcamiento e instalaciones cerca de la playa\n<\/h2>\t\t\t\t<\/div>\n\t\t\t\t<\/div>\n\t\t\t\t<div class=\"elementor-element elementor-element-d24c479 elementor-widget elementor-widget-text-editor\" data-id=\"d24c479\" data-element_type=\"widget\" data-e-type=\"widget\" data-widget_type=\"text-editor.default\">\n\t\t\t\t<div class=\"elementor-widget-container\">\n\t\t\t\t\t\t\t\t\t<p><span style=\"font-weight: 400;\">Llegar a la playa Son Serra de Marina es sencillo, se accede <\/span><b>por carretera desde Can Picafort o Art\u00e0<\/b><span style=\"font-weight: 400;\"> y, una vez en el n\u00facleo de Son Serra, solo hay que seguir las se\u00f1ales hacia el aparcamiento cercano a la playa. El <\/span><b>parking es gratuito<\/b><span style=\"font-weight: 400;\"> y est\u00e1 a poca distancia de la arena, por lo que no hace falta caminar mucho.<\/span><\/p><p><span style=\"font-weight: 400;\">En cuanto a los servicios, la playa tiene un perfil sencillo con <\/span><b>alg\u00fan chiringuito o restaurante <\/b><span style=\"font-weight: 400;\">pr\u00f3ximo, cuenta con <\/span><b>accesos se\u00f1alizados<\/b><span style=\"font-weight: 400;\">, y <\/span><b>duchas<\/b><span style=\"font-weight: 400;\"> en ciertos puntos, pero sin filas kilom\u00e9tricas de hamacas ni grandes instalaciones tur\u00edsticas, lo que mantiene su car\u00e1cter natural sin renunciar a un m\u00ednimo de comodidad.<\/span><\/p>\t\t\t\t\t\t\t\t<\/div>\n\t\t\t\t<\/div>\n\t\t\t\t\t<\/div>\n\t\t\t\t<\/div>\n\t\t<div class=\"elementor-element elementor-element-3af00110 e-flex e-con-boxed e-con e-parent\" data-id=\"3af00110\" data-element_type=\"container\" data-e-type=\"container\">\n\t\t\t\t\t<div class=\"e-con-inner\">\n\t\t\t\t<div class=\"elementor-element elementor-element-707de5e elementor-widget elementor-widget-google_maps\" data-id=\"707de5e\" data-element_type=\"widget\" data-e-type=\"widget\" data-widget_type=\"google_maps.default\">\n\t\t\t\t<div class=\"elementor-widget-container\">\n\t\t\t\t\t\t\t<div class=\"elementor-custom-embed\">\n\t\t\t<iframe loading=\"lazy\"\n\t\t\t\t\tsrc=\"https:\/\/maps.google.com\/maps?q=playa%20crossa%20son%20serra%20de%20marina&#038;t=m&#038;z=11&#038;output=embed&#038;iwloc=near\"\n\t\t\t\t\ttitle=\"playa crossa son serra de marina\"\n\t\t\t\t\taria-label=\"playa crossa son serra de marina\"\n\t\t\t><\/iframe>\n\t\t<\/div>\n\t\t\t\t\t\t<\/div>\n\t\t\t\t<\/div>\n\t\t\t\t\t<\/div>\n\t\t\t\t<\/div>\n\t\t<div class=\"elementor-element elementor-element-3341db3 e-flex e-con-boxed e-con e-parent\" data-id=\"3341db3\" data-element_type=\"container\" data-e-type=\"container\">\n\t\t\t\t\t<div class=\"e-con-inner\">\n\t\t\t\t<div class=\"elementor-element elementor-element-a24907d elementor-widget elementor-widget-heading\" data-id=\"a24907d\" data-element_type=\"widget\" data-e-type=\"widget\" data-widget_type=\"heading.default\">\n\t\t\t\t<div class=\"elementor-widget-container\">\n\t\t\t\t\t<h2 class=\"elementor-heading-title elementor-size-default\">Cu\u00e1ndo visitar Platja Grossa Son Serra de Marina (y disfrutarla al m\u00e1ximo)<\/h2>\t\t\t\t<\/div>\n\t\t\t\t<\/div>\n\t\t\t\t<div class=\"elementor-element elementor-element-4da5763 elementor-widget elementor-widget-text-editor\" data-id=\"4da5763\" data-element_type=\"widget\" data-e-type=\"widget\" data-widget_type=\"text-editor.default\">\n\t\t\t\t<div class=\"elementor-widget-container\">\n\t\t\t\t\t\t\t\t\t<p><span style=\"font-weight: 400;\">La platja grossa Son Serra de Marina es ese <\/span><b>tramo m\u00e1s salvaje <\/b><span style=\"font-weight: 400;\">que se extiende hacia las \u00e1reas protegidas cercanas, tiene atractivo todo el a\u00f1o. En primavera y oto\u00f1o, las <\/span><b>temperaturas suaves <\/b><span style=\"font-weight: 400;\">y la luz dorada son perfectas para caminar, hacer fotos y disfrutar del paisaje sin calor extremo.<\/span><\/p><p><span style=\"font-weight: 400;\">En verano, el mar est\u00e1 m\u00e1s templado y, aunque haya m\u00e1s gente, sigue siendo <\/span><b>m\u00e1s tranquila que otras playas <\/b><span style=\"font-weight: 400;\">de la bah\u00eda de Alc\u00fadia. En invierno, el viento y las olas crean un escenario perfecto para el surf, paseos solitarios y momentos de desconexi\u00f3n total.<\/span><\/p><p><span style=\"font-weight: 400;\">Entonces, dependiendo de lo que busques puedes acudir en una \u00e9poca del a\u00f1o o en otra, cualquier opci\u00f3n te dejar\u00e1 con ganas de volver y seguir descubriendo este paraje natural.<\/span><\/p>\t\t\t\t\t\t\t\t<\/div>\n\t\t\t\t<\/div>\n\t\t\t\t\t<\/div>\n\t\t\t\t<\/div>\n\t\t<div class=\"elementor-element elementor-element-7644202 e-flex e-con-boxed e-con e-parent\" data-id=\"7644202\" data-element_type=\"container\" data-e-type=\"container\">\n\t\t\t\t\t<div class=\"e-con-inner\">\n\t\t\t\t<div class=\"elementor-element elementor-element-81207f8 elementor-widget elementor-widget-heading\" data-id=\"81207f8\" data-element_type=\"widget\" data-e-type=\"widget\" data-widget_type=\"heading.default\">\n\t\t\t\t<div class=\"elementor-widget-container\">\n\t\t\t\t\t<h2 class=\"elementor-heading-title elementor-size-default\">\u00bfBuscas calma y autenticidad? Entonces esta playa es para ti\n<\/h2>\t\t\t\t<\/div>\n\t\t\t\t<\/div>\n\t\t\t\t<div class=\"elementor-element elementor-element-49e8857 elementor-widget elementor-widget-text-editor\" data-id=\"49e8857\" data-element_type=\"widget\" data-e-type=\"widget\" data-widget_type=\"text-editor.default\">\n\t\t\t\t<div class=\"elementor-widget-container\">\n\t\t\t\t\t\t\t\t\t<p><span style=\"font-weight: 400;\">Si prefieres toalla en la arena frente a un <\/span><b>paraje lleno de dunas<\/b><span style=\"font-weight: 400;\"> y un <\/span><b>mar abierto a la tranquilidad<\/b><span style=\"font-weight: 400;\">, la platja de Son Serra de Marina es perfecta para ti. Es una playa pensada para quienes valoran la calma, el paisaje y los peque\u00f1os detalles del Mediterr\u00e1neo m\u00e1s aut\u00e9ntico.<\/span><\/p><p><span style=\"font-weight: 400;\">Alojarse con Rentallorca har\u00e1 que puedas disfrutarla a cualquier hora, desde un ba\u00f1o temprano antes de visitar los pueblos del centro y del norte, hasta un paseo al atardecer para cerrar tu d\u00eda. M\u00e1s que un lugar donde solo extender la toalla, esta playa es el<\/span><b> punto de partida perfecto<\/b><span style=\"font-weight: 400;\"> para vivir Mallorca sin prisas y cerca de su esencia natural.<\/span><\/p>\t\t\t\t\t\t\t\t<\/div>\n\t\t\t\t<\/div>\n\t\t\t\t\t<\/div>\n\t\t\t\t<\/div>\n\t\t<div class=\"elementor-element elementor-element-60c9e79 e-flex e-con-boxed e-con e-parent\" data-id=\"60c9e79\" data-element_type=\"container\" data-e-type=\"container\">\n\t\t\t\t\t<div class=\"e-con-inner\">\n\t\t\t\t<div class=\"elementor-element elementor-element-d9c8d3b elementor-widget__width-initial elementor-widget elementor-widget-grid\" data-id=\"d9c8d3b\" data-element_type=\"widget\" data-e-type=\"widget\" data-widget_type=\"grid.default\">\n\t\t\t\t<div class=\"elementor-widget-container\">\n\t\t\t\t\t\t\t<div class=\"its--row alojamientos-recomendados\">\n\n\t\t\t<div class=\"alojamientos-recomendados-container\">\n\n\t\t\t\t\t\n\t\t\t\t\t<a href=\"https:\/\/rentallorca.com\/alquiler\/villa-son-serra-de-marina-son-serra-relax-2-by-home-villas-360-376207.html\" rel=\"nofollow\" style=\"width: 32%;\">\n\t\t\t\t\t\t<div class=\"apartamento-box\">\n\t\t\t\t\t\t\t<div class=\"imagen_recomendados\">\n\t\t\t\t\t\t\t\t<img decoding=\"async\" src=\"https:\/\/crs.avantio.com\/fotos\/2\/1641977547dcf70f45f7ec3e3ad825855909299159\/big1700214503cb14259c69803ad209aaab0ed1489aef.jpg\" alt=\"Apartment Son Serra Relax 2 By home villas 360\">\n\t\t\t\t\t\t\t<\/div>\n\t\t\t\t\t\t\t<div class=\"info\">\n\t\t\t\t\t\t\t\t<div class=\"ubicacion\">\n\t\t\t\t\t\t\t\t\t<i class=\"fa-solid fa-location-dot icono-mapa\"><\/i><span class=\"ubicacion-texto\">Son Serra de Marina - Mallorca<\/span>\n\t\t\t\t\t\t\t\t<\/div>\n\t\t\t\t\t\t\t\t<H4 class=\"titulo-alojamiento\">\n\t\t\t\t\t\t\t\t\tApartment Son Serra Relax 2 By home villas 360\t\t\t\t\t\t\t\t<\/H4>\n\t\t\t\t\t\t\t\t<p class=\"precio-alojamiento\">Desde <span class=\"precio\">183.84\u20ac<\/span> por noche<\/p>\n\t\t\t\t\t\t\t<\/div>\n\t\t\t\t\t\t<\/div>\n\t\t\t\t\t<\/a> \n\t\t\t\t\t\t\n\t\t\t\t\t<a href=\"https:\/\/rentallorca.com\/alquiler\/apartamento-son-serra-de-marina-apartment-jedy-balear-by-home-villas-360-376221.html\" rel=\"nofollow\" style=\"width: 32%;\">\n\t\t\t\t\t\t<div class=\"apartamento-box\">\n\t\t\t\t\t\t\t<div class=\"imagen_recomendados\">\n\t\t\t\t\t\t\t\t<img decoding=\"async\" src=\"https:\/\/crs.avantio.com\/fotos\/2\/1641977482cf3f6ad52954d5c68e8d262c38c5c431\/big16457822696b9ee5c167f9f59eb78f22539aaa03b9.jpg\" alt=\"Apartment Jedy Balear in Son Serra de Marina By home villas 360\">\n\t\t\t\t\t\t\t<\/div>\n\t\t\t\t\t\t\t<div class=\"info\">\n\t\t\t\t\t\t\t\t<div class=\"ubicacion\">\n\t\t\t\t\t\t\t\t\t<i class=\"fa-solid fa-location-dot icono-mapa\"><\/i><span class=\"ubicacion-texto\">Son Serra de Marina - Mallorca<\/span>\n\t\t\t\t\t\t\t\t<\/div>\n\t\t\t\t\t\t\t\t<H4 class=\"titulo-alojamiento\">\n\t\t\t\t\t\t\t\t\tApartment Jedy Balear in Son Serra de Marina By home villas 360\t\t\t\t\t\t\t\t<\/H4>\n\t\t\t\t\t\t\t\t<p class=\"precio-alojamiento\">Desde <span class=\"precio\">179.36\u20ac<\/span> por noche<\/p>\n\t\t\t\t\t\t\t<\/div>\n\t\t\t\t\t\t<\/div>\n\t\t\t\t\t<\/a> \n\t\t\t\t\t\t\n\t\t\t\t\t<a href=\"https:\/\/rentallorca.com\/alquiler\/casa-son-serra-de-marina-a0032-casa-misefo-680981.html\" rel=\"nofollow\" style=\"width: 32%;\">\n\t\t\t\t\t\t<div class=\"apartamento-box\">\n\t\t\t\t\t\t\t<div class=\"imagen_recomendados\">\n\t\t\t\t\t\t\t\t<img decoding=\"async\" src=\"https:\/\/crs.avantio.com\/fotos\/3\/1763460227c143bd039bb40385ef741b43301209fe\/big17634603654b0cedbb123a8dad379cf0086da83372.jpg\" alt=\"Misefo by Rentallorca\">\n\t\t\t\t\t\t\t<\/div>\n\t\t\t\t\t\t\t<div class=\"info\">\n\t\t\t\t\t\t\t\t<div class=\"ubicacion\">\n\t\t\t\t\t\t\t\t\t<i class=\"fa-solid fa-location-dot icono-mapa\"><\/i><span class=\"ubicacion-texto\">Son Serra de Marina - Mallorca<\/span>\n\t\t\t\t\t\t\t\t<\/div>\n\t\t\t\t\t\t\t\t<H4 class=\"titulo-alojamiento\">\n\t\t\t\t\t\t\t\t\tMisefo by Rentallorca\t\t\t\t\t\t\t\t<\/H4>\n\t\t\t\t\t\t\t\t<p class=\"precio-alojamiento\">Desde <span class=\"precio\">141.36\u20ac<\/span> por noche<\/p>\n\t\t\t\t\t\t\t<\/div>\n\t\t\t\t\t\t<\/div>\n\t\t\t\t\t<\/a> \n\t\t\t\t\t\t\t\t<\/div>\n\t\t\t<\/div>\n\t\t\t\t\t\t<\/div>\n\t\t\t\t<\/div>\n\t\t\t\t\t<\/div>\n\t\t\t\t<\/div>\n\t\t<div class=\"elementor-element elementor-element-603e6ac4 e-flex e-con-boxed e-con e-parent\" data-id=\"603e6ac4\" data-element_type=\"container\" data-e-type=\"container\">\n\t\t\t\t\t<div class=\"e-con-inner\">\n\t\t\t\t<div class=\"elementor-element elementor-element-714cb4f9 elementor-widget elementor-widget-shortcode\" data-id=\"714cb4f9\" data-element_type=\"widget\" data-e-type=\"widget\" data-widget_type=\"shortcode.default\">\n\t\t\t\t<div class=\"elementor-widget-container\">\n\t\t\t\t\t\t\t<div class=\"elementor-shortcode\">\t\t<div data-elementor-type=\"page\" data-elementor-id=\"169\" class=\"elementor elementor-169\" data-elementor-post-type=\"elementor_library\">\n\t\t\t\t<div class=\"elementor-element elementor-element-3e3fb32 e-flex e-con-boxed e-con e-parent\" data-id=\"3e3fb32\" data-element_type=\"container\" data-e-type=\"container\">\n\t\t\t\t\t<div class=\"e-con-inner\">\n\t\t<div class=\"elementor-element elementor-element-1e7a903 e-con-full e-flex e-con e-child\" data-id=\"1e7a903\" data-element_type=\"container\" data-e-type=\"container\">\n\t\t\t\t<div class=\"elementor-element elementor-element-79f0d3f elementor-align-justify elementor-widget elementor-widget-button\" data-id=\"79f0d3f\" data-element_type=\"widget\" data-e-type=\"widget\" data-widget_type=\"button.default\">\n\t\t\t\t<div class=\"elementor-widget-container\">\n\t\t\t\t\t\t\t\t\t<div class=\"elementor-button-wrapper\">\n\t\t\t\t\t<a class=\"elementor-button elementor-button-link elementor-size-sm\" href=\"https:\/\/rentallorca.com\/alquiler\/alquileres-alcudia-d1098\/\">\n\t\t\t\t\t\t<span class=\"elementor-button-content-wrapper\">\n\t\t\t\t\t\t\t\t\t<span class=\"elementor-button-text\">Alojamientos Alcudia<\/span>\n\t\t\t\t\t<\/span>\n\t\t\t\t\t<\/a>\n\t\t\t\t<\/div>\n\t\t\t\t\t\t\t\t<\/div>\n\t\t\t\t<\/div>\n\t\t\t\t<\/div>\n\t\t<div class=\"elementor-element elementor-element-c5d0b1c e-con-full e-flex e-con e-child\" data-id=\"c5d0b1c\" data-element_type=\"container\" data-e-type=\"container\">\n\t\t\t\t<div class=\"elementor-element elementor-element-c044b9b elementor-align-justify elementor-widget elementor-widget-button\" data-id=\"c044b9b\" data-element_type=\"widget\" data-e-type=\"widget\" data-widget_type=\"button.default\">\n\t\t\t\t<div class=\"elementor-widget-container\">\n\t\t\t\t\t\t\t\t\t<div class=\"elementor-button-wrapper\">\n\t\t\t\t\t<a class=\"elementor-button elementor-button-link elementor-size-sm\" href=\"https:\/\/rentallorca.com\/alquiler\/casas-alcudia-c19d1098\/\">\n\t\t\t\t\t\t<span class=\"elementor-button-content-wrapper\">\n\t\t\t\t\t\t\t\t\t<span class=\"elementor-button-text\">Casas Alcudia<\/span>\n\t\t\t\t\t<\/span>\n\t\t\t\t\t<\/a>\n\t\t\t\t<\/div>\n\t\t\t\t\t\t\t\t<\/div>\n\t\t\t\t<\/div>\n\t\t\t\t<\/div>\n\t\t<div class=\"elementor-element elementor-element-cbd8222 e-con-full e-flex e-con e-child\" data-id=\"cbd8222\" data-element_type=\"container\" data-e-type=\"container\">\n\t\t\t\t<div class=\"elementor-element elementor-element-7287580 elementor-align-justify elementor-widget elementor-widget-button\" data-id=\"7287580\" data-element_type=\"widget\" data-e-type=\"widget\" data-widget_type=\"button.default\">\n\t\t\t\t<div class=\"elementor-widget-container\">\n\t\t\t\t\t\t\t\t\t<div class=\"elementor-button-wrapper\">\n\t\t\t\t\t<a class=\"elementor-button elementor-button-link elementor-size-sm\" href=\"https:\/\/rentallorca.com\/alquiler\/fincas-alcudia-c22d1098\/\">\n\t\t\t\t\t\t<span class=\"elementor-button-content-wrapper\">\n\t\t\t\t\t\t\t\t\t<span class=\"elementor-button-text\">Fincas Alcudia<\/span>\n\t\t\t\t\t<\/span>\n\t\t\t\t\t<\/a>\n\t\t\t\t<\/div>\n\t\t\t\t\t\t\t\t<\/div>\n\t\t\t\t<\/div>\n\t\t\t\t<\/div>\n\t\t\t\t\t<\/div>\n\t\t\t\t<\/div>\n\t\t\t\t<\/div>\n\t\t<\/div>\n\t\t\t\t\t\t<\/div>\n\t\t\t\t<\/div>\n\t\t\t\t\t<\/div>\n\t\t\t\t<\/div>\n\t\t\t\t<\/div>\n\t\t","protected":false},"excerpt":{"rendered":"<p>La Platja Son Serra de Marina es una de esas playas que te reconcilian con la idea de una Mallorca aut\u00e9ntica. Situada en el noreste de la isla, en la bah\u00eda de Alc\u00fadia, forma parte del peque\u00f1o n\u00facleo costero de Son Serra de Marina, un lugar muy apreciado por locales, surfistas y viajeros que huyen [&hellip;]<\/p>\n","protected":false},"author":3,"featured_media":3401,"comment_status":"open","ping_status":"open","sticky":false,"template":"","format":"standard","meta":{"footnotes":""},"categories":[1],"tags":[],"class_list":["post-3326","post","type-post","status-publish","format-standard","has-post-thumbnail","hentry","category-mallorca"],"yoast_head":"<!-- This site is optimized with the Yoast SEO plugin v27.5 - https:\/\/yoast.com\/product\/yoast-seo-wordpress\/ -->\n<title>Visita la Platja Son Serra de Marina, \u00a1te encantar\u00e1! - Blog<\/title>\n<meta name=\"description\" content=\"Descubre la belleza oculta de Son Serra de Marina y su Platja Grossa. \u00a1Planea tu visita y goza del para\u00edso mediterr\u00e1neo en esta joya mallorquina!\" \/>\n<meta name=\"robots\" content=\"index, follow, max-snippet:-1, max-image-preview:large, max-video-preview:-1\" \/>\n<link rel=\"canonical\" href=\"https:\/\/rentallorca.com\/blog\/platja-son-serra-marina\/\" \/>\n<meta property=\"og:locale\" content=\"es_ES\" \/>\n<meta property=\"og:type\" content=\"article\" \/>\n<meta property=\"og:title\" content=\"Visita la Platja Son Serra de Marina, \u00a1te encantar\u00e1! - Blog\" \/>\n<meta property=\"og:description\" content=\"Descubre la belleza oculta de Son Serra de Marina y su Platja Grossa. \u00a1Planea tu visita y goza del para\u00edso mediterr\u00e1neo en esta joya mallorquina!\" \/>\n<meta property=\"og:url\" content=\"https:\/\/rentallorca.com\/blog\/platja-son-serra-marina\/\" \/>\n<meta property=\"og:site_name\" content=\"Blog\" \/>\n<meta property=\"article:published_time\" content=\"2025-12-17T08:27:07+00:00\" \/>\n<meta property=\"article:modified_time\" content=\"2026-01-13T14:48:25+00:00\" \/>\n<meta property=\"og:image\" content=\"https:\/\/rentallorca.com\/blog\/wp-content\/uploads\/2025\/12\/Playa-son-serra-de-marina-alcudia.jpg\" \/>\n\t<meta property=\"og:image:width\" content=\"1920\" \/>\n\t<meta property=\"og:image:height\" content=\"823\" \/>\n\t<meta property=\"og:image:type\" content=\"image\/jpeg\" \/>\n<meta name=\"author\" content=\"Axel\" \/>\n<meta name=\"twitter:card\" content=\"summary_large_image\" \/>\n<meta name=\"twitter:label1\" content=\"Written by\" \/>\n\t<meta name=\"twitter:data1\" content=\"Axel\" \/>\n\t<meta name=\"twitter:label2\" content=\"Est. reading time\" \/>\n\t<meta name=\"twitter:data2\" content=\"7 minutes\" \/>\n<script type=\"application\/ld+json\" class=\"yoast-schema-graph\">{\"@context\":\"https:\\\/\\\/schema.org\",\"@graph\":[{\"@type\":\"Article\",\"@id\":\"https:\\\/\\\/rentallorca.com\\\/blog\\\/platja-son-serra-marina\\\/#article\",\"isPartOf\":{\"@id\":\"https:\\\/\\\/rentallorca.com\\\/blog\\\/platja-son-serra-marina\\\/\"},\"author\":{\"name\":\"Axel\",\"@id\":\"https:\\\/\\\/rentallorca.com\\\/blog\\\/#\\\/schema\\\/person\\\/8c5ebe5bf8d43e9757ab6869e1d4cbe4\"},\"headline\":\"Visita la Platja Son Serra de Marina, \u00a1te encantar\u00e1!\",\"datePublished\":\"2025-12-17T08:27:07+00:00\",\"dateModified\":\"2026-01-13T14:48:25+00:00\",\"mainEntityOfPage\":{\"@id\":\"https:\\\/\\\/rentallorca.com\\\/blog\\\/platja-son-serra-marina\\\/\"},\"wordCount\":1108,\"commentCount\":0,\"image\":{\"@id\":\"https:\\\/\\\/rentallorca.com\\\/blog\\\/platja-son-serra-marina\\\/#primaryimage\"},\"thumbnailUrl\":\"https:\\\/\\\/rentallorca.com\\\/blog\\\/wp-content\\\/uploads\\\/2025\\\/12\\\/Playa-son-serra-de-marina-alcudia.jpg\",\"articleSection\":[\"Mallorca\"],\"inLanguage\":\"es\",\"potentialAction\":[{\"@type\":\"CommentAction\",\"name\":\"Comment\",\"target\":[\"https:\\\/\\\/rentallorca.com\\\/blog\\\/platja-son-serra-marina\\\/#respond\"]}]},{\"@type\":\"WebPage\",\"@id\":\"https:\\\/\\\/rentallorca.com\\\/blog\\\/platja-son-serra-marina\\\/\",\"url\":\"https:\\\/\\\/rentallorca.com\\\/blog\\\/platja-son-serra-marina\\\/\",\"name\":\"Visita la Platja Son Serra de Marina, \u00a1te encantar\u00e1! - Blog\",\"isPartOf\":{\"@id\":\"https:\\\/\\\/rentallorca.com\\\/blog\\\/#website\"},\"primaryImageOfPage\":{\"@id\":\"https:\\\/\\\/rentallorca.com\\\/blog\\\/platja-son-serra-marina\\\/#primaryimage\"},\"image\":{\"@id\":\"https:\\\/\\\/rentallorca.com\\\/blog\\\/platja-son-serra-marina\\\/#primaryimage\"},\"thumbnailUrl\":\"https:\\\/\\\/rentallorca.com\\\/blog\\\/wp-content\\\/uploads\\\/2025\\\/12\\\/Playa-son-serra-de-marina-alcudia.jpg\",\"datePublished\":\"2025-12-17T08:27:07+00:00\",\"dateModified\":\"2026-01-13T14:48:25+00:00\",\"author\":{\"@id\":\"https:\\\/\\\/rentallorca.com\\\/blog\\\/#\\\/schema\\\/person\\\/8c5ebe5bf8d43e9757ab6869e1d4cbe4\"},\"description\":\"Descubre la belleza oculta de Son Serra de Marina y su Platja Grossa. \u00a1Planea tu visita y goza del para\u00edso mediterr\u00e1neo en esta joya mallorquina!\",\"breadcrumb\":{\"@id\":\"https:\\\/\\\/rentallorca.com\\\/blog\\\/platja-son-serra-marina\\\/#breadcrumb\"},\"inLanguage\":\"es\",\"potentialAction\":[{\"@type\":\"ReadAction\",\"target\":[\"https:\\\/\\\/rentallorca.com\\\/blog\\\/platja-son-serra-marina\\\/\"]}]},{\"@type\":\"ImageObject\",\"inLanguage\":\"es\",\"@id\":\"https:\\\/\\\/rentallorca.com\\\/blog\\\/platja-son-serra-marina\\\/#primaryimage\",\"url\":\"https:\\\/\\\/rentallorca.com\\\/blog\\\/wp-content\\\/uploads\\\/2025\\\/12\\\/Playa-son-serra-de-marina-alcudia.jpg\",\"contentUrl\":\"https:\\\/\\\/rentallorca.com\\\/blog\\\/wp-content\\\/uploads\\\/2025\\\/12\\\/Playa-son-serra-de-marina-alcudia.jpg\",\"width\":1920,\"height\":823,\"caption\":\"Playa son serra de marina alcudia\"},{\"@type\":\"BreadcrumbList\",\"@id\":\"https:\\\/\\\/rentallorca.com\\\/blog\\\/platja-son-serra-marina\\\/#breadcrumb\",\"itemListElement\":[{\"@type\":\"ListItem\",\"position\":1,\"name\":\"Home\",\"item\":\"https:\\\/\\\/rentallorca.com\\\/blog\\\/\"},{\"@type\":\"ListItem\",\"position\":2,\"name\":\"Visita la Platja Son Serra de Marina, \u00a1te encantar\u00e1!\"}]},{\"@type\":\"WebSite\",\"@id\":\"https:\\\/\\\/rentallorca.com\\\/blog\\\/#website\",\"url\":\"https:\\\/\\\/rentallorca.com\\\/blog\\\/\",\"name\":\"Blog\",\"description\":\"Rentallorca\",\"potentialAction\":[{\"@type\":\"SearchAction\",\"target\":{\"@type\":\"EntryPoint\",\"urlTemplate\":\"https:\\\/\\\/rentallorca.com\\\/blog\\\/?s={search_term_string}\"},\"query-input\":{\"@type\":\"PropertyValueSpecification\",\"valueRequired\":true,\"valueName\":\"search_term_string\"}}],\"inLanguage\":\"es\"},{\"@type\":\"Person\",\"@id\":\"https:\\\/\\\/rentallorca.com\\\/blog\\\/#\\\/schema\\\/person\\\/8c5ebe5bf8d43e9757ab6869e1d4cbe4\",\"name\":\"Axel\",\"image\":{\"@type\":\"ImageObject\",\"inLanguage\":\"es\",\"@id\":\"https:\\\/\\\/secure.gravatar.com\\\/avatar\\\/3bd706736e5b70f21f05f6c2d5cad746767782a4ba4b7df399c5969e2a9318fd?s=96&d=mm&r=g\",\"url\":\"https:\\\/\\\/secure.gravatar.com\\\/avatar\\\/3bd706736e5b70f21f05f6c2d5cad746767782a4ba4b7df399c5969e2a9318fd?s=96&d=mm&r=g\",\"contentUrl\":\"https:\\\/\\\/secure.gravatar.com\\\/avatar\\\/3bd706736e5b70f21f05f6c2d5cad746767782a4ba4b7df399c5969e2a9318fd?s=96&d=mm&r=g\",\"caption\":\"Axel\"},\"url\":\"https:\\\/\\\/rentallorca.com\\\/blog\\\/author\\\/axel\\\/\"}]}<\/script>\n<!-- \/ Yoast SEO plugin. -->","yoast_head_json":{"title":"Visita la Platja Son Serra de Marina, \u00a1te encantar\u00e1! - Blog","description":"Descubre la belleza oculta de Son Serra de Marina y su Platja Grossa. \u00a1Planea tu visita y goza del para\u00edso mediterr\u00e1neo en esta joya mallorquina!","robots":{"index":"index","follow":"follow","max-snippet":"max-snippet:-1","max-image-preview":"max-image-preview:large","max-video-preview":"max-video-preview:-1"},"canonical":"https:\/\/rentallorca.com\/blog\/platja-son-serra-marina\/","og_locale":"es_ES","og_type":"article","og_title":"Visita la Platja Son Serra de Marina, \u00a1te encantar\u00e1! - Blog","og_description":"Descubre la belleza oculta de Son Serra de Marina y su Platja Grossa. \u00a1Planea tu visita y goza del para\u00edso mediterr\u00e1neo en esta joya mallorquina!","og_url":"https:\/\/rentallorca.com\/blog\/platja-son-serra-marina\/","og_site_name":"Blog","article_published_time":"2025-12-17T08:27:07+00:00","article_modified_time":"2026-01-13T14:48:25+00:00","og_image":[{"width":1920,"height":823,"url":"https:\/\/rentallorca.com\/blog\/wp-content\/uploads\/2025\/12\/Playa-son-serra-de-marina-alcudia.jpg","type":"image\/jpeg"}],"author":"Axel","twitter_card":"summary_large_image","twitter_misc":{"Written by":"Axel","Est. reading time":"7 minutes"},"schema":{"@context":"https:\/\/schema.org","@graph":[{"@type":"Article","@id":"https:\/\/rentallorca.com\/blog\/platja-son-serra-marina\/#article","isPartOf":{"@id":"https:\/\/rentallorca.com\/blog\/platja-son-serra-marina\/"},"author":{"name":"Axel","@id":"https:\/\/rentallorca.com\/blog\/#\/schema\/person\/8c5ebe5bf8d43e9757ab6869e1d4cbe4"},"headline":"Visita la Platja Son Serra de Marina, \u00a1te encantar\u00e1!","datePublished":"2025-12-17T08:27:07+00:00","dateModified":"2026-01-13T14:48:25+00:00","mainEntityOfPage":{"@id":"https:\/\/rentallorca.com\/blog\/platja-son-serra-marina\/"},"wordCount":1108,"commentCount":0,"image":{"@id":"https:\/\/rentallorca.com\/blog\/platja-son-serra-marina\/#primaryimage"},"thumbnailUrl":"https:\/\/rentallorca.com\/blog\/wp-content\/uploads\/2025\/12\/Playa-son-serra-de-marina-alcudia.jpg","articleSection":["Mallorca"],"inLanguage":"es","potentialAction":[{"@type":"CommentAction","name":"Comment","target":["https:\/\/rentallorca.com\/blog\/platja-son-serra-marina\/#respond"]}]},{"@type":"WebPage","@id":"https:\/\/rentallorca.com\/blog\/platja-son-serra-marina\/","url":"https:\/\/rentallorca.com\/blog\/platja-son-serra-marina\/","name":"Visita la Platja Son Serra de Marina, \u00a1te encantar\u00e1! - Blog","isPartOf":{"@id":"https:\/\/rentallorca.com\/blog\/#website"},"primaryImageOfPage":{"@id":"https:\/\/rentallorca.com\/blog\/platja-son-serra-marina\/#primaryimage"},"image":{"@id":"https:\/\/rentallorca.com\/blog\/platja-son-serra-marina\/#primaryimage"},"thumbnailUrl":"https:\/\/rentallorca.com\/blog\/wp-content\/uploads\/2025\/12\/Playa-son-serra-de-marina-alcudia.jpg","datePublished":"2025-12-17T08:27:07+00:00","dateModified":"2026-01-13T14:48:25+00:00","author":{"@id":"https:\/\/rentallorca.com\/blog\/#\/schema\/person\/8c5ebe5bf8d43e9757ab6869e1d4cbe4"},"description":"Descubre la belleza oculta de Son Serra de Marina y su Platja Grossa. \u00a1Planea tu visita y goza del para\u00edso mediterr\u00e1neo en esta joya mallorquina!","breadcrumb":{"@id":"https:\/\/rentallorca.com\/blog\/platja-son-serra-marina\/#breadcrumb"},"inLanguage":"es","potentialAction":[{"@type":"ReadAction","target":["https:\/\/rentallorca.com\/blog\/platja-son-serra-marina\/"]}]},{"@type":"ImageObject","inLanguage":"es","@id":"https:\/\/rentallorca.com\/blog\/platja-son-serra-marina\/#primaryimage","url":"https:\/\/rentallorca.com\/blog\/wp-content\/uploads\/2025\/12\/Playa-son-serra-de-marina-alcudia.jpg","contentUrl":"https:\/\/rentallorca.com\/blog\/wp-content\/uploads\/2025\/12\/Playa-son-serra-de-marina-alcudia.jpg","width":1920,"height":823,"caption":"Playa son serra de marina alcudia"},{"@type":"BreadcrumbList","@id":"https:\/\/rentallorca.com\/blog\/platja-son-serra-marina\/#breadcrumb","itemListElement":[{"@type":"ListItem","position":1,"name":"Home","item":"https:\/\/rentallorca.com\/blog\/"},{"@type":"ListItem","position":2,"name":"Visita la Platja Son Serra de Marina, \u00a1te encantar\u00e1!"}]},{"@type":"WebSite","@id":"https:\/\/rentallorca.com\/blog\/#website","url":"https:\/\/rentallorca.com\/blog\/","name":"Blog","description":"Rentallorca","potentialAction":[{"@type":"SearchAction","target":{"@type":"EntryPoint","urlTemplate":"https:\/\/rentallorca.com\/blog\/?s={search_term_string}"},"query-input":{"@type":"PropertyValueSpecification","valueRequired":true,"valueName":"search_term_string"}}],"inLanguage":"es"},{"@type":"Person","@id":"https:\/\/rentallorca.com\/blog\/#\/schema\/person\/8c5ebe5bf8d43e9757ab6869e1d4cbe4","name":"Axel","image":{"@type":"ImageObject","inLanguage":"es","@id":"https:\/\/secure.gravatar.com\/avatar\/3bd706736e5b70f21f05f6c2d5cad746767782a4ba4b7df399c5969e2a9318fd?s=96&d=mm&r=g","url":"https:\/\/secure.gravatar.com\/avatar\/3bd706736e5b70f21f05f6c2d5cad746767782a4ba4b7df399c5969e2a9318fd?s=96&d=mm&r=g","contentUrl":"https:\/\/secure.gravatar.com\/avatar\/3bd706736e5b70f21f05f6c2d5cad746767782a4ba4b7df399c5969e2a9318fd?s=96&d=mm&r=g","caption":"Axel"},"url":"https:\/\/rentallorca.com\/blog\/author\/axel\/"}]}},"_links":{"self":[{"href":"https:\/\/rentallorca.com\/blog\/wp-json\/wp\/v2\/posts\/3326","targetHints":{"allow":["GET"]}}],"collection":[{"href":"https:\/\/rentallorca.com\/blog\/wp-json\/wp\/v2\/posts"}],"about":[{"href":"https:\/\/rentallorca.com\/blog\/wp-json\/wp\/v2\/types\/post"}],"author":[{"embeddable":true,"href":"https:\/\/rentallorca.com\/blog\/wp-json\/wp\/v2\/users\/3"}],"replies":[{"embeddable":true,"href":"https:\/\/rentallorca.com\/blog\/wp-json\/wp\/v2\/comments?post=3326"}],"version-history":[{"count":16,"href":"https:\/\/rentallorca.com\/blog\/wp-json\/wp\/v2\/posts\/3326\/revisions"}],"predecessor-version":[{"id":3445,"href":"https:\/\/rentallorca.com\/blog\/wp-json\/wp\/v2\/posts\/3326\/revisions\/3445"}],"wp:featuredmedia":[{"embeddable":true,"href":"https:\/\/rentallorca.com\/blog\/wp-json\/wp\/v2\/media\/3401"}],"wp:attachment":[{"href":"https:\/\/rentallorca.com\/blog\/wp-json\/wp\/v2\/media?parent=3326"}],"wp:term":[{"taxonomy":"category","embeddable":true,"href":"https:\/\/rentallorca.com\/blog\/wp-json\/wp\/v2\/categories?post=3326"},{"taxonomy":"post_tag","embeddable":true,"href":"https:\/\/rentallorca.com\/blog\/wp-json\/wp\/v2\/tags?post=3326"}],"curies":[{"name":"wp","href":"https:\/\/api.w.org\/{rel}","templated":true}]}}