{"id":3000,"date":"2025-11-13T09:43:34","date_gmt":"2025-11-13T09:43:34","guid":{"rendered":"https:\/\/rentallorca.com\/blog\/?p=3000"},"modified":"2025-11-28T07:51:41","modified_gmt":"2025-11-28T07:51:41","slug":"mallorca-en-invierno","status":"publish","type":"post","link":"https:\/\/rentallorca.com\/blog\/mallorca-en-invierno\/","title":{"rendered":"Mallorca en invierno: calma, paisaje y sabor mediterr\u00e1neo"},"content":{"rendered":"\t\t<div data-elementor-type=\"wp-post\" data-elementor-id=\"3000\" class=\"elementor elementor-3000\" data-elementor-post-type=\"post\">\n\t\t\t\t<div class=\"elementor-element elementor-element-1f2d77a6 e-flex e-con-boxed e-con e-parent\" data-id=\"1f2d77a6\" data-element_type=\"container\" data-e-type=\"container\">\n\t\t\t\t\t<div class=\"e-con-inner\">\n\t\t\t\t<div class=\"elementor-element elementor-element-478ffd64 elementor-widget elementor-widget-text-editor\" data-id=\"478ffd64\" data-element_type=\"widget\" data-e-type=\"widget\" data-widget_type=\"text-editor.default\">\n\t\t\t\t<div class=\"elementor-widget-container\">\n\t\t\t\t\t\t\t\t\t<p><span style=\"font-weight: 400;\">Mallorca no se apaga cuando llega el fr\u00edo. <\/span><b>Se reinventa. <\/b><span style=\"font-weight: 400;\">Cambia la m\u00fasica de los chiringuitos por el crujir de la le\u00f1a y el bullicio tur\u00edstico por un susurro pausado. Si en verano es movimiento, en invierno es <\/span><b>esa calma luminosa que invita a vivir sin prisas<\/b><span style=\"font-weight: 400;\">. El mar sigue brillando, los pueblos huelen a chimenea encendida, y las conversaciones se alargan con vino local y buena compa\u00f1\u00eda.<\/span><\/p><p><b>Olv\u00eddate del estr\u00e9s y de las sombrillas encajadas como tetris.<\/b><span style=\"font-weight: 400;\"> Mallorca en invierno es una postal viva de paisajes, cultura y gastronom\u00eda. Y s\u00ed, todav\u00eda hace sol&#8230; <\/span><b>mucho m\u00e1s del que imaginas.<\/b><\/p>\t\t\t\t\t\t\t\t<\/div>\n\t\t\t\t<\/div>\n\t\t\t\t\t<\/div>\n\t\t\t\t<\/div>\n\t\t<div class=\"elementor-element elementor-element-2a161655 e-flex e-con-boxed e-con e-parent\" data-id=\"2a161655\" data-element_type=\"container\" data-e-type=\"container\">\n\t\t\t\t\t<div class=\"e-con-inner\">\n\t\t\t\t<div class=\"elementor-element elementor-element-53c31bf0 elementor-widget elementor-widget-table-of-contents\" data-id=\"53c31bf0\" data-element_type=\"widget\" data-e-type=\"widget\" data-settings=\"{&quot;headings_by_tags&quot;:[&quot;h2&quot;,&quot;h3&quot;],&quot;exclude_headings_by_selector&quot;:[],&quot;marker_view&quot;:&quot;bullets&quot;,&quot;icon&quot;:{&quot;value&quot;:&quot;&quot;,&quot;library&quot;:&quot;&quot;},&quot;no_headings_message&quot;:&quot;No headings were found on this page.&quot;,&quot;hierarchical_view&quot;:&quot;yes&quot;,&quot;min_height&quot;:{&quot;unit&quot;:&quot;px&quot;,&quot;size&quot;:&quot;&quot;,&quot;sizes&quot;:[]},&quot;min_height_tablet&quot;:{&quot;unit&quot;:&quot;px&quot;,&quot;size&quot;:&quot;&quot;,&quot;sizes&quot;:[]},&quot;min_height_mobile&quot;:{&quot;unit&quot;:&quot;px&quot;,&quot;size&quot;:&quot;&quot;,&quot;sizes&quot;:[]}}\" data-widget_type=\"table-of-contents.default\">\n\t\t\t\t<div class=\"elementor-widget-container\">\n\t\t\t\t\t\t\t\t\t<div class=\"elementor-toc__header\">\n\t\t\t\t\t\t<div class=\"elementor-toc__header-title\">\n\t\t\t\tContenidos\t\t\t<\/div>\n\t\t\t\t\t\t\t\t<\/div>\n\t\t\t\t<div id=\"elementor-toc__53c31bf0\" class=\"elementor-toc__body\">\n\t\t\t<div class=\"elementor-toc__spinner-container\">\n\t\t\t\t<svg class=\"elementor-toc__spinner eicon-animation-spin e-font-icon-svg e-eicon-loading\" aria-hidden=\"true\" viewBox=\"0 0 1000 1000\" xmlns=\"http:\/\/www.w3.org\/2000\/svg\"><path d=\"M500 975V858C696 858 858 696 858 500S696 142 500 142 142 304 142 500H25C25 237 238 25 500 25S975 237 975 500 763 975 500 975Z\"><\/path><\/svg>\t\t\t<\/div>\n\t\t<\/div>\n\t\t\t\t\t\t<\/div>\n\t\t\t\t<\/div>\n\t\t\t\t\t<\/div>\n\t\t\t\t<\/div>\n\t\t<div class=\"elementor-element elementor-element-64404612 e-flex e-con-boxed e-con e-parent\" data-id=\"64404612\" data-element_type=\"container\" data-e-type=\"container\">\n\t\t\t\t\t<div class=\"e-con-inner\">\n\t\t\t\t<div class=\"elementor-element elementor-element-793fc7a0 elementor-widget elementor-widget-heading\" data-id=\"793fc7a0\" data-element_type=\"widget\" data-e-type=\"widget\" data-widget_type=\"heading.default\">\n\t\t\t\t<div class=\"elementor-widget-container\">\n\t\t\t\t\t<h2 class=\"elementor-heading-title elementor-size-default\">Clima y temperaturas que invitan a explorar sin calor ni prisas\n<\/h2>\t\t\t\t<\/div>\n\t\t\t\t<\/div>\n\t\t\t\t<div class=\"elementor-element elementor-element-846b8e7 elementor-widget elementor-widget-text-editor\" data-id=\"846b8e7\" data-element_type=\"widget\" data-e-type=\"widget\" data-widget_type=\"text-editor.default\">\n\t\t\t\t<div class=\"elementor-widget-container\">\n\t\t\t\t\t\t\t\t\t<p><span style=\"font-weight: 400;\">El invierno mallorqu\u00edn es perfecto para los que odian derretirse.<\/span><b> Las temperaturas rondan los 10 a 20 \u00baC. <\/b><span style=\"font-weight: 400;\">Lo justo para ir sin abrigo por el puerto o sentarte en una terraza a disfrutar de un caf\u00e9 sin congelarte los dedos.<\/span><\/p><p><span style=\"font-weight: 400;\">Aqu\u00ed, el fr\u00edo no se sufre: <\/span><b>se saborea<\/b><span style=\"font-weight: 400;\">. La luz del sol es m\u00e1s suave, ideal para fotografiar pueblos como <\/span><b>Valldemossa o Dei\u00e0<\/b><span style=\"font-weight: 400;\">, que parecen reci\u00e9n salidos de una acuarela. La <\/span><b>Serra de Tramuntana<\/b><span style=\"font-weight: 400;\">, con su aire puro y senderos tranquilos, se convierte en un para\u00edso para caminantes, ciclistas o cualquiera que necesite respirar hondo.<\/span><\/p><p><span style=\"font-weight: 400;\">Y si un d\u00eda llueve, mejor: <\/span><b>ensaimada, pasteler\u00eda local y excusa perfecta para frenar<\/b><span style=\"font-weight: 400;\">. Eso s\u00ed, aviso: no podr\u00e1s comerte solo una.<\/span><\/p>\t\t\t\t\t\t\t\t<\/div>\n\t\t\t\t<\/div>\n\t\t\t\t\t<\/div>\n\t\t\t\t<\/div>\n\t\t<div class=\"elementor-element elementor-element-8573d27 e-flex e-con-boxed e-con e-parent\" data-id=\"8573d27\" data-element_type=\"container\" data-e-type=\"container\">\n\t\t\t\t\t<div class=\"e-con-inner\">\n\t\t\t\t<div class=\"elementor-element elementor-element-c24923e elementor-widget elementor-widget-heading\" data-id=\"c24923e\" data-element_type=\"widget\" data-e-type=\"widget\" data-widget_type=\"heading.default\">\n\t\t\t\t<div class=\"elementor-widget-container\">\n\t\t\t\t\t<h2 class=\"elementor-heading-title elementor-size-default\">Playas y rutas accesibles para disfrutar la isla todo el a\u00f1o\n<\/h2>\t\t\t\t<\/div>\n\t\t\t\t<\/div>\n\t\t\t\t<div class=\"elementor-element elementor-element-2cc80ed elementor-widget elementor-widget-text-editor\" data-id=\"2cc80ed\" data-element_type=\"widget\" data-e-type=\"widget\" data-widget_type=\"text-editor.default\">\n\t\t\t\t<div class=\"elementor-widget-container\">\n\t\t\t\t\t\t\t\t\t<p><span style=\"font-weight: 400;\">Aunque el agua est\u00e9 fresca, <\/span><b>las playas en invierno tienen otro encanto.<\/b><\/p><p><span style=\"font-weight: 400;\">Nada de sombrillas, gritos o neveritas. Solo t\u00fa, el mar y ese sonido que calma hasta las neuronas. <\/span><b>Cala Mondrag\u00f3, Es Trenc o Formentor<\/b><span style=\"font-weight: 400;\"> son ideales para caminar, meditar o simplemente observar c\u00f3mo cambia la luz a cada hora.<\/span><\/p><p><span style=\"font-weight: 400;\">Las rutas costeras ganan protagonismo. <\/span><b>Caminar por el Cam\u00ed de Cavalls, recorrer el puerto de S\u00f3ller o perderse en los miradores de Formentor<\/b><span style=\"font-weight: 400;\"> son planes que saben mejor sin agobios.<\/span><\/p><p><span style=\"font-weight: 400;\">Y si lo tuyo es la bici, atento: <\/span><b>el invierno es temporada alta para el cicloturismo<\/b><span style=\"font-weight: 400;\">. Carreteras serpenteantes, colinas verdes y <\/span><b>almendros en flor a finales de enero<\/b><span style=\"font-weight: 400;\">, convierten cada ruta en una postal en movimiento.<\/span><\/p>\t\t\t\t\t\t\t\t<\/div>\n\t\t\t\t<\/div>\n\t\t\t\t<div class=\"elementor-element elementor-element-13f5379 elementor-widget elementor-widget-image\" data-id=\"13f5379\" data-element_type=\"widget\" data-e-type=\"widget\" data-widget_type=\"image.default\">\n\t\t\t\t<div class=\"elementor-widget-container\">\n\t\t\t\t\t\t\t\t\t\t\t\t\t\t\t<img fetchpriority=\"high\" decoding=\"async\" width=\"1254\" height=\"627\" src=\"https:\/\/rentallorca.com\/blog\/wp-content\/uploads\/2025\/11\/ver-mallorca-invierno.jpg\" class=\"attachment-full size-full wp-image-3024\" alt=\"ver-mallorca-invierno.jpg\" srcset=\"https:\/\/rentallorca.com\/blog\/wp-content\/uploads\/2025\/11\/ver-mallorca-invierno.jpg 1254w, https:\/\/rentallorca.com\/blog\/wp-content\/uploads\/2025\/11\/ver-mallorca-invierno-300x150.jpg 300w, https:\/\/rentallorca.com\/blog\/wp-content\/uploads\/2025\/11\/ver-mallorca-invierno-1024x512.jpg 1024w, https:\/\/rentallorca.com\/blog\/wp-content\/uploads\/2025\/11\/ver-mallorca-invierno-768x384.jpg 768w\" sizes=\"(max-width: 1254px) 100vw, 1254px\" \/>\t\t\t\t\t\t\t\t\t\t\t\t\t\t\t<\/div>\n\t\t\t\t<\/div>\n\t\t\t\t\t<\/div>\n\t\t\t\t<\/div>\n\t\t<div class=\"elementor-element elementor-element-1889b22 e-flex e-con-boxed e-con e-parent\" data-id=\"1889b22\" data-element_type=\"container\" data-e-type=\"container\">\n\t\t\t\t\t<div class=\"e-con-inner\">\n\t\t\t\t<div class=\"elementor-element elementor-element-4d1844e elementor-widget elementor-widget-heading\" data-id=\"4d1844e\" data-element_type=\"widget\" data-e-type=\"widget\" data-widget_type=\"heading.default\">\n\t\t\t\t<div class=\"elementor-widget-container\">\n\t\t\t\t\t<h2 class=\"elementor-heading-title elementor-size-default\">Sum\u00e9rgete en actividades culturales y museos con encanto propio\n<\/h2>\t\t\t\t<\/div>\n\t\t\t\t<\/div>\n\t\t\t\t<div class=\"elementor-element elementor-element-1dd8c29 elementor-widget elementor-widget-text-editor\" data-id=\"1dd8c29\" data-element_type=\"widget\" data-e-type=\"widget\" data-widget_type=\"text-editor.default\">\n\t\t\t\t<div class=\"elementor-widget-container\">\n\t\t\t\t\t\t\t\t\t<p><span style=\"font-weight: 400;\">En invierno, <\/span><b>Mallorca te invita a entrar, a mirar, a descubrir con calma.<\/b><\/p><p><span style=\"font-weight: 400;\">La agenda cultural despierta con exposiciones, conciertos \u00edntimos y festivales locales que en verano pasan desapercibidos.<\/span><\/p>\t\t\t\t\t\t\t\t<\/div>\n\t\t\t\t<\/div>\n\t\t\t\t\t<\/div>\n\t\t\t\t<\/div>\n\t\t<div class=\"elementor-element elementor-element-677b53d1 e-flex e-con-boxed e-con e-parent\" data-id=\"677b53d1\" data-element_type=\"container\" data-e-type=\"container\">\n\t\t\t\t\t<div class=\"e-con-inner\">\n\t\t\t\t<div class=\"elementor-element elementor-element-78555f06 elementor-widget elementor-widget-heading\" data-id=\"78555f06\" data-element_type=\"widget\" data-e-type=\"widget\" data-widget_type=\"heading.default\">\n\t\t\t\t<div class=\"elementor-widget-container\">\n\t\t\t\t\t<h3 class=\"elementor-heading-title elementor-size-default\">Museos con alma isle\u00f1a\n<\/h3>\t\t\t\t<\/div>\n\t\t\t\t<\/div>\n\t\t\t\t<div class=\"elementor-element elementor-element-7e641638 elementor-widget elementor-widget-text-editor\" data-id=\"7e641638\" data-element_type=\"widget\" data-e-type=\"widget\" data-widget_type=\"text-editor.default\">\n\t\t\t\t<div class=\"elementor-widget-container\">\n\t\t\t\t\t\t\t\t\t<p><span style=\"font-weight: 400;\">El <\/span><b>Museu de Mallorca<\/b><span style=\"font-weight: 400;\">, en el casco antiguo de Palma, es un viaje por la historia desde los tiempos talay\u00f3ticos hasta la actualidad.<\/span><\/p><p><b>El Es Baluard Museu d\u2019Art Contemporani, <\/b><span style=\"font-weight: 400;\">con vistas al puerto, mezcla mar y creatividad en cada sala.<\/span><\/p><p><span style=\"font-weight: 400;\">Y si buscas joyas escondidas, hay peque\u00f1as galer\u00edas y espacios culturales en pueblos como <\/span><b>Art\u00e0 o S\u00f3ller <\/b><span style=\"font-weight: 400;\">que valen cada desv\u00edo.<\/span><\/p>\t\t\t\t\t\t\t\t<\/div>\n\t\t\t\t<\/div>\n\t\t\t\t\t<\/div>\n\t\t\t\t<\/div>\n\t\t<div class=\"elementor-element elementor-element-e72345a e-flex e-con-boxed e-con e-parent\" data-id=\"e72345a\" data-element_type=\"container\" data-e-type=\"container\">\n\t\t\t\t\t<div class=\"e-con-inner\">\n\t\t\t\t<div class=\"elementor-element elementor-element-5232233 elementor-widget elementor-widget-heading\" data-id=\"5232233\" data-element_type=\"widget\" data-e-type=\"widget\" data-widget_type=\"heading.default\">\n\t\t\t\t<div class=\"elementor-widget-container\">\n\t\t\t\t\t<h3 class=\"elementor-heading-title elementor-size-default\">Tradici\u00f3n y festivales de invierno\n<\/h3>\t\t\t\t<\/div>\n\t\t\t\t<\/div>\n\t\t\t\t<div class=\"elementor-element elementor-element-8a19a47 elementor-widget elementor-widget-text-editor\" data-id=\"8a19a47\" data-element_type=\"widget\" data-e-type=\"widget\" data-widget_type=\"text-editor.default\">\n\t\t\t\t<div class=\"elementor-widget-container\">\n\t\t\t\t\t\t\t\t\t<p><span style=\"font-weight: 400;\">Enero se enciende con las<\/span><b> fiestas de Sant Antoni y Sant Sebasti\u00e0<\/b><span style=\"font-weight: 400;\">: fuegos, demonios, m\u00fasica y calles que brillan incluso de noche.<\/span><\/p><p><b>Los mercados de Navidad en Palma, Llucmajor o Inca <\/b><span style=\"font-weight: 400;\">suman luces, dulces t\u00edpicos y vino caliente. Ideal para sentirte parte de algo aut\u00e9ntico, aunque solo vengas de visita.<\/span><\/p>\t\t\t\t\t\t\t\t<\/div>\n\t\t\t\t<\/div>\n\t\t\t\t<div class=\"elementor-element elementor-element-8b61095 elementor-widget elementor-widget-image\" data-id=\"8b61095\" data-element_type=\"widget\" data-e-type=\"widget\" data-widget_type=\"image.default\">\n\t\t\t\t<div class=\"elementor-widget-container\">\n\t\t\t\t\t\t\t\t\t\t\t\t\t\t\t<img decoding=\"async\" width=\"1669\" height=\"834\" src=\"https:\/\/rentallorca.com\/blog\/wp-content\/uploads\/2025\/11\/navidad-mallorca-en-invierno.jpg\" class=\"attachment-full size-full wp-image-3027\" alt=\"navidad-mallorca-en-invierno.jpg\" srcset=\"https:\/\/rentallorca.com\/blog\/wp-content\/uploads\/2025\/11\/navidad-mallorca-en-invierno.jpg 1669w, https:\/\/rentallorca.com\/blog\/wp-content\/uploads\/2025\/11\/navidad-mallorca-en-invierno-300x150.jpg 300w, https:\/\/rentallorca.com\/blog\/wp-content\/uploads\/2025\/11\/navidad-mallorca-en-invierno-1024x512.jpg 1024w, https:\/\/rentallorca.com\/blog\/wp-content\/uploads\/2025\/11\/navidad-mallorca-en-invierno-768x384.jpg 768w, https:\/\/rentallorca.com\/blog\/wp-content\/uploads\/2025\/11\/navidad-mallorca-en-invierno-1536x768.jpg 1536w\" sizes=\"(max-width: 1669px) 100vw, 1669px\" \/>\t\t\t\t\t\t\t\t\t\t\t\t\t\t\t<\/div>\n\t\t\t\t<\/div>\n\t\t\t\t\t<\/div>\n\t\t\t\t<\/div>\n\t\t<div class=\"elementor-element elementor-element-3e03ecc0 e-flex e-con-boxed e-con e-parent\" data-id=\"3e03ecc0\" data-element_type=\"container\" data-e-type=\"container\">\n\t\t\t\t\t<div class=\"e-con-inner\">\n\t\t\t\t<div class=\"elementor-element elementor-element-614357fc elementor-widget elementor-widget-heading\" data-id=\"614357fc\" data-element_type=\"widget\" data-e-type=\"widget\" data-widget_type=\"heading.default\">\n\t\t\t\t<div class=\"elementor-widget-container\">\n\t\t\t\t\t<h2 class=\"elementor-heading-title elementor-size-default\">Saborea la gastronom\u00eda local y pasea por sus mercados de invierno\n<\/h2>\t\t\t\t<\/div>\n\t\t\t\t<\/div>\n\t\t\t\t<div class=\"elementor-element elementor-element-16343d0a elementor-widget elementor-widget-text-editor\" data-id=\"16343d0a\" data-element_type=\"widget\" data-e-type=\"widget\" data-widget_type=\"text-editor.default\">\n\t\t\t\t<div class=\"elementor-widget-container\">\n\t\t\t\t\t\t\t\t\t<p><b>El invierno mallorqu\u00edn entra por el est\u00f3mago. <\/b><span style=\"font-weight: 400;\">Es temporada de sopas mallorquinas, <\/span><b>tumbet<\/b><span style=\"font-weight: 400;\">, cocas saladas y platos de cuchara que reconfortan desde el primer bocado.<\/span><\/p><p><span style=\"font-weight: 400;\">Pasear por mercados como el de <\/span><b>Santa Catalina en Palma<\/b><span style=\"font-weight: 400;\"> o el de <\/span><b>Sineu<\/b><span style=\"font-weight: 400;\"> es una experiencia sensorial: <\/span><b>quesos, sobrasada, aceites con D.O. y fruta fresca<\/b><span style=\"font-weight: 400;\"> que huele a campo y a tradici\u00f3n.<\/span><\/p><p><span style=\"font-weight: 400;\">Para un plan m\u00e1s movido, visita una bodega, prueba sus vinos y <\/span><b>brinda con vistas a la Serra. <\/b><span style=\"font-weight: 400;\">Y s\u00ed, la <\/span><b>ensaimada<\/b><span style=\"font-weight: 400;\"> merece menci\u00f3n aparte: de crema, cabello de \u00e1ngel, chocolate\u2026 La pregunta no es cu\u00e1l elegir, sino cu\u00e1ntas vas a llevarte.<\/span><\/p>\t\t\t\t\t\t\t\t<\/div>\n\t\t\t\t<\/div>\n\t\t\t\t\t<\/div>\n\t\t\t\t<\/div>\n\t\t<div class=\"elementor-element elementor-element-4dd368a e-flex e-con-boxed e-con e-parent\" data-id=\"4dd368a\" data-element_type=\"container\" data-e-type=\"container\">\n\t\t\t\t\t<div class=\"e-con-inner\">\n\t\t\t\t<div class=\"elementor-element elementor-element-69e4436 elementor-widget elementor-widget-heading\" data-id=\"69e4436\" data-element_type=\"widget\" data-e-type=\"widget\" data-widget_type=\"heading.default\">\n\t\t\t\t<div class=\"elementor-widget-container\">\n\t\t\t\t\t<h2 class=\"elementor-heading-title elementor-size-default\">Anota estos consejos para exprimir cada rinc\u00f3n de la isla\n<\/h2>\t\t\t\t<\/div>\n\t\t\t\t<\/div>\n\t\t\t\t<div class=\"elementor-element elementor-element-53d404e elementor-widget elementor-widget-text-editor\" data-id=\"53d404e\" data-element_type=\"widget\" data-e-type=\"widget\" data-widget_type=\"text-editor.default\">\n\t\t\t\t<div class=\"elementor-widget-container\">\n\t\t\t\t\t\t\t\t\t<p><span style=\"font-weight: 400;\">Lleva ropa ligera para el d\u00eda y algo abrigado para las noches, que el sol calienta pero al caer la tarde refresca. Si vas a explorar varios pueblos, alquilar coche es lo m\u00e1s pr\u00e1ctico. <\/span><b>Las carreteras del interior son una maravilla<\/b><span style=\"font-weight: 400;\"> y las ganas de parar a cada rato para sacar fotos ser\u00e1n inevitables.<\/span><\/p><p><span style=\"font-weight: 400;\">Haz hueco en tu ruta para <\/span><b>visitar mercados de productores o ferias locales<\/b><span style=\"font-weight: 400;\">, donde el ambiente es m\u00e1s pausado y los comerciantes tienen tiempo para charlar y compartir historias.<\/span><\/p><p><span style=\"font-weight: 400;\">\u00bfViajas en enero o febrero? Elige alojamientos con chimenea. <\/span><b>No hay mejor sensaci\u00f3n que llegar despu\u00e9s de un d\u00eda explorando y encender el fuego.<\/b><\/p><p><b>Consulta la agenda cultural:<\/b><span style=\"font-weight: 400;\"> hay conciertos, exposiciones y peque\u00f1os eventos que solo se anuncian una semana antes. Y sobre todo, <\/span><b>olvida el reloj.<\/b><span style=\"font-weight: 400;\"> Mallorca en invierno se saborea a sorbos lentos.<\/span><\/p>\t\t\t\t\t\t\t\t<\/div>\n\t\t\t\t<\/div>\n\t\t\t\t\t<\/div>\n\t\t\t\t<\/div>\n\t\t<div class=\"elementor-element elementor-element-f26b1b7 e-flex e-con-boxed e-con e-parent\" data-id=\"f26b1b7\" data-element_type=\"container\" data-e-type=\"container\">\n\t\t\t\t\t<div class=\"e-con-inner\">\n\t\t\t\t<div class=\"elementor-element elementor-element-ce78064 elementor-widget elementor-widget-heading\" data-id=\"ce78064\" data-element_type=\"widget\" data-e-type=\"widget\" data-widget_type=\"heading.default\">\n\t\t\t\t<div class=\"elementor-widget-container\">\n\t\t\t\t\t<h2 class=\"elementor-heading-title elementor-size-default\">Visita Mallorca en invierno y vive su magia m\u00e1s tranquila\n<\/h2>\t\t\t\t<\/div>\n\t\t\t\t<\/div>\n\t\t\t\t<div class=\"elementor-element elementor-element-d49bd1d elementor-widget elementor-widget-text-editor\" data-id=\"d49bd1d\" data-element_type=\"widget\" data-e-type=\"widget\" data-widget_type=\"text-editor.default\">\n\t\t\t\t<div class=\"elementor-widget-container\">\n\t\t\t\t\t\t\t\t\t<p><span style=\"font-weight: 400;\">Cuando el verano se va, Mallorca revela su mejor secreto, su tranquilidad. La isla sigue siendo perfecta, pero m\u00e1s \u00edntima. Es el momento perfecto para <\/span><b>descubrir su esencia sin esperas<\/b><span style=\"font-weight: 400;\">.<\/span><\/p><p><span style=\"font-weight: 400;\">Si quieres vivir la mejor experiencia en la isla, no lo dudes.<\/span><b> Reserva tu apartamento en Mallorca con nosotros<\/b><span style=\"font-weight: 400;\"> y disfruta de una escapada a la que no le podr\u00e1s poner ni un pero. \u00a1Te esperamos!<\/span><\/p>\t\t\t\t\t\t\t\t<\/div>\n\t\t\t\t<\/div>\n\t\t\t\t\t<\/div>\n\t\t\t\t<\/div>\n\t\t<div class=\"elementor-element elementor-element-11da45f4 e-flex e-con-boxed e-con e-parent\" data-id=\"11da45f4\" data-element_type=\"container\" data-e-type=\"container\">\n\t\t\t\t\t<div class=\"e-con-inner\">\n\t\t\t\t\t<\/div>\n\t\t\t\t<\/div>\n\t\t\t\t<\/div>\n\t\t","protected":false},"excerpt":{"rendered":"<p>Mallorca no se apaga cuando llega el fr\u00edo. Se reinventa. Cambia la m\u00fasica de los chiringuitos por el crujir de la le\u00f1a y el bullicio tur\u00edstico por un susurro pausado. Si en verano es movimiento, en invierno es esa calma luminosa que invita a vivir sin prisas. El mar sigue brillando, los pueblos huelen a [&hellip;]<\/p>\n","protected":false},"author":3,"featured_media":3036,"comment_status":"open","ping_status":"open","sticky":false,"template":"","format":"standard","meta":{"footnotes":""},"categories":[34],"tags":[],"class_list":["post-3000","post","type-post","status-publish","format-standard","has-post-thumbnail","hentry","category-mallorca-destino"],"yoast_head":"<!-- This site is optimized with the Yoast SEO plugin v27.5 - https:\/\/yoast.com\/product\/yoast-seo-wordpress\/ -->\n<title>Mallorca en invierno: calma, paisaje y sabor mediterr\u00e1neo - Blog<\/title>\n<meta name=\"description\" content=\"Descubre Mallorca en invierno: rutas, pueblos y paisajes tranquilos con clima agradable.\" \/>\n<meta name=\"robots\" content=\"index, follow, max-snippet:-1, max-image-preview:large, max-video-preview:-1\" \/>\n<link rel=\"canonical\" href=\"https:\/\/rentallorca.com\/blog\/mallorca-en-invierno\/\" \/>\n<meta property=\"og:locale\" content=\"es_ES\" \/>\n<meta property=\"og:type\" content=\"article\" \/>\n<meta property=\"og:title\" content=\"Mallorca en invierno: calma, paisaje y sabor mediterr\u00e1neo - Blog\" \/>\n<meta property=\"og:description\" content=\"Descubre Mallorca en invierno: rutas, pueblos y paisajes tranquilos con clima agradable.\" \/>\n<meta property=\"og:url\" content=\"https:\/\/rentallorca.com\/blog\/mallorca-en-invierno\/\" \/>\n<meta property=\"og:site_name\" content=\"Blog\" \/>\n<meta property=\"article:published_time\" content=\"2025-11-13T09:43:34+00:00\" \/>\n<meta property=\"article:modified_time\" content=\"2025-11-28T07:51:41+00:00\" \/>\n<meta property=\"og:image\" content=\"https:\/\/rentallorca.com\/blog\/wp-content\/uploads\/2025\/11\/mallorca-en-invierno.jpg\" \/>\n\t<meta property=\"og:image:width\" content=\"2121\" \/>\n\t<meta property=\"og:image:height\" content=\"707\" \/>\n\t<meta property=\"og:image:type\" content=\"image\/jpeg\" \/>\n<meta name=\"author\" content=\"Axel\" \/>\n<meta name=\"twitter:card\" content=\"summary_large_image\" \/>\n<meta name=\"twitter:label1\" content=\"Written by\" \/>\n\t<meta name=\"twitter:data1\" content=\"Axel\" \/>\n\t<meta name=\"twitter:label2\" content=\"Est. reading time\" \/>\n\t<meta name=\"twitter:data2\" content=\"5 minutes\" \/>\n<script type=\"application\/ld+json\" class=\"yoast-schema-graph\">{\"@context\":\"https:\\\/\\\/schema.org\",\"@graph\":[{\"@type\":\"Article\",\"@id\":\"https:\\\/\\\/rentallorca.com\\\/blog\\\/mallorca-en-invierno\\\/#article\",\"isPartOf\":{\"@id\":\"https:\\\/\\\/rentallorca.com\\\/blog\\\/mallorca-en-invierno\\\/\"},\"author\":{\"name\":\"Axel\",\"@id\":\"https:\\\/\\\/rentallorca.com\\\/blog\\\/#\\\/schema\\\/person\\\/8c5ebe5bf8d43e9757ab6869e1d4cbe4\"},\"headline\":\"Mallorca en invierno: calma, paisaje y sabor mediterr\u00e1neo\",\"datePublished\":\"2025-11-13T09:43:34+00:00\",\"dateModified\":\"2025-11-28T07:51:41+00:00\",\"mainEntityOfPage\":{\"@id\":\"https:\\\/\\\/rentallorca.com\\\/blog\\\/mallorca-en-invierno\\\/\"},\"wordCount\":913,\"commentCount\":0,\"image\":{\"@id\":\"https:\\\/\\\/rentallorca.com\\\/blog\\\/mallorca-en-invierno\\\/#primaryimage\"},\"thumbnailUrl\":\"https:\\\/\\\/rentallorca.com\\\/blog\\\/wp-content\\\/uploads\\\/2025\\\/11\\\/mallorca-en-invierno.jpg\",\"articleSection\":[\"Mallorca\"],\"inLanguage\":\"es\",\"potentialAction\":[{\"@type\":\"CommentAction\",\"name\":\"Comment\",\"target\":[\"https:\\\/\\\/rentallorca.com\\\/blog\\\/mallorca-en-invierno\\\/#respond\"]}]},{\"@type\":\"WebPage\",\"@id\":\"https:\\\/\\\/rentallorca.com\\\/blog\\\/mallorca-en-invierno\\\/\",\"url\":\"https:\\\/\\\/rentallorca.com\\\/blog\\\/mallorca-en-invierno\\\/\",\"name\":\"Mallorca en invierno: calma, paisaje y sabor mediterr\u00e1neo - Blog\",\"isPartOf\":{\"@id\":\"https:\\\/\\\/rentallorca.com\\\/blog\\\/#website\"},\"primaryImageOfPage\":{\"@id\":\"https:\\\/\\\/rentallorca.com\\\/blog\\\/mallorca-en-invierno\\\/#primaryimage\"},\"image\":{\"@id\":\"https:\\\/\\\/rentallorca.com\\\/blog\\\/mallorca-en-invierno\\\/#primaryimage\"},\"thumbnailUrl\":\"https:\\\/\\\/rentallorca.com\\\/blog\\\/wp-content\\\/uploads\\\/2025\\\/11\\\/mallorca-en-invierno.jpg\",\"datePublished\":\"2025-11-13T09:43:34+00:00\",\"dateModified\":\"2025-11-28T07:51:41+00:00\",\"author\":{\"@id\":\"https:\\\/\\\/rentallorca.com\\\/blog\\\/#\\\/schema\\\/person\\\/8c5ebe5bf8d43e9757ab6869e1d4cbe4\"},\"description\":\"Descubre Mallorca en invierno: rutas, pueblos y paisajes tranquilos con clima agradable.\",\"breadcrumb\":{\"@id\":\"https:\\\/\\\/rentallorca.com\\\/blog\\\/mallorca-en-invierno\\\/#breadcrumb\"},\"inLanguage\":\"es\",\"potentialAction\":[{\"@type\":\"ReadAction\",\"target\":[\"https:\\\/\\\/rentallorca.com\\\/blog\\\/mallorca-en-invierno\\\/\"]}]},{\"@type\":\"ImageObject\",\"inLanguage\":\"es\",\"@id\":\"https:\\\/\\\/rentallorca.com\\\/blog\\\/mallorca-en-invierno\\\/#primaryimage\",\"url\":\"https:\\\/\\\/rentallorca.com\\\/blog\\\/wp-content\\\/uploads\\\/2025\\\/11\\\/mallorca-en-invierno.jpg\",\"contentUrl\":\"https:\\\/\\\/rentallorca.com\\\/blog\\\/wp-content\\\/uploads\\\/2025\\\/11\\\/mallorca-en-invierno.jpg\",\"width\":2121,\"height\":707,\"caption\":\"Young handsome hiker with red sweatshirt sitting on a rock in front of the beautiful north coast of Mallorca during the sunrise drinking hot tea from a thermos flask. Color editing. Part of a series.\"},{\"@type\":\"BreadcrumbList\",\"@id\":\"https:\\\/\\\/rentallorca.com\\\/blog\\\/mallorca-en-invierno\\\/#breadcrumb\",\"itemListElement\":[{\"@type\":\"ListItem\",\"position\":1,\"name\":\"Home\",\"item\":\"https:\\\/\\\/rentallorca.com\\\/blog\\\/\"},{\"@type\":\"ListItem\",\"position\":2,\"name\":\"Mallorca en invierno: calma, paisaje y sabor mediterr\u00e1neo\"}]},{\"@type\":\"WebSite\",\"@id\":\"https:\\\/\\\/rentallorca.com\\\/blog\\\/#website\",\"url\":\"https:\\\/\\\/rentallorca.com\\\/blog\\\/\",\"name\":\"Blog\",\"description\":\"Rentallorca\",\"potentialAction\":[{\"@type\":\"SearchAction\",\"target\":{\"@type\":\"EntryPoint\",\"urlTemplate\":\"https:\\\/\\\/rentallorca.com\\\/blog\\\/?s={search_term_string}\"},\"query-input\":{\"@type\":\"PropertyValueSpecification\",\"valueRequired\":true,\"valueName\":\"search_term_string\"}}],\"inLanguage\":\"es\"},{\"@type\":\"Person\",\"@id\":\"https:\\\/\\\/rentallorca.com\\\/blog\\\/#\\\/schema\\\/person\\\/8c5ebe5bf8d43e9757ab6869e1d4cbe4\",\"name\":\"Axel\",\"image\":{\"@type\":\"ImageObject\",\"inLanguage\":\"es\",\"@id\":\"https:\\\/\\\/secure.gravatar.com\\\/avatar\\\/3bd706736e5b70f21f05f6c2d5cad746767782a4ba4b7df399c5969e2a9318fd?s=96&d=mm&r=g\",\"url\":\"https:\\\/\\\/secure.gravatar.com\\\/avatar\\\/3bd706736e5b70f21f05f6c2d5cad746767782a4ba4b7df399c5969e2a9318fd?s=96&d=mm&r=g\",\"contentUrl\":\"https:\\\/\\\/secure.gravatar.com\\\/avatar\\\/3bd706736e5b70f21f05f6c2d5cad746767782a4ba4b7df399c5969e2a9318fd?s=96&d=mm&r=g\",\"caption\":\"Axel\"},\"url\":\"https:\\\/\\\/rentallorca.com\\\/blog\\\/author\\\/axel\\\/\"}]}<\/script>\n<!-- \/ Yoast SEO plugin. -->","yoast_head_json":{"title":"Mallorca en invierno: calma, paisaje y sabor mediterr\u00e1neo - Blog","description":"Descubre Mallorca en invierno: rutas, pueblos y paisajes tranquilos con clima agradable.","robots":{"index":"index","follow":"follow","max-snippet":"max-snippet:-1","max-image-preview":"max-image-preview:large","max-video-preview":"max-video-preview:-1"},"canonical":"https:\/\/rentallorca.com\/blog\/mallorca-en-invierno\/","og_locale":"es_ES","og_type":"article","og_title":"Mallorca en invierno: calma, paisaje y sabor mediterr\u00e1neo - Blog","og_description":"Descubre Mallorca en invierno: rutas, pueblos y paisajes tranquilos con clima agradable.","og_url":"https:\/\/rentallorca.com\/blog\/mallorca-en-invierno\/","og_site_name":"Blog","article_published_time":"2025-11-13T09:43:34+00:00","article_modified_time":"2025-11-28T07:51:41+00:00","og_image":[{"width":2121,"height":707,"url":"https:\/\/rentallorca.com\/blog\/wp-content\/uploads\/2025\/11\/mallorca-en-invierno.jpg","type":"image\/jpeg"}],"author":"Axel","twitter_card":"summary_large_image","twitter_misc":{"Written by":"Axel","Est. reading time":"5 minutes"},"schema":{"@context":"https:\/\/schema.org","@graph":[{"@type":"Article","@id":"https:\/\/rentallorca.com\/blog\/mallorca-en-invierno\/#article","isPartOf":{"@id":"https:\/\/rentallorca.com\/blog\/mallorca-en-invierno\/"},"author":{"name":"Axel","@id":"https:\/\/rentallorca.com\/blog\/#\/schema\/person\/8c5ebe5bf8d43e9757ab6869e1d4cbe4"},"headline":"Mallorca en invierno: calma, paisaje y sabor mediterr\u00e1neo","datePublished":"2025-11-13T09:43:34+00:00","dateModified":"2025-11-28T07:51:41+00:00","mainEntityOfPage":{"@id":"https:\/\/rentallorca.com\/blog\/mallorca-en-invierno\/"},"wordCount":913,"commentCount":0,"image":{"@id":"https:\/\/rentallorca.com\/blog\/mallorca-en-invierno\/#primaryimage"},"thumbnailUrl":"https:\/\/rentallorca.com\/blog\/wp-content\/uploads\/2025\/11\/mallorca-en-invierno.jpg","articleSection":["Mallorca"],"inLanguage":"es","potentialAction":[{"@type":"CommentAction","name":"Comment","target":["https:\/\/rentallorca.com\/blog\/mallorca-en-invierno\/#respond"]}]},{"@type":"WebPage","@id":"https:\/\/rentallorca.com\/blog\/mallorca-en-invierno\/","url":"https:\/\/rentallorca.com\/blog\/mallorca-en-invierno\/","name":"Mallorca en invierno: calma, paisaje y sabor mediterr\u00e1neo - Blog","isPartOf":{"@id":"https:\/\/rentallorca.com\/blog\/#website"},"primaryImageOfPage":{"@id":"https:\/\/rentallorca.com\/blog\/mallorca-en-invierno\/#primaryimage"},"image":{"@id":"https:\/\/rentallorca.com\/blog\/mallorca-en-invierno\/#primaryimage"},"thumbnailUrl":"https:\/\/rentallorca.com\/blog\/wp-content\/uploads\/2025\/11\/mallorca-en-invierno.jpg","datePublished":"2025-11-13T09:43:34+00:00","dateModified":"2025-11-28T07:51:41+00:00","author":{"@id":"https:\/\/rentallorca.com\/blog\/#\/schema\/person\/8c5ebe5bf8d43e9757ab6869e1d4cbe4"},"description":"Descubre Mallorca en invierno: rutas, pueblos y paisajes tranquilos con clima agradable.","breadcrumb":{"@id":"https:\/\/rentallorca.com\/blog\/mallorca-en-invierno\/#breadcrumb"},"inLanguage":"es","potentialAction":[{"@type":"ReadAction","target":["https:\/\/rentallorca.com\/blog\/mallorca-en-invierno\/"]}]},{"@type":"ImageObject","inLanguage":"es","@id":"https:\/\/rentallorca.com\/blog\/mallorca-en-invierno\/#primaryimage","url":"https:\/\/rentallorca.com\/blog\/wp-content\/uploads\/2025\/11\/mallorca-en-invierno.jpg","contentUrl":"https:\/\/rentallorca.com\/blog\/wp-content\/uploads\/2025\/11\/mallorca-en-invierno.jpg","width":2121,"height":707,"caption":"Young handsome hiker with red sweatshirt sitting on a rock in front of the beautiful north coast of Mallorca during the sunrise drinking hot tea from a thermos flask. Color editing. Part of a series."},{"@type":"BreadcrumbList","@id":"https:\/\/rentallorca.com\/blog\/mallorca-en-invierno\/#breadcrumb","itemListElement":[{"@type":"ListItem","position":1,"name":"Home","item":"https:\/\/rentallorca.com\/blog\/"},{"@type":"ListItem","position":2,"name":"Mallorca en invierno: calma, paisaje y sabor mediterr\u00e1neo"}]},{"@type":"WebSite","@id":"https:\/\/rentallorca.com\/blog\/#website","url":"https:\/\/rentallorca.com\/blog\/","name":"Blog","description":"Rentallorca","potentialAction":[{"@type":"SearchAction","target":{"@type":"EntryPoint","urlTemplate":"https:\/\/rentallorca.com\/blog\/?s={search_term_string}"},"query-input":{"@type":"PropertyValueSpecification","valueRequired":true,"valueName":"search_term_string"}}],"inLanguage":"es"},{"@type":"Person","@id":"https:\/\/rentallorca.com\/blog\/#\/schema\/person\/8c5ebe5bf8d43e9757ab6869e1d4cbe4","name":"Axel","image":{"@type":"ImageObject","inLanguage":"es","@id":"https:\/\/secure.gravatar.com\/avatar\/3bd706736e5b70f21f05f6c2d5cad746767782a4ba4b7df399c5969e2a9318fd?s=96&d=mm&r=g","url":"https:\/\/secure.gravatar.com\/avatar\/3bd706736e5b70f21f05f6c2d5cad746767782a4ba4b7df399c5969e2a9318fd?s=96&d=mm&r=g","contentUrl":"https:\/\/secure.gravatar.com\/avatar\/3bd706736e5b70f21f05f6c2d5cad746767782a4ba4b7df399c5969e2a9318fd?s=96&d=mm&r=g","caption":"Axel"},"url":"https:\/\/rentallorca.com\/blog\/author\/axel\/"}]}},"_links":{"self":[{"href":"https:\/\/rentallorca.com\/blog\/wp-json\/wp\/v2\/posts\/3000","targetHints":{"allow":["GET"]}}],"collection":[{"href":"https:\/\/rentallorca.com\/blog\/wp-json\/wp\/v2\/posts"}],"about":[{"href":"https:\/\/rentallorca.com\/blog\/wp-json\/wp\/v2\/types\/post"}],"author":[{"embeddable":true,"href":"https:\/\/rentallorca.com\/blog\/wp-json\/wp\/v2\/users\/3"}],"replies":[{"embeddable":true,"href":"https:\/\/rentallorca.com\/blog\/wp-json\/wp\/v2\/comments?post=3000"}],"version-history":[{"count":16,"href":"https:\/\/rentallorca.com\/blog\/wp-json\/wp\/v2\/posts\/3000\/revisions"}],"predecessor-version":[{"id":3100,"href":"https:\/\/rentallorca.com\/blog\/wp-json\/wp\/v2\/posts\/3000\/revisions\/3100"}],"wp:featuredmedia":[{"embeddable":true,"href":"https:\/\/rentallorca.com\/blog\/wp-json\/wp\/v2\/media\/3036"}],"wp:attachment":[{"href":"https:\/\/rentallorca.com\/blog\/wp-json\/wp\/v2\/media?parent=3000"}],"wp:term":[{"taxonomy":"category","embeddable":true,"href":"https:\/\/rentallorca.com\/blog\/wp-json\/wp\/v2\/categories?post=3000"},{"taxonomy":"post_tag","embeddable":true,"href":"https:\/\/rentallorca.com\/blog\/wp-json\/wp\/v2\/tags?post=3000"}],"curies":[{"name":"wp","href":"https:\/\/api.w.org\/{rel}","templated":true}]}}