{"id":2995,"date":"2025-11-14T09:50:08","date_gmt":"2025-11-14T09:50:08","guid":{"rendered":"https:\/\/rentallorca.com\/blog\/?p=2995"},"modified":"2025-11-28T07:51:43","modified_gmt":"2025-11-28T07:51:43","slug":"fiestas-de-mallorca","status":"publish","type":"post","link":"https:\/\/rentallorca.com\/blog\/fiestas-de-mallorca\/","title":{"rendered":"Fiestas de Mallorca: tradici\u00f3n, m\u00fasica y sabor en cada rinc\u00f3n"},"content":{"rendered":"\t\t<div data-elementor-type=\"wp-post\" data-elementor-id=\"2995\" class=\"elementor elementor-2995\" data-elementor-post-type=\"post\">\n\t\t\t\t<div class=\"elementor-element elementor-element-1279ef34 e-flex e-con-boxed e-con e-parent\" data-id=\"1279ef34\" data-element_type=\"container\" data-e-type=\"container\">\n\t\t\t\t\t<div class=\"e-con-inner\">\n\t\t\t\t<div class=\"elementor-element elementor-element-7c562e44 elementor-widget elementor-widget-text-editor\" data-id=\"7c562e44\" data-element_type=\"widget\" data-e-type=\"widget\" data-widget_type=\"text-editor.default\">\n\t\t\t\t<div class=\"elementor-widget-container\">\n\t\t\t\t\t\t\t\t\t<p><b>Mallorca no es solo calas de postal y tumbonas bajo el sol.<\/b><span style=\"font-weight: 400;\"> La isla rebosa vida durante todo el a\u00f1o gracias a sus pueblos y a un calendario festivo que convierte cualquier mes en excusa para montar una buena.<\/span><\/p><p><span style=\"font-weight: 400;\">Desde el interior hasta los rincones m\u00e1s remotos del norte o el este, <\/span><b>cada pueblo tiene su propio arte, ritmo y devoci\u00f3n.<\/b><\/p><p><span style=\"font-weight: 400;\">Si pensabas que venir aqu\u00ed era solo poner la sombrilla y cerrar los ojos, est\u00e1s bastante equivocado. <\/span><b>En Mallorca hasta la paella se menea al ritmo del tambor.<\/b><\/p><p><span style=\"font-weight: 400;\">Y esto <\/span><b>Rentallorca lo sabe mejor que nadie<\/b><span style=\"font-weight: 400;\">, por eso te invita a descubrir ese pulso aut\u00e9ntico donde la tradici\u00f3n, la m\u00fasica y el sabor se sirven, como debe ser, con un buen pa amb oli.<\/span><\/p>\t\t\t\t\t\t\t\t<\/div>\n\t\t\t\t<\/div>\n\t\t\t\t\t<\/div>\n\t\t\t\t<\/div>\n\t\t<div class=\"elementor-element elementor-element-6c109b4a e-flex e-con-boxed e-con e-parent\" data-id=\"6c109b4a\" data-element_type=\"container\" data-e-type=\"container\">\n\t\t\t\t\t<div class=\"e-con-inner\">\n\t\t\t\t<div class=\"elementor-element elementor-element-3c849d90 elementor-widget elementor-widget-table-of-contents\" data-id=\"3c849d90\" data-element_type=\"widget\" data-e-type=\"widget\" data-settings=\"{&quot;headings_by_tags&quot;:[&quot;h2&quot;,&quot;h3&quot;],&quot;exclude_headings_by_selector&quot;:[],&quot;marker_view&quot;:&quot;bullets&quot;,&quot;icon&quot;:{&quot;value&quot;:&quot;&quot;,&quot;library&quot;:&quot;&quot;},&quot;no_headings_message&quot;:&quot;No headings were found on this page.&quot;,&quot;hierarchical_view&quot;:&quot;yes&quot;,&quot;min_height&quot;:{&quot;unit&quot;:&quot;px&quot;,&quot;size&quot;:&quot;&quot;,&quot;sizes&quot;:[]},&quot;min_height_tablet&quot;:{&quot;unit&quot;:&quot;px&quot;,&quot;size&quot;:&quot;&quot;,&quot;sizes&quot;:[]},&quot;min_height_mobile&quot;:{&quot;unit&quot;:&quot;px&quot;,&quot;size&quot;:&quot;&quot;,&quot;sizes&quot;:[]}}\" data-widget_type=\"table-of-contents.default\">\n\t\t\t\t<div class=\"elementor-widget-container\">\n\t\t\t\t\t\t\t\t\t<div class=\"elementor-toc__header\">\n\t\t\t\t\t\t<div class=\"elementor-toc__header-title\">\n\t\t\t\tContenidos\t\t\t<\/div>\n\t\t\t\t\t\t\t\t<\/div>\n\t\t\t\t<div id=\"elementor-toc__3c849d90\" class=\"elementor-toc__body\">\n\t\t\t<div class=\"elementor-toc__spinner-container\">\n\t\t\t\t<svg class=\"elementor-toc__spinner eicon-animation-spin e-font-icon-svg e-eicon-loading\" aria-hidden=\"true\" viewBox=\"0 0 1000 1000\" xmlns=\"http:\/\/www.w3.org\/2000\/svg\"><path d=\"M500 975V858C696 858 858 696 858 500S696 142 500 142 142 304 142 500H25C25 237 238 25 500 25S975 237 975 500 763 975 500 975Z\"><\/path><\/svg>\t\t\t<\/div>\n\t\t<\/div>\n\t\t\t\t\t\t<\/div>\n\t\t\t\t<\/div>\n\t\t\t\t\t<\/div>\n\t\t\t\t<\/div>\n\t\t<div class=\"elementor-element elementor-element-5b3cd3b5 e-flex e-con-boxed e-con e-parent\" data-id=\"5b3cd3b5\" data-element_type=\"container\" data-e-type=\"container\">\n\t\t\t\t\t<div class=\"e-con-inner\">\n\t\t\t\t<div class=\"elementor-element elementor-element-19313ead elementor-widget elementor-widget-heading\" data-id=\"19313ead\" data-element_type=\"widget\" data-e-type=\"widget\" data-widget_type=\"heading.default\">\n\t\t\t\t<div class=\"elementor-widget-container\">\n\t\t\t\t\t<h2 class=\"elementor-heading-title elementor-size-default\">Celebra las principales festividades que marcan el calendario isle\u00f1o\n<\/h2>\t\t\t\t<\/div>\n\t\t\t\t<\/div>\n\t\t\t\t<div class=\"elementor-element elementor-element-4f2b72ae elementor-widget elementor-widget-text-editor\" data-id=\"4f2b72ae\" data-element_type=\"widget\" data-e-type=\"widget\" data-widget_type=\"text-editor.default\">\n\t\t\t\t<div class=\"elementor-widget-container\">\n\t\t\t\t\t\t\t\t\t<p><span style=\"font-weight: 400;\">Desde el arranque del a\u00f1o, <\/span><b>Mallorca enciende las brasas y el alma<\/b><span style=\"font-weight: 400;\"> con las fiestas de <\/span><b>Sant Antoni<\/b><span style=\"font-weight: 400;\"> y <\/span><b>Sant Sebasti\u00e0<\/b><span style=\"font-weight: 400;\">. En Pollensa, Art\u00e0 y otros pueblos del norte, los demonios toman las calles en el tradicional <\/span><i><span style=\"font-weight: 400;\">correfoc<\/span><\/i><span style=\"font-weight: 400;\">. Disparan fuegos, lanzan chispas, y acaban bailando con turistas como si fueran de la familia.<\/span><\/p><p><span style=\"font-weight: 400;\">Palma, la capital, <\/span><b>se transforma durante dos semanas<\/b><span style=\"font-weight: 400;\"> con conciertos, talleres y la m\u00edtica <\/span><i><span style=\"font-weight: 400;\">torrada<\/span><\/i><span style=\"font-weight: 400;\"> colectiva: <\/span><b>cientos de barbacoas bajo las estrellas, compartiendo sobrasada, risas y vino tinto<\/b><span style=\"font-weight: 400;\">.<\/span><\/p><p><span style=\"font-weight: 400;\">En primavera y verano, cada pueblo se inventa su propio universo. El <\/span><b>Fir\u00f2 de S\u00f3ller<\/b><span style=\"font-weight: 400;\"> revive las leyendas de moros y cristianos; el <\/span><b>Fira del Ram<\/b><span style=\"font-weight: 400;\"> de Palma mezcla ferias y atracciones con tradici\u00f3n religiosa, y <\/span><b>Marratx\u00ed<\/b><span style=\"font-weight: 400;\"> se llena de color con la <\/span><b>Fira de les Flors<\/b><span style=\"font-weight: 400;\">.<\/span><\/p><p><span style=\"font-weight: 400;\">En el mar tambi\u00e9n se celebran: las procesiones n\u00e1uticas de <\/span><b>Sant Pere<\/b><span style=\"font-weight: 400;\"> y las verbenas costeras en <\/span><b>Port d\u2019Alc\u00fadia o Portocolom<\/b><span style=\"font-weight: 400;\"> son un espect\u00e1culo de luz, barcas decoradas y m\u00fasica en directo que dura hasta que el cuerpo aguante.<\/span><\/p><p><b>Aqu\u00ed nadie es forastero.<\/b><span style=\"font-weight: 400;\"> Si vienes con ganas de fiesta, ya est\u00e1s invitado.<\/span><\/p>\t\t\t\t\t\t\t\t<\/div>\n\t\t\t\t<\/div>\n\t\t\t\t<div class=\"elementor-element elementor-element-e34d896 elementor-widget elementor-widget-image\" data-id=\"e34d896\" data-element_type=\"widget\" data-e-type=\"widget\" data-widget_type=\"image.default\">\n\t\t\t\t<div class=\"elementor-widget-container\">\n\t\t\t\t\t\t\t\t\t\t\t\t\t\t\t<img fetchpriority=\"high\" decoding=\"async\" width=\"1251\" height=\"625\" src=\"https:\/\/rentallorca.com\/blog\/wp-content\/uploads\/2025\/11\/Fiestas-de-mallorca.jpg\" class=\"attachment-full size-full wp-image-3011\" alt=\"Fiestas-de-mallorca.jpg\" srcset=\"https:\/\/rentallorca.com\/blog\/wp-content\/uploads\/2025\/11\/Fiestas-de-mallorca.jpg 1251w, https:\/\/rentallorca.com\/blog\/wp-content\/uploads\/2025\/11\/Fiestas-de-mallorca-300x150.jpg 300w, https:\/\/rentallorca.com\/blog\/wp-content\/uploads\/2025\/11\/Fiestas-de-mallorca-1024x512.jpg 1024w, https:\/\/rentallorca.com\/blog\/wp-content\/uploads\/2025\/11\/Fiestas-de-mallorca-768x384.jpg 768w\" sizes=\"(max-width: 1251px) 100vw, 1251px\" \/>\t\t\t\t\t\t\t\t\t\t\t\t\t\t\t<\/div>\n\t\t\t\t<\/div>\n\t\t\t\t\t<\/div>\n\t\t\t\t<\/div>\n\t\t<div class=\"elementor-element elementor-element-0350df0 e-flex e-con-boxed e-con e-parent\" data-id=\"0350df0\" data-element_type=\"container\" data-e-type=\"container\">\n\t\t\t\t\t<div class=\"e-con-inner\">\n\t\t\t\t<div class=\"elementor-element elementor-element-2e66abf elementor-widget elementor-widget-heading\" data-id=\"2e66abf\" data-element_type=\"widget\" data-e-type=\"widget\" data-widget_type=\"heading.default\">\n\t\t\t\t<div class=\"elementor-widget-container\">\n\t\t\t\t\t<h2 class=\"elementor-heading-title elementor-size-default\">Disfruta eventos culturales y conciertos con alma mediterr\u00e1nea\n<\/h2>\t\t\t\t<\/div>\n\t\t\t\t<\/div>\n\t\t\t\t<div class=\"elementor-element elementor-element-e791cf9 elementor-widget elementor-widget-text-editor\" data-id=\"e791cf9\" data-element_type=\"widget\" data-e-type=\"widget\" data-widget_type=\"text-editor.default\">\n\t\t\t\t<div class=\"elementor-widget-container\">\n\t\t\t\t\t\t\t\t\t<p><b>Mallorca suena, vibra y te hace mover los pies.<\/b><span style=\"font-weight: 400;\"> La m\u00fasica es parte de su ADN, y eso se nota en cada verbena, festival o plaza en la que alguien enchufa un altavoz.<\/span><\/p><p><span style=\"font-weight: 400;\">Durante todo el a\u00f1o hay conciertos para todos los gustos: <\/span><b>flamenco, reggaet\u00f3n, indie, rock o el cl\u00e1sico ball de bot<\/b><span style=\"font-weight: 400;\">.<\/span><\/p><p><span style=\"font-weight: 400;\">El <\/span><b>Mallorca Live Festival<\/b><span style=\"font-weight: 400;\"> en Calvi\u00e0 re\u00fane artistas de talla mundial en un entorno de lujo. Pero no todo es macroevento: en pueblos como <\/span><b>Alc\u00fadia, Inca o Valldemossa<\/b><span style=\"font-weight: 400;\">, las fiestas patronales se celebran con <\/span><b>conciertos gratuitos, bailes tradicionales y espect\u00e1culos callejeros<\/b><span style=\"font-weight: 400;\"> que huelen a pueblo y a verano.<\/span><\/p><p><span style=\"font-weight: 400;\">La <\/span><b>Festa del Botifarr\u00f3<\/b><span style=\"font-weight: 400;\"> en Sant Joan no se queda atr\u00e1s, con DJs, bandas locales y una traca final que parece querer despertar a toda la isla.<\/span><\/p><p><b>Si te gusta planear,<\/b><span style=\"font-weight: 400;\"> ojo a la agenda cultural: <\/span><b>te esperan noches m\u00e1gicas, buena m\u00fasica y ese aire c\u00e1lido que solo se respira en Mallorca.<\/b><\/p>\t\t\t\t\t\t\t\t<\/div>\n\t\t\t\t<\/div>\n\t\t\t\t<div class=\"elementor-element elementor-element-6def6d5 elementor-widget elementor-widget-image\" data-id=\"6def6d5\" data-element_type=\"widget\" data-e-type=\"widget\" data-widget_type=\"image.default\">\n\t\t\t\t<div class=\"elementor-widget-container\">\n\t\t\t\t\t\t\t\t\t\t\t\t\t\t\t<img decoding=\"async\" width=\"1254\" height=\"627\" src=\"https:\/\/rentallorca.com\/blog\/wp-content\/uploads\/2025\/11\/Mallorca-fiestas-populares.jpg\" class=\"attachment-full size-full wp-image-3014\" alt=\"Mallorca-fiestas-populares.jpg\" srcset=\"https:\/\/rentallorca.com\/blog\/wp-content\/uploads\/2025\/11\/Mallorca-fiestas-populares.jpg 1254w, https:\/\/rentallorca.com\/blog\/wp-content\/uploads\/2025\/11\/Mallorca-fiestas-populares-300x150.jpg 300w, https:\/\/rentallorca.com\/blog\/wp-content\/uploads\/2025\/11\/Mallorca-fiestas-populares-1024x512.jpg 1024w, https:\/\/rentallorca.com\/blog\/wp-content\/uploads\/2025\/11\/Mallorca-fiestas-populares-768x384.jpg 768w\" sizes=\"(max-width: 1254px) 100vw, 1254px\" \/>\t\t\t\t\t\t\t\t\t\t\t\t\t\t\t<\/div>\n\t\t\t\t<\/div>\n\t\t\t\t\t<\/div>\n\t\t\t\t<\/div>\n\t\t<div class=\"elementor-element elementor-element-6905043 e-flex e-con-boxed e-con e-parent\" data-id=\"6905043\" data-element_type=\"container\" data-e-type=\"container\">\n\t\t\t\t\t<div class=\"e-con-inner\">\n\t\t\t\t<div class=\"elementor-element elementor-element-5d89f14 elementor-widget elementor-widget-heading\" data-id=\"5d89f14\" data-element_type=\"widget\" data-e-type=\"widget\" data-widget_type=\"heading.default\">\n\t\t\t\t<div class=\"elementor-widget-container\">\n\t\t\t\t\t<h2 class=\"elementor-heading-title elementor-size-default\">Saborea la gastronom\u00eda t\u00edpica que acompa\u00f1a cada celebraci\u00f3n\n<\/h2>\t\t\t\t<\/div>\n\t\t\t\t<\/div>\n\t\t\t\t<div class=\"elementor-element elementor-element-c4b121e elementor-widget elementor-widget-text-editor\" data-id=\"c4b121e\" data-element_type=\"widget\" data-e-type=\"widget\" data-widget_type=\"text-editor.default\">\n\t\t\t\t<div class=\"elementor-widget-container\">\n\t\t\t\t\t\t\t\t\t<p><b>Toda fiesta en Mallorca tiene una banda sonora\u2026 y un men\u00fa.<\/b><span style=\"font-weight: 400;\"> Y vaya men\u00fa. Aqu\u00ed se celebra comiendo, y se come celebrando.<\/span><\/p><p><span style=\"font-weight: 400;\">Prepara el paladar para la <\/span><b>sobrasada asada al fuego<\/b><span style=\"font-weight: 400;\">, ensaimadas reci\u00e9n salidas del horno, <\/span><b>botifarrons<\/b><span style=\"font-weight: 400;\"> que dan nombre a fiestas enteras y <\/span><b>cocas saladas<\/b><span style=\"font-weight: 400;\"> que merecen altar propio.<\/span><\/p><p><span style=\"font-weight: 400;\">Durante <\/span><b>Sant Sebasti\u00e0<\/b><span style=\"font-weight: 400;\"> y <\/span><b>Sant Antoni<\/b><span style=\"font-weight: 400;\">, lo t\u00edpico es compartir parrillada con los vecinos: <\/span><b>pan r\u00fastico, embutidos de la isla y vino tinto<\/b><span style=\"font-weight: 400;\"> en la mano.<\/span><\/p><p><span style=\"font-weight: 400;\">Los mercados y ferias gastron\u00f3micas son paradas obligatorias para probar <\/span><b>productos locales como el queso de Mah\u00f3n, el aceite del Pla de Mallorca o los albaricoques de Porreres<\/b><span style=\"font-weight: 400;\">.<\/span><\/p><p><span style=\"font-weight: 400;\">Y si te va lo dulce, <\/span><b>apunta agosto en el calendario<\/b><span style=\"font-weight: 400;\">: es la <\/span><b>festa del gelat d\u2019ametlla<\/b><span style=\"font-weight: 400;\"> en Llucmajor. Porque <\/span><b>nada dice \u201cverano mallorqu\u00edn\u201d como un buen helado de almendra<\/b><span style=\"font-weight: 400;\"> en plena verbena.<\/span><\/p>\t\t\t\t\t\t\t\t<\/div>\n\t\t\t\t<\/div>\n\t\t\t\t\t<\/div>\n\t\t\t\t<\/div>\n\t\t<div class=\"elementor-element elementor-element-6d4a0ac e-flex e-con-boxed e-con e-parent\" data-id=\"6d4a0ac\" data-element_type=\"container\" data-e-type=\"container\">\n\t\t\t\t\t<div class=\"e-con-inner\">\n\t\t\t\t<div class=\"elementor-element elementor-element-a2c2680 elementor-widget elementor-widget-heading\" data-id=\"a2c2680\" data-element_type=\"widget\" data-e-type=\"widget\" data-widget_type=\"heading.default\">\n\t\t\t\t<div class=\"elementor-widget-container\">\n\t\t\t\t\t<h2 class=\"elementor-heading-title elementor-size-default\">Anota estos consejos para participar y disfrutar al m\u00e1ximo\n<\/h2>\t\t\t\t<\/div>\n\t\t\t\t<\/div>\n\t\t\t\t<div class=\"elementor-element elementor-element-480fdd0 elementor-widget elementor-widget-text-editor\" data-id=\"480fdd0\" data-element_type=\"widget\" data-e-type=\"widget\" data-widget_type=\"text-editor.default\">\n\t\t\t\t<div class=\"elementor-widget-container\">\n\t\t\t\t\t\t\t\t\t<p><span style=\"font-weight: 400;\">La clave para disfrutar de las fiestas mallorquinas es clara: <\/span><b>d\u00e9jate llevar.<\/b><\/p><ul><li><span style=\"font-weight: 400;\">Ven con <\/span><b>ropa c\u00f3moda<\/b><span style=\"font-weight: 400;\"> y buen calzado, porque vas a caminar, bailar, saltar y volver a bailar. En verano, <\/span><b>agua en la mochila y energ\u00eda en los pies<\/b><span style=\"font-weight: 400;\">, que el calor aprieta y las noches son largas.<\/span><\/li><li><b>Respeta las tradiciones locales,<\/b><span style=\"font-weight: 400;\"> pero no te cortes: observa, pregunta, participa. Si no sabes por d\u00f3nde empezar, <\/span><b>sigue el sonido de la m\u00fasica<\/b><span style=\"font-weight: 400;\">\u2026 siempre te lleva a una fiesta.<\/span><\/li><li><span style=\"font-weight: 400;\">Recuerda dejar el entorno como lo encontraste. Aqu\u00ed se celebra con alegr\u00eda, pero tambi\u00e9n con respeto.<\/span><\/li><li><span style=\"font-weight: 400;\">Y si vas a brindar, hazlo como manda la tradici\u00f3n: con <\/span><b>un gin amb llimona<\/b><span style=\"font-weight: 400;\">. El m\u00f3vil, mejor solo para fotos: los mejores recuerdos no necesitan filtro.<\/span><\/li><\/ul>\t\t\t\t\t\t\t\t<\/div>\n\t\t\t\t<\/div>\n\t\t\t\t<div class=\"elementor-element elementor-element-e7d870d elementor-widget elementor-widget-image\" data-id=\"e7d870d\" data-element_type=\"widget\" data-e-type=\"widget\" data-widget_type=\"image.default\">\n\t\t\t\t<div class=\"elementor-widget-container\">\n\t\t\t\t\t\t\t\t\t\t\t\t\t\t\t<img decoding=\"async\" width=\"1254\" height=\"626\" src=\"https:\/\/rentallorca.com\/blog\/wp-content\/uploads\/2025\/11\/Visita-mallorca-fiestas.jpg\" class=\"attachment-full size-full wp-image-3017\" alt=\"Visita-mallorca-fiestas.jpg\" srcset=\"https:\/\/rentallorca.com\/blog\/wp-content\/uploads\/2025\/11\/Visita-mallorca-fiestas.jpg 1254w, https:\/\/rentallorca.com\/blog\/wp-content\/uploads\/2025\/11\/Visita-mallorca-fiestas-300x150.jpg 300w, https:\/\/rentallorca.com\/blog\/wp-content\/uploads\/2025\/11\/Visita-mallorca-fiestas-1024x511.jpg 1024w, https:\/\/rentallorca.com\/blog\/wp-content\/uploads\/2025\/11\/Visita-mallorca-fiestas-768x383.jpg 768w\" sizes=\"(max-width: 1254px) 100vw, 1254px\" \/>\t\t\t\t\t\t\t\t\t\t\t\t\t\t\t<\/div>\n\t\t\t\t<\/div>\n\t\t\t\t\t<\/div>\n\t\t\t\t<\/div>\n\t\t<div class=\"elementor-element elementor-element-c8863f9 e-flex e-con-boxed e-con e-parent\" data-id=\"c8863f9\" data-element_type=\"container\" data-e-type=\"container\">\n\t\t\t\t\t<div class=\"e-con-inner\">\n\t\t\t\t<div class=\"elementor-element elementor-element-5c0f4d4c elementor-widget elementor-widget-heading\" data-id=\"5c0f4d4c\" data-element_type=\"widget\" data-e-type=\"widget\" data-widget_type=\"heading.default\">\n\t\t\t\t<div class=\"elementor-widget-container\">\n\t\t\t\t\t<h2 class=\"elementor-heading-title elementor-size-default\">Explora qu\u00e9 hacer antes o despu\u00e9s de cada evento para alargar la experiencia<\/h2>\t\t\t\t<\/div>\n\t\t\t\t<\/div>\n\t\t\t\t<div class=\"elementor-element elementor-element-64e2e22b elementor-widget elementor-widget-text-editor\" data-id=\"64e2e22b\" data-element_type=\"widget\" data-e-type=\"widget\" data-widget_type=\"text-editor.default\">\n\t\t\t\t<div class=\"elementor-widget-container\">\n\t\t\t\t\t\t\t\t\t<p><b>La fiesta no tiene por qu\u00e9 acabar cuando bajan los tambores.<\/b><\/p><p><span style=\"font-weight: 400;\">Aprovecha para pasear por los <\/span><b>mercados de Sineu o Santa Mar\u00eda<\/b><span style=\"font-weight: 400;\">, descubrir los secretos de los <\/span><b>museos de Palma<\/b><span style=\"font-weight: 400;\">, o recorrer pueblos con alma como <\/span><b>Alar\u00f3, Pollen\u00e7a o Art\u00e0<\/b><span style=\"font-weight: 400;\">.<\/span><\/p><p><span style=\"font-weight: 400;\">Si prefieres naturaleza, <\/span><b>el norte de la isla te espera con rutas de senderismo<\/b><span style=\"font-weight: 400;\">, miradores que cortan la respiraci\u00f3n y acantilados que parecen salidos de una pel\u00edcula.<\/span><\/p><p><span style=\"font-weight: 400;\">\u00bfEres m\u00e1s de playa? Entonces apunta: <\/span><b>Cala Millor, Cala Mesquida, Portocolom\u2026<\/b><span style=\"font-weight: 400;\"> elige tu para\u00edso.<\/span><\/p><p><span style=\"font-weight: 400;\">Y si a\u00fan te queda energ\u00eda, <\/span><b>haz una ruta enol\u00f3gica<\/b><span style=\"font-weight: 400;\"> por alguna bodega del interior. Brinda por el d\u00eda, por la isla y por ese momento en el que dijiste \u201cs\u00ed\u201d a esta escapada.<\/span><\/p>\t\t\t\t\t\t\t\t<\/div>\n\t\t\t\t<\/div>\n\t\t\t\t\t<\/div>\n\t\t\t\t<\/div>\n\t\t<div class=\"elementor-element elementor-element-8d992c4 e-flex e-con-boxed e-con e-parent\" data-id=\"8d992c4\" data-element_type=\"container\" data-e-type=\"container\">\n\t\t\t\t\t<div class=\"e-con-inner\">\n\t\t\t\t<div class=\"elementor-element elementor-element-c60a4f5 elementor-widget elementor-widget-heading\" data-id=\"c60a4f5\" data-element_type=\"widget\" data-e-type=\"widget\" data-widget_type=\"heading.default\">\n\t\t\t\t<div class=\"elementor-widget-container\">\n\t\t\t\t\t<h2 class=\"elementor-heading-title elementor-size-default\">Vive las fiestas de Mallorca y siente el pulso aut\u00e9ntico de la isla\n<\/h2>\t\t\t\t<\/div>\n\t\t\t\t<\/div>\n\t\t\t\t<div class=\"elementor-element elementor-element-0daec68 elementor-widget elementor-widget-text-editor\" data-id=\"0daec68\" data-element_type=\"widget\" data-e-type=\"widget\" data-widget_type=\"text-editor.default\">\n\t\t\t\t<div class=\"elementor-widget-container\">\n\t\t\t\t\t\t\t\t\t<p><span style=\"font-weight: 400;\">Mallorca es una isla que celebra con pasi\u00f3n cada momento, donde las<\/span><b> tradiciones se mezclan con la modernidad <\/b><span style=\"font-weight: 400;\">y los pueblos se abren al visitante con naturalidad. Por eso, quien participa de sus fiestas no s\u00f3lo disfruta, sino que experimenta el pulso aut\u00e9ntico de la isla.\u00a0<\/span><\/p><p><span style=\"font-weight: 400;\">Ven, baila, saborea y r\u00ede; <\/span><b>deja que Rentallorca te acerque a cada rinc\u00f3n y reserva uno de nuestros alojamientos top en la isla<\/b><span style=\"font-weight: 400;\">. Vive tu visita con la m\u00e1xima calidad y comodidad posible.<\/span><\/p>\t\t\t\t\t\t\t\t<\/div>\n\t\t\t\t<\/div>\n\t\t\t\t\t<\/div>\n\t\t\t\t<\/div>\n\t\t<div class=\"elementor-element elementor-element-1d43d44a e-flex e-con-boxed e-con e-parent\" data-id=\"1d43d44a\" data-element_type=\"container\" data-e-type=\"container\">\n\t\t\t\t\t<div class=\"e-con-inner\">\n\t\t\t\t<div class=\"elementor-element elementor-element-7236ff66 elementor-widget elementor-widget-shortcode\" data-id=\"7236ff66\" data-element_type=\"widget\" data-e-type=\"widget\" data-widget_type=\"shortcode.default\">\n\t\t\t\t<div class=\"elementor-widget-container\">\n\t\t\t\t\t\t\t<div class=\"elementor-shortcode\">\t\t<div data-elementor-type=\"page\" data-elementor-id=\"170\" class=\"elementor elementor-170\" data-elementor-post-type=\"elementor_library\">\n\t\t\t\t<div class=\"elementor-element elementor-element-16c5e22 e-flex e-con-boxed e-con e-parent\" data-id=\"16c5e22\" data-element_type=\"container\" data-e-type=\"container\">\n\t\t\t\t\t<div class=\"e-con-inner\">\n\t\t<div class=\"elementor-element elementor-element-ac67807 e-con-full e-flex e-con e-child\" data-id=\"ac67807\" data-element_type=\"container\" data-e-type=\"container\">\n\t\t\t\t<div class=\"elementor-element elementor-element-2ab04b2 elementor-align-justify elementor-widget elementor-widget-button\" data-id=\"2ab04b2\" data-element_type=\"widget\" data-e-type=\"widget\" data-widget_type=\"button.default\">\n\t\t\t\t<div class=\"elementor-widget-container\">\n\t\t\t\t\t\t\t\t\t<div class=\"elementor-button-wrapper\">\n\t\t\t\t\t<a class=\"elementor-button elementor-button-link elementor-size-sm\" href=\"https:\/\/rentallorca.com\/alquiler\/alquileres-mallorca-e21\/\">\n\t\t\t\t\t\t<span class=\"elementor-button-content-wrapper\">\n\t\t\t\t\t\t\t\t\t<span class=\"elementor-button-text\">Alojamientos Mallorca<\/span>\n\t\t\t\t\t<\/span>\n\t\t\t\t\t<\/a>\n\t\t\t\t<\/div>\n\t\t\t\t\t\t\t\t<\/div>\n\t\t\t\t<\/div>\n\t\t\t\t<\/div>\n\t\t<div class=\"elementor-element elementor-element-6bea3dd e-con-full e-flex e-con e-child\" data-id=\"6bea3dd\" data-element_type=\"container\" data-e-type=\"container\">\n\t\t\t\t<div class=\"elementor-element elementor-element-ff8a437 elementor-align-justify elementor-widget elementor-widget-button\" data-id=\"ff8a437\" data-element_type=\"widget\" data-e-type=\"widget\" data-widget_type=\"button.default\">\n\t\t\t\t<div class=\"elementor-widget-container\">\n\t\t\t\t\t\t\t\t\t<div class=\"elementor-button-wrapper\">\n\t\t\t\t\t<a class=\"elementor-button elementor-button-link elementor-size-sm\" href=\"https:\/\/rentallorca.com\/alquiler\/apartamentos-mallorca-c1e21\/\">\n\t\t\t\t\t\t<span class=\"elementor-button-content-wrapper\">\n\t\t\t\t\t\t\t\t\t<span class=\"elementor-button-text\">Apartamentos Mallorca<\/span>\n\t\t\t\t\t<\/span>\n\t\t\t\t\t<\/a>\n\t\t\t\t<\/div>\n\t\t\t\t\t\t\t\t<\/div>\n\t\t\t\t<\/div>\n\t\t\t\t<\/div>\n\t\t<div class=\"elementor-element elementor-element-d557a64 e-con-full e-flex e-con e-child\" data-id=\"d557a64\" data-element_type=\"container\" data-e-type=\"container\">\n\t\t\t\t<div class=\"elementor-element elementor-element-4421fc4 elementor-align-justify elementor-widget elementor-widget-button\" data-id=\"4421fc4\" data-element_type=\"widget\" data-e-type=\"widget\" data-widget_type=\"button.default\">\n\t\t\t\t<div class=\"elementor-widget-container\">\n\t\t\t\t\t\t\t\t\t<div class=\"elementor-button-wrapper\">\n\t\t\t\t\t<a class=\"elementor-button elementor-button-link elementor-size-sm\" href=\"https:\/\/rentallorca.com\/alquiler\/casas-alcudia-c19d1098\/\">\n\t\t\t\t\t\t<span class=\"elementor-button-content-wrapper\">\n\t\t\t\t\t\t\t\t\t<span class=\"elementor-button-text\">Casas Mallorca<\/span>\n\t\t\t\t\t<\/span>\n\t\t\t\t\t<\/a>\n\t\t\t\t<\/div>\n\t\t\t\t\t\t\t\t<\/div>\n\t\t\t\t<\/div>\n\t\t\t\t<\/div>\n\t\t<div class=\"elementor-element elementor-element-995a361 e-con-full e-flex e-con e-child\" data-id=\"995a361\" data-element_type=\"container\" data-e-type=\"container\">\n\t\t\t\t<div class=\"elementor-element elementor-element-e6addd0 elementor-align-justify elementor-widget elementor-widget-button\" data-id=\"e6addd0\" data-element_type=\"widget\" data-e-type=\"widget\" data-widget_type=\"button.default\">\n\t\t\t\t<div class=\"elementor-widget-container\">\n\t\t\t\t\t\t\t\t\t<div class=\"elementor-button-wrapper\">\n\t\t\t\t\t<a class=\"elementor-button elementor-button-link elementor-size-sm\" href=\"https:\/\/rentallorca.com\/alquiler\/fincas-mallorca-c22e21\/\">\n\t\t\t\t\t\t<span class=\"elementor-button-content-wrapper\">\n\t\t\t\t\t\t\t\t\t<span class=\"elementor-button-text\">Fincas Mallorca<\/span>\n\t\t\t\t\t<\/span>\n\t\t\t\t\t<\/a>\n\t\t\t\t<\/div>\n\t\t\t\t\t\t\t\t<\/div>\n\t\t\t\t<\/div>\n\t\t\t\t<\/div>\n\t\t\t\t\t<\/div>\n\t\t\t\t<\/div>\n\t\t\t\t<\/div>\n\t\t<\/div>\n\t\t\t\t\t\t<\/div>\n\t\t\t\t<\/div>\n\t\t\t\t\t<\/div>\n\t\t\t\t<\/div>\n\t\t\t\t<\/div>\n\t\t","protected":false},"excerpt":{"rendered":"<p>Mallorca no es solo calas de postal y tumbonas bajo el sol. La isla rebosa vida durante todo el a\u00f1o gracias a sus pueblos y a un calendario festivo que convierte cualquier mes en excusa para montar una buena. Desde el interior hasta los rincones m\u00e1s remotos del norte o el este, cada pueblo tiene [&hellip;]<\/p>\n","protected":false},"author":3,"featured_media":3007,"comment_status":"open","ping_status":"open","sticky":false,"template":"","format":"standard","meta":{"footnotes":""},"categories":[1],"tags":[],"class_list":["post-2995","post","type-post","status-publish","format-standard","has-post-thumbnail","hentry","category-mallorca"],"yoast_head":"<!-- This site is optimized with the Yoast SEO plugin v27.5 - https:\/\/yoast.com\/product\/yoast-seo-wordpress\/ -->\n<title>Fiestas de Mallorca: tradici\u00f3n, m\u00fasica y sabor en cada rinc\u00f3n - Blog<\/title>\n<meta name=\"description\" content=\"Vive las fiestas de Mallorca, con tradici\u00f3n, m\u00fasica y alegr\u00eda en cada rinc\u00f3n de la isla.\" \/>\n<meta name=\"robots\" content=\"index, follow, max-snippet:-1, max-image-preview:large, max-video-preview:-1\" \/>\n<link rel=\"canonical\" href=\"https:\/\/rentallorca.com\/blog\/fiestas-de-mallorca\/\" \/>\n<meta property=\"og:locale\" content=\"es_ES\" \/>\n<meta property=\"og:type\" content=\"article\" \/>\n<meta property=\"og:title\" content=\"Fiestas de Mallorca: tradici\u00f3n, m\u00fasica y sabor en cada rinc\u00f3n - Blog\" \/>\n<meta property=\"og:description\" content=\"Vive las fiestas de Mallorca, con tradici\u00f3n, m\u00fasica y alegr\u00eda en cada rinc\u00f3n de la isla.\" \/>\n<meta property=\"og:url\" content=\"https:\/\/rentallorca.com\/blog\/fiestas-de-mallorca\/\" \/>\n<meta property=\"og:site_name\" content=\"Blog\" \/>\n<meta property=\"article:published_time\" content=\"2025-11-14T09:50:08+00:00\" \/>\n<meta property=\"article:modified_time\" content=\"2025-11-28T07:51:43+00:00\" \/>\n<meta property=\"og:image\" content=\"https:\/\/rentallorca.com\/blog\/wp-content\/uploads\/2025\/11\/fiestas-mallorca.jpg\" \/>\n\t<meta property=\"og:image:width\" content=\"2150\" \/>\n\t<meta property=\"og:image:height\" content=\"716\" \/>\n\t<meta property=\"og:image:type\" content=\"image\/jpeg\" \/>\n<meta name=\"author\" content=\"Axel\" \/>\n<meta name=\"twitter:card\" content=\"summary_large_image\" \/>\n<meta name=\"twitter:label1\" content=\"Written by\" \/>\n\t<meta name=\"twitter:data1\" content=\"Axel\" \/>\n\t<meta name=\"twitter:label2\" content=\"Est. reading time\" \/>\n\t<meta name=\"twitter:data2\" content=\"6 minutes\" \/>\n<script type=\"application\/ld+json\" class=\"yoast-schema-graph\">{\"@context\":\"https:\\\/\\\/schema.org\",\"@graph\":[{\"@type\":\"Article\",\"@id\":\"https:\\\/\\\/rentallorca.com\\\/blog\\\/fiestas-de-mallorca\\\/#article\",\"isPartOf\":{\"@id\":\"https:\\\/\\\/rentallorca.com\\\/blog\\\/fiestas-de-mallorca\\\/\"},\"author\":{\"name\":\"Axel\",\"@id\":\"https:\\\/\\\/rentallorca.com\\\/blog\\\/#\\\/schema\\\/person\\\/8c5ebe5bf8d43e9757ab6869e1d4cbe4\"},\"headline\":\"Fiestas de Mallorca: tradici\u00f3n, m\u00fasica y sabor en cada rinc\u00f3n\",\"datePublished\":\"2025-11-14T09:50:08+00:00\",\"dateModified\":\"2025-11-28T07:51:43+00:00\",\"mainEntityOfPage\":{\"@id\":\"https:\\\/\\\/rentallorca.com\\\/blog\\\/fiestas-de-mallorca\\\/\"},\"wordCount\":1056,\"commentCount\":0,\"image\":{\"@id\":\"https:\\\/\\\/rentallorca.com\\\/blog\\\/fiestas-de-mallorca\\\/#primaryimage\"},\"thumbnailUrl\":\"https:\\\/\\\/rentallorca.com\\\/blog\\\/wp-content\\\/uploads\\\/2025\\\/11\\\/fiestas-mallorca.jpg\",\"articleSection\":[\"Mallorca\"],\"inLanguage\":\"es\",\"potentialAction\":[{\"@type\":\"CommentAction\",\"name\":\"Comment\",\"target\":[\"https:\\\/\\\/rentallorca.com\\\/blog\\\/fiestas-de-mallorca\\\/#respond\"]}]},{\"@type\":\"WebPage\",\"@id\":\"https:\\\/\\\/rentallorca.com\\\/blog\\\/fiestas-de-mallorca\\\/\",\"url\":\"https:\\\/\\\/rentallorca.com\\\/blog\\\/fiestas-de-mallorca\\\/\",\"name\":\"Fiestas de Mallorca: tradici\u00f3n, m\u00fasica y sabor en cada rinc\u00f3n - Blog\",\"isPartOf\":{\"@id\":\"https:\\\/\\\/rentallorca.com\\\/blog\\\/#website\"},\"primaryImageOfPage\":{\"@id\":\"https:\\\/\\\/rentallorca.com\\\/blog\\\/fiestas-de-mallorca\\\/#primaryimage\"},\"image\":{\"@id\":\"https:\\\/\\\/rentallorca.com\\\/blog\\\/fiestas-de-mallorca\\\/#primaryimage\"},\"thumbnailUrl\":\"https:\\\/\\\/rentallorca.com\\\/blog\\\/wp-content\\\/uploads\\\/2025\\\/11\\\/fiestas-mallorca.jpg\",\"datePublished\":\"2025-11-14T09:50:08+00:00\",\"dateModified\":\"2025-11-28T07:51:43+00:00\",\"author\":{\"@id\":\"https:\\\/\\\/rentallorca.com\\\/blog\\\/#\\\/schema\\\/person\\\/8c5ebe5bf8d43e9757ab6869e1d4cbe4\"},\"description\":\"Vive las fiestas de Mallorca, con tradici\u00f3n, m\u00fasica y alegr\u00eda en cada rinc\u00f3n de la isla.\",\"breadcrumb\":{\"@id\":\"https:\\\/\\\/rentallorca.com\\\/blog\\\/fiestas-de-mallorca\\\/#breadcrumb\"},\"inLanguage\":\"es\",\"potentialAction\":[{\"@type\":\"ReadAction\",\"target\":[\"https:\\\/\\\/rentallorca.com\\\/blog\\\/fiestas-de-mallorca\\\/\"]}]},{\"@type\":\"ImageObject\",\"inLanguage\":\"es\",\"@id\":\"https:\\\/\\\/rentallorca.com\\\/blog\\\/fiestas-de-mallorca\\\/#primaryimage\",\"url\":\"https:\\\/\\\/rentallorca.com\\\/blog\\\/wp-content\\\/uploads\\\/2025\\\/11\\\/fiestas-mallorca.jpg\",\"contentUrl\":\"https:\\\/\\\/rentallorca.com\\\/blog\\\/wp-content\\\/uploads\\\/2025\\\/11\\\/fiestas-mallorca.jpg\",\"width\":2150,\"height\":716,\"caption\":\"Valldemossa on assumption day - spain, Majorca\"},{\"@type\":\"BreadcrumbList\",\"@id\":\"https:\\\/\\\/rentallorca.com\\\/blog\\\/fiestas-de-mallorca\\\/#breadcrumb\",\"itemListElement\":[{\"@type\":\"ListItem\",\"position\":1,\"name\":\"Home\",\"item\":\"https:\\\/\\\/rentallorca.com\\\/blog\\\/\"},{\"@type\":\"ListItem\",\"position\":2,\"name\":\"Fiestas de Mallorca: tradici\u00f3n, m\u00fasica y sabor en cada rinc\u00f3n\"}]},{\"@type\":\"WebSite\",\"@id\":\"https:\\\/\\\/rentallorca.com\\\/blog\\\/#website\",\"url\":\"https:\\\/\\\/rentallorca.com\\\/blog\\\/\",\"name\":\"Blog\",\"description\":\"Rentallorca\",\"potentialAction\":[{\"@type\":\"SearchAction\",\"target\":{\"@type\":\"EntryPoint\",\"urlTemplate\":\"https:\\\/\\\/rentallorca.com\\\/blog\\\/?s={search_term_string}\"},\"query-input\":{\"@type\":\"PropertyValueSpecification\",\"valueRequired\":true,\"valueName\":\"search_term_string\"}}],\"inLanguage\":\"es\"},{\"@type\":\"Person\",\"@id\":\"https:\\\/\\\/rentallorca.com\\\/blog\\\/#\\\/schema\\\/person\\\/8c5ebe5bf8d43e9757ab6869e1d4cbe4\",\"name\":\"Axel\",\"image\":{\"@type\":\"ImageObject\",\"inLanguage\":\"es\",\"@id\":\"https:\\\/\\\/secure.gravatar.com\\\/avatar\\\/3bd706736e5b70f21f05f6c2d5cad746767782a4ba4b7df399c5969e2a9318fd?s=96&d=mm&r=g\",\"url\":\"https:\\\/\\\/secure.gravatar.com\\\/avatar\\\/3bd706736e5b70f21f05f6c2d5cad746767782a4ba4b7df399c5969e2a9318fd?s=96&d=mm&r=g\",\"contentUrl\":\"https:\\\/\\\/secure.gravatar.com\\\/avatar\\\/3bd706736e5b70f21f05f6c2d5cad746767782a4ba4b7df399c5969e2a9318fd?s=96&d=mm&r=g\",\"caption\":\"Axel\"},\"url\":\"https:\\\/\\\/rentallorca.com\\\/blog\\\/author\\\/axel\\\/\"}]}<\/script>\n<!-- \/ Yoast SEO plugin. -->","yoast_head_json":{"title":"Fiestas de Mallorca: tradici\u00f3n, m\u00fasica y sabor en cada rinc\u00f3n - Blog","description":"Vive las fiestas de Mallorca, con tradici\u00f3n, m\u00fasica y alegr\u00eda en cada rinc\u00f3n de la isla.","robots":{"index":"index","follow":"follow","max-snippet":"max-snippet:-1","max-image-preview":"max-image-preview:large","max-video-preview":"max-video-preview:-1"},"canonical":"https:\/\/rentallorca.com\/blog\/fiestas-de-mallorca\/","og_locale":"es_ES","og_type":"article","og_title":"Fiestas de Mallorca: tradici\u00f3n, m\u00fasica y sabor en cada rinc\u00f3n - Blog","og_description":"Vive las fiestas de Mallorca, con tradici\u00f3n, m\u00fasica y alegr\u00eda en cada rinc\u00f3n de la isla.","og_url":"https:\/\/rentallorca.com\/blog\/fiestas-de-mallorca\/","og_site_name":"Blog","article_published_time":"2025-11-14T09:50:08+00:00","article_modified_time":"2025-11-28T07:51:43+00:00","og_image":[{"width":2150,"height":716,"url":"https:\/\/rentallorca.com\/blog\/wp-content\/uploads\/2025\/11\/fiestas-mallorca.jpg","type":"image\/jpeg"}],"author":"Axel","twitter_card":"summary_large_image","twitter_misc":{"Written by":"Axel","Est. reading time":"6 minutes"},"schema":{"@context":"https:\/\/schema.org","@graph":[{"@type":"Article","@id":"https:\/\/rentallorca.com\/blog\/fiestas-de-mallorca\/#article","isPartOf":{"@id":"https:\/\/rentallorca.com\/blog\/fiestas-de-mallorca\/"},"author":{"name":"Axel","@id":"https:\/\/rentallorca.com\/blog\/#\/schema\/person\/8c5ebe5bf8d43e9757ab6869e1d4cbe4"},"headline":"Fiestas de Mallorca: tradici\u00f3n, m\u00fasica y sabor en cada rinc\u00f3n","datePublished":"2025-11-14T09:50:08+00:00","dateModified":"2025-11-28T07:51:43+00:00","mainEntityOfPage":{"@id":"https:\/\/rentallorca.com\/blog\/fiestas-de-mallorca\/"},"wordCount":1056,"commentCount":0,"image":{"@id":"https:\/\/rentallorca.com\/blog\/fiestas-de-mallorca\/#primaryimage"},"thumbnailUrl":"https:\/\/rentallorca.com\/blog\/wp-content\/uploads\/2025\/11\/fiestas-mallorca.jpg","articleSection":["Mallorca"],"inLanguage":"es","potentialAction":[{"@type":"CommentAction","name":"Comment","target":["https:\/\/rentallorca.com\/blog\/fiestas-de-mallorca\/#respond"]}]},{"@type":"WebPage","@id":"https:\/\/rentallorca.com\/blog\/fiestas-de-mallorca\/","url":"https:\/\/rentallorca.com\/blog\/fiestas-de-mallorca\/","name":"Fiestas de Mallorca: tradici\u00f3n, m\u00fasica y sabor en cada rinc\u00f3n - Blog","isPartOf":{"@id":"https:\/\/rentallorca.com\/blog\/#website"},"primaryImageOfPage":{"@id":"https:\/\/rentallorca.com\/blog\/fiestas-de-mallorca\/#primaryimage"},"image":{"@id":"https:\/\/rentallorca.com\/blog\/fiestas-de-mallorca\/#primaryimage"},"thumbnailUrl":"https:\/\/rentallorca.com\/blog\/wp-content\/uploads\/2025\/11\/fiestas-mallorca.jpg","datePublished":"2025-11-14T09:50:08+00:00","dateModified":"2025-11-28T07:51:43+00:00","author":{"@id":"https:\/\/rentallorca.com\/blog\/#\/schema\/person\/8c5ebe5bf8d43e9757ab6869e1d4cbe4"},"description":"Vive las fiestas de Mallorca, con tradici\u00f3n, m\u00fasica y alegr\u00eda en cada rinc\u00f3n de la isla.","breadcrumb":{"@id":"https:\/\/rentallorca.com\/blog\/fiestas-de-mallorca\/#breadcrumb"},"inLanguage":"es","potentialAction":[{"@type":"ReadAction","target":["https:\/\/rentallorca.com\/blog\/fiestas-de-mallorca\/"]}]},{"@type":"ImageObject","inLanguage":"es","@id":"https:\/\/rentallorca.com\/blog\/fiestas-de-mallorca\/#primaryimage","url":"https:\/\/rentallorca.com\/blog\/wp-content\/uploads\/2025\/11\/fiestas-mallorca.jpg","contentUrl":"https:\/\/rentallorca.com\/blog\/wp-content\/uploads\/2025\/11\/fiestas-mallorca.jpg","width":2150,"height":716,"caption":"Valldemossa on assumption day - spain, Majorca"},{"@type":"BreadcrumbList","@id":"https:\/\/rentallorca.com\/blog\/fiestas-de-mallorca\/#breadcrumb","itemListElement":[{"@type":"ListItem","position":1,"name":"Home","item":"https:\/\/rentallorca.com\/blog\/"},{"@type":"ListItem","position":2,"name":"Fiestas de Mallorca: tradici\u00f3n, m\u00fasica y sabor en cada rinc\u00f3n"}]},{"@type":"WebSite","@id":"https:\/\/rentallorca.com\/blog\/#website","url":"https:\/\/rentallorca.com\/blog\/","name":"Blog","description":"Rentallorca","potentialAction":[{"@type":"SearchAction","target":{"@type":"EntryPoint","urlTemplate":"https:\/\/rentallorca.com\/blog\/?s={search_term_string}"},"query-input":{"@type":"PropertyValueSpecification","valueRequired":true,"valueName":"search_term_string"}}],"inLanguage":"es"},{"@type":"Person","@id":"https:\/\/rentallorca.com\/blog\/#\/schema\/person\/8c5ebe5bf8d43e9757ab6869e1d4cbe4","name":"Axel","image":{"@type":"ImageObject","inLanguage":"es","@id":"https:\/\/secure.gravatar.com\/avatar\/3bd706736e5b70f21f05f6c2d5cad746767782a4ba4b7df399c5969e2a9318fd?s=96&d=mm&r=g","url":"https:\/\/secure.gravatar.com\/avatar\/3bd706736e5b70f21f05f6c2d5cad746767782a4ba4b7df399c5969e2a9318fd?s=96&d=mm&r=g","contentUrl":"https:\/\/secure.gravatar.com\/avatar\/3bd706736e5b70f21f05f6c2d5cad746767782a4ba4b7df399c5969e2a9318fd?s=96&d=mm&r=g","caption":"Axel"},"url":"https:\/\/rentallorca.com\/blog\/author\/axel\/"}]}},"_links":{"self":[{"href":"https:\/\/rentallorca.com\/blog\/wp-json\/wp\/v2\/posts\/2995","targetHints":{"allow":["GET"]}}],"collection":[{"href":"https:\/\/rentallorca.com\/blog\/wp-json\/wp\/v2\/posts"}],"about":[{"href":"https:\/\/rentallorca.com\/blog\/wp-json\/wp\/v2\/types\/post"}],"author":[{"embeddable":true,"href":"https:\/\/rentallorca.com\/blog\/wp-json\/wp\/v2\/users\/3"}],"replies":[{"embeddable":true,"href":"https:\/\/rentallorca.com\/blog\/wp-json\/wp\/v2\/comments?post=2995"}],"version-history":[{"count":17,"href":"https:\/\/rentallorca.com\/blog\/wp-json\/wp\/v2\/posts\/2995\/revisions"}],"predecessor-version":[{"id":3103,"href":"https:\/\/rentallorca.com\/blog\/wp-json\/wp\/v2\/posts\/2995\/revisions\/3103"}],"wp:featuredmedia":[{"embeddable":true,"href":"https:\/\/rentallorca.com\/blog\/wp-json\/wp\/v2\/media\/3007"}],"wp:attachment":[{"href":"https:\/\/rentallorca.com\/blog\/wp-json\/wp\/v2\/media?parent=2995"}],"wp:term":[{"taxonomy":"category","embeddable":true,"href":"https:\/\/rentallorca.com\/blog\/wp-json\/wp\/v2\/categories?post=2995"},{"taxonomy":"post_tag","embeddable":true,"href":"https:\/\/rentallorca.com\/blog\/wp-json\/wp\/v2\/tags?post=2995"}],"curies":[{"name":"wp","href":"https:\/\/api.w.org\/{rel}","templated":true}]}}