{"id":2732,"date":"2025-10-14T08:47:10","date_gmt":"2025-10-14T08:47:10","guid":{"rendered":"https:\/\/rentallorca.com\/blog\/?p=2732"},"modified":"2025-11-28T07:51:39","modified_gmt":"2025-11-28T07:51:39","slug":"playa-de-alcudia","status":"publish","type":"post","link":"https:\/\/rentallorca.com\/blog\/playa-de-alcudia\/","title":{"rendered":"Playa de Alcudia: aguas tranquilas, arena blanca y el mejor plan en el norte de Mallorca"},"content":{"rendered":"\t\t<div data-elementor-type=\"wp-post\" data-elementor-id=\"2732\" class=\"elementor elementor-2732\" data-elementor-post-type=\"post\">\n\t\t\t\t<div class=\"elementor-element elementor-element-7ae9a06b e-flex e-con-boxed e-con e-parent\" data-id=\"7ae9a06b\" data-element_type=\"container\" data-e-type=\"container\">\n\t\t\t\t\t<div class=\"e-con-inner\">\n\t\t\t\t<div class=\"elementor-element elementor-element-537c26da elementor-widget elementor-widget-text-editor\" data-id=\"537c26da\" data-element_type=\"widget\" data-e-type=\"widget\" data-widget_type=\"text-editor.default\">\n\t\t\t\t<div class=\"elementor-widget-container\">\n\t\t\t\t\t\t\t\t\t<p><span style=\"font-weight: 400;\">Hacer una jugada maestra a la hora de seleccionar tu destino de vacaciones no siempre es f\u00e1cil. Requiere planificaci\u00f3n, estar bien informado y, por qu\u00e9 no decirlo, tambi\u00e9n un poco de suerte. Pues bien,<\/span><b> en Rentallorca te aseguramos que la Playa de Alcudia puede ser esa jugada maestra<\/b><span style=\"font-weight: 400;\"> que tanto estabas buscando.\u00a0<\/span><\/p><p><span style=\"font-weight: 400;\">Aqu\u00ed, la arena blanca y las aguas cristalinas se unen a una infraestructura envidiable, convirtiendo este gran arenal en el<\/span><b> destino favorito del norte de la isla<\/b><span style=\"font-weight: 400;\"> para darse un buen ba\u00f1o, desconectar con deportes acu\u00e1ticos o pasear mirando el horizonte.<\/span><\/p><p><span style=\"font-weight: 400;\">Acomp\u00e1\u00f1anos y <\/span><b>descubre c\u00f3mo exprimir al m\u00e1ximo tu visita a la Playa de Alcudia<\/b><span style=\"font-weight: 400;\"> (y su entorno) sin perder el buen rollo que la hace tan especial. \u00a1Sigue leyendo!<\/span><\/p>\t\t\t\t\t\t\t\t<\/div>\n\t\t\t\t<\/div>\n\t\t\t\t\t<\/div>\n\t\t\t\t<\/div>\n\t\t<div class=\"elementor-element elementor-element-112e6a9e e-flex e-con-boxed e-con e-parent\" data-id=\"112e6a9e\" data-element_type=\"container\" data-e-type=\"container\">\n\t\t\t\t\t<div class=\"e-con-inner\">\n\t\t\t\t<div class=\"elementor-element elementor-element-1947c451 elementor-widget elementor-widget-table-of-contents\" data-id=\"1947c451\" data-element_type=\"widget\" data-e-type=\"widget\" data-settings=\"{&quot;headings_by_tags&quot;:[&quot;h2&quot;,&quot;h3&quot;],&quot;exclude_headings_by_selector&quot;:[],&quot;marker_view&quot;:&quot;bullets&quot;,&quot;icon&quot;:{&quot;value&quot;:&quot;&quot;,&quot;library&quot;:&quot;&quot;},&quot;no_headings_message&quot;:&quot;No headings were found on this page.&quot;,&quot;hierarchical_view&quot;:&quot;yes&quot;,&quot;min_height&quot;:{&quot;unit&quot;:&quot;px&quot;,&quot;size&quot;:&quot;&quot;,&quot;sizes&quot;:[]},&quot;min_height_tablet&quot;:{&quot;unit&quot;:&quot;px&quot;,&quot;size&quot;:&quot;&quot;,&quot;sizes&quot;:[]},&quot;min_height_mobile&quot;:{&quot;unit&quot;:&quot;px&quot;,&quot;size&quot;:&quot;&quot;,&quot;sizes&quot;:[]}}\" data-widget_type=\"table-of-contents.default\">\n\t\t\t\t<div class=\"elementor-widget-container\">\n\t\t\t\t\t\t\t\t\t<div class=\"elementor-toc__header\">\n\t\t\t\t\t\t<div class=\"elementor-toc__header-title\">\n\t\t\t\tContenidos\t\t\t<\/div>\n\t\t\t\t\t\t\t\t<\/div>\n\t\t\t\t<div id=\"elementor-toc__1947c451\" class=\"elementor-toc__body\">\n\t\t\t<div class=\"elementor-toc__spinner-container\">\n\t\t\t\t<svg class=\"elementor-toc__spinner eicon-animation-spin e-font-icon-svg e-eicon-loading\" aria-hidden=\"true\" viewBox=\"0 0 1000 1000\" xmlns=\"http:\/\/www.w3.org\/2000\/svg\"><path d=\"M500 975V858C696 858 858 696 858 500S696 142 500 142 142 304 142 500H25C25 237 238 25 500 25S975 237 975 500 763 975 500 975Z\"><\/path><\/svg>\t\t\t<\/div>\n\t\t<\/div>\n\t\t\t\t\t\t<\/div>\n\t\t\t\t<\/div>\n\t\t\t\t\t<\/div>\n\t\t\t\t<\/div>\n\t\t<div class=\"elementor-element elementor-element-34f6c05 e-flex e-con-boxed e-con e-parent\" data-id=\"34f6c05\" data-element_type=\"container\" data-e-type=\"container\">\n\t\t\t\t\t<div class=\"e-con-inner\">\n\t\t\t\t<div class=\"elementor-element elementor-element-76c1ee9b elementor-widget elementor-widget-heading\" data-id=\"76c1ee9b\" data-element_type=\"widget\" data-e-type=\"widget\" data-widget_type=\"heading.default\">\n\t\t\t\t<div class=\"elementor-widget-container\">\n\t\t\t\t\t<h2 class=\"elementor-heading-title elementor-size-default\">C\u00f3mo llegar a la Playa de Alcudia (y d\u00f3nde aparcar sin volverte loco)\n<\/h2>\t\t\t\t<\/div>\n\t\t\t\t<\/div>\n\t\t\t\t<div class=\"elementor-element elementor-element-4bcdc6d elementor-widget elementor-widget-text-editor\" data-id=\"4bcdc6d\" data-element_type=\"widget\" data-e-type=\"widget\" data-widget_type=\"text-editor.default\">\n\t\t\t\t<div class=\"elementor-widget-container\">\n\t\t\t\t\t\t\t\t\t<p><span style=\"font-weight: 400;\">Olv\u00eddate de dar vueltas eternas buscando sitio. El acceso a la Playa de Alcudia es muy sencillo, se encuentra en el municipio de Alcudia y comienza en la zona que rodea el puerto deportivo, extendi\u00e9ndose hacia el este por casi 7 km. Es posible llegar desde la <\/span><b>carretera principal Ma-13<\/b><span style=\"font-weight: 400;\">, que conecta r\u00e1pidamente con el puerto y la zona de restaurantes.<\/span><\/p><p><span style=\"font-weight: 400;\">Aunque en verano la afluencia es alta, hay varias zonas habilitadas para aparcar cerca del paseo mar\u00edtimo. Muchos hoteles ofrecen parking propio, y tambi\u00e9n existen <\/span><b>tramos de aparcamiento p\u00fablico gratuitos<\/b><span style=\"font-weight: 400;\"> o con tarifa regulada. Lo m\u00e1s recomendable es llegar antes de las 11 para asegurar sitio.\u00a0<\/span><\/p><p><span style=\"font-weight: 400;\">Si tu opci\u00f3n es el autob\u00fas, los<\/span><b> servicios regulares salen desde Palma o Port de Pollen\u00e7a<\/b><span style=\"font-weight: 400;\"> y paran junto al puerto y en la zona comercial. Y, si eres de los aficionados a la bici, la ruta ciclista recorre la bah\u00eda y permite llegar a esta playa como un aut\u00e9ntico local.<\/span><\/p>\t\t\t\t\t\t\t\t<\/div>\n\t\t\t\t<\/div>\n\t\t\t\t\t<\/div>\n\t\t\t\t<\/div>\n\t\t<div class=\"elementor-element elementor-element-1e3e13bd e-flex e-con-boxed e-con e-parent\" data-id=\"1e3e13bd\" data-element_type=\"container\" data-e-type=\"container\">\n\t\t\t\t\t<div class=\"e-con-inner\">\n\t\t\t\t<div class=\"elementor-element elementor-element-50286c3 elementor-widget elementor-widget-google_maps\" data-id=\"50286c3\" data-element_type=\"widget\" data-e-type=\"widget\" data-widget_type=\"google_maps.default\">\n\t\t\t\t<div class=\"elementor-widget-container\">\n\t\t\t\t\t\t\t<div class=\"elementor-custom-embed\">\n\t\t\t<iframe loading=\"lazy\"\n\t\t\t\t\tsrc=\"https:\/\/maps.google.com\/maps?q=playa%20alcudia&#038;t=m&#038;z=10&#038;output=embed&#038;iwloc=near\"\n\t\t\t\t\ttitle=\"playa alcudia\"\n\t\t\t\t\taria-label=\"playa alcudia\"\n\t\t\t><\/iframe>\n\t\t<\/div>\n\t\t\t\t\t\t<\/div>\n\t\t\t\t<\/div>\n\t\t\t\t\t<\/div>\n\t\t\t\t<\/div>\n\t\t<div class=\"elementor-element elementor-element-d7893b1 e-flex e-con-boxed e-con e-parent\" data-id=\"d7893b1\" data-element_type=\"container\" data-e-type=\"container\">\n\t\t\t\t\t<div class=\"e-con-inner\">\n\t\t\t\t<div class=\"elementor-element elementor-element-ee39460 elementor-widget elementor-widget-heading\" data-id=\"ee39460\" data-element_type=\"widget\" data-e-type=\"widget\" data-widget_type=\"heading.default\">\n\t\t\t\t<div class=\"elementor-widget-container\">\n\t\t\t\t\t<h2 class=\"elementor-heading-title elementor-size-default\">Qu\u00e9 hacer en la Playa de Alcudia: deportes, relax y opciones para todos\n<\/h2>\t\t\t\t<\/div>\n\t\t\t\t<\/div>\n\t\t\t\t<div class=\"elementor-element elementor-element-c4ed95f elementor-widget elementor-widget-text-editor\" data-id=\"c4ed95f\" data-element_type=\"widget\" data-e-type=\"widget\" data-widget_type=\"text-editor.default\">\n\t\t\t\t<div class=\"elementor-widget-container\">\n\t\t\t\t\t\t\t\t\t<p><span style=\"font-weight: 400;\">La playa de Alcudia ofrece <\/span><b>actividades para todos los p\u00fablicos <\/b><span style=\"font-weight: 400;\">y todos los gustos.<\/span><\/p>\t\t\t\t\t\t\t\t<\/div>\n\t\t\t\t<\/div>\n\t\t\t\t\t<\/div>\n\t\t\t\t<\/div>\n\t\t<div class=\"elementor-element elementor-element-cc9ddbc e-flex e-con-boxed e-con e-parent\" data-id=\"cc9ddbc\" data-element_type=\"container\" data-e-type=\"container\">\n\t\t\t\t\t<div class=\"e-con-inner\">\n\t\t<div class=\"elementor-element elementor-element-3ce804a e-con-full e-flex e-con e-child\" data-id=\"3ce804a\" data-element_type=\"container\" data-e-type=\"container\">\n\t\t\t\t<div class=\"elementor-element elementor-element-a5882df elementor-widget elementor-widget-heading\" data-id=\"a5882df\" data-element_type=\"widget\" data-e-type=\"widget\" data-widget_type=\"heading.default\">\n\t\t\t\t<div class=\"elementor-widget-container\">\n\t\t\t\t\t<h3 class=\"elementor-heading-title elementor-size-default\">Deportes acu\u00e1ticos y actividades de playa\n<\/h3>\t\t\t\t<\/div>\n\t\t\t\t<\/div>\n\t\t\t\t<div class=\"elementor-element elementor-element-15e53fa elementor-widget elementor-widget-text-editor\" data-id=\"15e53fa\" data-element_type=\"widget\" data-e-type=\"widget\" data-widget_type=\"text-editor.default\">\n\t\t\t\t<div class=\"elementor-widget-container\">\n\t\t\t\t\t\t\t\t\t<p><span style=\"font-weight: 400;\">Alcudia es para todos los gustos. Los amantes del deporte y de la adrenalina suave pueden elegir entre <\/span><b>windsurf, paddle surf, kayak, hidropedales y paseos en banana<\/b><span style=\"font-weight: 400;\">. Adem\u00e1s, desde el embarcadero parten <\/span><b>excursiones en barco<\/b><span style=\"font-weight: 400;\"> y pesca recreativa por la bah\u00eda de Alcudia y la costa de Formentor.<\/span><\/p>\t\t\t\t\t\t\t\t<\/div>\n\t\t\t\t<\/div>\n\t\t\t\t<\/div>\n\t\t<div class=\"elementor-element elementor-element-c8941c7 e-con-full e-flex e-con e-child\" data-id=\"c8941c7\" data-element_type=\"container\" data-e-type=\"container\">\n\t\t\t\t<div class=\"elementor-element elementor-element-5db2d8f elementor-widget elementor-widget-heading\" data-id=\"5db2d8f\" data-element_type=\"widget\" data-e-type=\"widget\" data-widget_type=\"heading.default\">\n\t\t\t\t<div class=\"elementor-widget-container\">\n\t\t\t\t\t<h3 class=\"elementor-heading-title elementor-size-default\">Paseos y relax\n<\/h3>\t\t\t\t<\/div>\n\t\t\t\t<\/div>\n\t\t\t\t<div class=\"elementor-element elementor-element-ce82c18 elementor-widget elementor-widget-text-editor\" data-id=\"ce82c18\" data-element_type=\"widget\" data-e-type=\"widget\" data-widget_type=\"text-editor.default\">\n\t\t\t\t<div class=\"elementor-widget-container\">\n\t\t\t\t\t\t\t\t\t<p><span style=\"font-weight: 400;\">La amplitud del arenal con m\u00e1s de 80 metros de anchura es perfecta para <\/span><b>caminar por la orilla<\/b><span style=\"font-weight: 400;\">, descubrir peque\u00f1as dunas y perderse por pasarelas que conectan con zonas de jardines y bares de playa. El paseo mar\u00edtimo que la bordea invita a pasear a cualquier hora, parar en los quioscos para tomar un helado y hacer fotos de postal.<\/span><\/p>\t\t\t\t\t\t\t\t<\/div>\n\t\t\t\t<\/div>\n\t\t\t\t<\/div>\n\t\t<div class=\"elementor-element elementor-element-2ec9b77 e-con-full e-flex e-con e-child\" data-id=\"2ec9b77\" data-element_type=\"container\" data-e-type=\"container\">\n\t\t\t\t<div class=\"elementor-element elementor-element-dcb8213 elementor-widget elementor-widget-heading\" data-id=\"dcb8213\" data-element_type=\"widget\" data-e-type=\"widget\" data-widget_type=\"heading.default\">\n\t\t\t\t<div class=\"elementor-widget-container\">\n\t\t\t\t\t<h3 class=\"elementor-heading-title elementor-size-default\">Compras y gastronom\u00eda\n<\/h3>\t\t\t\t<\/div>\n\t\t\t\t<\/div>\n\t\t\t\t<div class=\"elementor-element elementor-element-5c62fad elementor-widget elementor-widget-text-editor\" data-id=\"5c62fad\" data-element_type=\"widget\" data-e-type=\"widget\" data-widget_type=\"text-editor.default\">\n\t\t\t\t<div class=\"elementor-widget-container\">\n\t\t\t\t\t\t\t\t\t<p><span style=\"font-weight: 400;\">Desde <\/span><b>tiendas de moda veraniega hasta bazares de playa <\/b><span style=\"font-weight: 400;\">y artesan\u00edas mallorquinas, el ambiente comercial acompa\u00f1a la experiencia sin ser invasivo. En la zona de chiringuitos y restaurantes se puede elegir entre una ca\u00f1a r\u00e1pida, una paella, pescado fresco o platos internacionales para animar la jornada.<\/span><\/p>\t\t\t\t\t\t\t\t<\/div>\n\t\t\t\t<\/div>\n\t\t\t\t<\/div>\n\t\t\t\t\t<\/div>\n\t\t\t\t<\/div>\n\t\t<div class=\"elementor-element elementor-element-53693ef e-flex e-con-boxed e-con e-parent\" data-id=\"53693ef\" data-element_type=\"container\" data-e-type=\"container\">\n\t\t\t\t\t<div class=\"e-con-inner\">\n\t\t\t\t<div class=\"elementor-element elementor-element-5b86720 elementor-widget elementor-widget-image\" data-id=\"5b86720\" data-element_type=\"widget\" data-e-type=\"widget\" data-widget_type=\"image.default\">\n\t\t\t\t<div class=\"elementor-widget-container\">\n\t\t\t\t\t\t\t\t\t\t\t\t\t\t\t<img fetchpriority=\"high\" decoding=\"async\" width=\"1448\" height=\"724\" src=\"https:\/\/rentallorca.com\/blog\/wp-content\/uploads\/2025\/10\/playa-de-alcudia-mallorca.jpg\" class=\"attachment-full size-full wp-image-2767\" alt=\"playa-de-alcudia-mallorca.jpg\" srcset=\"https:\/\/rentallorca.com\/blog\/wp-content\/uploads\/2025\/10\/playa-de-alcudia-mallorca.jpg 1448w, https:\/\/rentallorca.com\/blog\/wp-content\/uploads\/2025\/10\/playa-de-alcudia-mallorca-300x150.jpg 300w, https:\/\/rentallorca.com\/blog\/wp-content\/uploads\/2025\/10\/playa-de-alcudia-mallorca-1024x512.jpg 1024w, https:\/\/rentallorca.com\/blog\/wp-content\/uploads\/2025\/10\/playa-de-alcudia-mallorca-768x384.jpg 768w\" sizes=\"(max-width: 1448px) 100vw, 1448px\" \/>\t\t\t\t\t\t\t\t\t\t\t\t\t\t\t<\/div>\n\t\t\t\t<\/div>\n\t\t\t\t\t<\/div>\n\t\t\t\t<\/div>\n\t\t<div class=\"elementor-element elementor-element-16788b0 e-flex e-con-boxed e-con e-parent\" data-id=\"16788b0\" data-element_type=\"container\" data-e-type=\"container\">\n\t\t\t\t\t<div class=\"e-con-inner\">\n\t\t\t\t<div class=\"elementor-element elementor-element-75a9a053 elementor-widget elementor-widget-heading\" data-id=\"75a9a053\" data-element_type=\"widget\" data-e-type=\"widget\" data-widget_type=\"heading.default\">\n\t\t\t\t<div class=\"elementor-widget-container\">\n\t\t\t\t\t<h2 class=\"elementor-heading-title elementor-size-default\">D\u00f3nde dormir cerca de la Playa de Alcudia: alojamientos para todos los gustos\n<\/h2>\t\t\t\t<\/div>\n\t\t\t\t<\/div>\n\t\t\t\t<div class=\"elementor-element elementor-element-3ff6e526 elementor-widget elementor-widget-text-editor\" data-id=\"3ff6e526\" data-element_type=\"widget\" data-e-type=\"widget\" data-widget_type=\"text-editor.default\">\n\t\t\t\t<div class=\"elementor-widget-container\">\n\t\t\t\t\t\t\t\t\t<p><span style=\"font-weight: 400;\">Si el verano ideal incluye dormir escuchando el mar, la <\/span><b>oferta de alojamientos en Alcudia es muy amplia y variada<\/b><span style=\"font-weight: 400;\">. A lo largo del paseo y el entorno cercano puedes encontrar hoteles, apartahoteles, resorts todo incluido, casas rurales, villas premium y apartamentos tur\u00edsticos para todos los bolsillos.<\/span><\/p><p><span style=\"font-weight: 400;\">La<\/span><b> zona Puerto Deportivo y Ciudad Blanca <\/b><span style=\"font-weight: 400;\">ofrece hoteles de cuatro y cinco estrellas, muchos de ellos con acceso directo a la playa, y con instalaciones con piscina, spa, y animaci\u00f3n diaria para los m\u00e1s peque\u00f1os.<\/span><\/p><p><span style=\"font-weight: 400;\">Por otro lado, en los alrededores de la<\/span><b> Playa de Muro y Can Picafort<\/b><span style=\"font-weight: 400;\">, hay opciones m\u00e1s tranquilas que son ideales para los que buscan desconexi\u00f3n y ambiente de naturaleza. Y para los esp\u00edritus m\u00e1s independientes el <\/span><b>casco viejo de Alcudia <\/b><span style=\"font-weight: 400;\">ofrece pensiones, hostales y apartamentos boutique.<\/span><\/p><p><span style=\"font-weight: 400;\">En temporada alta se recomienda<\/span><b> reservar con antelaci\u00f3n<\/b><span style=\"font-weight: 400;\">, ya que la demanda es potente y los mejores precios pueden volar m\u00e1s r\u00e1pido que un socorrista detr\u00e1s de una sombrilla desatada.<\/span><\/p>\t\t\t\t\t\t\t\t<\/div>\n\t\t\t\t<\/div>\n\t\t\t\t\t<\/div>\n\t\t\t\t<\/div>\n\t\t<div class=\"elementor-element elementor-element-34f5fb9 e-flex e-con-boxed e-con e-parent\" data-id=\"34f5fb9\" data-element_type=\"container\" data-e-type=\"container\">\n\t\t\t\t\t<div class=\"e-con-inner\">\n\t\t\t\t<div class=\"elementor-element elementor-element-adb9c93 elementor-widget elementor-widget-heading\" data-id=\"adb9c93\" data-element_type=\"widget\" data-e-type=\"widget\" data-widget_type=\"heading.default\">\n\t\t\t\t<div class=\"elementor-widget-container\">\n\t\t\t\t\t<h2 class=\"elementor-heading-title elementor-size-default\">Playa de Alcudia con ni\u00f1os: consejos para familias que buscan comodidad<\/h2>\t\t\t\t<\/div>\n\t\t\t\t<\/div>\n\t\t\t\t<div class=\"elementor-element elementor-element-83de8e3 elementor-widget elementor-widget-text-editor\" data-id=\"83de8e3\" data-element_type=\"widget\" data-e-type=\"widget\" data-widget_type=\"text-editor.default\">\n\t\t\t\t<div class=\"elementor-widget-container\">\n\t\t\t\t\t\t\t\t\t<p><span style=\"font-weight: 400;\">La Playa de Alcudia es un sue\u00f1o hecho realidad para los que van con peques, ya que, adem\u00e1s de ser segura para ellos, tiene <\/span><b>aguas poco profundas<\/b><span style=\"font-weight: 400;\"> y cuenta con un fenomenal servicio de socorristas.<\/span><\/p><p><span style=\"font-weight: 400;\">Te aconsejamos que lleves<\/span><b> sombrilla y juguetes a la playa<\/b><span style=\"font-weight: 400;\">, ya que su arena permite hacer unos castillos que convertir\u00e1n a toda la familia en arquitectos profesionales. Tambi\u00e9n te recordamos que hay <\/span><b>parques infantiles cercanos<\/b><span style=\"font-weight: 400;\"> y hay actividades organizadas para que toda la familia disfrute.<\/span><\/p><p><span style=\"font-weight: 400;\">No te olvides de la<\/span><b> crema solar y el gorro<\/b><span style=\"font-weight: 400;\">, ya que el sol en Mallorca va en serio. Y recuerda que las <\/span><b>duchas y ba\u00f1os p\u00fablicos<\/b><span style=\"font-weight: 400;\"> est\u00e1n bien distribuidas para cualquier imprevisto como el de \u201cacabamos de llegar y ya se ha manchado\u201d.<\/span><\/p>\t\t\t\t\t\t\t\t<\/div>\n\t\t\t\t<\/div>\n\t\t\t\t\t<\/div>\n\t\t\t\t<\/div>\n\t\t<div class=\"elementor-element elementor-element-ec577b0 e-flex e-con-boxed e-con e-parent\" data-id=\"ec577b0\" data-element_type=\"container\" data-e-type=\"container\">\n\t\t\t\t\t<div class=\"e-con-inner\">\n\t\t\t\t<div class=\"elementor-element elementor-element-3a701cc elementor-widget elementor-widget-image\" data-id=\"3a701cc\" data-element_type=\"widget\" data-e-type=\"widget\" data-widget_type=\"image.default\">\n\t\t\t\t<div class=\"elementor-widget-container\">\n\t\t\t\t\t\t\t\t\t\t\t\t\t\t\t<img decoding=\"async\" width=\"1255\" height=\"627\" src=\"https:\/\/rentallorca.com\/blog\/wp-content\/uploads\/2025\/10\/Playa-de-alcudia.jpg\" class=\"attachment-full size-full wp-image-2764\" alt=\"Playa-de-alcudia.jpg\" srcset=\"https:\/\/rentallorca.com\/blog\/wp-content\/uploads\/2025\/10\/Playa-de-alcudia.jpg 1255w, https:\/\/rentallorca.com\/blog\/wp-content\/uploads\/2025\/10\/Playa-de-alcudia-300x150.jpg 300w, https:\/\/rentallorca.com\/blog\/wp-content\/uploads\/2025\/10\/Playa-de-alcudia-1024x512.jpg 1024w, https:\/\/rentallorca.com\/blog\/wp-content\/uploads\/2025\/10\/Playa-de-alcudia-768x384.jpg 768w\" sizes=\"(max-width: 1255px) 100vw, 1255px\" \/>\t\t\t\t\t\t\t\t\t\t\t\t\t\t\t<\/div>\n\t\t\t\t<\/div>\n\t\t\t\t\t<\/div>\n\t\t\t\t<\/div>\n\t\t<div class=\"elementor-element elementor-element-b410ec2 e-flex e-con-boxed e-con e-parent\" data-id=\"b410ec2\" data-element_type=\"container\" data-e-type=\"container\">\n\t\t\t\t\t<div class=\"e-con-inner\">\n\t\t\t\t<div class=\"elementor-element elementor-element-b0461cd elementor-widget elementor-widget-heading\" data-id=\"b0461cd\" data-element_type=\"widget\" data-e-type=\"widget\" data-widget_type=\"heading.default\">\n\t\t\t\t<div class=\"elementor-widget-container\">\n\t\t\t\t\t<h2 class=\"elementor-heading-title elementor-size-default\">Si te quedas con ganas de m\u00e1s: otras playas cerca de Alcudia\n<\/h2>\t\t\t\t<\/div>\n\t\t\t\t<\/div>\n\t\t\t\t<div class=\"elementor-element elementor-element-ffba6ff elementor-widget elementor-widget-text-editor\" data-id=\"ffba6ff\" data-element_type=\"widget\" data-e-type=\"widget\" data-widget_type=\"text-editor.default\">\n\t\t\t\t<div class=\"elementor-widget-container\">\n\t\t\t\t\t\t\t\t\t<p><span style=\"font-weight: 400;\">Si quieres cambiar un d\u00eda de ubicaci\u00f3n, <\/span><b>existen otras playas que merecen la pena visitar <\/b><span style=\"font-weight: 400;\">cerca de Alcudia.<\/span><\/p>\t\t\t\t\t\t\t\t<\/div>\n\t\t\t\t<\/div>\n\t\t\t\t\t<\/div>\n\t\t\t\t<\/div>\n\t\t<div class=\"elementor-element elementor-element-f471383 e-flex e-con-boxed e-con e-parent\" data-id=\"f471383\" data-element_type=\"container\" data-e-type=\"container\">\n\t\t\t\t\t<div class=\"e-con-inner\">\n\t\t<div class=\"elementor-element elementor-element-d1da81f e-con-full e-flex e-con e-child\" data-id=\"d1da81f\" data-element_type=\"container\" data-e-type=\"container\">\n\t\t\t\t<div class=\"elementor-element elementor-element-54a0cd5 elementor-widget elementor-widget-heading\" data-id=\"54a0cd5\" data-element_type=\"widget\" data-e-type=\"widget\" data-widget_type=\"heading.default\">\n\t\t\t\t<div class=\"elementor-widget-container\">\n\t\t\t\t\t<h3 class=\"elementor-heading-title elementor-size-default\">Playa de Muro\n<\/h3>\t\t\t\t<\/div>\n\t\t\t\t<\/div>\n\t\t\t\t<div class=\"elementor-element elementor-element-637886b elementor-widget elementor-widget-image\" data-id=\"637886b\" data-element_type=\"widget\" data-e-type=\"widget\" data-widget_type=\"image.default\">\n\t\t\t\t<div class=\"elementor-widget-container\">\n\t\t\t\t\t\t\t\t\t\t\t\t\t\t\t<img decoding=\"async\" src=\"https:\/\/rentallorca.com\/blog\/wp-content\/uploads\/elementor\/thumbs\/playa-del-muro-rd6qwvobk2amrfvvjf6j2ixf0wmf63voc03ny55xgg.jpg\" title=\"Landscape with boardwalk in Platja de Muro, Alcudia\" alt=\"playa-del-muro.jpg\" loading=\"lazy\" \/>\t\t\t\t\t\t\t\t\t\t\t\t\t\t\t<\/div>\n\t\t\t\t<\/div>\n\t\t\t\t<div class=\"elementor-element elementor-element-8ce62ea elementor-widget elementor-widget-text-editor\" data-id=\"8ce62ea\" data-element_type=\"widget\" data-e-type=\"widget\" data-widget_type=\"text-editor.default\">\n\t\t\t\t<div class=\"elementor-widget-container\">\n\t\t\t\t\t\t\t\t\t<p><span style=\"font-weight: 400;\">Justo al final de la playa de Alcudia, Playa de Muro es m\u00e1s tranquila y natural. Ideal para paseos largos, deportes acu\u00e1ticos y <\/span><b>avistamiento de aves<\/b><span style=\"font-weight: 400;\"> en el Parque Natural de s\u2019Albufera, a pocos minutos a pie.<\/span><\/p>\t\t\t\t\t\t\t\t<\/div>\n\t\t\t\t<\/div>\n\t\t\t\t<\/div>\n\t\t<div class=\"elementor-element elementor-element-64cf1a8 e-con-full e-flex e-con e-child\" data-id=\"64cf1a8\" data-element_type=\"container\" data-e-type=\"container\">\n\t\t\t\t<div class=\"elementor-element elementor-element-06cabf9 elementor-widget elementor-widget-heading\" data-id=\"06cabf9\" data-element_type=\"widget\" data-e-type=\"widget\" data-widget_type=\"heading.default\">\n\t\t\t\t<div class=\"elementor-widget-container\">\n\t\t\t\t\t<h3 class=\"elementor-heading-title elementor-size-default\">Cala Poncet y Alcanada\n<\/h3>\t\t\t\t<\/div>\n\t\t\t\t<\/div>\n\t\t\t\t<div class=\"elementor-element elementor-element-11ccd9d elementor-widget elementor-widget-image\" data-id=\"11ccd9d\" data-element_type=\"widget\" data-e-type=\"widget\" data-widget_type=\"image.default\">\n\t\t\t\t<div class=\"elementor-widget-container\">\n\t\t\t\t\t\t\t\t\t\t\t\t\t\t\t<img decoding=\"async\" width=\"724\" height=\"483\" src=\"https:\/\/rentallorca.com\/blog\/wp-content\/uploads\/2025\/10\/Cala-Poncet.jpg\" class=\"attachment-large size-large wp-image-2758\" alt=\"Cala-Poncet.jpg\" srcset=\"https:\/\/rentallorca.com\/blog\/wp-content\/uploads\/2025\/10\/Cala-Poncet.jpg 724w, https:\/\/rentallorca.com\/blog\/wp-content\/uploads\/2025\/10\/Cala-Poncet-300x200.jpg 300w\" sizes=\"(max-width: 724px) 100vw, 724px\" \/>\t\t\t\t\t\t\t\t\t\t\t\t\t\t\t<\/div>\n\t\t\t\t<\/div>\n\t\t\t\t<div class=\"elementor-element elementor-element-47c47e7 elementor-widget elementor-widget-text-editor\" data-id=\"47c47e7\" data-element_type=\"widget\" data-e-type=\"widget\" data-widget_type=\"text-editor.default\">\n\t\t\t\t<div class=\"elementor-widget-container\">\n\t\t\t\t\t\t\t\t\t<p><span style=\"font-weight: 400;\">Son<\/span><b> calas peque\u00f1as<\/b><span style=\"font-weight: 400;\">, de ambiente relajado y rodeadas de naturaleza, perfectas para quienes buscan silencio y un ba\u00f1o alejado del bullicio.<\/span><\/p>\t\t\t\t\t\t\t\t<\/div>\n\t\t\t\t<\/div>\n\t\t\t\t<\/div>\n\t\t<div class=\"elementor-element elementor-element-f0d726b e-con-full e-flex e-con e-child\" data-id=\"f0d726b\" data-element_type=\"container\" data-e-type=\"container\">\n\t\t\t\t<div class=\"elementor-element elementor-element-02cad34 elementor-widget elementor-widget-heading\" data-id=\"02cad34\" data-element_type=\"widget\" data-e-type=\"widget\" data-widget_type=\"heading.default\">\n\t\t\t\t<div class=\"elementor-widget-container\">\n\t\t\t\t\t<h3 class=\"elementor-heading-title elementor-size-default\">Playa de San Joan\n<\/h3>\t\t\t\t<\/div>\n\t\t\t\t<\/div>\n\t\t\t\t<div class=\"elementor-element elementor-element-381f1cb elementor-widget elementor-widget-image\" data-id=\"381f1cb\" data-element_type=\"widget\" data-e-type=\"widget\" data-widget_type=\"image.default\">\n\t\t\t\t<div class=\"elementor-widget-container\">\n\t\t\t\t\t\t\t\t\t\t\t\t\t\t\t<img loading=\"lazy\" decoding=\"async\" width=\"700\" height=\"451\" src=\"https:\/\/rentallorca.com\/blog\/wp-content\/uploads\/2025\/10\/Playa-san-joan-Alcudia.jpg\" class=\"attachment-large size-large wp-image-2761\" alt=\"Playa-san-joan-Alcudia.jpg\" srcset=\"https:\/\/rentallorca.com\/blog\/wp-content\/uploads\/2025\/10\/Playa-san-joan-Alcudia.jpg 700w, https:\/\/rentallorca.com\/blog\/wp-content\/uploads\/2025\/10\/Playa-san-joan-Alcudia-300x193.jpg 300w\" sizes=\"(max-width: 700px) 100vw, 700px\" \/>\t\t\t\t\t\t\t\t\t\t\t\t\t\t\t<\/div>\n\t\t\t\t<\/div>\n\t\t\t\t<div class=\"elementor-element elementor-element-e2a9834 elementor-widget elementor-widget-text-editor\" data-id=\"e2a9834\" data-element_type=\"widget\" data-e-type=\"widget\" data-widget_type=\"text-editor.default\">\n\t\t\t\t<div class=\"elementor-widget-container\">\n\t\t\t\t\t\t\t\t\t<p><span style=\"font-weight: 400;\">A escasos minutos del casco antiguo de Alcudia, ofrece un ambiente m\u00e1s local, <\/span><b>aguas profundas<\/b><span style=\"font-weight: 400;\"> y vistas a la pen\u00ednsula de Victoria.<\/span><\/p>\t\t\t\t\t\t\t\t<\/div>\n\t\t\t\t<\/div>\n\t\t\t\t<\/div>\n\t\t\t\t\t<\/div>\n\t\t\t\t<\/div>\n\t\t<div class=\"elementor-element elementor-element-5e8ac35 e-flex e-con-boxed e-con e-parent\" data-id=\"5e8ac35\" data-element_type=\"container\" data-e-type=\"container\">\n\t\t\t\t\t<div class=\"e-con-inner\">\n\t\t\t\t<div class=\"elementor-element elementor-element-c59f639 elementor-widget elementor-widget-heading\" data-id=\"c59f639\" data-element_type=\"widget\" data-e-type=\"widget\" data-widget_type=\"heading.default\">\n\t\t\t\t<div class=\"elementor-widget-container\">\n\t\t\t\t\t<h2 class=\"elementor-heading-title elementor-size-default\">\u00bfBuscas el plan perfecto en Mallorca? Alcudia es apuesta segura\n<\/h2>\t\t\t\t<\/div>\n\t\t\t\t<\/div>\n\t\t\t\t<div class=\"elementor-element elementor-element-953853d elementor-widget elementor-widget-text-editor\" data-id=\"953853d\" data-element_type=\"widget\" data-e-type=\"widget\" data-widget_type=\"text-editor.default\">\n\t\t\t\t<div class=\"elementor-widget-container\">\n\t\t\t\t\t\t\t\t\t<p><span style=\"font-weight: 400;\">Esta joya del norte mallorqu\u00edn <\/span><b>combina la autenticidad local con lo mejor del turismo familiar<\/b><span style=\"font-weight: 400;\">. Ya sea para un viaje con ni\u00f1os, una escapada rom\u00e1ntica o simplemente para tumbarse y dejarse llevar por el ritmo del mar, Alcudia ser\u00e1 tu mejor aliado.\u00a0<\/span><\/p><p><span style=\"font-weight: 400;\">Eso s\u00ed, nada de esto ser\u00e1 posible si no cuentas con un alojamiento a la altura. En Rentallorca te lo ponemos f\u00e1cil con nuestra amplia oferta de apartamentos en la isla. <\/span><b>\u00a1Date prisa y reserva el tuyo con nosotros antes de que vuelen!<\/b><\/p>\t\t\t\t\t\t\t\t<\/div>\n\t\t\t\t<\/div>\n\t\t\t\t\t<\/div>\n\t\t\t\t<\/div>\n\t\t<div class=\"elementor-element elementor-element-51c987da e-flex e-con-boxed e-con e-parent\" data-id=\"51c987da\" data-element_type=\"container\" data-e-type=\"container\">\n\t\t\t\t\t<div class=\"e-con-inner\">\n\t\t\t\t<div class=\"elementor-element elementor-element-3ac2bc89 elementor-widget elementor-widget-shortcode\" data-id=\"3ac2bc89\" data-element_type=\"widget\" data-e-type=\"widget\" data-widget_type=\"shortcode.default\">\n\t\t\t\t<div class=\"elementor-widget-container\">\n\t\t\t\t\t\t\t<div class=\"elementor-shortcode\">\t\t<div data-elementor-type=\"page\" data-elementor-id=\"169\" class=\"elementor elementor-169\" data-elementor-post-type=\"elementor_library\">\n\t\t\t\t<div class=\"elementor-element elementor-element-3e3fb32 e-flex e-con-boxed e-con e-parent\" data-id=\"3e3fb32\" data-element_type=\"container\" data-e-type=\"container\">\n\t\t\t\t\t<div class=\"e-con-inner\">\n\t\t<div class=\"elementor-element elementor-element-1e7a903 e-con-full e-flex e-con e-child\" data-id=\"1e7a903\" data-element_type=\"container\" data-e-type=\"container\">\n\t\t\t\t<div class=\"elementor-element elementor-element-79f0d3f elementor-align-justify elementor-widget elementor-widget-button\" data-id=\"79f0d3f\" data-element_type=\"widget\" data-e-type=\"widget\" data-widget_type=\"button.default\">\n\t\t\t\t<div class=\"elementor-widget-container\">\n\t\t\t\t\t\t\t\t\t<div class=\"elementor-button-wrapper\">\n\t\t\t\t\t<a class=\"elementor-button elementor-button-link elementor-size-sm\" href=\"https:\/\/rentallorca.com\/alquiler\/alquileres-alcudia-d1098\/\">\n\t\t\t\t\t\t<span class=\"elementor-button-content-wrapper\">\n\t\t\t\t\t\t\t\t\t<span class=\"elementor-button-text\">Alojamientos Alcudia<\/span>\n\t\t\t\t\t<\/span>\n\t\t\t\t\t<\/a>\n\t\t\t\t<\/div>\n\t\t\t\t\t\t\t\t<\/div>\n\t\t\t\t<\/div>\n\t\t\t\t<\/div>\n\t\t<div class=\"elementor-element elementor-element-c5d0b1c e-con-full e-flex e-con e-child\" data-id=\"c5d0b1c\" data-element_type=\"container\" data-e-type=\"container\">\n\t\t\t\t<div class=\"elementor-element elementor-element-c044b9b elementor-align-justify elementor-widget elementor-widget-button\" data-id=\"c044b9b\" data-element_type=\"widget\" data-e-type=\"widget\" data-widget_type=\"button.default\">\n\t\t\t\t<div class=\"elementor-widget-container\">\n\t\t\t\t\t\t\t\t\t<div class=\"elementor-button-wrapper\">\n\t\t\t\t\t<a class=\"elementor-button elementor-button-link elementor-size-sm\" href=\"https:\/\/rentallorca.com\/alquiler\/casas-alcudia-c19d1098\/\">\n\t\t\t\t\t\t<span class=\"elementor-button-content-wrapper\">\n\t\t\t\t\t\t\t\t\t<span class=\"elementor-button-text\">Casas Alcudia<\/span>\n\t\t\t\t\t<\/span>\n\t\t\t\t\t<\/a>\n\t\t\t\t<\/div>\n\t\t\t\t\t\t\t\t<\/div>\n\t\t\t\t<\/div>\n\t\t\t\t<\/div>\n\t\t<div class=\"elementor-element elementor-element-cbd8222 e-con-full e-flex e-con e-child\" data-id=\"cbd8222\" data-element_type=\"container\" data-e-type=\"container\">\n\t\t\t\t<div class=\"elementor-element elementor-element-7287580 elementor-align-justify elementor-widget elementor-widget-button\" data-id=\"7287580\" data-element_type=\"widget\" data-e-type=\"widget\" data-widget_type=\"button.default\">\n\t\t\t\t<div class=\"elementor-widget-container\">\n\t\t\t\t\t\t\t\t\t<div class=\"elementor-button-wrapper\">\n\t\t\t\t\t<a class=\"elementor-button elementor-button-link elementor-size-sm\" href=\"https:\/\/rentallorca.com\/alquiler\/fincas-alcudia-c22d1098\/\">\n\t\t\t\t\t\t<span class=\"elementor-button-content-wrapper\">\n\t\t\t\t\t\t\t\t\t<span class=\"elementor-button-text\">Fincas Alcudia<\/span>\n\t\t\t\t\t<\/span>\n\t\t\t\t\t<\/a>\n\t\t\t\t<\/div>\n\t\t\t\t\t\t\t\t<\/div>\n\t\t\t\t<\/div>\n\t\t\t\t<\/div>\n\t\t\t\t\t<\/div>\n\t\t\t\t<\/div>\n\t\t\t\t<\/div>\n\t\t<\/div>\n\t\t\t\t\t\t<\/div>\n\t\t\t\t<\/div>\n\t\t\t\t\t<\/div>\n\t\t\t\t<\/div>\n\t\t\t\t<\/div>\n\t\t","protected":false},"excerpt":{"rendered":"<p>Hacer una jugada maestra a la hora de seleccionar tu destino de vacaciones no siempre es f\u00e1cil. Requiere planificaci\u00f3n, estar bien informado y, por qu\u00e9 no decirlo, tambi\u00e9n un poco de suerte. Pues bien, en Rentallorca te aseguramos que la Playa de Alcudia puede ser esa jugada maestra que tanto estabas buscando.\u00a0 Aqu\u00ed, la arena [&hellip;]<\/p>\n","protected":false},"author":3,"featured_media":2772,"comment_status":"open","ping_status":"open","sticky":false,"template":"","format":"standard","meta":{"footnotes":""},"categories":[1],"tags":[],"class_list":["post-2732","post","type-post","status-publish","format-standard","has-post-thumbnail","hentry","category-mallorca"],"yoast_head":"<!-- This site is optimized with the Yoast SEO plugin v27.5 - https:\/\/yoast.com\/product\/yoast-seo-wordpress\/ -->\n<title>Conoce l - Blog<\/title>\n<meta name=\"description\" content=\"Rel\u00e1jate en la playa de Alcudia, Mallorca, con aguas cristalinas y servicios ideales para disfrutar.\" \/>\n<meta name=\"robots\" content=\"index, follow, max-snippet:-1, max-image-preview:large, max-video-preview:-1\" \/>\n<link rel=\"canonical\" href=\"https:\/\/rentallorca.com\/blog\/playa-de-alcudia\/\" \/>\n<meta property=\"og:locale\" content=\"es_ES\" \/>\n<meta property=\"og:type\" content=\"article\" \/>\n<meta property=\"og:title\" content=\"Conoce l - Blog\" \/>\n<meta property=\"og:description\" content=\"Rel\u00e1jate en la playa de Alcudia, Mallorca, con aguas cristalinas y servicios ideales para disfrutar.\" \/>\n<meta property=\"og:url\" content=\"https:\/\/rentallorca.com\/blog\/playa-de-alcudia\/\" \/>\n<meta property=\"og:site_name\" content=\"Blog\" \/>\n<meta property=\"article:published_time\" content=\"2025-10-14T08:47:10+00:00\" \/>\n<meta property=\"article:modified_time\" content=\"2025-11-28T07:51:39+00:00\" \/>\n<meta property=\"og:image\" content=\"https:\/\/rentallorca.com\/blog\/wp-content\/uploads\/2025\/10\/Playas-alcudia-scaled.jpg\" \/>\n\t<meta property=\"og:image:width\" content=\"2560\" \/>\n\t<meta property=\"og:image:height\" content=\"853\" \/>\n\t<meta property=\"og:image:type\" content=\"image\/jpeg\" \/>\n<meta name=\"author\" content=\"Axel\" \/>\n<meta name=\"twitter:card\" content=\"summary_large_image\" \/>\n<meta name=\"twitter:label1\" content=\"Written by\" \/>\n\t<meta name=\"twitter:data1\" content=\"Axel\" \/>\n\t<meta name=\"twitter:label2\" content=\"Est. reading time\" \/>\n\t<meta name=\"twitter:data2\" content=\"7 minutes\" \/>\n<script type=\"application\/ld+json\" class=\"yoast-schema-graph\">{\"@context\":\"https:\\\/\\\/schema.org\",\"@graph\":[{\"@type\":\"Article\",\"@id\":\"https:\\\/\\\/rentallorca.com\\\/blog\\\/playa-de-alcudia\\\/#article\",\"isPartOf\":{\"@id\":\"https:\\\/\\\/rentallorca.com\\\/blog\\\/playa-de-alcudia\\\/\"},\"author\":{\"name\":\"Axel\",\"@id\":\"https:\\\/\\\/rentallorca.com\\\/blog\\\/#\\\/schema\\\/person\\\/8c5ebe5bf8d43e9757ab6869e1d4cbe4\"},\"headline\":\"Playa de Alcudia: aguas tranquilas, arena blanca y el mejor plan en el norte de Mallorca\",\"datePublished\":\"2025-10-14T08:47:10+00:00\",\"dateModified\":\"2025-11-28T07:51:39+00:00\",\"mainEntityOfPage\":{\"@id\":\"https:\\\/\\\/rentallorca.com\\\/blog\\\/playa-de-alcudia\\\/\"},\"wordCount\":1095,\"commentCount\":0,\"image\":{\"@id\":\"https:\\\/\\\/rentallorca.com\\\/blog\\\/playa-de-alcudia\\\/#primaryimage\"},\"thumbnailUrl\":\"https:\\\/\\\/rentallorca.com\\\/blog\\\/wp-content\\\/uploads\\\/2025\\\/10\\\/Playas-alcudia-scaled.jpg\",\"articleSection\":[\"Mallorca\"],\"inLanguage\":\"es\",\"potentialAction\":[{\"@type\":\"CommentAction\",\"name\":\"Comment\",\"target\":[\"https:\\\/\\\/rentallorca.com\\\/blog\\\/playa-de-alcudia\\\/#respond\"]}]},{\"@type\":\"WebPage\",\"@id\":\"https:\\\/\\\/rentallorca.com\\\/blog\\\/playa-de-alcudia\\\/\",\"url\":\"https:\\\/\\\/rentallorca.com\\\/blog\\\/playa-de-alcudia\\\/\",\"name\":\"Conoce l - Blog\",\"isPartOf\":{\"@id\":\"https:\\\/\\\/rentallorca.com\\\/blog\\\/#website\"},\"primaryImageOfPage\":{\"@id\":\"https:\\\/\\\/rentallorca.com\\\/blog\\\/playa-de-alcudia\\\/#primaryimage\"},\"image\":{\"@id\":\"https:\\\/\\\/rentallorca.com\\\/blog\\\/playa-de-alcudia\\\/#primaryimage\"},\"thumbnailUrl\":\"https:\\\/\\\/rentallorca.com\\\/blog\\\/wp-content\\\/uploads\\\/2025\\\/10\\\/Playas-alcudia-scaled.jpg\",\"datePublished\":\"2025-10-14T08:47:10+00:00\",\"dateModified\":\"2025-11-28T07:51:39+00:00\",\"author\":{\"@id\":\"https:\\\/\\\/rentallorca.com\\\/blog\\\/#\\\/schema\\\/person\\\/8c5ebe5bf8d43e9757ab6869e1d4cbe4\"},\"description\":\"Rel\u00e1jate en la playa de Alcudia, Mallorca, con aguas cristalinas y servicios ideales para disfrutar.\",\"breadcrumb\":{\"@id\":\"https:\\\/\\\/rentallorca.com\\\/blog\\\/playa-de-alcudia\\\/#breadcrumb\"},\"inLanguage\":\"es\",\"potentialAction\":[{\"@type\":\"ReadAction\",\"target\":[\"https:\\\/\\\/rentallorca.com\\\/blog\\\/playa-de-alcudia\\\/\"]}]},{\"@type\":\"ImageObject\",\"inLanguage\":\"es\",\"@id\":\"https:\\\/\\\/rentallorca.com\\\/blog\\\/playa-de-alcudia\\\/#primaryimage\",\"url\":\"https:\\\/\\\/rentallorca.com\\\/blog\\\/wp-content\\\/uploads\\\/2025\\\/10\\\/Playas-alcudia-scaled.jpg\",\"contentUrl\":\"https:\\\/\\\/rentallorca.com\\\/blog\\\/wp-content\\\/uploads\\\/2025\\\/10\\\/Playas-alcudia-scaled.jpg\",\"width\":2560,\"height\":853,\"caption\":\"\\\"The beach of Alcudia at island of Majorca, Spain.\\\"\"},{\"@type\":\"BreadcrumbList\",\"@id\":\"https:\\\/\\\/rentallorca.com\\\/blog\\\/playa-de-alcudia\\\/#breadcrumb\",\"itemListElement\":[{\"@type\":\"ListItem\",\"position\":1,\"name\":\"Home\",\"item\":\"https:\\\/\\\/rentallorca.com\\\/blog\\\/\"},{\"@type\":\"ListItem\",\"position\":2,\"name\":\"Playa de Alcudia: aguas tranquilas, arena blanca y el mejor plan en el norte de Mallorca\"}]},{\"@type\":\"WebSite\",\"@id\":\"https:\\\/\\\/rentallorca.com\\\/blog\\\/#website\",\"url\":\"https:\\\/\\\/rentallorca.com\\\/blog\\\/\",\"name\":\"Blog\",\"description\":\"Rentallorca\",\"potentialAction\":[{\"@type\":\"SearchAction\",\"target\":{\"@type\":\"EntryPoint\",\"urlTemplate\":\"https:\\\/\\\/rentallorca.com\\\/blog\\\/?s={search_term_string}\"},\"query-input\":{\"@type\":\"PropertyValueSpecification\",\"valueRequired\":true,\"valueName\":\"search_term_string\"}}],\"inLanguage\":\"es\"},{\"@type\":\"Person\",\"@id\":\"https:\\\/\\\/rentallorca.com\\\/blog\\\/#\\\/schema\\\/person\\\/8c5ebe5bf8d43e9757ab6869e1d4cbe4\",\"name\":\"Axel\",\"image\":{\"@type\":\"ImageObject\",\"inLanguage\":\"es\",\"@id\":\"https:\\\/\\\/secure.gravatar.com\\\/avatar\\\/3bd706736e5b70f21f05f6c2d5cad746767782a4ba4b7df399c5969e2a9318fd?s=96&d=mm&r=g\",\"url\":\"https:\\\/\\\/secure.gravatar.com\\\/avatar\\\/3bd706736e5b70f21f05f6c2d5cad746767782a4ba4b7df399c5969e2a9318fd?s=96&d=mm&r=g\",\"contentUrl\":\"https:\\\/\\\/secure.gravatar.com\\\/avatar\\\/3bd706736e5b70f21f05f6c2d5cad746767782a4ba4b7df399c5969e2a9318fd?s=96&d=mm&r=g\",\"caption\":\"Axel\"},\"url\":\"https:\\\/\\\/rentallorca.com\\\/blog\\\/author\\\/axel\\\/\"}]}<\/script>\n<!-- \/ Yoast SEO plugin. -->","yoast_head_json":{"title":"Conoce l - Blog","description":"Rel\u00e1jate en la playa de Alcudia, Mallorca, con aguas cristalinas y servicios ideales para disfrutar.","robots":{"index":"index","follow":"follow","max-snippet":"max-snippet:-1","max-image-preview":"max-image-preview:large","max-video-preview":"max-video-preview:-1"},"canonical":"https:\/\/rentallorca.com\/blog\/playa-de-alcudia\/","og_locale":"es_ES","og_type":"article","og_title":"Conoce l - Blog","og_description":"Rel\u00e1jate en la playa de Alcudia, Mallorca, con aguas cristalinas y servicios ideales para disfrutar.","og_url":"https:\/\/rentallorca.com\/blog\/playa-de-alcudia\/","og_site_name":"Blog","article_published_time":"2025-10-14T08:47:10+00:00","article_modified_time":"2025-11-28T07:51:39+00:00","og_image":[{"width":2560,"height":853,"url":"https:\/\/rentallorca.com\/blog\/wp-content\/uploads\/2025\/10\/Playas-alcudia-scaled.jpg","type":"image\/jpeg"}],"author":"Axel","twitter_card":"summary_large_image","twitter_misc":{"Written by":"Axel","Est. reading time":"7 minutes"},"schema":{"@context":"https:\/\/schema.org","@graph":[{"@type":"Article","@id":"https:\/\/rentallorca.com\/blog\/playa-de-alcudia\/#article","isPartOf":{"@id":"https:\/\/rentallorca.com\/blog\/playa-de-alcudia\/"},"author":{"name":"Axel","@id":"https:\/\/rentallorca.com\/blog\/#\/schema\/person\/8c5ebe5bf8d43e9757ab6869e1d4cbe4"},"headline":"Playa de Alcudia: aguas tranquilas, arena blanca y el mejor plan en el norte de Mallorca","datePublished":"2025-10-14T08:47:10+00:00","dateModified":"2025-11-28T07:51:39+00:00","mainEntityOfPage":{"@id":"https:\/\/rentallorca.com\/blog\/playa-de-alcudia\/"},"wordCount":1095,"commentCount":0,"image":{"@id":"https:\/\/rentallorca.com\/blog\/playa-de-alcudia\/#primaryimage"},"thumbnailUrl":"https:\/\/rentallorca.com\/blog\/wp-content\/uploads\/2025\/10\/Playas-alcudia-scaled.jpg","articleSection":["Mallorca"],"inLanguage":"es","potentialAction":[{"@type":"CommentAction","name":"Comment","target":["https:\/\/rentallorca.com\/blog\/playa-de-alcudia\/#respond"]}]},{"@type":"WebPage","@id":"https:\/\/rentallorca.com\/blog\/playa-de-alcudia\/","url":"https:\/\/rentallorca.com\/blog\/playa-de-alcudia\/","name":"Conoce l - Blog","isPartOf":{"@id":"https:\/\/rentallorca.com\/blog\/#website"},"primaryImageOfPage":{"@id":"https:\/\/rentallorca.com\/blog\/playa-de-alcudia\/#primaryimage"},"image":{"@id":"https:\/\/rentallorca.com\/blog\/playa-de-alcudia\/#primaryimage"},"thumbnailUrl":"https:\/\/rentallorca.com\/blog\/wp-content\/uploads\/2025\/10\/Playas-alcudia-scaled.jpg","datePublished":"2025-10-14T08:47:10+00:00","dateModified":"2025-11-28T07:51:39+00:00","author":{"@id":"https:\/\/rentallorca.com\/blog\/#\/schema\/person\/8c5ebe5bf8d43e9757ab6869e1d4cbe4"},"description":"Rel\u00e1jate en la playa de Alcudia, Mallorca, con aguas cristalinas y servicios ideales para disfrutar.","breadcrumb":{"@id":"https:\/\/rentallorca.com\/blog\/playa-de-alcudia\/#breadcrumb"},"inLanguage":"es","potentialAction":[{"@type":"ReadAction","target":["https:\/\/rentallorca.com\/blog\/playa-de-alcudia\/"]}]},{"@type":"ImageObject","inLanguage":"es","@id":"https:\/\/rentallorca.com\/blog\/playa-de-alcudia\/#primaryimage","url":"https:\/\/rentallorca.com\/blog\/wp-content\/uploads\/2025\/10\/Playas-alcudia-scaled.jpg","contentUrl":"https:\/\/rentallorca.com\/blog\/wp-content\/uploads\/2025\/10\/Playas-alcudia-scaled.jpg","width":2560,"height":853,"caption":"\"The beach of Alcudia at island of Majorca, Spain.\""},{"@type":"BreadcrumbList","@id":"https:\/\/rentallorca.com\/blog\/playa-de-alcudia\/#breadcrumb","itemListElement":[{"@type":"ListItem","position":1,"name":"Home","item":"https:\/\/rentallorca.com\/blog\/"},{"@type":"ListItem","position":2,"name":"Playa de Alcudia: aguas tranquilas, arena blanca y el mejor plan en el norte de Mallorca"}]},{"@type":"WebSite","@id":"https:\/\/rentallorca.com\/blog\/#website","url":"https:\/\/rentallorca.com\/blog\/","name":"Blog","description":"Rentallorca","potentialAction":[{"@type":"SearchAction","target":{"@type":"EntryPoint","urlTemplate":"https:\/\/rentallorca.com\/blog\/?s={search_term_string}"},"query-input":{"@type":"PropertyValueSpecification","valueRequired":true,"valueName":"search_term_string"}}],"inLanguage":"es"},{"@type":"Person","@id":"https:\/\/rentallorca.com\/blog\/#\/schema\/person\/8c5ebe5bf8d43e9757ab6869e1d4cbe4","name":"Axel","image":{"@type":"ImageObject","inLanguage":"es","@id":"https:\/\/secure.gravatar.com\/avatar\/3bd706736e5b70f21f05f6c2d5cad746767782a4ba4b7df399c5969e2a9318fd?s=96&d=mm&r=g","url":"https:\/\/secure.gravatar.com\/avatar\/3bd706736e5b70f21f05f6c2d5cad746767782a4ba4b7df399c5969e2a9318fd?s=96&d=mm&r=g","contentUrl":"https:\/\/secure.gravatar.com\/avatar\/3bd706736e5b70f21f05f6c2d5cad746767782a4ba4b7df399c5969e2a9318fd?s=96&d=mm&r=g","caption":"Axel"},"url":"https:\/\/rentallorca.com\/blog\/author\/axel\/"}]}},"_links":{"self":[{"href":"https:\/\/rentallorca.com\/blog\/wp-json\/wp\/v2\/posts\/2732","targetHints":{"allow":["GET"]}}],"collection":[{"href":"https:\/\/rentallorca.com\/blog\/wp-json\/wp\/v2\/posts"}],"about":[{"href":"https:\/\/rentallorca.com\/blog\/wp-json\/wp\/v2\/types\/post"}],"author":[{"embeddable":true,"href":"https:\/\/rentallorca.com\/blog\/wp-json\/wp\/v2\/users\/3"}],"replies":[{"embeddable":true,"href":"https:\/\/rentallorca.com\/blog\/wp-json\/wp\/v2\/comments?post=2732"}],"version-history":[{"count":14,"href":"https:\/\/rentallorca.com\/blog\/wp-json\/wp\/v2\/posts\/2732\/revisions"}],"predecessor-version":[{"id":3097,"href":"https:\/\/rentallorca.com\/blog\/wp-json\/wp\/v2\/posts\/2732\/revisions\/3097"}],"wp:featuredmedia":[{"embeddable":true,"href":"https:\/\/rentallorca.com\/blog\/wp-json\/wp\/v2\/media\/2772"}],"wp:attachment":[{"href":"https:\/\/rentallorca.com\/blog\/wp-json\/wp\/v2\/media?parent=2732"}],"wp:term":[{"taxonomy":"category","embeddable":true,"href":"https:\/\/rentallorca.com\/blog\/wp-json\/wp\/v2\/categories?post=2732"},{"taxonomy":"post_tag","embeddable":true,"href":"https:\/\/rentallorca.com\/blog\/wp-json\/wp\/v2\/tags?post=2732"}],"curies":[{"name":"wp","href":"https:\/\/api.w.org\/{rel}","templated":true}]}}