{"id":2727,"date":"2025-10-14T08:12:03","date_gmt":"2025-10-14T08:12:03","guid":{"rendered":"https:\/\/rentallorca.com\/blog\/?p=2727"},"modified":"2025-11-28T07:51:36","modified_gmt":"2025-11-28T07:51:36","slug":"rutas-senderismo-montanas-mallorca","status":"publish","type":"post","link":"https:\/\/rentallorca.com\/blog\/rutas-senderismo-montanas-mallorca\/","title":{"rendered":"Monta\u00f1as de Mallorca: rutas, miradores y consejos para tu escapada perfecta"},"content":{"rendered":"\t\t<div data-elementor-type=\"wp-post\" data-elementor-id=\"2727\" class=\"elementor elementor-2727\" data-elementor-post-type=\"post\">\n\t\t\t\t<div class=\"elementor-element elementor-element-397ba17e e-flex e-con-boxed e-con e-parent\" data-id=\"397ba17e\" data-element_type=\"container\" data-e-type=\"container\">\n\t\t\t\t\t<div class=\"e-con-inner\">\n\t\t\t\t<div class=\"elementor-element elementor-element-4e5a84d9 elementor-widget elementor-widget-text-editor\" data-id=\"4e5a84d9\" data-element_type=\"widget\" data-e-type=\"widget\" data-widget_type=\"text-editor.default\">\n\t\t\t\t<div class=\"elementor-widget-container\">\n\t\t\t\t\t\t\t\t\t<p><span style=\"font-weight: 400;\">Somos conscientes de que lo primero que se te pasar\u00eda por la cabeza si te hablamos de Mallorca es la tranquilidad (o la fiesta) de sus playas. Lo que est\u00e1 claro es que el mar jugar\u00eda s\u00ed o tambi\u00e9n un papel protagonista. Pero\u2026 <\/span><b>\u00bfHas o\u00eddo hablar de las incre\u00edbles monta\u00f1as de Mallorca?\u00a0<\/b><\/p><p><span style=\"font-weight: 400;\">Ya seas que te consideres una cabra montesa o un senderista de paseo dominguero, la isla ofrece <\/span><b>rutas, miradores y experiencias que te conectan con esa Mallorca rural<\/b><span style=\"font-weight: 400;\">, natural y panor\u00e1mica que sorprende incluso a los locales m\u00e1s urbanitas. Hoy te hablamos de todas las opciones monta\u00f1eras que tienes a tu disposici\u00f3n en la isla. \u00a1Toma nota!<\/span><\/p>\t\t\t\t\t\t\t\t<\/div>\n\t\t\t\t<\/div>\n\t\t\t\t\t<\/div>\n\t\t\t\t<\/div>\n\t\t<div class=\"elementor-element elementor-element-55062983 e-flex e-con-boxed e-con e-parent\" data-id=\"55062983\" data-element_type=\"container\" data-e-type=\"container\">\n\t\t\t\t\t<div class=\"e-con-inner\">\n\t\t\t\t<div class=\"elementor-element elementor-element-4accb2a elementor-widget elementor-widget-table-of-contents\" data-id=\"4accb2a\" data-element_type=\"widget\" data-e-type=\"widget\" data-settings=\"{&quot;headings_by_tags&quot;:[&quot;h2&quot;],&quot;exclude_headings_by_selector&quot;:[],&quot;marker_view&quot;:&quot;bullets&quot;,&quot;icon&quot;:{&quot;value&quot;:&quot;&quot;,&quot;library&quot;:&quot;&quot;},&quot;no_headings_message&quot;:&quot;No headings were found on this page.&quot;,&quot;hierarchical_view&quot;:&quot;yes&quot;,&quot;min_height&quot;:{&quot;unit&quot;:&quot;px&quot;,&quot;size&quot;:&quot;&quot;,&quot;sizes&quot;:[]},&quot;min_height_tablet&quot;:{&quot;unit&quot;:&quot;px&quot;,&quot;size&quot;:&quot;&quot;,&quot;sizes&quot;:[]},&quot;min_height_mobile&quot;:{&quot;unit&quot;:&quot;px&quot;,&quot;size&quot;:&quot;&quot;,&quot;sizes&quot;:[]}}\" data-widget_type=\"table-of-contents.default\">\n\t\t\t\t<div class=\"elementor-widget-container\">\n\t\t\t\t\t\t\t\t\t<div class=\"elementor-toc__header\">\n\t\t\t\t\t\t<div class=\"elementor-toc__header-title\">\n\t\t\t\tContenidos\t\t\t<\/div>\n\t\t\t\t\t\t\t\t<\/div>\n\t\t\t\t<div id=\"elementor-toc__4accb2a\" class=\"elementor-toc__body\">\n\t\t\t<div class=\"elementor-toc__spinner-container\">\n\t\t\t\t<svg class=\"elementor-toc__spinner eicon-animation-spin e-font-icon-svg e-eicon-loading\" aria-hidden=\"true\" viewBox=\"0 0 1000 1000\" xmlns=\"http:\/\/www.w3.org\/2000\/svg\"><path d=\"M500 975V858C696 858 858 696 858 500S696 142 500 142 142 304 142 500H25C25 237 238 25 500 25S975 237 975 500 763 975 500 975Z\"><\/path><\/svg>\t\t\t<\/div>\n\t\t<\/div>\n\t\t\t\t\t\t<\/div>\n\t\t\t\t<\/div>\n\t\t\t\t\t<\/div>\n\t\t\t\t<\/div>\n\t\t<div class=\"elementor-element elementor-element-97ed10c e-flex e-con-boxed e-con e-parent\" data-id=\"97ed10c\" data-element_type=\"container\" data-e-type=\"container\">\n\t\t\t\t\t<div class=\"e-con-inner\">\n\t\t\t\t<div class=\"elementor-element elementor-element-1405c427 elementor-widget elementor-widget-heading\" data-id=\"1405c427\" data-element_type=\"widget\" data-e-type=\"widget\" data-widget_type=\"heading.default\">\n\t\t\t\t<div class=\"elementor-widget-container\">\n\t\t\t\t\t<h2 class=\"elementor-heading-title elementor-size-default\">La cara menos conocida (y m\u00e1s impresionante) de Mallorca: sus monta\u00f1as\n<\/h2>\t\t\t\t<\/div>\n\t\t\t\t<\/div>\n\t\t\t\t<div class=\"elementor-element elementor-element-5a62a65e elementor-widget elementor-widget-text-editor\" data-id=\"5a62a65e\" data-element_type=\"widget\" data-e-type=\"widget\" data-widget_type=\"text-editor.default\">\n\t\t\t\t<div class=\"elementor-widget-container\">\n\t\t\t\t\t\t\t\t\t<p><span style=\"font-weight: 400;\">Cuando se piensa en Mallorca enseguida asoman im\u00e1genes de sombrillas, chiringuitos y playas concurridas. Pero tras la postal costera se levanta la <\/span><b>Sierra de Tramuntana<\/b><span style=\"font-weight: 400;\">, una cordillera declarada<\/span><b> Patrimonio Mundial por la UNESCO<\/b><span style=\"font-weight: 400;\"> y que ocupa toda la franja norte de la isla.<\/span><\/p><p><span style=\"font-weight: 400;\">Sus picos se elevan como titanes y ofrecen una Mallorca de caminos empedrados, olivares centenarios, barrancos profundos y <\/span><b>pueblos detenidos en el tiempo <\/b><span style=\"font-weight: 400;\">como Dei\u00e0, Valldemossa o Fornalutx.<\/span><\/p><p><span style=\"font-weight: 400;\">Las monta\u00f1as mallorquinas guardan historias de pastores, leyendas moriscas y hasta refugios de bandoleros. Cada ruta es una puerta a otro tiempo y, claramente, a <\/span><b>vistas espectaculares<\/b><span style=\"font-weight: 400;\">. Olvida el clich\u00e9 de que Mallorca es solo playa, porque aqu\u00ed encontrar\u00e1s la prueba.<\/span><\/p>\t\t\t\t\t\t\t\t<\/div>\n\t\t\t\t<\/div>\n\t\t\t\t\t<\/div>\n\t\t\t\t<\/div>\n\t\t<div class=\"elementor-element elementor-element-272d13f e-flex e-con-boxed e-con e-parent\" data-id=\"272d13f\" data-element_type=\"container\" data-e-type=\"container\">\n\t\t\t\t\t<div class=\"e-con-inner\">\n\t\t\t\t<div class=\"elementor-element elementor-element-15ad797 elementor-widget elementor-widget-image\" data-id=\"15ad797\" data-element_type=\"widget\" data-e-type=\"widget\" data-widget_type=\"image.default\">\n\t\t\t\t<div class=\"elementor-widget-container\">\n\t\t\t\t\t\t\t\t\t\t\t\t\t\t\t<img fetchpriority=\"high\" decoding=\"async\" width=\"1224\" height=\"612\" src=\"https:\/\/rentallorca.com\/blog\/wp-content\/uploads\/2025\/10\/senderismo-en-mallorca.jpg\" class=\"attachment-full size-full wp-image-2737\" alt=\"senderismo-en-mallorca.jpg\" srcset=\"https:\/\/rentallorca.com\/blog\/wp-content\/uploads\/2025\/10\/senderismo-en-mallorca.jpg 1224w, https:\/\/rentallorca.com\/blog\/wp-content\/uploads\/2025\/10\/senderismo-en-mallorca-300x150.jpg 300w, https:\/\/rentallorca.com\/blog\/wp-content\/uploads\/2025\/10\/senderismo-en-mallorca-1024x512.jpg 1024w, https:\/\/rentallorca.com\/blog\/wp-content\/uploads\/2025\/10\/senderismo-en-mallorca-768x384.jpg 768w\" sizes=\"(max-width: 1224px) 100vw, 1224px\" \/>\t\t\t\t\t\t\t\t\t\t\t\t\t\t\t<\/div>\n\t\t\t\t<\/div>\n\t\t\t\t\t<\/div>\n\t\t\t\t<\/div>\n\t\t<div class=\"elementor-element elementor-element-06eb86b e-flex e-con-boxed e-con e-parent\" data-id=\"06eb86b\" data-element_type=\"container\" data-e-type=\"container\">\n\t\t\t\t\t<div class=\"e-con-inner\">\n\t\t\t\t<div class=\"elementor-element elementor-element-9d490a9 elementor-widget elementor-widget-heading\" data-id=\"9d490a9\" data-element_type=\"widget\" data-e-type=\"widget\" data-widget_type=\"heading.default\">\n\t\t\t\t<div class=\"elementor-widget-container\">\n\t\t\t\t\t<h2 class=\"elementor-heading-title elementor-size-default\">Las monta\u00f1as m\u00e1s altas de Mallorca y sus rutas m\u00e1s populares\n<\/h2>\t\t\t\t<\/div>\n\t\t\t\t<\/div>\n\t\t\t\t<div class=\"elementor-element elementor-element-8489203 elementor-widget elementor-widget-text-editor\" data-id=\"8489203\" data-element_type=\"widget\" data-e-type=\"widget\" data-widget_type=\"text-editor.default\">\n\t\t\t\t<div class=\"elementor-widget-container\">\n\t\t\t\t\t\t\t\t\t<p><span style=\"font-weight: 400;\">Mallorca est\u00e1<\/span><b> llena de rutas por senderos y monta\u00f1as<\/b><span style=\"font-weight: 400;\"> que har\u00e1n que est\u00e9s rodeado de naturaleza y unas vistas inmejorables.<\/span><\/p>\t\t\t\t\t\t\t\t<\/div>\n\t\t\t\t<\/div>\n\t\t\t\t\t<\/div>\n\t\t\t\t<\/div>\n\t\t<div class=\"elementor-element elementor-element-f5a2d21 e-flex e-con-boxed e-con e-parent\" data-id=\"f5a2d21\" data-element_type=\"container\" data-e-type=\"container\">\n\t\t\t\t\t<div class=\"e-con-inner\">\n\t\t<div class=\"elementor-element elementor-element-471f116 e-con-full e-flex e-con e-child\" data-id=\"471f116\" data-element_type=\"container\" data-e-type=\"container\">\n\t\t\t\t<div class=\"elementor-element elementor-element-3b3fc650 elementor-widget elementor-widget-heading\" data-id=\"3b3fc650\" data-element_type=\"widget\" data-e-type=\"widget\" data-widget_type=\"heading.default\">\n\t\t\t\t<div class=\"elementor-widget-container\">\n\t\t\t\t\t<h3 class=\"elementor-heading-title elementor-size-default\">La ruta de Puig Major<\/h3>\t\t\t\t<\/div>\n\t\t\t\t<\/div>\n\t\t\t\t<div class=\"elementor-element elementor-element-64e8b6fc elementor-widget elementor-widget-text-editor\" data-id=\"64e8b6fc\" data-element_type=\"widget\" data-e-type=\"widget\" data-widget_type=\"text-editor.default\">\n\t\t\t\t<div class=\"elementor-widget-container\">\n\t\t\t\t\t\t\t\t\t<p><span style=\"font-weight: 400;\">Una ruta de 1.447 metros y considerada el techo de Mallorca. En su cima encontrar\u00e1s <\/span><b>instalaciones militares<\/b><span style=\"font-weight: 400;\"> que no permiten el acceso al p\u00fablico, pero tranquilo porque las rutas circundantes y el entorno siguen siendo espectaculares, sobre todo el <\/span><b>\u00e1rea del embalse de C\u00faber y el Gorg Blau<\/b><span style=\"font-weight: 400;\">.<\/span><\/p>\t\t\t\t\t\t\t\t<\/div>\n\t\t\t\t<\/div>\n\t\t\t\t<\/div>\n\t\t<div class=\"elementor-element elementor-element-b8dff41 e-con-full e-flex e-con e-child\" data-id=\"b8dff41\" data-element_type=\"container\" data-e-type=\"container\">\n\t\t\t\t<div class=\"elementor-element elementor-element-caa38c8 elementor-widget elementor-widget-heading\" data-id=\"caa38c8\" data-element_type=\"widget\" data-e-type=\"widget\" data-widget_type=\"heading.default\">\n\t\t\t\t<div class=\"elementor-widget-container\">\n\t\t\t\t\t<h3 class=\"elementor-heading-title elementor-size-default\">La ruta de Puig de Massanella\n<\/h3>\t\t\t\t<\/div>\n\t\t\t\t<\/div>\n\t\t\t\t<div class=\"elementor-element elementor-element-1661414 elementor-widget elementor-widget-text-editor\" data-id=\"1661414\" data-element_type=\"widget\" data-e-type=\"widget\" data-widget_type=\"text-editor.default\">\n\t\t\t\t<div class=\"elementor-widget-container\">\n\t\t\t\t\t\t\t\t\t<p><span style=\"font-weight: 400;\">Su ruta<\/span><b> partiendo del Lluc<\/b><span style=\"font-weight: 400;\">, recorre 1.365 metros por los que atraviesas bosques de encinas, antiguos pozos de nieve y zonas agrestes. Al llegar a su cima, te encontrar\u00e1s con unas <\/span><b>vistas a toda la isla<\/b><span style=\"font-weight: 400;\"> y al otro lado el mar, por eso es considerada la cumbre estrella para los senderistas.<\/span><\/p>\t\t\t\t\t\t\t\t<\/div>\n\t\t\t\t<\/div>\n\t\t\t\t<\/div>\n\t\t\t\t\t<\/div>\n\t\t\t\t<\/div>\n\t\t<div class=\"elementor-element elementor-element-aa66afb e-flex e-con-boxed e-con e-parent\" data-id=\"aa66afb\" data-element_type=\"container\" data-e-type=\"container\">\n\t\t\t\t\t<div class=\"e-con-inner\">\n\t\t<div class=\"elementor-element elementor-element-024cc24 e-con-full e-flex e-con e-child\" data-id=\"024cc24\" data-element_type=\"container\" data-e-type=\"container\">\n\t\t\t\t<div class=\"elementor-element elementor-element-219f43e elementor-widget elementor-widget-heading\" data-id=\"219f43e\" data-element_type=\"widget\" data-e-type=\"widget\" data-widget_type=\"heading.default\">\n\t\t\t\t<div class=\"elementor-widget-container\">\n\t\t\t\t\t<h3 class=\"elementor-heading-title elementor-size-default\">La ruta de Puig de Galatz\u00f3\n<\/h3>\t\t\t\t<\/div>\n\t\t\t\t<\/div>\n\t\t\t\t<div class=\"elementor-element elementor-element-8dcdb71 elementor-widget elementor-widget-text-editor\" data-id=\"8dcdb71\" data-element_type=\"widget\" data-e-type=\"widget\" data-widget_type=\"text-editor.default\">\n\t\t\t\t<div class=\"elementor-widget-container\">\n\t\t\t\t\t\t\t\t\t<p><span style=\"font-weight: 400;\">Una monta\u00f1a emblem\u00e1tica del suroeste, con<\/span><b> accesos desde Estellencs y Es Capdell\u00e0<\/b><span style=\"font-weight: 400;\"> te har\u00e1n recorrer 1.026 metros. Se considera una <\/span><b>ruta exigente<\/b><span style=\"font-weight: 400;\">, pero que merece la pena porque las panor\u00e1micas har\u00e1n que te quedes con la boca abierta.<\/span><\/p>\t\t\t\t\t\t\t\t<\/div>\n\t\t\t\t<\/div>\n\t\t\t\t<\/div>\n\t\t<div class=\"elementor-element elementor-element-e2116e9 e-con-full e-flex e-con e-child\" data-id=\"e2116e9\" data-element_type=\"container\" data-e-type=\"container\">\n\t\t\t\t<div class=\"elementor-element elementor-element-4617c81 elementor-widget elementor-widget-heading\" data-id=\"4617c81\" data-element_type=\"widget\" data-e-type=\"widget\" data-widget_type=\"heading.default\">\n\t\t\t\t<div class=\"elementor-widget-container\">\n\t\t\t\t\t<h3 class=\"elementor-heading-title elementor-size-default\">La ruta de Tossals Verds\n<\/h3>\t\t\t\t<\/div>\n\t\t\t\t<\/div>\n\t\t\t\t<div class=\"elementor-element elementor-element-3bb7090 elementor-widget elementor-widget-text-editor\" data-id=\"3bb7090\" data-element_type=\"widget\" data-e-type=\"widget\" data-widget_type=\"text-editor.default\">\n\t\t\t\t<div class=\"elementor-widget-container\">\n\t\t\t\t\t\t\t\t\t<p><span style=\"font-weight: 400;\">Esta ruta, con 1.115 metros, es ideal <\/span><b>para los m\u00e1s aventureros<\/b><span style=\"font-weight: 400;\">, ya que se recomienda pernoctar en un refugio, entre prados o en balmas de piedra.<\/span><\/p>\t\t\t\t\t\t\t\t<\/div>\n\t\t\t\t<\/div>\n\t\t\t\t<\/div>\n\t\t<div class=\"elementor-element elementor-element-a5ac90a e-con-full e-flex e-con e-child\" data-id=\"a5ac90a\" data-element_type=\"container\" data-e-type=\"container\">\n\t\t\t\t<div class=\"elementor-element elementor-element-ea3d4ac elementor-widget elementor-widget-heading\" data-id=\"ea3d4ac\" data-element_type=\"widget\" data-e-type=\"widget\" data-widget_type=\"heading.default\">\n\t\t\t\t<div class=\"elementor-widget-container\">\n\t\t\t\t\t<h3 class=\"elementor-heading-title elementor-size-default\">La ruta de Puig des Teix\n<\/h3>\t\t\t\t<\/div>\n\t\t\t\t<\/div>\n\t\t\t\t<div class=\"elementor-element elementor-element-8ab7028 elementor-widget elementor-widget-text-editor\" data-id=\"8ab7028\" data-element_type=\"widget\" data-e-type=\"widget\" data-widget_type=\"text-editor.default\">\n\t\t\t\t<div class=\"elementor-widget-container\">\n\t\t\t\t\t\t\t\t\t<p><span style=\"font-weight: 400;\">Se trata de llegar a la<\/span><b> cima de Valldemossa<\/b><span style=\"font-weight: 400;\">, a 1.064 metros, donde, desde su cumbre podr\u00e1s observar las vistas al Mediterr\u00e1neo que queda a tus pies y a la sierra.<\/span><\/p>\t\t\t\t\t\t\t\t<\/div>\n\t\t\t\t<\/div>\n\t\t\t\t<\/div>\n\t\t\t\t\t<\/div>\n\t\t\t\t<\/div>\n\t\t<div class=\"elementor-element elementor-element-0abf9a1 e-flex e-con-boxed e-con e-parent\" data-id=\"0abf9a1\" data-element_type=\"container\" data-e-type=\"container\">\n\t\t\t\t\t<div class=\"e-con-inner\">\n\t\t\t\t<div class=\"elementor-element elementor-element-7b343a6 elementor-widget elementor-widget-image\" data-id=\"7b343a6\" data-element_type=\"widget\" data-e-type=\"widget\" data-widget_type=\"image.default\">\n\t\t\t\t<div class=\"elementor-widget-container\">\n\t\t\t\t\t\t\t\t\t\t\t\t\t\t\t<img decoding=\"async\" width=\"1254\" height=\"626\" src=\"https:\/\/rentallorca.com\/blog\/wp-content\/uploads\/2025\/10\/Senderismo-mallorca.jpg\" class=\"attachment-full size-full wp-image-2740\" alt=\"Senderismo-mallorca-monta\u00f1a\" srcset=\"https:\/\/rentallorca.com\/blog\/wp-content\/uploads\/2025\/10\/Senderismo-mallorca.jpg 1254w, https:\/\/rentallorca.com\/blog\/wp-content\/uploads\/2025\/10\/Senderismo-mallorca-300x150.jpg 300w, https:\/\/rentallorca.com\/blog\/wp-content\/uploads\/2025\/10\/Senderismo-mallorca-1024x511.jpg 1024w, https:\/\/rentallorca.com\/blog\/wp-content\/uploads\/2025\/10\/Senderismo-mallorca-768x383.jpg 768w\" sizes=\"(max-width: 1254px) 100vw, 1254px\" \/>\t\t\t\t\t\t\t\t\t\t\t\t\t\t\t<\/div>\n\t\t\t\t<\/div>\n\t\t\t\t\t<\/div>\n\t\t\t\t<\/div>\n\t\t<div class=\"elementor-element elementor-element-7020de41 e-flex e-con-boxed e-con e-parent\" data-id=\"7020de41\" data-element_type=\"container\" data-e-type=\"container\">\n\t\t\t\t\t<div class=\"e-con-inner\">\n\t\t\t\t<div class=\"elementor-element elementor-element-4e26abf4 elementor-widget elementor-widget-heading\" data-id=\"4e26abf4\" data-element_type=\"widget\" data-e-type=\"widget\" data-widget_type=\"heading.default\">\n\t\t\t\t<div class=\"elementor-widget-container\">\n\t\t\t\t\t<h2 class=\"elementor-heading-title elementor-size-default\">3 excursiones por monta\u00f1a en Mallorca que no te puedes perder\n<\/h2>\t\t\t\t<\/div>\n\t\t\t\t<\/div>\n\t\t\t\t<div class=\"elementor-element elementor-element-46cbfd3d elementor-widget elementor-widget-text-editor\" data-id=\"46cbfd3d\" data-element_type=\"widget\" data-e-type=\"widget\" data-widget_type=\"text-editor.default\">\n\t\t\t\t<div class=\"elementor-widget-container\">\n\t\t\t\t\t\t\t\t\t<p><span style=\"font-weight: 400;\">La isla tambi\u00e9n ofrece <\/span><b>excursiones que son imprescindibles <\/b><span style=\"font-weight: 400;\">para poder disfrutar de la isla al completo.<\/span><\/p>\t\t\t\t\t\t\t\t<\/div>\n\t\t\t\t<\/div>\n\t\t\t\t\t<\/div>\n\t\t\t\t<\/div>\n\t\t<div class=\"elementor-element elementor-element-7147f12 e-flex e-con-boxed e-con e-parent\" data-id=\"7147f12\" data-element_type=\"container\" data-e-type=\"container\">\n\t\t\t\t\t<div class=\"e-con-inner\">\n\t\t<div class=\"elementor-element elementor-element-e4b3d09 e-con-full e-flex e-con e-child\" data-id=\"e4b3d09\" data-element_type=\"container\" data-e-type=\"container\">\n\t\t\t\t<div class=\"elementor-element elementor-element-7d791a6 elementor-widget elementor-widget-heading\" data-id=\"7d791a6\" data-element_type=\"widget\" data-e-type=\"widget\" data-widget_type=\"heading.default\">\n\t\t\t\t<div class=\"elementor-widget-container\">\n\t\t\t\t\t<h3 class=\"elementor-heading-title elementor-size-default\">Torrent de Paris a Sa calobra<\/h3>\t\t\t\t<\/div>\n\t\t\t\t<\/div>\n\t\t\t\t<div class=\"elementor-element elementor-element-8241cfe elementor-widget elementor-widget-text-editor\" data-id=\"8241cfe\" data-element_type=\"widget\" data-e-type=\"widget\" data-widget_type=\"text-editor.default\">\n\t\t\t\t<div class=\"elementor-widget-container\">\n\t\t\t\t\t\t\t\t\t<p><span style=\"font-weight: 400;\">Atravesar este ca\u00f1\u00f3n es el Everest mallorqu\u00edn, ya que se trata de una<\/span><b> ruta rocosa<\/b><span style=\"font-weight: 400;\">, con pasos t\u00e9cnicos pero vistas insuperables. Adem\u00e1s, el<\/span><b> ca\u00f1\u00f3n desemboca en Sa Calobra<\/b><span style=\"font-weight: 400;\">, cala recogida entre acantilados que te recompensa con un ba\u00f1o de los que no se olvidan.<\/span><\/p>\t\t\t\t\t\t\t\t<\/div>\n\t\t\t\t<\/div>\n\t\t\t\t<\/div>\n\t\t<div class=\"elementor-element elementor-element-75f961c e-con-full e-flex e-con e-child\" data-id=\"75f961c\" data-element_type=\"container\" data-e-type=\"container\">\n\t\t\t\t<div class=\"elementor-element elementor-element-743019c elementor-widget elementor-widget-heading\" data-id=\"743019c\" data-element_type=\"widget\" data-e-type=\"widget\" data-widget_type=\"heading.default\">\n\t\t\t\t<div class=\"elementor-widget-container\">\n\t\t\t\t\t<h3 class=\"elementor-heading-title elementor-size-default\">Ruta de Pedra Sec (GR-221)\n<\/h3>\t\t\t\t<\/div>\n\t\t\t\t<\/div>\n\t\t\t\t<div class=\"elementor-element elementor-element-ab15d7b elementor-widget elementor-widget-text-editor\" data-id=\"ab15d7b\" data-element_type=\"widget\" data-e-type=\"widget\" data-widget_type=\"text-editor.default\">\n\t\t\t\t<div class=\"elementor-widget-container\">\n\t\t\t\t\t\t\t\t\t<p><span style=\"font-weight: 400;\">Consiste en un sendero de gran recorrido que une<\/span><b> varios pueblos de la Tramuntana<\/b><span style=\"font-weight: 400;\">, cruza antiguos caminos de piedra seca, bancales y refugios tradicionales. Si no quieres hacerlo entero, puedes <\/span><b>seleccionar solo una etapa<\/b><span style=\"font-weight: 400;\"> y as\u00ed poder vivir la esencia de la sierra mallorquina.<\/span><\/p>\t\t\t\t\t\t\t\t<\/div>\n\t\t\t\t<\/div>\n\t\t\t\t<\/div>\n\t\t<div class=\"elementor-element elementor-element-84b6865 e-con-full e-flex e-con e-child\" data-id=\"84b6865\" data-element_type=\"container\" data-e-type=\"container\">\n\t\t\t\t<div class=\"elementor-element elementor-element-8e4b8e8 elementor-widget elementor-widget-heading\" data-id=\"8e4b8e8\" data-element_type=\"widget\" data-e-type=\"widget\" data-widget_type=\"heading.default\">\n\t\t\t\t<div class=\"elementor-widget-container\">\n\t\t\t\t\t<h3 class=\"elementor-heading-title elementor-size-default\">Ruta del Cam\u00ed de s\u2019Arxiduc\n<\/h3>\t\t\t\t<\/div>\n\t\t\t\t<\/div>\n\t\t\t\t<div class=\"elementor-element elementor-element-28e4834 elementor-widget elementor-widget-text-editor\" data-id=\"28e4834\" data-element_type=\"widget\" data-e-type=\"widget\" data-widget_type=\"text-editor.default\">\n\t\t\t\t<div class=\"elementor-widget-container\">\n\t\t\t\t\t\t\t\t\t<p><span style=\"font-weight: 400;\">Se trata de un itinerario cl\u00e1sico que atraviesa la zona de Valldemossa y llega hasta el <\/span><b>mirador de s\u2019Arxiduc<\/b><span style=\"font-weight: 400;\">, a 940 metros de altura. Esta ruta recorre antiguas <\/span><b>sendas de piedra <\/b><span style=\"font-weight: 400;\">construidas por el archiduque Luis Salvador de Austria y ofrece unas vistas espectaculares.<\/span><\/p>\t\t\t\t\t\t\t\t<\/div>\n\t\t\t\t<\/div>\n\t\t\t\t<\/div>\n\t\t\t\t\t<\/div>\n\t\t\t\t<\/div>\n\t\t<div class=\"elementor-element elementor-element-058bfec e-flex e-con-boxed e-con e-parent\" data-id=\"058bfec\" data-element_type=\"container\" data-e-type=\"container\">\n\t\t\t\t\t<div class=\"e-con-inner\">\n\t\t\t\t<div class=\"elementor-element elementor-element-af68e49 elementor-widget elementor-widget-image\" data-id=\"af68e49\" data-element_type=\"widget\" data-e-type=\"widget\" data-widget_type=\"image.default\">\n\t\t\t\t<div class=\"elementor-widget-container\">\n\t\t\t\t\t\t\t\t\t\t\t\t\t\t\t<img decoding=\"async\" width=\"1258\" height=\"629\" src=\"https:\/\/rentallorca.com\/blog\/wp-content\/uploads\/2025\/10\/tramuntana-mallorca.jpg\" class=\"attachment-full size-full wp-image-2746\" alt=\"monta\u00f1a-tramuntana-mallorca.jpg\" srcset=\"https:\/\/rentallorca.com\/blog\/wp-content\/uploads\/2025\/10\/tramuntana-mallorca.jpg 1258w, https:\/\/rentallorca.com\/blog\/wp-content\/uploads\/2025\/10\/tramuntana-mallorca-300x150.jpg 300w, https:\/\/rentallorca.com\/blog\/wp-content\/uploads\/2025\/10\/tramuntana-mallorca-1024x512.jpg 1024w, https:\/\/rentallorca.com\/blog\/wp-content\/uploads\/2025\/10\/tramuntana-mallorca-768x384.jpg 768w\" sizes=\"(max-width: 1258px) 100vw, 1258px\" \/>\t\t\t\t\t\t\t\t\t\t\t\t\t\t\t<\/div>\n\t\t\t\t<\/div>\n\t\t\t\t<div class=\"elementor-element elementor-element-14ae453 elementor-widget elementor-widget-html\" data-id=\"14ae453\" data-element_type=\"widget\" data-e-type=\"widget\" data-widget_type=\"html.default\">\n\t\t\t\t<div class=\"elementor-widget-container\">\n\t\t\t\t\t<iframe src=\"https:\/\/www.google.com\/maps\/d\/u\/0\/embed?mid=1PEO88glhxCaHDQ2jCAFwBu4wctxK4sc&ehbc=2E312F&noprof=1\" width=\"640\" height=\"480\"><\/iframe>\t\t\t\t<\/div>\n\t\t\t\t<\/div>\n\t\t\t\t\t<\/div>\n\t\t\t\t<\/div>\n\t\t<div class=\"elementor-element elementor-element-d6d1342 e-flex e-con-boxed e-con e-parent\" data-id=\"d6d1342\" data-element_type=\"container\" data-e-type=\"container\">\n\t\t\t\t\t<div class=\"e-con-inner\">\n\t\t\t\t<div class=\"elementor-element elementor-element-d46d2cd elementor-widget elementor-widget-heading\" data-id=\"d46d2cd\" data-element_type=\"widget\" data-e-type=\"widget\" data-widget_type=\"heading.default\">\n\t\t\t\t<div class=\"elementor-widget-container\">\n\t\t\t\t\t<h2 class=\"elementor-heading-title elementor-size-default\">Senderismo en Mallorca: consejos para caminar seguro y sin imprevistos\n<\/h2>\t\t\t\t<\/div>\n\t\t\t\t<\/div>\n\t\t\t\t<div class=\"elementor-element elementor-element-6dbe9cd elementor-widget elementor-widget-text-editor\" data-id=\"6dbe9cd\" data-element_type=\"widget\" data-e-type=\"widget\" data-widget_type=\"text-editor.default\">\n\t\t\t\t<div class=\"elementor-widget-container\">\n\t\t\t\t\t\t\t\t\t<p><span style=\"font-weight: 400;\">Mientras subes o bajas, <\/span><b>los paisajes invitan a quedarte embobado<\/b><span style=\"font-weight: 400;\">, pero la monta\u00f1a es exigente y conviene tomar ciertas precauciones.<\/span><\/p><p><span style=\"font-weight: 400;\">Tienes que <\/span><b>evaluar tu propio nivel f\u00edsico<\/b><span style=\"font-weight: 400;\"> y el del grupo, ya que empezar por las rutas m\u00e1s t\u00e9cnicas si eres novato no es del todo recomendable. Adem\u00e1s, te aconsejamos <\/span><b>consultar la previsi\u00f3n meteorol\u00f3gica<\/b><span style=\"font-weight: 400;\">, ya que en verano hay riesgo serio de sufrir un golpe de calor.<\/span><\/p><p><span style=\"font-weight: 400;\">Te recomendamos que lleves suficiente<\/span><b> agua, snack y fruta deshidratada<\/b><span style=\"font-weight: 400;\"> para reponer fuerzas, y que adem\u00e1s<\/span><b> avises a alguien <\/b><span style=\"font-weight: 400;\">sobre que hora estimas terminar la ruta, porque no queremos que te pierdas.<\/span><\/p>\t\t\t\t\t\t\t\t<\/div>\n\t\t\t\t<\/div>\n\t\t\t\t\t<\/div>\n\t\t\t\t<\/div>\n\t\t<div class=\"elementor-element elementor-element-b538c82 e-flex e-con-boxed e-con e-parent\" data-id=\"b538c82\" data-element_type=\"container\" data-e-type=\"container\">\n\t\t\t\t\t<div class=\"e-con-inner\">\n\t\t\t\t<div class=\"elementor-element elementor-element-fd423c3 elementor-widget elementor-widget-heading\" data-id=\"fd423c3\" data-element_type=\"widget\" data-e-type=\"widget\" data-widget_type=\"heading.default\">\n\t\t\t\t<div class=\"elementor-widget-container\">\n\t\t\t\t\t<h2 class=\"elementor-heading-title elementor-size-default\">Qu\u00e9 llevar en tu ruta por la Serra de Tramuntana (y qu\u00e9 dejar en casa)<\/h2>\t\t\t\t<\/div>\n\t\t\t\t<\/div>\n\t\t\t\t<div class=\"elementor-element elementor-element-96d9d7b elementor-widget elementor-widget-text-editor\" data-id=\"96d9d7b\" data-element_type=\"widget\" data-e-type=\"widget\" data-widget_type=\"text-editor.default\">\n\t\t\t\t<div class=\"elementor-widget-container\">\n\t\t\t\t\t\t\t\t\t<p><span style=\"font-weight: 400;\">La mochila de monta\u00f1a perfecta no es la que va m\u00e1s llena, si no<\/span><b> la que lleva todo lo necesario <\/b><span style=\"font-weight: 400;\">y no se deja nada en el camino.<\/span><\/p><p><span style=\"font-weight: 400;\">Te recomendamos que lleves<\/span><b> botas de monta\u00f1a<\/b><span style=\"font-weight: 400;\"> y <\/span><b>ropa t\u00e9cnica<\/b><span style=\"font-weight: 400;\"> de capas como puede ser una camiseta transpirable, un forro polar fino y cortavientos-impermeable. Adem\u00e1s de llevar <\/span><b>gorra o sombrero <\/b><span style=\"font-weight: 400;\">para protegerte del sol o el viento. Tambi\u00e9n es importante llevar <\/span><b>crema solar y gafas de sol<\/b><span style=\"font-weight: 400;\">, sobre todo en verano.<\/span><\/p><p><span style=\"font-weight: 400;\">Lleva un<\/span><b> mapa o GPS<\/b><span style=\"font-weight: 400;\">, especialmente si sales de los senderos se\u00f1alizados. Tambi\u00e9n es recomendable llevar un <\/span><b>botiqu\u00edn b\u00e1sico, un frontal y pilas extra<\/b><span style=\"font-weight: 400;\">, que no ocupa nada en la mochila y nunca sabes lo que te puede pasar.<\/span><\/p><p><b>Carga el m\u00f3vil <\/b><span style=\"font-weight: 400;\">antes de salir de casa, y si eres de los que gasta mucha bater\u00eda, te aconsejamos que lleves una bater\u00eda extra.<\/span><\/p>\t\t\t\t\t\t\t\t<\/div>\n\t\t\t\t<\/div>\n\t\t\t\t\t<\/div>\n\t\t\t\t<\/div>\n\t\t<div class=\"elementor-element elementor-element-88cc707 e-flex e-con-boxed e-con e-parent\" data-id=\"88cc707\" data-element_type=\"container\" data-e-type=\"container\">\n\t\t\t\t\t<div class=\"e-con-inner\">\n\t\t\t\t<div class=\"elementor-element elementor-element-4b071dd elementor-widget elementor-widget-image\" data-id=\"4b071dd\" data-element_type=\"widget\" data-e-type=\"widget\" data-widget_type=\"image.default\">\n\t\t\t\t<div class=\"elementor-widget-container\">\n\t\t\t\t\t\t\t\t\t\t\t\t\t\t\t<img loading=\"lazy\" decoding=\"async\" width=\"1426\" height=\"713\" src=\"https:\/\/rentallorca.com\/blog\/wp-content\/uploads\/2025\/10\/sierra-tramuntana-senderismo-mallorca.jpg\" class=\"attachment-full size-full wp-image-2743\" alt=\"sierra-tramuntana-senderismo-mallorca.jpg\" srcset=\"https:\/\/rentallorca.com\/blog\/wp-content\/uploads\/2025\/10\/sierra-tramuntana-senderismo-mallorca.jpg 1426w, https:\/\/rentallorca.com\/blog\/wp-content\/uploads\/2025\/10\/sierra-tramuntana-senderismo-mallorca-300x150.jpg 300w, https:\/\/rentallorca.com\/blog\/wp-content\/uploads\/2025\/10\/sierra-tramuntana-senderismo-mallorca-1024x512.jpg 1024w, https:\/\/rentallorca.com\/blog\/wp-content\/uploads\/2025\/10\/sierra-tramuntana-senderismo-mallorca-768x384.jpg 768w\" sizes=\"(max-width: 1426px) 100vw, 1426px\" \/>\t\t\t\t\t\t\t\t\t\t\t\t\t\t\t<\/div>\n\t\t\t\t<\/div>\n\t\t\t\t\t<\/div>\n\t\t\t\t<\/div>\n\t\t<div class=\"elementor-element elementor-element-6aec1a5 e-flex e-con-boxed e-con e-parent\" data-id=\"6aec1a5\" data-element_type=\"container\" data-e-type=\"container\">\n\t\t\t\t\t<div class=\"e-con-inner\">\n\t\t\t\t<div class=\"elementor-element elementor-element-e77fe4b elementor-widget elementor-widget-heading\" data-id=\"e77fe4b\" data-element_type=\"widget\" data-e-type=\"widget\" data-widget_type=\"heading.default\">\n\t\t\t\t<div class=\"elementor-widget-container\">\n\t\t\t\t\t<h2 class=\"elementor-heading-title elementor-size-default\">Los mejores miradores de monta\u00f1a en Mallorca: paisajes de postal\n<\/h2>\t\t\t\t<\/div>\n\t\t\t\t<\/div>\n\t\t\t\t<div class=\"elementor-element elementor-element-3d764d6 elementor-widget elementor-widget-text-editor\" data-id=\"3d764d6\" data-element_type=\"widget\" data-e-type=\"widget\" data-widget_type=\"text-editor.default\">\n\t\t\t\t<div class=\"elementor-widget-container\">\n\t\t\t\t\t\t\t\t\t<p><span style=\"font-weight: 400;\">Todo camino tiene su premio, y el camino de Mallorca te ofrece unas <\/span><b>vistas de postal.<\/b><\/p>\t\t\t\t\t\t\t\t<\/div>\n\t\t\t\t<\/div>\n\t\t\t\t\t<\/div>\n\t\t\t\t<\/div>\n\t\t<div class=\"elementor-element elementor-element-ce635be e-flex e-con-boxed e-con e-parent\" data-id=\"ce635be\" data-element_type=\"container\" data-e-type=\"container\">\n\t\t\t\t\t<div class=\"e-con-inner\">\n\t\t<div class=\"elementor-element elementor-element-2bad6ee e-con-full e-flex e-con e-child\" data-id=\"2bad6ee\" data-element_type=\"container\" data-e-type=\"container\">\n\t\t\t\t<div class=\"elementor-element elementor-element-d2ffeba elementor-widget elementor-widget-heading\" data-id=\"d2ffeba\" data-element_type=\"widget\" data-e-type=\"widget\" data-widget_type=\"heading.default\">\n\t\t\t\t<div class=\"elementor-widget-container\">\n\t\t\t\t\t<h3 class=\"elementor-heading-title elementor-size-default\">Mirador de Sa Foradada\n<\/h3>\t\t\t\t<\/div>\n\t\t\t\t<\/div>\n\t\t\t\t<div class=\"elementor-element elementor-element-d812cb0 elementor-widget elementor-widget-text-editor\" data-id=\"d812cb0\" data-element_type=\"widget\" data-e-type=\"widget\" data-widget_type=\"text-editor.default\">\n\t\t\t\t<div class=\"elementor-widget-container\">\n\t\t\t\t\t\t\t\t\t<p>Ubicado en Dei\u00e0, es un cl\u00e1sico para ver puestas de sol de pel\u00edcula con su famosa silueta de roca horadada sobre el mar.<\/p>\t\t\t\t\t\t\t\t<\/div>\n\t\t\t\t<\/div>\n\t\t\t\t<\/div>\n\t\t<div class=\"elementor-element elementor-element-bfa8db2 e-con-full e-flex e-con e-child\" data-id=\"bfa8db2\" data-element_type=\"container\" data-e-type=\"container\">\n\t\t\t\t<div class=\"elementor-element elementor-element-07f5651 elementor-widget elementor-widget-heading\" data-id=\"07f5651\" data-element_type=\"widget\" data-e-type=\"widget\" data-widget_type=\"heading.default\">\n\t\t\t\t<div class=\"elementor-widget-container\">\n\t\t\t\t\t<h3 class=\"elementor-heading-title elementor-size-default\">Es Colomer\n<\/h3>\t\t\t\t<\/div>\n\t\t\t\t<\/div>\n\t\t\t\t<div class=\"elementor-element elementor-element-fcc5939 elementor-widget elementor-widget-text-editor\" data-id=\"fcc5939\" data-element_type=\"widget\" data-e-type=\"widget\" data-widget_type=\"text-editor.default\">\n\t\t\t\t<div class=\"elementor-widget-container\">\n\t\t\t\t\t\t\t\t\t<p><span style=\"font-weight: 400;\">El mirador de Formentor puede que sea el<\/span><b> m\u00e1s ic\u00f3nico de la zona norte de la isla<\/b><span style=\"font-weight: 400;\">, ya que desde aqu\u00ed podr\u00e1s ver como el mar y los acantilados compiten en belleza.<\/span><\/p>\t\t\t\t\t\t\t\t<\/div>\n\t\t\t\t<\/div>\n\t\t\t\t<\/div>\n\t\t<div class=\"elementor-element elementor-element-a8deb69 e-con-full e-flex e-con e-child\" data-id=\"a8deb69\" data-element_type=\"container\" data-e-type=\"container\">\n\t\t\t\t<div class=\"elementor-element elementor-element-69de17c elementor-widget elementor-widget-heading\" data-id=\"69de17c\" data-element_type=\"widget\" data-e-type=\"widget\" data-widget_type=\"heading.default\">\n\t\t\t\t<div class=\"elementor-widget-container\">\n\t\t\t\t\t<h3 class=\"elementor-heading-title elementor-size-default\">Puig de Randa y Santuari de Cura\n<\/h3>\t\t\t\t<\/div>\n\t\t\t\t<\/div>\n\t\t\t\t<div class=\"elementor-element elementor-element-6de9047 elementor-widget elementor-widget-text-editor\" data-id=\"6de9047\" data-element_type=\"widget\" data-e-type=\"widget\" data-widget_type=\"text-editor.default\">\n\t\t\t\t<div class=\"elementor-widget-container\">\n\t\t\t\t\t\t\t\t\t<p><span style=\"font-weight: 400;\">Ofrecen unas <\/span><b>vistas de 360\u00ba del Pla de Mallorca<\/b><span style=\"font-weight: 400;\">\u00a0 y unas historias vinculadas con el m\u00edstico Ramon Llull, ya que, cuenta la leyenda que fue ah\u00ed donde recibi\u00f3 la revelaci\u00f3n divina.<\/span><\/p>\t\t\t\t\t\t\t\t<\/div>\n\t\t\t\t<\/div>\n\t\t\t\t<\/div>\n\t\t\t\t\t<\/div>\n\t\t\t\t<\/div>\n\t\t<div class=\"elementor-element elementor-element-e538d5d e-flex e-con-boxed e-con e-parent\" data-id=\"e538d5d\" data-element_type=\"container\" data-e-type=\"container\">\n\t\t\t\t\t<div class=\"e-con-inner\">\n\t\t\t\t<div class=\"elementor-element elementor-element-98ef871 elementor-widget elementor-widget-heading\" data-id=\"98ef871\" data-element_type=\"widget\" data-e-type=\"widget\" data-widget_type=\"heading.default\">\n\t\t\t\t<div class=\"elementor-widget-container\">\n\t\t\t\t\t<h2 class=\"elementor-heading-title elementor-size-default\">\u00bfMonta\u00f1a en Mallorca? S\u00ed, y te encantar\u00e1. Prepara tu ruta\n<\/h2>\t\t\t\t<\/div>\n\t\t\t\t<\/div>\n\t\t\t\t<div class=\"elementor-element elementor-element-8a5945e elementor-widget elementor-widget-text-editor\" data-id=\"8a5945e\" data-element_type=\"widget\" data-e-type=\"widget\" data-widget_type=\"text-editor.default\">\n\t\t\t\t<div class=\"elementor-widget-container\">\n\t\t\t\t\t\t\t\t\t<p><span style=\"font-weight: 400;\">Mallorca es mucho m\u00e1s que calas y ambiente de playa. Es tierra de rutas, miradores naturales y pueblos donde la siesta es sagrada y el paisaje, inolvidable.\u00a0<\/span><\/p><p><span style=\"font-weight: 400;\">Pero si quieres que todo tu viaje sea inolvidable, no solo el paisaje, tambi\u00e9n necesitas contar con un alojamiento que te d\u00e9 todo para vivir la mejor experiencia. <\/span><b>En Rentallorca te ofrecemos alojamientos por toda la isla<\/b><span style=\"font-weight: 400;\">, reserva ya el tuyo y empieza a programar tu viaje con nosotros. <\/span><\/p>\t\t\t\t\t\t\t\t<\/div>\n\t\t\t\t<\/div>\n\t\t\t\t\t<\/div>\n\t\t\t\t<\/div>\n\t\t<div class=\"elementor-element elementor-element-4d3f532d e-flex e-con-boxed e-con e-parent\" data-id=\"4d3f532d\" data-element_type=\"container\" data-e-type=\"container\">\n\t\t\t\t\t<div class=\"e-con-inner\">\n\t\t\t\t<div class=\"elementor-element elementor-element-6bb7f4bf elementor-widget elementor-widget-shortcode\" data-id=\"6bb7f4bf\" data-element_type=\"widget\" data-e-type=\"widget\" data-widget_type=\"shortcode.default\">\n\t\t\t\t<div class=\"elementor-widget-container\">\n\t\t\t\t\t\t\t<div class=\"elementor-shortcode\">\t\t<div data-elementor-type=\"page\" data-elementor-id=\"170\" class=\"elementor elementor-170\" data-elementor-post-type=\"elementor_library\">\n\t\t\t\t<div class=\"elementor-element elementor-element-16c5e22 e-flex e-con-boxed e-con e-parent\" data-id=\"16c5e22\" data-element_type=\"container\" data-e-type=\"container\">\n\t\t\t\t\t<div class=\"e-con-inner\">\n\t\t<div class=\"elementor-element elementor-element-ac67807 e-con-full e-flex e-con e-child\" data-id=\"ac67807\" data-element_type=\"container\" data-e-type=\"container\">\n\t\t\t\t<div class=\"elementor-element elementor-element-2ab04b2 elementor-align-justify elementor-widget elementor-widget-button\" data-id=\"2ab04b2\" data-element_type=\"widget\" data-e-type=\"widget\" data-widget_type=\"button.default\">\n\t\t\t\t<div class=\"elementor-widget-container\">\n\t\t\t\t\t\t\t\t\t<div class=\"elementor-button-wrapper\">\n\t\t\t\t\t<a class=\"elementor-button elementor-button-link elementor-size-sm\" href=\"https:\/\/rentallorca.com\/alquiler\/alquileres-mallorca-e21\/\">\n\t\t\t\t\t\t<span class=\"elementor-button-content-wrapper\">\n\t\t\t\t\t\t\t\t\t<span class=\"elementor-button-text\">Alojamientos Mallorca<\/span>\n\t\t\t\t\t<\/span>\n\t\t\t\t\t<\/a>\n\t\t\t\t<\/div>\n\t\t\t\t\t\t\t\t<\/div>\n\t\t\t\t<\/div>\n\t\t\t\t<\/div>\n\t\t<div class=\"elementor-element elementor-element-6bea3dd e-con-full e-flex e-con e-child\" data-id=\"6bea3dd\" data-element_type=\"container\" data-e-type=\"container\">\n\t\t\t\t<div class=\"elementor-element elementor-element-ff8a437 elementor-align-justify elementor-widget elementor-widget-button\" data-id=\"ff8a437\" data-element_type=\"widget\" data-e-type=\"widget\" data-widget_type=\"button.default\">\n\t\t\t\t<div class=\"elementor-widget-container\">\n\t\t\t\t\t\t\t\t\t<div class=\"elementor-button-wrapper\">\n\t\t\t\t\t<a class=\"elementor-button elementor-button-link elementor-size-sm\" href=\"https:\/\/rentallorca.com\/alquiler\/apartamentos-mallorca-c1e21\/\">\n\t\t\t\t\t\t<span class=\"elementor-button-content-wrapper\">\n\t\t\t\t\t\t\t\t\t<span class=\"elementor-button-text\">Apartamentos Mallorca<\/span>\n\t\t\t\t\t<\/span>\n\t\t\t\t\t<\/a>\n\t\t\t\t<\/div>\n\t\t\t\t\t\t\t\t<\/div>\n\t\t\t\t<\/div>\n\t\t\t\t<\/div>\n\t\t<div class=\"elementor-element elementor-element-d557a64 e-con-full e-flex e-con e-child\" data-id=\"d557a64\" data-element_type=\"container\" data-e-type=\"container\">\n\t\t\t\t<div class=\"elementor-element elementor-element-4421fc4 elementor-align-justify elementor-widget elementor-widget-button\" data-id=\"4421fc4\" data-element_type=\"widget\" data-e-type=\"widget\" data-widget_type=\"button.default\">\n\t\t\t\t<div class=\"elementor-widget-container\">\n\t\t\t\t\t\t\t\t\t<div class=\"elementor-button-wrapper\">\n\t\t\t\t\t<a class=\"elementor-button elementor-button-link elementor-size-sm\" href=\"https:\/\/rentallorca.com\/alquiler\/casas-alcudia-c19d1098\/\">\n\t\t\t\t\t\t<span class=\"elementor-button-content-wrapper\">\n\t\t\t\t\t\t\t\t\t<span class=\"elementor-button-text\">Casas Mallorca<\/span>\n\t\t\t\t\t<\/span>\n\t\t\t\t\t<\/a>\n\t\t\t\t<\/div>\n\t\t\t\t\t\t\t\t<\/div>\n\t\t\t\t<\/div>\n\t\t\t\t<\/div>\n\t\t<div class=\"elementor-element elementor-element-995a361 e-con-full e-flex e-con e-child\" data-id=\"995a361\" data-element_type=\"container\" data-e-type=\"container\">\n\t\t\t\t<div class=\"elementor-element elementor-element-e6addd0 elementor-align-justify elementor-widget elementor-widget-button\" data-id=\"e6addd0\" data-element_type=\"widget\" data-e-type=\"widget\" data-widget_type=\"button.default\">\n\t\t\t\t<div class=\"elementor-widget-container\">\n\t\t\t\t\t\t\t\t\t<div class=\"elementor-button-wrapper\">\n\t\t\t\t\t<a class=\"elementor-button elementor-button-link elementor-size-sm\" href=\"https:\/\/rentallorca.com\/alquiler\/fincas-mallorca-c22e21\/\">\n\t\t\t\t\t\t<span class=\"elementor-button-content-wrapper\">\n\t\t\t\t\t\t\t\t\t<span class=\"elementor-button-text\">Fincas Mallorca<\/span>\n\t\t\t\t\t<\/span>\n\t\t\t\t\t<\/a>\n\t\t\t\t<\/div>\n\t\t\t\t\t\t\t\t<\/div>\n\t\t\t\t<\/div>\n\t\t\t\t<\/div>\n\t\t\t\t\t<\/div>\n\t\t\t\t<\/div>\n\t\t\t\t<\/div>\n\t\t<\/div>\n\t\t\t\t\t\t<\/div>\n\t\t\t\t<\/div>\n\t\t\t\t\t<\/div>\n\t\t\t\t<\/div>\n\t\t\t\t<\/div>\n\t\t","protected":false},"excerpt":{"rendered":"<p>Somos conscientes de que lo primero que se te pasar\u00eda por la cabeza si te hablamos de Mallorca es la tranquilidad (o la fiesta) de sus playas. Lo que est\u00e1 claro es que el mar jugar\u00eda s\u00ed o tambi\u00e9n un papel protagonista. Pero\u2026 \u00bfHas o\u00eddo hablar de las incre\u00edbles monta\u00f1as de Mallorca?\u00a0 Ya seas que [&hellip;]<\/p>\n","protected":false},"author":3,"featured_media":2749,"comment_status":"open","ping_status":"open","sticky":false,"template":"","format":"standard","meta":{"footnotes":""},"categories":[1],"tags":[],"class_list":["post-2727","post","type-post","status-publish","format-standard","has-post-thumbnail","hentry","category-mallorca"],"yoast_head":"<!-- This site is optimized with the Yoast SEO plugin v27.5 - https:\/\/yoast.com\/product\/yoast-seo-wordpress\/ -->\n<title>Rutas de senderismo por las monta\u00f1as de Mallorca - Blog<\/title>\n<meta name=\"description\" content=\"Descubre las monta\u00f1as de Mallorca y disfruta excursiones con paisajes espectaculares y aire puro.\" \/>\n<meta name=\"robots\" content=\"index, follow, max-snippet:-1, max-image-preview:large, max-video-preview:-1\" \/>\n<link rel=\"canonical\" href=\"https:\/\/rentallorca.com\/blog\/rutas-senderismo-montanas-mallorca\/\" \/>\n<meta property=\"og:locale\" content=\"es_ES\" \/>\n<meta property=\"og:type\" content=\"article\" \/>\n<meta property=\"og:title\" content=\"Rutas de senderismo por las monta\u00f1as de Mallorca - Blog\" \/>\n<meta property=\"og:description\" content=\"Descubre las monta\u00f1as de Mallorca y disfruta excursiones con paisajes espectaculares y aire puro.\" \/>\n<meta property=\"og:url\" content=\"https:\/\/rentallorca.com\/blog\/rutas-senderismo-montanas-mallorca\/\" \/>\n<meta property=\"og:site_name\" content=\"Blog\" \/>\n<meta property=\"article:published_time\" content=\"2025-10-14T08:12:03+00:00\" \/>\n<meta property=\"article:modified_time\" content=\"2025-11-28T07:51:36+00:00\" \/>\n<meta property=\"og:image\" content=\"https:\/\/rentallorca.com\/blog\/wp-content\/uploads\/2025\/10\/rutas-de-senderismo-mallorca.jpg\" \/>\n\t<meta property=\"og:image:width\" content=\"2321\" \/>\n\t<meta property=\"og:image:height\" content=\"774\" \/>\n\t<meta property=\"og:image:type\" content=\"image\/jpeg\" \/>\n<meta name=\"author\" content=\"Axel\" \/>\n<meta name=\"twitter:card\" content=\"summary_large_image\" \/>\n<meta name=\"twitter:label1\" content=\"Written by\" \/>\n\t<meta name=\"twitter:data1\" content=\"Axel\" \/>\n\t<meta name=\"twitter:label2\" content=\"Est. reading time\" \/>\n\t<meta name=\"twitter:data2\" content=\"7 minutes\" \/>\n<script type=\"application\/ld+json\" class=\"yoast-schema-graph\">{\"@context\":\"https:\\\/\\\/schema.org\",\"@graph\":[{\"@type\":\"Article\",\"@id\":\"https:\\\/\\\/rentallorca.com\\\/blog\\\/rutas-senderismo-montanas-mallorca\\\/#article\",\"isPartOf\":{\"@id\":\"https:\\\/\\\/rentallorca.com\\\/blog\\\/rutas-senderismo-montanas-mallorca\\\/\"},\"author\":{\"name\":\"Axel\",\"@id\":\"https:\\\/\\\/rentallorca.com\\\/blog\\\/#\\\/schema\\\/person\\\/8c5ebe5bf8d43e9757ab6869e1d4cbe4\"},\"headline\":\"Monta\u00f1as de Mallorca: rutas, miradores y consejos para tu escapada perfecta\",\"datePublished\":\"2025-10-14T08:12:03+00:00\",\"dateModified\":\"2025-11-28T07:51:36+00:00\",\"mainEntityOfPage\":{\"@id\":\"https:\\\/\\\/rentallorca.com\\\/blog\\\/rutas-senderismo-montanas-mallorca\\\/\"},\"wordCount\":1221,\"commentCount\":0,\"image\":{\"@id\":\"https:\\\/\\\/rentallorca.com\\\/blog\\\/rutas-senderismo-montanas-mallorca\\\/#primaryimage\"},\"thumbnailUrl\":\"https:\\\/\\\/rentallorca.com\\\/blog\\\/wp-content\\\/uploads\\\/2025\\\/10\\\/rutas-de-senderismo-mallorca.jpg\",\"articleSection\":[\"Mallorca\"],\"inLanguage\":\"es\",\"potentialAction\":[{\"@type\":\"CommentAction\",\"name\":\"Comment\",\"target\":[\"https:\\\/\\\/rentallorca.com\\\/blog\\\/rutas-senderismo-montanas-mallorca\\\/#respond\"]}]},{\"@type\":\"WebPage\",\"@id\":\"https:\\\/\\\/rentallorca.com\\\/blog\\\/rutas-senderismo-montanas-mallorca\\\/\",\"url\":\"https:\\\/\\\/rentallorca.com\\\/blog\\\/rutas-senderismo-montanas-mallorca\\\/\",\"name\":\"Rutas de senderismo por las monta\u00f1as de Mallorca - Blog\",\"isPartOf\":{\"@id\":\"https:\\\/\\\/rentallorca.com\\\/blog\\\/#website\"},\"primaryImageOfPage\":{\"@id\":\"https:\\\/\\\/rentallorca.com\\\/blog\\\/rutas-senderismo-montanas-mallorca\\\/#primaryimage\"},\"image\":{\"@id\":\"https:\\\/\\\/rentallorca.com\\\/blog\\\/rutas-senderismo-montanas-mallorca\\\/#primaryimage\"},\"thumbnailUrl\":\"https:\\\/\\\/rentallorca.com\\\/blog\\\/wp-content\\\/uploads\\\/2025\\\/10\\\/rutas-de-senderismo-mallorca.jpg\",\"datePublished\":\"2025-10-14T08:12:03+00:00\",\"dateModified\":\"2025-11-28T07:51:36+00:00\",\"author\":{\"@id\":\"https:\\\/\\\/rentallorca.com\\\/blog\\\/#\\\/schema\\\/person\\\/8c5ebe5bf8d43e9757ab6869e1d4cbe4\"},\"description\":\"Descubre las monta\u00f1as de Mallorca y disfruta excursiones con paisajes espectaculares y aire puro.\",\"breadcrumb\":{\"@id\":\"https:\\\/\\\/rentallorca.com\\\/blog\\\/rutas-senderismo-montanas-mallorca\\\/#breadcrumb\"},\"inLanguage\":\"es\",\"potentialAction\":[{\"@type\":\"ReadAction\",\"target\":[\"https:\\\/\\\/rentallorca.com\\\/blog\\\/rutas-senderismo-montanas-mallorca\\\/\"]}]},{\"@type\":\"ImageObject\",\"inLanguage\":\"es\",\"@id\":\"https:\\\/\\\/rentallorca.com\\\/blog\\\/rutas-senderismo-montanas-mallorca\\\/#primaryimage\",\"url\":\"https:\\\/\\\/rentallorca.com\\\/blog\\\/wp-content\\\/uploads\\\/2025\\\/10\\\/rutas-de-senderismo-mallorca.jpg\",\"contentUrl\":\"https:\\\/\\\/rentallorca.com\\\/blog\\\/wp-content\\\/uploads\\\/2025\\\/10\\\/rutas-de-senderismo-mallorca.jpg\",\"width\":2321,\"height\":774,\"caption\":\"Two women hikers on mountain summit overlooking the mediterranean sea. Outdoor adventure day trek with friends. Aspiration, exploration and inspiring lifestyle concept. Panoramic from a mountain peak.\"},{\"@type\":\"BreadcrumbList\",\"@id\":\"https:\\\/\\\/rentallorca.com\\\/blog\\\/rutas-senderismo-montanas-mallorca\\\/#breadcrumb\",\"itemListElement\":[{\"@type\":\"ListItem\",\"position\":1,\"name\":\"Home\",\"item\":\"https:\\\/\\\/rentallorca.com\\\/blog\\\/\"},{\"@type\":\"ListItem\",\"position\":2,\"name\":\"Monta\u00f1as de Mallorca: rutas, miradores y consejos para tu escapada perfecta\"}]},{\"@type\":\"WebSite\",\"@id\":\"https:\\\/\\\/rentallorca.com\\\/blog\\\/#website\",\"url\":\"https:\\\/\\\/rentallorca.com\\\/blog\\\/\",\"name\":\"Blog\",\"description\":\"Rentallorca\",\"potentialAction\":[{\"@type\":\"SearchAction\",\"target\":{\"@type\":\"EntryPoint\",\"urlTemplate\":\"https:\\\/\\\/rentallorca.com\\\/blog\\\/?s={search_term_string}\"},\"query-input\":{\"@type\":\"PropertyValueSpecification\",\"valueRequired\":true,\"valueName\":\"search_term_string\"}}],\"inLanguage\":\"es\"},{\"@type\":\"Person\",\"@id\":\"https:\\\/\\\/rentallorca.com\\\/blog\\\/#\\\/schema\\\/person\\\/8c5ebe5bf8d43e9757ab6869e1d4cbe4\",\"name\":\"Axel\",\"image\":{\"@type\":\"ImageObject\",\"inLanguage\":\"es\",\"@id\":\"https:\\\/\\\/secure.gravatar.com\\\/avatar\\\/3bd706736e5b70f21f05f6c2d5cad746767782a4ba4b7df399c5969e2a9318fd?s=96&d=mm&r=g\",\"url\":\"https:\\\/\\\/secure.gravatar.com\\\/avatar\\\/3bd706736e5b70f21f05f6c2d5cad746767782a4ba4b7df399c5969e2a9318fd?s=96&d=mm&r=g\",\"contentUrl\":\"https:\\\/\\\/secure.gravatar.com\\\/avatar\\\/3bd706736e5b70f21f05f6c2d5cad746767782a4ba4b7df399c5969e2a9318fd?s=96&d=mm&r=g\",\"caption\":\"Axel\"},\"url\":\"https:\\\/\\\/rentallorca.com\\\/blog\\\/author\\\/axel\\\/\"}]}<\/script>\n<!-- \/ Yoast SEO plugin. -->","yoast_head_json":{"title":"Rutas de senderismo por las monta\u00f1as de Mallorca - Blog","description":"Descubre las monta\u00f1as de Mallorca y disfruta excursiones con paisajes espectaculares y aire puro.","robots":{"index":"index","follow":"follow","max-snippet":"max-snippet:-1","max-image-preview":"max-image-preview:large","max-video-preview":"max-video-preview:-1"},"canonical":"https:\/\/rentallorca.com\/blog\/rutas-senderismo-montanas-mallorca\/","og_locale":"es_ES","og_type":"article","og_title":"Rutas de senderismo por las monta\u00f1as de Mallorca - Blog","og_description":"Descubre las monta\u00f1as de Mallorca y disfruta excursiones con paisajes espectaculares y aire puro.","og_url":"https:\/\/rentallorca.com\/blog\/rutas-senderismo-montanas-mallorca\/","og_site_name":"Blog","article_published_time":"2025-10-14T08:12:03+00:00","article_modified_time":"2025-11-28T07:51:36+00:00","og_image":[{"width":2321,"height":774,"url":"https:\/\/rentallorca.com\/blog\/wp-content\/uploads\/2025\/10\/rutas-de-senderismo-mallorca.jpg","type":"image\/jpeg"}],"author":"Axel","twitter_card":"summary_large_image","twitter_misc":{"Written by":"Axel","Est. reading time":"7 minutes"},"schema":{"@context":"https:\/\/schema.org","@graph":[{"@type":"Article","@id":"https:\/\/rentallorca.com\/blog\/rutas-senderismo-montanas-mallorca\/#article","isPartOf":{"@id":"https:\/\/rentallorca.com\/blog\/rutas-senderismo-montanas-mallorca\/"},"author":{"name":"Axel","@id":"https:\/\/rentallorca.com\/blog\/#\/schema\/person\/8c5ebe5bf8d43e9757ab6869e1d4cbe4"},"headline":"Monta\u00f1as de Mallorca: rutas, miradores y consejos para tu escapada perfecta","datePublished":"2025-10-14T08:12:03+00:00","dateModified":"2025-11-28T07:51:36+00:00","mainEntityOfPage":{"@id":"https:\/\/rentallorca.com\/blog\/rutas-senderismo-montanas-mallorca\/"},"wordCount":1221,"commentCount":0,"image":{"@id":"https:\/\/rentallorca.com\/blog\/rutas-senderismo-montanas-mallorca\/#primaryimage"},"thumbnailUrl":"https:\/\/rentallorca.com\/blog\/wp-content\/uploads\/2025\/10\/rutas-de-senderismo-mallorca.jpg","articleSection":["Mallorca"],"inLanguage":"es","potentialAction":[{"@type":"CommentAction","name":"Comment","target":["https:\/\/rentallorca.com\/blog\/rutas-senderismo-montanas-mallorca\/#respond"]}]},{"@type":"WebPage","@id":"https:\/\/rentallorca.com\/blog\/rutas-senderismo-montanas-mallorca\/","url":"https:\/\/rentallorca.com\/blog\/rutas-senderismo-montanas-mallorca\/","name":"Rutas de senderismo por las monta\u00f1as de Mallorca - Blog","isPartOf":{"@id":"https:\/\/rentallorca.com\/blog\/#website"},"primaryImageOfPage":{"@id":"https:\/\/rentallorca.com\/blog\/rutas-senderismo-montanas-mallorca\/#primaryimage"},"image":{"@id":"https:\/\/rentallorca.com\/blog\/rutas-senderismo-montanas-mallorca\/#primaryimage"},"thumbnailUrl":"https:\/\/rentallorca.com\/blog\/wp-content\/uploads\/2025\/10\/rutas-de-senderismo-mallorca.jpg","datePublished":"2025-10-14T08:12:03+00:00","dateModified":"2025-11-28T07:51:36+00:00","author":{"@id":"https:\/\/rentallorca.com\/blog\/#\/schema\/person\/8c5ebe5bf8d43e9757ab6869e1d4cbe4"},"description":"Descubre las monta\u00f1as de Mallorca y disfruta excursiones con paisajes espectaculares y aire puro.","breadcrumb":{"@id":"https:\/\/rentallorca.com\/blog\/rutas-senderismo-montanas-mallorca\/#breadcrumb"},"inLanguage":"es","potentialAction":[{"@type":"ReadAction","target":["https:\/\/rentallorca.com\/blog\/rutas-senderismo-montanas-mallorca\/"]}]},{"@type":"ImageObject","inLanguage":"es","@id":"https:\/\/rentallorca.com\/blog\/rutas-senderismo-montanas-mallorca\/#primaryimage","url":"https:\/\/rentallorca.com\/blog\/wp-content\/uploads\/2025\/10\/rutas-de-senderismo-mallorca.jpg","contentUrl":"https:\/\/rentallorca.com\/blog\/wp-content\/uploads\/2025\/10\/rutas-de-senderismo-mallorca.jpg","width":2321,"height":774,"caption":"Two women hikers on mountain summit overlooking the mediterranean sea. Outdoor adventure day trek with friends. Aspiration, exploration and inspiring lifestyle concept. Panoramic from a mountain peak."},{"@type":"BreadcrumbList","@id":"https:\/\/rentallorca.com\/blog\/rutas-senderismo-montanas-mallorca\/#breadcrumb","itemListElement":[{"@type":"ListItem","position":1,"name":"Home","item":"https:\/\/rentallorca.com\/blog\/"},{"@type":"ListItem","position":2,"name":"Monta\u00f1as de Mallorca: rutas, miradores y consejos para tu escapada perfecta"}]},{"@type":"WebSite","@id":"https:\/\/rentallorca.com\/blog\/#website","url":"https:\/\/rentallorca.com\/blog\/","name":"Blog","description":"Rentallorca","potentialAction":[{"@type":"SearchAction","target":{"@type":"EntryPoint","urlTemplate":"https:\/\/rentallorca.com\/blog\/?s={search_term_string}"},"query-input":{"@type":"PropertyValueSpecification","valueRequired":true,"valueName":"search_term_string"}}],"inLanguage":"es"},{"@type":"Person","@id":"https:\/\/rentallorca.com\/blog\/#\/schema\/person\/8c5ebe5bf8d43e9757ab6869e1d4cbe4","name":"Axel","image":{"@type":"ImageObject","inLanguage":"es","@id":"https:\/\/secure.gravatar.com\/avatar\/3bd706736e5b70f21f05f6c2d5cad746767782a4ba4b7df399c5969e2a9318fd?s=96&d=mm&r=g","url":"https:\/\/secure.gravatar.com\/avatar\/3bd706736e5b70f21f05f6c2d5cad746767782a4ba4b7df399c5969e2a9318fd?s=96&d=mm&r=g","contentUrl":"https:\/\/secure.gravatar.com\/avatar\/3bd706736e5b70f21f05f6c2d5cad746767782a4ba4b7df399c5969e2a9318fd?s=96&d=mm&r=g","caption":"Axel"},"url":"https:\/\/rentallorca.com\/blog\/author\/axel\/"}]}},"_links":{"self":[{"href":"https:\/\/rentallorca.com\/blog\/wp-json\/wp\/v2\/posts\/2727","targetHints":{"allow":["GET"]}}],"collection":[{"href":"https:\/\/rentallorca.com\/blog\/wp-json\/wp\/v2\/posts"}],"about":[{"href":"https:\/\/rentallorca.com\/blog\/wp-json\/wp\/v2\/types\/post"}],"author":[{"embeddable":true,"href":"https:\/\/rentallorca.com\/blog\/wp-json\/wp\/v2\/users\/3"}],"replies":[{"embeddable":true,"href":"https:\/\/rentallorca.com\/blog\/wp-json\/wp\/v2\/comments?post=2727"}],"version-history":[{"count":16,"href":"https:\/\/rentallorca.com\/blog\/wp-json\/wp\/v2\/posts\/2727\/revisions"}],"predecessor-version":[{"id":3094,"href":"https:\/\/rentallorca.com\/blog\/wp-json\/wp\/v2\/posts\/2727\/revisions\/3094"}],"wp:featuredmedia":[{"embeddable":true,"href":"https:\/\/rentallorca.com\/blog\/wp-json\/wp\/v2\/media\/2749"}],"wp:attachment":[{"href":"https:\/\/rentallorca.com\/blog\/wp-json\/wp\/v2\/media?parent=2727"}],"wp:term":[{"taxonomy":"category","embeddable":true,"href":"https:\/\/rentallorca.com\/blog\/wp-json\/wp\/v2\/categories?post=2727"},{"taxonomy":"post_tag","embeddable":true,"href":"https:\/\/rentallorca.com\/blog\/wp-json\/wp\/v2\/tags?post=2727"}],"curies":[{"name":"wp","href":"https:\/\/api.w.org\/{rel}","templated":true}]}}