{"id":2552,"date":"2025-09-08T15:33:19","date_gmt":"2025-09-08T15:33:19","guid":{"rendered":"https:\/\/rentallorca.com\/blog\/?p=2552"},"modified":"2025-11-28T07:51:20","modified_gmt":"2025-11-28T07:51:20","slug":"alquiler-coche-mallorca","status":"publish","type":"post","link":"https:\/\/rentallorca.com\/blog\/alquiler-coche-mallorca\/","title":{"rendered":"Alquiler de coche en Mallorca: la clave para explorar la isla a tu ritmo"},"content":{"rendered":"\t\t<div data-elementor-type=\"wp-post\" data-elementor-id=\"2552\" class=\"elementor elementor-2552\" data-elementor-post-type=\"post\">\n\t\t\t\t<div class=\"elementor-element elementor-element-492813c3 e-flex e-con-boxed e-con e-parent\" data-id=\"492813c3\" data-element_type=\"container\" data-e-type=\"container\">\n\t\t\t\t\t<div class=\"e-con-inner\">\n\t\t\t\t<div class=\"elementor-element elementor-element-54e9a084 elementor-widget elementor-widget-text-editor\" data-id=\"54e9a084\" data-element_type=\"widget\" data-e-type=\"widget\" data-widget_type=\"text-editor.default\">\n\t\t\t\t<div class=\"elementor-widget-container\">\n\t\t\t\t\t\t\t\t\t<p><span style=\"font-weight: 400;\">Cuando piensas en Mallorca seguro que lo primero que te viene a la cabeza son playas abarrotadas y sombrillas de colores. Y no, no te equivocas, pero quiz\u00e1s si que necesitas una buena actualizaci\u00f3n, porque <\/span><b>esta isla es mucho m\u00e1s que mar y arena.<\/b><\/p><p><span style=\"font-weight: 400;\">Mallorca cuenta con pueblos preciosos, monta\u00f1as espectaculares, calas escondidas y mercadillos que huelen a sobrasada y a ensaimada. Y para recorrer todo lo que ofrece como si fueras un explorador, te confesamos un secreto: <\/span><b>la mejor idea es que alquiles un buen coche.<\/b><\/p>\t\t\t\t\t\t\t\t<\/div>\n\t\t\t\t<\/div>\n\t\t\t\t\t<\/div>\n\t\t\t\t<\/div>\n\t\t<div class=\"elementor-element elementor-element-2e1e4a3f e-flex e-con-boxed e-con e-parent\" data-id=\"2e1e4a3f\" data-element_type=\"container\" data-e-type=\"container\">\n\t\t\t\t\t<div class=\"e-con-inner\">\n\t\t\t\t<div class=\"elementor-element elementor-element-16b0c37a elementor-widget elementor-widget-table-of-contents\" data-id=\"16b0c37a\" data-element_type=\"widget\" data-e-type=\"widget\" data-settings=\"{&quot;headings_by_tags&quot;:[&quot;h2&quot;,&quot;h3&quot;],&quot;exclude_headings_by_selector&quot;:[],&quot;marker_view&quot;:&quot;bullets&quot;,&quot;icon&quot;:{&quot;value&quot;:&quot;&quot;,&quot;library&quot;:&quot;&quot;},&quot;no_headings_message&quot;:&quot;No headings were found on this page.&quot;,&quot;hierarchical_view&quot;:&quot;yes&quot;,&quot;min_height&quot;:{&quot;unit&quot;:&quot;px&quot;,&quot;size&quot;:&quot;&quot;,&quot;sizes&quot;:[]},&quot;min_height_tablet&quot;:{&quot;unit&quot;:&quot;px&quot;,&quot;size&quot;:&quot;&quot;,&quot;sizes&quot;:[]},&quot;min_height_mobile&quot;:{&quot;unit&quot;:&quot;px&quot;,&quot;size&quot;:&quot;&quot;,&quot;sizes&quot;:[]}}\" data-widget_type=\"table-of-contents.default\">\n\t\t\t\t<div class=\"elementor-widget-container\">\n\t\t\t\t\t\t\t\t\t<div class=\"elementor-toc__header\">\n\t\t\t\t\t\t<div class=\"elementor-toc__header-title\">\n\t\t\t\tContenidos\t\t\t<\/div>\n\t\t\t\t\t\t\t\t<\/div>\n\t\t\t\t<div id=\"elementor-toc__16b0c37a\" class=\"elementor-toc__body\">\n\t\t\t<div class=\"elementor-toc__spinner-container\">\n\t\t\t\t<svg class=\"elementor-toc__spinner eicon-animation-spin e-font-icon-svg e-eicon-loading\" aria-hidden=\"true\" viewBox=\"0 0 1000 1000\" xmlns=\"http:\/\/www.w3.org\/2000\/svg\"><path d=\"M500 975V858C696 858 858 696 858 500S696 142 500 142 142 304 142 500H25C25 237 238 25 500 25S975 237 975 500 763 975 500 975Z\"><\/path><\/svg>\t\t\t<\/div>\n\t\t<\/div>\n\t\t\t\t\t\t<\/div>\n\t\t\t\t<\/div>\n\t\t\t\t\t<\/div>\n\t\t\t\t<\/div>\n\t\t<div class=\"elementor-element elementor-element-6d55b30a e-flex e-con-boxed e-con e-parent\" data-id=\"6d55b30a\" data-element_type=\"container\" data-e-type=\"container\">\n\t\t\t\t\t<div class=\"e-con-inner\">\n\t\t\t\t<div class=\"elementor-element elementor-element-1772a4c7 elementor-widget elementor-widget-heading\" data-id=\"1772a4c7\" data-element_type=\"widget\" data-e-type=\"widget\" data-widget_type=\"heading.default\">\n\t\t\t\t<div class=\"elementor-widget-container\">\n\t\t\t\t\t<h2 class=\"elementor-heading-title elementor-size-default\">Por qu\u00e9 alquilar coche en Mallorca es la mejor forma de recorrer la isla<\/h2>\t\t\t\t<\/div>\n\t\t\t\t<\/div>\n\t\t\t\t<div class=\"elementor-element elementor-element-38770efa elementor-widget elementor-widget-text-editor\" data-id=\"38770efa\" data-element_type=\"widget\" data-e-type=\"widget\" data-widget_type=\"text-editor.default\">\n\t\t\t\t<div class=\"elementor-widget-container\">\n\t\t\t\t\t\t\t\t\t<p><span style=\"font-weight: 400;\">Mallorca cuenta con 3.600km\u00b2, y, aunque no sea un continente, tampoco se recorre en chanclas de playa. S\u00ed es verdad que el transporte p\u00fablico conecta las ciudades principales, pero si lo que quieres es <\/span><b>descubrir los sitios menos abarrotados<\/b><span style=\"font-weight: 400;\">, tendr\u00e1s que ir un poco m\u00e1s all\u00e1 de lo que llega el autob\u00fas.<\/span><\/p><p><span style=\"font-weight: 400;\">El alquiler de un coche te ofrece la oportunidad de <\/span><b>decidir tu propia ruta sin depender de horarios<\/b><span style=\"font-weight: 400;\">, descubrir pueblos de interior como Sineu o Petra a tu ritmo, o cambiar de plan en segundos si en la carretera te encuentras un cartel que ponga mercado artesanal.<\/span><\/p><p><span style=\"font-weight: 400;\">Si te quedas en Palma te perder\u00e1s pueblos como Santa Mar\u00eda del Cam\u00ed o Sineu, donde<\/span><b> los mercados locales son como una m\u00e1quina del tiempo hacia lo m\u00e1s aut\u00e9ntico de Mallorca. <\/b><span style=\"font-weight: 400;\">Y si pasas del coche, puedes olvidarte de esas calas escondidas y tendr\u00e1s que amoldarte a todos los horarios del transporte p\u00fablico.<\/span><\/p>\t\t\t\t\t\t\t\t<\/div>\n\t\t\t\t<\/div>\n\t\t\t\t<div class=\"elementor-element elementor-element-5ffd91b elementor-widget elementor-widget-image\" data-id=\"5ffd91b\" data-element_type=\"widget\" data-e-type=\"widget\" data-widget_type=\"image.default\">\n\t\t\t\t<div class=\"elementor-widget-container\">\n\t\t\t\t\t\t\t\t\t\t\t\t\t\t\t<img fetchpriority=\"high\" decoding=\"async\" width=\"1258\" height=\"629\" src=\"https:\/\/rentallorca.com\/blog\/wp-content\/uploads\/2025\/09\/Alquiler-coche-mallorca.jpg\" class=\"attachment-full size-full wp-image-2576\" alt=\"Alquiler-coche-mallorca.jpg\" srcset=\"https:\/\/rentallorca.com\/blog\/wp-content\/uploads\/2025\/09\/Alquiler-coche-mallorca.jpg 1258w, https:\/\/rentallorca.com\/blog\/wp-content\/uploads\/2025\/09\/Alquiler-coche-mallorca-300x150.jpg 300w, https:\/\/rentallorca.com\/blog\/wp-content\/uploads\/2025\/09\/Alquiler-coche-mallorca-1024x512.jpg 1024w, https:\/\/rentallorca.com\/blog\/wp-content\/uploads\/2025\/09\/Alquiler-coche-mallorca-768x384.jpg 768w\" sizes=\"(max-width: 1258px) 100vw, 1258px\" \/>\t\t\t\t\t\t\t\t\t\t\t\t\t\t\t<\/div>\n\t\t\t\t<\/div>\n\t\t\t\t\t<\/div>\n\t\t\t\t<\/div>\n\t\t<div class=\"elementor-element elementor-element-717d8bbe e-flex e-con-boxed e-con e-parent\" data-id=\"717d8bbe\" data-element_type=\"container\" data-e-type=\"container\">\n\t\t\t\t\t<div class=\"e-con-inner\">\n\t\t\t\t<div class=\"elementor-element elementor-element-dd3a746 elementor-widget elementor-widget-heading\" data-id=\"dd3a746\" data-element_type=\"widget\" data-e-type=\"widget\" data-widget_type=\"heading.default\">\n\t\t\t\t<div class=\"elementor-widget-container\">\n\t\t\t\t\t<h2 class=\"elementor-heading-title elementor-size-default\">Empresas de alquiler en Mallorca y sus precios orientativos\n<\/h2>\t\t\t\t<\/div>\n\t\t\t\t<\/div>\n\t\t\t\t<div class=\"elementor-element elementor-element-6ea64f9b elementor-widget elementor-widget-text-editor\" data-id=\"6ea64f9b\" data-element_type=\"widget\" data-e-type=\"widget\" data-widget_type=\"text-editor.default\">\n\t\t\t\t<div class=\"elementor-widget-container\">\n\t\t\t\t\t\t\t\t\t<p><span style=\"font-weight: 400;\">Mallorca recibe millones de visitantes cada a\u00f1o, por lo que encontrar empresas de alquiler de veh\u00edculos no te va a suponer ning\u00fan problema.<\/span><\/p><p><span style=\"font-weight: 400;\">Los precios var\u00edan seg\u00fan la temporada y el tipo de coche. En temporada baja, durante el oto\u00f1o y el invierno, puedes alquilar tu coche de <\/span><b>15 a 25 euros al d\u00eda<\/b><span style=\"font-weight: 400;\"> dependiendo del modelo. En temporada media, durante la primavera, los precios suben de <\/span><b>30 a 40 euros por d\u00eda<\/b><span style=\"font-weight: 400;\">. Mientras que en temporada alta los precios ascienden de <\/span><b>50 en adelante por d\u00eda<\/b><span style=\"font-weight: 400;\">.<\/span><\/p>\t\t\t\t\t\t\t\t<\/div>\n\t\t\t\t<\/div>\n\t\t\t\t\t<\/div>\n\t\t\t\t<\/div>\n\t\t<div class=\"elementor-element elementor-element-91a063c e-flex e-con-boxed e-con e-parent\" data-id=\"91a063c\" data-element_type=\"container\" data-e-type=\"container\">\n\t\t\t\t\t<div class=\"e-con-inner\">\n\t\t<div class=\"elementor-element elementor-element-59050f3 e-con-full e-flex e-con e-child\" data-id=\"59050f3\" data-element_type=\"container\" data-e-type=\"container\">\n\t\t<div class=\"elementor-element elementor-element-772a26f e-con-full e-flex e-con e-child\" data-id=\"772a26f\" data-element_type=\"container\" data-e-type=\"container\">\n\t\t\t\t<div class=\"elementor-element elementor-element-7efd2aa elementor-widget elementor-widget-image\" data-id=\"7efd2aa\" data-element_type=\"widget\" data-e-type=\"widget\" data-widget_type=\"image.default\">\n\t\t\t\t<div class=\"elementor-widget-container\">\n\t\t\t\t\t\t\t\t\t\t\t\t\t\t\t\t<a href=\"https:\/\/www.recordrentacar.com\/es\/alquiler-coches-mallorca-aeropuerto\/\" target=\"_blank\" rel=\"nofollow\">\n\t\t\t\t\t\t\t<img decoding=\"async\" width=\"800\" height=\"278\" src=\"https:\/\/rentallorca.com\/blog\/wp-content\/uploads\/2025\/09\/record.jpg\" class=\"attachment-large size-large wp-image-2570\" alt=\"\" srcset=\"https:\/\/rentallorca.com\/blog\/wp-content\/uploads\/2025\/09\/record.jpg 886w, https:\/\/rentallorca.com\/blog\/wp-content\/uploads\/2025\/09\/record-300x104.jpg 300w, https:\/\/rentallorca.com\/blog\/wp-content\/uploads\/2025\/09\/record-768x267.jpg 768w\" sizes=\"(max-width: 800px) 100vw, 800px\" \/>\t\t\t\t\t\t\t\t<\/a>\n\t\t\t\t\t\t\t\t\t\t\t\t\t\t\t<\/div>\n\t\t\t\t<\/div>\n\t\t\t\t<\/div>\n\t\t<div class=\"elementor-element elementor-element-652d90d e-con-full e-flex e-con e-child\" data-id=\"652d90d\" data-element_type=\"container\" data-e-type=\"container\">\n\t\t\t\t<div class=\"elementor-element elementor-element-f6902bd elementor-widget elementor-widget-image\" data-id=\"f6902bd\" data-element_type=\"widget\" data-e-type=\"widget\" data-widget_type=\"image.default\">\n\t\t\t\t<div class=\"elementor-widget-container\">\n\t\t\t\t\t\t\t\t\t\t\t\t\t\t\t\t<a href=\"https:\/\/www.doyouspain.com\/alquiler-coches\/index.htm\" target=\"_blank\" rel=\"nofollow\">\n\t\t\t\t\t\t\t<img decoding=\"async\" width=\"246\" height=\"74\" src=\"https:\/\/rentallorca.com\/blog\/wp-content\/uploads\/2025\/09\/Do-you-Spain.png\" class=\"attachment-full size-full wp-image-2567\" alt=\"\" \/>\t\t\t\t\t\t\t\t<\/a>\n\t\t\t\t\t\t\t\t\t\t\t\t\t\t\t<\/div>\n\t\t\t\t<\/div>\n\t\t\t\t<\/div>\n\t\t<div class=\"elementor-element elementor-element-4df58bb e-con-full e-flex e-con e-child\" data-id=\"4df58bb\" data-element_type=\"container\" data-e-type=\"container\">\n\t\t\t\t<div class=\"elementor-element elementor-element-9690185 elementor-widget elementor-widget-image\" data-id=\"9690185\" data-element_type=\"widget\" data-e-type=\"widget\" data-widget_type=\"image.default\">\n\t\t\t\t<div class=\"elementor-widget-container\">\n\t\t\t\t\t\t\t\t\t\t\t\t\t\t\t\t<a href=\"https:\/\/www.europcar.es\/es-es\" target=\"_blank\" rel=\"nofollow\">\n\t\t\t\t\t\t\t<img loading=\"lazy\" decoding=\"async\" width=\"680\" height=\"237\" src=\"https:\/\/rentallorca.com\/blog\/wp-content\/uploads\/2025\/09\/Europcar.png\" class=\"attachment-large size-large wp-image-2573\" alt=\"\" srcset=\"https:\/\/rentallorca.com\/blog\/wp-content\/uploads\/2025\/09\/Europcar.png 680w, https:\/\/rentallorca.com\/blog\/wp-content\/uploads\/2025\/09\/Europcar-300x105.png 300w\" sizes=\"(max-width: 680px) 100vw, 680px\" \/>\t\t\t\t\t\t\t\t<\/a>\n\t\t\t\t\t\t\t\t\t\t\t\t\t\t\t<\/div>\n\t\t\t\t<\/div>\n\t\t\t\t<\/div>\n\t\t<div class=\"elementor-element elementor-element-02abbdb e-con-full e-flex e-con e-child\" data-id=\"02abbdb\" data-element_type=\"container\" data-e-type=\"container\">\n\t\t\t\t<div class=\"elementor-element elementor-element-3f3e835 elementor-widget elementor-widget-image\" data-id=\"3f3e835\" data-element_type=\"widget\" data-e-type=\"widget\" data-widget_type=\"image.default\">\n\t\t\t\t<div class=\"elementor-widget-container\">\n\t\t\t\t\t\t\t\t\t\t\t\t\t\t\t\t<a href=\"https:\/\/www.sixt.es\/alquiler-coches\/espana\/mallorca\/\" target=\"_blank\" rel=\"nofollow\">\n\t\t\t\t\t\t\t<img loading=\"lazy\" decoding=\"async\" width=\"330\" height=\"136\" src=\"https:\/\/rentallorca.com\/blog\/wp-content\/uploads\/2025\/09\/sixt.png\" class=\"attachment-large size-large wp-image-2561\" alt=\"\" srcset=\"https:\/\/rentallorca.com\/blog\/wp-content\/uploads\/2025\/09\/sixt.png 330w, https:\/\/rentallorca.com\/blog\/wp-content\/uploads\/2025\/09\/sixt-300x124.png 300w\" sizes=\"(max-width: 330px) 100vw, 330px\" \/>\t\t\t\t\t\t\t\t<\/a>\n\t\t\t\t\t\t\t\t\t\t\t\t\t\t\t<\/div>\n\t\t\t\t<\/div>\n\t\t\t\t<\/div>\n\t\t\t\t<\/div>\n\t\t\t\t\t<\/div>\n\t\t\t\t<\/div>\n\t\t<div class=\"elementor-element elementor-element-645caed e-flex e-con-boxed e-con e-parent\" data-id=\"645caed\" data-element_type=\"container\" data-e-type=\"container\">\n\t\t\t\t\t<div class=\"e-con-inner\">\n\t\t<div class=\"elementor-element elementor-element-f35e6c7 e-con-full e-flex e-con e-child\" data-id=\"f35e6c7\" data-element_type=\"container\" data-e-type=\"container\" data-settings=\"{&quot;background_background&quot;:&quot;classic&quot;}\">\n\t\t\t\t<div class=\"elementor-element elementor-element-f4bd611 elementor-widget elementor-widget-heading\" data-id=\"f4bd611\" data-element_type=\"widget\" data-e-type=\"widget\" data-widget_type=\"heading.default\">\n\t\t\t\t<div class=\"elementor-widget-container\">\n\t\t\t\t\t<p class=\"elementor-heading-title elementor-size-default\">Conduce m\u00e1s por menos\n<\/p>\t\t\t\t<\/div>\n\t\t\t\t<\/div>\n\t\t\t\t<div class=\"elementor-element elementor-element-a30bfc7 elementor-widget elementor-widget-heading\" data-id=\"a30bfc7\" data-element_type=\"widget\" data-e-type=\"widget\" data-widget_type=\"heading.default\">\n\t\t\t\t<div class=\"elementor-widget-container\">\n\t\t\t\t\t<h2 class=\"elementor-heading-title elementor-size-default\">Desbloquea tu descuento en EECar Rental<\/h2>\t\t\t\t<\/div>\n\t\t\t\t<\/div>\n\t\t\t\t<div class=\"elementor-element elementor-element-e489f20 elementor-widget__width-initial elementor-widget elementor-widget-text-editor\" data-id=\"e489f20\" data-element_type=\"widget\" data-e-type=\"widget\" data-widget_type=\"text-editor.default\">\n\t\t\t\t<div class=\"elementor-widget-container\">\n\t\t\t\t\t\t\t\t\t<p data-start=\"121\" data-end=\"242\">Con nuestro c\u00f3digo promocional &#8220;rentallorca&#8221;, obtendr\u00e1s <strong data-start=\"211\" data-end=\"239\">10% menos en tu alquiler<\/strong>.<\/p>\t\t\t\t\t\t\t\t<\/div>\n\t\t\t\t<\/div>\n\t\t\t\t<div class=\"elementor-element elementor-element-b234361 elementor-align-center elementor-mobile-align-center elementor-invisible elementor-widget elementor-widget-button\" data-id=\"b234361\" data-element_type=\"widget\" data-e-type=\"widget\" data-settings=\"{&quot;_animation&quot;:&quot;fadeInUp&quot;}\" data-widget_type=\"button.default\">\n\t\t\t\t<div class=\"elementor-widget-container\">\n\t\t\t\t\t\t\t\t\t<div class=\"elementor-button-wrapper\">\n\t\t\t\t\t<a class=\"elementor-button elementor-button-link elementor-size-sm elementor-animation-grow\" href=\"https:\/\/rentallorca.com\/alquiler\/oferta-eecar-rental-10-25680.html\">\n\t\t\t\t\t\t<span class=\"elementor-button-content-wrapper\">\n\t\t\t\t\t\t\t\t\t<span class=\"elementor-button-text\">Reserva ahora<\/span>\n\t\t\t\t\t<\/span>\n\t\t\t\t\t<\/a>\n\t\t\t\t<\/div>\n\t\t\t\t\t\t\t\t<\/div>\n\t\t\t\t<\/div>\n\t\t\t\t<\/div>\n\t\t\t\t\t<\/div>\n\t\t\t\t<\/div>\n\t\t<div class=\"elementor-element elementor-element-b72e20b e-flex e-con-boxed e-con e-parent\" data-id=\"b72e20b\" data-element_type=\"container\" data-e-type=\"container\">\n\t\t\t\t\t<div class=\"e-con-inner\">\n\t\t\t\t<div class=\"elementor-element elementor-element-4d73d03 elementor-widget elementor-widget-heading\" data-id=\"4d73d03\" data-element_type=\"widget\" data-e-type=\"widget\" data-widget_type=\"heading.default\">\n\t\t\t\t<div class=\"elementor-widget-container\">\n\t\t\t\t\t<h2 class=\"elementor-heading-title elementor-size-default\">Los requisitos y seguros que necesitas para alquilar coche en Mallorca<\/h2>\t\t\t\t<\/div>\n\t\t\t\t<\/div>\n\t\t\t\t<div class=\"elementor-element elementor-element-cf72aa6 elementor-widget elementor-widget-text-editor\" data-id=\"cf72aa6\" data-element_type=\"widget\" data-e-type=\"widget\" data-widget_type=\"text-editor.default\">\n\t\t\t\t<div class=\"elementor-widget-container\">\n\t\t\t\t\t\t\t\t\t<p><span style=\"font-weight: 400;\">Por suerte para todos, no se necesita un m\u00e1ster ni una ingenier\u00eda para alquilar un coche en Mallorca, pero <\/span><b>s\u00ed necesitas cumplir con algunos requisitos b\u00e1sicos.<\/b><\/p><p><span style=\"font-weight: 400;\">La edad m\u00ednima para alquilar un veh\u00edculo suele ser<\/span><b> 21 a\u00f1os<\/b><span style=\"font-weight: 400;\"> y tener el <\/span><b>carn\u00e9 de conducir en vigor<\/b><span style=\"font-weight: 400;\">. Adem\u00e1s deber\u00e1s dejar una <\/span><b>fianza<\/b><span style=\"font-weight: 400;\"> y tienes que hacerte el <\/span><b>seguro de responsabilidad civil<\/b><span style=\"font-weight: 400;\">, aunque te recomendamos a\u00f1adir cobertura a todo riesgo.<\/span><\/p>\t\t\t\t\t\t\t\t<\/div>\n\t\t\t\t<\/div>\n\t\t\t\t\t<\/div>\n\t\t\t\t<\/div>\n\t\t<div class=\"elementor-element elementor-element-d0ba888 e-flex e-con-boxed e-con e-parent\" data-id=\"d0ba888\" data-element_type=\"container\" data-e-type=\"container\">\n\t\t\t\t\t<div class=\"e-con-inner\">\n\t\t\t\t<div class=\"elementor-element elementor-element-cb9df97 elementor-widget elementor-widget-heading\" data-id=\"cb9df97\" data-element_type=\"widget\" data-e-type=\"widget\" data-widget_type=\"heading.default\">\n\t\t\t\t<div class=\"elementor-widget-container\">\n\t\t\t\t\t<h2 class=\"elementor-heading-title elementor-size-default\">Consejos pr\u00e1cticos para conducir en Mallorca sin contratiempos\n<\/h2>\t\t\t\t<\/div>\n\t\t\t\t<\/div>\n\t\t\t\t<div class=\"elementor-element elementor-element-9309031 elementor-widget elementor-widget-text-editor\" data-id=\"9309031\" data-element_type=\"widget\" data-e-type=\"widget\" data-widget_type=\"text-editor.default\">\n\t\t\t\t<div class=\"elementor-widget-container\">\n\t\t\t\t\t\t\t\t\t<p><span style=\"font-weight: 400;\">Conducir aqu\u00ed es sencillo, pero no est\u00e1 de m\u00e1s tener en cuenta <\/span><b>algunos trucos:<\/b><\/p><p><span style=\"font-weight: 400;\">Tienes que poner especial atenci\u00f3n a las <\/span><b>carreteras de monta\u00f1a<\/b><span style=\"font-weight: 400;\">, si vas a la Serra de Tramuntana disfrutar\u00e1s de unas vistas de pel\u00edcula, pero tambi\u00e9n de curvas que parecen dise\u00f1adas para marear a los copilotos.<\/span><\/p><p><span style=\"font-weight: 400;\">El aparcamiento en Palma puede ser misi\u00f3n imposible, por lo que te aconsejamos buscar <\/span><b>parkings p\u00fablicos<\/b><span style=\"font-weight: 400;\"> en lugar de dar un mont\u00f3n de vueltas. Tambi\u00e9n deber\u00e1s tener el<\/span><b> GPS actualizado<\/b><span style=\"font-weight: 400;\">, ya que algunas calas no est\u00e1n se\u00f1alizadas y acabar\u00e1s jugando a encontrar el tesoro.<\/span><\/p><p><span style=\"font-weight: 400;\">No hace falta decir que hay que<\/span><b> respetar los l\u00edmites de velocidad<\/b><span style=\"font-weight: 400;\">, porque no querr\u00e1s llevarte un souvenir en forma de multa.<\/span><\/p>\t\t\t\t\t\t\t\t<\/div>\n\t\t\t\t<\/div>\n\t\t\t\t<div class=\"elementor-element elementor-element-940383e elementor-widget elementor-widget-image\" data-id=\"940383e\" data-element_type=\"widget\" data-e-type=\"widget\" data-widget_type=\"image.default\">\n\t\t\t\t<div class=\"elementor-widget-container\">\n\t\t\t\t\t\t\t\t\t\t\t\t\t\t\t<img loading=\"lazy\" decoding=\"async\" width=\"1254\" height=\"627\" src=\"https:\/\/rentallorca.com\/blog\/wp-content\/uploads\/2025\/09\/alquiler-de-coches-mallorca.jpg\" class=\"attachment-full size-full wp-image-2579\" alt=\"alquiler-de-coches-mallorca.jpg\" srcset=\"https:\/\/rentallorca.com\/blog\/wp-content\/uploads\/2025\/09\/alquiler-de-coches-mallorca.jpg 1254w, https:\/\/rentallorca.com\/blog\/wp-content\/uploads\/2025\/09\/alquiler-de-coches-mallorca-300x150.jpg 300w, https:\/\/rentallorca.com\/blog\/wp-content\/uploads\/2025\/09\/alquiler-de-coches-mallorca-1024x512.jpg 1024w, https:\/\/rentallorca.com\/blog\/wp-content\/uploads\/2025\/09\/alquiler-de-coches-mallorca-768x384.jpg 768w\" sizes=\"(max-width: 1254px) 100vw, 1254px\" \/>\t\t\t\t\t\t\t\t\t\t\t\t\t\t\t<\/div>\n\t\t\t\t<\/div>\n\t\t\t\t\t<\/div>\n\t\t\t\t<\/div>\n\t\t<div class=\"elementor-element elementor-element-3f980f5 e-flex e-con-boxed e-con e-parent\" data-id=\"3f980f5\" data-element_type=\"container\" data-e-type=\"container\">\n\t\t\t\t\t<div class=\"e-con-inner\">\n\t\t\t\t<div class=\"elementor-element elementor-element-6978e67 elementor-widget elementor-widget-heading\" data-id=\"6978e67\" data-element_type=\"widget\" data-e-type=\"widget\" data-widget_type=\"heading.default\">\n\t\t\t\t<div class=\"elementor-widget-container\">\n\t\t\t\t\t<h2 class=\"elementor-heading-title elementor-size-default\">Alternativas al alquiler de coche en Mallorca que quiz\u00e1 no conoc\u00edas<\/h2>\t\t\t\t<\/div>\n\t\t\t\t<\/div>\n\t\t\t\t<div class=\"elementor-element elementor-element-34e95cc elementor-widget elementor-widget-text-editor\" data-id=\"34e95cc\" data-element_type=\"widget\" data-e-type=\"widget\" data-widget_type=\"text-editor.default\">\n\t\t\t\t<div class=\"elementor-widget-container\">\n\t\t\t\t\t\t\t\t\t<p><span style=\"font-weight: 400;\">Si lo tuyo no es conducir, no pasa nada, tambi\u00e9n <\/span><b>tenemos otras opciones <\/b><span style=\"font-weight: 400;\">para todos los gustos.<\/span><\/p><p><span style=\"font-weight: 400;\">Las<\/span><b> bicicletas el\u00e9ctricas<\/b><span style=\"font-weight: 400;\"> son ideales para recorrer tramos de la isla, as\u00ed como las <\/span><b>scooters<\/b><span style=\"font-weight: 400;\"> o las <\/span><b>motos<\/b><span style=\"font-weight: 400;\"> son muy pr\u00e1cticas para parejas aventureras y acceder a las calles m\u00e1s estrechas. Aunque si lo tuyo es el agua, tambi\u00e9n puedes alquilar un <\/span><b>barco<\/b><span style=\"font-weight: 400;\"> y explotar la costa desde el mar.<\/span><\/p><p><span style=\"font-weight: 400;\">Si no quieres ser el piloto de la aventura, las <\/span><b>excursiones organizadas<\/b><span style=\"font-weight: 400;\"> pueden ser una opci\u00f3n perfecta para no preocuparte de estar atento al volante.<\/span><\/p>\t\t\t\t\t\t\t\t<\/div>\n\t\t\t\t<\/div>\n\t\t\t\t\t<\/div>\n\t\t\t\t<\/div>\n\t\t<div class=\"elementor-element elementor-element-3e8a770 e-flex e-con-boxed e-con e-parent\" data-id=\"3e8a770\" data-element_type=\"container\" data-e-type=\"container\">\n\t\t\t\t\t<div class=\"e-con-inner\">\n\t\t\t\t<div class=\"elementor-element elementor-element-29a57ec elementor-widget elementor-widget-heading\" data-id=\"29a57ec\" data-element_type=\"widget\" data-e-type=\"widget\" data-widget_type=\"heading.default\">\n\t\t\t\t<div class=\"elementor-widget-container\">\n\t\t\t\t\t<h2 class=\"elementor-heading-title elementor-size-default\">Alquilar un coche es tu pasaporte para descubrir Mallorca\n<\/h2>\t\t\t\t<\/div>\n\t\t\t\t<\/div>\n\t\t\t\t<div class=\"elementor-element elementor-element-f98f55d elementor-widget elementor-widget-text-editor\" data-id=\"f98f55d\" data-element_type=\"widget\" data-e-type=\"widget\" data-widget_type=\"text-editor.default\">\n\t\t\t\t<div class=\"elementor-widget-container\">\n\t\t\t\t\t\t\t\t\t<p><span style=\"font-weight: 400;\">Mallorca es un destino tan diverso que sin ruedas te perder\u00e1s la mitad. Desde las monta\u00f1as del norte, pasando por las playas turquesas,<\/span><b> cada rinc\u00f3n te ofrecer\u00e1 algo \u00fanico<\/b><span style=\"font-weight: 400;\">. Y, mientras unos se conforman con una postal, t\u00fa puedes ser de los que recorran la isla de arriba a abajo.<\/span><\/p><p><span style=\"font-weight: 400;\">Con <\/span><b>Rentallorca<\/b><span style=\"font-weight: 400;\">, tendr\u00e1s la combinaci\u00f3n perfecta de <\/span><b>alojamiento y coche<\/b><span style=\"font-weight: 400;\"> listo para la aventura. As\u00ed, puedes despertar en tu casa rural, desayunar sin horarios y en menos de una hora llegar a un pueblo medieval o estar nadando en aguas cristalinas. Todo a tu manera, sin prisas, sin horarios y sin estr\u00e9s.<\/span><\/p><p><span style=\"font-weight: 400;\">Si quieres que tu viaje a Mallorca sea tan libre como la brisa del mar, elige las llaves de un coche. Porque en Mallorca, el verdadero lujo no solo es la playa, sino <\/span><b>la libertad de poder verlo todo.<\/b><\/p>\t\t\t\t\t\t\t\t<\/div>\n\t\t\t\t<\/div>\n\t\t\t\t\t<\/div>\n\t\t\t\t<\/div>\n\t\t<div class=\"elementor-element elementor-element-5b122326 e-flex e-con-boxed e-con e-parent\" data-id=\"5b122326\" data-element_type=\"container\" data-e-type=\"container\">\n\t\t\t\t\t<div class=\"e-con-inner\">\n\t\t\t\t<div class=\"elementor-element elementor-element-68b3df99 elementor-widget elementor-widget-shortcode\" data-id=\"68b3df99\" data-element_type=\"widget\" data-e-type=\"widget\" data-widget_type=\"shortcode.default\">\n\t\t\t\t<div class=\"elementor-widget-container\">\n\t\t\t\t\t\t\t<div class=\"elementor-shortcode\">\t\t<div data-elementor-type=\"page\" data-elementor-id=\"170\" class=\"elementor elementor-170\" data-elementor-post-type=\"elementor_library\">\n\t\t\t\t<div class=\"elementor-element elementor-element-16c5e22 e-flex e-con-boxed e-con e-parent\" data-id=\"16c5e22\" data-element_type=\"container\" data-e-type=\"container\">\n\t\t\t\t\t<div class=\"e-con-inner\">\n\t\t<div class=\"elementor-element elementor-element-ac67807 e-con-full e-flex e-con e-child\" data-id=\"ac67807\" data-element_type=\"container\" data-e-type=\"container\">\n\t\t\t\t<div class=\"elementor-element elementor-element-2ab04b2 elementor-align-justify elementor-widget elementor-widget-button\" data-id=\"2ab04b2\" data-element_type=\"widget\" data-e-type=\"widget\" data-widget_type=\"button.default\">\n\t\t\t\t<div class=\"elementor-widget-container\">\n\t\t\t\t\t\t\t\t\t<div class=\"elementor-button-wrapper\">\n\t\t\t\t\t<a class=\"elementor-button elementor-button-link elementor-size-sm\" href=\"https:\/\/rentallorca.com\/alquiler\/alquileres-mallorca-e21\/\">\n\t\t\t\t\t\t<span class=\"elementor-button-content-wrapper\">\n\t\t\t\t\t\t\t\t\t<span class=\"elementor-button-text\">Alojamientos Mallorca<\/span>\n\t\t\t\t\t<\/span>\n\t\t\t\t\t<\/a>\n\t\t\t\t<\/div>\n\t\t\t\t\t\t\t\t<\/div>\n\t\t\t\t<\/div>\n\t\t\t\t<\/div>\n\t\t<div class=\"elementor-element elementor-element-6bea3dd e-con-full e-flex e-con e-child\" data-id=\"6bea3dd\" data-element_type=\"container\" data-e-type=\"container\">\n\t\t\t\t<div class=\"elementor-element elementor-element-ff8a437 elementor-align-justify elementor-widget elementor-widget-button\" data-id=\"ff8a437\" data-element_type=\"widget\" data-e-type=\"widget\" data-widget_type=\"button.default\">\n\t\t\t\t<div class=\"elementor-widget-container\">\n\t\t\t\t\t\t\t\t\t<div class=\"elementor-button-wrapper\">\n\t\t\t\t\t<a class=\"elementor-button elementor-button-link elementor-size-sm\" href=\"https:\/\/rentallorca.com\/alquiler\/apartamentos-mallorca-c1e21\/\">\n\t\t\t\t\t\t<span class=\"elementor-button-content-wrapper\">\n\t\t\t\t\t\t\t\t\t<span class=\"elementor-button-text\">Apartamentos Mallorca<\/span>\n\t\t\t\t\t<\/span>\n\t\t\t\t\t<\/a>\n\t\t\t\t<\/div>\n\t\t\t\t\t\t\t\t<\/div>\n\t\t\t\t<\/div>\n\t\t\t\t<\/div>\n\t\t<div class=\"elementor-element elementor-element-d557a64 e-con-full e-flex e-con e-child\" data-id=\"d557a64\" data-element_type=\"container\" data-e-type=\"container\">\n\t\t\t\t<div class=\"elementor-element elementor-element-4421fc4 elementor-align-justify elementor-widget elementor-widget-button\" data-id=\"4421fc4\" data-element_type=\"widget\" data-e-type=\"widget\" data-widget_type=\"button.default\">\n\t\t\t\t<div class=\"elementor-widget-container\">\n\t\t\t\t\t\t\t\t\t<div class=\"elementor-button-wrapper\">\n\t\t\t\t\t<a class=\"elementor-button elementor-button-link elementor-size-sm\" href=\"https:\/\/rentallorca.com\/alquiler\/casas-alcudia-c19d1098\/\">\n\t\t\t\t\t\t<span class=\"elementor-button-content-wrapper\">\n\t\t\t\t\t\t\t\t\t<span class=\"elementor-button-text\">Casas Mallorca<\/span>\n\t\t\t\t\t<\/span>\n\t\t\t\t\t<\/a>\n\t\t\t\t<\/div>\n\t\t\t\t\t\t\t\t<\/div>\n\t\t\t\t<\/div>\n\t\t\t\t<\/div>\n\t\t<div class=\"elementor-element elementor-element-995a361 e-con-full e-flex e-con e-child\" data-id=\"995a361\" data-element_type=\"container\" data-e-type=\"container\">\n\t\t\t\t<div class=\"elementor-element elementor-element-e6addd0 elementor-align-justify elementor-widget elementor-widget-button\" data-id=\"e6addd0\" data-element_type=\"widget\" data-e-type=\"widget\" data-widget_type=\"button.default\">\n\t\t\t\t<div class=\"elementor-widget-container\">\n\t\t\t\t\t\t\t\t\t<div class=\"elementor-button-wrapper\">\n\t\t\t\t\t<a class=\"elementor-button elementor-button-link elementor-size-sm\" href=\"https:\/\/rentallorca.com\/alquiler\/fincas-mallorca-c22e21\/\">\n\t\t\t\t\t\t<span class=\"elementor-button-content-wrapper\">\n\t\t\t\t\t\t\t\t\t<span class=\"elementor-button-text\">Fincas Mallorca<\/span>\n\t\t\t\t\t<\/span>\n\t\t\t\t\t<\/a>\n\t\t\t\t<\/div>\n\t\t\t\t\t\t\t\t<\/div>\n\t\t\t\t<\/div>\n\t\t\t\t<\/div>\n\t\t\t\t\t<\/div>\n\t\t\t\t<\/div>\n\t\t\t\t<\/div>\n\t\t<\/div>\n\t\t\t\t\t\t<\/div>\n\t\t\t\t<\/div>\n\t\t\t\t\t<\/div>\n\t\t\t\t<\/div>\n\t\t\t\t<\/div>\n\t\t","protected":false},"excerpt":{"rendered":"<p>Cuando piensas en Mallorca seguro que lo primero que te viene a la cabeza son playas abarrotadas y sombrillas de colores. Y no, no te equivocas, pero quiz\u00e1s si que necesitas una buena actualizaci\u00f3n, porque esta isla es mucho m\u00e1s que mar y arena. Mallorca cuenta con pueblos preciosos, monta\u00f1as espectaculares, calas escondidas y mercadillos [&hellip;]<\/p>\n","protected":false},"author":3,"featured_media":2582,"comment_status":"open","ping_status":"open","sticky":false,"template":"","format":"standard","meta":{"footnotes":""},"categories":[1],"tags":[],"class_list":["post-2552","post","type-post","status-publish","format-standard","has-post-thumbnail","hentry","category-mallorca"],"yoast_head":"<!-- This site is optimized with the Yoast SEO plugin v27.5 - https:\/\/yoast.com\/product\/yoast-seo-wordpress\/ -->\n<title>Alquiler de coches en Mallorca - Blog<\/title>\n<meta name=\"description\" content=\"\u00bfQuieres descubrir la isla al m\u00e1ximo? Descubre c\u00f3mo y d\u00f3nde alquilar un coche en Mallorca. Las mejores ofertas.\" \/>\n<meta name=\"robots\" content=\"index, follow, max-snippet:-1, max-image-preview:large, max-video-preview:-1\" \/>\n<link rel=\"canonical\" href=\"https:\/\/rentallorca.com\/blog\/alquiler-coche-mallorca\/\" \/>\n<meta property=\"og:locale\" content=\"es_ES\" \/>\n<meta property=\"og:type\" content=\"article\" \/>\n<meta property=\"og:title\" content=\"Alquiler de coches en Mallorca - Blog\" \/>\n<meta property=\"og:description\" content=\"\u00bfQuieres descubrir la isla al m\u00e1ximo? Descubre c\u00f3mo y d\u00f3nde alquilar un coche en Mallorca. Las mejores ofertas.\" \/>\n<meta property=\"og:url\" content=\"https:\/\/rentallorca.com\/blog\/alquiler-coche-mallorca\/\" \/>\n<meta property=\"og:site_name\" content=\"Blog\" \/>\n<meta property=\"article:published_time\" content=\"2025-09-08T15:33:19+00:00\" \/>\n<meta property=\"article:modified_time\" content=\"2025-11-28T07:51:20+00:00\" \/>\n<meta property=\"og:image\" content=\"https:\/\/rentallorca.com\/blog\/wp-content\/uploads\/2025\/09\/Allquilar-un-coche-en-Mallorca.jpg\" \/>\n\t<meta property=\"og:image:width\" content=\"2120\" \/>\n\t<meta property=\"og:image:height\" content=\"707\" \/>\n\t<meta property=\"og:image:type\" content=\"image\/jpeg\" \/>\n<meta name=\"author\" content=\"Axel\" \/>\n<meta name=\"twitter:card\" content=\"summary_large_image\" \/>\n<meta name=\"twitter:label1\" content=\"Written by\" \/>\n\t<meta name=\"twitter:data1\" content=\"Axel\" \/>\n\t<meta name=\"twitter:label2\" content=\"Est. reading time\" \/>\n\t<meta name=\"twitter:data2\" content=\"6 minutes\" \/>\n<script type=\"application\/ld+json\" class=\"yoast-schema-graph\">{\"@context\":\"https:\\\/\\\/schema.org\",\"@graph\":[{\"@type\":\"Article\",\"@id\":\"https:\\\/\\\/rentallorca.com\\\/blog\\\/alquiler-coche-mallorca\\\/#article\",\"isPartOf\":{\"@id\":\"https:\\\/\\\/rentallorca.com\\\/blog\\\/alquiler-coche-mallorca\\\/\"},\"author\":{\"name\":\"Axel\",\"@id\":\"https:\\\/\\\/rentallorca.com\\\/blog\\\/#\\\/schema\\\/person\\\/8c5ebe5bf8d43e9757ab6869e1d4cbe4\"},\"headline\":\"Alquiler de coche en Mallorca: la clave para explorar la isla a tu ritmo\",\"datePublished\":\"2025-09-08T15:33:19+00:00\",\"dateModified\":\"2025-11-28T07:51:20+00:00\",\"mainEntityOfPage\":{\"@id\":\"https:\\\/\\\/rentallorca.com\\\/blog\\\/alquiler-coche-mallorca\\\/\"},\"wordCount\":903,\"commentCount\":0,\"image\":{\"@id\":\"https:\\\/\\\/rentallorca.com\\\/blog\\\/alquiler-coche-mallorca\\\/#primaryimage\"},\"thumbnailUrl\":\"https:\\\/\\\/rentallorca.com\\\/blog\\\/wp-content\\\/uploads\\\/2025\\\/09\\\/Allquilar-un-coche-en-Mallorca.jpg\",\"articleSection\":[\"Mallorca\"],\"inLanguage\":\"es\",\"potentialAction\":[{\"@type\":\"CommentAction\",\"name\":\"Comment\",\"target\":[\"https:\\\/\\\/rentallorca.com\\\/blog\\\/alquiler-coche-mallorca\\\/#respond\"]}]},{\"@type\":\"WebPage\",\"@id\":\"https:\\\/\\\/rentallorca.com\\\/blog\\\/alquiler-coche-mallorca\\\/\",\"url\":\"https:\\\/\\\/rentallorca.com\\\/blog\\\/alquiler-coche-mallorca\\\/\",\"name\":\"Alquiler de coches en Mallorca - Blog\",\"isPartOf\":{\"@id\":\"https:\\\/\\\/rentallorca.com\\\/blog\\\/#website\"},\"primaryImageOfPage\":{\"@id\":\"https:\\\/\\\/rentallorca.com\\\/blog\\\/alquiler-coche-mallorca\\\/#primaryimage\"},\"image\":{\"@id\":\"https:\\\/\\\/rentallorca.com\\\/blog\\\/alquiler-coche-mallorca\\\/#primaryimage\"},\"thumbnailUrl\":\"https:\\\/\\\/rentallorca.com\\\/blog\\\/wp-content\\\/uploads\\\/2025\\\/09\\\/Allquilar-un-coche-en-Mallorca.jpg\",\"datePublished\":\"2025-09-08T15:33:19+00:00\",\"dateModified\":\"2025-11-28T07:51:20+00:00\",\"author\":{\"@id\":\"https:\\\/\\\/rentallorca.com\\\/blog\\\/#\\\/schema\\\/person\\\/8c5ebe5bf8d43e9757ab6869e1d4cbe4\"},\"description\":\"\u00bfQuieres descubrir la isla al m\u00e1ximo? Descubre c\u00f3mo y d\u00f3nde alquilar un coche en Mallorca. Las mejores ofertas.\",\"breadcrumb\":{\"@id\":\"https:\\\/\\\/rentallorca.com\\\/blog\\\/alquiler-coche-mallorca\\\/#breadcrumb\"},\"inLanguage\":\"es\",\"potentialAction\":[{\"@type\":\"ReadAction\",\"target\":[\"https:\\\/\\\/rentallorca.com\\\/blog\\\/alquiler-coche-mallorca\\\/\"]}]},{\"@type\":\"ImageObject\",\"inLanguage\":\"es\",\"@id\":\"https:\\\/\\\/rentallorca.com\\\/blog\\\/alquiler-coche-mallorca\\\/#primaryimage\",\"url\":\"https:\\\/\\\/rentallorca.com\\\/blog\\\/wp-content\\\/uploads\\\/2025\\\/09\\\/Allquilar-un-coche-en-Mallorca.jpg\",\"contentUrl\":\"https:\\\/\\\/rentallorca.com\\\/blog\\\/wp-content\\\/uploads\\\/2025\\\/09\\\/Allquilar-un-coche-en-Mallorca.jpg\",\"width\":2120,\"height\":707,\"caption\":\"Young beautiful woman traveling by car in the mountains, summer vacation and adventure\"},{\"@type\":\"BreadcrumbList\",\"@id\":\"https:\\\/\\\/rentallorca.com\\\/blog\\\/alquiler-coche-mallorca\\\/#breadcrumb\",\"itemListElement\":[{\"@type\":\"ListItem\",\"position\":1,\"name\":\"Home\",\"item\":\"https:\\\/\\\/rentallorca.com\\\/blog\\\/\"},{\"@type\":\"ListItem\",\"position\":2,\"name\":\"Alquiler de coche en Mallorca: la clave para explorar la isla a tu ritmo\"}]},{\"@type\":\"WebSite\",\"@id\":\"https:\\\/\\\/rentallorca.com\\\/blog\\\/#website\",\"url\":\"https:\\\/\\\/rentallorca.com\\\/blog\\\/\",\"name\":\"Blog\",\"description\":\"Rentallorca\",\"potentialAction\":[{\"@type\":\"SearchAction\",\"target\":{\"@type\":\"EntryPoint\",\"urlTemplate\":\"https:\\\/\\\/rentallorca.com\\\/blog\\\/?s={search_term_string}\"},\"query-input\":{\"@type\":\"PropertyValueSpecification\",\"valueRequired\":true,\"valueName\":\"search_term_string\"}}],\"inLanguage\":\"es\"},{\"@type\":\"Person\",\"@id\":\"https:\\\/\\\/rentallorca.com\\\/blog\\\/#\\\/schema\\\/person\\\/8c5ebe5bf8d43e9757ab6869e1d4cbe4\",\"name\":\"Axel\",\"image\":{\"@type\":\"ImageObject\",\"inLanguage\":\"es\",\"@id\":\"https:\\\/\\\/secure.gravatar.com\\\/avatar\\\/3bd706736e5b70f21f05f6c2d5cad746767782a4ba4b7df399c5969e2a9318fd?s=96&d=mm&r=g\",\"url\":\"https:\\\/\\\/secure.gravatar.com\\\/avatar\\\/3bd706736e5b70f21f05f6c2d5cad746767782a4ba4b7df399c5969e2a9318fd?s=96&d=mm&r=g\",\"contentUrl\":\"https:\\\/\\\/secure.gravatar.com\\\/avatar\\\/3bd706736e5b70f21f05f6c2d5cad746767782a4ba4b7df399c5969e2a9318fd?s=96&d=mm&r=g\",\"caption\":\"Axel\"},\"url\":\"https:\\\/\\\/rentallorca.com\\\/blog\\\/author\\\/axel\\\/\"}]}<\/script>\n<!-- \/ Yoast SEO plugin. -->","yoast_head_json":{"title":"Alquiler de coches en Mallorca - Blog","description":"\u00bfQuieres descubrir la isla al m\u00e1ximo? Descubre c\u00f3mo y d\u00f3nde alquilar un coche en Mallorca. Las mejores ofertas.","robots":{"index":"index","follow":"follow","max-snippet":"max-snippet:-1","max-image-preview":"max-image-preview:large","max-video-preview":"max-video-preview:-1"},"canonical":"https:\/\/rentallorca.com\/blog\/alquiler-coche-mallorca\/","og_locale":"es_ES","og_type":"article","og_title":"Alquiler de coches en Mallorca - Blog","og_description":"\u00bfQuieres descubrir la isla al m\u00e1ximo? Descubre c\u00f3mo y d\u00f3nde alquilar un coche en Mallorca. Las mejores ofertas.","og_url":"https:\/\/rentallorca.com\/blog\/alquiler-coche-mallorca\/","og_site_name":"Blog","article_published_time":"2025-09-08T15:33:19+00:00","article_modified_time":"2025-11-28T07:51:20+00:00","og_image":[{"width":2120,"height":707,"url":"https:\/\/rentallorca.com\/blog\/wp-content\/uploads\/2025\/09\/Allquilar-un-coche-en-Mallorca.jpg","type":"image\/jpeg"}],"author":"Axel","twitter_card":"summary_large_image","twitter_misc":{"Written by":"Axel","Est. reading time":"6 minutes"},"schema":{"@context":"https:\/\/schema.org","@graph":[{"@type":"Article","@id":"https:\/\/rentallorca.com\/blog\/alquiler-coche-mallorca\/#article","isPartOf":{"@id":"https:\/\/rentallorca.com\/blog\/alquiler-coche-mallorca\/"},"author":{"name":"Axel","@id":"https:\/\/rentallorca.com\/blog\/#\/schema\/person\/8c5ebe5bf8d43e9757ab6869e1d4cbe4"},"headline":"Alquiler de coche en Mallorca: la clave para explorar la isla a tu ritmo","datePublished":"2025-09-08T15:33:19+00:00","dateModified":"2025-11-28T07:51:20+00:00","mainEntityOfPage":{"@id":"https:\/\/rentallorca.com\/blog\/alquiler-coche-mallorca\/"},"wordCount":903,"commentCount":0,"image":{"@id":"https:\/\/rentallorca.com\/blog\/alquiler-coche-mallorca\/#primaryimage"},"thumbnailUrl":"https:\/\/rentallorca.com\/blog\/wp-content\/uploads\/2025\/09\/Allquilar-un-coche-en-Mallorca.jpg","articleSection":["Mallorca"],"inLanguage":"es","potentialAction":[{"@type":"CommentAction","name":"Comment","target":["https:\/\/rentallorca.com\/blog\/alquiler-coche-mallorca\/#respond"]}]},{"@type":"WebPage","@id":"https:\/\/rentallorca.com\/blog\/alquiler-coche-mallorca\/","url":"https:\/\/rentallorca.com\/blog\/alquiler-coche-mallorca\/","name":"Alquiler de coches en Mallorca - Blog","isPartOf":{"@id":"https:\/\/rentallorca.com\/blog\/#website"},"primaryImageOfPage":{"@id":"https:\/\/rentallorca.com\/blog\/alquiler-coche-mallorca\/#primaryimage"},"image":{"@id":"https:\/\/rentallorca.com\/blog\/alquiler-coche-mallorca\/#primaryimage"},"thumbnailUrl":"https:\/\/rentallorca.com\/blog\/wp-content\/uploads\/2025\/09\/Allquilar-un-coche-en-Mallorca.jpg","datePublished":"2025-09-08T15:33:19+00:00","dateModified":"2025-11-28T07:51:20+00:00","author":{"@id":"https:\/\/rentallorca.com\/blog\/#\/schema\/person\/8c5ebe5bf8d43e9757ab6869e1d4cbe4"},"description":"\u00bfQuieres descubrir la isla al m\u00e1ximo? Descubre c\u00f3mo y d\u00f3nde alquilar un coche en Mallorca. Las mejores ofertas.","breadcrumb":{"@id":"https:\/\/rentallorca.com\/blog\/alquiler-coche-mallorca\/#breadcrumb"},"inLanguage":"es","potentialAction":[{"@type":"ReadAction","target":["https:\/\/rentallorca.com\/blog\/alquiler-coche-mallorca\/"]}]},{"@type":"ImageObject","inLanguage":"es","@id":"https:\/\/rentallorca.com\/blog\/alquiler-coche-mallorca\/#primaryimage","url":"https:\/\/rentallorca.com\/blog\/wp-content\/uploads\/2025\/09\/Allquilar-un-coche-en-Mallorca.jpg","contentUrl":"https:\/\/rentallorca.com\/blog\/wp-content\/uploads\/2025\/09\/Allquilar-un-coche-en-Mallorca.jpg","width":2120,"height":707,"caption":"Young beautiful woman traveling by car in the mountains, summer vacation and adventure"},{"@type":"BreadcrumbList","@id":"https:\/\/rentallorca.com\/blog\/alquiler-coche-mallorca\/#breadcrumb","itemListElement":[{"@type":"ListItem","position":1,"name":"Home","item":"https:\/\/rentallorca.com\/blog\/"},{"@type":"ListItem","position":2,"name":"Alquiler de coche en Mallorca: la clave para explorar la isla a tu ritmo"}]},{"@type":"WebSite","@id":"https:\/\/rentallorca.com\/blog\/#website","url":"https:\/\/rentallorca.com\/blog\/","name":"Blog","description":"Rentallorca","potentialAction":[{"@type":"SearchAction","target":{"@type":"EntryPoint","urlTemplate":"https:\/\/rentallorca.com\/blog\/?s={search_term_string}"},"query-input":{"@type":"PropertyValueSpecification","valueRequired":true,"valueName":"search_term_string"}}],"inLanguage":"es"},{"@type":"Person","@id":"https:\/\/rentallorca.com\/blog\/#\/schema\/person\/8c5ebe5bf8d43e9757ab6869e1d4cbe4","name":"Axel","image":{"@type":"ImageObject","inLanguage":"es","@id":"https:\/\/secure.gravatar.com\/avatar\/3bd706736e5b70f21f05f6c2d5cad746767782a4ba4b7df399c5969e2a9318fd?s=96&d=mm&r=g","url":"https:\/\/secure.gravatar.com\/avatar\/3bd706736e5b70f21f05f6c2d5cad746767782a4ba4b7df399c5969e2a9318fd?s=96&d=mm&r=g","contentUrl":"https:\/\/secure.gravatar.com\/avatar\/3bd706736e5b70f21f05f6c2d5cad746767782a4ba4b7df399c5969e2a9318fd?s=96&d=mm&r=g","caption":"Axel"},"url":"https:\/\/rentallorca.com\/blog\/author\/axel\/"}]}},"_links":{"self":[{"href":"https:\/\/rentallorca.com\/blog\/wp-json\/wp\/v2\/posts\/2552","targetHints":{"allow":["GET"]}}],"collection":[{"href":"https:\/\/rentallorca.com\/blog\/wp-json\/wp\/v2\/posts"}],"about":[{"href":"https:\/\/rentallorca.com\/blog\/wp-json\/wp\/v2\/types\/post"}],"author":[{"embeddable":true,"href":"https:\/\/rentallorca.com\/blog\/wp-json\/wp\/v2\/users\/3"}],"replies":[{"embeddable":true,"href":"https:\/\/rentallorca.com\/blog\/wp-json\/wp\/v2\/comments?post=2552"}],"version-history":[{"count":19,"href":"https:\/\/rentallorca.com\/blog\/wp-json\/wp\/v2\/posts\/2552\/revisions"}],"predecessor-version":[{"id":3088,"href":"https:\/\/rentallorca.com\/blog\/wp-json\/wp\/v2\/posts\/2552\/revisions\/3088"}],"wp:featuredmedia":[{"embeddable":true,"href":"https:\/\/rentallorca.com\/blog\/wp-json\/wp\/v2\/media\/2582"}],"wp:attachment":[{"href":"https:\/\/rentallorca.com\/blog\/wp-json\/wp\/v2\/media?parent=2552"}],"wp:term":[{"taxonomy":"category","embeddable":true,"href":"https:\/\/rentallorca.com\/blog\/wp-json\/wp\/v2\/categories?post=2552"},{"taxonomy":"post_tag","embeddable":true,"href":"https:\/\/rentallorca.com\/blog\/wp-json\/wp\/v2\/tags?post=2552"}],"curies":[{"name":"wp","href":"https:\/\/api.w.org\/{rel}","templated":true}]}}