{"id":2547,"date":"2025-09-08T15:42:02","date_gmt":"2025-09-08T15:42:02","guid":{"rendered":"https:\/\/rentallorca.com\/blog\/?p=2547"},"modified":"2025-11-28T07:51:22","modified_gmt":"2025-11-28T07:51:22","slug":"ciclismo-en-mallorca","status":"publish","type":"post","link":"https:\/\/rentallorca.com\/blog\/ciclismo-en-mallorca\/","title":{"rendered":"Ruta de ciclismo en Mallorca: pedalea por el para\u00edso de los ciclistas"},"content":{"rendered":"\t\t<div data-elementor-type=\"wp-post\" data-elementor-id=\"2547\" class=\"elementor elementor-2547\" data-elementor-post-type=\"post\">\n\t\t\t\t<div class=\"elementor-element elementor-element-4d51ce99 e-flex e-con-boxed e-con e-parent\" data-id=\"4d51ce99\" data-element_type=\"container\" data-e-type=\"container\">\n\t\t\t\t\t<div class=\"e-con-inner\">\n\t\t\t\t<div class=\"elementor-element elementor-element-4c7b5129 elementor-widget elementor-widget-text-editor\" data-id=\"4c7b5129\" data-element_type=\"widget\" data-e-type=\"widget\" data-widget_type=\"text-editor.default\">\n\t\t\t\t<div class=\"elementor-widget-container\">\n\t\t\t\t\t\t\t\t\t<p><span style=\"font-weight: 400;\">\u00bfAlguna vez has so\u00f1ado con pedalear por paisajes tan bonitos que ni un filtro de instagram puede mejorarlos? \u00a1En Mallorca ese sue\u00f1o se puede hacer realidad! M\u00e1s de <\/span><b>200km de carreteras pavimentadas<\/b><span style=\"font-weight: 400;\"> que cruzan la isla, desde la costa azul del Mediterraneo hasta la gran Serra de Tramuntana. Y no eres el \u00fanico que tiene ese sue\u00f1o, ya que m\u00e1s de 200 mil ciclistas acuden a la isla a girar sus pedales.<\/span><\/p><p><span style=\"font-weight: 400;\">Mallorca mezcla <\/span><b>rutas para todos los niveles <\/b><span style=\"font-weight: 400;\">y ofrece un clima tan perfecto que hasta el sol parece animarte, por no hablar de esos paisajes de pel\u00edcula que te dejar\u00e1n con ganas de volver. Adem\u00e1s, la cultura ciclista est\u00e1 tan arraigada que ver\u00e1s pelotones pasando a la velocidad de la luz por cada pueblo. \u00a1Vamos a pedalear!<\/span><\/p>\t\t\t\t\t\t\t\t<\/div>\n\t\t\t\t<\/div>\n\t\t\t\t\t<\/div>\n\t\t\t\t<\/div>\n\t\t<div class=\"elementor-element elementor-element-5d128458 e-flex e-con-boxed e-con e-parent\" data-id=\"5d128458\" data-element_type=\"container\" data-e-type=\"container\">\n\t\t\t\t\t<div class=\"e-con-inner\">\n\t\t\t\t<div class=\"elementor-element elementor-element-57b5d1f4 elementor-widget elementor-widget-table-of-contents\" data-id=\"57b5d1f4\" data-element_type=\"widget\" data-e-type=\"widget\" data-settings=\"{&quot;headings_by_tags&quot;:[&quot;h2&quot;,&quot;h3&quot;],&quot;exclude_headings_by_selector&quot;:[],&quot;marker_view&quot;:&quot;bullets&quot;,&quot;icon&quot;:{&quot;value&quot;:&quot;&quot;,&quot;library&quot;:&quot;&quot;},&quot;no_headings_message&quot;:&quot;No headings were found on this page.&quot;,&quot;hierarchical_view&quot;:&quot;yes&quot;,&quot;min_height&quot;:{&quot;unit&quot;:&quot;px&quot;,&quot;size&quot;:&quot;&quot;,&quot;sizes&quot;:[]},&quot;min_height_tablet&quot;:{&quot;unit&quot;:&quot;px&quot;,&quot;size&quot;:&quot;&quot;,&quot;sizes&quot;:[]},&quot;min_height_mobile&quot;:{&quot;unit&quot;:&quot;px&quot;,&quot;size&quot;:&quot;&quot;,&quot;sizes&quot;:[]}}\" data-widget_type=\"table-of-contents.default\">\n\t\t\t\t<div class=\"elementor-widget-container\">\n\t\t\t\t\t\t\t\t\t<div class=\"elementor-toc__header\">\n\t\t\t\t\t\t<div class=\"elementor-toc__header-title\">\n\t\t\t\tContenidos\t\t\t<\/div>\n\t\t\t\t\t\t\t\t<\/div>\n\t\t\t\t<div id=\"elementor-toc__57b5d1f4\" class=\"elementor-toc__body\">\n\t\t\t<div class=\"elementor-toc__spinner-container\">\n\t\t\t\t<svg class=\"elementor-toc__spinner eicon-animation-spin e-font-icon-svg e-eicon-loading\" aria-hidden=\"true\" viewBox=\"0 0 1000 1000\" xmlns=\"http:\/\/www.w3.org\/2000\/svg\"><path d=\"M500 975V858C696 858 858 696 858 500S696 142 500 142 142 304 142 500H25C25 237 238 25 500 25S975 237 975 500 763 975 500 975Z\"><\/path><\/svg>\t\t\t<\/div>\n\t\t<\/div>\n\t\t\t\t\t\t<\/div>\n\t\t\t\t<\/div>\n\t\t\t\t\t<\/div>\n\t\t\t\t<\/div>\n\t\t<div class=\"elementor-element elementor-element-2e7b3206 e-flex e-con-boxed e-con e-parent\" data-id=\"2e7b3206\" data-element_type=\"container\" data-e-type=\"container\">\n\t\t\t\t\t<div class=\"e-con-inner\">\n\t\t\t\t<div class=\"elementor-element elementor-element-5707ef8e elementor-widget elementor-widget-heading\" data-id=\"5707ef8e\" data-element_type=\"widget\" data-e-type=\"widget\" data-widget_type=\"heading.default\">\n\t\t\t\t<div class=\"elementor-widget-container\">\n\t\t\t\t\t<h2 class=\"elementor-heading-title elementor-size-default\">Por qu\u00e9 Mallorca es el destino so\u00f1ado para cualquier ciclista\n<\/h2>\t\t\t\t<\/div>\n\t\t\t\t<\/div>\n\t\t\t\t<div class=\"elementor-element elementor-element-4bc19381 elementor-widget elementor-widget-text-editor\" data-id=\"4bc19381\" data-element_type=\"widget\" data-e-type=\"widget\" data-widget_type=\"text-editor.default\">\n\t\t\t\t<div class=\"elementor-widget-container\">\n\t\t\t\t\t\t\t\t\t<p><span style=\"font-weight: 400;\">Mallorca no solo te ofrece carreteras sin baches, tambi\u00e9n un ambiente ciclista vibrante y <\/span><i><span style=\"font-weight: 400;\">cycling friendly<\/span><\/i><span style=\"font-weight: 400;\">. Si quieres <\/span><b>variedad de paisajes<\/b><span style=\"font-weight: 400;\">, aqu\u00ed tienes playas, monta\u00f1as, llanuras y pueblos para no aburrirte, y adem\u00e1s volver\u00e1s con una historia \u00e9pica que contar.\u00a0<\/span><\/p><p><span style=\"font-weight: 400;\">\u00bfEl clima? Pr\u00e1cticamente ideal durante todo el a\u00f1o. Si es cierto que el invierno es para valientes, pero el <\/span><b>verano te ofrece un aire acondicionado de brisa mar\u00edtima<\/b><span style=\"font-weight: 400;\">, y el resto de las temporadas son para todos los mortales.<\/span><\/p><p><span style=\"font-weight: 400;\">Los profesionales de la bici eligen Mallorca para <\/span><b>entrenar antes de las carreras<\/b><span style=\"font-weight: 400;\">, y los amateurs para disfrutar mientras compiten con amigos para ver quien tiene m\u00e1s resistencia o quien llega primero a la cafeter\u00eda. Adem\u00e1s, la comunidad ciclista de la isla te adoptar\u00e1 r\u00e1pidamente, te compartir\u00e1n recomendaciones, rutas y hasta alg\u00fan truquito.<\/span><\/p>\t\t\t\t\t\t\t\t<\/div>\n\t\t\t\t<\/div>\n\t\t\t\t\t<\/div>\n\t\t\t\t<\/div>\n\t\t<div class=\"elementor-element elementor-element-ec07654 e-flex e-con-boxed e-con e-parent\" data-id=\"ec07654\" data-element_type=\"container\" data-e-type=\"container\">\n\t\t\t\t\t<div class=\"e-con-inner\">\n\t\t\t\t<div class=\"elementor-element elementor-element-53e3fdd4 elementor-widget elementor-widget-heading\" data-id=\"53e3fdd4\" data-element_type=\"widget\" data-e-type=\"widget\" data-widget_type=\"heading.default\">\n\t\t\t\t<div class=\"elementor-widget-container\">\n\t\t\t\t\t<h2 class=\"elementor-heading-title elementor-size-default\">Rutas de ciclismo en Mallorca recomendadas seg\u00fan tu nivel<\/h2>\t\t\t\t<\/div>\n\t\t\t\t<\/div>\n\t\t\t\t<div class=\"elementor-element elementor-element-6b37712b elementor-widget elementor-widget-text-editor\" data-id=\"6b37712b\" data-element_type=\"widget\" data-e-type=\"widget\" data-widget_type=\"text-editor.default\">\n\t\t\t\t<div class=\"elementor-widget-container\">\n\t\t\t\t\t\t\t\t\t<p><span style=\"font-weight: 400;\">Si crees que Mallorca solo tienes rutas para expertos est\u00e1s muy equivocado, porque hay para todos los niveles.<\/span><\/p><p><span style=\"font-weight: 400;\">Para los principiantes existe el <\/span><b>Palma a S\u2019Arenal<\/b><span style=\"font-weight: 400;\">, una ruta de 11km de paseo costero, brisa, helados y chiringuitos por si te da un baj\u00f3n de az\u00facar, adem\u00e1s es perfecta para el postureo con una bici recesi\u00f3n alquilada. Para este mismo nivel, tambi\u00e9n est\u00e1 la ruta desde <\/span><b>Arenal a LLucmajor<\/b><span style=\"font-weight: 400;\">, una carretera tranquila y agradable, para los nuevos ciclistas.<\/span><\/p><p><span style=\"font-weight: 400;\">Por otro lado, para los ciclistas de nivel intermedio, est\u00e1 la ruta de <\/span><b>Llucmajor a Cala Pi<\/b><span style=\"font-weight: 400;\">, 30km entre acantilados, pinos y pueblos, donde el viento hace de DJ y anima el pedaleo. Otra opci\u00f3n es la ruta de <\/span><b>Port Pollensa a Alc\u00fadia y la Victoria<\/b><span style=\"font-weight: 400;\">, perfecta para los amantes de la costa y el azul del mar.<\/span><\/p><p><span style=\"font-weight: 400;\">Y para los m\u00e1s expertos, la isla ofrece la ruta de <\/span><b>Serra de Tramuntana<\/b><span style=\"font-weight: 400;\">, con curvas, desniveles y vistas dignas de premio; la ruta de <\/span><b>Sa Clobra<\/b><span style=\"font-weight: 400;\"> con 270 metros de desnivel y 14 km de curvas; o la ruta de <\/span><b>Cap de Formentor<\/b><span style=\"font-weight: 400;\">, en la que el faro y los miradores son el final de una ruta exigente para dejarte con la boca abierta.<\/span><\/p>\t\t\t\t\t\t\t\t<\/div>\n\t\t\t\t<\/div>\n\t\t\t\t<div class=\"elementor-element elementor-element-85c576c elementor-widget elementor-widget-image\" data-id=\"85c576c\" data-element_type=\"widget\" data-e-type=\"widget\" data-widget_type=\"image.default\">\n\t\t\t\t<div class=\"elementor-widget-container\">\n\t\t\t\t\t\t\t\t\t\t\t\t\t\t\t<img fetchpriority=\"high\" decoding=\"async\" width=\"1255\" height=\"627\" src=\"https:\/\/rentallorca.com\/blog\/wp-content\/uploads\/2025\/09\/ruta-ciclismo-mallorca.jpg\" class=\"attachment-full size-full wp-image-2591\" alt=\"ruta-ciclismo-mallorca.jpg\" srcset=\"https:\/\/rentallorca.com\/blog\/wp-content\/uploads\/2025\/09\/ruta-ciclismo-mallorca.jpg 1255w, https:\/\/rentallorca.com\/blog\/wp-content\/uploads\/2025\/09\/ruta-ciclismo-mallorca-300x150.jpg 300w, https:\/\/rentallorca.com\/blog\/wp-content\/uploads\/2025\/09\/ruta-ciclismo-mallorca-1024x512.jpg 1024w, https:\/\/rentallorca.com\/blog\/wp-content\/uploads\/2025\/09\/ruta-ciclismo-mallorca-768x384.jpg 768w\" sizes=\"(max-width: 1255px) 100vw, 1255px\" \/>\t\t\t\t\t\t\t\t\t\t\t\t\t\t\t<\/div>\n\t\t\t\t<\/div>\n\t\t\t\t\t<\/div>\n\t\t\t\t<\/div>\n\t\t<div class=\"elementor-element elementor-element-6c00387 e-flex e-con-boxed e-con e-parent\" data-id=\"6c00387\" data-element_type=\"container\" data-e-type=\"container\">\n\t\t\t\t\t<div class=\"e-con-inner\">\n\t\t\t\t<div class=\"elementor-element elementor-element-b2ff983 elementor-widget elementor-widget-heading\" data-id=\"b2ff983\" data-element_type=\"widget\" data-e-type=\"widget\" data-widget_type=\"heading.default\">\n\t\t\t\t<div class=\"elementor-widget-container\">\n\t\t\t\t\t<h2 class=\"elementor-heading-title elementor-size-default\">D\u00f3nde alquilar bicicletas en Mallorca con la mejor relaci\u00f3n calidad-precio\n<\/h2>\t\t\t\t<\/div>\n\t\t\t\t<\/div>\n\t\t\t\t<div class=\"elementor-element elementor-element-e85f5e6 elementor-widget elementor-widget-text-editor\" data-id=\"e85f5e6\" data-element_type=\"widget\" data-e-type=\"widget\" data-widget_type=\"text-editor.default\">\n\t\t\t\t<div class=\"elementor-widget-container\">\n\t\t\t\t\t\t\t\t\t<p><span style=\"font-weight: 400;\">Por si la bici no te entraba con todo el equipaje, existen <\/span><b>empresas para todos los gustos<\/b><span style=\"font-weight: 400;\"> y bolsillos.<\/span><\/p><ul><li style=\"font-weight: 400;\" aria-level=\"1\"><b>Rent Express Mallorca<\/b><span style=\"font-weight: 400;\"> ofrece el alquiler desde solo <\/span><b>5 euros al d\u00eda <\/b><span style=\"font-weight: 400;\">en Palma. Cuenta con sillas infantiles, cascos y bolsas incluidas. Adem\u00e1s tienen dep\u00f3sitos bajos, asi que no tendr\u00e1s que empe\u00f1ar la bici vieja de casa.<\/span><\/li><li style=\"font-weight: 400;\" aria-level=\"1\"><span style=\"font-weight: 400;\">Por otro lado, <\/span><b>Rental Bikes Mallorca<\/b><span style=\"font-weight: 400;\">, ofrece un cat\u00e1logo de<\/span><b> m\u00e1s de 750 bicis<\/b><span style=\"font-weight: 400;\">, incluidas el\u00e9ctricas y de carretera. El servicio de entrega se hace en cualquier punto de la isla y tiene asistencia los 365 d\u00edas del a\u00f1o.<\/span><\/li><li style=\"font-weight: 400;\" aria-level=\"1\">Por \u00faltimo, el <b>Nano Bicycles<\/b><span> tiene unos precios competitivos con bicis desde 1<\/span><b>0 euros al d\u00eda<\/b><span> y ofertas en los distintos d\u00edas del a\u00f1o. Es una opci\u00f3n perfecta para los que quieren algo m\u00e1s pro, pero sin dejarse todos los ahorros.<\/span><\/li><\/ul>\t\t\t\t\t\t\t\t<\/div>\n\t\t\t\t<\/div>\n\t\t\t\t\t<\/div>\n\t\t\t\t<\/div>\n\t\t<div class=\"elementor-element elementor-element-6d663d3 e-flex e-con-boxed e-con e-parent\" data-id=\"6d663d3\" data-element_type=\"container\" data-e-type=\"container\">\n\t\t\t\t\t<div class=\"e-con-inner\">\n\t\t\t\t<div class=\"elementor-element elementor-element-1dd7b58 elementor-widget elementor-widget-heading\" data-id=\"1dd7b58\" data-element_type=\"widget\" data-e-type=\"widget\" data-widget_type=\"heading.default\">\n\t\t\t\t<div class=\"elementor-widget-container\">\n\t\t\t\t\t<h2 class=\"elementor-heading-title elementor-size-default\">Consejos clave para circular por Mallorca en bicicleta con seguridad<\/h2>\t\t\t\t<\/div>\n\t\t\t\t<\/div>\n\t\t\t\t<div class=\"elementor-element elementor-element-900fc1c elementor-widget elementor-widget-text-editor\" data-id=\"900fc1c\" data-element_type=\"widget\" data-e-type=\"widget\" data-widget_type=\"text-editor.default\">\n\t\t\t\t<div class=\"elementor-widget-container\">\n\t\t\t\t\t\t\t\t\t<p><span style=\"font-weight: 400;\">La seguridad siempre va primero y la diversi\u00f3n justo detr\u00e1s, por eso te damos una serie de consejos para evitar accidentes y disgustos de \u00faltima hora.<\/span><\/p><ul><li style=\"font-weight: 400;\" aria-level=\"1\"><span style=\"font-weight: 400;\">Te recomendamos que <\/span><b>revises todo antes de salir<\/b><span style=\"font-weight: 400;\">, no vaya a ser que te pase la de quedarte sin frenos, que aunque sea una isla, no querr\u00e1s acabar en el mar directamente. Obviamente, recuerda <\/span><b>siempre llevar casco<\/b><span style=\"font-weight: 400;\">, porque si te caes, por lo menos acabar\u00e1s sin perder la cabeza.<\/span><\/li><li style=\"font-weight: 400;\" aria-level=\"1\"><span style=\"font-weight: 400;\">Tambi\u00e9n es importante llevar <\/span><b>agua y protecci\u00f3n solar<\/b><span style=\"font-weight: 400;\">, ya que el sol mallorqu\u00edn no perdona, ni aunque est\u00e9s cumpliendo todas las normas.<\/span><\/li><li style=\"font-weight: 400;\" aria-level=\"1\"><span style=\"font-weight: 400;\">Te aconsejamos <\/span><b>mirar bien los accesos a las rutas<\/b><span style=\"font-weight: 400;\">, ya que por ejemplo, en verano, en Formentor, el acceso a coches est\u00e1 restringido, por lo que podr\u00e1s pedalear con mucha m\u00e1s calma.<\/span><\/li><\/ul>\t\t\t\t\t\t\t\t<\/div>\n\t\t\t\t<\/div>\n\t\t\t\t<div class=\"elementor-element elementor-element-b8b71f8 elementor-widget elementor-widget-image\" data-id=\"b8b71f8\" data-element_type=\"widget\" data-e-type=\"widget\" data-widget_type=\"image.default\">\n\t\t\t\t<div class=\"elementor-widget-container\">\n\t\t\t\t\t\t\t\t\t\t\t\t\t\t\t<img decoding=\"async\" width=\"1254\" height=\"627\" src=\"https:\/\/rentallorca.com\/blog\/wp-content\/uploads\/2025\/09\/Alquiuler-bicicleta-en-mallorca.jpg\" class=\"attachment-full size-full wp-image-2594\" alt=\"Alquiuler-bicicleta-en-mallorca.jpg\" srcset=\"https:\/\/rentallorca.com\/blog\/wp-content\/uploads\/2025\/09\/Alquiuler-bicicleta-en-mallorca.jpg 1254w, https:\/\/rentallorca.com\/blog\/wp-content\/uploads\/2025\/09\/Alquiuler-bicicleta-en-mallorca-300x150.jpg 300w, https:\/\/rentallorca.com\/blog\/wp-content\/uploads\/2025\/09\/Alquiuler-bicicleta-en-mallorca-1024x512.jpg 1024w, https:\/\/rentallorca.com\/blog\/wp-content\/uploads\/2025\/09\/Alquiuler-bicicleta-en-mallorca-768x384.jpg 768w\" sizes=\"(max-width: 1254px) 100vw, 1254px\" \/>\t\t\t\t\t\t\t\t\t\t\t\t\t\t\t<\/div>\n\t\t\t\t<\/div>\n\t\t\t\t\t<\/div>\n\t\t\t\t<\/div>\n\t\t<div class=\"elementor-element elementor-element-f5f2423 e-flex e-con-boxed e-con e-parent\" data-id=\"f5f2423\" data-element_type=\"container\" data-e-type=\"container\">\n\t\t\t\t\t<div class=\"e-con-inner\">\n\t\t\t\t<div class=\"elementor-element elementor-element-7c325fb elementor-widget elementor-widget-heading\" data-id=\"7c325fb\" data-element_type=\"widget\" data-e-type=\"widget\" data-widget_type=\"heading.default\">\n\t\t\t\t<div class=\"elementor-widget-container\">\n\t\t\t\t\t<h2 class=\"elementor-heading-title elementor-size-default\">Servicios para ciclistas en Mallorca: talleres, alojamientos y m\u00e1s\n<\/h2>\t\t\t\t<\/div>\n\t\t\t\t<\/div>\n\t\t\t\t<div class=\"elementor-element elementor-element-431bdd9 elementor-widget elementor-widget-text-editor\" data-id=\"431bdd9\" data-element_type=\"widget\" data-e-type=\"widget\" data-widget_type=\"text-editor.default\">\n\t\t\t\t<div class=\"elementor-widget-container\">\n\t\t\t\t\t\t\t\t\t<p><span style=\"font-weight: 400;\">Mallorca cuida a sus ciclistas como si fueras la estrella de rock del momento. Por ello, cuenta con <\/span><b>m\u00e1s de 120 hoteles especializados<\/b><span style=\"font-weight: 400;\"> con servicios de reparaci\u00f3n, men\u00fas energ\u00e9ticos y masajes para las piernas sufridas.<\/span><\/p><p><span style=\"font-weight: 400;\">Tambi\u00e9n ofrece <\/span><b>talleres y tiendas en cada pueblo<\/b><span style=\"font-weight: 400;\">, donde si tienes un pinchazo, seguro que encuentras a alguien que te ayude a solucionarlo. Adem\u00e1s existen t<\/span><b>ours guiados, transfer y alquileres <\/b><span style=\"font-weight: 400;\">de bicis en cualquier rinc\u00f3n de la isla.<\/span><\/p>\t\t\t\t\t\t\t\t<\/div>\n\t\t\t\t<\/div>\n\t\t\t\t\t<\/div>\n\t\t\t\t<\/div>\n\t\t<div class=\"elementor-element elementor-element-8dc5bb8 e-flex e-con-boxed e-con e-parent\" data-id=\"8dc5bb8\" data-element_type=\"container\" data-e-type=\"container\">\n\t\t\t\t\t<div class=\"e-con-inner\">\n\t\t\t\t<div class=\"elementor-element elementor-element-0e10c24 elementor-widget elementor-widget-heading\" data-id=\"0e10c24\" data-element_type=\"widget\" data-e-type=\"widget\" data-widget_type=\"heading.default\">\n\t\t\t\t<div class=\"elementor-widget-container\">\n\t\t\t\t\t<h2 class=\"elementor-heading-title elementor-size-default\">\u00bfPor qu\u00e9 Mallorca es un destino ciclista que lo tiene todo?\n<\/h2>\t\t\t\t<\/div>\n\t\t\t\t<\/div>\n\t\t\t\t<div class=\"elementor-element elementor-element-763e47e elementor-widget elementor-widget-text-editor\" data-id=\"763e47e\" data-element_type=\"widget\" data-e-type=\"widget\" data-widget_type=\"text-editor.default\">\n\t\t\t\t<div class=\"elementor-widget-container\">\n\t\t\t\t\t\t\t\t\t<p><span style=\"font-weight: 400;\">Mallorca combina el buen tiempo, los paisajes, la infraestructura y una comunidad ciclista tan grande que hasta la fauna de la zona sabe ceder el paso a un grupo de ciclistas. En la isla puedes encontrar desde <\/span><b>rutas familiares <\/b><span style=\"font-weight: 400;\">por parques naturales hasta <\/span><b>desaf\u00edos \u00e9picos<\/b><span style=\"font-weight: 400;\"> para los m\u00e1s valientes.<\/span><\/p><p><span style=\"font-weight: 400;\">Eso s\u00ed, como te puedes imaginar, nada de esto tendr\u00eda sentido si no cuentas con un alojamiento en condiciones. <\/span><b>Contacta con nosotros para reservar tu apartamento en Mallorca<\/b><span style=\"font-weight: 400;\"> con todas las comodidades que necesitas. \u00a1Aqu\u00ed te esperamos!<\/span><\/p>\t\t\t\t\t\t\t\t<\/div>\n\t\t\t\t<\/div>\n\t\t\t\t\t<\/div>\n\t\t\t\t<\/div>\n\t\t<div class=\"elementor-element elementor-element-7859080b e-flex e-con-boxed e-con e-parent\" data-id=\"7859080b\" data-element_type=\"container\" data-e-type=\"container\">\n\t\t\t\t\t<div class=\"e-con-inner\">\n\t\t\t\t\t<\/div>\n\t\t\t\t<\/div>\n\t\t<div class=\"elementor-element elementor-element-7d1da64a e-flex e-con-boxed e-con e-parent\" data-id=\"7d1da64a\" data-element_type=\"container\" data-e-type=\"container\">\n\t\t\t\t\t<div class=\"e-con-inner\">\n\t\t\t\t<div class=\"elementor-element elementor-element-4c48e46 elementor-widget elementor-widget-shortcode\" data-id=\"4c48e46\" data-element_type=\"widget\" data-e-type=\"widget\" data-widget_type=\"shortcode.default\">\n\t\t\t\t<div class=\"elementor-widget-container\">\n\t\t\t\t\t\t\t<div class=\"elementor-shortcode\">\t\t<div data-elementor-type=\"page\" data-elementor-id=\"170\" class=\"elementor elementor-170\" data-elementor-post-type=\"elementor_library\">\n\t\t\t\t<div class=\"elementor-element elementor-element-16c5e22 e-flex e-con-boxed e-con e-parent\" data-id=\"16c5e22\" data-element_type=\"container\" data-e-type=\"container\">\n\t\t\t\t\t<div class=\"e-con-inner\">\n\t\t<div class=\"elementor-element elementor-element-ac67807 e-con-full e-flex e-con e-child\" data-id=\"ac67807\" data-element_type=\"container\" data-e-type=\"container\">\n\t\t\t\t<div class=\"elementor-element elementor-element-2ab04b2 elementor-align-justify elementor-widget elementor-widget-button\" data-id=\"2ab04b2\" data-element_type=\"widget\" data-e-type=\"widget\" data-widget_type=\"button.default\">\n\t\t\t\t<div class=\"elementor-widget-container\">\n\t\t\t\t\t\t\t\t\t<div class=\"elementor-button-wrapper\">\n\t\t\t\t\t<a class=\"elementor-button elementor-button-link elementor-size-sm\" href=\"https:\/\/rentallorca.com\/alquiler\/alquileres-mallorca-e21\/\">\n\t\t\t\t\t\t<span class=\"elementor-button-content-wrapper\">\n\t\t\t\t\t\t\t\t\t<span class=\"elementor-button-text\">Alojamientos Mallorca<\/span>\n\t\t\t\t\t<\/span>\n\t\t\t\t\t<\/a>\n\t\t\t\t<\/div>\n\t\t\t\t\t\t\t\t<\/div>\n\t\t\t\t<\/div>\n\t\t\t\t<\/div>\n\t\t<div class=\"elementor-element elementor-element-6bea3dd e-con-full e-flex e-con e-child\" data-id=\"6bea3dd\" data-element_type=\"container\" data-e-type=\"container\">\n\t\t\t\t<div class=\"elementor-element elementor-element-ff8a437 elementor-align-justify elementor-widget elementor-widget-button\" data-id=\"ff8a437\" data-element_type=\"widget\" data-e-type=\"widget\" data-widget_type=\"button.default\">\n\t\t\t\t<div class=\"elementor-widget-container\">\n\t\t\t\t\t\t\t\t\t<div class=\"elementor-button-wrapper\">\n\t\t\t\t\t<a class=\"elementor-button elementor-button-link elementor-size-sm\" href=\"https:\/\/rentallorca.com\/alquiler\/apartamentos-mallorca-c1e21\/\">\n\t\t\t\t\t\t<span class=\"elementor-button-content-wrapper\">\n\t\t\t\t\t\t\t\t\t<span class=\"elementor-button-text\">Apartamentos Mallorca<\/span>\n\t\t\t\t\t<\/span>\n\t\t\t\t\t<\/a>\n\t\t\t\t<\/div>\n\t\t\t\t\t\t\t\t<\/div>\n\t\t\t\t<\/div>\n\t\t\t\t<\/div>\n\t\t<div class=\"elementor-element elementor-element-d557a64 e-con-full e-flex e-con e-child\" data-id=\"d557a64\" data-element_type=\"container\" data-e-type=\"container\">\n\t\t\t\t<div class=\"elementor-element elementor-element-4421fc4 elementor-align-justify elementor-widget elementor-widget-button\" data-id=\"4421fc4\" data-element_type=\"widget\" data-e-type=\"widget\" data-widget_type=\"button.default\">\n\t\t\t\t<div class=\"elementor-widget-container\">\n\t\t\t\t\t\t\t\t\t<div class=\"elementor-button-wrapper\">\n\t\t\t\t\t<a class=\"elementor-button elementor-button-link elementor-size-sm\" href=\"https:\/\/rentallorca.com\/alquiler\/casas-alcudia-c19d1098\/\">\n\t\t\t\t\t\t<span class=\"elementor-button-content-wrapper\">\n\t\t\t\t\t\t\t\t\t<span class=\"elementor-button-text\">Casas Mallorca<\/span>\n\t\t\t\t\t<\/span>\n\t\t\t\t\t<\/a>\n\t\t\t\t<\/div>\n\t\t\t\t\t\t\t\t<\/div>\n\t\t\t\t<\/div>\n\t\t\t\t<\/div>\n\t\t<div class=\"elementor-element elementor-element-995a361 e-con-full e-flex e-con e-child\" data-id=\"995a361\" data-element_type=\"container\" data-e-type=\"container\">\n\t\t\t\t<div class=\"elementor-element elementor-element-e6addd0 elementor-align-justify elementor-widget elementor-widget-button\" data-id=\"e6addd0\" data-element_type=\"widget\" data-e-type=\"widget\" data-widget_type=\"button.default\">\n\t\t\t\t<div class=\"elementor-widget-container\">\n\t\t\t\t\t\t\t\t\t<div class=\"elementor-button-wrapper\">\n\t\t\t\t\t<a class=\"elementor-button elementor-button-link elementor-size-sm\" href=\"https:\/\/rentallorca.com\/alquiler\/fincas-mallorca-c22e21\/\">\n\t\t\t\t\t\t<span class=\"elementor-button-content-wrapper\">\n\t\t\t\t\t\t\t\t\t<span class=\"elementor-button-text\">Fincas Mallorca<\/span>\n\t\t\t\t\t<\/span>\n\t\t\t\t\t<\/a>\n\t\t\t\t<\/div>\n\t\t\t\t\t\t\t\t<\/div>\n\t\t\t\t<\/div>\n\t\t\t\t<\/div>\n\t\t\t\t\t<\/div>\n\t\t\t\t<\/div>\n\t\t\t\t<\/div>\n\t\t<\/div>\n\t\t\t\t\t\t<\/div>\n\t\t\t\t<\/div>\n\t\t\t\t\t<\/div>\n\t\t\t\t<\/div>\n\t\t\t\t<\/div>\n\t\t","protected":false},"excerpt":{"rendered":"<p>\u00bfAlguna vez has so\u00f1ado con pedalear por paisajes tan bonitos que ni un filtro de instagram puede mejorarlos? \u00a1En Mallorca ese sue\u00f1o se puede hacer realidad! M\u00e1s de 200km de carreteras pavimentadas que cruzan la isla, desde la costa azul del Mediterraneo hasta la gran Serra de Tramuntana. Y no eres el \u00fanico que tiene [&hellip;]<\/p>\n","protected":false},"author":3,"featured_media":2588,"comment_status":"open","ping_status":"open","sticky":false,"template":"","format":"standard","meta":{"footnotes":""},"categories":[1],"tags":[],"class_list":["post-2547","post","type-post","status-publish","format-standard","has-post-thumbnail","hentry","category-mallorca"],"yoast_head":"<!-- This site is optimized with the Yoast SEO plugin v27.5 - https:\/\/yoast.com\/product\/yoast-seo-wordpress\/ -->\n<title>Ruta de ciclismo en Mallorca: pedalea por el para\u00edso de los ciclistas - Blog<\/title>\n<meta name=\"description\" content=\"Haz una ruta ciclista en Mallorca y descubre la isla a golpe de pedal. Descubre c\u00f3mo ir en bicicleta en Malllorca y d\u00f3nde alqularlas.\" \/>\n<meta name=\"robots\" content=\"index, follow, max-snippet:-1, max-image-preview:large, max-video-preview:-1\" \/>\n<link rel=\"canonical\" href=\"https:\/\/rentallorca.com\/blog\/ciclismo-en-mallorca\/\" \/>\n<meta property=\"og:locale\" content=\"es_ES\" \/>\n<meta property=\"og:type\" content=\"article\" \/>\n<meta property=\"og:title\" content=\"Ruta de ciclismo en Mallorca: pedalea por el para\u00edso de los ciclistas - Blog\" \/>\n<meta property=\"og:description\" content=\"Haz una ruta ciclista en Mallorca y descubre la isla a golpe de pedal. Descubre c\u00f3mo ir en bicicleta en Malllorca y d\u00f3nde alqularlas.\" \/>\n<meta property=\"og:url\" content=\"https:\/\/rentallorca.com\/blog\/ciclismo-en-mallorca\/\" \/>\n<meta property=\"og:site_name\" content=\"Blog\" \/>\n<meta property=\"article:published_time\" content=\"2025-09-08T15:42:02+00:00\" \/>\n<meta property=\"article:modified_time\" content=\"2025-11-28T07:51:22+00:00\" \/>\n<meta property=\"og:image\" content=\"https:\/\/rentallorca.com\/blog\/wp-content\/uploads\/2025\/09\/Bicicleta-en-Mallorca.jpg\" \/>\n\t<meta property=\"og:image:width\" content=\"2000\" \/>\n\t<meta property=\"og:image:height\" content=\"666\" \/>\n\t<meta property=\"og:image:type\" content=\"image\/jpeg\" \/>\n<meta name=\"author\" content=\"Axel\" \/>\n<meta name=\"twitter:card\" content=\"summary_large_image\" \/>\n<meta name=\"twitter:label1\" content=\"Written by\" \/>\n\t<meta name=\"twitter:data1\" content=\"Axel\" \/>\n\t<meta name=\"twitter:label2\" content=\"Est. reading time\" \/>\n\t<meta name=\"twitter:data2\" content=\"6 minutes\" \/>\n<script type=\"application\/ld+json\" class=\"yoast-schema-graph\">{\"@context\":\"https:\\\/\\\/schema.org\",\"@graph\":[{\"@type\":\"Article\",\"@id\":\"https:\\\/\\\/rentallorca.com\\\/blog\\\/ciclismo-en-mallorca\\\/#article\",\"isPartOf\":{\"@id\":\"https:\\\/\\\/rentallorca.com\\\/blog\\\/ciclismo-en-mallorca\\\/\"},\"author\":{\"name\":\"Axel\",\"@id\":\"https:\\\/\\\/rentallorca.com\\\/blog\\\/#\\\/schema\\\/person\\\/8c5ebe5bf8d43e9757ab6869e1d4cbe4\"},\"headline\":\"Ruta de ciclismo en Mallorca: pedalea por el para\u00edso de los ciclistas\",\"datePublished\":\"2025-09-08T15:42:02+00:00\",\"dateModified\":\"2025-11-28T07:51:22+00:00\",\"mainEntityOfPage\":{\"@id\":\"https:\\\/\\\/rentallorca.com\\\/blog\\\/ciclismo-en-mallorca\\\/\"},\"wordCount\":1024,\"commentCount\":0,\"image\":{\"@id\":\"https:\\\/\\\/rentallorca.com\\\/blog\\\/ciclismo-en-mallorca\\\/#primaryimage\"},\"thumbnailUrl\":\"https:\\\/\\\/rentallorca.com\\\/blog\\\/wp-content\\\/uploads\\\/2025\\\/09\\\/Bicicleta-en-Mallorca.jpg\",\"articleSection\":[\"Mallorca\"],\"inLanguage\":\"es\",\"potentialAction\":[{\"@type\":\"CommentAction\",\"name\":\"Comment\",\"target\":[\"https:\\\/\\\/rentallorca.com\\\/blog\\\/ciclismo-en-mallorca\\\/#respond\"]}]},{\"@type\":\"WebPage\",\"@id\":\"https:\\\/\\\/rentallorca.com\\\/blog\\\/ciclismo-en-mallorca\\\/\",\"url\":\"https:\\\/\\\/rentallorca.com\\\/blog\\\/ciclismo-en-mallorca\\\/\",\"name\":\"Ruta de ciclismo en Mallorca: pedalea por el para\u00edso de los ciclistas - Blog\",\"isPartOf\":{\"@id\":\"https:\\\/\\\/rentallorca.com\\\/blog\\\/#website\"},\"primaryImageOfPage\":{\"@id\":\"https:\\\/\\\/rentallorca.com\\\/blog\\\/ciclismo-en-mallorca\\\/#primaryimage\"},\"image\":{\"@id\":\"https:\\\/\\\/rentallorca.com\\\/blog\\\/ciclismo-en-mallorca\\\/#primaryimage\"},\"thumbnailUrl\":\"https:\\\/\\\/rentallorca.com\\\/blog\\\/wp-content\\\/uploads\\\/2025\\\/09\\\/Bicicleta-en-Mallorca.jpg\",\"datePublished\":\"2025-09-08T15:42:02+00:00\",\"dateModified\":\"2025-11-28T07:51:22+00:00\",\"author\":{\"@id\":\"https:\\\/\\\/rentallorca.com\\\/blog\\\/#\\\/schema\\\/person\\\/8c5ebe5bf8d43e9757ab6869e1d4cbe4\"},\"description\":\"Haz una ruta ciclista en Mallorca y descubre la isla a golpe de pedal. Descubre c\u00f3mo ir en bicicleta en Malllorca y d\u00f3nde alqularlas.\",\"breadcrumb\":{\"@id\":\"https:\\\/\\\/rentallorca.com\\\/blog\\\/ciclismo-en-mallorca\\\/#breadcrumb\"},\"inLanguage\":\"es\",\"potentialAction\":[{\"@type\":\"ReadAction\",\"target\":[\"https:\\\/\\\/rentallorca.com\\\/blog\\\/ciclismo-en-mallorca\\\/\"]}]},{\"@type\":\"ImageObject\",\"inLanguage\":\"es\",\"@id\":\"https:\\\/\\\/rentallorca.com\\\/blog\\\/ciclismo-en-mallorca\\\/#primaryimage\",\"url\":\"https:\\\/\\\/rentallorca.com\\\/blog\\\/wp-content\\\/uploads\\\/2025\\\/09\\\/Bicicleta-en-Mallorca.jpg\",\"contentUrl\":\"https:\\\/\\\/rentallorca.com\\\/blog\\\/wp-content\\\/uploads\\\/2025\\\/09\\\/Bicicleta-en-Mallorca.jpg\",\"width\":2000,\"height\":666,\"caption\":\"Mallorca: Excursion to the beach\"},{\"@type\":\"BreadcrumbList\",\"@id\":\"https:\\\/\\\/rentallorca.com\\\/blog\\\/ciclismo-en-mallorca\\\/#breadcrumb\",\"itemListElement\":[{\"@type\":\"ListItem\",\"position\":1,\"name\":\"Home\",\"item\":\"https:\\\/\\\/rentallorca.com\\\/blog\\\/\"},{\"@type\":\"ListItem\",\"position\":2,\"name\":\"Ruta de ciclismo en Mallorca: pedalea por el para\u00edso de los ciclistas\"}]},{\"@type\":\"WebSite\",\"@id\":\"https:\\\/\\\/rentallorca.com\\\/blog\\\/#website\",\"url\":\"https:\\\/\\\/rentallorca.com\\\/blog\\\/\",\"name\":\"Blog\",\"description\":\"Rentallorca\",\"potentialAction\":[{\"@type\":\"SearchAction\",\"target\":{\"@type\":\"EntryPoint\",\"urlTemplate\":\"https:\\\/\\\/rentallorca.com\\\/blog\\\/?s={search_term_string}\"},\"query-input\":{\"@type\":\"PropertyValueSpecification\",\"valueRequired\":true,\"valueName\":\"search_term_string\"}}],\"inLanguage\":\"es\"},{\"@type\":\"Person\",\"@id\":\"https:\\\/\\\/rentallorca.com\\\/blog\\\/#\\\/schema\\\/person\\\/8c5ebe5bf8d43e9757ab6869e1d4cbe4\",\"name\":\"Axel\",\"image\":{\"@type\":\"ImageObject\",\"inLanguage\":\"es\",\"@id\":\"https:\\\/\\\/secure.gravatar.com\\\/avatar\\\/3bd706736e5b70f21f05f6c2d5cad746767782a4ba4b7df399c5969e2a9318fd?s=96&d=mm&r=g\",\"url\":\"https:\\\/\\\/secure.gravatar.com\\\/avatar\\\/3bd706736e5b70f21f05f6c2d5cad746767782a4ba4b7df399c5969e2a9318fd?s=96&d=mm&r=g\",\"contentUrl\":\"https:\\\/\\\/secure.gravatar.com\\\/avatar\\\/3bd706736e5b70f21f05f6c2d5cad746767782a4ba4b7df399c5969e2a9318fd?s=96&d=mm&r=g\",\"caption\":\"Axel\"},\"url\":\"https:\\\/\\\/rentallorca.com\\\/blog\\\/author\\\/axel\\\/\"}]}<\/script>\n<!-- \/ Yoast SEO plugin. -->","yoast_head_json":{"title":"Ruta de ciclismo en Mallorca: pedalea por el para\u00edso de los ciclistas - Blog","description":"Haz una ruta ciclista en Mallorca y descubre la isla a golpe de pedal. Descubre c\u00f3mo ir en bicicleta en Malllorca y d\u00f3nde alqularlas.","robots":{"index":"index","follow":"follow","max-snippet":"max-snippet:-1","max-image-preview":"max-image-preview:large","max-video-preview":"max-video-preview:-1"},"canonical":"https:\/\/rentallorca.com\/blog\/ciclismo-en-mallorca\/","og_locale":"es_ES","og_type":"article","og_title":"Ruta de ciclismo en Mallorca: pedalea por el para\u00edso de los ciclistas - Blog","og_description":"Haz una ruta ciclista en Mallorca y descubre la isla a golpe de pedal. Descubre c\u00f3mo ir en bicicleta en Malllorca y d\u00f3nde alqularlas.","og_url":"https:\/\/rentallorca.com\/blog\/ciclismo-en-mallorca\/","og_site_name":"Blog","article_published_time":"2025-09-08T15:42:02+00:00","article_modified_time":"2025-11-28T07:51:22+00:00","og_image":[{"width":2000,"height":666,"url":"https:\/\/rentallorca.com\/blog\/wp-content\/uploads\/2025\/09\/Bicicleta-en-Mallorca.jpg","type":"image\/jpeg"}],"author":"Axel","twitter_card":"summary_large_image","twitter_misc":{"Written by":"Axel","Est. reading time":"6 minutes"},"schema":{"@context":"https:\/\/schema.org","@graph":[{"@type":"Article","@id":"https:\/\/rentallorca.com\/blog\/ciclismo-en-mallorca\/#article","isPartOf":{"@id":"https:\/\/rentallorca.com\/blog\/ciclismo-en-mallorca\/"},"author":{"name":"Axel","@id":"https:\/\/rentallorca.com\/blog\/#\/schema\/person\/8c5ebe5bf8d43e9757ab6869e1d4cbe4"},"headline":"Ruta de ciclismo en Mallorca: pedalea por el para\u00edso de los ciclistas","datePublished":"2025-09-08T15:42:02+00:00","dateModified":"2025-11-28T07:51:22+00:00","mainEntityOfPage":{"@id":"https:\/\/rentallorca.com\/blog\/ciclismo-en-mallorca\/"},"wordCount":1024,"commentCount":0,"image":{"@id":"https:\/\/rentallorca.com\/blog\/ciclismo-en-mallorca\/#primaryimage"},"thumbnailUrl":"https:\/\/rentallorca.com\/blog\/wp-content\/uploads\/2025\/09\/Bicicleta-en-Mallorca.jpg","articleSection":["Mallorca"],"inLanguage":"es","potentialAction":[{"@type":"CommentAction","name":"Comment","target":["https:\/\/rentallorca.com\/blog\/ciclismo-en-mallorca\/#respond"]}]},{"@type":"WebPage","@id":"https:\/\/rentallorca.com\/blog\/ciclismo-en-mallorca\/","url":"https:\/\/rentallorca.com\/blog\/ciclismo-en-mallorca\/","name":"Ruta de ciclismo en Mallorca: pedalea por el para\u00edso de los ciclistas - Blog","isPartOf":{"@id":"https:\/\/rentallorca.com\/blog\/#website"},"primaryImageOfPage":{"@id":"https:\/\/rentallorca.com\/blog\/ciclismo-en-mallorca\/#primaryimage"},"image":{"@id":"https:\/\/rentallorca.com\/blog\/ciclismo-en-mallorca\/#primaryimage"},"thumbnailUrl":"https:\/\/rentallorca.com\/blog\/wp-content\/uploads\/2025\/09\/Bicicleta-en-Mallorca.jpg","datePublished":"2025-09-08T15:42:02+00:00","dateModified":"2025-11-28T07:51:22+00:00","author":{"@id":"https:\/\/rentallorca.com\/blog\/#\/schema\/person\/8c5ebe5bf8d43e9757ab6869e1d4cbe4"},"description":"Haz una ruta ciclista en Mallorca y descubre la isla a golpe de pedal. Descubre c\u00f3mo ir en bicicleta en Malllorca y d\u00f3nde alqularlas.","breadcrumb":{"@id":"https:\/\/rentallorca.com\/blog\/ciclismo-en-mallorca\/#breadcrumb"},"inLanguage":"es","potentialAction":[{"@type":"ReadAction","target":["https:\/\/rentallorca.com\/blog\/ciclismo-en-mallorca\/"]}]},{"@type":"ImageObject","inLanguage":"es","@id":"https:\/\/rentallorca.com\/blog\/ciclismo-en-mallorca\/#primaryimage","url":"https:\/\/rentallorca.com\/blog\/wp-content\/uploads\/2025\/09\/Bicicleta-en-Mallorca.jpg","contentUrl":"https:\/\/rentallorca.com\/blog\/wp-content\/uploads\/2025\/09\/Bicicleta-en-Mallorca.jpg","width":2000,"height":666,"caption":"Mallorca: Excursion to the beach"},{"@type":"BreadcrumbList","@id":"https:\/\/rentallorca.com\/blog\/ciclismo-en-mallorca\/#breadcrumb","itemListElement":[{"@type":"ListItem","position":1,"name":"Home","item":"https:\/\/rentallorca.com\/blog\/"},{"@type":"ListItem","position":2,"name":"Ruta de ciclismo en Mallorca: pedalea por el para\u00edso de los ciclistas"}]},{"@type":"WebSite","@id":"https:\/\/rentallorca.com\/blog\/#website","url":"https:\/\/rentallorca.com\/blog\/","name":"Blog","description":"Rentallorca","potentialAction":[{"@type":"SearchAction","target":{"@type":"EntryPoint","urlTemplate":"https:\/\/rentallorca.com\/blog\/?s={search_term_string}"},"query-input":{"@type":"PropertyValueSpecification","valueRequired":true,"valueName":"search_term_string"}}],"inLanguage":"es"},{"@type":"Person","@id":"https:\/\/rentallorca.com\/blog\/#\/schema\/person\/8c5ebe5bf8d43e9757ab6869e1d4cbe4","name":"Axel","image":{"@type":"ImageObject","inLanguage":"es","@id":"https:\/\/secure.gravatar.com\/avatar\/3bd706736e5b70f21f05f6c2d5cad746767782a4ba4b7df399c5969e2a9318fd?s=96&d=mm&r=g","url":"https:\/\/secure.gravatar.com\/avatar\/3bd706736e5b70f21f05f6c2d5cad746767782a4ba4b7df399c5969e2a9318fd?s=96&d=mm&r=g","contentUrl":"https:\/\/secure.gravatar.com\/avatar\/3bd706736e5b70f21f05f6c2d5cad746767782a4ba4b7df399c5969e2a9318fd?s=96&d=mm&r=g","caption":"Axel"},"url":"https:\/\/rentallorca.com\/blog\/author\/axel\/"}]}},"_links":{"self":[{"href":"https:\/\/rentallorca.com\/blog\/wp-json\/wp\/v2\/posts\/2547","targetHints":{"allow":["GET"]}}],"collection":[{"href":"https:\/\/rentallorca.com\/blog\/wp-json\/wp\/v2\/posts"}],"about":[{"href":"https:\/\/rentallorca.com\/blog\/wp-json\/wp\/v2\/types\/post"}],"author":[{"embeddable":true,"href":"https:\/\/rentallorca.com\/blog\/wp-json\/wp\/v2\/users\/3"}],"replies":[{"embeddable":true,"href":"https:\/\/rentallorca.com\/blog\/wp-json\/wp\/v2\/comments?post=2547"}],"version-history":[{"count":16,"href":"https:\/\/rentallorca.com\/blog\/wp-json\/wp\/v2\/posts\/2547\/revisions"}],"predecessor-version":[{"id":3091,"href":"https:\/\/rentallorca.com\/blog\/wp-json\/wp\/v2\/posts\/2547\/revisions\/3091"}],"wp:featuredmedia":[{"embeddable":true,"href":"https:\/\/rentallorca.com\/blog\/wp-json\/wp\/v2\/media\/2588"}],"wp:attachment":[{"href":"https:\/\/rentallorca.com\/blog\/wp-json\/wp\/v2\/media?parent=2547"}],"wp:term":[{"taxonomy":"category","embeddable":true,"href":"https:\/\/rentallorca.com\/blog\/wp-json\/wp\/v2\/categories?post=2547"},{"taxonomy":"post_tag","embeddable":true,"href":"https:\/\/rentallorca.com\/blog\/wp-json\/wp\/v2\/tags?post=2547"}],"curies":[{"name":"wp","href":"https:\/\/api.w.org\/{rel}","templated":true}]}}