{"id":2476,"date":"2025-08-25T12:39:39","date_gmt":"2025-08-25T12:39:39","guid":{"rendered":"https:\/\/rentallorca.com\/blog\/?p=2476"},"modified":"2025-11-28T07:49:59","modified_gmt":"2025-11-28T07:49:59","slug":"puig-de-sant-marti","status":"publish","type":"post","link":"https:\/\/rentallorca.com\/blog\/puig-de-sant-marti\/","title":{"rendered":"\u00bfA\u00fan no has subido al Puig de Sant Mart\u00ed? Corona su cima y haz una ruta de ensue\u00f1o"},"content":{"rendered":"\t\t<div data-elementor-type=\"wp-post\" data-elementor-id=\"2476\" class=\"elementor elementor-2476\" data-elementor-post-type=\"post\">\n\t\t\t\t<div class=\"elementor-element elementor-element-5bd5e9e9 e-flex e-con-boxed e-con e-parent\" data-id=\"5bd5e9e9\" data-element_type=\"container\" data-e-type=\"container\">\n\t\t\t\t\t<div class=\"e-con-inner\">\n\t\t\t\t<div class=\"elementor-element elementor-element-5188af8f elementor-widget elementor-widget-text-editor\" data-id=\"5188af8f\" data-element_type=\"widget\" data-e-type=\"widget\" data-widget_type=\"text-editor.default\">\n\t\t\t\t<div class=\"elementor-widget-container\">\n\t\t\t\t\t\t\t\t\t<p><span style=\"font-weight: 400;\">Si alguna vez te has preguntado c\u00f3mo ser\u00eda sentirse la persona m\u00e1s afortunada de Mallorca, <\/span><b>deber\u00edas subir al Puig de Sant Mart\u00ed en Alc\u00fadia<\/b><span style=\"font-weight: 400;\">. As\u00ed que prep\u00e1rate para una aventura llena de caminos, historias de pueblos con encanto y alguna que otra an\u00e9cdota que recordar\u00e1s siempre. \u00a1Vamos all\u00e1!<\/span><\/p>\t\t\t\t\t\t\t\t<\/div>\n\t\t\t\t<\/div>\n\t\t\t\t\t<\/div>\n\t\t\t\t<\/div>\n\t\t<div class=\"elementor-element elementor-element-4ea24cdc e-flex e-con-boxed e-con e-parent\" data-id=\"4ea24cdc\" data-element_type=\"container\" data-e-type=\"container\">\n\t\t\t\t\t<div class=\"e-con-inner\">\n\t\t\t\t<div class=\"elementor-element elementor-element-664e3013 elementor-widget elementor-widget-table-of-contents\" data-id=\"664e3013\" data-element_type=\"widget\" data-e-type=\"widget\" data-settings=\"{&quot;headings_by_tags&quot;:[&quot;h2&quot;,&quot;h3&quot;],&quot;exclude_headings_by_selector&quot;:[],&quot;marker_view&quot;:&quot;bullets&quot;,&quot;icon&quot;:{&quot;value&quot;:&quot;&quot;,&quot;library&quot;:&quot;&quot;},&quot;no_headings_message&quot;:&quot;No headings were found on this page.&quot;,&quot;hierarchical_view&quot;:&quot;yes&quot;,&quot;min_height&quot;:{&quot;unit&quot;:&quot;px&quot;,&quot;size&quot;:&quot;&quot;,&quot;sizes&quot;:[]},&quot;min_height_tablet&quot;:{&quot;unit&quot;:&quot;px&quot;,&quot;size&quot;:&quot;&quot;,&quot;sizes&quot;:[]},&quot;min_height_mobile&quot;:{&quot;unit&quot;:&quot;px&quot;,&quot;size&quot;:&quot;&quot;,&quot;sizes&quot;:[]}}\" data-widget_type=\"table-of-contents.default\">\n\t\t\t\t<div class=\"elementor-widget-container\">\n\t\t\t\t\t\t\t\t\t<div class=\"elementor-toc__header\">\n\t\t\t\t\t\t<div class=\"elementor-toc__header-title\">\n\t\t\t\tContenidos\t\t\t<\/div>\n\t\t\t\t\t\t\t\t<\/div>\n\t\t\t\t<div id=\"elementor-toc__664e3013\" class=\"elementor-toc__body\">\n\t\t\t<div class=\"elementor-toc__spinner-container\">\n\t\t\t\t<svg class=\"elementor-toc__spinner eicon-animation-spin e-font-icon-svg e-eicon-loading\" aria-hidden=\"true\" viewBox=\"0 0 1000 1000\" xmlns=\"http:\/\/www.w3.org\/2000\/svg\"><path d=\"M500 975V858C696 858 858 696 858 500S696 142 500 142 142 304 142 500H25C25 237 238 25 500 25S975 237 975 500 763 975 500 975Z\"><\/path><\/svg>\t\t\t<\/div>\n\t\t<\/div>\n\t\t\t\t\t\t<\/div>\n\t\t\t\t<\/div>\n\t\t\t\t\t<\/div>\n\t\t\t\t<\/div>\n\t\t<div class=\"elementor-element elementor-element-524e552f e-flex e-con-boxed e-con e-parent\" data-id=\"524e552f\" data-element_type=\"container\" data-e-type=\"container\">\n\t\t\t\t\t<div class=\"e-con-inner\">\n\t\t\t\t<div class=\"elementor-element elementor-element-408697c6 elementor-widget elementor-widget-heading\" data-id=\"408697c6\" data-element_type=\"widget\" data-e-type=\"widget\" data-widget_type=\"heading.default\">\n\t\t\t\t<div class=\"elementor-widget-container\">\n\t\t\t\t\t<h2 class=\"elementor-heading-title elementor-size-default\">As\u00ed es como puedes llegar al Puig de Sant Mart\u00ed sin problemas\n<\/h2>\t\t\t\t<\/div>\n\t\t\t\t<\/div>\n\t\t\t\t<div class=\"elementor-element elementor-element-7550d972 elementor-widget elementor-widget-text-editor\" data-id=\"7550d972\" data-element_type=\"widget\" data-e-type=\"widget\" data-widget_type=\"text-editor.default\">\n\t\t\t\t<div class=\"elementor-widget-container\">\n\t\t\t\t\t\t\t\t\t<p><span style=\"font-weight: 400;\">Llegar al Puig de Sant Mart\u00ed Alc\u00fadia es tan f\u00e1cil que no podr\u00e1s poner excusas para quedarte en el sof\u00e1. El <\/span><b>punto de arranque m\u00e1s cl\u00e1sico es desde Alc\u00fadia Port d\u2019Alc\u00fadia<\/b><span style=\"font-weight: 400;\">. Si alquilas un coche con Rentallarca en menos de diez minutos habr\u00e1s cambiado el asfalto por la naturaleza. Busca el<\/span><b> parking cerca del Hotel Bellevue<\/b><span style=\"font-weight: 400;\">, uno de los accesos m\u00e1s convencionales al puig.<\/span><\/p><p><span style=\"font-weight: 400;\">\u00bfPrefieres llegar en bici? Perfecto.<\/span><b> Prep\u00e1rate para una peque\u00f1a subida que te har\u00e1 sudar,<\/b><span style=\"font-weight: 400;\"> \u00a1pero en el mejor sentido para un ciclista! Y si eres de los que prefieren ir en bus, pregunta por la parada m\u00e1s cercana a la rotonda de Bellevue.<\/span><\/p><p><span style=\"font-weight: 400;\">Una vez all\u00ed, <\/span><b>el Puig te espera con sus dos brazos abiertos.<\/b><span style=\"font-weight: 400;\"> Y no, no es una expresi\u00f3n, ya<\/span> <span style=\"font-weight: 400;\">que su cima tiene dos picos gemelos, uno con vistas hacia Pollensa y el otro con vistas a toda la bah\u00eda de Alc\u00fadia.<\/span><\/p>\t\t\t\t\t\t\t\t<\/div>\n\t\t\t\t<\/div>\n\t\t\t\t<div class=\"elementor-element elementor-element-478430b elementor-widget elementor-widget-google_maps\" data-id=\"478430b\" data-element_type=\"widget\" data-e-type=\"widget\" data-widget_type=\"google_maps.default\">\n\t\t\t\t<div class=\"elementor-widget-container\">\n\t\t\t\t\t\t\t<div class=\"elementor-custom-embed\">\n\t\t\t<iframe loading=\"lazy\"\n\t\t\t\t\tsrc=\"https:\/\/maps.google.com\/maps?q=Puig%20de%20Sant%20Mart%C3%AD%20alcudia&#038;t=m&#038;z=11&#038;output=embed&#038;iwloc=near\"\n\t\t\t\t\ttitle=\"Puig de Sant Mart\u00ed alcudia\"\n\t\t\t\t\taria-label=\"Puig de Sant Mart\u00ed alcudia\"\n\t\t\t><\/iframe>\n\t\t<\/div>\n\t\t\t\t\t\t<\/div>\n\t\t\t\t<\/div>\n\t\t\t\t\t<\/div>\n\t\t\t\t<\/div>\n\t\t<div class=\"elementor-element elementor-element-0ae79c4 e-flex e-con-boxed e-con e-parent\" data-id=\"0ae79c4\" data-element_type=\"container\" data-e-type=\"container\">\n\t\t\t\t\t<div class=\"e-con-inner\">\n\t\t\t\t<div class=\"elementor-element elementor-element-2e6abfa elementor-widget elementor-widget-heading\" data-id=\"2e6abfa\" data-element_type=\"widget\" data-e-type=\"widget\" data-widget_type=\"heading.default\">\n\t\t\t\t<div class=\"elementor-widget-container\">\n\t\t\t\t\t<h2 class=\"elementor-heading-title elementor-size-default\">Descubre las diferentes rutas y senderos disponibles\n<\/h2>\t\t\t\t<\/div>\n\t\t\t\t<\/div>\n\t\t\t\t<div class=\"elementor-element elementor-element-528782e elementor-widget elementor-widget-text-editor\" data-id=\"528782e\" data-element_type=\"widget\" data-e-type=\"widget\" data-widget_type=\"text-editor.default\">\n\t\t\t\t<div class=\"elementor-widget-container\">\n\t\t\t\t\t\t\t\t\t<p><span style=\"font-weight: 400;\">Hay varios caminos para llegar a disfrutar de sus vistas panor\u00e1micas. La r<\/span><b>uta m\u00e1s cl\u00e1sica es desde Bellevue<\/b><span style=\"font-weight: 400;\">, perfecta para principiantes, ya que en menos de una hora puedes alcanzar la cima. Solo hay que seguir la pista forestal que sube entre pinos.<\/span><\/p><p><span style=\"font-weight: 400;\">Otro camino, es desde <\/span><b>La Victoria<\/b><span style=\"font-weight: 400;\">, hecho para quienes buscan un poco m\u00e1s de aventura. Es un sendero salvaje que conseguir\u00e1 que te sientas como Indiana Jones, pero sin serpientes, prometido. Por \u00faltimo, si eres fan de la bicicleta de monta\u00f1a, <\/span><b>puedes optar por la subida en BTT<\/b><span style=\"font-weight: 400;\">, es un desaf\u00edo que atraviesa senderos serpenteantes y un terreno rocoso.<\/span><\/p><p><span style=\"font-weight: 400;\">Recuerda que lo importante es subir, y que no importa c\u00f3mo lo hagas, <\/span><b>sino ganar el premio de unas vistas asombrosas.<\/b><span style=\"font-weight: 400;\"> Queremos que llegues vivo, as\u00ed que \u00a1no te aventures si no eres experto!<\/span><\/p>\t\t\t\t\t\t\t\t<\/div>\n\t\t\t\t<\/div>\n\t\t\t\t<div class=\"elementor-element elementor-element-7cf45b4 elementor-widget elementor-widget-image\" data-id=\"7cf45b4\" data-element_type=\"widget\" data-e-type=\"widget\" data-widget_type=\"image.default\">\n\t\t\t\t<div class=\"elementor-widget-container\">\n\t\t\t\t\t\t\t\t\t\t\t\t\t\t\t<img decoding=\"async\" src=\"https:\/\/rentallorca.com\/blog\/wp-content\/uploads\/elementor\/thumbs\/Puig-de-Sant-Marti-ramrusmgdrs1ibces2nffamnsma6d24ep2vju4460g.webp\" title=\"Puig-de-Sant-Marti\" alt=\"Puig-de-Sant-Marti\" loading=\"lazy\" \/>\t\t\t\t\t\t\t\t\t\t\t\t\t\t\t<\/div>\n\t\t\t\t<\/div>\n\t\t\t\t\t<\/div>\n\t\t\t\t<\/div>\n\t\t<div class=\"elementor-element elementor-element-b448f78 e-flex e-con-boxed e-con e-parent\" data-id=\"b448f78\" data-element_type=\"container\" data-e-type=\"container\">\n\t\t\t\t\t<div class=\"e-con-inner\">\n\t\t\t\t<div class=\"elementor-element elementor-element-ac4f631 elementor-widget elementor-widget-heading\" data-id=\"ac4f631\" data-element_type=\"widget\" data-e-type=\"widget\" data-widget_type=\"heading.default\">\n\t\t\t\t<div class=\"elementor-widget-container\">\n\t\t\t\t\t<h2 class=\"elementor-heading-title elementor-size-default\">\u00bfQu\u00e9 ver desde la cima?\n<\/h2>\t\t\t\t<\/div>\n\t\t\t\t<\/div>\n\t\t\t\t<div class=\"elementor-element elementor-element-40f622b elementor-widget elementor-widget-text-editor\" data-id=\"40f622b\" data-element_type=\"widget\" data-e-type=\"widget\" data-widget_type=\"text-editor.default\">\n\t\t\t\t<div class=\"elementor-widget-container\">\n\t\t\t\t\t\t\t\t\t<p><span style=\"font-weight: 400;\">Ahora s\u00ed, es el momento de sacar el bocadillo, el m\u00f3vil, pero sobre todo abrir los ojos. Desde arriba, <\/span><b>el Puig de Sant Mart\u00ed regala postales que no necesitar\u00e1n ning\u00fan filtro de instagram<\/b><span style=\"font-weight: 400;\"> para mejorarlos.<\/span><\/p><p><span style=\"font-weight: 400;\">Las vistas combinan dos azules intensos de la<\/span><b> Bah\u00eda de Alc\u00fadia y la Bah\u00eda de Pollensa<\/b><span style=\"font-weight: 400;\">, que compiten por cu\u00e1l es m\u00e1s espectacular. Esto se acompa\u00f1a de cumbres, valles y pinos de las <\/span><b>monta\u00f1as de la Serra de Tramuntana<\/b><span style=\"font-weight: 400;\">. Adem\u00e1s puedes observar los<\/span><b> pueblos de alrededor<\/b><span style=\"font-weight: 400;\"> de una forma diferente y observar la Mallorca rural en miniatura, como si estuvieras en un helic\u00f3ptero.<\/span><\/p><p><span style=\"font-weight: 400;\">Si tienes la suerte de subir en d\u00edas claros, podr\u00e1s ver Mallorca en 4k sin necesidad de tele nueva. Y si pillas niebla le dar\u00e1s a las vistas ese toque misterioso, como si estuvieras en una pel\u00edcula de suspense.<\/span><\/p>\t\t\t\t\t\t\t\t<\/div>\n\t\t\t\t<\/div>\n\t\t\t\t\t<\/div>\n\t\t\t\t<\/div>\n\t\t<div class=\"elementor-element elementor-element-d56d126 e-flex e-con-boxed e-con e-parent\" data-id=\"d56d126\" data-element_type=\"container\" data-e-type=\"container\">\n\t\t\t\t\t<div class=\"e-con-inner\">\n\t\t\t\t<div class=\"elementor-element elementor-element-967a43e elementor-widget elementor-widget-heading\" data-id=\"967a43e\" data-element_type=\"widget\" data-e-type=\"widget\" data-widget_type=\"heading.default\">\n\t\t\t\t<div class=\"elementor-widget-container\">\n\t\t\t\t\t<h2 class=\"elementor-heading-title elementor-size-default\">Anota estos consejos para subir y, sobre todo, qu\u00e9 llevar a tu aventura\n<\/h2>\t\t\t\t<\/div>\n\t\t\t\t<\/div>\n\t\t\t\t<div class=\"elementor-element elementor-element-e3d4734 elementor-widget elementor-widget-text-editor\" data-id=\"e3d4734\" data-element_type=\"widget\" data-e-type=\"widget\" data-widget_type=\"text-editor.default\">\n\t\t\t\t<div class=\"elementor-widget-container\">\n\t\t\t\t\t\t\t\t\t<p><span style=\"font-weight: 400;\">Existen dos tipos de personas, los que suben preparados y los que improvisan y luego tienen an\u00e9cdotas que nadie cree. Si eres del primer grupo, o al menos lo quieres intentar,<\/span><b> tenemos una serie de recomendaciones para ti.<\/b><\/p><p><span style=\"font-weight: 400;\">Escoge un calzado c\u00f3modo, lo ideal son unas<\/span><b> zapatillas deportivas o botas de senderismo<\/b><span style=\"font-weight: 400;\">, olv\u00eddate de las chanclas por un d\u00eda. Tambi\u00e9n recuerda llevar <\/span><b>agua<\/b><span style=\"font-weight: 400;\">, aunque hay fuentes, es mejor prevenir que una deshidrataci\u00f3n inminente, y tampoco olvides la <\/span><b>protecci\u00f3n solar y la gorra<\/b><span style=\"font-weight: 400;\">, ya que el sol de Mallorca se cuela hasta en los d\u00edas m\u00e1s nublados.<\/span><\/p><p><span style=\"font-weight: 400;\">Recuerda<\/span><b> cargar el m\u00f3vil<\/b><span style=\"font-weight: 400;\">, porque cuando cuentes lo que han visto tus ojos nadie te creer\u00e1 y una foto puede demostrarlo. Y adem\u00e1s si subes en el atardecer las vistas a la bah\u00eda parecer\u00e1n de otro mundo.<\/span><\/p>\t\t\t\t\t\t\t\t<\/div>\n\t\t\t\t<\/div>\n\t\t\t\t<div class=\"elementor-element elementor-element-1331f85 elementor-widget elementor-widget-image\" data-id=\"1331f85\" data-element_type=\"widget\" data-e-type=\"widget\" data-widget_type=\"image.default\">\n\t\t\t\t<div class=\"elementor-widget-container\">\n\t\t\t\t\t\t\t\t\t\t\t\t\t\t\t<img decoding=\"async\" src=\"https:\/\/rentallorca.com\/blog\/wp-content\/uploads\/elementor\/thumbs\/Puig-de-Sant-Marti-mallorca-ramrxhftxpgkq5fs2qi02474zb0zdvsree2k9m4m7k.webp\" title=\"Puig-de-Sant-Marti-mallorca\" alt=\"Puig-de-Sant-Marti-mallorca\" loading=\"lazy\" \/>\t\t\t\t\t\t\t\t\t\t\t\t\t\t\t<\/div>\n\t\t\t\t<\/div>\n\t\t\t\t\t<\/div>\n\t\t\t\t<\/div>\n\t\t<div class=\"elementor-element elementor-element-523e0b79 e-flex e-con-boxed e-con e-parent\" data-id=\"523e0b79\" data-element_type=\"container\" data-e-type=\"container\">\n\t\t\t\t\t<div class=\"e-con-inner\">\n\t\t\t\t<div class=\"elementor-element elementor-element-bde05f4 elementor-widget elementor-widget-heading\" data-id=\"bde05f4\" data-element_type=\"widget\" data-e-type=\"widget\" data-widget_type=\"heading.default\">\n\t\t\t\t<div class=\"elementor-widget-container\">\n\t\t\t\t\t<h2 class=\"elementor-heading-title elementor-size-default\">\u00bfQu\u00e9 puedes hacer despu\u00e9s en Alc\u00fadia?\n<\/h2>\t\t\t\t<\/div>\n\t\t\t\t<\/div>\n\t\t\t\t<div class=\"elementor-element elementor-element-2381c858 elementor-widget elementor-widget-text-editor\" data-id=\"2381c858\" data-element_type=\"widget\" data-e-type=\"widget\" data-widget_type=\"text-editor.default\">\n\t\t\t\t<div class=\"elementor-widget-container\">\n\t\t\t\t\t\t\t\t\t<p><span style=\"font-weight: 400;\">Despu\u00e9s de haber subido\u2026<\/span><b> habr\u00e1 que celebrarlo de alguna manera<\/b><span style=\"font-weight: 400;\">, \u00bfno? Lo bueno es que tienes varias opciones para escoger la que m\u00e1s te guste:<\/span><\/p><p><span style=\"font-weight: 400;\">Puedes dar un <\/span><b>paseo por Alc\u00fadia<\/b><span style=\"font-weight: 400;\">, donde descubrir\u00e1s sus murallas medievales y puedes perderte por las calles adoquinadas que parecen sacadas de una pel\u00edcula. Aunque si has pasado mucho calor, puedes optar por ir a la<\/span><b> playa de Alc\u00fadia o a la playa del muro<\/b><span style=\"font-weight: 400;\">, con sus arenas finas y sus aguas calmadas.<\/span><\/p><p><span style=\"font-weight: 400;\">\u00bfEl camino te ha dado hambre? Puedes optar por ir a alguno de sus <\/span><b>mercados <\/b><span style=\"font-weight: 400;\">y comprarte algo, o acudir a alguno de sus restaurantes con una<\/span><b> oferta gastron\u00f3mica local<\/b><span style=\"font-weight: 400;\"> que no dejar\u00e1n tu paladar inadvertido.<\/span><\/p><p><span style=\"font-weight: 400;\">Tambi\u00e9n puedes aprovechar y lanzarte a <\/span><b>explotar la Albufera, Pollensa o Sa Pobla<\/b><span style=\"font-weight: 400;\">, tres joyas del norte y del centro que hacen que Mallorca no quepa en una sola postal.<\/span><\/p>\t\t\t\t\t\t\t\t<\/div>\n\t\t\t\t<\/div>\n\t\t\t\t\t<\/div>\n\t\t\t\t<\/div>\n\t\t<div class=\"elementor-element elementor-element-25a1f8a e-flex e-con-boxed e-con e-parent\" data-id=\"25a1f8a\" data-element_type=\"container\" data-e-type=\"container\">\n\t\t\t\t\t<div class=\"e-con-inner\">\n\t\t\t\t<div class=\"elementor-element elementor-element-d37d518 elementor-widget elementor-widget-heading\" data-id=\"d37d518\" data-element_type=\"widget\" data-e-type=\"widget\" data-widget_type=\"heading.default\">\n\t\t\t\t<div class=\"elementor-widget-container\">\n\t\t\t\t\t<h2 class=\"elementor-heading-title elementor-size-default\">\u00bfNecesitas m\u00e1s razones para subir al Puig de Sant Mart\u00ed?\n<\/h2>\t\t\t\t<\/div>\n\t\t\t\t<\/div>\n\t\t\t\t<div class=\"elementor-element elementor-element-a86b66b elementor-widget elementor-widget-text-editor\" data-id=\"a86b66b\" data-element_type=\"widget\" data-e-type=\"widget\" data-widget_type=\"text-editor.default\">\n\t\t\t\t<div class=\"elementor-widget-container\">\n\t\t\t\t\t\t\t\t\t<p><span style=\"font-weight: 400;\">Subir al Puig de Sant Mart\u00ed no es solo hacer ejercicio o tachar un \u201cpendiente\u201d de tu lista. Es llenarte de historias<\/span><b>, regalarte recuerdos con vistas y re\u00edrte en cada paso. <\/b><span style=\"font-weight: 400;\">Es el lugar perfecto para entender por qu\u00e9 Mallorca y sus pueblos del centro, norte y este son \u00fanicos, genuinos y adictivos.<\/span><\/p><p><span style=\"font-weight: 400;\">Y si despu\u00e9s de leer todo esto no te entran ganas de <\/span><b>alquilar un alojamiento con Rentallorca<\/b><span style=\"font-weight: 400;\">, ponerte las botas y conquistar la cima\u2026 \u00a1vuelve a pensarlo! Porque te aseguramos que el Puig de Sant Mart\u00ed y sus alrededores te dejar\u00e1n con ganas de volver, y qui\u00e9n sabe igual puedes probar una ruta diferente.<\/span><\/p>\t\t\t\t\t\t\t\t<\/div>\n\t\t\t\t<\/div>\n\t\t\t\t\t<\/div>\n\t\t\t\t<\/div>\n\t\t<div class=\"elementor-element elementor-element-9cffd6c e-flex e-con-boxed e-con e-parent\" data-id=\"9cffd6c\" data-element_type=\"container\" data-e-type=\"container\">\n\t\t\t\t\t<div class=\"e-con-inner\">\n\t\t\t\t<div class=\"elementor-element elementor-element-5700d5e elementor-widget__width-initial elementor-widget elementor-widget-grid\" data-id=\"5700d5e\" data-element_type=\"widget\" data-e-type=\"widget\" data-widget_type=\"grid.default\">\n\t\t\t\t<div class=\"elementor-widget-container\">\n\t\t\t\t\t\t\t<div class=\"its--row alojamientos-recomendados\">\n\n\t\t\t<div class=\"alojamientos-recomendados-container\">\n\n\t\t\t\t\t\n\t\t\t\t\t<a href=\"https:\/\/rentallorca.com\/alquiler\/apartamento-puerto-pollensa-apartment-can-sivella-by-home-villas-360-376208.html\" rel=\"nofollow\" style=\"width: 32%;\">\n\t\t\t\t\t\t<div class=\"apartamento-box\">\n\t\t\t\t\t\t\t<div class=\"imagen_recomendados\">\n\t\t\t\t\t\t\t\t<img decoding=\"async\" src=\"https:\/\/crs.avantio.com\/fotos\/2\/16419775503a065e7d5b9e81869f0b0ad753313ef2\/big1654602492e226c84e237e8edba4f5254128ebc5c8.jpg\" alt=\"Apartment Can Sivella in Puerto Pollensa by Home Villas 360\">\n\t\t\t\t\t\t\t<\/div>\n\t\t\t\t\t\t\t<div class=\"info\">\n\t\t\t\t\t\t\t\t<div class=\"ubicacion\">\n\t\t\t\t\t\t\t\t\t<i class=\"fa-solid fa-location-dot icono-mapa\"><\/i><span class=\"ubicacion-texto\">Puerto Pollensa - Mallorca<\/span>\n\t\t\t\t\t\t\t\t<\/div>\n\t\t\t\t\t\t\t\t<H4 class=\"titulo-alojamiento\">\n\t\t\t\t\t\t\t\t\tApartment Can Sivella in Puerto Pollensa by Home Villas 360\t\t\t\t\t\t\t\t<\/H4>\n\t\t\t\t\t\t\t\t<p class=\"precio-alojamiento\">Desde <span class=\"precio\">164.79\u20ac<\/span> por noche<\/p>\n\t\t\t\t\t\t\t<\/div>\n\t\t\t\t\t\t<\/div>\n\t\t\t\t\t<\/a> \n\t\t\t\t\t\t\n\t\t\t\t\t<a href=\"https:\/\/rentallorca.com\/alquiler\/casa-pollensa-chalet-molins-6-by-home-villas-360-376217.html\" rel=\"nofollow\" style=\"width: 32%;\">\n\t\t\t\t\t\t<div class=\"apartamento-box\">\n\t\t\t\t\t\t\t<div class=\"imagen_recomendados\">\n\t\t\t\t\t\t\t\t<img decoding=\"async\" src=\"https:\/\/crs.avantio.com\/fotos\/2\/1641977946d648a52406e4c835dcde1c9dbf97549b\/big1751374198a350cfafb7556f457b1f6caa6a5f0b51.jpg\" alt=\"Chalet Molins 5 in Pollensa by Home Villas 360\">\n\t\t\t\t\t\t\t<\/div>\n\t\t\t\t\t\t\t<div class=\"info\">\n\t\t\t\t\t\t\t\t<div class=\"ubicacion\">\n\t\t\t\t\t\t\t\t\t<i class=\"fa-solid fa-location-dot icono-mapa\"><\/i><span class=\"ubicacion-texto\">Pollensa \/ Pollen\u00e7a - Mallorca<\/span>\n\t\t\t\t\t\t\t\t<\/div>\n\t\t\t\t\t\t\t\t<H4 class=\"titulo-alojamiento\">\n\t\t\t\t\t\t\t\t\tChalet Molins 5 in Pollensa by Home Villas 360\t\t\t\t\t\t\t\t<\/H4>\n\t\t\t\t\t\t\t\t<p class=\"precio-alojamiento\">Desde <span class=\"precio\">106.50\u20ac<\/span> por noche<\/p>\n\t\t\t\t\t\t\t<\/div>\n\t\t\t\t\t\t<\/div>\n\t\t\t\t\t<\/a> \n\t\t\t\t\t\t\n\t\t\t\t\t<a href=\"https:\/\/rentallorca.com\/alquiler\/casa-pollensa-townhouse-lleo-72-in-pollensa-by-homevillas360-376218.html\" rel=\"nofollow\" style=\"width: 32%;\">\n\t\t\t\t\t\t<div class=\"apartamento-box\">\n\t\t\t\t\t\t\t<div class=\"imagen_recomendados\">\n\t\t\t\t\t\t\t\t<img decoding=\"async\" src=\"https:\/\/crs.avantio.com\/fotos\/2\/16419776158f1df6ed07bce8cd02e166991d11fcc2\/big171344793281e791d9f629f3ddb76cc20b6cd99ba8.jpg\" alt=\" Townhouse Lle\u00f3 72 in Pollensa by Home Villas 360\">\n\t\t\t\t\t\t\t<\/div>\n\t\t\t\t\t\t\t<div class=\"info\">\n\t\t\t\t\t\t\t\t<div class=\"ubicacion\">\n\t\t\t\t\t\t\t\t\t<i class=\"fa-solid fa-location-dot icono-mapa\"><\/i><span class=\"ubicacion-texto\">Pollensa - Mallorca<\/span>\n\t\t\t\t\t\t\t\t<\/div>\n\t\t\t\t\t\t\t\t<H4 class=\"titulo-alojamiento\">\n\t\t\t\t\t\t\t\t\t Townhouse Lle\u00f3 72 in Pollensa by Home Villas 360\t\t\t\t\t\t\t\t<\/H4>\n\t\t\t\t\t\t\t\t<p class=\"precio-alojamiento\">Desde <span class=\"precio\">86.32\u20ac<\/span> por noche<\/p>\n\t\t\t\t\t\t\t<\/div>\n\t\t\t\t\t\t<\/div>\n\t\t\t\t\t<\/a> \n\t\t\t\t\t\t\t\t<\/div>\n\t\t\t<\/div>\n\t\t\t\t\t\t<\/div>\n\t\t\t\t<\/div>\n\t\t\t\t\t<\/div>\n\t\t\t\t<\/div>\n\t\t<div class=\"elementor-element elementor-element-6fc28601 e-flex e-con-boxed e-con e-parent\" data-id=\"6fc28601\" data-element_type=\"container\" data-e-type=\"container\">\n\t\t\t\t\t<div class=\"e-con-inner\">\n\t\t\t\t<div class=\"elementor-element elementor-element-1655a00d elementor-widget elementor-widget-shortcode\" data-id=\"1655a00d\" data-element_type=\"widget\" data-e-type=\"widget\" data-widget_type=\"shortcode.default\">\n\t\t\t\t<div class=\"elementor-widget-container\">\n\t\t\t\t\t\t\t<div class=\"elementor-shortcode\">\t\t<div data-elementor-type=\"page\" data-elementor-id=\"169\" class=\"elementor elementor-169\" data-elementor-post-type=\"elementor_library\">\n\t\t\t\t<div class=\"elementor-element elementor-element-3e3fb32 e-flex e-con-boxed e-con e-parent\" data-id=\"3e3fb32\" data-element_type=\"container\" data-e-type=\"container\">\n\t\t\t\t\t<div class=\"e-con-inner\">\n\t\t<div class=\"elementor-element elementor-element-1e7a903 e-con-full e-flex e-con e-child\" data-id=\"1e7a903\" data-element_type=\"container\" data-e-type=\"container\">\n\t\t\t\t<div class=\"elementor-element elementor-element-79f0d3f elementor-align-justify elementor-widget elementor-widget-button\" data-id=\"79f0d3f\" data-element_type=\"widget\" data-e-type=\"widget\" data-widget_type=\"button.default\">\n\t\t\t\t<div class=\"elementor-widget-container\">\n\t\t\t\t\t\t\t\t\t<div class=\"elementor-button-wrapper\">\n\t\t\t\t\t<a class=\"elementor-button elementor-button-link elementor-size-sm\" href=\"https:\/\/rentallorca.com\/alquiler\/alquileres-alcudia-d1098\/\">\n\t\t\t\t\t\t<span class=\"elementor-button-content-wrapper\">\n\t\t\t\t\t\t\t\t\t<span class=\"elementor-button-text\">Alojamientos Alcudia<\/span>\n\t\t\t\t\t<\/span>\n\t\t\t\t\t<\/a>\n\t\t\t\t<\/div>\n\t\t\t\t\t\t\t\t<\/div>\n\t\t\t\t<\/div>\n\t\t\t\t<\/div>\n\t\t<div class=\"elementor-element elementor-element-c5d0b1c e-con-full e-flex e-con e-child\" data-id=\"c5d0b1c\" data-element_type=\"container\" data-e-type=\"container\">\n\t\t\t\t<div class=\"elementor-element elementor-element-c044b9b elementor-align-justify elementor-widget elementor-widget-button\" data-id=\"c044b9b\" data-element_type=\"widget\" data-e-type=\"widget\" data-widget_type=\"button.default\">\n\t\t\t\t<div class=\"elementor-widget-container\">\n\t\t\t\t\t\t\t\t\t<div class=\"elementor-button-wrapper\">\n\t\t\t\t\t<a class=\"elementor-button elementor-button-link elementor-size-sm\" href=\"https:\/\/rentallorca.com\/alquiler\/casas-alcudia-c19d1098\/\">\n\t\t\t\t\t\t<span class=\"elementor-button-content-wrapper\">\n\t\t\t\t\t\t\t\t\t<span class=\"elementor-button-text\">Casas Alcudia<\/span>\n\t\t\t\t\t<\/span>\n\t\t\t\t\t<\/a>\n\t\t\t\t<\/div>\n\t\t\t\t\t\t\t\t<\/div>\n\t\t\t\t<\/div>\n\t\t\t\t<\/div>\n\t\t<div class=\"elementor-element elementor-element-cbd8222 e-con-full e-flex e-con e-child\" data-id=\"cbd8222\" data-element_type=\"container\" data-e-type=\"container\">\n\t\t\t\t<div class=\"elementor-element elementor-element-7287580 elementor-align-justify elementor-widget elementor-widget-button\" data-id=\"7287580\" data-element_type=\"widget\" data-e-type=\"widget\" data-widget_type=\"button.default\">\n\t\t\t\t<div class=\"elementor-widget-container\">\n\t\t\t\t\t\t\t\t\t<div class=\"elementor-button-wrapper\">\n\t\t\t\t\t<a class=\"elementor-button elementor-button-link elementor-size-sm\" href=\"https:\/\/rentallorca.com\/alquiler\/fincas-alcudia-c22d1098\/\">\n\t\t\t\t\t\t<span class=\"elementor-button-content-wrapper\">\n\t\t\t\t\t\t\t\t\t<span class=\"elementor-button-text\">Fincas Alcudia<\/span>\n\t\t\t\t\t<\/span>\n\t\t\t\t\t<\/a>\n\t\t\t\t<\/div>\n\t\t\t\t\t\t\t\t<\/div>\n\t\t\t\t<\/div>\n\t\t\t\t<\/div>\n\t\t\t\t\t<\/div>\n\t\t\t\t<\/div>\n\t\t\t\t<\/div>\n\t\t<\/div>\n\t\t\t\t\t\t<\/div>\n\t\t\t\t<\/div>\n\t\t\t\t\t<\/div>\n\t\t\t\t<\/div>\n\t\t\t\t<\/div>\n\t\t","protected":false},"excerpt":{"rendered":"<p>Si alguna vez te has preguntado c\u00f3mo ser\u00eda sentirse la persona m\u00e1s afortunada de Mallorca, deber\u00edas subir al Puig de Sant Mart\u00ed en Alc\u00fadia. As\u00ed que prep\u00e1rate para una aventura llena de caminos, historias de pueblos con encanto y alguna que otra an\u00e9cdota que recordar\u00e1s siempre. \u00a1Vamos all\u00e1! Contenidos As\u00ed es como puedes llegar al [&hellip;]<\/p>\n","protected":false},"author":3,"featured_media":2509,"comment_status":"open","ping_status":"open","sticky":false,"template":"","format":"standard","meta":{"footnotes":""},"categories":[34],"tags":[],"class_list":["post-2476","post","type-post","status-publish","format-standard","has-post-thumbnail","hentry","category-mallorca-destino"],"yoast_head":"<!-- This site is optimized with the Yoast SEO plugin v27.5 - https:\/\/yoast.com\/product\/yoast-seo-wordpress\/ -->\n<title>Visita el Puig de Sant Mart\u00ed - Blog<\/title>\n<meta name=\"description\" content=\"Explora el Puig de Sant Mart\u00ed y disfruta de las vistas panor\u00e1micas de Mallorca. Empieza a planificar tu viaja a Mallorca hoy.\" \/>\n<meta name=\"robots\" content=\"index, follow, max-snippet:-1, max-image-preview:large, max-video-preview:-1\" \/>\n<link rel=\"canonical\" href=\"https:\/\/rentallorca.com\/blog\/puig-de-sant-marti\/\" \/>\n<meta property=\"og:locale\" content=\"es_ES\" \/>\n<meta property=\"og:type\" content=\"article\" \/>\n<meta property=\"og:title\" content=\"Visita el Puig de Sant Mart\u00ed - Blog\" \/>\n<meta property=\"og:description\" content=\"Explora el Puig de Sant Mart\u00ed y disfruta de las vistas panor\u00e1micas de Mallorca. Empieza a planificar tu viaja a Mallorca hoy.\" \/>\n<meta property=\"og:url\" content=\"https:\/\/rentallorca.com\/blog\/puig-de-sant-marti\/\" \/>\n<meta property=\"og:site_name\" content=\"Blog\" \/>\n<meta property=\"article:published_time\" content=\"2025-08-25T12:39:39+00:00\" \/>\n<meta property=\"article:modified_time\" content=\"2025-11-28T07:49:59+00:00\" \/>\n<meta property=\"og:image\" content=\"https:\/\/rentallorca.com\/blog\/wp-content\/uploads\/2025\/08\/Puig-de-Sant-Marti-puesta-de-sol-1.webp\" \/>\n\t<meta property=\"og:image:width\" content=\"1360\" \/>\n\t<meta property=\"og:image:height\" content=\"400\" \/>\n\t<meta property=\"og:image:type\" content=\"image\/webp\" \/>\n<meta name=\"author\" content=\"Axel\" \/>\n<meta name=\"twitter:card\" content=\"summary_large_image\" \/>\n<meta name=\"twitter:label1\" content=\"Written by\" \/>\n\t<meta name=\"twitter:data1\" content=\"Axel\" \/>\n\t<meta name=\"twitter:label2\" content=\"Est. reading time\" \/>\n\t<meta name=\"twitter:data2\" content=\"6 minutes\" \/>\n<script type=\"application\/ld+json\" class=\"yoast-schema-graph\">{\"@context\":\"https:\\\/\\\/schema.org\",\"@graph\":[{\"@type\":\"Article\",\"@id\":\"https:\\\/\\\/rentallorca.com\\\/blog\\\/puig-de-sant-marti\\\/#article\",\"isPartOf\":{\"@id\":\"https:\\\/\\\/rentallorca.com\\\/blog\\\/puig-de-sant-marti\\\/\"},\"author\":{\"name\":\"Axel\",\"@id\":\"https:\\\/\\\/rentallorca.com\\\/blog\\\/#\\\/schema\\\/person\\\/8c5ebe5bf8d43e9757ab6869e1d4cbe4\"},\"headline\":\"\u00bfA\u00fan no has subido al Puig de Sant Mart\u00ed? Corona su cima y haz una ruta de ensue\u00f1o\",\"datePublished\":\"2025-08-25T12:39:39+00:00\",\"dateModified\":\"2025-11-28T07:49:59+00:00\",\"mainEntityOfPage\":{\"@id\":\"https:\\\/\\\/rentallorca.com\\\/blog\\\/puig-de-sant-marti\\\/\"},\"wordCount\":1043,\"commentCount\":0,\"image\":{\"@id\":\"https:\\\/\\\/rentallorca.com\\\/blog\\\/puig-de-sant-marti\\\/#primaryimage\"},\"thumbnailUrl\":\"https:\\\/\\\/rentallorca.com\\\/blog\\\/wp-content\\\/uploads\\\/2025\\\/08\\\/Puig-de-Sant-Marti-puesta-de-sol-1.webp\",\"articleSection\":[\"Mallorca\"],\"inLanguage\":\"es\",\"potentialAction\":[{\"@type\":\"CommentAction\",\"name\":\"Comment\",\"target\":[\"https:\\\/\\\/rentallorca.com\\\/blog\\\/puig-de-sant-marti\\\/#respond\"]}]},{\"@type\":\"WebPage\",\"@id\":\"https:\\\/\\\/rentallorca.com\\\/blog\\\/puig-de-sant-marti\\\/\",\"url\":\"https:\\\/\\\/rentallorca.com\\\/blog\\\/puig-de-sant-marti\\\/\",\"name\":\"Visita el Puig de Sant Mart\u00ed - Blog\",\"isPartOf\":{\"@id\":\"https:\\\/\\\/rentallorca.com\\\/blog\\\/#website\"},\"primaryImageOfPage\":{\"@id\":\"https:\\\/\\\/rentallorca.com\\\/blog\\\/puig-de-sant-marti\\\/#primaryimage\"},\"image\":{\"@id\":\"https:\\\/\\\/rentallorca.com\\\/blog\\\/puig-de-sant-marti\\\/#primaryimage\"},\"thumbnailUrl\":\"https:\\\/\\\/rentallorca.com\\\/blog\\\/wp-content\\\/uploads\\\/2025\\\/08\\\/Puig-de-Sant-Marti-puesta-de-sol-1.webp\",\"datePublished\":\"2025-08-25T12:39:39+00:00\",\"dateModified\":\"2025-11-28T07:49:59+00:00\",\"author\":{\"@id\":\"https:\\\/\\\/rentallorca.com\\\/blog\\\/#\\\/schema\\\/person\\\/8c5ebe5bf8d43e9757ab6869e1d4cbe4\"},\"description\":\"Explora el Puig de Sant Mart\u00ed y disfruta de las vistas panor\u00e1micas de Mallorca. Empieza a planificar tu viaja a Mallorca hoy.\",\"breadcrumb\":{\"@id\":\"https:\\\/\\\/rentallorca.com\\\/blog\\\/puig-de-sant-marti\\\/#breadcrumb\"},\"inLanguage\":\"es\",\"potentialAction\":[{\"@type\":\"ReadAction\",\"target\":[\"https:\\\/\\\/rentallorca.com\\\/blog\\\/puig-de-sant-marti\\\/\"]}]},{\"@type\":\"ImageObject\",\"inLanguage\":\"es\",\"@id\":\"https:\\\/\\\/rentallorca.com\\\/blog\\\/puig-de-sant-marti\\\/#primaryimage\",\"url\":\"https:\\\/\\\/rentallorca.com\\\/blog\\\/wp-content\\\/uploads\\\/2025\\\/08\\\/Puig-de-Sant-Marti-puesta-de-sol-1.webp\",\"contentUrl\":\"https:\\\/\\\/rentallorca.com\\\/blog\\\/wp-content\\\/uploads\\\/2025\\\/08\\\/Puig-de-Sant-Marti-puesta-de-sol-1.webp\",\"width\":1360,\"height\":400},{\"@type\":\"BreadcrumbList\",\"@id\":\"https:\\\/\\\/rentallorca.com\\\/blog\\\/puig-de-sant-marti\\\/#breadcrumb\",\"itemListElement\":[{\"@type\":\"ListItem\",\"position\":1,\"name\":\"Home\",\"item\":\"https:\\\/\\\/rentallorca.com\\\/blog\\\/\"},{\"@type\":\"ListItem\",\"position\":2,\"name\":\"\u00bfA\u00fan no has subido al Puig de Sant Mart\u00ed? Corona su cima y haz una ruta de ensue\u00f1o\"}]},{\"@type\":\"WebSite\",\"@id\":\"https:\\\/\\\/rentallorca.com\\\/blog\\\/#website\",\"url\":\"https:\\\/\\\/rentallorca.com\\\/blog\\\/\",\"name\":\"Blog\",\"description\":\"Rentallorca\",\"potentialAction\":[{\"@type\":\"SearchAction\",\"target\":{\"@type\":\"EntryPoint\",\"urlTemplate\":\"https:\\\/\\\/rentallorca.com\\\/blog\\\/?s={search_term_string}\"},\"query-input\":{\"@type\":\"PropertyValueSpecification\",\"valueRequired\":true,\"valueName\":\"search_term_string\"}}],\"inLanguage\":\"es\"},{\"@type\":\"Person\",\"@id\":\"https:\\\/\\\/rentallorca.com\\\/blog\\\/#\\\/schema\\\/person\\\/8c5ebe5bf8d43e9757ab6869e1d4cbe4\",\"name\":\"Axel\",\"image\":{\"@type\":\"ImageObject\",\"inLanguage\":\"es\",\"@id\":\"https:\\\/\\\/secure.gravatar.com\\\/avatar\\\/3bd706736e5b70f21f05f6c2d5cad746767782a4ba4b7df399c5969e2a9318fd?s=96&d=mm&r=g\",\"url\":\"https:\\\/\\\/secure.gravatar.com\\\/avatar\\\/3bd706736e5b70f21f05f6c2d5cad746767782a4ba4b7df399c5969e2a9318fd?s=96&d=mm&r=g\",\"contentUrl\":\"https:\\\/\\\/secure.gravatar.com\\\/avatar\\\/3bd706736e5b70f21f05f6c2d5cad746767782a4ba4b7df399c5969e2a9318fd?s=96&d=mm&r=g\",\"caption\":\"Axel\"},\"url\":\"https:\\\/\\\/rentallorca.com\\\/blog\\\/author\\\/axel\\\/\"}]}<\/script>\n<!-- \/ Yoast SEO plugin. -->","yoast_head_json":{"title":"Visita el Puig de Sant Mart\u00ed - Blog","description":"Explora el Puig de Sant Mart\u00ed y disfruta de las vistas panor\u00e1micas de Mallorca. Empieza a planificar tu viaja a Mallorca hoy.","robots":{"index":"index","follow":"follow","max-snippet":"max-snippet:-1","max-image-preview":"max-image-preview:large","max-video-preview":"max-video-preview:-1"},"canonical":"https:\/\/rentallorca.com\/blog\/puig-de-sant-marti\/","og_locale":"es_ES","og_type":"article","og_title":"Visita el Puig de Sant Mart\u00ed - Blog","og_description":"Explora el Puig de Sant Mart\u00ed y disfruta de las vistas panor\u00e1micas de Mallorca. Empieza a planificar tu viaja a Mallorca hoy.","og_url":"https:\/\/rentallorca.com\/blog\/puig-de-sant-marti\/","og_site_name":"Blog","article_published_time":"2025-08-25T12:39:39+00:00","article_modified_time":"2025-11-28T07:49:59+00:00","og_image":[{"width":1360,"height":400,"url":"https:\/\/rentallorca.com\/blog\/wp-content\/uploads\/2025\/08\/Puig-de-Sant-Marti-puesta-de-sol-1.webp","type":"image\/webp"}],"author":"Axel","twitter_card":"summary_large_image","twitter_misc":{"Written by":"Axel","Est. reading time":"6 minutes"},"schema":{"@context":"https:\/\/schema.org","@graph":[{"@type":"Article","@id":"https:\/\/rentallorca.com\/blog\/puig-de-sant-marti\/#article","isPartOf":{"@id":"https:\/\/rentallorca.com\/blog\/puig-de-sant-marti\/"},"author":{"name":"Axel","@id":"https:\/\/rentallorca.com\/blog\/#\/schema\/person\/8c5ebe5bf8d43e9757ab6869e1d4cbe4"},"headline":"\u00bfA\u00fan no has subido al Puig de Sant Mart\u00ed? Corona su cima y haz una ruta de ensue\u00f1o","datePublished":"2025-08-25T12:39:39+00:00","dateModified":"2025-11-28T07:49:59+00:00","mainEntityOfPage":{"@id":"https:\/\/rentallorca.com\/blog\/puig-de-sant-marti\/"},"wordCount":1043,"commentCount":0,"image":{"@id":"https:\/\/rentallorca.com\/blog\/puig-de-sant-marti\/#primaryimage"},"thumbnailUrl":"https:\/\/rentallorca.com\/blog\/wp-content\/uploads\/2025\/08\/Puig-de-Sant-Marti-puesta-de-sol-1.webp","articleSection":["Mallorca"],"inLanguage":"es","potentialAction":[{"@type":"CommentAction","name":"Comment","target":["https:\/\/rentallorca.com\/blog\/puig-de-sant-marti\/#respond"]}]},{"@type":"WebPage","@id":"https:\/\/rentallorca.com\/blog\/puig-de-sant-marti\/","url":"https:\/\/rentallorca.com\/blog\/puig-de-sant-marti\/","name":"Visita el Puig de Sant Mart\u00ed - Blog","isPartOf":{"@id":"https:\/\/rentallorca.com\/blog\/#website"},"primaryImageOfPage":{"@id":"https:\/\/rentallorca.com\/blog\/puig-de-sant-marti\/#primaryimage"},"image":{"@id":"https:\/\/rentallorca.com\/blog\/puig-de-sant-marti\/#primaryimage"},"thumbnailUrl":"https:\/\/rentallorca.com\/blog\/wp-content\/uploads\/2025\/08\/Puig-de-Sant-Marti-puesta-de-sol-1.webp","datePublished":"2025-08-25T12:39:39+00:00","dateModified":"2025-11-28T07:49:59+00:00","author":{"@id":"https:\/\/rentallorca.com\/blog\/#\/schema\/person\/8c5ebe5bf8d43e9757ab6869e1d4cbe4"},"description":"Explora el Puig de Sant Mart\u00ed y disfruta de las vistas panor\u00e1micas de Mallorca. Empieza a planificar tu viaja a Mallorca hoy.","breadcrumb":{"@id":"https:\/\/rentallorca.com\/blog\/puig-de-sant-marti\/#breadcrumb"},"inLanguage":"es","potentialAction":[{"@type":"ReadAction","target":["https:\/\/rentallorca.com\/blog\/puig-de-sant-marti\/"]}]},{"@type":"ImageObject","inLanguage":"es","@id":"https:\/\/rentallorca.com\/blog\/puig-de-sant-marti\/#primaryimage","url":"https:\/\/rentallorca.com\/blog\/wp-content\/uploads\/2025\/08\/Puig-de-Sant-Marti-puesta-de-sol-1.webp","contentUrl":"https:\/\/rentallorca.com\/blog\/wp-content\/uploads\/2025\/08\/Puig-de-Sant-Marti-puesta-de-sol-1.webp","width":1360,"height":400},{"@type":"BreadcrumbList","@id":"https:\/\/rentallorca.com\/blog\/puig-de-sant-marti\/#breadcrumb","itemListElement":[{"@type":"ListItem","position":1,"name":"Home","item":"https:\/\/rentallorca.com\/blog\/"},{"@type":"ListItem","position":2,"name":"\u00bfA\u00fan no has subido al Puig de Sant Mart\u00ed? Corona su cima y haz una ruta de ensue\u00f1o"}]},{"@type":"WebSite","@id":"https:\/\/rentallorca.com\/blog\/#website","url":"https:\/\/rentallorca.com\/blog\/","name":"Blog","description":"Rentallorca","potentialAction":[{"@type":"SearchAction","target":{"@type":"EntryPoint","urlTemplate":"https:\/\/rentallorca.com\/blog\/?s={search_term_string}"},"query-input":{"@type":"PropertyValueSpecification","valueRequired":true,"valueName":"search_term_string"}}],"inLanguage":"es"},{"@type":"Person","@id":"https:\/\/rentallorca.com\/blog\/#\/schema\/person\/8c5ebe5bf8d43e9757ab6869e1d4cbe4","name":"Axel","image":{"@type":"ImageObject","inLanguage":"es","@id":"https:\/\/secure.gravatar.com\/avatar\/3bd706736e5b70f21f05f6c2d5cad746767782a4ba4b7df399c5969e2a9318fd?s=96&d=mm&r=g","url":"https:\/\/secure.gravatar.com\/avatar\/3bd706736e5b70f21f05f6c2d5cad746767782a4ba4b7df399c5969e2a9318fd?s=96&d=mm&r=g","contentUrl":"https:\/\/secure.gravatar.com\/avatar\/3bd706736e5b70f21f05f6c2d5cad746767782a4ba4b7df399c5969e2a9318fd?s=96&d=mm&r=g","caption":"Axel"},"url":"https:\/\/rentallorca.com\/blog\/author\/axel\/"}]}},"_links":{"self":[{"href":"https:\/\/rentallorca.com\/blog\/wp-json\/wp\/v2\/posts\/2476","targetHints":{"allow":["GET"]}}],"collection":[{"href":"https:\/\/rentallorca.com\/blog\/wp-json\/wp\/v2\/posts"}],"about":[{"href":"https:\/\/rentallorca.com\/blog\/wp-json\/wp\/v2\/types\/post"}],"author":[{"embeddable":true,"href":"https:\/\/rentallorca.com\/blog\/wp-json\/wp\/v2\/users\/3"}],"replies":[{"embeddable":true,"href":"https:\/\/rentallorca.com\/blog\/wp-json\/wp\/v2\/comments?post=2476"}],"version-history":[{"count":15,"href":"https:\/\/rentallorca.com\/blog\/wp-json\/wp\/v2\/posts\/2476\/revisions"}],"predecessor-version":[{"id":3080,"href":"https:\/\/rentallorca.com\/blog\/wp-json\/wp\/v2\/posts\/2476\/revisions\/3080"}],"wp:featuredmedia":[{"embeddable":true,"href":"https:\/\/rentallorca.com\/blog\/wp-json\/wp\/v2\/media\/2509"}],"wp:attachment":[{"href":"https:\/\/rentallorca.com\/blog\/wp-json\/wp\/v2\/media?parent=2476"}],"wp:term":[{"taxonomy":"category","embeddable":true,"href":"https:\/\/rentallorca.com\/blog\/wp-json\/wp\/v2\/categories?post=2476"},{"taxonomy":"post_tag","embeddable":true,"href":"https:\/\/rentallorca.com\/blog\/wp-json\/wp\/v2\/tags?post=2476"}],"curies":[{"name":"wp","href":"https:\/\/api.w.org\/{rel}","templated":true}]}}