{"id":2371,"date":"2025-08-14T09:00:59","date_gmt":"2025-08-14T09:00:59","guid":{"rendered":"https:\/\/rentallorca.com\/blog\/?p=2371"},"modified":"2025-08-25T12:51:03","modified_gmt":"2025-08-25T12:51:03","slug":"cual-es-la-mejor-zona-de-mallorca-para-familias","status":"publish","type":"post","link":"https:\/\/rentallorca.com\/blog\/cual-es-la-mejor-zona-de-mallorca-para-familias\/","title":{"rendered":"\u00bfCu\u00e1l es la mejor zona de Mallorca para familias\u200b?"},"content":{"rendered":"\t\t<div data-elementor-type=\"wp-post\" data-elementor-id=\"2371\" class=\"elementor elementor-2371\" data-elementor-post-type=\"post\">\n\t\t\t\t<div class=\"elementor-element elementor-element-9a36d92 e-flex e-con-boxed e-con e-parent\" data-id=\"9a36d92\" data-element_type=\"container\" data-e-type=\"container\">\n\t\t\t\t\t<div class=\"e-con-inner\">\n\t\t\t\t<div class=\"elementor-element elementor-element-50cdbfa elementor-widget elementor-widget-heading\" data-id=\"50cdbfa\" data-element_type=\"widget\" data-e-type=\"widget\" data-widget_type=\"heading.default\">\n\t\t\t\t<div class=\"elementor-widget-container\">\n\t\t\t\t\t<h1 class=\"elementor-heading-title elementor-size-default\">la mejor zona de mallorca para familias\u200b<\/h1>\t\t\t\t<\/div>\n\t\t\t\t<\/div>\n\t\t\t\t\t<\/div>\n\t\t\t\t<\/div>\n\t\t<div class=\"elementor-element elementor-element-1c73d8d e-flex e-con-boxed e-con e-parent\" data-id=\"1c73d8d\" data-element_type=\"container\" data-e-type=\"container\">\n\t\t\t\t\t<div class=\"e-con-inner\">\n\t\t\t\t<div class=\"elementor-element elementor-element-3a6c7ac elementor-widget elementor-widget-heading\" data-id=\"3a6c7ac\" data-element_type=\"widget\" data-e-type=\"widget\" data-widget_type=\"heading.default\">\n\t\t\t\t<div class=\"elementor-widget-container\">\n\t\t\t\t\t<p class=\"elementor-heading-title elementor-size-default\">Gu\u00eda definitiva para descubrir Mallorca con ni\u00f1os<\/p>\t\t\t\t<\/div>\n\t\t\t\t<\/div>\n\t\t\t\t\t<\/div>\n\t\t\t\t<\/div>\n\t\t<div class=\"elementor-element elementor-element-9dfa89c e-flex e-con-boxed e-con e-parent\" data-id=\"9dfa89c\" data-element_type=\"container\" data-e-type=\"container\">\n\t\t\t\t\t<div class=\"e-con-inner\">\n\t\t\t\t<div class=\"elementor-element elementor-element-45c86f9 elementor-widget elementor-widget-text-editor\" data-id=\"45c86f9\" data-element_type=\"widget\" data-e-type=\"widget\" data-widget_type=\"text-editor.default\">\n\t\t\t\t<div class=\"elementor-widget-container\">\n\t\t\t\t\t\t\t\t\t<p>\u00bfEst\u00e1s planeando unas vacaciones familiares en Mallorca? En esta gu\u00eda descubrir\u00e1s la mejor zona de Mallorca para familias, las \u00e9pocas m\u00e1s recomendadas para visitar la isla y las actividades que grandes y peque\u00f1os podr\u00e1n disfrutar juntos. Un punto de partida sencillo para ayudarte a organizar tu viaje y vivir una experiencia inolvidable con los tuyos.<\/p>\t\t\t\t\t\t\t\t<\/div>\n\t\t\t\t<\/div>\n\t\t\t\t\t<\/div>\n\t\t\t\t<\/div>\n\t\t<div class=\"elementor-element elementor-element-e5d0f69 e-flex e-con-boxed e-con e-parent\" data-id=\"e5d0f69\" data-element_type=\"container\" data-e-type=\"container\">\n\t\t\t\t\t<div class=\"e-con-inner\">\n\t\t<div class=\"elementor-element elementor-element-56fff75 elementor-hidden-mobile e-con-full e-flex e-con e-child\" data-id=\"56fff75\" data-element_type=\"container\" data-e-type=\"container\">\n\t\t<div class=\"elementor-element elementor-element-0efeceb e-con-full e-flex e-con e-child\" data-id=\"0efeceb\" data-element_type=\"container\" data-e-type=\"container\">\n\t\t\t\t<\/div>\n\t\t<div class=\"elementor-element elementor-element-e30cae1 e-con-full e-flex e-con e-child\" data-id=\"e30cae1\" data-element_type=\"container\" data-e-type=\"container\">\n\t\t\t\t<div class=\"elementor-element elementor-element-a6fb2f0 elementor-view-default elementor-widget elementor-widget-icon\" data-id=\"a6fb2f0\" data-element_type=\"widget\" data-e-type=\"widget\" data-widget_type=\"icon.default\">\n\t\t\t\t<div class=\"elementor-widget-container\">\n\t\t\t\t\t\t\t<div class=\"elementor-icon-wrapper\">\n\t\t\t<a class=\"elementor-icon\" href=\"#destino1\">\n\t\t\t<svg aria-hidden=\"true\" class=\"e-font-icon-svg e-fas-water\" viewBox=\"0 0 576 512\" xmlns=\"http:\/\/www.w3.org\/2000\/svg\"><path d=\"M562.1 383.9c-21.5-2.4-42.1-10.5-57.9-22.9-14.1-11.1-34.2-11.3-48.2 0-37.9 30.4-107.2 30.4-145.7-1.5-13.5-11.2-33-9.1-46.7 1.8-38 30.1-106.9 30-145.2-1.7-13.5-11.2-33.3-8.9-47.1 2-15.5 12.2-36 20.1-57.7 22.4-7.9.8-13.6 7.8-13.6 15.7v32.2c0 9.1 7.6 16.8 16.7 16 28.8-2.5 56.1-11.4 79.4-25.9 56.5 34.6 137 34.1 192 0 56.5 34.6 137 34.1 192 0 23.3 14.2 50.9 23.3 79.1 25.8 9.1.8 16.7-6.9 16.7-16v-31.6c.1-8-5.7-15.4-13.8-16.3zm0-144c-21.5-2.4-42.1-10.5-57.9-22.9-14.1-11.1-34.2-11.3-48.2 0-37.9 30.4-107.2 30.4-145.7-1.5-13.5-11.2-33-9.1-46.7 1.8-38 30.1-106.9 30-145.2-1.7-13.5-11.2-33.3-8.9-47.1 2-15.5 12.2-36 20.1-57.7 22.4-7.9.8-13.6 7.8-13.6 15.7v32.2c0 9.1 7.6 16.8 16.7 16 28.8-2.5 56.1-11.4 79.4-25.9 56.5 34.6 137 34.1 192 0 56.5 34.6 137 34.1 192 0 23.3 14.2 50.9 23.3 79.1 25.8 9.1.8 16.7-6.9 16.7-16v-31.6c.1-8-5.7-15.4-13.8-16.3zm0-144C540.6 93.4 520 85.4 504.2 73 490.1 61.9 470 61.7 456 73c-37.9 30.4-107.2 30.4-145.7-1.5-13.5-11.2-33-9.1-46.7 1.8-38 30.1-106.9 30-145.2-1.7-13.5-11.2-33.3-8.9-47.1 2-15.5 12.2-36 20.1-57.7 22.4-7.9.8-13.6 7.8-13.6 15.7v32.2c0 9.1 7.6 16.8 16.7 16 28.8-2.5 56.1-11.4 79.4-25.9 56.5 34.6 137 34.1 192 0 56.5 34.6 137 34.1 192 0 23.3 14.2 50.9 23.3 79.1 25.8 9.1.8 16.7-6.9 16.7-16v-31.6c.1-8-5.7-15.4-13.8-16.3z\"><\/path><\/svg>\t\t\t<\/a>\n\t\t<\/div>\n\t\t\t\t\t\t<\/div>\n\t\t\t\t<\/div>\n\t\t\t\t<\/div>\n\t\t<div class=\"elementor-element elementor-element-ee3f175 e-con-full e-flex e-con e-child\" data-id=\"ee3f175\" data-element_type=\"container\" data-e-type=\"container\">\n\t\t\t\t<div class=\"elementor-element elementor-element-58ec462 elementor-view-default elementor-widget elementor-widget-icon\" data-id=\"58ec462\" data-element_type=\"widget\" data-e-type=\"widget\" data-widget_type=\"icon.default\">\n\t\t\t\t<div class=\"elementor-widget-container\">\n\t\t\t\t\t\t\t<div class=\"elementor-icon-wrapper\">\n\t\t\t<a class=\"elementor-icon\" href=\"#destino2\">\n\t\t\t<svg aria-hidden=\"true\" class=\"e-font-icon-svg e-fas-umbrella-beach\" viewBox=\"0 0 640 512\" xmlns=\"http:\/\/www.w3.org\/2000\/svg\"><path d=\"M115.38 136.9l102.11 37.18c35.19-81.54 86.21-144.29 139-173.7-95.88-4.89-188.78 36.96-248.53 111.8-6.69 8.4-2.66 21.05 7.42 24.72zm132.25 48.16l238.48 86.83c35.76-121.38 18.7-231.66-42.63-253.98-7.4-2.7-15.13-4-23.09-4-58.02.01-128.27 69.17-172.76 171.15zM521.48 60.5c6.22 16.3 10.83 34.6 13.2 55.19 5.74 49.89-1.42 108.23-18.95 166.98l102.62 37.36c10.09 3.67 21.31-3.43 21.57-14.17 2.32-95.69-41.91-187.44-118.44-245.36zM560 447.98H321.06L386 269.5l-60.14-21.9-72.9 200.37H16c-8.84 0-16 7.16-16 16.01v32.01C0 504.83 7.16 512 16 512h544c8.84 0 16-7.17 16-16.01v-32.01c0-8.84-7.16-16-16-16z\"><\/path><\/svg>\t\t\t<\/a>\n\t\t<\/div>\n\t\t\t\t\t\t<\/div>\n\t\t\t\t<\/div>\n\t\t\t\t<\/div>\n\t\t<div class=\"elementor-element elementor-element-87fa6e6 e-con-full e-flex e-con e-child\" data-id=\"87fa6e6\" data-element_type=\"container\" data-e-type=\"container\">\n\t\t\t\t<div class=\"elementor-element elementor-element-f0ff8e5 elementor-view-default elementor-widget elementor-widget-icon\" data-id=\"f0ff8e5\" data-element_type=\"widget\" data-e-type=\"widget\" data-widget_type=\"icon.default\">\n\t\t\t\t<div class=\"elementor-widget-container\">\n\t\t\t\t\t\t\t<div class=\"elementor-icon-wrapper\">\n\t\t\t<a class=\"elementor-icon\" href=\"#destino3\">\n\t\t\t<svg aria-hidden=\"true\" class=\"e-font-icon-svg e-fas-mountain\" viewBox=\"0 0 640 512\" xmlns=\"http:\/\/www.w3.org\/2000\/svg\"><path d=\"M634.92 462.7l-288-448C341.03 5.54 330.89 0 320 0s-21.03 5.54-26.92 14.7l-288 448a32.001 32.001 0 0 0-1.17 32.64A32.004 32.004 0 0 0 32 512h576c11.71 0 22.48-6.39 28.09-16.67a31.983 31.983 0 0 0-1.17-32.63zM320 91.18L405.39 224H320l-64 64-38.06-38.06L320 91.18z\"><\/path><\/svg>\t\t\t<\/a>\n\t\t<\/div>\n\t\t\t\t\t\t<\/div>\n\t\t\t\t<\/div>\n\t\t\t\t<\/div>\n\t\t<div class=\"elementor-element elementor-element-d7aea74 e-con-full e-flex e-con e-child\" data-id=\"d7aea74\" data-element_type=\"container\" data-e-type=\"container\">\n\t\t\t\t<div class=\"elementor-element elementor-element-d6497be elementor-view-default elementor-widget elementor-widget-icon\" data-id=\"d6497be\" data-element_type=\"widget\" data-e-type=\"widget\" data-widget_type=\"icon.default\">\n\t\t\t\t<div class=\"elementor-widget-container\">\n\t\t\t\t\t\t\t<div class=\"elementor-icon-wrapper\">\n\t\t\t<a class=\"elementor-icon\" href=\"#destino4\">\n\t\t\t<svg aria-hidden=\"true\" class=\"e-font-icon-svg e-fas-tram\" viewBox=\"0 0 512 512\" xmlns=\"http:\/\/www.w3.org\/2000\/svg\"><path d=\"M288 64c17.7 0 32-14.3 32-32S305.7 0 288 0s-32 14.3-32 32 14.3 32 32 32zm223.5-12.1c-2.3-8.6-11-13.6-19.6-11.3l-480 128c-8.5 2.3-13.6 11-11.3 19.6C2.5 195.3 8.9 200 16 200c1.4 0 2.8-.2 4.1-.5L240 140.8V224H64c-17.7 0-32 14.3-32 32v224c0 17.7 14.3 32 32 32h384c17.7 0 32-14.3 32-32V256c0-17.7-14.3-32-32-32H272v-91.7l228.1-60.8c8.6-2.3 13.6-11.1 11.4-19.6zM176 384H80v-96h96v96zm160-96h96v96h-96v-96zm-32 0v96h-96v-96h96zM192 96c17.7 0 32-14.3 32-32s-14.3-32-32-32-32 14.3-32 32 14.3 32 32 32z\"><\/path><\/svg>\t\t\t<\/a>\n\t\t<\/div>\n\t\t\t\t\t\t<\/div>\n\t\t\t\t<\/div>\n\t\t\t\t<\/div>\n\t\t<div class=\"elementor-element elementor-element-4713b98 e-con-full e-flex e-con e-child\" data-id=\"4713b98\" data-element_type=\"container\" data-e-type=\"container\">\n\t\t\t\t<\/div>\n\t\t\t\t<\/div>\n\t\t\t\t\t<\/div>\n\t\t\t\t<\/div>\n\t\t<div class=\"elementor-element elementor-element-bc79aac e-flex e-con-boxed e-con e-parent\" data-id=\"bc79aac\" data-element_type=\"container\" data-e-type=\"container\">\n\t\t\t\t\t<div class=\"e-con-inner\">\n\t\t<div class=\"elementor-element elementor-element-c331f13 e-con-full e-flex e-con e-child\" data-id=\"c331f13\" data-element_type=\"container\" data-e-type=\"container\">\n\t\t<div class=\"elementor-element elementor-element-df0007f e-con-full e-flex e-con e-child\" data-id=\"df0007f\" data-element_type=\"container\" data-e-type=\"container\">\n\t\t\t\t<div class=\"elementor-element elementor-element-9c5415c elementor-widget elementor-widget-heading\" data-id=\"9c5415c\" data-element_type=\"widget\" data-e-type=\"widget\" data-widget_type=\"heading.default\">\n\t\t\t\t<div class=\"elementor-widget-container\">\n\t\t\t\t\t<h2 class=\"elementor-heading-title elementor-size-default\">Elegir d\u00f3nde alojarse: Consejos esenciales<\/h2>\t\t\t\t<\/div>\n\t\t\t\t<\/div>\n\t\t\t\t<\/div>\n\t\t<div class=\"elementor-element elementor-element-38e4db3 e-con-full e-flex e-con e-child\" data-id=\"38e4db3\" data-element_type=\"container\" data-e-type=\"container\">\n\t\t\t\t<div class=\"elementor-element elementor-element-e6a5dc8 elementor-widget elementor-widget-text-editor\" data-id=\"e6a5dc8\" data-element_type=\"widget\" data-e-type=\"widget\" data-widget_type=\"text-editor.default\">\n\t\t\t\t<div class=\"elementor-widget-container\">\n\t\t\t\t\t\t\t\t\t<p data-start=\"126\" data-end=\"457\">Al planificar tus vacaciones con ni\u00f1os, elegir la mejor zona de Mallorca para familias es clave para disfrutar de una experiencia segura y memorable. Con paisajes que van desde playas tranquilas hasta entornos rurales ideales para explorar en familia, la ubicaci\u00f3n del alojamiento puede marcar toda la diferencia en tu viaje.<\/p><p data-start=\"459\" data-end=\"650\">Aqu\u00ed tienes algunos consejos esenciales para ayudarte a escoger la zona adecuada y asegurarte de que tu estancia con los m\u00e1s peque\u00f1os sea c\u00f3moda, divertida y llena de momentos inolvidables:<\/p>\t\t\t\t\t\t\t\t<\/div>\n\t\t\t\t<\/div>\n\t\t\t\t<\/div>\n\t\t<div class=\"elementor-element elementor-element-a2c82af e-con-full e-flex e-con e-child\" data-id=\"a2c82af\" data-element_type=\"container\" data-e-type=\"container\">\n\t\t\t\t<div class=\"elementor-element elementor-element-8b464b9 elementor-view-default elementor-position-block-start elementor-mobile-position-block-start elementor-widget elementor-widget-icon-box\" data-id=\"8b464b9\" data-element_type=\"widget\" data-e-type=\"widget\" data-widget_type=\"icon-box.default\">\n\t\t\t\t<div class=\"elementor-widget-container\">\n\t\t\t\t\t\t\t<div class=\"elementor-icon-box-wrapper\">\n\n\t\t\t\t\t\t<div class=\"elementor-icon-box-icon\">\n\t\t\t\t<span  class=\"elementor-icon\">\n\t\t\t\t<svg aria-hidden=\"true\" class=\"e-font-icon-svg e-fas-heart\" viewBox=\"0 0 512 512\" xmlns=\"http:\/\/www.w3.org\/2000\/svg\"><path d=\"M462.3 62.6C407.5 15.9 326 24.3 275.7 76.2L256 96.5l-19.7-20.3C186.1 24.3 104.5 15.9 49.7 62.6c-62.8 53.6-66.1 149.8-9.9 207.9l193.5 199.8c12.5 12.9 32.8 12.9 45.3 0l193.5-199.8c56.3-58.1 53-154.3-9.8-207.9z\"><\/path><\/svg>\t\t\t\t<\/span>\n\t\t\t<\/div>\n\t\t\t\n\t\t\t\t\t\t<div class=\"elementor-icon-box-content\">\n\n\t\t\t\t\n\t\t\t\t\t\t\t\t\t<p class=\"elementor-icon-box-description\">\n\t\t\t\t\t\tElige una zona que se adapte a tu estilo de viaje, ya sea aventura o relajaci\u00f3n.\t\t\t\t\t<\/p>\n\t\t\t\t\n\t\t\t<\/div>\n\t\t\t\n\t\t<\/div>\n\t\t\t\t\t\t<\/div>\n\t\t\t\t<\/div>\n\t\t\t\t<div class=\"elementor-element elementor-element-d4a141f elementor-view-default elementor-position-block-start elementor-mobile-position-block-start elementor-widget elementor-widget-icon-box\" data-id=\"d4a141f\" data-element_type=\"widget\" data-e-type=\"widget\" data-widget_type=\"icon-box.default\">\n\t\t\t\t<div class=\"elementor-widget-container\">\n\t\t\t\t\t\t\t<div class=\"elementor-icon-box-wrapper\">\n\n\t\t\t\t\t\t<div class=\"elementor-icon-box-icon\">\n\t\t\t\t<span  class=\"elementor-icon\">\n\t\t\t\t<svg aria-hidden=\"true\" class=\"e-font-icon-svg e-fas-car\" viewBox=\"0 0 512 512\" xmlns=\"http:\/\/www.w3.org\/2000\/svg\"><path d=\"M499.99 176h-59.87l-16.64-41.6C406.38 91.63 365.57 64 319.5 64h-127c-46.06 0-86.88 27.63-103.99 70.4L71.87 176H12.01C4.2 176-1.53 183.34.37 190.91l6 24C7.7 220.25 12.5 224 18.01 224h20.07C24.65 235.73 16 252.78 16 272v48c0 16.12 6.16 30.67 16 41.93V416c0 17.67 14.33 32 32 32h32c17.67 0 32-14.33 32-32v-32h256v32c0 17.67 14.33 32 32 32h32c17.67 0 32-14.33 32-32v-54.07c9.84-11.25 16-25.8 16-41.93v-48c0-19.22-8.65-36.27-22.07-48H494c5.51 0 10.31-3.75 11.64-9.09l6-24c1.89-7.57-3.84-14.91-11.65-14.91zm-352.06-17.83c7.29-18.22 24.94-30.17 44.57-30.17h127c19.63 0 37.28 11.95 44.57 30.17L384 208H128l19.93-49.83zM96 319.8c-19.2 0-32-12.76-32-31.9S76.8 256 96 256s48 28.71 48 47.85-28.8 15.95-48 15.95zm320 0c-19.2 0-48 3.19-48-15.95S396.8 256 416 256s32 12.76 32 31.9-12.8 31.9-32 31.9z\"><\/path><\/svg>\t\t\t\t<\/span>\n\t\t\t<\/div>\n\t\t\t\n\t\t\t\t\t\t<div class=\"elementor-icon-box-content\">\n\n\t\t\t\t\n\t\t\t\t\t\t\t\t\t<p class=\"elementor-icon-box-description\">\n\t\t\t\t\t\tBusca \u00e1reas con buenas conexiones de transporte o f\u00e1cil acceso en coche.\n\t\t\t\t\t<\/p>\n\t\t\t\t\n\t\t\t<\/div>\n\t\t\t\n\t\t<\/div>\n\t\t\t\t\t\t<\/div>\n\t\t\t\t<\/div>\n\t\t\t\t<\/div>\n\t\t<div class=\"elementor-element elementor-element-05820eb e-con-full e-flex e-con e-child\" data-id=\"05820eb\" data-element_type=\"container\" data-e-type=\"container\">\n\t\t\t\t<div class=\"elementor-element elementor-element-aef2cef elementor-view-default elementor-position-block-start elementor-mobile-position-block-start elementor-widget elementor-widget-icon-box\" data-id=\"aef2cef\" data-element_type=\"widget\" data-e-type=\"widget\" data-widget_type=\"icon-box.default\">\n\t\t\t\t<div class=\"elementor-widget-container\">\n\t\t\t\t\t\t\t<div class=\"elementor-icon-box-wrapper\">\n\n\t\t\t\t\t\t<div class=\"elementor-icon-box-icon\">\n\t\t\t\t<span  class=\"elementor-icon\">\n\t\t\t\t<svg aria-hidden=\"true\" class=\"e-font-icon-svg e-fas-comment-dollar\" viewBox=\"0 0 512 512\" xmlns=\"http:\/\/www.w3.org\/2000\/svg\"><path d=\"M256 32C114.62 32 0 125.12 0 240c0 49.56 21.41 95.01 57.02 130.74C44.46 421.05 2.7 465.97 2.2 466.5A7.995 7.995 0 0 0 8 480c66.26 0 115.99-31.75 140.6-51.38C181.29 440.93 217.59 448 256 448c141.38 0 256-93.12 256-208S397.38 32 256 32zm24 302.44V352c0 8.84-7.16 16-16 16h-16c-8.84 0-16-7.16-16-16v-17.73c-11.42-1.35-22.28-5.19-31.78-11.46-6.22-4.11-6.82-13.11-1.55-18.38l17.52-17.52c3.74-3.74 9.31-4.24 14.11-2.03 3.18 1.46 6.66 2.22 10.26 2.22h32.78c4.66 0 8.44-3.78 8.44-8.42 0-3.75-2.52-7.08-6.12-8.11l-50.07-14.3c-22.25-6.35-40.01-24.71-42.91-47.67-4.05-32.07 19.03-59.43 49.32-63.05V128c0-8.84 7.16-16 16-16h16c8.84 0 16 7.16 16 16v17.73c11.42 1.35 22.28 5.19 31.78 11.46 6.22 4.11 6.82 13.11 1.55 18.38l-17.52 17.52c-3.74 3.74-9.31 4.24-14.11 2.03a24.516 24.516 0 0 0-10.26-2.22h-32.78c-4.66 0-8.44 3.78-8.44 8.42 0 3.75 2.52 7.08 6.12 8.11l50.07 14.3c22.25 6.36 40.01 24.71 42.91 47.67 4.05 32.06-19.03 59.42-49.32 63.04z\"><\/path><\/svg>\t\t\t\t<\/span>\n\t\t\t<\/div>\n\t\t\t\n\t\t\t\t\t\t<div class=\"elementor-icon-box-content\">\n\n\t\t\t\t\n\t\t\t\t\t\t\t\t\t<p class=\"elementor-icon-box-description\">\n\t\t\t\t\t\tAseg\u00farate de que la zona se ajuste a tu presupuesto y ofrezca servicios esenciales cercanos.\n\t\t\t\t\t<\/p>\n\t\t\t\t\n\t\t\t<\/div>\n\t\t\t\n\t\t<\/div>\n\t\t\t\t\t\t<\/div>\n\t\t\t\t<\/div>\n\t\t\t\t<div class=\"elementor-element elementor-element-a0e0b81 elementor-view-default elementor-position-block-start elementor-mobile-position-block-start elementor-widget elementor-widget-icon-box\" data-id=\"a0e0b81\" data-element_type=\"widget\" data-e-type=\"widget\" data-widget_type=\"icon-box.default\">\n\t\t\t\t<div class=\"elementor-widget-container\">\n\t\t\t\t\t\t\t<div class=\"elementor-icon-box-wrapper\">\n\n\t\t\t\t\t\t<div class=\"elementor-icon-box-icon\">\n\t\t\t\t<span  class=\"elementor-icon\">\n\t\t\t\t<svg aria-hidden=\"true\" class=\"e-font-icon-svg e-fas-users\" viewBox=\"0 0 640 512\" xmlns=\"http:\/\/www.w3.org\/2000\/svg\"><path d=\"M96 224c35.3 0 64-28.7 64-64s-28.7-64-64-64-64 28.7-64 64 28.7 64 64 64zm448 0c35.3 0 64-28.7 64-64s-28.7-64-64-64-64 28.7-64 64 28.7 64 64 64zm32 32h-64c-17.6 0-33.5 7.1-45.1 18.6 40.3 22.1 68.9 62 75.1 109.4h66c17.7 0 32-14.3 32-32v-32c0-35.3-28.7-64-64-64zm-256 0c61.9 0 112-50.1 112-112S381.9 32 320 32 208 82.1 208 144s50.1 112 112 112zm76.8 32h-8.3c-20.8 10-43.9 16-68.5 16s-47.6-6-68.5-16h-8.3C179.6 288 128 339.6 128 403.2V432c0 26.5 21.5 48 48 48h288c26.5 0 48-21.5 48-48v-28.8c0-63.6-51.6-115.2-115.2-115.2zm-223.7-13.4C161.5 263.1 145.6 256 128 256H64c-35.3 0-64 28.7-64 64v32c0 17.7 14.3 32 32 32h65.9c6.3-47.4 34.9-87.3 75.2-109.4z\"><\/path><\/svg>\t\t\t\t<\/span>\n\t\t\t<\/div>\n\t\t\t\n\t\t\t\t\t\t<div class=\"elementor-icon-box-content\">\n\n\t\t\t\t\n\t\t\t\t\t\t\t\t\t<p class=\"elementor-icon-box-description\">\n\t\t\t\t\t\tEscoge un lugar adecuado para tu familia, teniendo en cuenta la edad de los ni\u00f1os.\n\t\t\t\t\t<\/p>\n\t\t\t\t\n\t\t\t<\/div>\n\t\t\t\n\t\t<\/div>\n\t\t\t\t\t\t<\/div>\n\t\t\t\t<\/div>\n\t\t\t\t<\/div>\n\t\t<div class=\"elementor-element elementor-element-2cf4104 e-con-full e-flex e-con e-child\" data-id=\"2cf4104\" data-element_type=\"container\" data-e-type=\"container\">\n\t\t\t\t<div class=\"elementor-element elementor-element-f4b5f4f elementor-widget elementor-widget-spacer\" data-id=\"f4b5f4f\" data-element_type=\"widget\" data-e-type=\"widget\" data-widget_type=\"spacer.default\">\n\t\t\t\t<div class=\"elementor-widget-container\">\n\t\t\t\t\t\t\t<div class=\"elementor-spacer\">\n\t\t\t<div class=\"elementor-spacer-inner\"><\/div>\n\t\t<\/div>\n\t\t\t\t\t\t<\/div>\n\t\t\t\t<\/div>\n\t\t\t\t<div class=\"elementor-element elementor-element-7848274 elementor-widget elementor-widget-image\" data-id=\"7848274\" data-element_type=\"widget\" data-e-type=\"widget\" data-widget_type=\"image.default\">\n\t\t\t\t<div class=\"elementor-widget-container\">\n\t\t\t\t\t\t\t\t\t\t\t\t\t\t\t<img fetchpriority=\"high\" decoding=\"async\" width=\"2121\" height=\"1414\" src=\"https:\/\/rentallorca.com\/blog\/wp-content\/uploads\/2025\/08\/rentallorca-mallorca-8.webp\" class=\"attachment-full size-full wp-image-2396\" alt=\"\" srcset=\"https:\/\/rentallorca.com\/blog\/wp-content\/uploads\/2025\/08\/rentallorca-mallorca-8.webp 2121w, https:\/\/rentallorca.com\/blog\/wp-content\/uploads\/2025\/08\/rentallorca-mallorca-8-300x200.webp 300w, https:\/\/rentallorca.com\/blog\/wp-content\/uploads\/2025\/08\/rentallorca-mallorca-8-1024x683.webp 1024w, https:\/\/rentallorca.com\/blog\/wp-content\/uploads\/2025\/08\/rentallorca-mallorca-8-768x512.webp 768w, https:\/\/rentallorca.com\/blog\/wp-content\/uploads\/2025\/08\/rentallorca-mallorca-8-1536x1024.webp 1536w, https:\/\/rentallorca.com\/blog\/wp-content\/uploads\/2025\/08\/rentallorca-mallorca-8-2048x1365.webp 2048w\" sizes=\"(max-width: 2121px) 100vw, 2121px\" \/>\t\t\t\t\t\t\t\t\t\t\t\t\t\t\t<\/div>\n\t\t\t\t<\/div>\n\t\t<div class=\"elementor-element elementor-element-84c1101 e-con-full e-flex e-con e-child\" data-id=\"84c1101\" data-element_type=\"container\" data-e-type=\"container\">\n\t\t\t\t<div class=\"elementor-element elementor-element-cce2cc6 elementor-widget elementor-widget-spacer\" data-id=\"cce2cc6\" data-element_type=\"widget\" data-e-type=\"widget\" data-widget_type=\"spacer.default\">\n\t\t\t\t<div class=\"elementor-widget-container\">\n\t\t\t\t\t\t\t<div class=\"elementor-spacer\">\n\t\t\t<div class=\"elementor-spacer-inner\"><\/div>\n\t\t<\/div>\n\t\t\t\t\t\t<\/div>\n\t\t\t\t<\/div>\n\t\t\t\t<div class=\"elementor-element elementor-element-a02435d elementor-widget elementor-widget-spacer\" data-id=\"a02435d\" data-element_type=\"widget\" data-e-type=\"widget\" data-widget_type=\"spacer.default\">\n\t\t\t\t<div class=\"elementor-widget-container\">\n\t\t\t\t\t\t\t<div class=\"elementor-spacer\">\n\t\t\t<div class=\"elementor-spacer-inner\"><\/div>\n\t\t<\/div>\n\t\t\t\t\t\t<\/div>\n\t\t\t\t<\/div>\n\t\t\t\t<\/div>\n\t\t\t\t<\/div>\n\t\t\t\t<\/div>\n\t\t\t\t\t<\/div>\n\t\t\t\t<\/div>\n\t\t<div class=\"elementor-element elementor-element-bbdd12a e-flex e-con-boxed e-con e-parent\" data-id=\"bbdd12a\" data-element_type=\"container\" data-e-type=\"container\" id=\"destino1\">\n\t\t\t\t\t<div class=\"e-con-inner\">\n\t\t<div class=\"elementor-element elementor-element-31b85c4 e-con-full e-flex e-con e-child\" data-id=\"31b85c4\" data-element_type=\"container\" data-e-type=\"container\">\n\t\t<div class=\"elementor-element elementor-element-3d61894 e-con-full e-flex e-con e-child\" data-id=\"3d61894\" data-element_type=\"container\" data-e-type=\"container\">\n\t\t\t\t<div class=\"elementor-element elementor-element-8a77270 elementor-widget elementor-widget-heading\" data-id=\"8a77270\" data-element_type=\"widget\" data-e-type=\"widget\" data-widget_type=\"heading.default\">\n\t\t\t\t<div class=\"elementor-widget-container\">\n\t\t\t\t\t<h2 class=\"elementor-heading-title elementor-size-default\">Son Serra de Marina<\/h2>\t\t\t\t<\/div>\n\t\t\t\t<\/div>\n\t\t\t\t<\/div>\n\t\t<div class=\"elementor-element elementor-element-13dd514 e-con-full e-flex e-con e-child\" data-id=\"13dd514\" data-element_type=\"container\" data-e-type=\"container\">\n\t\t\t\t<div class=\"elementor-element elementor-element-0540253 elementor-widget elementor-widget-text-editor\" data-id=\"0540253\" data-element_type=\"widget\" data-e-type=\"widget\" data-widget_type=\"text-editor.default\">\n\t\t\t\t<div class=\"elementor-widget-container\">\n\t\t\t\t\t\t\t\t\t<p data-start=\"1313\" data-end=\"1654\">Son Serra de Marina es un destino perfecto para familias amantes de la naturaleza y la tranquilidad. Su extensa playa virgen, sin aglomeraciones, permite que los ni\u00f1os jueguen libremente y exploren la orilla. El ambiente es relajado y seguro, ideal para desconectar y pasar tiempo de calidad juntos.<br data-start=\"1837\" data-end=\"1840\" \/>En los alrededores, las familias pueden disfrutar de paseos en bicicleta, rutas a pie y actividades acu\u00e1ticas suaves, como el paddle surf. Con su entorno natural y su atm\u00f3sfera serena, Son Serra de Marina es un lugar privilegiado para unas vacaciones familiares lejos de las zonas tur\u00edsticas m\u00e1s concurridas.<\/p>\t\t\t\t\t\t\t\t<\/div>\n\t\t\t\t<\/div>\n\t\t\t\t<\/div>\n\t\t<div class=\"elementor-element elementor-element-ae0e0f7 e-con-full e-flex e-con e-child\" data-id=\"ae0e0f7\" data-element_type=\"container\" data-e-type=\"container\">\n\t\t\t\t<div class=\"elementor-element elementor-element-c693e0d elementor-position-left elementor-vertical-align-middle elementor-position-top elementor-widget elementor-widget-image-box\" data-id=\"c693e0d\" data-element_type=\"widget\" data-e-type=\"widget\" data-widget_type=\"image-box.default\">\n\t\t\t\t<div class=\"elementor-widget-container\">\n\t\t\t\t\t<div class=\"elementor-image-box-wrapper\"><figure class=\"elementor-image-box-img\"><img decoding=\"async\" width=\"1254\" height=\"836\" src=\"https:\/\/rentallorca.com\/blog\/wp-content\/uploads\/2025\/08\/rentallorca-mallorca-6.webp\" class=\"attachment-full size-full wp-image-2408\" alt=\"\" srcset=\"https:\/\/rentallorca.com\/blog\/wp-content\/uploads\/2025\/08\/rentallorca-mallorca-6.webp 1254w, https:\/\/rentallorca.com\/blog\/wp-content\/uploads\/2025\/08\/rentallorca-mallorca-6-300x200.webp 300w, https:\/\/rentallorca.com\/blog\/wp-content\/uploads\/2025\/08\/rentallorca-mallorca-6-1024x683.webp 1024w, https:\/\/rentallorca.com\/blog\/wp-content\/uploads\/2025\/08\/rentallorca-mallorca-6-768x512.webp 768w\" sizes=\"(max-width: 1254px) 100vw, 1254px\" \/><\/figure><div class=\"elementor-image-box-content\"><p class=\"elementor-image-box-description\">Son Serra de Marina es una playa virgen ideal para que los ni\u00f1os jueguen y la familia disfrute del mar. Recuerda llevar sombrilla, protector solar y suficiente agua, y evita las horas de m\u00e1s calor.<\/p><\/div><\/div>\t\t\t\t<\/div>\n\t\t\t\t<\/div>\n\t\t\t\t<div class=\"elementor-element elementor-element-9dea7de elementor-position-left elementor-vertical-align-middle elementor-position-top elementor-widget elementor-widget-image-box\" data-id=\"9dea7de\" data-element_type=\"widget\" data-e-type=\"widget\" data-widget_type=\"image-box.default\">\n\t\t\t\t<div class=\"elementor-widget-container\">\n\t\t\t\t\t<div class=\"elementor-image-box-wrapper\"><figure class=\"elementor-image-box-img\"><img decoding=\"async\" width=\"1254\" height=\"836\" src=\"https:\/\/rentallorca.com\/blog\/wp-content\/uploads\/2025\/08\/rentallorca-mallorca-4.webp\" class=\"attachment-full size-full wp-image-2423\" alt=\"\" srcset=\"https:\/\/rentallorca.com\/blog\/wp-content\/uploads\/2025\/08\/rentallorca-mallorca-4.webp 1254w, https:\/\/rentallorca.com\/blog\/wp-content\/uploads\/2025\/08\/rentallorca-mallorca-4-300x200.webp 300w, https:\/\/rentallorca.com\/blog\/wp-content\/uploads\/2025\/08\/rentallorca-mallorca-4-1024x683.webp 1024w, https:\/\/rentallorca.com\/blog\/wp-content\/uploads\/2025\/08\/rentallorca-mallorca-4-768x512.webp 768w\" sizes=\"(max-width: 1254px) 100vw, 1254px\" \/><\/figure><div class=\"elementor-image-box-content\"><p class=\"elementor-image-box-description\">En Can Picafort, las familias pueden visitar el parque acu\u00e1tico Hidropark Alc\u00fadia, con toboganes y piscinas adaptadas a todas las edades. Se recomienda comprar las entradas con antelaci\u00f3n en temporada alta.<\/p><\/div><\/div>\t\t\t\t<\/div>\n\t\t\t\t<\/div>\n\t\t\t\t<\/div>\n\t\t<div class=\"elementor-element elementor-element-1e1c2c8 e-con-full e-flex e-con e-child\" data-id=\"1e1c2c8\" data-element_type=\"container\" data-e-type=\"container\">\n\t\t\t\t<div class=\"elementor-element elementor-element-9fea083 e-n-tabs-mobile elementor-widget elementor-widget-n-tabs\" data-id=\"9fea083\" data-element_type=\"widget\" data-e-type=\"widget\" data-widget_type=\"nested-tabs.default\">\n\t\t\t\t<div class=\"elementor-widget-container\">\n\t\t\t\t\t\t\t<div class=\"e-n-tabs\" data-widget-number=\"167682179\" aria-label=\"Tabs. Open items with Enter or Space, close with Escape and navigate using the Arrow keys.\">\n\t\t\t<div class=\"e-n-tabs-heading\" role=\"tablist\">\n\t\t\t\t\t<button id=\"e-n-tab-title-1676821791\" data-tab-title-id=\"e-n-tab-title-1676821791\" class=\"e-n-tab-title\" aria-selected=\"true\" data-tab-index=\"1\" role=\"tab\" tabindex=\"0\" aria-controls=\"e-n-tab-content-1676821791\" style=\"--n-tabs-title-order: 1;\">\n\t\t\t\t\t\t<span class=\"e-n-tab-title-text\">\n\t\t\t\t \u00bfC\u00f3mo es la playa de Son Serra de Marina para ir con ni\u00f1os?\t\t\t<\/span>\n\t\t<\/button>\n\t\t\t\t<button id=\"e-n-tab-title-1676821792\" data-tab-title-id=\"e-n-tab-title-1676821792\" class=\"e-n-tab-title\" aria-selected=\"false\" data-tab-index=\"2\" role=\"tab\" tabindex=\"-1\" aria-controls=\"e-n-tab-content-1676821792\" style=\"--n-tabs-title-order: 2;\">\n\t\t\t\t\t\t<span class=\"e-n-tab-title-text\">\n\t\t\t\t\u00bfCu\u00e1l es el precio medio del alquiler en Son Serra de Marina para familias?\t\t\t<\/span>\n\t\t<\/button>\n\t\t\t\t<button id=\"e-n-tab-title-1676821793\" data-tab-title-id=\"e-n-tab-title-1676821793\" class=\"e-n-tab-title\" aria-selected=\"false\" data-tab-index=\"3\" role=\"tab\" tabindex=\"-1\" aria-controls=\"e-n-tab-content-1676821793\" style=\"--n-tabs-title-order: 3;\">\n\t\t\t\t\t\t<span class=\"e-n-tab-title-text\">\n\t\t\t\t\u00bfC\u00f3mo es el tiempo  en Son Serra de Marina durante el verano?\t\t\t<\/span>\n\t\t<\/button>\n\t\t\t\t\t<\/div>\n\t\t\t<div class=\"e-n-tabs-content\">\n\t\t\t\t<div id=\"e-n-tab-content-1676821791\" role=\"tabpanel\" aria-labelledby=\"e-n-tab-title-1676821791\" data-tab-index=\"1\" style=\"--n-tabs-title-order: 1;\" class=\"e-active elementor-element elementor-element-85e86bf e-con-full e-flex e-con e-child\" data-id=\"85e86bf\" data-element_type=\"container\" data-e-type=\"container\">\n\t\t\t\t<div class=\"elementor-element elementor-element-ac84bfc elementor-widget elementor-widget-text-editor\" data-id=\"ac84bfc\" data-element_type=\"widget\" data-e-type=\"widget\" data-widget_type=\"text-editor.default\">\n\t\t\t\t<div class=\"elementor-widget-container\">\n\t\t\t\t\t\t\t\t\t<div class=\"flex max-w-full flex-col flex-grow\"><div class=\"min-h-8 text-message flex w-full flex-col items-end gap-2 whitespace-normal break-words text-start [.text-message+&amp;]:mt-5\" dir=\"auto\" data-message-author-role=\"assistant\" data-message-id=\"520e1877-da43-4662-b7c6-4a928b9804c1\" data-message-model-slug=\"gpt-4o\"><div class=\"flex w-full flex-col gap-1 empty:hidden first:pt-[3px]\"><div class=\"markdown prose w-full break-words dark:prose-invert light\"><p>La playa de Son Serra de Marina, tambi\u00e9n conocida como Sa Canova, es una playa virgen de arena dorada y aguas cristalinas, perfecta para familias con ni\u00f1os. Con 450 metros de longitud y m\u00e1s de 100 metros de ancho, ofrece amplio espacio para juegos y relajaci\u00f3n . Adem\u00e1s, su entorno natural y tranquilo permite disfrutar de un d\u00eda en familia sin aglomeraciones.<\/p><\/div><\/div><\/div><\/div>\t\t\t\t\t\t\t\t<\/div>\n\t\t\t\t<\/div>\n\t\t\t\t<\/div>\n\t\t<div id=\"e-n-tab-content-1676821792\" role=\"tabpanel\" aria-labelledby=\"e-n-tab-title-1676821792\" data-tab-index=\"2\" style=\"--n-tabs-title-order: 2;\" class=\" elementor-element elementor-element-b048fa6 e-con-full e-flex e-con e-child\" data-id=\"b048fa6\" data-element_type=\"container\" data-e-type=\"container\">\n\t\t\t\t<div class=\"elementor-element elementor-element-cad115c elementor-widget elementor-widget-text-editor\" data-id=\"cad115c\" data-element_type=\"widget\" data-e-type=\"widget\" data-widget_type=\"text-editor.default\">\n\t\t\t\t<div class=\"elementor-widget-container\">\n\t\t\t\t\t\t\t\t\t<p>El alquiler en Son Serra de Marina var\u00eda seg\u00fan la temporada y el tipo de alojamiento. Por ejemplo, un chalet adosado de 2 habitaciones puede costar alrededor de 1.250\u202f\u20ac\/mes, mientras que una casa frente al mar de 3 habitaciones puede alcanzar los 2.500\u202f\u20ac\/mes . Estas opciones ofrecen comodidad y privacidad, ideales para familias que buscan tranquilidad y cercan\u00eda a la playa.<\/p>\t\t\t\t\t\t\t\t<\/div>\n\t\t\t\t<\/div>\n\t\t\t\t<\/div>\n\t\t<div id=\"e-n-tab-content-1676821793\" role=\"tabpanel\" aria-labelledby=\"e-n-tab-title-1676821793\" data-tab-index=\"3\" style=\"--n-tabs-title-order: 3;\" class=\" elementor-element elementor-element-a47eed4 e-con-full e-flex e-con e-child\" data-id=\"a47eed4\" data-element_type=\"container\" data-e-type=\"container\">\n\t\t\t\t<div class=\"elementor-element elementor-element-e90ca3c elementor-widget elementor-widget-text-editor\" data-id=\"e90ca3c\" data-element_type=\"widget\" data-e-type=\"widget\" data-widget_type=\"text-editor.default\">\n\t\t\t\t<div class=\"elementor-widget-container\">\n\t\t\t\t\t\t\t\t\t<div class=\"flex max-w-full flex-col flex-grow\"><div class=\"min-h-8 text-message flex w-full flex-col items-end gap-2 whitespace-normal break-words text-start [.text-message+&amp;]:mt-5\" dir=\"auto\" data-message-author-role=\"assistant\" data-message-id=\"0eda4e23-a67e-4424-8cd6-cadb274272e4\" data-message-model-slug=\"gpt-4o\"><div class=\"flex w-full flex-col gap-1 empty:hidden first:pt-[3px]\"><div class=\"markdown prose w-full break-words dark:prose-invert light\"><p>El tiempo en Son Serra de Marina durante el verano es c\u00e1lido y soleado, con temperaturas m\u00e1ximas que rondan los 33\u202f\u00b0C y m\u00ednimas alrededor de 22\u202f\u00b0C. La humedad relativa es moderada, lo que proporciona un clima agradable para disfrutar en familia. Es recomendable llevar protector solar, sombrero y mantenerse hidratado durante las actividades al aire libre.<\/p><\/div><\/div><\/div><\/div>\t\t\t\t\t\t\t\t<\/div>\n\t\t\t\t<\/div>\n\t\t\t\t<\/div>\n\t\t\t\t\t<\/div>\n\t\t<\/div>\n\t\t\t\t\t\t<\/div>\n\t\t\t\t<\/div>\n\t\t\t\t<div class=\"elementor-element elementor-element-8df40d8 elementor-widget__width-inherit elementor-widget elementor-widget-grid\" data-id=\"8df40d8\" data-element_type=\"widget\" data-e-type=\"widget\" data-widget_type=\"grid.default\">\n\t\t\t\t<div class=\"elementor-widget-container\">\n\t\t\t\t\t\t\t<div class=\"its--row alojamientos-recomendados\">\n\n\t\t\t<div class=\"alojamientos-recomendados-container\">\n\n\t\t\t\t\t\n\t\t\t\t\t<a href=\"https:\/\/rentallorca.com\/alquiler\/villa-son-serra-de-marina-son-serra-relax-2-by-home-villas-360-376207.html\" rel=\"nofollow\" style=\"width: 32%;\">\n\t\t\t\t\t\t<div class=\"apartamento-box\">\n\t\t\t\t\t\t\t<div class=\"imagen_recomendados\">\n\t\t\t\t\t\t\t\t<img decoding=\"async\" src=\"https:\/\/crs.avantio.com\/fotos\/2\/1641977547dcf70f45f7ec3e3ad825855909299159\/big1700214503cb14259c69803ad209aaab0ed1489aef.jpg\" alt=\"Apartment Son Serra Relax 2 By home villas 360\">\n\t\t\t\t\t\t\t<\/div>\n\t\t\t\t\t\t\t<div class=\"info\">\n\t\t\t\t\t\t\t\t<div class=\"ubicacion\">\n\t\t\t\t\t\t\t\t\t<i class=\"fa-solid fa-location-dot icono-mapa\"><\/i><span class=\"ubicacion-texto\">Son Serra de Marina - Mallorca<\/span>\n\t\t\t\t\t\t\t\t<\/div>\n\t\t\t\t\t\t\t\t<H4 class=\"titulo-alojamiento\">\n\t\t\t\t\t\t\t\t\tApartment Son Serra Relax 2 By home villas 360\t\t\t\t\t\t\t\t<\/H4>\n\t\t\t\t\t\t\t\t<p class=\"precio-alojamiento\">Desde <span class=\"precio\">183.84\u20ac<\/span> por noche<\/p>\n\t\t\t\t\t\t\t<\/div>\n\t\t\t\t\t\t<\/div>\n\t\t\t\t\t<\/a> \n\t\t\t\t\t\t\n\t\t\t\t\t<a href=\"https:\/\/rentallorca.com\/alquiler\/apartamento-son-serra-de-marina-apartment-jedy-balear-by-home-villas-360-376221.html\" rel=\"nofollow\" style=\"width: 32%;\">\n\t\t\t\t\t\t<div class=\"apartamento-box\">\n\t\t\t\t\t\t\t<div class=\"imagen_recomendados\">\n\t\t\t\t\t\t\t\t<img decoding=\"async\" src=\"https:\/\/crs.avantio.com\/fotos\/2\/1641977482cf3f6ad52954d5c68e8d262c38c5c431\/big16457822696b9ee5c167f9f59eb78f22539aaa03b9.jpg\" alt=\"Apartment Jedy Balear in Son Serra de Marina By home villas 360\">\n\t\t\t\t\t\t\t<\/div>\n\t\t\t\t\t\t\t<div class=\"info\">\n\t\t\t\t\t\t\t\t<div class=\"ubicacion\">\n\t\t\t\t\t\t\t\t\t<i class=\"fa-solid fa-location-dot icono-mapa\"><\/i><span class=\"ubicacion-texto\">Son Serra de Marina - Mallorca<\/span>\n\t\t\t\t\t\t\t\t<\/div>\n\t\t\t\t\t\t\t\t<H4 class=\"titulo-alojamiento\">\n\t\t\t\t\t\t\t\t\tApartment Jedy Balear in Son Serra de Marina By home villas 360\t\t\t\t\t\t\t\t<\/H4>\n\t\t\t\t\t\t\t\t<p class=\"precio-alojamiento\">Desde <span class=\"precio\">179.36\u20ac<\/span> por noche<\/p>\n\t\t\t\t\t\t\t<\/div>\n\t\t\t\t\t\t<\/div>\n\t\t\t\t\t<\/a> \n\t\t\t\t\t\t\n\t\t\t\t\t<a href=\"https:\/\/rentallorca.com\/alquiler\/casa-son-serra-de-marina-a0032-casa-misefo-680981.html\" rel=\"nofollow\" style=\"width: 32%;\">\n\t\t\t\t\t\t<div class=\"apartamento-box\">\n\t\t\t\t\t\t\t<div class=\"imagen_recomendados\">\n\t\t\t\t\t\t\t\t<img decoding=\"async\" src=\"https:\/\/crs.avantio.com\/fotos\/3\/1763460227c143bd039bb40385ef741b43301209fe\/big17634603654b0cedbb123a8dad379cf0086da83372.jpg\" alt=\"Misefo by Rentallorca\">\n\t\t\t\t\t\t\t<\/div>\n\t\t\t\t\t\t\t<div class=\"info\">\n\t\t\t\t\t\t\t\t<div class=\"ubicacion\">\n\t\t\t\t\t\t\t\t\t<i class=\"fa-solid fa-location-dot icono-mapa\"><\/i><span class=\"ubicacion-texto\">Son Serra de Marina - Mallorca<\/span>\n\t\t\t\t\t\t\t\t<\/div>\n\t\t\t\t\t\t\t\t<H4 class=\"titulo-alojamiento\">\n\t\t\t\t\t\t\t\t\tMisefo by Rentallorca\t\t\t\t\t\t\t\t<\/H4>\n\t\t\t\t\t\t\t\t<p class=\"precio-alojamiento\">Desde <span class=\"precio\">141.36\u20ac<\/span> por noche<\/p>\n\t\t\t\t\t\t\t<\/div>\n\t\t\t\t\t\t<\/div>\n\t\t\t\t\t<\/a> \n\t\t\t\t\t\t\t\t<\/div>\n\t\t\t<\/div>\n\t\t\t\t\t\t<\/div>\n\t\t\t\t<\/div>\n\t\t\t\t<\/div>\n\t\t\t\t<\/div>\n\t\t\t\t\t<\/div>\n\t\t\t\t<\/div>\n\t\t<div class=\"elementor-element elementor-element-f3be752 e-flex e-con-boxed e-con e-parent\" data-id=\"f3be752\" data-element_type=\"container\" data-e-type=\"container\" id=\"destino2\">\n\t\t\t\t\t<div class=\"e-con-inner\">\n\t\t<div class=\"elementor-element elementor-element-2ad1011 e-con-full e-flex e-con e-child\" data-id=\"2ad1011\" data-element_type=\"container\" data-e-type=\"container\">\n\t\t<div class=\"elementor-element elementor-element-e350f47 e-con-full e-flex e-con e-child\" data-id=\"e350f47\" data-element_type=\"container\" data-e-type=\"container\">\n\t\t\t\t<div class=\"elementor-element elementor-element-98c82ea elementor-widget elementor-widget-heading\" data-id=\"98c82ea\" data-element_type=\"widget\" data-e-type=\"widget\" data-widget_type=\"heading.default\">\n\t\t\t\t<div class=\"elementor-widget-container\">\n\t\t\t\t\t<h2 class=\"elementor-heading-title elementor-size-default\">Cala Sant Vicen\u00e7<\/h2>\t\t\t\t<\/div>\n\t\t\t\t<\/div>\n\t\t\t\t<\/div>\n\t\t<div class=\"elementor-element elementor-element-7a06fe0 e-con-full e-flex e-con e-child\" data-id=\"7a06fe0\" data-element_type=\"container\" data-e-type=\"container\">\n\t\t\t\t<div class=\"elementor-element elementor-element-e138ee0 elementor-widget elementor-widget-text-editor\" data-id=\"e138ee0\" data-element_type=\"widget\" data-e-type=\"widget\" data-widget_type=\"text-editor.default\">\n\t\t\t\t<div class=\"elementor-widget-container\">\n\t\t\t\t\t\t\t\t\t<p data-start=\"1313\" data-end=\"1654\">Cala Sant Vicen\u00e7 es un peque\u00f1o y pintoresco enclave costero que combina aguas cristalinas con un ambiente relajado, ideal para familias con ni\u00f1os. Sus calas de poca profundidad son perfectas para que los m\u00e1s peque\u00f1os jueguen con seguridad, mientras los adultos disfrutan de las vistas a las monta\u00f1as y del aire marino.<br data-start=\"1230\" data-end=\"1233\" \/>Adem\u00e1s de sus playas, el entorno ofrece rutas sencillas para caminar en familia y la oportunidad de descubrir la vida local en sus restaurantes y peque\u00f1os comercios. Cala Sant Vicen\u00e7 es una gran elecci\u00f3n para quienes buscan mar, naturaleza y tranquilidad en un solo lugar.<\/p>\t\t\t\t\t\t\t\t<\/div>\n\t\t\t\t<\/div>\n\t\t\t\t<\/div>\n\t\t<div class=\"elementor-element elementor-element-ac91be6 e-con-full e-flex e-con e-child\" data-id=\"ac91be6\" data-element_type=\"container\" data-e-type=\"container\">\n\t\t\t\t<div class=\"elementor-element elementor-element-0cfb888 elementor-position-left elementor-vertical-align-middle elementor-position-top elementor-widget elementor-widget-image-box\" data-id=\"0cfb888\" data-element_type=\"widget\" data-e-type=\"widget\" data-widget_type=\"image-box.default\">\n\t\t\t\t<div class=\"elementor-widget-container\">\n\t\t\t\t\t<div class=\"elementor-image-box-wrapper\"><figure class=\"elementor-image-box-img\"><img loading=\"lazy\" decoding=\"async\" width=\"1183\" height=\"887\" src=\"https:\/\/rentallorca.com\/blog\/wp-content\/uploads\/2025\/08\/rentallorca-mallorca-9.webp\" class=\"attachment-full size-full wp-image-2399\" alt=\"\" srcset=\"https:\/\/rentallorca.com\/blog\/wp-content\/uploads\/2025\/08\/rentallorca-mallorca-9.webp 1183w, https:\/\/rentallorca.com\/blog\/wp-content\/uploads\/2025\/08\/rentallorca-mallorca-9-300x225.webp 300w, https:\/\/rentallorca.com\/blog\/wp-content\/uploads\/2025\/08\/rentallorca-mallorca-9-1024x768.webp 1024w, https:\/\/rentallorca.com\/blog\/wp-content\/uploads\/2025\/08\/rentallorca-mallorca-9-768x576.webp 768w\" sizes=\"(max-width: 1183px) 100vw, 1183px\" \/><\/figure><div class=\"elementor-image-box-content\"><p class=\"elementor-image-box-description\">Cala Sant Vicen\u00e7 es conocida por sus calas de aguas tranquilas, perfectas para que los ni\u00f1os jueguen y naden con seguridad. Las familias pueden visitar el centro de Pollensa, pasear por el mercado y subir al Calvario para disfrutar de las vistas.<\/p><\/div><\/div>\t\t\t\t<\/div>\n\t\t\t\t<\/div>\n\t\t\t\t<div class=\"elementor-element elementor-element-d7fe7ce elementor-position-left elementor-vertical-align-middle elementor-position-top elementor-widget elementor-widget-image-box\" data-id=\"d7fe7ce\" data-element_type=\"widget\" data-e-type=\"widget\" data-widget_type=\"image-box.default\">\n\t\t\t\t<div class=\"elementor-widget-container\">\n\t\t\t\t\t<div class=\"elementor-image-box-wrapper\"><figure class=\"elementor-image-box-img\"><img loading=\"lazy\" decoding=\"async\" width=\"800\" height=\"350\" src=\"https:\/\/rentallorca.com\/blog\/wp-content\/uploads\/2025\/02\/visitar-alcudia-10.webp\" class=\"attachment-full size-full wp-image-467\" alt=\"\" srcset=\"https:\/\/rentallorca.com\/blog\/wp-content\/uploads\/2025\/02\/visitar-alcudia-10.webp 800w, https:\/\/rentallorca.com\/blog\/wp-content\/uploads\/2025\/02\/visitar-alcudia-10-300x131.webp 300w, https:\/\/rentallorca.com\/blog\/wp-content\/uploads\/2025\/02\/visitar-alcudia-10-768x336.webp 768w\" sizes=\"(max-width: 800px) 100vw, 800px\" \/><\/figure><div class=\"elementor-image-box-content\"><p class=\"elementor-image-box-description\">El Parque Natural de la Albufera est\u00e1 muy cerca y permite observar aves y recorrer senderos cortos y seguros. No olvides llevar prism\u00e1ticos y ropa c\u00f3moda para caminar.<\/p><\/div><\/div>\t\t\t\t<\/div>\n\t\t\t\t<\/div>\n\t\t\t\t<\/div>\n\t\t<div class=\"elementor-element elementor-element-bfd404c e-con-full e-flex e-con e-child\" data-id=\"bfd404c\" data-element_type=\"container\" data-e-type=\"container\">\n\t\t\t\t<div class=\"elementor-element elementor-element-bf7419f e-n-tabs-mobile elementor-widget elementor-widget-n-tabs\" data-id=\"bf7419f\" data-element_type=\"widget\" data-e-type=\"widget\" data-widget_type=\"nested-tabs.default\">\n\t\t\t\t<div class=\"elementor-widget-container\">\n\t\t\t\t\t\t\t<div class=\"e-n-tabs\" data-widget-number=\"200753567\" aria-label=\"Tabs. Open items with Enter or Space, close with Escape and navigate using the Arrow keys.\">\n\t\t\t<div class=\"e-n-tabs-heading\" role=\"tablist\">\n\t\t\t\t\t<button id=\"e-n-tab-title-2007535671\" data-tab-title-id=\"e-n-tab-title-2007535671\" class=\"e-n-tab-title\" aria-selected=\"true\" data-tab-index=\"1\" role=\"tab\" tabindex=\"0\" aria-controls=\"e-n-tab-content-2007535671\" style=\"--n-tabs-title-order: 1;\">\n\t\t\t\t\t\t<span class=\"e-n-tab-title-text\">\n\t\t\t\t\u00bfC\u00f3mo es la playa de Son Serra de Marina en Mallorca?\t\t\t<\/span>\n\t\t<\/button>\n\t\t\t\t<button id=\"e-n-tab-title-2007535672\" data-tab-title-id=\"e-n-tab-title-2007535672\" class=\"e-n-tab-title\" aria-selected=\"false\" data-tab-index=\"2\" role=\"tab\" tabindex=\"-1\" aria-controls=\"e-n-tab-content-2007535672\" style=\"--n-tabs-title-order: 2;\">\n\t\t\t\t\t\t<span class=\"e-n-tab-title-text\">\n\t\t\t\t\u00bfCu\u00e1l es el precio medio del alquiler en Son Serra de Marina?\t\t\t<\/span>\n\t\t<\/button>\n\t\t\t\t<button id=\"e-n-tab-title-2007535673\" data-tab-title-id=\"e-n-tab-title-2007535673\" class=\"e-n-tab-title\" aria-selected=\"false\" data-tab-index=\"3\" role=\"tab\" tabindex=\"-1\" aria-controls=\"e-n-tab-content-2007535673\" style=\"--n-tabs-title-order: 3;\">\n\t\t\t\t\t\t<span class=\"e-n-tab-title-text\">\n\t\t\t\t\u00bfC\u00f3mo es el tiempo en Son Serra de Marina durante el verano?\t\t\t<\/span>\n\t\t<\/button>\n\t\t\t\t\t<\/div>\n\t\t\t<div class=\"e-n-tabs-content\">\n\t\t\t\t<div id=\"e-n-tab-content-2007535671\" role=\"tabpanel\" aria-labelledby=\"e-n-tab-title-2007535671\" data-tab-index=\"1\" style=\"--n-tabs-title-order: 1;\" class=\"e-active elementor-element elementor-element-064b642 e-con-full e-flex e-con e-child\" data-id=\"064b642\" data-element_type=\"container\" data-e-type=\"container\">\n\t\t\t\t<div class=\"elementor-element elementor-element-17e8b15 elementor-widget elementor-widget-text-editor\" data-id=\"17e8b15\" data-element_type=\"widget\" data-e-type=\"widget\" data-widget_type=\"text-editor.default\">\n\t\t\t\t<div class=\"elementor-widget-container\">\n\t\t\t\t\t\t\t\t\t<div class=\"flex max-w-full flex-col flex-grow\"><div class=\"min-h-8 text-message flex w-full flex-col items-end gap-2 whitespace-normal break-words text-start [.text-message+&amp;]:mt-5\" dir=\"auto\" data-message-author-role=\"assistant\" data-message-id=\"520e1877-da43-4662-b7c6-4a928b9804c1\" data-message-model-slug=\"gpt-4o\"><div class=\"flex w-full flex-col gap-1 empty:hidden first:pt-[3px]\"><div class=\"markdown prose w-full break-words dark:prose-invert light\"><p>La playa de Son Serra de Marina, tambi\u00e9n conocida como Sa Canova, es una playa virgen de arena dorada y aguas cristalinas, perfecta para familias con ni\u00f1os. Con 450 metros de longitud y m\u00e1s de 100 metros de ancho, ofrece amplio espacio para juegos y relajaci\u00f3n . Adem\u00e1s, su entorno natural y tranquilo permite disfrutar de un d\u00eda en familia sin aglomeraciones.<\/p><\/div><\/div><\/div><\/div>\t\t\t\t\t\t\t\t<\/div>\n\t\t\t\t<\/div>\n\t\t\t\t<\/div>\n\t\t<div id=\"e-n-tab-content-2007535672\" role=\"tabpanel\" aria-labelledby=\"e-n-tab-title-2007535672\" data-tab-index=\"2\" style=\"--n-tabs-title-order: 2;\" class=\" elementor-element elementor-element-f68c47c e-con-full e-flex e-con e-child\" data-id=\"f68c47c\" data-element_type=\"container\" data-e-type=\"container\">\n\t\t\t\t<div class=\"elementor-element elementor-element-2d1dc39 elementor-widget elementor-widget-text-editor\" data-id=\"2d1dc39\" data-element_type=\"widget\" data-e-type=\"widget\" data-widget_type=\"text-editor.default\">\n\t\t\t\t<div class=\"elementor-widget-container\">\n\t\t\t\t\t\t\t\t\t<p>La playa de Son Serra de Marina es un arenal virgen de 450 metros de longitud por m\u00e1s de 100 metros de anchura, ideal para familias que buscan tranquilidad y naturaleza. Su entorno natural y su ambiente relajado la convierten en una excelente opci\u00f3n para disfrutar en familia.<\/p>\t\t\t\t\t\t\t\t<\/div>\n\t\t\t\t<\/div>\n\t\t\t\t<\/div>\n\t\t<div id=\"e-n-tab-content-2007535673\" role=\"tabpanel\" aria-labelledby=\"e-n-tab-title-2007535673\" data-tab-index=\"3\" style=\"--n-tabs-title-order: 3;\" class=\" elementor-element elementor-element-7ef5eb4 e-con-full e-flex e-con e-child\" data-id=\"7ef5eb4\" data-element_type=\"container\" data-e-type=\"container\">\n\t\t\t\t<div class=\"elementor-element elementor-element-e6f0756 elementor-widget elementor-widget-text-editor\" data-id=\"e6f0756\" data-element_type=\"widget\" data-e-type=\"widget\" data-widget_type=\"text-editor.default\">\n\t\t\t\t<div class=\"elementor-widget-container\">\n\t\t\t\t\t\t\t\t\t<div class=\"flex max-w-full flex-col flex-grow\"><div class=\"min-h-8 text-message flex w-full flex-col items-end gap-2 whitespace-normal break-words text-start [.text-message+&amp;]:mt-5\" dir=\"auto\" data-message-author-role=\"assistant\" data-message-id=\"0eda4e23-a67e-4424-8cd6-cadb274272e4\" data-message-model-slug=\"gpt-4o\"><div class=\"flex w-full flex-col gap-1 empty:hidden first:pt-[3px]\"><div class=\"markdown prose w-full break-words dark:prose-invert light\"><p>El tiempo en Son Serra de Marina durante el verano es c\u00e1lido y soleado, con temperaturas m\u00e1ximas que rondan los 33\u202f\u00b0C y m\u00ednimas alrededor de 22\u202f\u00b0C. La humedad relativa es moderada, lo que proporciona un clima agradable para disfrutar en familia.<\/p><\/div><\/div><\/div><\/div>\t\t\t\t\t\t\t\t<\/div>\n\t\t\t\t<\/div>\n\t\t\t\t<\/div>\n\t\t\t\t\t<\/div>\n\t\t<\/div>\n\t\t\t\t\t\t<\/div>\n\t\t\t\t<\/div>\n\t\t\t\t<div class=\"elementor-element elementor-element-6bbe33f elementor-widget__width-inherit elementor-widget elementor-widget-grid\" data-id=\"6bbe33f\" data-element_type=\"widget\" data-e-type=\"widget\" data-widget_type=\"grid.default\">\n\t\t\t\t<div class=\"elementor-widget-container\">\n\t\t\t\t\t\t\t<div class=\"its--row alojamientos-recomendados\">\n\n\t\t\t<div class=\"alojamientos-recomendados-container\">\n\n\t\t\t\t\t\n\t\t\t\t\t<a href=\"https:\/\/rentallorca.com\/alquiler\/casa-cala-sant-vicenc-chalet-molins-1-by-home-villas-360-376214.html\" rel=\"nofollow\" style=\"width: 32%;\">\n\t\t\t\t\t\t<div class=\"apartamento-box\">\n\t\t\t\t\t\t\t<div class=\"imagen_recomendados\">\n\t\t\t\t\t\t\t\t<img decoding=\"async\" src=\"https:\/\/crs.avantio.com\/fotos\/2\/1641977816062c103a57d8781c8616f4ff958b6f4d\/big1749737539948d25dfbb4c7fb1bc7959808568d917.jpg\" alt=\"Chalet Molins 1 in Pollensa by Home Villas 360\">\n\t\t\t\t\t\t\t<\/div>\n\t\t\t\t\t\t\t<div class=\"info\">\n\t\t\t\t\t\t\t\t<div class=\"ubicacion\">\n\t\t\t\t\t\t\t\t\t<i class=\"fa-solid fa-location-dot icono-mapa\"><\/i><span class=\"ubicacion-texto\">Cala Sant Vicen\u00e7 - Mallorca<\/span>\n\t\t\t\t\t\t\t\t<\/div>\n\t\t\t\t\t\t\t\t<H4 class=\"titulo-alojamiento\">\n\t\t\t\t\t\t\t\t\tChalet Molins 1 in Pollensa by Home Villas 360\t\t\t\t\t\t\t\t<\/H4>\n\t\t\t\t\t\t\t\t<p class=\"precio-alojamiento\">Desde <span class=\"precio\">112.10\u20ac<\/span> por noche<\/p>\n\t\t\t\t\t\t\t<\/div>\n\t\t\t\t\t\t<\/div>\n\t\t\t\t\t<\/a> \n\t\t\t\t\t\t\n\t\t\t\t\t<a href=\"https:\/\/rentallorca.com\/alquiler\/casa-cala-sant-vicenc-blue-fisherman-house-2-by-home-villas-360-376258.html\" rel=\"nofollow\" style=\"width: 32%;\">\n\t\t\t\t\t\t<div class=\"apartamento-box\">\n\t\t\t\t\t\t\t<div class=\"imagen_recomendados\">\n\t\t\t\t\t\t\t\t<img decoding=\"async\" src=\"https:\/\/crs.avantio.com\/fotos\/2\/1641978198fe4ee8465934c942279ecc1a51a792b8\/big1702557801352ca5de08ffc1c2442348b882739a33.jpg\" alt=\"Blue fisherman house 2 in Pollensa By home villas 360 \">\n\t\t\t\t\t\t\t<\/div>\n\t\t\t\t\t\t\t<div class=\"info\">\n\t\t\t\t\t\t\t\t<div class=\"ubicacion\">\n\t\t\t\t\t\t\t\t\t<i class=\"fa-solid fa-location-dot icono-mapa\"><\/i><span class=\"ubicacion-texto\">Cala Sant Vicen\u00e7 - Mallorca<\/span>\n\t\t\t\t\t\t\t\t<\/div>\n\t\t\t\t\t\t\t\t<H4 class=\"titulo-alojamiento\">\n\t\t\t\t\t\t\t\t\tBlue fisherman house 2 in Pollensa By home villas 360 \t\t\t\t\t\t\t\t<\/H4>\n\t\t\t\t\t\t\t\t<p class=\"precio-alojamiento\">Desde <span class=\"precio\">89.68\u20ac<\/span> por noche<\/p>\n\t\t\t\t\t\t\t<\/div>\n\t\t\t\t\t\t<\/div>\n\t\t\t\t\t<\/a> \n\t\t\t\t\t\t\n\t\t\t\t\t<a href=\"https:\/\/rentallorca.com\/alquiler\/casa-cala-sant-vicenc-blue-fisherman-house-3-by-home-villas-360-376267.html\" rel=\"nofollow\" style=\"width: 32%;\">\n\t\t\t\t\t\t<div class=\"apartamento-box\">\n\t\t\t\t\t\t\t<div class=\"imagen_recomendados\">\n\t\t\t\t\t\t\t\t<img decoding=\"async\" src=\"https:\/\/crs.avantio.com\/fotos\/2\/16419782864fd9fc56ec053b6119ce70475b87c42f\/big16419782943bf4ff52c2636de2fe26221964d29a0d.jpg\" alt=\"Blue fisherman house 3 in Pollensa by Home Villas 360\">\n\t\t\t\t\t\t\t<\/div>\n\t\t\t\t\t\t\t<div class=\"info\">\n\t\t\t\t\t\t\t\t<div class=\"ubicacion\">\n\t\t\t\t\t\t\t\t\t<i class=\"fa-solid fa-location-dot icono-mapa\"><\/i><span class=\"ubicacion-texto\">Cala Sant Vicen\u00e7 - Mallorca<\/span>\n\t\t\t\t\t\t\t\t<\/div>\n\t\t\t\t\t\t\t\t<H4 class=\"titulo-alojamiento\">\n\t\t\t\t\t\t\t\t\tBlue fisherman house 3 in Pollensa by Home Villas 360\t\t\t\t\t\t\t\t<\/H4>\n\t\t\t\t\t\t\t\t<p class=\"precio-alojamiento\">Desde <span class=\"precio\">84.08\u20ac<\/span> por noche<\/p>\n\t\t\t\t\t\t\t<\/div>\n\t\t\t\t\t\t<\/div>\n\t\t\t\t\t<\/a> \n\t\t\t\t\t\t\t\t<\/div>\n\t\t\t<\/div>\n\t\t\t\t\t\t<\/div>\n\t\t\t\t<\/div>\n\t\t\t\t<\/div>\n\t\t\t\t<\/div>\n\t\t\t\t\t<\/div>\n\t\t\t\t<\/div>\n\t\t<div class=\"elementor-element elementor-element-108d432 e-flex e-con-boxed e-con e-parent\" data-id=\"108d432\" data-element_type=\"container\" data-e-type=\"container\" id=\"destino3\">\n\t\t\t\t\t<div class=\"e-con-inner\">\n\t\t<div class=\"elementor-element elementor-element-3deaf2f e-con-full e-flex e-con e-child\" data-id=\"3deaf2f\" data-element_type=\"container\" data-e-type=\"container\">\n\t\t<div class=\"elementor-element elementor-element-714bf2b e-con-full e-flex e-con e-child\" data-id=\"714bf2b\" data-element_type=\"container\" data-e-type=\"container\">\n\t\t\t\t<div class=\"elementor-element elementor-element-b3d4c9f elementor-widget elementor-widget-heading\" data-id=\"b3d4c9f\" data-element_type=\"widget\" data-e-type=\"widget\" data-widget_type=\"heading.default\">\n\t\t\t\t<div class=\"elementor-widget-container\">\n\t\t\t\t\t<h2 class=\"elementor-heading-title elementor-size-default\">Petra<\/h2>\t\t\t\t<\/div>\n\t\t\t\t<\/div>\n\t\t\t\t<\/div>\n\t\t<div class=\"elementor-element elementor-element-e20b704 e-con-full e-flex e-con e-child\" data-id=\"e20b704\" data-element_type=\"container\" data-e-type=\"container\">\n\t\t\t\t<div class=\"elementor-element elementor-element-3a9b60d elementor-widget elementor-widget-text-editor\" data-id=\"3a9b60d\" data-element_type=\"widget\" data-e-type=\"widget\" data-widget_type=\"text-editor.default\">\n\t\t\t\t<div class=\"elementor-widget-container\">\n\t\t\t\t\t\t\t\t\t<p>Petra es una encantadora localidad del interior, perfecta para familias que desean unas vacaciones tranquilas y aut\u00e9nticas en Mallorca. Conocida como el lugar de nacimiento de Fray Jun\u00edpero Serra, ofrece interesantes sitios hist\u00f3ricos que pueden despertar la curiosidad de grandes y peque\u00f1os. Rodeada de vi\u00f1edos y almendros, es un lugar ideal para que los ni\u00f1os descubran la vida rural y la naturaleza mallorquina.<br data-start=\"550\" data-end=\"553\" \/>Su proximidad a Son Serra de Marina, una playa virgen poco concurrida, permite combinar la tranquilidad del interior con d\u00edas de mar en un entorno natural. Ya sea paseando en bicicleta por sus rutas seguras o explorando su patrimonio, Petra es una excelente opci\u00f3n para disfrutar de unas vacaciones familiares lejos del bullicio.<\/p>\t\t\t\t\t\t\t\t<\/div>\n\t\t\t\t<\/div>\n\t\t\t\t<\/div>\n\t\t<div class=\"elementor-element elementor-element-77253f5 e-con-full e-flex e-con e-child\" data-id=\"77253f5\" data-element_type=\"container\" data-e-type=\"container\">\n\t\t\t\t<div class=\"elementor-element elementor-element-673bbe5 elementor-position-left elementor-vertical-align-middle elementor-position-top elementor-widget elementor-widget-image-box\" data-id=\"673bbe5\" data-element_type=\"widget\" data-e-type=\"widget\" data-widget_type=\"image-box.default\">\n\t\t\t\t<div class=\"elementor-widget-container\">\n\t\t\t\t\t<div class=\"elementor-image-box-wrapper\"><figure class=\"elementor-image-box-img\"><img loading=\"lazy\" decoding=\"async\" width=\"600\" height=\"400\" src=\"https:\/\/rentallorca.com\/blog\/wp-content\/uploads\/2025\/03\/best-area-to-stay-in-mallorca\u200b-4.webp\" class=\"attachment-full size-full wp-image-912\" alt=\"\" srcset=\"https:\/\/rentallorca.com\/blog\/wp-content\/uploads\/2025\/03\/best-area-to-stay-in-mallorca\u200b-4.webp 600w, https:\/\/rentallorca.com\/blog\/wp-content\/uploads\/2025\/03\/best-area-to-stay-in-mallorca\u200b-4-300x200.webp 300w\" sizes=\"(max-width: 600px) 100vw, 600px\" \/><\/figure><div class=\"elementor-image-box-content\"><p class=\"elementor-image-box-description\">Petra es el lugar de nacimiento de un misionero espa\u00f1ol que fund\u00f3 varias ciudades en California, incluida San Francisco. Las familias pueden visitar el Museo de Fray Jun\u00edpero Serra para descubrir su historia de manera interactiva.<\/p><\/div><\/div>\t\t\t\t<\/div>\n\t\t\t\t<\/div>\n\t\t\t\t<div class=\"elementor-element elementor-element-ae71fd7 elementor-position-left elementor-vertical-align-middle elementor-position-top elementor-widget elementor-widget-image-box\" data-id=\"ae71fd7\" data-element_type=\"widget\" data-e-type=\"widget\" data-widget_type=\"image-box.default\">\n\t\t\t\t<div class=\"elementor-widget-container\">\n\t\t\t\t\t<div class=\"elementor-image-box-wrapper\"><figure class=\"elementor-image-box-img\"><img loading=\"lazy\" decoding=\"async\" width=\"1254\" height=\"836\" src=\"https:\/\/rentallorca.com\/blog\/wp-content\/uploads\/2025\/08\/la-mejor-zona-de-mallorca.webp\" class=\"attachment-full size-full wp-image-2426\" alt=\"\" srcset=\"https:\/\/rentallorca.com\/blog\/wp-content\/uploads\/2025\/08\/la-mejor-zona-de-mallorca.webp 1254w, https:\/\/rentallorca.com\/blog\/wp-content\/uploads\/2025\/08\/la-mejor-zona-de-mallorca-300x200.webp 300w, https:\/\/rentallorca.com\/blog\/wp-content\/uploads\/2025\/08\/la-mejor-zona-de-mallorca-1024x683.webp 1024w, https:\/\/rentallorca.com\/blog\/wp-content\/uploads\/2025\/08\/la-mejor-zona-de-mallorca-768x512.webp 768w\" sizes=\"(max-width: 1254px) 100vw, 1254px\" \/><\/figure><div class=\"elementor-image-box-content\"><p class=\"elementor-image-box-description\">El Parque Natural de la Pen\u00ednsula de Llevant est\u00e1 cerca y ofrece rutas f\u00e1ciles para explorar la naturaleza con ni\u00f1os. Recuerda llevar agua y protector solar, y evitar los d\u00edas de mucho calor.<\/p><\/div><\/div>\t\t\t\t<\/div>\n\t\t\t\t<\/div>\n\t\t\t\t<\/div>\n\t\t<div class=\"elementor-element elementor-element-996782a e-con-full e-flex e-con e-child\" data-id=\"996782a\" data-element_type=\"container\" data-e-type=\"container\">\n\t\t\t\t<div class=\"elementor-element elementor-element-abb1993 e-n-tabs-mobile elementor-widget elementor-widget-n-tabs\" data-id=\"abb1993\" data-element_type=\"widget\" data-e-type=\"widget\" data-widget_type=\"nested-tabs.default\">\n\t\t\t\t<div class=\"elementor-widget-container\">\n\t\t\t\t\t\t\t<div class=\"e-n-tabs\" data-widget-number=\"180033939\" aria-label=\"Tabs. Open items with Enter or Space, close with Escape and navigate using the Arrow keys.\">\n\t\t\t<div class=\"e-n-tabs-heading\" role=\"tablist\">\n\t\t\t\t\t<button id=\"e-n-tab-title-1800339391\" data-tab-title-id=\"e-n-tab-title-1800339391\" class=\"e-n-tab-title\" aria-selected=\"true\" data-tab-index=\"1\" role=\"tab\" tabindex=\"0\" aria-controls=\"e-n-tab-content-1800339391\" style=\"--n-tabs-title-order: 1;\">\n\t\t\t\t\t\t<span class=\"e-n-tab-title-text\">\n\t\t\t\t\u00bfPor qu\u00e9 vale la pena visitar Petra?\t\t\t<\/span>\n\t\t<\/button>\n\t\t\t\t<button id=\"e-n-tab-title-1800339392\" data-tab-title-id=\"e-n-tab-title-1800339392\" class=\"e-n-tab-title\" aria-selected=\"false\" data-tab-index=\"2\" role=\"tab\" tabindex=\"-1\" aria-controls=\"e-n-tab-content-1800339392\" style=\"--n-tabs-title-order: 2;\">\n\t\t\t\t\t\t<span class=\"e-n-tab-title-text\">\n\t\t\t\t\u00bfCu\u00e1les son las mejores cosas para hacer en Petra?\t\t\t<\/span>\n\t\t<\/button>\n\t\t\t\t<button id=\"e-n-tab-title-1800339393\" data-tab-title-id=\"e-n-tab-title-1800339393\" class=\"e-n-tab-title\" aria-selected=\"false\" data-tab-index=\"3\" role=\"tab\" tabindex=\"-1\" aria-controls=\"e-n-tab-content-1800339393\" style=\"--n-tabs-title-order: 3;\">\n\t\t\t\t\t\t<span class=\"e-n-tab-title-text\">\n\t\t\t\t\u00bfEs Petra un buen lugar para familias?\t\t\t<\/span>\n\t\t<\/button>\n\t\t\t\t\t<\/div>\n\t\t\t<div class=\"e-n-tabs-content\">\n\t\t\t\t<div id=\"e-n-tab-content-1800339391\" role=\"tabpanel\" aria-labelledby=\"e-n-tab-title-1800339391\" data-tab-index=\"1\" style=\"--n-tabs-title-order: 1;\" class=\"e-active elementor-element elementor-element-f5d95f8 e-con-full e-flex e-con e-child\" data-id=\"f5d95f8\" data-element_type=\"container\" data-e-type=\"container\">\n\t\t\t\t<div class=\"elementor-element elementor-element-bcfa8dc elementor-widget elementor-widget-text-editor\" data-id=\"bcfa8dc\" data-element_type=\"widget\" data-e-type=\"widget\" data-widget_type=\"text-editor.default\">\n\t\t\t\t<div class=\"elementor-widget-container\">\n\t\t\t\t\t\t\t\t\t<div class=\"flex max-w-full flex-col flex-grow\"><div class=\"min-h-8 text-message flex w-full flex-col items-end gap-2 whitespace-normal break-words text-start [.text-message+&amp;]:mt-5\" dir=\"auto\" data-message-author-role=\"assistant\" data-message-id=\"7fad6167-e3e6-4ddb-9ca9-73cb1fc35b73\" data-message-model-slug=\"gpt-4o\"><div class=\"flex w-full flex-col gap-1 empty:hidden first:pt-[3px]\"><div class=\"markdown prose w-full break-words dark:prose-invert light\"><p>Petra ofrece historia, naturaleza y tranquilidad, con la casa natal de Fray Jun\u00edpero Serra, vi\u00f1edos pintorescos y un paisaje rural tranquilo. Es la mejor zona para alojarse en Mallorca si te encanta el ciclismo o si buscas un retiro familiar.<\/p><\/div><\/div><\/div><\/div>\t\t\t\t\t\t\t\t<\/div>\n\t\t\t\t<\/div>\n\t\t\t\t<\/div>\n\t\t<div id=\"e-n-tab-content-1800339392\" role=\"tabpanel\" aria-labelledby=\"e-n-tab-title-1800339392\" data-tab-index=\"2\" style=\"--n-tabs-title-order: 2;\" class=\" elementor-element elementor-element-c6b3231 e-con-full e-flex e-con e-child\" data-id=\"c6b3231\" data-element_type=\"container\" data-e-type=\"container\">\n\t\t\t\t<div class=\"elementor-element elementor-element-808d2df elementor-widget elementor-widget-text-editor\" data-id=\"808d2df\" data-element_type=\"widget\" data-e-type=\"widget\" data-widget_type=\"text-editor.default\">\n\t\t\t\t<div class=\"elementor-widget-container\">\n\t\t\t\t\t\t\t\t\t<div class=\"flex max-w-full flex-col flex-grow\"><div class=\"min-h-8 text-message flex w-full flex-col items-end gap-2 whitespace-normal break-words text-start [.text-message+&amp;]:mt-5\" dir=\"auto\" data-message-author-role=\"assistant\" data-message-id=\"520e1877-da43-4662-b7c6-4a928b9804c1\" data-message-model-slug=\"gpt-4o\"><div class=\"flex w-full flex-col gap-1 empty:hidden first:pt-[3px]\"><div class=\"markdown prose w-full break-words dark:prose-invert light\"><p>Visite el Museo Jun\u00edpero Serra, explore los vi\u00f1edos locales, ande en bicicleta por el pintoresco paisaje rural o disfrute de la cocina tradicional mallorquina en restaurantes familiares.<\/p><\/div><\/div><\/div><\/div>\t\t\t\t\t\t\t\t<\/div>\n\t\t\t\t<\/div>\n\t\t\t\t<div class=\"elementor-element elementor-element-a757982 elementor-view-default elementor-widget elementor-widget-icon\" data-id=\"a757982\" data-element_type=\"widget\" data-e-type=\"widget\" data-widget_type=\"icon.default\">\n\t\t\t\t<div class=\"elementor-widget-container\">\n\t\t\t\t\t\t\t<div class=\"elementor-icon-wrapper\">\n\t\t\t<div class=\"elementor-icon\">\n\t\t\t<svg aria-hidden=\"true\" class=\"e-font-icon-svg e-fas-star\" viewBox=\"0 0 576 512\" xmlns=\"http:\/\/www.w3.org\/2000\/svg\"><path d=\"M259.3 17.8L194 150.2 47.9 171.5c-26.2 3.8-36.7 36.1-17.7 54.6l105.7 103-25 145.5c-4.5 26.3 23.2 46 46.4 33.7L288 439.6l130.7 68.7c23.2 12.2 50.9-7.4 46.4-33.7l-25-145.5 105.7-103c19-18.5 8.5-50.8-17.7-54.6L382 150.2 316.7 17.8c-11.7-23.6-45.6-23.9-57.4 0z\"><\/path><\/svg>\t\t\t<\/div>\n\t\t<\/div>\n\t\t\t\t\t\t<\/div>\n\t\t\t\t<\/div>\n\t\t\t\t<\/div>\n\t\t<div id=\"e-n-tab-content-1800339393\" role=\"tabpanel\" aria-labelledby=\"e-n-tab-title-1800339393\" data-tab-index=\"3\" style=\"--n-tabs-title-order: 3;\" class=\" elementor-element elementor-element-d839f9f e-con-full e-flex e-con e-child\" data-id=\"d839f9f\" data-element_type=\"container\" data-e-type=\"container\">\n\t\t\t\t<div class=\"elementor-element elementor-element-b854ad8 elementor-widget elementor-widget-text-editor\" data-id=\"b854ad8\" data-element_type=\"widget\" data-e-type=\"widget\" data-widget_type=\"text-editor.default\">\n\t\t\t\t<div class=\"elementor-widget-container\">\n\t\t\t\t\t\t\t\t\t<div class=\"flex max-w-full flex-col flex-grow\"><div class=\"min-h-8 text-message flex w-full flex-col items-end gap-2 whitespace-normal break-words text-start [.text-message+&amp;]:mt-5\" dir=\"auto\" data-message-author-role=\"assistant\" data-message-id=\"0eda4e23-a67e-4424-8cd6-cadb274272e4\" data-message-model-slug=\"gpt-4o\"><div class=\"flex w-full flex-col gap-1 empty:hidden first:pt-[3px]\"><div class=\"markdown prose w-full break-words dark:prose-invert light\"><p>S\u00ed, su ambiente tranquilo, sus estancias rurales aptas para familias y sus senderos naturales cercanos hacen de Petra una excelente opci\u00f3n para unas tranquilas vacaciones familiares.<\/p><\/div><\/div><\/div><\/div>\t\t\t\t\t\t\t\t<\/div>\n\t\t\t\t<\/div>\n\t\t\t\t<\/div>\n\t\t\t\t\t<\/div>\n\t\t<\/div>\n\t\t\t\t\t\t<\/div>\n\t\t\t\t<\/div>\n\t\t\t\t<div class=\"elementor-element elementor-element-b298c7a elementor-widget__width-inherit elementor-widget elementor-widget-grid\" data-id=\"b298c7a\" data-element_type=\"widget\" data-e-type=\"widget\" data-widget_type=\"grid.default\">\n\t\t\t\t<div class=\"elementor-widget-container\">\n\t\t\t\t\t\t\t<div class=\"its--row alojamientos-recomendados\">\n\n\t\t\t<div class=\"alojamientos-recomendados-container\">\n\n\t\t\t\t\t\n\t\t\t\t\t<a href=\"https:\/\/rentallorca.com\/alquiler\/finca-manacor-a0031-finca-can-corem-441538.html\" rel=\"nofollow\" style=\"width: 32%;\">\n\t\t\t\t\t\t<div class=\"apartamento-box\">\n\t\t\t\t\t\t\t<div class=\"imagen_recomendados\">\n\t\t\t\t\t\t\t\t<img decoding=\"async\" src=\"https:\/\/crs.avantio.com\/fotos\/2\/1691579162293500bd4f4a79635b4859fdcdb3d86e\/big16915791686053499c6ddb0afea1406d607808524b.jpg\" alt=\"Can Corem by Rentallorca\">\n\t\t\t\t\t\t\t<\/div>\n\t\t\t\t\t\t\t<div class=\"info\">\n\t\t\t\t\t\t\t\t<div class=\"ubicacion\">\n\t\t\t\t\t\t\t\t\t<i class=\"fa-solid fa-location-dot icono-mapa\"><\/i><span class=\"ubicacion-texto\">Manacor - Mallorca<\/span>\n\t\t\t\t\t\t\t\t<\/div>\n\t\t\t\t\t\t\t\t<H4 class=\"titulo-alojamiento\">\n\t\t\t\t\t\t\t\t\tCan Corem by Rentallorca\t\t\t\t\t\t\t\t<\/H4>\n\t\t\t\t\t\t\t\t<p class=\"precio-alojamiento\">Desde <span class=\"precio\">506.16\u20ac<\/span> por noche<\/p>\n\t\t\t\t\t\t\t<\/div>\n\t\t\t\t\t\t<\/div>\n\t\t\t\t\t<\/a> \n\t\t\t\t\t\t\n\t\t\t\t\t<a href=\"https:\/\/rentallorca.com\/alquiler\/finca-manacor-c0009-finca-es-collet-441559.html\" rel=\"nofollow\" style=\"width: 32%;\">\n\t\t\t\t\t\t<div class=\"apartamento-box\">\n\t\t\t\t\t\t\t<div class=\"imagen_recomendados\">\n\t\t\t\t\t\t\t\t<img decoding=\"async\" src=\"https:\/\/crs.avantio.com\/fotos\/2\/1691578699e086781a16273ea15400b16fc3894b74\/big1691578702f9bc6505d7ae705315a07270cc57f972.jpg\" alt=\"Es Collet by Rentallorca\">\n\t\t\t\t\t\t\t<\/div>\n\t\t\t\t\t\t\t<div class=\"info\">\n\t\t\t\t\t\t\t\t<div class=\"ubicacion\">\n\t\t\t\t\t\t\t\t\t<i class=\"fa-solid fa-location-dot icono-mapa\"><\/i><span class=\"ubicacion-texto\">Manacor - Mallorca<\/span>\n\t\t\t\t\t\t\t\t<\/div>\n\t\t\t\t\t\t\t\t<H4 class=\"titulo-alojamiento\">\n\t\t\t\t\t\t\t\t\tEs Collet by Rentallorca\t\t\t\t\t\t\t\t<\/H4>\n\t\t\t\t\t\t\t\t<p class=\"precio-alojamiento\">Desde <span class=\"precio\">307.80\u20ac<\/span> por noche<\/p>\n\t\t\t\t\t\t\t<\/div>\n\t\t\t\t\t\t<\/div>\n\t\t\t\t\t<\/a> \n\t\t\t\t\t\t\n\t\t\t\t\t<a href=\"https:\/\/rentallorca.com\/alquiler\/finca-manacor-c0008-finca-llum-441562.html\" rel=\"nofollow\" style=\"width: 32%;\">\n\t\t\t\t\t\t<div class=\"apartamento-box\">\n\t\t\t\t\t\t\t<div class=\"imagen_recomendados\">\n\t\t\t\t\t\t\t\t<img decoding=\"async\" src=\"https:\/\/crs.avantio.com\/fotos\/2\/16915789705eec049078e86110f0eef261ea33dd5c\/big1691578974164840e7a9d2601549b51ea326116e49.jpg\" alt=\"Finca Llum by Rentallorca\">\n\t\t\t\t\t\t\t<\/div>\n\t\t\t\t\t\t\t<div class=\"info\">\n\t\t\t\t\t\t\t\t<div class=\"ubicacion\">\n\t\t\t\t\t\t\t\t\t<i class=\"fa-solid fa-location-dot icono-mapa\"><\/i><span class=\"ubicacion-texto\">Manacor - Mallorca<\/span>\n\t\t\t\t\t\t\t\t<\/div>\n\t\t\t\t\t\t\t\t<H4 class=\"titulo-alojamiento\">\n\t\t\t\t\t\t\t\t\tFinca Llum by Rentallorca\t\t\t\t\t\t\t\t<\/H4>\n\t\t\t\t\t\t\t\t<p class=\"precio-alojamiento\">Desde <span class=\"precio\">296.40\u20ac<\/span> por noche<\/p>\n\t\t\t\t\t\t\t<\/div>\n\t\t\t\t\t\t<\/div>\n\t\t\t\t\t<\/a> \n\t\t\t\t\t\t\t\t<\/div>\n\t\t\t<\/div>\n\t\t\t\t\t\t<\/div>\n\t\t\t\t<\/div>\n\t\t\t\t<\/div>\n\t\t\t\t<\/div>\n\t\t\t\t\t<\/div>\n\t\t\t\t<\/div>\n\t\t<div class=\"elementor-element elementor-element-893b839 e-flex e-con-boxed e-con e-parent\" data-id=\"893b839\" data-element_type=\"container\" data-e-type=\"container\" id=\"destino4\">\n\t\t\t\t\t<div class=\"e-con-inner\">\n\t\t<div class=\"elementor-element elementor-element-a7cb79d e-con-full e-flex e-con e-child\" data-id=\"a7cb79d\" data-element_type=\"container\" data-e-type=\"container\">\n\t\t<div class=\"elementor-element elementor-element-833ec55 e-con-full e-flex e-con e-child\" data-id=\"833ec55\" data-element_type=\"container\" data-e-type=\"container\">\n\t\t\t\t<div class=\"elementor-element elementor-element-e574898 elementor-widget elementor-widget-heading\" data-id=\"e574898\" data-element_type=\"widget\" data-e-type=\"widget\" data-widget_type=\"heading.default\">\n\t\t\t\t<div class=\"elementor-widget-container\">\n\t\t\t\t\t<h2 class=\"elementor-heading-title elementor-size-default\">S\u00f3ller<\/h2>\t\t\t\t<\/div>\n\t\t\t\t<\/div>\n\t\t\t\t<\/div>\n\t\t<div class=\"elementor-element elementor-element-0a6510d e-con-full e-flex e-con e-child\" data-id=\"0a6510d\" data-element_type=\"container\" data-e-type=\"container\">\n\t\t\t\t<div class=\"elementor-element elementor-element-8ee6f0c elementor-widget elementor-widget-text-editor\" data-id=\"8ee6f0c\" data-element_type=\"widget\" data-e-type=\"widget\" data-widget_type=\"text-editor.default\">\n\t\t\t\t<div class=\"elementor-widget-container\">\n\t\t\t\t\t\t\t\t\t<p data-start=\"1313\" data-end=\"1654\">S\u00f3ller es una pintoresca localidad en el coraz\u00f3n de un valle rodeado de naranjos y monta\u00f1as, que ofrece m\u00faltiples actividades para familias. Su centro hist\u00f3rico peatonal es perfecto para pasear con ni\u00f1os y descubrir sus encantadoras plazas. El famoso tren de madera que conecta S\u00f3ller con Palma es una experiencia \u00fanica que fascina tanto a adultos como a peque\u00f1os.<br data-start=\"2532\" data-end=\"2535\" \/>Muy cerca, el Port de S\u00f3ller ofrece una playa tranquila y un paseo mar\u00edtimo ideal para disfrutar en familia. Entre mar, monta\u00f1a y actividades culturales, S\u00f3ller combina todo lo necesario para unas vacaciones completas y memorables con ni\u00f1os.<\/p>\t\t\t\t\t\t\t\t<\/div>\n\t\t\t\t<\/div>\n\t\t\t\t<\/div>\n\t\t<div class=\"elementor-element elementor-element-0862531 e-con-full e-flex e-con e-child\" data-id=\"0862531\" data-element_type=\"container\" data-e-type=\"container\">\n\t\t\t\t<div class=\"elementor-element elementor-element-0bf9231 elementor-position-left elementor-vertical-align-middle elementor-position-top elementor-widget elementor-widget-image-box\" data-id=\"0bf9231\" data-element_type=\"widget\" data-e-type=\"widget\" data-widget_type=\"image-box.default\">\n\t\t\t\t<div class=\"elementor-widget-container\">\n\t\t\t\t\t<div class=\"elementor-image-box-wrapper\"><figure class=\"elementor-image-box-img\"><img loading=\"lazy\" decoding=\"async\" width=\"600\" height=\"400\" src=\"https:\/\/rentallorca.com\/blog\/wp-content\/uploads\/2025\/03\/best-area-to-stay-in-mallorca\u200b-7.webp\" class=\"attachment-full size-full wp-image-920\" alt=\"\" srcset=\"https:\/\/rentallorca.com\/blog\/wp-content\/uploads\/2025\/03\/best-area-to-stay-in-mallorca\u200b-7.webp 600w, https:\/\/rentallorca.com\/blog\/wp-content\/uploads\/2025\/03\/best-area-to-stay-in-mallorca\u200b-7-300x200.webp 300w\" sizes=\"(max-width: 600px) 100vw, 600px\" \/><\/figure><div class=\"elementor-image-box-content\"><p class=\"elementor-image-box-description\">S\u00f3ller es un encantador valle rodeado de monta\u00f1as y naranjos, ideal para disfrutar con ni\u00f1os. El tren de madera que conecta S\u00f3ller con Palma es una experiencia panor\u00e1mica que fascina a toda la familia.<\/p><\/div><\/div>\t\t\t\t<\/div>\n\t\t\t\t<\/div>\n\t\t\t\t<div class=\"elementor-element elementor-element-2b80545 elementor-position-left elementor-vertical-align-middle elementor-position-top elementor-widget elementor-widget-image-box\" data-id=\"2b80545\" data-element_type=\"widget\" data-e-type=\"widget\" data-widget_type=\"image-box.default\">\n\t\t\t\t<div class=\"elementor-widget-container\">\n\t\t\t\t\t<div class=\"elementor-image-box-wrapper\"><figure class=\"elementor-image-box-img\"><img loading=\"lazy\" decoding=\"async\" width=\"1200\" height=\"600\" src=\"https:\/\/rentallorca.com\/blog\/wp-content\/uploads\/2025\/02\/catedral-de-palma-mallorca.jpg\" class=\"attachment-full size-full wp-image-585\" alt=\"catedral-de-palma-mallorca\" srcset=\"https:\/\/rentallorca.com\/blog\/wp-content\/uploads\/2025\/02\/catedral-de-palma-mallorca.jpg 1200w, https:\/\/rentallorca.com\/blog\/wp-content\/uploads\/2025\/02\/catedral-de-palma-mallorca-300x150.jpg 300w, https:\/\/rentallorca.com\/blog\/wp-content\/uploads\/2025\/02\/catedral-de-palma-mallorca-1024x512.jpg 1024w, https:\/\/rentallorca.com\/blog\/wp-content\/uploads\/2025\/02\/catedral-de-palma-mallorca-768x384.jpg 768w\" sizes=\"(max-width: 1200px) 100vw, 1200px\" \/><\/figure><div class=\"elementor-image-box-content\"><p class=\"elementor-image-box-description\">En Palma, el Palma Aquarium permite a los peque\u00f1os explorar t\u00faneles submarinos y conocer especies marinas de todo el mundo. Recuerda llevar gorra y protector solar, y planifica la visita evitando las horas de m\u00e1s calor.<\/p><\/div><\/div>\t\t\t\t<\/div>\n\t\t\t\t<\/div>\n\t\t\t\t<\/div>\n\t\t<div class=\"elementor-element elementor-element-4682d4c e-con-full e-flex e-con e-child\" data-id=\"4682d4c\" data-element_type=\"container\" data-e-type=\"container\">\n\t\t\t\t<div class=\"elementor-element elementor-element-9683b9f e-n-tabs-mobile elementor-widget elementor-widget-n-tabs\" data-id=\"9683b9f\" data-element_type=\"widget\" data-e-type=\"widget\" data-widget_type=\"nested-tabs.default\">\n\t\t\t\t<div class=\"elementor-widget-container\">\n\t\t\t\t\t\t\t<div class=\"e-n-tabs\" data-widget-number=\"157825951\" aria-label=\"Tabs. Open items with Enter or Space, close with Escape and navigate using the Arrow keys.\">\n\t\t\t<div class=\"e-n-tabs-heading\" role=\"tablist\">\n\t\t\t\t\t<button id=\"e-n-tab-title-1578259511\" data-tab-title-id=\"e-n-tab-title-1578259511\" class=\"e-n-tab-title\" aria-selected=\"true\" data-tab-index=\"1\" role=\"tab\" tabindex=\"0\" aria-controls=\"e-n-tab-content-1578259511\" style=\"--n-tabs-title-order: 1;\">\n\t\t\t\t\t\t<span class=\"e-n-tab-title-text\">\n\t\t\t\t\u00bfC\u00f3mo llegar a S\u00f3ller desde Palma de Mallorca?\t\t\t<\/span>\n\t\t<\/button>\n\t\t\t\t<button id=\"e-n-tab-title-1578259512\" data-tab-title-id=\"e-n-tab-title-1578259512\" class=\"e-n-tab-title\" aria-selected=\"false\" data-tab-index=\"2\" role=\"tab\" tabindex=\"-1\" aria-controls=\"e-n-tab-content-1578259512\" style=\"--n-tabs-title-order: 2;\">\n\t\t\t\t\t\t<span class=\"e-n-tab-title-text\">\n\t\t\t\t\u00bfQu\u00e9 hacer en S\u00f3ller con ni\u00f1os?\t\t\t<\/span>\n\t\t<\/button>\n\t\t\t\t<button id=\"e-n-tab-title-1578259513\" data-tab-title-id=\"e-n-tab-title-1578259513\" class=\"e-n-tab-title\" aria-selected=\"false\" data-tab-index=\"3\" role=\"tab\" tabindex=\"-1\" aria-controls=\"e-n-tab-content-1578259513\" style=\"--n-tabs-title-order: 3;\">\n\t\t\t\t\t\t<span class=\"e-n-tab-title-text\">\n\t\t\t\t\u00bfQu\u00e9 es el ferrocarril de S\u00f3ller y por qu\u00e9 es una atracci\u00f3n familiar?\t\t\t<\/span>\n\t\t<\/button>\n\t\t\t\t\t<\/div>\n\t\t\t<div class=\"e-n-tabs-content\">\n\t\t\t\t<div id=\"e-n-tab-content-1578259511\" role=\"tabpanel\" aria-labelledby=\"e-n-tab-title-1578259511\" data-tab-index=\"1\" style=\"--n-tabs-title-order: 1;\" class=\"e-active elementor-element elementor-element-1fd1499 e-con-full e-flex e-con e-child\" data-id=\"1fd1499\" data-element_type=\"container\" data-e-type=\"container\">\n\t\t\t\t<div class=\"elementor-element elementor-element-0f1faf0 elementor-widget elementor-widget-text-editor\" data-id=\"0f1faf0\" data-element_type=\"widget\" data-e-type=\"widget\" data-widget_type=\"text-editor.default\">\n\t\t\t\t<div class=\"elementor-widget-container\">\n\t\t\t\t\t\t\t\t\t<p>Para llegar a S\u00f3ller desde Palma, puedes optar por varias opciones:<\/p><ul><li><strong>Tren hist\u00f3rico<\/strong>: El Ferrocarril de S\u00f3ller ofrece un recorrido pintoresco de aproximadamente 1 hora, partiendo desde la estaci\u00f3n Intermodal de Palma.<\/li><li><strong>Autob\u00fas<\/strong>: La l\u00ednea 204 conecta Palma con S\u00f3ller en unos 30 minutos.<\/li><li><strong>Coche<\/strong>: En coche, la distancia es de unos 24 km y se tarda alrededor de 25 minutos<\/li><\/ul><p>\u00a0<\/p><p>Es recomendable evitar el uso del coche en el centro de S\u00f3ller debido a las restricciones de tr\u00e1fico para veh\u00edculos de alquiler.<\/p>\t\t\t\t\t\t\t\t<\/div>\n\t\t\t\t<\/div>\n\t\t\t\t<\/div>\n\t\t<div id=\"e-n-tab-content-1578259512\" role=\"tabpanel\" aria-labelledby=\"e-n-tab-title-1578259512\" data-tab-index=\"2\" style=\"--n-tabs-title-order: 2;\" class=\" elementor-element elementor-element-cff531b e-con-full e-flex e-con e-child\" data-id=\"cff531b\" data-element_type=\"container\" data-e-type=\"container\">\n\t\t\t\t<div class=\"elementor-element elementor-element-6d78215 elementor-widget elementor-widget-text-editor\" data-id=\"6d78215\" data-element_type=\"widget\" data-e-type=\"widget\" data-widget_type=\"text-editor.default\">\n\t\t\t\t<div class=\"elementor-widget-container\">\n\t\t\t\t\t\t\t\t\t<p>S\u00f3ller ofrece diversas actividades para disfrutar en familia:<\/p><ul><li><strong>Tren de S\u00f3ller<\/strong>: Un paseo en el hist\u00f3rico tren de madera es una experiencia \u00fanica para los ni\u00f1os.<\/li><li><strong>Ecovinyassa<\/strong>: Una visita autoguiada a una finca ecol\u00f3gica donde los ni\u00f1os pueden aprender sobre agricultura sostenible.<\/li><li><strong>Museo Balear de Ciencias Naturales<\/strong>: Ideal para que los ni\u00f1os descubran la fauna y flora local.<\/li><li><strong>Playa d&#8217;en Repic<\/strong>: Una playa tranquila donde los ni\u00f1os pueden disfrutar del mar.<\/li><\/ul>\t\t\t\t\t\t\t\t<\/div>\n\t\t\t\t<\/div>\n\t\t\t\t<\/div>\n\t\t<div id=\"e-n-tab-content-1578259513\" role=\"tabpanel\" aria-labelledby=\"e-n-tab-title-1578259513\" data-tab-index=\"3\" style=\"--n-tabs-title-order: 3;\" class=\" elementor-element elementor-element-85e451c e-con-full e-flex e-con e-child\" data-id=\"85e451c\" data-element_type=\"container\" data-e-type=\"container\">\n\t\t\t\t<div class=\"elementor-element elementor-element-1488113 elementor-widget elementor-widget-text-editor\" data-id=\"1488113\" data-element_type=\"widget\" data-e-type=\"widget\" data-widget_type=\"text-editor.default\">\n\t\t\t\t<div class=\"elementor-widget-container\">\n\t\t\t\t\t\t\t\t\t<p>El ferrocarril de S\u00f3ller es un tren hist\u00f3rico que conecta Palma con S\u00f3ller, ofreciendo un recorrido panor\u00e1mico a trav\u00e9s de la Sierra de Tramuntana. Es una atracci\u00f3n popular para familias debido a su encanto vintage y las vistas impresionantes que ofrece durante el trayecto.<\/p>\t\t\t\t\t\t\t\t<\/div>\n\t\t\t\t<\/div>\n\t\t\t\t<\/div>\n\t\t\t\t\t<\/div>\n\t\t<\/div>\n\t\t\t\t\t\t<\/div>\n\t\t\t\t<\/div>\n\t\t\t\t<div class=\"elementor-element elementor-element-bd1c1e5 elementor-widget__width-inherit elementor-widget elementor-widget-grid\" data-id=\"bd1c1e5\" data-element_type=\"widget\" data-e-type=\"widget\" data-widget_type=\"grid.default\">\n\t\t\t\t<div class=\"elementor-widget-container\">\n\t\t\t\t\t\t\t<div class=\"its--row alojamientos-recomendados\">\n\n\t\t\t<div class=\"alojamientos-recomendados-container\">\n\n\t\t\t\t\t\n\t\t\t\t\t<a href=\"https:\/\/rentallorca.com\/alquiler\/finca-soller-c0023-finca-can-busquera-441537.html\" rel=\"nofollow\" style=\"width: 32%;\">\n\t\t\t\t\t\t<div class=\"apartamento-box\">\n\t\t\t\t\t\t\t<div class=\"imagen_recomendados\">\n\t\t\t\t\t\t\t\t<img decoding=\"async\" src=\"https:\/\/crs.avantio.com\/fotos\/2\/1691579152e0e4b2bcd4ed0824a620f01167a961ef\/big1691579154274c96e4a75be3db5e320059d986bb1f.jpg\" alt=\"Can Busquera by Rentallorca\">\n\t\t\t\t\t\t\t<\/div>\n\t\t\t\t\t\t\t<div class=\"info\">\n\t\t\t\t\t\t\t\t<div class=\"ubicacion\">\n\t\t\t\t\t\t\t\t\t<i class=\"fa-solid fa-location-dot icono-mapa\"><\/i><span class=\"ubicacion-texto\">S\u00f3ller - Mallorca<\/span>\n\t\t\t\t\t\t\t\t<\/div>\n\t\t\t\t\t\t\t\t<H4 class=\"titulo-alojamiento\">\n\t\t\t\t\t\t\t\t\tCan Busquera by Rentallorca\t\t\t\t\t\t\t\t<\/H4>\n\t\t\t\t\t\t\t\t<p class=\"precio-alojamiento\">Desde <span class=\"precio\">1070.46\u20ac<\/span> por noche<\/p>\n\t\t\t\t\t\t\t<\/div>\n\t\t\t\t\t\t<\/div>\n\t\t\t\t\t<\/a> \n\t\t\t\t\t\t\n\t\t\t\t\t<a href=\"https:\/\/rentallorca.com\/alquiler\/finca-soller-c0024-can-sec-llimoneres-441546.html\" rel=\"nofollow\" style=\"width: 32%;\">\n\t\t\t\t\t\t<div class=\"apartamento-box\">\n\t\t\t\t\t\t\t<div class=\"imagen_recomendados\">\n\t\t\t\t\t\t\t\t<img decoding=\"async\" src=\"https:\/\/crs.avantio.com\/fotos\/2\/1691579976361ef756f1bc1cbe0ef734079a5a6143\/big169157997774b20ba714e04eaa2c961b419cf3586a.jpg\" alt=\"Ca'n Sec by Rentallorca\">\n\t\t\t\t\t\t\t<\/div>\n\t\t\t\t\t\t\t<div class=\"info\">\n\t\t\t\t\t\t\t\t<div class=\"ubicacion\">\n\t\t\t\t\t\t\t\t\t<i class=\"fa-solid fa-location-dot icono-mapa\"><\/i><span class=\"ubicacion-texto\">S\u00f3ller - Mallorca<\/span>\n\t\t\t\t\t\t\t\t<\/div>\n\t\t\t\t\t\t\t\t<H4 class=\"titulo-alojamiento\">\n\t\t\t\t\t\t\t\t\tCa'n Sec by Rentallorca\t\t\t\t\t\t\t\t<\/H4>\n\t\t\t\t\t\t\t\t<p class=\"precio-alojamiento\">Desde <span class=\"precio\">271.32\u20ac<\/span> por noche<\/p>\n\t\t\t\t\t\t\t<\/div>\n\t\t\t\t\t\t<\/div>\n\t\t\t\t\t<\/a> \n\t\t\t\t\t\t\n\t\t\t\t\t<a href=\"https:\/\/rentallorca.com\/alquiler\/casa-soller-c0026-casa-sa-caseta-441575.html\" rel=\"nofollow\" style=\"width: 32%;\">\n\t\t\t\t\t\t<div class=\"apartamento-box\">\n\t\t\t\t\t\t\t<div class=\"imagen_recomendados\">\n\t\t\t\t\t\t\t\t<img decoding=\"async\" src=\"https:\/\/crs.avantio.com\/fotos\/2\/16915783817e0a0f23b4a1254274055d650c17d2fe\/big173435041641fd7086e7e831fc8725a3cad97314ec.jpg\" alt=\"Sa Caseta by Rentallorca\">\n\t\t\t\t\t\t\t<\/div>\n\t\t\t\t\t\t\t<div class=\"info\">\n\t\t\t\t\t\t\t\t<div class=\"ubicacion\">\n\t\t\t\t\t\t\t\t\t<i class=\"fa-solid fa-location-dot icono-mapa\"><\/i><span class=\"ubicacion-texto\">S\u00f3ller - Mallorca<\/span>\n\t\t\t\t\t\t\t\t<\/div>\n\t\t\t\t\t\t\t\t<H4 class=\"titulo-alojamiento\">\n\t\t\t\t\t\t\t\t\tSa Caseta by Rentallorca\t\t\t\t\t\t\t\t<\/H4>\n\t\t\t\t\t\t\t\t<p class=\"precio-alojamiento\">Desde <span class=\"precio\">142.50\u20ac<\/span> por noche<\/p>\n\t\t\t\t\t\t\t<\/div>\n\t\t\t\t\t\t<\/div>\n\t\t\t\t\t<\/a> \n\t\t\t\t\t\t\t\t<\/div>\n\t\t\t<\/div>\n\t\t\t\t\t\t<\/div>\n\t\t\t\t<\/div>\n\t\t\t\t<\/div>\n\t\t\t\t<\/div>\n\t\t\t\t\t<\/div>\n\t\t\t\t<\/div>\n\t\t<div class=\"elementor-element elementor-element-462ad83 e-flex e-con-boxed e-con e-parent\" data-id=\"462ad83\" data-element_type=\"container\" data-e-type=\"container\">\n\t\t\t\t\t<div class=\"e-con-inner\">\n\t\t<div class=\"elementor-element elementor-element-821c9ca e-con-full e-flex e-con e-child\" data-id=\"821c9ca\" data-element_type=\"container\" data-e-type=\"container\">\n\t\t<div class=\"elementor-element elementor-element-280f627 e-con-full e-flex e-con e-child\" data-id=\"280f627\" data-element_type=\"container\" data-e-type=\"container\">\n\t\t\t\t<div class=\"elementor-element elementor-element-8886243 elementor-widget elementor-widget-heading\" data-id=\"8886243\" data-element_type=\"widget\" data-e-type=\"widget\" data-widget_type=\"heading.default\">\n\t\t\t\t<div class=\"elementor-widget-container\">\n\t\t\t\t\t<h2 class=\"elementor-heading-title elementor-size-default\">En resumen \u00bfcu\u00e1l es la mejor zona de Mallorca para familias, parejas y playas?<\/h2>\t\t\t\t<\/div>\n\t\t\t\t<\/div>\n\t\t\t\t<\/div>\n\t\t<div class=\"elementor-element elementor-element-ae4d2d3 e-con-full e-flex e-con e-child\" data-id=\"ae4d2d3\" data-element_type=\"container\" data-e-type=\"container\">\n\t\t\t\t<div class=\"elementor-element elementor-element-043c704 elementor-widget elementor-widget-text-editor\" data-id=\"043c704\" data-element_type=\"widget\" data-e-type=\"widget\" data-widget_type=\"text-editor.default\">\n\t\t\t\t<div class=\"elementor-widget-container\">\n\t\t\t\t\t\t\t\t\t<p>Ya hemos explorado los mejores destinos de la isla y ahora es el momento de resumir qu\u00e9 pueblos y ciudades se adaptan a los distintos tipos de viajeros. \u00a1Encuentra la mejor zona para alojarte en Mallorca durante tus vacaciones y reserva con antelaci\u00f3n para conseguir los mejores precios!<\/p>\t\t\t\t\t\t\t\t<\/div>\n\t\t\t\t<\/div>\n\t\t\t\t<\/div>\n\t\t<div class=\"elementor-element elementor-element-17db057 e-con-full e-flex e-con e-child\" data-id=\"17db057\" data-element_type=\"container\" data-e-type=\"container\">\n\t\t\t\t<div class=\"elementor-element elementor-element-a2a4096 elementor-arrows-position-outside elementor--h-position-center elementor-widget elementor-widget-slides\" data-id=\"a2a4096\" data-element_type=\"widget\" data-e-type=\"widget\" data-settings=\"{&quot;navigation&quot;:&quot;arrows&quot;,&quot;autoplay&quot;:&quot;yes&quot;,&quot;pause_on_hover&quot;:&quot;yes&quot;,&quot;pause_on_interaction&quot;:&quot;yes&quot;,&quot;autoplay_speed&quot;:5000,&quot;infinite&quot;:&quot;yes&quot;,&quot;transition&quot;:&quot;slide&quot;,&quot;transition_speed&quot;:500}\" data-widget_type=\"slides.default\">\n\t\t\t\t<div class=\"elementor-widget-container\">\n\t\t\t\t\t\t\t\t\t<div class=\"elementor-swiper\">\n\t\t\t\t\t<div class=\"elementor-slides-wrapper elementor-main-swiper swiper\" role=\"region\" aria-roledescription=\"carousel\" aria-label=\"Slides\" dir=\"ltr\" data-animation=\"\">\n\t\t\t\t<div class=\"swiper-wrapper elementor-slides\">\n\t\t\t\t\t\t\t\t\t\t<div class=\"elementor-repeater-item-016784b swiper-slide\" role=\"group\" aria-roledescription=\"slide\"><div class=\"swiper-slide-bg\"><\/div><div class=\"swiper-slide-inner\" ><div class=\"swiper-slide-contents\"><div class=\"elementor-slide-heading\">\u00bfCu\u00e1l es la mejor zona para alojarse en Mallorca para familias?<\/div><div class=\"elementor-slide-description\"><p>Si viajas en familia, prueba estos destinos.<\/p>\n<ol>\n  <li>Petra<\/li>\n  <li>Cala Sant Vicen\u00e7\u200b<\/li>\n  <li>Son Serra de Marina\u200b<\/li>\n <li>S\u00f3ller<\/li>\n<\/ol>\n<\/div><\/div><\/div><\/div><div class=\"elementor-repeater-item-1391547 swiper-slide\" role=\"group\" aria-roledescription=\"slide\"><div class=\"swiper-slide-bg\"><\/div><div class=\"swiper-slide-inner\" ><div class=\"swiper-slide-contents\"><div class=\"elementor-slide-heading\">\u00bfCu\u00e1l es la mejor zona para alojarse en Mallorca para parejas?<\/div><div class=\"elementor-slide-description\"><p>Opta por estos destinos si viajas con tu ser querido.<\/p><ol>\n  <li>Alcudia<\/li>\n  <li>S\u00f3ller<\/li>\n  <li>Can Picafort<\/li>\n<\/ol><\/div><\/div><\/div><\/div><div class=\"elementor-repeater-item-7e2a6eb swiper-slide\" role=\"group\" aria-roledescription=\"slide\"><div class=\"swiper-slide-bg\"><\/div><div class=\"swiper-slide-inner\" ><div class=\"swiper-slide-contents\"><div class=\"elementor-slide-heading\">\u00bfCu\u00e1l es la mejor zona para alojarse en Mallorca para disfrutar de las playas?<\/div><div class=\"elementor-slide-description\"><p>\u00bfVas a visitar la isla en verano? Qu\u00e9date cerca de la playa y aprovecha el buen tiempo. <\/p>\n<ol>\n  <li>Puerto de Alcudia<\/li>\n  <li>Muro<\/li>\n  <li>Son Maci\u00e0<\/li>\n<\/ol><\/div><\/div><\/div><\/div>\t\t\t\t<\/div>\n\t\t\t\t\t\t\t\t\t\t\t\t\t\t\t<div class=\"elementor-swiper-button elementor-swiper-button-prev\" role=\"button\" tabindex=\"0\" aria-label=\"Previous slide\">\n\t\t\t\t\t\t\t<svg aria-hidden=\"true\" class=\"e-font-icon-svg e-eicon-chevron-left\" viewBox=\"0 0 1000 1000\" xmlns=\"http:\/\/www.w3.org\/2000\/svg\"><path d=\"M646 125C629 125 613 133 604 142L308 442C296 454 292 471 292 487 292 504 296 521 308 533L604 854C617 867 629 875 646 875 663 875 679 871 692 858 704 846 713 829 713 812 713 796 708 779 692 767L438 487 692 225C700 217 708 204 708 187 708 171 704 154 692 142 675 129 663 125 646 125Z\"><\/path><\/svg>\t\t\t\t\t\t<\/div>\n\t\t\t\t\t\t<div class=\"elementor-swiper-button elementor-swiper-button-next\" role=\"button\" tabindex=\"0\" aria-label=\"Next slide\">\n\t\t\t\t\t\t\t<svg aria-hidden=\"true\" class=\"e-font-icon-svg e-eicon-chevron-right\" viewBox=\"0 0 1000 1000\" xmlns=\"http:\/\/www.w3.org\/2000\/svg\"><path d=\"M696 533C708 521 713 504 713 487 713 471 708 454 696 446L400 146C388 133 375 125 354 125 338 125 325 129 313 142 300 154 292 171 292 187 292 204 296 221 308 233L563 492 304 771C292 783 288 800 288 817 288 833 296 850 308 863 321 871 338 875 354 875 371 875 388 867 400 854L696 533Z\"><\/path><\/svg>\t\t\t\t\t\t<\/div>\n\t\t\t\t\t\t\t\t\t\t\t\t\t\t\t\t\t<\/div>\n\t\t\t\t<\/div>\n\t\t\t\t\t\t\t\t<\/div>\n\t\t\t\t<\/div>\n\t\t\t\t<\/div>\n\t\t<div class=\"elementor-element elementor-element-f46b8c8 e-con-full elementor-hidden-tablet e-flex e-con e-child\" data-id=\"f46b8c8\" data-element_type=\"container\" data-e-type=\"container\">\n\t\t\t\t<div class=\"elementor-element elementor-element-5cc69e1 elementor-widget elementor-widget-gallery\" data-id=\"5cc69e1\" data-element_type=\"widget\" data-e-type=\"widget\" data-settings=\"{&quot;columns&quot;:2,&quot;gap&quot;:{&quot;unit&quot;:&quot;px&quot;,&quot;size&quot;:15,&quot;sizes&quot;:[]},&quot;aspect_ratio&quot;:&quot;4:3&quot;,&quot;lazyload&quot;:&quot;yes&quot;,&quot;gallery_layout&quot;:&quot;grid&quot;,&quot;columns_tablet&quot;:2,&quot;columns_mobile&quot;:1,&quot;gap_tablet&quot;:{&quot;unit&quot;:&quot;px&quot;,&quot;size&quot;:10,&quot;sizes&quot;:[]},&quot;gap_mobile&quot;:{&quot;unit&quot;:&quot;px&quot;,&quot;size&quot;:10,&quot;sizes&quot;:[]},&quot;link_to&quot;:&quot;file&quot;,&quot;overlay_background&quot;:&quot;yes&quot;,&quot;content_hover_animation&quot;:&quot;fade-in&quot;}\" data-widget_type=\"gallery.default\">\n\t\t\t\t<div class=\"elementor-widget-container\">\n\t\t\t\t\t\t\t<div class=\"elementor-gallery__container\">\n\t\t\t\t\t\t\t<a class=\"e-gallery-item elementor-gallery-item elementor-animated-content\" href=\"https:\/\/rentallorca.com\/blog\/wp-content\/uploads\/2025\/08\/rentallorca-mallorca-14.webp\" data-elementor-open-lightbox=\"yes\" data-elementor-lightbox-slideshow=\"5cc69e1\" data-elementor-lightbox-title=\"rentallorca-mallorca (14)\" data-e-action-hash=\"#elementor-action%3Aaction%3Dlightbox%26settings%3DeyJpZCI6MjM5MywidXJsIjoiaHR0cHM6XC9cL3JlbnRhbGxvcmNhLmNvbVwvYmxvZ1wvd3AtY29udGVudFwvdXBsb2Fkc1wvMjAyNVwvMDhcL3JlbnRhbGxvcmNhLW1hbGxvcmNhLTE0LndlYnAiLCJzbGlkZXNob3ciOiI1Y2M2OWUxIn0%3D\">\n\t\t\t\t\t<div class=\"e-gallery-image elementor-gallery-item__image\" data-thumbnail=\"https:\/\/rentallorca.com\/blog\/wp-content\/uploads\/2025\/08\/rentallorca-mallorca-14.webp\" data-width=\"1254\" data-height=\"836\" aria-label=\"\" role=\"img\" ><\/div>\n\t\t\t\t\t\t\t\t\t\t\t<div class=\"elementor-gallery-item__overlay\"><\/div>\n\t\t\t\t\t\t\t\t\t\t\t\t\t\t<\/a>\n\t\t\t\t\t\t\t<a class=\"e-gallery-item elementor-gallery-item elementor-animated-content\" href=\"https:\/\/rentallorca.com\/blog\/wp-content\/uploads\/2025\/08\/rentallorca-mallorca-10.webp\" data-elementor-open-lightbox=\"yes\" data-elementor-lightbox-slideshow=\"5cc69e1\" data-elementor-lightbox-title=\"rentallorca-mallorca (10)\" data-e-action-hash=\"#elementor-action%3Aaction%3Dlightbox%26settings%3DeyJpZCI6MjQwMiwidXJsIjoiaHR0cHM6XC9cL3JlbnRhbGxvcmNhLmNvbVwvYmxvZ1wvd3AtY29udGVudFwvdXBsb2Fkc1wvMjAyNVwvMDhcL3JlbnRhbGxvcmNhLW1hbGxvcmNhLTEwLndlYnAiLCJzbGlkZXNob3ciOiI1Y2M2OWUxIn0%3D\">\n\t\t\t\t\t<div class=\"e-gallery-image elementor-gallery-item__image\" data-thumbnail=\"https:\/\/rentallorca.com\/blog\/wp-content\/uploads\/2025\/08\/rentallorca-mallorca-10.webp\" data-width=\"1183\" data-height=\"887\" aria-label=\"\" role=\"img\" ><\/div>\n\t\t\t\t\t\t\t\t\t\t\t<div class=\"elementor-gallery-item__overlay\"><\/div>\n\t\t\t\t\t\t\t\t\t\t\t\t\t\t<\/a>\n\t\t\t\t\t\t\t<a class=\"e-gallery-item elementor-gallery-item elementor-animated-content\" href=\"https:\/\/rentallorca.com\/blog\/wp-content\/uploads\/2025\/08\/rentallorca-mallorca-2.webp\" data-elementor-open-lightbox=\"yes\" data-elementor-lightbox-slideshow=\"5cc69e1\" data-elementor-lightbox-title=\"rentallorca-mallorca (2)\" data-e-action-hash=\"#elementor-action%3Aaction%3Dlightbox%26settings%3DeyJpZCI6MjQxNywidXJsIjoiaHR0cHM6XC9cL3JlbnRhbGxvcmNhLmNvbVwvYmxvZ1wvd3AtY29udGVudFwvdXBsb2Fkc1wvMjAyNVwvMDhcL3JlbnRhbGxvcmNhLW1hbGxvcmNhLTIud2VicCIsInNsaWRlc2hvdyI6IjVjYzY5ZTEifQ%3D%3D\">\n\t\t\t\t\t<div class=\"e-gallery-image elementor-gallery-item__image\" data-thumbnail=\"https:\/\/rentallorca.com\/blog\/wp-content\/uploads\/2025\/08\/rentallorca-mallorca-2.webp\" data-width=\"1254\" data-height=\"836\" aria-label=\"\" role=\"img\" ><\/div>\n\t\t\t\t\t\t\t\t\t\t\t<div class=\"elementor-gallery-item__overlay\"><\/div>\n\t\t\t\t\t\t\t\t\t\t\t\t\t\t<\/a>\n\t\t\t\t\t\t\t<a class=\"e-gallery-item elementor-gallery-item elementor-animated-content\" href=\"https:\/\/rentallorca.com\/blog\/wp-content\/uploads\/2025\/08\/rentallorca-mallorca-16.webp\" data-elementor-open-lightbox=\"yes\" data-elementor-lightbox-slideshow=\"5cc69e1\" data-elementor-lightbox-title=\"rentallorca-mallorca (16)\" data-e-action-hash=\"#elementor-action%3Aaction%3Dlightbox%26settings%3DeyJpZCI6MjM4MSwidXJsIjoiaHR0cHM6XC9cL3JlbnRhbGxvcmNhLmNvbVwvYmxvZ1wvd3AtY29udGVudFwvdXBsb2Fkc1wvMjAyNVwvMDhcL3JlbnRhbGxvcmNhLW1hbGxvcmNhLTE2LndlYnAiLCJzbGlkZXNob3ciOiI1Y2M2OWUxIn0%3D\">\n\t\t\t\t\t<div class=\"e-gallery-image elementor-gallery-item__image\" data-thumbnail=\"https:\/\/rentallorca.com\/blog\/wp-content\/uploads\/2025\/08\/rentallorca-mallorca-16.webp\" data-width=\"1254\" data-height=\"836\" aria-label=\"\" role=\"img\" ><\/div>\n\t\t\t\t\t\t\t\t\t\t\t<div class=\"elementor-gallery-item__overlay\"><\/div>\n\t\t\t\t\t\t\t\t\t\t\t\t\t\t<\/a>\n\t\t\t\t\t<\/div>\n\t\t\t\t\t<\/div>\n\t\t\t\t<\/div>\n\t\t\t\t<\/div>\n\t\t\t\t<\/div>\n\t\t\t\t\t<\/div>\n\t\t\t\t<\/div>\n\t\t<div class=\"elementor-element elementor-element-865f0a5 e-flex e-con-boxed e-con e-parent\" data-id=\"865f0a5\" data-element_type=\"container\" data-e-type=\"container\">\n\t\t\t\t\t<div class=\"e-con-inner\">\n\t\t<div class=\"elementor-element elementor-element-f934422 e-con-full e-flex e-con e-child\" data-id=\"f934422\" data-element_type=\"container\" data-e-type=\"container\">\n\t\t<div class=\"elementor-element elementor-element-ae4f867 e-con-full e-flex e-con e-child\" data-id=\"ae4f867\" data-element_type=\"container\" data-e-type=\"container\">\n\t\t\t\t<div class=\"elementor-element elementor-element-c6cadd2 elementor-headline--style-rotate elementor-widget elementor-widget-animated-headline\" data-id=\"c6cadd2\" data-element_type=\"widget\" data-e-type=\"widget\" data-settings=\"{&quot;headline_style&quot;:&quot;rotate&quot;,&quot;animation_type&quot;:&quot;slide-down&quot;,&quot;rotating_text&quot;:&quot;Enero?\\nFebrero?\\nMarzo?\\nAbril?\\nMayo?\\nJunio?\\nJulio?\\nAgosto?\\nSeptiembre?\\nOctubre?\\nNoviembre?\\nDiciembre?&quot;,&quot;rotate_iteration_delay&quot;:1000,&quot;loop&quot;:&quot;yes&quot;}\" data-widget_type=\"animated-headline.default\">\n\t\t\t\t<div class=\"elementor-widget-container\">\n\t\t\t\t\t\t\t<h3 class=\"elementor-headline elementor-headline-animation-type-slide-down\">\n\t\t\t\t\t<span class=\"elementor-headline-plain-text elementor-headline-text-wrapper\">\u00bfC\u00f3mo es el tiempo en Mallorca durante<\/span>\n\t\t\t\t<span class=\"elementor-headline-dynamic-wrapper elementor-headline-text-wrapper\">\n\t\t\t\t\t<span class=\"elementor-headline-dynamic-text elementor-headline-text-active\">\n\t\t\t\tEnero?\t\t\t<\/span>\n\t\t\t\t\t<span class=\"elementor-headline-dynamic-text\">\n\t\t\t\tFebrero?\t\t\t<\/span>\n\t\t\t\t\t<span class=\"elementor-headline-dynamic-text\">\n\t\t\t\tMarzo?\t\t\t<\/span>\n\t\t\t\t\t<span class=\"elementor-headline-dynamic-text\">\n\t\t\t\tAbril?\t\t\t<\/span>\n\t\t\t\t\t<span class=\"elementor-headline-dynamic-text\">\n\t\t\t\tMayo?\t\t\t<\/span>\n\t\t\t\t\t<span class=\"elementor-headline-dynamic-text\">\n\t\t\t\tJunio?\t\t\t<\/span>\n\t\t\t\t\t<span class=\"elementor-headline-dynamic-text\">\n\t\t\t\tJulio?\t\t\t<\/span>\n\t\t\t\t\t<span class=\"elementor-headline-dynamic-text\">\n\t\t\t\tAgosto?\t\t\t<\/span>\n\t\t\t\t\t<span class=\"elementor-headline-dynamic-text\">\n\t\t\t\tSeptiembre?\t\t\t<\/span>\n\t\t\t\t\t<span class=\"elementor-headline-dynamic-text\">\n\t\t\t\tOctubre?\t\t\t<\/span>\n\t\t\t\t\t<span class=\"elementor-headline-dynamic-text\">\n\t\t\t\tNoviembre?\t\t\t<\/span>\n\t\t\t\t\t<span class=\"elementor-headline-dynamic-text\">\n\t\t\t\tDiciembre?\t\t\t<\/span>\n\t\t\t\t\t\t<\/span>\n\t\t\t\t<\/h3>\n\t\t\t\t\t\t<\/div>\n\t\t\t\t<\/div>\n\t\t\t\t<\/div>\n\t\t<div class=\"elementor-element elementor-element-45ceac5 e-con-full e-flex e-con e-child\" data-id=\"45ceac5\" data-element_type=\"container\" data-e-type=\"container\">\n\t\t\t\t<div class=\"elementor-element elementor-element-ac176e5 elementor-blockquote--skin-boxed elementor-blockquote--align-center elementor-widget elementor-widget-blockquote\" data-id=\"ac176e5\" data-element_type=\"widget\" data-e-type=\"widget\" data-widget_type=\"blockquote.default\">\n\t\t\t\t<div class=\"elementor-widget-container\">\n\t\t\t\t\t\t\t<blockquote class=\"elementor-blockquote\">\n\t\t\t<p class=\"elementor-blockquote__content\">\n\t\t\t\t10\u00baC\t\t\t<\/p>\n\t\t\t\t\t\t\t<div class=\"e-q-footer\">\n\t\t\t\t\t\t\t\t\t\t\t<cite class=\"elementor-blockquote__author\">Enero<\/cite>\n\t\t\t\t\t\t\t\t\t\t\t\t\t\t<\/div>\n\t\t\t\t\t<\/blockquote>\n\t\t\t\t\t\t<\/div>\n\t\t\t\t<\/div>\n\t\t\t\t<\/div>\n\t\t<div class=\"elementor-element elementor-element-e481761 e-con-full e-flex e-con e-child\" data-id=\"e481761\" data-element_type=\"container\" data-e-type=\"container\">\n\t\t\t\t<div class=\"elementor-element elementor-element-d1f5813 elementor-blockquote--skin-boxed elementor-blockquote--align-center elementor-widget elementor-widget-blockquote\" data-id=\"d1f5813\" data-element_type=\"widget\" data-e-type=\"widget\" data-widget_type=\"blockquote.default\">\n\t\t\t\t<div class=\"elementor-widget-container\">\n\t\t\t\t\t\t\t<blockquote class=\"elementor-blockquote\">\n\t\t\t<p class=\"elementor-blockquote__content\">\n\t\t\t\t11\u00baC\t\t\t<\/p>\n\t\t\t\t\t\t\t<div class=\"e-q-footer\">\n\t\t\t\t\t\t\t\t\t\t\t<cite class=\"elementor-blockquote__author\">Febrero<\/cite>\n\t\t\t\t\t\t\t\t\t\t\t\t\t\t<\/div>\n\t\t\t\t\t<\/blockquote>\n\t\t\t\t\t\t<\/div>\n\t\t\t\t<\/div>\n\t\t\t\t<\/div>\n\t\t<div class=\"elementor-element elementor-element-d41709c e-con-full e-flex e-con e-child\" data-id=\"d41709c\" data-element_type=\"container\" data-e-type=\"container\">\n\t\t\t\t<div class=\"elementor-element elementor-element-bb89ff7 elementor-blockquote--skin-boxed elementor-blockquote--align-center elementor-widget elementor-widget-blockquote\" data-id=\"bb89ff7\" data-element_type=\"widget\" data-e-type=\"widget\" data-widget_type=\"blockquote.default\">\n\t\t\t\t<div class=\"elementor-widget-container\">\n\t\t\t\t\t\t\t<blockquote class=\"elementor-blockquote\">\n\t\t\t<p class=\"elementor-blockquote__content\">\n\t\t\t\t13\u00baC\t\t\t<\/p>\n\t\t\t\t\t\t\t<div class=\"e-q-footer\">\n\t\t\t\t\t\t\t\t\t\t\t<cite class=\"elementor-blockquote__author\">Marzo<\/cite>\n\t\t\t\t\t\t\t\t\t\t\t\t\t\t<\/div>\n\t\t\t\t\t<\/blockquote>\n\t\t\t\t\t\t<\/div>\n\t\t\t\t<\/div>\n\t\t\t\t<\/div>\n\t\t<div class=\"elementor-element elementor-element-53f2387 e-con-full e-flex e-con e-child\" data-id=\"53f2387\" data-element_type=\"container\" data-e-type=\"container\">\n\t\t\t\t<div class=\"elementor-element elementor-element-6bcd730 elementor-blockquote--skin-boxed elementor-blockquote--align-center elementor-widget elementor-widget-blockquote\" data-id=\"6bcd730\" data-element_type=\"widget\" data-e-type=\"widget\" data-widget_type=\"blockquote.default\">\n\t\t\t\t<div class=\"elementor-widget-container\">\n\t\t\t\t\t\t\t<blockquote class=\"elementor-blockquote\">\n\t\t\t<p class=\"elementor-blockquote__content\">\n\t\t\t\t15\u00baC\t\t\t<\/p>\n\t\t\t\t\t\t\t<div class=\"e-q-footer\">\n\t\t\t\t\t\t\t\t\t\t\t<cite class=\"elementor-blockquote__author\">Abril<\/cite>\n\t\t\t\t\t\t\t\t\t\t\t\t\t\t<\/div>\n\t\t\t\t\t<\/blockquote>\n\t\t\t\t\t\t<\/div>\n\t\t\t\t<\/div>\n\t\t\t\t<\/div>\n\t\t<div class=\"elementor-element elementor-element-6e2b5ea e-con-full e-flex e-con e-child\" data-id=\"6e2b5ea\" data-element_type=\"container\" data-e-type=\"container\">\n\t\t\t\t<div class=\"elementor-element elementor-element-cb95dd9 elementor-blockquote--skin-boxed elementor-blockquote--align-center elementor-widget elementor-widget-blockquote\" data-id=\"cb95dd9\" data-element_type=\"widget\" data-e-type=\"widget\" data-widget_type=\"blockquote.default\">\n\t\t\t\t<div class=\"elementor-widget-container\">\n\t\t\t\t\t\t\t<blockquote class=\"elementor-blockquote\">\n\t\t\t<p class=\"elementor-blockquote__content\">\n\t\t\t\t18\u00baC\t\t\t<\/p>\n\t\t\t\t\t\t\t<div class=\"e-q-footer\">\n\t\t\t\t\t\t\t\t\t\t\t<cite class=\"elementor-blockquote__author\">Mayo<\/cite>\n\t\t\t\t\t\t\t\t\t\t\t\t\t\t<\/div>\n\t\t\t\t\t<\/blockquote>\n\t\t\t\t\t\t<\/div>\n\t\t\t\t<\/div>\n\t\t\t\t<\/div>\n\t\t<div class=\"elementor-element elementor-element-be61a63 e-con-full e-flex e-con e-child\" data-id=\"be61a63\" data-element_type=\"container\" data-e-type=\"container\">\n\t\t\t\t<div class=\"elementor-element elementor-element-ef252f3 elementor-blockquote--skin-boxed elementor-blockquote--align-center elementor-widget elementor-widget-blockquote\" data-id=\"ef252f3\" data-element_type=\"widget\" data-e-type=\"widget\" data-widget_type=\"blockquote.default\">\n\t\t\t\t<div class=\"elementor-widget-container\">\n\t\t\t\t\t\t\t<blockquote class=\"elementor-blockquote\">\n\t\t\t<p class=\"elementor-blockquote__content\">\n\t\t\t\t23\u00baC\t\t\t<\/p>\n\t\t\t\t\t\t\t<div class=\"e-q-footer\">\n\t\t\t\t\t\t\t\t\t\t\t<cite class=\"elementor-blockquote__author\">Junio<\/cite>\n\t\t\t\t\t\t\t\t\t\t\t\t\t\t<\/div>\n\t\t\t\t\t<\/blockquote>\n\t\t\t\t\t\t<\/div>\n\t\t\t\t<\/div>\n\t\t\t\t<\/div>\n\t\t<div class=\"elementor-element elementor-element-cfb53b3 e-con-full e-flex e-con e-child\" data-id=\"cfb53b3\" data-element_type=\"container\" data-e-type=\"container\">\n\t\t\t\t<div class=\"elementor-element elementor-element-a9d84b1 elementor-blockquote--skin-boxed elementor-blockquote--align-center elementor-widget elementor-widget-blockquote\" data-id=\"a9d84b1\" data-element_type=\"widget\" data-e-type=\"widget\" data-widget_type=\"blockquote.default\">\n\t\t\t\t<div class=\"elementor-widget-container\">\n\t\t\t\t\t\t\t<blockquote class=\"elementor-blockquote\">\n\t\t\t<p class=\"elementor-blockquote__content\">\n\t\t\t\t26\u00baC\t\t\t<\/p>\n\t\t\t\t\t\t\t<div class=\"e-q-footer\">\n\t\t\t\t\t\t\t\t\t\t\t<cite class=\"elementor-blockquote__author\">Julio<\/cite>\n\t\t\t\t\t\t\t\t\t\t\t\t\t\t<\/div>\n\t\t\t\t\t<\/blockquote>\n\t\t\t\t\t\t<\/div>\n\t\t\t\t<\/div>\n\t\t\t\t<\/div>\n\t\t<div class=\"elementor-element elementor-element-d9be137 e-con-full e-flex e-con e-child\" data-id=\"d9be137\" data-element_type=\"container\" data-e-type=\"container\">\n\t\t\t\t<div class=\"elementor-element elementor-element-e807673 elementor-blockquote--skin-boxed elementor-blockquote--align-center elementor-widget elementor-widget-blockquote\" data-id=\"e807673\" data-element_type=\"widget\" data-e-type=\"widget\" data-widget_type=\"blockquote.default\">\n\t\t\t\t<div class=\"elementor-widget-container\">\n\t\t\t\t\t\t\t<blockquote class=\"elementor-blockquote\">\n\t\t\t<p class=\"elementor-blockquote__content\">\n\t\t\t\t27\u00b0C\t\t\t<\/p>\n\t\t\t\t\t\t\t<div class=\"e-q-footer\">\n\t\t\t\t\t\t\t\t\t\t\t<cite class=\"elementor-blockquote__author\">Agosto<\/cite>\n\t\t\t\t\t\t\t\t\t\t\t\t\t\t<\/div>\n\t\t\t\t\t<\/blockquote>\n\t\t\t\t\t\t<\/div>\n\t\t\t\t<\/div>\n\t\t\t\t<\/div>\n\t\t<div class=\"elementor-element elementor-element-a66c3d2 e-con-full e-flex e-con e-child\" data-id=\"a66c3d2\" data-element_type=\"container\" data-e-type=\"container\">\n\t\t\t\t<div class=\"elementor-element elementor-element-1bfa2ca elementor-blockquote--skin-boxed elementor-blockquote--align-center elementor-widget elementor-widget-blockquote\" data-id=\"1bfa2ca\" data-element_type=\"widget\" data-e-type=\"widget\" data-widget_type=\"blockquote.default\">\n\t\t\t\t<div class=\"elementor-widget-container\">\n\t\t\t\t\t\t\t<blockquote class=\"elementor-blockquote\">\n\t\t\t<p class=\"elementor-blockquote__content\">\n\t\t\t\t24\u00b0C\t\t\t<\/p>\n\t\t\t\t\t\t\t<div class=\"e-q-footer\">\n\t\t\t\t\t\t\t\t\t\t\t<cite class=\"elementor-blockquote__author\">Septiembre<\/cite>\n\t\t\t\t\t\t\t\t\t\t\t\t\t\t<\/div>\n\t\t\t\t\t<\/blockquote>\n\t\t\t\t\t\t<\/div>\n\t\t\t\t<\/div>\n\t\t\t\t<\/div>\n\t\t<div class=\"elementor-element elementor-element-eea218a e-con-full e-flex e-con e-child\" data-id=\"eea218a\" data-element_type=\"container\" data-e-type=\"container\">\n\t\t\t\t<div class=\"elementor-element elementor-element-494fed7 elementor-blockquote--skin-boxed elementor-blockquote--align-center elementor-widget elementor-widget-blockquote\" data-id=\"494fed7\" data-element_type=\"widget\" data-e-type=\"widget\" data-widget_type=\"blockquote.default\">\n\t\t\t\t<div class=\"elementor-widget-container\">\n\t\t\t\t\t\t\t<blockquote class=\"elementor-blockquote\">\n\t\t\t<p class=\"elementor-blockquote__content\">\n\t\t\t\t20\u00b0C\t\t\t<\/p>\n\t\t\t\t\t\t\t<div class=\"e-q-footer\">\n\t\t\t\t\t\t\t\t\t\t\t<cite class=\"elementor-blockquote__author\">Octubre<\/cite>\n\t\t\t\t\t\t\t\t\t\t\t\t\t\t<\/div>\n\t\t\t\t\t<\/blockquote>\n\t\t\t\t\t\t<\/div>\n\t\t\t\t<\/div>\n\t\t\t\t<\/div>\n\t\t<div class=\"elementor-element elementor-element-3304a12 e-con-full e-flex e-con e-child\" data-id=\"3304a12\" data-element_type=\"container\" data-e-type=\"container\">\n\t\t\t\t<div class=\"elementor-element elementor-element-bcf05f8 elementor-blockquote--skin-boxed elementor-blockquote--align-center elementor-widget elementor-widget-blockquote\" data-id=\"bcf05f8\" data-element_type=\"widget\" data-e-type=\"widget\" data-widget_type=\"blockquote.default\">\n\t\t\t\t<div class=\"elementor-widget-container\">\n\t\t\t\t\t\t\t<blockquote class=\"elementor-blockquote\">\n\t\t\t<p class=\"elementor-blockquote__content\">\n\t\t\t\t15\u00b0C\t\t\t<\/p>\n\t\t\t\t\t\t\t<div class=\"e-q-footer\">\n\t\t\t\t\t\t\t\t\t\t\t<cite class=\"elementor-blockquote__author\">Noviembre<\/cite>\n\t\t\t\t\t\t\t\t\t\t\t\t\t\t<\/div>\n\t\t\t\t\t<\/blockquote>\n\t\t\t\t\t\t<\/div>\n\t\t\t\t<\/div>\n\t\t\t\t<\/div>\n\t\t<div class=\"elementor-element elementor-element-042dc71 e-con-full e-flex e-con e-child\" data-id=\"042dc71\" data-element_type=\"container\" data-e-type=\"container\">\n\t\t\t\t<div class=\"elementor-element elementor-element-5f4711c elementor-blockquote--skin-boxed elementor-blockquote--align-center elementor-widget elementor-widget-blockquote\" data-id=\"5f4711c\" data-element_type=\"widget\" data-e-type=\"widget\" data-widget_type=\"blockquote.default\">\n\t\t\t\t<div class=\"elementor-widget-container\">\n\t\t\t\t\t\t\t<blockquote class=\"elementor-blockquote\">\n\t\t\t<p class=\"elementor-blockquote__content\">\n\t\t\t\t12\u00b0C \t\t\t<\/p>\n\t\t\t\t\t\t\t<div class=\"e-q-footer\">\n\t\t\t\t\t\t\t\t\t\t\t<cite class=\"elementor-blockquote__author\">Diciembre<\/cite>\n\t\t\t\t\t\t\t\t\t\t\t\t\t\t<\/div>\n\t\t\t\t\t<\/blockquote>\n\t\t\t\t\t\t<\/div>\n\t\t\t\t<\/div>\n\t\t\t\t<\/div>\n\t\t\t\t<\/div>\n\t\t\t\t\t<\/div>\n\t\t\t\t<\/div>\n\t\t<div class=\"elementor-element elementor-element-11deec9 e-flex e-con-boxed e-con e-parent\" data-id=\"11deec9\" data-element_type=\"container\" data-e-type=\"container\">\n\t\t\t\t\t<div class=\"e-con-inner\">\n\t\t<div class=\"elementor-element elementor-element-18c1f76 e-con-full e-flex e-con e-child\" data-id=\"18c1f76\" data-element_type=\"container\" data-e-type=\"container\">\n\t\t<div class=\"elementor-element elementor-element-75902ba e-con-full e-flex e-con e-child\" data-id=\"75902ba\" data-element_type=\"container\" data-e-type=\"container\">\n\t\t\t\t<div class=\"elementor-element elementor-element-803633d elementor-widget elementor-widget-heading\" data-id=\"803633d\" data-element_type=\"widget\" data-e-type=\"widget\" data-widget_type=\"heading.default\">\n\t\t\t\t<div class=\"elementor-widget-container\">\n\t\t\t\t\t<h2 class=\"elementor-heading-title elementor-size-default\"><br><br><br><br>Respuestas \u00fatiles <p>\na <b>preguntas frecuentes<\/b><\/h2>\t\t\t\t<\/div>\n\t\t\t\t<\/div>\n\t\t\t\t<\/div>\n\t\t<div class=\"elementor-element elementor-element-91e990c e-con-full e-flex e-con e-child\" data-id=\"91e990c\" data-element_type=\"container\" data-e-type=\"container\">\n\t\t\t\t<div class=\"elementor-element elementor-element-3cb3845 elementor-widget elementor-widget-icon-box\" data-id=\"3cb3845\" data-element_type=\"widget\" data-e-type=\"widget\" data-widget_type=\"icon-box.default\">\n\t\t\t\t<div class=\"elementor-widget-container\">\n\t\t\t\t\t\t\t<div class=\"elementor-icon-box-wrapper\">\n\n\t\t\t\n\t\t\t\t\t\t<div class=\"elementor-icon-box-content\">\n\n\t\t\t\t\t\t\t\t\t<h3 class=\"elementor-icon-box-title\">\n\t\t\t\t\t\t<a href=\"https:\/\/rentallorca.com\/blog\/donde-alojarse-en-mallorca-en-pareja\/\" >\n\t\t\t\t\t\t\t\u00bfD\u00f3nde alojarse en Mallorca en pareja\u200b?\t\t\t\t\t\t<\/a>\n\t\t\t\t\t<\/h3>\n\t\t\t\t\n\t\t\t\t\t\t\t\t\t<p class=\"elementor-icon-box-description\">\n\t\t\t\t\t\t\u00bfEst\u00e1s pensando en una escapada rom\u00e1ntica a Mallorca? Descubre d\u00f3nde alojarse en Mallorca en pareja, las mejores \u00e9pocas para ir y las principales actividades para hacer juntos. \t\t\t\t\t<\/p>\n\t\t\t\t\n\t\t\t<\/div>\n\t\t\t\n\t\t<\/div>\n\t\t\t\t\t\t<\/div>\n\t\t\t\t<\/div>\n\t\t\t\t<\/div>\n\t\t<div class=\"elementor-element elementor-element-1909236 e-con-full e-flex e-con e-child\" data-id=\"1909236\" data-element_type=\"container\" data-e-type=\"container\">\n\t\t\t\t<div class=\"elementor-element elementor-element-a6a2650 elementor-widget elementor-widget-icon-box\" data-id=\"a6a2650\" data-element_type=\"widget\" data-e-type=\"widget\" data-widget_type=\"icon-box.default\">\n\t\t\t\t<div class=\"elementor-widget-container\">\n\t\t\t\t\t\t\t<div class=\"elementor-icon-box-wrapper\">\n\n\t\t\t\n\t\t\t\t\t\t<div class=\"elementor-icon-box-content\">\n\n\t\t\t\t\t\t\t\t\t<h3 class=\"elementor-icon-box-title\">\n\t\t\t\t\t\t<a href=\"https:\/\/rentallorca.com\/blog\/mejor-zona-para-alojarse-en-mallorca\/\" >\n\t\t\t\t\t\t\t\u00bfCu\u00e1l es la Mejor zona para alojarse en Mallorca\u200b?\t\t\t\t\t\t<\/a>\n\t\t\t\t\t<\/h3>\n\t\t\t\t\n\t\t\t\t\t\t\t\t\t<p class=\"elementor-icon-box-description\">\n\t\t\t\t\t\t Ya sea que prefieras un retiro r\u00fastico en el campo o un destino costero para disfrutar de actividades al aire libre, esta gu\u00eda te ayudar\u00e1 a encontrar la mejor zona para alojarse en Mallorca.\t\t\t\t\t<\/p>\n\t\t\t\t\n\t\t\t<\/div>\n\t\t\t\n\t\t<\/div>\n\t\t\t\t\t\t<\/div>\n\t\t\t\t<\/div>\n\t\t\t\t<\/div>\n\t\t\t\t<\/div>\n\t\t\t\t\t<\/div>\n\t\t\t\t<\/div>\n\t\t\t\t<\/div>\n\t\t","protected":false},"excerpt":{"rendered":"<p>la mejor zona de mallorca para familias\u200b Gu\u00eda definitiva para descubrir Mallorca con ni\u00f1os \u00bfEst\u00e1s planeando unas vacaciones familiares en Mallorca? En esta gu\u00eda descubrir\u00e1s la mejor zona de Mallorca para familias, las \u00e9pocas m\u00e1s recomendadas para visitar la isla y las actividades que grandes y peque\u00f1os podr\u00e1n disfrutar juntos. Un punto de partida sencillo [&hellip;]<\/p>\n","protected":false},"author":2,"featured_media":2372,"comment_status":"open","ping_status":"open","sticky":false,"template":"","format":"standard","meta":{"footnotes":""},"categories":[35],"tags":[],"class_list":["post-2371","post","type-post","status-publish","format-standard","has-post-thumbnail","hentry","category-guia"],"yoast_head":"<!-- This site is optimized with the Yoast SEO plugin v27.5 - https:\/\/yoast.com\/product\/yoast-seo-wordpress\/ -->\n<title>\u00bfCu\u00e1l es la mejor zona de Mallorca para familias\u200b? | Rentallorca<\/title>\n<meta name=\"description\" content=\"Conoce cu\u00e1l es la mejor zona de Mallorca para familias\u200b. Planifica un viaje con ni\u00f1os a Espa\u00f1a. \u00a1Explora y reserva la mejor zona!\" \/>\n<meta name=\"robots\" content=\"index, follow, max-snippet:-1, max-image-preview:large, max-video-preview:-1\" \/>\n<link rel=\"canonical\" href=\"https:\/\/rentallorca.com\/blog\/cual-es-la-mejor-zona-de-mallorca-para-familias\/\" \/>\n<meta property=\"og:locale\" content=\"es_ES\" \/>\n<meta property=\"og:type\" content=\"article\" \/>\n<meta property=\"og:title\" content=\"\u00bfCu\u00e1l es la mejor zona de Mallorca para familias\u200b? | Rentallorca\" \/>\n<meta property=\"og:description\" content=\"Conoce cu\u00e1l es la mejor zona de Mallorca para familias\u200b. Planifica un viaje con ni\u00f1os a Espa\u00f1a. \u00a1Explora y reserva la mejor zona!\" \/>\n<meta property=\"og:url\" content=\"https:\/\/rentallorca.com\/blog\/cual-es-la-mejor-zona-de-mallorca-para-familias\/\" \/>\n<meta property=\"og:site_name\" content=\"Blog\" \/>\n<meta property=\"article:published_time\" content=\"2025-08-14T09:00:59+00:00\" \/>\n<meta property=\"article:modified_time\" content=\"2025-08-25T12:51:03+00:00\" \/>\n<meta property=\"og:image\" content=\"https:\/\/rentallorca.com\/blog\/wp-content\/uploads\/2025\/08\/cual-es-la-mejor-zona-de-mallorca-para-familias_-1.webp\" \/>\n\t<meta property=\"og:image:width\" content=\"1920\" \/>\n\t<meta property=\"og:image:height\" content=\"400\" \/>\n\t<meta property=\"og:image:type\" content=\"image\/webp\" \/>\n<meta name=\"author\" content=\"digitalservices\" \/>\n<meta name=\"twitter:card\" content=\"summary_large_image\" \/>\n<meta name=\"twitter:label1\" content=\"Written by\" \/>\n\t<meta name=\"twitter:data1\" content=\"digitalservices\" \/>\n\t<meta name=\"twitter:label2\" content=\"Est. reading time\" \/>\n\t<meta name=\"twitter:data2\" content=\"17 minutes\" \/>\n<script type=\"application\/ld+json\" class=\"yoast-schema-graph\">{\"@context\":\"https:\\\/\\\/schema.org\",\"@graph\":[{\"@type\":\"Article\",\"@id\":\"https:\\\/\\\/rentallorca.com\\\/blog\\\/cual-es-la-mejor-zona-de-mallorca-para-familias\\\/#article\",\"isPartOf\":{\"@id\":\"https:\\\/\\\/rentallorca.com\\\/blog\\\/cual-es-la-mejor-zona-de-mallorca-para-familias\\\/\"},\"author\":{\"name\":\"digitalservices\",\"@id\":\"https:\\\/\\\/rentallorca.com\\\/blog\\\/#\\\/schema\\\/person\\\/52fc00dd86d9c81282a034a332134bc2\"},\"headline\":\"\u00bfCu\u00e1l es la mejor zona de Mallorca para familias\u200b?\",\"datePublished\":\"2025-08-14T09:00:59+00:00\",\"dateModified\":\"2025-08-25T12:51:03+00:00\",\"mainEntityOfPage\":{\"@id\":\"https:\\\/\\\/rentallorca.com\\\/blog\\\/cual-es-la-mejor-zona-de-mallorca-para-familias\\\/\"},\"wordCount\":2882,\"commentCount\":0,\"image\":{\"@id\":\"https:\\\/\\\/rentallorca.com\\\/blog\\\/cual-es-la-mejor-zona-de-mallorca-para-familias\\\/#primaryimage\"},\"thumbnailUrl\":\"https:\\\/\\\/rentallorca.com\\\/blog\\\/wp-content\\\/uploads\\\/2025\\\/08\\\/cual-es-la-mejor-zona-de-mallorca-para-familias_-1.webp\",\"articleSection\":[\"Gu\u00edas\"],\"inLanguage\":\"es\",\"potentialAction\":[{\"@type\":\"CommentAction\",\"name\":\"Comment\",\"target\":[\"https:\\\/\\\/rentallorca.com\\\/blog\\\/cual-es-la-mejor-zona-de-mallorca-para-familias\\\/#respond\"]}]},{\"@type\":\"WebPage\",\"@id\":\"https:\\\/\\\/rentallorca.com\\\/blog\\\/cual-es-la-mejor-zona-de-mallorca-para-familias\\\/\",\"url\":\"https:\\\/\\\/rentallorca.com\\\/blog\\\/cual-es-la-mejor-zona-de-mallorca-para-familias\\\/\",\"name\":\"\u00bfCu\u00e1l es la mejor zona de Mallorca para familias\u200b? | Rentallorca\",\"isPartOf\":{\"@id\":\"https:\\\/\\\/rentallorca.com\\\/blog\\\/#website\"},\"primaryImageOfPage\":{\"@id\":\"https:\\\/\\\/rentallorca.com\\\/blog\\\/cual-es-la-mejor-zona-de-mallorca-para-familias\\\/#primaryimage\"},\"image\":{\"@id\":\"https:\\\/\\\/rentallorca.com\\\/blog\\\/cual-es-la-mejor-zona-de-mallorca-para-familias\\\/#primaryimage\"},\"thumbnailUrl\":\"https:\\\/\\\/rentallorca.com\\\/blog\\\/wp-content\\\/uploads\\\/2025\\\/08\\\/cual-es-la-mejor-zona-de-mallorca-para-familias_-1.webp\",\"datePublished\":\"2025-08-14T09:00:59+00:00\",\"dateModified\":\"2025-08-25T12:51:03+00:00\",\"author\":{\"@id\":\"https:\\\/\\\/rentallorca.com\\\/blog\\\/#\\\/schema\\\/person\\\/52fc00dd86d9c81282a034a332134bc2\"},\"description\":\"Conoce cu\u00e1l es la mejor zona de Mallorca para familias\u200b. Planifica un viaje con ni\u00f1os a Espa\u00f1a. \u00a1Explora y reserva la mejor zona!\",\"breadcrumb\":{\"@id\":\"https:\\\/\\\/rentallorca.com\\\/blog\\\/cual-es-la-mejor-zona-de-mallorca-para-familias\\\/#breadcrumb\"},\"inLanguage\":\"es\",\"potentialAction\":[{\"@type\":\"ReadAction\",\"target\":[\"https:\\\/\\\/rentallorca.com\\\/blog\\\/cual-es-la-mejor-zona-de-mallorca-para-familias\\\/\"]}]},{\"@type\":\"ImageObject\",\"inLanguage\":\"es\",\"@id\":\"https:\\\/\\\/rentallorca.com\\\/blog\\\/cual-es-la-mejor-zona-de-mallorca-para-familias\\\/#primaryimage\",\"url\":\"https:\\\/\\\/rentallorca.com\\\/blog\\\/wp-content\\\/uploads\\\/2025\\\/08\\\/cual-es-la-mejor-zona-de-mallorca-para-familias_-1.webp\",\"contentUrl\":\"https:\\\/\\\/rentallorca.com\\\/blog\\\/wp-content\\\/uploads\\\/2025\\\/08\\\/cual-es-la-mejor-zona-de-mallorca-para-familias_-1.webp\",\"width\":1920,\"height\":400,\"caption\":\"la mejor zona de mallorca para familias\u200b\"},{\"@type\":\"BreadcrumbList\",\"@id\":\"https:\\\/\\\/rentallorca.com\\\/blog\\\/cual-es-la-mejor-zona-de-mallorca-para-familias\\\/#breadcrumb\",\"itemListElement\":[{\"@type\":\"ListItem\",\"position\":1,\"name\":\"Home\",\"item\":\"https:\\\/\\\/rentallorca.com\\\/blog\\\/\"},{\"@type\":\"ListItem\",\"position\":2,\"name\":\"\u00bfCu\u00e1l es la mejor zona de Mallorca para familias\u200b?\"}]},{\"@type\":\"WebSite\",\"@id\":\"https:\\\/\\\/rentallorca.com\\\/blog\\\/#website\",\"url\":\"https:\\\/\\\/rentallorca.com\\\/blog\\\/\",\"name\":\"Blog\",\"description\":\"Rentallorca\",\"potentialAction\":[{\"@type\":\"SearchAction\",\"target\":{\"@type\":\"EntryPoint\",\"urlTemplate\":\"https:\\\/\\\/rentallorca.com\\\/blog\\\/?s={search_term_string}\"},\"query-input\":{\"@type\":\"PropertyValueSpecification\",\"valueRequired\":true,\"valueName\":\"search_term_string\"}}],\"inLanguage\":\"es\"},{\"@type\":\"Person\",\"@id\":\"https:\\\/\\\/rentallorca.com\\\/blog\\\/#\\\/schema\\\/person\\\/52fc00dd86d9c81282a034a332134bc2\",\"name\":\"digitalservices\",\"image\":{\"@type\":\"ImageObject\",\"inLanguage\":\"es\",\"@id\":\"https:\\\/\\\/secure.gravatar.com\\\/avatar\\\/af30f88a1904294c1f3eb09a9d7903eec4ffa18fa2cf40c28a8681014ecdfc20?s=96&d=mm&r=g\",\"url\":\"https:\\\/\\\/secure.gravatar.com\\\/avatar\\\/af30f88a1904294c1f3eb09a9d7903eec4ffa18fa2cf40c28a8681014ecdfc20?s=96&d=mm&r=g\",\"contentUrl\":\"https:\\\/\\\/secure.gravatar.com\\\/avatar\\\/af30f88a1904294c1f3eb09a9d7903eec4ffa18fa2cf40c28a8681014ecdfc20?s=96&d=mm&r=g\",\"caption\":\"digitalservices\"},\"url\":\"https:\\\/\\\/rentallorca.com\\\/blog\\\/author\\\/digitalservices\\\/\"}]}<\/script>\n<!-- \/ Yoast SEO plugin. -->","yoast_head_json":{"title":"\u00bfCu\u00e1l es la mejor zona de Mallorca para familias\u200b? | Rentallorca","description":"Conoce cu\u00e1l es la mejor zona de Mallorca para familias\u200b. Planifica un viaje con ni\u00f1os a Espa\u00f1a. \u00a1Explora y reserva la mejor zona!","robots":{"index":"index","follow":"follow","max-snippet":"max-snippet:-1","max-image-preview":"max-image-preview:large","max-video-preview":"max-video-preview:-1"},"canonical":"https:\/\/rentallorca.com\/blog\/cual-es-la-mejor-zona-de-mallorca-para-familias\/","og_locale":"es_ES","og_type":"article","og_title":"\u00bfCu\u00e1l es la mejor zona de Mallorca para familias\u200b? | Rentallorca","og_description":"Conoce cu\u00e1l es la mejor zona de Mallorca para familias\u200b. Planifica un viaje con ni\u00f1os a Espa\u00f1a. \u00a1Explora y reserva la mejor zona!","og_url":"https:\/\/rentallorca.com\/blog\/cual-es-la-mejor-zona-de-mallorca-para-familias\/","og_site_name":"Blog","article_published_time":"2025-08-14T09:00:59+00:00","article_modified_time":"2025-08-25T12:51:03+00:00","og_image":[{"width":1920,"height":400,"url":"https:\/\/rentallorca.com\/blog\/wp-content\/uploads\/2025\/08\/cual-es-la-mejor-zona-de-mallorca-para-familias_-1.webp","type":"image\/webp"}],"author":"digitalservices","twitter_card":"summary_large_image","twitter_misc":{"Written by":"digitalservices","Est. reading time":"17 minutes"},"schema":{"@context":"https:\/\/schema.org","@graph":[{"@type":"Article","@id":"https:\/\/rentallorca.com\/blog\/cual-es-la-mejor-zona-de-mallorca-para-familias\/#article","isPartOf":{"@id":"https:\/\/rentallorca.com\/blog\/cual-es-la-mejor-zona-de-mallorca-para-familias\/"},"author":{"name":"digitalservices","@id":"https:\/\/rentallorca.com\/blog\/#\/schema\/person\/52fc00dd86d9c81282a034a332134bc2"},"headline":"\u00bfCu\u00e1l es la mejor zona de Mallorca para familias\u200b?","datePublished":"2025-08-14T09:00:59+00:00","dateModified":"2025-08-25T12:51:03+00:00","mainEntityOfPage":{"@id":"https:\/\/rentallorca.com\/blog\/cual-es-la-mejor-zona-de-mallorca-para-familias\/"},"wordCount":2882,"commentCount":0,"image":{"@id":"https:\/\/rentallorca.com\/blog\/cual-es-la-mejor-zona-de-mallorca-para-familias\/#primaryimage"},"thumbnailUrl":"https:\/\/rentallorca.com\/blog\/wp-content\/uploads\/2025\/08\/cual-es-la-mejor-zona-de-mallorca-para-familias_-1.webp","articleSection":["Gu\u00edas"],"inLanguage":"es","potentialAction":[{"@type":"CommentAction","name":"Comment","target":["https:\/\/rentallorca.com\/blog\/cual-es-la-mejor-zona-de-mallorca-para-familias\/#respond"]}]},{"@type":"WebPage","@id":"https:\/\/rentallorca.com\/blog\/cual-es-la-mejor-zona-de-mallorca-para-familias\/","url":"https:\/\/rentallorca.com\/blog\/cual-es-la-mejor-zona-de-mallorca-para-familias\/","name":"\u00bfCu\u00e1l es la mejor zona de Mallorca para familias\u200b? | Rentallorca","isPartOf":{"@id":"https:\/\/rentallorca.com\/blog\/#website"},"primaryImageOfPage":{"@id":"https:\/\/rentallorca.com\/blog\/cual-es-la-mejor-zona-de-mallorca-para-familias\/#primaryimage"},"image":{"@id":"https:\/\/rentallorca.com\/blog\/cual-es-la-mejor-zona-de-mallorca-para-familias\/#primaryimage"},"thumbnailUrl":"https:\/\/rentallorca.com\/blog\/wp-content\/uploads\/2025\/08\/cual-es-la-mejor-zona-de-mallorca-para-familias_-1.webp","datePublished":"2025-08-14T09:00:59+00:00","dateModified":"2025-08-25T12:51:03+00:00","author":{"@id":"https:\/\/rentallorca.com\/blog\/#\/schema\/person\/52fc00dd86d9c81282a034a332134bc2"},"description":"Conoce cu\u00e1l es la mejor zona de Mallorca para familias\u200b. Planifica un viaje con ni\u00f1os a Espa\u00f1a. \u00a1Explora y reserva la mejor zona!","breadcrumb":{"@id":"https:\/\/rentallorca.com\/blog\/cual-es-la-mejor-zona-de-mallorca-para-familias\/#breadcrumb"},"inLanguage":"es","potentialAction":[{"@type":"ReadAction","target":["https:\/\/rentallorca.com\/blog\/cual-es-la-mejor-zona-de-mallorca-para-familias\/"]}]},{"@type":"ImageObject","inLanguage":"es","@id":"https:\/\/rentallorca.com\/blog\/cual-es-la-mejor-zona-de-mallorca-para-familias\/#primaryimage","url":"https:\/\/rentallorca.com\/blog\/wp-content\/uploads\/2025\/08\/cual-es-la-mejor-zona-de-mallorca-para-familias_-1.webp","contentUrl":"https:\/\/rentallorca.com\/blog\/wp-content\/uploads\/2025\/08\/cual-es-la-mejor-zona-de-mallorca-para-familias_-1.webp","width":1920,"height":400,"caption":"la mejor zona de mallorca para familias\u200b"},{"@type":"BreadcrumbList","@id":"https:\/\/rentallorca.com\/blog\/cual-es-la-mejor-zona-de-mallorca-para-familias\/#breadcrumb","itemListElement":[{"@type":"ListItem","position":1,"name":"Home","item":"https:\/\/rentallorca.com\/blog\/"},{"@type":"ListItem","position":2,"name":"\u00bfCu\u00e1l es la mejor zona de Mallorca para familias\u200b?"}]},{"@type":"WebSite","@id":"https:\/\/rentallorca.com\/blog\/#website","url":"https:\/\/rentallorca.com\/blog\/","name":"Blog","description":"Rentallorca","potentialAction":[{"@type":"SearchAction","target":{"@type":"EntryPoint","urlTemplate":"https:\/\/rentallorca.com\/blog\/?s={search_term_string}"},"query-input":{"@type":"PropertyValueSpecification","valueRequired":true,"valueName":"search_term_string"}}],"inLanguage":"es"},{"@type":"Person","@id":"https:\/\/rentallorca.com\/blog\/#\/schema\/person\/52fc00dd86d9c81282a034a332134bc2","name":"digitalservices","image":{"@type":"ImageObject","inLanguage":"es","@id":"https:\/\/secure.gravatar.com\/avatar\/af30f88a1904294c1f3eb09a9d7903eec4ffa18fa2cf40c28a8681014ecdfc20?s=96&d=mm&r=g","url":"https:\/\/secure.gravatar.com\/avatar\/af30f88a1904294c1f3eb09a9d7903eec4ffa18fa2cf40c28a8681014ecdfc20?s=96&d=mm&r=g","contentUrl":"https:\/\/secure.gravatar.com\/avatar\/af30f88a1904294c1f3eb09a9d7903eec4ffa18fa2cf40c28a8681014ecdfc20?s=96&d=mm&r=g","caption":"digitalservices"},"url":"https:\/\/rentallorca.com\/blog\/author\/digitalservices\/"}]}},"_links":{"self":[{"href":"https:\/\/rentallorca.com\/blog\/wp-json\/wp\/v2\/posts\/2371","targetHints":{"allow":["GET"]}}],"collection":[{"href":"https:\/\/rentallorca.com\/blog\/wp-json\/wp\/v2\/posts"}],"about":[{"href":"https:\/\/rentallorca.com\/blog\/wp-json\/wp\/v2\/types\/post"}],"author":[{"embeddable":true,"href":"https:\/\/rentallorca.com\/blog\/wp-json\/wp\/v2\/users\/2"}],"replies":[{"embeddable":true,"href":"https:\/\/rentallorca.com\/blog\/wp-json\/wp\/v2\/comments?post=2371"}],"version-history":[{"count":16,"href":"https:\/\/rentallorca.com\/blog\/wp-json\/wp\/v2\/posts\/2371\/revisions"}],"predecessor-version":[{"id":2470,"href":"https:\/\/rentallorca.com\/blog\/wp-json\/wp\/v2\/posts\/2371\/revisions\/2470"}],"wp:featuredmedia":[{"embeddable":true,"href":"https:\/\/rentallorca.com\/blog\/wp-json\/wp\/v2\/media\/2372"}],"wp:attachment":[{"href":"https:\/\/rentallorca.com\/blog\/wp-json\/wp\/v2\/media?parent=2371"}],"wp:term":[{"taxonomy":"category","embeddable":true,"href":"https:\/\/rentallorca.com\/blog\/wp-json\/wp\/v2\/categories?post=2371"},{"taxonomy":"post_tag","embeddable":true,"href":"https:\/\/rentallorca.com\/blog\/wp-json\/wp\/v2\/tags?post=2371"}],"curies":[{"name":"wp","href":"https:\/\/api.w.org\/{rel}","templated":true}]}}