{"id":2007,"date":"2025-07-15T08:04:41","date_gmt":"2025-07-15T08:04:41","guid":{"rendered":"https:\/\/rentallorca.com\/blog\/?p=2007"},"modified":"2025-08-01T07:53:46","modified_gmt":"2025-08-01T07:53:46","slug":"mallorca-con-ninos","status":"publish","type":"post","link":"https:\/\/rentallorca.com\/blog\/mallorca-con-ninos\/","title":{"rendered":"\u00bfVas a viajar a Mallorca con ni\u00f1os? Esto es todo lo que tienes que saber\u00a0"},"content":{"rendered":"\t\t<div data-elementor-type=\"wp-post\" data-elementor-id=\"2007\" class=\"elementor elementor-2007\" data-elementor-post-type=\"post\">\n\t\t\t\t<div class=\"elementor-element elementor-element-2984883 e-flex e-con-boxed e-con e-parent\" data-id=\"2984883\" data-element_type=\"container\" data-e-type=\"container\">\n\t\t\t\t\t<div class=\"e-con-inner\">\n\t\t\t\t<div class=\"elementor-element elementor-element-75ccffed elementor-widget elementor-widget-text-editor\" data-id=\"75ccffed\" data-element_type=\"widget\" data-e-type=\"widget\" data-widget_type=\"text-editor.default\">\n\t\t\t\t<div class=\"elementor-widget-container\">\n\t\t\t\t\t\t\t\t\t<p><span style=\"font-weight: 400;\">Sabemos que te encanta pasar tiempo con tus hijos. Ver c\u00f3mo crecen y descubren el mundo que les rodea no tiene precio. Pero\u2026 tenemos que reconocer que hay momentos que se pueden complicar, y <\/span><b>uno de ellos son las vacaciones.<\/b><\/p><p><span style=\"font-weight: 400;\">Al final, encontrar un lugar que pueda mantener entretenidos tanto a ni\u00f1os como adultos es un reto. Por eso, en Rentallorca estamos seguros de que nuestra isla es la opci\u00f3n perfecta. A continuaci\u00f3n, <\/span><b>te contamos todo lo que debes saber si vas a viajar a Mallorca con ni\u00f1os. <\/b><span style=\"font-weight: 400;\">\u00a1Anota estas actividades y consejos para que se lo pasen en grande!<\/span><\/p>\t\t\t\t\t\t\t\t<\/div>\n\t\t\t\t<\/div>\n\t\t\t\t\t<\/div>\n\t\t\t\t<\/div>\n\t\t<div class=\"elementor-element elementor-element-194d9239 e-flex e-con-boxed e-con e-parent\" data-id=\"194d9239\" data-element_type=\"container\" data-e-type=\"container\">\n\t\t\t\t\t<div class=\"e-con-inner\">\n\t\t\t\t<div class=\"elementor-element elementor-element-5e5cc7d6 elementor-widget elementor-widget-table-of-contents\" data-id=\"5e5cc7d6\" data-element_type=\"widget\" data-e-type=\"widget\" data-settings=\"{&quot;headings_by_tags&quot;:[&quot;h2&quot;,&quot;h3&quot;],&quot;exclude_headings_by_selector&quot;:[],&quot;marker_view&quot;:&quot;bullets&quot;,&quot;icon&quot;:{&quot;value&quot;:&quot;&quot;,&quot;library&quot;:&quot;&quot;},&quot;no_headings_message&quot;:&quot;No headings were found on this page.&quot;,&quot;hierarchical_view&quot;:&quot;yes&quot;,&quot;min_height&quot;:{&quot;unit&quot;:&quot;px&quot;,&quot;size&quot;:&quot;&quot;,&quot;sizes&quot;:[]},&quot;min_height_tablet&quot;:{&quot;unit&quot;:&quot;px&quot;,&quot;size&quot;:&quot;&quot;,&quot;sizes&quot;:[]},&quot;min_height_mobile&quot;:{&quot;unit&quot;:&quot;px&quot;,&quot;size&quot;:&quot;&quot;,&quot;sizes&quot;:[]}}\" data-widget_type=\"table-of-contents.default\">\n\t\t\t\t<div class=\"elementor-widget-container\">\n\t\t\t\t\t\t\t\t\t<div class=\"elementor-toc__header\">\n\t\t\t\t\t\t<div class=\"elementor-toc__header-title\">\n\t\t\t\tContenidos\t\t\t<\/div>\n\t\t\t\t\t\t\t\t<\/div>\n\t\t\t\t<div id=\"elementor-toc__5e5cc7d6\" class=\"elementor-toc__body\">\n\t\t\t<div class=\"elementor-toc__spinner-container\">\n\t\t\t\t<svg class=\"elementor-toc__spinner eicon-animation-spin e-font-icon-svg e-eicon-loading\" aria-hidden=\"true\" viewBox=\"0 0 1000 1000\" xmlns=\"http:\/\/www.w3.org\/2000\/svg\"><path d=\"M500 975V858C696 858 858 696 858 500S696 142 500 142 142 304 142 500H25C25 237 238 25 500 25S975 237 975 500 763 975 500 975Z\"><\/path><\/svg>\t\t\t<\/div>\n\t\t<\/div>\n\t\t\t\t\t\t<\/div>\n\t\t\t\t<\/div>\n\t\t\t\t\t<\/div>\n\t\t\t\t<\/div>\n\t\t<div class=\"elementor-element elementor-element-615587f9 e-flex e-con-boxed e-con e-parent\" data-id=\"615587f9\" data-element_type=\"container\" data-e-type=\"container\">\n\t\t\t\t\t<div class=\"e-con-inner\">\n\t\t\t\t<div class=\"elementor-element elementor-element-da820b5 elementor-widget elementor-widget-heading\" data-id=\"da820b5\" data-element_type=\"widget\" data-e-type=\"widget\" data-widget_type=\"heading.default\">\n\t\t\t\t<div class=\"elementor-widget-container\">\n\t\t\t\t\t<h2 class=\"elementor-heading-title elementor-size-default\">\u00bfConoces ya todas estas actividades gratuitas para familias?\n<\/h2>\t\t\t\t<\/div>\n\t\t\t\t<\/div>\n\t\t\t\t<div class=\"elementor-element elementor-element-70258c0a elementor-widget elementor-widget-text-editor\" data-id=\"70258c0a\" data-element_type=\"widget\" data-e-type=\"widget\" data-widget_type=\"text-editor.default\">\n\t\t\t\t<div class=\"elementor-widget-container\">\n\t\t\t\t\t\t\t\t\t<p><span style=\"font-weight: 400;\">La <\/span><b>gran oferta cultural que te ofrece Mallorca<\/b><span style=\"font-weight: 400;\"> va desde la visita de castillos, pasando por explorar sus jardines, hasta la posibilidad de participar en ferias y mercados locales.<\/span><\/p><p><span style=\"font-weight: 400;\">La <\/span><b>visita al Castillo de Bellver en Palma<\/b><span style=\"font-weight: 400;\"> es una de las actividades culturales que tienes que hacer s\u00ed o s\u00ed para ir con los ni\u00f1os de la familia, ya que es gratuita para menores de 14 a\u00f1os y los domingos es gratis para todos. Una buena idea es combinar la visita con un picnic en uno de sus parques cercanos y dejar que las vistas de la zona hagan el resto.<\/span><\/p><p><span style=\"font-weight: 400;\">Otra de las ofertas culturales m\u00e1s especiales, es <\/span><b>explorar los jardines del Palacio de Marivent<\/b><span style=\"font-weight: 400;\">, perfectos si te gusta pasear y descubrir esculturas de Joan Mir\u00f3, que van a levantar la curiosidad hasta de los m\u00e1s peque\u00f1os. El acceso es totalmente gratis y es ideal si te apetece un plan diferente dentro de la oferta de la isla.<\/span><\/p><p><span style=\"font-weight: 400;\">Tambi\u00e9n puedes descubrir la <\/span><b>Finca p\u00fablica de Son Real en el norte<\/b><span style=\"font-weight: 400;\">, con senderos, animales y la Necr\u00f3polis talay\u00f3tica. Es una experiencia educativa, pero tambi\u00e9n muy entretenida para los peques, adem\u00e1s de tener entrada gratuita para ni\u00f1os de todas las edades.<\/span><\/p><p><span style=\"font-weight: 400;\">Por \u00faltimo, te puedes animar a participar en <\/span><b>ferias y mercados locales<\/b><span style=\"font-weight: 400;\"> en pueblos del centro y este de la isla. Aqu\u00ed los ni\u00f1os (y los adultos, claro) pueden acercarse a conocer los productos t\u00edpicos y tradicionales.<\/span><\/p>\t\t\t\t\t\t\t\t<\/div>\n\t\t\t\t<\/div>\n\t\t\t\t<div class=\"elementor-element elementor-element-f7d2ec4 elementor-widget elementor-widget-image\" data-id=\"f7d2ec4\" data-element_type=\"widget\" data-e-type=\"widget\" data-widget_type=\"image.default\">\n\t\t\t\t<div class=\"elementor-widget-container\">\n\t\t\t\t\t\t\t\t\t\t\t\t\t\t\t<img fetchpriority=\"high\" decoding=\"async\" width=\"1253\" height=\"626\" src=\"https:\/\/rentallorca.com\/blog\/wp-content\/uploads\/2025\/07\/visit-mallorca-family-kids.jpg\" class=\"attachment-full size-full wp-image-2015\" alt=\"\" srcset=\"https:\/\/rentallorca.com\/blog\/wp-content\/uploads\/2025\/07\/visit-mallorca-family-kids.jpg 1253w, https:\/\/rentallorca.com\/blog\/wp-content\/uploads\/2025\/07\/visit-mallorca-family-kids-300x150.jpg 300w, https:\/\/rentallorca.com\/blog\/wp-content\/uploads\/2025\/07\/visit-mallorca-family-kids-1024x512.jpg 1024w, https:\/\/rentallorca.com\/blog\/wp-content\/uploads\/2025\/07\/visit-mallorca-family-kids-768x384.jpg 768w\" sizes=\"(max-width: 1253px) 100vw, 1253px\" \/>\t\t\t\t\t\t\t\t\t\t\t\t\t\t\t<\/div>\n\t\t\t\t<\/div>\n\t\t\t\t\t<\/div>\n\t\t\t\t<\/div>\n\t\t<div class=\"elementor-element elementor-element-188e7e09 e-flex e-con-boxed e-con e-parent\" data-id=\"188e7e09\" data-element_type=\"container\" data-e-type=\"container\">\n\t\t\t\t\t<div class=\"e-con-inner\">\n\t\t\t\t<div class=\"elementor-element elementor-element-73e6c1f1 elementor-widget elementor-widget-heading\" data-id=\"73e6c1f1\" data-element_type=\"widget\" data-e-type=\"widget\" data-widget_type=\"heading.default\">\n\t\t\t\t<div class=\"elementor-widget-container\">\n\t\t\t\t\t<h2 class=\"elementor-heading-title elementor-size-default\">Visita estos parques y zonas de juego para que est\u00e9n entretenidos\n<\/h2>\t\t\t\t<\/div>\n\t\t\t\t<\/div>\n\t\t\t\t<div class=\"elementor-element elementor-element-71ffa5aa elementor-widget elementor-widget-text-editor\" data-id=\"71ffa5aa\" data-element_type=\"widget\" data-e-type=\"widget\" data-widget_type=\"text-editor.default\">\n\t\t\t\t<div class=\"elementor-widget-container\">\n\t\t\t\t\t\t\t\t\t<p><span style=\"font-weight: 400;\">En caso de que los ni\u00f1os se aburran, no hay por qu\u00e9 alarmarse, ya que Mallorca tiene tambi\u00e9n parques y<\/span><b> zonas de juego a la altura de los m\u00e1s valientes.<\/b><\/p><p><span style=\"font-weight: 400;\">Palma y los principales pueblos cuentan con <\/span><b>numerosos parques infantiles y zonas verdes<\/b><span style=\"font-weight: 400;\"> donde correr, jugar y, sobre todo, cansarse. El entorno del Castillo de Bellver y el Parc de la Mar en Palma son las zonas de juego m\u00e1s conocidas.<\/span><\/p><p><span style=\"font-weight: 400;\">Obviamente, muchos de los hoteles y resorts en Alc\u00fadia, Sa Coma y Cala Ratjada disponen tambi\u00e9n de <\/span><b>parques acu\u00e1ticos y \u00e1reas de juego privadas<\/b><span style=\"font-weight: 400;\"> para los ni\u00f1os. El Parque Natural de S&#8217;Albufera, cerca de Alc\u00fadia, ofrece <\/span><b>rutas sencillas en plena naturaleza<\/b><span style=\"font-weight: 400;\"> para poder observar aves y gozar con las vistas panor\u00e1micas de la zona.<\/span><\/p>\t\t\t\t\t\t\t\t<\/div>\n\t\t\t\t<\/div>\n\t\t\t\t\t<\/div>\n\t\t\t\t<\/div>\n\t\t<div class=\"elementor-element elementor-element-455e0d1 e-flex e-con-boxed e-con e-parent\" data-id=\"455e0d1\" data-element_type=\"container\" data-e-type=\"container\">\n\t\t\t\t\t<div class=\"e-con-inner\">\n\t\t\t\t<div class=\"elementor-element elementor-element-48eb157 elementor-widget elementor-widget-heading\" data-id=\"48eb157\" data-element_type=\"widget\" data-e-type=\"widget\" data-widget_type=\"heading.default\">\n\t\t\t\t<div class=\"elementor-widget-container\">\n\t\t\t\t\t<h2 class=\"elementor-heading-title elementor-size-default\">Estos son los mejores museos y centros educativos de la isla\n<\/h2>\t\t\t\t<\/div>\n\t\t\t\t<\/div>\n\t\t\t\t<div class=\"elementor-element elementor-element-6d81dec elementor-widget elementor-widget-text-editor\" data-id=\"6d81dec\" data-element_type=\"widget\" data-e-type=\"widget\" data-widget_type=\"text-editor.default\">\n\t\t\t\t<div class=\"elementor-widget-container\">\n\t\t\t\t\t\t\t\t\t<p><span style=\"font-weight: 400;\">M\u00e1s all\u00e1 de juegos, ferias y actividades para todos los gustos,<\/span><b> ir con ni\u00f1os tambi\u00e9n es una gran oportunidad para darle un espacio a la cultura.<\/b><span style=\"font-weight: 400;\"> En Mallorca tienes oferta de sobra en este \u00e1mbito:<\/span><\/p><p><b>CaixaForum Palma<\/b><span style=\"font-weight: 400;\"> organiza talleres, espect\u00e1culos y todo tipo de actividades educativas para ni\u00f1os y familias, incluyendo tambi\u00e9n visitas guiadas a exposiciones adaptadas a los m\u00e1s peque\u00f1os. Tambi\u00e9n, el <\/span><b>Museo de Arte Espa\u00f1ol Contempor\u00e1neo<\/b><span style=\"font-weight: 400;\"> y la <\/span><b>Fundaci\u00f3n Joan March<\/b><span style=\"font-weight: 400;\"> son de entrada gratuita y te traen propuestas culturales pensadas para toda la familia.<\/span><\/p><p><span style=\"font-weight: 400;\">Por otro lado, en el centro y el este de la isla, tienes las <\/span><b>Cuevas del Drach<\/b><span style=\"font-weight: 400;\"> y las <\/span><b>Cuevas dels Hams<\/b><span style=\"font-weight: 400;\"> que ser\u00e1n una experiencia inolvidable para ellos, ya que aprender\u00e1n conceptos b\u00e1sicos de geolog\u00eda e historia de la zona, todo aderezado con espect\u00e1culos de luz y sonido. Suena bien, \u00bfno?<\/span><\/p>\t\t\t\t\t\t\t\t<\/div>\n\t\t\t\t<\/div>\n\t\t\t\t<div class=\"elementor-element elementor-element-5d1dd6f elementor-widget elementor-widget-image\" data-id=\"5d1dd6f\" data-element_type=\"widget\" data-e-type=\"widget\" data-widget_type=\"image.default\">\n\t\t\t\t<div class=\"elementor-widget-container\">\n\t\t\t\t\t\t\t\t\t\t\t\t\t\t\t<img decoding=\"async\" width=\"1254\" height=\"627\" src=\"https:\/\/rentallorca.com\/blog\/wp-content\/uploads\/2025\/07\/Cuevas-del-Drach.jpg\" class=\"attachment-full size-full wp-image-2021\" alt=\"\" srcset=\"https:\/\/rentallorca.com\/blog\/wp-content\/uploads\/2025\/07\/Cuevas-del-Drach.jpg 1254w, https:\/\/rentallorca.com\/blog\/wp-content\/uploads\/2025\/07\/Cuevas-del-Drach-300x150.jpg 300w, https:\/\/rentallorca.com\/blog\/wp-content\/uploads\/2025\/07\/Cuevas-del-Drach-1024x512.jpg 1024w, https:\/\/rentallorca.com\/blog\/wp-content\/uploads\/2025\/07\/Cuevas-del-Drach-768x384.jpg 768w\" sizes=\"(max-width: 1254px) 100vw, 1254px\" \/>\t\t\t\t\t\t\t\t\t\t\t\t\t\t\t<\/div>\n\t\t\t\t<\/div>\n\t\t\t\t\t<\/div>\n\t\t\t\t<\/div>\n\t\t<div class=\"elementor-element elementor-element-dfa3a7a e-flex e-con-boxed e-con e-parent\" data-id=\"dfa3a7a\" data-element_type=\"container\" data-e-type=\"container\">\n\t\t\t\t\t<div class=\"e-con-inner\">\n\t\t\t\t<div class=\"elementor-element elementor-element-44b3d3f elementor-widget elementor-widget-heading\" data-id=\"44b3d3f\" data-element_type=\"widget\" data-e-type=\"widget\" data-widget_type=\"heading.default\">\n\t\t\t\t<div class=\"elementor-widget-container\">\n\t\t\t\t\t<h2 class=\"elementor-heading-title elementor-size-default\">No dejes de visitar estas playas adaptadas para ni\u00f1os\n<\/h2>\t\t\t\t<\/div>\n\t\t\t\t<\/div>\n\t\t\t\t<div class=\"elementor-element elementor-element-2f0de56 elementor-widget elementor-widget-text-editor\" data-id=\"2f0de56\" data-element_type=\"widget\" data-e-type=\"widget\" data-widget_type=\"text-editor.default\">\n\t\t\t\t<div class=\"elementor-widget-container\">\n\t\t\t\t\t\t\t\t\t<p><span style=\"font-weight: 400;\">En el caso de que te preocupe la seguridad de los ni\u00f1os en las playas, <\/span><b>no tienes por qu\u00e9 tener miedo,<\/b><span style=\"font-weight: 400;\"> ya que existen diversas zonas adaptadas para ellos que garantizan su diversi\u00f3n sin pasar apuros.<\/span><\/p><p><span style=\"font-weight: 400;\">La <\/span><b>Playa de Muro y Alc\u00fadia<\/b><span style=\"font-weight: 400;\">, situadas en el norte, son dos de las playas m\u00e1s recomendadas para las familias que viajan con ni\u00f1os. Ambas destacan por su extensi\u00f3n de arena fina y dorada, sus aguas poco profundas y tranquilas para la seguridad de los m\u00e1s peque\u00f1os. Cuentan con una amplia gama de servicios y la presencia de socorristas y zonas de sombra, eso s\u00ed, \u00a1no te olvides de la crema solar!<\/span><\/p><p><span style=\"font-weight: 400;\">En la costa este, se encuentran la <\/span><b>Cala Millor<\/b><span style=\"font-weight: 400;\"> y <\/span><b>Sa Coma<\/b><span style=\"font-weight: 400;\">, playas apreciadas por su ambiente familiar y un entorno seguro para los ni\u00f1os. Las dos ofrecen arena fina, perfecta para construir castillos, y aguas transparentes. Cerca podr\u00e1s encontrar parques infantiles y zonas de juego, as\u00ed como paseos mar\u00edtimos y helader\u00edas para tener un d\u00eda perfecto.<\/span><\/p><p><span style=\"font-weight: 400;\">Una de las playas m\u00e1s bonitas de Mallorca es <\/span><b>Es Trenc<\/b><span style=\"font-weight: 400;\">, famosa por su entorno natural y un ambiente muy relajado. Cuenta con arena blanca y aguas turquesas que te transportan a las playas caribe\u00f1as, y una suave pendiente que hace que sea segura para familias con ni\u00f1os. Dispone de aseos y chiringuitos, y su car\u00e1cter virgen te invita a disfrutar de la naturaleza y la tranquilidad en familia.<\/span><\/p>\t\t\t\t\t\t\t\t<\/div>\n\t\t\t\t<\/div>\n\t\t\t\t<div class=\"elementor-element elementor-element-3644d2c elementor-widget elementor-widget-image\" data-id=\"3644d2c\" data-element_type=\"widget\" data-e-type=\"widget\" data-widget_type=\"image.default\">\n\t\t\t\t<div class=\"elementor-widget-container\">\n\t\t\t\t\t\t\t\t\t\t\t\t\t\t\t<img decoding=\"async\" width=\"1254\" height=\"626\" src=\"https:\/\/rentallorca.com\/blog\/wp-content\/uploads\/2025\/07\/mallorca-ninos-playa.jpg\" class=\"attachment-full size-full wp-image-2018\" alt=\"\" srcset=\"https:\/\/rentallorca.com\/blog\/wp-content\/uploads\/2025\/07\/mallorca-ninos-playa.jpg 1254w, https:\/\/rentallorca.com\/blog\/wp-content\/uploads\/2025\/07\/mallorca-ninos-playa-300x150.jpg 300w, https:\/\/rentallorca.com\/blog\/wp-content\/uploads\/2025\/07\/mallorca-ninos-playa-1024x511.jpg 1024w, https:\/\/rentallorca.com\/blog\/wp-content\/uploads\/2025\/07\/mallorca-ninos-playa-768x383.jpg 768w\" sizes=\"(max-width: 1254px) 100vw, 1254px\" \/>\t\t\t\t\t\t\t\t\t\t\t\t\t\t\t<\/div>\n\t\t\t\t<\/div>\n\t\t\t\t\t<\/div>\n\t\t\t\t<\/div>\n\t\t<div class=\"elementor-element elementor-element-f64013a e-flex e-con-boxed e-con e-parent\" data-id=\"f64013a\" data-element_type=\"container\" data-e-type=\"container\">\n\t\t\t\t\t<div class=\"e-con-inner\">\n\t\t\t\t<div class=\"elementor-element elementor-element-d320b65 elementor-widget elementor-widget-heading\" data-id=\"d320b65\" data-element_type=\"widget\" data-e-type=\"widget\" data-widget_type=\"heading.default\">\n\t\t\t\t<div class=\"elementor-widget-container\">\n\t\t\t\t\t<h2 class=\"elementor-heading-title elementor-size-default\">Anota estos consejos para viajar con ni\u00f1os\n<\/h2>\t\t\t\t<\/div>\n\t\t\t\t<\/div>\n\t\t\t\t<div class=\"elementor-element elementor-element-b7d4412 elementor-widget elementor-widget-text-editor\" data-id=\"b7d4412\" data-element_type=\"widget\" data-e-type=\"widget\" data-widget_type=\"text-editor.default\">\n\t\t\t\t<div class=\"elementor-widget-container\">\n\t\t\t\t\t\t\t\t\t<p><span style=\"font-weight: 400;\">A la hora de viajar a Mallorca con ni\u00f1os, te recomendamos escoger <\/span><b>alojamientos familiares que est\u00e9n situados en zonas tranquilas<\/b><span style=\"font-weight: 400;\"> y bien comunicadas, como Alc\u00fadia, Sa Coma, Portocolom o Cala Ratjada. Estos parajes son sencillos de acceder, y cuentan con supermercados y servicios m\u00e9dicos, que te ayudar\u00e1n a estar tranquilo durante tu estancia.<\/span><\/p><p><span style=\"font-weight: 400;\">Otro consejo es no olvidarte de la <\/span><b>crema solar<\/b><span style=\"font-weight: 400;\">, poner a los ni\u00f1os una gorra y beber suficiente agua, ya que el sol mallorqu\u00edn es muy intenso en verano y no querr\u00e1s una insolaci\u00f3n, sino disfrutar de todas las actividades al aire libre.<\/span><\/p><p><span style=\"font-weight: 400;\">Aprovecha toda la oferta cultural visitando los <\/span><b>mercados y ferias locales<\/b><span style=\"font-weight: 400;\">, donde los m\u00e1s peque\u00f1os descubrir\u00e1n la cultura mallorquina de primera mano. Podr\u00e1s probar tambi\u00e9n los productos tradicionales que es una excelente ocasi\u00f3n para integrarse en la vida local y fomentar la curiosidad de los m\u00e1s peque\u00f1os.<\/span><\/p><p><span style=\"font-weight: 400;\">Por \u00faltimo, no dejes de disfrutar de todo lo que ofrece Mallorca, por lo que te recomendamos alternar los d\u00edas de playa con <\/span><b>actividades en la naturaleza<\/b><span style=\"font-weight: 400;\">, como rutas o paseos en bici. As\u00ed, podr\u00e1s compartir momentos \u00fanicos un poco m\u00e1s lejos de todo el bullicio.<\/span><\/p>\t\t\t\t\t\t\t\t<\/div>\n\t\t\t\t<\/div>\n\t\t\t\t\t<\/div>\n\t\t\t\t<\/div>\n\t\t<div class=\"elementor-element elementor-element-432f685 e-flex e-con-boxed e-con e-parent\" data-id=\"432f685\" data-element_type=\"container\" data-e-type=\"container\">\n\t\t\t\t\t<div class=\"e-con-inner\">\n\t\t\t\t<div class=\"elementor-element elementor-element-0f8dd92 elementor-widget elementor-widget-heading\" data-id=\"0f8dd92\" data-element_type=\"widget\" data-e-type=\"widget\" data-widget_type=\"heading.default\">\n\t\t\t\t<div class=\"elementor-widget-container\">\n\t\t\t\t\t<h2 class=\"elementor-heading-title elementor-size-default\">Disfruta Mallorca en familia con el mejor alojamiento\n<\/h2>\t\t\t\t<\/div>\n\t\t\t\t<\/div>\n\t\t\t\t<div class=\"elementor-element elementor-element-272e86d elementor-widget elementor-widget-text-editor\" data-id=\"272e86d\" data-element_type=\"widget\" data-e-type=\"widget\" data-widget_type=\"text-editor.default\">\n\t\t\t\t<div class=\"elementor-widget-container\">\n\t\t\t\t\t\t\t\t\t<p><span style=\"font-weight: 400;\">A estas alturas, seguro que ya te habr\u00e1s dado cuenta de que Mallorca es<\/span><b> mucho m\u00e1s que sol y playa<\/b><span style=\"font-weight: 400;\">. Es una isla llena de cultura, naturaleza y una gran oferta de actividades. No importa el plan que elijas, ya tengas un d\u00eda de playa, un d\u00eda en la naturaleza o acudas a uno de sus mercados, la isla te dar\u00e1 una buena dosis de diversi\u00f3n para toda la familia.<\/span><\/p><p><span style=\"font-weight: 400;\">Para no perderte las mejores vacaciones con los m\u00e1s peque\u00f1os, <\/span><b>te animamos a reservar ya tu alojamiento con Rentallorca,<\/b><span style=\"font-weight: 400;\"> Contacta con nosotros para descubrir toda nuestra oferta de apartamentos en la zona.<\/span><\/p>\t\t\t\t\t\t\t\t<\/div>\n\t\t\t\t<\/div>\n\t\t\t\t\t<\/div>\n\t\t\t\t<\/div>\n\t\t<div class=\"elementor-element elementor-element-2f5419a1 e-flex e-con-boxed e-con e-parent\" data-id=\"2f5419a1\" data-element_type=\"container\" data-e-type=\"container\">\n\t\t\t\t\t<div class=\"e-con-inner\">\n\t\t\t\t<div class=\"elementor-element elementor-element-dd7a537 elementor-widget__width-initial elementor-widget elementor-widget-grid\" data-id=\"dd7a537\" data-element_type=\"widget\" data-e-type=\"widget\" data-widget_type=\"grid.default\">\n\t\t\t\t<div class=\"elementor-widget-container\">\n\t\t\t\t\t\t\t<div class=\"its--row alojamientos-recomendados\">\n\n\t\t\t<div class=\"alojamientos-recomendados-container\">\n\n\t\t\t\t\t\n\t\t\t\t\t<a href=\"https:\/\/rentallorca.com\/alquiler\/villa-son-serra-de-marina-son-serra-relax-2-by-home-villas-360-376207.html\" rel=\"nofollow\" style=\"width: 32%;\">\n\t\t\t\t\t\t<div class=\"apartamento-box\">\n\t\t\t\t\t\t\t<div class=\"imagen_recomendados\">\n\t\t\t\t\t\t\t\t<img decoding=\"async\" src=\"https:\/\/crs.avantio.com\/fotos\/2\/1641977547dcf70f45f7ec3e3ad825855909299159\/big1700214503cb14259c69803ad209aaab0ed1489aef.jpg\" alt=\"Apartment Son Serra Relax 2 By home villas 360\">\n\t\t\t\t\t\t\t<\/div>\n\t\t\t\t\t\t\t<div class=\"info\">\n\t\t\t\t\t\t\t\t<div class=\"ubicacion\">\n\t\t\t\t\t\t\t\t\t<i class=\"fa-solid fa-location-dot icono-mapa\"><\/i><span class=\"ubicacion-texto\">Son Serra de Marina - Mallorca<\/span>\n\t\t\t\t\t\t\t\t<\/div>\n\t\t\t\t\t\t\t\t<H4 class=\"titulo-alojamiento\">\n\t\t\t\t\t\t\t\t\tApartment Son Serra Relax 2 By home villas 360\t\t\t\t\t\t\t\t<\/H4>\n\t\t\t\t\t\t\t\t<p class=\"precio-alojamiento\">Desde <span class=\"precio\">183.84\u20ac<\/span> por noche<\/p>\n\t\t\t\t\t\t\t<\/div>\n\t\t\t\t\t\t<\/div>\n\t\t\t\t\t<\/a> \n\t\t\t\t\t\t\n\t\t\t\t\t<a href=\"https:\/\/rentallorca.com\/alquiler\/casa-cala-sant-vicenc-chalet-molins-1-by-home-villas-360-376214.html\" rel=\"nofollow\" style=\"width: 32%;\">\n\t\t\t\t\t\t<div class=\"apartamento-box\">\n\t\t\t\t\t\t\t<div class=\"imagen_recomendados\">\n\t\t\t\t\t\t\t\t<img decoding=\"async\" src=\"https:\/\/crs.avantio.com\/fotos\/2\/1641977816062c103a57d8781c8616f4ff958b6f4d\/big1749737539948d25dfbb4c7fb1bc7959808568d917.jpg\" alt=\"Chalet Molins 1 in Pollensa by Home Villas 360\">\n\t\t\t\t\t\t\t<\/div>\n\t\t\t\t\t\t\t<div class=\"info\">\n\t\t\t\t\t\t\t\t<div class=\"ubicacion\">\n\t\t\t\t\t\t\t\t\t<i class=\"fa-solid fa-location-dot icono-mapa\"><\/i><span class=\"ubicacion-texto\">Cala Sant Vicen\u00e7 - Mallorca<\/span>\n\t\t\t\t\t\t\t\t<\/div>\n\t\t\t\t\t\t\t\t<H4 class=\"titulo-alojamiento\">\n\t\t\t\t\t\t\t\t\tChalet Molins 1 in Pollensa by Home Villas 360\t\t\t\t\t\t\t\t<\/H4>\n\t\t\t\t\t\t\t\t<p class=\"precio-alojamiento\">Desde <span class=\"precio\">112.10\u20ac<\/span> por noche<\/p>\n\t\t\t\t\t\t\t<\/div>\n\t\t\t\t\t\t<\/div>\n\t\t\t\t\t<\/a> \n\t\t\t\t\t\t\n\t\t\t\t\t<a href=\"https:\/\/rentallorca.com\/alquiler\/casa-pollensa-chalet-molins-6-by-home-villas-360-376217.html\" rel=\"nofollow\" style=\"width: 32%;\">\n\t\t\t\t\t\t<div class=\"apartamento-box\">\n\t\t\t\t\t\t\t<div class=\"imagen_recomendados\">\n\t\t\t\t\t\t\t\t<img decoding=\"async\" src=\"https:\/\/crs.avantio.com\/fotos\/2\/1641977946d648a52406e4c835dcde1c9dbf97549b\/big1751374198a350cfafb7556f457b1f6caa6a5f0b51.jpg\" alt=\"Chalet Molins 5 in Pollensa by Home Villas 360\">\n\t\t\t\t\t\t\t<\/div>\n\t\t\t\t\t\t\t<div class=\"info\">\n\t\t\t\t\t\t\t\t<div class=\"ubicacion\">\n\t\t\t\t\t\t\t\t\t<i class=\"fa-solid fa-location-dot icono-mapa\"><\/i><span class=\"ubicacion-texto\">Pollensa \/ Pollen\u00e7a - Mallorca<\/span>\n\t\t\t\t\t\t\t\t<\/div>\n\t\t\t\t\t\t\t\t<H4 class=\"titulo-alojamiento\">\n\t\t\t\t\t\t\t\t\tChalet Molins 5 in Pollensa by Home Villas 360\t\t\t\t\t\t\t\t<\/H4>\n\t\t\t\t\t\t\t\t<p class=\"precio-alojamiento\">Desde <span class=\"precio\">106.50\u20ac<\/span> por noche<\/p>\n\t\t\t\t\t\t\t<\/div>\n\t\t\t\t\t\t<\/div>\n\t\t\t\t\t<\/a> \n\t\t\t\t\t\t\n\t\t\t\t\t<a href=\"https:\/\/rentallorca.com\/alquiler\/casa-pollensa-townhouse-lleo-72-in-pollensa-by-homevillas360-376218.html\" rel=\"nofollow\" style=\"width: 32%;\">\n\t\t\t\t\t\t<div class=\"apartamento-box\">\n\t\t\t\t\t\t\t<div class=\"imagen_recomendados\">\n\t\t\t\t\t\t\t\t<img decoding=\"async\" src=\"https:\/\/crs.avantio.com\/fotos\/2\/16419776158f1df6ed07bce8cd02e166991d11fcc2\/big171344793281e791d9f629f3ddb76cc20b6cd99ba8.jpg\" alt=\" Townhouse Lle\u00f3 72 in Pollensa by Home Villas 360\">\n\t\t\t\t\t\t\t<\/div>\n\t\t\t\t\t\t\t<div class=\"info\">\n\t\t\t\t\t\t\t\t<div class=\"ubicacion\">\n\t\t\t\t\t\t\t\t\t<i class=\"fa-solid fa-location-dot icono-mapa\"><\/i><span class=\"ubicacion-texto\">Pollensa - Mallorca<\/span>\n\t\t\t\t\t\t\t\t<\/div>\n\t\t\t\t\t\t\t\t<H4 class=\"titulo-alojamiento\">\n\t\t\t\t\t\t\t\t\t Townhouse Lle\u00f3 72 in Pollensa by Home Villas 360\t\t\t\t\t\t\t\t<\/H4>\n\t\t\t\t\t\t\t\t<p class=\"precio-alojamiento\">Desde <span class=\"precio\">85.20\u20ac<\/span> por noche<\/p>\n\t\t\t\t\t\t\t<\/div>\n\t\t\t\t\t\t<\/div>\n\t\t\t\t\t<\/a> \n\t\t\t\t\t\t\n\t\t\t\t\t<a href=\"https:\/\/rentallorca.com\/alquiler\/casa-colonia-de-sant-pere-townhouse-ca-na-forteza-by-home-villas-360-376227.html\" rel=\"nofollow\" style=\"width: 32%;\">\n\t\t\t\t\t\t<div class=\"apartamento-box\">\n\t\t\t\t\t\t\t<div class=\"imagen_recomendados\">\n\t\t\t\t\t\t\t\t<img decoding=\"async\" src=\"https:\/\/crs.avantio.com\/fotos\/2\/16419778206fd15d624d970e15d7f633d0c19a96d9\/big1693911711ea65cc2ef89b769e52c07f65ba98f26d.jpg\" alt=\" Townhouse ca na Forteza  in Colonia de Sant Pere by Home Villas 360\">\n\t\t\t\t\t\t\t<\/div>\n\t\t\t\t\t\t\t<div class=\"info\">\n\t\t\t\t\t\t\t\t<div class=\"ubicacion\">\n\t\t\t\t\t\t\t\t\t<i class=\"fa-solid fa-location-dot icono-mapa\"><\/i><span class=\"ubicacion-texto\">Colonia de Sant Pere - Mallorca<\/span>\n\t\t\t\t\t\t\t\t<\/div>\n\t\t\t\t\t\t\t\t<H4 class=\"titulo-alojamiento\">\n\t\t\t\t\t\t\t\t\t Townhouse ca na Forteza  in Colonia de Sant Pere by Home Villas 360\t\t\t\t\t\t\t\t<\/H4>\n\t\t\t\t\t\t\t\t<p class=\"precio-alojamiento\">Desde <span class=\"precio\">125.55\u20ac<\/span> por noche<\/p>\n\t\t\t\t\t\t\t<\/div>\n\t\t\t\t\t\t<\/div>\n\t\t\t\t\t<\/a> \n\t\t\t\t\t\t\n\t\t\t\t\t<a href=\"https:\/\/rentallorca.com\/alquiler\/casa-pollensa-townhouse-calvari-in-pollensa-by-home-villas-360-376229.html\" rel=\"nofollow\" style=\"width: 32%;\">\n\t\t\t\t\t\t<div class=\"apartamento-box\">\n\t\t\t\t\t\t\t<div class=\"imagen_recomendados\">\n\t\t\t\t\t\t\t\t<img decoding=\"async\" src=\"https:\/\/crs.avantio.com\/fotos\/2\/1641977737005765075e390a5e024ff9b115039255\/big1645786564607d70ec498cec31695eba60b1b7efa0.jpg\" alt=\" Townhouse Calvari in Pollensa By home villas 360\">\n\t\t\t\t\t\t\t<\/div>\n\t\t\t\t\t\t\t<div class=\"info\">\n\t\t\t\t\t\t\t\t<div class=\"ubicacion\">\n\t\t\t\t\t\t\t\t\t<i class=\"fa-solid fa-location-dot icono-mapa\"><\/i><span class=\"ubicacion-texto\">Pollensa - Mallorca<\/span>\n\t\t\t\t\t\t\t\t<\/div>\n\t\t\t\t\t\t\t\t<H4 class=\"titulo-alojamiento\">\n\t\t\t\t\t\t\t\t\t Townhouse Calvari in Pollensa By home villas 360\t\t\t\t\t\t\t\t<\/H4>\n\t\t\t\t\t\t\t\t<p class=\"precio-alojamiento\">Desde <span class=\"precio\">85.20\u20ac<\/span> por noche<\/p>\n\t\t\t\t\t\t\t<\/div>\n\t\t\t\t\t\t<\/div>\n\t\t\t\t\t<\/a> \n\t\t\t\t\t\t\t\t<\/div>\n\t\t\t<\/div>\n\t\t\t\t\t\t<\/div>\n\t\t\t\t<\/div>\n\t\t\t\t\t<\/div>\n\t\t\t\t<\/div>\n\t\t\t\t<\/div>\n\t\t","protected":false},"excerpt":{"rendered":"<p>Sabemos que te encanta pasar tiempo con tus hijos. Ver c\u00f3mo crecen y descubren el mundo que les rodea no tiene precio. Pero\u2026 tenemos que reconocer que hay momentos que se pueden complicar, y uno de ellos son las vacaciones. Al final, encontrar un lugar que pueda mantener entretenidos tanto a ni\u00f1os como adultos es [&hellip;]<\/p>\n","protected":false},"author":3,"featured_media":2012,"comment_status":"open","ping_status":"open","sticky":false,"template":"","format":"standard","meta":{"footnotes":""},"categories":[34],"tags":[],"class_list":["post-2007","post","type-post","status-publish","format-standard","has-post-thumbnail","hentry","category-mallorca-destino"],"yoast_head":"<!-- This site is optimized with the Yoast SEO plugin v27.5 - https:\/\/yoast.com\/product\/yoast-seo-wordpress\/ -->\n<title>\u00bfViajas a Mallorca con ni\u00f1os? Esto te interesa - Blog<\/title>\n<meta name=\"description\" content=\"\u00a1Mallorca con ni\u00f1os es ideal! Si vienes a Mallorca en familia, descubre todo lo que puedes hacer en esta isla con los m\u00e1s peque\u00f1os de la casa.\" \/>\n<meta name=\"robots\" content=\"index, follow, max-snippet:-1, max-image-preview:large, max-video-preview:-1\" \/>\n<link rel=\"canonical\" href=\"https:\/\/rentallorca.com\/blog\/mallorca-con-ninos\/\" \/>\n<meta property=\"og:locale\" content=\"es_ES\" \/>\n<meta property=\"og:type\" content=\"article\" \/>\n<meta property=\"og:title\" content=\"\u00bfViajas a Mallorca con ni\u00f1os? Esto te interesa - Blog\" \/>\n<meta property=\"og:description\" content=\"\u00a1Mallorca con ni\u00f1os es ideal! Si vienes a Mallorca en familia, descubre todo lo que puedes hacer en esta isla con los m\u00e1s peque\u00f1os de la casa.\" \/>\n<meta property=\"og:url\" content=\"https:\/\/rentallorca.com\/blog\/mallorca-con-ninos\/\" \/>\n<meta property=\"og:site_name\" content=\"Blog\" \/>\n<meta property=\"article:published_time\" content=\"2025-07-15T08:04:41+00:00\" \/>\n<meta property=\"article:modified_time\" content=\"2025-08-01T07:53:46+00:00\" \/>\n<meta property=\"og:image\" content=\"https:\/\/rentallorca.com\/blog\/wp-content\/uploads\/2025\/07\/mallorca-con-ninos.jpg\" \/>\n\t<meta property=\"og:image:width\" content=\"2121\" \/>\n\t<meta property=\"og:image:height\" content=\"1060\" \/>\n\t<meta property=\"og:image:type\" content=\"image\/jpeg\" \/>\n<meta name=\"author\" content=\"Axel\" \/>\n<meta name=\"twitter:card\" content=\"summary_large_image\" \/>\n<meta name=\"twitter:label1\" content=\"Written by\" \/>\n\t<meta name=\"twitter:data1\" content=\"Axel\" \/>\n\t<meta name=\"twitter:label2\" content=\"Est. reading time\" \/>\n\t<meta name=\"twitter:data2\" content=\"8 minutes\" \/>\n<script type=\"application\/ld+json\" class=\"yoast-schema-graph\">{\"@context\":\"https:\\\/\\\/schema.org\",\"@graph\":[{\"@type\":\"Article\",\"@id\":\"https:\\\/\\\/rentallorca.com\\\/blog\\\/mallorca-con-ninos\\\/#article\",\"isPartOf\":{\"@id\":\"https:\\\/\\\/rentallorca.com\\\/blog\\\/mallorca-con-ninos\\\/\"},\"author\":{\"name\":\"Axel\",\"@id\":\"https:\\\/\\\/rentallorca.com\\\/blog\\\/#\\\/schema\\\/person\\\/8c5ebe5bf8d43e9757ab6869e1d4cbe4\"},\"headline\":\"\u00bfVas a viajar a Mallorca con ni\u00f1os? Esto es todo lo que tienes que saber\u00a0\",\"datePublished\":\"2025-07-15T08:04:41+00:00\",\"dateModified\":\"2025-08-01T07:53:46+00:00\",\"mainEntityOfPage\":{\"@id\":\"https:\\\/\\\/rentallorca.com\\\/blog\\\/mallorca-con-ninos\\\/\"},\"wordCount\":1371,\"commentCount\":0,\"image\":{\"@id\":\"https:\\\/\\\/rentallorca.com\\\/blog\\\/mallorca-con-ninos\\\/#primaryimage\"},\"thumbnailUrl\":\"https:\\\/\\\/rentallorca.com\\\/blog\\\/wp-content\\\/uploads\\\/2025\\\/07\\\/mallorca-con-ninos.jpg\",\"articleSection\":[\"Mallorca\"],\"inLanguage\":\"es\",\"potentialAction\":[{\"@type\":\"CommentAction\",\"name\":\"Comment\",\"target\":[\"https:\\\/\\\/rentallorca.com\\\/blog\\\/mallorca-con-ninos\\\/#respond\"]}]},{\"@type\":\"WebPage\",\"@id\":\"https:\\\/\\\/rentallorca.com\\\/blog\\\/mallorca-con-ninos\\\/\",\"url\":\"https:\\\/\\\/rentallorca.com\\\/blog\\\/mallorca-con-ninos\\\/\",\"name\":\"\u00bfViajas a Mallorca con ni\u00f1os? Esto te interesa - Blog\",\"isPartOf\":{\"@id\":\"https:\\\/\\\/rentallorca.com\\\/blog\\\/#website\"},\"primaryImageOfPage\":{\"@id\":\"https:\\\/\\\/rentallorca.com\\\/blog\\\/mallorca-con-ninos\\\/#primaryimage\"},\"image\":{\"@id\":\"https:\\\/\\\/rentallorca.com\\\/blog\\\/mallorca-con-ninos\\\/#primaryimage\"},\"thumbnailUrl\":\"https:\\\/\\\/rentallorca.com\\\/blog\\\/wp-content\\\/uploads\\\/2025\\\/07\\\/mallorca-con-ninos.jpg\",\"datePublished\":\"2025-07-15T08:04:41+00:00\",\"dateModified\":\"2025-08-01T07:53:46+00:00\",\"author\":{\"@id\":\"https:\\\/\\\/rentallorca.com\\\/blog\\\/#\\\/schema\\\/person\\\/8c5ebe5bf8d43e9757ab6869e1d4cbe4\"},\"description\":\"\u00a1Mallorca con ni\u00f1os es ideal! Si vienes a Mallorca en familia, descubre todo lo que puedes hacer en esta isla con los m\u00e1s peque\u00f1os de la casa.\",\"breadcrumb\":{\"@id\":\"https:\\\/\\\/rentallorca.com\\\/blog\\\/mallorca-con-ninos\\\/#breadcrumb\"},\"inLanguage\":\"es\",\"potentialAction\":[{\"@type\":\"ReadAction\",\"target\":[\"https:\\\/\\\/rentallorca.com\\\/blog\\\/mallorca-con-ninos\\\/\"]}]},{\"@type\":\"ImageObject\",\"inLanguage\":\"es\",\"@id\":\"https:\\\/\\\/rentallorca.com\\\/blog\\\/mallorca-con-ninos\\\/#primaryimage\",\"url\":\"https:\\\/\\\/rentallorca.com\\\/blog\\\/wp-content\\\/uploads\\\/2025\\\/07\\\/mallorca-con-ninos.jpg\",\"contentUrl\":\"https:\\\/\\\/rentallorca.com\\\/blog\\\/wp-content\\\/uploads\\\/2025\\\/07\\\/mallorca-con-ninos.jpg\",\"width\":2121,\"height\":1060,\"caption\":\"A woman and her little daughter sitting under a pine tree by the shore, looking over the clear blue sea. Traveling with children concept.\"},{\"@type\":\"BreadcrumbList\",\"@id\":\"https:\\\/\\\/rentallorca.com\\\/blog\\\/mallorca-con-ninos\\\/#breadcrumb\",\"itemListElement\":[{\"@type\":\"ListItem\",\"position\":1,\"name\":\"Home\",\"item\":\"https:\\\/\\\/rentallorca.com\\\/blog\\\/\"},{\"@type\":\"ListItem\",\"position\":2,\"name\":\"\u00bfVas a viajar a Mallorca con ni\u00f1os? Esto es todo lo que tienes que saber\u00a0\"}]},{\"@type\":\"WebSite\",\"@id\":\"https:\\\/\\\/rentallorca.com\\\/blog\\\/#website\",\"url\":\"https:\\\/\\\/rentallorca.com\\\/blog\\\/\",\"name\":\"Blog\",\"description\":\"Rentallorca\",\"potentialAction\":[{\"@type\":\"SearchAction\",\"target\":{\"@type\":\"EntryPoint\",\"urlTemplate\":\"https:\\\/\\\/rentallorca.com\\\/blog\\\/?s={search_term_string}\"},\"query-input\":{\"@type\":\"PropertyValueSpecification\",\"valueRequired\":true,\"valueName\":\"search_term_string\"}}],\"inLanguage\":\"es\"},{\"@type\":\"Person\",\"@id\":\"https:\\\/\\\/rentallorca.com\\\/blog\\\/#\\\/schema\\\/person\\\/8c5ebe5bf8d43e9757ab6869e1d4cbe4\",\"name\":\"Axel\",\"image\":{\"@type\":\"ImageObject\",\"inLanguage\":\"es\",\"@id\":\"https:\\\/\\\/secure.gravatar.com\\\/avatar\\\/3bd706736e5b70f21f05f6c2d5cad746767782a4ba4b7df399c5969e2a9318fd?s=96&d=mm&r=g\",\"url\":\"https:\\\/\\\/secure.gravatar.com\\\/avatar\\\/3bd706736e5b70f21f05f6c2d5cad746767782a4ba4b7df399c5969e2a9318fd?s=96&d=mm&r=g\",\"contentUrl\":\"https:\\\/\\\/secure.gravatar.com\\\/avatar\\\/3bd706736e5b70f21f05f6c2d5cad746767782a4ba4b7df399c5969e2a9318fd?s=96&d=mm&r=g\",\"caption\":\"Axel\"},\"url\":\"https:\\\/\\\/rentallorca.com\\\/blog\\\/author\\\/axel\\\/\"}]}<\/script>\n<!-- \/ Yoast SEO plugin. -->","yoast_head_json":{"title":"\u00bfViajas a Mallorca con ni\u00f1os? Esto te interesa - Blog","description":"\u00a1Mallorca con ni\u00f1os es ideal! Si vienes a Mallorca en familia, descubre todo lo que puedes hacer en esta isla con los m\u00e1s peque\u00f1os de la casa.","robots":{"index":"index","follow":"follow","max-snippet":"max-snippet:-1","max-image-preview":"max-image-preview:large","max-video-preview":"max-video-preview:-1"},"canonical":"https:\/\/rentallorca.com\/blog\/mallorca-con-ninos\/","og_locale":"es_ES","og_type":"article","og_title":"\u00bfViajas a Mallorca con ni\u00f1os? Esto te interesa - Blog","og_description":"\u00a1Mallorca con ni\u00f1os es ideal! Si vienes a Mallorca en familia, descubre todo lo que puedes hacer en esta isla con los m\u00e1s peque\u00f1os de la casa.","og_url":"https:\/\/rentallorca.com\/blog\/mallorca-con-ninos\/","og_site_name":"Blog","article_published_time":"2025-07-15T08:04:41+00:00","article_modified_time":"2025-08-01T07:53:46+00:00","og_image":[{"width":2121,"height":1060,"url":"https:\/\/rentallorca.com\/blog\/wp-content\/uploads\/2025\/07\/mallorca-con-ninos.jpg","type":"image\/jpeg"}],"author":"Axel","twitter_card":"summary_large_image","twitter_misc":{"Written by":"Axel","Est. reading time":"8 minutes"},"schema":{"@context":"https:\/\/schema.org","@graph":[{"@type":"Article","@id":"https:\/\/rentallorca.com\/blog\/mallorca-con-ninos\/#article","isPartOf":{"@id":"https:\/\/rentallorca.com\/blog\/mallorca-con-ninos\/"},"author":{"name":"Axel","@id":"https:\/\/rentallorca.com\/blog\/#\/schema\/person\/8c5ebe5bf8d43e9757ab6869e1d4cbe4"},"headline":"\u00bfVas a viajar a Mallorca con ni\u00f1os? Esto es todo lo que tienes que saber\u00a0","datePublished":"2025-07-15T08:04:41+00:00","dateModified":"2025-08-01T07:53:46+00:00","mainEntityOfPage":{"@id":"https:\/\/rentallorca.com\/blog\/mallorca-con-ninos\/"},"wordCount":1371,"commentCount":0,"image":{"@id":"https:\/\/rentallorca.com\/blog\/mallorca-con-ninos\/#primaryimage"},"thumbnailUrl":"https:\/\/rentallorca.com\/blog\/wp-content\/uploads\/2025\/07\/mallorca-con-ninos.jpg","articleSection":["Mallorca"],"inLanguage":"es","potentialAction":[{"@type":"CommentAction","name":"Comment","target":["https:\/\/rentallorca.com\/blog\/mallorca-con-ninos\/#respond"]}]},{"@type":"WebPage","@id":"https:\/\/rentallorca.com\/blog\/mallorca-con-ninos\/","url":"https:\/\/rentallorca.com\/blog\/mallorca-con-ninos\/","name":"\u00bfViajas a Mallorca con ni\u00f1os? Esto te interesa - Blog","isPartOf":{"@id":"https:\/\/rentallorca.com\/blog\/#website"},"primaryImageOfPage":{"@id":"https:\/\/rentallorca.com\/blog\/mallorca-con-ninos\/#primaryimage"},"image":{"@id":"https:\/\/rentallorca.com\/blog\/mallorca-con-ninos\/#primaryimage"},"thumbnailUrl":"https:\/\/rentallorca.com\/blog\/wp-content\/uploads\/2025\/07\/mallorca-con-ninos.jpg","datePublished":"2025-07-15T08:04:41+00:00","dateModified":"2025-08-01T07:53:46+00:00","author":{"@id":"https:\/\/rentallorca.com\/blog\/#\/schema\/person\/8c5ebe5bf8d43e9757ab6869e1d4cbe4"},"description":"\u00a1Mallorca con ni\u00f1os es ideal! Si vienes a Mallorca en familia, descubre todo lo que puedes hacer en esta isla con los m\u00e1s peque\u00f1os de la casa.","breadcrumb":{"@id":"https:\/\/rentallorca.com\/blog\/mallorca-con-ninos\/#breadcrumb"},"inLanguage":"es","potentialAction":[{"@type":"ReadAction","target":["https:\/\/rentallorca.com\/blog\/mallorca-con-ninos\/"]}]},{"@type":"ImageObject","inLanguage":"es","@id":"https:\/\/rentallorca.com\/blog\/mallorca-con-ninos\/#primaryimage","url":"https:\/\/rentallorca.com\/blog\/wp-content\/uploads\/2025\/07\/mallorca-con-ninos.jpg","contentUrl":"https:\/\/rentallorca.com\/blog\/wp-content\/uploads\/2025\/07\/mallorca-con-ninos.jpg","width":2121,"height":1060,"caption":"A woman and her little daughter sitting under a pine tree by the shore, looking over the clear blue sea. Traveling with children concept."},{"@type":"BreadcrumbList","@id":"https:\/\/rentallorca.com\/blog\/mallorca-con-ninos\/#breadcrumb","itemListElement":[{"@type":"ListItem","position":1,"name":"Home","item":"https:\/\/rentallorca.com\/blog\/"},{"@type":"ListItem","position":2,"name":"\u00bfVas a viajar a Mallorca con ni\u00f1os? Esto es todo lo que tienes que saber\u00a0"}]},{"@type":"WebSite","@id":"https:\/\/rentallorca.com\/blog\/#website","url":"https:\/\/rentallorca.com\/blog\/","name":"Blog","description":"Rentallorca","potentialAction":[{"@type":"SearchAction","target":{"@type":"EntryPoint","urlTemplate":"https:\/\/rentallorca.com\/blog\/?s={search_term_string}"},"query-input":{"@type":"PropertyValueSpecification","valueRequired":true,"valueName":"search_term_string"}}],"inLanguage":"es"},{"@type":"Person","@id":"https:\/\/rentallorca.com\/blog\/#\/schema\/person\/8c5ebe5bf8d43e9757ab6869e1d4cbe4","name":"Axel","image":{"@type":"ImageObject","inLanguage":"es","@id":"https:\/\/secure.gravatar.com\/avatar\/3bd706736e5b70f21f05f6c2d5cad746767782a4ba4b7df399c5969e2a9318fd?s=96&d=mm&r=g","url":"https:\/\/secure.gravatar.com\/avatar\/3bd706736e5b70f21f05f6c2d5cad746767782a4ba4b7df399c5969e2a9318fd?s=96&d=mm&r=g","contentUrl":"https:\/\/secure.gravatar.com\/avatar\/3bd706736e5b70f21f05f6c2d5cad746767782a4ba4b7df399c5969e2a9318fd?s=96&d=mm&r=g","caption":"Axel"},"url":"https:\/\/rentallorca.com\/blog\/author\/axel\/"}]}},"_links":{"self":[{"href":"https:\/\/rentallorca.com\/blog\/wp-json\/wp\/v2\/posts\/2007","targetHints":{"allow":["GET"]}}],"collection":[{"href":"https:\/\/rentallorca.com\/blog\/wp-json\/wp\/v2\/posts"}],"about":[{"href":"https:\/\/rentallorca.com\/blog\/wp-json\/wp\/v2\/types\/post"}],"author":[{"embeddable":true,"href":"https:\/\/rentallorca.com\/blog\/wp-json\/wp\/v2\/users\/3"}],"replies":[{"embeddable":true,"href":"https:\/\/rentallorca.com\/blog\/wp-json\/wp\/v2\/comments?post=2007"}],"version-history":[{"count":13,"href":"https:\/\/rentallorca.com\/blog\/wp-json\/wp\/v2\/posts\/2007\/revisions"}],"predecessor-version":[{"id":2265,"href":"https:\/\/rentallorca.com\/blog\/wp-json\/wp\/v2\/posts\/2007\/revisions\/2265"}],"wp:featuredmedia":[{"embeddable":true,"href":"https:\/\/rentallorca.com\/blog\/wp-json\/wp\/v2\/media\/2012"}],"wp:attachment":[{"href":"https:\/\/rentallorca.com\/blog\/wp-json\/wp\/v2\/media?parent=2007"}],"wp:term":[{"taxonomy":"category","embeddable":true,"href":"https:\/\/rentallorca.com\/blog\/wp-json\/wp\/v2\/categories?post=2007"},{"taxonomy":"post_tag","embeddable":true,"href":"https:\/\/rentallorca.com\/blog\/wp-json\/wp\/v2\/tags?post=2007"}],"curies":[{"name":"wp","href":"https:\/\/api.w.org\/{rel}","templated":true}]}}