{"id":1715,"date":"2025-06-13T10:38:15","date_gmt":"2025-06-13T10:38:15","guid":{"rendered":"https:\/\/rentallorca.com\/blog\/?p=1715"},"modified":"2025-10-14T06:45:09","modified_gmt":"2025-10-14T06:45:09","slug":"rutas-senderismo-mallorca","status":"publish","type":"post","link":"https:\/\/rentallorca.com\/blog\/rutas-senderismo-mallorca\/","title":{"rendered":"Estas son las 10 mejores rutas de senderismo en Mallorca"},"content":{"rendered":"\t\t<div data-elementor-type=\"wp-post\" data-elementor-id=\"1715\" class=\"elementor elementor-1715\" data-elementor-post-type=\"post\">\n\t\t\t\t<div class=\"elementor-element elementor-element-2053e444 e-flex e-con-boxed e-con e-parent\" data-id=\"2053e444\" data-element_type=\"container\" data-e-type=\"container\">\n\t\t\t\t\t<div class=\"e-con-inner\">\n\t\t\t\t<div class=\"elementor-element elementor-element-67a8aab1 elementor-widget elementor-widget-text-editor\" data-id=\"67a8aab1\" data-element_type=\"widget\" data-e-type=\"widget\" data-widget_type=\"text-editor.default\">\n\t\t\t\t<div class=\"elementor-widget-container\">\n\t\t\t\t\t\t\t\t\t<p>Sabemos que Mallorca es un destino privilegiado si buscas una experiencia de senderismo completa y muy distinta a las tradicionales. Pero lo que quiz\u00e1 no siempre tenemos en cuenta es que <strong>el senderismo puede ser mucho m\u00e1s que actividad f\u00edsica<\/strong>. Tambi\u00e9n un viaje por la naturaleza de la zona y su rica historia.<\/p><p>La isla goza de un clima mediterr\u00e1neo ideal, por lo que <strong>puedes practicar senderismo casi todo el a\u00f1o. <\/strong>Sobre todo, en primavera y oto\u00f1o, ya que las temperaturas son m\u00e1s agradables. Hay senderos para todos los gustos, algunos m\u00e1s dif\u00edciles, otros m\u00e1s f\u00e1ciles\u2026 pero todos preciosos.<\/p><p>Hoy, queremos contarte en detalle <strong>algunas de las rutas m\u00e1s emblem\u00e1ticas para hacer senderismo en Mallorca<\/strong>. Vamos al l\u00edo:<\/p>\t\t\t\t\t\t\t\t<\/div>\n\t\t\t\t<\/div>\n\t\t\t\t\t<\/div>\n\t\t\t\t<\/div>\n\t\t<div class=\"elementor-element elementor-element-5ca2ec0a e-flex e-con-boxed e-con e-parent\" data-id=\"5ca2ec0a\" data-element_type=\"container\" data-e-type=\"container\">\n\t\t\t\t\t<div class=\"e-con-inner\">\n\t\t\t\t<div class=\"elementor-element elementor-element-69b9cde1 elementor-widget elementor-widget-table-of-contents\" data-id=\"69b9cde1\" data-element_type=\"widget\" data-e-type=\"widget\" data-settings=\"{&quot;headings_by_tags&quot;:[&quot;h2&quot;,&quot;h3&quot;],&quot;exclude_headings_by_selector&quot;:[],&quot;marker_view&quot;:&quot;bullets&quot;,&quot;icon&quot;:{&quot;value&quot;:&quot;&quot;,&quot;library&quot;:&quot;&quot;},&quot;no_headings_message&quot;:&quot;No se ha encontrado ning\\u00fan encabezado en esta p\\u00e1gina.&quot;,&quot;hierarchical_view&quot;:&quot;yes&quot;,&quot;min_height&quot;:{&quot;unit&quot;:&quot;px&quot;,&quot;size&quot;:&quot;&quot;,&quot;sizes&quot;:[]},&quot;min_height_tablet&quot;:{&quot;unit&quot;:&quot;px&quot;,&quot;size&quot;:&quot;&quot;,&quot;sizes&quot;:[]},&quot;min_height_mobile&quot;:{&quot;unit&quot;:&quot;px&quot;,&quot;size&quot;:&quot;&quot;,&quot;sizes&quot;:[]}}\" data-widget_type=\"table-of-contents.default\">\n\t\t\t\t<div class=\"elementor-widget-container\">\n\t\t\t\t\t\t\t\t\t<div class=\"elementor-toc__header\">\n\t\t\t\t\t\t<div class=\"elementor-toc__header-title\">\n\t\t\t\tContenidos\t\t\t<\/div>\n\t\t\t\t\t\t\t\t<\/div>\n\t\t\t\t<div id=\"elementor-toc__69b9cde1\" class=\"elementor-toc__body\">\n\t\t\t<div class=\"elementor-toc__spinner-container\">\n\t\t\t\t<svg class=\"elementor-toc__spinner eicon-animation-spin e-font-icon-svg e-eicon-loading\" aria-hidden=\"true\" viewBox=\"0 0 1000 1000\" xmlns=\"http:\/\/www.w3.org\/2000\/svg\"><path d=\"M500 975V858C696 858 858 696 858 500S696 142 500 142 142 304 142 500H25C25 237 238 25 500 25S975 237 975 500 763 975 500 975Z\"><\/path><\/svg>\t\t\t<\/div>\n\t\t<\/div>\n\t\t\t\t\t\t<\/div>\n\t\t\t\t<\/div>\n\t\t\t\t\t<\/div>\n\t\t\t\t<\/div>\n\t\t<div class=\"elementor-element elementor-element-794bc148 e-flex e-con-boxed e-con e-parent\" data-id=\"794bc148\" data-element_type=\"container\" data-e-type=\"container\">\n\t\t\t\t\t<div class=\"e-con-inner\">\n\t\t\t\t<div class=\"elementor-element elementor-element-447e3b7a elementor-widget elementor-widget-heading\" data-id=\"447e3b7a\" data-element_type=\"widget\" data-e-type=\"widget\" data-widget_type=\"heading.default\">\n\t\t\t\t<div class=\"elementor-widget-container\">\n\t\t\t\t\t<h2 class=\"elementor-heading-title elementor-size-default\">Este es nuestro Top 10 Rutas de senderismo en Mallorca<\/h2>\t\t\t\t<\/div>\n\t\t\t\t<\/div>\n\t\t\t\t<div class=\"elementor-element elementor-element-302e66af elementor-widget elementor-widget-text-editor\" data-id=\"302e66af\" data-element_type=\"widget\" data-e-type=\"widget\" data-widget_type=\"text-editor.default\">\n\t\t\t\t<div class=\"elementor-widget-container\">\n\t\t\t\t\t\t\t\t\t<p>Una de las situaciones m\u00e1s t\u00edpicas a la hora de planificar una ruta es <strong>tener muchas opciones en la cabeza y no saber exactamente cu\u00e1l coger. <\/strong>Eso, por una parte, es positivo, ya que significa que hay variedad. Pero, por otra, puede convertirse en un dolor de cabeza.<\/p><p>No te preocupes, ya que hoy queremos pon\u00e9rtelo f\u00e1cil. <strong>Te hemos preparado un top 10 de rutas que te har\u00e1 salir de dudas<\/strong> por completo. \u00a1Aqu\u00ed lo tienes!<\/p>\t\t\t\t\t\t\t\t<\/div>\n\t\t\t\t<\/div>\n\t\t\t\t\t<\/div>\n\t\t\t\t<\/div>\n\t\t<div class=\"elementor-element elementor-element-55923cab e-flex e-con-boxed e-con e-parent\" data-id=\"55923cab\" data-element_type=\"container\" data-e-type=\"container\">\n\t\t\t\t\t<div class=\"e-con-inner\">\n\t\t\t\t<div class=\"elementor-element elementor-element-22998e30 elementor-widget elementor-widget-heading\" data-id=\"22998e30\" data-element_type=\"widget\" data-e-type=\"widget\" data-widget_type=\"heading.default\">\n\t\t\t\t<div class=\"elementor-widget-container\">\n\t\t\t\t\t<h3 class=\"elementor-heading-title elementor-size-default\">Barranc de Biniaraix (S\u00f3ller)<\/h3>\t\t\t\t<\/div>\n\t\t\t\t<\/div>\n\t\t\t\t<div class=\"elementor-element elementor-element-19fde26a elementor-widget elementor-widget-text-editor\" data-id=\"19fde26a\" data-element_type=\"widget\" data-e-type=\"widget\" data-widget_type=\"text-editor.default\">\n\t\t\t\t<div class=\"elementor-widget-container\">\n\t\t\t\t\t\t\t\t\t<p>Este sendero, de unos 12 km y dificultad moderada a alta, comienza en el pintoresco pueblo de Biniaraix, y es una aut\u00e9ntica joya de la Serra de Tramuntana. A la mayor\u00eda de las personas que lo visitan <strong>se les queda la boca abierta cuando ven su impresionante ingenier\u00eda tradicional en piedra seca<\/strong>, que, por cierto, ha sido declarada como Bien de Inter\u00e9s Cultural. Lo m\u00e1s interesantes de este sendero es que atraviesa olivares centenarios y bancales, ofreciendo vistas espectaculares del valle de S\u00f3ller y el Puig Major.<\/p>\t\t\t\t\t\t\t\t<\/div>\n\t\t\t\t<\/div>\n\t\t\t\t\t<\/div>\n\t\t\t\t<\/div>\n\t\t<div class=\"elementor-element elementor-element-f6666d1 e-flex e-con-boxed e-con e-parent\" data-id=\"f6666d1\" data-element_type=\"container\" data-e-type=\"container\">\n\t\t\t\t\t<div class=\"e-con-inner\">\n\t\t\t\t<div class=\"elementor-element elementor-element-10d5670 elementor-widget elementor-widget-heading\" data-id=\"10d5670\" data-element_type=\"widget\" data-e-type=\"widget\" data-widget_type=\"heading.default\">\n\t\t\t\t<div class=\"elementor-widget-container\">\n\t\t\t\t\t<h3 class=\"elementor-heading-title elementor-size-default\">Castell d'Alar\u00f3<\/h3>\t\t\t\t<\/div>\n\t\t\t\t<\/div>\n\t\t\t\t<div class=\"elementor-element elementor-element-48f0c55 elementor-widget elementor-widget-text-editor\" data-id=\"48f0c55\" data-element_type=\"widget\" data-e-type=\"widget\" data-widget_type=\"text-editor.default\">\n\t\t\t\t<div class=\"elementor-widget-container\">\n\t\t\t\t\t\t\t\t\t<p>Es una ruta emblem\u00e1tica para los amantes del senderismo hist\u00f3rico y panor\u00e1mico en Mallorca. <strong>La subida al castillo, situado en una cima rocosa, tiene una dificultad moderada<\/strong>. Algunos tramos son rocosos y empinados por lo que no te vamos a mentir, requieren buen estado f\u00edsico. Si tienes la costumbre de andar y no te importa hacer un peque\u00f1o esfuerzo, te aseguramos que es una caminata exigente pero muy gratificante.<\/p>\t\t\t\t\t\t\t\t<\/div>\n\t\t\t\t<\/div>\n\t\t\t\t<div class=\"elementor-element elementor-element-4731f3c elementor-widget elementor-widget-image\" data-id=\"4731f3c\" data-element_type=\"widget\" data-e-type=\"widget\" data-widget_type=\"image.default\">\n\t\t\t\t<div class=\"elementor-widget-container\">\n\t\t\t\t\t\t\t\t\t\t\t\t\t\t\t<img fetchpriority=\"high\" decoding=\"async\" width=\"1183\" height=\"591\" src=\"https:\/\/rentallorca.com\/blog\/wp-content\/uploads\/2025\/06\/Castell-dAlaro.jpg\" class=\"attachment-full size-full wp-image-1736\" alt=\"\" srcset=\"https:\/\/rentallorca.com\/blog\/wp-content\/uploads\/2025\/06\/Castell-dAlaro.jpg 1183w, https:\/\/rentallorca.com\/blog\/wp-content\/uploads\/2025\/06\/Castell-dAlaro-300x150.jpg 300w, https:\/\/rentallorca.com\/blog\/wp-content\/uploads\/2025\/06\/Castell-dAlaro-1024x512.jpg 1024w, https:\/\/rentallorca.com\/blog\/wp-content\/uploads\/2025\/06\/Castell-dAlaro-768x384.jpg 768w\" sizes=\"(max-width: 1183px) 100vw, 1183px\" \/>\t\t\t\t\t\t\t\t\t\t\t\t\t\t\t<\/div>\n\t\t\t\t<\/div>\n\t\t\t\t\t<\/div>\n\t\t\t\t<\/div>\n\t\t<div class=\"elementor-element elementor-element-a7a2fbc e-flex e-con-boxed e-con e-parent\" data-id=\"a7a2fbc\" data-element_type=\"container\" data-e-type=\"container\">\n\t\t\t\t\t<div class=\"e-con-inner\">\n\t\t\t\t<div class=\"elementor-element elementor-element-818be05 elementor-widget elementor-widget-heading\" data-id=\"818be05\" data-element_type=\"widget\" data-e-type=\"widget\" data-widget_type=\"heading.default\">\n\t\t\t\t<div class=\"elementor-widget-container\">\n\t\t\t\t\t<h3 class=\"elementor-heading-title elementor-size-default\">Puig de Galatz\u00f3<\/h3>\t\t\t\t<\/div>\n\t\t\t\t<\/div>\n\t\t\t\t<div class=\"elementor-element elementor-element-f33d8fa elementor-widget elementor-widget-text-editor\" data-id=\"f33d8fa\" data-element_type=\"widget\" data-e-type=\"widget\" data-widget_type=\"text-editor.default\">\n\t\t\t\t<div class=\"elementor-widget-container\">\n\t\t\t\t\t\t\t\t\t<p>El Puig de Galatz\u00f3, con una altitud de 1.026 metros, es <strong>uno de los picos m\u00e1s accesibles y populares de la Sierra de Tramuntana.<\/strong> Los turistas lo visitan sobre todo por su belleza natural, toda la flora y fauna que hay, y la posibilidad de hacer alguna ruta circular que incluya fuentes y \u00e1reas de descanso para refrescarse un poco.<\/p>\t\t\t\t\t\t\t\t<\/div>\n\t\t\t\t<\/div>\n\t\t\t\t\t<\/div>\n\t\t\t\t<\/div>\n\t\t<div class=\"elementor-element elementor-element-d4a1626 e-flex e-con-boxed e-con e-parent\" data-id=\"d4a1626\" data-element_type=\"container\" data-e-type=\"container\">\n\t\t\t\t\t<div class=\"e-con-inner\">\n\t\t\t\t<div class=\"elementor-element elementor-element-06b4678 elementor-widget elementor-widget-heading\" data-id=\"06b4678\" data-element_type=\"widget\" data-e-type=\"widget\" data-widget_type=\"heading.default\">\n\t\t\t\t<div class=\"elementor-widget-container\">\n\t\t\t\t\t<h3 class=\"elementor-heading-title elementor-size-default\">Puig de Massanella<\/h3>\t\t\t\t<\/div>\n\t\t\t\t<\/div>\n\t\t\t\t<div class=\"elementor-element elementor-element-33dba3c elementor-widget elementor-widget-text-editor\" data-id=\"33dba3c\" data-element_type=\"widget\" data-e-type=\"widget\" data-widget_type=\"text-editor.default\">\n\t\t\t\t<div class=\"elementor-widget-container\">\n\t\t\t\t\t\t\t\t\t<p>El Puig de Massanella es la segunda monta\u00f1a m\u00e1s alta de Mallorca, y <strong>representa todo un desaf\u00edo incluso para senderistas experimentados<\/strong>. S\u00ed, la ruta es exigente, con tramos de ascenso pronunciado y terreno rocoso, por lo que es perfecta si te apetece vivir una experiencia de alta monta\u00f1a en la isla.<\/p>\t\t\t\t\t\t\t\t<\/div>\n\t\t\t\t<\/div>\n\t\t\t\t\t<\/div>\n\t\t\t\t<\/div>\n\t\t<div class=\"elementor-element elementor-element-9017cf3 e-flex e-con-boxed e-con e-parent\" data-id=\"9017cf3\" data-element_type=\"container\" data-e-type=\"container\">\n\t\t\t\t\t<div class=\"e-con-inner\">\n\t\t\t\t<div class=\"elementor-element elementor-element-967c171 elementor-widget elementor-widget-heading\" data-id=\"967c171\" data-element_type=\"widget\" data-e-type=\"widget\" data-widget_type=\"heading.default\">\n\t\t\t\t<div class=\"elementor-widget-container\">\n\t\t\t\t\t<h3 class=\"elementor-heading-title elementor-size-default\">Torrent de Pareis<\/h3>\t\t\t\t<\/div>\n\t\t\t\t<\/div>\n\t\t\t\t<div class=\"elementor-element elementor-element-841fc50 elementor-widget elementor-widget-text-editor\" data-id=\"841fc50\" data-element_type=\"widget\" data-e-type=\"widget\" data-widget_type=\"text-editor.default\">\n\t\t\t\t<div class=\"elementor-widget-container\">\n\t\t\t\t\t\t\t\t\t<p>Si te gusta la aventura y tienes entrenamiento previo, esta es la ruta de tus sue\u00f1os. El paisaje es una locura y la dificultad alta, <strong>adem\u00e1s es famosa por su espectacular ca\u00f1\u00f3n entre acantilados<\/strong>. Este sendero es m\u00e1s para excursionistas experimentados, ya que el terreno es abrupto y tiene un par de pasos t\u00e9cnicos que incluyen trepadas y zonas estrechas.<\/p>\t\t\t\t\t\t\t\t<\/div>\n\t\t\t\t<\/div>\n\t\t\t\t<div class=\"elementor-element elementor-element-66a6d73 elementor-widget elementor-widget-image\" data-id=\"66a6d73\" data-element_type=\"widget\" data-e-type=\"widget\" data-widget_type=\"image.default\">\n\t\t\t\t<div class=\"elementor-widget-container\">\n\t\t\t\t\t\t\t\t\t\t\t\t\t\t\t<img decoding=\"async\" width=\"1254\" height=\"626\" src=\"https:\/\/rentallorca.com\/blog\/wp-content\/uploads\/2025\/06\/Torrent-de-Pareis.jpg\" class=\"attachment-full size-full wp-image-1739\" alt=\"\" srcset=\"https:\/\/rentallorca.com\/blog\/wp-content\/uploads\/2025\/06\/Torrent-de-Pareis.jpg 1254w, https:\/\/rentallorca.com\/blog\/wp-content\/uploads\/2025\/06\/Torrent-de-Pareis-300x150.jpg 300w, https:\/\/rentallorca.com\/blog\/wp-content\/uploads\/2025\/06\/Torrent-de-Pareis-1024x511.jpg 1024w, https:\/\/rentallorca.com\/blog\/wp-content\/uploads\/2025\/06\/Torrent-de-Pareis-768x383.jpg 768w\" sizes=\"(max-width: 1254px) 100vw, 1254px\" \/>\t\t\t\t\t\t\t\t\t\t\t\t\t\t\t<\/div>\n\t\t\t\t<\/div>\n\t\t\t\t\t<\/div>\n\t\t\t\t<\/div>\n\t\t<div class=\"elementor-element elementor-element-c811141 e-flex e-con-boxed e-con e-parent\" data-id=\"c811141\" data-element_type=\"container\" data-e-type=\"container\">\n\t\t\t\t\t<div class=\"e-con-inner\">\n\t\t\t\t<div class=\"elementor-element elementor-element-51d8dfb elementor-widget elementor-widget-heading\" data-id=\"51d8dfb\" data-element_type=\"widget\" data-e-type=\"widget\" data-widget_type=\"heading.default\">\n\t\t\t\t<div class=\"elementor-widget-container\">\n\t\t\t\t\t<h3 class=\"elementor-heading-title elementor-size-default\">Volta al Puig Roig<\/h3>\t\t\t\t<\/div>\n\t\t\t\t<\/div>\n\t\t\t\t<div class=\"elementor-element elementor-element-e2c276f elementor-widget elementor-widget-text-editor\" data-id=\"e2c276f\" data-element_type=\"widget\" data-e-type=\"widget\" data-widget_type=\"text-editor.default\">\n\t\t\t\t<div class=\"elementor-widget-container\">\n\t\t\t\t\t\t\t\t\t<p>El recorrido rodea el Puig Roig, por lo que podr\u00e1s llenar el carrete de tu m\u00f3vil de vistas panor\u00e1micas, diversidad de paisajes y tener un contacto muy de cerca con la flora y fauna local. Si eres uno de esos senderistas que buscan <strong>un paseo divertido sin tampoco grandes exigencias t\u00e9cnicas<\/strong>, aqu\u00ed vas a gozar de la tranquilidad y belleza natural de Mallorca.<\/p>\t\t\t\t\t\t\t\t<\/div>\n\t\t\t\t<\/div>\n\t\t\t\t\t<\/div>\n\t\t\t\t<\/div>\n\t\t<div class=\"elementor-element elementor-element-df2007b e-flex e-con-boxed e-con e-parent\" data-id=\"df2007b\" data-element_type=\"container\" data-e-type=\"container\">\n\t\t\t\t\t<div class=\"e-con-inner\">\n\t\t\t\t<div class=\"elementor-element elementor-element-8c83e36 elementor-widget elementor-widget-heading\" data-id=\"8c83e36\" data-element_type=\"widget\" data-e-type=\"widget\" data-widget_type=\"heading.default\">\n\t\t\t\t<div class=\"elementor-widget-container\">\n\t\t\t\t\t<h3 class=\"elementor-heading-title elementor-size-default\">Puig des Teix desde Valldemossa<\/h3>\t\t\t\t<\/div>\n\t\t\t\t<\/div>\n\t\t\t\t<div class=\"elementor-element elementor-element-8c37f1b elementor-widget elementor-widget-text-editor\" data-id=\"8c37f1b\" data-element_type=\"widget\" data-e-type=\"widget\" data-widget_type=\"text-editor.default\">\n\t\t\t\t<div class=\"elementor-widget-container\">\n\t\t\t\t\t\t\t\t\t<p>Este sendero atraviesa bosques mediterr\u00e1neos y <strong>tiene unas vistas espectaculares del valle de Valldemossa y la costa<\/strong>. Se puede acceder a \u00e9l desde el pueblo y la belleza del paisaje crea una combinaci\u00f3n perfecta de experiencia cultural y natural en un solo paseo.<\/p>\t\t\t\t\t\t\t\t<\/div>\n\t\t\t\t<\/div>\n\t\t\t\t\t<\/div>\n\t\t\t\t<\/div>\n\t\t<div class=\"elementor-element elementor-element-bcca3be e-flex e-con-boxed e-con e-parent\" data-id=\"bcca3be\" data-element_type=\"container\" data-e-type=\"container\">\n\t\t\t\t\t<div class=\"e-con-inner\">\n\t\t\t\t<div class=\"elementor-element elementor-element-627fc43 elementor-widget elementor-widget-heading\" data-id=\"627fc43\" data-element_type=\"widget\" data-e-type=\"widget\" data-widget_type=\"heading.default\">\n\t\t\t\t<div class=\"elementor-widget-container\">\n\t\t\t\t\t<h3 class=\"elementor-heading-title elementor-size-default\">Ruta a Sa Foradada<\/h3>\t\t\t\t<\/div>\n\t\t\t\t<\/div>\n\t\t\t\t<div class=\"elementor-element elementor-element-fba8e24 elementor-widget elementor-widget-text-editor\" data-id=\"fba8e24\" data-element_type=\"widget\" data-e-type=\"widget\" data-widget_type=\"text-editor.default\">\n\t\t\t\t<div class=\"elementor-widget-container\">\n\t\t\t\t\t\t\t\t\t<p>Este sendero \u00fanico es una caminata popular por su singularidad y belleza costera. De dificultad baja a media, el sendero llega a un mirador con vistas al emblem\u00e1tico agujero natural en la roca, Sa Foradada<strong>. La ruta tiene vistas al mar y un punto fotogr\u00e1fico \u00fanico<\/strong>, siendo una de las favoritas para dar un paseo en familia y hacer un poco de turismo.<\/p>\t\t\t\t\t\t\t\t<\/div>\n\t\t\t\t<\/div>\n\t\t\t\t<div class=\"elementor-element elementor-element-03937d3 elementor-widget elementor-widget-image\" data-id=\"03937d3\" data-element_type=\"widget\" data-e-type=\"widget\" data-widget_type=\"image.default\">\n\t\t\t\t<div class=\"elementor-widget-container\">\n\t\t\t\t\t\t\t\t\t\t\t\t\t\t\t<img decoding=\"async\" width=\"1254\" height=\"627\" src=\"https:\/\/rentallorca.com\/blog\/wp-content\/uploads\/2025\/06\/Ruta-a-Sa-Foradada.jpg\" class=\"attachment-full size-full wp-image-1742\" alt=\"\" srcset=\"https:\/\/rentallorca.com\/blog\/wp-content\/uploads\/2025\/06\/Ruta-a-Sa-Foradada.jpg 1254w, https:\/\/rentallorca.com\/blog\/wp-content\/uploads\/2025\/06\/Ruta-a-Sa-Foradada-300x150.jpg 300w, https:\/\/rentallorca.com\/blog\/wp-content\/uploads\/2025\/06\/Ruta-a-Sa-Foradada-1024x512.jpg 1024w, https:\/\/rentallorca.com\/blog\/wp-content\/uploads\/2025\/06\/Ruta-a-Sa-Foradada-768x384.jpg 768w\" sizes=\"(max-width: 1254px) 100vw, 1254px\" \/>\t\t\t\t\t\t\t\t\t\t\t\t\t\t\t<\/div>\n\t\t\t\t<\/div>\n\t\t\t\t\t<\/div>\n\t\t\t\t<\/div>\n\t\t<div class=\"elementor-element elementor-element-9837ed6 e-flex e-con-boxed e-con e-parent\" data-id=\"9837ed6\" data-element_type=\"container\" data-e-type=\"container\">\n\t\t\t\t\t<div class=\"e-con-inner\">\n\t\t\t\t<div class=\"elementor-element elementor-element-b28845d elementor-widget elementor-widget-heading\" data-id=\"b28845d\" data-element_type=\"widget\" data-e-type=\"widget\" data-widget_type=\"heading.default\">\n\t\t\t\t<div class=\"elementor-widget-container\">\n\t\t\t\t\t<h3 class=\"elementor-heading-title elementor-size-default\">Sa Costera (S\u00f3ller - Tuent)<\/h3>\t\t\t\t<\/div>\n\t\t\t\t<\/div>\n\t\t\t\t<div class=\"elementor-element elementor-element-8a37d54 elementor-widget elementor-widget-text-editor\" data-id=\"8a37d54\" data-element_type=\"widget\" data-e-type=\"widget\" data-widget_type=\"text-editor.default\">\n\t\t\t\t<div class=\"elementor-widget-container\">\n\t\t\t\t\t\t\t\t\t<p>La ruta Sa Costera une S\u00f3ller es <strong>conocida por su dificultad alta debido a su longitud y desnivel considerable<\/strong>. Pero su recompensa son sus vistas espectaculares del mar y la Serra de Tramuntana.<\/p><p>Esta traves\u00eda <strong>te lleva a paisajes variados desde bosques hasta acantilados<\/strong>. Es m\u00e1s habitual en senderistas experimentados que buscan un reto f\u00edsico importante y quieren meterse hasta el fondo en la naturaleza mallorquina.<\/p>\t\t\t\t\t\t\t\t<\/div>\n\t\t\t\t<\/div>\n\t\t\t\t\t<\/div>\n\t\t\t\t<\/div>\n\t\t<div class=\"elementor-element elementor-element-44ebf4e e-flex e-con-boxed e-con e-parent\" data-id=\"44ebf4e\" data-element_type=\"container\" data-e-type=\"container\">\n\t\t\t\t\t<div class=\"e-con-inner\">\n\t\t\t\t<div class=\"elementor-element elementor-element-979cea3 elementor-widget elementor-widget-heading\" data-id=\"979cea3\" data-element_type=\"widget\" data-e-type=\"widget\" data-widget_type=\"heading.default\">\n\t\t\t\t<div class=\"elementor-widget-container\">\n\t\t\t\t\t<h3 class=\"elementor-heading-title elementor-size-default\">S'Arenalet d'Albarca <\/h3>\t\t\t\t<\/div>\n\t\t\t\t<\/div>\n\t\t\t\t<div class=\"elementor-element elementor-element-ee88ec7 elementor-widget elementor-widget-text-editor\" data-id=\"ee88ec7\" data-element_type=\"widget\" data-e-type=\"widget\" data-widget_type=\"text-editor.default\">\n\t\t\t\t<div class=\"elementor-widget-container\">\n\t\t\t\t\t\t\t\t\t<p>Si te gustan los senderos exclusivos y tranquilos, el recorrido S&#8217;Arenalet d&#8217;Albarca <strong>brinda un camino costero que destaca por su entorno natural<\/strong> protegido con una playa de dif\u00edcil acceso. Es muy elegido por quienes buscan una experiencia m\u00e1s salvaje y menos concurrida, disfrutando de la naturaleza virgen y el mar en un entorno apartado.<\/p>\t\t\t\t\t\t\t\t<\/div>\n\t\t\t\t<\/div>\n\t\t\t\t<div class=\"elementor-element elementor-element-588086a elementor-widget elementor-widget-image\" data-id=\"588086a\" data-element_type=\"widget\" data-e-type=\"widget\" data-widget_type=\"image.default\">\n\t\t\t\t<div class=\"elementor-widget-container\">\n\t\t\t\t\t\t\t\t\t\t\t\t\t\t\t<img loading=\"lazy\" decoding=\"async\" width=\"1183\" height=\"591\" src=\"https:\/\/rentallorca.com\/blog\/wp-content\/uploads\/2025\/06\/SArenalet-dAlbarca.jpg\" class=\"attachment-full size-full wp-image-1745\" alt=\"\" srcset=\"https:\/\/rentallorca.com\/blog\/wp-content\/uploads\/2025\/06\/SArenalet-dAlbarca.jpg 1183w, https:\/\/rentallorca.com\/blog\/wp-content\/uploads\/2025\/06\/SArenalet-dAlbarca-300x150.jpg 300w, https:\/\/rentallorca.com\/blog\/wp-content\/uploads\/2025\/06\/SArenalet-dAlbarca-1024x512.jpg 1024w, https:\/\/rentallorca.com\/blog\/wp-content\/uploads\/2025\/06\/SArenalet-dAlbarca-768x384.jpg 768w\" sizes=\"(max-width: 1183px) 100vw, 1183px\" \/>\t\t\t\t\t\t\t\t\t\t\t\t\t\t\t<\/div>\n\t\t\t\t<\/div>\n\t\t\t\t\t<\/div>\n\t\t\t\t<\/div>\n\t\t<div class=\"elementor-element elementor-element-6f9a7d2 e-flex e-con-boxed e-con e-parent\" data-id=\"6f9a7d2\" data-element_type=\"container\" data-e-type=\"container\">\n\t\t\t\t\t<div class=\"e-con-inner\">\n\t\t\t\t<div class=\"elementor-element elementor-element-0028e6b elementor-widget elementor-widget-heading\" data-id=\"0028e6b\" data-element_type=\"widget\" data-e-type=\"widget\" data-widget_type=\"heading.default\">\n\t\t\t\t<div class=\"elementor-widget-container\">\n\t\t\t\t\t<h2 class=\"elementor-heading-title elementor-size-default\">Hay opciones de sobra para disfrutar de la naturaleza en Mallorca, pero\u2026 \u00bftienes ya alojamiento?<\/h2>\t\t\t\t<\/div>\n\t\t\t\t<\/div>\n\t\t\t\t<div class=\"elementor-element elementor-element-cdaf014 elementor-widget elementor-widget-text-editor\" data-id=\"cdaf014\" data-element_type=\"widget\" data-e-type=\"widget\" data-widget_type=\"text-editor.default\">\n\t\t\t\t<div class=\"elementor-widget-container\">\n\t\t\t\t\t\t\t\t\t<p>No te vamos a mentir, hacer rutas cansa bastante. Y si est\u00e1s leyendo este art\u00edculo es porque ya lo sabes de sobra. Ahora bien, <strong>imagina que vuelves de tu ruta de senderismo y lo que te espera es un alojamiento inc\u00f3modo<\/strong> y que no est\u00e1 a la altura de lo que necesitas. Ser\u00eda un desastre, \u00bfverdad?<\/p><p>Bueno, por suerte est\u00e1s a tiempo de evitarlo<strong>. Solo tienes que reservar tu alojamiento en Mallorca en nuestra web. <\/strong>Elige la opci\u00f3n que m\u00e1s se adapte a lo que necesitas, siempre con un precio competitivo y las mejores calidades. Con nosotros, tus rutas de senderismo tendr\u00e1s siempre un final feliz: el de regresar a un lugar en el que sentirte como en casa.<\/p>\t\t\t\t\t\t\t\t<\/div>\n\t\t\t\t<\/div>\n\t\t\t\t\t<\/div>\n\t\t\t\t<\/div>\n\t\t<div class=\"elementor-element elementor-element-12463464 e-flex e-con-boxed e-con e-parent\" data-id=\"12463464\" data-element_type=\"container\" data-e-type=\"container\">\n\t\t\t\t\t<div class=\"e-con-inner\">\n\t\t\t\t<div class=\"elementor-element elementor-element-1cd7bbf5 elementor-widget elementor-widget-shortcode\" data-id=\"1cd7bbf5\" data-element_type=\"widget\" data-e-type=\"widget\" data-widget_type=\"shortcode.default\">\n\t\t\t\t<div class=\"elementor-widget-container\">\n\t\t\t\t\t\t\t<div class=\"elementor-shortcode\">\t\t<div data-elementor-type=\"page\" data-elementor-id=\"170\" class=\"elementor elementor-170\" data-elementor-post-type=\"elementor_library\">\n\t\t\t\t<div class=\"elementor-element elementor-element-16c5e22 e-flex e-con-boxed e-con e-parent\" data-id=\"16c5e22\" data-element_type=\"container\" data-e-type=\"container\">\n\t\t\t\t\t<div class=\"e-con-inner\">\n\t\t<div class=\"elementor-element elementor-element-ac67807 e-con-full e-flex e-con e-child\" data-id=\"ac67807\" data-element_type=\"container\" data-e-type=\"container\">\n\t\t\t\t<div class=\"elementor-element elementor-element-2ab04b2 elementor-align-justify elementor-widget elementor-widget-button\" data-id=\"2ab04b2\" data-element_type=\"widget\" data-e-type=\"widget\" data-widget_type=\"button.default\">\n\t\t\t\t<div class=\"elementor-widget-container\">\n\t\t\t\t\t\t\t\t\t<div class=\"elementor-button-wrapper\">\n\t\t\t\t\t<a class=\"elementor-button elementor-button-link elementor-size-sm\" href=\"https:\/\/rentallorca.com\/alquiler\/alquileres-mallorca-e21\/\">\n\t\t\t\t\t\t<span class=\"elementor-button-content-wrapper\">\n\t\t\t\t\t\t\t\t\t<span class=\"elementor-button-text\">Alojamientos Mallorca<\/span>\n\t\t\t\t\t<\/span>\n\t\t\t\t\t<\/a>\n\t\t\t\t<\/div>\n\t\t\t\t\t\t\t\t<\/div>\n\t\t\t\t<\/div>\n\t\t\t\t<\/div>\n\t\t<div class=\"elementor-element elementor-element-6bea3dd e-con-full e-flex e-con e-child\" data-id=\"6bea3dd\" data-element_type=\"container\" data-e-type=\"container\">\n\t\t\t\t<div class=\"elementor-element elementor-element-ff8a437 elementor-align-justify elementor-widget elementor-widget-button\" data-id=\"ff8a437\" data-element_type=\"widget\" data-e-type=\"widget\" data-widget_type=\"button.default\">\n\t\t\t\t<div class=\"elementor-widget-container\">\n\t\t\t\t\t\t\t\t\t<div class=\"elementor-button-wrapper\">\n\t\t\t\t\t<a class=\"elementor-button elementor-button-link elementor-size-sm\" href=\"https:\/\/rentallorca.com\/alquiler\/apartamentos-mallorca-c1e21\/\">\n\t\t\t\t\t\t<span class=\"elementor-button-content-wrapper\">\n\t\t\t\t\t\t\t\t\t<span class=\"elementor-button-text\">Apartamentos Mallorca<\/span>\n\t\t\t\t\t<\/span>\n\t\t\t\t\t<\/a>\n\t\t\t\t<\/div>\n\t\t\t\t\t\t\t\t<\/div>\n\t\t\t\t<\/div>\n\t\t\t\t<\/div>\n\t\t<div class=\"elementor-element elementor-element-d557a64 e-con-full e-flex e-con e-child\" data-id=\"d557a64\" data-element_type=\"container\" data-e-type=\"container\">\n\t\t\t\t<div class=\"elementor-element elementor-element-4421fc4 elementor-align-justify elementor-widget elementor-widget-button\" data-id=\"4421fc4\" data-element_type=\"widget\" data-e-type=\"widget\" data-widget_type=\"button.default\">\n\t\t\t\t<div class=\"elementor-widget-container\">\n\t\t\t\t\t\t\t\t\t<div class=\"elementor-button-wrapper\">\n\t\t\t\t\t<a class=\"elementor-button elementor-button-link elementor-size-sm\" href=\"https:\/\/rentallorca.com\/alquiler\/casas-alcudia-c19d1098\/\">\n\t\t\t\t\t\t<span class=\"elementor-button-content-wrapper\">\n\t\t\t\t\t\t\t\t\t<span class=\"elementor-button-text\">Casas Mallorca<\/span>\n\t\t\t\t\t<\/span>\n\t\t\t\t\t<\/a>\n\t\t\t\t<\/div>\n\t\t\t\t\t\t\t\t<\/div>\n\t\t\t\t<\/div>\n\t\t\t\t<\/div>\n\t\t<div class=\"elementor-element elementor-element-995a361 e-con-full e-flex e-con e-child\" data-id=\"995a361\" data-element_type=\"container\" data-e-type=\"container\">\n\t\t\t\t<div class=\"elementor-element elementor-element-e6addd0 elementor-align-justify elementor-widget elementor-widget-button\" data-id=\"e6addd0\" data-element_type=\"widget\" data-e-type=\"widget\" data-widget_type=\"button.default\">\n\t\t\t\t<div class=\"elementor-widget-container\">\n\t\t\t\t\t\t\t\t\t<div class=\"elementor-button-wrapper\">\n\t\t\t\t\t<a class=\"elementor-button elementor-button-link elementor-size-sm\" href=\"https:\/\/rentallorca.com\/alquiler\/fincas-mallorca-c22e21\/\">\n\t\t\t\t\t\t<span class=\"elementor-button-content-wrapper\">\n\t\t\t\t\t\t\t\t\t<span class=\"elementor-button-text\">Fincas Mallorca<\/span>\n\t\t\t\t\t<\/span>\n\t\t\t\t\t<\/a>\n\t\t\t\t<\/div>\n\t\t\t\t\t\t\t\t<\/div>\n\t\t\t\t<\/div>\n\t\t\t\t<\/div>\n\t\t\t\t\t<\/div>\n\t\t\t\t<\/div>\n\t\t\t\t<\/div>\n\t\t<\/div>\n\t\t\t\t\t\t<\/div>\n\t\t\t\t<\/div>\n\t\t\t\t\t<\/div>\n\t\t\t\t<\/div>\n\t\t\t\t<\/div>\n\t\t","protected":false},"excerpt":{"rendered":"<p>Sabemos que Mallorca es un destino privilegiado si buscas una experiencia de senderismo completa y muy distinta a las tradicionales. Pero lo que quiz\u00e1 no siempre tenemos en cuenta es que el senderismo puede ser mucho m\u00e1s que actividad f\u00edsica. Tambi\u00e9n un viaje por la naturaleza de la zona y su rica historia. La isla [&hellip;]<\/p>\n","protected":false},"author":3,"featured_media":1987,"comment_status":"open","ping_status":"open","sticky":false,"template":"","format":"standard","meta":{"footnotes":""},"categories":[34],"tags":[],"class_list":["post-1715","post","type-post","status-publish","format-standard","has-post-thumbnail","hentry","category-mallorca-destino"],"yoast_head":"<!-- This site is optimized with the Yoast SEO plugin v27.5 - https:\/\/yoast.com\/product\/yoast-seo-wordpress\/ -->\n<title>Estas son las 10 mejores rutas de senderismo en Mallorca - Blog<\/title>\n<meta name=\"description\" content=\"Explora las mejores rutas de senderismo en Mallorca y respira naturaleza. Descubre el encanto de la isla. Visita Mallorca en invierno!\" \/>\n<meta name=\"robots\" content=\"index, follow, max-snippet:-1, max-image-preview:large, max-video-preview:-1\" \/>\n<link rel=\"canonical\" href=\"https:\/\/rentallorca.com\/blog\/rutas-senderismo-mallorca\/\" \/>\n<meta property=\"og:locale\" content=\"es_ES\" \/>\n<meta property=\"og:type\" content=\"article\" \/>\n<meta property=\"og:title\" content=\"Estas son las 10 mejores rutas de senderismo en Mallorca - Blog\" \/>\n<meta property=\"og:description\" content=\"Explora las mejores rutas de senderismo en Mallorca y respira naturaleza. Descubre el encanto de la isla. Visita Mallorca en invierno!\" \/>\n<meta property=\"og:url\" content=\"https:\/\/rentallorca.com\/blog\/rutas-senderismo-mallorca\/\" \/>\n<meta property=\"og:site_name\" content=\"Blog\" \/>\n<meta property=\"article:published_time\" content=\"2025-06-13T10:38:15+00:00\" \/>\n<meta property=\"article:modified_time\" content=\"2025-10-14T06:45:09+00:00\" \/>\n<meta property=\"og:image\" content=\"https:\/\/rentallorca.com\/blog\/wp-content\/uploads\/2025\/06\/rutas-senderismo-mallorca-2.webp\" \/>\n\t<meta property=\"og:image:width\" content=\"1920\" \/>\n\t<meta property=\"og:image:height\" content=\"650\" \/>\n\t<meta property=\"og:image:type\" content=\"image\/webp\" \/>\n<meta name=\"author\" content=\"Axel\" \/>\n<meta name=\"twitter:card\" content=\"summary_large_image\" \/>\n<meta name=\"twitter:label1\" content=\"Written by\" \/>\n\t<meta name=\"twitter:data1\" content=\"Axel\" \/>\n\t<meta name=\"twitter:label2\" content=\"Est. reading time\" \/>\n\t<meta name=\"twitter:data2\" content=\"6 minutes\" \/>\n<script type=\"application\/ld+json\" class=\"yoast-schema-graph\">{\"@context\":\"https:\\\/\\\/schema.org\",\"@graph\":[{\"@type\":\"Article\",\"@id\":\"https:\\\/\\\/rentallorca.com\\\/blog\\\/rutas-senderismo-mallorca\\\/#article\",\"isPartOf\":{\"@id\":\"https:\\\/\\\/rentallorca.com\\\/blog\\\/rutas-senderismo-mallorca\\\/\"},\"author\":{\"name\":\"Axel\",\"@id\":\"https:\\\/\\\/rentallorca.com\\\/blog\\\/#\\\/schema\\\/person\\\/8c5ebe5bf8d43e9757ab6869e1d4cbe4\"},\"headline\":\"Estas son las 10 mejores rutas de senderismo en Mallorca\",\"datePublished\":\"2025-06-13T10:38:15+00:00\",\"dateModified\":\"2025-10-14T06:45:09+00:00\",\"mainEntityOfPage\":{\"@id\":\"https:\\\/\\\/rentallorca.com\\\/blog\\\/rutas-senderismo-mallorca\\\/\"},\"wordCount\":1066,\"commentCount\":0,\"image\":{\"@id\":\"https:\\\/\\\/rentallorca.com\\\/blog\\\/rutas-senderismo-mallorca\\\/#primaryimage\"},\"thumbnailUrl\":\"https:\\\/\\\/rentallorca.com\\\/blog\\\/wp-content\\\/uploads\\\/2025\\\/06\\\/rutas-senderismo-mallorca-2.webp\",\"articleSection\":[\"Mallorca\"],\"inLanguage\":\"es\",\"potentialAction\":[{\"@type\":\"CommentAction\",\"name\":\"Comment\",\"target\":[\"https:\\\/\\\/rentallorca.com\\\/blog\\\/rutas-senderismo-mallorca\\\/#respond\"]}]},{\"@type\":\"WebPage\",\"@id\":\"https:\\\/\\\/rentallorca.com\\\/blog\\\/rutas-senderismo-mallorca\\\/\",\"url\":\"https:\\\/\\\/rentallorca.com\\\/blog\\\/rutas-senderismo-mallorca\\\/\",\"name\":\"Estas son las 10 mejores rutas de senderismo en Mallorca - Blog\",\"isPartOf\":{\"@id\":\"https:\\\/\\\/rentallorca.com\\\/blog\\\/#website\"},\"primaryImageOfPage\":{\"@id\":\"https:\\\/\\\/rentallorca.com\\\/blog\\\/rutas-senderismo-mallorca\\\/#primaryimage\"},\"image\":{\"@id\":\"https:\\\/\\\/rentallorca.com\\\/blog\\\/rutas-senderismo-mallorca\\\/#primaryimage\"},\"thumbnailUrl\":\"https:\\\/\\\/rentallorca.com\\\/blog\\\/wp-content\\\/uploads\\\/2025\\\/06\\\/rutas-senderismo-mallorca-2.webp\",\"datePublished\":\"2025-06-13T10:38:15+00:00\",\"dateModified\":\"2025-10-14T06:45:09+00:00\",\"author\":{\"@id\":\"https:\\\/\\\/rentallorca.com\\\/blog\\\/#\\\/schema\\\/person\\\/8c5ebe5bf8d43e9757ab6869e1d4cbe4\"},\"description\":\"Explora las mejores rutas de senderismo en Mallorca y respira naturaleza. Descubre el encanto de la isla. Visita Mallorca en invierno!\",\"breadcrumb\":{\"@id\":\"https:\\\/\\\/rentallorca.com\\\/blog\\\/rutas-senderismo-mallorca\\\/#breadcrumb\"},\"inLanguage\":\"es\",\"potentialAction\":[{\"@type\":\"ReadAction\",\"target\":[\"https:\\\/\\\/rentallorca.com\\\/blog\\\/rutas-senderismo-mallorca\\\/\"]}]},{\"@type\":\"ImageObject\",\"inLanguage\":\"es\",\"@id\":\"https:\\\/\\\/rentallorca.com\\\/blog\\\/rutas-senderismo-mallorca\\\/#primaryimage\",\"url\":\"https:\\\/\\\/rentallorca.com\\\/blog\\\/wp-content\\\/uploads\\\/2025\\\/06\\\/rutas-senderismo-mallorca-2.webp\",\"contentUrl\":\"https:\\\/\\\/rentallorca.com\\\/blog\\\/wp-content\\\/uploads\\\/2025\\\/06\\\/rutas-senderismo-mallorca-2.webp\",\"width\":1920,\"height\":650},{\"@type\":\"BreadcrumbList\",\"@id\":\"https:\\\/\\\/rentallorca.com\\\/blog\\\/rutas-senderismo-mallorca\\\/#breadcrumb\",\"itemListElement\":[{\"@type\":\"ListItem\",\"position\":1,\"name\":\"Home\",\"item\":\"https:\\\/\\\/rentallorca.com\\\/blog\\\/\"},{\"@type\":\"ListItem\",\"position\":2,\"name\":\"Estas son las 10 mejores rutas de senderismo en Mallorca\"}]},{\"@type\":\"WebSite\",\"@id\":\"https:\\\/\\\/rentallorca.com\\\/blog\\\/#website\",\"url\":\"https:\\\/\\\/rentallorca.com\\\/blog\\\/\",\"name\":\"Blog\",\"description\":\"Rentallorca\",\"potentialAction\":[{\"@type\":\"SearchAction\",\"target\":{\"@type\":\"EntryPoint\",\"urlTemplate\":\"https:\\\/\\\/rentallorca.com\\\/blog\\\/?s={search_term_string}\"},\"query-input\":{\"@type\":\"PropertyValueSpecification\",\"valueRequired\":true,\"valueName\":\"search_term_string\"}}],\"inLanguage\":\"es\"},{\"@type\":\"Person\",\"@id\":\"https:\\\/\\\/rentallorca.com\\\/blog\\\/#\\\/schema\\\/person\\\/8c5ebe5bf8d43e9757ab6869e1d4cbe4\",\"name\":\"Axel\",\"image\":{\"@type\":\"ImageObject\",\"inLanguage\":\"es\",\"@id\":\"https:\\\/\\\/secure.gravatar.com\\\/avatar\\\/3bd706736e5b70f21f05f6c2d5cad746767782a4ba4b7df399c5969e2a9318fd?s=96&d=mm&r=g\",\"url\":\"https:\\\/\\\/secure.gravatar.com\\\/avatar\\\/3bd706736e5b70f21f05f6c2d5cad746767782a4ba4b7df399c5969e2a9318fd?s=96&d=mm&r=g\",\"contentUrl\":\"https:\\\/\\\/secure.gravatar.com\\\/avatar\\\/3bd706736e5b70f21f05f6c2d5cad746767782a4ba4b7df399c5969e2a9318fd?s=96&d=mm&r=g\",\"caption\":\"Axel\"},\"url\":\"https:\\\/\\\/rentallorca.com\\\/blog\\\/author\\\/axel\\\/\"}]}<\/script>\n<!-- \/ Yoast SEO plugin. -->","yoast_head_json":{"title":"Estas son las 10 mejores rutas de senderismo en Mallorca - Blog","description":"Explora las mejores rutas de senderismo en Mallorca y respira naturaleza. Descubre el encanto de la isla. Visita Mallorca en invierno!","robots":{"index":"index","follow":"follow","max-snippet":"max-snippet:-1","max-image-preview":"max-image-preview:large","max-video-preview":"max-video-preview:-1"},"canonical":"https:\/\/rentallorca.com\/blog\/rutas-senderismo-mallorca\/","og_locale":"es_ES","og_type":"article","og_title":"Estas son las 10 mejores rutas de senderismo en Mallorca - Blog","og_description":"Explora las mejores rutas de senderismo en Mallorca y respira naturaleza. Descubre el encanto de la isla. Visita Mallorca en invierno!","og_url":"https:\/\/rentallorca.com\/blog\/rutas-senderismo-mallorca\/","og_site_name":"Blog","article_published_time":"2025-06-13T10:38:15+00:00","article_modified_time":"2025-10-14T06:45:09+00:00","og_image":[{"width":1920,"height":650,"url":"https:\/\/rentallorca.com\/blog\/wp-content\/uploads\/2025\/06\/rutas-senderismo-mallorca-2.webp","type":"image\/webp"}],"author":"Axel","twitter_card":"summary_large_image","twitter_misc":{"Written by":"Axel","Est. reading time":"6 minutes"},"schema":{"@context":"https:\/\/schema.org","@graph":[{"@type":"Article","@id":"https:\/\/rentallorca.com\/blog\/rutas-senderismo-mallorca\/#article","isPartOf":{"@id":"https:\/\/rentallorca.com\/blog\/rutas-senderismo-mallorca\/"},"author":{"name":"Axel","@id":"https:\/\/rentallorca.com\/blog\/#\/schema\/person\/8c5ebe5bf8d43e9757ab6869e1d4cbe4"},"headline":"Estas son las 10 mejores rutas de senderismo en Mallorca","datePublished":"2025-06-13T10:38:15+00:00","dateModified":"2025-10-14T06:45:09+00:00","mainEntityOfPage":{"@id":"https:\/\/rentallorca.com\/blog\/rutas-senderismo-mallorca\/"},"wordCount":1066,"commentCount":0,"image":{"@id":"https:\/\/rentallorca.com\/blog\/rutas-senderismo-mallorca\/#primaryimage"},"thumbnailUrl":"https:\/\/rentallorca.com\/blog\/wp-content\/uploads\/2025\/06\/rutas-senderismo-mallorca-2.webp","articleSection":["Mallorca"],"inLanguage":"es","potentialAction":[{"@type":"CommentAction","name":"Comment","target":["https:\/\/rentallorca.com\/blog\/rutas-senderismo-mallorca\/#respond"]}]},{"@type":"WebPage","@id":"https:\/\/rentallorca.com\/blog\/rutas-senderismo-mallorca\/","url":"https:\/\/rentallorca.com\/blog\/rutas-senderismo-mallorca\/","name":"Estas son las 10 mejores rutas de senderismo en Mallorca - Blog","isPartOf":{"@id":"https:\/\/rentallorca.com\/blog\/#website"},"primaryImageOfPage":{"@id":"https:\/\/rentallorca.com\/blog\/rutas-senderismo-mallorca\/#primaryimage"},"image":{"@id":"https:\/\/rentallorca.com\/blog\/rutas-senderismo-mallorca\/#primaryimage"},"thumbnailUrl":"https:\/\/rentallorca.com\/blog\/wp-content\/uploads\/2025\/06\/rutas-senderismo-mallorca-2.webp","datePublished":"2025-06-13T10:38:15+00:00","dateModified":"2025-10-14T06:45:09+00:00","author":{"@id":"https:\/\/rentallorca.com\/blog\/#\/schema\/person\/8c5ebe5bf8d43e9757ab6869e1d4cbe4"},"description":"Explora las mejores rutas de senderismo en Mallorca y respira naturaleza. Descubre el encanto de la isla. Visita Mallorca en invierno!","breadcrumb":{"@id":"https:\/\/rentallorca.com\/blog\/rutas-senderismo-mallorca\/#breadcrumb"},"inLanguage":"es","potentialAction":[{"@type":"ReadAction","target":["https:\/\/rentallorca.com\/blog\/rutas-senderismo-mallorca\/"]}]},{"@type":"ImageObject","inLanguage":"es","@id":"https:\/\/rentallorca.com\/blog\/rutas-senderismo-mallorca\/#primaryimage","url":"https:\/\/rentallorca.com\/blog\/wp-content\/uploads\/2025\/06\/rutas-senderismo-mallorca-2.webp","contentUrl":"https:\/\/rentallorca.com\/blog\/wp-content\/uploads\/2025\/06\/rutas-senderismo-mallorca-2.webp","width":1920,"height":650},{"@type":"BreadcrumbList","@id":"https:\/\/rentallorca.com\/blog\/rutas-senderismo-mallorca\/#breadcrumb","itemListElement":[{"@type":"ListItem","position":1,"name":"Home","item":"https:\/\/rentallorca.com\/blog\/"},{"@type":"ListItem","position":2,"name":"Estas son las 10 mejores rutas de senderismo en Mallorca"}]},{"@type":"WebSite","@id":"https:\/\/rentallorca.com\/blog\/#website","url":"https:\/\/rentallorca.com\/blog\/","name":"Blog","description":"Rentallorca","potentialAction":[{"@type":"SearchAction","target":{"@type":"EntryPoint","urlTemplate":"https:\/\/rentallorca.com\/blog\/?s={search_term_string}"},"query-input":{"@type":"PropertyValueSpecification","valueRequired":true,"valueName":"search_term_string"}}],"inLanguage":"es"},{"@type":"Person","@id":"https:\/\/rentallorca.com\/blog\/#\/schema\/person\/8c5ebe5bf8d43e9757ab6869e1d4cbe4","name":"Axel","image":{"@type":"ImageObject","inLanguage":"es","@id":"https:\/\/secure.gravatar.com\/avatar\/3bd706736e5b70f21f05f6c2d5cad746767782a4ba4b7df399c5969e2a9318fd?s=96&d=mm&r=g","url":"https:\/\/secure.gravatar.com\/avatar\/3bd706736e5b70f21f05f6c2d5cad746767782a4ba4b7df399c5969e2a9318fd?s=96&d=mm&r=g","contentUrl":"https:\/\/secure.gravatar.com\/avatar\/3bd706736e5b70f21f05f6c2d5cad746767782a4ba4b7df399c5969e2a9318fd?s=96&d=mm&r=g","caption":"Axel"},"url":"https:\/\/rentallorca.com\/blog\/author\/axel\/"}]}},"_links":{"self":[{"href":"https:\/\/rentallorca.com\/blog\/wp-json\/wp\/v2\/posts\/1715","targetHints":{"allow":["GET"]}}],"collection":[{"href":"https:\/\/rentallorca.com\/blog\/wp-json\/wp\/v2\/posts"}],"about":[{"href":"https:\/\/rentallorca.com\/blog\/wp-json\/wp\/v2\/types\/post"}],"author":[{"embeddable":true,"href":"https:\/\/rentallorca.com\/blog\/wp-json\/wp\/v2\/users\/3"}],"replies":[{"embeddable":true,"href":"https:\/\/rentallorca.com\/blog\/wp-json\/wp\/v2\/comments?post=1715"}],"version-history":[{"count":16,"href":"https:\/\/rentallorca.com\/blog\/wp-json\/wp\/v2\/posts\/1715\/revisions"}],"predecessor-version":[{"id":2251,"href":"https:\/\/rentallorca.com\/blog\/wp-json\/wp\/v2\/posts\/1715\/revisions\/2251"}],"wp:featuredmedia":[{"embeddable":true,"href":"https:\/\/rentallorca.com\/blog\/wp-json\/wp\/v2\/media\/1987"}],"wp:attachment":[{"href":"https:\/\/rentallorca.com\/blog\/wp-json\/wp\/v2\/media?parent=1715"}],"wp:term":[{"taxonomy":"category","embeddable":true,"href":"https:\/\/rentallorca.com\/blog\/wp-json\/wp\/v2\/categories?post=1715"},{"taxonomy":"post_tag","embeddable":true,"href":"https:\/\/rentallorca.com\/blog\/wp-json\/wp\/v2\/tags?post=1715"}],"curies":[{"name":"wp","href":"https:\/\/api.w.org\/{rel}","templated":true}]}}