{"id":1710,"date":"2025-06-13T10:27:28","date_gmt":"2025-06-13T10:27:28","guid":{"rendered":"https:\/\/rentallorca.com\/blog\/?p=1710"},"modified":"2025-08-25T12:42:43","modified_gmt":"2025-08-25T12:42:43","slug":"manacor","status":"publish","type":"post","link":"https:\/\/rentallorca.com\/blog\/manacor\/","title":{"rendered":"\u00bfNo sabes qu\u00e9 ver en Manacor? Aqu\u00ed tienes tu gu\u00eda completa"},"content":{"rendered":"\t\t<div data-elementor-type=\"wp-post\" data-elementor-id=\"1710\" class=\"elementor elementor-1710\" data-elementor-post-type=\"post\">\n\t\t\t\t<div class=\"elementor-element elementor-element-4b70e5fd e-flex e-con-boxed e-con e-parent\" data-id=\"4b70e5fd\" data-element_type=\"container\" data-e-type=\"container\">\n\t\t\t\t\t<div class=\"e-con-inner\">\n\t\t\t\t<div class=\"elementor-element elementor-element-55a019d0 elementor-widget elementor-widget-text-editor\" data-id=\"55a019d0\" data-element_type=\"widget\" data-e-type=\"widget\" data-widget_type=\"text-editor.default\">\n\t\t\t\t<div class=\"elementor-widget-container\">\n\t\t\t\t\t\t\t\t\t<p>S\u00ed, sabemos que por mucho que la geograf\u00eda mallorquina no sea tu fuerte, <strong>has escuchado mil veces el nombre de Manacor<\/strong>. Quiz\u00e1 por cierto tenista que ganaba alg\u00fan t\u00edtulo que otro hace no tantos a\u00f1os\u2026 qui\u00e9n sabe.<\/p><p>Pero tampoco te sorprender\u00e1 mucho si te decimos que Manacor es mucho (much\u00edsimo) m\u00e1s que la tierra de Rafa Nadal. Estamos hablando de <strong>una de las ciudades m\u00e1s bonitas de Mallorca,<\/strong> que es elegida cada a\u00f1o por los turistas para disfrutar de todo su encanto.<\/p><p>Ahora bien, \u00bfya sabes qu\u00e9 hacer en Manacor? <strong>\u00bfTe interesa una peque\u00f1a gu\u00eda para planificar tu visita? <\/strong>No lo dudes m\u00e1s y sigue leyendo este art\u00edculo con informaci\u00f3n top para que vivas la mejor experiencia. \u00a1Vamos all\u00e1!<\/p>\t\t\t\t\t\t\t\t<\/div>\n\t\t\t\t<\/div>\n\t\t\t\t\t<\/div>\n\t\t\t\t<\/div>\n\t\t<div class=\"elementor-element elementor-element-2bb88bdd e-flex e-con-boxed e-con e-parent\" data-id=\"2bb88bdd\" data-element_type=\"container\" data-e-type=\"container\">\n\t\t\t\t\t<div class=\"e-con-inner\">\n\t\t\t\t<div class=\"elementor-element elementor-element-4478de36 elementor-widget elementor-widget-table-of-contents\" data-id=\"4478de36\" data-element_type=\"widget\" data-e-type=\"widget\" data-settings=\"{&quot;headings_by_tags&quot;:[&quot;h2&quot;,&quot;h3&quot;],&quot;exclude_headings_by_selector&quot;:[],&quot;marker_view&quot;:&quot;bullets&quot;,&quot;icon&quot;:{&quot;value&quot;:&quot;&quot;,&quot;library&quot;:&quot;&quot;},&quot;no_headings_message&quot;:&quot;No se ha encontrado ning\\u00fan encabezado en esta p\\u00e1gina.&quot;,&quot;hierarchical_view&quot;:&quot;yes&quot;,&quot;min_height&quot;:{&quot;unit&quot;:&quot;px&quot;,&quot;size&quot;:&quot;&quot;,&quot;sizes&quot;:[]},&quot;min_height_tablet&quot;:{&quot;unit&quot;:&quot;px&quot;,&quot;size&quot;:&quot;&quot;,&quot;sizes&quot;:[]},&quot;min_height_mobile&quot;:{&quot;unit&quot;:&quot;px&quot;,&quot;size&quot;:&quot;&quot;,&quot;sizes&quot;:[]}}\" data-widget_type=\"table-of-contents.default\">\n\t\t\t\t<div class=\"elementor-widget-container\">\n\t\t\t\t\t\t\t\t\t<div class=\"elementor-toc__header\">\n\t\t\t\t\t\t<div class=\"elementor-toc__header-title\">\n\t\t\t\tContenidos\t\t\t<\/div>\n\t\t\t\t\t\t\t\t<\/div>\n\t\t\t\t<div id=\"elementor-toc__4478de36\" class=\"elementor-toc__body\">\n\t\t\t<div class=\"elementor-toc__spinner-container\">\n\t\t\t\t<svg class=\"elementor-toc__spinner eicon-animation-spin e-font-icon-svg e-eicon-loading\" aria-hidden=\"true\" viewBox=\"0 0 1000 1000\" xmlns=\"http:\/\/www.w3.org\/2000\/svg\"><path d=\"M500 975V858C696 858 858 696 858 500S696 142 500 142 142 304 142 500H25C25 237 238 25 500 25S975 237 975 500 763 975 500 975Z\"><\/path><\/svg>\t\t\t<\/div>\n\t\t<\/div>\n\t\t\t\t\t\t<\/div>\n\t\t\t\t<\/div>\n\t\t\t\t\t<\/div>\n\t\t\t\t<\/div>\n\t\t<div class=\"elementor-element elementor-element-169b2c18 e-flex e-con-boxed e-con e-parent\" data-id=\"169b2c18\" data-element_type=\"container\" data-e-type=\"container\">\n\t\t\t\t\t<div class=\"e-con-inner\">\n\t\t\t\t<div class=\"elementor-element elementor-element-5a35ce4b elementor-widget elementor-widget-heading\" data-id=\"5a35ce4b\" data-element_type=\"widget\" data-e-type=\"widget\" data-widget_type=\"heading.default\">\n\t\t\t\t<div class=\"elementor-widget-container\">\n\t\t\t\t\t<h2 class=\"elementor-heading-title elementor-size-default\">Estos son los lugares imprescindibles de Manacor<\/h2>\t\t\t\t<\/div>\n\t\t\t\t<\/div>\n\t\t\t\t<div class=\"elementor-element elementor-element-6a436bd elementor-widget elementor-widget-text-editor\" data-id=\"6a436bd\" data-element_type=\"widget\" data-e-type=\"widget\" data-widget_type=\"text-editor.default\">\n\t\t\t\t<div class=\"elementor-widget-container\">\n\t\t\t\t\t\t\t\t\t<p>Quiz\u00e1 no lo sab\u00edas, pero <strong>esta hermosa ciudad es la segunda m\u00e1s poblada de Mallorca.<\/strong> \u00a0Miles de personas viven en ella, y otras tantas la elijen como destino vacacional por su gastronom\u00eda y actividades tanto nocturnas como diarias.<\/p><p>Manacor combina tradici\u00f3n y naturaleza, por lo que <strong>es perfecta si te apetecen unas vacaciones completas y aut\u00e9nticas en la isla<\/strong>, no solo disfrutar de playa (que no es poco). Tambi\u00e9n tiene lugares incre\u00edbles para quienes viajan con familia, amigos o de manera m\u00e1s solitaria.<\/p><p>Aqu\u00ed te dejamos <strong>los lugares impredecibles que debes visitar estando all\u00ed<\/strong>. Los vemos a continuaci\u00f3n:<\/p>\t\t\t\t\t\t\t\t<\/div>\n\t\t\t\t<\/div>\n\t\t\t\t\t<\/div>\n\t\t\t\t<\/div>\n\t\t<div class=\"elementor-element elementor-element-717bb15a e-flex e-con-boxed e-con e-parent\" data-id=\"717bb15a\" data-element_type=\"container\" data-e-type=\"container\">\n\t\t\t\t\t<div class=\"e-con-inner\">\n\t\t\t\t<div class=\"elementor-element elementor-element-111416cd elementor-widget elementor-widget-heading\" data-id=\"111416cd\" data-element_type=\"widget\" data-e-type=\"widget\" data-widget_type=\"heading.default\">\n\t\t\t\t<div class=\"elementor-widget-container\">\n\t\t\t\t\t<h3 class=\"elementor-heading-title elementor-size-default\">Iglesia de Nuestra Se\u00f1ora de los Dolores<\/h3>\t\t\t\t<\/div>\n\t\t\t\t<\/div>\n\t\t\t\t<div class=\"elementor-element elementor-element-2a2ca4b0 elementor-widget elementor-widget-text-editor\" data-id=\"2a2ca4b0\" data-element_type=\"widget\" data-e-type=\"widget\" data-widget_type=\"text-editor.default\">\n\t\t\t\t<div class=\"elementor-widget-container\">\n\t\t\t\t\t\t\t\t\t<p>Es una <strong>joya arquitect\u00f3nica de estilo neog\u00f3tico del siglo XIX<\/strong> que no te puedes perder. Su imponente fachada y sus torres gemelas dominan el skyline del centro hist\u00f3rico, convirti\u00e9ndola en uno de los s\u00edmbolos m\u00e1s reconocibles de la ciudad.<\/p>\t\t\t\t\t\t\t\t<\/div>\n\t\t\t\t<\/div>\n\t\t\t\t\t<\/div>\n\t\t\t\t<\/div>\n\t\t<div class=\"elementor-element elementor-element-03b6f32 e-flex e-con-boxed e-con e-parent\" data-id=\"03b6f32\" data-element_type=\"container\" data-e-type=\"container\">\n\t\t\t\t\t<div class=\"e-con-inner\">\n\t\t\t\t<div class=\"elementor-element elementor-element-ec2df23 elementor-widget elementor-widget-heading\" data-id=\"ec2df23\" data-element_type=\"widget\" data-e-type=\"widget\" data-widget_type=\"heading.default\">\n\t\t\t\t<div class=\"elementor-widget-container\">\n\t\t\t\t\t<h3 class=\"elementor-heading-title elementor-size-default\">Museo de Historia<\/h3>\t\t\t\t<\/div>\n\t\t\t\t<\/div>\n\t\t\t\t<div class=\"elementor-element elementor-element-7454893 elementor-widget elementor-widget-text-editor\" data-id=\"7454893\" data-element_type=\"widget\" data-e-type=\"widget\" data-widget_type=\"text-editor.default\">\n\t\t\t\t<div class=\"elementor-widget-container\">\n\t\t\t\t\t\t\t\t\t<p>Ubicado en la Torre dels Enagistes, <strong>ofrece una visi\u00f3n del pasado de Manacor, desde la prehistoria hasta la \u00e9poca moderna.<\/strong> Esta antigua construcci\u00f3n defensiva del siglo XIV es ya de por s\u00ed una atracci\u00f3n, pero espera a descubrir lo que guarda en su interior. Las exposiciones te llevan en un viaje temporal fascinante donde podr\u00e1s entender c\u00f3mo era la vida en Mallorca siglos atr\u00e1s.<\/p>\t\t\t\t\t\t\t\t<\/div>\n\t\t\t\t<\/div>\n\t\t\t\t<div class=\"elementor-element elementor-element-e3f42ea elementor-widget elementor-widget-image\" data-id=\"e3f42ea\" data-element_type=\"widget\" data-e-type=\"widget\" data-widget_type=\"image.default\">\n\t\t\t\t<div class=\"elementor-widget-container\">\n\t\t\t\t\t\t\t\t\t\t\t\t\t\t\t<img fetchpriority=\"high\" decoding=\"async\" width=\"1254\" height=\"705\" src=\"https:\/\/rentallorca.com\/blog\/wp-content\/uploads\/2025\/06\/museo-manacor.jpg\" class=\"attachment-full size-full wp-image-1723\" alt=\"\" srcset=\"https:\/\/rentallorca.com\/blog\/wp-content\/uploads\/2025\/06\/museo-manacor.jpg 1254w, https:\/\/rentallorca.com\/blog\/wp-content\/uploads\/2025\/06\/museo-manacor-300x169.jpg 300w, https:\/\/rentallorca.com\/blog\/wp-content\/uploads\/2025\/06\/museo-manacor-1024x576.jpg 1024w, https:\/\/rentallorca.com\/blog\/wp-content\/uploads\/2025\/06\/museo-manacor-768x432.jpg 768w\" sizes=\"(max-width: 1254px) 100vw, 1254px\" \/>\t\t\t\t\t\t\t\t\t\t\t\t\t\t\t<\/div>\n\t\t\t\t<\/div>\n\t\t\t\t\t<\/div>\n\t\t\t\t<\/div>\n\t\t<div class=\"elementor-element elementor-element-9224f02 e-flex e-con-boxed e-con e-parent\" data-id=\"9224f02\" data-element_type=\"container\" data-e-type=\"container\">\n\t\t\t\t\t<div class=\"e-con-inner\">\n\t\t\t\t<div class=\"elementor-element elementor-element-a915499 elementor-widget elementor-widget-heading\" data-id=\"a915499\" data-element_type=\"widget\" data-e-type=\"widget\" data-widget_type=\"heading.default\">\n\t\t\t\t<div class=\"elementor-widget-container\">\n\t\t\t\t\t<h3 class=\"elementor-heading-title elementor-size-default\">Rafa Nadal Museum Xperience<\/h3>\t\t\t\t<\/div>\n\t\t\t\t<\/div>\n\t\t\t\t<div class=\"elementor-element elementor-element-6675bcb elementor-widget elementor-widget-text-editor\" data-id=\"6675bcb\" data-element_type=\"widget\" data-e-type=\"widget\" data-widget_type=\"text-editor.default\">\n\t\t\t\t<div class=\"elementor-widget-container\">\n\t\t\t\t\t\t\t\t\t<p>El museo exhibe <strong>trofeos y objetos de inter\u00e9s de Rafael Nadal y otros deportistas famosos.<\/strong> Adem\u00e1s, los visitantes pueden disfrutar de simuladores interactivos de F\u00f3rmula 1 y tenis. Aunque no seas muy fan del deporte, te aseguramos que vas a salir de aqu\u00ed con una sonrisa.<\/p>\t\t\t\t\t\t\t\t<\/div>\n\t\t\t\t<\/div>\n\t\t\t\t\t<\/div>\n\t\t\t\t<\/div>\n\t\t<div class=\"elementor-element elementor-element-f3f89a0 e-flex e-con-boxed e-con e-parent\" data-id=\"f3f89a0\" data-element_type=\"container\" data-e-type=\"container\">\n\t\t\t\t\t<div class=\"e-con-inner\">\n\t\t\t\t<div class=\"elementor-element elementor-element-031542c elementor-widget elementor-widget-heading\" data-id=\"031542c\" data-element_type=\"widget\" data-e-type=\"widget\" data-widget_type=\"heading.default\">\n\t\t\t\t<div class=\"elementor-widget-container\">\n\t\t\t\t\t<h3 class=\"elementor-heading-title elementor-size-default\">F\u00e1brica de perlas Majorica <\/h3>\t\t\t\t<\/div>\n\t\t\t\t<\/div>\n\t\t\t\t<div class=\"elementor-element elementor-element-4c2f137 elementor-widget elementor-widget-text-editor\" data-id=\"4c2f137\" data-element_type=\"widget\" data-e-type=\"widget\" data-widget_type=\"text-editor.default\">\n\t\t\t\t<div class=\"elementor-widget-container\">\n\t\t\t\t\t\t\t\t\t<p>Lo que comenz\u00f3 como una peque\u00f1a empresa familiar en 1890 se ha convertido en todo un referente mundial, y la visita <strong>te permite descubrir todos los secretos detr\u00e1s de estas joyas tan especiales<\/strong>. El tour guiado te explica paso a paso c\u00f3mo se crean estas perlas que son pr\u00e1cticamente indistinguibles de las naturales, y lo mejor de todo es que puedes ver a los artesanos trabajando en tiempo real<\/p>\t\t\t\t\t\t\t\t<\/div>\n\t\t\t\t<\/div>\n\t\t\t\t\t<\/div>\n\t\t\t\t<\/div>\n\t\t<div class=\"elementor-element elementor-element-b87f6ec e-flex e-con-boxed e-con e-parent\" data-id=\"b87f6ec\" data-element_type=\"container\" data-e-type=\"container\">\n\t\t\t\t\t<div class=\"e-con-inner\">\n\t\t\t\t<div class=\"elementor-element elementor-element-1aa1026 elementor-widget elementor-widget-heading\" data-id=\"1aa1026\" data-element_type=\"widget\" data-e-type=\"widget\" data-widget_type=\"heading.default\">\n\t\t\t\t<div class=\"elementor-widget-container\">\n\t\t\t\t\t<h3 class=\"elementor-heading-title elementor-size-default\">Mercados semanales<\/h3>\t\t\t\t<\/div>\n\t\t\t\t<\/div>\n\t\t\t\t<div class=\"elementor-element elementor-element-6a29479 elementor-widget elementor-widget-text-editor\" data-id=\"6a29479\" data-element_type=\"widget\" data-e-type=\"widget\" data-widget_type=\"text-editor.default\">\n\t\t\t\t<div class=\"elementor-widget-container\">\n\t\t\t\t\t\t\t\t\t<p>Ofrecen la oportunidad de <strong>comprar productos locales y artesan\u00edas<\/strong>. El mercado de los lunes en la plaza Ram\u00f3n Llull es una explosi\u00f3n de colores, aromas y sonidos que te transporta a la Mallorca m\u00e1s aut\u00e9ntica.<\/p>\t\t\t\t\t\t\t\t<\/div>\n\t\t\t\t<\/div>\n\t\t\t\t\t<\/div>\n\t\t\t\t<\/div>\n\t\t<div class=\"elementor-element elementor-element-023dd08 e-flex e-con-boxed e-con e-parent\" data-id=\"023dd08\" data-element_type=\"container\" data-e-type=\"container\">\n\t\t\t\t\t<div class=\"e-con-inner\">\n\t\t\t\t<div class=\"elementor-element elementor-element-ab68c10 elementor-widget elementor-widget-heading\" data-id=\"ab68c10\" data-element_type=\"widget\" data-e-type=\"widget\" data-widget_type=\"heading.default\">\n\t\t\t\t<div class=\"elementor-widget-container\">\n\t\t\t\t\t<h3 class=\"elementor-heading-title elementor-size-default\">Las mejores playas cercanas <\/h3>\t\t\t\t<\/div>\n\t\t\t\t<\/div>\n\t\t\t\t<div class=\"elementor-element elementor-element-2d47af0 elementor-widget elementor-widget-text-editor\" data-id=\"2d47af0\" data-element_type=\"widget\" data-e-type=\"widget\" data-widget_type=\"text-editor.default\">\n\t\t\t\t<div class=\"elementor-widget-container\">\n\t\t\t\t\t\t\t\t\t<p>Estas peque\u00f1as joyas escondidas son <strong>el complemento perfecto a tu d\u00eda cultural en Manacor<\/strong>. Cala Anguila te recibe con su arena blanca y fina, mientras que Cala Rom\u00e1ntica te sorprende con sus formaciones rocosas que crean piscinas naturales.<\/p>\t\t\t\t\t\t\t\t<\/div>\n\t\t\t\t<\/div>\n\t\t\t\t<div class=\"elementor-element elementor-element-2a7b486 elementor-widget elementor-widget-image\" data-id=\"2a7b486\" data-element_type=\"widget\" data-e-type=\"widget\" data-widget_type=\"image.default\">\n\t\t\t\t<div class=\"elementor-widget-container\">\n\t\t\t\t\t\t\t\t\t\t\t\t\t\t\t<img decoding=\"async\" width=\"1254\" height=\"705\" src=\"https:\/\/rentallorca.com\/blog\/wp-content\/uploads\/2025\/06\/playas-manacor.jpg\" class=\"attachment-full size-full wp-image-1720\" alt=\"\" srcset=\"https:\/\/rentallorca.com\/blog\/wp-content\/uploads\/2025\/06\/playas-manacor.jpg 1254w, https:\/\/rentallorca.com\/blog\/wp-content\/uploads\/2025\/06\/playas-manacor-300x169.jpg 300w, https:\/\/rentallorca.com\/blog\/wp-content\/uploads\/2025\/06\/playas-manacor-1024x576.jpg 1024w, https:\/\/rentallorca.com\/blog\/wp-content\/uploads\/2025\/06\/playas-manacor-768x432.jpg 768w\" sizes=\"(max-width: 1254px) 100vw, 1254px\" \/>\t\t\t\t\t\t\t\t\t\t\t\t\t\t\t<\/div>\n\t\t\t\t<\/div>\n\t\t\t\t\t<\/div>\n\t\t\t\t<\/div>\n\t\t<div class=\"elementor-element elementor-element-79cf9029 e-flex e-con-boxed e-con e-parent\" data-id=\"79cf9029\" data-element_type=\"container\" data-e-type=\"container\">\n\t\t\t\t\t<div class=\"e-con-inner\">\n\t\t\t\t<div class=\"elementor-element elementor-element-1930a1d1 elementor-widget elementor-widget-heading\" data-id=\"1930a1d1\" data-element_type=\"widget\" data-e-type=\"widget\" data-widget_type=\"heading.default\">\n\t\t\t\t<div class=\"elementor-widget-container\">\n\t\t\t\t\t<h2 class=\"elementor-heading-title elementor-size-default\">\u00bfQu\u00e9 hacer en Manacor en un d\u00eda?<\/h2>\t\t\t\t<\/div>\n\t\t\t\t<\/div>\n\t\t\t\t<div class=\"elementor-element elementor-element-63a0bf84 elementor-widget elementor-widget-text-editor\" data-id=\"63a0bf84\" data-element_type=\"widget\" data-e-type=\"widget\" data-widget_type=\"text-editor.default\">\n\t\t\t\t<div class=\"elementor-widget-container\">\n\t\t\t\t\t\t\t\t\t<p>Una bella forma de arrancar el d\u00eda en Manacor es <strong>visitar sus playas m\u00e1s populares como Cala Anguila, Cala Domingos y Cala Estany,<\/strong> ideales para relajarse y disfrutar del mar cristalino.<\/p><p>Para moverse, <strong>lo mejor es alquilar un coche o usar el transporte p\u00fablico<\/strong>, considerando que en verano las playas abren desde temprano hasta el atardecer. Las principales atracciones, como las cuevas de Porto Cristo, abren de 9 a 18 horas, y suelen cerrar los lunes.<\/p><p>Si quieres vivir una experiencia tur\u00edstica completa, <strong>un buen plan es ir a la famosa F\u00e1brica de Perlas Majorica<\/strong>, donde conocer\u00e1s el proceso de creaci\u00f3n de estas joyas \u00fanicas. Luego, explora el centro hist\u00f3rico con su emblem\u00e1tica <strong>Iglesia de Nuestra Se\u00f1ora de los Dolores<\/strong> y pasea por sus calles empedradas. Aqu\u00ed podr\u00e1s vivir una experiencia con mucho sentimiento y admiraci\u00f3n.<\/p><p>Otra atracci\u00f3n super recomendable y elegida por los turistas, son <strong>las impresionantes Cuevas del Drach y las Cuevas dels Hams<\/strong>. Si te gusta un buen espect\u00e1culo natural con estalactitas, estalagmitas y lagos subterr\u00e1neos\u2026 aqu\u00ed vas a disfrutar como un ni\u00f1o.<\/p><p>Al caer la noche, es el momento de disfrutar con <strong>los bares m\u00e1s t\u00edpicos de la zona como Can Mateu, Bar Mambo&#8217;s o Ca Na Pereta<\/strong>. Y si estas con amigos y quieres una velada m\u00e1s animada, el Bar Mallorqu\u00ed y Bar Xarop son tus mejores opciones populares para terminar la noche como se merece.<\/p>\t\t\t\t\t\t\t\t<\/div>\n\t\t\t\t<\/div>\n\t\t\t\t<div class=\"elementor-element elementor-element-4ef737d elementor-widget elementor-widget-image\" data-id=\"4ef737d\" data-element_type=\"widget\" data-e-type=\"widget\" data-widget_type=\"image.default\">\n\t\t\t\t<div class=\"elementor-widget-container\">\n\t\t\t\t\t\t\t\t\t\t\t\t\t\t\t<img decoding=\"async\" width=\"1254\" height=\"705\" src=\"https:\/\/rentallorca.com\/blog\/wp-content\/uploads\/2025\/06\/manacor-visita-mallorca.jpg\" class=\"attachment-full size-full wp-image-1729\" alt=\"\" srcset=\"https:\/\/rentallorca.com\/blog\/wp-content\/uploads\/2025\/06\/manacor-visita-mallorca.jpg 1254w, https:\/\/rentallorca.com\/blog\/wp-content\/uploads\/2025\/06\/manacor-visita-mallorca-300x169.jpg 300w, https:\/\/rentallorca.com\/blog\/wp-content\/uploads\/2025\/06\/manacor-visita-mallorca-1024x576.jpg 1024w, https:\/\/rentallorca.com\/blog\/wp-content\/uploads\/2025\/06\/manacor-visita-mallorca-768x432.jpg 768w\" sizes=\"(max-width: 1254px) 100vw, 1254px\" \/>\t\t\t\t\t\t\t\t\t\t\t\t\t\t\t<\/div>\n\t\t\t\t<\/div>\n\t\t\t\t\t<\/div>\n\t\t\t\t<\/div>\n\t\t<div class=\"elementor-element elementor-element-405daa9 e-flex e-con-boxed e-con e-parent\" data-id=\"405daa9\" data-element_type=\"container\" data-e-type=\"container\">\n\t\t\t\t\t<div class=\"e-con-inner\">\n\t\t\t\t<div class=\"elementor-element elementor-element-d092e96 elementor-widget elementor-widget-heading\" data-id=\"d092e96\" data-element_type=\"widget\" data-e-type=\"widget\" data-widget_type=\"heading.default\">\n\t\t\t\t<div class=\"elementor-widget-container\">\n\t\t\t\t\t<h2 class=\"elementor-heading-title elementor-size-default\">Anota estos consejos para aprovechar al m\u00e1ximo tu visita a Manacor<\/h2>\t\t\t\t<\/div>\n\t\t\t\t<\/div>\n\t\t\t\t<div class=\"elementor-element elementor-element-aaf6cc7 elementor-widget elementor-widget-text-editor\" data-id=\"aaf6cc7\" data-element_type=\"widget\" data-e-type=\"widget\" data-widget_type=\"text-editor.default\">\n\t\t\t\t<div class=\"elementor-widget-container\">\n\t\t\t\t\t\t\t\t\t<p>Para aprovechar tu visita y organizar tu itinerario sin perderte de ninguna experiencia<strong>, te recomendamos elegir bien la \u00e9poca del a\u00f1o para tu visita<\/strong>. Aparte de la masificada etapa veraniega, hay meses de oto\u00f1o y primavera deliciosos para venir a Manacor. El clima mediterr\u00e1neo har\u00e1 el resto.<\/p><p>Una vez que ya tengas clara la fecha, <strong>te aconsejamos que anotes estos tips<\/strong> para aprovechar al m\u00e1ximo tu escapada:<\/p><ul><li><strong>Reserva con anticipaci\u00f3n<\/strong> entradas y tours para evitar colas, especialmente en museos y cuevas.<\/li><li>Considera <strong>alquilar coche para mayor flexibilidad<\/strong>, aunque hay buenas conexiones de transporte p\u00fablico.<\/li><li><strong>Visita el Museo Rafa Nadal Xperience<\/strong>, con entrada desde aproximadamente 4,5 \u20ac y opciones para evitar colas con reserva online. Cierra algunos d\u00edas, as\u00ed que revisa horarios antes de ir.<\/li><li>La <strong>Iglesia Nostra Senyora dels Dolors<\/strong> est\u00e1 abierta de 8:30 a 12:45 y de 17:00 a 19:30, entrada gratuita.<\/li><li>El <strong>Mercado semanal en la plaza Ram\u00f3n Llull<\/strong> se celebra los lunes por la ma\u00f1ana, ideal para comprar artesan\u00edas y productos locales.<\/li><li>Las playas y calas est\u00e1n abiertas todo el d\u00eda, pero <strong>los servicios pueden cerrar al atardecer.<\/strong><\/li><\/ul>\t\t\t\t\t\t\t\t<\/div>\n\t\t\t\t<\/div>\n\t\t\t\t\t<\/div>\n\t\t\t\t<\/div>\n\t\t<div class=\"elementor-element elementor-element-4d914cb e-flex e-con-boxed e-con e-parent\" data-id=\"4d914cb\" data-element_type=\"container\" data-e-type=\"container\">\n\t\t\t\t\t<div class=\"e-con-inner\">\n\t\t\t\t<div class=\"elementor-element elementor-element-eb8be43 elementor-widget elementor-widget-heading\" data-id=\"eb8be43\" data-element_type=\"widget\" data-e-type=\"widget\" data-widget_type=\"heading.default\">\n\t\t\t\t<div class=\"elementor-widget-container\">\n\t\t\t\t\t<h2 class=\"elementor-heading-title elementor-size-default\">Manacor, un lugar por descubrir\u2026 con el mejor alojamiento<\/h2>\t\t\t\t<\/div>\n\t\t\t\t<\/div>\n\t\t\t\t<div class=\"elementor-element elementor-element-720971a elementor-widget elementor-widget-text-editor\" data-id=\"720971a\" data-element_type=\"widget\" data-e-type=\"widget\" data-widget_type=\"text-editor.default\">\n\t\t\t\t<div class=\"elementor-widget-container\">\n\t\t\t\t\t\t\t\t\t<p>Una vez que ya tienes claro todos los lugares fant\u00e1sticos que vas a poder ver en tu visita a Manacor, falta lo m\u00e1s importante. <strong>\u00bfD\u00f3nde te alojar\u00e1s durante tu visita?<\/strong> Al final, por mucho que la ciudad sea bonita, si tu alojamiento no est\u00e1 a la altura, la experiencia no ser\u00e1 satisfactoria.<\/p><p>No te preocupes por eso, ya que nosotros te ofrecemos los mejores alojamientos en Mallorca para que vivas una experiencia dif\u00edcil de olvidar. <strong>Contacta con nosotros lo antes posible para reservar tu apartamento<\/strong> al mejor precio.<\/p>\t\t\t\t\t\t\t\t<\/div>\n\t\t\t\t<\/div>\n\t\t\t\t\t<\/div>\n\t\t\t\t<\/div>\n\t\t<div class=\"elementor-element elementor-element-6aa0dfbe e-flex e-con-boxed e-con e-parent\" data-id=\"6aa0dfbe\" data-element_type=\"container\" data-e-type=\"container\">\n\t\t\t\t\t<div class=\"e-con-inner\">\n\t\t\t\t<div class=\"elementor-element elementor-element-1e98582 elementor-widget__width-initial elementor-widget elementor-widget-grid\" data-id=\"1e98582\" data-element_type=\"widget\" data-e-type=\"widget\" data-widget_type=\"grid.default\">\n\t\t\t\t<div class=\"elementor-widget-container\">\n\t\t\t\t\t\t\t<div class=\"its--row alojamientos-recomendados\">\n\n\t\t\t<div class=\"alojamientos-recomendados-container\">\n\n\t\t\t\t\t\n\t\t\t\t\t<a href=\"https:\/\/rentallorca.com\/alquiler\/finca-manacor-a0031-finca-can-corem-441538.html\" rel=\"nofollow\" style=\"width: 32%;\">\n\t\t\t\t\t\t<div class=\"apartamento-box\">\n\t\t\t\t\t\t\t<div class=\"imagen_recomendados\">\n\t\t\t\t\t\t\t\t<img decoding=\"async\" src=\"https:\/\/crs.avantio.com\/fotos\/2\/1691579162293500bd4f4a79635b4859fdcdb3d86e\/big16915791686053499c6ddb0afea1406d607808524b.jpg\" alt=\"Can Corem by Rentallorca\">\n\t\t\t\t\t\t\t<\/div>\n\t\t\t\t\t\t\t<div class=\"info\">\n\t\t\t\t\t\t\t\t<div class=\"ubicacion\">\n\t\t\t\t\t\t\t\t\t<i class=\"fa-solid fa-location-dot icono-mapa\"><\/i><span class=\"ubicacion-texto\">Manacor - Mallorca<\/span>\n\t\t\t\t\t\t\t\t<\/div>\n\t\t\t\t\t\t\t\t<H4 class=\"titulo-alojamiento\">\n\t\t\t\t\t\t\t\t\tCan Corem by Rentallorca\t\t\t\t\t\t\t\t<\/H4>\n\t\t\t\t\t\t\t\t<p class=\"precio-alojamiento\">Desde <span class=\"precio\">506.16\u20ac<\/span> por noche<\/p>\n\t\t\t\t\t\t\t<\/div>\n\t\t\t\t\t\t<\/div>\n\t\t\t\t\t<\/a> \n\t\t\t\t\t\t\n\t\t\t\t\t<a href=\"https:\/\/rentallorca.com\/alquiler\/finca-manacor-c0009-finca-es-collet-441559.html\" rel=\"nofollow\" style=\"width: 32%;\">\n\t\t\t\t\t\t<div class=\"apartamento-box\">\n\t\t\t\t\t\t\t<div class=\"imagen_recomendados\">\n\t\t\t\t\t\t\t\t<img decoding=\"async\" src=\"https:\/\/crs.avantio.com\/fotos\/2\/1691578699e086781a16273ea15400b16fc3894b74\/big1691578702f9bc6505d7ae705315a07270cc57f972.jpg\" alt=\"Es Collet by Rentallorca\">\n\t\t\t\t\t\t\t<\/div>\n\t\t\t\t\t\t\t<div class=\"info\">\n\t\t\t\t\t\t\t\t<div class=\"ubicacion\">\n\t\t\t\t\t\t\t\t\t<i class=\"fa-solid fa-location-dot icono-mapa\"><\/i><span class=\"ubicacion-texto\">Manacor - Mallorca<\/span>\n\t\t\t\t\t\t\t\t<\/div>\n\t\t\t\t\t\t\t\t<H4 class=\"titulo-alojamiento\">\n\t\t\t\t\t\t\t\t\tEs Collet by Rentallorca\t\t\t\t\t\t\t\t<\/H4>\n\t\t\t\t\t\t\t\t<p class=\"precio-alojamiento\">Desde <span class=\"precio\">307.80\u20ac<\/span> por noche<\/p>\n\t\t\t\t\t\t\t<\/div>\n\t\t\t\t\t\t<\/div>\n\t\t\t\t\t<\/a> \n\t\t\t\t\t\t\n\t\t\t\t\t<a href=\"https:\/\/rentallorca.com\/alquiler\/finca-manacor-c0008-finca-llum-441562.html\" rel=\"nofollow\" style=\"width: 32%;\">\n\t\t\t\t\t\t<div class=\"apartamento-box\">\n\t\t\t\t\t\t\t<div class=\"imagen_recomendados\">\n\t\t\t\t\t\t\t\t<img decoding=\"async\" src=\"https:\/\/crs.avantio.com\/fotos\/2\/16915789705eec049078e86110f0eef261ea33dd5c\/big1691578974164840e7a9d2601549b51ea326116e49.jpg\" alt=\"Finca Llum by Rentallorca\">\n\t\t\t\t\t\t\t<\/div>\n\t\t\t\t\t\t\t<div class=\"info\">\n\t\t\t\t\t\t\t\t<div class=\"ubicacion\">\n\t\t\t\t\t\t\t\t\t<i class=\"fa-solid fa-location-dot icono-mapa\"><\/i><span class=\"ubicacion-texto\">Manacor - Mallorca<\/span>\n\t\t\t\t\t\t\t\t<\/div>\n\t\t\t\t\t\t\t\t<H4 class=\"titulo-alojamiento\">\n\t\t\t\t\t\t\t\t\tFinca Llum by Rentallorca\t\t\t\t\t\t\t\t<\/H4>\n\t\t\t\t\t\t\t\t<p class=\"precio-alojamiento\">Desde <span class=\"precio\">296.40\u20ac<\/span> por noche<\/p>\n\t\t\t\t\t\t\t<\/div>\n\t\t\t\t\t\t<\/div>\n\t\t\t\t\t<\/a> \n\t\t\t\t\t\t\t\t<\/div>\n\t\t\t<\/div>\n\t\t\t\t\t\t<\/div>\n\t\t\t\t<\/div>\n\t\t\t\t\t<\/div>\n\t\t\t\t<\/div>\n\t\t\t\t<\/div>\n\t\t","protected":false},"excerpt":{"rendered":"<p>S\u00ed, sabemos que por mucho que la geograf\u00eda mallorquina no sea tu fuerte, has escuchado mil veces el nombre de Manacor. Quiz\u00e1 por cierto tenista que ganaba alg\u00fan t\u00edtulo que otro hace no tantos a\u00f1os\u2026 qui\u00e9n sabe. Pero tampoco te sorprender\u00e1 mucho si te decimos que Manacor es mucho (much\u00edsimo) m\u00e1s que la tierra de [&hellip;]<\/p>\n","protected":false},"author":3,"featured_media":1726,"comment_status":"open","ping_status":"open","sticky":false,"template":"","format":"standard","meta":{"footnotes":""},"categories":[31],"tags":[],"class_list":["post-1710","post","type-post","status-publish","format-standard","has-post-thumbnail","hentry","category-destinos"],"yoast_head":"<!-- This site is optimized with the Yoast SEO plugin v27.5 - https:\/\/yoast.com\/product\/yoast-seo-wordpress\/ -->\n<title>\u00bfNo sabes qu\u00e9 ver en Manacor? Aqu\u00ed tienes tu gu\u00eda completa - Blog<\/title>\n<meta name=\"description\" content=\"Descubre Manacor: cultura, historia y tradici\u00f3n mallorquina en cada rinc\u00f3n.\" \/>\n<meta name=\"robots\" content=\"index, follow, max-snippet:-1, max-image-preview:large, max-video-preview:-1\" \/>\n<link rel=\"canonical\" href=\"https:\/\/rentallorca.com\/blog\/manacor\/\" \/>\n<meta property=\"og:locale\" content=\"es_ES\" \/>\n<meta property=\"og:type\" content=\"article\" \/>\n<meta property=\"og:title\" content=\"\u00bfNo sabes qu\u00e9 ver en Manacor? Aqu\u00ed tienes tu gu\u00eda completa - Blog\" \/>\n<meta property=\"og:description\" content=\"Descubre Manacor: cultura, historia y tradici\u00f3n mallorquina en cada rinc\u00f3n.\" \/>\n<meta property=\"og:url\" content=\"https:\/\/rentallorca.com\/blog\/manacor\/\" \/>\n<meta property=\"og:site_name\" content=\"Blog\" \/>\n<meta property=\"article:published_time\" content=\"2025-06-13T10:27:28+00:00\" \/>\n<meta property=\"article:modified_time\" content=\"2025-08-25T12:42:43+00:00\" \/>\n<meta property=\"og:image\" content=\"https:\/\/rentallorca.com\/blog\/wp-content\/uploads\/2025\/06\/manacor-mallorca.jpg\" \/>\n\t<meta property=\"og:image:width\" content=\"2535\" \/>\n\t<meta property=\"og:image:height\" content=\"846\" \/>\n\t<meta property=\"og:image:type\" content=\"image\/jpeg\" \/>\n<meta name=\"author\" content=\"Axel\" \/>\n<meta name=\"twitter:card\" content=\"summary_large_image\" \/>\n<meta name=\"twitter:label1\" content=\"Written by\" \/>\n\t<meta name=\"twitter:data1\" content=\"Axel\" \/>\n\t<meta name=\"twitter:label2\" content=\"Est. reading time\" \/>\n\t<meta name=\"twitter:data2\" content=\"7 minutes\" \/>\n<script type=\"application\/ld+json\" class=\"yoast-schema-graph\">{\"@context\":\"https:\\\/\\\/schema.org\",\"@graph\":[{\"@type\":\"Article\",\"@id\":\"https:\\\/\\\/rentallorca.com\\\/blog\\\/manacor\\\/#article\",\"isPartOf\":{\"@id\":\"https:\\\/\\\/rentallorca.com\\\/blog\\\/manacor\\\/\"},\"author\":{\"name\":\"Axel\",\"@id\":\"https:\\\/\\\/rentallorca.com\\\/blog\\\/#\\\/schema\\\/person\\\/8c5ebe5bf8d43e9757ab6869e1d4cbe4\"},\"headline\":\"\u00bfNo sabes qu\u00e9 ver en Manacor? Aqu\u00ed tienes tu gu\u00eda completa\",\"datePublished\":\"2025-06-13T10:27:28+00:00\",\"dateModified\":\"2025-08-25T12:42:43+00:00\",\"mainEntityOfPage\":{\"@id\":\"https:\\\/\\\/rentallorca.com\\\/blog\\\/manacor\\\/\"},\"wordCount\":1190,\"commentCount\":0,\"image\":{\"@id\":\"https:\\\/\\\/rentallorca.com\\\/blog\\\/manacor\\\/#primaryimage\"},\"thumbnailUrl\":\"https:\\\/\\\/rentallorca.com\\\/blog\\\/wp-content\\\/uploads\\\/2025\\\/06\\\/manacor-mallorca.jpg\",\"articleSection\":[\"Destinos\"],\"inLanguage\":\"es\",\"potentialAction\":[{\"@type\":\"CommentAction\",\"name\":\"Comment\",\"target\":[\"https:\\\/\\\/rentallorca.com\\\/blog\\\/manacor\\\/#respond\"]}]},{\"@type\":\"WebPage\",\"@id\":\"https:\\\/\\\/rentallorca.com\\\/blog\\\/manacor\\\/\",\"url\":\"https:\\\/\\\/rentallorca.com\\\/blog\\\/manacor\\\/\",\"name\":\"\u00bfNo sabes qu\u00e9 ver en Manacor? Aqu\u00ed tienes tu gu\u00eda completa - Blog\",\"isPartOf\":{\"@id\":\"https:\\\/\\\/rentallorca.com\\\/blog\\\/#website\"},\"primaryImageOfPage\":{\"@id\":\"https:\\\/\\\/rentallorca.com\\\/blog\\\/manacor\\\/#primaryimage\"},\"image\":{\"@id\":\"https:\\\/\\\/rentallorca.com\\\/blog\\\/manacor\\\/#primaryimage\"},\"thumbnailUrl\":\"https:\\\/\\\/rentallorca.com\\\/blog\\\/wp-content\\\/uploads\\\/2025\\\/06\\\/manacor-mallorca.jpg\",\"datePublished\":\"2025-06-13T10:27:28+00:00\",\"dateModified\":\"2025-08-25T12:42:43+00:00\",\"author\":{\"@id\":\"https:\\\/\\\/rentallorca.com\\\/blog\\\/#\\\/schema\\\/person\\\/8c5ebe5bf8d43e9757ab6869e1d4cbe4\"},\"description\":\"Descubre Manacor: cultura, historia y tradici\u00f3n mallorquina en cada rinc\u00f3n.\",\"breadcrumb\":{\"@id\":\"https:\\\/\\\/rentallorca.com\\\/blog\\\/manacor\\\/#breadcrumb\"},\"inLanguage\":\"es\",\"potentialAction\":[{\"@type\":\"ReadAction\",\"target\":[\"https:\\\/\\\/rentallorca.com\\\/blog\\\/manacor\\\/\"]}]},{\"@type\":\"ImageObject\",\"inLanguage\":\"es\",\"@id\":\"https:\\\/\\\/rentallorca.com\\\/blog\\\/manacor\\\/#primaryimage\",\"url\":\"https:\\\/\\\/rentallorca.com\\\/blog\\\/wp-content\\\/uploads\\\/2025\\\/06\\\/manacor-mallorca.jpg\",\"contentUrl\":\"https:\\\/\\\/rentallorca.com\\\/blog\\\/wp-content\\\/uploads\\\/2025\\\/06\\\/manacor-mallorca.jpg\",\"width\":2535,\"height\":846,\"caption\":\"Porto Cristo, Manacor Municipality, Mediterranean Sea, Mallorca, Balearic Islands, Spain, Europe\"},{\"@type\":\"BreadcrumbList\",\"@id\":\"https:\\\/\\\/rentallorca.com\\\/blog\\\/manacor\\\/#breadcrumb\",\"itemListElement\":[{\"@type\":\"ListItem\",\"position\":1,\"name\":\"Home\",\"item\":\"https:\\\/\\\/rentallorca.com\\\/blog\\\/\"},{\"@type\":\"ListItem\",\"position\":2,\"name\":\"\u00bfNo sabes qu\u00e9 ver en Manacor? Aqu\u00ed tienes tu gu\u00eda completa\"}]},{\"@type\":\"WebSite\",\"@id\":\"https:\\\/\\\/rentallorca.com\\\/blog\\\/#website\",\"url\":\"https:\\\/\\\/rentallorca.com\\\/blog\\\/\",\"name\":\"Blog\",\"description\":\"Rentallorca\",\"potentialAction\":[{\"@type\":\"SearchAction\",\"target\":{\"@type\":\"EntryPoint\",\"urlTemplate\":\"https:\\\/\\\/rentallorca.com\\\/blog\\\/?s={search_term_string}\"},\"query-input\":{\"@type\":\"PropertyValueSpecification\",\"valueRequired\":true,\"valueName\":\"search_term_string\"}}],\"inLanguage\":\"es\"},{\"@type\":\"Person\",\"@id\":\"https:\\\/\\\/rentallorca.com\\\/blog\\\/#\\\/schema\\\/person\\\/8c5ebe5bf8d43e9757ab6869e1d4cbe4\",\"name\":\"Axel\",\"image\":{\"@type\":\"ImageObject\",\"inLanguage\":\"es\",\"@id\":\"https:\\\/\\\/secure.gravatar.com\\\/avatar\\\/3bd706736e5b70f21f05f6c2d5cad746767782a4ba4b7df399c5969e2a9318fd?s=96&d=mm&r=g\",\"url\":\"https:\\\/\\\/secure.gravatar.com\\\/avatar\\\/3bd706736e5b70f21f05f6c2d5cad746767782a4ba4b7df399c5969e2a9318fd?s=96&d=mm&r=g\",\"contentUrl\":\"https:\\\/\\\/secure.gravatar.com\\\/avatar\\\/3bd706736e5b70f21f05f6c2d5cad746767782a4ba4b7df399c5969e2a9318fd?s=96&d=mm&r=g\",\"caption\":\"Axel\"},\"url\":\"https:\\\/\\\/rentallorca.com\\\/blog\\\/author\\\/axel\\\/\"}]}<\/script>\n<!-- \/ Yoast SEO plugin. -->","yoast_head_json":{"title":"\u00bfNo sabes qu\u00e9 ver en Manacor? Aqu\u00ed tienes tu gu\u00eda completa - Blog","description":"Descubre Manacor: cultura, historia y tradici\u00f3n mallorquina en cada rinc\u00f3n.","robots":{"index":"index","follow":"follow","max-snippet":"max-snippet:-1","max-image-preview":"max-image-preview:large","max-video-preview":"max-video-preview:-1"},"canonical":"https:\/\/rentallorca.com\/blog\/manacor\/","og_locale":"es_ES","og_type":"article","og_title":"\u00bfNo sabes qu\u00e9 ver en Manacor? Aqu\u00ed tienes tu gu\u00eda completa - Blog","og_description":"Descubre Manacor: cultura, historia y tradici\u00f3n mallorquina en cada rinc\u00f3n.","og_url":"https:\/\/rentallorca.com\/blog\/manacor\/","og_site_name":"Blog","article_published_time":"2025-06-13T10:27:28+00:00","article_modified_time":"2025-08-25T12:42:43+00:00","og_image":[{"width":2535,"height":846,"url":"https:\/\/rentallorca.com\/blog\/wp-content\/uploads\/2025\/06\/manacor-mallorca.jpg","type":"image\/jpeg"}],"author":"Axel","twitter_card":"summary_large_image","twitter_misc":{"Written by":"Axel","Est. reading time":"7 minutes"},"schema":{"@context":"https:\/\/schema.org","@graph":[{"@type":"Article","@id":"https:\/\/rentallorca.com\/blog\/manacor\/#article","isPartOf":{"@id":"https:\/\/rentallorca.com\/blog\/manacor\/"},"author":{"name":"Axel","@id":"https:\/\/rentallorca.com\/blog\/#\/schema\/person\/8c5ebe5bf8d43e9757ab6869e1d4cbe4"},"headline":"\u00bfNo sabes qu\u00e9 ver en Manacor? Aqu\u00ed tienes tu gu\u00eda completa","datePublished":"2025-06-13T10:27:28+00:00","dateModified":"2025-08-25T12:42:43+00:00","mainEntityOfPage":{"@id":"https:\/\/rentallorca.com\/blog\/manacor\/"},"wordCount":1190,"commentCount":0,"image":{"@id":"https:\/\/rentallorca.com\/blog\/manacor\/#primaryimage"},"thumbnailUrl":"https:\/\/rentallorca.com\/blog\/wp-content\/uploads\/2025\/06\/manacor-mallorca.jpg","articleSection":["Destinos"],"inLanguage":"es","potentialAction":[{"@type":"CommentAction","name":"Comment","target":["https:\/\/rentallorca.com\/blog\/manacor\/#respond"]}]},{"@type":"WebPage","@id":"https:\/\/rentallorca.com\/blog\/manacor\/","url":"https:\/\/rentallorca.com\/blog\/manacor\/","name":"\u00bfNo sabes qu\u00e9 ver en Manacor? Aqu\u00ed tienes tu gu\u00eda completa - Blog","isPartOf":{"@id":"https:\/\/rentallorca.com\/blog\/#website"},"primaryImageOfPage":{"@id":"https:\/\/rentallorca.com\/blog\/manacor\/#primaryimage"},"image":{"@id":"https:\/\/rentallorca.com\/blog\/manacor\/#primaryimage"},"thumbnailUrl":"https:\/\/rentallorca.com\/blog\/wp-content\/uploads\/2025\/06\/manacor-mallorca.jpg","datePublished":"2025-06-13T10:27:28+00:00","dateModified":"2025-08-25T12:42:43+00:00","author":{"@id":"https:\/\/rentallorca.com\/blog\/#\/schema\/person\/8c5ebe5bf8d43e9757ab6869e1d4cbe4"},"description":"Descubre Manacor: cultura, historia y tradici\u00f3n mallorquina en cada rinc\u00f3n.","breadcrumb":{"@id":"https:\/\/rentallorca.com\/blog\/manacor\/#breadcrumb"},"inLanguage":"es","potentialAction":[{"@type":"ReadAction","target":["https:\/\/rentallorca.com\/blog\/manacor\/"]}]},{"@type":"ImageObject","inLanguage":"es","@id":"https:\/\/rentallorca.com\/blog\/manacor\/#primaryimage","url":"https:\/\/rentallorca.com\/blog\/wp-content\/uploads\/2025\/06\/manacor-mallorca.jpg","contentUrl":"https:\/\/rentallorca.com\/blog\/wp-content\/uploads\/2025\/06\/manacor-mallorca.jpg","width":2535,"height":846,"caption":"Porto Cristo, Manacor Municipality, Mediterranean Sea, Mallorca, Balearic Islands, Spain, Europe"},{"@type":"BreadcrumbList","@id":"https:\/\/rentallorca.com\/blog\/manacor\/#breadcrumb","itemListElement":[{"@type":"ListItem","position":1,"name":"Home","item":"https:\/\/rentallorca.com\/blog\/"},{"@type":"ListItem","position":2,"name":"\u00bfNo sabes qu\u00e9 ver en Manacor? Aqu\u00ed tienes tu gu\u00eda completa"}]},{"@type":"WebSite","@id":"https:\/\/rentallorca.com\/blog\/#website","url":"https:\/\/rentallorca.com\/blog\/","name":"Blog","description":"Rentallorca","potentialAction":[{"@type":"SearchAction","target":{"@type":"EntryPoint","urlTemplate":"https:\/\/rentallorca.com\/blog\/?s={search_term_string}"},"query-input":{"@type":"PropertyValueSpecification","valueRequired":true,"valueName":"search_term_string"}}],"inLanguage":"es"},{"@type":"Person","@id":"https:\/\/rentallorca.com\/blog\/#\/schema\/person\/8c5ebe5bf8d43e9757ab6869e1d4cbe4","name":"Axel","image":{"@type":"ImageObject","inLanguage":"es","@id":"https:\/\/secure.gravatar.com\/avatar\/3bd706736e5b70f21f05f6c2d5cad746767782a4ba4b7df399c5969e2a9318fd?s=96&d=mm&r=g","url":"https:\/\/secure.gravatar.com\/avatar\/3bd706736e5b70f21f05f6c2d5cad746767782a4ba4b7df399c5969e2a9318fd?s=96&d=mm&r=g","contentUrl":"https:\/\/secure.gravatar.com\/avatar\/3bd706736e5b70f21f05f6c2d5cad746767782a4ba4b7df399c5969e2a9318fd?s=96&d=mm&r=g","caption":"Axel"},"url":"https:\/\/rentallorca.com\/blog\/author\/axel\/"}]}},"_links":{"self":[{"href":"https:\/\/rentallorca.com\/blog\/wp-json\/wp\/v2\/posts\/1710","targetHints":{"allow":["GET"]}}],"collection":[{"href":"https:\/\/rentallorca.com\/blog\/wp-json\/wp\/v2\/posts"}],"about":[{"href":"https:\/\/rentallorca.com\/blog\/wp-json\/wp\/v2\/types\/post"}],"author":[{"embeddable":true,"href":"https:\/\/rentallorca.com\/blog\/wp-json\/wp\/v2\/users\/3"}],"replies":[{"embeddable":true,"href":"https:\/\/rentallorca.com\/blog\/wp-json\/wp\/v2\/comments?post=1710"}],"version-history":[{"count":19,"href":"https:\/\/rentallorca.com\/blog\/wp-json\/wp\/v2\/posts\/1710\/revisions"}],"predecessor-version":[{"id":2525,"href":"https:\/\/rentallorca.com\/blog\/wp-json\/wp\/v2\/posts\/1710\/revisions\/2525"}],"wp:featuredmedia":[{"embeddable":true,"href":"https:\/\/rentallorca.com\/blog\/wp-json\/wp\/v2\/media\/1726"}],"wp:attachment":[{"href":"https:\/\/rentallorca.com\/blog\/wp-json\/wp\/v2\/media?parent=1710"}],"wp:term":[{"taxonomy":"category","embeddable":true,"href":"https:\/\/rentallorca.com\/blog\/wp-json\/wp\/v2\/categories?post=1710"},{"taxonomy":"post_tag","embeddable":true,"href":"https:\/\/rentallorca.com\/blog\/wp-json\/wp\/v2\/tags?post=1710"}],"curies":[{"name":"wp","href":"https:\/\/api.w.org\/{rel}","templated":true}]}}