{"id":1420,"date":"2025-05-14T08:27:51","date_gmt":"2025-05-14T08:27:51","guid":{"rendered":"https:\/\/rentallorca.com\/blog\/?p=1420"},"modified":"2026-01-13T14:48:27","modified_gmt":"2026-01-13T14:48:27","slug":"que-ver-en-soller","status":"publish","type":"post","link":"https:\/\/rentallorca.com\/blog\/que-ver-en-soller\/","title":{"rendered":"\u00bfQuieres saber qu\u00e9 ver en S\u00f3ller y alrededores? Te lo ense\u00f1amos"},"content":{"rendered":"\t\t<div data-elementor-type=\"wp-post\" data-elementor-id=\"1420\" class=\"elementor elementor-1420\" data-elementor-post-type=\"post\">\n\t\t\t\t<div class=\"elementor-element elementor-element-281c3a20 e-flex e-con-boxed e-con e-parent\" data-id=\"281c3a20\" data-element_type=\"container\" data-e-type=\"container\">\n\t\t\t\t\t<div class=\"e-con-inner\">\n\t\t\t\t<div class=\"elementor-element elementor-element-5b92759e elementor-widget elementor-widget-text-editor\" data-id=\"5b92759e\" data-element_type=\"widget\" data-e-type=\"widget\" data-widget_type=\"text-editor.default\">\n\t\t\t\t<div class=\"elementor-widget-container\">\n\t\t\t\t\t\t\t\t\t<p><span style=\"font-weight: 400;\">Seguro que tienes un amigo o conocido que presume con orgullo de que \u201cmi pueblo es el m\u00e1s bonito del mundo\u201d. Luego vas a su pueblo y, a ver, no es que sea feo, pero tampoco te cambia la vida. Bueno, <\/span><b>quiz\u00e1 si tu amigo es de este pueblo mallorqu\u00edn llamado S\u00f3ller, la cosa puede variar ligeramente.<\/b><\/p><p><span style=\"font-weight: 400;\">Este rinc\u00f3n de Mallorca es <\/span><b>uno de los grandes desconocidos de nuestra geograf\u00eda,<\/b><span style=\"font-weight: 400;\"> pero ofrece mucho m\u00e1s de lo que imaginas. Desde su famoso tranv\u00eda hasta rutas de senderismo, playas y pueblos con encanto.\u00a0<\/span><\/p><p><span style=\"font-weight: 400;\">Si te apetece explorar S\u00f3ller a tu ritmo, <\/span><b>aqu\u00ed vas a encontrar las mejores ideas y consejos para no perderte nada importante.<\/b><span style=\"font-weight: 400;\"> Prep\u00e1rate para descubrir las principales atracciones, actividades y lugares imprescindibles que ver en S\u00f3ller, tanto en el centro como en sus alrededores. \u00a1Vamos all\u00e1!<\/span><\/p>\t\t\t\t\t\t\t\t<\/div>\n\t\t\t\t<\/div>\n\t\t\t\t\t<\/div>\n\t\t\t\t<\/div>\n\t\t<div class=\"elementor-element elementor-element-6c503cc1 e-flex e-con-boxed e-con e-parent\" data-id=\"6c503cc1\" data-element_type=\"container\" data-e-type=\"container\">\n\t\t\t\t\t<div class=\"e-con-inner\">\n\t\t\t\t<div class=\"elementor-element elementor-element-52f96a37 elementor-widget elementor-widget-table-of-contents\" data-id=\"52f96a37\" data-element_type=\"widget\" data-e-type=\"widget\" data-settings=\"{&quot;headings_by_tags&quot;:[&quot;h2&quot;,&quot;h3&quot;],&quot;exclude_headings_by_selector&quot;:[],&quot;marker_view&quot;:&quot;bullets&quot;,&quot;icon&quot;:{&quot;value&quot;:&quot;&quot;,&quot;library&quot;:&quot;&quot;},&quot;no_headings_message&quot;:&quot;No headings were found on this page.&quot;,&quot;hierarchical_view&quot;:&quot;yes&quot;,&quot;min_height&quot;:{&quot;unit&quot;:&quot;px&quot;,&quot;size&quot;:&quot;&quot;,&quot;sizes&quot;:[]},&quot;min_height_tablet&quot;:{&quot;unit&quot;:&quot;px&quot;,&quot;size&quot;:&quot;&quot;,&quot;sizes&quot;:[]},&quot;min_height_mobile&quot;:{&quot;unit&quot;:&quot;px&quot;,&quot;size&quot;:&quot;&quot;,&quot;sizes&quot;:[]}}\" data-widget_type=\"table-of-contents.default\">\n\t\t\t\t<div class=\"elementor-widget-container\">\n\t\t\t\t\t\t\t\t\t<div class=\"elementor-toc__header\">\n\t\t\t\t\t\t<div class=\"elementor-toc__header-title\">\n\t\t\t\t\u00cdndice\t\t\t<\/div>\n\t\t\t\t\t\t\t\t<\/div>\n\t\t\t\t<div id=\"elementor-toc__52f96a37\" class=\"elementor-toc__body\">\n\t\t\t<div class=\"elementor-toc__spinner-container\">\n\t\t\t\t<svg class=\"elementor-toc__spinner eicon-animation-spin e-font-icon-svg e-eicon-loading\" aria-hidden=\"true\" viewBox=\"0 0 1000 1000\" xmlns=\"http:\/\/www.w3.org\/2000\/svg\"><path d=\"M500 975V858C696 858 858 696 858 500S696 142 500 142 142 304 142 500H25C25 237 238 25 500 25S975 237 975 500 763 975 500 975Z\"><\/path><\/svg>\t\t\t<\/div>\n\t\t<\/div>\n\t\t\t\t\t\t<\/div>\n\t\t\t\t<\/div>\n\t\t\t\t\t<\/div>\n\t\t\t\t<\/div>\n\t\t<div class=\"elementor-element elementor-element-4696f7bf e-flex e-con-boxed e-con e-parent\" data-id=\"4696f7bf\" data-element_type=\"container\" data-e-type=\"container\">\n\t\t\t\t\t<div class=\"e-con-inner\">\n\t\t\t\t<div class=\"elementor-element elementor-element-5202ede4 elementor-widget elementor-widget-heading\" data-id=\"5202ede4\" data-element_type=\"widget\" data-e-type=\"widget\" data-widget_type=\"heading.default\">\n\t\t\t\t<div class=\"elementor-widget-container\">\n\t\t\t\t\t<h2 class=\"elementor-heading-title elementor-size-default\">Las principales atracciones que ver en S\u00f3ller\n<\/h2>\t\t\t\t<\/div>\n\t\t\t\t<\/div>\n\t\t\t\t<div class=\"elementor-element elementor-element-337b76f7 elementor-widget elementor-widget-text-editor\" data-id=\"337b76f7\" data-element_type=\"widget\" data-e-type=\"widget\" data-widget_type=\"text-editor.default\">\n\t\t\t\t<div class=\"elementor-widget-container\">\n\t\t\t\t\t\t\t\t\t<p><span style=\"font-weight: 400;\">El pueblo de S\u00f3ller tiene <\/span><b>varios rincones de esos que te enganchan desde la primera visita. <\/b><span style=\"font-weight: 400;\">Eso s\u00ed, de poco sirve que vayas si te pierdes lo esencial. No te preocupes, en Rentallorca te dejamos cinco sitios que debes conocer s\u00ed o s\u00ed para que tu visita sea lo mejor posible.<\/span><\/p>\t\t\t\t\t\t\t\t<\/div>\n\t\t\t\t<\/div>\n\t\t\t\t\t<\/div>\n\t\t\t\t<\/div>\n\t\t<div class=\"elementor-element elementor-element-9bf63a8 e-flex e-con-boxed e-con e-parent\" data-id=\"9bf63a8\" data-element_type=\"container\" data-e-type=\"container\">\n\t\t\t\t\t<div class=\"e-con-inner\">\n\t\t<div class=\"elementor-element elementor-element-fdb629a e-con-full e-flex e-con e-child\" data-id=\"fdb629a\" data-element_type=\"container\" data-e-type=\"container\">\n\t\t\t\t<div class=\"elementor-element elementor-element-482a71b5 elementor-widget elementor-widget-heading\" data-id=\"482a71b5\" data-element_type=\"widget\" data-e-type=\"widget\" data-widget_type=\"heading.default\">\n\t\t\t\t<div class=\"elementor-widget-container\">\n\t\t\t\t\t<h3 class=\"elementor-heading-title elementor-size-default\">Plaza de la Constituci\u00f3n\n<\/h3>\t\t\t\t<\/div>\n\t\t\t\t<\/div>\n\t\t\t\t<div class=\"elementor-element elementor-element-23dd34c0 elementor-widget elementor-widget-text-editor\" data-id=\"23dd34c0\" data-element_type=\"widget\" data-e-type=\"widget\" data-widget_type=\"text-editor.default\">\n\t\t\t\t<div class=\"elementor-widget-container\">\n\t\t\t\t\t\t\t\t\t<p><span style=\"font-weight: 400;\">Como suele ocurrir en la mayor\u00eda de plazas de pueblo, la Plaza de la Constituci\u00f3n es el aut\u00e9ntico coraz\u00f3n de S\u00f3ller. En otras palabras,<\/span><b> es donde se concentra lo mejor de la vida local,<\/b><span style=\"font-weight: 400;\"> los abuelitos comprando y los vecinos de toda la vida charlando animados mientras toman un buen caf\u00e9.<\/span><\/p><p><span style=\"font-weight: 400;\">Aqu\u00ed te vas a encontrar con <\/span><b>la imponente iglesia de San Bartom\u00e9u, el hist\u00f3rico Banco de S\u00f3ller y una animada oferta de bares y cafeter\u00edas<\/b><span style=\"font-weight: 400;\"> con terraza. Tambi\u00e9n podr\u00e1s ver pasar el tranv\u00eda el\u00e9ctrico que conecta el pueblo con el puerto, un cl\u00e1sico que forma parte del paisaje urbano desde 1913.<\/span><\/p>\t\t\t\t\t\t\t\t<\/div>\n\t\t\t\t<\/div>\n\t\t\t\t<\/div>\n\t\t<div class=\"elementor-element elementor-element-b6b199a e-con-full e-flex e-con e-child\" data-id=\"b6b199a\" data-element_type=\"container\" data-e-type=\"container\">\n\t\t\t\t<div class=\"elementor-element elementor-element-0224ddd elementor-widget elementor-widget-image\" data-id=\"0224ddd\" data-element_type=\"widget\" data-e-type=\"widget\" data-widget_type=\"image.default\">\n\t\t\t\t<div class=\"elementor-widget-container\">\n\t\t\t\t\t\t\t\t\t\t\t\t\t\t\t<img decoding=\"async\" src=\"https:\/\/rentallorca.com\/blog\/wp-content\/uploads\/elementor\/thumbs\/Plaza-de-la-Constitucion-soller-r5sd0fd7rnsbixzr8cz6tr5e590vnzxpmezymvvvo4.jpg\" title=\"Plaza-de-la-Constitucion-soller\" alt=\"Plaza-de-la-Constitucion-soller\" loading=\"lazy\" \/>\t\t\t\t\t\t\t\t\t\t\t\t\t\t\t<\/div>\n\t\t\t\t<\/div>\n\t\t\t\t<\/div>\n\t\t\t\t\t<\/div>\n\t\t\t\t<\/div>\n\t\t<div class=\"elementor-element elementor-element-6e870b7 e-flex e-con-boxed e-con e-parent\" data-id=\"6e870b7\" data-element_type=\"container\" data-e-type=\"container\">\n\t\t\t\t\t<div class=\"e-con-inner\">\n\t\t<div class=\"elementor-element elementor-element-837a787 e-con-full e-flex e-con e-child\" data-id=\"837a787\" data-element_type=\"container\" data-e-type=\"container\">\n\t\t\t\t<div class=\"elementor-element elementor-element-6f0739c elementor-widget elementor-widget-heading\" data-id=\"6f0739c\" data-element_type=\"widget\" data-e-type=\"widget\" data-widget_type=\"heading.default\">\n\t\t\t\t<div class=\"elementor-widget-container\">\n\t\t\t\t\t<h3 class=\"elementor-heading-title elementor-size-default\">Iglesia de San Bartomeu\n<\/h3>\t\t\t\t<\/div>\n\t\t\t\t<\/div>\n\t\t\t\t<div class=\"elementor-element elementor-element-dbcccc6 elementor-widget elementor-widget-text-editor\" data-id=\"dbcccc6\" data-element_type=\"widget\" data-e-type=\"widget\" data-widget_type=\"text-editor.default\">\n\t\t\t\t<div class=\"elementor-widget-container\">\n\t\t\t\t\t\t\t\t\t<p><span style=\"font-weight: 400;\">Aunque no todas las iglesias son igual de entretenidas,<\/span><b> esta te aseguramos que no te dejar\u00e1 indiferente. <\/b><span style=\"font-weight: 400;\">No en vano, mezcla dos estilos tan aparentemente contrapuestos como el Barroco y el modernismo.\u00a0<\/span><\/p><p><span style=\"font-weight: 400;\">Te recomendamos que te tomes tu tiempo para contemplar bien la fachada y <\/span><b>apreciar todos los detalles arquitect\u00f3nicos que hay en ella. <\/b><span style=\"font-weight: 400;\">Por supuesto en su interior podr\u00e1s ver algunos de los ejemplos art\u00edsticos que hacen \u00fanica a Mallorca como sede religiosa.<\/span><\/p>\t\t\t\t\t\t\t\t<\/div>\n\t\t\t\t<\/div>\n\t\t\t\t<\/div>\n\t\t<div class=\"elementor-element elementor-element-f25eae3 e-con-full e-flex e-con e-child\" data-id=\"f25eae3\" data-element_type=\"container\" data-e-type=\"container\">\n\t\t\t\t<div class=\"elementor-element elementor-element-9566d8b elementor-widget elementor-widget-image\" data-id=\"9566d8b\" data-element_type=\"widget\" data-e-type=\"widget\" data-widget_type=\"image.default\">\n\t\t\t\t<div class=\"elementor-widget-container\">\n\t\t\t\t\t\t\t\t\t\t\t\t\t\t\t<img fetchpriority=\"high\" decoding=\"async\" width=\"800\" height=\"450\" src=\"https:\/\/rentallorca.com\/blog\/wp-content\/uploads\/2025\/05\/Iglesia-de-San-Bartomeu-soller-1024x576.webp\" class=\"attachment-large size-large wp-image-1429\" alt=\"Iglesia-de-San-Bartomeu-soller\" srcset=\"https:\/\/rentallorca.com\/blog\/wp-content\/uploads\/2025\/05\/Iglesia-de-San-Bartomeu-soller-1024x576.webp 1024w, https:\/\/rentallorca.com\/blog\/wp-content\/uploads\/2025\/05\/Iglesia-de-San-Bartomeu-soller-300x169.webp 300w, https:\/\/rentallorca.com\/blog\/wp-content\/uploads\/2025\/05\/Iglesia-de-San-Bartomeu-soller-768x432.webp 768w, https:\/\/rentallorca.com\/blog\/wp-content\/uploads\/2025\/05\/Iglesia-de-San-Bartomeu-soller.webp 1360w\" sizes=\"(max-width: 800px) 100vw, 800px\" \/>\t\t\t\t\t\t\t\t\t\t\t\t\t\t\t<\/div>\n\t\t\t\t<\/div>\n\t\t\t\t<\/div>\n\t\t\t\t\t<\/div>\n\t\t\t\t<\/div>\n\t\t<div class=\"elementor-element elementor-element-57be8e3 e-flex e-con-boxed e-con e-parent\" data-id=\"57be8e3\" data-element_type=\"container\" data-e-type=\"container\">\n\t\t\t\t\t<div class=\"e-con-inner\">\n\t\t<div class=\"elementor-element elementor-element-12499ba e-con-full e-flex e-con e-child\" data-id=\"12499ba\" data-element_type=\"container\" data-e-type=\"container\">\n\t\t\t\t<div class=\"elementor-element elementor-element-402d637 elementor-widget elementor-widget-heading\" data-id=\"402d637\" data-element_type=\"widget\" data-e-type=\"widget\" data-widget_type=\"heading.default\">\n\t\t\t\t<div class=\"elementor-widget-container\">\n\t\t\t\t\t<h3 class=\"elementor-heading-title elementor-size-default\">Banco de S\u00f3ller\n<\/h3>\t\t\t\t<\/div>\n\t\t\t\t<\/div>\n\t\t\t\t<div class=\"elementor-element elementor-element-794e43d elementor-widget elementor-widget-text-editor\" data-id=\"794e43d\" data-element_type=\"widget\" data-e-type=\"widget\" data-widget_type=\"text-editor.default\">\n\t\t\t\t<div class=\"elementor-widget-container\">\n\t\t\t\t\t\t\t\t\t<p><span style=\"font-weight: 400;\">\u00bfRecuerdas que antes te hablamos del Banco de S\u00f3ller? Bueno, pues<\/span><b> se trata de un edificio emblem\u00e1tico que da buen ejemplo del esplendor econ\u00f3mico<\/b><span style=\"font-weight: 400;\"> que viv\u00eda la zona a principios del siglo XX. Presenta una arquitectura modernista y es un aut\u00e9ntico s\u00edmbolo de la identidad del pueblo.<\/span><\/p>\t\t\t\t\t\t\t\t<\/div>\n\t\t\t\t<\/div>\n\t\t\t\t<\/div>\n\t\t<div class=\"elementor-element elementor-element-735fc06 e-con-full e-flex e-con e-child\" data-id=\"735fc06\" data-element_type=\"container\" data-e-type=\"container\">\n\t\t\t\t<div class=\"elementor-element elementor-element-050c423 elementor-widget elementor-widget-image\" data-id=\"050c423\" data-element_type=\"widget\" data-e-type=\"widget\" data-widget_type=\"image.default\">\n\t\t\t\t<div class=\"elementor-widget-container\">\n\t\t\t\t\t\t\t\t\t\t\t\t\t\t\t<img decoding=\"async\" width=\"724\" height=\"483\" src=\"https:\/\/rentallorca.com\/blog\/wp-content\/uploads\/2025\/05\/Banco-de-Soller.jpg\" class=\"attachment-large size-large wp-image-1435\" alt=\"Banco-de-Soller\" srcset=\"https:\/\/rentallorca.com\/blog\/wp-content\/uploads\/2025\/05\/Banco-de-Soller.jpg 724w, https:\/\/rentallorca.com\/blog\/wp-content\/uploads\/2025\/05\/Banco-de-Soller-300x200.jpg 300w\" sizes=\"(max-width: 724px) 100vw, 724px\" \/>\t\t\t\t\t\t\t\t\t\t\t\t\t\t\t<\/div>\n\t\t\t\t<\/div>\n\t\t\t\t<\/div>\n\t\t\t\t\t<\/div>\n\t\t\t\t<\/div>\n\t\t<div class=\"elementor-element elementor-element-8da122c e-flex e-con-boxed e-con e-parent\" data-id=\"8da122c\" data-element_type=\"container\" data-e-type=\"container\">\n\t\t\t\t\t<div class=\"e-con-inner\">\n\t\t<div class=\"elementor-element elementor-element-9cb57ad e-con-full e-flex e-con e-child\" data-id=\"9cb57ad\" data-element_type=\"container\" data-e-type=\"container\">\n\t\t\t\t<div class=\"elementor-element elementor-element-5164e5f elementor-widget elementor-widget-heading\" data-id=\"5164e5f\" data-element_type=\"widget\" data-e-type=\"widget\" data-widget_type=\"heading.default\">\n\t\t\t\t<div class=\"elementor-widget-container\">\n\t\t\t\t\t<h3 class=\"elementor-heading-title elementor-size-default\">Carrer de Sa Lluna\n<\/h3>\t\t\t\t<\/div>\n\t\t\t\t<\/div>\n\t\t\t\t<div class=\"elementor-element elementor-element-b724347 elementor-widget elementor-widget-text-editor\" data-id=\"b724347\" data-element_type=\"widget\" data-e-type=\"widget\" data-widget_type=\"text-editor.default\">\n\t\t\t\t<div class=\"elementor-widget-container\">\n\t\t\t\t\t\t\t\t\t<p><span style=\"font-weight: 400;\">Quiz\u00e1 te parezca que exageramos, pero<\/span><b> pasear por esta calle es un aut\u00e9ntico viaje en el tiempo. <\/b><span style=\"font-weight: 400;\">No en vano se trata de la v\u00eda comercial m\u00e1s antigua de S\u00f3ller y te aseguramos que est\u00e1 llena de historia, con casas que esconden patios y jardines privados. Al final de la calle, te encontrar\u00e1s con el antiguo lavadero p\u00fablico y varios huertos de naranjos que rodean el pueblo.<\/span><\/p>\t\t\t\t\t\t\t\t<\/div>\n\t\t\t\t<\/div>\n\t\t\t\t<\/div>\n\t\t<div class=\"elementor-element elementor-element-2863fe7 e-con-full e-flex e-con e-child\" data-id=\"2863fe7\" data-element_type=\"container\" data-e-type=\"container\">\n\t\t\t\t<div class=\"elementor-element elementor-element-933ae8a elementor-widget elementor-widget-image\" data-id=\"933ae8a\" data-element_type=\"widget\" data-e-type=\"widget\" data-widget_type=\"image.default\">\n\t\t\t\t<div class=\"elementor-widget-container\">\n\t\t\t\t\t\t\t\t\t\t\t\t\t\t\t<img decoding=\"async\" width=\"750\" height=\"412\" src=\"https:\/\/rentallorca.com\/blog\/wp-content\/uploads\/2025\/05\/Carrer-de-sa-lluna.png\" class=\"attachment-large size-large wp-image-1432\" alt=\"Carrer-de-sa-lluna\" srcset=\"https:\/\/rentallorca.com\/blog\/wp-content\/uploads\/2025\/05\/Carrer-de-sa-lluna.png 750w, https:\/\/rentallorca.com\/blog\/wp-content\/uploads\/2025\/05\/Carrer-de-sa-lluna-300x165.png 300w\" sizes=\"(max-width: 750px) 100vw, 750px\" \/>\t\t\t\t\t\t\t\t\t\t\t\t\t\t\t<\/div>\n\t\t\t\t<\/div>\n\t\t\t\t<\/div>\n\t\t\t\t\t<\/div>\n\t\t\t\t<\/div>\n\t\t<div class=\"elementor-element elementor-element-718c557e e-flex e-con-boxed e-con e-parent\" data-id=\"718c557e\" data-element_type=\"container\" data-e-type=\"container\">\n\t\t\t\t\t<div class=\"e-con-inner\">\n\t\t\t\t<div class=\"elementor-element elementor-element-1d3d1fd6 elementor-widget elementor-widget-heading\" data-id=\"1d3d1fd6\" data-element_type=\"widget\" data-e-type=\"widget\" data-widget_type=\"heading.default\">\n\t\t\t\t<div class=\"elementor-widget-container\">\n\t\t\t\t\t<h2 class=\"elementor-heading-title elementor-size-default\">No puedes perderte el puerto de S\u00f3ller \n<\/h2>\t\t\t\t<\/div>\n\t\t\t\t<\/div>\n\t\t\t\t<div class=\"elementor-element elementor-element-5cf39179 elementor-widget elementor-widget-text-editor\" data-id=\"5cf39179\" data-element_type=\"widget\" data-e-type=\"widget\" data-widget_type=\"text-editor.default\">\n\t\t\t\t<div class=\"elementor-widget-container\">\n\t\t\t\t\t\t\t\t\t<p><span style=\"font-weight: 400;\">Sabemos que has visto algunas fotos de S\u00f3ller, ya sea en esta web o en cualquier otra. Y estamos convencidos tambi\u00e9n de que te has dado cuenta de que es un precioso pueblo con puerto. Efectivamente,<\/span><b> est\u00e1s ante un rinc\u00f3n que combina mar, monta\u00f1a y tradici\u00f3n<\/b><span style=\"font-weight: 400;\"> de una manera muy especial.<\/span><\/p><p><span style=\"font-weight: 400;\">A tan solo tres kil\u00f3metros del centro del pueblo, <\/span><b>se encuentra el puerto natural m\u00e1s grande de toda la costa de Mallorca,<\/b><span style=\"font-weight: 400;\"> el cual sigue siendo a d\u00eda de hoy un punto de partida para todo tipo de excursiones hacia calas, acantilados o cuevas.\u00a0<\/span><\/p><p><span style=\"font-weight: 400;\">Es normal, <\/span><b>el Puerto de S\u00f3ller antes era un barrio pesquero<\/b><span style=\"font-weight: 400;\">. Hoy, aunque sigue manteniendo gran parte de su actividad, podr\u00eda entrar m\u00e1s en la categor\u00eda de \u201cbarrio tur\u00edstico con encanto\u201d.\u00a0<\/span><\/p><p><span style=\"font-weight: 400;\">Aqu\u00ed puedes pasear por el barrio marinero de Santa Catalina,<\/span><b> descubrir sus calles de piedra y disfrutar de su oferta gastron\u00f3mica frente al mar.<\/b><span style=\"font-weight: 400;\"> Adem\u00e1s, el tranv\u00eda que conecta el puerto con S\u00f3ller le dar\u00e1 un toque de sabor a tu visita, haciendo que el viaje sea parte de la experiencia. Por supuesto, no te pierdas el mirador de la ermita de Santa Catalina si quieres llenar tu m\u00f3vil con fotos espectaculares de la bah\u00eda y la sierra de Tramuntana.<\/span><\/p>\t\t\t\t\t\t\t\t<\/div>\n\t\t\t\t<\/div>\n\t\t\t\t\t<\/div>\n\t\t\t\t<\/div>\n\t\t<div class=\"elementor-element elementor-element-b92f9ea e-flex e-con-boxed e-con e-parent\" data-id=\"b92f9ea\" data-element_type=\"container\" data-e-type=\"container\">\n\t\t\t\t\t<div class=\"e-con-inner\">\n\t\t\t\t<div class=\"elementor-element elementor-element-3520863 elementor-widget elementor-widget-heading\" data-id=\"3520863\" data-element_type=\"widget\" data-e-type=\"widget\" data-widget_type=\"heading.default\">\n\t\t\t\t<div class=\"elementor-widget-container\">\n\t\t\t\t\t<h2 class=\"elementor-heading-title elementor-size-default\">Las mejores excursiones y actividades en S\u00f3ller \n<\/h2>\t\t\t\t<\/div>\n\t\t\t\t<\/div>\n\t\t\t\t<div class=\"elementor-element elementor-element-0f4a0f0 elementor-widget elementor-widget-text-editor\" data-id=\"0f4a0f0\" data-element_type=\"widget\" data-e-type=\"widget\" data-widget_type=\"text-editor.default\">\n\t\t\t\t<div class=\"elementor-widget-container\">\n\t\t\t\t\t\t\t\t\t<p><span style=\"font-weight: 400;\">No todas las excursiones combinan naturaleza, cultura y aventura. Pero S\u00f3ller s\u00ed que lo hace. Por ejemplo, <\/span><b>una de las actividades m\u00e1s recomendadas es el paseo en barco desde el puerto hasta Sa Calobra<\/b><span style=\"font-weight: 400;\">, donde podr\u00e1s ba\u00f1arte en aguas cristalinas y explorar el impresionante Torrent de Pareis.\u00a0<\/span><\/p><p><span style=\"font-weight: 400;\">\u00bfQue prefieres algo m\u00e1s \u201cterrestre\u201d? No hay problema tampoco. <\/span><b>El tren antiguo que conecta S\u00f3ller con Palma es una forma muy aut\u00e9ntica y tranquila de ver todo el paisaje mallorqu\u00edn<\/b><span style=\"font-weight: 400;\"> al completo. Si eres de esas personas que no entiende una escapada por la naturaleza sin una buena ruta de senderismo, apunta rutas por la Serra de Tramuntana como la de Sa Costera hasta Cala Tuent, con vistas espectaculares.<\/span><\/p><p><span style=\"font-weight: 400;\">Tambi\u00e9n puedes optar por subir al mirador de Santa Catalina para <\/span><b>disfrutar de panor\u00e1micas \u00fanicas del puerto o recorrer el casco hist\u00f3rico<\/b><span style=\"font-weight: 400;\"> en busca de su arquitectura y mercados locales. En S\u00f3ller, cada d\u00eda puede ser una aventura diferente.<\/span><\/p>\t\t\t\t\t\t\t\t<\/div>\n\t\t\t\t<\/div>\n\t\t\t\t<div class=\"elementor-element elementor-element-658885c elementor-widget elementor-widget-image\" data-id=\"658885c\" data-element_type=\"widget\" data-e-type=\"widget\" data-widget_type=\"image.default\">\n\t\t\t\t<div class=\"elementor-widget-container\">\n\t\t\t\t\t\t\t\t\t\t\t\t\t\t\t<img loading=\"lazy\" decoding=\"async\" width=\"1258\" height=\"629\" src=\"https:\/\/rentallorca.com\/blog\/wp-content\/uploads\/2025\/05\/mallorca-Soller.jpg\" class=\"attachment-full size-full wp-image-1438\" alt=\"mallorca-Soller\" srcset=\"https:\/\/rentallorca.com\/blog\/wp-content\/uploads\/2025\/05\/mallorca-Soller.jpg 1258w, https:\/\/rentallorca.com\/blog\/wp-content\/uploads\/2025\/05\/mallorca-Soller-300x150.jpg 300w, https:\/\/rentallorca.com\/blog\/wp-content\/uploads\/2025\/05\/mallorca-Soller-1024x512.jpg 1024w, https:\/\/rentallorca.com\/blog\/wp-content\/uploads\/2025\/05\/mallorca-Soller-768x384.jpg 768w\" sizes=\"(max-width: 1258px) 100vw, 1258px\" \/>\t\t\t\t\t\t\t\t\t\t\t\t\t\t\t<\/div>\n\t\t\t\t<\/div>\n\t\t\t\t\t<\/div>\n\t\t\t\t<\/div>\n\t\t<div class=\"elementor-element elementor-element-d49490c e-flex e-con-boxed e-con e-parent\" data-id=\"d49490c\" data-element_type=\"container\" data-e-type=\"container\">\n\t\t\t\t\t<div class=\"e-con-inner\">\n\t\t\t\t<div class=\"elementor-element elementor-element-0d0e46c elementor-widget elementor-widget-heading\" data-id=\"0d0e46c\" data-element_type=\"widget\" data-e-type=\"widget\" data-widget_type=\"heading.default\">\n\t\t\t\t<div class=\"elementor-widget-container\">\n\t\t\t\t\t<h2 class=\"elementor-heading-title elementor-size-default\">\u00bfNo sabes qu\u00e9 ver cerca de S\u00f3ller? Apunta estas ideas\n<\/h2>\t\t\t\t<\/div>\n\t\t\t\t<\/div>\n\t\t\t\t<div class=\"elementor-element elementor-element-9ed5a48 elementor-widget elementor-widget-text-editor\" data-id=\"9ed5a48\" data-element_type=\"widget\" data-e-type=\"widget\" data-widget_type=\"text-editor.default\">\n\t\t\t\t<div class=\"elementor-widget-container\">\n\t\t\t\t\t\t\t\t\t<p><span style=\"font-weight: 400;\">Si quieres ampliar tu ruta m\u00e1s all\u00e1 de S\u00f3ller, <\/span><b>tienes varias opciones que te van a encantar.<\/b><span style=\"font-weight: 400;\"> A pocos kil\u00f3metros est\u00e1 el Puerto de S\u00f3ller, donde puedes pasear, disfrutar de la playa y probar los mejores platos de la gastronom\u00eda local frente al mar.\u00a0<\/span><\/p><p><span style=\"font-weight: 400;\">Tambi\u00e9n puedes explorar<\/span><b> calas cercanas como Cala Tuent o Sa Calobra.<\/b><span style=\"font-weight: 400;\"> Para los frikis del senderismo, la Serra de Tramuntana ofrece rutas incre\u00edbles con vistas \u00fanicas, como las que llegan a los embalses de C\u00faber y Es Gorg Blau.\u00a0<\/span><\/p><p><span style=\"font-weight: 400;\">Y si te apetece descubrir pueblos con encanto, no te puedes perder Valldemossa y Dei\u00e0\u2026 que est\u00e1n a un paso, casi literalmente. <\/span><b>Estamos seguros de que te alucinar\u00e1 perderte por sus calles<\/b><span style=\"font-weight: 400;\"> llenas de historia y ambiente tranquilo.<\/span><\/p>\t\t\t\t\t\t\t\t<\/div>\n\t\t\t\t<\/div>\n\t\t\t\t\t<\/div>\n\t\t\t\t<\/div>\n\t\t<div class=\"elementor-element elementor-element-5aa4657 e-flex e-con-boxed e-con e-parent\" data-id=\"5aa4657\" data-element_type=\"container\" data-e-type=\"container\">\n\t\t\t\t\t<div class=\"e-con-inner\">\n\t\t\t\t<div class=\"elementor-element elementor-element-ba4c113 elementor-widget elementor-widget-heading\" data-id=\"ba4c113\" data-element_type=\"widget\" data-e-type=\"widget\" data-widget_type=\"heading.default\">\n\t\t\t\t<div class=\"elementor-widget-container\">\n\t\t\t\t\t<h2 class=\"elementor-heading-title elementor-size-default\">\u00bfPor qu\u00e9 deber\u00edas visitar S\u00f3ller?\n<\/h2>\t\t\t\t<\/div>\n\t\t\t\t<\/div>\n\t\t\t\t<div class=\"elementor-element elementor-element-4dc7555 elementor-widget elementor-widget-text-editor\" data-id=\"4dc7555\" data-element_type=\"widget\" data-e-type=\"widget\" data-widget_type=\"text-editor.default\">\n\t\t\t\t<div class=\"elementor-widget-container\">\n\t\t\t\t\t\t\t\t\t<p><span style=\"font-weight: 400;\">S\u00f3ller es mucho m\u00e1s que un pueblo bonito; <\/span><b>es una experiencia que conecta naturaleza, historia y cultura en un solo lugar.<\/b><span style=\"font-weight: 400;\"> Su casco hist\u00f3rico, con calles llenas de encanto, edificios modernistas y la emblem\u00e1tica iglesia de San Bartomeu, te permite sumergirte en la esencia mallorquina.<\/span><\/p><p><span style=\"font-weight: 400;\">Pero, lo que est\u00e1 claro, es que nada de tu viaje a S\u00f3ller ser\u00e1 un aut\u00e9ntico \u00e9xito si no cuentas con un alojamiento en condiciones. <\/span><b>En Rentallorca queremos pon\u00e9rtelo f\u00e1cil, gracias a nuestros apartamentos en Mallorca, <\/b><span style=\"font-weight: 400;\">a un gran precio con todas las comodidades que podr\u00edas necesitar.\u00a0<\/span><\/p><p><b>Contacta con nosotros lo antes posible para reservar el tuyo.<\/b><span style=\"font-weight: 400;\"> Te ayudaremos a encontrar un apartamento que se adapte a lo que buscas y que puedas vivir la escapada que te mereces en S\u00f3ller y alrededores. <\/span><\/p>\t\t\t\t\t\t\t\t<\/div>\n\t\t\t\t<\/div>\n\t\t\t\t\t<\/div>\n\t\t\t\t<\/div>\n\t\t<div class=\"elementor-element elementor-element-238aac7f e-flex e-con-boxed e-con e-parent\" data-id=\"238aac7f\" data-element_type=\"container\" data-e-type=\"container\">\n\t\t\t\t\t<div class=\"e-con-inner\">\n\t\t\t\t<div class=\"elementor-element elementor-element-af25dc5 elementor-widget__width-initial elementor-widget elementor-widget-grid\" data-id=\"af25dc5\" data-element_type=\"widget\" data-e-type=\"widget\" data-widget_type=\"grid.default\">\n\t\t\t\t<div class=\"elementor-widget-container\">\n\t\t\t\t\t\t\t<div class=\"its--row alojamientos-recomendados\">\n\n\t\t\t<div class=\"alojamientos-recomendados-container\">\n\n\t\t\t\t\t\n\t\t\t\t\t<a href=\"https:\/\/rentallorca.com\/alquiler\/finca-soller-c0023-finca-can-busquera-441537.html\" rel=\"nofollow\" style=\"width: 32%;\">\n\t\t\t\t\t\t<div class=\"apartamento-box\">\n\t\t\t\t\t\t\t<div class=\"imagen_recomendados\">\n\t\t\t\t\t\t\t\t<img decoding=\"async\" src=\"https:\/\/crs.avantio.com\/fotos\/2\/1691579152e0e4b2bcd4ed0824a620f01167a961ef\/big1691579154274c96e4a75be3db5e320059d986bb1f.jpg\" alt=\"Can Busquera by Rentallorca\">\n\t\t\t\t\t\t\t<\/div>\n\t\t\t\t\t\t\t<div class=\"info\">\n\t\t\t\t\t\t\t\t<div class=\"ubicacion\">\n\t\t\t\t\t\t\t\t\t<i class=\"fa-solid fa-location-dot icono-mapa\"><\/i><span class=\"ubicacion-texto\">S\u00f3ller - Mallorca<\/span>\n\t\t\t\t\t\t\t\t<\/div>\n\t\t\t\t\t\t\t\t<H4 class=\"titulo-alojamiento\">\n\t\t\t\t\t\t\t\t\tCan Busquera by Rentallorca\t\t\t\t\t\t\t\t<\/H4>\n\t\t\t\t\t\t\t\t<p class=\"precio-alojamiento\">Desde <span class=\"precio\">1070.46\u20ac<\/span> por noche<\/p>\n\t\t\t\t\t\t\t<\/div>\n\t\t\t\t\t\t<\/div>\n\t\t\t\t\t<\/a> \n\t\t\t\t\t\t\n\t\t\t\t\t<a href=\"https:\/\/rentallorca.com\/alquiler\/finca-soller-c0024-can-sec-llimoneres-441546.html\" rel=\"nofollow\" style=\"width: 32%;\">\n\t\t\t\t\t\t<div class=\"apartamento-box\">\n\t\t\t\t\t\t\t<div class=\"imagen_recomendados\">\n\t\t\t\t\t\t\t\t<img decoding=\"async\" src=\"https:\/\/crs.avantio.com\/fotos\/2\/1691579976361ef756f1bc1cbe0ef734079a5a6143\/big169157997774b20ba714e04eaa2c961b419cf3586a.jpg\" alt=\"Ca'n Sec by Rentallorca\">\n\t\t\t\t\t\t\t<\/div>\n\t\t\t\t\t\t\t<div class=\"info\">\n\t\t\t\t\t\t\t\t<div class=\"ubicacion\">\n\t\t\t\t\t\t\t\t\t<i class=\"fa-solid fa-location-dot icono-mapa\"><\/i><span class=\"ubicacion-texto\">S\u00f3ller - Mallorca<\/span>\n\t\t\t\t\t\t\t\t<\/div>\n\t\t\t\t\t\t\t\t<H4 class=\"titulo-alojamiento\">\n\t\t\t\t\t\t\t\t\tCa'n Sec by Rentallorca\t\t\t\t\t\t\t\t<\/H4>\n\t\t\t\t\t\t\t\t<p class=\"precio-alojamiento\">Desde <span class=\"precio\">271.32\u20ac<\/span> por noche<\/p>\n\t\t\t\t\t\t\t<\/div>\n\t\t\t\t\t\t<\/div>\n\t\t\t\t\t<\/a> \n\t\t\t\t\t\t\n\t\t\t\t\t<a href=\"https:\/\/rentallorca.com\/alquiler\/casa-soller-c0026-casa-sa-caseta-441575.html\" rel=\"nofollow\" style=\"width: 32%;\">\n\t\t\t\t\t\t<div class=\"apartamento-box\">\n\t\t\t\t\t\t\t<div class=\"imagen_recomendados\">\n\t\t\t\t\t\t\t\t<img decoding=\"async\" src=\"https:\/\/crs.avantio.com\/fotos\/2\/16915783817e0a0f23b4a1254274055d650c17d2fe\/big173435041641fd7086e7e831fc8725a3cad97314ec.jpg\" alt=\"Sa Caseta by Rentallorca\">\n\t\t\t\t\t\t\t<\/div>\n\t\t\t\t\t\t\t<div class=\"info\">\n\t\t\t\t\t\t\t\t<div class=\"ubicacion\">\n\t\t\t\t\t\t\t\t\t<i class=\"fa-solid fa-location-dot icono-mapa\"><\/i><span class=\"ubicacion-texto\">S\u00f3ller - Mallorca<\/span>\n\t\t\t\t\t\t\t\t<\/div>\n\t\t\t\t\t\t\t\t<H4 class=\"titulo-alojamiento\">\n\t\t\t\t\t\t\t\t\tSa Caseta by Rentallorca\t\t\t\t\t\t\t\t<\/H4>\n\t\t\t\t\t\t\t\t<p class=\"precio-alojamiento\">Desde <span class=\"precio\">142.50\u20ac<\/span> por noche<\/p>\n\t\t\t\t\t\t\t<\/div>\n\t\t\t\t\t\t<\/div>\n\t\t\t\t\t<\/a> \n\t\t\t\t\t\t\t\t<\/div>\n\t\t\t<\/div>\n\t\t\t\t\t\t<\/div>\n\t\t\t\t<\/div>\n\t\t\t\t\t<\/div>\n\t\t\t\t<\/div>\n\t\t<div class=\"elementor-element elementor-element-2a421c36 e-flex e-con-boxed e-con e-parent\" data-id=\"2a421c36\" data-element_type=\"container\" data-e-type=\"container\">\n\t\t\t\t\t<div class=\"e-con-inner\">\n\t\t\t\t<div class=\"elementor-element elementor-element-5559841e elementor-widget elementor-widget-shortcode\" data-id=\"5559841e\" data-element_type=\"widget\" data-e-type=\"widget\" data-widget_type=\"shortcode.default\">\n\t\t\t\t<div class=\"elementor-widget-container\">\n\t\t\t\t\t\t\t<div class=\"elementor-shortcode\">\t\t<div data-elementor-type=\"page\" data-elementor-id=\"208\" class=\"elementor elementor-208\" data-elementor-post-type=\"elementor_library\">\n\t\t\t\t<div class=\"elementor-element elementor-element-cdfbfb4 e-flex e-con-boxed e-con e-parent\" data-id=\"cdfbfb4\" data-element_type=\"container\" data-e-type=\"container\">\n\t\t\t\t\t<div class=\"e-con-inner\">\n\t\t<div class=\"elementor-element elementor-element-c9ffdf1 e-con-full e-flex e-con e-child\" data-id=\"c9ffdf1\" data-element_type=\"container\" data-e-type=\"container\">\n\t\t\t\t<div class=\"elementor-element elementor-element-e02487c elementor-align-justify elementor-widget elementor-widget-button\" data-id=\"e02487c\" data-element_type=\"widget\" data-e-type=\"widget\" data-widget_type=\"button.default\">\n\t\t\t\t<div class=\"elementor-widget-container\">\n\t\t\t\t\t\t\t\t\t<div class=\"elementor-button-wrapper\">\n\t\t\t\t\t<a class=\"elementor-button elementor-button-link elementor-size-sm\" href=\"https:\/\/rentallorca.com\/alquiler\/alquileres-soller-d67388\/\">\n\t\t\t\t\t\t<span class=\"elementor-button-content-wrapper\">\n\t\t\t\t\t\t\t\t\t<span class=\"elementor-button-text\">Alojamientos Soller <\/span>\n\t\t\t\t\t<\/span>\n\t\t\t\t\t<\/a>\n\t\t\t\t<\/div>\n\t\t\t\t\t\t\t\t<\/div>\n\t\t\t\t<\/div>\n\t\t\t\t<\/div>\n\t\t<div class=\"elementor-element elementor-element-4430aed e-con-full e-flex e-con e-child\" data-id=\"4430aed\" data-element_type=\"container\" data-e-type=\"container\">\n\t\t\t\t<div class=\"elementor-element elementor-element-64d92f8 elementor-align-justify elementor-widget elementor-widget-button\" data-id=\"64d92f8\" data-element_type=\"widget\" data-e-type=\"widget\" data-widget_type=\"button.default\">\n\t\t\t\t<div class=\"elementor-widget-container\">\n\t\t\t\t\t\t\t\t\t<div class=\"elementor-button-wrapper\">\n\t\t\t\t\t<a class=\"elementor-button elementor-button-link elementor-size-sm\" href=\"https:\/\/rentallorca.com\/alquiler\/casas-soller-c19d67388\/\">\n\t\t\t\t\t\t<span class=\"elementor-button-content-wrapper\">\n\t\t\t\t\t\t\t\t\t<span class=\"elementor-button-text\">Casas Soller <\/span>\n\t\t\t\t\t<\/span>\n\t\t\t\t\t<\/a>\n\t\t\t\t<\/div>\n\t\t\t\t\t\t\t\t<\/div>\n\t\t\t\t<\/div>\n\t\t\t\t<\/div>\n\t\t<div class=\"elementor-element elementor-element-9b534f7 e-con-full e-flex e-con e-child\" data-id=\"9b534f7\" data-element_type=\"container\" data-e-type=\"container\">\n\t\t\t\t<div class=\"elementor-element elementor-element-4013397 elementor-align-justify elementor-widget elementor-widget-button\" data-id=\"4013397\" data-element_type=\"widget\" data-e-type=\"widget\" data-widget_type=\"button.default\">\n\t\t\t\t<div class=\"elementor-widget-container\">\n\t\t\t\t\t\t\t\t\t<div class=\"elementor-button-wrapper\">\n\t\t\t\t\t<a class=\"elementor-button elementor-button-link elementor-size-sm\" href=\"https:\/\/rentallorca.com\/alquiler\/fincas-soller-c22d67388\/\">\n\t\t\t\t\t\t<span class=\"elementor-button-content-wrapper\">\n\t\t\t\t\t\t\t\t\t<span class=\"elementor-button-text\">Fincas Soller <\/span>\n\t\t\t\t\t<\/span>\n\t\t\t\t\t<\/a>\n\t\t\t\t<\/div>\n\t\t\t\t\t\t\t\t<\/div>\n\t\t\t\t<\/div>\n\t\t\t\t<\/div>\n\t\t\t\t\t<\/div>\n\t\t\t\t<\/div>\n\t\t\t\t<\/div>\n\t\t<\/div>\n\t\t\t\t\t\t<\/div>\n\t\t\t\t<\/div>\n\t\t\t\t\t<\/div>\n\t\t\t\t<\/div>\n\t\t\t\t<\/div>\n\t\t","protected":false},"excerpt":{"rendered":"<p>Seguro que tienes un amigo o conocido que presume con orgullo de que \u201cmi pueblo es el m\u00e1s bonito del mundo\u201d. Luego vas a su pueblo y, a ver, no es que sea feo, pero tampoco te cambia la vida. Bueno, quiz\u00e1 si tu amigo es de este pueblo mallorqu\u00edn llamado S\u00f3ller, la cosa puede [&hellip;]<\/p>\n","protected":false},"author":3,"featured_media":1441,"comment_status":"open","ping_status":"open","sticky":false,"template":"","format":"standard","meta":{"footnotes":""},"categories":[31],"tags":[],"class_list":["post-1420","post","type-post","status-publish","format-standard","has-post-thumbnail","hentry","category-destinos"],"yoast_head":"<!-- This site is optimized with the Yoast SEO plugin v27.5 - https:\/\/yoast.com\/product\/yoast-seo-wordpress\/ -->\n<title>Descubre qu\u00e9 ver en S\u00f3ller: Disfruta de Mallorca | Rentallorca<\/title>\n<meta name=\"description\" content=\"Descubre qu\u00e9 ver en S\u00f3ller, un pueblo con encanto entre monta\u00f1as y mar en Mallorca. Pasea por sus calles y disfruta de la isla al m\u00e1ximo.\" \/>\n<meta name=\"robots\" content=\"index, follow, max-snippet:-1, max-image-preview:large, max-video-preview:-1\" \/>\n<link rel=\"canonical\" href=\"https:\/\/rentallorca.com\/blog\/que-ver-en-soller\/\" \/>\n<meta property=\"og:locale\" content=\"es_ES\" \/>\n<meta property=\"og:type\" content=\"article\" \/>\n<meta property=\"og:title\" content=\"Descubre qu\u00e9 ver en S\u00f3ller: Disfruta de Mallorca | Rentallorca\" \/>\n<meta property=\"og:description\" content=\"Descubre qu\u00e9 ver en S\u00f3ller, un pueblo con encanto entre monta\u00f1as y mar en Mallorca. Pasea por sus calles y disfruta de la isla al m\u00e1ximo.\" \/>\n<meta property=\"og:url\" content=\"https:\/\/rentallorca.com\/blog\/que-ver-en-soller\/\" \/>\n<meta property=\"og:site_name\" content=\"Blog\" \/>\n<meta property=\"article:published_time\" content=\"2025-05-14T08:27:51+00:00\" \/>\n<meta property=\"article:modified_time\" content=\"2026-01-13T14:48:27+00:00\" \/>\n<meta property=\"og:image\" content=\"https:\/\/rentallorca.com\/blog\/wp-content\/uploads\/2025\/05\/puerto-soller-mallorca.jpg\" \/>\n\t<meta property=\"og:image:width\" content=\"1920\" \/>\n\t<meta property=\"og:image:height\" content=\"640\" \/>\n\t<meta property=\"og:image:type\" content=\"image\/jpeg\" \/>\n<meta name=\"author\" content=\"Axel\" \/>\n<meta name=\"twitter:card\" content=\"summary_large_image\" \/>\n<meta name=\"twitter:label1\" content=\"Written by\" \/>\n\t<meta name=\"twitter:data1\" content=\"Axel\" \/>\n\t<meta name=\"twitter:label2\" content=\"Est. reading time\" \/>\n\t<meta name=\"twitter:data2\" content=\"8 minutes\" \/>\n<script type=\"application\/ld+json\" class=\"yoast-schema-graph\">{\"@context\":\"https:\\\/\\\/schema.org\",\"@graph\":[{\"@type\":\"Article\",\"@id\":\"https:\\\/\\\/rentallorca.com\\\/blog\\\/que-ver-en-soller\\\/#article\",\"isPartOf\":{\"@id\":\"https:\\\/\\\/rentallorca.com\\\/blog\\\/que-ver-en-soller\\\/\"},\"author\":{\"name\":\"Axel\",\"@id\":\"https:\\\/\\\/rentallorca.com\\\/blog\\\/#\\\/schema\\\/person\\\/8c5ebe5bf8d43e9757ab6869e1d4cbe4\"},\"headline\":\"\u00bfQuieres saber qu\u00e9 ver en S\u00f3ller y alrededores? Te lo ense\u00f1amos\",\"datePublished\":\"2025-05-14T08:27:51+00:00\",\"dateModified\":\"2026-01-13T14:48:27+00:00\",\"mainEntityOfPage\":{\"@id\":\"https:\\\/\\\/rentallorca.com\\\/blog\\\/que-ver-en-soller\\\/\"},\"wordCount\":1288,\"commentCount\":0,\"image\":{\"@id\":\"https:\\\/\\\/rentallorca.com\\\/blog\\\/que-ver-en-soller\\\/#primaryimage\"},\"thumbnailUrl\":\"https:\\\/\\\/rentallorca.com\\\/blog\\\/wp-content\\\/uploads\\\/2025\\\/05\\\/puerto-soller-mallorca.jpg\",\"articleSection\":[\"Destinos\"],\"inLanguage\":\"es\",\"potentialAction\":[{\"@type\":\"CommentAction\",\"name\":\"Comment\",\"target\":[\"https:\\\/\\\/rentallorca.com\\\/blog\\\/que-ver-en-soller\\\/#respond\"]}]},{\"@type\":\"WebPage\",\"@id\":\"https:\\\/\\\/rentallorca.com\\\/blog\\\/que-ver-en-soller\\\/\",\"url\":\"https:\\\/\\\/rentallorca.com\\\/blog\\\/que-ver-en-soller\\\/\",\"name\":\"Descubre qu\u00e9 ver en S\u00f3ller: Disfruta de Mallorca | Rentallorca\",\"isPartOf\":{\"@id\":\"https:\\\/\\\/rentallorca.com\\\/blog\\\/#website\"},\"primaryImageOfPage\":{\"@id\":\"https:\\\/\\\/rentallorca.com\\\/blog\\\/que-ver-en-soller\\\/#primaryimage\"},\"image\":{\"@id\":\"https:\\\/\\\/rentallorca.com\\\/blog\\\/que-ver-en-soller\\\/#primaryimage\"},\"thumbnailUrl\":\"https:\\\/\\\/rentallorca.com\\\/blog\\\/wp-content\\\/uploads\\\/2025\\\/05\\\/puerto-soller-mallorca.jpg\",\"datePublished\":\"2025-05-14T08:27:51+00:00\",\"dateModified\":\"2026-01-13T14:48:27+00:00\",\"author\":{\"@id\":\"https:\\\/\\\/rentallorca.com\\\/blog\\\/#\\\/schema\\\/person\\\/8c5ebe5bf8d43e9757ab6869e1d4cbe4\"},\"description\":\"Descubre qu\u00e9 ver en S\u00f3ller, un pueblo con encanto entre monta\u00f1as y mar en Mallorca. Pasea por sus calles y disfruta de la isla al m\u00e1ximo.\",\"breadcrumb\":{\"@id\":\"https:\\\/\\\/rentallorca.com\\\/blog\\\/que-ver-en-soller\\\/#breadcrumb\"},\"inLanguage\":\"es\",\"potentialAction\":[{\"@type\":\"ReadAction\",\"target\":[\"https:\\\/\\\/rentallorca.com\\\/blog\\\/que-ver-en-soller\\\/\"]}]},{\"@type\":\"ImageObject\",\"inLanguage\":\"es\",\"@id\":\"https:\\\/\\\/rentallorca.com\\\/blog\\\/que-ver-en-soller\\\/#primaryimage\",\"url\":\"https:\\\/\\\/rentallorca.com\\\/blog\\\/wp-content\\\/uploads\\\/2025\\\/05\\\/puerto-soller-mallorca.jpg\",\"contentUrl\":\"https:\\\/\\\/rentallorca.com\\\/blog\\\/wp-content\\\/uploads\\\/2025\\\/05\\\/puerto-soller-mallorca.jpg\",\"width\":1920,\"height\":640,\"caption\":\"puerto soller mallorca\"},{\"@type\":\"BreadcrumbList\",\"@id\":\"https:\\\/\\\/rentallorca.com\\\/blog\\\/que-ver-en-soller\\\/#breadcrumb\",\"itemListElement\":[{\"@type\":\"ListItem\",\"position\":1,\"name\":\"Home\",\"item\":\"https:\\\/\\\/rentallorca.com\\\/blog\\\/\"},{\"@type\":\"ListItem\",\"position\":2,\"name\":\"\u00bfQuieres saber qu\u00e9 ver en S\u00f3ller y alrededores? Te lo ense\u00f1amos\"}]},{\"@type\":\"WebSite\",\"@id\":\"https:\\\/\\\/rentallorca.com\\\/blog\\\/#website\",\"url\":\"https:\\\/\\\/rentallorca.com\\\/blog\\\/\",\"name\":\"Blog\",\"description\":\"Rentallorca\",\"potentialAction\":[{\"@type\":\"SearchAction\",\"target\":{\"@type\":\"EntryPoint\",\"urlTemplate\":\"https:\\\/\\\/rentallorca.com\\\/blog\\\/?s={search_term_string}\"},\"query-input\":{\"@type\":\"PropertyValueSpecification\",\"valueRequired\":true,\"valueName\":\"search_term_string\"}}],\"inLanguage\":\"es\"},{\"@type\":\"Person\",\"@id\":\"https:\\\/\\\/rentallorca.com\\\/blog\\\/#\\\/schema\\\/person\\\/8c5ebe5bf8d43e9757ab6869e1d4cbe4\",\"name\":\"Axel\",\"image\":{\"@type\":\"ImageObject\",\"inLanguage\":\"es\",\"@id\":\"https:\\\/\\\/secure.gravatar.com\\\/avatar\\\/3bd706736e5b70f21f05f6c2d5cad746767782a4ba4b7df399c5969e2a9318fd?s=96&d=mm&r=g\",\"url\":\"https:\\\/\\\/secure.gravatar.com\\\/avatar\\\/3bd706736e5b70f21f05f6c2d5cad746767782a4ba4b7df399c5969e2a9318fd?s=96&d=mm&r=g\",\"contentUrl\":\"https:\\\/\\\/secure.gravatar.com\\\/avatar\\\/3bd706736e5b70f21f05f6c2d5cad746767782a4ba4b7df399c5969e2a9318fd?s=96&d=mm&r=g\",\"caption\":\"Axel\"},\"url\":\"https:\\\/\\\/rentallorca.com\\\/blog\\\/author\\\/axel\\\/\"}]}<\/script>\n<!-- \/ Yoast SEO plugin. -->","yoast_head_json":{"title":"Descubre qu\u00e9 ver en S\u00f3ller: Disfruta de Mallorca | Rentallorca","description":"Descubre qu\u00e9 ver en S\u00f3ller, un pueblo con encanto entre monta\u00f1as y mar en Mallorca. Pasea por sus calles y disfruta de la isla al m\u00e1ximo.","robots":{"index":"index","follow":"follow","max-snippet":"max-snippet:-1","max-image-preview":"max-image-preview:large","max-video-preview":"max-video-preview:-1"},"canonical":"https:\/\/rentallorca.com\/blog\/que-ver-en-soller\/","og_locale":"es_ES","og_type":"article","og_title":"Descubre qu\u00e9 ver en S\u00f3ller: Disfruta de Mallorca | Rentallorca","og_description":"Descubre qu\u00e9 ver en S\u00f3ller, un pueblo con encanto entre monta\u00f1as y mar en Mallorca. Pasea por sus calles y disfruta de la isla al m\u00e1ximo.","og_url":"https:\/\/rentallorca.com\/blog\/que-ver-en-soller\/","og_site_name":"Blog","article_published_time":"2025-05-14T08:27:51+00:00","article_modified_time":"2026-01-13T14:48:27+00:00","og_image":[{"width":1920,"height":640,"url":"https:\/\/rentallorca.com\/blog\/wp-content\/uploads\/2025\/05\/puerto-soller-mallorca.jpg","type":"image\/jpeg"}],"author":"Axel","twitter_card":"summary_large_image","twitter_misc":{"Written by":"Axel","Est. reading time":"8 minutes"},"schema":{"@context":"https:\/\/schema.org","@graph":[{"@type":"Article","@id":"https:\/\/rentallorca.com\/blog\/que-ver-en-soller\/#article","isPartOf":{"@id":"https:\/\/rentallorca.com\/blog\/que-ver-en-soller\/"},"author":{"name":"Axel","@id":"https:\/\/rentallorca.com\/blog\/#\/schema\/person\/8c5ebe5bf8d43e9757ab6869e1d4cbe4"},"headline":"\u00bfQuieres saber qu\u00e9 ver en S\u00f3ller y alrededores? Te lo ense\u00f1amos","datePublished":"2025-05-14T08:27:51+00:00","dateModified":"2026-01-13T14:48:27+00:00","mainEntityOfPage":{"@id":"https:\/\/rentallorca.com\/blog\/que-ver-en-soller\/"},"wordCount":1288,"commentCount":0,"image":{"@id":"https:\/\/rentallorca.com\/blog\/que-ver-en-soller\/#primaryimage"},"thumbnailUrl":"https:\/\/rentallorca.com\/blog\/wp-content\/uploads\/2025\/05\/puerto-soller-mallorca.jpg","articleSection":["Destinos"],"inLanguage":"es","potentialAction":[{"@type":"CommentAction","name":"Comment","target":["https:\/\/rentallorca.com\/blog\/que-ver-en-soller\/#respond"]}]},{"@type":"WebPage","@id":"https:\/\/rentallorca.com\/blog\/que-ver-en-soller\/","url":"https:\/\/rentallorca.com\/blog\/que-ver-en-soller\/","name":"Descubre qu\u00e9 ver en S\u00f3ller: Disfruta de Mallorca | Rentallorca","isPartOf":{"@id":"https:\/\/rentallorca.com\/blog\/#website"},"primaryImageOfPage":{"@id":"https:\/\/rentallorca.com\/blog\/que-ver-en-soller\/#primaryimage"},"image":{"@id":"https:\/\/rentallorca.com\/blog\/que-ver-en-soller\/#primaryimage"},"thumbnailUrl":"https:\/\/rentallorca.com\/blog\/wp-content\/uploads\/2025\/05\/puerto-soller-mallorca.jpg","datePublished":"2025-05-14T08:27:51+00:00","dateModified":"2026-01-13T14:48:27+00:00","author":{"@id":"https:\/\/rentallorca.com\/blog\/#\/schema\/person\/8c5ebe5bf8d43e9757ab6869e1d4cbe4"},"description":"Descubre qu\u00e9 ver en S\u00f3ller, un pueblo con encanto entre monta\u00f1as y mar en Mallorca. Pasea por sus calles y disfruta de la isla al m\u00e1ximo.","breadcrumb":{"@id":"https:\/\/rentallorca.com\/blog\/que-ver-en-soller\/#breadcrumb"},"inLanguage":"es","potentialAction":[{"@type":"ReadAction","target":["https:\/\/rentallorca.com\/blog\/que-ver-en-soller\/"]}]},{"@type":"ImageObject","inLanguage":"es","@id":"https:\/\/rentallorca.com\/blog\/que-ver-en-soller\/#primaryimage","url":"https:\/\/rentallorca.com\/blog\/wp-content\/uploads\/2025\/05\/puerto-soller-mallorca.jpg","contentUrl":"https:\/\/rentallorca.com\/blog\/wp-content\/uploads\/2025\/05\/puerto-soller-mallorca.jpg","width":1920,"height":640,"caption":"puerto soller mallorca"},{"@type":"BreadcrumbList","@id":"https:\/\/rentallorca.com\/blog\/que-ver-en-soller\/#breadcrumb","itemListElement":[{"@type":"ListItem","position":1,"name":"Home","item":"https:\/\/rentallorca.com\/blog\/"},{"@type":"ListItem","position":2,"name":"\u00bfQuieres saber qu\u00e9 ver en S\u00f3ller y alrededores? Te lo ense\u00f1amos"}]},{"@type":"WebSite","@id":"https:\/\/rentallorca.com\/blog\/#website","url":"https:\/\/rentallorca.com\/blog\/","name":"Blog","description":"Rentallorca","potentialAction":[{"@type":"SearchAction","target":{"@type":"EntryPoint","urlTemplate":"https:\/\/rentallorca.com\/blog\/?s={search_term_string}"},"query-input":{"@type":"PropertyValueSpecification","valueRequired":true,"valueName":"search_term_string"}}],"inLanguage":"es"},{"@type":"Person","@id":"https:\/\/rentallorca.com\/blog\/#\/schema\/person\/8c5ebe5bf8d43e9757ab6869e1d4cbe4","name":"Axel","image":{"@type":"ImageObject","inLanguage":"es","@id":"https:\/\/secure.gravatar.com\/avatar\/3bd706736e5b70f21f05f6c2d5cad746767782a4ba4b7df399c5969e2a9318fd?s=96&d=mm&r=g","url":"https:\/\/secure.gravatar.com\/avatar\/3bd706736e5b70f21f05f6c2d5cad746767782a4ba4b7df399c5969e2a9318fd?s=96&d=mm&r=g","contentUrl":"https:\/\/secure.gravatar.com\/avatar\/3bd706736e5b70f21f05f6c2d5cad746767782a4ba4b7df399c5969e2a9318fd?s=96&d=mm&r=g","caption":"Axel"},"url":"https:\/\/rentallorca.com\/blog\/author\/axel\/"}]}},"_links":{"self":[{"href":"https:\/\/rentallorca.com\/blog\/wp-json\/wp\/v2\/posts\/1420","targetHints":{"allow":["GET"]}}],"collection":[{"href":"https:\/\/rentallorca.com\/blog\/wp-json\/wp\/v2\/posts"}],"about":[{"href":"https:\/\/rentallorca.com\/blog\/wp-json\/wp\/v2\/types\/post"}],"author":[{"embeddable":true,"href":"https:\/\/rentallorca.com\/blog\/wp-json\/wp\/v2\/users\/3"}],"replies":[{"embeddable":true,"href":"https:\/\/rentallorca.com\/blog\/wp-json\/wp\/v2\/comments?post=1420"}],"version-history":[{"count":27,"href":"https:\/\/rentallorca.com\/blog\/wp-json\/wp\/v2\/posts\/1420\/revisions"}],"predecessor-version":[{"id":3448,"href":"https:\/\/rentallorca.com\/blog\/wp-json\/wp\/v2\/posts\/1420\/revisions\/3448"}],"wp:featuredmedia":[{"embeddable":true,"href":"https:\/\/rentallorca.com\/blog\/wp-json\/wp\/v2\/media\/1441"}],"wp:attachment":[{"href":"https:\/\/rentallorca.com\/blog\/wp-json\/wp\/v2\/media?parent=1420"}],"wp:term":[{"taxonomy":"category","embeddable":true,"href":"https:\/\/rentallorca.com\/blog\/wp-json\/wp\/v2\/categories?post=1420"},{"taxonomy":"post_tag","embeddable":true,"href":"https:\/\/rentallorca.com\/blog\/wp-json\/wp\/v2\/tags?post=1420"}],"curies":[{"name":"wp","href":"https:\/\/api.w.org\/{rel}","templated":true}]}}