{"id":1176,"date":"2025-04-08T08:28:30","date_gmt":"2025-04-08T08:28:30","guid":{"rendered":"https:\/\/rentallorca.com\/blog\/?p=1176"},"modified":"2025-07-17T07:14:28","modified_gmt":"2025-07-17T07:14:28","slug":"playas-de-mallorca","status":"publish","type":"post","link":"https:\/\/rentallorca.com\/blog\/playas-de-mallorca\/","title":{"rendered":"Mejores playas de Mallorca. \u00a1Te presentamos la lista definitiva!"},"content":{"rendered":"\t\t<div data-elementor-type=\"wp-post\" data-elementor-id=\"1176\" class=\"elementor elementor-1176\" data-elementor-post-type=\"post\">\n\t\t\t\t<div class=\"elementor-element elementor-element-7f715bc2 e-flex e-con-boxed e-con e-parent\" data-id=\"7f715bc2\" data-element_type=\"container\" data-e-type=\"container\">\n\t\t\t\t\t<div class=\"e-con-inner\">\n\t\t\t\t<div class=\"elementor-element elementor-element-139d4c02 elementor-widget elementor-widget-text-editor\" data-id=\"139d4c02\" data-element_type=\"widget\" data-e-type=\"widget\" data-widget_type=\"text-editor.default\">\n\t\t\t\t<div class=\"elementor-widget-container\">\n\t\t\t\t\t\t\t\t\t<p><span style=\"font-weight: 400;\">Tampoco es necesario que, a estas alturas de la vida, <\/span><b>vengamos a descubrirte que Mallorca tiene unas playas incre\u00edbles<\/b><span style=\"font-weight: 400;\">. Vamos, es que si has encendido un televisor m\u00e1s de dos veces en tu vida seguro que est\u00e1s m\u00e1s que alerta de que la isla concentra algunos de los destinos playeros m\u00e1s interesantes del pa\u00eds.<\/span><\/p><p><span style=\"font-weight: 400;\">Pero en Rentallorca queremos ir un pasito m\u00e1s all\u00e1 y <\/span><b>proponerte la lista definitiva con las mejores playas de Mallorca<\/b><span style=\"font-weight: 400;\">. T\u00f3matelo como una gu\u00eda \u00fatil para elegir tu pr\u00f3ximo destino este verano (o cualquier \u00e9poca del a\u00f1o, why not).<\/span><\/p><p><span style=\"font-weight: 400;\">A continuaci\u00f3n,<\/span><b> te contamos todo sobre las mejores playas de Mallorca,<\/b><span style=\"font-weight: 400;\"> sus actividades acu\u00e1ticas y de relax y algunos consejos para encontrar tu playa ideal. \u00a1Toma nota!<\/span><\/p>\t\t\t\t\t\t\t\t<\/div>\n\t\t\t\t<\/div>\n\t\t\t\t\t<\/div>\n\t\t\t\t<\/div>\n\t\t<div class=\"elementor-element elementor-element-e9482b7 e-flex e-con-boxed e-con e-parent\" data-id=\"e9482b7\" data-element_type=\"container\" data-e-type=\"container\">\n\t\t\t\t\t<div class=\"e-con-inner\">\n\t\t\t\t<div class=\"elementor-element elementor-element-103708cf elementor-widget elementor-widget-table-of-contents\" data-id=\"103708cf\" data-element_type=\"widget\" data-e-type=\"widget\" data-settings=\"{&quot;headings_by_tags&quot;:[&quot;h2&quot;,&quot;h3&quot;],&quot;exclude_headings_by_selector&quot;:[],&quot;marker_view&quot;:&quot;bullets&quot;,&quot;icon&quot;:{&quot;value&quot;:&quot;&quot;,&quot;library&quot;:&quot;&quot;},&quot;no_headings_message&quot;:&quot;No headings were found on this page.&quot;,&quot;hierarchical_view&quot;:&quot;yes&quot;,&quot;min_height&quot;:{&quot;unit&quot;:&quot;px&quot;,&quot;size&quot;:&quot;&quot;,&quot;sizes&quot;:[]},&quot;min_height_tablet&quot;:{&quot;unit&quot;:&quot;px&quot;,&quot;size&quot;:&quot;&quot;,&quot;sizes&quot;:[]},&quot;min_height_mobile&quot;:{&quot;unit&quot;:&quot;px&quot;,&quot;size&quot;:&quot;&quot;,&quot;sizes&quot;:[]}}\" data-widget_type=\"table-of-contents.default\">\n\t\t\t\t<div class=\"elementor-widget-container\">\n\t\t\t\t\t\t\t\t\t<div class=\"elementor-toc__header\">\n\t\t\t\t\t\t<div class=\"elementor-toc__header-title\">\n\t\t\t\tContenidos\t\t\t<\/div>\n\t\t\t\t\t\t\t\t<\/div>\n\t\t\t\t<div id=\"elementor-toc__103708cf\" class=\"elementor-toc__body\">\n\t\t\t<div class=\"elementor-toc__spinner-container\">\n\t\t\t\t<svg class=\"elementor-toc__spinner eicon-animation-spin e-font-icon-svg e-eicon-loading\" aria-hidden=\"true\" viewBox=\"0 0 1000 1000\" xmlns=\"http:\/\/www.w3.org\/2000\/svg\"><path d=\"M500 975V858C696 858 858 696 858 500S696 142 500 142 142 304 142 500H25C25 237 238 25 500 25S975 237 975 500 763 975 500 975Z\"><\/path><\/svg>\t\t\t<\/div>\n\t\t<\/div>\n\t\t\t\t\t\t<\/div>\n\t\t\t\t<\/div>\n\t\t\t\t\t<\/div>\n\t\t\t\t<\/div>\n\t\t<div class=\"elementor-element elementor-element-1c756a1a e-flex e-con-boxed e-con e-parent\" data-id=\"1c756a1a\" data-element_type=\"container\" data-e-type=\"container\">\n\t\t\t\t\t<div class=\"e-con-inner\">\n\t\t\t\t<div class=\"elementor-element elementor-element-2b52aa86 elementor-widget elementor-widget-heading\" data-id=\"2b52aa86\" data-element_type=\"widget\" data-e-type=\"widget\" data-widget_type=\"heading.default\">\n\t\t\t\t<div class=\"elementor-widget-container\">\n\t\t\t\t\t<h2 class=\"elementor-heading-title elementor-size-default\">Estas son las mejores playas de Mallorca \n<\/h2>\t\t\t\t<\/div>\n\t\t\t\t<\/div>\n\t\t\t\t<div class=\"elementor-element elementor-element-2d35fe6f elementor-widget elementor-widget-text-editor\" data-id=\"2d35fe6f\" data-element_type=\"widget\" data-e-type=\"widget\" data-widget_type=\"text-editor.default\">\n\t\t\t\t<div class=\"elementor-widget-container\">\n\t\t\t\t\t\t\t\t\t<p><span style=\"font-weight: 400;\">Rapidito y al grano, que sabemos que tienes muchas cosas que hacer. Si quieres<\/span><b> una lista de las mejores playas de Mallorca, <\/b><span style=\"font-weight: 400;\">est\u00e1s en el lugar perfecto para ello.<\/span><\/p>\t\t\t\t\t\t\t\t<\/div>\n\t\t\t\t<\/div>\n\t\t\t\t\t<\/div>\n\t\t\t\t<\/div>\n\t\t<div class=\"elementor-element elementor-element-91cee30 e-flex e-con-boxed e-con e-parent\" data-id=\"91cee30\" data-element_type=\"container\" data-e-type=\"container\">\n\t\t\t\t\t<div class=\"e-con-inner\">\n\t\t<div class=\"elementor-element elementor-element-a5fc2be e-con-full e-flex e-con e-child\" data-id=\"a5fc2be\" data-element_type=\"container\" data-e-type=\"container\">\n\t\t\t\t<div class=\"elementor-element elementor-element-16f0dce1 elementor-widget elementor-widget-heading\" data-id=\"16f0dce1\" data-element_type=\"widget\" data-e-type=\"widget\" data-widget_type=\"heading.default\">\n\t\t\t\t<div class=\"elementor-widget-container\">\n\t\t\t\t\t<h3 class=\"elementor-heading-title elementor-size-default\">Cal\u00f3 des Moro\n<\/h3>\t\t\t\t<\/div>\n\t\t\t\t<\/div>\n\t\t\t\t<div class=\"elementor-element elementor-element-041a3c8 elementor-widget elementor-widget-image\" data-id=\"041a3c8\" data-element_type=\"widget\" data-e-type=\"widget\" data-widget_type=\"image.default\">\n\t\t\t\t<div class=\"elementor-widget-container\">\n\t\t\t\t\t\t\t\t\t\t\t\t\t\t\t<img fetchpriority=\"high\" decoding=\"async\" width=\"698\" height=\"465\" src=\"https:\/\/rentallorca.com\/blog\/wp-content\/uploads\/2025\/04\/calo-des-moro.jpg\" class=\"attachment-large size-large wp-image-1310\" alt=\"calo-des-moro\" srcset=\"https:\/\/rentallorca.com\/blog\/wp-content\/uploads\/2025\/04\/calo-des-moro.jpg 698w, https:\/\/rentallorca.com\/blog\/wp-content\/uploads\/2025\/04\/calo-des-moro-300x200.jpg 300w\" sizes=\"(max-width: 698px) 100vw, 698px\" \/>\t\t\t\t\t\t\t\t\t\t\t\t\t\t\t<\/div>\n\t\t\t\t<\/div>\n\t\t\t\t<div class=\"elementor-element elementor-element-9b47442 elementor-widget elementor-widget-text-editor\" data-id=\"9b47442\" data-element_type=\"widget\" data-e-type=\"widget\" data-widget_type=\"text-editor.default\">\n\t\t\t\t<div class=\"elementor-widget-container\">\n\t\t\t\t\t\t\t\t\t<p><span style=\"font-weight: 400;\">La primera playa de nuestro top la podr\u00e1s encontrar en el sureste de Mallorca, Cal\u00f3 des Moro es una<\/span><b> cala peque\u00f1a y paradis\u00edaca que se encuentra rodeada de acantilados<\/b><span style=\"font-weight: 400;\">, lo cual le da un extra de misterio e intimidad.<\/span><\/p><p><span style=\"font-weight: 400;\">Lo que m\u00e1s enamora a la gente de esta playa son<\/span><b> sus aguas cristalinas de color turquesa y su entorno natural virgen.<\/b><span style=\"font-weight: 400;\"> Es un lugar absolutamente top si te gusta el snorkel y buscas un poco de tranquilidad.<\/span><\/p><p><span style=\"font-weight: 400;\">Para poder llegar a ella<\/span><b> tendr\u00e1s que recorrer una peque\u00f1a caminata, eso s\u00ed, pero el esfuerzo vale la pena sin duda<\/b><span style=\"font-weight: 400;\">. Aunque solo sea por la belleza del paisaje. Tampoco cuenta con servicios, por lo que te recomendamos que te lleves algo de comida y bebida por si se te alarga el d\u00eda. Dado que tiene un tama\u00f1o, lo mejor es que la visites temprano para no comerte aglomeraciones.<\/span><\/p>\t\t\t\t\t\t\t\t<\/div>\n\t\t\t\t<\/div>\n\t\t\t\t<\/div>\n\t\t<div class=\"elementor-element elementor-element-bb67cf1 e-con-full e-flex e-con e-child\" data-id=\"bb67cf1\" data-element_type=\"container\" data-e-type=\"container\">\n\t\t\t\t<div class=\"elementor-element elementor-element-a2536ff elementor-widget elementor-widget-heading\" data-id=\"a2536ff\" data-element_type=\"widget\" data-e-type=\"widget\" data-widget_type=\"heading.default\">\n\t\t\t\t<div class=\"elementor-widget-container\">\n\t\t\t\t\t<h3 class=\"elementor-heading-title elementor-size-default\">Playa de Es Trenc\n<\/h3>\t\t\t\t<\/div>\n\t\t\t\t<\/div>\n\t\t\t\t<div class=\"elementor-element elementor-element-23d3325 elementor-widget elementor-widget-image\" data-id=\"23d3325\" data-element_type=\"widget\" data-e-type=\"widget\" data-widget_type=\"image.default\">\n\t\t\t\t<div class=\"elementor-widget-container\">\n\t\t\t\t\t\t\t\t\t\t\t\t\t\t\t<img decoding=\"async\" width=\"724\" height=\"483\" src=\"https:\/\/rentallorca.com\/blog\/wp-content\/uploads\/2025\/04\/playa-de-es-trenc.jpg\" class=\"attachment-large size-large wp-image-1313\" alt=\"playa-de-es-trenc\" srcset=\"https:\/\/rentallorca.com\/blog\/wp-content\/uploads\/2025\/04\/playa-de-es-trenc.jpg 724w, https:\/\/rentallorca.com\/blog\/wp-content\/uploads\/2025\/04\/playa-de-es-trenc-300x200.jpg 300w\" sizes=\"(max-width: 724px) 100vw, 724px\" \/>\t\t\t\t\t\t\t\t\t\t\t\t\t\t\t<\/div>\n\t\t\t\t<\/div>\n\t\t\t\t<div class=\"elementor-element elementor-element-238a5b1 elementor-widget elementor-widget-text-editor\" data-id=\"238a5b1\" data-element_type=\"widget\" data-e-type=\"widget\" data-widget_type=\"text-editor.default\">\n\t\t\t\t<div class=\"elementor-widget-container\">\n\t\t\t\t\t\t\t\t\t<p><span style=\"font-weight: 400;\">Es Trenc es <\/span><b>una playa virgen de m\u00e1s de 2 kil\u00f3metros con arena blanca y aguas turquesas que te recordar\u00e1n enseguida al Caribe<\/b><span style=\"font-weight: 400;\">. Se encuentra en una zona protegida, ya que su entorno natural es \u00fanico, aunque no te ser\u00e1 dif\u00edcil encontrar alg\u00fan que otro vestigio hist\u00f3rico como un par de torres de la Segunda Guerra Mundial.\u00a0<\/span><\/p><p><span style=\"font-weight: 400;\">Lo mejor de la playa de Es Trenc es ese placer de disfrutar del atardecer en sus chiringuitos. <\/span><b>El \u00fanico punto no tan positivo es que no tiene mucha sombra<\/b><span style=\"font-weight: 400;\">, por lo que te recomendamos que lleves algo de protecci\u00f3n solar si no quieres quemarte. Si buscas algo m\u00e1s relajado y alejado del turismo masivo, esta es tu playa.<\/span><\/p>\t\t\t\t\t\t\t\t<\/div>\n\t\t\t\t<\/div>\n\t\t\t\t<\/div>\n\t\t\t\t\t<\/div>\n\t\t\t\t<\/div>\n\t\t<div class=\"elementor-element elementor-element-b6215b2 e-flex e-con-boxed e-con e-parent\" data-id=\"b6215b2\" data-element_type=\"container\" data-e-type=\"container\">\n\t\t\t\t\t<div class=\"e-con-inner\">\n\t\t<div class=\"elementor-element elementor-element-0721ea7 e-con-full e-flex e-con e-child\" data-id=\"0721ea7\" data-element_type=\"container\" data-e-type=\"container\">\n\t\t\t\t<div class=\"elementor-element elementor-element-fafd551 elementor-widget elementor-widget-heading\" data-id=\"fafd551\" data-element_type=\"widget\" data-e-type=\"widget\" data-widget_type=\"heading.default\">\n\t\t\t\t<div class=\"elementor-widget-container\">\n\t\t\t\t\t<h3 class=\"elementor-heading-title elementor-size-default\">Cala Agulla\n<\/h3>\t\t\t\t<\/div>\n\t\t\t\t<\/div>\n\t\t\t\t<div class=\"elementor-element elementor-element-b214ea9 elementor-widget elementor-widget-image\" data-id=\"b214ea9\" data-element_type=\"widget\" data-e-type=\"widget\" data-widget_type=\"image.default\">\n\t\t\t\t<div class=\"elementor-widget-container\">\n\t\t\t\t\t\t\t\t\t\t\t\t\t\t\t<img decoding=\"async\" width=\"684\" height=\"456\" src=\"https:\/\/rentallorca.com\/blog\/wp-content\/uploads\/2025\/04\/Cala-agulla-1.jpg\" class=\"attachment-large size-large wp-image-1307\" alt=\"Cala-agulla\" srcset=\"https:\/\/rentallorca.com\/blog\/wp-content\/uploads\/2025\/04\/Cala-agulla-1.jpg 684w, https:\/\/rentallorca.com\/blog\/wp-content\/uploads\/2025\/04\/Cala-agulla-1-300x200.jpg 300w\" sizes=\"(max-width: 684px) 100vw, 684px\" \/>\t\t\t\t\t\t\t\t\t\t\t\t\t\t\t<\/div>\n\t\t\t\t<\/div>\n\t\t\t\t<div class=\"elementor-element elementor-element-d27ddb8 elementor-widget elementor-widget-text-editor\" data-id=\"d27ddb8\" data-element_type=\"widget\" data-e-type=\"widget\" data-widget_type=\"text-editor.default\">\n\t\t\t\t<div class=\"elementor-widget-container\">\n\t\t\t\t\t\t\t\t\t<p><span style=\"font-weight: 400;\">En el n\u00famero 3 de nuestro top, <\/span><b>queremos incluir la Cala Agulla, situada cerca de Cala Ratjada<\/b><span style=\"font-weight: 400;\">. Estamos hablando de un destino \u00edntimo muy c\u00f3modo para los visitantes y que no anda precisamente corto de belleza natural.\u00a0<\/span><\/p><p><b>Tendr\u00e1s a tu disposici\u00f3n m\u00e1s de 500 metros de arena fina y aguas turquesas<\/b><span style=\"font-weight: 400;\">, por lo que es perfecta para familias que busquen un f\u00e1cil acceso y servicios como chiringuitos y alquiler de hamacas.\u00a0<\/span><\/p><p><span style=\"font-weight: 400;\">Tambi\u00e9n es ideal<b> si te apetece practicar alguna actividad acu\u00e1tica como kayak o snorkel.<\/b> Su entorno est\u00e1 rodeado por pinos, d\u00e1ndote zonas de sombra naturales por si te cansas de \u201ctorrarte\u201d bajo el sol. Adem\u00e1s, desde aqu\u00ed puedes hacer una visita al Faro de Capdepera, un mirador espectacular.<\/span><\/p>\t\t\t\t\t\t\t\t<\/div>\n\t\t\t\t<\/div>\n\t\t\t\t<\/div>\n\t\t<div class=\"elementor-element elementor-element-48a7e7f e-con-full e-flex e-con e-child\" data-id=\"48a7e7f\" data-element_type=\"container\" data-e-type=\"container\">\n\t\t\t\t<div class=\"elementor-element elementor-element-3a6226a elementor-widget elementor-widget-heading\" data-id=\"3a6226a\" data-element_type=\"widget\" data-e-type=\"widget\" data-widget_type=\"heading.default\">\n\t\t\t\t<div class=\"elementor-widget-container\">\n\t\t\t\t\t<h3 class=\"elementor-heading-title elementor-size-default\">Sa Calobra\n<\/h3>\t\t\t\t<\/div>\n\t\t\t\t<\/div>\n\t\t\t\t<div class=\"elementor-element elementor-element-7b7d460 elementor-widget elementor-widget-image\" data-id=\"7b7d460\" data-element_type=\"widget\" data-e-type=\"widget\" data-widget_type=\"image.default\">\n\t\t\t\t<div class=\"elementor-widget-container\">\n\t\t\t\t\t\t\t\t\t\t\t\t\t\t\t<img loading=\"lazy\" decoding=\"async\" width=\"785\" height=\"523\" src=\"https:\/\/rentallorca.com\/blog\/wp-content\/uploads\/2025\/04\/Sa-calobra.jpg\" class=\"attachment-large size-large wp-image-1301\" alt=\"Sa-calobra\" srcset=\"https:\/\/rentallorca.com\/blog\/wp-content\/uploads\/2025\/04\/Sa-calobra.jpg 785w, https:\/\/rentallorca.com\/blog\/wp-content\/uploads\/2025\/04\/Sa-calobra-300x200.jpg 300w, https:\/\/rentallorca.com\/blog\/wp-content\/uploads\/2025\/04\/Sa-calobra-768x512.jpg 768w\" sizes=\"(max-width: 785px) 100vw, 785px\" \/>\t\t\t\t\t\t\t\t\t\t\t\t\t\t\t<\/div>\n\t\t\t\t<\/div>\n\t\t\t\t<div class=\"elementor-element elementor-element-07d735a elementor-widget elementor-widget-text-editor\" data-id=\"07d735a\" data-element_type=\"widget\" data-e-type=\"widget\" data-widget_type=\"text-editor.default\">\n\t\t\t\t<div class=\"elementor-widget-container\">\n\t\t\t\t\t\t\t\t\t<p><span style=\"font-weight: 400;\">Ubicada en la Sierra de Tramontana,<\/span><b> Sa Calobra es una playa impresionante en la desembocadura del Torrent de Pareis<\/b><span style=\"font-weight: 400;\"> y la encargada de cerrar esta peque\u00f1a lista. Se encuentra rodeada por acantilados de m\u00e1s de 200 metros, te da unas vistas espectaculares de esas de no querer guardar la c\u00e1mara y aguas cristalinas perfectas para nadar o hacer un poquito de snorkel.\u00a0<\/span><\/p><p><span style=\"font-weight: 400;\">Aunque el acceso puede ser complicado debido a las carreteras sinuosas, <\/span><b>te aseguramos que la experiencia vale la pena<\/b><span style=\"font-weight: 400;\">. Durante el verano, tendr\u00e1s un sinf\u00edn de tiendas y restaurantes cercanos para disfrutar del atardecer bebiendo algo fresquito. \u00bfSe puede pedir m\u00e1s?<\/span><\/p>\t\t\t\t\t\t\t\t<\/div>\n\t\t\t\t<\/div>\n\t\t\t\t<\/div>\n\t\t\t\t\t<\/div>\n\t\t\t\t<\/div>\n\t\t<div class=\"elementor-element elementor-element-70ea8cd3 e-flex e-con-boxed e-con e-parent\" data-id=\"70ea8cd3\" data-element_type=\"container\" data-e-type=\"container\">\n\t\t\t\t\t<div class=\"e-con-inner\">\n\t\t\t\t<div class=\"elementor-element elementor-element-500dd08 elementor-widget elementor-widget-heading\" data-id=\"500dd08\" data-element_type=\"widget\" data-e-type=\"widget\" data-widget_type=\"heading.default\">\n\t\t\t\t<div class=\"elementor-widget-container\">\n\t\t\t\t\t<h2 class=\"elementor-heading-title elementor-size-default\">No te pierdas las mejores actividades acu\u00e1ticas y de relax \n<\/h2>\t\t\t\t<\/div>\n\t\t\t\t<\/div>\n\t\t\t\t<div class=\"elementor-element elementor-element-53cdb5f1 elementor-widget elementor-widget-text-editor\" data-id=\"53cdb5f1\" data-element_type=\"widget\" data-e-type=\"widget\" data-widget_type=\"text-editor.default\">\n\t\t\t\t<div class=\"elementor-widget-container\">\n\t\t\t\t\t\t\t\t\t<p><span style=\"font-weight: 400;\">Mallorca no se queda corta en eso de ofrecer todo tipo de actividades acu\u00e1ticas y de relax si quieres disfrutar de tu estancia al m\u00e1ximo. Si adoras el mar tanto como nosotros y <\/span><b>te gusta sacar un hueco para practicar snorkel o algo de buceo<\/b><span style=\"font-weight: 400;\">, tendr\u00e1s algunas de las calas con aguas m\u00e1s cristalinas del mediterr\u00e1neo a tu disposici\u00f3n.<\/span><\/p><p><span style=\"font-weight: 400;\">Si prefieres una experiencia m\u00e1s tranquila, en Mallorca no te faltar\u00e1n playas para tomar el sol y disfrutar de un ba\u00f1o en aguas templadas (ideal si odias el agua fr\u00eda del Atl\u00e1ntico). \u00bfNo te apetece estar todo el d\u00eda en la playa? No te preocupes. <\/span><b>Tambi\u00e9n puedes visitar uno de los muchos centros de spa que ofrecen tratamientos de masaje y bienestar<\/b><span style=\"font-weight: 400;\">, para rejuvenecer y reconectar un poquito con tu aut\u00e9ntica esencia.\u00a0<\/span><\/p>\t\t\t\t\t\t\t\t<\/div>\n\t\t\t\t<\/div>\n\t\t\t\t\t<\/div>\n\t\t\t\t<\/div>\n\t\t<div class=\"elementor-element elementor-element-2a26a42a e-flex e-con-boxed e-con e-parent\" data-id=\"2a26a42a\" data-element_type=\"container\" data-e-type=\"container\">\n\t\t\t\t\t<div class=\"e-con-inner\">\n\t\t\t\t<div class=\"elementor-element elementor-element-f96805d elementor-widget elementor-widget-image\" data-id=\"f96805d\" data-element_type=\"widget\" data-e-type=\"widget\" data-widget_type=\"image.default\">\n\t\t\t\t<div class=\"elementor-widget-container\">\n\t\t\t\t\t\t\t\t\t\t\t\t\t\t\t<img loading=\"lazy\" decoding=\"async\" width=\"1254\" height=\"627\" src=\"https:\/\/rentallorca.com\/blog\/wp-content\/uploads\/2025\/04\/actividades-mallorca-playas.jpg\" class=\"attachment-full size-full wp-image-1316\" alt=\"actividades-mallorca-playas\" srcset=\"https:\/\/rentallorca.com\/blog\/wp-content\/uploads\/2025\/04\/actividades-mallorca-playas.jpg 1254w, https:\/\/rentallorca.com\/blog\/wp-content\/uploads\/2025\/04\/actividades-mallorca-playas-300x150.jpg 300w, https:\/\/rentallorca.com\/blog\/wp-content\/uploads\/2025\/04\/actividades-mallorca-playas-1024x512.jpg 1024w, https:\/\/rentallorca.com\/blog\/wp-content\/uploads\/2025\/04\/actividades-mallorca-playas-768x384.jpg 768w\" sizes=\"(max-width: 1254px) 100vw, 1254px\" \/>\t\t\t\t\t\t\t\t\t\t\t\t\t\t\t<\/div>\n\t\t\t\t<\/div>\n\t\t\t\t\t<\/div>\n\t\t\t\t<\/div>\n\t\t<div class=\"elementor-element elementor-element-2fe5338 e-flex e-con-boxed e-con e-parent\" data-id=\"2fe5338\" data-element_type=\"container\" data-e-type=\"container\">\n\t\t\t\t\t<div class=\"e-con-inner\">\n\t\t\t\t<div class=\"elementor-element elementor-element-354c67e elementor-widget elementor-widget-heading\" data-id=\"354c67e\" data-element_type=\"widget\" data-e-type=\"widget\" data-widget_type=\"heading.default\">\n\t\t\t\t<div class=\"elementor-widget-container\">\n\t\t\t\t\t<h2 class=\"elementor-heading-title elementor-size-default\">Anota estos consejos para encontrar tu playa ideal en Mallorca\n<\/h2>\t\t\t\t<\/div>\n\t\t\t\t<\/div>\n\t\t\t\t<div class=\"elementor-element elementor-element-51e9dc9 elementor-widget elementor-widget-text-editor\" data-id=\"51e9dc9\" data-element_type=\"widget\" data-e-type=\"widget\" data-widget_type=\"text-editor.default\">\n\t\t\t\t<div class=\"elementor-widget-container\">\n\t\t\t\t\t\t\t\t\t<p><span style=\"font-weight: 400;\">Encontrar la playa ideal en Mallorca puede ser algo complejo,<\/span><b> aunque solo sea por la gran variedad de opciones<\/b><span style=\"font-weight: 400;\"> que tienes para elegir. Aqu\u00ed te damos algunos consejos que pueden ayudarte a aterrizar un poco tus preferencias:\u00a0<\/span><\/p><ul><li style=\"font-weight: 400;\" aria-level=\"1\"><b>Ten claras tus prioridades:<\/b><span style=\"font-weight: 400;\"> si buscas tranquilidad y naturaleza, te aconsejamos decantarte por calas v\u00edrgenes como Cala Varques o Cala Barques. Si prefieres comodidad y servicios, Platja d&#8217;Alc\u00fadia o Cala Millor son mejores opciones.<\/span><\/li><li style=\"font-weight: 400;\" aria-level=\"1\"><b>Considera el tipo de playa que buscas<\/b><span style=\"font-weight: 400;\">: si te gustan las playas de arena blanca y fina, Es Trenc es una excelente elecci\u00f3n. Para un entorno m\u00e1s rocoso y pintoresco, qu\u00e9date con Cala Mondrag\u00f3.<\/span><\/li><li style=\"font-weight: 400;\" aria-level=\"1\"><b>Accesibilidad<\/b><span style=\"font-weight: 400;\">: si tienes movilidad reducida, busca playas como Ciutat Jard\u00ed o Santa Pon\u00e7a, que te ofrecen un f\u00e1cil acceso y servicios adaptados.<\/span><\/li><li style=\"font-weight: 400;\" aria-level=\"1\"><b>Actividades acu\u00e1ticas<\/b><span>: Cala Millor es perfecta para windsurf o buceo.<\/span><\/li><\/ul>\t\t\t\t\t\t\t\t<\/div>\n\t\t\t\t<\/div>\n\t\t\t\t\t<\/div>\n\t\t\t\t<\/div>\n\t\t<div class=\"elementor-element elementor-element-18c28a3 e-flex e-con-boxed e-con e-parent\" data-id=\"18c28a3\" data-element_type=\"container\" data-e-type=\"container\">\n\t\t\t\t\t<div class=\"e-con-inner\">\n\t\t\t\t<div class=\"elementor-element elementor-element-4a84e00 elementor-widget elementor-widget-heading\" data-id=\"4a84e00\" data-element_type=\"widget\" data-e-type=\"widget\" data-widget_type=\"heading.default\">\n\t\t\t\t<div class=\"elementor-widget-container\">\n\t\t\t\t\t<h2 class=\"elementor-heading-title elementor-size-default\">\u00bfPor qu\u00e9 Mallorca es un destino de ensue\u00f1o?\n<\/h2>\t\t\t\t<\/div>\n\t\t\t\t<\/div>\n\t\t\t\t<div class=\"elementor-element elementor-element-345806c elementor-widget elementor-widget-text-editor\" data-id=\"345806c\" data-element_type=\"widget\" data-e-type=\"widget\" data-widget_type=\"text-editor.default\">\n\t\t\t\t<div class=\"elementor-widget-container\">\n\t\t\t\t\t\t\t\t\t<p><span style=\"font-weight: 400;\">Como ves, Mallorca y sus playas forman un plan de esos que no te puedes perder. Eso s\u00ed, si quieres rentabilizar al m\u00e1ximo tu estancia, no debes dejar para el \u00faltimo momento lo m\u00e1s importante: <\/span><b>encontrar un alojamiento a la altura de tus expectativas.<\/b><\/p><p><span style=\"font-weight: 400;\">En Rentallorca te ofrecemos la mejor selecci\u00f3n de alojamientos de todo tipo para que vivas la mejor experiencia en pareja, con amigos o en familia. <\/span><b>Contacta con nosotros para reservar tu apartamento lo antes posible. <\/b><\/p>\t\t\t\t\t\t\t\t<\/div>\n\t\t\t\t<\/div>\n\t\t\t\t\t<\/div>\n\t\t\t\t<\/div>\n\t\t<div class=\"elementor-element elementor-element-19e8b45 e-flex e-con-boxed e-con e-parent\" data-id=\"19e8b45\" data-element_type=\"container\" data-e-type=\"container\">\n\t\t\t\t\t<div class=\"e-con-inner\">\n\t\t<div class=\"elementor-element elementor-element-8a1df7a e-con-full e-flex e-con e-child\" data-id=\"8a1df7a\" data-element_type=\"container\" data-e-type=\"container\">\n\t\t\t\t<div class=\"elementor-element elementor-element-dcf9771 elementor-widget__width-initial elementor-widget elementor-widget-grid\" data-id=\"dcf9771\" data-element_type=\"widget\" data-e-type=\"widget\" data-widget_type=\"grid.default\">\n\t\t\t\t<div class=\"elementor-widget-container\">\n\t\t\t\t\t\t\t<div class=\"its--row alojamientos-recomendados\">\n\n\t\t\t<div class=\"alojamientos-recomendados-container\">\n\n\t\t\t\t\t\n\t\t\t\t\t<a href=\"https:\/\/rentallorca.com\/alquiler\/casa-can-picafort-b0009-cas-predi-441529.html\" rel=\"nofollow\" style=\"width: 32%;\">\n\t\t\t\t\t\t<div class=\"apartamento-box\">\n\t\t\t\t\t\t\t<div class=\"imagen_recomendados\">\n\t\t\t\t\t\t\t\t<img decoding=\"async\" src=\"https:\/\/crs.avantio.com\/fotos\/2\/1691576612725fc9a81e98ff576a33ebaca1540da8\/big172527292491210cebc6a63699fc46d2df6e22ba80.jpg\" alt=\"Cas Predi by Rentallorca\">\n\t\t\t\t\t\t\t<\/div>\n\t\t\t\t\t\t\t<div class=\"info\">\n\t\t\t\t\t\t\t\t<div class=\"ubicacion\">\n\t\t\t\t\t\t\t\t\t<i class=\"fa-solid fa-location-dot icono-mapa\"><\/i><span class=\"ubicacion-texto\">Can Picafort - Mallorca<\/span>\n\t\t\t\t\t\t\t\t<\/div>\n\t\t\t\t\t\t\t\t<H4 class=\"titulo-alojamiento\">\n\t\t\t\t\t\t\t\t\tCas Predi by Rentallorca\t\t\t\t\t\t\t\t<\/H4>\n\t\t\t\t\t\t\t\t<p class=\"precio-alojamiento\">Desde <span class=\"precio\">133.38\u20ac<\/span> por noche<\/p>\n\t\t\t\t\t\t\t<\/div>\n\t\t\t\t\t\t<\/div>\n\t\t\t\t\t<\/a> \n\t\t\t\t\t\t\n\t\t\t\t\t<a href=\"https:\/\/rentallorca.com\/alquiler\/casa-can-picafort-a0004-petit-bijouc-441556.html\" rel=\"nofollow\" style=\"width: 32%;\">\n\t\t\t\t\t\t<div class=\"apartamento-box\">\n\t\t\t\t\t\t\t<div class=\"imagen_recomendados\">\n\t\t\t\t\t\t\t\t<img decoding=\"async\" src=\"https:\/\/crs.avantio.com\/fotos\/2\/169157770502966eeddb391417ef63a87957e4fd41\/big1691577707990e29ed1c5f13691b1c81667ccf12c3.jpg\" alt=\"Petit Bijouc by Rentallorca\">\n\t\t\t\t\t\t\t<\/div>\n\t\t\t\t\t\t\t<div class=\"info\">\n\t\t\t\t\t\t\t\t<div class=\"ubicacion\">\n\t\t\t\t\t\t\t\t\t<i class=\"fa-solid fa-location-dot icono-mapa\"><\/i><span class=\"ubicacion-texto\">Can Picafort - Mallorca<\/span>\n\t\t\t\t\t\t\t\t<\/div>\n\t\t\t\t\t\t\t\t<H4 class=\"titulo-alojamiento\">\n\t\t\t\t\t\t\t\t\tPetit Bijouc by Rentallorca\t\t\t\t\t\t\t\t<\/H4>\n\t\t\t\t\t\t\t\t<p class=\"precio-alojamiento\">Desde <span class=\"precio\">180.12\u20ac<\/span> por noche<\/p>\n\t\t\t\t\t\t\t<\/div>\n\t\t\t\t\t\t<\/div>\n\t\t\t\t\t<\/a> \n\t\t\t\t\t\t\n\t\t\t\t\t<a href=\"https:\/\/rentallorca.com\/alquiler\/apartamento-puerto-de-alcudia-c0029-assimetric-441568.html\" rel=\"nofollow\" style=\"width: 32%;\">\n\t\t\t\t\t\t<div class=\"apartamento-box\">\n\t\t\t\t\t\t\t<div class=\"imagen_recomendados\">\n\t\t\t\t\t\t\t\t<img decoding=\"async\" src=\"https:\/\/crs.avantio.com\/fotos\/2\/1691580239a5a7d809e7ed2930e12ec4a2f441251c\/big169158024384688a12274c736c048fb55fe33cc1c0.jpg\" alt=\"Assimetric by Rentallorca\">\n\t\t\t\t\t\t\t<\/div>\n\t\t\t\t\t\t\t<div class=\"info\">\n\t\t\t\t\t\t\t\t<div class=\"ubicacion\">\n\t\t\t\t\t\t\t\t\t<i class=\"fa-solid fa-location-dot icono-mapa\"><\/i><span class=\"ubicacion-texto\">Puerto de Alcudia - Mallorca<\/span>\n\t\t\t\t\t\t\t\t<\/div>\n\t\t\t\t\t\t\t\t<H4 class=\"titulo-alojamiento\">\n\t\t\t\t\t\t\t\t\tAssimetric by Rentallorca\t\t\t\t\t\t\t\t<\/H4>\n\t\t\t\t\t\t\t\t<p class=\"precio-alojamiento\">Desde <span class=\"precio\">239.40\u20ac<\/span> por noche<\/p>\n\t\t\t\t\t\t\t<\/div>\n\t\t\t\t\t\t<\/div>\n\t\t\t\t\t<\/a> \n\t\t\t\t\t\t\t\t<\/div>\n\t\t\t<\/div>\n\t\t\t\t\t\t<\/div>\n\t\t\t\t<\/div>\n\t\t\t\t<\/div>\n\t\t\t\t\t<\/div>\n\t\t\t\t<\/div>\n\t\t<div class=\"elementor-element elementor-element-39290bee e-flex e-con-boxed e-con e-parent\" data-id=\"39290bee\" data-element_type=\"container\" data-e-type=\"container\">\n\t\t\t\t\t<div class=\"e-con-inner\">\n\t\t\t\t<div class=\"elementor-element elementor-element-7a7ed6b1 elementor-widget elementor-widget-shortcode\" data-id=\"7a7ed6b1\" data-element_type=\"widget\" data-e-type=\"widget\" data-widget_type=\"shortcode.default\">\n\t\t\t\t<div class=\"elementor-widget-container\">\n\t\t\t\t\t\t\t<div class=\"elementor-shortcode\">\t\t<div data-elementor-type=\"page\" data-elementor-id=\"170\" class=\"elementor elementor-170\" data-elementor-post-type=\"elementor_library\">\n\t\t\t\t<div class=\"elementor-element elementor-element-16c5e22 e-flex e-con-boxed e-con e-parent\" data-id=\"16c5e22\" data-element_type=\"container\" data-e-type=\"container\">\n\t\t\t\t\t<div class=\"e-con-inner\">\n\t\t<div class=\"elementor-element elementor-element-ac67807 e-con-full e-flex e-con e-child\" data-id=\"ac67807\" data-element_type=\"container\" data-e-type=\"container\">\n\t\t\t\t<div class=\"elementor-element elementor-element-2ab04b2 elementor-align-justify elementor-widget elementor-widget-button\" data-id=\"2ab04b2\" data-element_type=\"widget\" data-e-type=\"widget\" data-widget_type=\"button.default\">\n\t\t\t\t<div class=\"elementor-widget-container\">\n\t\t\t\t\t\t\t\t\t<div class=\"elementor-button-wrapper\">\n\t\t\t\t\t<a class=\"elementor-button elementor-button-link elementor-size-sm\" href=\"https:\/\/rentallorca.com\/alquiler\/alquileres-mallorca-e21\/\">\n\t\t\t\t\t\t<span class=\"elementor-button-content-wrapper\">\n\t\t\t\t\t\t\t\t\t<span class=\"elementor-button-text\">Alojamientos Mallorca<\/span>\n\t\t\t\t\t<\/span>\n\t\t\t\t\t<\/a>\n\t\t\t\t<\/div>\n\t\t\t\t\t\t\t\t<\/div>\n\t\t\t\t<\/div>\n\t\t\t\t<\/div>\n\t\t<div class=\"elementor-element elementor-element-6bea3dd e-con-full e-flex e-con e-child\" data-id=\"6bea3dd\" data-element_type=\"container\" data-e-type=\"container\">\n\t\t\t\t<div class=\"elementor-element elementor-element-ff8a437 elementor-align-justify elementor-widget elementor-widget-button\" data-id=\"ff8a437\" data-element_type=\"widget\" data-e-type=\"widget\" data-widget_type=\"button.default\">\n\t\t\t\t<div class=\"elementor-widget-container\">\n\t\t\t\t\t\t\t\t\t<div class=\"elementor-button-wrapper\">\n\t\t\t\t\t<a class=\"elementor-button elementor-button-link elementor-size-sm\" href=\"https:\/\/rentallorca.com\/alquiler\/apartamentos-mallorca-c1e21\/\">\n\t\t\t\t\t\t<span class=\"elementor-button-content-wrapper\">\n\t\t\t\t\t\t\t\t\t<span class=\"elementor-button-text\">Apartamentos Mallorca<\/span>\n\t\t\t\t\t<\/span>\n\t\t\t\t\t<\/a>\n\t\t\t\t<\/div>\n\t\t\t\t\t\t\t\t<\/div>\n\t\t\t\t<\/div>\n\t\t\t\t<\/div>\n\t\t<div class=\"elementor-element elementor-element-d557a64 e-con-full e-flex e-con e-child\" data-id=\"d557a64\" data-element_type=\"container\" data-e-type=\"container\">\n\t\t\t\t<div class=\"elementor-element elementor-element-4421fc4 elementor-align-justify elementor-widget elementor-widget-button\" data-id=\"4421fc4\" data-element_type=\"widget\" data-e-type=\"widget\" data-widget_type=\"button.default\">\n\t\t\t\t<div class=\"elementor-widget-container\">\n\t\t\t\t\t\t\t\t\t<div class=\"elementor-button-wrapper\">\n\t\t\t\t\t<a class=\"elementor-button elementor-button-link elementor-size-sm\" href=\"https:\/\/rentallorca.com\/alquiler\/casas-alcudia-c19d1098\/\">\n\t\t\t\t\t\t<span class=\"elementor-button-content-wrapper\">\n\t\t\t\t\t\t\t\t\t<span class=\"elementor-button-text\">Casas Mallorca<\/span>\n\t\t\t\t\t<\/span>\n\t\t\t\t\t<\/a>\n\t\t\t\t<\/div>\n\t\t\t\t\t\t\t\t<\/div>\n\t\t\t\t<\/div>\n\t\t\t\t<\/div>\n\t\t<div class=\"elementor-element elementor-element-995a361 e-con-full e-flex e-con e-child\" data-id=\"995a361\" data-element_type=\"container\" data-e-type=\"container\">\n\t\t\t\t<div class=\"elementor-element elementor-element-e6addd0 elementor-align-justify elementor-widget elementor-widget-button\" data-id=\"e6addd0\" data-element_type=\"widget\" data-e-type=\"widget\" data-widget_type=\"button.default\">\n\t\t\t\t<div class=\"elementor-widget-container\">\n\t\t\t\t\t\t\t\t\t<div class=\"elementor-button-wrapper\">\n\t\t\t\t\t<a class=\"elementor-button elementor-button-link elementor-size-sm\" href=\"https:\/\/rentallorca.com\/alquiler\/fincas-mallorca-c22e21\/\">\n\t\t\t\t\t\t<span class=\"elementor-button-content-wrapper\">\n\t\t\t\t\t\t\t\t\t<span class=\"elementor-button-text\">Fincas Mallorca<\/span>\n\t\t\t\t\t<\/span>\n\t\t\t\t\t<\/a>\n\t\t\t\t<\/div>\n\t\t\t\t\t\t\t\t<\/div>\n\t\t\t\t<\/div>\n\t\t\t\t<\/div>\n\t\t\t\t\t<\/div>\n\t\t\t\t<\/div>\n\t\t\t\t<\/div>\n\t\t<\/div>\n\t\t\t\t\t\t<\/div>\n\t\t\t\t<\/div>\n\t\t\t\t\t<\/div>\n\t\t\t\t<\/div>\n\t\t\t\t<\/div>\n\t\t","protected":false},"excerpt":{"rendered":"<p>Tampoco es necesario que, a estas alturas de la vida, vengamos a descubrirte que Mallorca tiene unas playas incre\u00edbles. Vamos, es que si has encendido un televisor m\u00e1s de dos veces en tu vida seguro que est\u00e1s m\u00e1s que alerta de que la isla concentra algunos de los destinos playeros m\u00e1s interesantes del pa\u00eds. Pero [&hellip;]<\/p>\n","protected":false},"author":3,"featured_media":1319,"comment_status":"open","ping_status":"open","sticky":false,"template":"","format":"standard","meta":{"footnotes":""},"categories":[34],"tags":[],"class_list":["post-1176","post","type-post","status-publish","format-standard","has-post-thumbnail","hentry","category-mallorca-destino"],"yoast_head":"<!-- This site is optimized with the Yoast SEO plugin v27.5 - https:\/\/yoast.com\/product\/yoast-seo-wordpress\/ -->\n<title>Mejores playas de Mallorca: La lista definitiva - Rentallorca<\/title>\n<meta name=\"description\" content=\"Rel\u00e1jate en las mejores playas de Mallorca: aguas cristalinas, arena dorada y paisajes de ensue\u00f1o. \u00a1Vive el verano al m\u00e1ximo!\" \/>\n<meta name=\"robots\" content=\"index, follow, max-snippet:-1, max-image-preview:large, max-video-preview:-1\" \/>\n<link rel=\"canonical\" href=\"https:\/\/rentallorca.com\/blog\/playas-de-mallorca\/\" \/>\n<meta property=\"og:locale\" content=\"es_ES\" \/>\n<meta property=\"og:type\" content=\"article\" \/>\n<meta property=\"og:title\" content=\"Mejores playas de Mallorca: La lista definitiva - Rentallorca\" \/>\n<meta property=\"og:description\" content=\"Rel\u00e1jate en las mejores playas de Mallorca: aguas cristalinas, arena dorada y paisajes de ensue\u00f1o. \u00a1Vive el verano al m\u00e1ximo!\" \/>\n<meta property=\"og:url\" content=\"https:\/\/rentallorca.com\/blog\/playas-de-mallorca\/\" \/>\n<meta property=\"og:site_name\" content=\"Blog\" \/>\n<meta property=\"article:published_time\" content=\"2025-04-08T08:28:30+00:00\" \/>\n<meta property=\"article:modified_time\" content=\"2025-07-17T07:14:28+00:00\" \/>\n<meta property=\"og:image\" content=\"https:\/\/rentallorca.com\/blog\/wp-content\/uploads\/2025\/04\/playas-en-mallorca.jpg\" \/>\n\t<meta property=\"og:image:width\" content=\"2120\" \/>\n\t<meta property=\"og:image:height\" content=\"707\" \/>\n\t<meta property=\"og:image:type\" content=\"image\/jpeg\" \/>\n<meta name=\"author\" content=\"Axel\" \/>\n<meta name=\"twitter:card\" content=\"summary_large_image\" \/>\n<meta name=\"twitter:label1\" content=\"Written by\" \/>\n\t<meta name=\"twitter:data1\" content=\"Axel\" \/>\n\t<meta name=\"twitter:label2\" content=\"Est. reading time\" \/>\n\t<meta name=\"twitter:data2\" content=\"7 minutes\" \/>\n<script type=\"application\/ld+json\" class=\"yoast-schema-graph\">{\"@context\":\"https:\\\/\\\/schema.org\",\"@graph\":[{\"@type\":\"Article\",\"@id\":\"https:\\\/\\\/rentallorca.com\\\/blog\\\/playas-de-mallorca\\\/#article\",\"isPartOf\":{\"@id\":\"https:\\\/\\\/rentallorca.com\\\/blog\\\/playas-de-mallorca\\\/\"},\"author\":{\"name\":\"Axel\",\"@id\":\"https:\\\/\\\/rentallorca.com\\\/blog\\\/#\\\/schema\\\/person\\\/8c5ebe5bf8d43e9757ab6869e1d4cbe4\"},\"headline\":\"Mejores playas de Mallorca. \u00a1Te presentamos la lista definitiva!\",\"datePublished\":\"2025-04-08T08:28:30+00:00\",\"dateModified\":\"2025-07-17T07:14:28+00:00\",\"mainEntityOfPage\":{\"@id\":\"https:\\\/\\\/rentallorca.com\\\/blog\\\/playas-de-mallorca\\\/\"},\"wordCount\":1143,\"commentCount\":0,\"image\":{\"@id\":\"https:\\\/\\\/rentallorca.com\\\/blog\\\/playas-de-mallorca\\\/#primaryimage\"},\"thumbnailUrl\":\"https:\\\/\\\/rentallorca.com\\\/blog\\\/wp-content\\\/uploads\\\/2025\\\/04\\\/playas-en-mallorca.jpg\",\"articleSection\":[\"Mallorca\"],\"inLanguage\":\"es\",\"potentialAction\":[{\"@type\":\"CommentAction\",\"name\":\"Comment\",\"target\":[\"https:\\\/\\\/rentallorca.com\\\/blog\\\/playas-de-mallorca\\\/#respond\"]}]},{\"@type\":\"WebPage\",\"@id\":\"https:\\\/\\\/rentallorca.com\\\/blog\\\/playas-de-mallorca\\\/\",\"url\":\"https:\\\/\\\/rentallorca.com\\\/blog\\\/playas-de-mallorca\\\/\",\"name\":\"Mejores playas de Mallorca: La lista definitiva - Rentallorca\",\"isPartOf\":{\"@id\":\"https:\\\/\\\/rentallorca.com\\\/blog\\\/#website\"},\"primaryImageOfPage\":{\"@id\":\"https:\\\/\\\/rentallorca.com\\\/blog\\\/playas-de-mallorca\\\/#primaryimage\"},\"image\":{\"@id\":\"https:\\\/\\\/rentallorca.com\\\/blog\\\/playas-de-mallorca\\\/#primaryimage\"},\"thumbnailUrl\":\"https:\\\/\\\/rentallorca.com\\\/blog\\\/wp-content\\\/uploads\\\/2025\\\/04\\\/playas-en-mallorca.jpg\",\"datePublished\":\"2025-04-08T08:28:30+00:00\",\"dateModified\":\"2025-07-17T07:14:28+00:00\",\"author\":{\"@id\":\"https:\\\/\\\/rentallorca.com\\\/blog\\\/#\\\/schema\\\/person\\\/8c5ebe5bf8d43e9757ab6869e1d4cbe4\"},\"description\":\"Rel\u00e1jate en las mejores playas de Mallorca: aguas cristalinas, arena dorada y paisajes de ensue\u00f1o. \u00a1Vive el verano al m\u00e1ximo!\",\"breadcrumb\":{\"@id\":\"https:\\\/\\\/rentallorca.com\\\/blog\\\/playas-de-mallorca\\\/#breadcrumb\"},\"inLanguage\":\"es\",\"potentialAction\":[{\"@type\":\"ReadAction\",\"target\":[\"https:\\\/\\\/rentallorca.com\\\/blog\\\/playas-de-mallorca\\\/\"]}]},{\"@type\":\"ImageObject\",\"inLanguage\":\"es\",\"@id\":\"https:\\\/\\\/rentallorca.com\\\/blog\\\/playas-de-mallorca\\\/#primaryimage\",\"url\":\"https:\\\/\\\/rentallorca.com\\\/blog\\\/wp-content\\\/uploads\\\/2025\\\/04\\\/playas-en-mallorca.jpg\",\"contentUrl\":\"https:\\\/\\\/rentallorca.com\\\/blog\\\/wp-content\\\/uploads\\\/2025\\\/04\\\/playas-en-mallorca.jpg\",\"width\":2120,\"height\":707,\"caption\":\"Two friends are diving in the sea from a cliff. Carefree, freedom, vacation concept.\"},{\"@type\":\"BreadcrumbList\",\"@id\":\"https:\\\/\\\/rentallorca.com\\\/blog\\\/playas-de-mallorca\\\/#breadcrumb\",\"itemListElement\":[{\"@type\":\"ListItem\",\"position\":1,\"name\":\"Home\",\"item\":\"https:\\\/\\\/rentallorca.com\\\/blog\\\/\"},{\"@type\":\"ListItem\",\"position\":2,\"name\":\"Mejores playas de Mallorca. \u00a1Te presentamos la lista definitiva!\"}]},{\"@type\":\"WebSite\",\"@id\":\"https:\\\/\\\/rentallorca.com\\\/blog\\\/#website\",\"url\":\"https:\\\/\\\/rentallorca.com\\\/blog\\\/\",\"name\":\"Blog\",\"description\":\"Rentallorca\",\"potentialAction\":[{\"@type\":\"SearchAction\",\"target\":{\"@type\":\"EntryPoint\",\"urlTemplate\":\"https:\\\/\\\/rentallorca.com\\\/blog\\\/?s={search_term_string}\"},\"query-input\":{\"@type\":\"PropertyValueSpecification\",\"valueRequired\":true,\"valueName\":\"search_term_string\"}}],\"inLanguage\":\"es\"},{\"@type\":\"Person\",\"@id\":\"https:\\\/\\\/rentallorca.com\\\/blog\\\/#\\\/schema\\\/person\\\/8c5ebe5bf8d43e9757ab6869e1d4cbe4\",\"name\":\"Axel\",\"image\":{\"@type\":\"ImageObject\",\"inLanguage\":\"es\",\"@id\":\"https:\\\/\\\/secure.gravatar.com\\\/avatar\\\/3bd706736e5b70f21f05f6c2d5cad746767782a4ba4b7df399c5969e2a9318fd?s=96&d=mm&r=g\",\"url\":\"https:\\\/\\\/secure.gravatar.com\\\/avatar\\\/3bd706736e5b70f21f05f6c2d5cad746767782a4ba4b7df399c5969e2a9318fd?s=96&d=mm&r=g\",\"contentUrl\":\"https:\\\/\\\/secure.gravatar.com\\\/avatar\\\/3bd706736e5b70f21f05f6c2d5cad746767782a4ba4b7df399c5969e2a9318fd?s=96&d=mm&r=g\",\"caption\":\"Axel\"},\"url\":\"https:\\\/\\\/rentallorca.com\\\/blog\\\/author\\\/axel\\\/\"}]}<\/script>\n<!-- \/ Yoast SEO plugin. -->","yoast_head_json":{"title":"Mejores playas de Mallorca: La lista definitiva - Rentallorca","description":"Rel\u00e1jate en las mejores playas de Mallorca: aguas cristalinas, arena dorada y paisajes de ensue\u00f1o. \u00a1Vive el verano al m\u00e1ximo!","robots":{"index":"index","follow":"follow","max-snippet":"max-snippet:-1","max-image-preview":"max-image-preview:large","max-video-preview":"max-video-preview:-1"},"canonical":"https:\/\/rentallorca.com\/blog\/playas-de-mallorca\/","og_locale":"es_ES","og_type":"article","og_title":"Mejores playas de Mallorca: La lista definitiva - Rentallorca","og_description":"Rel\u00e1jate en las mejores playas de Mallorca: aguas cristalinas, arena dorada y paisajes de ensue\u00f1o. \u00a1Vive el verano al m\u00e1ximo!","og_url":"https:\/\/rentallorca.com\/blog\/playas-de-mallorca\/","og_site_name":"Blog","article_published_time":"2025-04-08T08:28:30+00:00","article_modified_time":"2025-07-17T07:14:28+00:00","og_image":[{"width":2120,"height":707,"url":"https:\/\/rentallorca.com\/blog\/wp-content\/uploads\/2025\/04\/playas-en-mallorca.jpg","type":"image\/jpeg"}],"author":"Axel","twitter_card":"summary_large_image","twitter_misc":{"Written by":"Axel","Est. reading time":"7 minutes"},"schema":{"@context":"https:\/\/schema.org","@graph":[{"@type":"Article","@id":"https:\/\/rentallorca.com\/blog\/playas-de-mallorca\/#article","isPartOf":{"@id":"https:\/\/rentallorca.com\/blog\/playas-de-mallorca\/"},"author":{"name":"Axel","@id":"https:\/\/rentallorca.com\/blog\/#\/schema\/person\/8c5ebe5bf8d43e9757ab6869e1d4cbe4"},"headline":"Mejores playas de Mallorca. \u00a1Te presentamos la lista definitiva!","datePublished":"2025-04-08T08:28:30+00:00","dateModified":"2025-07-17T07:14:28+00:00","mainEntityOfPage":{"@id":"https:\/\/rentallorca.com\/blog\/playas-de-mallorca\/"},"wordCount":1143,"commentCount":0,"image":{"@id":"https:\/\/rentallorca.com\/blog\/playas-de-mallorca\/#primaryimage"},"thumbnailUrl":"https:\/\/rentallorca.com\/blog\/wp-content\/uploads\/2025\/04\/playas-en-mallorca.jpg","articleSection":["Mallorca"],"inLanguage":"es","potentialAction":[{"@type":"CommentAction","name":"Comment","target":["https:\/\/rentallorca.com\/blog\/playas-de-mallorca\/#respond"]}]},{"@type":"WebPage","@id":"https:\/\/rentallorca.com\/blog\/playas-de-mallorca\/","url":"https:\/\/rentallorca.com\/blog\/playas-de-mallorca\/","name":"Mejores playas de Mallorca: La lista definitiva - Rentallorca","isPartOf":{"@id":"https:\/\/rentallorca.com\/blog\/#website"},"primaryImageOfPage":{"@id":"https:\/\/rentallorca.com\/blog\/playas-de-mallorca\/#primaryimage"},"image":{"@id":"https:\/\/rentallorca.com\/blog\/playas-de-mallorca\/#primaryimage"},"thumbnailUrl":"https:\/\/rentallorca.com\/blog\/wp-content\/uploads\/2025\/04\/playas-en-mallorca.jpg","datePublished":"2025-04-08T08:28:30+00:00","dateModified":"2025-07-17T07:14:28+00:00","author":{"@id":"https:\/\/rentallorca.com\/blog\/#\/schema\/person\/8c5ebe5bf8d43e9757ab6869e1d4cbe4"},"description":"Rel\u00e1jate en las mejores playas de Mallorca: aguas cristalinas, arena dorada y paisajes de ensue\u00f1o. \u00a1Vive el verano al m\u00e1ximo!","breadcrumb":{"@id":"https:\/\/rentallorca.com\/blog\/playas-de-mallorca\/#breadcrumb"},"inLanguage":"es","potentialAction":[{"@type":"ReadAction","target":["https:\/\/rentallorca.com\/blog\/playas-de-mallorca\/"]}]},{"@type":"ImageObject","inLanguage":"es","@id":"https:\/\/rentallorca.com\/blog\/playas-de-mallorca\/#primaryimage","url":"https:\/\/rentallorca.com\/blog\/wp-content\/uploads\/2025\/04\/playas-en-mallorca.jpg","contentUrl":"https:\/\/rentallorca.com\/blog\/wp-content\/uploads\/2025\/04\/playas-en-mallorca.jpg","width":2120,"height":707,"caption":"Two friends are diving in the sea from a cliff. Carefree, freedom, vacation concept."},{"@type":"BreadcrumbList","@id":"https:\/\/rentallorca.com\/blog\/playas-de-mallorca\/#breadcrumb","itemListElement":[{"@type":"ListItem","position":1,"name":"Home","item":"https:\/\/rentallorca.com\/blog\/"},{"@type":"ListItem","position":2,"name":"Mejores playas de Mallorca. \u00a1Te presentamos la lista definitiva!"}]},{"@type":"WebSite","@id":"https:\/\/rentallorca.com\/blog\/#website","url":"https:\/\/rentallorca.com\/blog\/","name":"Blog","description":"Rentallorca","potentialAction":[{"@type":"SearchAction","target":{"@type":"EntryPoint","urlTemplate":"https:\/\/rentallorca.com\/blog\/?s={search_term_string}"},"query-input":{"@type":"PropertyValueSpecification","valueRequired":true,"valueName":"search_term_string"}}],"inLanguage":"es"},{"@type":"Person","@id":"https:\/\/rentallorca.com\/blog\/#\/schema\/person\/8c5ebe5bf8d43e9757ab6869e1d4cbe4","name":"Axel","image":{"@type":"ImageObject","inLanguage":"es","@id":"https:\/\/secure.gravatar.com\/avatar\/3bd706736e5b70f21f05f6c2d5cad746767782a4ba4b7df399c5969e2a9318fd?s=96&d=mm&r=g","url":"https:\/\/secure.gravatar.com\/avatar\/3bd706736e5b70f21f05f6c2d5cad746767782a4ba4b7df399c5969e2a9318fd?s=96&d=mm&r=g","contentUrl":"https:\/\/secure.gravatar.com\/avatar\/3bd706736e5b70f21f05f6c2d5cad746767782a4ba4b7df399c5969e2a9318fd?s=96&d=mm&r=g","caption":"Axel"},"url":"https:\/\/rentallorca.com\/blog\/author\/axel\/"}]}},"_links":{"self":[{"href":"https:\/\/rentallorca.com\/blog\/wp-json\/wp\/v2\/posts\/1176","targetHints":{"allow":["GET"]}}],"collection":[{"href":"https:\/\/rentallorca.com\/blog\/wp-json\/wp\/v2\/posts"}],"about":[{"href":"https:\/\/rentallorca.com\/blog\/wp-json\/wp\/v2\/types\/post"}],"author":[{"embeddable":true,"href":"https:\/\/rentallorca.com\/blog\/wp-json\/wp\/v2\/users\/3"}],"replies":[{"embeddable":true,"href":"https:\/\/rentallorca.com\/blog\/wp-json\/wp\/v2\/comments?post=1176"}],"version-history":[{"count":10,"href":"https:\/\/rentallorca.com\/blog\/wp-json\/wp\/v2\/posts\/1176\/revisions"}],"predecessor-version":[{"id":1351,"href":"https:\/\/rentallorca.com\/blog\/wp-json\/wp\/v2\/posts\/1176\/revisions\/1351"}],"wp:featuredmedia":[{"embeddable":true,"href":"https:\/\/rentallorca.com\/blog\/wp-json\/wp\/v2\/media\/1319"}],"wp:attachment":[{"href":"https:\/\/rentallorca.com\/blog\/wp-json\/wp\/v2\/media?parent=1176"}],"wp:term":[{"taxonomy":"category","embeddable":true,"href":"https:\/\/rentallorca.com\/blog\/wp-json\/wp\/v2\/categories?post=1176"},{"taxonomy":"post_tag","embeddable":true,"href":"https:\/\/rentallorca.com\/blog\/wp-json\/wp\/v2\/tags?post=1176"}],"curies":[{"name":"wp","href":"https:\/\/api.w.org\/{rel}","templated":true}]}}