{"id":1152,"date":"2025-04-08T08:07:20","date_gmt":"2025-04-08T08:07:20","guid":{"rendered":"https:\/\/rentallorca.com\/blog\/?p=1152"},"modified":"2025-04-24T09:02:12","modified_gmt":"2025-04-24T09:02:12","slug":"que-ver-en-pollensa","status":"publish","type":"post","link":"https:\/\/rentallorca.com\/blog\/que-ver-en-pollensa\/","title":{"rendered":"\u00bfA\u00fan no sabes qu\u00e9 ver en Pollensa? Una parada obligada en tu visita"},"content":{"rendered":"\t\t<div data-elementor-type=\"wp-post\" data-elementor-id=\"1152\" class=\"elementor elementor-1152\" data-elementor-post-type=\"post\">\n\t\t\t\t<div class=\"elementor-element elementor-element-5427e868 e-flex e-con-boxed e-con e-parent\" data-id=\"5427e868\" data-element_type=\"container\" data-e-type=\"container\">\n\t\t\t\t\t<div class=\"e-con-inner\">\n\t\t\t\t<div class=\"elementor-element elementor-element-2ba49ab elementor-widget elementor-widget-text-editor\" data-id=\"2ba49ab\" data-element_type=\"widget\" data-e-type=\"widget\" data-widget_type=\"text-editor.default\">\n\t\t\t\t<div class=\"elementor-widget-container\">\n\t\t\t\t\t\t\t\t\t<p><span style=\"font-weight: 400;\">Aunque la veas peque\u00f1ita en el mapa, la isla de Mallorca ofrece un sinf\u00edn de opciones para visitar, m\u00e1s all\u00e1 de la capital. Tanto si viajas al sur como al norte,<\/span><b> te vas a encontrar con pueblos de ensue\u00f1o<\/b><span style=\"font-weight: 400;\"> de esos que te hacen preguntarte: <\/span><i><span style=\"font-weight: 400;\">\u201c\u00bfc\u00f3mo no hab\u00eda o\u00eddo hablar de este sitio antes?\u201d<\/span><\/i><\/p><p><span style=\"font-weight: 400;\">Pues bien, no hay duda de que uno de estos sitios a los que nos referimos es la localidad de Pollensa.<\/span><b> Se trata de un rinc\u00f3n m\u00e1gico, que ofrece esa combinaci\u00f3n de actividades que tanto nos gusta.<\/b><span style=\"font-weight: 400;\"> S\u00ed, estamos hablando de una buena dosis de cultura, naturaleza, gastronom\u00eda top y playas de ensue\u00f1o.<\/span><\/p><p><span style=\"font-weight: 400;\">\u00bfTe parece buen plan? \u00a1A nosotros s\u00ed!. Por eso, <\/span><b>hoy te contamos qu\u00e9 ver en Pollensa<\/b><span style=\"font-weight: 400;\"> para que aproveches al m\u00e1ximo tu estancia. \u00a1Vamos a ello!<\/span><\/p>\t\t\t\t\t\t\t\t<\/div>\n\t\t\t\t<\/div>\n\t\t\t\t\t<\/div>\n\t\t\t\t<\/div>\n\t\t<div class=\"elementor-element elementor-element-2fd697c8 e-flex e-con-boxed e-con e-parent\" data-id=\"2fd697c8\" data-element_type=\"container\" data-e-type=\"container\">\n\t\t\t\t\t<div class=\"e-con-inner\">\n\t\t\t\t<div class=\"elementor-element elementor-element-1b039734 elementor-widget elementor-widget-table-of-contents\" data-id=\"1b039734\" data-element_type=\"widget\" data-e-type=\"widget\" data-settings=\"{&quot;headings_by_tags&quot;:[&quot;h2&quot;,&quot;h3&quot;],&quot;exclude_headings_by_selector&quot;:[],&quot;marker_view&quot;:&quot;bullets&quot;,&quot;icon&quot;:{&quot;value&quot;:&quot;&quot;,&quot;library&quot;:&quot;&quot;},&quot;no_headings_message&quot;:&quot;No headings were found on this page.&quot;,&quot;hierarchical_view&quot;:&quot;yes&quot;,&quot;min_height&quot;:{&quot;unit&quot;:&quot;px&quot;,&quot;size&quot;:&quot;&quot;,&quot;sizes&quot;:[]},&quot;min_height_tablet&quot;:{&quot;unit&quot;:&quot;px&quot;,&quot;size&quot;:&quot;&quot;,&quot;sizes&quot;:[]},&quot;min_height_mobile&quot;:{&quot;unit&quot;:&quot;px&quot;,&quot;size&quot;:&quot;&quot;,&quot;sizes&quot;:[]}}\" data-widget_type=\"table-of-contents.default\">\n\t\t\t\t<div class=\"elementor-widget-container\">\n\t\t\t\t\t\t\t\t\t<div class=\"elementor-toc__header\">\n\t\t\t\t\t\t<div class=\"elementor-toc__header-title\">\n\t\t\t\tCotenidos\t\t\t<\/div>\n\t\t\t\t\t\t\t\t<\/div>\n\t\t\t\t<div id=\"elementor-toc__1b039734\" class=\"elementor-toc__body\">\n\t\t\t<div class=\"elementor-toc__spinner-container\">\n\t\t\t\t<svg class=\"elementor-toc__spinner eicon-animation-spin e-font-icon-svg e-eicon-loading\" aria-hidden=\"true\" viewBox=\"0 0 1000 1000\" xmlns=\"http:\/\/www.w3.org\/2000\/svg\"><path d=\"M500 975V858C696 858 858 696 858 500S696 142 500 142 142 304 142 500H25C25 237 238 25 500 25S975 237 975 500 763 975 500 975Z\"><\/path><\/svg>\t\t\t<\/div>\n\t\t<\/div>\n\t\t\t\t\t\t<\/div>\n\t\t\t\t<\/div>\n\t\t\t\t\t<\/div>\n\t\t\t\t<\/div>\n\t\t<div class=\"elementor-element elementor-element-65dda284 e-flex e-con-boxed e-con e-parent\" data-id=\"65dda284\" data-element_type=\"container\" data-e-type=\"container\">\n\t\t\t\t\t<div class=\"e-con-inner\">\n\t\t\t\t<div class=\"elementor-element elementor-element-f39af99 elementor-widget elementor-widget-heading\" data-id=\"f39af99\" data-element_type=\"widget\" data-e-type=\"widget\" data-widget_type=\"heading.default\">\n\t\t\t\t<div class=\"elementor-widget-container\">\n\t\t\t\t\t<h2 class=\"elementor-heading-title elementor-size-default\">No te pierdas estos lugares imprescindibles que ver en Pollensa Pueblo<\/h2>\t\t\t\t<\/div>\n\t\t\t\t<\/div>\n\t\t\t\t<div class=\"elementor-element elementor-element-167a14fd elementor-widget elementor-widget-text-editor\" data-id=\"167a14fd\" data-element_type=\"widget\" data-e-type=\"widget\" data-widget_type=\"text-editor.default\">\n\t\t\t\t<div class=\"elementor-widget-container\">\n\t\t\t\t\t\t\t\t\t<p><span style=\"font-weight: 400;\">Como te hemos comentado antes, Pollensa Pueblo es un sitio que <\/span><b>no deja indiferente a ning\u00fan visitante<\/b><span style=\"font-weight: 400;\"> de los que cada a\u00f1o se anima descubrir su encanto hist\u00f3rico y su belleza natural. Nos hemos tomado la libertad de hacerte una lista con los lugares m\u00e1s emblem\u00e1ticos que no puedes perderte:<\/span><\/p>\t\t\t\t\t\t\t\t<\/div>\n\t\t\t\t<\/div>\n\t\t\t\t\t<\/div>\n\t\t\t\t<\/div>\n\t\t<div class=\"elementor-element elementor-element-f0704fc e-flex e-con-boxed e-con e-parent\" data-id=\"f0704fc\" data-element_type=\"container\" data-e-type=\"container\">\n\t\t\t\t\t<div class=\"e-con-inner\">\n\t\t<div class=\"elementor-element elementor-element-5744235 e-con-full e-flex e-con e-child\" data-id=\"5744235\" data-element_type=\"container\" data-e-type=\"container\">\n\t\t\t\t<div class=\"elementor-element elementor-element-3a398bba elementor-widget elementor-widget-heading\" data-id=\"3a398bba\" data-element_type=\"widget\" data-e-type=\"widget\" data-widget_type=\"heading.default\">\n\t\t\t\t<div class=\"elementor-widget-container\">\n\t\t\t\t\t<h3 class=\"elementor-heading-title elementor-size-default\">El Calvario de Pollensa\n<\/h3>\t\t\t\t<\/div>\n\t\t\t\t<\/div>\n\t\t\t\t<div class=\"elementor-element elementor-element-74383f7d elementor-widget elementor-widget-text-editor\" data-id=\"74383f7d\" data-element_type=\"widget\" data-e-type=\"widget\" data-widget_type=\"text-editor.default\">\n\t\t\t\t<div class=\"elementor-widget-container\">\n\t\t\t\t\t\t\t\t\t<p><span style=\"font-weight: 400;\">Este peque\u00f1o monte, conocido antiguamente como el Monte de los Templarios, es famoso por tener<\/span><b> una enorme escalinata de 365 pelda\u00f1os que conduce a una capilla templaria. <\/b><span style=\"font-weight: 400;\">Desde su cima (si te atreves a llegar hasta ella), vas a encontrarte con vistas impresionantes del pueblo y la bah\u00eda de Pollensa, de esas que te har\u00e1n sentir que toda la subida ha merecido la pena.<\/span><\/p><p><span style=\"font-weight: 400;\">Ten en cuenta que<\/span><b> la subida al Calvario es una famosa tradici\u00f3n local<\/b><span style=\"font-weight: 400;\">, especialmente durante la Semana Santa. Aqu\u00ed la epicidad y el misticismo alcanzan su m\u00e1ximo nivel, ya que se celebra una procesi\u00f3n nocturna con antorchas.<\/span><\/p>\t\t\t\t\t\t\t\t<\/div>\n\t\t\t\t<\/div>\n\t\t\t\t<\/div>\n\t\t<div class=\"elementor-element elementor-element-d7a636e e-con-full e-flex e-con e-child\" data-id=\"d7a636e\" data-element_type=\"container\" data-e-type=\"container\">\n\t\t\t\t<div class=\"elementor-element elementor-element-fbb784b elementor-widget elementor-widget-heading\" data-id=\"fbb784b\" data-element_type=\"widget\" data-e-type=\"widget\" data-widget_type=\"heading.default\">\n\t\t\t\t<div class=\"elementor-widget-container\">\n\t\t\t\t\t<h3 class=\"elementor-heading-title elementor-size-default\">Museo de Pollensa\n<\/h3>\t\t\t\t<\/div>\n\t\t\t\t<\/div>\n\t\t\t\t<div class=\"elementor-element elementor-element-9ff78dc elementor-widget elementor-widget-text-editor\" data-id=\"9ff78dc\" data-element_type=\"widget\" data-e-type=\"widget\" data-widget_type=\"text-editor.default\">\n\t\t\t\t<div class=\"elementor-widget-container\">\n\t\t\t\t\t\t\t\t\t<p><span style=\"font-weight: 400;\">Este museo lo encontrar\u00e1s ubicado en el Convento de Santo Domingo, con una inabarcable cantidad de obras de artistas locales e internacionales. Entre sus piezas m\u00e1s chulas, ver\u00e1s <\/span><b>un fant\u00e1stico mandala que fue creado por los monjes budistas en 1990.<\/b><span style=\"font-weight: 400;\"> Adem\u00e1s de su colecci\u00f3n permanente, el museo tambi\u00e9n se anima a organizar exposiciones temporales en las que se puede echar un buen vistazo a la rica historia y cultura de la regi\u00f3n.<\/span><\/p>\t\t\t\t\t\t\t\t<\/div>\n\t\t\t\t<\/div>\n\t\t\t\t<\/div>\n\t\t\t\t\t<\/div>\n\t\t\t\t<\/div>\n\t\t<div class=\"elementor-element elementor-element-6de5587 e-flex e-con-boxed e-con e-parent\" data-id=\"6de5587\" data-element_type=\"container\" data-e-type=\"container\">\n\t\t\t\t\t<div class=\"e-con-inner\">\n\t\t<div class=\"elementor-element elementor-element-e9c910c e-con-full e-flex e-con e-child\" data-id=\"e9c910c\" data-element_type=\"container\" data-e-type=\"container\">\n\t\t\t\t<div class=\"elementor-element elementor-element-86d5fe6 elementor-widget elementor-widget-heading\" data-id=\"86d5fe6\" data-element_type=\"widget\" data-e-type=\"widget\" data-widget_type=\"heading.default\">\n\t\t\t\t<div class=\"elementor-widget-container\">\n\t\t\t\t\t<h3 class=\"elementor-heading-title elementor-size-default\">Convento de Santo Domingo<\/h3>\t\t\t\t<\/div>\n\t\t\t\t<\/div>\n\t\t\t\t<div class=\"elementor-element elementor-element-d6268b3 elementor-widget elementor-widget-text-editor\" data-id=\"d6268b3\" data-element_type=\"widget\" data-e-type=\"widget\" data-widget_type=\"text-editor.default\">\n\t\t\t\t<div class=\"elementor-widget-container\">\n\t\t\t\t\t\t\t\t\t<p><span style=\"font-weight: 400;\">Construido en el siglo XVI, este convento hace las veces de espacio cultural para dar cobijo a diversos eventos art\u00edsticos y musicales, <\/span><b>siendo uno de los m\u00e1s conocidos el Festival de Pollen\u00e7a.<\/b><span style=\"font-weight: 400;\"> Durante el verano, sus patios y claustros se transforman y se vuelven un escenario realmente apa\u00f1ado para conciertos y representaciones teatrales.<\/span><\/p>\t\t\t\t\t\t\t\t<\/div>\n\t\t\t\t<\/div>\n\t\t\t\t<\/div>\n\t\t<div class=\"elementor-element elementor-element-df22ceb e-con-full e-flex e-con e-child\" data-id=\"df22ceb\" data-element_type=\"container\" data-e-type=\"container\">\n\t\t\t\t<div class=\"elementor-element elementor-element-c1b0c9e elementor-widget elementor-widget-heading\" data-id=\"c1b0c9e\" data-element_type=\"widget\" data-e-type=\"widget\" data-widget_type=\"heading.default\">\n\t\t\t\t<div class=\"elementor-widget-container\">\n\t\t\t\t\t<h3 class=\"elementor-heading-title elementor-size-default\">Jardines de Joan March\n<\/h3>\t\t\t\t<\/div>\n\t\t\t\t<\/div>\n\t\t\t\t<div class=\"elementor-element elementor-element-4f6d3dc elementor-widget elementor-widget-text-editor\" data-id=\"4f6d3dc\" data-element_type=\"widget\" data-e-type=\"widget\" data-widget_type=\"text-editor.default\">\n\t\t\t\t<div class=\"elementor-widget-container\">\n\t\t\t\t\t\t\t\t\t<p><span style=\"font-weight: 400;\">\u00bfTienes ganas de pararte a contemplar un oasis de paz en el coraz\u00f3n del pueblo? Entonces estos jardines que ofrecen una gran variedad de especies vegetales y una torre g\u00f3tica impresionante son sin duda lo que necesitas. <\/span><b>Es el lugar ideal para relajarse un poco <\/b><span style=\"font-weight: 400;\">y recorrer su entorno natural mientras exploras algunas de las rutas peatonales que lo atraviesan.<\/span><\/p>\t\t\t\t\t\t\t\t<\/div>\n\t\t\t\t<\/div>\n\t\t\t\t<\/div>\n\t\t<div class=\"elementor-element elementor-element-7bfe4c5 e-con-full e-flex e-con e-child\" data-id=\"7bfe4c5\" data-element_type=\"container\" data-e-type=\"container\">\n\t\t\t\t<div class=\"elementor-element elementor-element-2131a96 elementor-widget elementor-widget-heading\" data-id=\"2131a96\" data-element_type=\"widget\" data-e-type=\"widget\" data-widget_type=\"heading.default\">\n\t\t\t\t<div class=\"elementor-widget-container\">\n\t\t\t\t\t<h3 class=\"elementor-heading-title elementor-size-default\">La Pla\u00e7a Major\n<\/h3>\t\t\t\t<\/div>\n\t\t\t\t<\/div>\n\t\t\t\t<div class=\"elementor-element elementor-element-9b2e4c7 elementor-widget elementor-widget-text-editor\" data-id=\"9b2e4c7\" data-element_type=\"widget\" data-e-type=\"widget\" data-widget_type=\"text-editor.default\">\n\t\t\t\t<div class=\"elementor-widget-container\">\n\t\t\t\t\t\t\t\t\t<p><span style=\"font-weight: 400;\">El aut\u00e9ntico coraz\u00f3n del pueblo, rodeado de edificios hist\u00f3ricos y la iglesia parroquial de Nuestra Se\u00f1ora de los \u00c1ngeles. Los domingos <\/span><b>te encontrar\u00e1s con un animado mercado donde podr\u00e1s encontrar productos locales<\/b><span style=\"font-weight: 400;\"> y un buen ejemplo de la vida t\u00edpica del pueblo. La plaza es tambi\u00e9n un punto de encuentro para los lugare\u00f1os y visitantes, donde podr\u00e1s tomarte un buen caf\u00e9 o comer en alguno de los restaurantes cercanos.<\/span><\/p>\t\t\t\t\t\t\t\t<\/div>\n\t\t\t\t<\/div>\n\t\t\t\t<\/div>\n\t\t\t\t\t<\/div>\n\t\t\t\t<\/div>\n\t\t<div class=\"elementor-element elementor-element-803927b e-flex e-con-boxed e-con e-parent\" data-id=\"803927b\" data-element_type=\"container\" data-e-type=\"container\">\n\t\t\t\t\t<div class=\"e-con-inner\">\n\t\t\t\t<div class=\"elementor-element elementor-element-186aad4 elementor-widget elementor-widget-image\" data-id=\"186aad4\" data-element_type=\"widget\" data-e-type=\"widget\" data-widget_type=\"image.default\">\n\t\t\t\t<div class=\"elementor-widget-container\">\n\t\t\t\t\t\t\t\t\t\t\t\t\t\t\t<img fetchpriority=\"high\" decoding=\"async\" width=\"1254\" height=\"627\" src=\"https:\/\/rentallorca.com\/blog\/wp-content\/uploads\/2025\/04\/Plaza-pollenca.jpg\" class=\"attachment-full size-full wp-image-1289\" alt=\"Plaza-pollenca\" srcset=\"https:\/\/rentallorca.com\/blog\/wp-content\/uploads\/2025\/04\/Plaza-pollenca.jpg 1254w, https:\/\/rentallorca.com\/blog\/wp-content\/uploads\/2025\/04\/Plaza-pollenca-300x150.jpg 300w, https:\/\/rentallorca.com\/blog\/wp-content\/uploads\/2025\/04\/Plaza-pollenca-1024x512.jpg 1024w, https:\/\/rentallorca.com\/blog\/wp-content\/uploads\/2025\/04\/Plaza-pollenca-768x384.jpg 768w\" sizes=\"(max-width: 1254px) 100vw, 1254px\" \/>\t\t\t\t\t\t\t\t\t\t\t\t\t\t\t<\/div>\n\t\t\t\t<\/div>\n\t\t\t\t\t<\/div>\n\t\t\t\t<\/div>\n\t\t<div class=\"elementor-element elementor-element-3d5ee51c e-flex e-con-boxed e-con e-parent\" data-id=\"3d5ee51c\" data-element_type=\"container\" data-e-type=\"container\">\n\t\t\t\t\t<div class=\"e-con-inner\">\n\t\t\t\t<div class=\"elementor-element elementor-element-38a945ad elementor-widget elementor-widget-heading\" data-id=\"38a945ad\" data-element_type=\"widget\" data-e-type=\"widget\" data-widget_type=\"heading.default\">\n\t\t\t\t<div class=\"elementor-widget-container\">\n\t\t\t\t\t<h2 class=\"elementor-heading-title elementor-size-default\">Conoce a fondo el puerto de Pollensa\n<\/h2>\t\t\t\t<\/div>\n\t\t\t\t<\/div>\n\t\t\t\t<div class=\"elementor-element elementor-element-44b46a1b elementor-widget elementor-widget-text-editor\" data-id=\"44b46a1b\" data-element_type=\"widget\" data-e-type=\"widget\" data-widget_type=\"text-editor.default\">\n\t\t\t\t<div class=\"elementor-widget-container\">\n\t\t\t\t\t\t\t\t\t<p><span style=\"font-weight: 400;\">Para esas personas que no saben qu\u00e9 ver en el Puerto de Pollensa, tenemos la soluci\u00f3n. Este destino es sin duda uno de esos para todos los gustos. <\/span><b>Se encuentra en una impresionante bah\u00eda en forma de herradura, rodeada por las monta\u00f1as de la Serra de Tramuntana.<\/b><span style=\"font-weight: 400;\"> Vamos, que mejor que tengas a mano tu m\u00f3vil porque lo vas a quemar a fotos.\u00a0\u00a0<\/span><\/p><p><b>No te olvides de pasear por el famoso Paseo de los Pinos<\/b><span style=\"font-weight: 400;\">, disfrutar de deportes acu\u00e1ticos como el kitesurf o el kayak, o relajarte en sus playas de arena blanca. Visita tambi\u00e9n la plaza principal, dedicada a Miquel Capllonch, donde adem\u00e1s de un pr\u00e1ctico punto de ver\u00e1s tambi\u00e9n la gran iglesia neog\u00f3tica y la rosa de los vientos.\u00a0<\/span><\/p><p><span style=\"font-weight: 400;\">Para todos los viajeros, el puerto deportivo es un lugar con mucho glamour para tener una deliciosa velada con vistas al mar. <\/span><b>Aqu\u00ed te vas a encontrar una equilibrada mezcla de tranquilidad y actividad,<\/b><span style=\"font-weight: 400;\"> por lo que el puerto de Pollensa es un lugar perfecto si vas con la familia o incluso si te apetece un poquito de aventura. <\/span><\/p>\t\t\t\t\t\t\t\t<\/div>\n\t\t\t\t<\/div>\n\t\t\t\t\t<\/div>\n\t\t\t\t<\/div>\n\t\t<div class=\"elementor-element elementor-element-ce91e99 e-flex e-con-boxed e-con e-parent\" data-id=\"ce91e99\" data-element_type=\"container\" data-e-type=\"container\">\n\t\t\t\t\t<div class=\"e-con-inner\">\n\t\t\t\t<div class=\"elementor-element elementor-element-84a9e5f elementor-widget elementor-widget-heading\" data-id=\"84a9e5f\" data-element_type=\"widget\" data-e-type=\"widget\" data-widget_type=\"heading.default\">\n\t\t\t\t<div class=\"elementor-widget-container\">\n\t\t\t\t\t<h2 class=\"elementor-heading-title elementor-size-default\">An\u00f3tate estos consejos sobre qu\u00e9 ver en los alrededores\n<\/h2>\t\t\t\t<\/div>\n\t\t\t\t<\/div>\n\t\t\t\t<div class=\"elementor-element elementor-element-ea226d4 elementor-widget elementor-widget-text-editor\" data-id=\"ea226d4\" data-element_type=\"widget\" data-e-type=\"widget\" data-widget_type=\"text-editor.default\">\n\t\t\t\t<div class=\"elementor-widget-container\">\n\t\t\t\t\t\t\t\t\t<p><span style=\"font-weight: 400;\">\u00bfBuscas m\u00e1s cosas que hacer en Pollensa? <\/span><b>An\u00f3tate estos lugares <\/b><span style=\"font-weight: 400;\">que ver en Pollensa y alrededores:<\/span><\/p><ul><li style=\"font-weight: 400;\" aria-level=\"1\"><b>Cala San Vicen\u00e7<\/b><span style=\"font-weight: 400;\">: un conjunto de calas de aguas cristalinas rodeadas de acantilados.<\/span><\/li><li style=\"font-weight: 400;\" aria-level=\"1\"><b>Serra de Tramuntana<\/b><span style=\"font-weight: 400;\">: ideal si te apasiona el senderismo y quieres disfrutar de vistas panor\u00e1micas.<\/span><\/li><li style=\"font-weight: 400;\" aria-level=\"1\"><b>Alc\u00fadia<\/b><span style=\"font-weight: 400;\">: no te pierdas su casco antiguo amurallado y sus playas de ensue\u00f1o.<\/span><\/li><li style=\"font-weight: 400;\" aria-level=\"1\"><b>Cabo Formentor<\/b><span style=\"font-weight: 400;\">: un sitio conocido por sus impresionantes acantilados y vistas al mar.<\/span><\/li><\/ul>\t\t\t\t\t\t\t\t<\/div>\n\t\t\t\t<\/div>\n\t\t\t\t\t<\/div>\n\t\t\t\t<\/div>\n\t\t<div class=\"elementor-element elementor-element-135aa4e e-flex e-con-boxed e-con e-parent\" data-id=\"135aa4e\" data-element_type=\"container\" data-e-type=\"container\">\n\t\t\t\t\t<div class=\"e-con-inner\">\n\t\t\t\t<div class=\"elementor-element elementor-element-41e4f6d elementor-widget elementor-widget-image\" data-id=\"41e4f6d\" data-element_type=\"widget\" data-e-type=\"widget\" data-widget_type=\"image.default\">\n\t\t\t\t<div class=\"elementor-widget-container\">\n\t\t\t\t\t\t\t\t\t\t\t\t\t\t\t<img decoding=\"async\" width=\"1255\" height=\"627\" src=\"https:\/\/rentallorca.com\/blog\/wp-content\/uploads\/2025\/04\/playas-pollensa.jpg\" class=\"attachment-full size-full wp-image-1292\" alt=\"playas-pollensa.jpg\" srcset=\"https:\/\/rentallorca.com\/blog\/wp-content\/uploads\/2025\/04\/playas-pollensa.jpg 1255w, https:\/\/rentallorca.com\/blog\/wp-content\/uploads\/2025\/04\/playas-pollensa-300x150.jpg 300w, https:\/\/rentallorca.com\/blog\/wp-content\/uploads\/2025\/04\/playas-pollensa-1024x512.jpg 1024w, https:\/\/rentallorca.com\/blog\/wp-content\/uploads\/2025\/04\/playas-pollensa-768x384.jpg 768w\" sizes=\"(max-width: 1255px) 100vw, 1255px\" \/>\t\t\t\t\t\t\t\t\t\t\t\t\t\t\t<\/div>\n\t\t\t\t<\/div>\n\t\t\t\t\t<\/div>\n\t\t\t\t<\/div>\n\t\t<div class=\"elementor-element elementor-element-4c972f5 e-flex e-con-boxed e-con e-parent\" data-id=\"4c972f5\" data-element_type=\"container\" data-e-type=\"container\">\n\t\t\t\t\t<div class=\"e-con-inner\">\n\t\t\t\t<div class=\"elementor-element elementor-element-7483e15 elementor-widget elementor-widget-heading\" data-id=\"7483e15\" data-element_type=\"widget\" data-e-type=\"widget\" data-widget_type=\"heading.default\">\n\t\t\t\t<div class=\"elementor-widget-container\">\n\t\t\t\t\t<h2 class=\"elementor-heading-title elementor-size-default\">Descubre toda su cultura, naturaleza y gastronom\u00eda \n<\/h2>\t\t\t\t<\/div>\n\t\t\t\t<\/div>\n\t\t\t\t<div class=\"elementor-element elementor-element-b614f71 elementor-widget elementor-widget-text-editor\" data-id=\"b614f71\" data-element_type=\"widget\" data-e-type=\"widget\" data-widget_type=\"text-editor.default\">\n\t\t\t\t<div class=\"elementor-widget-container\">\n\t\t\t\t\t\t\t\t\t<p><span style=\"font-weight: 400;\">La cultura de Pollensa se ve a simple vista, con algunas festividades como <\/span><b>el Simulacro de Moros y Cristianos del 2 de agosto<\/b><span style=\"font-weight: 400;\"> o la fiesta del Pi de Sant Antoni, celebrando la naturaleza.\u00a0<\/span><\/p><p><span style=\"font-weight: 400;\">Rodeada por la impresionante Serra de Tramuntana, Pollensa tambi\u00e9n ofrece paisajes naturales impresionantes. <\/span><b>El Puerto de Pollensa es famoso por playas como Cala Barques y Cala Molins, <\/b><span style=\"font-weight: 400;\">mientras que en el Cabo de Formentor te vas a encontrar acantilados majestuosos y calas escondidas como Cala Murta.\u00a0<\/span><\/p><p><span style=\"font-weight: 400;\">Y en lo que se refiere a comer, no se puede decir nada malo de la gastronom\u00eda mallorquina, al contrario. <\/span><b>El m\u00e9 de Pollen\u00e7a, un cordero al horno con hierbas y frutas secas, es un plato que tienes que probar s\u00ed o s\u00ed.<\/b><span style=\"font-weight: 400;\"> Por supuesto, tambi\u00e9n tienes que comer el frito mallorqu\u00edn y el tumbet. <\/span><\/p>\t\t\t\t\t\t\t\t<\/div>\n\t\t\t\t<\/div>\n\t\t\t\t\t<\/div>\n\t\t\t\t<\/div>\n\t\t<div class=\"elementor-element elementor-element-e1700b8 e-flex e-con-boxed e-con e-parent\" data-id=\"e1700b8\" data-element_type=\"container\" data-e-type=\"container\">\n\t\t\t\t\t<div class=\"e-con-inner\">\n\t\t\t\t<div class=\"elementor-element elementor-element-b148653 elementor-widget elementor-widget-heading\" data-id=\"b148653\" data-element_type=\"widget\" data-e-type=\"widget\" data-widget_type=\"heading.default\">\n\t\t\t\t<div class=\"elementor-widget-container\">\n\t\t\t\t\t<h2 class=\"elementor-heading-title elementor-size-default\">\u00bfNecesitas m\u00e1s razones para visitar Pollensa?\n\n<\/h2>\t\t\t\t<\/div>\n\t\t\t\t<\/div>\n\t\t\t\t<div class=\"elementor-element elementor-element-7997e65 elementor-widget elementor-widget-text-editor\" data-id=\"7997e65\" data-element_type=\"widget\" data-e-type=\"widget\" data-widget_type=\"text-editor.default\">\n\t\t\t\t<div class=\"elementor-widget-container\">\n\t\t\t\t\t\t\t\t\t<p><span style=\"font-weight: 400;\">Ahora que ya sabes qu\u00e9 ver en Pollensa, falta lo m\u00e1s importante. \u00bfO es que ya te hab\u00edas olvidado de que necesitas d\u00f3nde alojarte? No lo dejes para el \u00faltimo momento y<\/span><b> aprovecha para reservar uno de nuestros fant\u00e1sticos alojamientos en Pollensa<\/b><span style=\"font-weight: 400;\"> y otras localidades de la isla. Contacta con nosotros y te daremos toda la informaci\u00f3n que necesitas.<\/span><\/p>\t\t\t\t\t\t\t\t<\/div>\n\t\t\t\t<\/div>\n\t\t\t\t\t<\/div>\n\t\t\t\t<\/div>\n\t\t<div class=\"elementor-element elementor-element-a4609e0 e-flex e-con-boxed e-con e-parent\" data-id=\"a4609e0\" data-element_type=\"container\" data-e-type=\"container\">\n\t\t\t\t\t<div class=\"e-con-inner\">\n\t\t<div class=\"elementor-element elementor-element-7092673 e-con-full e-flex e-con e-child\" data-id=\"7092673\" data-element_type=\"container\" data-e-type=\"container\">\n\t\t\t\t<div class=\"elementor-element elementor-element-beb9df7 elementor-widget__width-initial elementor-widget elementor-widget-grid\" data-id=\"beb9df7\" data-element_type=\"widget\" data-e-type=\"widget\" data-widget_type=\"grid.default\">\n\t\t\t\t<div class=\"elementor-widget-container\">\n\t\t\t\t\t\t\t<div class=\"its--row alojamientos-recomendados\">\n\n\t\t\t<div class=\"alojamientos-recomendados-container\">\n\n\t\t\t\t\t\n\t\t\t\t\t<a href=\"https:\/\/rentallorca.com\/alquiler\/apartamento-alcudia-apartment-playa-2b-in-puerto-de-alcudia-376212.html\" rel=\"nofollow\" style=\"width: 32%;\">\n\t\t\t\t\t\t<div class=\"apartamento-box\">\n\t\t\t\t\t\t\t<div class=\"imagen_recomendados\">\n\t\t\t\t\t\t\t\t<img decoding=\"async\" src=\"https:\/\/crs.avantio.com\/fotos\/2\/1641977800def8296f329cca1e51b9764cf7dce01d\/big1671010379a4f4a636295de85a927a064833776dcd.jpg\" alt=\"Apartment Playa 2B in Puerto de Alcudia \">\n\t\t\t\t\t\t\t<\/div>\n\t\t\t\t\t\t\t<div class=\"info\">\n\t\t\t\t\t\t\t\t<div class=\"ubicacion\">\n\t\t\t\t\t\t\t\t\t<i class=\"fa-solid fa-location-dot icono-mapa\"><\/i><span class=\"ubicacion-texto\">Alc\u00fadia - Mallorca<\/span>\n\t\t\t\t\t\t\t\t<\/div>\n\t\t\t\t\t\t\t\t<H4 class=\"titulo-alojamiento\">\n\t\t\t\t\t\t\t\t\tApartment Playa 2B in Puerto de Alcudia \t\t\t\t\t\t\t\t<\/H4>\n\t\t\t\t\t\t\t\t<p class=\"precio-alojamiento\">Desde <span class=\"precio\">50.45\u20ac<\/span> por noche<\/p>\n\t\t\t\t\t\t\t<\/div>\n\t\t\t\t\t\t<\/div>\n\t\t\t\t\t<\/a> \n\t\t\t\t\t\t\n\t\t\t\t\t<a href=\"https:\/\/rentallorca.com\/alquiler\/casa-pollensa-chalet-molins-6-by-home-villas-360-376217.html\" rel=\"nofollow\" style=\"width: 32%;\">\n\t\t\t\t\t\t<div class=\"apartamento-box\">\n\t\t\t\t\t\t\t<div class=\"imagen_recomendados\">\n\t\t\t\t\t\t\t\t<img decoding=\"async\" src=\"https:\/\/crs.avantio.com\/fotos\/2\/1641977946d648a52406e4c835dcde1c9dbf97549b\/big1751374198a350cfafb7556f457b1f6caa6a5f0b51.jpg\" alt=\"Chalet Molins 5 in Pollensa by Home Villas 360\">\n\t\t\t\t\t\t\t<\/div>\n\t\t\t\t\t\t\t<div class=\"info\">\n\t\t\t\t\t\t\t\t<div class=\"ubicacion\">\n\t\t\t\t\t\t\t\t\t<i class=\"fa-solid fa-location-dot icono-mapa\"><\/i><span class=\"ubicacion-texto\">Pollensa \/ Pollen\u00e7a - Mallorca<\/span>\n\t\t\t\t\t\t\t\t<\/div>\n\t\t\t\t\t\t\t\t<H4 class=\"titulo-alojamiento\">\n\t\t\t\t\t\t\t\t\tChalet Molins 5 in Pollensa by Home Villas 360\t\t\t\t\t\t\t\t<\/H4>\n\t\t\t\t\t\t\t\t<p class=\"precio-alojamiento\">Desde <span class=\"precio\">106.50\u20ac<\/span> por noche<\/p>\n\t\t\t\t\t\t\t<\/div>\n\t\t\t\t\t\t<\/div>\n\t\t\t\t\t<\/a> \n\t\t\t\t\t\t\n\t\t\t\t\t<a href=\"https:\/\/rentallorca.com\/alquiler\/apartamento-alcudia-apartment-playa-1d-in-puerto-alcudia-376225.html\" rel=\"nofollow\" style=\"width: 32%;\">\n\t\t\t\t\t\t<div class=\"apartamento-box\">\n\t\t\t\t\t\t\t<div class=\"imagen_recomendados\">\n\t\t\t\t\t\t\t\t<img decoding=\"async\" src=\"https:\/\/crs.avantio.com\/fotos\/2\/16419777352863b3b8068609572f2d317a6c4f20be\/big1655056666e27009a1db9580252b5eb8b7e8ae392c.jpg\" alt=\"Apartment playa 1D in Puerto Alcudia \">\n\t\t\t\t\t\t\t<\/div>\n\t\t\t\t\t\t\t<div class=\"info\">\n\t\t\t\t\t\t\t\t<div class=\"ubicacion\">\n\t\t\t\t\t\t\t\t\t<i class=\"fa-solid fa-location-dot icono-mapa\"><\/i><span class=\"ubicacion-texto\">Alc\u00fadia - Mallorca<\/span>\n\t\t\t\t\t\t\t\t<\/div>\n\t\t\t\t\t\t\t\t<H4 class=\"titulo-alojamiento\">\n\t\t\t\t\t\t\t\t\tApartment playa 1D in Puerto Alcudia \t\t\t\t\t\t\t\t<\/H4>\n\t\t\t\t\t\t\t\t<p class=\"precio-alojamiento\">Desde <span class=\"precio\">59.41\u20ac<\/span> por noche<\/p>\n\t\t\t\t\t\t\t<\/div>\n\t\t\t\t\t\t<\/div>\n\t\t\t\t\t<\/a> \n\t\t\t\t\t\t\t\t<\/div>\n\t\t\t<\/div>\n\t\t\t\t\t\t<\/div>\n\t\t\t\t<\/div>\n\t\t\t\t<\/div>\n\t\t\t\t\t<\/div>\n\t\t\t\t<\/div>\n\t\t<div class=\"elementor-element elementor-element-1e6207ae e-flex e-con-boxed e-con e-parent\" data-id=\"1e6207ae\" data-element_type=\"container\" data-e-type=\"container\">\n\t\t\t\t\t<div class=\"e-con-inner\">\n\t\t\t\t<div class=\"elementor-element elementor-element-1b129848 elementor-widget elementor-widget-shortcode\" data-id=\"1b129848\" data-element_type=\"widget\" data-e-type=\"widget\" data-widget_type=\"shortcode.default\">\n\t\t\t\t<div class=\"elementor-widget-container\">\n\t\t\t\t\t\t\t<div class=\"elementor-shortcode\">\t\t<div data-elementor-type=\"page\" data-elementor-id=\"170\" class=\"elementor elementor-170\" data-elementor-post-type=\"elementor_library\">\n\t\t\t\t<div class=\"elementor-element elementor-element-16c5e22 e-flex e-con-boxed e-con e-parent\" data-id=\"16c5e22\" data-element_type=\"container\" data-e-type=\"container\">\n\t\t\t\t\t<div class=\"e-con-inner\">\n\t\t<div class=\"elementor-element elementor-element-ac67807 e-con-full e-flex e-con e-child\" data-id=\"ac67807\" data-element_type=\"container\" data-e-type=\"container\">\n\t\t\t\t<div class=\"elementor-element elementor-element-2ab04b2 elementor-align-justify elementor-widget elementor-widget-button\" data-id=\"2ab04b2\" data-element_type=\"widget\" data-e-type=\"widget\" data-widget_type=\"button.default\">\n\t\t\t\t<div class=\"elementor-widget-container\">\n\t\t\t\t\t\t\t\t\t<div class=\"elementor-button-wrapper\">\n\t\t\t\t\t<a class=\"elementor-button elementor-button-link elementor-size-sm\" href=\"https:\/\/rentallorca.com\/alquiler\/alquileres-mallorca-e21\/\">\n\t\t\t\t\t\t<span class=\"elementor-button-content-wrapper\">\n\t\t\t\t\t\t\t\t\t<span class=\"elementor-button-text\">Alojamientos Mallorca<\/span>\n\t\t\t\t\t<\/span>\n\t\t\t\t\t<\/a>\n\t\t\t\t<\/div>\n\t\t\t\t\t\t\t\t<\/div>\n\t\t\t\t<\/div>\n\t\t\t\t<\/div>\n\t\t<div class=\"elementor-element elementor-element-6bea3dd e-con-full e-flex e-con e-child\" data-id=\"6bea3dd\" data-element_type=\"container\" data-e-type=\"container\">\n\t\t\t\t<div class=\"elementor-element elementor-element-ff8a437 elementor-align-justify elementor-widget elementor-widget-button\" data-id=\"ff8a437\" data-element_type=\"widget\" data-e-type=\"widget\" data-widget_type=\"button.default\">\n\t\t\t\t<div class=\"elementor-widget-container\">\n\t\t\t\t\t\t\t\t\t<div class=\"elementor-button-wrapper\">\n\t\t\t\t\t<a class=\"elementor-button elementor-button-link elementor-size-sm\" href=\"https:\/\/rentallorca.com\/alquiler\/apartamentos-mallorca-c1e21\/\">\n\t\t\t\t\t\t<span class=\"elementor-button-content-wrapper\">\n\t\t\t\t\t\t\t\t\t<span class=\"elementor-button-text\">Apartamentos Mallorca<\/span>\n\t\t\t\t\t<\/span>\n\t\t\t\t\t<\/a>\n\t\t\t\t<\/div>\n\t\t\t\t\t\t\t\t<\/div>\n\t\t\t\t<\/div>\n\t\t\t\t<\/div>\n\t\t<div class=\"elementor-element elementor-element-d557a64 e-con-full e-flex e-con e-child\" data-id=\"d557a64\" data-element_type=\"container\" data-e-type=\"container\">\n\t\t\t\t<div class=\"elementor-element elementor-element-4421fc4 elementor-align-justify elementor-widget elementor-widget-button\" data-id=\"4421fc4\" data-element_type=\"widget\" data-e-type=\"widget\" data-widget_type=\"button.default\">\n\t\t\t\t<div class=\"elementor-widget-container\">\n\t\t\t\t\t\t\t\t\t<div class=\"elementor-button-wrapper\">\n\t\t\t\t\t<a class=\"elementor-button elementor-button-link elementor-size-sm\" href=\"https:\/\/rentallorca.com\/alquiler\/casas-alcudia-c19d1098\/\">\n\t\t\t\t\t\t<span class=\"elementor-button-content-wrapper\">\n\t\t\t\t\t\t\t\t\t<span class=\"elementor-button-text\">Casas Mallorca<\/span>\n\t\t\t\t\t<\/span>\n\t\t\t\t\t<\/a>\n\t\t\t\t<\/div>\n\t\t\t\t\t\t\t\t<\/div>\n\t\t\t\t<\/div>\n\t\t\t\t<\/div>\n\t\t<div class=\"elementor-element elementor-element-995a361 e-con-full e-flex e-con e-child\" data-id=\"995a361\" data-element_type=\"container\" data-e-type=\"container\">\n\t\t\t\t<div class=\"elementor-element elementor-element-e6addd0 elementor-align-justify elementor-widget elementor-widget-button\" data-id=\"e6addd0\" data-element_type=\"widget\" data-e-type=\"widget\" data-widget_type=\"button.default\">\n\t\t\t\t<div class=\"elementor-widget-container\">\n\t\t\t\t\t\t\t\t\t<div class=\"elementor-button-wrapper\">\n\t\t\t\t\t<a class=\"elementor-button elementor-button-link elementor-size-sm\" href=\"https:\/\/rentallorca.com\/alquiler\/fincas-mallorca-c22e21\/\">\n\t\t\t\t\t\t<span class=\"elementor-button-content-wrapper\">\n\t\t\t\t\t\t\t\t\t<span class=\"elementor-button-text\">Fincas Mallorca<\/span>\n\t\t\t\t\t<\/span>\n\t\t\t\t\t<\/a>\n\t\t\t\t<\/div>\n\t\t\t\t\t\t\t\t<\/div>\n\t\t\t\t<\/div>\n\t\t\t\t<\/div>\n\t\t\t\t\t<\/div>\n\t\t\t\t<\/div>\n\t\t\t\t<\/div>\n\t\t<\/div>\n\t\t\t\t\t\t<\/div>\n\t\t\t\t<\/div>\n\t\t\t\t\t<\/div>\n\t\t\t\t<\/div>\n\t\t\t\t<\/div>\n\t\t","protected":false},"excerpt":{"rendered":"<p>Aunque la veas peque\u00f1ita en el mapa, la isla de Mallorca ofrece un sinf\u00edn de opciones para visitar, m\u00e1s all\u00e1 de la capital. Tanto si viajas al sur como al norte, te vas a encontrar con pueblos de ensue\u00f1o de esos que te hacen preguntarte: \u201c\u00bfc\u00f3mo no hab\u00eda o\u00eddo hablar de este sitio antes?\u201d Pues [&hellip;]<\/p>\n","protected":false},"author":3,"featured_media":1295,"comment_status":"open","ping_status":"open","sticky":false,"template":"","format":"standard","meta":{"footnotes":""},"categories":[31],"tags":[],"class_list":["post-1152","post","type-post","status-publish","format-standard","has-post-thumbnail","hentry","category-destinos"],"yoast_head":"<!-- This site is optimized with the Yoast SEO plugin v27.5 - https:\/\/yoast.com\/product\/yoast-seo-wordpress\/ -->\n<title>\u00bfNo sabes qu\u00e9 ver en Pollensa? \u00a1Te lo ense\u00f1amos! - Blog<\/title>\n<meta name=\"description\" content=\"Descubre qu\u00e9 ver en Pollensa: calles con encanto, calas paradis\u00edacas y miradores espectaculares. \u00a1Un destino que lo tiene todo!\" \/>\n<meta name=\"robots\" content=\"index, follow, max-snippet:-1, max-image-preview:large, max-video-preview:-1\" \/>\n<link rel=\"canonical\" href=\"https:\/\/rentallorca.com\/blog\/que-ver-en-pollensa\/\" \/>\n<meta property=\"og:locale\" content=\"es_ES\" \/>\n<meta property=\"og:type\" content=\"article\" \/>\n<meta property=\"og:title\" content=\"\u00bfNo sabes qu\u00e9 ver en Pollensa? \u00a1Te lo ense\u00f1amos! - Blog\" \/>\n<meta property=\"og:description\" content=\"Descubre qu\u00e9 ver en Pollensa: calles con encanto, calas paradis\u00edacas y miradores espectaculares. \u00a1Un destino que lo tiene todo!\" \/>\n<meta property=\"og:url\" content=\"https:\/\/rentallorca.com\/blog\/que-ver-en-pollensa\/\" \/>\n<meta property=\"og:site_name\" content=\"Blog\" \/>\n<meta property=\"article:published_time\" content=\"2025-04-08T08:07:20+00:00\" \/>\n<meta property=\"article:modified_time\" content=\"2025-04-24T09:02:12+00:00\" \/>\n<meta property=\"og:image\" content=\"https:\/\/rentallorca.com\/blog\/wp-content\/uploads\/2025\/04\/que-ver-pollensa.jpg\" \/>\n\t<meta property=\"og:image:width\" content=\"1920\" \/>\n\t<meta property=\"og:image:height\" content=\"641\" \/>\n\t<meta property=\"og:image:type\" content=\"image\/jpeg\" \/>\n<meta name=\"author\" content=\"Axel\" \/>\n<meta name=\"twitter:card\" content=\"summary_large_image\" \/>\n<meta name=\"twitter:label1\" content=\"Written by\" \/>\n\t<meta name=\"twitter:data1\" content=\"Axel\" \/>\n\t<meta name=\"twitter:label2\" content=\"Est. reading time\" \/>\n\t<meta name=\"twitter:data2\" content=\"6 minutes\" \/>\n<script type=\"application\/ld+json\" class=\"yoast-schema-graph\">{\"@context\":\"https:\\\/\\\/schema.org\",\"@graph\":[{\"@type\":\"Article\",\"@id\":\"https:\\\/\\\/rentallorca.com\\\/blog\\\/que-ver-en-pollensa\\\/#article\",\"isPartOf\":{\"@id\":\"https:\\\/\\\/rentallorca.com\\\/blog\\\/que-ver-en-pollensa\\\/\"},\"author\":{\"name\":\"Axel\",\"@id\":\"https:\\\/\\\/rentallorca.com\\\/blog\\\/#\\\/schema\\\/person\\\/8c5ebe5bf8d43e9757ab6869e1d4cbe4\"},\"headline\":\"\u00bfA\u00fan no sabes qu\u00e9 ver en Pollensa? Una parada obligada en tu visita\",\"datePublished\":\"2025-04-08T08:07:20+00:00\",\"dateModified\":\"2025-04-24T09:02:12+00:00\",\"mainEntityOfPage\":{\"@id\":\"https:\\\/\\\/rentallorca.com\\\/blog\\\/que-ver-en-pollensa\\\/\"},\"wordCount\":1135,\"commentCount\":0,\"image\":{\"@id\":\"https:\\\/\\\/rentallorca.com\\\/blog\\\/que-ver-en-pollensa\\\/#primaryimage\"},\"thumbnailUrl\":\"https:\\\/\\\/rentallorca.com\\\/blog\\\/wp-content\\\/uploads\\\/2025\\\/04\\\/que-ver-pollensa.jpg\",\"articleSection\":[\"Destinos\"],\"inLanguage\":\"es\",\"potentialAction\":[{\"@type\":\"CommentAction\",\"name\":\"Comment\",\"target\":[\"https:\\\/\\\/rentallorca.com\\\/blog\\\/que-ver-en-pollensa\\\/#respond\"]}]},{\"@type\":\"WebPage\",\"@id\":\"https:\\\/\\\/rentallorca.com\\\/blog\\\/que-ver-en-pollensa\\\/\",\"url\":\"https:\\\/\\\/rentallorca.com\\\/blog\\\/que-ver-en-pollensa\\\/\",\"name\":\"\u00bfNo sabes qu\u00e9 ver en Pollensa? \u00a1Te lo ense\u00f1amos! - Blog\",\"isPartOf\":{\"@id\":\"https:\\\/\\\/rentallorca.com\\\/blog\\\/#website\"},\"primaryImageOfPage\":{\"@id\":\"https:\\\/\\\/rentallorca.com\\\/blog\\\/que-ver-en-pollensa\\\/#primaryimage\"},\"image\":{\"@id\":\"https:\\\/\\\/rentallorca.com\\\/blog\\\/que-ver-en-pollensa\\\/#primaryimage\"},\"thumbnailUrl\":\"https:\\\/\\\/rentallorca.com\\\/blog\\\/wp-content\\\/uploads\\\/2025\\\/04\\\/que-ver-pollensa.jpg\",\"datePublished\":\"2025-04-08T08:07:20+00:00\",\"dateModified\":\"2025-04-24T09:02:12+00:00\",\"author\":{\"@id\":\"https:\\\/\\\/rentallorca.com\\\/blog\\\/#\\\/schema\\\/person\\\/8c5ebe5bf8d43e9757ab6869e1d4cbe4\"},\"description\":\"Descubre qu\u00e9 ver en Pollensa: calles con encanto, calas paradis\u00edacas y miradores espectaculares. \u00a1Un destino que lo tiene todo!\",\"breadcrumb\":{\"@id\":\"https:\\\/\\\/rentallorca.com\\\/blog\\\/que-ver-en-pollensa\\\/#breadcrumb\"},\"inLanguage\":\"es\",\"potentialAction\":[{\"@type\":\"ReadAction\",\"target\":[\"https:\\\/\\\/rentallorca.com\\\/blog\\\/que-ver-en-pollensa\\\/\"]}]},{\"@type\":\"ImageObject\",\"inLanguage\":\"es\",\"@id\":\"https:\\\/\\\/rentallorca.com\\\/blog\\\/que-ver-en-pollensa\\\/#primaryimage\",\"url\":\"https:\\\/\\\/rentallorca.com\\\/blog\\\/wp-content\\\/uploads\\\/2025\\\/04\\\/que-ver-pollensa.jpg\",\"contentUrl\":\"https:\\\/\\\/rentallorca.com\\\/blog\\\/wp-content\\\/uploads\\\/2025\\\/04\\\/que-ver-pollensa.jpg\",\"width\":1920,\"height\":641,\"caption\":\"que ver pollensa\"},{\"@type\":\"BreadcrumbList\",\"@id\":\"https:\\\/\\\/rentallorca.com\\\/blog\\\/que-ver-en-pollensa\\\/#breadcrumb\",\"itemListElement\":[{\"@type\":\"ListItem\",\"position\":1,\"name\":\"Home\",\"item\":\"https:\\\/\\\/rentallorca.com\\\/blog\\\/\"},{\"@type\":\"ListItem\",\"position\":2,\"name\":\"\u00bfA\u00fan no sabes qu\u00e9 ver en Pollensa? Una parada obligada en tu visita\"}]},{\"@type\":\"WebSite\",\"@id\":\"https:\\\/\\\/rentallorca.com\\\/blog\\\/#website\",\"url\":\"https:\\\/\\\/rentallorca.com\\\/blog\\\/\",\"name\":\"Blog\",\"description\":\"Rentallorca\",\"potentialAction\":[{\"@type\":\"SearchAction\",\"target\":{\"@type\":\"EntryPoint\",\"urlTemplate\":\"https:\\\/\\\/rentallorca.com\\\/blog\\\/?s={search_term_string}\"},\"query-input\":{\"@type\":\"PropertyValueSpecification\",\"valueRequired\":true,\"valueName\":\"search_term_string\"}}],\"inLanguage\":\"es\"},{\"@type\":\"Person\",\"@id\":\"https:\\\/\\\/rentallorca.com\\\/blog\\\/#\\\/schema\\\/person\\\/8c5ebe5bf8d43e9757ab6869e1d4cbe4\",\"name\":\"Axel\",\"image\":{\"@type\":\"ImageObject\",\"inLanguage\":\"es\",\"@id\":\"https:\\\/\\\/secure.gravatar.com\\\/avatar\\\/3bd706736e5b70f21f05f6c2d5cad746767782a4ba4b7df399c5969e2a9318fd?s=96&d=mm&r=g\",\"url\":\"https:\\\/\\\/secure.gravatar.com\\\/avatar\\\/3bd706736e5b70f21f05f6c2d5cad746767782a4ba4b7df399c5969e2a9318fd?s=96&d=mm&r=g\",\"contentUrl\":\"https:\\\/\\\/secure.gravatar.com\\\/avatar\\\/3bd706736e5b70f21f05f6c2d5cad746767782a4ba4b7df399c5969e2a9318fd?s=96&d=mm&r=g\",\"caption\":\"Axel\"},\"url\":\"https:\\\/\\\/rentallorca.com\\\/blog\\\/author\\\/axel\\\/\"}]}<\/script>\n<!-- \/ Yoast SEO plugin. -->","yoast_head_json":{"title":"\u00bfNo sabes qu\u00e9 ver en Pollensa? \u00a1Te lo ense\u00f1amos! - Blog","description":"Descubre qu\u00e9 ver en Pollensa: calles con encanto, calas paradis\u00edacas y miradores espectaculares. \u00a1Un destino que lo tiene todo!","robots":{"index":"index","follow":"follow","max-snippet":"max-snippet:-1","max-image-preview":"max-image-preview:large","max-video-preview":"max-video-preview:-1"},"canonical":"https:\/\/rentallorca.com\/blog\/que-ver-en-pollensa\/","og_locale":"es_ES","og_type":"article","og_title":"\u00bfNo sabes qu\u00e9 ver en Pollensa? \u00a1Te lo ense\u00f1amos! - Blog","og_description":"Descubre qu\u00e9 ver en Pollensa: calles con encanto, calas paradis\u00edacas y miradores espectaculares. \u00a1Un destino que lo tiene todo!","og_url":"https:\/\/rentallorca.com\/blog\/que-ver-en-pollensa\/","og_site_name":"Blog","article_published_time":"2025-04-08T08:07:20+00:00","article_modified_time":"2025-04-24T09:02:12+00:00","og_image":[{"width":1920,"height":641,"url":"https:\/\/rentallorca.com\/blog\/wp-content\/uploads\/2025\/04\/que-ver-pollensa.jpg","type":"image\/jpeg"}],"author":"Axel","twitter_card":"summary_large_image","twitter_misc":{"Written by":"Axel","Est. reading time":"6 minutes"},"schema":{"@context":"https:\/\/schema.org","@graph":[{"@type":"Article","@id":"https:\/\/rentallorca.com\/blog\/que-ver-en-pollensa\/#article","isPartOf":{"@id":"https:\/\/rentallorca.com\/blog\/que-ver-en-pollensa\/"},"author":{"name":"Axel","@id":"https:\/\/rentallorca.com\/blog\/#\/schema\/person\/8c5ebe5bf8d43e9757ab6869e1d4cbe4"},"headline":"\u00bfA\u00fan no sabes qu\u00e9 ver en Pollensa? Una parada obligada en tu visita","datePublished":"2025-04-08T08:07:20+00:00","dateModified":"2025-04-24T09:02:12+00:00","mainEntityOfPage":{"@id":"https:\/\/rentallorca.com\/blog\/que-ver-en-pollensa\/"},"wordCount":1135,"commentCount":0,"image":{"@id":"https:\/\/rentallorca.com\/blog\/que-ver-en-pollensa\/#primaryimage"},"thumbnailUrl":"https:\/\/rentallorca.com\/blog\/wp-content\/uploads\/2025\/04\/que-ver-pollensa.jpg","articleSection":["Destinos"],"inLanguage":"es","potentialAction":[{"@type":"CommentAction","name":"Comment","target":["https:\/\/rentallorca.com\/blog\/que-ver-en-pollensa\/#respond"]}]},{"@type":"WebPage","@id":"https:\/\/rentallorca.com\/blog\/que-ver-en-pollensa\/","url":"https:\/\/rentallorca.com\/blog\/que-ver-en-pollensa\/","name":"\u00bfNo sabes qu\u00e9 ver en Pollensa? \u00a1Te lo ense\u00f1amos! - Blog","isPartOf":{"@id":"https:\/\/rentallorca.com\/blog\/#website"},"primaryImageOfPage":{"@id":"https:\/\/rentallorca.com\/blog\/que-ver-en-pollensa\/#primaryimage"},"image":{"@id":"https:\/\/rentallorca.com\/blog\/que-ver-en-pollensa\/#primaryimage"},"thumbnailUrl":"https:\/\/rentallorca.com\/blog\/wp-content\/uploads\/2025\/04\/que-ver-pollensa.jpg","datePublished":"2025-04-08T08:07:20+00:00","dateModified":"2025-04-24T09:02:12+00:00","author":{"@id":"https:\/\/rentallorca.com\/blog\/#\/schema\/person\/8c5ebe5bf8d43e9757ab6869e1d4cbe4"},"description":"Descubre qu\u00e9 ver en Pollensa: calles con encanto, calas paradis\u00edacas y miradores espectaculares. \u00a1Un destino que lo tiene todo!","breadcrumb":{"@id":"https:\/\/rentallorca.com\/blog\/que-ver-en-pollensa\/#breadcrumb"},"inLanguage":"es","potentialAction":[{"@type":"ReadAction","target":["https:\/\/rentallorca.com\/blog\/que-ver-en-pollensa\/"]}]},{"@type":"ImageObject","inLanguage":"es","@id":"https:\/\/rentallorca.com\/blog\/que-ver-en-pollensa\/#primaryimage","url":"https:\/\/rentallorca.com\/blog\/wp-content\/uploads\/2025\/04\/que-ver-pollensa.jpg","contentUrl":"https:\/\/rentallorca.com\/blog\/wp-content\/uploads\/2025\/04\/que-ver-pollensa.jpg","width":1920,"height":641,"caption":"que ver pollensa"},{"@type":"BreadcrumbList","@id":"https:\/\/rentallorca.com\/blog\/que-ver-en-pollensa\/#breadcrumb","itemListElement":[{"@type":"ListItem","position":1,"name":"Home","item":"https:\/\/rentallorca.com\/blog\/"},{"@type":"ListItem","position":2,"name":"\u00bfA\u00fan no sabes qu\u00e9 ver en Pollensa? Una parada obligada en tu visita"}]},{"@type":"WebSite","@id":"https:\/\/rentallorca.com\/blog\/#website","url":"https:\/\/rentallorca.com\/blog\/","name":"Blog","description":"Rentallorca","potentialAction":[{"@type":"SearchAction","target":{"@type":"EntryPoint","urlTemplate":"https:\/\/rentallorca.com\/blog\/?s={search_term_string}"},"query-input":{"@type":"PropertyValueSpecification","valueRequired":true,"valueName":"search_term_string"}}],"inLanguage":"es"},{"@type":"Person","@id":"https:\/\/rentallorca.com\/blog\/#\/schema\/person\/8c5ebe5bf8d43e9757ab6869e1d4cbe4","name":"Axel","image":{"@type":"ImageObject","inLanguage":"es","@id":"https:\/\/secure.gravatar.com\/avatar\/3bd706736e5b70f21f05f6c2d5cad746767782a4ba4b7df399c5969e2a9318fd?s=96&d=mm&r=g","url":"https:\/\/secure.gravatar.com\/avatar\/3bd706736e5b70f21f05f6c2d5cad746767782a4ba4b7df399c5969e2a9318fd?s=96&d=mm&r=g","contentUrl":"https:\/\/secure.gravatar.com\/avatar\/3bd706736e5b70f21f05f6c2d5cad746767782a4ba4b7df399c5969e2a9318fd?s=96&d=mm&r=g","caption":"Axel"},"url":"https:\/\/rentallorca.com\/blog\/author\/axel\/"}]}},"_links":{"self":[{"href":"https:\/\/rentallorca.com\/blog\/wp-json\/wp\/v2\/posts\/1152","targetHints":{"allow":["GET"]}}],"collection":[{"href":"https:\/\/rentallorca.com\/blog\/wp-json\/wp\/v2\/posts"}],"about":[{"href":"https:\/\/rentallorca.com\/blog\/wp-json\/wp\/v2\/types\/post"}],"author":[{"embeddable":true,"href":"https:\/\/rentallorca.com\/blog\/wp-json\/wp\/v2\/users\/3"}],"replies":[{"embeddable":true,"href":"https:\/\/rentallorca.com\/blog\/wp-json\/wp\/v2\/comments?post=1152"}],"version-history":[{"count":11,"href":"https:\/\/rentallorca.com\/blog\/wp-json\/wp\/v2\/posts\/1152\/revisions"}],"predecessor-version":[{"id":1355,"href":"https:\/\/rentallorca.com\/blog\/wp-json\/wp\/v2\/posts\/1152\/revisions\/1355"}],"wp:featuredmedia":[{"embeddable":true,"href":"https:\/\/rentallorca.com\/blog\/wp-json\/wp\/v2\/media\/1295"}],"wp:attachment":[{"href":"https:\/\/rentallorca.com\/blog\/wp-json\/wp\/v2\/media?parent=1152"}],"wp:term":[{"taxonomy":"category","embeddable":true,"href":"https:\/\/rentallorca.com\/blog\/wp-json\/wp\/v2\/categories?post=1152"},{"taxonomy":"post_tag","embeddable":true,"href":"https:\/\/rentallorca.com\/blog\/wp-json\/wp\/v2\/tags?post=1152"}],"curies":[{"name":"wp","href":"https:\/\/api.w.org\/{rel}","templated":true}]}}