{"id":679,"date":"2025-02-10T15:33:58","date_gmt":"2025-02-10T15:33:58","guid":{"rendered":"https:\/\/rentallorca.com\/blog\/?p=679"},"modified":"2025-07-17T07:13:11","modified_gmt":"2025-07-17T07:13:11","slug":"sehenswurdigkeiten-palma-de-mallorca","status":"publish","type":"post","link":"https:\/\/rentallorca.com\/blog\/de\/sehenswurdigkeiten-palma-de-mallorca\/","title":{"rendered":"Haben Sie 3 freie Tage? Wir informieren Sie \u00fcber die Sehensw\u00fcrdigkeiten in Palma de Mallorca"},"content":{"rendered":"\t\t<div data-elementor-type=\"wp-post\" data-elementor-id=\"679\" class=\"elementor elementor-679 elementor-572\" data-elementor-post-type=\"post\">\n\t\t\t\t<div class=\"elementor-element elementor-element-f2f87d1 e-flex e-con-boxed e-con e-parent\" data-id=\"f2f87d1\" data-element_type=\"container\" data-e-type=\"container\">\n\t\t\t\t\t<div class=\"e-con-inner\">\n\t\t\t\t<div class=\"elementor-element elementor-element-09ffce2 elementor-widget elementor-widget-text-editor\" data-id=\"09ffce2\" data-element_type=\"widget\" data-e-type=\"widget\" data-widget_type=\"text-editor.default\">\n\t\t\t\t<div class=\"elementor-widget-container\">\n\t\t\t\t\t\t\t\t\t<p>Wir sind uns durchaus bewusst, dass 3 Tage eine recht kurze Zeit sind, um einen Ort tiefgr\u00fcndig kennenzulernen. Und dies gilt umso mehr f\u00fcr <strong>einen so sch\u00f6nen und vielf\u00e4ltigen Ort wie Palma<\/strong>. Bei Rentallorca m\u00f6chten wir jedoch das scheinbar Unm\u00f6gliche m\u00f6glich machen, daher haben wir diesen kleinen Reisef\u00fchrer f\u00fcr Sie zusammengestellt.   <\/p>\n<p><\/p>\n<p>Im Folgenden pr\u00e4sentieren wir Ihnen die besten Pl\u00e4ne, die Sie in der gro\u00dfartigen Hauptstadt der Insel machen k\u00f6nnen, um <strong>Ihren Aufenthalt auf Mallorca in vollen Z\u00fcgen zu genie\u00dfen.<\/strong> Sie werden einige der unterhaltsamsten Attraktionen Palmas kennenlernen und einen Einblick in die interessantesten kulinarischen und kulturellen Angebote erhalten. Lassen Sie uns beginnen!  <\/p>\n<p>Von der Wiese ullamco was sagen Sie Kumpel die Sache ist sehr schlecht.<\/p>\t\t\t\t\t\t\t\t<\/div>\n\t\t\t\t<\/div>\n\t\t\t\t\t<\/div>\n\t\t\t\t<\/div>\n\t\t<div class=\"elementor-element elementor-element-481b533 e-flex e-con-boxed e-con e-parent\" data-id=\"481b533\" data-element_type=\"container\" data-e-type=\"container\">\n\t\t\t\t\t<div class=\"e-con-inner\">\n\t\t\t\t<div class=\"elementor-element elementor-element-d3b08a1 elementor-widget elementor-widget-table-of-contents\" data-id=\"d3b08a1\" data-element_type=\"widget\" data-e-type=\"widget\" data-settings=\"{&quot;exclude_headings_by_selector&quot;:[],&quot;headings_by_tags&quot;:[&quot;h2&quot;,&quot;h3&quot;,&quot;h4&quot;,&quot;h5&quot;,&quot;h6&quot;],&quot;marker_view&quot;:&quot;numbers&quot;,&quot;no_headings_message&quot;:&quot;No headings were found on this page.&quot;,&quot;hierarchical_view&quot;:&quot;yes&quot;,&quot;min_height&quot;:{&quot;unit&quot;:&quot;px&quot;,&quot;size&quot;:&quot;&quot;,&quot;sizes&quot;:[]},&quot;min_height_tablet&quot;:{&quot;unit&quot;:&quot;px&quot;,&quot;size&quot;:&quot;&quot;,&quot;sizes&quot;:[]},&quot;min_height_mobile&quot;:{&quot;unit&quot;:&quot;px&quot;,&quot;size&quot;:&quot;&quot;,&quot;sizes&quot;:[]}}\" data-widget_type=\"table-of-contents.default\">\n\t\t\t\t<div class=\"elementor-widget-container\">\n\t\t\t\t\t\t\t\t\t<div class=\"elementor-toc__header\">\n\t\t\t\t\t\t<div class=\"elementor-toc__header-title\">\n\t\t\t\tInhaltsverzeichnis\t\t\t<\/div>\n\t\t\t\t\t\t\t\t<\/div>\n\t\t\t\t<div id=\"elementor-toc__d3b08a1\" class=\"elementor-toc__body\">\n\t\t\t<div class=\"elementor-toc__spinner-container\">\n\t\t\t\t<svg class=\"elementor-toc__spinner eicon-animation-spin e-font-icon-svg e-eicon-loading\" aria-hidden=\"true\" viewBox=\"0 0 1000 1000\" xmlns=\"http:\/\/www.w3.org\/2000\/svg\"><path d=\"M500 975V858C696 858 858 696 858 500S696 142 500 142 142 304 142 500H25C25 237 238 25 500 25S975 237 975 500 763 975 500 975Z\"><\/path><\/svg>\t\t\t<\/div>\n\t\t<\/div>\n\t\t\t\t\t\t<\/div>\n\t\t\t\t<\/div>\n\t\t\t\t\t<\/div>\n\t\t\t\t<\/div>\n\t\t<div class=\"elementor-element elementor-element-d8c2670 e-flex e-con-boxed e-con e-parent\" data-id=\"d8c2670\" data-element_type=\"container\" data-e-type=\"container\">\n\t\t\t\t\t<div class=\"e-con-inner\">\n\t\t\t\t<div class=\"elementor-element elementor-element-88131d7 elementor-widget elementor-widget-heading\" data-id=\"88131d7\" data-element_type=\"widget\" data-e-type=\"widget\" data-widget_type=\"heading.default\">\n\t\t\t\t<div class=\"elementor-widget-container\">\n\t\t\t\t\t<h2 class=\"elementor-heading-title elementor-size-default\">Sehensw\u00fcrdigkeiten in Palma de Mallorca in 3 Tagen<\/h2>\t\t\t\t<\/div>\n\t\t\t\t<\/div>\n\t\t\t\t<div class=\"elementor-element elementor-element-efd679e elementor-widget elementor-widget-text-editor\" data-id=\"efd679e\" data-element_type=\"widget\" data-e-type=\"widget\" data-widget_type=\"text-editor.default\">\n\t\t\t\t<div class=\"elementor-widget-container\">\n\t\t\t\t\t\t\t\t\t<p>Lassen Sie uns dies so praktisch wie m\u00f6glich gestalten und <strong>wir werden Ihren Aufenthalt in die 3 Tage unterteilen, die Ihnen zur Verf\u00fcgung stehen.<\/strong> Sollten Sie einen zus\u00e4tzlichen Tag haben, w\u00e4re das eine erfreuliche Nachricht, da Sie mehr Zeit h\u00e4tten, um alle Optionen, die wir Ihnen pr\u00e4sentieren werden, eingehender zu erkunden:<\/p>\n\t\t\t\t\t\t\t\t<\/div>\n\t\t\t\t<\/div>\n\t\t\t\t\t<\/div>\n\t\t\t\t<\/div>\n\t\t<div class=\"elementor-element elementor-element-45f713d e-flex e-con-boxed e-con e-parent\" data-id=\"45f713d\" data-element_type=\"container\" data-e-type=\"container\">\n\t\t\t\t\t<div class=\"e-con-inner\">\n\t\t\t\t<div class=\"elementor-element elementor-element-c49055e elementor-widget elementor-widget-heading\" data-id=\"c49055e\" data-element_type=\"widget\" data-e-type=\"widget\" data-widget_type=\"heading.default\">\n\t\t\t\t<div class=\"elementor-widget-container\">\n\t\t\t\t\t<h3 class=\"elementor-heading-title elementor-size-default\">Erster Tag in Palma<\/h3>\t\t\t\t<\/div>\n\t\t\t\t<\/div>\n\t\t\t\t<div class=\"elementor-element elementor-element-467766cf elementor-widget elementor-widget-text-editor\" data-id=\"467766cf\" data-element_type=\"widget\" data-e-type=\"widget\" data-widget_type=\"text-editor.default\">\n\t\t\t\t<div class=\"elementor-widget-container\">\n\t\t\t\t\t\t\t\t\t\n<p>Dies ist der ideale Zeitpunkt, um <strong>einen ersten Eindruck von der Stadt zu gewinnen<\/strong> und das historische Zentrum sowie einige seiner Hauptmonumente zu besichtigen. <\/p>\n\n<p>Wir beginnen den Tag <strong>mit einem Besuch der Kathedrale Santa Mar\u00eda (La Seu)<\/strong>, einem wahren Juwel der levantinischen Gotik. Diese Kathedrale ist ber\u00fchmt f\u00fcr ihr beeindruckendes und farbenfrohes Rosettenfenster sowie f\u00fcr Beitr\u00e4ge von Miquel Barcel\u00f3 und Gaud\u00ed.  <\/p>\n\n<p>Anschlie\u00dfend <strong>empfehlen wir einen Besuch des K\u00f6nigspalastes La Almudaina<\/strong>, der die offizielle Sommerresidenz der spanischen K\u00f6nige ist. Es handelt sich um einen architektonischen Komplex, der wundersch\u00f6ne gotische und islamische Elemente vereint.  <\/p>\n\n<p>Abschlie\u00dfend <strong>k\u00f6nnen Sie einen entspannten Nachmittag in den arabischen B\u00e4dern genie\u00dfen<\/strong>, ideal, um das muslimische Erbe zu w\u00fcrdigen und anschlie\u00dfend einen sch\u00f6nen Abendspaziergang durch die mallorquinischen Innenh\u00f6fe zu unternehmen. <\/p>\n\t\t\t\t\t\t\t\t<\/div>\n\t\t\t\t<\/div>\n\t\t\t\t<div class=\"elementor-element elementor-element-477eddd elementor-widget elementor-widget-image\" data-id=\"477eddd\" data-element_type=\"widget\" data-e-type=\"widget\" data-widget_type=\"image.default\">\n\t\t\t\t<div class=\"elementor-widget-container\">\n\t\t\t\t\t\t\t\t\t\t\t\t\t\t\t<img fetchpriority=\"high\" decoding=\"async\" width=\"1200\" height=\"600\" src=\"https:\/\/rentallorca.com\/blog\/wp-content\/uploads\/2025\/02\/catedral-de-palma-mallorca.jpg\" class=\"attachment-full size-full wp-image-587\" alt=\"catedral-de-palma-mallorca\" srcset=\"https:\/\/rentallorca.com\/blog\/wp-content\/uploads\/2025\/02\/catedral-de-palma-mallorca.jpg 1200w, https:\/\/rentallorca.com\/blog\/wp-content\/uploads\/2025\/02\/catedral-de-palma-mallorca-300x150.jpg 300w, https:\/\/rentallorca.com\/blog\/wp-content\/uploads\/2025\/02\/catedral-de-palma-mallorca-1024x512.jpg 1024w, https:\/\/rentallorca.com\/blog\/wp-content\/uploads\/2025\/02\/catedral-de-palma-mallorca-768x384.jpg 768w\" sizes=\"(max-width: 1200px) 100vw, 1200px\" \/>\t\t\t\t\t\t\t\t\t\t\t\t\t\t\t<\/div>\n\t\t\t\t<\/div>\n\t\t\t\t\t<\/div>\n\t\t\t\t<\/div>\n\t\t<div class=\"elementor-element elementor-element-a1fcbef e-flex e-con-boxed e-con e-parent\" data-id=\"a1fcbef\" data-element_type=\"container\" data-e-type=\"container\">\n\t\t\t\t\t<div class=\"e-con-inner\">\n\t\t\t\t<div class=\"elementor-element elementor-element-8fe2ed0 elementor-widget elementor-widget-heading\" data-id=\"8fe2ed0\" data-element_type=\"widget\" data-e-type=\"widget\" data-widget_type=\"heading.default\">\n\t\t\t\t<div class=\"elementor-widget-container\">\n\t\t\t\t\t<h3 class=\"elementor-heading-title elementor-size-default\">Zweiter Tag in Palma <\/h3>\t\t\t\t<\/div>\n\t\t\t\t<\/div>\n\t\t\t\t\t<\/div>\n\t\t\t\t<\/div>\n\t\t<div class=\"elementor-element elementor-element-97ef978 e-flex e-con-boxed e-con e-parent\" data-id=\"97ef978\" data-element_type=\"container\" data-e-type=\"container\">\n\t\t\t\t\t<div class=\"e-con-inner\">\n\t\t<div class=\"elementor-element elementor-element-dafdce0 e-con-full e-flex e-con e-child\" data-id=\"dafdce0\" data-element_type=\"container\" data-e-type=\"container\">\n\t\t\t\t<div class=\"elementor-element elementor-element-a93a7e9 elementor-widget elementor-widget-text-editor\" data-id=\"a93a7e9\" data-element_type=\"widget\" data-e-type=\"widget\" data-widget_type=\"text-editor.default\">\n\t\t\t\t<div class=\"elementor-widget-container\">\n\t\t\t\t\t\t\t\t\t\n<h3 class=\"wp-block-heading\"><span style=\"font-size: 16px;\">F\u00fcr den zweiten Tag haben wir uns \u00fcberlegt, <\/span><strong style=\"font-size: 16px;\">einen sehr kulturellen Vormittag <\/strong><span style=\"font-size: 16px;\">und einen entspannten Nachmittag mit Panoramablicken auf die Insel vorzuschlagen.<\/span> <\/h3>\n\n<p>Am Vormittag <strong>empfehlen wir eine eingehende Besichtigung des Bellver-Schlosses<\/strong>, einer gro\u00dfartigen kreisf\u00f6rmigen Festung mit jahrhundertelanger Geschichte und spektakul\u00e4ren Ausblicken auf die Stadt und das Meer. Besuchen Sie anschlie\u00dfend die Pilar- und Joan-Mir\u00f3-Stiftung, um die zeitgen\u00f6ssische Kunst dieses ber\u00fchmten Malers zu bewundern und einige seiner bekanntesten Werke zu betrachten.  <\/p>\n\n<p>Am Nachmittag, falls Sie noch Energie haben, <strong>k\u00f6nnen Sie das Museum f\u00fcr moderne Kunst Es Baluard besuchen<\/strong>, welches sich an einem privilegierten Standort auf den alten Stadtmauern befindet, und den Tag mit etwas Strandzeit an der Uferpromenade ausklingen lassen. Bei gutem Wetter k\u00f6nnen Sie ein Bad nehmen. Andernfalls&#8230; bleibt Ihnen immer noch der Sonnenuntergang und die ph\u00e4nomenale mediterrane Atmosph\u00e4re.   <\/p>\n\t\t\t\t\t\t\t\t<\/div>\n\t\t\t\t<\/div>\n\t\t\t\t<\/div>\n\t\t<div class=\"elementor-element elementor-element-aca815c e-con-full e-flex e-con e-child\" data-id=\"aca815c\" data-element_type=\"container\" data-e-type=\"container\">\n\t\t\t\t<div class=\"elementor-element elementor-element-ffe152f elementor-widget elementor-widget-image\" data-id=\"ffe152f\" data-element_type=\"widget\" data-e-type=\"widget\" data-widget_type=\"image.default\">\n\t\t\t\t<div class=\"elementor-widget-container\">\n\t\t\t\t\t\t\t\t\t\t\t\t\t\t\t<img decoding=\"async\" width=\"724\" height=\"483\" src=\"https:\/\/rentallorca.com\/blog\/wp-content\/uploads\/2025\/02\/castillo-de-bellver-Palma-de-mallorca.jpg\" class=\"attachment-large size-large wp-image-593\" alt=\"castillo-de-bellver-Palma-de-mallorca.jpg\" srcset=\"https:\/\/rentallorca.com\/blog\/wp-content\/uploads\/2025\/02\/castillo-de-bellver-Palma-de-mallorca.jpg 724w, https:\/\/rentallorca.com\/blog\/wp-content\/uploads\/2025\/02\/castillo-de-bellver-Palma-de-mallorca-300x200.jpg 300w\" sizes=\"(max-width: 724px) 100vw, 724px\" \/>\t\t\t\t\t\t\t\t\t\t\t\t\t\t\t<\/div>\n\t\t\t\t<\/div>\n\t\t\t\t<\/div>\n\t\t\t\t\t<\/div>\n\t\t\t\t<\/div>\n\t\t<div class=\"elementor-element elementor-element-a2f72be e-flex e-con-boxed e-con e-parent\" data-id=\"a2f72be\" data-element_type=\"container\" data-e-type=\"container\">\n\t\t\t\t\t<div class=\"e-con-inner\">\n\t\t\t\t<div class=\"elementor-element elementor-element-a1a4b18 elementor-widget elementor-widget-heading\" data-id=\"a1a4b18\" data-element_type=\"widget\" data-e-type=\"widget\" data-widget_type=\"heading.default\">\n\t\t\t\t<div class=\"elementor-widget-container\">\n\t\t\t\t\t<h3 class=\"elementor-heading-title elementor-size-default\">Dritter Tag in Palma<\/h3>\t\t\t\t<\/div>\n\t\t\t\t<\/div>\n\t\t\t\t<div class=\"elementor-element elementor-element-a79ca92 elementor-widget elementor-widget-text-editor\" data-id=\"a79ca92\" data-element_type=\"widget\" data-e-type=\"widget\" data-widget_type=\"text-editor.default\">\n\t\t\t\t<div class=\"elementor-widget-container\">\n\t\t\t\t\t\t\t\t\t\n<p>Wir kommen zum dritten und letzten Tag, <strong>ein idealer Zeitpunkt f\u00fcr einen Ausflug und um die Beine endg\u00fcltig zu erm\u00fcden<\/strong>. Auf diese Weise kehren Sie an Ihren Ausgangsort zur\u00fcck mit dem Gef\u00fchl, jede Minute auf der Insel optimal genutzt und nichts Sehenswertes auf Mallorca verpasst zu haben.  <\/p>\n\n<p><br>Hierf\u00fcr <strong>schlagen wir einen Ausflug zum Cap de Formentor oder zu den Drachenh\u00f6hlen vor.<\/strong> Diese liegen zwar etwas au\u00dferhalb des Zentrums, sind jedoch unerl\u00e4sslich, wenn Sie mit der mallorquinischen Natur in Verbindung treten m\u00f6chten. <\/p>\n\n<p>Danach folgt jener gastronomische Moment, den wir so sehr sch\u00e4tzen: <strong>ein Besuch des Santa-Catalina-Marktes<\/strong>, ein perfekter Ort, um lokale Produkte zu probieren und in den Alltag der Stadt einzutauchen. Hier k\u00f6nnen Sie mallorquinische Suppe, Tumbet oder die ber\u00fchmte Porcella rostida kosten.  <\/p>\n\t\t\t\t\t\t\t\t<\/div>\n\t\t\t\t<\/div>\n\t\t\t\t<div class=\"elementor-element elementor-element-2b68a9e elementor-widget elementor-widget-image\" data-id=\"2b68a9e\" data-element_type=\"widget\" data-e-type=\"widget\" data-widget_type=\"image.default\">\n\t\t\t\t<div class=\"elementor-widget-container\">\n\t\t\t\t\t\t\t\t\t\t\t\t\t\t\t<img decoding=\"async\" width=\"1200\" height=\"600\" src=\"https:\/\/rentallorca.com\/blog\/wp-content\/uploads\/2025\/02\/cuevas-drac-cuevas-dragon-mallorca.jpg\" class=\"attachment-full size-full wp-image-590\" alt=\"cuevas-drac-cuevas-dragon-mallorca\" srcset=\"https:\/\/rentallorca.com\/blog\/wp-content\/uploads\/2025\/02\/cuevas-drac-cuevas-dragon-mallorca.jpg 1200w, https:\/\/rentallorca.com\/blog\/wp-content\/uploads\/2025\/02\/cuevas-drac-cuevas-dragon-mallorca-300x150.jpg 300w, https:\/\/rentallorca.com\/blog\/wp-content\/uploads\/2025\/02\/cuevas-drac-cuevas-dragon-mallorca-1024x512.jpg 1024w, https:\/\/rentallorca.com\/blog\/wp-content\/uploads\/2025\/02\/cuevas-drac-cuevas-dragon-mallorca-768x384.jpg 768w\" sizes=\"(max-width: 1200px) 100vw, 1200px\" \/>\t\t\t\t\t\t\t\t\t\t\t\t\t\t\t<\/div>\n\t\t\t\t<\/div>\n\t\t\t\t\t<\/div>\n\t\t\t\t<\/div>\n\t\t<div class=\"elementor-element elementor-element-34dbd28 e-flex e-con-boxed e-con e-parent\" data-id=\"34dbd28\" data-element_type=\"container\" data-e-type=\"container\">\n\t\t\t\t\t<div class=\"e-con-inner\">\n\t\t\t\t<div class=\"elementor-element elementor-element-905b9a6 elementor-widget elementor-widget-heading\" data-id=\"905b9a6\" data-element_type=\"widget\" data-e-type=\"widget\" data-widget_type=\"heading.default\">\n\t\t\t\t<div class=\"elementor-widget-container\">\n\t\t\t\t\t<h2 class=\"elementor-heading-title elementor-size-default\">Die besten Attraktionen in Palma de Mallorca<\/h2>\t\t\t\t<\/div>\n\t\t\t\t<\/div>\n\t\t\t\t<div class=\"elementor-element elementor-element-fe88a5d elementor-widget elementor-widget-text-editor\" data-id=\"fe88a5d\" data-element_type=\"widget\" data-e-type=\"widget\" data-widget_type=\"text-editor.default\">\n\t\t\t\t<div class=\"elementor-widget-container\">\n\t\t\t\t\t\t\t\t\t\n<p>Wenn Sie <strong>etwas Au\u00dfergew\u00f6hnliches unternehmen<\/strong> und ein aufregendes Erlebnis w\u00fcnschen, sind wir sicher, dass Sie diese 2 Aktivit\u00e4ten \u00fcberraschen werden:<\/p>\n\n<ul class=\"wp-block-list\">\n<li><strong>S\u00f3ller-Bahn<\/strong>: Eine einzigartige Erfahrung, die Geschichte, traumhafte Landschaften und eine nostalgische kleine Reise vereint, die Sie nie vergessen werden. Es handelt sich um eine \u00fcber 100 Jahre alte Eisenbahnlinie, die Palma mit der Stadt S\u00f3ller verbindet. Sie \u00fcberwindet 27 Kilometer und bietet Ausblicke auf die Serra de Tramuntana, ein UNESCO-Weltkulturerbe.   <\/li>\n\n<li><strong>Palma Aquarium<\/strong>: Ein idealer Plan f\u00fcr einen Ausflug mit den Kleinen, da es in seinen Anlagen mehr als 8.000 Tiere und nahezu 700 verschiedene Arten pr\u00e4sentiert. Wir sprechen hier von einem der gr\u00f6\u00dften und umfassendsten Aquarien Europas. Zu seinen beeindruckendsten Attraktionen z\u00e4hlen das Big Blue, das tiefste Fischbecken des Kontinents, und der Nautilus Park, ein \u00fcberdachter Bereich mit Spielm\u00f6glichkeiten f\u00fcr die ganze Familie.   <\/li>\n<\/ul>\n\t\t\t\t\t\t\t\t<\/div>\n\t\t\t\t<\/div>\n\t\t\t\t\t<\/div>\n\t\t\t\t<\/div>\n\t\t<div class=\"elementor-element elementor-element-8b440ab e-flex e-con-boxed e-con e-parent\" data-id=\"8b440ab\" data-element_type=\"container\" data-e-type=\"container\">\n\t\t\t\t\t<div class=\"e-con-inner\">\n\t\t\t\t<div class=\"elementor-element elementor-element-0104e8e elementor-widget elementor-widget-heading\" data-id=\"0104e8e\" data-element_type=\"widget\" data-e-type=\"widget\" data-widget_type=\"heading.default\">\n\t\t\t\t<div class=\"elementor-widget-container\">\n\t\t\t\t\t<h2 class=\"elementor-heading-title elementor-size-default\">Genie\u00dfen Sie die Kultur und Gastronomie in Palma<\/h2>\t\t\t\t<\/div>\n\t\t\t\t<\/div>\n\t\t\t\t\t<\/div>\n\t\t\t\t<\/div>\n\t\t<div class=\"elementor-element elementor-element-37658f5 e-flex e-con-boxed e-con e-parent\" data-id=\"37658f5\" data-element_type=\"container\" data-e-type=\"container\">\n\t\t\t\t\t<div class=\"e-con-inner\">\n\t\t<div class=\"elementor-element elementor-element-f28c5c3 e-con-full e-flex e-con e-child\" data-id=\"f28c5c3\" data-element_type=\"container\" data-e-type=\"container\">\n\t\t\t\t<div class=\"elementor-element elementor-element-0738561 elementor-widget elementor-widget-text-editor\" data-id=\"0738561\" data-element_type=\"widget\" data-e-type=\"widget\" data-widget_type=\"text-editor.default\">\n\t\t\t\t<div class=\"elementor-widget-container\">\n\t\t\t\t\t\t\t\t\t<p>Wie es sich f\u00fcr eine Gro\u00dfstadt geh\u00f6rt, <strong>darf bei der Entscheidung, was man in Palma und Umgebung unternehmen m\u00f6chte, das kulturelle Angebot nicht au\u00dfer Acht gelassen werden<\/strong>. Einige der interessantesten kulturellen Veranstaltungen und Einrichtungen, die Sie besuchen k\u00f6nnen, wenn Sie nicht wissen, was es in Palma de Mallorca zu sehen gibt, sind:  <\/p>\n<p><\/p>\n<ul class=\"wp-block-list\">\n<li><strong>Palma Dansa<\/strong>: Ein Festival, das 15 Auff\u00fchrungen mit erstklassigen nationalen und internationalen Tanzk\u00fcnstlern pr\u00e4sentiert.<\/li>\n\n<li><strong>Freiluftkino:<\/strong> Diese fantastische Veranstaltung namens \u201eCinema a la Fresca\u201c findet im Parque del Mar statt, eine v\u00f6llig kostenlose Initiative des Stadtrats, bei der in den Monaten Juli, August und September Filme vorgef\u00fchrt werden. <\/li>\n\n<li><strong>Tempor\u00e4re Ausstellungen in Sa Llonja<\/strong>: Hier treffen sich einige der bedeutendsten zeitgen\u00f6ssischen Bildhauer in h\u00f6chst interessanten rotierenden Zyklen.<\/li>\n<\/ul>\n<p><\/p>\t\t\t\t\t\t\t\t<\/div>\n\t\t\t\t<\/div>\n\t\t\t\t<\/div>\n\t\t<div class=\"elementor-element elementor-element-1207d5a e-con-full e-flex e-con e-child\" data-id=\"1207d5a\" data-element_type=\"container\" data-e-type=\"container\">\n\t\t\t\t<div class=\"elementor-element elementor-element-41d4236 elementor-widget elementor-widget-image\" data-id=\"41d4236\" data-element_type=\"widget\" data-e-type=\"widget\" data-widget_type=\"image.default\">\n\t\t\t\t<div class=\"elementor-widget-container\">\n\t\t\t\t\t\t\t\t\t\t\t\t\t\t\t<img loading=\"lazy\" decoding=\"async\" width=\"724\" height=\"483\" src=\"https:\/\/rentallorca.com\/blog\/wp-content\/uploads\/2025\/02\/lonja-Palma-de-mallorca.jpg\" class=\"attachment-large size-large wp-image-596\" alt=\"lonja-Palma-de-mallorca.jpg\" srcset=\"https:\/\/rentallorca.com\/blog\/wp-content\/uploads\/2025\/02\/lonja-Palma-de-mallorca.jpg 724w, https:\/\/rentallorca.com\/blog\/wp-content\/uploads\/2025\/02\/lonja-Palma-de-mallorca-300x200.jpg 300w\" sizes=\"(max-width: 724px) 100vw, 724px\" \/>\t\t\t\t\t\t\t\t\t\t\t\t\t\t\t<\/div>\n\t\t\t\t<\/div>\n\t\t\t\t<\/div>\n\t\t\t\t\t<\/div>\n\t\t\t\t<\/div>\n\t\t<div class=\"elementor-element elementor-element-4245b96c e-flex e-con-boxed e-con e-parent\" data-id=\"4245b96c\" data-element_type=\"container\" data-e-type=\"container\">\n\t\t\t\t\t<div class=\"e-con-inner\">\n\t\t\t\t<div class=\"elementor-element elementor-element-c213e9d elementor-widget elementor-widget-text-editor\" data-id=\"c213e9d\" data-element_type=\"widget\" data-e-type=\"widget\" data-widget_type=\"text-editor.default\">\n\t\t\t\t<div class=\"elementor-widget-container\">\n\t\t\t\t\t\t\t\t\t\n<p>Andererseits wissen wir, dass Sie nicht von Luft allein leben und begierig darauf sind zu erfahren, wo man auf der Insel essen kann. Hier einige Empfehlungen:  <\/p>\n\n<ul class=\"wp-block-list\">\n<li><strong>Ca \u201en Joan de S\u201c Aigo<\/strong>: Ber\u00fchmt f\u00fcr seine Ensaimada und hausgemachten Eiscreme, ist es ein ikonischer Ort, um traditionelle S\u00fc\u00dfigkeiten zu probieren.<\/li>\n\n<li><strong>Marc Fosh<\/strong>: Ein mit einem Michelin-Stern ausgezeichnetes Restaurant, das ein kulinarisches Erlebnis auf der Basis lokaler Produkte mit einem modernen Touch bietet.<\/li>\n\n<li><strong>Mercado Gastron\u00f3mico San Juan<\/strong>: Ein idealer Ort, um Tapas, frische Meeresfr\u00fcchte und internationale Gerichte zu kosten.<\/li>\n\n<li><strong>Adri\u00e1n Quetglas<\/strong>: Kreative K\u00fcche mit internationalen Einfl\u00fcssen, ideal, wenn Sie nach einem einzigartigen gastronomischen Erlebnis suchen.<\/li>\n<\/ul>\n<p> <\/p>\n\n<h2 class=\"wp-block-heading\">Palma de Mallorca, ein unvergessliches Reiseziel<\/h2>\n\n<p>Wir hoffen, dass diese umfangreiche Liste von Sehensw\u00fcrdigkeiten auf Mallorca und insbesondere in seiner Hauptstadt Palma f\u00fcr Sie interessant war. <strong>Nun m\u00fcssen Sie nur noch die Reise planen<\/strong> und&#8230; sich auf das Abenteuer einlassen!<\/p>\n\n<p>Damit jedoch alles gut verl\u00e4uft, m\u00fcssen Sie zun\u00e4chst eine Unterkunft w\u00e4hlen, die zu Ihrer Reise passt. <strong>Kontaktieren Sie uns, um Ihre Unterkunft auf Mallorca<\/strong> und in den umliegenden D\u00f6rfern zum besten Preis und mit allen Annehmlichkeiten zu buchen. <\/p>\n\t\t\t\t\t\t\t\t<\/div>\n\t\t\t\t<\/div>\n\t\t\t\t\t<\/div>\n\t\t\t\t<\/div>\n\t\t<div class=\"elementor-element elementor-element-0c08ba9 e-flex e-con-boxed e-con e-parent\" data-id=\"0c08ba9\" data-element_type=\"container\" data-e-type=\"container\">\n\t\t\t\t\t<div class=\"e-con-inner\">\n\t\t<div class=\"elementor-element elementor-element-9bddd93 e-con-full e-flex e-con e-child\" data-id=\"9bddd93\" data-element_type=\"container\" data-e-type=\"container\">\n\t\t\t\t<div class=\"elementor-element elementor-element-78b345b elementor-widget__width-initial elementor-widget elementor-widget-grid\" data-id=\"78b345b\" data-element_type=\"widget\" data-e-type=\"widget\" data-widget_type=\"grid.default\">\n\t\t\t\t<div class=\"elementor-widget-container\">\n\t\t\t\t\t\t\t<div class=\"its--row alojamientos-recomendados\">\n\n\t\t\t<div class=\"alojamientos-recomendados-container\">\n\n\t\t\t\t\t\n\t\t\t\t\t<a href=\"https:\/\/rentallorca.com\/de\/vermietung\/finca-alaro-b0016-finca-banyols-441592.html\" rel=\"nofollow\" style=\"width: 32%;\">\n\t\t\t\t\t\t<div class=\"apartamento-box\">\n\t\t\t\t\t\t\t<div class=\"imagen_recomendados\">\n\t\t\t\t\t\t\t\t<img decoding=\"async\" src=\"https:\/\/crs.avantio.com\/fotos\/2\/1691578775369725f8414de53dff2da60186fdd1cf\/big1719984844b5927feb4c6651fe17da03ec04eb2904.jpg\" alt=\"Banyols by Rentallorca\">\n\t\t\t\t\t\t\t<\/div>\n\t\t\t\t\t\t\t<div class=\"info\">\n\t\t\t\t\t\t\t\t<div class=\"ubicacion\">\n\t\t\t\t\t\t\t\t\t<i class=\"fa-solid fa-location-dot icono-mapa\"><\/i><span class=\"ubicacion-texto\">Alaro - Mallorca<\/span>\n\t\t\t\t\t\t\t\t<\/div>\n\t\t\t\t\t\t\t\t<H4 class=\"titulo-alojamiento\">\n\t\t\t\t\t\t\t\t\tBanyols by Rentallorca\t\t\t\t\t\t\t\t<\/H4>\n\t\t\t\t\t\t\t\t<p class=\"precio-alojamiento\">Aus <span class=\"precio\">168.72\u20ac<\/span> pro Nacht<\/p>\n\t\t\t\t\t\t\t<\/div>\n\t\t\t\t\t\t<\/div>\n\t\t\t\t\t<\/a> \n\t\t\t\t\t\t\n\t\t\t\t\t<a href=\"https:\/\/rentallorca.com\/de\/vermietung\/ferienhaus-llucmajor-a0006-casa-ropit-can-caldero-441606.html\" rel=\"nofollow\" style=\"width: 32%;\">\n\t\t\t\t\t\t<div class=\"apartamento-box\">\n\t\t\t\t\t\t\t<div class=\"imagen_recomendados\">\n\t\t\t\t\t\t\t\t<img decoding=\"async\" src=\"https:\/\/crs.avantio.com\/fotos\/2\/169157990262bffdac4d9a149d0599dfa1a805206c\/big1756192571975c15681380a008567f6b31704f3159.jpg\" alt=\"Can Caldero by Rentallorca\">\n\t\t\t\t\t\t\t<\/div>\n\t\t\t\t\t\t\t<div class=\"info\">\n\t\t\t\t\t\t\t\t<div class=\"ubicacion\">\n\t\t\t\t\t\t\t\t\t<i class=\"fa-solid fa-location-dot icono-mapa\"><\/i><span class=\"ubicacion-texto\">LLucmajor - Mallorca<\/span>\n\t\t\t\t\t\t\t\t<\/div>\n\t\t\t\t\t\t\t\t<H4 class=\"titulo-alojamiento\">\n\t\t\t\t\t\t\t\t\tCan Caldero by Rentallorca\t\t\t\t\t\t\t\t<\/H4>\n\t\t\t\t\t\t\t\t<p class=\"precio-alojamiento\">Aus <span class=\"precio\">228.00\u20ac<\/span> pro Nacht<\/p>\n\t\t\t\t\t\t\t<\/div>\n\t\t\t\t\t\t<\/div>\n\t\t\t\t\t<\/a> \n\t\t\t\t\t\t\n\t\t\t\t\t<a href=\"https:\/\/rentallorca.com\/de\/vermietung\/finca-montuiri-d0001-s-hostalet-453119.html\" rel=\"nofollow\" style=\"width: 32%;\">\n\t\t\t\t\t\t<div class=\"apartamento-box\">\n\t\t\t\t\t\t\t<div class=\"imagen_recomendados\">\n\t\t\t\t\t\t\t\t<img decoding=\"async\" src=\"https:\/\/crs.avantio.com\/fotos\/2\/170006619900e2486123c06697db3b4dfbc0840ca6\/big170006625801a66d026b6a83e5b10bd92e3d7090aa.jpg\" alt=\"S'Hostalet by Rentallorca\">\n\t\t\t\t\t\t\t<\/div>\n\t\t\t\t\t\t\t<div class=\"info\">\n\t\t\t\t\t\t\t\t<div class=\"ubicacion\">\n\t\t\t\t\t\t\t\t\t<i class=\"fa-solid fa-location-dot icono-mapa\"><\/i><span class=\"ubicacion-texto\">Montu\u00efri - Mallorca<\/span>\n\t\t\t\t\t\t\t\t<\/div>\n\t\t\t\t\t\t\t\t<H4 class=\"titulo-alojamiento\">\n\t\t\t\t\t\t\t\t\tS'Hostalet by Rentallorca\t\t\t\t\t\t\t\t<\/H4>\n\t\t\t\t\t\t\t\t<p class=\"precio-alojamiento\">Aus <span class=\"precio\">139.08\u20ac<\/span> pro Nacht<\/p>\n\t\t\t\t\t\t\t<\/div>\n\t\t\t\t\t\t<\/div>\n\t\t\t\t\t<\/a> \n\t\t\t\t\t\t\t\t<\/div>\n\t\t\t<\/div>\n\t\t\t\t\t\t<\/div>\n\t\t\t\t<\/div>\n\t\t\t\t<\/div>\n\t\t\t\t\t<\/div>\n\t\t\t\t<\/div>\n\t\t<div class=\"elementor-element elementor-element-504c3690 e-flex e-con-boxed e-con e-parent\" data-id=\"504c3690\" data-element_type=\"container\" data-e-type=\"container\">\n\t\t\t\t\t<div class=\"e-con-inner\">\n\t\t\t\t<div class=\"elementor-element elementor-element-38e28aab elementor-widget elementor-widget-shortcode\" data-id=\"38e28aab\" data-element_type=\"widget\" data-e-type=\"widget\" data-widget_type=\"shortcode.default\">\n\t\t\t\t<div class=\"elementor-widget-container\">\n\t\t\t\t\t\t\t<div class=\"elementor-shortcode\">\t\t<div data-elementor-type=\"page\" data-elementor-id=\"271\" class=\"elementor elementor-271 elementor-170 elementor-170\" data-elementor-post-type=\"elementor_library\">\n\t\t\t\t<div class=\"elementor-element elementor-element-16c5e22 e-flex e-con-boxed e-con e-parent\" data-id=\"16c5e22\" data-element_type=\"container\" data-e-type=\"container\">\n\t\t\t\t\t<div class=\"e-con-inner\">\n\t\t<div class=\"elementor-element elementor-element-ac67807 e-con-full e-flex e-con e-child\" data-id=\"ac67807\" data-element_type=\"container\" data-e-type=\"container\">\n\t\t\t\t<div class=\"elementor-element elementor-element-2ab04b2 elementor-align-justify elementor-widget elementor-widget-button\" data-id=\"2ab04b2\" data-element_type=\"widget\" data-e-type=\"widget\" data-widget_type=\"button.default\">\n\t\t\t\t<div class=\"elementor-widget-container\">\n\t\t\t\t\t\t\t\t\t<div class=\"elementor-button-wrapper\">\n\t\t\t\t\t<a class=\"elementor-button elementor-button-link elementor-size-sm\" href=\"https:\/\/rentallorca.com\/de\/vermietung\/vermietungen-mallorca-e21\/\">\n\t\t\t\t\t\t<span class=\"elementor-button-content-wrapper\">\n\t\t\t\t\t\t\t\t\t<span class=\"elementor-button-text\">Unterk\u00fcnfte in  Mallorca<\/span>\n\t\t\t\t\t<\/span>\n\t\t\t\t\t<\/a>\n\t\t\t\t<\/div>\n\t\t\t\t\t\t\t\t<\/div>\n\t\t\t\t<\/div>\n\t\t\t\t<\/div>\n\t\t<div class=\"elementor-element elementor-element-6bea3dd e-con-full e-flex e-con e-child\" data-id=\"6bea3dd\" data-element_type=\"container\" data-e-type=\"container\">\n\t\t\t\t<div class=\"elementor-element elementor-element-ff8a437 elementor-align-justify elementor-widget elementor-widget-button\" data-id=\"ff8a437\" data-element_type=\"widget\" data-e-type=\"widget\" data-widget_type=\"button.default\">\n\t\t\t\t<div class=\"elementor-widget-container\">\n\t\t\t\t\t\t\t\t\t<div class=\"elementor-button-wrapper\">\n\t\t\t\t\t<a class=\"elementor-button elementor-button-link elementor-size-sm\" href=\"https:\/\/rentallorca.com\/de\/vermietung\/ferienwohnungen-mallorca-c1e21\/\">\n\t\t\t\t\t\t<span class=\"elementor-button-content-wrapper\">\n\t\t\t\t\t\t\t\t\t<span class=\"elementor-button-text\">Wohnungen in Mallorca<\/span>\n\t\t\t\t\t<\/span>\n\t\t\t\t\t<\/a>\n\t\t\t\t<\/div>\n\t\t\t\t\t\t\t\t<\/div>\n\t\t\t\t<\/div>\n\t\t\t\t<\/div>\n\t\t<div class=\"elementor-element elementor-element-d557a64 e-con-full e-flex e-con e-child\" data-id=\"d557a64\" data-element_type=\"container\" data-e-type=\"container\">\n\t\t\t\t<div class=\"elementor-element elementor-element-4421fc4 elementor-align-justify elementor-widget elementor-widget-button\" data-id=\"4421fc4\" data-element_type=\"widget\" data-e-type=\"widget\" data-widget_type=\"button.default\">\n\t\t\t\t<div class=\"elementor-widget-container\">\n\t\t\t\t\t\t\t\t\t<div class=\"elementor-button-wrapper\">\n\t\t\t\t\t<a class=\"elementor-button elementor-button-link elementor-size-sm\" href=\"https:\/\/rentallorca.com\/de\/vermietung\/ferienhauser-alcudia-c19d1098\/\">\n\t\t\t\t\t\t<span class=\"elementor-button-content-wrapper\">\n\t\t\t\t\t\t\t\t\t<span class=\"elementor-button-text\">H\u00e4user in Mallorca<\/span>\n\t\t\t\t\t<\/span>\n\t\t\t\t\t<\/a>\n\t\t\t\t<\/div>\n\t\t\t\t\t\t\t\t<\/div>\n\t\t\t\t<\/div>\n\t\t\t\t<\/div>\n\t\t<div class=\"elementor-element elementor-element-995a361 e-con-full e-flex e-con e-child\" data-id=\"995a361\" data-element_type=\"container\" data-e-type=\"container\">\n\t\t\t\t<div class=\"elementor-element elementor-element-e6addd0 elementor-align-justify elementor-widget elementor-widget-button\" data-id=\"e6addd0\" data-element_type=\"widget\" data-e-type=\"widget\" data-widget_type=\"button.default\">\n\t\t\t\t<div class=\"elementor-widget-container\">\n\t\t\t\t\t\t\t\t\t<div class=\"elementor-button-wrapper\">\n\t\t\t\t\t<a class=\"elementor-button elementor-button-link elementor-size-sm\" href=\"https:\/\/rentallorca.com\/de\/vermietung\/fincas-mallorca-c22e21\/\">\n\t\t\t\t\t\t<span class=\"elementor-button-content-wrapper\">\n\t\t\t\t\t\t\t\t\t<span class=\"elementor-button-text\">Bauernh\u00f6fe in Mallorca<\/span>\n\t\t\t\t\t<\/span>\n\t\t\t\t\t<\/a>\n\t\t\t\t<\/div>\n\t\t\t\t\t\t\t\t<\/div>\n\t\t\t\t<\/div>\n\t\t\t\t<\/div>\n\t\t\t\t\t<\/div>\n\t\t\t\t<\/div>\n\t\t\t\t<\/div>\n\t\t<\/div>\n\t\t\t\t\t\t<\/div>\n\t\t\t\t<\/div>\n\t\t\t\t\t<\/div>\n\t\t\t\t<\/div>\n\t\t\t\t<\/div>\n\t\t","protected":false},"excerpt":{"rendered":"<p>Wir sind uns durchaus bewusst, dass 3 Tage eine recht kurze Zeit sind, um einen Ort tiefgr\u00fcndig kennenzulernen. Und dies gilt umso mehr f\u00fcr einen so sch\u00f6nen und vielf\u00e4ltigen Ort wie Palma. Bei Rentallorca m\u00f6chten wir jedoch das scheinbar Unm\u00f6gliche m\u00f6glich machen, daher haben wir diesen kleinen Reisef\u00fchrer f\u00fcr Sie zusammengestellt. Im Folgenden pr\u00e4sentieren wir [&hellip;]<\/p>\n","protected":false},"author":3,"featured_media":599,"comment_status":"open","ping_status":"open","sticky":false,"template":"","format":"standard","meta":{"footnotes":""},"categories":[33],"tags":[],"class_list":["post-679","post","type-post","status-publish","format-standard","has-post-thumbnail","hentry","category-reiseziele"],"yoast_head":"<!-- This site is optimized with the Yoast SEO plugin v27.5 - https:\/\/yoast.com\/product\/yoast-seo-wordpress\/ -->\n<title>Sehenswurdigkeiten in Palma de Mallorca - Blog<\/title>\n<meta name=\"description\" content=\"Entdecken Sie, was es in Palma de Mallorca in drei Tagen zu sehen gibt. Erleben Sie die beeindruckendsten Monumente und Landschaften.\" \/>\n<meta name=\"robots\" content=\"index, follow, max-snippet:-1, max-image-preview:large, max-video-preview:-1\" \/>\n<link rel=\"canonical\" href=\"https:\/\/rentallorca.com\/blog\/de\/sehenswurdigkeiten-palma-de-mallorca\/\" \/>\n<meta property=\"og:locale\" content=\"de_DE\" \/>\n<meta property=\"og:type\" content=\"article\" \/>\n<meta property=\"og:title\" content=\"Sehenswurdigkeiten in Palma de Mallorca - Blog\" \/>\n<meta property=\"og:description\" content=\"Entdecken Sie, was es in Palma de Mallorca in drei Tagen zu sehen gibt. Erleben Sie die beeindruckendsten Monumente und Landschaften.\" \/>\n<meta property=\"og:url\" content=\"https:\/\/rentallorca.com\/blog\/de\/sehenswurdigkeiten-palma-de-mallorca\/\" \/>\n<meta property=\"og:site_name\" content=\"Blog\" \/>\n<meta property=\"article:published_time\" content=\"2025-02-10T15:33:58+00:00\" \/>\n<meta property=\"article:modified_time\" content=\"2025-07-17T07:13:11+00:00\" \/>\n<meta property=\"og:image\" content=\"https:\/\/rentallorca.com\/blog\/wp-content\/uploads\/2025\/02\/Mallorca-en-3-dias.jpg\" \/>\n\t<meta property=\"og:image:width\" content=\"2120\" \/>\n\t<meta property=\"og:image:height\" content=\"707\" \/>\n\t<meta property=\"og:image:type\" content=\"image\/jpeg\" \/>\n<meta name=\"author\" content=\"Axel\" \/>\n<meta name=\"twitter:card\" content=\"summary_large_image\" \/>\n<meta name=\"twitter:label1\" content=\"Written by\" \/>\n\t<meta name=\"twitter:data1\" content=\"Axel\" \/>\n\t<meta name=\"twitter:label2\" content=\"Est. reading time\" \/>\n\t<meta name=\"twitter:data2\" content=\"8 minutes\" \/>\n<script type=\"application\/ld+json\" class=\"yoast-schema-graph\">{\"@context\":\"https:\\\/\\\/schema.org\",\"@graph\":[{\"@type\":\"Article\",\"@id\":\"https:\\\/\\\/rentallorca.com\\\/blog\\\/de\\\/sehenswurdigkeiten-palma-de-mallorca\\\/#article\",\"isPartOf\":{\"@id\":\"https:\\\/\\\/rentallorca.com\\\/blog\\\/de\\\/sehenswurdigkeiten-palma-de-mallorca\\\/\"},\"author\":{\"name\":\"Axel\",\"@id\":\"https:\\\/\\\/rentallorca.com\\\/blog\\\/de\\\/#\\\/schema\\\/person\\\/8c5ebe5bf8d43e9757ab6869e1d4cbe4\"},\"headline\":\"Haben Sie 3 freie Tage? Wir informieren Sie \u00fcber die Sehensw\u00fcrdigkeiten in Palma de Mallorca\",\"datePublished\":\"2025-02-10T15:33:58+00:00\",\"dateModified\":\"2025-07-17T07:13:11+00:00\",\"mainEntityOfPage\":{\"@id\":\"https:\\\/\\\/rentallorca.com\\\/blog\\\/de\\\/sehenswurdigkeiten-palma-de-mallorca\\\/\"},\"wordCount\":1151,\"commentCount\":0,\"image\":{\"@id\":\"https:\\\/\\\/rentallorca.com\\\/blog\\\/de\\\/sehenswurdigkeiten-palma-de-mallorca\\\/#primaryimage\"},\"thumbnailUrl\":\"https:\\\/\\\/rentallorca.com\\\/blog\\\/wp-content\\\/uploads\\\/2025\\\/02\\\/Mallorca-en-3-dias.jpg\",\"articleSection\":[\"Reiseziele\"],\"inLanguage\":\"de\",\"potentialAction\":[{\"@type\":\"CommentAction\",\"name\":\"Comment\",\"target\":[\"https:\\\/\\\/rentallorca.com\\\/blog\\\/de\\\/sehenswurdigkeiten-palma-de-mallorca\\\/#respond\"]}]},{\"@type\":\"WebPage\",\"@id\":\"https:\\\/\\\/rentallorca.com\\\/blog\\\/de\\\/sehenswurdigkeiten-palma-de-mallorca\\\/\",\"url\":\"https:\\\/\\\/rentallorca.com\\\/blog\\\/de\\\/sehenswurdigkeiten-palma-de-mallorca\\\/\",\"name\":\"Sehenswurdigkeiten in Palma de Mallorca - Blog\",\"isPartOf\":{\"@id\":\"https:\\\/\\\/rentallorca.com\\\/blog\\\/de\\\/#website\"},\"primaryImageOfPage\":{\"@id\":\"https:\\\/\\\/rentallorca.com\\\/blog\\\/de\\\/sehenswurdigkeiten-palma-de-mallorca\\\/#primaryimage\"},\"image\":{\"@id\":\"https:\\\/\\\/rentallorca.com\\\/blog\\\/de\\\/sehenswurdigkeiten-palma-de-mallorca\\\/#primaryimage\"},\"thumbnailUrl\":\"https:\\\/\\\/rentallorca.com\\\/blog\\\/wp-content\\\/uploads\\\/2025\\\/02\\\/Mallorca-en-3-dias.jpg\",\"datePublished\":\"2025-02-10T15:33:58+00:00\",\"dateModified\":\"2025-07-17T07:13:11+00:00\",\"author\":{\"@id\":\"https:\\\/\\\/rentallorca.com\\\/blog\\\/de\\\/#\\\/schema\\\/person\\\/8c5ebe5bf8d43e9757ab6869e1d4cbe4\"},\"description\":\"Entdecken Sie, was es in Palma de Mallorca in drei Tagen zu sehen gibt. Erleben Sie die beeindruckendsten Monumente und Landschaften.\",\"breadcrumb\":{\"@id\":\"https:\\\/\\\/rentallorca.com\\\/blog\\\/de\\\/sehenswurdigkeiten-palma-de-mallorca\\\/#breadcrumb\"},\"inLanguage\":\"de\",\"potentialAction\":[{\"@type\":\"ReadAction\",\"target\":[\"https:\\\/\\\/rentallorca.com\\\/blog\\\/de\\\/sehenswurdigkeiten-palma-de-mallorca\\\/\"]}]},{\"@type\":\"ImageObject\",\"inLanguage\":\"de\",\"@id\":\"https:\\\/\\\/rentallorca.com\\\/blog\\\/de\\\/sehenswurdigkeiten-palma-de-mallorca\\\/#primaryimage\",\"url\":\"https:\\\/\\\/rentallorca.com\\\/blog\\\/wp-content\\\/uploads\\\/2025\\\/02\\\/Mallorca-en-3-dias.jpg\",\"contentUrl\":\"https:\\\/\\\/rentallorca.com\\\/blog\\\/wp-content\\\/uploads\\\/2025\\\/02\\\/Mallorca-en-3-dias.jpg\",\"width\":2120,\"height\":707,\"caption\":\"Rear view of a woman with a straw hat while she's admiring the Cathedral de Santa Mar\u00eda de Palma de Mallorca at sunset. The Cathedral reflects in the water.\"},{\"@type\":\"BreadcrumbList\",\"@id\":\"https:\\\/\\\/rentallorca.com\\\/blog\\\/de\\\/sehenswurdigkeiten-palma-de-mallorca\\\/#breadcrumb\",\"itemListElement\":[{\"@type\":\"ListItem\",\"position\":1,\"name\":\"Home\",\"item\":\"https:\\\/\\\/rentallorca.com\\\/blog\\\/de\\\/\"},{\"@type\":\"ListItem\",\"position\":2,\"name\":\"Haben Sie 3 freie Tage? Wir informieren Sie \u00fcber die Sehensw\u00fcrdigkeiten in Palma de Mallorca\"}]},{\"@type\":\"WebSite\",\"@id\":\"https:\\\/\\\/rentallorca.com\\\/blog\\\/de\\\/#website\",\"url\":\"https:\\\/\\\/rentallorca.com\\\/blog\\\/de\\\/\",\"name\":\"Blog\",\"description\":\"Rentallorca\",\"potentialAction\":[{\"@type\":\"SearchAction\",\"target\":{\"@type\":\"EntryPoint\",\"urlTemplate\":\"https:\\\/\\\/rentallorca.com\\\/blog\\\/de\\\/?s={search_term_string}\"},\"query-input\":{\"@type\":\"PropertyValueSpecification\",\"valueRequired\":true,\"valueName\":\"search_term_string\"}}],\"inLanguage\":\"de\"},{\"@type\":\"Person\",\"@id\":\"https:\\\/\\\/rentallorca.com\\\/blog\\\/de\\\/#\\\/schema\\\/person\\\/8c5ebe5bf8d43e9757ab6869e1d4cbe4\",\"name\":\"Axel\",\"image\":{\"@type\":\"ImageObject\",\"inLanguage\":\"de\",\"@id\":\"https:\\\/\\\/secure.gravatar.com\\\/avatar\\\/3bd706736e5b70f21f05f6c2d5cad746767782a4ba4b7df399c5969e2a9318fd?s=96&d=mm&r=g\",\"url\":\"https:\\\/\\\/secure.gravatar.com\\\/avatar\\\/3bd706736e5b70f21f05f6c2d5cad746767782a4ba4b7df399c5969e2a9318fd?s=96&d=mm&r=g\",\"contentUrl\":\"https:\\\/\\\/secure.gravatar.com\\\/avatar\\\/3bd706736e5b70f21f05f6c2d5cad746767782a4ba4b7df399c5969e2a9318fd?s=96&d=mm&r=g\",\"caption\":\"Axel\"},\"url\":\"https:\\\/\\\/rentallorca.com\\\/blog\\\/de\\\/author\\\/axel\\\/\"}]}<\/script>\n<!-- \/ Yoast SEO plugin. -->","yoast_head_json":{"title":"Sehenswurdigkeiten in Palma de Mallorca - Blog","description":"Entdecken Sie, was es in Palma de Mallorca in drei Tagen zu sehen gibt. Erleben Sie die beeindruckendsten Monumente und Landschaften.","robots":{"index":"index","follow":"follow","max-snippet":"max-snippet:-1","max-image-preview":"max-image-preview:large","max-video-preview":"max-video-preview:-1"},"canonical":"https:\/\/rentallorca.com\/blog\/de\/sehenswurdigkeiten-palma-de-mallorca\/","og_locale":"de_DE","og_type":"article","og_title":"Sehenswurdigkeiten in Palma de Mallorca - Blog","og_description":"Entdecken Sie, was es in Palma de Mallorca in drei Tagen zu sehen gibt. Erleben Sie die beeindruckendsten Monumente und Landschaften.","og_url":"https:\/\/rentallorca.com\/blog\/de\/sehenswurdigkeiten-palma-de-mallorca\/","og_site_name":"Blog","article_published_time":"2025-02-10T15:33:58+00:00","article_modified_time":"2025-07-17T07:13:11+00:00","og_image":[{"width":2120,"height":707,"url":"https:\/\/rentallorca.com\/blog\/wp-content\/uploads\/2025\/02\/Mallorca-en-3-dias.jpg","type":"image\/jpeg"}],"author":"Axel","twitter_card":"summary_large_image","twitter_misc":{"Written by":"Axel","Est. reading time":"8 minutes"},"schema":{"@context":"https:\/\/schema.org","@graph":[{"@type":"Article","@id":"https:\/\/rentallorca.com\/blog\/de\/sehenswurdigkeiten-palma-de-mallorca\/#article","isPartOf":{"@id":"https:\/\/rentallorca.com\/blog\/de\/sehenswurdigkeiten-palma-de-mallorca\/"},"author":{"name":"Axel","@id":"https:\/\/rentallorca.com\/blog\/de\/#\/schema\/person\/8c5ebe5bf8d43e9757ab6869e1d4cbe4"},"headline":"Haben Sie 3 freie Tage? Wir informieren Sie \u00fcber die Sehensw\u00fcrdigkeiten in Palma de Mallorca","datePublished":"2025-02-10T15:33:58+00:00","dateModified":"2025-07-17T07:13:11+00:00","mainEntityOfPage":{"@id":"https:\/\/rentallorca.com\/blog\/de\/sehenswurdigkeiten-palma-de-mallorca\/"},"wordCount":1151,"commentCount":0,"image":{"@id":"https:\/\/rentallorca.com\/blog\/de\/sehenswurdigkeiten-palma-de-mallorca\/#primaryimage"},"thumbnailUrl":"https:\/\/rentallorca.com\/blog\/wp-content\/uploads\/2025\/02\/Mallorca-en-3-dias.jpg","articleSection":["Reiseziele"],"inLanguage":"de","potentialAction":[{"@type":"CommentAction","name":"Comment","target":["https:\/\/rentallorca.com\/blog\/de\/sehenswurdigkeiten-palma-de-mallorca\/#respond"]}]},{"@type":"WebPage","@id":"https:\/\/rentallorca.com\/blog\/de\/sehenswurdigkeiten-palma-de-mallorca\/","url":"https:\/\/rentallorca.com\/blog\/de\/sehenswurdigkeiten-palma-de-mallorca\/","name":"Sehenswurdigkeiten in Palma de Mallorca - Blog","isPartOf":{"@id":"https:\/\/rentallorca.com\/blog\/de\/#website"},"primaryImageOfPage":{"@id":"https:\/\/rentallorca.com\/blog\/de\/sehenswurdigkeiten-palma-de-mallorca\/#primaryimage"},"image":{"@id":"https:\/\/rentallorca.com\/blog\/de\/sehenswurdigkeiten-palma-de-mallorca\/#primaryimage"},"thumbnailUrl":"https:\/\/rentallorca.com\/blog\/wp-content\/uploads\/2025\/02\/Mallorca-en-3-dias.jpg","datePublished":"2025-02-10T15:33:58+00:00","dateModified":"2025-07-17T07:13:11+00:00","author":{"@id":"https:\/\/rentallorca.com\/blog\/de\/#\/schema\/person\/8c5ebe5bf8d43e9757ab6869e1d4cbe4"},"description":"Entdecken Sie, was es in Palma de Mallorca in drei Tagen zu sehen gibt. Erleben Sie die beeindruckendsten Monumente und Landschaften.","breadcrumb":{"@id":"https:\/\/rentallorca.com\/blog\/de\/sehenswurdigkeiten-palma-de-mallorca\/#breadcrumb"},"inLanguage":"de","potentialAction":[{"@type":"ReadAction","target":["https:\/\/rentallorca.com\/blog\/de\/sehenswurdigkeiten-palma-de-mallorca\/"]}]},{"@type":"ImageObject","inLanguage":"de","@id":"https:\/\/rentallorca.com\/blog\/de\/sehenswurdigkeiten-palma-de-mallorca\/#primaryimage","url":"https:\/\/rentallorca.com\/blog\/wp-content\/uploads\/2025\/02\/Mallorca-en-3-dias.jpg","contentUrl":"https:\/\/rentallorca.com\/blog\/wp-content\/uploads\/2025\/02\/Mallorca-en-3-dias.jpg","width":2120,"height":707,"caption":"Rear view of a woman with a straw hat while she's admiring the Cathedral de Santa Mar\u00eda de Palma de Mallorca at sunset. The Cathedral reflects in the water."},{"@type":"BreadcrumbList","@id":"https:\/\/rentallorca.com\/blog\/de\/sehenswurdigkeiten-palma-de-mallorca\/#breadcrumb","itemListElement":[{"@type":"ListItem","position":1,"name":"Home","item":"https:\/\/rentallorca.com\/blog\/de\/"},{"@type":"ListItem","position":2,"name":"Haben Sie 3 freie Tage? Wir informieren Sie \u00fcber die Sehensw\u00fcrdigkeiten in Palma de Mallorca"}]},{"@type":"WebSite","@id":"https:\/\/rentallorca.com\/blog\/de\/#website","url":"https:\/\/rentallorca.com\/blog\/de\/","name":"Blog","description":"Rentallorca","potentialAction":[{"@type":"SearchAction","target":{"@type":"EntryPoint","urlTemplate":"https:\/\/rentallorca.com\/blog\/de\/?s={search_term_string}"},"query-input":{"@type":"PropertyValueSpecification","valueRequired":true,"valueName":"search_term_string"}}],"inLanguage":"de"},{"@type":"Person","@id":"https:\/\/rentallorca.com\/blog\/de\/#\/schema\/person\/8c5ebe5bf8d43e9757ab6869e1d4cbe4","name":"Axel","image":{"@type":"ImageObject","inLanguage":"de","@id":"https:\/\/secure.gravatar.com\/avatar\/3bd706736e5b70f21f05f6c2d5cad746767782a4ba4b7df399c5969e2a9318fd?s=96&d=mm&r=g","url":"https:\/\/secure.gravatar.com\/avatar\/3bd706736e5b70f21f05f6c2d5cad746767782a4ba4b7df399c5969e2a9318fd?s=96&d=mm&r=g","contentUrl":"https:\/\/secure.gravatar.com\/avatar\/3bd706736e5b70f21f05f6c2d5cad746767782a4ba4b7df399c5969e2a9318fd?s=96&d=mm&r=g","caption":"Axel"},"url":"https:\/\/rentallorca.com\/blog\/de\/author\/axel\/"}]}},"_links":{"self":[{"href":"https:\/\/rentallorca.com\/blog\/de\/wp-json\/wp\/v2\/posts\/679","targetHints":{"allow":["GET"]}}],"collection":[{"href":"https:\/\/rentallorca.com\/blog\/de\/wp-json\/wp\/v2\/posts"}],"about":[{"href":"https:\/\/rentallorca.com\/blog\/de\/wp-json\/wp\/v2\/types\/post"}],"author":[{"embeddable":true,"href":"https:\/\/rentallorca.com\/blog\/de\/wp-json\/wp\/v2\/users\/3"}],"replies":[{"embeddable":true,"href":"https:\/\/rentallorca.com\/blog\/de\/wp-json\/wp\/v2\/comments?post=679"}],"version-history":[{"count":4,"href":"https:\/\/rentallorca.com\/blog\/de\/wp-json\/wp\/v2\/posts\/679\/revisions"}],"predecessor-version":[{"id":689,"href":"https:\/\/rentallorca.com\/blog\/de\/wp-json\/wp\/v2\/posts\/679\/revisions\/689"}],"wp:featuredmedia":[{"embeddable":true,"href":"https:\/\/rentallorca.com\/blog\/de\/wp-json\/wp\/v2\/media\/599"}],"wp:attachment":[{"href":"https:\/\/rentallorca.com\/blog\/de\/wp-json\/wp\/v2\/media?parent=679"}],"wp:term":[{"taxonomy":"category","embeddable":true,"href":"https:\/\/rentallorca.com\/blog\/de\/wp-json\/wp\/v2\/categories?post=679"},{"taxonomy":"post_tag","embeddable":true,"href":"https:\/\/rentallorca.com\/blog\/de\/wp-json\/wp\/v2\/tags?post=679"}],"curies":[{"name":"wp","href":"https:\/\/api.w.org\/{rel}","templated":true}]}}