{"id":570,"date":"2025-02-06T09:04:43","date_gmt":"2025-02-06T09:04:43","guid":{"rendered":"https:\/\/rentallorca.com\/blog\/?p=570"},"modified":"2025-09-17T15:43:43","modified_gmt":"2025-09-17T15:43:43","slug":"planung-fur-deinen-perfekten-alcudia-urlaub","status":"publish","type":"post","link":"https:\/\/rentallorca.com\/blog\/de\/planung-fur-deinen-perfekten-alcudia-urlaub\/","title":{"rendered":"Planung f\u00fcr deinen perfekten Alcudia Urlaub"},"content":{"rendered":"\t\t<div data-elementor-type=\"wp-post\" data-elementor-id=\"570\" class=\"elementor elementor-570 elementor-390\" data-elementor-post-type=\"post\">\n\t\t\t\t<div class=\"elementor-element elementor-element-2ea7530 e-flex e-con-boxed e-con e-parent\" data-id=\"2ea7530\" data-element_type=\"container\" data-e-type=\"container\">\n\t\t\t\t\t<div class=\"e-con-inner\">\n\t\t\t\t<div class=\"elementor-element elementor-element-6604d17 elementor-widget elementor-widget-heading\" data-id=\"6604d17\" data-element_type=\"widget\" data-e-type=\"widget\" data-widget_type=\"heading.default\">\n\t\t\t\t<div class=\"elementor-widget-container\">\n\t\t\t\t\t<h1 class=\"elementor-heading-title elementor-size-default\">Planung f\u00fcr deinen perfekten Alcudia Urlaub<\/h1>\t\t\t\t<\/div>\n\t\t\t\t<\/div>\n\t\t\t\t\t<\/div>\n\t\t\t\t<\/div>\n\t\t<div class=\"elementor-element elementor-element-84ba950 e-flex e-con-boxed e-con e-parent\" data-id=\"84ba950\" data-element_type=\"container\" data-e-type=\"container\">\n\t\t\t\t\t<div class=\"e-con-inner\">\n\t\t\t\t<div class=\"elementor-element elementor-element-7dd9802 elementor-widget elementor-widget-heading\" data-id=\"7dd9802\" data-element_type=\"widget\" data-e-type=\"widget\" data-widget_type=\"heading.default\">\n\t\t\t\t<div class=\"elementor-widget-container\">\n\t\t\t\t\t<p class=\"elementor-heading-title elementor-size-default\">Wann hinfahren, was unternehmen und wo \u00fcbernachten?<\/p>\t\t\t\t<\/div>\n\t\t\t\t<\/div>\n\t\t\t\t\t<\/div>\n\t\t\t\t<\/div>\n\t\t<div class=\"elementor-element elementor-element-460770e e-flex e-con-boxed e-con e-parent\" data-id=\"460770e\" data-element_type=\"container\" data-e-type=\"container\">\n\t\t\t\t\t<div class=\"e-con-inner\">\n\t\t\t\t<div class=\"elementor-element elementor-element-d5bbae7 elementor-widget elementor-widget-text-editor\" data-id=\"d5bbae7\" data-element_type=\"widget\" data-e-type=\"widget\" data-widget_type=\"text-editor.default\">\n\t\t\t\t<div class=\"elementor-widget-container\">\n\t\t\t\t\t\t\t\t\t<p>Planst du einen Alcudia Urlaub? Diese idyllische Ecke Mallorcas vereint Str\u00e4nde, Geschichte und ein lebendiges lokales Flair, das Besucher anzieht. In diesem praktischen Leitfaden findest du hilfreiche Informationen dar\u00fcber, wann die beste Reisezeit ist, was du unternehmen kannst und wo du \u00fcbernachten solltest. Mach dich bereit, deinen Urlaub in Alcudia in vollen Z\u00fcgen zu genie\u00dfen!   <\/p>\n\t\t\t\t\t\t\t\t<\/div>\n\t\t\t\t<\/div>\n\t\t\t\t\t<\/div>\n\t\t\t\t<\/div>\n\t\t<div class=\"elementor-element elementor-element-c369909 elementor-hidden-mobile e-flex e-con-boxed e-con e-parent\" data-id=\"c369909\" data-element_type=\"container\" data-e-type=\"container\">\n\t\t\t\t\t<div class=\"e-con-inner\">\n\t\t<div class=\"elementor-element elementor-element-68da8cf e-con-full e-flex e-con e-child\" data-id=\"68da8cf\" data-element_type=\"container\" data-e-type=\"container\">\n\t\t\t\t<\/div>\n\t\t<div class=\"elementor-element elementor-element-05e5d03 e-con-full e-flex e-con e-child\" data-id=\"05e5d03\" data-element_type=\"container\" data-e-type=\"container\">\n\t\t\t\t<div class=\"elementor-element elementor-element-145572c elementor-widget elementor-widget-image\" data-id=\"145572c\" data-element_type=\"widget\" data-e-type=\"widget\" data-widget_type=\"image.default\">\n\t\t\t\t<div class=\"elementor-widget-container\">\n\t\t\t\t\t\t\t\t\t\t\t\t\t\t\t\t<a href=\"#ubicacion-alcudia\">\n\t\t\t\t\t\t\t<img decoding=\"async\" width=\"150\" height=\"150\" src=\"https:\/\/rentallorca.com\/blog\/wp-content\/uploads\/2025\/02\/rentallorca-logo-1.png\" class=\"attachment-thumbnail size-thumbnail wp-image-436\" alt=\"\" \/>\t\t\t\t\t\t\t\t<\/a>\n\t\t\t\t\t\t\t\t\t\t\t\t\t\t\t<\/div>\n\t\t\t\t<\/div>\n\t\t\t\t<\/div>\n\t\t<div class=\"elementor-element elementor-element-3fca7f5 e-con-full e-flex e-con e-child\" data-id=\"3fca7f5\" data-element_type=\"container\" data-e-type=\"container\">\n\t\t\t\t<div class=\"elementor-element elementor-element-65a8cf9 elementor-widget elementor-widget-image\" data-id=\"65a8cf9\" data-element_type=\"widget\" data-e-type=\"widget\" data-widget_type=\"image.default\">\n\t\t\t\t<div class=\"elementor-widget-container\">\n\t\t\t\t\t\t\t\t\t\t\t\t\t\t\t\t<a href=\"#alojamiento-alcudia\">\n\t\t\t\t\t\t\t<img decoding=\"async\" width=\"150\" height=\"150\" src=\"https:\/\/rentallorca.com\/blog\/wp-content\/uploads\/2025\/02\/rentallorca-logo-1-4.png\" class=\"attachment-large size-large wp-image-427\" alt=\"\" \/>\t\t\t\t\t\t\t\t<\/a>\n\t\t\t\t\t\t\t\t\t\t\t\t\t\t\t<\/div>\n\t\t\t\t<\/div>\n\t\t\t\t<\/div>\n\t\t<div class=\"elementor-element elementor-element-a943d7f e-con-full e-flex e-con e-child\" data-id=\"a943d7f\" data-element_type=\"container\" data-e-type=\"container\">\n\t\t\t\t<div class=\"elementor-element elementor-element-7adfe8e elementor-widget elementor-widget-image\" data-id=\"7adfe8e\" data-element_type=\"widget\" data-e-type=\"widget\" data-widget_type=\"image.default\">\n\t\t\t\t<div class=\"elementor-widget-container\">\n\t\t\t\t\t\t\t\t\t\t\t\t\t\t\t\t<a href=\"#lugares-alcudia\">\n\t\t\t\t\t\t\t<img decoding=\"async\" width=\"150\" height=\"150\" src=\"https:\/\/rentallorca.com\/blog\/wp-content\/uploads\/2025\/02\/rentallorca-logo-1-3.png\" class=\"attachment-large size-large wp-image-424\" alt=\"\" \/>\t\t\t\t\t\t\t\t<\/a>\n\t\t\t\t\t\t\t\t\t\t\t\t\t\t\t<\/div>\n\t\t\t\t<\/div>\n\t\t\t\t<\/div>\n\t\t<div class=\"elementor-element elementor-element-52d98ac e-con-full e-flex e-con e-child\" data-id=\"52d98ac\" data-element_type=\"container\" data-e-type=\"container\">\n\t\t\t\t<div class=\"elementor-element elementor-element-30a9032 elementor-widget elementor-widget-image\" data-id=\"30a9032\" data-element_type=\"widget\" data-e-type=\"widget\" data-widget_type=\"image.default\">\n\t\t\t\t<div class=\"elementor-widget-container\">\n\t\t\t\t\t\t\t\t\t\t\t\t\t\t\t\t<a href=\"#playas-alcudia\">\n\t\t\t\t\t\t\t<img loading=\"lazy\" decoding=\"async\" width=\"150\" height=\"150\" src=\"https:\/\/rentallorca.com\/blog\/wp-content\/uploads\/2025\/02\/rentallorca-logo-1-6.png\" class=\"attachment-large size-large wp-image-433\" alt=\"\" \/>\t\t\t\t\t\t\t\t<\/a>\n\t\t\t\t\t\t\t\t\t\t\t\t\t\t\t<\/div>\n\t\t\t\t<\/div>\n\t\t\t\t<\/div>\n\t\t<div class=\"elementor-element elementor-element-717a3c3 e-con-full e-flex e-con e-child\" data-id=\"717a3c3\" data-element_type=\"container\" data-e-type=\"container\">\n\t\t\t\t<div class=\"elementor-element elementor-element-0099907 elementor-widget elementor-widget-image\" data-id=\"0099907\" data-element_type=\"widget\" data-e-type=\"widget\" data-widget_type=\"image.default\">\n\t\t\t\t<div class=\"elementor-widget-container\">\n\t\t\t\t\t\t\t\t\t\t\t\t\t\t\t\t<a href=\"#clima-alcudia\">\n\t\t\t\t\t\t\t<img loading=\"lazy\" decoding=\"async\" width=\"150\" height=\"150\" src=\"https:\/\/rentallorca.com\/blog\/wp-content\/uploads\/2025\/02\/rentallorca-logo-1-5.png\" class=\"attachment-large size-large wp-image-430\" alt=\"\" \/>\t\t\t\t\t\t\t\t<\/a>\n\t\t\t\t\t\t\t\t\t\t\t\t\t\t\t<\/div>\n\t\t\t\t<\/div>\n\t\t\t\t<\/div>\n\t\t<div class=\"elementor-element elementor-element-e108395 e-con-full e-flex e-con e-child\" data-id=\"e108395\" data-element_type=\"container\" data-e-type=\"container\">\n\t\t\t\t<div class=\"elementor-element elementor-element-01a2cd4 elementor-widget elementor-widget-image\" data-id=\"01a2cd4\" data-element_type=\"widget\" data-e-type=\"widget\" data-widget_type=\"image.default\">\n\t\t\t\t<div class=\"elementor-widget-container\">\n\t\t\t\t\t\t\t\t\t\t\t\t\t\t\t\t<a href=\"#preguntas-alcudia\">\n\t\t\t\t\t\t\t<img loading=\"lazy\" decoding=\"async\" width=\"150\" height=\"150\" src=\"https:\/\/rentallorca.com\/blog\/wp-content\/uploads\/2025\/02\/rentallorca-logo-1-2.png\" class=\"attachment-large size-large wp-image-439\" alt=\"\" \/>\t\t\t\t\t\t\t\t<\/a>\n\t\t\t\t\t\t\t\t\t\t\t\t\t\t\t<\/div>\n\t\t\t\t<\/div>\n\t\t\t\t<\/div>\n\t\t<div class=\"elementor-element elementor-element-0a22ee7 e-con-full e-flex e-con e-child\" data-id=\"0a22ee7\" data-element_type=\"container\" data-e-type=\"container\">\n\t\t\t\t<\/div>\n\t\t\t\t\t<\/div>\n\t\t\t\t<\/div>\n\t\t<div class=\"elementor-element elementor-element-6599bc7 e-flex e-con-boxed e-con e-parent\" data-id=\"6599bc7\" data-element_type=\"container\" data-e-type=\"container\">\n\t\t\t\t\t<div class=\"e-con-inner\">\n\t\t<div class=\"elementor-element elementor-element-6eafd05 e-con-full e-flex e-con e-child\" data-id=\"6eafd05\" data-element_type=\"container\" data-e-type=\"container\">\n\t\t<div class=\"elementor-element elementor-element-61765ff e-con-full e-flex e-con e-child\" data-id=\"61765ff\" data-element_type=\"container\" data-e-type=\"container\">\n\t\t\t\t<div class=\"elementor-element elementor-element-94da579 elementor-widget elementor-widget-spacer\" data-id=\"94da579\" data-element_type=\"widget\" data-e-type=\"widget\" data-widget_type=\"spacer.default\">\n\t\t\t\t<div class=\"elementor-widget-container\">\n\t\t\t\t\t\t\t<div class=\"elementor-spacer\">\n\t\t\t<div class=\"elementor-spacer-inner\"><\/div>\n\t\t<\/div>\n\t\t\t\t\t\t<\/div>\n\t\t\t\t<\/div>\n\t\t\t\t<div class=\"elementor-element elementor-element-154dc7c elementor-widget elementor-widget-spacer\" data-id=\"154dc7c\" data-element_type=\"widget\" data-e-type=\"widget\" data-widget_type=\"spacer.default\">\n\t\t\t\t<div class=\"elementor-widget-container\">\n\t\t\t\t\t\t\t<div class=\"elementor-spacer\">\n\t\t\t<div class=\"elementor-spacer-inner\"><\/div>\n\t\t<\/div>\n\t\t\t\t\t\t<\/div>\n\t\t\t\t<\/div>\n\t\t\t\t<\/div>\n\t\t\t\t<div class=\"elementor-element elementor-element-d9faaba elementor-widget elementor-widget-heading\" data-id=\"d9faaba\" data-element_type=\"widget\" data-e-type=\"widget\" id=\"ubicacion-alcudia\" data-widget_type=\"heading.default\">\n\t\t\t\t<div class=\"elementor-widget-container\">\n\t\t\t\t\t<h2 class=\"elementor-heading-title elementor-size-default\">Wo liegt Alcudia?<\/h2>\t\t\t\t<\/div>\n\t\t\t\t<\/div>\n\t\t\t\t<\/div>\n\t\t<div class=\"elementor-element elementor-element-b12d98a e-con-full e-flex e-con e-child\" data-id=\"b12d98a\" data-element_type=\"container\" data-e-type=\"container\">\n\t\t\t\t<div class=\"elementor-element elementor-element-32cbe32 elementor-widget elementor-widget-text-editor\" data-id=\"32cbe32\" data-element_type=\"widget\" data-e-type=\"widget\" data-widget_type=\"text-editor.default\">\n\t\t\t\t<div class=\"elementor-widget-container\">\n\t\t\t\t\t\t\t\t\t<p>Alcudia liegt im Norden Mallorcas, zwischen der Bucht von Alcudia und der Halbinsel Formentor, etwa 60 km vom Flughafen Palma entfernt. <\/p>\n<div class=\"flex max-w-full flex-col flex-grow\">\n<div class=\"min-h-8 text-message flex w-full flex-col items-end gap-2 whitespace-normal break-words text-start [.text-message+&amp;]:mt-5\" dir=\"auto\" data-message-author-role=\"assistant\" data-message-id=\"e5f55973-bb10-4305-b8bc-13ceea733ffb\" data-message-model-slug=\"gpt-4o-mini\">\n<div class=\"flex w-full flex-col gap-1 empty:hidden first:pt-[3px]\">\n<div class=\"markdown prose w-full break-words dark:prose-invert light\">\n<p>Der schnellste Weg vom Flughafen Palma nach Alcudia ist mit dem Taxi. Die Fahrt dauert ca. 45 Minuten und kostet je nach Verkehr etwa 75 bis 85 Euro. Falls du die Insel erkunden m\u00f6chtest, empfehle ich dir, ein Auto zu mieten. So kannst du umliegende D\u00f6rfer wie Pollen\u00e7a und versteckte Str\u00e4nde wie Es Coll Baix entdecken \u2013 ideal f\u00fcr Landschaftsgenuss und Entspannung.   <\/p>\n<\/div>\n<\/div>\n<\/div>\n<\/div>\n\t\t\t\t\t\t\t\t<\/div>\n\t\t\t\t<\/div>\n\t\t\t\t<\/div>\n\t\t<div class=\"elementor-element elementor-element-3e01678 e-con-full e-flex e-con e-child\" data-id=\"3e01678\" data-element_type=\"container\" data-e-type=\"container\">\n\t\t\t\t<div class=\"elementor-element elementor-element-712fec5 elementor-widget elementor-widget-google_maps\" data-id=\"712fec5\" data-element_type=\"widget\" data-e-type=\"widget\" data-widget_type=\"google_maps.default\">\n\t\t\t\t<div class=\"elementor-widget-container\">\n\t\t\t\t\t\t\t<div class=\"elementor-custom-embed\">\n\t\t\t<iframe loading=\"lazy\"\n\t\t\t\t\tsrc=\"https:\/\/maps.google.com\/maps?q=alcudia%2C%20mallorca&#038;t=m&#038;z=8&#038;output=embed&#038;iwloc=near\"\n\t\t\t\t\ttitle=\"alcudia, mallorca\"\n\t\t\t\t\taria-label=\"alcudia, mallorca\"\n\t\t\t><\/iframe>\n\t\t<\/div>\n\t\t\t\t\t\t<\/div>\n\t\t\t\t<\/div>\n\t\t\t\t<\/div>\n\t\t<div class=\"elementor-element elementor-element-8af4d47 e-con-full e-flex e-con e-child\" data-id=\"8af4d47\" data-element_type=\"container\" data-e-type=\"container\">\n\t\t\t\t<div class=\"elementor-element elementor-element-a50789b elementor-widget elementor-widget-spacer\" data-id=\"a50789b\" data-element_type=\"widget\" data-e-type=\"widget\" data-widget_type=\"spacer.default\">\n\t\t\t\t<div class=\"elementor-widget-container\">\n\t\t\t\t\t\t\t<div class=\"elementor-spacer\">\n\t\t\t<div class=\"elementor-spacer-inner\"><\/div>\n\t\t<\/div>\n\t\t\t\t\t\t<\/div>\n\t\t\t\t<\/div>\n\t\t\t\t<div class=\"elementor-element elementor-element-590d493 e-n-tabs-mobile elementor-widget elementor-widget-n-tabs\" data-id=\"590d493\" data-element_type=\"widget\" data-e-type=\"widget\" data-widget_type=\"nested-tabs.default\">\n\t\t\t\t<div class=\"elementor-widget-container\">\n\t\t\t\t\t\t\t<div class=\"e-n-tabs\" data-widget-number=\"93377683\" aria-label=\"Tabs. Open items with Enter or Space, close with Escape and navigate using the Arrow keys.\">\n\t\t\t<div class=\"e-n-tabs-heading\" role=\"tablist\">\n\t\t\t\t\t<button id=\"e-n-tab-title-933776831\" data-tab-title-id=\"e-n-tab-title-933776831\" class=\"e-n-tab-title\" aria-selected=\"true\" data-tab-index=\"1\" role=\"tab\" tabindex=\"0\" aria-controls=\"e-n-tab-content-933776831\" style=\"--n-tabs-title-order: 1;\">\n\t\t\t\t\t\t<span class=\"e-n-tab-title-text\">\n\t\t\t\tWas kostet ein Taxi vom Palma Flughafen nach Alcudia?\t\t\t<\/span>\n\t\t<\/button>\n\t\t\t\t<button id=\"e-n-tab-title-933776832\" data-tab-title-id=\"e-n-tab-title-933776832\" class=\"e-n-tab-title\" aria-selected=\"false\" data-tab-index=\"2\" role=\"tab\" tabindex=\"-1\" aria-controls=\"e-n-tab-content-933776832\" style=\"--n-tabs-title-order: 2;\">\n\t\t\t\t\t\t<span class=\"e-n-tab-title-text\">\n\t\t\t\tWie weit ist Playa de Muro von Alcudia entfernt?\t\t\t<\/span>\n\t\t<\/button>\n\t\t\t\t<button id=\"e-n-tab-title-933776833\" data-tab-title-id=\"e-n-tab-title-933776833\" class=\"e-n-tab-title\" aria-selected=\"false\" data-tab-index=\"3\" role=\"tab\" tabindex=\"-1\" aria-controls=\"e-n-tab-content-933776833\" style=\"--n-tabs-title-order: 3;\">\n\t\t\t\t\t\t<span class=\"e-n-tab-title-text\">\n\t\t\t\tKann man von Can Picafort nach Alcudia laufen?\t\t\t<\/span>\n\t\t<\/button>\n\t\t\t\t\t<\/div>\n\t\t\t<div class=\"e-n-tabs-content\">\n\t\t\t\t<div id=\"e-n-tab-content-933776831\" role=\"tabpanel\" aria-labelledby=\"e-n-tab-title-933776831\" data-tab-index=\"1\" style=\"--n-tabs-title-order: 1;\" class=\"e-active elementor-element elementor-element-a52e561 e-con-full e-flex e-con e-child\" data-id=\"a52e561\" data-element_type=\"container\" data-e-type=\"container\">\n\t\t\t\t<div class=\"elementor-element elementor-element-c22af2d elementor-widget elementor-widget-text-editor\" data-id=\"c22af2d\" data-element_type=\"widget\" data-e-type=\"widget\" data-widget_type=\"text-editor.default\">\n\t\t\t\t<div class=\"elementor-widget-container\">\n\t\t\t\t\t\t\t\t\t<div class=\"flex max-w-full flex-col flex-grow\">\n<div class=\"min-h-8 text-message flex w-full flex-col items-end gap-2 whitespace-normal break-words text-start [.text-message+&amp;]:mt-5\" dir=\"auto\" data-message-author-role=\"assistant\" data-message-id=\"7fad6167-e3e6-4ddb-9ca9-73cb1fc35b73\" data-message-model-slug=\"gpt-4o\">\n<div class=\"flex w-full flex-col gap-1 empty:hidden first:pt-[3px]\">\n<div class=\"markdown prose w-full break-words dark:prose-invert light\">\n<p>Ein Taxi vom Flughafen Palma nach Alcudia kostet etwa 75 bis 85 Euro, abh\u00e4ngig vom Verkehr. Die Fahrt dauert rund 45 Minuten \u00fcber die Autobahn Ma-13.  <\/p>\n<\/div>\n<\/div>\n<\/div>\n<\/div>\n\t\t\t\t\t\t\t\t<\/div>\n\t\t\t\t<\/div>\n\t\t\t\t<\/div>\n\t\t<div id=\"e-n-tab-content-933776832\" role=\"tabpanel\" aria-labelledby=\"e-n-tab-title-933776832\" data-tab-index=\"2\" style=\"--n-tabs-title-order: 2;\" class=\" elementor-element elementor-element-98b978c e-con-full e-flex e-con e-child\" data-id=\"98b978c\" data-element_type=\"container\" data-e-type=\"container\">\n\t\t\t\t<div class=\"elementor-element elementor-element-597dc90 elementor-widget elementor-widget-text-editor\" data-id=\"597dc90\" data-element_type=\"widget\" data-e-type=\"widget\" data-widget_type=\"text-editor.default\">\n\t\t\t\t<div class=\"elementor-widget-container\">\n\t\t\t\t\t\t\t\t\t<div class=\"flex max-w-full flex-col flex-grow\">\n<div class=\"min-h-8 text-message flex w-full flex-col items-end gap-2 whitespace-normal break-words text-start [.text-message+&amp;]:mt-5\" dir=\"auto\" data-message-author-role=\"assistant\" data-message-id=\"520e1877-da43-4662-b7c6-4a928b9804c1\" data-message-model-slug=\"gpt-4o\">\n<div class=\"flex w-full flex-col gap-1 empty:hidden first:pt-[3px]\">\n<div class=\"markdown prose w-full break-words dark:prose-invert light\">\n<p>Playa de Muro ist etwa 6 km von Alcudia entfernt. Mit dem Auto dauert die Fahrt etwa 10 Minuten. M\u00f6chten Sie Alcudia mit \u00f6ffentlichen Verkehrsmitteln besuchen? Die Busse brauchen etwa 15 bis 20 Minuten. Sie k\u00f6nnen Alcudia auch mit dem Fahrrad in etwa 20 Minuten erreichen.    <\/p>\n<\/div>\n<\/div>\n<\/div>\n<\/div>\n\t\t\t\t\t\t\t\t<\/div>\n\t\t\t\t<\/div>\n\t\t\t\t<\/div>\n\t\t<div id=\"e-n-tab-content-933776833\" role=\"tabpanel\" aria-labelledby=\"e-n-tab-title-933776833\" data-tab-index=\"3\" style=\"--n-tabs-title-order: 3;\" class=\" elementor-element elementor-element-c38565f e-con-full e-flex e-con e-child\" data-id=\"c38565f\" data-element_type=\"container\" data-e-type=\"container\">\n\t\t\t\t<div class=\"elementor-element elementor-element-0c9e9c3 elementor-widget elementor-widget-text-editor\" data-id=\"0c9e9c3\" data-element_type=\"widget\" data-e-type=\"widget\" data-widget_type=\"text-editor.default\">\n\t\t\t\t<div class=\"elementor-widget-container\">\n\t\t\t\t\t\t\t\t\t<div class=\"flex max-w-full flex-col flex-grow\">\n<div class=\"min-h-8 text-message flex w-full flex-col items-end gap-2 whitespace-normal break-words text-start [.text-message+&amp;]:mt-5\" dir=\"auto\" data-message-author-role=\"assistant\" data-message-id=\"0eda4e23-a67e-4424-8cd6-cadb274272e4\" data-message-model-slug=\"gpt-4o\">\n<div class=\"flex w-full flex-col gap-1 empty:hidden first:pt-[3px]\">\n<div class=\"markdown prose w-full break-words dark:prose-invert light\">\n<p>Ja, Sie k\u00f6nnen von Can Picafort nach Alcudia laufen. Die Strecke ist etwa 12 km lang und dauert etwa 2 Stunden und 30 Minuten auf K\u00fcstenwegen und ruhigen Stra\u00dfen. Mit dem Auto dauert die Fahrt 15 Minuten. Es gibt auch Busse, die beide Ziele in etwa 25 Minuten miteinander verbinden.   <\/p>\n<\/div>\n<\/div>\n<\/div>\n<\/div>\n\t\t\t\t\t\t\t\t<\/div>\n\t\t\t\t<\/div>\n\t\t\t\t<\/div>\n\t\t\t\t\t<\/div>\n\t\t<\/div>\n\t\t\t\t\t\t<\/div>\n\t\t\t\t<\/div>\n\t\t\t\t<\/div>\n\t\t<div class=\"elementor-element elementor-element-faf6934 e-con-full e-flex e-con e-child\" data-id=\"faf6934\" data-element_type=\"container\" data-e-type=\"container\">\n\t\t\t\t<div class=\"elementor-element elementor-element-3259e5d elementor-widget elementor-widget-spacer\" data-id=\"3259e5d\" data-element_type=\"widget\" data-e-type=\"widget\" data-widget_type=\"spacer.default\">\n\t\t\t\t<div class=\"elementor-widget-container\">\n\t\t\t\t\t\t\t<div class=\"elementor-spacer\">\n\t\t\t<div class=\"elementor-spacer-inner\"><\/div>\n\t\t<\/div>\n\t\t\t\t\t\t<\/div>\n\t\t\t\t<\/div>\n\t\t\t\t<div class=\"elementor-element elementor-element-b939f56 elementor-widget elementor-widget-spacer\" data-id=\"b939f56\" data-element_type=\"widget\" data-e-type=\"widget\" data-widget_type=\"spacer.default\">\n\t\t\t\t<div class=\"elementor-widget-container\">\n\t\t\t\t\t\t\t<div class=\"elementor-spacer\">\n\t\t\t<div class=\"elementor-spacer-inner\"><\/div>\n\t\t<\/div>\n\t\t\t\t\t\t<\/div>\n\t\t\t\t<\/div>\n\t\t\t\t<\/div>\n\t\t\t\t\t<\/div>\n\t\t\t\t<\/div>\n\t\t<div class=\"elementor-element elementor-element-fb140c4 e-flex e-con-boxed e-con e-parent\" data-id=\"fb140c4\" data-element_type=\"container\" data-e-type=\"container\">\n\t\t\t\t\t<div class=\"e-con-inner\">\n\t\t\t\t<div class=\"elementor-element elementor-element-c1d8f78 elementor-widget elementor-widget-image\" data-id=\"c1d8f78\" data-element_type=\"widget\" data-e-type=\"widget\" data-widget_type=\"image.default\">\n\t\t\t\t<div class=\"elementor-widget-container\">\n\t\t\t\t\t\t\t\t\t\t\t\t\t\t\t<img loading=\"lazy\" decoding=\"async\" width=\"1920\" height=\"600\" src=\"https:\/\/rentallorca.com\/blog\/wp-content\/uploads\/2025\/02\/visitar-alcudia-1.webp\" class=\"attachment-full size-full wp-image-442\" alt=\"Visitar Alcudia\" srcset=\"https:\/\/rentallorca.com\/blog\/wp-content\/uploads\/2025\/02\/visitar-alcudia-1.webp 1920w, https:\/\/rentallorca.com\/blog\/wp-content\/uploads\/2025\/02\/visitar-alcudia-1-300x94.webp 300w, https:\/\/rentallorca.com\/blog\/wp-content\/uploads\/2025\/02\/visitar-alcudia-1-1024x320.webp 1024w, https:\/\/rentallorca.com\/blog\/wp-content\/uploads\/2025\/02\/visitar-alcudia-1-768x240.webp 768w, https:\/\/rentallorca.com\/blog\/wp-content\/uploads\/2025\/02\/visitar-alcudia-1-1536x480.webp 1536w\" sizes=\"(max-width: 1920px) 100vw, 1920px\" \/>\t\t\t\t\t\t\t\t\t\t\t\t\t\t\t<\/div>\n\t\t\t\t<\/div>\n\t\t\t\t\t<\/div>\n\t\t\t\t<\/div>\n\t\t<div class=\"elementor-element elementor-element-fac50e7 e-flex e-con-boxed e-con e-parent\" data-id=\"fac50e7\" data-element_type=\"container\" data-e-type=\"container\">\n\t\t\t\t\t<div class=\"e-con-inner\">\n\t\t<div class=\"elementor-element elementor-element-76bb432 e-con-full e-flex e-con e-child\" data-id=\"76bb432\" data-element_type=\"container\" data-e-type=\"container\">\n\t\t\t\t<div class=\"elementor-element elementor-element-062db8d elementor-widget elementor-widget-spacer\" data-id=\"062db8d\" data-element_type=\"widget\" data-e-type=\"widget\" data-widget_type=\"spacer.default\">\n\t\t\t\t<div class=\"elementor-widget-container\">\n\t\t\t\t\t\t\t<div class=\"elementor-spacer\">\n\t\t\t<div class=\"elementor-spacer-inner\"><\/div>\n\t\t<\/div>\n\t\t\t\t\t\t<\/div>\n\t\t\t\t<\/div>\n\t\t\t\t<div class=\"elementor-element elementor-element-7c9bf4e elementor-widget elementor-widget-spacer\" data-id=\"7c9bf4e\" data-element_type=\"widget\" data-e-type=\"widget\" data-widget_type=\"spacer.default\">\n\t\t\t\t<div class=\"elementor-widget-container\">\n\t\t\t\t\t\t\t<div class=\"elementor-spacer\">\n\t\t\t<div class=\"elementor-spacer-inner\"><\/div>\n\t\t<\/div>\n\t\t\t\t\t\t<\/div>\n\t\t\t\t<\/div>\n\t\t\t\t<\/div>\n\t\t\t\t\t<\/div>\n\t\t\t\t<\/div>\n\t\t<div class=\"elementor-element elementor-element-4ead44f e-flex e-con-boxed e-con e-parent\" data-id=\"4ead44f\" data-element_type=\"container\" data-e-type=\"container\">\n\t\t\t\t\t<div class=\"e-con-inner\">\n\t\t\t\t<div class=\"elementor-element elementor-element-bdac043 elementor-widget elementor-widget-heading\" data-id=\"bdac043\" data-element_type=\"widget\" data-e-type=\"widget\" id=\"alojamiento-alcudia\" data-widget_type=\"heading.default\">\n\t\t\t\t<div class=\"elementor-widget-container\">\n\t\t\t\t\t<h2 class=\"elementor-heading-title elementor-size-default\">Wo man in Alcudia \u00fcbernachten kann?<\/h2>\t\t\t\t<\/div>\n\t\t\t\t<\/div>\n\t\t\t\t\t<\/div>\n\t\t\t\t<\/div>\n\t\t<div class=\"elementor-element elementor-element-2f39019 e-flex e-con-boxed e-con e-parent\" data-id=\"2f39019\" data-element_type=\"container\" data-e-type=\"container\">\n\t\t\t\t\t<div class=\"e-con-inner\">\n\t\t<div class=\"elementor-element elementor-element-223cac8 e-con-full e-flex e-con e-child\" data-id=\"223cac8\" data-element_type=\"container\" data-e-type=\"container\">\n\t\t\t\t<div class=\"elementor-element elementor-element-417667e elementor-widget elementor-widget-text-editor\" data-id=\"417667e\" data-element_type=\"widget\" data-e-type=\"widget\" data-widget_type=\"text-editor.default\">\n\t\t\t\t<div class=\"elementor-widget-container\">\n\t\t\t\t\t\t\t\t\t<p data-pm-slice=\"1 1 []\">Wenn Sie auf der Suche nach Komfort, Privatsph\u00e4re und Flexibilit\u00e4t w\u00e4hrend Ihres Aufenthalts auf der Insel sind, empfehlen wir Ihnen, sich f\u00fcr eine Ferienwohnung in Alcudia Mallorca zu entscheiden. Sie k\u00f6nnen H\u00e4user in Alcudia mieten, wo Sie sich ohne feste Termine entspannen k\u00f6nnen, oder Sie k\u00f6nnen sich f\u00fcr rustikale Fincas in Alcudia Mallorca entscheiden, um einen privaten Raum in einer l\u00e4ndlichen Umgebung zu genie\u00dfen. <\/p>\n<p data-pm-slice=\"1 1 []\">Zweifellos ist die Unterkunft in Alcudia ideal f\u00fcr diejenigen, die mehr Privatsph\u00e4re und einen Zufluchtsort abseits der gro\u00dfen Menschenmengen suchen, die in der Hochsaison h\u00e4ufig anzutreffen sind.<\/p>\n<p data-pm-slice=\"1 1 []\">Sie k\u00f6nnen sich noch nicht entscheiden? Lesen Sie vor Ihrem Aufenthalt in Alcudia die Bewertungen unserer fr\u00fcheren G\u00e4ste &#8211; entdecken Sie die Qualit\u00e4t der Immobilien von Rentallorca!  <\/p>\n\t\t\t\t\t\t\t\t<\/div>\n\t\t\t\t<\/div>\n\t\t\t\t<\/div>\n\t\t<div class=\"elementor-element elementor-element-170d803 e-con-full e-flex e-con e-child\" data-id=\"170d803\" data-element_type=\"container\" data-e-type=\"container\">\n\t\t\t\t<div class=\"elementor-element elementor-element-53c7854 elementor--star-style-star_unicode elementor-pagination-type-bullets elementor-review--has-separator elementor-widget elementor-widget-reviews\" data-id=\"53c7854\" data-element_type=\"widget\" data-e-type=\"widget\" data-settings=\"{&quot;pagination&quot;:&quot;bullets&quot;,&quot;speed&quot;:500,&quot;autoplay&quot;:&quot;yes&quot;,&quot;autoplay_speed&quot;:5000,&quot;loop&quot;:&quot;yes&quot;,&quot;pause_on_hover&quot;:&quot;yes&quot;,&quot;pause_on_interaction&quot;:&quot;yes&quot;,&quot;space_between&quot;:{&quot;unit&quot;:&quot;px&quot;,&quot;size&quot;:10,&quot;sizes&quot;:[]},&quot;space_between_tablet&quot;:{&quot;unit&quot;:&quot;px&quot;,&quot;size&quot;:10,&quot;sizes&quot;:[]},&quot;space_between_mobile&quot;:{&quot;unit&quot;:&quot;px&quot;,&quot;size&quot;:10,&quot;sizes&quot;:[]}}\" data-widget_type=\"reviews.default\">\n\t\t\t\t<div class=\"elementor-widget-container\">\n\t\t\t\t\t\t\t\t\t<div class=\"elementor-swiper\">\n\t\t\t\t\t<div class=\"elementor-main-swiper swiper\" role=\"region\" aria-roledescription=\"carousel\" aria-label=\"Slides\">\n\t\t\t\t<div class=\"swiper-wrapper\">\n\t\t\t\t\t\t\t\t\t\t\t<div class=\"swiper-slide\" role=\"group\" aria-roledescription=\"slide\">\n\t\t\t\t\t\t\t\t\t<div class=\"elementor-testimonial elementor-repeater-item-adbee17\">\n\t\t\t\t\t\t\t<a class=\"elementor-testimonial__header\" href=\"https:\/\/rentallorca.com\/alquiler\/finca-alcudia-s-albufereta-by-rentallorca-452735.htm\">\n\t\t\t\t\t\t\t\t\t\t\t<div class=\"elementor-testimonial__image\">\n\t\t\t\t\t\t\t<img decoding=\"async\" src=\"https:\/\/rentallorca.com\/blog\/wp-content\/uploads\/2025\/02\/visitar-alcudia-2.webp\" alt=\"Ren\u00e9 \">\n\t\t\t\t\t\t\t\t\t\t\t\t\t<\/div>\n\t\t\t\t\t\t\t\t\t\t<cite class=\"elementor-testimonial__cite\"><span class=\"elementor-testimonial__name\">Ren\u00e9 <\/span><div class=\"elementor-star-rating\"><i class=\"elementor-star-full\">&#9733;<\/i><i class=\"elementor-star-full\">&#9733;<\/i><i class=\"elementor-star-full\">&#9733;<\/i><i class=\"elementor-star-full\">&#9733;<\/i><i class=\"elementor-star-full\">&#9733;<\/i><\/div><span class=\"elementor-testimonial__title\">S'Albufereta by Rentallorca<\/span><\/cite>\t\t\t\t\t<div class=\"elementor-testimonial__icon elementor-icon elementor-icon-\" aria-label=\"Read More\"><\/div>\t\t\t\t<\/a>\n\t\t\t\t\t\t\t\t\t\t<div class=\"elementor-testimonial__content\">\n\t\t\t\t\t<div class=\"elementor-testimonial__text\">\n\t\t\t\t\t\tAlles war wie beschrieben... und was auf einigen Fotos \u201egut fotografiert\u201c zu sein schien, war in der Tat genau so. Einfach toll. Wir sind begeistert und haben genau das bekommen, wonach wir gesucht haben. Absolute Empfehlung von Anfang bis Ende. Ausgezeichnete Kommunikation, der Gastgeber war super freundlich und hilfsbereit und das Objekt war wie beschrieben. Wir \u00fcberlegen schon, wann wir wieder hinfahren k\u00f6nnen \ud83d\ude42     \t\t\t\t\t<\/div>\n\t\t\t\t<\/div>\n\t\t\t\t\t<\/div>\n\t\t\t\t\t\t\t\t<\/div>\n\t\t\t\t\t\t\t\t\t\t\t<div class=\"swiper-slide\" role=\"group\" aria-roledescription=\"slide\">\n\t\t\t\t\t\t\t\t\t<div class=\"elementor-testimonial elementor-repeater-item-0820ade\">\n\t\t\t\t\t\t\t<a class=\"elementor-testimonial__header\" href=\"https:\/\/rentallorca.com\/alquiler\/casa-alcudia-cas-siulet-by-rentallorca-441521.html#valoraciones\">\n\t\t\t\t\t\t\t\t\t\t\t<div class=\"elementor-testimonial__image\">\n\t\t\t\t\t\t\t<img decoding=\"async\" src=\"https:\/\/rentallorca.com\/blog\/wp-content\/uploads\/2025\/02\/visitar-alcudia-3.png\" alt=\"Jamison \">\n\t\t\t\t\t\t\t\t\t\t\t\t\t<\/div>\n\t\t\t\t\t\t\t\t\t\t<cite class=\"elementor-testimonial__cite\"><span class=\"elementor-testimonial__name\">Jamison <\/span><div class=\"elementor-star-rating\"><i class=\"elementor-star-full\">&#9733;<\/i><i class=\"elementor-star-full\">&#9733;<\/i><i class=\"elementor-star-full\">&#9733;<\/i><i class=\"elementor-star-full\">&#9733;<\/i><i class=\"elementor-star-full\">&#9733;<\/i><\/div><span class=\"elementor-testimonial__title\">Cas Siulet by Rentallorca<\/span><\/cite>\t\t\t\t\t<div class=\"elementor-testimonial__icon elementor-icon elementor-icon-\" aria-label=\"Read More\"><\/div>\t\t\t\t<\/a>\n\t\t\t\t\t\t\t\t\t\t<div class=\"elementor-testimonial__content\">\n\t\t\t\t\t<div class=\"elementor-testimonial__text\">\n\t\t\t\t\t\tWir waren zum ersten Mal auf Mallorca und haben uns mit Alcudia den richtigen Ort ausgesucht. Juan ist ein sehr entgegenkommender Gastgeber. Seine Wohnung ist himmlisch, direkt am Strand und sehr privat. Ideal f\u00fcr Familien und sehr nah an der Altstadt von Alcudia. Wir hatten eine tolle Zeit in Casa Siulet, Juan ist ein au\u00dfergew\u00f6hnlicher Gastgeber, der uns mit Wasser, Sprudel, Snacks versorgt und uns sogar mallorquinischen Wein zum Probieren gegeben hat. Wir liebten Juans Haus, ich empfehle es sehr!     \t\t\t\t\t<\/div>\n\t\t\t\t<\/div>\n\t\t\t\t\t<\/div>\n\t\t\t\t\t\t\t\t<\/div>\n\t\t\t\t\t\t\t\t\t\t\t<div class=\"swiper-slide\" role=\"group\" aria-roledescription=\"slide\">\n\t\t\t\t\t\t\t\t\t<div class=\"elementor-testimonial elementor-repeater-item-be9b563\">\n\t\t\t\t\t\t\t<a class=\"elementor-testimonial__header\" href=\"https:\/\/rentallorca.com\/alquiler\/casa-alcudia-vistafar-by-rentallorca-441619.html\">\n\t\t\t\t\t\t\t\t\t\t\t<div class=\"elementor-testimonial__image\">\n\t\t\t\t\t\t\t<img decoding=\"async\" src=\"https:\/\/rentallorca.com\/blog\/wp-content\/uploads\/2025\/02\/visitar-alcudia-4.webp\" alt=\"Claudia \">\n\t\t\t\t\t\t\t\t\t\t\t\t\t<\/div>\n\t\t\t\t\t\t\t\t\t\t<cite class=\"elementor-testimonial__cite\"><span class=\"elementor-testimonial__name\">Claudia <\/span><div class=\"elementor-star-rating\"><i class=\"elementor-star-full\">&#9733;<\/i><i class=\"elementor-star-full\">&#9733;<\/i><i class=\"elementor-star-full\">&#9733;<\/i><i class=\"elementor-star-full\">&#9733;<\/i><i class=\"elementor-star-full\">&#9733;<\/i><\/div><span class=\"elementor-testimonial__title\">Vistafar by Rentallorca<\/span><\/cite>\t\t\t\t\t<div class=\"elementor-testimonial__icon elementor-icon elementor-icon-\" aria-label=\"Read More\"><\/div>\t\t\t\t<\/a>\n\t\t\t\t\t\t\t\t\t\t<div class=\"elementor-testimonial__content\">\n\t\t\t\t\t<div class=\"elementor-testimonial__text\">\n\t\t\t\t\t\tDie Lage des Hauses ist fantastisch und ruhig, aber nur ein paar Kilometer vom Strand von Alcudia und der Altstadt entfernt. Man k\u00f6nnte stundenlang die wunderbare Aussicht vom Balkon oder der Dachterrasse aus genie\u00dfen. Der Pool war sehr sch\u00f6n und wurde einmal in der Woche gereinigt. Die Kommunikation mit dem Eigent\u00fcmer war einfach und freundlich. In Laufn\u00e4he gibt es einen kleinen Supermarkt, in dem man die wichtigsten Lebensmittel kaufen kann. Das Haus war sehr sauber.     \t\t\t\t\t<\/div>\n\t\t\t\t<\/div>\n\t\t\t\t\t<\/div>\n\t\t\t\t\t\t\t\t<\/div>\n\t\t\t\t\t\t\t\t\t<\/div>\n\t\t\t\t\t\t\t\t\t\t\t\t\t\t\t\t\t\t\t\t<div class=\"swiper-pagination\"><\/div>\n\t\t\t\t\t\t\t\t\t\t\t\t<\/div>\n\t\t\t\t<\/div>\n\t\t\t\t\t\t\t\t<\/div>\n\t\t\t\t<\/div>\n\t\t\t\t<\/div>\n\t\t\t\t\t<\/div>\n\t\t\t\t<\/div>\n\t\t<div class=\"elementor-element elementor-element-4f0264f e-flex e-con-boxed e-con e-parent\" data-id=\"4f0264f\" data-element_type=\"container\" data-e-type=\"container\">\n\t\t\t\t\t<div class=\"e-con-inner\">\n\t\t<div class=\"elementor-element elementor-element-652c32e e-con-full e-flex e-con e-child\" data-id=\"652c32e\" data-element_type=\"container\" data-e-type=\"container\">\n\t\t\t\t<div class=\"elementor-element elementor-element-c46d5ac elementor-widget elementor-widget-spacer\" data-id=\"c46d5ac\" data-element_type=\"widget\" data-e-type=\"widget\" data-widget_type=\"spacer.default\">\n\t\t\t\t<div class=\"elementor-widget-container\">\n\t\t\t\t\t\t\t<div class=\"elementor-spacer\">\n\t\t\t<div class=\"elementor-spacer-inner\"><\/div>\n\t\t<\/div>\n\t\t\t\t\t\t<\/div>\n\t\t\t\t<\/div>\n\t\t\t\t<div class=\"elementor-element elementor-element-746fb7a elementor-widget elementor-widget-heading\" data-id=\"746fb7a\" data-element_type=\"widget\" data-e-type=\"widget\" data-widget_type=\"heading.default\">\n\t\t\t\t<div class=\"elementor-widget-container\">\n\t\t\t\t\t<h2 class=\"elementor-heading-title elementor-size-default\">Entdecken Sie unsere H\u00e4user in Alcudia und buchen Sie zum besten Preis<\/h2>\t\t\t\t<\/div>\n\t\t\t\t<\/div>\n\t\t\t\t<\/div>\n\t\t\t\t\t<\/div>\n\t\t\t\t<\/div>\n\t\t<div class=\"elementor-element elementor-element-7ae52f2 e-flex e-con-boxed e-con e-parent\" data-id=\"7ae52f2\" data-element_type=\"container\" data-e-type=\"container\">\n\t\t\t\t\t<div class=\"e-con-inner\">\n\t\t\t\t\t<\/div>\n\t\t\t\t<\/div>\n\t\t<div class=\"elementor-element elementor-element-86d0a3b e-flex e-con-boxed e-con e-parent\" data-id=\"86d0a3b\" data-element_type=\"container\" data-e-type=\"container\">\n\t\t\t\t\t<div class=\"e-con-inner\">\n\t\t<div class=\"elementor-element elementor-element-35607a6 e-con-full e-flex e-con e-child\" data-id=\"35607a6\" data-element_type=\"container\" data-e-type=\"container\">\n\t\t\t\t<div class=\"elementor-element elementor-element-7e4ba1d elementor-widget elementor-widget-spacer\" data-id=\"7e4ba1d\" data-element_type=\"widget\" data-e-type=\"widget\" data-widget_type=\"spacer.default\">\n\t\t\t\t<div class=\"elementor-widget-container\">\n\t\t\t\t\t\t\t<div class=\"elementor-spacer\">\n\t\t\t<div class=\"elementor-spacer-inner\"><\/div>\n\t\t<\/div>\n\t\t\t\t\t\t<\/div>\n\t\t\t\t<\/div>\n\t\t\t\t<div class=\"elementor-element elementor-element-e4708f5 elementor-widget elementor-widget-heading\" data-id=\"e4708f5\" data-element_type=\"widget\" data-e-type=\"widget\" id=\"lugares-alcudia\" data-widget_type=\"heading.default\">\n\t\t\t\t<div class=\"elementor-widget-container\">\n\t\t\t\t\t<h2 class=\"elementor-heading-title elementor-size-default\">Alcudia Sehensw\u00fcrdigkeiten: Was m\u00f6chten Sie in Ihrem Urlaub besichtigen?<\/h2>\t\t\t\t<\/div>\n\t\t\t\t<\/div>\n\t\t\t\t<\/div>\n\t\t<div class=\"elementor-element elementor-element-0993840 e-con-full e-flex e-con e-child\" data-id=\"0993840\" data-element_type=\"container\" data-e-type=\"container\">\n\t\t\t\t<div class=\"elementor-element elementor-element-2fe665d elementor-position-left elementor-vertical-align-middle elementor-position-top elementor-widget elementor-widget-image-box\" data-id=\"2fe665d\" data-element_type=\"widget\" data-e-type=\"widget\" data-widget_type=\"image-box.default\">\n\t\t\t\t<div class=\"elementor-widget-container\">\n\t\t\t\t\t<div class=\"elementor-image-box-wrapper\"><figure class=\"elementor-image-box-img\"><img loading=\"lazy\" decoding=\"async\" width=\"600\" height=\"400\" src=\"https:\/\/rentallorca.com\/blog\/wp-content\/uploads\/2025\/02\/urlaub-alcudia-8.webp\" class=\"attachment-full size-full wp-image-497\" alt=\"Urlaub Alcudia\" srcset=\"https:\/\/rentallorca.com\/blog\/wp-content\/uploads\/2025\/02\/urlaub-alcudia-8.webp 600w, https:\/\/rentallorca.com\/blog\/wp-content\/uploads\/2025\/02\/urlaub-alcudia-8-300x200.webp 300w\" sizes=\"(max-width: 600px) 100vw, 600px\" \/><\/figure><div class=\"elementor-image-box-content\"><h3 class=\"elementor-image-box-title\">Alcudia Strandpromenade<\/h3><p class=\"elementor-image-box-description\">Lebhafter Touristenhafen mit Restaurants, Gesch\u00e4ften, nahe gelegenen Str\u00e4nden und mediterraner Atmosph\u00e4re, ideal zum Flanieren.<\/p><\/div><\/div>\t\t\t\t<\/div>\n\t\t\t\t<\/div>\n\t\t\t\t<\/div>\n\t\t<div class=\"elementor-element elementor-element-6591add e-con-full e-flex e-con e-child\" data-id=\"6591add\" data-element_type=\"container\" data-e-type=\"container\">\n\t\t\t\t<div class=\"elementor-element elementor-element-0b742f4 elementor-position-left elementor-vertical-align-middle elementor-widget elementor-widget-image-box\" data-id=\"0b742f4\" data-element_type=\"widget\" data-e-type=\"widget\" data-widget_type=\"image-box.default\">\n\t\t\t\t<div class=\"elementor-widget-container\">\n\t\t\t\t\t<div class=\"elementor-image-box-wrapper\"><figure class=\"elementor-image-box-img\"><img loading=\"lazy\" decoding=\"async\" width=\"600\" height=\"400\" src=\"https:\/\/rentallorca.com\/blog\/wp-content\/uploads\/2025\/02\/urlaub-alcudia-9.webp\" class=\"attachment-full size-full wp-image-500\" alt=\"Urlaub Alcudia\" srcset=\"https:\/\/rentallorca.com\/blog\/wp-content\/uploads\/2025\/02\/urlaub-alcudia-9.webp 600w, https:\/\/rentallorca.com\/blog\/wp-content\/uploads\/2025\/02\/urlaub-alcudia-9-300x200.webp 300w\" sizes=\"(max-width: 600px) 100vw, 600px\" \/><\/figure><div class=\"elementor-image-box-content\"><h3 class=\"elementor-image-box-title\">Alcudia Altstadt<\/h3><p class=\"elementor-image-box-description\">Gepflasterte Stra\u00dfen, reizvolle Pl\u00e4tze und historische Geb\u00e4ude, die Jahrhunderte der Geschichte erz\u00e4hlen.<\/p><\/div><\/div>\t\t\t\t<\/div>\n\t\t\t\t<\/div>\n\t\t\t\t<\/div>\n\t\t<div class=\"elementor-element elementor-element-9dbf89c e-con-full e-flex e-con e-child\" data-id=\"9dbf89c\" data-element_type=\"container\" data-e-type=\"container\">\n\t\t\t\t<div class=\"elementor-element elementor-element-673ea23 elementor-position-left elementor-vertical-align-middle elementor-widget elementor-widget-image-box\" data-id=\"673ea23\" data-element_type=\"widget\" data-e-type=\"widget\" data-widget_type=\"image-box.default\">\n\t\t\t\t<div class=\"elementor-widget-container\">\n\t\t\t\t\t<div class=\"elementor-image-box-wrapper\"><figure class=\"elementor-image-box-img\"><img loading=\"lazy\" decoding=\"async\" width=\"600\" height=\"400\" src=\"https:\/\/rentallorca.com\/blog\/wp-content\/uploads\/2025\/02\/urlaub-alcudia-10.webp\" class=\"attachment-full size-full wp-image-503\" alt=\"Urlaub Alcudia\" srcset=\"https:\/\/rentallorca.com\/blog\/wp-content\/uploads\/2025\/02\/urlaub-alcudia-10.webp 600w, https:\/\/rentallorca.com\/blog\/wp-content\/uploads\/2025\/02\/urlaub-alcudia-10-300x200.webp 300w\" sizes=\"(max-width: 600px) 100vw, 600px\" \/><\/figure><div class=\"elementor-image-box-content\"><h3 class=\"elementor-image-box-title\">Alcudia-Markt<\/h3><p class=\"elementor-image-box-description\">Einer der beliebtesten M\u00e4rkte Mallorcas, der dienstags und sonntags im historischen Zentrum stattfindet. Er bietet eine gro\u00dfe Auswahl an lokalen Produkten, wie Obst, Gem\u00fcse, typische Wurstwaren, K\u00e4se und handgefertigte Produkte. Au\u00dferdem gibt es St\u00e4nde, an denen Kleidung, Accessoires und Souvenirs verkauft werden. Es ist eine gute Gelegenheit, durch die malerischen Kopfsteinpflasterstra\u00dfen zu schlendern, die lebendige Atmosph\u00e4re zu genie\u00dfen und die authentische mallorquinische Kultur zu entdecken. Ein idealer Ort f\u00fcr Besucher, die ein echtes lokales Erlebnis suchen. Bei einem Besuch in Alcudia ist er ein absolutes Muss.     <\/p><\/div><\/div>\t\t\t\t<\/div>\n\t\t\t\t<\/div>\n\t\t\t\t<\/div>\n\t\t<div class=\"elementor-element elementor-element-6e07ba6 e-con-full e-flex e-con e-child\" data-id=\"6e07ba6\" data-element_type=\"container\" data-e-type=\"container\">\n\t\t\t\t<div class=\"elementor-element elementor-element-a14896c elementor-position-left elementor-vertical-align-middle elementor-widget elementor-widget-image-box\" data-id=\"a14896c\" data-element_type=\"widget\" data-e-type=\"widget\" data-widget_type=\"image-box.default\">\n\t\t\t\t<div class=\"elementor-widget-container\">\n\t\t\t\t\t<div class=\"elementor-image-box-wrapper\"><figure class=\"elementor-image-box-img\"><img loading=\"lazy\" decoding=\"async\" width=\"600\" height=\"400\" src=\"https:\/\/rentallorca.com\/blog\/wp-content\/uploads\/2025\/02\/urlaub-alcudia-11.webp\" class=\"attachment-full size-full wp-image-506\" alt=\"Urlaub Alcudia\" srcset=\"https:\/\/rentallorca.com\/blog\/wp-content\/uploads\/2025\/02\/urlaub-alcudia-11.webp 600w, https:\/\/rentallorca.com\/blog\/wp-content\/uploads\/2025\/02\/urlaub-alcudia-11-300x200.webp 300w\" sizes=\"(max-width: 600px) 100vw, 600px\" \/><\/figure><div class=\"elementor-image-box-content\"><h3 class=\"elementor-image-box-title\">Die Mauern von Alcudia<\/h3><p class=\"elementor-image-box-description\">Gut erhaltene mittelalterliche Festungsanlagen mit Panoramablick und Zugang zur lokalen Geschichte.<\/p><\/div><\/div>\t\t\t\t<\/div>\n\t\t\t\t<\/div>\n\t\t\t\t<\/div>\n\t\t<div class=\"elementor-element elementor-element-e8b0f4a e-con-full e-flex e-con e-child\" data-id=\"e8b0f4a\" data-element_type=\"container\" data-e-type=\"container\">\n\t\t\t\t<div class=\"elementor-element elementor-element-8a864c7 elementor-position-left elementor-vertical-align-middle elementor-widget elementor-widget-image-box\" data-id=\"8a864c7\" data-element_type=\"widget\" data-e-type=\"widget\" data-widget_type=\"image-box.default\">\n\t\t\t\t<div class=\"elementor-widget-container\">\n\t\t\t\t\t<div class=\"elementor-image-box-wrapper\"><figure class=\"elementor-image-box-img\"><img loading=\"lazy\" decoding=\"async\" width=\"600\" height=\"400\" src=\"https:\/\/rentallorca.com\/blog\/wp-content\/uploads\/2025\/02\/urlaub-alcudia-7.webp\" class=\"attachment-full size-full wp-image-494\" alt=\"Urlaub Alcudia\" srcset=\"https:\/\/rentallorca.com\/blog\/wp-content\/uploads\/2025\/02\/urlaub-alcudia-7.webp 600w, https:\/\/rentallorca.com\/blog\/wp-content\/uploads\/2025\/02\/urlaub-alcudia-7-300x200.webp 300w\" sizes=\"(max-width: 600px) 100vw, 600px\" \/><\/figure><div class=\"elementor-image-box-content\"><h3 class=\"elementor-image-box-title\">R\u00f6mische Ruinen<\/h3><p class=\"elementor-image-box-description\">Arch\u00e4ologische St\u00e4tte mit den \u00dcberresten eines Theaters, H\u00e4usern und Stra\u00dfen der antiken r\u00f6mischen Stadt Pollentia.<\/p><\/div><\/div>\t\t\t\t<\/div>\n\t\t\t\t<\/div>\n\t\t\t\t<\/div>\n\t\t\t\t\t<\/div>\n\t\t\t\t<\/div>\n\t\t<div class=\"elementor-element elementor-element-d5e89cc e-flex e-con-boxed e-con e-parent\" data-id=\"d5e89cc\" data-element_type=\"container\" data-e-type=\"container\">\n\t\t\t\t\t<div class=\"e-con-inner\">\n\t\t<div class=\"elementor-element elementor-element-61d88ea e-con-full e-flex e-con e-child\" data-id=\"61d88ea\" data-element_type=\"container\" data-e-type=\"container\">\n\t\t\t\t<div class=\"elementor-element elementor-element-00aa0ce elementor-widget elementor-widget-spacer\" data-id=\"00aa0ce\" data-element_type=\"widget\" data-e-type=\"widget\" data-widget_type=\"spacer.default\">\n\t\t\t\t<div class=\"elementor-widget-container\">\n\t\t\t\t\t\t\t<div class=\"elementor-spacer\">\n\t\t\t<div class=\"elementor-spacer-inner\"><\/div>\n\t\t<\/div>\n\t\t\t\t\t\t<\/div>\n\t\t\t\t<\/div>\n\t\t\t\t<div class=\"elementor-element elementor-element-0c23f12 elementor-widget elementor-widget-heading\" data-id=\"0c23f12\" data-element_type=\"widget\" data-e-type=\"widget\" id=\"playas-alcudia\" data-widget_type=\"heading.default\">\n\t\t\t\t<div class=\"elementor-widget-container\">\n\t\t\t\t\t<h2 class=\"elementor-heading-title elementor-size-default\">Die besten Str\u00e4nde und Buchten in der N\u00e4he von Alcudia<\/h2>\t\t\t\t<\/div>\n\t\t\t\t<\/div>\n\t\t\t\t<\/div>\n\t\t<div class=\"elementor-element elementor-element-1774f3e e-con-full e-flex e-con e-child\" data-id=\"1774f3e\" data-element_type=\"container\" data-e-type=\"container\">\n\t\t\t\t<div class=\"elementor-element elementor-element-6a767f5 elementor-widget elementor-widget-text-editor\" data-id=\"6a767f5\" data-element_type=\"widget\" data-e-type=\"widget\" data-widget_type=\"text-editor.default\">\n\t\t\t\t<div class=\"elementor-widget-container\">\n\t\t\t\t\t\t\t\t\t<div class=\"flex max-w-full flex-col flex-grow\">\n<div class=\"min-h-8 text-message flex w-full flex-col items-end gap-2 whitespace-normal break-words text-start [.text-message+&amp;]:mt-5\" dir=\"auto\" data-message-author-role=\"assistant\" data-message-id=\"80c2ca0a-b9c8-4f9d-a23f-a7b399a76efa\" data-message-model-slug=\"gpt-4o\">\n<div class=\"flex w-full flex-col gap-1 empty:hidden first:pt-[3px]\">\n<div class=\"markdown prose w-full break-words dark:prose-invert light\">\n<div class=\"flex-1 overflow-hidden @container\/thread translate-y-[1.5rem] -mt-[1.5rem] pb-[1.5rem]\">\n<div class=\"h-full\">\n<div class=\"react-scroll-to-bottom--css-isaco-79elbk h-full\">\n<div class=\"react-scroll-to-bottom--css-isaco-1n7m0yu\">\n<div class=\"flex flex-col text-sm md:pb-9\">\n<article class=\"w-full text-token-text-primary focus-visible:outline-2 focus-visible:outline-offset-[-4px]\" dir=\"auto\" data-testid=\"conversation-turn-19\" data-scroll-anchor=\"true\">\n<div class=\"m-auto text-base py-[18px] px-6\">\n<div class=\"mx-auto flex flex-1 gap-4 text-base md:gap-5 lg:gap-6 md:max-w-3xl lg:max-w-[40rem] xl:max-w-[48rem]\">\n<div class=\"group\/conversation-turn relative flex w-full min-w-0 flex-col agent-turn @xs\/thread:px-0 @sm\/thread:px-1.5 @md\/thread:px-4\">\n<div class=\"flex-col gap-1 md:gap-3\">\n<div class=\"flex max-w-full flex-col flex-grow\">\n<div class=\"min-h-8 text-message flex w-full flex-col items-end gap-2 whitespace-normal break-words text-start [.text-message+&amp;]:mt-5\" dir=\"auto\" data-message-author-role=\"assistant\" data-message-id=\"a45f8cc3-b46b-458d-8a45-698616abe072\" data-message-model-slug=\"gpt-4o\">\n<div class=\"flex w-full flex-col gap-1 empty:hidden first:pt-[3px]\">\n<div class=\"markdown prose w-full break-words dark:prose-invert light\">\n<p>Wenn Sie auf der Suche nach der besten Bucht oder dem besten Alcudia Strand, finden Sie hier einige Empfehlungen. Sie sind ideal, um die Sonne, das Meer und die Natur zu genie\u00dfen, sei es mit der Familie, mit Freunden oder im Rahmen eines ruhigen Ausflugs. Von langen Sandstr\u00e4nden bis zu versteckten Buchten mit kristallklarem Wasser ist f\u00fcr jeden etwas dabei.  <\/p>\n<\/div>\n<\/div>\n<\/div>\n<\/div>\n<\/div>\n<\/div>\n<\/div>\n<\/div>\n<\/article>\n<\/div>\n<\/div>\n<\/div>\n<\/div>\n<\/div>\n<\/div>\n<\/div>\n<\/div>\n<\/div>\n\t\t\t\t\t\t\t\t<\/div>\n\t\t\t\t<\/div>\n\t\t\t\t<\/div>\n\t\t<div class=\"elementor-element elementor-element-f74a6f9 e-con-full e-flex e-con e-child\" data-id=\"f74a6f9\" data-element_type=\"container\" data-e-type=\"container\">\n\t\t\t\t<div class=\"elementor-element elementor-element-2172b61 elementor-arrows-position-outside elementor--h-position-center elementor-widget elementor-widget-slides\" data-id=\"2172b61\" data-element_type=\"widget\" data-e-type=\"widget\" data-settings=\"{&quot;navigation&quot;:&quot;arrows&quot;,&quot;autoplay&quot;:&quot;yes&quot;,&quot;pause_on_hover&quot;:&quot;yes&quot;,&quot;pause_on_interaction&quot;:&quot;yes&quot;,&quot;autoplay_speed&quot;:5000,&quot;infinite&quot;:&quot;yes&quot;,&quot;transition&quot;:&quot;slide&quot;,&quot;transition_speed&quot;:500}\" data-widget_type=\"slides.default\">\n\t\t\t\t<div class=\"elementor-widget-container\">\n\t\t\t\t\t\t\t\t\t<div class=\"elementor-swiper\">\n\t\t\t\t\t<div class=\"elementor-slides-wrapper elementor-main-swiper swiper\" role=\"region\" aria-roledescription=\"carousel\" aria-label=\"Slides\" dir=\"ltr\" data-animation=\"\">\n\t\t\t\t<div class=\"swiper-wrapper elementor-slides\">\n\t\t\t\t\t\t\t\t\t\t<div class=\"elementor-repeater-item-016784b swiper-slide\" role=\"group\" aria-roledescription=\"slide\"><div class=\"swiper-slide-bg\"><\/div><div class=\"swiper-slide-inner\" ><div class=\"swiper-slide-contents\"><div class=\"elementor-slide-heading\">Cala Sant Vicen\u00e7<\/div><div class=\"elementor-slide-description\"><p> Eine Reihe von Buchten mit t\u00fcrkisfarbenem Wasser und malerischer Umgebung, ideal zum Entspannen.<\/p>\n<\/div><\/div><\/div><\/div><div class=\"elementor-repeater-item-1391547 swiper-slide\" role=\"group\" aria-roledescription=\"slide\"><div class=\"swiper-slide-bg\"><\/div><div class=\"swiper-slide-inner\" ><div class=\"swiper-slide-contents\"><div class=\"elementor-slide-heading\">S'Illot<\/div><div class=\"elementor-slide-description\"><p>Eine wilde Bucht mit kristallklarem Wasser, ideal zum Tauchen und Schnorcheln.<\/p>\n<\/div><\/div><\/div><\/div><div class=\"elementor-repeater-item-7e2a6eb swiper-slide\" role=\"group\" aria-roledescription=\"slide\"><div class=\"swiper-slide-bg\"><\/div><div class=\"swiper-slide-inner\" ><div class=\"swiper-slide-contents\"><div class=\"elementor-slide-heading\">Playa de Muro<\/div><div class=\"elementor-slide-description\"><p>Er ist eine Fortsetzung des Strandes von Alcudia und zeichnet sich durch seine nat\u00fcrliche Umgebung und weniger Menschenmassen aus.<\/p>\n<\/div><\/div><\/div><\/div><div class=\"elementor-repeater-item-7cbddf3 swiper-slide\" role=\"group\" aria-roledescription=\"slide\"><div class=\"swiper-slide-bg\"><\/div><div class=\"swiper-slide-inner\" ><div class=\"swiper-slide-contents\"><div class=\"elementor-slide-heading\">Cala Murta<\/div><div class=\"elementor-slide-description\"><p>Eine ruhige Bucht mit blauem Wasser, ideal f\u00fcr einen intimen Kurzurlaub zu zweit.<\/p>\n<\/div><\/div><\/div><\/div><div class=\"elementor-repeater-item-339fe4c swiper-slide\" role=\"group\" aria-roledescription=\"slide\"><div class=\"swiper-slide-bg\"><\/div><div class=\"swiper-slide-inner\" ><div class=\"swiper-slide-contents\"><div class=\"elementor-slide-heading\">Playa de Sant Pere<\/div><div class=\"elementor-slide-description\"><p>Kleiner Strand mit feinem Sand und famili\u00e4rer Atmosph\u00e4re, gelegen in der Urbanisation Bonaire.<\/p>\n<\/div><\/div><\/div><\/div>\t\t\t\t<\/div>\n\t\t\t\t\t\t\t\t\t\t\t\t\t\t\t<div class=\"elementor-swiper-button elementor-swiper-button-prev\" role=\"button\" tabindex=\"0\" aria-label=\"Previous slide\">\n\t\t\t\t\t\t\t<svg aria-hidden=\"true\" class=\"e-font-icon-svg e-eicon-chevron-left\" viewBox=\"0 0 1000 1000\" xmlns=\"http:\/\/www.w3.org\/2000\/svg\"><path d=\"M646 125C629 125 613 133 604 142L308 442C296 454 292 471 292 487 292 504 296 521 308 533L604 854C617 867 629 875 646 875 663 875 679 871 692 858 704 846 713 829 713 812 713 796 708 779 692 767L438 487 692 225C700 217 708 204 708 187 708 171 704 154 692 142 675 129 663 125 646 125Z\"><\/path><\/svg>\t\t\t\t\t\t<\/div>\n\t\t\t\t\t\t<div class=\"elementor-swiper-button elementor-swiper-button-next\" role=\"button\" tabindex=\"0\" aria-label=\"Next slide\">\n\t\t\t\t\t\t\t<svg aria-hidden=\"true\" class=\"e-font-icon-svg e-eicon-chevron-right\" viewBox=\"0 0 1000 1000\" xmlns=\"http:\/\/www.w3.org\/2000\/svg\"><path d=\"M696 533C708 521 713 504 713 487 713 471 708 454 696 446L400 146C388 133 375 125 354 125 338 125 325 129 313 142 300 154 292 171 292 187 292 204 296 221 308 233L563 492 304 771C292 783 288 800 288 817 288 833 296 850 308 863 321 871 338 875 354 875 371 875 388 867 400 854L696 533Z\"><\/path><\/svg>\t\t\t\t\t\t<\/div>\n\t\t\t\t\t\t\t\t\t\t\t\t\t\t\t\t\t<\/div>\n\t\t\t\t<\/div>\n\t\t\t\t\t\t\t\t<\/div>\n\t\t\t\t<\/div>\n\t\t\t\t<\/div>\n\t\t<div class=\"elementor-element elementor-element-23280c7 e-con-full elementor-hidden-tablet e-flex e-con e-child\" data-id=\"23280c7\" data-element_type=\"container\" data-e-type=\"container\">\n\t\t\t\t<div class=\"elementor-element elementor-element-bfb169e elementor-hidden-mobile elementor-widget elementor-widget-gallery\" data-id=\"bfb169e\" data-element_type=\"widget\" data-e-type=\"widget\" data-settings=\"{&quot;columns&quot;:2,&quot;aspect_ratio&quot;:&quot;4:3&quot;,&quot;lazyload&quot;:&quot;yes&quot;,&quot;gallery_layout&quot;:&quot;grid&quot;,&quot;columns_tablet&quot;:2,&quot;columns_mobile&quot;:1,&quot;gap&quot;:{&quot;unit&quot;:&quot;px&quot;,&quot;size&quot;:10,&quot;sizes&quot;:[]},&quot;gap_tablet&quot;:{&quot;unit&quot;:&quot;px&quot;,&quot;size&quot;:10,&quot;sizes&quot;:[]},&quot;gap_mobile&quot;:{&quot;unit&quot;:&quot;px&quot;,&quot;size&quot;:10,&quot;sizes&quot;:[]},&quot;link_to&quot;:&quot;file&quot;,&quot;overlay_background&quot;:&quot;yes&quot;,&quot;content_hover_animation&quot;:&quot;fade-in&quot;}\" data-widget_type=\"gallery.default\">\n\t\t\t\t<div class=\"elementor-widget-container\">\n\t\t\t\t\t\t\t<div class=\"elementor-gallery__container\">\n\t\t\t\t\t\t\t<a class=\"e-gallery-item elementor-gallery-item elementor-animated-content\" href=\"https:\/\/rentallorca.com\/blog\/wp-content\/uploads\/2025\/02\/urlaub-alcudia-13.webp\" data-elementor-open-lightbox=\"yes\" data-elementor-lightbox-slideshow=\"bfb169e\" data-elementor-lightbox-title=\"urlaub-alcudia-13\" data-e-action-hash=\"#elementor-action%3Aaction%3Dlightbox%26settings%3DeyJpZCI6NTEyLCJ1cmwiOiJodHRwczpcL1wvcmVudGFsbG9yY2EuY29tXC9ibG9nXC93cC1jb250ZW50XC91cGxvYWRzXC8yMDI1XC8wMlwvdXJsYXViLWFsY3VkaWEtMTMud2VicCIsInNsaWRlc2hvdyI6ImJmYjE2OWUifQ%3D%3D\">\n\t\t\t\t\t<div class=\"e-gallery-image elementor-gallery-item__image\" data-thumbnail=\"https:\/\/rentallorca.com\/blog\/wp-content\/uploads\/2025\/02\/urlaub-alcudia-13.webp\" data-width=\"800\" data-height=\"800\" aria-label=\"\" role=\"img\" ><\/div>\n\t\t\t\t\t\t\t\t\t\t\t<div class=\"elementor-gallery-item__overlay\"><\/div>\n\t\t\t\t\t\t\t\t\t\t\t\t\t\t<\/a>\n\t\t\t\t\t\t\t<a class=\"e-gallery-item elementor-gallery-item elementor-animated-content\" href=\"https:\/\/rentallorca.com\/blog\/wp-content\/uploads\/2025\/02\/urlaub-alcudia-14.webp\" data-elementor-open-lightbox=\"yes\" data-elementor-lightbox-slideshow=\"bfb169e\" data-elementor-lightbox-title=\"urlaub-alcudia-14\" data-e-action-hash=\"#elementor-action%3Aaction%3Dlightbox%26settings%3DeyJpZCI6NTE1LCJ1cmwiOiJodHRwczpcL1wvcmVudGFsbG9yY2EuY29tXC9ibG9nXC93cC1jb250ZW50XC91cGxvYWRzXC8yMDI1XC8wMlwvdXJsYXViLWFsY3VkaWEtMTQud2VicCIsInNsaWRlc2hvdyI6ImJmYjE2OWUifQ%3D%3D\">\n\t\t\t\t\t<div class=\"e-gallery-image elementor-gallery-item__image\" data-thumbnail=\"https:\/\/rentallorca.com\/blog\/wp-content\/uploads\/2025\/02\/urlaub-alcudia-14.webp\" data-width=\"800\" data-height=\"800\" aria-label=\"\" role=\"img\" ><\/div>\n\t\t\t\t\t\t\t\t\t\t\t<div class=\"elementor-gallery-item__overlay\"><\/div>\n\t\t\t\t\t\t\t\t\t\t\t\t\t\t<\/a>\n\t\t\t\t\t\t\t<a class=\"e-gallery-item elementor-gallery-item elementor-animated-content\" href=\"https:\/\/rentallorca.com\/blog\/wp-content\/uploads\/2025\/02\/urlaub-alcudia-12.webp\" data-elementor-open-lightbox=\"yes\" data-elementor-lightbox-slideshow=\"bfb169e\" data-elementor-lightbox-title=\"urlaub-alcudia-12\" data-e-action-hash=\"#elementor-action%3Aaction%3Dlightbox%26settings%3DeyJpZCI6NTA5LCJ1cmwiOiJodHRwczpcL1wvcmVudGFsbG9yY2EuY29tXC9ibG9nXC93cC1jb250ZW50XC91cGxvYWRzXC8yMDI1XC8wMlwvdXJsYXViLWFsY3VkaWEtMTIud2VicCIsInNsaWRlc2hvdyI6ImJmYjE2OWUifQ%3D%3D\">\n\t\t\t\t\t<div class=\"e-gallery-image elementor-gallery-item__image\" data-thumbnail=\"https:\/\/rentallorca.com\/blog\/wp-content\/uploads\/2025\/02\/urlaub-alcudia-12.webp\" data-width=\"800\" data-height=\"800\" aria-label=\"\" role=\"img\" ><\/div>\n\t\t\t\t\t\t\t\t\t\t\t<div class=\"elementor-gallery-item__overlay\"><\/div>\n\t\t\t\t\t\t\t\t\t\t\t\t\t\t<\/a>\n\t\t\t\t\t\t\t<a class=\"e-gallery-item elementor-gallery-item elementor-animated-content\" href=\"https:\/\/rentallorca.com\/blog\/wp-content\/uploads\/2025\/02\/urlaub-alcudia-15.webp\" data-elementor-open-lightbox=\"yes\" data-elementor-lightbox-slideshow=\"bfb169e\" data-elementor-lightbox-title=\"urlaub-alcudia-15\" data-e-action-hash=\"#elementor-action%3Aaction%3Dlightbox%26settings%3DeyJpZCI6NTE4LCJ1cmwiOiJodHRwczpcL1wvcmVudGFsbG9yY2EuY29tXC9ibG9nXC93cC1jb250ZW50XC91cGxvYWRzXC8yMDI1XC8wMlwvdXJsYXViLWFsY3VkaWEtMTUud2VicCIsInNsaWRlc2hvdyI6ImJmYjE2OWUifQ%3D%3D\">\n\t\t\t\t\t<div class=\"e-gallery-image elementor-gallery-item__image\" data-thumbnail=\"https:\/\/rentallorca.com\/blog\/wp-content\/uploads\/2025\/02\/urlaub-alcudia-15.webp\" data-width=\"600\" data-height=\"400\" aria-label=\"\" role=\"img\" ><\/div>\n\t\t\t\t\t\t\t\t\t\t\t<div class=\"elementor-gallery-item__overlay\"><\/div>\n\t\t\t\t\t\t\t\t\t\t\t\t\t\t<\/a>\n\t\t\t\t\t<\/div>\n\t\t\t\t\t<\/div>\n\t\t\t\t<\/div>\n\t\t\t\t<\/div>\n\t\t\t\t\t<\/div>\n\t\t\t\t<\/div>\n\t\t<div class=\"elementor-element elementor-element-f647e1c e-flex e-con-boxed e-con e-parent\" data-id=\"f647e1c\" data-element_type=\"container\" data-e-type=\"container\">\n\t\t\t\t\t<div class=\"e-con-inner\">\n\t\t<div class=\"elementor-element elementor-element-78a3326 e-con-full e-flex e-con e-child\" data-id=\"78a3326\" data-element_type=\"container\" data-e-type=\"container\">\n\t\t\t\t<div class=\"elementor-element elementor-element-0848ddf elementor-widget elementor-widget-spacer\" data-id=\"0848ddf\" data-element_type=\"widget\" data-e-type=\"widget\" data-widget_type=\"spacer.default\">\n\t\t\t\t<div class=\"elementor-widget-container\">\n\t\t\t\t\t\t\t<div class=\"elementor-spacer\">\n\t\t\t<div class=\"elementor-spacer-inner\"><\/div>\n\t\t<\/div>\n\t\t\t\t\t\t<\/div>\n\t\t\t\t<\/div>\n\t\t\t\t<div class=\"elementor-element elementor-element-24fc28f elementor-widget elementor-widget-heading\" data-id=\"24fc28f\" data-element_type=\"widget\" data-e-type=\"widget\" data-widget_type=\"heading.default\">\n\t\t\t\t<div class=\"elementor-widget-container\">\n\t\t\t\t\t<h3 class=\"elementor-heading-title elementor-size-default\">Sie haben noch keine Unterkunft Alcudia gebucht? Schauen Sie sich unsere Immobilien an! <\/h3>\t\t\t\t<\/div>\n\t\t\t\t<\/div>\n\t\t\t\t<\/div>\n\t\t<div class=\"elementor-element elementor-element-243ae10 e-con-full e-flex e-con e-child\" data-id=\"243ae10\" data-element_type=\"container\" data-e-type=\"container\">\n\t\t\t\t<\/div>\n\t\t\t\t\t<\/div>\n\t\t\t\t<\/div>\n\t\t<div class=\"elementor-element elementor-element-115e661 e-flex e-con-boxed e-con e-parent\" data-id=\"115e661\" data-element_type=\"container\" data-e-type=\"container\">\n\t\t\t\t\t<div class=\"e-con-inner\">\n\t\t<div class=\"elementor-element elementor-element-75b82e0 e-con-full e-flex e-con e-child\" data-id=\"75b82e0\" data-element_type=\"container\" data-e-type=\"container\">\n\t\t<div class=\"elementor-element elementor-element-f3f5fb9 e-con-full e-flex e-con e-child\" data-id=\"f3f5fb9\" data-element_type=\"container\" data-e-type=\"container\">\n\t\t\t\t<div class=\"elementor-element elementor-element-0ad0ef1 elementor-widget elementor-widget-spacer\" data-id=\"0ad0ef1\" data-element_type=\"widget\" data-e-type=\"widget\" data-widget_type=\"spacer.default\">\n\t\t\t\t<div class=\"elementor-widget-container\">\n\t\t\t\t\t\t\t<div class=\"elementor-spacer\">\n\t\t\t<div class=\"elementor-spacer-inner\"><\/div>\n\t\t<\/div>\n\t\t\t\t\t\t<\/div>\n\t\t\t\t<\/div>\n\t\t\t\t<div class=\"elementor-element elementor-element-1c1ac5c elementor-widget elementor-widget-heading\" data-id=\"1c1ac5c\" data-element_type=\"widget\" data-e-type=\"widget\" data-widget_type=\"heading.default\">\n\t\t\t\t<div class=\"elementor-widget-container\">\n\t\t\t\t\t<h2 class=\"elementor-heading-title elementor-size-default\">Was kann man in Alcudia machen\u200b?<\/h2>\t\t\t\t<\/div>\n\t\t\t\t<\/div>\n\t\t\t\t<\/div>\n\t\t<div class=\"elementor-element elementor-element-9831c11 e-con-full e-flex e-con e-child\" data-id=\"9831c11\" data-element_type=\"container\" data-e-type=\"container\">\n\t\t\t\t<div class=\"elementor-element elementor-element-d96acab elementor-position-left elementor-vertical-align-middle elementor-widget elementor-widget-image-box\" data-id=\"d96acab\" data-element_type=\"widget\" data-e-type=\"widget\" data-widget_type=\"image-box.default\">\n\t\t\t\t<div class=\"elementor-widget-container\">\n\t\t\t\t\t<div class=\"elementor-image-box-wrapper\"><figure class=\"elementor-image-box-img\"><img loading=\"lazy\" decoding=\"async\" width=\"600\" height=\"400\" src=\"https:\/\/rentallorca.com\/blog\/wp-content\/uploads\/2025\/02\/alcudia-urlaub-1.webp\" class=\"attachment-full size-full wp-image-479\" alt=\"alcudia urlaub\" srcset=\"https:\/\/rentallorca.com\/blog\/wp-content\/uploads\/2025\/02\/alcudia-urlaub-1.webp 600w, https:\/\/rentallorca.com\/blog\/wp-content\/uploads\/2025\/02\/alcudia-urlaub-1-300x200.webp 300w\" sizes=\"(max-width: 600px) 100vw, 600px\" \/><\/figure><div class=\"elementor-image-box-content\"><h3 class=\"elementor-image-box-title\">Free Walking Tour<\/h3><p class=\"elementor-image-box-description\">Erkunden Sie die Altstadt mit ortskundigen Reisef\u00fchrern, erfahren Sie mehr \u00fcber ihre Geschichte und entdecken Sie bezaubernde Orte.<\/p><\/div><\/div>\t\t\t\t<\/div>\n\t\t\t\t<\/div>\n\t\t\t\t<\/div>\n\t\t<div class=\"elementor-element elementor-element-9ad011b e-con-full e-flex e-con e-child\" data-id=\"9ad011b\" data-element_type=\"container\" data-e-type=\"container\">\n\t\t\t\t<div class=\"elementor-element elementor-element-82e3738 elementor-position-left elementor-vertical-align-middle elementor-widget elementor-widget-image-box\" data-id=\"82e3738\" data-element_type=\"widget\" data-e-type=\"widget\" data-widget_type=\"image-box.default\">\n\t\t\t\t<div class=\"elementor-widget-container\">\n\t\t\t\t\t<div class=\"elementor-image-box-wrapper\"><figure class=\"elementor-image-box-img\"><img loading=\"lazy\" decoding=\"async\" width=\"600\" height=\"400\" src=\"https:\/\/rentallorca.com\/blog\/wp-content\/uploads\/2025\/02\/alcudia-urlaub-5.webp\" class=\"attachment-full size-full wp-image-491\" alt=\"alcudia urlaub\" srcset=\"https:\/\/rentallorca.com\/blog\/wp-content\/uploads\/2025\/02\/alcudia-urlaub-5.webp 600w, https:\/\/rentallorca.com\/blog\/wp-content\/uploads\/2025\/02\/alcudia-urlaub-5-300x200.webp 300w\" sizes=\"(max-width: 600px) 100vw, 600px\" \/><\/figure><div class=\"elementor-image-box-content\"><h3 class=\"elementor-image-box-title\">Alcudia Katamarantour<\/h3><p class=\"elementor-image-box-description\">Segeln Sie entlang der K\u00fcste, schwimmen Sie im kristallklaren Wasser und genie\u00dfen Sie paradiesische Landschaften vom Meer aus.<\/p><\/div><\/div>\t\t\t\t<\/div>\n\t\t\t\t<\/div>\n\t\t\t\t<\/div>\n\t\t<div class=\"elementor-element elementor-element-4cbbf0a e-con-full e-flex e-con e-child\" data-id=\"4cbbf0a\" data-element_type=\"container\" data-e-type=\"container\">\n\t\t\t\t<div class=\"elementor-element elementor-element-b9c7c8e elementor-position-left elementor-vertical-align-middle elementor-widget elementor-widget-image-box\" data-id=\"b9c7c8e\" data-element_type=\"widget\" data-e-type=\"widget\" data-widget_type=\"image-box.default\">\n\t\t\t\t<div class=\"elementor-widget-container\">\n\t\t\t\t\t<div class=\"elementor-image-box-wrapper\"><figure class=\"elementor-image-box-img\"><img loading=\"lazy\" decoding=\"async\" width=\"600\" height=\"400\" src=\"https:\/\/rentallorca.com\/blog\/wp-content\/uploads\/2025\/02\/alcudia-urlaub-4.webp\" class=\"attachment-full size-full wp-image-482\" alt=\"alcudia urlaub\" srcset=\"https:\/\/rentallorca.com\/blog\/wp-content\/uploads\/2025\/02\/alcudia-urlaub-4.webp 600w, https:\/\/rentallorca.com\/blog\/wp-content\/uploads\/2025\/02\/alcudia-urlaub-4-300x200.webp 300w\" sizes=\"(max-width: 600px) 100vw, 600px\" \/><\/figure><div class=\"elementor-image-box-content\"><h3 class=\"elementor-image-box-title\">Delfin Tour Alcudia<\/h3><p class=\"elementor-image-box-description\">Ideale Aktivit\u00e4t f\u00fcr die ganze Familie, Paare oder \u00e4ltere Erwachsene. W\u00e4hrend der Bootsfahrt durch das Mittelmeer k\u00f6nnen Sie Delfine in ihrem nat\u00fcrlichen Lebensraum beobachten, was ein unterhaltsames und lehrreiches Erlebnis bietet. Die Tour verl\u00e4uft ruhig und sicher und ist auch f\u00fcr Personen mit eingeschr\u00e4nkter Mobilit\u00e4t geeignet. Die Tour kann im Morgengrauen, bei einer k\u00fchlen und entspannten Atmosph\u00e4re, oder bei Sonnenuntergang durchgef\u00fchrt werden. Es ist sicherlich eine tolle Aktivit\u00e4t in Alcudia f\u00fcr einen romantischen Ausflug oder zum Genie\u00dfen der wundersch\u00f6nen K\u00fcstenlandschaft.    <\/p><\/div><\/div>\t\t\t\t<\/div>\n\t\t\t\t<\/div>\n\t\t\t\t<\/div>\n\t\t<div class=\"elementor-element elementor-element-f0727c0 e-con-full e-flex e-con e-child\" data-id=\"f0727c0\" data-element_type=\"container\" data-e-type=\"container\">\n\t\t\t\t<div class=\"elementor-element elementor-element-e5e9cd5 elementor-position-left elementor-vertical-align-middle elementor-widget elementor-widget-image-box\" data-id=\"e5e9cd5\" data-element_type=\"widget\" data-e-type=\"widget\" data-widget_type=\"image-box.default\">\n\t\t\t\t<div class=\"elementor-widget-container\">\n\t\t\t\t\t<div class=\"elementor-image-box-wrapper\"><figure class=\"elementor-image-box-img\"><img loading=\"lazy\" decoding=\"async\" width=\"600\" height=\"400\" src=\"https:\/\/rentallorca.com\/blog\/wp-content\/uploads\/2025\/02\/alcudia-urlaub-2.webp\" class=\"attachment-full size-full wp-image-488\" alt=\"alcudia urlaub\" srcset=\"https:\/\/rentallorca.com\/blog\/wp-content\/uploads\/2025\/02\/alcudia-urlaub-2.webp 600w, https:\/\/rentallorca.com\/blog\/wp-content\/uploads\/2025\/02\/alcudia-urlaub-2-300x200.webp 300w\" sizes=\"(max-width: 600px) 100vw, 600px\" \/><\/figure><div class=\"elementor-image-box-content\"><h3 class=\"elementor-image-box-title\">Buggy Tour<\/h3><p class=\"elementor-image-box-description\">Fahren Sie \u00fcber Landstra\u00dfen und genie\u00dfen Sie spektakul\u00e4re Aussichten auf einer aufregenden Buggy-Route.<\/p><\/div><\/div>\t\t\t\t<\/div>\n\t\t\t\t<\/div>\n\t\t\t\t<\/div>\n\t\t<div class=\"elementor-element elementor-element-10eb880 e-con-full e-flex e-con e-child\" data-id=\"10eb880\" data-element_type=\"container\" data-e-type=\"container\">\n\t\t\t\t<div class=\"elementor-element elementor-element-0a7ed5f elementor-position-left elementor-vertical-align-middle elementor-widget elementor-widget-image-box\" data-id=\"0a7ed5f\" data-element_type=\"widget\" data-e-type=\"widget\" data-widget_type=\"image-box.default\">\n\t\t\t\t<div class=\"elementor-widget-container\">\n\t\t\t\t\t<div class=\"elementor-image-box-wrapper\"><figure class=\"elementor-image-box-img\"><img loading=\"lazy\" decoding=\"async\" width=\"600\" height=\"400\" src=\"https:\/\/rentallorca.com\/blog\/wp-content\/uploads\/2025\/02\/alcudia-urlaub-3.webp\" class=\"attachment-full size-full wp-image-485\" alt=\"alcudia urlaub\" srcset=\"https:\/\/rentallorca.com\/blog\/wp-content\/uploads\/2025\/02\/alcudia-urlaub-3.webp 600w, https:\/\/rentallorca.com\/blog\/wp-content\/uploads\/2025\/02\/alcudia-urlaub-3-300x200.webp 300w\" sizes=\"(max-width: 600px) 100vw, 600px\" \/><\/figure><div class=\"elementor-image-box-content\"><h3 class=\"elementor-image-box-title\">Bootsfahrt<\/h3><p class=\"elementor-image-box-description\">Genie\u00dfen Sie einen entspannten Ausflug, um die K\u00fcste zu bewundern und traumhafte Naturbuchten bei Ihrem Besuch in Alcudia zu entdecken.<\/p><\/div><\/div>\t\t\t\t<\/div>\n\t\t\t\t<\/div>\n\t\t\t\t<\/div>\n\t\t\t\t<\/div>\n\t\t\t\t\t<\/div>\n\t\t\t\t<\/div>\n\t\t<div class=\"elementor-element elementor-element-1ccb62a e-flex e-con-boxed e-con e-parent\" data-id=\"1ccb62a\" data-element_type=\"container\" data-e-type=\"container\">\n\t\t\t\t\t<div class=\"e-con-inner\">\n\t\t<div class=\"elementor-element elementor-element-f38035a e-con-full e-flex e-con e-child\" data-id=\"f38035a\" data-element_type=\"container\" data-e-type=\"container\">\n\t\t\t\t<div class=\"elementor-element elementor-element-a44f2a9 elementor-widget elementor-widget-spacer\" data-id=\"a44f2a9\" data-element_type=\"widget\" data-e-type=\"widget\" data-widget_type=\"spacer.default\">\n\t\t\t\t<div class=\"elementor-widget-container\">\n\t\t\t\t\t\t\t<div class=\"elementor-spacer\">\n\t\t\t<div class=\"elementor-spacer-inner\"><\/div>\n\t\t<\/div>\n\t\t\t\t\t\t<\/div>\n\t\t\t\t<\/div>\n\t\t\t\t<div class=\"elementor-element elementor-element-31f3c8c elementor-widget elementor-widget-heading\" data-id=\"31f3c8c\" data-element_type=\"widget\" data-e-type=\"widget\" data-widget_type=\"heading.default\">\n\t\t\t\t<div class=\"elementor-widget-container\">\n\t\t\t\t\t<h2 class=\"elementor-heading-title elementor-size-default\">Alcudia Urlaub mit Kindern\u200b: Was sind Ihre Pl\u00e4ne?<\/h2>\t\t\t\t<\/div>\n\t\t\t\t<\/div>\n\t\t\t\t<\/div>\n\t\t<div class=\"elementor-element elementor-element-495b05b e-con-full e-flex e-con e-child\" data-id=\"495b05b\" data-element_type=\"container\" data-e-type=\"container\">\n\t\t\t\t<div class=\"elementor-element elementor-element-492d8c6 elementor-widget elementor-widget-text-editor\" data-id=\"492d8c6\" data-element_type=\"widget\" data-e-type=\"widget\" data-widget_type=\"text-editor.default\">\n\t\t\t\t<div class=\"elementor-widget-container\">\n\t\t\t\t\t\t\t\t\t<div class=\"flex max-w-full flex-col flex-grow\">\n<div class=\"min-h-8 text-message flex w-full flex-col items-end gap-2 whitespace-normal break-words text-start [.text-message+&amp;]:mt-5\" dir=\"auto\" data-message-author-role=\"assistant\" data-message-id=\"80c2ca0a-b9c8-4f9d-a23f-a7b399a76efa\" data-message-model-slug=\"gpt-4o\">\n<div class=\"flex w-full flex-col gap-1 empty:hidden first:pt-[3px]\">\n<div class=\"markdown prose w-full break-words dark:prose-invert light\">\n<p>Wenn Sie nach Aktivit\u00e4ten f\u00fcr Kinder in Alcudia suchen, finden Sie hier einige Ideen. Dies sind hervorragende Optionen f\u00fcr alle, die sich fragen, was sie in Alcudia mit Kindern unternehmen k\u00f6nnen und dabei Natur, Geschichte und Wasserspa\u00df kombinieren k\u00f6nnen.  <\/p>\n<\/div>\n<\/div>\n<\/div>\n<\/div>\n\t\t\t\t\t\t\t\t<\/div>\n\t\t\t\t<\/div>\n\t\t\t\t<\/div>\n\t\t<div class=\"elementor-element elementor-element-766654e e-con-full e-flex e-con e-child\" data-id=\"766654e\" data-element_type=\"container\" data-e-type=\"container\">\n\t\t\t\t<div class=\"elementor-element elementor-element-27b4603 elementor-arrows-position-outside elementor--h-position-center elementor-widget elementor-widget-slides\" data-id=\"27b4603\" data-element_type=\"widget\" data-e-type=\"widget\" data-settings=\"{&quot;navigation&quot;:&quot;arrows&quot;,&quot;autoplay&quot;:&quot;yes&quot;,&quot;pause_on_hover&quot;:&quot;yes&quot;,&quot;pause_on_interaction&quot;:&quot;yes&quot;,&quot;autoplay_speed&quot;:5000,&quot;infinite&quot;:&quot;yes&quot;,&quot;transition&quot;:&quot;slide&quot;,&quot;transition_speed&quot;:500}\" data-widget_type=\"slides.default\">\n\t\t\t\t<div class=\"elementor-widget-container\">\n\t\t\t\t\t\t\t\t\t<div class=\"elementor-swiper\">\n\t\t\t\t\t<div class=\"elementor-slides-wrapper elementor-main-swiper swiper\" role=\"region\" aria-roledescription=\"carousel\" aria-label=\"Slides\" dir=\"ltr\" data-animation=\"\">\n\t\t\t\t<div class=\"swiper-wrapper elementor-slides\">\n\t\t\t\t\t\t\t\t\t\t<div class=\"elementor-repeater-item-016784b swiper-slide\" role=\"group\" aria-roledescription=\"slide\"><div class=\"swiper-slide-bg\"><\/div><div class=\"swiper-slide-inner\" ><div class=\"swiper-slide-contents\"><div class=\"elementor-slide-heading\">Entdecken Sie den Naturpark S'Albufera<\/div><div class=\"elementor-slide-description\"><p>Es ist ein perfekter Spaziergang f\u00fcr Kinder, bei dem sie in einer gesch\u00fctzten Umgebung V\u00f6gel, Insekten und einzigartige Pflanzen beobachten k\u00f6nnen. Es gibt Wanderwege und Rastpl\u00e4tze, wo Sie Schutz vor der Sonne suchen und eine Kleinigkeit essen k\u00f6nnen. <\/p>\n<\/div><\/div><\/div><\/div><div class=\"elementor-repeater-item-1391547 swiper-slide\" role=\"group\" aria-roledescription=\"slide\"><div class=\"swiper-slide-bg\"><\/div><div class=\"swiper-slide-inner\" ><div class=\"swiper-slide-contents\"><div class=\"elementor-slide-heading\">Besuchen Sie den Hidropark Alcudia<\/div><div class=\"elementor-slide-description\"><p>Dieser Wasserpark bietet Rutschen, Kinderbecken und Spielbereiche f\u00fcr alle Altersgruppen. Von Mai bis September ge\u00f6ffnet, ist es eine tolle Alternative f\u00fcr hei\u00dfe Tage. <\/p>\n<\/div><\/div><\/div><\/div><div class=\"elementor-repeater-item-7e2a6eb swiper-slide\" role=\"group\" aria-roledescription=\"slide\"><div class=\"swiper-slide-bg\"><\/div><div class=\"swiper-slide-inner\" ><div class=\"swiper-slide-contents\"><div class=\"elementor-slide-heading\">Genie\u00dfen Sie Familienstr\u00e4nde<\/div><div class=\"elementor-slide-description\"><p>Playa de Muro hat ruhiges, flaches Wasser, perfekt f\u00fcr Kinder. F\u00fcr zus\u00e4tzlichen Komfort sorgen in der N\u00e4he Serviceleistungen wie Toiletten, Restaurants und ein Sonnenschirmverleih. <\/p>\n<\/div><\/div><\/div><\/div><div class=\"elementor-repeater-item-339fe4c swiper-slide\" role=\"group\" aria-roledescription=\"slide\"><div class=\"swiper-slide-bg\"><\/div><div class=\"swiper-slide-inner\" ><div class=\"swiper-slide-contents\"><div class=\"elementor-slide-heading\">Besuchen Sie im Oktober die Messe in Alcudia<\/div><div class=\"elementor-slide-description\"><p>W\u00e4hrend dieser Messe finden im historischen Zentrum Aktivit\u00e4ten f\u00fcr Kinder, Pr\u00e4sentationen lokaler Produkte und kulturelle Ausstellungen statt. Ideal, um es mit der Familie zu genie\u00dfen. <\/p>\n<\/div><\/div><\/div><\/div>\t\t\t\t<\/div>\n\t\t\t\t\t\t\t\t\t\t\t\t\t\t\t<div class=\"elementor-swiper-button elementor-swiper-button-prev\" role=\"button\" tabindex=\"0\" aria-label=\"Previous slide\">\n\t\t\t\t\t\t\t<svg aria-hidden=\"true\" class=\"e-font-icon-svg e-eicon-chevron-left\" viewBox=\"0 0 1000 1000\" xmlns=\"http:\/\/www.w3.org\/2000\/svg\"><path d=\"M646 125C629 125 613 133 604 142L308 442C296 454 292 471 292 487 292 504 296 521 308 533L604 854C617 867 629 875 646 875 663 875 679 871 692 858 704 846 713 829 713 812 713 796 708 779 692 767L438 487 692 225C700 217 708 204 708 187 708 171 704 154 692 142 675 129 663 125 646 125Z\"><\/path><\/svg>\t\t\t\t\t\t<\/div>\n\t\t\t\t\t\t<div class=\"elementor-swiper-button elementor-swiper-button-next\" role=\"button\" tabindex=\"0\" aria-label=\"Next slide\">\n\t\t\t\t\t\t\t<svg aria-hidden=\"true\" class=\"e-font-icon-svg e-eicon-chevron-right\" viewBox=\"0 0 1000 1000\" xmlns=\"http:\/\/www.w3.org\/2000\/svg\"><path d=\"M696 533C708 521 713 504 713 487 713 471 708 454 696 446L400 146C388 133 375 125 354 125 338 125 325 129 313 142 300 154 292 171 292 187 292 204 296 221 308 233L563 492 304 771C292 783 288 800 288 817 288 833 296 850 308 863 321 871 338 875 354 875 371 875 388 867 400 854L696 533Z\"><\/path><\/svg>\t\t\t\t\t\t<\/div>\n\t\t\t\t\t\t\t\t\t\t\t\t\t\t\t\t\t<\/div>\n\t\t\t\t<\/div>\n\t\t\t\t\t\t\t\t<\/div>\n\t\t\t\t<\/div>\n\t\t\t\t<\/div>\n\t\t<div class=\"elementor-element elementor-element-e74fa56 e-con-full elementor-hidden-tablet e-flex e-con e-child\" data-id=\"e74fa56\" data-element_type=\"container\" data-e-type=\"container\">\n\t\t\t\t<div class=\"elementor-element elementor-element-29b5c9d elementor-widget elementor-widget-gallery\" data-id=\"29b5c9d\" data-element_type=\"widget\" data-e-type=\"widget\" data-settings=\"{&quot;gallery_layout&quot;:&quot;justified&quot;,&quot;lazyload&quot;:&quot;yes&quot;,&quot;ideal_row_height&quot;:{&quot;unit&quot;:&quot;px&quot;,&quot;size&quot;:200,&quot;sizes&quot;:[]},&quot;ideal_row_height_tablet&quot;:{&quot;unit&quot;:&quot;px&quot;,&quot;size&quot;:150,&quot;sizes&quot;:[]},&quot;ideal_row_height_mobile&quot;:{&quot;unit&quot;:&quot;px&quot;,&quot;size&quot;:150,&quot;sizes&quot;:[]},&quot;gap&quot;:{&quot;unit&quot;:&quot;px&quot;,&quot;size&quot;:10,&quot;sizes&quot;:[]},&quot;gap_tablet&quot;:{&quot;unit&quot;:&quot;px&quot;,&quot;size&quot;:10,&quot;sizes&quot;:[]},&quot;gap_mobile&quot;:{&quot;unit&quot;:&quot;px&quot;,&quot;size&quot;:10,&quot;sizes&quot;:[]},&quot;link_to&quot;:&quot;file&quot;,&quot;overlay_background&quot;:&quot;yes&quot;,&quot;content_hover_animation&quot;:&quot;fade-in&quot;}\" data-widget_type=\"gallery.default\">\n\t\t\t\t<div class=\"elementor-widget-container\">\n\t\t\t\t\t\t\t<div class=\"elementor-gallery__container\">\n\t\t\t\t\t\t\t<a class=\"e-gallery-item elementor-gallery-item elementor-animated-content\" href=\"https:\/\/rentallorca.com\/blog\/wp-content\/uploads\/2025\/02\/visitar-alcudia-12.webp\" data-elementor-open-lightbox=\"yes\" data-elementor-lightbox-slideshow=\"29b5c9d\" data-elementor-lightbox-title=\"visitar-alcudia-12\" data-e-action-hash=\"#elementor-action%3Aaction%3Dlightbox%26settings%3DeyJpZCI6NDcwLCJ1cmwiOiJodHRwczpcL1wvcmVudGFsbG9yY2EuY29tXC9ibG9nXC93cC1jb250ZW50XC91cGxvYWRzXC8yMDI1XC8wMlwvdmlzaXRhci1hbGN1ZGlhLTEyLndlYnAiLCJzbGlkZXNob3ciOiIyOWI1YzlkIn0%3D\">\n\t\t\t\t\t<div class=\"e-gallery-image elementor-gallery-item__image\" data-thumbnail=\"https:\/\/rentallorca.com\/blog\/wp-content\/uploads\/2025\/02\/visitar-alcudia-12-300x300.webp\" data-width=\"300\" data-height=\"300\" aria-label=\"\" role=\"img\" ><\/div>\n\t\t\t\t\t\t\t\t\t\t\t<div class=\"elementor-gallery-item__overlay\"><\/div>\n\t\t\t\t\t\t\t\t\t\t\t\t\t\t<\/a>\n\t\t\t\t\t\t\t<a class=\"e-gallery-item elementor-gallery-item elementor-animated-content\" href=\"https:\/\/rentallorca.com\/blog\/wp-content\/uploads\/2025\/02\/visitar-alcudia-11.webp\" data-elementor-open-lightbox=\"yes\" data-elementor-lightbox-slideshow=\"29b5c9d\" data-elementor-lightbox-title=\"visitar-alcudia-11\" data-e-action-hash=\"#elementor-action%3Aaction%3Dlightbox%26settings%3DeyJpZCI6NDczLCJ1cmwiOiJodHRwczpcL1wvcmVudGFsbG9yY2EuY29tXC9ibG9nXC93cC1jb250ZW50XC91cGxvYWRzXC8yMDI1XC8wMlwvdmlzaXRhci1hbGN1ZGlhLTExLndlYnAiLCJzbGlkZXNob3ciOiIyOWI1YzlkIn0%3D\">\n\t\t\t\t\t<div class=\"e-gallery-image elementor-gallery-item__image\" data-thumbnail=\"https:\/\/rentallorca.com\/blog\/wp-content\/uploads\/2025\/02\/visitar-alcudia-11-300x300.webp\" data-width=\"300\" data-height=\"300\" aria-label=\"\" role=\"img\" ><\/div>\n\t\t\t\t\t\t\t\t\t\t\t<div class=\"elementor-gallery-item__overlay\"><\/div>\n\t\t\t\t\t\t\t\t\t\t\t\t\t\t<\/a>\n\t\t\t\t\t\t\t<a class=\"e-gallery-item elementor-gallery-item elementor-animated-content\" href=\"https:\/\/rentallorca.com\/blog\/wp-content\/uploads\/2025\/02\/visitar-alcudia-13.png\" data-elementor-open-lightbox=\"yes\" data-elementor-lightbox-slideshow=\"29b5c9d\" data-elementor-lightbox-title=\"visitar-alcudia-13\" data-e-action-hash=\"#elementor-action%3Aaction%3Dlightbox%26settings%3DeyJpZCI6NDc2LCJ1cmwiOiJodHRwczpcL1wvcmVudGFsbG9yY2EuY29tXC9ibG9nXC93cC1jb250ZW50XC91cGxvYWRzXC8yMDI1XC8wMlwvdmlzaXRhci1hbGN1ZGlhLTEzLnBuZyIsInNsaWRlc2hvdyI6IjI5YjVjOWQifQ%3D%3D\">\n\t\t\t\t\t<div class=\"e-gallery-image elementor-gallery-item__image\" data-thumbnail=\"https:\/\/rentallorca.com\/blog\/wp-content\/uploads\/2025\/02\/visitar-alcudia-13-300x300.png\" data-width=\"300\" data-height=\"300\" aria-label=\"\" role=\"img\" ><\/div>\n\t\t\t\t\t\t\t\t\t\t\t<div class=\"elementor-gallery-item__overlay\"><\/div>\n\t\t\t\t\t\t\t\t\t\t\t\t\t\t<\/a>\n\t\t\t\t\t\t\t<a class=\"e-gallery-item elementor-gallery-item elementor-animated-content\" href=\"https:\/\/rentallorca.com\/blog\/wp-content\/uploads\/2025\/02\/visitar-alcudia-10.webp\" data-elementor-open-lightbox=\"yes\" data-elementor-lightbox-slideshow=\"29b5c9d\" data-elementor-lightbox-title=\"visitar-alcudia-10\" data-e-action-hash=\"#elementor-action%3Aaction%3Dlightbox%26settings%3DeyJpZCI6NDY3LCJ1cmwiOiJodHRwczpcL1wvcmVudGFsbG9yY2EuY29tXC9ibG9nXC93cC1jb250ZW50XC91cGxvYWRzXC8yMDI1XC8wMlwvdmlzaXRhci1hbGN1ZGlhLTEwLndlYnAiLCJzbGlkZXNob3ciOiIyOWI1YzlkIn0%3D\">\n\t\t\t\t\t<div class=\"e-gallery-image elementor-gallery-item__image\" data-thumbnail=\"https:\/\/rentallorca.com\/blog\/wp-content\/uploads\/2025\/02\/visitar-alcudia-10-300x131.webp\" data-width=\"300\" data-height=\"131\" aria-label=\"\" role=\"img\" ><\/div>\n\t\t\t\t\t\t\t\t\t\t\t<div class=\"elementor-gallery-item__overlay\"><\/div>\n\t\t\t\t\t\t\t\t\t\t\t\t\t\t<\/a>\n\t\t\t\t\t<\/div>\n\t\t\t\t\t<\/div>\n\t\t\t\t<\/div>\n\t\t\t\t<\/div>\n\t\t<div class=\"elementor-element elementor-element-637c555 e-con-full e-flex e-con e-child\" data-id=\"637c555\" data-element_type=\"container\" data-e-type=\"container\">\n\t\t\t\t<div class=\"elementor-element elementor-element-7b0cfc6 elementor-widget elementor-widget-text-editor\" data-id=\"7b0cfc6\" data-element_type=\"widget\" data-e-type=\"widget\" data-widget_type=\"text-editor.default\">\n\t\t\t\t<div class=\"elementor-widget-container\">\n\t\t\t\t\t\t\t\t\t<div class=\"flex max-w-full flex-col flex-grow\">\n<div class=\"min-h-8 text-message flex w-full flex-col items-end gap-2 whitespace-normal break-words text-start [.text-message+&amp;]:mt-5\" dir=\"auto\" data-message-author-role=\"assistant\" data-message-id=\"80c2ca0a-b9c8-4f9d-a23f-a7b399a76efa\" data-message-model-slug=\"gpt-4o\">\n<div class=\"flex w-full flex-col gap-1 empty:hidden first:pt-[3px]\">\n<div class=\"markdown prose w-full break-words dark:prose-invert light\">\n<p>In Alcudia gibt es sicherlich viele Aktivit\u00e4ten f\u00fcr Kinder. Dies macht es zu einem idealen Ziel f\u00fcr einen abenteuerlichen Familienurlaub. <\/p>\n<\/div>\n<\/div>\n<\/div>\n<\/div>\n\t\t\t\t\t\t\t\t<\/div>\n\t\t\t\t<\/div>\n\t\t\t\t<\/div>\n\t\t\t\t\t<\/div>\n\t\t\t\t<\/div>\n\t\t<div class=\"elementor-element elementor-element-932db75 e-flex e-con-boxed e-con e-parent\" data-id=\"932db75\" data-element_type=\"container\" data-e-type=\"container\">\n\t\t\t\t\t<div class=\"e-con-inner\">\n\t\t<div class=\"elementor-element elementor-element-edf3339 e-con-full e-flex e-con e-child\" data-id=\"edf3339\" data-element_type=\"container\" data-e-type=\"container\">\n\t\t\t\t<div class=\"elementor-element elementor-element-fb48e10 elementor-widget elementor-widget-spacer\" data-id=\"fb48e10\" data-element_type=\"widget\" data-e-type=\"widget\" data-widget_type=\"spacer.default\">\n\t\t\t\t<div class=\"elementor-widget-container\">\n\t\t\t\t\t\t\t<div class=\"elementor-spacer\">\n\t\t\t<div class=\"elementor-spacer-inner\"><\/div>\n\t\t<\/div>\n\t\t\t\t\t\t<\/div>\n\t\t\t\t<\/div>\n\t\t\t\t<div class=\"elementor-element elementor-element-931d6b0 elementor-widget elementor-widget-heading\" data-id=\"931d6b0\" data-element_type=\"widget\" data-e-type=\"widget\" data-widget_type=\"heading.default\">\n\t\t\t\t<div class=\"elementor-widget-container\">\n\t\t\t\t\t<h3 class=\"elementor-heading-title elementor-size-default\">Buchen Sie eine Finca Alcudia zum Entspannen auf Mallorca<\/h3>\t\t\t\t<\/div>\n\t\t\t\t<\/div>\n\t\t\t\t<\/div>\n\t\t<div class=\"elementor-element elementor-element-267cf89 e-con-full e-flex e-con e-child\" data-id=\"267cf89\" data-element_type=\"container\" data-e-type=\"container\">\n\t\t\t\t<\/div>\n\t\t\t\t\t<\/div>\n\t\t\t\t<\/div>\n\t\t<div class=\"elementor-element elementor-element-3bfab63 e-flex e-con-boxed e-con e-parent\" data-id=\"3bfab63\" data-element_type=\"container\" data-e-type=\"container\">\n\t\t\t\t\t<div class=\"e-con-inner\">\n\t\t<div class=\"elementor-element elementor-element-863cbf3 e-con-full e-flex e-con e-child\" data-id=\"863cbf3\" data-element_type=\"container\" data-e-type=\"container\">\n\t\t\t\t<div class=\"elementor-element elementor-element-75be7b9 elementor-widget elementor-widget-spacer\" data-id=\"75be7b9\" data-element_type=\"widget\" data-e-type=\"widget\" data-widget_type=\"spacer.default\">\n\t\t\t\t<div class=\"elementor-widget-container\">\n\t\t\t\t\t\t\t<div class=\"elementor-spacer\">\n\t\t\t<div class=\"elementor-spacer-inner\"><\/div>\n\t\t<\/div>\n\t\t\t\t\t\t<\/div>\n\t\t\t\t<\/div>\n\t\t\t\t<div class=\"elementor-element elementor-element-d2c1a44 elementor-widget elementor-widget-heading\" data-id=\"d2c1a44\" data-element_type=\"widget\" data-e-type=\"widget\" id=\"clima-alcudia\" data-widget_type=\"heading.default\">\n\t\t\t\t<div class=\"elementor-widget-container\">\n\t\t\t\t\t<h2 class=\"elementor-heading-title elementor-size-default\">Wetter in Alcudia: Wie warm es in Alcudia ist?<\/h2>\t\t\t\t<\/div>\n\t\t\t\t<\/div>\n\t\t\t\t<\/div>\n\t\t<div class=\"elementor-element elementor-element-5f3c9bf e-con-full e-flex e-con e-child\" data-id=\"5f3c9bf\" data-element_type=\"container\" data-e-type=\"container\">\n\t\t\t\t<div class=\"elementor-element elementor-element-b994f26 elementor-widget elementor-widget-text-editor\" data-id=\"b994f26\" data-element_type=\"widget\" data-e-type=\"widget\" data-widget_type=\"text-editor.default\">\n\t\t\t\t<div class=\"elementor-widget-container\">\n\t\t\t\t\t\t\t\t\t<div class=\"flex max-w-full flex-col flex-grow\">\n<div class=\"min-h-8 text-message flex w-full flex-col items-end gap-2 whitespace-normal break-words text-start [.text-message+&amp;]:mt-5\" dir=\"auto\" data-message-author-role=\"assistant\" data-message-id=\"80c2ca0a-b9c8-4f9d-a23f-a7b399a76efa\" data-message-model-slug=\"gpt-4o\">\n<div class=\"flex w-full flex-col gap-1 empty:hidden first:pt-[3px]\">\n<div class=\"markdown prose w-full break-words dark:prose-invert light\">\n<p>Das Wetter in Alcudia ist das ganze Jahr \u00fcber mild und angenehm. Von Juni bis September sind die Sommer hei\u00df, mit Temperaturen zwischen 24 \u00b0C und 32 \u00b0C, ideal, um die Str\u00e4nde zu genie\u00dfen. Der Winter, der von Dezember bis Februar dauert, ist k\u00fchl mit Durchschnittstemperaturen von 10 \u00b0C bis 15 \u00b0C. Im Fr\u00fchling und Herbst herrscht ein mildes Klima, perfekt f\u00fcr Aktivit\u00e4ten im Freien.   <\/p>\n<p>Die Hauptsaison f\u00fcr den Tourismus liegt zwischen Juni und August, w\u00e4hrend die Wintermonate Nebensaison mit weniger Besuchern sind. Wenn Sie Ruhe und sch\u00f6nes Wetter bevorzugen, sind Mai und September ausgezeichnete Reisezeiten f\u00fcr Alcudia. <\/p>\n<\/div>\n<\/div>\n<\/div>\n<\/div>\n\t\t\t\t\t\t\t\t<\/div>\n\t\t\t\t<\/div>\n\t\t\t\t<\/div>\n\t\t\t\t\t<\/div>\n\t\t\t\t<\/div>\n\t\t<div class=\"elementor-element elementor-element-5aeab85 e-flex e-con-boxed e-con e-parent\" data-id=\"5aeab85\" data-element_type=\"container\" data-e-type=\"container\">\n\t\t\t\t\t<div class=\"e-con-inner\">\n\t\t<div class=\"elementor-element elementor-element-af9fbb4 e-con-full e-flex e-con e-child\" data-id=\"af9fbb4\" data-element_type=\"container\" data-e-type=\"container\">\n\t\t\t\t<div class=\"elementor-element elementor-element-3c6daaa elementor-headline--style-rotate elementor-widget elementor-widget-animated-headline\" data-id=\"3c6daaa\" data-element_type=\"widget\" data-e-type=\"widget\" data-settings=\"{&quot;headline_style&quot;:&quot;rotate&quot;,&quot;animation_type&quot;:&quot;slide-down&quot;,&quot;rotating_text&quot;:&quot;Januar?\\nFebruar?\\nMarsch?\\nApril?\\nMai?\\nJuni?\\nJuli?\\nAugust?\\nSeptiembre\\nOktober?\\nNovember?\\nDiciembre&quot;,&quot;rotate_iteration_delay&quot;:1000,&quot;loop&quot;:&quot;yes&quot;}\" data-widget_type=\"animated-headline.default\">\n\t\t\t\t<div class=\"elementor-widget-container\">\n\t\t\t\t\t\t\t<h3 class=\"elementor-headline elementor-headline-animation-type-slide-down\">\n\t\t\t\t\t<span class=\"elementor-headline-plain-text elementor-headline-text-wrapper\">Wie ist das Wetter in Alcudia im<\/span>\n\t\t\t\t<span class=\"elementor-headline-dynamic-wrapper elementor-headline-text-wrapper\">\n\t\t\t\t\t<span class=\"elementor-headline-dynamic-text elementor-headline-text-active\">\n\t\t\t\tJanuar?\t\t\t<\/span>\n\t\t\t\t\t<span class=\"elementor-headline-dynamic-text\">\n\t\t\t\tFebruar?\t\t\t<\/span>\n\t\t\t\t\t<span class=\"elementor-headline-dynamic-text\">\n\t\t\t\tMarsch?\t\t\t<\/span>\n\t\t\t\t\t<span class=\"elementor-headline-dynamic-text\">\n\t\t\t\tApril?\t\t\t<\/span>\n\t\t\t\t\t<span class=\"elementor-headline-dynamic-text\">\n\t\t\t\tMai?\t\t\t<\/span>\n\t\t\t\t\t<span class=\"elementor-headline-dynamic-text\">\n\t\t\t\tJuni?\t\t\t<\/span>\n\t\t\t\t\t<span class=\"elementor-headline-dynamic-text\">\n\t\t\t\tJuli?\t\t\t<\/span>\n\t\t\t\t\t<span class=\"elementor-headline-dynamic-text\">\n\t\t\t\tAugust?\t\t\t<\/span>\n\t\t\t\t\t<span class=\"elementor-headline-dynamic-text\">\n\t\t\t\tSeptiembre\t\t\t<\/span>\n\t\t\t\t\t<span class=\"elementor-headline-dynamic-text\">\n\t\t\t\tOktober?\t\t\t<\/span>\n\t\t\t\t\t<span class=\"elementor-headline-dynamic-text\">\n\t\t\t\tNovember?\t\t\t<\/span>\n\t\t\t\t\t<span class=\"elementor-headline-dynamic-text\">\n\t\t\t\tDiciembre\t\t\t<\/span>\n\t\t\t\t\t\t<\/span>\n\t\t\t\t<\/h3>\n\t\t\t\t\t\t<\/div>\n\t\t\t\t<\/div>\n\t\t\t\t<\/div>\n\t\t<div class=\"elementor-element elementor-element-63f419a e-con-full e-flex e-con e-child\" data-id=\"63f419a\" data-element_type=\"container\" data-e-type=\"container\">\n\t\t\t\t<div class=\"elementor-element elementor-element-f4fc609 elementor-blockquote--skin-boxed elementor-blockquote--align-center elementor-widget elementor-widget-blockquote\" data-id=\"f4fc609\" data-element_type=\"widget\" data-e-type=\"widget\" data-widget_type=\"blockquote.default\">\n\t\t\t\t<div class=\"elementor-widget-container\">\n\t\t\t\t\t\t\t<blockquote class=\"elementor-blockquote\">\n\t\t\t<p class=\"elementor-blockquote__content\">\n\t\t\t\t10\u00baC\t\t\t<\/p>\n\t\t\t\t\t\t\t<div class=\"e-q-footer\">\n\t\t\t\t\t\t\t\t\t\t\t<cite class=\"elementor-blockquote__author\">Enero<\/cite>\n\t\t\t\t\t\t\t\t\t\t\t\t\t\t<\/div>\n\t\t\t\t\t<\/blockquote>\n\t\t\t\t\t\t<\/div>\n\t\t\t\t<\/div>\n\t\t\t\t<\/div>\n\t\t<div class=\"elementor-element elementor-element-623a229 e-con-full e-flex e-con e-child\" data-id=\"623a229\" data-element_type=\"container\" data-e-type=\"container\">\n\t\t\t\t<div class=\"elementor-element elementor-element-7a12fbe elementor-blockquote--skin-boxed elementor-blockquote--align-center elementor-widget elementor-widget-blockquote\" data-id=\"7a12fbe\" data-element_type=\"widget\" data-e-type=\"widget\" data-widget_type=\"blockquote.default\">\n\t\t\t\t<div class=\"elementor-widget-container\">\n\t\t\t\t\t\t\t<blockquote class=\"elementor-blockquote\">\n\t\t\t<p class=\"elementor-blockquote__content\">\n\t\t\t\t11\u00baC\t\t\t<\/p>\n\t\t\t\t\t\t\t<div class=\"e-q-footer\">\n\t\t\t\t\t\t\t\t\t\t\t<cite class=\"elementor-blockquote__author\">Febrero<\/cite>\n\t\t\t\t\t\t\t\t\t\t\t\t\t\t<\/div>\n\t\t\t\t\t<\/blockquote>\n\t\t\t\t\t\t<\/div>\n\t\t\t\t<\/div>\n\t\t\t\t<\/div>\n\t\t<div class=\"elementor-element elementor-element-6180f98 e-con-full e-flex e-con e-child\" data-id=\"6180f98\" data-element_type=\"container\" data-e-type=\"container\">\n\t\t\t\t<div class=\"elementor-element elementor-element-05be62e elementor-blockquote--skin-boxed elementor-blockquote--align-center elementor-widget elementor-widget-blockquote\" data-id=\"05be62e\" data-element_type=\"widget\" data-e-type=\"widget\" data-widget_type=\"blockquote.default\">\n\t\t\t\t<div class=\"elementor-widget-container\">\n\t\t\t\t\t\t\t<blockquote class=\"elementor-blockquote\">\n\t\t\t<p class=\"elementor-blockquote__content\">\n\t\t\t\t13\u00baC\t\t\t<\/p>\n\t\t\t\t\t\t\t<div class=\"e-q-footer\">\n\t\t\t\t\t\t\t\t\t\t\t<cite class=\"elementor-blockquote__author\">Marzo<\/cite>\n\t\t\t\t\t\t\t\t\t\t\t\t\t\t<\/div>\n\t\t\t\t\t<\/blockquote>\n\t\t\t\t\t\t<\/div>\n\t\t\t\t<\/div>\n\t\t\t\t<\/div>\n\t\t<div class=\"elementor-element elementor-element-96d5446 e-con-full e-flex e-con e-child\" data-id=\"96d5446\" data-element_type=\"container\" data-e-type=\"container\">\n\t\t\t\t<div class=\"elementor-element elementor-element-6d7642a elementor-blockquote--skin-boxed elementor-blockquote--align-center elementor-widget elementor-widget-blockquote\" data-id=\"6d7642a\" data-element_type=\"widget\" data-e-type=\"widget\" data-widget_type=\"blockquote.default\">\n\t\t\t\t<div class=\"elementor-widget-container\">\n\t\t\t\t\t\t\t<blockquote class=\"elementor-blockquote\">\n\t\t\t<p class=\"elementor-blockquote__content\">\n\t\t\t\t15\u00baC\t\t\t<\/p>\n\t\t\t\t\t\t\t<div class=\"e-q-footer\">\n\t\t\t\t\t\t\t\t\t\t\t<cite class=\"elementor-blockquote__author\">Abril<\/cite>\n\t\t\t\t\t\t\t\t\t\t\t\t\t\t<\/div>\n\t\t\t\t\t<\/blockquote>\n\t\t\t\t\t\t<\/div>\n\t\t\t\t<\/div>\n\t\t\t\t<\/div>\n\t\t<div class=\"elementor-element elementor-element-484980d e-con-full e-flex e-con e-child\" data-id=\"484980d\" data-element_type=\"container\" data-e-type=\"container\">\n\t\t\t\t<div class=\"elementor-element elementor-element-d9638b7 elementor-blockquote--skin-boxed elementor-blockquote--align-center elementor-widget elementor-widget-blockquote\" data-id=\"d9638b7\" data-element_type=\"widget\" data-e-type=\"widget\" data-widget_type=\"blockquote.default\">\n\t\t\t\t<div class=\"elementor-widget-container\">\n\t\t\t\t\t\t\t<blockquote class=\"elementor-blockquote\">\n\t\t\t<p class=\"elementor-blockquote__content\">\n\t\t\t\t18\u00baC\t\t\t<\/p>\n\t\t\t\t\t\t\t<div class=\"e-q-footer\">\n\t\t\t\t\t\t\t\t\t\t\t<cite class=\"elementor-blockquote__author\">Mayo<\/cite>\n\t\t\t\t\t\t\t\t\t\t\t\t\t\t<\/div>\n\t\t\t\t\t<\/blockquote>\n\t\t\t\t\t\t<\/div>\n\t\t\t\t<\/div>\n\t\t\t\t<\/div>\n\t\t<div class=\"elementor-element elementor-element-e7d6283 e-con-full e-flex e-con e-child\" data-id=\"e7d6283\" data-element_type=\"container\" data-e-type=\"container\">\n\t\t\t\t<div class=\"elementor-element elementor-element-defb264 elementor-blockquote--skin-boxed elementor-blockquote--align-center elementor-widget elementor-widget-blockquote\" data-id=\"defb264\" data-element_type=\"widget\" data-e-type=\"widget\" data-widget_type=\"blockquote.default\">\n\t\t\t\t<div class=\"elementor-widget-container\">\n\t\t\t\t\t\t\t<blockquote class=\"elementor-blockquote\">\n\t\t\t<p class=\"elementor-blockquote__content\">\n\t\t\t\t23\u00baC\t\t\t<\/p>\n\t\t\t\t\t\t\t<div class=\"e-q-footer\">\n\t\t\t\t\t\t\t\t\t\t\t<cite class=\"elementor-blockquote__author\">Junio<\/cite>\n\t\t\t\t\t\t\t\t\t\t\t\t\t\t<\/div>\n\t\t\t\t\t<\/blockquote>\n\t\t\t\t\t\t<\/div>\n\t\t\t\t<\/div>\n\t\t\t\t<\/div>\n\t\t<div class=\"elementor-element elementor-element-df9715c e-con-full e-flex e-con e-child\" data-id=\"df9715c\" data-element_type=\"container\" data-e-type=\"container\">\n\t\t\t\t<div class=\"elementor-element elementor-element-399fe39 elementor-blockquote--skin-boxed elementor-blockquote--align-center elementor-widget elementor-widget-blockquote\" data-id=\"399fe39\" data-element_type=\"widget\" data-e-type=\"widget\" data-widget_type=\"blockquote.default\">\n\t\t\t\t<div class=\"elementor-widget-container\">\n\t\t\t\t\t\t\t<blockquote class=\"elementor-blockquote\">\n\t\t\t<p class=\"elementor-blockquote__content\">\n\t\t\t\t26\u00baC\t\t\t<\/p>\n\t\t\t\t\t\t\t<div class=\"e-q-footer\">\n\t\t\t\t\t\t\t\t\t\t\t<cite class=\"elementor-blockquote__author\">Julio<\/cite>\n\t\t\t\t\t\t\t\t\t\t\t\t\t\t<\/div>\n\t\t\t\t\t<\/blockquote>\n\t\t\t\t\t\t<\/div>\n\t\t\t\t<\/div>\n\t\t\t\t<\/div>\n\t\t<div class=\"elementor-element elementor-element-557b108 e-con-full e-flex e-con e-child\" data-id=\"557b108\" data-element_type=\"container\" data-e-type=\"container\">\n\t\t\t\t<div class=\"elementor-element elementor-element-9bcc0cb elementor-blockquote--skin-boxed elementor-blockquote--align-center elementor-widget elementor-widget-blockquote\" data-id=\"9bcc0cb\" data-element_type=\"widget\" data-e-type=\"widget\" data-widget_type=\"blockquote.default\">\n\t\t\t\t<div class=\"elementor-widget-container\">\n\t\t\t\t\t\t\t<blockquote class=\"elementor-blockquote\">\n\t\t\t<p class=\"elementor-blockquote__content\">\n\t\t\t\t27\u00b0C\t\t\t<\/p>\n\t\t\t\t\t\t\t<div class=\"e-q-footer\">\n\t\t\t\t\t\t\t\t\t\t\t<cite class=\"elementor-blockquote__author\">Agosto<\/cite>\n\t\t\t\t\t\t\t\t\t\t\t\t\t\t<\/div>\n\t\t\t\t\t<\/blockquote>\n\t\t\t\t\t\t<\/div>\n\t\t\t\t<\/div>\n\t\t\t\t<\/div>\n\t\t<div class=\"elementor-element elementor-element-e35f35b e-con-full e-flex e-con e-child\" data-id=\"e35f35b\" data-element_type=\"container\" data-e-type=\"container\">\n\t\t\t\t<div class=\"elementor-element elementor-element-89c5293 elementor-blockquote--skin-boxed elementor-blockquote--align-center elementor-widget elementor-widget-blockquote\" data-id=\"89c5293\" data-element_type=\"widget\" data-e-type=\"widget\" data-widget_type=\"blockquote.default\">\n\t\t\t\t<div class=\"elementor-widget-container\">\n\t\t\t\t\t\t\t<blockquote class=\"elementor-blockquote\">\n\t\t\t<p class=\"elementor-blockquote__content\">\n\t\t\t\t24\u00b0C\t\t\t<\/p>\n\t\t\t\t\t\t\t<div class=\"e-q-footer\">\n\t\t\t\t\t\t\t\t\t\t\t<cite class=\"elementor-blockquote__author\">Septiembre<\/cite>\n\t\t\t\t\t\t\t\t\t\t\t\t\t\t<\/div>\n\t\t\t\t\t<\/blockquote>\n\t\t\t\t\t\t<\/div>\n\t\t\t\t<\/div>\n\t\t\t\t<\/div>\n\t\t<div class=\"elementor-element elementor-element-31d0d1e e-con-full e-flex e-con e-child\" data-id=\"31d0d1e\" data-element_type=\"container\" data-e-type=\"container\">\n\t\t\t\t<div class=\"elementor-element elementor-element-5bd24f3 elementor-blockquote--skin-boxed elementor-blockquote--align-center elementor-widget elementor-widget-blockquote\" data-id=\"5bd24f3\" data-element_type=\"widget\" data-e-type=\"widget\" data-widget_type=\"blockquote.default\">\n\t\t\t\t<div class=\"elementor-widget-container\">\n\t\t\t\t\t\t\t<blockquote class=\"elementor-blockquote\">\n\t\t\t<p class=\"elementor-blockquote__content\">\n\t\t\t\t20\u00b0C\t\t\t<\/p>\n\t\t\t\t\t\t\t<div class=\"e-q-footer\">\n\t\t\t\t\t\t\t\t\t\t\t<cite class=\"elementor-blockquote__author\">Octubre<\/cite>\n\t\t\t\t\t\t\t\t\t\t\t\t\t\t<\/div>\n\t\t\t\t\t<\/blockquote>\n\t\t\t\t\t\t<\/div>\n\t\t\t\t<\/div>\n\t\t\t\t<\/div>\n\t\t<div class=\"elementor-element elementor-element-c74a781 e-con-full e-flex e-con e-child\" data-id=\"c74a781\" data-element_type=\"container\" data-e-type=\"container\">\n\t\t\t\t<div class=\"elementor-element elementor-element-d65d1bf elementor-blockquote--skin-boxed elementor-blockquote--align-center elementor-widget elementor-widget-blockquote\" data-id=\"d65d1bf\" data-element_type=\"widget\" data-e-type=\"widget\" data-widget_type=\"blockquote.default\">\n\t\t\t\t<div class=\"elementor-widget-container\">\n\t\t\t\t\t\t\t<blockquote class=\"elementor-blockquote\">\n\t\t\t<p class=\"elementor-blockquote__content\">\n\t\t\t\t15\u00b0C\t\t\t<\/p>\n\t\t\t\t\t\t\t<div class=\"e-q-footer\">\n\t\t\t\t\t\t\t\t\t\t\t<cite class=\"elementor-blockquote__author\">Noviembre<\/cite>\n\t\t\t\t\t\t\t\t\t\t\t\t\t\t<\/div>\n\t\t\t\t\t<\/blockquote>\n\t\t\t\t\t\t<\/div>\n\t\t\t\t<\/div>\n\t\t\t\t<\/div>\n\t\t<div class=\"elementor-element elementor-element-0b6f844 e-con-full e-flex e-con e-child\" data-id=\"0b6f844\" data-element_type=\"container\" data-e-type=\"container\">\n\t\t\t\t<div class=\"elementor-element elementor-element-792e7bb elementor-blockquote--skin-boxed elementor-blockquote--align-center elementor-widget elementor-widget-blockquote\" data-id=\"792e7bb\" data-element_type=\"widget\" data-e-type=\"widget\" data-widget_type=\"blockquote.default\">\n\t\t\t\t<div class=\"elementor-widget-container\">\n\t\t\t\t\t\t\t<blockquote class=\"elementor-blockquote\">\n\t\t\t<p class=\"elementor-blockquote__content\">\n\t\t\t\t12\u00b0C \t\t\t<\/p>\n\t\t\t\t\t\t\t<div class=\"e-q-footer\">\n\t\t\t\t\t\t\t\t\t\t\t<cite class=\"elementor-blockquote__author\">Diciembre<\/cite>\n\t\t\t\t\t\t\t\t\t\t\t\t\t\t<\/div>\n\t\t\t\t\t<\/blockquote>\n\t\t\t\t\t\t<\/div>\n\t\t\t\t<\/div>\n\t\t\t\t<\/div>\n\t\t\t\t\t<\/div>\n\t\t\t\t<\/div>\n\t\t<div class=\"elementor-element elementor-element-0583f15 elementor-hidden-mobile e-flex e-con-boxed e-con e-parent\" data-id=\"0583f15\" data-element_type=\"container\" data-e-type=\"container\">\n\t\t\t\t\t<div class=\"e-con-inner\">\n\t\t\t\t<div class=\"elementor-element elementor-element-e32bd9a elementor-widget elementor-widget-spacer\" data-id=\"e32bd9a\" data-element_type=\"widget\" data-e-type=\"widget\" data-widget_type=\"spacer.default\">\n\t\t\t\t<div class=\"elementor-widget-container\">\n\t\t\t\t\t\t\t<div class=\"elementor-spacer\">\n\t\t\t<div class=\"elementor-spacer-inner\"><\/div>\n\t\t<\/div>\n\t\t\t\t\t\t<\/div>\n\t\t\t\t<\/div>\n\t\t\t\t\t<\/div>\n\t\t\t\t<\/div>\n\t\t<div class=\"elementor-element elementor-element-bbc0818 e-flex e-con-boxed e-con e-parent\" data-id=\"bbc0818\" data-element_type=\"container\" data-e-type=\"container\">\n\t\t\t\t\t<div class=\"e-con-inner\">\n\t\t<div class=\"elementor-element elementor-element-33da941 e-con-full e-flex e-con e-child\" data-id=\"33da941\" data-element_type=\"container\" data-e-type=\"container\">\n\t\t\t\t<div class=\"elementor-element elementor-element-cc04f31 elementor-widget elementor-widget-heading\" data-id=\"cc04f31\" data-element_type=\"widget\" data-e-type=\"widget\" id=\"preguntas-alcudia\" data-widget_type=\"heading.default\">\n\t\t\t\t<div class=\"elementor-widget-container\">\n\t\t\t\t\t<h2 class=\"elementor-heading-title elementor-size-default\"> <br> <br> <br> <br>Hilfreiche Antwort<p>\nzu <b>h\u00e4ufig gestellten Fragen<\/b><\/h2>\t\t\t\t<\/div>\n\t\t\t\t<\/div>\n\t\t\t\t<\/div>\n\t\t<div class=\"elementor-element elementor-element-d5ec591 e-con-full e-flex e-con e-child\" data-id=\"d5ec591\" data-element_type=\"container\" data-e-type=\"container\">\n\t\t\t\t<div class=\"elementor-element elementor-element-b16c545 elementor-widget elementor-widget-icon-box\" data-id=\"b16c545\" data-element_type=\"widget\" data-e-type=\"widget\" data-widget_type=\"icon-box.default\">\n\t\t\t\t<div class=\"elementor-widget-container\">\n\t\t\t\t\t\t\t<div class=\"elementor-icon-box-wrapper\">\n\n\t\t\t\n\t\t\t\t\t\t<div class=\"elementor-icon-box-content\">\n\n\t\t\t\t\t\t\t\t\t<h3 class=\"elementor-icon-box-title\">\n\t\t\t\t\t\t<span  >\n\t\t\t\t\t\t\tKann man das Leitungswasser in Alcudia trinken? \t\t\t\t\t\t<\/span>\n\t\t\t\t\t<\/h3>\n\t\t\t\t\n\t\t\t\t\t\t\t\t\t<p class=\"elementor-icon-box-description\">\n\t\t\t\t\t\tAufgrund des hohen Mineralgehalts ist es nicht empfehlenswert, das Leitungswasser in Alcudia zu trinken. Bei einem Besuch in Alcudia trinken Sie am besten Wasser aus Flaschen. \t\t\t\t\t<\/p>\n\t\t\t\t\n\t\t\t<\/div>\n\t\t\t\n\t\t<\/div>\n\t\t\t\t\t\t<\/div>\n\t\t\t\t<\/div>\n\t\t\t\t<\/div>\n\t\t<div class=\"elementor-element elementor-element-e49a836 e-con-full e-flex e-con e-child\" data-id=\"e49a836\" data-element_type=\"container\" data-e-type=\"container\">\n\t\t\t\t<div class=\"elementor-element elementor-element-ed8b322 elementor-widget elementor-widget-icon-box\" data-id=\"ed8b322\" data-element_type=\"widget\" data-e-type=\"widget\" data-widget_type=\"icon-box.default\">\n\t\t\t\t<div class=\"elementor-widget-container\">\n\t\t\t\t\t\t\t<div class=\"elementor-icon-box-wrapper\">\n\n\t\t\t\n\t\t\t\t\t\t<div class=\"elementor-icon-box-content\">\n\n\t\t\t\t\t\t\t\t\t<h3 class=\"elementor-icon-box-title\">\n\t\t\t\t\t\t<span  >\n\t\t\t\t\t\t\tWas kostet die F\u00e4hre von Alcudia nach Menorca\u200b?\t\t\t\t\t\t<\/span>\n\t\t\t\t\t<\/h3>\n\t\t\t\t\n\t\t\t\t\t\t\t\t\t<p class=\"elementor-icon-box-description\">\n\t\t\t\t\t\tDie F\u00e4hre von Alcudia nach Menorca kostet zwischen 55 und 80 Euro, je nach Saison, Reederei und ob Sie einen Standardsitz oder eine Kabine w\u00e4hlen.\t\t\t\t\t<\/p>\n\t\t\t\t\n\t\t\t<\/div>\n\t\t\t\n\t\t<\/div>\n\t\t\t\t\t\t<\/div>\n\t\t\t\t<\/div>\n\t\t\t\t<\/div>\n\t\t<div class=\"elementor-element elementor-element-d31835c e-con-full e-flex e-con e-child\" data-id=\"d31835c\" data-element_type=\"container\" data-e-type=\"container\">\n\t\t\t\t<div class=\"elementor-element elementor-element-086d70f elementor-widget elementor-widget-icon-box\" data-id=\"086d70f\" data-element_type=\"widget\" data-e-type=\"widget\" data-widget_type=\"icon-box.default\">\n\t\t\t\t<div class=\"elementor-widget-container\">\n\t\t\t\t\t\t\t<div class=\"elementor-icon-box-wrapper\">\n\n\t\t\t\n\t\t\t\t\t\t<div class=\"elementor-icon-box-content\">\n\n\t\t\t\t\t\t\t\t\t<h3 class=\"elementor-icon-box-title\">\n\t\t\t\t\t\t<span  >\n\t\t\t\t\t\t\tKann man Menorca von Alcudia aus sehen?\t\t\t\t\t\t<\/span>\n\t\t\t\t\t<\/h3>\n\t\t\t\t\n\t\t\t\t\t\t\t\t\t<p class=\"elementor-icon-box-description\">\n\t\t\t\t\t\tJa, an klaren Tagen ist es m\u00f6glich, Menorca von der K\u00fcste von Alcudia aus zu sehen, insbesondere bei klarem Himmel und g\u00fcnstigen Wetterbedingungen.\t\t\t\t\t<\/p>\n\t\t\t\t\n\t\t\t<\/div>\n\t\t\t\n\t\t<\/div>\n\t\t\t\t\t\t<\/div>\n\t\t\t\t<\/div>\n\t\t\t\t<\/div>\n\t\t<div class=\"elementor-element elementor-element-7e3efe9 e-con-full e-flex e-con e-child\" data-id=\"7e3efe9\" data-element_type=\"container\" data-e-type=\"container\">\n\t\t\t\t<div class=\"elementor-element elementor-element-0f84274 elementor-widget elementor-widget-icon-box\" data-id=\"0f84274\" data-element_type=\"widget\" data-e-type=\"widget\" data-widget_type=\"icon-box.default\">\n\t\t\t\t<div class=\"elementor-widget-container\">\n\t\t\t\t\t\t\t<div class=\"elementor-icon-box-wrapper\">\n\n\t\t\t\n\t\t\t\t\t\t<div class=\"elementor-icon-box-content\">\n\n\t\t\t\t\t\t\t\t\t<h3 class=\"elementor-icon-box-title\">\n\t\t\t\t\t\t<span  >\n\t\t\t\t\t\t\tGibt es in Alcudia ein gutes Nachtleben?\t\t\t\t\t\t<\/span>\n\t\t\t\t\t<\/h3>\n\t\t\t\t\n\t\t\t\t\t\t\t\t\t<p class=\"elementor-icon-box-description\">\n\t\t\t\t\t\tAlcudia bietet ein ruhiges Nachtleben mit netten Bars und Restaurants. Es ist kein riesiges Partyziel. Es ist ideal f\u00fcr alle, die eine entspannte Atmosph\u00e4re suchen.  \t\t\t\t\t<\/p>\n\t\t\t\t\n\t\t\t<\/div>\n\t\t\t\n\t\t<\/div>\n\t\t\t\t\t\t<\/div>\n\t\t\t\t<\/div>\n\t\t\t\t<\/div>\n\t\t<div class=\"elementor-element elementor-element-bcda502 e-con-full e-flex e-con e-child\" data-id=\"bcda502\" data-element_type=\"container\" data-e-type=\"container\">\n\t\t\t\t<div class=\"elementor-element elementor-element-dfc0fcf elementor-widget elementor-widget-icon-box\" data-id=\"dfc0fcf\" data-element_type=\"widget\" data-e-type=\"widget\" data-widget_type=\"icon-box.default\">\n\t\t\t\t<div class=\"elementor-widget-container\">\n\t\t\t\t\t\t\t<div class=\"elementor-icon-box-wrapper\">\n\n\t\t\t\n\t\t\t\t\t\t<div class=\"elementor-icon-box-content\">\n\n\t\t\t\t\t\t\t\t\t<h3 class=\"elementor-icon-box-title\">\n\t\t\t\t\t\t<span  >\n\t\t\t\t\t\t\tWann ist Markt in Alcudia\u200b? \t\t\t\t\t\t<\/span>\n\t\t\t\t\t<\/h3>\n\t\t\t\t\n\t\t\t\t\t\t\t\t\t<p class=\"elementor-icon-box-description\">\n\t\t\t\t\t\tDer Markt von Alcudia findet Dienstag- und Sonntagvormittag in der Altstadt statt. Es werden lokale Produkte, frisches Obst und Gem\u00fcse sowie Kunsthandwerk verkauft. \t\t\t\t\t<\/p>\n\t\t\t\t\n\t\t\t<\/div>\n\t\t\t\n\t\t<\/div>\n\t\t\t\t\t\t<\/div>\n\t\t\t\t<\/div>\n\t\t\t\t<\/div>\n\t\t\t\t\t<\/div>\n\t\t\t\t<\/div>\n\t\t\t\t<\/div>\n\t\t","protected":false},"excerpt":{"rendered":"<p>Planung f\u00fcr deinen perfekten Alcudia Urlaub Wann hinfahren, was unternehmen und wo \u00fcbernachten? Planst du einen Alcudia Urlaub? Diese idyllische Ecke Mallorcas vereint Str\u00e4nde, Geschichte und ein lebendiges lokales Flair, das Besucher anzieht. In diesem praktischen Leitfaden findest du hilfreiche Informationen dar\u00fcber, wann die beste Reisezeit ist, was du unternehmen kannst und wo du \u00fcbernachten [&hellip;]<\/p>\n","protected":false},"author":2,"featured_media":659,"comment_status":"open","ping_status":"open","sticky":false,"template":"","format":"standard","meta":{"footnotes":""},"categories":[35],"tags":[],"class_list":["post-570","post","type-post","status-publish","format-standard","has-post-thumbnail","hentry","category-guia"],"yoast_head":"<!-- This site is optimized with the Yoast SEO plugin v27.5 - https:\/\/yoast.com\/product\/yoast-seo-wordpress\/ -->\n<title>Planung f\u00fcr deinen perfekten Alcudia Urlaub<\/title>\n<meta name=\"description\" content=\"Alcudia UrlaubPlanen Sie eine Reise nach Mallorca? Genie\u00dfen Sie das Beste der Insel mit diesem vollst\u00e4ndigen F\u00fchrer f\u00fcr Alcudia Urlaub.\" \/>\n<meta name=\"robots\" content=\"index, follow, max-snippet:-1, max-image-preview:large, max-video-preview:-1\" \/>\n<link rel=\"canonical\" href=\"https:\/\/rentallorca.com\/blog\/de\/planung-fur-deinen-perfekten-alcudia-urlaub\/\" \/>\n<meta property=\"og:locale\" content=\"de_DE\" \/>\n<meta property=\"og:type\" content=\"article\" \/>\n<meta property=\"og:title\" content=\"Planung f\u00fcr deinen perfekten Alcudia Urlaub\" \/>\n<meta property=\"og:description\" content=\"Alcudia UrlaubPlanen Sie eine Reise nach Mallorca? Genie\u00dfen Sie das Beste der Insel mit diesem vollst\u00e4ndigen F\u00fchrer f\u00fcr Alcudia Urlaub.\" \/>\n<meta property=\"og:url\" content=\"https:\/\/rentallorca.com\/blog\/de\/planung-fur-deinen-perfekten-alcudia-urlaub\/\" \/>\n<meta property=\"og:site_name\" content=\"Blog\" \/>\n<meta property=\"article:published_time\" content=\"2025-02-06T09:04:43+00:00\" \/>\n<meta property=\"article:modified_time\" content=\"2025-09-17T15:43:43+00:00\" \/>\n<meta property=\"og:image\" content=\"https:\/\/rentallorca.com\/blog\/wp-content\/uploads\/2025\/02\/blog-rentallorca-33.webp\" \/>\n\t<meta property=\"og:image:width\" content=\"1920\" \/>\n\t<meta property=\"og:image:height\" content=\"400\" \/>\n\t<meta property=\"og:image:type\" content=\"image\/webp\" \/>\n<meta name=\"author\" content=\"digitalservices\" \/>\n<meta name=\"twitter:card\" content=\"summary_large_image\" \/>\n<meta name=\"twitter:label1\" content=\"Written by\" \/>\n\t<meta name=\"twitter:data1\" content=\"digitalservices\" \/>\n\t<meta name=\"twitter:label2\" content=\"Est. reading time\" \/>\n\t<meta name=\"twitter:data2\" content=\"17 minutes\" \/>\n<script type=\"application\/ld+json\" class=\"yoast-schema-graph\">{\"@context\":\"https:\\\/\\\/schema.org\",\"@graph\":[{\"@type\":\"Article\",\"@id\":\"https:\\\/\\\/rentallorca.com\\\/blog\\\/de\\\/planung-fur-deinen-perfekten-alcudia-urlaub\\\/#article\",\"isPartOf\":{\"@id\":\"https:\\\/\\\/rentallorca.com\\\/blog\\\/de\\\/planung-fur-deinen-perfekten-alcudia-urlaub\\\/\"},\"author\":{\"name\":\"digitalservices\",\"@id\":\"https:\\\/\\\/rentallorca.com\\\/blog\\\/de\\\/#\\\/schema\\\/person\\\/52fc00dd86d9c81282a034a332134bc2\"},\"headline\":\"Planung f\u00fcr deinen perfekten Alcudia Urlaub\",\"datePublished\":\"2025-02-06T09:04:43+00:00\",\"dateModified\":\"2025-09-17T15:43:43+00:00\",\"mainEntityOfPage\":{\"@id\":\"https:\\\/\\\/rentallorca.com\\\/blog\\\/de\\\/planung-fur-deinen-perfekten-alcudia-urlaub\\\/\"},\"wordCount\":1926,\"commentCount\":0,\"image\":{\"@id\":\"https:\\\/\\\/rentallorca.com\\\/blog\\\/de\\\/planung-fur-deinen-perfekten-alcudia-urlaub\\\/#primaryimage\"},\"thumbnailUrl\":\"https:\\\/\\\/rentallorca.com\\\/blog\\\/wp-content\\\/uploads\\\/2025\\\/02\\\/blog-rentallorca-33.webp\",\"articleSection\":[\"Gu\u00edas\"],\"inLanguage\":\"de\",\"potentialAction\":[{\"@type\":\"CommentAction\",\"name\":\"Comment\",\"target\":[\"https:\\\/\\\/rentallorca.com\\\/blog\\\/de\\\/planung-fur-deinen-perfekten-alcudia-urlaub\\\/#respond\"]}]},{\"@type\":\"WebPage\",\"@id\":\"https:\\\/\\\/rentallorca.com\\\/blog\\\/de\\\/planung-fur-deinen-perfekten-alcudia-urlaub\\\/\",\"url\":\"https:\\\/\\\/rentallorca.com\\\/blog\\\/de\\\/planung-fur-deinen-perfekten-alcudia-urlaub\\\/\",\"name\":\"Planung f\u00fcr deinen perfekten Alcudia Urlaub\",\"isPartOf\":{\"@id\":\"https:\\\/\\\/rentallorca.com\\\/blog\\\/de\\\/#website\"},\"primaryImageOfPage\":{\"@id\":\"https:\\\/\\\/rentallorca.com\\\/blog\\\/de\\\/planung-fur-deinen-perfekten-alcudia-urlaub\\\/#primaryimage\"},\"image\":{\"@id\":\"https:\\\/\\\/rentallorca.com\\\/blog\\\/de\\\/planung-fur-deinen-perfekten-alcudia-urlaub\\\/#primaryimage\"},\"thumbnailUrl\":\"https:\\\/\\\/rentallorca.com\\\/blog\\\/wp-content\\\/uploads\\\/2025\\\/02\\\/blog-rentallorca-33.webp\",\"datePublished\":\"2025-02-06T09:04:43+00:00\",\"dateModified\":\"2025-09-17T15:43:43+00:00\",\"author\":{\"@id\":\"https:\\\/\\\/rentallorca.com\\\/blog\\\/de\\\/#\\\/schema\\\/person\\\/52fc00dd86d9c81282a034a332134bc2\"},\"description\":\"Alcudia UrlaubPlanen Sie eine Reise nach Mallorca? Genie\u00dfen Sie das Beste der Insel mit diesem vollst\u00e4ndigen F\u00fchrer f\u00fcr Alcudia Urlaub.\",\"breadcrumb\":{\"@id\":\"https:\\\/\\\/rentallorca.com\\\/blog\\\/de\\\/planung-fur-deinen-perfekten-alcudia-urlaub\\\/#breadcrumb\"},\"inLanguage\":\"de\",\"potentialAction\":[{\"@type\":\"ReadAction\",\"target\":[\"https:\\\/\\\/rentallorca.com\\\/blog\\\/de\\\/planung-fur-deinen-perfekten-alcudia-urlaub\\\/\"]}]},{\"@type\":\"ImageObject\",\"inLanguage\":\"de\",\"@id\":\"https:\\\/\\\/rentallorca.com\\\/blog\\\/de\\\/planung-fur-deinen-perfekten-alcudia-urlaub\\\/#primaryimage\",\"url\":\"https:\\\/\\\/rentallorca.com\\\/blog\\\/wp-content\\\/uploads\\\/2025\\\/02\\\/blog-rentallorca-33.webp\",\"contentUrl\":\"https:\\\/\\\/rentallorca.com\\\/blog\\\/wp-content\\\/uploads\\\/2025\\\/02\\\/blog-rentallorca-33.webp\",\"width\":1920,\"height\":400,\"caption\":\"Holidays in Alcudia\"},{\"@type\":\"BreadcrumbList\",\"@id\":\"https:\\\/\\\/rentallorca.com\\\/blog\\\/de\\\/planung-fur-deinen-perfekten-alcudia-urlaub\\\/#breadcrumb\",\"itemListElement\":[{\"@type\":\"ListItem\",\"position\":1,\"name\":\"Home\",\"item\":\"https:\\\/\\\/rentallorca.com\\\/blog\\\/de\\\/\"},{\"@type\":\"ListItem\",\"position\":2,\"name\":\"Planung f\u00fcr deinen perfekten Alcudia Urlaub\"}]},{\"@type\":\"WebSite\",\"@id\":\"https:\\\/\\\/rentallorca.com\\\/blog\\\/de\\\/#website\",\"url\":\"https:\\\/\\\/rentallorca.com\\\/blog\\\/de\\\/\",\"name\":\"Blog\",\"description\":\"Rentallorca\",\"potentialAction\":[{\"@type\":\"SearchAction\",\"target\":{\"@type\":\"EntryPoint\",\"urlTemplate\":\"https:\\\/\\\/rentallorca.com\\\/blog\\\/de\\\/?s={search_term_string}\"},\"query-input\":{\"@type\":\"PropertyValueSpecification\",\"valueRequired\":true,\"valueName\":\"search_term_string\"}}],\"inLanguage\":\"de\"},{\"@type\":\"Person\",\"@id\":\"https:\\\/\\\/rentallorca.com\\\/blog\\\/de\\\/#\\\/schema\\\/person\\\/52fc00dd86d9c81282a034a332134bc2\",\"name\":\"digitalservices\",\"image\":{\"@type\":\"ImageObject\",\"inLanguage\":\"de\",\"@id\":\"https:\\\/\\\/secure.gravatar.com\\\/avatar\\\/af30f88a1904294c1f3eb09a9d7903eec4ffa18fa2cf40c28a8681014ecdfc20?s=96&d=mm&r=g\",\"url\":\"https:\\\/\\\/secure.gravatar.com\\\/avatar\\\/af30f88a1904294c1f3eb09a9d7903eec4ffa18fa2cf40c28a8681014ecdfc20?s=96&d=mm&r=g\",\"contentUrl\":\"https:\\\/\\\/secure.gravatar.com\\\/avatar\\\/af30f88a1904294c1f3eb09a9d7903eec4ffa18fa2cf40c28a8681014ecdfc20?s=96&d=mm&r=g\",\"caption\":\"digitalservices\"},\"url\":\"https:\\\/\\\/rentallorca.com\\\/blog\\\/de\\\/author\\\/digitalservices\\\/\"}]}<\/script>\n<!-- \/ Yoast SEO plugin. -->","yoast_head_json":{"title":"Planung f\u00fcr deinen perfekten Alcudia Urlaub","description":"Alcudia UrlaubPlanen Sie eine Reise nach Mallorca? Genie\u00dfen Sie das Beste der Insel mit diesem vollst\u00e4ndigen F\u00fchrer f\u00fcr Alcudia Urlaub.","robots":{"index":"index","follow":"follow","max-snippet":"max-snippet:-1","max-image-preview":"max-image-preview:large","max-video-preview":"max-video-preview:-1"},"canonical":"https:\/\/rentallorca.com\/blog\/de\/planung-fur-deinen-perfekten-alcudia-urlaub\/","og_locale":"de_DE","og_type":"article","og_title":"Planung f\u00fcr deinen perfekten Alcudia Urlaub","og_description":"Alcudia UrlaubPlanen Sie eine Reise nach Mallorca? Genie\u00dfen Sie das Beste der Insel mit diesem vollst\u00e4ndigen F\u00fchrer f\u00fcr Alcudia Urlaub.","og_url":"https:\/\/rentallorca.com\/blog\/de\/planung-fur-deinen-perfekten-alcudia-urlaub\/","og_site_name":"Blog","article_published_time":"2025-02-06T09:04:43+00:00","article_modified_time":"2025-09-17T15:43:43+00:00","og_image":[{"width":1920,"height":400,"url":"https:\/\/rentallorca.com\/blog\/wp-content\/uploads\/2025\/02\/blog-rentallorca-33.webp","type":"image\/webp"}],"author":"digitalservices","twitter_card":"summary_large_image","twitter_misc":{"Written by":"digitalservices","Est. reading time":"17 minutes"},"schema":{"@context":"https:\/\/schema.org","@graph":[{"@type":"Article","@id":"https:\/\/rentallorca.com\/blog\/de\/planung-fur-deinen-perfekten-alcudia-urlaub\/#article","isPartOf":{"@id":"https:\/\/rentallorca.com\/blog\/de\/planung-fur-deinen-perfekten-alcudia-urlaub\/"},"author":{"name":"digitalservices","@id":"https:\/\/rentallorca.com\/blog\/de\/#\/schema\/person\/52fc00dd86d9c81282a034a332134bc2"},"headline":"Planung f\u00fcr deinen perfekten Alcudia Urlaub","datePublished":"2025-02-06T09:04:43+00:00","dateModified":"2025-09-17T15:43:43+00:00","mainEntityOfPage":{"@id":"https:\/\/rentallorca.com\/blog\/de\/planung-fur-deinen-perfekten-alcudia-urlaub\/"},"wordCount":1926,"commentCount":0,"image":{"@id":"https:\/\/rentallorca.com\/blog\/de\/planung-fur-deinen-perfekten-alcudia-urlaub\/#primaryimage"},"thumbnailUrl":"https:\/\/rentallorca.com\/blog\/wp-content\/uploads\/2025\/02\/blog-rentallorca-33.webp","articleSection":["Gu\u00edas"],"inLanguage":"de","potentialAction":[{"@type":"CommentAction","name":"Comment","target":["https:\/\/rentallorca.com\/blog\/de\/planung-fur-deinen-perfekten-alcudia-urlaub\/#respond"]}]},{"@type":"WebPage","@id":"https:\/\/rentallorca.com\/blog\/de\/planung-fur-deinen-perfekten-alcudia-urlaub\/","url":"https:\/\/rentallorca.com\/blog\/de\/planung-fur-deinen-perfekten-alcudia-urlaub\/","name":"Planung f\u00fcr deinen perfekten Alcudia Urlaub","isPartOf":{"@id":"https:\/\/rentallorca.com\/blog\/de\/#website"},"primaryImageOfPage":{"@id":"https:\/\/rentallorca.com\/blog\/de\/planung-fur-deinen-perfekten-alcudia-urlaub\/#primaryimage"},"image":{"@id":"https:\/\/rentallorca.com\/blog\/de\/planung-fur-deinen-perfekten-alcudia-urlaub\/#primaryimage"},"thumbnailUrl":"https:\/\/rentallorca.com\/blog\/wp-content\/uploads\/2025\/02\/blog-rentallorca-33.webp","datePublished":"2025-02-06T09:04:43+00:00","dateModified":"2025-09-17T15:43:43+00:00","author":{"@id":"https:\/\/rentallorca.com\/blog\/de\/#\/schema\/person\/52fc00dd86d9c81282a034a332134bc2"},"description":"Alcudia UrlaubPlanen Sie eine Reise nach Mallorca? Genie\u00dfen Sie das Beste der Insel mit diesem vollst\u00e4ndigen F\u00fchrer f\u00fcr Alcudia Urlaub.","breadcrumb":{"@id":"https:\/\/rentallorca.com\/blog\/de\/planung-fur-deinen-perfekten-alcudia-urlaub\/#breadcrumb"},"inLanguage":"de","potentialAction":[{"@type":"ReadAction","target":["https:\/\/rentallorca.com\/blog\/de\/planung-fur-deinen-perfekten-alcudia-urlaub\/"]}]},{"@type":"ImageObject","inLanguage":"de","@id":"https:\/\/rentallorca.com\/blog\/de\/planung-fur-deinen-perfekten-alcudia-urlaub\/#primaryimage","url":"https:\/\/rentallorca.com\/blog\/wp-content\/uploads\/2025\/02\/blog-rentallorca-33.webp","contentUrl":"https:\/\/rentallorca.com\/blog\/wp-content\/uploads\/2025\/02\/blog-rentallorca-33.webp","width":1920,"height":400,"caption":"Holidays in Alcudia"},{"@type":"BreadcrumbList","@id":"https:\/\/rentallorca.com\/blog\/de\/planung-fur-deinen-perfekten-alcudia-urlaub\/#breadcrumb","itemListElement":[{"@type":"ListItem","position":1,"name":"Home","item":"https:\/\/rentallorca.com\/blog\/de\/"},{"@type":"ListItem","position":2,"name":"Planung f\u00fcr deinen perfekten Alcudia Urlaub"}]},{"@type":"WebSite","@id":"https:\/\/rentallorca.com\/blog\/de\/#website","url":"https:\/\/rentallorca.com\/blog\/de\/","name":"Blog","description":"Rentallorca","potentialAction":[{"@type":"SearchAction","target":{"@type":"EntryPoint","urlTemplate":"https:\/\/rentallorca.com\/blog\/de\/?s={search_term_string}"},"query-input":{"@type":"PropertyValueSpecification","valueRequired":true,"valueName":"search_term_string"}}],"inLanguage":"de"},{"@type":"Person","@id":"https:\/\/rentallorca.com\/blog\/de\/#\/schema\/person\/52fc00dd86d9c81282a034a332134bc2","name":"digitalservices","image":{"@type":"ImageObject","inLanguage":"de","@id":"https:\/\/secure.gravatar.com\/avatar\/af30f88a1904294c1f3eb09a9d7903eec4ffa18fa2cf40c28a8681014ecdfc20?s=96&d=mm&r=g","url":"https:\/\/secure.gravatar.com\/avatar\/af30f88a1904294c1f3eb09a9d7903eec4ffa18fa2cf40c28a8681014ecdfc20?s=96&d=mm&r=g","contentUrl":"https:\/\/secure.gravatar.com\/avatar\/af30f88a1904294c1f3eb09a9d7903eec4ffa18fa2cf40c28a8681014ecdfc20?s=96&d=mm&r=g","caption":"digitalservices"},"url":"https:\/\/rentallorca.com\/blog\/de\/author\/digitalservices\/"}]}},"_links":{"self":[{"href":"https:\/\/rentallorca.com\/blog\/de\/wp-json\/wp\/v2\/posts\/570","targetHints":{"allow":["GET"]}}],"collection":[{"href":"https:\/\/rentallorca.com\/blog\/de\/wp-json\/wp\/v2\/posts"}],"about":[{"href":"https:\/\/rentallorca.com\/blog\/de\/wp-json\/wp\/v2\/types\/post"}],"author":[{"embeddable":true,"href":"https:\/\/rentallorca.com\/blog\/de\/wp-json\/wp\/v2\/users\/2"}],"replies":[{"embeddable":true,"href":"https:\/\/rentallorca.com\/blog\/de\/wp-json\/wp\/v2\/comments?post=570"}],"version-history":[{"count":10,"href":"https:\/\/rentallorca.com\/blog\/de\/wp-json\/wp\/v2\/posts\/570\/revisions"}],"predecessor-version":[{"id":2610,"href":"https:\/\/rentallorca.com\/blog\/de\/wp-json\/wp\/v2\/posts\/570\/revisions\/2610"}],"wp:featuredmedia":[{"embeddable":true,"href":"https:\/\/rentallorca.com\/blog\/de\/wp-json\/wp\/v2\/media\/659"}],"wp:attachment":[{"href":"https:\/\/rentallorca.com\/blog\/de\/wp-json\/wp\/v2\/media?parent=570"}],"wp:term":[{"taxonomy":"category","embeddable":true,"href":"https:\/\/rentallorca.com\/blog\/de\/wp-json\/wp\/v2\/categories?post=570"},{"taxonomy":"post_tag","embeddable":true,"href":"https:\/\/rentallorca.com\/blog\/de\/wp-json\/wp\/v2\/tags?post=570"}],"curies":[{"name":"wp","href":"https:\/\/api.w.org\/{rel}","templated":true}]}}