{"id":4044,"date":"2026-04-20T09:00:20","date_gmt":"2026-04-20T09:00:20","guid":{"rendered":"https:\/\/rentallorca.com\/blog\/?p=4044"},"modified":"2026-04-30T14:03:54","modified_gmt":"2026-04-30T14:03:54","slug":"mallorca-im-mai","status":"publish","type":"post","link":"https:\/\/rentallorca.com\/blog\/de\/mallorca-im-mai\/","title":{"rendered":"Mallorca im Mai, der ideale Zeitpunkt, um die Insel in Ruhe zu genie\u00dfen"},"content":{"rendered":"\t\t<div data-elementor-type=\"wp-post\" data-elementor-id=\"4044\" class=\"elementor elementor-4044 elementor-3840\" data-elementor-post-type=\"post\">\n\t\t\t\t<div class=\"elementor-element elementor-element-4627a683 e-flex e-con-boxed e-con e-parent\" data-id=\"4627a683\" data-element_type=\"container\" data-e-type=\"container\">\n\t\t\t\t\t<div class=\"e-con-inner\">\n\t\t\t\t<div class=\"elementor-element elementor-element-1500e04c elementor-widget elementor-widget-text-editor\" data-id=\"1500e04c\" data-element_type=\"widget\" data-e-type=\"widget\" data-widget_type=\"text-editor.default\">\n\t\t\t\t<div class=\"elementor-widget-container\">\n\t\t\t\t\t\t\t\t\t<p><span style=\"font-weight: 400;\">Der Mai ist einer der angenehmsten Monate, um Mallorca ohne den Sommertrubel zu entdecken. Die Insel duftet bereits nach Hochsaison, bewahrt aber noch eine gewisse Ruhe. In einer Terrasse zu essen oder sich in den D\u00f6rfern des Zentrums, Nordens und Ostens zu verlieren, ist ein wahres Vergn\u00fcgen. Es ist der    <\/span><b>perfekte Monat, um Strand und Ausfl\u00fcge<\/b><span style=\"font-weight: 400;\"> bei gutem Wetter zu kombinieren.<\/span><\/p><p><span style=\"font-weight: 400;\">Falls Sie einen Besuch planen, <strong>finden Sie hier einen klaren und praktischen Leitfaden \u00fcber das Wetter auf Mallorca im Mai<\/strong>, welche Aktivit\u00e4ten am besten passen und was Sie in den Koffer packen sollten, damit Sie nichts unvorbereitet trifft. Lesen Sie weiter! <\/span><\/p>\t\t\t\t\t\t\t\t<\/div>\n\t\t\t\t<\/div>\n\t\t\t\t\t<\/div>\n\t\t\t\t<\/div>\n\t\t<div class=\"elementor-element elementor-element-3aaf4bc3 e-flex e-con-boxed e-con e-parent\" data-id=\"3aaf4bc3\" data-element_type=\"container\" data-e-type=\"container\">\n\t\t\t\t\t<div class=\"e-con-inner\">\n\t\t\t\t<div class=\"elementor-element elementor-element-64f96ddd elementor-widget elementor-widget-table-of-contents\" data-id=\"64f96ddd\" data-element_type=\"widget\" data-e-type=\"widget\" data-settings=\"{&quot;headings_by_tags&quot;:[&quot;h2&quot;,&quot;h3&quot;],&quot;exclude_headings_by_selector&quot;:[],&quot;marker_view&quot;:&quot;bullets&quot;,&quot;icon&quot;:{&quot;value&quot;:&quot;&quot;,&quot;library&quot;:&quot;&quot;},&quot;no_headings_message&quot;:&quot;No headings were found on this page.&quot;,&quot;hierarchical_view&quot;:&quot;yes&quot;,&quot;min_height&quot;:{&quot;unit&quot;:&quot;px&quot;,&quot;size&quot;:&quot;&quot;,&quot;sizes&quot;:[]},&quot;min_height_tablet&quot;:{&quot;unit&quot;:&quot;px&quot;,&quot;size&quot;:&quot;&quot;,&quot;sizes&quot;:[]},&quot;min_height_mobile&quot;:{&quot;unit&quot;:&quot;px&quot;,&quot;size&quot;:&quot;&quot;,&quot;sizes&quot;:[]}}\" data-widget_type=\"table-of-contents.default\">\n\t\t\t\t<div class=\"elementor-widget-container\">\n\t\t\t\t\t\t\t\t\t<div class=\"elementor-toc__header\">\n\t\t\t\t\t\t<div class=\"elementor-toc__header-title\">\n\t\t\t\tInhalte\t\t\t<\/div>\n\t\t\t\t\t\t\t\t<\/div>\n\t\t\t\t<div id=\"elementor-toc__64f96ddd\" class=\"elementor-toc__body\">\n\t\t\t<div class=\"elementor-toc__spinner-container\">\n\t\t\t\t<svg class=\"elementor-toc__spinner eicon-animation-spin e-font-icon-svg e-eicon-loading\" aria-hidden=\"true\" viewBox=\"0 0 1000 1000\" xmlns=\"http:\/\/www.w3.org\/2000\/svg\"><path d=\"M500 975V858C696 858 858 696 858 500S696 142 500 142 142 304 142 500H25C25 237 238 25 500 25S975 237 975 500 763 975 500 975Z\"><\/path><\/svg>\t\t\t<\/div>\n\t\t<\/div>\n\t\t\t\t\t\t<\/div>\n\t\t\t\t<\/div>\n\t\t\t\t\t<\/div>\n\t\t\t\t<\/div>\n\t\t<div class=\"elementor-element elementor-element-4584717a e-flex e-con-boxed e-con e-parent\" data-id=\"4584717a\" data-element_type=\"container\" data-e-type=\"container\">\n\t\t\t\t\t<div class=\"e-con-inner\">\n\t\t\t\t<div class=\"elementor-element elementor-element-ebe9d8 elementor-widget elementor-widget-heading\" data-id=\"ebe9d8\" data-element_type=\"widget\" data-e-type=\"widget\" data-widget_type=\"heading.default\">\n\t\t\t\t<div class=\"elementor-widget-container\">\n\t\t\t\t\t<h2 class=\"elementor-heading-title elementor-size-default\">Das Wetter auf Mallorca im Mai und was Sie w\u00e4hrend Ihrer Reise erwarten k\u00f6nnen\n<\/h2>\t\t\t\t<\/div>\n\t\t\t\t<\/div>\n\t\t\t\t<div class=\"elementor-element elementor-element-43cdacb0 elementor-widget elementor-widget-text-editor\" data-id=\"43cdacb0\" data-element_type=\"widget\" data-e-type=\"widget\" data-widget_type=\"text-editor.default\">\n\t\t\t\t<div class=\"elementor-widget-container\">\n\t\t\t\t\t\t\t\t\t<p><span style=\"font-weight: 400;\">Im Mai n\u00e4hert sich das Klima auf Mallorca bereits dem Sommer an, ohne jedoch zu \u00fcbertreiben. Normalerweise erwarten Sie milde und angenehme Tage mit H\u00f6chsttemperaturen, die sich zwischen <\/span> <b> 21 und 24 Grad<\/b><span style=\"font-weight: 400;\"> bewegen, und k\u00fchleren Tiefstwerten in der Nacht um etwa 13 oder 14 Grad.<\/span><\/p><p><span style=\"font-weight: 400;\">Die Insel im Mai hat eine gewisse Variabilit\u00e4t, bei der ein Tag mit strahlendem Sonnenschein, ein anderer mit etwas Brise und gelegentlich ein kurzer Regenschauer auftreten kann, der die Tagespl\u00e4ne normalerweise nicht zunichtemacht. Im Allgemeinen <\/span> <b> ist das Ambiente sehr gut<\/b><span style=\"font-weight: 400;\"> f\u00fcr leichte Ausfl\u00fcge oder um sich zwischen den D\u00f6rfern zu bewegen, ohne dr\u00fcckende Hitze zu sp\u00fcren.<\/span><\/p><p><span style=\"font-weight: 400;\">Falls Sie sich fragen, wie das Wetter auf Mallorca im Mai ist, lautet die kurze Antwort: ziemlich gut, aber noch nicht ganz sommerlich. Das spielt zu Ihren Gunsten, denn es erm\u00f6glicht Ihnen, die Insel mehr zu genie\u00dfen und sich in Ruhe fortzubewegen. Ideal ist es,   <\/span><b>sich im Zwiebellook zu kleiden und die Wettervorhersage zu pr\u00fcfen<\/b><span style=\"font-weight: 400;\">, bevor Sie losgehen, besonders wenn Sie vorhaben, den Tag zwischen K\u00fcste und Inland zu verbringen.<\/span><\/p>\t\t\t\t\t\t\t\t<\/div>\n\t\t\t\t<\/div>\n\t\t\t\t<div class=\"elementor-element elementor-element-110b9fb elementor-widget elementor-widget-image\" data-id=\"110b9fb\" data-element_type=\"widget\" data-e-type=\"widget\" data-widget_type=\"image.default\">\n\t\t\t\t<div class=\"elementor-widget-container\">\n\t\t\t\t\t\t\t\t\t\t\t\t\t\t\t<img fetchpriority=\"high\" decoding=\"async\" width=\"1254\" height=\"627\" src=\"https:\/\/rentallorca.com\/blog\/wp-content\/uploads\/2026\/04\/visitar-mallorca-en-mayo.jpg\" class=\"attachment-full size-full wp-image-3946\" alt=\"visitar-mallorca-en-mayo.jpg\" srcset=\"https:\/\/rentallorca.com\/blog\/wp-content\/uploads\/2026\/04\/visitar-mallorca-en-mayo.jpg 1254w, https:\/\/rentallorca.com\/blog\/wp-content\/uploads\/2026\/04\/visitar-mallorca-en-mayo-300x150.jpg 300w, https:\/\/rentallorca.com\/blog\/wp-content\/uploads\/2026\/04\/visitar-mallorca-en-mayo-1024x512.jpg 1024w, https:\/\/rentallorca.com\/blog\/wp-content\/uploads\/2026\/04\/visitar-mallorca-en-mayo-768x384.jpg 768w\" sizes=\"(max-width: 1254px) 100vw, 1254px\" \/>\t\t\t\t\t\t\t\t\t\t\t\t\t\t\t<\/div>\n\t\t\t\t<\/div>\n\t\t\t\t\t<\/div>\n\t\t\t\t<\/div>\n\t\t<div class=\"elementor-element elementor-element-732c2fc e-flex e-con-boxed e-con e-parent\" data-id=\"732c2fc\" data-element_type=\"container\" data-e-type=\"container\">\n\t\t\t\t\t<div class=\"e-con-inner\">\n\t\t\t\t<div class=\"elementor-element elementor-element-2f6f75c elementor-widget elementor-widget-heading\" data-id=\"2f6f75c\" data-element_type=\"widget\" data-e-type=\"widget\" data-widget_type=\"heading.default\">\n\t\t\t\t<div class=\"elementor-widget-container\">\n\t\t\t\t\t<h2 class=\"elementor-heading-title elementor-size-default\">Auf Mallorca im Mai baden \u2013 was Sie beachten sollten, bevor Sie ins Wasser springen\n<\/h2>\t\t\t\t<\/div>\n\t\t\t\t<\/div>\n\t\t\t\t<div class=\"elementor-element elementor-element-f304d25 elementor-widget elementor-widget-text-editor\" data-id=\"f304d25\" data-element_type=\"widget\" data-e-type=\"widget\" data-widget_type=\"text-editor.default\">\n\t\t\t\t<div class=\"elementor-widget-container\">\n\t\t\t\t\t\t\t\t\t<p><span style=\"font-weight: 400;\">Hier kommt die Millionenfrage, und die Antwort lautet: ja, aber mit einigen Einschr\u00e4nkungen. Das  <\/span><b>Meer ist noch k\u00fchler als im Juli und August<\/b><span style=\"font-weight: 400;\">, daher ist es nicht jedermanns Sache. Anfang des Monats kann es recht angenehm f\u00fcr ein kurzes Bad sein, w\u00e4hrend es gegen Ende Mai schon mehr Lust macht, l\u00e4nger im Wasser zu bleiben. <\/span><\/p><p><span style=\"font-weight: 400;\">Wenn Sie zu denjenigen geh\u00f6ren, die erst ins Meer gehen, wenn es fast warm ist, werden Sie es m\u00f6glicherweise als k\u00fchler empfinden. Aber  <\/span><b>wenn Sie gerne schwimmen, sich erfrischen oder nach dem Sonnenbad ein Bad nehmen m\u00f6chten,<\/b><span style=\"font-weight: 400;\"> funktioniert der Mai sehr gut, besonders in den gesch\u00fctzteren Buchten.<\/span><\/p><p><span style=\"font-weight: 400;\">Am besten zum Baden auf Mallorca im Mai ist es,<\/span><b> die mittleren Tagesstunden zu w\u00e4hlen<\/b><span style=\"font-weight: 400;\">, wenn die Sonne am st\u00e4rksten w\u00e4rmt und die gef\u00fchlte Temperatur angenehm ist. Es hilft auch, Str\u00e4nde oder Buchten zu suchen, die weniger dem Wind ausgesetzt sind.  <\/span><\/p>\t\t\t\t\t\t\t\t<\/div>\n\t\t\t\t<\/div>\n\t\t\t\t<div class=\"elementor-element elementor-element-7af515d elementor-widget elementor-widget-image\" data-id=\"7af515d\" data-element_type=\"widget\" data-e-type=\"widget\" data-widget_type=\"image.default\">\n\t\t\t\t<div class=\"elementor-widget-container\">\n\t\t\t\t\t\t\t\t\t\t\t\t\t\t\t<img decoding=\"async\" width=\"1254\" height=\"626\" src=\"https:\/\/rentallorca.com\/blog\/wp-content\/uploads\/2026\/04\/tiempo-mallorca-en-mayo.jpg\" class=\"attachment-full size-full wp-image-3949\" alt=\"tiempo-mallorca-en-mayo.jpg\" srcset=\"https:\/\/rentallorca.com\/blog\/wp-content\/uploads\/2026\/04\/tiempo-mallorca-en-mayo.jpg 1254w, https:\/\/rentallorca.com\/blog\/wp-content\/uploads\/2026\/04\/tiempo-mallorca-en-mayo-300x150.jpg 300w, https:\/\/rentallorca.com\/blog\/wp-content\/uploads\/2026\/04\/tiempo-mallorca-en-mayo-1024x511.jpg 1024w, https:\/\/rentallorca.com\/blog\/wp-content\/uploads\/2026\/04\/tiempo-mallorca-en-mayo-768x383.jpg 768w\" sizes=\"(max-width: 1254px) 100vw, 1254px\" \/>\t\t\t\t\t\t\t\t\t\t\t\t\t\t\t<\/div>\n\t\t\t\t<\/div>\n\t\t\t\t\t<\/div>\n\t\t\t\t<\/div>\n\t\t<div class=\"elementor-element elementor-element-aae2f81 e-flex e-con-boxed e-con e-parent\" data-id=\"aae2f81\" data-element_type=\"container\" data-e-type=\"container\">\n\t\t\t\t\t<div class=\"e-con-inner\">\n\t\t\t\t<div class=\"elementor-element elementor-element-7567214 elementor-widget elementor-widget-heading\" data-id=\"7567214\" data-element_type=\"widget\" data-e-type=\"widget\" data-widget_type=\"heading.default\">\n\t\t\t\t<div class=\"elementor-widget-container\">\n\t\t\t\t\t<h2 class=\"elementor-heading-title elementor-size-default\">Was man auf Mallorca im Mai unternehmen kann \u2013 zwischen Aktivit\u00e4ten, Ausfl\u00fcgen und Veranstaltungen\n<\/h2>\t\t\t\t<\/div>\n\t\t\t\t<\/div>\n\t\t\t\t<div class=\"elementor-element elementor-element-206cc96 elementor-widget elementor-widget-text-editor\" data-id=\"206cc96\" data-element_type=\"widget\" data-e-type=\"widget\" data-widget_type=\"text-editor.default\">\n\t\t\t\t<div class=\"elementor-widget-container\">\n\t\t\t\t\t\t\t\t\t<p><span style=\"font-weight: 400;\">Mallorca im Mai bietet Aktivit\u00e4ten f\u00fcr jeden Geschmack und jedes Alter, sodass Sie keine Ausrede haben werden, sie nicht zu genie\u00dfen.<\/span><\/p>\t\t\t\t\t\t\t\t<\/div>\n\t\t\t\t<\/div>\n\t\t\t\t\t<\/div>\n\t\t\t\t<\/div>\n\t\t<div class=\"elementor-element elementor-element-93e0ec4 e-flex e-con-boxed e-con e-parent\" data-id=\"93e0ec4\" data-element_type=\"container\" data-e-type=\"container\">\n\t\t\t\t\t<div class=\"e-con-inner\">\n\t\t\t\t<div class=\"elementor-element elementor-element-474347e elementor-widget elementor-widget-heading\" data-id=\"474347e\" data-element_type=\"widget\" data-e-type=\"widget\" data-widget_type=\"heading.default\">\n\t\t\t\t<div class=\"elementor-widget-container\">\n\t\t\t\t\t<h3 class=\"elementor-heading-title elementor-size-default\">Veranstaltungen und lokales Ambiente\n<\/h3>\t\t\t\t<\/div>\n\t\t\t\t<\/div>\n\t\t\t\t<div class=\"elementor-element elementor-element-e265d46 elementor-widget elementor-widget-text-editor\" data-id=\"e265d46\" data-element_type=\"widget\" data-e-type=\"widget\" data-widget_type=\"text-editor.default\">\n\t\t\t\t<div class=\"elementor-widget-container\">\n\t\t\t\t\t\t\t\t\t<p><span style=\"font-weight: 400;\">Der Mai bringt auch Feste und Aktivit\u00e4ten mit sich, die der Insel Leben einhauchen. Es ist ein Monat, in dem Sie <\/span><b>  Messen, M\u00e4rkte und traditionelle Feiern<\/b><span style=\"font-weight: 400;\">  an verschiedenen Orten Mallorcas finden k\u00f6nnen, daher lohnt es sich, den Veranstaltungskalender Ihres Aufenthaltsortes zu pr\u00fcfen. Der Reiz eines Besuchs zu dieser Zeit liegt genau in dieser Mischung aus angenehmem Klima und lokalem Ambiente ohne \u00dcberf\u00fcllung. <\/span><\/p>\t\t\t\t\t\t\t\t<\/div>\n\t\t\t\t<\/div>\n\t\t\t\t\t<\/div>\n\t\t\t\t<\/div>\n\t\t<div class=\"elementor-element elementor-element-33f2225 e-flex e-con-boxed e-con e-parent\" data-id=\"33f2225\" data-element_type=\"container\" data-e-type=\"container\">\n\t\t\t\t\t<div class=\"e-con-inner\">\n\t\t\t\t<div class=\"elementor-element elementor-element-0228f91 elementor-widget elementor-widget-heading\" data-id=\"0228f91\" data-element_type=\"widget\" data-e-type=\"widget\" data-widget_type=\"heading.default\">\n\t\t\t\t<div class=\"elementor-widget-container\">\n\t\t\t\t\t<h3 class=\"elementor-heading-title elementor-size-default\">Aktivit\u00e4ten f\u00fcr jeden Reisetyp\n<\/h3>\t\t\t\t<\/div>\n\t\t\t\t<\/div>\n\t\t\t\t<div class=\"elementor-element elementor-element-47b7710 elementor-widget elementor-widget-text-editor\" data-id=\"47b7710\" data-element_type=\"widget\" data-e-type=\"widget\" data-widget_type=\"text-editor.default\">\n\t\t\t\t<div class=\"elementor-widget-container\">\n\t\t\t\t\t\t\t\t\t<p><span style=\"font-weight: 400;\">Falls Sie als Paar reisen, ist der Mai ideal, um die <\/span><b>Ruhe der Str\u00e4nde und Buchten<\/b><span style=\"font-weight: 400;\">, die Abendessen im Freien und die romantischen Ausfl\u00fcge in die D\u00f6rfer des Inlands zu genie\u00dfen.<\/span><\/p><p><span style=\"font-weight: 400;\">Wenn Sie mit der Familie reisen, sind Ausfl\u00fcge in die Natur oder<\/span><b> Str\u00e4nde mit Aktivit\u00e4ten f\u00fcr Kinder<\/b><span style=\"font-weight: 400;\">  ein sicherer Erfolg. Wenn Sie hingegen mit Freunden reisen, k\u00f6nnen Sie Routen, gutes Essen und sogar einige Tage kombinieren, um  <\/span><b>das Nachtleben Mallorcas zu genie\u00dfen<\/b><span style=\"font-weight: 400;\">, ohne sich um die \u00dcberf\u00fcllung des Sommers sorgen zu m\u00fcssen.<\/span><\/p>\t\t\t\t\t\t\t\t<\/div>\n\t\t\t\t<\/div>\n\t\t\t\t\t<\/div>\n\t\t\t\t<\/div>\n\t\t<div class=\"elementor-element elementor-element-57d2d9de e-flex e-con-boxed e-con e-parent\" data-id=\"57d2d9de\" data-element_type=\"container\" data-e-type=\"container\">\n\t\t\t\t\t<div class=\"e-con-inner\">\n\t\t\t\t<div class=\"elementor-element elementor-element-5b9cdc3b elementor-widget elementor-widget-heading\" data-id=\"5b9cdc3b\" data-element_type=\"widget\" data-e-type=\"widget\" data-widget_type=\"heading.default\">\n\t\t\t\t<div class=\"elementor-widget-container\">\n\t\t\t\t\t<h3 class=\"elementor-heading-title elementor-size-default\">Charmante D\u00f6rfer, leichte Routen und ruhige K\u00fcste\n<\/h3>\t\t\t\t<\/div>\n\t\t\t\t<\/div>\n\t\t\t\t<div class=\"elementor-element elementor-element-72a72ce2 elementor-widget elementor-widget-text-editor\" data-id=\"72a72ce2\" data-element_type=\"widget\" data-e-type=\"widget\" data-widget_type=\"text-editor.default\">\n\t\t\t\t<div class=\"elementor-widget-container\">\n\t\t\t\t\t\t\t\t\t<p><span style=\"font-weight: 400;\">Der Mai ist ein fantastischer Monat, um sich ohne Eile \u00fcber die Insel zu bewegen. Die  <\/span><b>D\u00f6rfer des Zentrums, des Nordens und des Ostens<\/b><span style=\"font-weight: 400;\">  sind besonders angenehm, weil es nicht so viele Menschen gibt und Sie das Ambiente ohne Stress genie\u00dfen k\u00f6nnen. Sie k\u00f6nnen eine Route durch das Inland planen, lokale M\u00e4rkte besuchen, in Ruhe essen und den Tag dann in einem K\u00fcstengebiet ausklingen lassen. <\/span><\/p><p><span style=\"font-weight: 400;\">Es ist auch ein perfekter Zeitpunkt f\u00fcr<\/span><b> Ausfl\u00fcge in die Natur<\/b><span style=\"font-weight: 400;\">. Die Temperaturen sind angenehm, die Wege werden nicht beschwerlich und die Landschaft ist meist besonders sch\u00f6n. Wenn Sie eine entspanntere Aktivit\u00e4t bevorzugen, funktioniert ein Vormittag im Dorf, ein gutes Mittagessen und ein Spaziergang am sp\u00e4ten Nachmittag wunderbar. <\/span><\/p>\t\t\t\t\t\t\t\t<\/div>\n\t\t\t\t<\/div>\n\t\t\t\t<div class=\"elementor-element elementor-element-8c0795b elementor-widget elementor-widget-image\" data-id=\"8c0795b\" data-element_type=\"widget\" data-e-type=\"widget\" data-widget_type=\"image.default\">\n\t\t\t\t<div class=\"elementor-widget-container\">\n\t\t\t\t\t\t\t\t\t\t\t\t\t\t\t<img decoding=\"async\" src=\"https:\/\/rentallorca.com\/blog\/wp-content\/uploads\/elementor\/thumbs\/rutas-de-senderismo-mallorca-rd6qa9oago0nasbiptssna2d9vjiv7hpgwov53gb5c.jpg\" title=\"Two women hikers on mountain summit overlooking the mediterranean sea\" alt=\"rutas-de-senderismo-monta\u00f1as-mallorca.jpg\" loading=\"lazy\" \/>\t\t\t\t\t\t\t\t\t\t\t\t\t\t\t<\/div>\n\t\t\t\t<\/div>\n\t\t\t\t\t<\/div>\n\t\t\t\t<\/div>\n\t\t<div class=\"elementor-element elementor-element-1bbd5d41 e-flex e-con-boxed e-con e-parent\" data-id=\"1bbd5d41\" data-element_type=\"container\" data-e-type=\"container\">\n\t\t\t\t\t<div class=\"e-con-inner\">\n\t\t\t\t<div class=\"elementor-element elementor-element-1e72add4 elementor-widget elementor-widget-heading\" data-id=\"1e72add4\" data-element_type=\"widget\" data-e-type=\"widget\" data-widget_type=\"heading.default\">\n\t\t\t\t<div class=\"elementor-widget-container\">\n\t\t\t\t\t<h2 class=\"elementor-heading-title elementor-size-default\">Was Sie im Mai nach Mallorca mitnehmen sollten, um komfortabel zu reisen\n<\/h2>\t\t\t\t<\/div>\n\t\t\t\t<\/div>\n\t\t\t\t<div class=\"elementor-element elementor-element-1758231e elementor-widget elementor-widget-text-editor\" data-id=\"1758231e\" data-element_type=\"widget\" data-e-type=\"widget\" data-widget_type=\"text-editor.default\">\n\t\t\t\t<div class=\"elementor-widget-container\">\n\t\t\t\t\t\t\t\t\t<p><span style=\"font-weight: 400;\">Der Koffer f\u00fcr den Mai auf Mallorca sollte<\/span><b> bequem und flexibel sein<\/b><span style=\"font-weight: 400;\">. Am besten denken Sie an Kleidungsst\u00fccke, die sowohl f\u00fcr warmes Wetter als auch f\u00fcr k\u00fchlere Abende oder Wetterumschw\u00fcnge geeignet sind.<\/span><\/p><p><span style=\"font-weight: 400;\">Unverzichtbar sind leichte Kleidung, eine<\/span><b> d\u00fcnne Jacke oder ein Pullover f\u00fcr die Nacht<\/b><span style=\"font-weight: 400;\">  und bequeme Schuhe zum Laufen. F\u00fcr diejenigen, die ein Bad nehmen m\u00f6chten, empfehlen wir neben Badeanzug und Flip-Flops auch  <\/span><b>Badeschuhe<\/b><span style=\"font-weight: 400;\">, falls es t\u00fcckische Felsen gibt, sowie Sonnencreme und Sonnenbrille.<\/span><\/p><p><span style=\"font-weight: 400;\">Wenn Sie Ausfl\u00fcge machen m\u00f6chten,<\/span><b> nehmen Sie auch etwas Praktisches mit, um sich leicht fortzubewegen.<\/b><span style=\"font-weight: 400;\"> Sie m\u00fcssen nicht viel mitnehmen, sollten aber auf den typischen mallorquinischen Mai vorbereitet sein, der mit Sonne beginnen, mit Brise weitergehen und mit einer deutlich k\u00fchleren Nacht enden kann, als es schien.<\/span><\/p>\t\t\t\t\t\t\t\t<\/div>\n\t\t\t\t<\/div>\n\t\t\t\t\t<\/div>\n\t\t\t\t<\/div>\n\t\t<div class=\"elementor-element elementor-element-7cf5f15 e-flex e-con-boxed e-con e-parent\" data-id=\"7cf5f15\" data-element_type=\"container\" data-e-type=\"container\">\n\t\t\t\t\t<div class=\"e-con-inner\">\n\t\t\t\t<div class=\"elementor-element elementor-element-63b02f0 elementor-widget elementor-widget-heading\" data-id=\"63b02f0\" data-element_type=\"widget\" data-e-type=\"widget\" data-widget_type=\"heading.default\">\n\t\t\t\t<div class=\"elementor-widget-container\">\n\t\t\t\t\t<h2 class=\"elementor-heading-title elementor-size-default\">Warum ein Besuch Mallorcas im Mai eine der besten Entscheidungen des Jahres sein kann\n<\/h2>\t\t\t\t<\/div>\n\t\t\t\t<\/div>\n\t\t\t\t<div class=\"elementor-element elementor-element-f26b885 elementor-widget elementor-widget-text-editor\" data-id=\"f26b885\" data-element_type=\"widget\" data-e-type=\"widget\" data-widget_type=\"text-editor.default\">\n\t\t\t\t<div class=\"elementor-widget-container\">\n\t\t\t\t\t\t\t\t\t<p><span style=\"font-weight: 400;\">Der Monat Mai ist die<\/span><b> perfekte Kombination, um die Insel zu genie\u00dfen<\/b><span style=\"font-weight: 400;\">  mit gutem Wetter, aber ohne die \u00dcberf\u00fcllung des Sommers ertragen zu m\u00fcssen. Die D\u00f6rfer und Str\u00e4nde lassen sich besser genie\u00dfen, und die Routen und Ausfl\u00fcge sind entspannter. <\/span><\/p><p><span style=\"font-weight: 400;\">Wenn Sie dazu noch die Bequemlichkeit hinzuf\u00fcgen, sich auf der Insel fortzubewegen, umso besser. <\/span><b>Eine Unterkunft in einer gut angebundenen Gegend<\/b><span style=\"font-weight: 400;\">  erm\u00f6glicht es Ihnen, jeden Teil der Insel zu besuchen. So k\u00f6nnen Sie Mallorca ohne Eile genie\u00dfen und all seinen Charme auskosten. <\/span><\/p>\t\t\t\t\t\t\t\t<\/div>\n\t\t\t\t<\/div>\n\t\t\t\t\t<\/div>\n\t\t\t\t<\/div>\n\t\t<div class=\"elementor-element elementor-element-2bb6dabb e-flex e-con-boxed e-con e-parent\" data-id=\"2bb6dabb\" data-element_type=\"container\" data-e-type=\"container\">\n\t\t\t\t\t<div class=\"e-con-inner\">\n\t\t\t\t<div class=\"elementor-element elementor-element-564a5ead elementor-widget elementor-widget-shortcode\" data-id=\"564a5ead\" data-element_type=\"widget\" data-e-type=\"widget\" data-widget_type=\"shortcode.default\">\n\t\t\t\t<div class=\"elementor-widget-container\">\n\t\t\t\t\t\t\t<div class=\"elementor-shortcode\">\t\t<div data-elementor-type=\"page\" data-elementor-id=\"271\" class=\"elementor elementor-271 elementor-170 elementor-170\" data-elementor-post-type=\"elementor_library\">\n\t\t\t\t<div class=\"elementor-element elementor-element-16c5e22 e-flex e-con-boxed e-con e-parent\" data-id=\"16c5e22\" data-element_type=\"container\" data-e-type=\"container\">\n\t\t\t\t\t<div class=\"e-con-inner\">\n\t\t<div class=\"elementor-element elementor-element-ac67807 e-con-full e-flex e-con e-child\" data-id=\"ac67807\" data-element_type=\"container\" data-e-type=\"container\">\n\t\t\t\t<div class=\"elementor-element elementor-element-2ab04b2 elementor-align-justify elementor-widget elementor-widget-button\" data-id=\"2ab04b2\" data-element_type=\"widget\" data-e-type=\"widget\" data-widget_type=\"button.default\">\n\t\t\t\t<div class=\"elementor-widget-container\">\n\t\t\t\t\t\t\t\t\t<div class=\"elementor-button-wrapper\">\n\t\t\t\t\t<a class=\"elementor-button elementor-button-link elementor-size-sm\" href=\"https:\/\/rentallorca.com\/de\/vermietung\/vermietungen-mallorca-e21\/\">\n\t\t\t\t\t\t<span class=\"elementor-button-content-wrapper\">\n\t\t\t\t\t\t\t\t\t<span class=\"elementor-button-text\">Unterk\u00fcnfte in  Mallorca<\/span>\n\t\t\t\t\t<\/span>\n\t\t\t\t\t<\/a>\n\t\t\t\t<\/div>\n\t\t\t\t\t\t\t\t<\/div>\n\t\t\t\t<\/div>\n\t\t\t\t<\/div>\n\t\t<div class=\"elementor-element elementor-element-6bea3dd e-con-full e-flex e-con e-child\" data-id=\"6bea3dd\" data-element_type=\"container\" data-e-type=\"container\">\n\t\t\t\t<div class=\"elementor-element elementor-element-ff8a437 elementor-align-justify elementor-widget elementor-widget-button\" data-id=\"ff8a437\" data-element_type=\"widget\" data-e-type=\"widget\" data-widget_type=\"button.default\">\n\t\t\t\t<div class=\"elementor-widget-container\">\n\t\t\t\t\t\t\t\t\t<div class=\"elementor-button-wrapper\">\n\t\t\t\t\t<a class=\"elementor-button elementor-button-link elementor-size-sm\" href=\"https:\/\/rentallorca.com\/de\/vermietung\/ferienwohnungen-mallorca-c1e21\/\">\n\t\t\t\t\t\t<span class=\"elementor-button-content-wrapper\">\n\t\t\t\t\t\t\t\t\t<span class=\"elementor-button-text\">Wohnungen in Mallorca<\/span>\n\t\t\t\t\t<\/span>\n\t\t\t\t\t<\/a>\n\t\t\t\t<\/div>\n\t\t\t\t\t\t\t\t<\/div>\n\t\t\t\t<\/div>\n\t\t\t\t<\/div>\n\t\t<div class=\"elementor-element elementor-element-d557a64 e-con-full e-flex e-con e-child\" data-id=\"d557a64\" data-element_type=\"container\" data-e-type=\"container\">\n\t\t\t\t<div class=\"elementor-element elementor-element-4421fc4 elementor-align-justify elementor-widget elementor-widget-button\" data-id=\"4421fc4\" data-element_type=\"widget\" data-e-type=\"widget\" data-widget_type=\"button.default\">\n\t\t\t\t<div class=\"elementor-widget-container\">\n\t\t\t\t\t\t\t\t\t<div class=\"elementor-button-wrapper\">\n\t\t\t\t\t<a class=\"elementor-button elementor-button-link elementor-size-sm\" href=\"https:\/\/rentallorca.com\/de\/vermietung\/ferienhauser-alcudia-c19d1098\/\">\n\t\t\t\t\t\t<span class=\"elementor-button-content-wrapper\">\n\t\t\t\t\t\t\t\t\t<span class=\"elementor-button-text\">H\u00e4user in Mallorca<\/span>\n\t\t\t\t\t<\/span>\n\t\t\t\t\t<\/a>\n\t\t\t\t<\/div>\n\t\t\t\t\t\t\t\t<\/div>\n\t\t\t\t<\/div>\n\t\t\t\t<\/div>\n\t\t<div class=\"elementor-element elementor-element-995a361 e-con-full e-flex e-con e-child\" data-id=\"995a361\" data-element_type=\"container\" data-e-type=\"container\">\n\t\t\t\t<div class=\"elementor-element elementor-element-e6addd0 elementor-align-justify elementor-widget elementor-widget-button\" data-id=\"e6addd0\" data-element_type=\"widget\" data-e-type=\"widget\" data-widget_type=\"button.default\">\n\t\t\t\t<div class=\"elementor-widget-container\">\n\t\t\t\t\t\t\t\t\t<div class=\"elementor-button-wrapper\">\n\t\t\t\t\t<a class=\"elementor-button elementor-button-link elementor-size-sm\" href=\"https:\/\/rentallorca.com\/de\/vermietung\/fincas-mallorca-c22e21\/\">\n\t\t\t\t\t\t<span class=\"elementor-button-content-wrapper\">\n\t\t\t\t\t\t\t\t\t<span class=\"elementor-button-text\">Bauernh\u00f6fe in Mallorca<\/span>\n\t\t\t\t\t<\/span>\n\t\t\t\t\t<\/a>\n\t\t\t\t<\/div>\n\t\t\t\t\t\t\t\t<\/div>\n\t\t\t\t<\/div>\n\t\t\t\t<\/div>\n\t\t\t\t\t<\/div>\n\t\t\t\t<\/div>\n\t\t\t\t<\/div>\n\t\t<\/div>\n\t\t\t\t\t\t<\/div>\n\t\t\t\t<\/div>\n\t\t\t\t\t<\/div>\n\t\t\t\t<\/div>\n\t\t\t\t<\/div>\n\t\t","protected":false},"excerpt":{"rendered":"<p>Der Mai ist einer der angenehmsten Monate, um Mallorca ohne den Sommertrubel zu entdecken. Die Insel duftet bereits nach Hochsaison, bewahrt aber noch eine gewisse Ruhe. In einer Terrasse zu essen oder sich in den D\u00f6rfern des Zentrums, Nordens und Ostens zu verlieren, ist ein wahres Vergn\u00fcgen. Es ist der perfekte Monat, um Strand und [&hellip;]<\/p>\n","protected":false},"author":3,"featured_media":3952,"comment_status":"open","ping_status":"open","sticky":false,"template":"","format":"standard","meta":{"footnotes":""},"categories":[2],"tags":[],"class_list":["post-4044","post","type-post","status-publish","format-standard","has-post-thumbnail","hentry","category-mallorca-urlaub"],"yoast_head":"<!-- This site is optimized with the Yoast SEO plugin v27.5 - https:\/\/yoast.com\/product\/yoast-seo-wordpress\/ -->\n<title>Mallorca im Mai besuchen - Blog<\/title>\n<meta name=\"description\" content=\"Entdecken Sie die Magie Mallorcas im Mai. Genie\u00dfen Sie das ideale Klima, ruhige Str\u00e4nde und lebendige Landschaften.\" \/>\n<meta name=\"robots\" content=\"index, follow, max-snippet:-1, max-image-preview:large, max-video-preview:-1\" \/>\n<link rel=\"canonical\" href=\"https:\/\/rentallorca.com\/blog\/de\/mallorca-im-mai\/\" \/>\n<meta property=\"og:locale\" content=\"de_DE\" \/>\n<meta property=\"og:type\" content=\"article\" \/>\n<meta property=\"og:title\" content=\"Mallorca im Mai besuchen - Blog\" \/>\n<meta property=\"og:description\" content=\"Entdecken Sie die Magie Mallorcas im Mai. Genie\u00dfen Sie das ideale Klima, ruhige Str\u00e4nde und lebendige Landschaften.\" \/>\n<meta property=\"og:url\" content=\"https:\/\/rentallorca.com\/blog\/de\/mallorca-im-mai\/\" \/>\n<meta property=\"og:site_name\" content=\"Blog\" \/>\n<meta property=\"article:published_time\" content=\"2026-04-20T09:00:20+00:00\" \/>\n<meta property=\"article:modified_time\" content=\"2026-04-30T14:03:54+00:00\" \/>\n<meta property=\"og:image\" content=\"https:\/\/rentallorca.com\/blog\/wp-content\/uploads\/2026\/04\/mallorca-en-mayo.jpg\" \/>\n\t<meta property=\"og:image:width\" content=\"1254\" \/>\n\t<meta property=\"og:image:height\" content=\"626\" \/>\n\t<meta property=\"og:image:type\" content=\"image\/jpeg\" \/>\n<meta name=\"author\" content=\"Axel\" \/>\n<meta name=\"twitter:card\" content=\"summary_large_image\" \/>\n<meta name=\"twitter:label1\" content=\"Written by\" \/>\n\t<meta name=\"twitter:data1\" content=\"Axel\" \/>\n\t<meta name=\"twitter:label2\" content=\"Est. reading time\" \/>\n\t<meta name=\"twitter:data2\" content=\"5 minutes\" \/>\n<script type=\"application\/ld+json\" class=\"yoast-schema-graph\">{\"@context\":\"https:\\\/\\\/schema.org\",\"@graph\":[{\"@type\":\"Article\",\"@id\":\"https:\\\/\\\/rentallorca.com\\\/blog\\\/de\\\/mallorca-im-mai\\\/#article\",\"isPartOf\":{\"@id\":\"https:\\\/\\\/rentallorca.com\\\/blog\\\/de\\\/mallorca-im-mai\\\/\"},\"author\":{\"name\":\"Axel\",\"@id\":\"https:\\\/\\\/rentallorca.com\\\/blog\\\/de\\\/#\\\/schema\\\/person\\\/8c5ebe5bf8d43e9757ab6869e1d4cbe4\"},\"headline\":\"Mallorca im Mai, der ideale Zeitpunkt, um die Insel in Ruhe zu genie\u00dfen\",\"datePublished\":\"2026-04-20T09:00:20+00:00\",\"dateModified\":\"2026-04-30T14:03:54+00:00\",\"mainEntityOfPage\":{\"@id\":\"https:\\\/\\\/rentallorca.com\\\/blog\\\/de\\\/mallorca-im-mai\\\/\"},\"wordCount\":1090,\"commentCount\":0,\"image\":{\"@id\":\"https:\\\/\\\/rentallorca.com\\\/blog\\\/de\\\/mallorca-im-mai\\\/#primaryimage\"},\"thumbnailUrl\":\"https:\\\/\\\/rentallorca.com\\\/blog\\\/wp-content\\\/uploads\\\/2026\\\/04\\\/mallorca-en-mayo.jpg\",\"articleSection\":[\"Mallorca\"],\"inLanguage\":\"de\",\"potentialAction\":[{\"@type\":\"CommentAction\",\"name\":\"Comment\",\"target\":[\"https:\\\/\\\/rentallorca.com\\\/blog\\\/de\\\/mallorca-im-mai\\\/#respond\"]}]},{\"@type\":\"WebPage\",\"@id\":\"https:\\\/\\\/rentallorca.com\\\/blog\\\/de\\\/mallorca-im-mai\\\/\",\"url\":\"https:\\\/\\\/rentallorca.com\\\/blog\\\/de\\\/mallorca-im-mai\\\/\",\"name\":\"Mallorca im Mai besuchen - Blog\",\"isPartOf\":{\"@id\":\"https:\\\/\\\/rentallorca.com\\\/blog\\\/de\\\/#website\"},\"primaryImageOfPage\":{\"@id\":\"https:\\\/\\\/rentallorca.com\\\/blog\\\/de\\\/mallorca-im-mai\\\/#primaryimage\"},\"image\":{\"@id\":\"https:\\\/\\\/rentallorca.com\\\/blog\\\/de\\\/mallorca-im-mai\\\/#primaryimage\"},\"thumbnailUrl\":\"https:\\\/\\\/rentallorca.com\\\/blog\\\/wp-content\\\/uploads\\\/2026\\\/04\\\/mallorca-en-mayo.jpg\",\"datePublished\":\"2026-04-20T09:00:20+00:00\",\"dateModified\":\"2026-04-30T14:03:54+00:00\",\"author\":{\"@id\":\"https:\\\/\\\/rentallorca.com\\\/blog\\\/de\\\/#\\\/schema\\\/person\\\/8c5ebe5bf8d43e9757ab6869e1d4cbe4\"},\"description\":\"Entdecken Sie die Magie Mallorcas im Mai. Genie\u00dfen Sie das ideale Klima, ruhige Str\u00e4nde und lebendige Landschaften.\",\"breadcrumb\":{\"@id\":\"https:\\\/\\\/rentallorca.com\\\/blog\\\/de\\\/mallorca-im-mai\\\/#breadcrumb\"},\"inLanguage\":\"de\",\"potentialAction\":[{\"@type\":\"ReadAction\",\"target\":[\"https:\\\/\\\/rentallorca.com\\\/blog\\\/de\\\/mallorca-im-mai\\\/\"]}]},{\"@type\":\"ImageObject\",\"inLanguage\":\"de\",\"@id\":\"https:\\\/\\\/rentallorca.com\\\/blog\\\/de\\\/mallorca-im-mai\\\/#primaryimage\",\"url\":\"https:\\\/\\\/rentallorca.com\\\/blog\\\/wp-content\\\/uploads\\\/2026\\\/04\\\/mallorca-en-mayo.jpg\",\"contentUrl\":\"https:\\\/\\\/rentallorca.com\\\/blog\\\/wp-content\\\/uploads\\\/2026\\\/04\\\/mallorca-en-mayo.jpg\",\"width\":1254,\"height\":626,\"caption\":\"Carefree young couple enjoying piggyback ride on the beach, spreading arms like airplane wings, laughing and having fun\"},{\"@type\":\"BreadcrumbList\",\"@id\":\"https:\\\/\\\/rentallorca.com\\\/blog\\\/de\\\/mallorca-im-mai\\\/#breadcrumb\",\"itemListElement\":[{\"@type\":\"ListItem\",\"position\":1,\"name\":\"Home\",\"item\":\"https:\\\/\\\/rentallorca.com\\\/blog\\\/de\\\/\"},{\"@type\":\"ListItem\",\"position\":2,\"name\":\"Mallorca im Mai, der ideale Zeitpunkt, um die Insel in Ruhe zu genie\u00dfen\"}]},{\"@type\":\"WebSite\",\"@id\":\"https:\\\/\\\/rentallorca.com\\\/blog\\\/de\\\/#website\",\"url\":\"https:\\\/\\\/rentallorca.com\\\/blog\\\/de\\\/\",\"name\":\"Blog\",\"description\":\"Rentallorca\",\"potentialAction\":[{\"@type\":\"SearchAction\",\"target\":{\"@type\":\"EntryPoint\",\"urlTemplate\":\"https:\\\/\\\/rentallorca.com\\\/blog\\\/de\\\/?s={search_term_string}\"},\"query-input\":{\"@type\":\"PropertyValueSpecification\",\"valueRequired\":true,\"valueName\":\"search_term_string\"}}],\"inLanguage\":\"de\"},{\"@type\":\"Person\",\"@id\":\"https:\\\/\\\/rentallorca.com\\\/blog\\\/de\\\/#\\\/schema\\\/person\\\/8c5ebe5bf8d43e9757ab6869e1d4cbe4\",\"name\":\"Axel\",\"image\":{\"@type\":\"ImageObject\",\"inLanguage\":\"de\",\"@id\":\"https:\\\/\\\/secure.gravatar.com\\\/avatar\\\/3bd706736e5b70f21f05f6c2d5cad746767782a4ba4b7df399c5969e2a9318fd?s=96&d=mm&r=g\",\"url\":\"https:\\\/\\\/secure.gravatar.com\\\/avatar\\\/3bd706736e5b70f21f05f6c2d5cad746767782a4ba4b7df399c5969e2a9318fd?s=96&d=mm&r=g\",\"contentUrl\":\"https:\\\/\\\/secure.gravatar.com\\\/avatar\\\/3bd706736e5b70f21f05f6c2d5cad746767782a4ba4b7df399c5969e2a9318fd?s=96&d=mm&r=g\",\"caption\":\"Axel\"},\"url\":\"https:\\\/\\\/rentallorca.com\\\/blog\\\/de\\\/author\\\/axel\\\/\"}]}<\/script>\n<!-- \/ Yoast SEO plugin. -->","yoast_head_json":{"title":"Mallorca im Mai besuchen - Blog","description":"Entdecken Sie die Magie Mallorcas im Mai. Genie\u00dfen Sie das ideale Klima, ruhige Str\u00e4nde und lebendige Landschaften.","robots":{"index":"index","follow":"follow","max-snippet":"max-snippet:-1","max-image-preview":"max-image-preview:large","max-video-preview":"max-video-preview:-1"},"canonical":"https:\/\/rentallorca.com\/blog\/de\/mallorca-im-mai\/","og_locale":"de_DE","og_type":"article","og_title":"Mallorca im Mai besuchen - Blog","og_description":"Entdecken Sie die Magie Mallorcas im Mai. Genie\u00dfen Sie das ideale Klima, ruhige Str\u00e4nde und lebendige Landschaften.","og_url":"https:\/\/rentallorca.com\/blog\/de\/mallorca-im-mai\/","og_site_name":"Blog","article_published_time":"2026-04-20T09:00:20+00:00","article_modified_time":"2026-04-30T14:03:54+00:00","og_image":[{"width":1254,"height":626,"url":"https:\/\/rentallorca.com\/blog\/wp-content\/uploads\/2026\/04\/mallorca-en-mayo.jpg","type":"image\/jpeg"}],"author":"Axel","twitter_card":"summary_large_image","twitter_misc":{"Written by":"Axel","Est. reading time":"5 minutes"},"schema":{"@context":"https:\/\/schema.org","@graph":[{"@type":"Article","@id":"https:\/\/rentallorca.com\/blog\/de\/mallorca-im-mai\/#article","isPartOf":{"@id":"https:\/\/rentallorca.com\/blog\/de\/mallorca-im-mai\/"},"author":{"name":"Axel","@id":"https:\/\/rentallorca.com\/blog\/de\/#\/schema\/person\/8c5ebe5bf8d43e9757ab6869e1d4cbe4"},"headline":"Mallorca im Mai, der ideale Zeitpunkt, um die Insel in Ruhe zu genie\u00dfen","datePublished":"2026-04-20T09:00:20+00:00","dateModified":"2026-04-30T14:03:54+00:00","mainEntityOfPage":{"@id":"https:\/\/rentallorca.com\/blog\/de\/mallorca-im-mai\/"},"wordCount":1090,"commentCount":0,"image":{"@id":"https:\/\/rentallorca.com\/blog\/de\/mallorca-im-mai\/#primaryimage"},"thumbnailUrl":"https:\/\/rentallorca.com\/blog\/wp-content\/uploads\/2026\/04\/mallorca-en-mayo.jpg","articleSection":["Mallorca"],"inLanguage":"de","potentialAction":[{"@type":"CommentAction","name":"Comment","target":["https:\/\/rentallorca.com\/blog\/de\/mallorca-im-mai\/#respond"]}]},{"@type":"WebPage","@id":"https:\/\/rentallorca.com\/blog\/de\/mallorca-im-mai\/","url":"https:\/\/rentallorca.com\/blog\/de\/mallorca-im-mai\/","name":"Mallorca im Mai besuchen - Blog","isPartOf":{"@id":"https:\/\/rentallorca.com\/blog\/de\/#website"},"primaryImageOfPage":{"@id":"https:\/\/rentallorca.com\/blog\/de\/mallorca-im-mai\/#primaryimage"},"image":{"@id":"https:\/\/rentallorca.com\/blog\/de\/mallorca-im-mai\/#primaryimage"},"thumbnailUrl":"https:\/\/rentallorca.com\/blog\/wp-content\/uploads\/2026\/04\/mallorca-en-mayo.jpg","datePublished":"2026-04-20T09:00:20+00:00","dateModified":"2026-04-30T14:03:54+00:00","author":{"@id":"https:\/\/rentallorca.com\/blog\/de\/#\/schema\/person\/8c5ebe5bf8d43e9757ab6869e1d4cbe4"},"description":"Entdecken Sie die Magie Mallorcas im Mai. Genie\u00dfen Sie das ideale Klima, ruhige Str\u00e4nde und lebendige Landschaften.","breadcrumb":{"@id":"https:\/\/rentallorca.com\/blog\/de\/mallorca-im-mai\/#breadcrumb"},"inLanguage":"de","potentialAction":[{"@type":"ReadAction","target":["https:\/\/rentallorca.com\/blog\/de\/mallorca-im-mai\/"]}]},{"@type":"ImageObject","inLanguage":"de","@id":"https:\/\/rentallorca.com\/blog\/de\/mallorca-im-mai\/#primaryimage","url":"https:\/\/rentallorca.com\/blog\/wp-content\/uploads\/2026\/04\/mallorca-en-mayo.jpg","contentUrl":"https:\/\/rentallorca.com\/blog\/wp-content\/uploads\/2026\/04\/mallorca-en-mayo.jpg","width":1254,"height":626,"caption":"Carefree young couple enjoying piggyback ride on the beach, spreading arms like airplane wings, laughing and having fun"},{"@type":"BreadcrumbList","@id":"https:\/\/rentallorca.com\/blog\/de\/mallorca-im-mai\/#breadcrumb","itemListElement":[{"@type":"ListItem","position":1,"name":"Home","item":"https:\/\/rentallorca.com\/blog\/de\/"},{"@type":"ListItem","position":2,"name":"Mallorca im Mai, der ideale Zeitpunkt, um die Insel in Ruhe zu genie\u00dfen"}]},{"@type":"WebSite","@id":"https:\/\/rentallorca.com\/blog\/de\/#website","url":"https:\/\/rentallorca.com\/blog\/de\/","name":"Blog","description":"Rentallorca","potentialAction":[{"@type":"SearchAction","target":{"@type":"EntryPoint","urlTemplate":"https:\/\/rentallorca.com\/blog\/de\/?s={search_term_string}"},"query-input":{"@type":"PropertyValueSpecification","valueRequired":true,"valueName":"search_term_string"}}],"inLanguage":"de"},{"@type":"Person","@id":"https:\/\/rentallorca.com\/blog\/de\/#\/schema\/person\/8c5ebe5bf8d43e9757ab6869e1d4cbe4","name":"Axel","image":{"@type":"ImageObject","inLanguage":"de","@id":"https:\/\/secure.gravatar.com\/avatar\/3bd706736e5b70f21f05f6c2d5cad746767782a4ba4b7df399c5969e2a9318fd?s=96&d=mm&r=g","url":"https:\/\/secure.gravatar.com\/avatar\/3bd706736e5b70f21f05f6c2d5cad746767782a4ba4b7df399c5969e2a9318fd?s=96&d=mm&r=g","contentUrl":"https:\/\/secure.gravatar.com\/avatar\/3bd706736e5b70f21f05f6c2d5cad746767782a4ba4b7df399c5969e2a9318fd?s=96&d=mm&r=g","caption":"Axel"},"url":"https:\/\/rentallorca.com\/blog\/de\/author\/axel\/"}]}},"_links":{"self":[{"href":"https:\/\/rentallorca.com\/blog\/de\/wp-json\/wp\/v2\/posts\/4044","targetHints":{"allow":["GET"]}}],"collection":[{"href":"https:\/\/rentallorca.com\/blog\/de\/wp-json\/wp\/v2\/posts"}],"about":[{"href":"https:\/\/rentallorca.com\/blog\/de\/wp-json\/wp\/v2\/types\/post"}],"author":[{"embeddable":true,"href":"https:\/\/rentallorca.com\/blog\/de\/wp-json\/wp\/v2\/users\/3"}],"replies":[{"embeddable":true,"href":"https:\/\/rentallorca.com\/blog\/de\/wp-json\/wp\/v2\/comments?post=4044"}],"version-history":[{"count":1,"href":"https:\/\/rentallorca.com\/blog\/de\/wp-json\/wp\/v2\/posts\/4044\/revisions"}],"predecessor-version":[{"id":4045,"href":"https:\/\/rentallorca.com\/blog\/de\/wp-json\/wp\/v2\/posts\/4044\/revisions\/4045"}],"wp:featuredmedia":[{"embeddable":true,"href":"https:\/\/rentallorca.com\/blog\/de\/wp-json\/wp\/v2\/media\/3952"}],"wp:attachment":[{"href":"https:\/\/rentallorca.com\/blog\/de\/wp-json\/wp\/v2\/media?parent=4044"}],"wp:term":[{"taxonomy":"category","embeddable":true,"href":"https:\/\/rentallorca.com\/blog\/de\/wp-json\/wp\/v2\/categories?post=4044"},{"taxonomy":"post_tag","embeddable":true,"href":"https:\/\/rentallorca.com\/blog\/de\/wp-json\/wp\/v2\/tags?post=4044"}],"curies":[{"name":"wp","href":"https:\/\/api.w.org\/{rel}","templated":true}]}}