{"id":3660,"date":"2026-02-17T16:06:23","date_gmt":"2026-02-17T16:06:23","guid":{"rendered":"https:\/\/rentallorca.com\/blog\/?p=3660"},"modified":"2026-03-05T15:20:42","modified_gmt":"2026-03-05T15:20:42","slug":"mallorca-im-marz","status":"publish","type":"post","link":"https:\/\/rentallorca.com\/blog\/de\/mallorca-im-marz\/","title":{"rendered":"Mallorca im M\u00e4rz bietet gutes Wetter, Pl\u00e4ne und eine goldene Gelegenheit, die Insel zu besuchen"},"content":{"rendered":"\t\t<div data-elementor-type=\"wp-post\" data-elementor-id=\"3660\" class=\"elementor elementor-3660 elementor-3615\" data-elementor-post-type=\"post\">\n\t\t\t\t<div class=\"elementor-element elementor-element-4e3e4586 e-flex e-con-boxed e-con e-parent\" data-id=\"4e3e4586\" data-element_type=\"container\" data-e-type=\"container\">\n\t\t\t\t\t<div class=\"e-con-inner\">\n\t\t\t\t<div class=\"elementor-element elementor-element-605b4fde elementor-widget elementor-widget-text-editor\" data-id=\"605b4fde\" data-element_type=\"widget\" data-e-type=\"widget\" data-widget_type=\"text-editor.default\">\n\t\t\t\t<div class=\"elementor-widget-container\">\n\t\t\t\t\t\t\t\t\t<p><span style=\"font-weight: 400;\">Viele Menschen denken, dass Mallorca nur im August gl\u00e4nzt, aber die Realit\u00e4t sieht ganz anders aus. Auch wenn es nicht das Erste ist, was Ihnen in den Sinn kommt, ist Mallorca im M\u00e4rz der perfekte Zeitpunkt, um   <\/span><b>die Insel in ihrer s\u00fc\u00dfesten Version zu entdecken<\/b><span style=\"font-weight: 400;\">.<\/span><\/p><p><span style=\"font-weight: 400;\">Unsererseits werden wir von Rentallorca daf\u00fcr sorgen, dass Sie sich \u00fcberall auf der Insel wie zu Hause f\u00fchlen. Unser Ziel ist es, dass Sie einen Ort mit weniger Touristen, mehr Ruhe und leeren Buchten genie\u00dfen   <\/span><b> <b>f\u00fcnf Minuten von Ihrer Unterkunft entfernt<\/b><\/b><span style=\"font-weight: 400;\">. Lesen Sie weiter, um Mallorca im M\u00e4rz zu entdecken!<\/span><\/p>\t\t\t\t\t\t\t\t<\/div>\n\t\t\t\t<\/div>\n\t\t\t\t\t<\/div>\n\t\t\t\t<\/div>\n\t\t<div class=\"elementor-element elementor-element-6cecbe6b e-flex e-con-boxed e-con e-parent\" data-id=\"6cecbe6b\" data-element_type=\"container\" data-e-type=\"container\">\n\t\t\t\t\t<div class=\"e-con-inner\">\n\t\t\t\t<div class=\"elementor-element elementor-element-3b17b86e elementor-widget elementor-widget-table-of-contents\" data-id=\"3b17b86e\" data-element_type=\"widget\" data-e-type=\"widget\" data-settings=\"{&quot;headings_by_tags&quot;:[&quot;h2&quot;,&quot;h3&quot;],&quot;exclude_headings_by_selector&quot;:[],&quot;marker_view&quot;:&quot;bullets&quot;,&quot;icon&quot;:{&quot;value&quot;:&quot;&quot;,&quot;library&quot;:&quot;&quot;},&quot;no_headings_message&quot;:&quot;No headings were found on this page.&quot;,&quot;hierarchical_view&quot;:&quot;yes&quot;,&quot;min_height&quot;:{&quot;unit&quot;:&quot;px&quot;,&quot;size&quot;:&quot;&quot;,&quot;sizes&quot;:[]},&quot;min_height_tablet&quot;:{&quot;unit&quot;:&quot;px&quot;,&quot;size&quot;:&quot;&quot;,&quot;sizes&quot;:[]},&quot;min_height_mobile&quot;:{&quot;unit&quot;:&quot;px&quot;,&quot;size&quot;:&quot;&quot;,&quot;sizes&quot;:[]}}\" data-widget_type=\"table-of-contents.default\">\n\t\t\t\t<div class=\"elementor-widget-container\">\n\t\t\t\t\t\t\t\t\t<div class=\"elementor-toc__header\">\n\t\t\t\t\t\t<div class=\"elementor-toc__header-title\">\n\t\t\t\tInhalte\t\t\t<\/div>\n\t\t\t\t\t\t\t\t<\/div>\n\t\t\t\t<div id=\"elementor-toc__3b17b86e\" class=\"elementor-toc__body\">\n\t\t\t<div class=\"elementor-toc__spinner-container\">\n\t\t\t\t<svg class=\"elementor-toc__spinner eicon-animation-spin e-font-icon-svg e-eicon-loading\" aria-hidden=\"true\" viewBox=\"0 0 1000 1000\" xmlns=\"http:\/\/www.w3.org\/2000\/svg\"><path d=\"M500 975V858C696 858 858 696 858 500S696 142 500 142 142 304 142 500H25C25 237 238 25 500 25S975 237 975 500 763 975 500 975Z\"><\/path><\/svg>\t\t\t<\/div>\n\t\t<\/div>\n\t\t\t\t\t\t<\/div>\n\t\t\t\t<\/div>\n\t\t\t\t\t<\/div>\n\t\t\t\t<\/div>\n\t\t<div class=\"elementor-element elementor-element-763e9750 e-flex e-con-boxed e-con e-parent\" data-id=\"763e9750\" data-element_type=\"container\" data-e-type=\"container\">\n\t\t\t\t\t<div class=\"e-con-inner\">\n\t\t\t\t<div class=\"elementor-element elementor-element-14a2f4f3 elementor-widget elementor-widget-heading\" data-id=\"14a2f4f3\" data-element_type=\"widget\" data-e-type=\"widget\" data-widget_type=\"heading.default\">\n\t\t\t\t<div class=\"elementor-widget-container\">\n\t\t\t\t\t<h2 class=\"elementor-heading-title elementor-size-default\">Wie ist das Wetter auf Mallorca im M\u00e4rz? Was Sie vom Klima erwarten k\u00f6nnen \n<\/h2>\t\t\t\t<\/div>\n\t\t\t\t<\/div>\n\t\t\t\t<div class=\"elementor-element elementor-element-542c197f elementor-widget elementor-widget-text-editor\" data-id=\"542c197f\" data-element_type=\"widget\" data-e-type=\"widget\" data-widget_type=\"text-editor.default\">\n\t\t\t\t<div class=\"elementor-widget-container\">\n\t\t\t\t\t\t\t\t\t<p><span style=\"font-weight: 400;\">Das Wetter auf Mallorca ist launisch, ja, aber in ein paar Tagen werden Sie es lieben. Am h\u00e4ufigsten erleben Sie   <\/span><b>milde Tage  <\/b><span style=\"font-weight: 400;\">zwischen 14 und 18 \u00b0C, ideal zum Wandern ohne zu schwitzen. Es stimmt, dass die Morgen etwas k\u00fchler sind, aber sie sind perfekt f\u00fcr einen Kaffee auf einer Terrasse. Keine Sorge, an den meisten Nachmittagen k\u00f6nnen Sie die Jacke ausziehen und die Sonne genie\u00dfen.  <\/span><\/p><p><span style=\"font-weight: 400;\">Mallorca im M\u00e4rz ist dieser perfekte Mittelweg, bei dem Sie im Freien nicht frieren, aber auch nicht schmelzen, wenn Sie einen Hang zu einem Aussichtspunkt hinaufsteigen.<\/span> <span style=\"font-weight: 400;\">Es stimmt allerdings, dass das<\/span><b> Meer 15 \u00b0C hat, <\/b><span style=\"font-weight: 400;\">daher ist es nur f\u00fcr die Mutigsten geeignet und immer mit Vorsicht.<\/span><\/p>\t\t\t\t\t\t\t\t<\/div>\n\t\t\t\t<\/div>\n\t\t\t\t<div class=\"elementor-element elementor-element-aade842 elementor-widget elementor-widget-image\" data-id=\"aade842\" data-element_type=\"widget\" data-e-type=\"widget\" data-widget_type=\"image.default\">\n\t\t\t\t<div class=\"elementor-widget-container\">\n\t\t\t\t\t\t\t\t\t\t\t\t\t\t\t<img fetchpriority=\"high\" decoding=\"async\" width=\"1254\" height=\"627\" src=\"https:\/\/rentallorca.com\/blog\/wp-content\/uploads\/2026\/02\/ver-mallorca-marzo.jpg\" class=\"attachment-full size-full wp-image-3640\" alt=\"ver-mallorca-marzo.jpg\" srcset=\"https:\/\/rentallorca.com\/blog\/wp-content\/uploads\/2026\/02\/ver-mallorca-marzo.jpg 1254w, https:\/\/rentallorca.com\/blog\/wp-content\/uploads\/2026\/02\/ver-mallorca-marzo-300x150.jpg 300w, https:\/\/rentallorca.com\/blog\/wp-content\/uploads\/2026\/02\/ver-mallorca-marzo-1024x512.jpg 1024w, https:\/\/rentallorca.com\/blog\/wp-content\/uploads\/2026\/02\/ver-mallorca-marzo-768x384.jpg 768w\" sizes=\"(max-width: 1254px) 100vw, 1254px\" \/>\t\t\t\t\t\t\t\t\t\t\t\t\t\t\t<\/div>\n\t\t\t\t<\/div>\n\t\t\t\t\t<\/div>\n\t\t\t\t<\/div>\n\t\t<div class=\"elementor-element elementor-element-efdaddc e-flex e-con-boxed e-con e-parent\" data-id=\"efdaddc\" data-element_type=\"container\" data-e-type=\"container\">\n\t\t\t\t\t<div class=\"e-con-inner\">\n\t\t\t\t<div class=\"elementor-element elementor-element-c27f12e elementor-widget elementor-widget-heading\" data-id=\"c27f12e\" data-element_type=\"widget\" data-e-type=\"widget\" data-widget_type=\"heading.default\">\n\t\t\t\t<div class=\"elementor-widget-container\">\n\t\t\t\t\t<h2 class=\"elementor-heading-title elementor-size-default\">Vorhersage von Temperaturen, Niederschl\u00e4gen und Sonnenstunden<\/h2>\t\t\t\t<\/div>\n\t\t\t\t<\/div>\n\t\t\t\t<div class=\"elementor-element elementor-element-6746432 elementor-widget elementor-widget-text-editor\" data-id=\"6746432\" data-element_type=\"widget\" data-e-type=\"widget\" data-widget_type=\"text-editor.default\">\n\t\t\t\t<div class=\"elementor-widget-container\">\n\t\t\t\t\t\t\t\t\t<p><b>Die H\u00f6chsttemperatur liegt normalerweise bei etwa 19 \u00b0C<\/b><span style=\"font-weight: 400;\">, w\u00e4hrend die Mindesttemperatur bis auf 10 \u00b0C sinken kann \u2013 es ist weder h\u00f6llisch kalt noch extrem hei\u00df, daher ist es perfekt zum Spazierengehen. Sie k\u00f6nnen Besuche in D\u00f6rfern, Aussichtspunkten und Buchten am selben Tag aneinanderreihen, ohne diese schwere M\u00fcdigkeit zu sp\u00fcren, die typisch f\u00fcr die sommerliche Hitze ist. <\/span><\/p><p><span style=\"font-weight: 400;\">Die <\/span><b>Regenf\u00e4lle sind meist kurz<\/b><span style=\"font-weight: 400;\">, aber intensiv und treten normalerweise an 5 bis 7 Tagen in der Saison auf, sodass sie keine Ihrer geplanten Aktivit\u00e4ten zunichtemachen werden.<\/span><\/p><p><span style=\"font-weight: 400;\">Die Tage bieten 6 Sonnenstunden zu Monatsbeginn und 8 Stunden am Monatsende, mit fr\u00fchen Sonnenaufg\u00e4ngen und <\/span><b>Sonnenunterg\u00e4ngen bis 19:30 Uhr<\/b><span style=\"font-weight: 400;\">, bei denen Sie Farben sehen werden, die Sie noch nie zuvor gesehen haben.<\/span><\/p>\t\t\t\t\t\t\t\t<\/div>\n\t\t\t\t<\/div>\n\t\t\t\t\t<\/div>\n\t\t\t\t<\/div>\n\t\t<div class=\"elementor-element elementor-element-fd3c5c8 e-flex e-con-boxed e-con e-parent\" data-id=\"fd3c5c8\" data-element_type=\"container\" data-e-type=\"container\">\n\t\t\t\t\t<div class=\"e-con-inner\">\n\t\t\t\t<div class=\"elementor-element elementor-element-c22ed38 elementor-widget elementor-widget-heading\" data-id=\"c22ed38\" data-element_type=\"widget\" data-e-type=\"widget\" data-widget_type=\"heading.default\">\n\t\t\t\t<div class=\"elementor-widget-container\">\n\t\t\t\t\t<h2 class=\"elementor-heading-title elementor-size-default\">Welche Kleidung sollten Sie im M\u00e4rz nach Mallorca mitnehmen? (Nehmen Sie ein bisschen von allem mit) \n<\/h2>\t\t\t\t<\/div>\n\t\t\t\t<\/div>\n\t\t\t\t<div class=\"elementor-element elementor-element-53ecb2e elementor-widget elementor-widget-text-editor\" data-id=\"53ecb2e\" data-element_type=\"widget\" data-e-type=\"widget\" data-widget_type=\"text-editor.default\">\n\t\t\t\t<div class=\"elementor-widget-container\">\n\t\t\t\t\t\t\t\t\t<p><span style=\"font-weight: 400;\">F\u00fcr diejenigen, die beim Kofferpacken unentschlossen sind, besteht der Schl\u00fcssel f\u00fcr Mallorca im M\u00e4rz darin,<\/span><b> Schichten mitzunehmen<\/b><span style=\"font-weight: 400;\"> , als w\u00e4ren Sie eine Zwiebel. Im Alltag ist es am besten, ein T-Shirt, einen leichten Pullover, bequeme Hosen und Turnschuhe zu tragen, die es Ihnen erm\u00f6glichen, auf Wanderwegen zu gehen. Abends ist es besser, eine    <\/span><b>wasserdichte Windjacke<\/b><span style=\"font-weight: 400;\"> mitzunehmen, denn die Tramuntana verschont keine Frisur.<\/span><\/p><p><span style=\"font-weight: 400;\">Falls Sie zum Strand gehen m\u00f6chten, ist nat\u00fcrlich Badekleidung unerl\u00e4sslich, aber<\/span><b> es ist auch empfehlenswert, Wasserschuhe mitzunehmen.<\/b><span style=\"font-weight: 400;\"> Und Sie k\u00f6nnen auch mit anderen Extras wie M\u00fctze, Sonnencreme oder Wanderschuhen rechnen, wenn Sie Wanderungen unternehmen.<\/span><\/p>\t\t\t\t\t\t\t\t<\/div>\n\t\t\t\t<\/div>\n\t\t\t\t<div class=\"elementor-element elementor-element-f4fa769 elementor-widget elementor-widget-image\" data-id=\"f4fa769\" data-element_type=\"widget\" data-e-type=\"widget\" data-widget_type=\"image.default\">\n\t\t\t\t<div class=\"elementor-widget-container\">\n\t\t\t\t\t\t\t\t\t\t\t\t\t\t\t<img decoding=\"async\" width=\"1254\" height=\"626\" src=\"https:\/\/rentallorca.com\/blog\/wp-content\/uploads\/2026\/02\/tiempo-allorca-marzo.jpg\" class=\"attachment-full size-full wp-image-3646\" alt=\"tiempo-allorca-marzo.jpg\" srcset=\"https:\/\/rentallorca.com\/blog\/wp-content\/uploads\/2026\/02\/tiempo-allorca-marzo.jpg 1254w, https:\/\/rentallorca.com\/blog\/wp-content\/uploads\/2026\/02\/tiempo-allorca-marzo-300x150.jpg 300w, https:\/\/rentallorca.com\/blog\/wp-content\/uploads\/2026\/02\/tiempo-allorca-marzo-1024x511.jpg 1024w, https:\/\/rentallorca.com\/blog\/wp-content\/uploads\/2026\/02\/tiempo-allorca-marzo-768x383.jpg 768w\" sizes=\"(max-width: 1254px) 100vw, 1254px\" \/>\t\t\t\t\t\t\t\t\t\t\t\t\t\t\t<\/div>\n\t\t\t\t<\/div>\n\t\t\t\t\t<\/div>\n\t\t\t\t<\/div>\n\t\t<div class=\"elementor-element elementor-element-cf5a6a0 e-flex e-con-boxed e-con e-parent\" data-id=\"cf5a6a0\" data-element_type=\"container\" data-e-type=\"container\">\n\t\t\t\t\t<div class=\"e-con-inner\">\n\t\t\t\t<div class=\"elementor-element elementor-element-2419e28 elementor-widget elementor-widget-heading\" data-id=\"2419e28\" data-element_type=\"widget\" data-e-type=\"widget\" data-widget_type=\"heading.default\">\n\t\t\t\t<div class=\"elementor-widget-container\">\n\t\t\t\t\t<h2 class=\"elementor-heading-title elementor-size-default\">Empfohlene Pl\u00e4ne und Aktivit\u00e4ten im M\u00e4rz auf Mallorca\n<\/h2>\t\t\t\t<\/div>\n\t\t\t\t<\/div>\n\t\t\t\t<div class=\"elementor-element elementor-element-44919e2 elementor-widget elementor-widget-text-editor\" data-id=\"44919e2\" data-element_type=\"widget\" data-e-type=\"widget\" data-widget_type=\"text-editor.default\">\n\t\t\t\t<div class=\"elementor-widget-container\">\n\t\t\t\t\t\t\t\t\t<p><span style=\"font-weight: 400;\">F\u00fcr die Abenteuerlustigen und Sportlichen ist eine Option, <\/span><b>die Serra de Tramuntana zu durchqueren<\/b><span style=\"font-weight: 400;\">  mit ihren rosa bl\u00fchenden Mandelb\u00e4umen, auf leeren Wanderwegen zu gehen und Aussichtspunkte zu genie\u00dfen, die nur Ihnen geh\u00f6ren. Au\u00dferdem   <\/span><b>ist der Besuch der D\u00f6rfer <\/b><span style=\"font-weight: 400;\">fast eine Pflicht, denn es sind nur Sie und die Einheimischen dort.<\/span><\/p><p><span style=\"font-weight: 400;\">Die <\/span><b>Str\u00e4nde<\/b><span style=\"font-weight: 400;\">  bieten Ihnen den Teil der Insel mit endlosen Spazierg\u00e4ngen, kristallklarem Wasser und einer Weite ohne Liegest\u00fchle, die Sie nach Belieben erkunden k\u00f6nnen. Obwohl das Wasser k\u00fchl ist, macht es doppelt so viel Spa\u00df, am Ufer entlangzugehen, sich hinzusetzen und den Wellen zu lauschen oder ein kleines Picknick zu machen \u2013 ohne Touristen. Sie k\u00f6nnen auch ein Fahrrad nehmen, mit dem Kajak zu den H\u00f6hlen fahren oder sogar in Alc\u00fadia Gleitschirmfliegen.  <\/span><\/p>\t\t\t\t\t\t\t\t<\/div>\n\t\t\t\t<\/div>\n\t\t\t\t\t<\/div>\n\t\t\t\t<\/div>\n\t\t<div class=\"elementor-element elementor-element-9410c7d e-flex e-con-boxed e-con e-parent\" data-id=\"9410c7d\" data-element_type=\"container\" data-e-type=\"container\">\n\t\t\t\t\t<div class=\"e-con-inner\">\n\t\t\t\t<div class=\"elementor-element elementor-element-37a2344 elementor-widget elementor-widget-heading\" data-id=\"37a2344\" data-element_type=\"widget\" data-e-type=\"widget\" data-widget_type=\"heading.default\">\n\t\t\t\t<div class=\"elementor-widget-container\">\n\t\t\t\t\t<h2 class=\"elementor-heading-title elementor-size-default\">Veranstaltungen und Feste, die Sie nicht verpassen d\u00fcrfen<\/h2>\t\t\t\t<\/div>\n\t\t\t\t<\/div>\n\t\t\t\t<div class=\"elementor-element elementor-element-990729f elementor-widget elementor-widget-text-editor\" data-id=\"990729f\" data-element_type=\"widget\" data-e-type=\"widget\" data-widget_type=\"text-editor.default\">\n\t\t\t\t<div class=\"elementor-widget-container\">\n\t\t\t\t\t\t\t\t\t<p><span style=\"font-weight: 400;\">Es gibt <\/span><b>eine Menge Pl\u00e4ne, die Sie genie\u00dfen k\u00f6nnen<\/b><span style=\"font-weight: 400;\">, Sie m\u00fcssen nur diejenigen ausw\u00e4hlen, die Ihnen am meisten zusagen. Im Folgenden sehen wir die interessantesten:   <\/span><\/p>\t\t\t\t\t\t\t\t<\/div>\n\t\t\t\t<\/div>\n\t\t\t\t\t<\/div>\n\t\t\t\t<\/div>\n\t\t<div class=\"elementor-element elementor-element-73a851f9 e-flex e-con-boxed e-con e-parent\" data-id=\"73a851f9\" data-element_type=\"container\" data-e-type=\"container\">\n\t\t\t\t\t<div class=\"e-con-inner\">\n\t\t\t\t<div class=\"elementor-element elementor-element-1065aae4 elementor-widget elementor-widget-heading\" data-id=\"1065aae4\" data-element_type=\"widget\" data-e-type=\"widget\" data-widget_type=\"heading.default\">\n\t\t\t\t<div class=\"elementor-widget-container\">\n\t\t\t\t\t<h3 class=\"elementor-heading-title elementor-size-default\">Mandelbl\u00fcte: rosafarbene W\u00e4lder auf der ganzen Insel\n<\/h3>\t\t\t\t<\/div>\n\t\t\t\t<\/div>\n\t\t\t\t<div class=\"elementor-element elementor-element-ffac54e elementor-widget elementor-widget-text-editor\" data-id=\"ffac54e\" data-element_type=\"widget\" data-e-type=\"widget\" data-widget_type=\"text-editor.default\">\n\t\t\t\t<div class=\"elementor-widget-container\">\n\t\t\t\t\t\t\t\t\t<p><span style=\"font-weight: 400;\">Mitte M\u00e4rz verwandeln die bl\u00fchenden Mandelb\u00e4ume Bunyola, Valldemossa, Inca und Santa Mar\u00eda Cam\u00ed in ein <\/span><b>reines Rosa<\/b><span style=\"font-weight: 400;\">. Die malerischen Auto- oder Fahrradrouten werden zu einem Abenteuer durch  <\/span><b>duftende Felder<\/b><span style=\"font-weight: 400;\">, und Sie k\u00f6nnen diese Magie in noch nie dagewesenen Fotografien festhalten. <\/span> <\/p>\t\t\t\t\t\t\t\t<\/div>\n\t\t\t\t<\/div>\n\t\t\t\t<div class=\"elementor-element elementor-element-4023d17 elementor-widget elementor-widget-image\" data-id=\"4023d17\" data-element_type=\"widget\" data-e-type=\"widget\" data-widget_type=\"image.default\">\n\t\t\t\t<div class=\"elementor-widget-container\">\n\t\t\t\t\t\t\t\t\t\t\t\t\t\t\t<img decoding=\"async\" width=\"1222\" height=\"611\" src=\"https:\/\/rentallorca.com\/blog\/wp-content\/uploads\/2026\/02\/Mallorca-en-Marzo.jpg\" class=\"attachment-full size-full wp-image-3643\" alt=\"Mallorca-en-Marzo.jpg\" srcset=\"https:\/\/rentallorca.com\/blog\/wp-content\/uploads\/2026\/02\/Mallorca-en-Marzo.jpg 1222w, https:\/\/rentallorca.com\/blog\/wp-content\/uploads\/2026\/02\/Mallorca-en-Marzo-300x150.jpg 300w, https:\/\/rentallorca.com\/blog\/wp-content\/uploads\/2026\/02\/Mallorca-en-Marzo-1024x512.jpg 1024w, https:\/\/rentallorca.com\/blog\/wp-content\/uploads\/2026\/02\/Mallorca-en-Marzo-768x384.jpg 768w\" sizes=\"(max-width: 1222px) 100vw, 1222px\" \/>\t\t\t\t\t\t\t\t\t\t\t\t\t\t\t<\/div>\n\t\t\t\t<\/div>\n\t\t\t\t\t<\/div>\n\t\t\t\t<\/div>\n\t\t<div class=\"elementor-element elementor-element-d8d82ca e-flex e-con-boxed e-con e-parent\" data-id=\"d8d82ca\" data-element_type=\"container\" data-e-type=\"container\">\n\t\t\t\t\t<div class=\"e-con-inner\">\n\t\t\t\t<div class=\"elementor-element elementor-element-0d16950 elementor-widget elementor-widget-heading\" data-id=\"0d16950\" data-element_type=\"widget\" data-e-type=\"widget\" data-widget_type=\"heading.default\">\n\t\t\t\t<div class=\"elementor-widget-container\">\n\t\t\t\t\t<h3 class=\"elementor-heading-title elementor-size-default\">Fira d'Inca und authentische Fr\u00fchjahrsm\u00e4rkte\n<\/h3>\t\t\t\t<\/div>\n\t\t\t\t<\/div>\n\t\t\t\t<div class=\"elementor-element elementor-element-dd80646 elementor-widget elementor-widget-text-editor\" data-id=\"dd80646\" data-element_type=\"widget\" data-e-type=\"widget\" data-widget_type=\"text-editor.default\">\n\t\t\t\t<div class=\"elementor-widget-container\">\n\t\t\t\t\t\t\t\t\t<p><span style=\"font-weight: 400;\">Auf der Fira d&#8217;Inca k\u00f6nnen Sie sich in einen echten Einheimischen verwandeln und <\/span><b>einzigartiges Kunsthandwerk<\/b><span style=\"font-weight: 400;\"> genie\u00dfen sowie den <\/span><b>Markt von Sineu<\/b> besuchen<span style=\"font-weight: 400;\">, der mittwochs komplett mittelalterlich ist. Sie finden   <\/span><b>lokale Produkte<\/b><span style=\"font-weight: 400;\"> wie Sobrasada, gereiften K\u00e4se, verf\u00fchrerische hausgemachte S\u00fc\u00dfigkeiten und eine reine Inselatmosph\u00e4re ohne posierende Touristen.<\/span><\/p>\t\t\t\t\t\t\t\t<\/div>\n\t\t\t\t<\/div>\n\t\t\t\t\t<\/div>\n\t\t\t\t<\/div>\n\t\t<div class=\"elementor-element elementor-element-c169d71 e-flex e-con-boxed e-con e-parent\" data-id=\"c169d71\" data-element_type=\"container\" data-e-type=\"container\">\n\t\t\t\t\t<div class=\"e-con-inner\">\n\t\t\t\t<div class=\"elementor-element elementor-element-191056e elementor-widget elementor-widget-heading\" data-id=\"191056e\" data-element_type=\"widget\" data-e-type=\"widget\" data-widget_type=\"heading.default\">\n\t\t\t\t<div class=\"elementor-widget-container\">\n\t\t\t\t\t<h3 class=\"elementor-heading-title elementor-size-default\">St. Patrick's Day und fr\u00fcher Vorkarneval<\/h3>\t\t\t\t<\/div>\n\t\t\t\t<\/div>\n\t\t\t\t<div class=\"elementor-element elementor-element-446ad9c elementor-widget elementor-widget-text-editor\" data-id=\"446ad9c\" data-element_type=\"widget\" data-e-type=\"widget\" data-widget_type=\"text-editor.default\">\n\t\t\t\t<div class=\"elementor-widget-container\">\n\t\t\t\t\t\t\t\t\t<p><span style=\"font-weight: 400;\">Am <\/span><b>17. M\u00e4rz<\/b><span style=\"font-weight: 400;\">  wird St. Patrick&#8217;s Day gefeiert, bei dem sich die Stra\u00dfen durch Umz\u00fcge gr\u00fcn f\u00e4rben und sich irische Musik mit der der Insel vermischt. Sie k\u00f6nnen auch den Vorkarneval in den D\u00f6rfern mit farbenfrohen Gruppen, spontanen T\u00e4nzen oder den Festen der verschiedenen D\u00f6rfer genie\u00dfen. <\/span><\/p>\t\t\t\t\t\t\t\t<\/div>\n\t\t\t\t<\/div>\n\t\t\t\t\t<\/div>\n\t\t\t\t<\/div>\n\t\t<div class=\"elementor-element elementor-element-f517228 e-flex e-con-boxed e-con e-parent\" data-id=\"f517228\" data-element_type=\"container\" data-e-type=\"container\">\n\t\t\t\t\t<div class=\"e-con-inner\">\n\t\t\t\t<div class=\"elementor-element elementor-element-1ed56139 elementor-widget elementor-widget-heading\" data-id=\"1ed56139\" data-element_type=\"widget\" data-e-type=\"widget\" data-widget_type=\"heading.default\">\n\t\t\t\t<div class=\"elementor-widget-container\">\n\t\t\t\t\t<h2 class=\"elementor-heading-title elementor-size-default\">Was sind die Vorteile einer Reise in der Nebensaison?<\/h2>\t\t\t\t<\/div>\n\t\t\t\t<\/div>\n\t\t\t\t<div class=\"elementor-element elementor-element-47a0c5e7 elementor-widget elementor-widget-text-editor\" data-id=\"47a0c5e7\" data-element_type=\"widget\" data-e-type=\"widget\" data-widget_type=\"text-editor.default\">\n\t\t\t\t<div class=\"elementor-widget-container\">\n\t\t\t\t\t\t\t\t\t<p><span style=\"font-weight: 400;\">Der M\u00e4rz auf Mallorca ist ein absoluter Volltreffer, da die <\/span><b>Preise niedriger sind<\/b><span style=\"font-weight: 400;\"> \u2013 sowohl f\u00fcr Fl\u00fcge als auch f\u00fcr Unterk\u00fcnfte reduzieren sie sich um fast 50 %, Sie finden mehr freie Parkpl\u00e4tze, Restaurants ohne Tischreservierung und menschenleere Str\u00e4nde.<\/span><\/p><p><span style=\"font-weight: 400;\">Sie genie\u00dfen die <\/span><b>Authentizit\u00e4t der Insel <\/b> <span style=\"font-weight: 400;\">mit M\u00e4rkten voller Einwohner, Wanderwegen ohne Warteschlangen und einer Natur in ihrer vollen Pracht. Au\u00dferdem haben Sie v\u00f6llige Flexibilit\u00e4t bei \u00c4nderungen und Stornierungen, ohne jeglichen Stress, sodass Sie in Ihrem eigenen Tempo gehen k\u00f6nnen. <\/span><\/p>\t\t\t\t\t\t\t\t<\/div>\n\t\t\t\t<\/div>\n\t\t\t\t<div class=\"elementor-element elementor-element-8b1eb67 elementor-widget elementor-widget-image\" data-id=\"8b1eb67\" data-element_type=\"widget\" data-e-type=\"widget\" data-widget_type=\"image.default\">\n\t\t\t\t<div class=\"elementor-widget-container\">\n\t\t\t\t\t\t\t\t\t\t\t\t\t\t\t<img loading=\"lazy\" decoding=\"async\" width=\"800\" height=\"400\" src=\"https:\/\/rentallorca.com\/blog\/wp-content\/uploads\/2026\/02\/mallorca-marzo-1024x512.jpg\" class=\"attachment-large size-large wp-image-3650\" alt=\"mallorca marzo\" srcset=\"https:\/\/rentallorca.com\/blog\/wp-content\/uploads\/2026\/02\/mallorca-marzo-1024x512.jpg 1024w, https:\/\/rentallorca.com\/blog\/wp-content\/uploads\/2026\/02\/mallorca-marzo-300x150.jpg 300w, https:\/\/rentallorca.com\/blog\/wp-content\/uploads\/2026\/02\/mallorca-marzo-768x384.jpg 768w, https:\/\/rentallorca.com\/blog\/wp-content\/uploads\/2026\/02\/mallorca-marzo-1536x768.jpg 1536w, https:\/\/rentallorca.com\/blog\/wp-content\/uploads\/2026\/02\/mallorca-marzo.jpg 1920w\" sizes=\"(max-width: 800px) 100vw, 800px\" \/>\t\t\t\t\t\t\t\t\t\t\t\t\t\t\t<\/div>\n\t\t\t\t<\/div>\n\t\t\t\t\t<\/div>\n\t\t\t\t<\/div>\n\t\t<div class=\"elementor-element elementor-element-131c3b0 e-flex e-con-boxed e-con e-parent\" data-id=\"131c3b0\" data-element_type=\"container\" data-e-type=\"container\">\n\t\t\t\t\t<div class=\"e-con-inner\">\n\t\t\t\t<div class=\"elementor-element elementor-element-f3bc053 elementor-widget elementor-widget-heading\" data-id=\"f3bc053\" data-element_type=\"widget\" data-e-type=\"widget\" data-widget_type=\"heading.default\">\n\t\t\t\t<div class=\"elementor-widget-container\">\n\t\t\t\t\t<h2 class=\"elementor-heading-title elementor-size-default\">M\u00e4rz, der perfekte Monat, um die andere Seite Mallorcas zu sehen<\/h2>\t\t\t\t<\/div>\n\t\t\t\t<\/div>\n\t\t\t\t<div class=\"elementor-element elementor-element-df92ba0 elementor-widget elementor-widget-text-editor\" data-id=\"df92ba0\" data-element_type=\"widget\" data-e-type=\"widget\" data-widget_type=\"text-editor.default\">\n\t\t\t\t<div class=\"elementor-widget-container\">\n\t\t\t\t\t\t\t\t\t<p><span style=\"font-weight: 400;\">Das Wetter im M\u00e4rz auf Mallorca ist gro\u00dfz\u00fcgig, Sie genie\u00dfen die<\/span><b> Pl\u00e4ne ohne erdr\u00fcckende Menschenmassen <\/b> <span style=\"font-weight: 400;\">und das Fr\u00fchlingslicht wird Sie verwandeln. Die Insel gibt Ihnen einen kompletten Neustart mit bl\u00fchenden Mandelb\u00e4umen, leeren Str\u00e4nden mit offenen Horizonten, sanfter und milder Sonne und reinen lokalen Aromen. <\/span><\/p><p><span style=\"font-weight: 400;\">Bei Rentallorca bieten wir Ihnen<\/span><b> Unterk\u00fcnfte im Herzen einer authentischen Insel<\/b><span style=\"font-weight: 400;\"> , damit Sie genie\u00dfen k\u00f6nnen, ohne sich um die Lage Ihres Aufenthalts sorgen zu m\u00fcssen. Buchen Sie also Ihren Flug, um das wahre Erwachen Mallorcas zu erleben, und \u2026 kontaktieren Sie uns, um Ihr Apartment zu reservieren, bevor sie ausgebucht sind! <\/span><\/p>\t\t\t\t\t\t\t\t<\/div>\n\t\t\t\t<\/div>\n\t\t\t\t\t<\/div>\n\t\t\t\t<\/div>\n\t\t<div class=\"elementor-element elementor-element-16e597e e-flex e-con-boxed e-con e-parent\" data-id=\"16e597e\" data-element_type=\"container\" data-e-type=\"container\">\n\t\t\t\t\t<div class=\"e-con-inner\">\n\t\t\t\t<div class=\"elementor-element elementor-element-66b5b77a elementor-widget elementor-widget-shortcode\" data-id=\"66b5b77a\" data-element_type=\"widget\" data-e-type=\"widget\" data-widget_type=\"shortcode.default\">\n\t\t\t\t<div class=\"elementor-widget-container\">\n\t\t\t\t\t\t\t<div class=\"elementor-shortcode\">\t\t<div data-elementor-type=\"page\" data-elementor-id=\"271\" class=\"elementor elementor-271 elementor-170 elementor-170\" data-elementor-post-type=\"elementor_library\">\n\t\t\t\t<div class=\"elementor-element elementor-element-16c5e22 e-flex e-con-boxed e-con e-parent\" data-id=\"16c5e22\" data-element_type=\"container\" data-e-type=\"container\">\n\t\t\t\t\t<div class=\"e-con-inner\">\n\t\t<div class=\"elementor-element elementor-element-ac67807 e-con-full e-flex e-con e-child\" data-id=\"ac67807\" data-element_type=\"container\" data-e-type=\"container\">\n\t\t\t\t<div class=\"elementor-element elementor-element-2ab04b2 elementor-align-justify elementor-widget elementor-widget-button\" data-id=\"2ab04b2\" data-element_type=\"widget\" data-e-type=\"widget\" data-widget_type=\"button.default\">\n\t\t\t\t<div class=\"elementor-widget-container\">\n\t\t\t\t\t\t\t\t\t<div class=\"elementor-button-wrapper\">\n\t\t\t\t\t<a class=\"elementor-button elementor-button-link elementor-size-sm\" href=\"https:\/\/rentallorca.com\/de\/vermietung\/vermietungen-mallorca-e21\/\">\n\t\t\t\t\t\t<span class=\"elementor-button-content-wrapper\">\n\t\t\t\t\t\t\t\t\t<span class=\"elementor-button-text\">Unterk\u00fcnfte in  Mallorca<\/span>\n\t\t\t\t\t<\/span>\n\t\t\t\t\t<\/a>\n\t\t\t\t<\/div>\n\t\t\t\t\t\t\t\t<\/div>\n\t\t\t\t<\/div>\n\t\t\t\t<\/div>\n\t\t<div class=\"elementor-element elementor-element-6bea3dd e-con-full e-flex e-con e-child\" data-id=\"6bea3dd\" data-element_type=\"container\" data-e-type=\"container\">\n\t\t\t\t<div class=\"elementor-element elementor-element-ff8a437 elementor-align-justify elementor-widget elementor-widget-button\" data-id=\"ff8a437\" data-element_type=\"widget\" data-e-type=\"widget\" data-widget_type=\"button.default\">\n\t\t\t\t<div class=\"elementor-widget-container\">\n\t\t\t\t\t\t\t\t\t<div class=\"elementor-button-wrapper\">\n\t\t\t\t\t<a class=\"elementor-button elementor-button-link elementor-size-sm\" href=\"https:\/\/rentallorca.com\/de\/vermietung\/ferienwohnungen-mallorca-c1e21\/\">\n\t\t\t\t\t\t<span class=\"elementor-button-content-wrapper\">\n\t\t\t\t\t\t\t\t\t<span class=\"elementor-button-text\">Wohnungen in Mallorca<\/span>\n\t\t\t\t\t<\/span>\n\t\t\t\t\t<\/a>\n\t\t\t\t<\/div>\n\t\t\t\t\t\t\t\t<\/div>\n\t\t\t\t<\/div>\n\t\t\t\t<\/div>\n\t\t<div class=\"elementor-element elementor-element-d557a64 e-con-full e-flex e-con e-child\" data-id=\"d557a64\" data-element_type=\"container\" data-e-type=\"container\">\n\t\t\t\t<div class=\"elementor-element elementor-element-4421fc4 elementor-align-justify elementor-widget elementor-widget-button\" data-id=\"4421fc4\" data-element_type=\"widget\" data-e-type=\"widget\" data-widget_type=\"button.default\">\n\t\t\t\t<div class=\"elementor-widget-container\">\n\t\t\t\t\t\t\t\t\t<div class=\"elementor-button-wrapper\">\n\t\t\t\t\t<a class=\"elementor-button elementor-button-link elementor-size-sm\" href=\"https:\/\/rentallorca.com\/de\/vermietung\/ferienhauser-alcudia-c19d1098\/\">\n\t\t\t\t\t\t<span class=\"elementor-button-content-wrapper\">\n\t\t\t\t\t\t\t\t\t<span class=\"elementor-button-text\">H\u00e4user in Mallorca<\/span>\n\t\t\t\t\t<\/span>\n\t\t\t\t\t<\/a>\n\t\t\t\t<\/div>\n\t\t\t\t\t\t\t\t<\/div>\n\t\t\t\t<\/div>\n\t\t\t\t<\/div>\n\t\t<div class=\"elementor-element elementor-element-995a361 e-con-full e-flex e-con e-child\" data-id=\"995a361\" data-element_type=\"container\" data-e-type=\"container\">\n\t\t\t\t<div class=\"elementor-element elementor-element-e6addd0 elementor-align-justify elementor-widget elementor-widget-button\" data-id=\"e6addd0\" data-element_type=\"widget\" data-e-type=\"widget\" data-widget_type=\"button.default\">\n\t\t\t\t<div class=\"elementor-widget-container\">\n\t\t\t\t\t\t\t\t\t<div class=\"elementor-button-wrapper\">\n\t\t\t\t\t<a class=\"elementor-button elementor-button-link elementor-size-sm\" href=\"https:\/\/rentallorca.com\/de\/vermietung\/fincas-mallorca-c22e21\/\">\n\t\t\t\t\t\t<span class=\"elementor-button-content-wrapper\">\n\t\t\t\t\t\t\t\t\t<span class=\"elementor-button-text\">Bauernh\u00f6fe in Mallorca<\/span>\n\t\t\t\t\t<\/span>\n\t\t\t\t\t<\/a>\n\t\t\t\t<\/div>\n\t\t\t\t\t\t\t\t<\/div>\n\t\t\t\t<\/div>\n\t\t\t\t<\/div>\n\t\t\t\t\t<\/div>\n\t\t\t\t<\/div>\n\t\t\t\t<\/div>\n\t\t<\/div>\n\t\t\t\t\t\t<\/div>\n\t\t\t\t<\/div>\n\t\t\t\t\t<\/div>\n\t\t\t\t<\/div>\n\t\t\t\t<\/div>\n\t\t","protected":false},"excerpt":{"rendered":"<p>Viele Menschen denken, dass Mallorca nur im August gl\u00e4nzt, aber die Realit\u00e4t sieht ganz anders aus. Auch wenn es nicht das Erste ist, was Ihnen in den Sinn kommt, ist Mallorca im M\u00e4rz der perfekte Zeitpunkt, um die Insel in ihrer s\u00fc\u00dfesten Version zu entdecken. Unsererseits werden wir von Rentallorca daf\u00fcr sorgen, dass Sie sich [&hellip;]<\/p>\n","protected":false},"author":3,"featured_media":3650,"comment_status":"open","ping_status":"open","sticky":false,"template":"","format":"standard","meta":{"footnotes":""},"categories":[2],"tags":[],"class_list":["post-3660","post","type-post","status-publish","format-standard","has-post-thumbnail","hentry","category-mallorca-urlaub"],"yoast_head":"<!-- This site is optimized with the Yoast SEO plugin v27.4 - https:\/\/yoast.com\/product\/yoast-seo-wordpress\/ -->\n<title>Mallorca im M\u00e4rz - Blog<\/title>\n<meta name=\"description\" content=\"Planen Sie einen Kurzurlaub? Entdecken Sie das ideale Klima Mallorcas im M\u00e4rz und genie\u00dfen Sie seine Landschaften. Organisieren Sie Ihre perfekte Reise mit unseren exklusiven Tipps!\" \/>\n<meta name=\"robots\" content=\"index, follow, max-snippet:-1, max-image-preview:large, max-video-preview:-1\" \/>\n<link rel=\"canonical\" href=\"https:\/\/rentallorca.com\/blog\/de\/mallorca-im-marz\/\" \/>\n<meta property=\"og:locale\" content=\"de_DE\" \/>\n<meta property=\"og:type\" content=\"article\" \/>\n<meta property=\"og:title\" content=\"Mallorca im M\u00e4rz - Blog\" \/>\n<meta property=\"og:description\" content=\"Planen Sie einen Kurzurlaub? Entdecken Sie das ideale Klima Mallorcas im M\u00e4rz und genie\u00dfen Sie seine Landschaften. Organisieren Sie Ihre perfekte Reise mit unseren exklusiven Tipps!\" \/>\n<meta property=\"og:url\" content=\"https:\/\/rentallorca.com\/blog\/de\/mallorca-im-marz\/\" \/>\n<meta property=\"og:site_name\" content=\"Blog\" \/>\n<meta property=\"article:published_time\" content=\"2026-02-17T16:06:23+00:00\" \/>\n<meta property=\"article:modified_time\" content=\"2026-03-05T15:20:42+00:00\" \/>\n<meta property=\"og:image\" content=\"https:\/\/rentallorca.com\/blog\/wp-content\/uploads\/2026\/02\/mallorca-marzo.jpg\" \/>\n\t<meta property=\"og:image:width\" content=\"1920\" \/>\n\t<meta property=\"og:image:height\" content=\"960\" \/>\n\t<meta property=\"og:image:type\" content=\"image\/jpeg\" \/>\n<meta name=\"author\" content=\"Axel\" \/>\n<meta name=\"twitter:card\" content=\"summary_large_image\" \/>\n<meta name=\"twitter:label1\" content=\"Written by\" \/>\n\t<meta name=\"twitter:data1\" content=\"Axel\" \/>\n\t<meta name=\"twitter:label2\" content=\"Est. reading time\" \/>\n\t<meta name=\"twitter:data2\" content=\"5 minutes\" \/>\n<script type=\"application\/ld+json\" class=\"yoast-schema-graph\">{\"@context\":\"https:\\\/\\\/schema.org\",\"@graph\":[{\"@type\":\"Article\",\"@id\":\"https:\\\/\\\/rentallorca.com\\\/blog\\\/de\\\/mallorca-im-marz\\\/#article\",\"isPartOf\":{\"@id\":\"https:\\\/\\\/rentallorca.com\\\/blog\\\/de\\\/mallorca-im-marz\\\/\"},\"author\":{\"name\":\"Axel\",\"@id\":\"https:\\\/\\\/rentallorca.com\\\/blog\\\/de\\\/#\\\/schema\\\/person\\\/8c5ebe5bf8d43e9757ab6869e1d4cbe4\"},\"headline\":\"Mallorca im M\u00e4rz bietet gutes Wetter, Pl\u00e4ne und eine goldene Gelegenheit, die Insel zu besuchen\",\"datePublished\":\"2026-02-17T16:06:23+00:00\",\"dateModified\":\"2026-03-05T15:20:42+00:00\",\"mainEntityOfPage\":{\"@id\":\"https:\\\/\\\/rentallorca.com\\\/blog\\\/de\\\/mallorca-im-marz\\\/\"},\"wordCount\":1092,\"commentCount\":0,\"image\":{\"@id\":\"https:\\\/\\\/rentallorca.com\\\/blog\\\/de\\\/mallorca-im-marz\\\/#primaryimage\"},\"thumbnailUrl\":\"https:\\\/\\\/rentallorca.com\\\/blog\\\/wp-content\\\/uploads\\\/2026\\\/02\\\/mallorca-marzo.jpg\",\"articleSection\":[\"Mallorca\"],\"inLanguage\":\"de\",\"potentialAction\":[{\"@type\":\"CommentAction\",\"name\":\"Comment\",\"target\":[\"https:\\\/\\\/rentallorca.com\\\/blog\\\/de\\\/mallorca-im-marz\\\/#respond\"]}]},{\"@type\":\"WebPage\",\"@id\":\"https:\\\/\\\/rentallorca.com\\\/blog\\\/de\\\/mallorca-im-marz\\\/\",\"url\":\"https:\\\/\\\/rentallorca.com\\\/blog\\\/de\\\/mallorca-im-marz\\\/\",\"name\":\"Mallorca im M\u00e4rz - Blog\",\"isPartOf\":{\"@id\":\"https:\\\/\\\/rentallorca.com\\\/blog\\\/de\\\/#website\"},\"primaryImageOfPage\":{\"@id\":\"https:\\\/\\\/rentallorca.com\\\/blog\\\/de\\\/mallorca-im-marz\\\/#primaryimage\"},\"image\":{\"@id\":\"https:\\\/\\\/rentallorca.com\\\/blog\\\/de\\\/mallorca-im-marz\\\/#primaryimage\"},\"thumbnailUrl\":\"https:\\\/\\\/rentallorca.com\\\/blog\\\/wp-content\\\/uploads\\\/2026\\\/02\\\/mallorca-marzo.jpg\",\"datePublished\":\"2026-02-17T16:06:23+00:00\",\"dateModified\":\"2026-03-05T15:20:42+00:00\",\"author\":{\"@id\":\"https:\\\/\\\/rentallorca.com\\\/blog\\\/de\\\/#\\\/schema\\\/person\\\/8c5ebe5bf8d43e9757ab6869e1d4cbe4\"},\"description\":\"Planen Sie einen Kurzurlaub? Entdecken Sie das ideale Klima Mallorcas im M\u00e4rz und genie\u00dfen Sie seine Landschaften. Organisieren Sie Ihre perfekte Reise mit unseren exklusiven Tipps!\",\"breadcrumb\":{\"@id\":\"https:\\\/\\\/rentallorca.com\\\/blog\\\/de\\\/mallorca-im-marz\\\/#breadcrumb\"},\"inLanguage\":\"de\",\"potentialAction\":[{\"@type\":\"ReadAction\",\"target\":[\"https:\\\/\\\/rentallorca.com\\\/blog\\\/de\\\/mallorca-im-marz\\\/\"]}]},{\"@type\":\"ImageObject\",\"inLanguage\":\"de\",\"@id\":\"https:\\\/\\\/rentallorca.com\\\/blog\\\/de\\\/mallorca-im-marz\\\/#primaryimage\",\"url\":\"https:\\\/\\\/rentallorca.com\\\/blog\\\/wp-content\\\/uploads\\\/2026\\\/02\\\/mallorca-marzo.jpg\",\"contentUrl\":\"https:\\\/\\\/rentallorca.com\\\/blog\\\/wp-content\\\/uploads\\\/2026\\\/02\\\/mallorca-marzo.jpg\",\"width\":1920,\"height\":960,\"caption\":\"mallorca marzo\"},{\"@type\":\"BreadcrumbList\",\"@id\":\"https:\\\/\\\/rentallorca.com\\\/blog\\\/de\\\/mallorca-im-marz\\\/#breadcrumb\",\"itemListElement\":[{\"@type\":\"ListItem\",\"position\":1,\"name\":\"Home\",\"item\":\"https:\\\/\\\/rentallorca.com\\\/blog\\\/de\\\/\"},{\"@type\":\"ListItem\",\"position\":2,\"name\":\"Mallorca im M\u00e4rz bietet gutes Wetter, Pl\u00e4ne und eine goldene Gelegenheit, die Insel zu besuchen\"}]},{\"@type\":\"WebSite\",\"@id\":\"https:\\\/\\\/rentallorca.com\\\/blog\\\/de\\\/#website\",\"url\":\"https:\\\/\\\/rentallorca.com\\\/blog\\\/de\\\/\",\"name\":\"Blog\",\"description\":\"Rentallorca\",\"potentialAction\":[{\"@type\":\"SearchAction\",\"target\":{\"@type\":\"EntryPoint\",\"urlTemplate\":\"https:\\\/\\\/rentallorca.com\\\/blog\\\/de\\\/?s={search_term_string}\"},\"query-input\":{\"@type\":\"PropertyValueSpecification\",\"valueRequired\":true,\"valueName\":\"search_term_string\"}}],\"inLanguage\":\"de\"},{\"@type\":\"Person\",\"@id\":\"https:\\\/\\\/rentallorca.com\\\/blog\\\/de\\\/#\\\/schema\\\/person\\\/8c5ebe5bf8d43e9757ab6869e1d4cbe4\",\"name\":\"Axel\",\"image\":{\"@type\":\"ImageObject\",\"inLanguage\":\"de\",\"@id\":\"https:\\\/\\\/secure.gravatar.com\\\/avatar\\\/3bd706736e5b70f21f05f6c2d5cad746767782a4ba4b7df399c5969e2a9318fd?s=96&d=mm&r=g\",\"url\":\"https:\\\/\\\/secure.gravatar.com\\\/avatar\\\/3bd706736e5b70f21f05f6c2d5cad746767782a4ba4b7df399c5969e2a9318fd?s=96&d=mm&r=g\",\"contentUrl\":\"https:\\\/\\\/secure.gravatar.com\\\/avatar\\\/3bd706736e5b70f21f05f6c2d5cad746767782a4ba4b7df399c5969e2a9318fd?s=96&d=mm&r=g\",\"caption\":\"Axel\"},\"url\":\"https:\\\/\\\/rentallorca.com\\\/blog\\\/de\\\/author\\\/axel\\\/\"}]}<\/script>\n<!-- \/ Yoast SEO plugin. -->","yoast_head_json":{"title":"Mallorca im M\u00e4rz - Blog","description":"Planen Sie einen Kurzurlaub? Entdecken Sie das ideale Klima Mallorcas im M\u00e4rz und genie\u00dfen Sie seine Landschaften. Organisieren Sie Ihre perfekte Reise mit unseren exklusiven Tipps!","robots":{"index":"index","follow":"follow","max-snippet":"max-snippet:-1","max-image-preview":"max-image-preview:large","max-video-preview":"max-video-preview:-1"},"canonical":"https:\/\/rentallorca.com\/blog\/de\/mallorca-im-marz\/","og_locale":"de_DE","og_type":"article","og_title":"Mallorca im M\u00e4rz - Blog","og_description":"Planen Sie einen Kurzurlaub? Entdecken Sie das ideale Klima Mallorcas im M\u00e4rz und genie\u00dfen Sie seine Landschaften. Organisieren Sie Ihre perfekte Reise mit unseren exklusiven Tipps!","og_url":"https:\/\/rentallorca.com\/blog\/de\/mallorca-im-marz\/","og_site_name":"Blog","article_published_time":"2026-02-17T16:06:23+00:00","article_modified_time":"2026-03-05T15:20:42+00:00","og_image":[{"width":1920,"height":960,"url":"https:\/\/rentallorca.com\/blog\/wp-content\/uploads\/2026\/02\/mallorca-marzo.jpg","type":"image\/jpeg"}],"author":"Axel","twitter_card":"summary_large_image","twitter_misc":{"Written by":"Axel","Est. reading time":"5 minutes"},"schema":{"@context":"https:\/\/schema.org","@graph":[{"@type":"Article","@id":"https:\/\/rentallorca.com\/blog\/de\/mallorca-im-marz\/#article","isPartOf":{"@id":"https:\/\/rentallorca.com\/blog\/de\/mallorca-im-marz\/"},"author":{"name":"Axel","@id":"https:\/\/rentallorca.com\/blog\/de\/#\/schema\/person\/8c5ebe5bf8d43e9757ab6869e1d4cbe4"},"headline":"Mallorca im M\u00e4rz bietet gutes Wetter, Pl\u00e4ne und eine goldene Gelegenheit, die Insel zu besuchen","datePublished":"2026-02-17T16:06:23+00:00","dateModified":"2026-03-05T15:20:42+00:00","mainEntityOfPage":{"@id":"https:\/\/rentallorca.com\/blog\/de\/mallorca-im-marz\/"},"wordCount":1092,"commentCount":0,"image":{"@id":"https:\/\/rentallorca.com\/blog\/de\/mallorca-im-marz\/#primaryimage"},"thumbnailUrl":"https:\/\/rentallorca.com\/blog\/wp-content\/uploads\/2026\/02\/mallorca-marzo.jpg","articleSection":["Mallorca"],"inLanguage":"de","potentialAction":[{"@type":"CommentAction","name":"Comment","target":["https:\/\/rentallorca.com\/blog\/de\/mallorca-im-marz\/#respond"]}]},{"@type":"WebPage","@id":"https:\/\/rentallorca.com\/blog\/de\/mallorca-im-marz\/","url":"https:\/\/rentallorca.com\/blog\/de\/mallorca-im-marz\/","name":"Mallorca im M\u00e4rz - Blog","isPartOf":{"@id":"https:\/\/rentallorca.com\/blog\/de\/#website"},"primaryImageOfPage":{"@id":"https:\/\/rentallorca.com\/blog\/de\/mallorca-im-marz\/#primaryimage"},"image":{"@id":"https:\/\/rentallorca.com\/blog\/de\/mallorca-im-marz\/#primaryimage"},"thumbnailUrl":"https:\/\/rentallorca.com\/blog\/wp-content\/uploads\/2026\/02\/mallorca-marzo.jpg","datePublished":"2026-02-17T16:06:23+00:00","dateModified":"2026-03-05T15:20:42+00:00","author":{"@id":"https:\/\/rentallorca.com\/blog\/de\/#\/schema\/person\/8c5ebe5bf8d43e9757ab6869e1d4cbe4"},"description":"Planen Sie einen Kurzurlaub? Entdecken Sie das ideale Klima Mallorcas im M\u00e4rz und genie\u00dfen Sie seine Landschaften. Organisieren Sie Ihre perfekte Reise mit unseren exklusiven Tipps!","breadcrumb":{"@id":"https:\/\/rentallorca.com\/blog\/de\/mallorca-im-marz\/#breadcrumb"},"inLanguage":"de","potentialAction":[{"@type":"ReadAction","target":["https:\/\/rentallorca.com\/blog\/de\/mallorca-im-marz\/"]}]},{"@type":"ImageObject","inLanguage":"de","@id":"https:\/\/rentallorca.com\/blog\/de\/mallorca-im-marz\/#primaryimage","url":"https:\/\/rentallorca.com\/blog\/wp-content\/uploads\/2026\/02\/mallorca-marzo.jpg","contentUrl":"https:\/\/rentallorca.com\/blog\/wp-content\/uploads\/2026\/02\/mallorca-marzo.jpg","width":1920,"height":960,"caption":"mallorca marzo"},{"@type":"BreadcrumbList","@id":"https:\/\/rentallorca.com\/blog\/de\/mallorca-im-marz\/#breadcrumb","itemListElement":[{"@type":"ListItem","position":1,"name":"Home","item":"https:\/\/rentallorca.com\/blog\/de\/"},{"@type":"ListItem","position":2,"name":"Mallorca im M\u00e4rz bietet gutes Wetter, Pl\u00e4ne und eine goldene Gelegenheit, die Insel zu besuchen"}]},{"@type":"WebSite","@id":"https:\/\/rentallorca.com\/blog\/de\/#website","url":"https:\/\/rentallorca.com\/blog\/de\/","name":"Blog","description":"Rentallorca","potentialAction":[{"@type":"SearchAction","target":{"@type":"EntryPoint","urlTemplate":"https:\/\/rentallorca.com\/blog\/de\/?s={search_term_string}"},"query-input":{"@type":"PropertyValueSpecification","valueRequired":true,"valueName":"search_term_string"}}],"inLanguage":"de"},{"@type":"Person","@id":"https:\/\/rentallorca.com\/blog\/de\/#\/schema\/person\/8c5ebe5bf8d43e9757ab6869e1d4cbe4","name":"Axel","image":{"@type":"ImageObject","inLanguage":"de","@id":"https:\/\/secure.gravatar.com\/avatar\/3bd706736e5b70f21f05f6c2d5cad746767782a4ba4b7df399c5969e2a9318fd?s=96&d=mm&r=g","url":"https:\/\/secure.gravatar.com\/avatar\/3bd706736e5b70f21f05f6c2d5cad746767782a4ba4b7df399c5969e2a9318fd?s=96&d=mm&r=g","contentUrl":"https:\/\/secure.gravatar.com\/avatar\/3bd706736e5b70f21f05f6c2d5cad746767782a4ba4b7df399c5969e2a9318fd?s=96&d=mm&r=g","caption":"Axel"},"url":"https:\/\/rentallorca.com\/blog\/de\/author\/axel\/"}]}},"_links":{"self":[{"href":"https:\/\/rentallorca.com\/blog\/de\/wp-json\/wp\/v2\/posts\/3660","targetHints":{"allow":["GET"]}}],"collection":[{"href":"https:\/\/rentallorca.com\/blog\/de\/wp-json\/wp\/v2\/posts"}],"about":[{"href":"https:\/\/rentallorca.com\/blog\/de\/wp-json\/wp\/v2\/types\/post"}],"author":[{"embeddable":true,"href":"https:\/\/rentallorca.com\/blog\/de\/wp-json\/wp\/v2\/users\/3"}],"replies":[{"embeddable":true,"href":"https:\/\/rentallorca.com\/blog\/de\/wp-json\/wp\/v2\/comments?post=3660"}],"version-history":[{"count":1,"href":"https:\/\/rentallorca.com\/blog\/de\/wp-json\/wp\/v2\/posts\/3660\/revisions"}],"predecessor-version":[{"id":3661,"href":"https:\/\/rentallorca.com\/blog\/de\/wp-json\/wp\/v2\/posts\/3660\/revisions\/3661"}],"wp:featuredmedia":[{"embeddable":true,"href":"https:\/\/rentallorca.com\/blog\/de\/wp-json\/wp\/v2\/media\/3650"}],"wp:attachment":[{"href":"https:\/\/rentallorca.com\/blog\/de\/wp-json\/wp\/v2\/media?parent=3660"}],"wp:term":[{"taxonomy":"category","embeddable":true,"href":"https:\/\/rentallorca.com\/blog\/de\/wp-json\/wp\/v2\/categories?post=3660"},{"taxonomy":"post_tag","embeddable":true,"href":"https:\/\/rentallorca.com\/blog\/de\/wp-json\/wp\/v2\/tags?post=3660"}],"curies":[{"name":"wp","href":"https:\/\/api.w.org\/{rel}","templated":true}]}}