{"id":3612,"date":"2026-01-15T08:02:52","date_gmt":"2026-01-15T08:02:52","guid":{"rendered":"https:\/\/rentallorca.com\/blog\/?p=3612"},"modified":"2026-01-27T13:33:36","modified_gmt":"2026-01-27T13:33:36","slug":"vilafranca-de-bonany","status":"publish","type":"post","link":"https:\/\/rentallorca.com\/blog\/de\/vilafranca-de-bonany\/","title":{"rendered":"Vilafranca de Bonany: Ein Dorf mit Seele im Herzen von Mallorca"},"content":{"rendered":"\t\t<div data-elementor-type=\"wp-post\" data-elementor-id=\"3612\" class=\"elementor elementor-3612 elementor-3465\" data-elementor-post-type=\"post\">\n\t\t\t\t<div class=\"elementor-element elementor-element-62f9a410 e-flex e-con-boxed e-con e-parent\" data-id=\"62f9a410\" data-element_type=\"container\" data-e-type=\"container\">\n\t\t\t\t\t<div class=\"e-con-inner\">\n\t\t\t\t<div class=\"elementor-element elementor-element-2ef019a4 elementor-widget elementor-widget-text-editor\" data-id=\"2ef019a4\" data-element_type=\"widget\" data-e-type=\"widget\" data-widget_type=\"text-editor.default\">\n\t\t\t\t<div class=\"elementor-widget-container\">\n\t\t\t\t\t\t\t\t\t<p><span style=\"font-weight: 400;\">Wenn Sie dachten, Mallorca ende an den Postkartenstr\u00e4nden, ist das ein schwerwiegender Fehler. Mitten im Zentrum der Insel, wo die  <\/span><b>Mandelb\u00e4ume die Landschaft in ein Gem\u00e4lde verwandeln<\/b><span style=\"font-weight: 400;\">, verbirgt sich Vilafranca de Bonany, ein Ort, an dem die Zeit langsamer vergeht, die Gespr\u00e4che l\u00e4nger dauern und jeder Platz wie aus einem mallorquinischen M\u00e4rchen wirkt.<\/span><\/p><p><b>Gegr\u00fcndet im Jahr 1620 von Baron<\/b> <b>Pau Sureda<\/b> <span style=\"font-weight: 400;\">f\u00fcr seine Landarbeiter, schmeckt dieses Dorf nach s\u00fc\u00dfen Melonen, Tradition und Hingabe an die Mare de D\u00e9u de Bonany. Es ist der perfekte Plan f\u00fcr einen Morgen ohne Eile, einen Wermut mit Aussicht und das Gef\u00fchl, einen geheimen Ort gefunden zu haben. <\/span><\/p>\t\t\t\t\t\t\t\t<\/div>\n\t\t\t\t<\/div>\n\t\t\t\t\t<\/div>\n\t\t\t\t<\/div>\n\t\t<div class=\"elementor-element elementor-element-37f62d70 e-flex e-con-boxed e-con e-parent\" data-id=\"37f62d70\" data-element_type=\"container\" data-e-type=\"container\">\n\t\t\t\t\t<div class=\"e-con-inner\">\n\t\t\t\t<div class=\"elementor-element elementor-element-f6eccbf elementor-widget elementor-widget-table-of-contents\" data-id=\"f6eccbf\" data-element_type=\"widget\" data-e-type=\"widget\" data-settings=\"{&quot;headings_by_tags&quot;:[&quot;h2&quot;,&quot;h3&quot;],&quot;exclude_headings_by_selector&quot;:[],&quot;marker_view&quot;:&quot;bullets&quot;,&quot;icon&quot;:{&quot;value&quot;:&quot;&quot;,&quot;library&quot;:&quot;&quot;},&quot;no_headings_message&quot;:&quot;No headings were found on this page.&quot;,&quot;hierarchical_view&quot;:&quot;yes&quot;,&quot;min_height&quot;:{&quot;unit&quot;:&quot;px&quot;,&quot;size&quot;:&quot;&quot;,&quot;sizes&quot;:[]},&quot;min_height_tablet&quot;:{&quot;unit&quot;:&quot;px&quot;,&quot;size&quot;:&quot;&quot;,&quot;sizes&quot;:[]},&quot;min_height_mobile&quot;:{&quot;unit&quot;:&quot;px&quot;,&quot;size&quot;:&quot;&quot;,&quot;sizes&quot;:[]}}\" data-widget_type=\"table-of-contents.default\">\n\t\t\t\t<div class=\"elementor-widget-container\">\n\t\t\t\t\t\t\t\t\t<div class=\"elementor-toc__header\">\n\t\t\t\t\t\t<div class=\"elementor-toc__header-title\">\n\t\t\t\tInhalte\t\t\t<\/div>\n\t\t\t\t\t\t\t\t<\/div>\n\t\t\t\t<div id=\"elementor-toc__f6eccbf\" class=\"elementor-toc__body\">\n\t\t\t<div class=\"elementor-toc__spinner-container\">\n\t\t\t\t<svg class=\"elementor-toc__spinner eicon-animation-spin e-font-icon-svg e-eicon-loading\" aria-hidden=\"true\" viewBox=\"0 0 1000 1000\" xmlns=\"http:\/\/www.w3.org\/2000\/svg\"><path d=\"M500 975V858C696 858 858 696 858 500S696 142 500 142 142 304 142 500H25C25 237 238 25 500 25S975 237 975 500 763 975 500 975Z\"><\/path><\/svg>\t\t\t<\/div>\n\t\t<\/div>\n\t\t\t\t\t\t<\/div>\n\t\t\t\t<\/div>\n\t\t\t\t\t<\/div>\n\t\t\t\t<\/div>\n\t\t<div class=\"elementor-element elementor-element-2df28f5 e-flex e-con-boxed e-con e-parent\" data-id=\"2df28f5\" data-element_type=\"container\" data-e-type=\"container\">\n\t\t\t\t\t<div class=\"e-con-inner\">\n\t\t\t\t<div class=\"elementor-element elementor-element-5eff07bc elementor-widget elementor-widget-heading\" data-id=\"5eff07bc\" data-element_type=\"widget\" data-e-type=\"widget\" data-widget_type=\"heading.default\">\n\t\t\t\t<div class=\"elementor-widget-container\">\n\t\t\t\t\t<h2 class=\"elementor-heading-title elementor-size-default\">Wie man Vilafranca von jedem Punkt der Insel aus erreicht\n<\/h2>\t\t\t\t<\/div>\n\t\t\t\t<\/div>\n\t\t\t\t<div class=\"elementor-element elementor-element-73666881 elementor-widget elementor-widget-text-editor\" data-id=\"73666881\" data-element_type=\"widget\" data-e-type=\"widget\" data-widget_type=\"text-editor.default\">\n\t\t\t\t<div class=\"elementor-widget-container\">\n\t\t\t\t\t\t\t\t\t<p><span style=\"font-weight: 400;\">Der gro\u00dfe Vorteil von Mallorca Vilafranca de Bonany ist seine strategische Lage,<\/span><b> genau im perfekten Zentrum, gleich weit entfernt von Palma, Manacor, Inca und Art\u00e0.<\/b><span style=\"font-weight: 400;\"> Dorthin zu gelangen ist einfacher, als einen Kaffee auf einer mallorquinischen Terrasse zu bestellen.<\/span><\/p><p><span style=\"font-weight: 400;\">Mit dem Auto k\u00f6nnen Sie von Palma aus \u00fcber die Autobahn<\/span> <b>Ma-13<\/b><span style=\"font-weight: 400;\"> Richtung Inca fahren und die Ausfahrt Vilafranca nehmen, was etwa 45 Minuten dauert. Ein anderer Weg f\u00fchrt von Norden her \u00fcber die  <\/span><b>Ma-3422 Richtung Manacor<\/b><span style=\"font-weight: 400;\">, was etwa 40 Minuten dauert. Und schlie\u00dflich k\u00f6nnen Sie von Osten her die Stra\u00dfe  <\/span><b>Ma-15 Richtung Petra<\/b><span style=\"font-weight: 400;\"> bis zur Abzweigung nehmen.<\/span><\/p><p><span style=\"font-weight: 400;\">Die<\/span> <b>TIB-Busse<\/b> <span style=\"font-weight: 400;\">verbinden Sie mit Inca oder Manacor, und von dort bringt Sie ein Taxi in 10 Minuten dorthin<\/span><span style=\"font-weight: 400;\">.<\/span><\/p>\t\t\t\t\t\t\t\t<\/div>\n\t\t\t\t<\/div>\n\t\t\t\t<div class=\"elementor-element elementor-element-4f5df17 elementor-widget elementor-widget-google_maps\" data-id=\"4f5df17\" data-element_type=\"widget\" data-e-type=\"widget\" data-widget_type=\"google_maps.default\">\n\t\t\t\t<div class=\"elementor-widget-container\">\n\t\t\t\t\t\t\t<div class=\"elementor-custom-embed\">\n\t\t\t<iframe loading=\"lazy\"\n\t\t\t\t\tsrc=\"https:\/\/maps.google.com\/maps?q=villafranca%20mallorca&#038;t=m&#038;z=10&#038;output=embed&#038;iwloc=near\"\n\t\t\t\t\ttitle=\"villafranca mallorca\"\n\t\t\t\t\taria-label=\"villafranca mallorca\"\n\t\t\t><\/iframe>\n\t\t<\/div>\n\t\t\t\t\t\t<\/div>\n\t\t\t\t<\/div>\n\t\t\t\t\t<\/div>\n\t\t\t\t<\/div>\n\t\t<div class=\"elementor-element elementor-element-7689f27 e-flex e-con-boxed e-con e-parent\" data-id=\"7689f27\" data-element_type=\"container\" data-e-type=\"container\">\n\t\t\t\t\t<div class=\"e-con-inner\">\n\t\t\t\t<div class=\"elementor-element elementor-element-a7f55ba elementor-widget elementor-widget-heading\" data-id=\"a7f55ba\" data-element_type=\"widget\" data-e-type=\"widget\" data-widget_type=\"heading.default\">\n\t\t\t\t<div class=\"elementor-widget-container\">\n\t\t\t\t\t<h2 class=\"elementor-heading-title elementor-size-default\">Denkm\u00e4ler, Stra\u00dfen und Ecken mit Geschichte\n<\/h2>\t\t\t\t<\/div>\n\t\t\t\t<\/div>\n\t\t\t\t<div class=\"elementor-element elementor-element-2e982ff elementor-widget elementor-widget-text-editor\" data-id=\"2e982ff\" data-element_type=\"widget\" data-e-type=\"widget\" data-widget_type=\"text-editor.default\">\n\t\t\t\t<div class=\"elementor-widget-container\">\n\t\t\t\t\t\t\t\t\t<p><span style=\"font-weight: 400;\">Vilafranca de Bonany r\u00fchmt sich eines Erbes, das einiges wiegt, aber ohne anzugeben. Der unbestrittene Protagonist ist das  <\/span><b>Santuari de Bonany<\/b><span style=\"font-weight: 400;\">, das sich auf 317 Metern H\u00f6he auf dem Puig de Bonany befindet. Diese Einsiedelei aus dem 17. Jahrhundert entstand aus einer Bittprozession f\u00fcr Regen im Jahr 1606. Sie baten darum, es regnete in Str\u00f6men, und daher der Name \u201eBonany\u201c, gutes Jahr. <\/span><\/p><p><span style=\"font-weight: 400;\">Im Dorf d\u00fcrfen Sie die<\/span> <b>Kirche Santa B\u00e1rbara<\/b><span style=\"font-weight: 400;\">aus dem 18. Jahrhundert mit ihrer schlichten, aber eleganten Fassade und einem Innenraum mit barocken Altarbildern nicht verpassen. Sie k\u00f6nnen \u00fcber die  <\/span><b>Pla\u00e7a Major<\/b><span style=\"font-weight: 400;\">, das Herz der Gemeinde, schlendern, das Rathaus aus dem 19. Jahrhundert besichtigen und einen Kaffee auf einer Terrasse trinken, die einen besonderen Geschmack hat.<\/span><\/p><p><span style=\"font-weight: 400;\">Die Gassen wie<\/span> <b>Carrer de Son Sureda<\/b> <span style=\"font-weight: 400;\">oder<\/span> <b>Carrer del Rector<\/b><span style=\"font-weight: 400;\">  bewahren Herrenh\u00e4user mit Adelsschilden und bl\u00fchenden Innenh\u00f6fen, die an die Gr\u00fcndungsbaronie erinnern. Und wenn Sie den perfekten Ort zum Fotografieren suchen, ist die <\/span> <b>Cruz de Jun\u00edper Serra<\/b><span style=\"font-weight: 400;\"> Poesie in Stein neben dem Heiligtum.<\/span><\/p>\t\t\t\t\t\t\t\t<\/div>\n\t\t\t\t<\/div>\n\t\t\t\t\t<\/div>\n\t\t\t\t<\/div>\n\t\t<div class=\"elementor-element elementor-element-27664fa e-flex e-con-boxed e-con e-parent\" data-id=\"27664fa\" data-element_type=\"container\" data-e-type=\"container\">\n\t\t\t\t\t<div class=\"e-con-inner\">\n\t\t\t\t<div class=\"elementor-element elementor-element-d0a2b81 elementor-widget elementor-widget-heading\" data-id=\"d0a2b81\" data-element_type=\"widget\" data-e-type=\"widget\" data-widget_type=\"heading.default\">\n\t\t\t\t<div class=\"elementor-widget-container\">\n\t\t\t\t\t<h2 class=\"elementor-heading-title elementor-size-default\">Kultur und Traditionen von Vilafranca de Bonany: Was es einzigartig macht\n<\/h2>\t\t\t\t<\/div>\n\t\t\t\t<\/div>\n\t\t\t\t\t<\/div>\n\t\t\t\t<\/div>\n\t\t<div class=\"elementor-element elementor-element-230b50b e-flex e-con-boxed e-con e-parent\" data-id=\"230b50b\" data-element_type=\"container\" data-e-type=\"container\">\n\t\t\t\t\t<div class=\"e-con-inner\">\n\t\t<div class=\"elementor-element elementor-element-d6fff90 e-con-full e-flex e-con e-child\" data-id=\"d6fff90\" data-element_type=\"container\" data-e-type=\"container\">\n\t\t\t\t<div class=\"elementor-element elementor-element-5925375 elementor-widget elementor-widget-text-editor\" data-id=\"5925375\" data-element_type=\"widget\" data-e-type=\"widget\" data-widget_type=\"text-editor.default\">\n\t\t\t\t<div class=\"elementor-widget-container\">\n\t\t\t\t\t\t\t\t\t<p><span style=\"font-weight: 400;\">Vilafranca de Bonany pulsiert im Rhythmus seiner Feste und seiner Menschen. Das ber\u00fchmteste ist die  <\/span><b>Romer\u00eda de Bonany<\/b><span style=\"font-weight: 400;\">, jeden 8. Dezember, wenn Tausende von Menschen mit geschm\u00fcckten Wagen, Musik und Grills im Freien zum Heiligtum hinaufsteigen.<\/span> <\/p><p><span style=\"font-weight: 400;\">Ein weiterer Klassiker sind die<\/span> <b>Fiestas de Sant Joan<\/b><span style=\"font-weight: 400;\">, die sich durch ihre Feuerwerke und T\u00e4nze auf dem Platz auszeichnen. Und Sie d\u00fcrfen nicht gehen, ohne die  <\/span><b>Tradition der Melone<\/b><span style=\"font-weight: 400;\"> von Vilafranca kennenzulernen, da dieses Dorf ber\u00fchmt f\u00fcr seine s\u00fc\u00dfen Melonen ist, die seit Jahrhunderten angebaut werden.<\/span><\/p><p><span style=\"font-weight: 400;\">Das<\/span> <b>Kunsthandwerk<\/b><span style=\"font-weight: 400;\">  ist ebenfalls ein sehr repr\u00e4sentativer Teil. Sie finden Espartogras-K\u00f6rbe, Keramik und religi\u00f6se Schnitzereien, die Sie in den lokalen Werkst\u00e4tten finden. Vilafranca ist einer dieser Orte, an denen die Tradition keine Erinnerung ist, sondern etwas Lebendiges, das man an jeder Ecke riechen kann.  <\/span><\/p>\t\t\t\t\t\t\t\t<\/div>\n\t\t\t\t<\/div>\n\t\t\t\t<\/div>\n\t\t<div class=\"elementor-element elementor-element-fb5d801 e-con-full e-flex e-con e-child\" data-id=\"fb5d801\" data-element_type=\"container\" data-e-type=\"container\">\n\t\t\t\t<div class=\"elementor-element elementor-element-4e9c20e elementor-widget elementor-widget-image\" data-id=\"4e9c20e\" data-element_type=\"widget\" data-e-type=\"widget\" data-widget_type=\"image.default\">\n\t\t\t\t<div class=\"elementor-widget-container\">\n\t\t\t\t\t\t\t\t\t\t\t\t<figure class=\"wp-caption\">\n\t\t\t\t\t\t\t\t\t\t<img fetchpriority=\"high\" decoding=\"async\" width=\"800\" height=\"600\" src=\"https:\/\/rentallorca.com\/blog\/wp-content\/uploads\/2026\/01\/Romeria-bonany-1024x768.jpg\" class=\"attachment-large size-large wp-image-3485\" alt=\"\" srcset=\"https:\/\/rentallorca.com\/blog\/wp-content\/uploads\/2026\/01\/Romeria-bonany-1024x768.jpg 1024w, https:\/\/rentallorca.com\/blog\/wp-content\/uploads\/2026\/01\/Romeria-bonany-300x225.jpg 300w, https:\/\/rentallorca.com\/blog\/wp-content\/uploads\/2026\/01\/Romeria-bonany-768x576.jpg 768w, https:\/\/rentallorca.com\/blog\/wp-content\/uploads\/2026\/01\/Romeria-bonany-1536x1152.jpg 1536w, https:\/\/rentallorca.com\/blog\/wp-content\/uploads\/2026\/01\/Romeria-bonany.jpg 2000w\" sizes=\"(max-width: 800px) 100vw, 800px\" \/>\t\t\t\t\t\t\t\t\t\t\t<figcaption class=\"widget-image-caption wp-caption-text\">Romer\u00eda de Bonany \/ LLOREN\u00c7 RIERA<\/figcaption>\n\t\t\t\t\t\t\t\t\t\t<\/figure>\n\t\t\t\t\t\t\t\t\t<\/div>\n\t\t\t\t<\/div>\n\t\t\t\t<\/div>\n\t\t\t\t\t<\/div>\n\t\t\t\t<\/div>\n\t\t<div class=\"elementor-element elementor-element-a0a5031 e-flex e-con-boxed e-con e-parent\" data-id=\"a0a5031\" data-element_type=\"container\" data-e-type=\"container\">\n\t\t\t\t\t<div class=\"e-con-inner\">\n\t\t\t\t<div class=\"elementor-element elementor-element-98411c7 elementor-widget elementor-widget-heading\" data-id=\"98411c7\" data-element_type=\"widget\" data-e-type=\"widget\" data-widget_type=\"heading.default\">\n\t\t\t\t<div class=\"elementor-widget-container\">\n\t\t\t\t\t<h2 class=\"elementor-heading-title elementor-size-default\">Was man in der N\u00e4he von Vilafranca unternehmen kann, um den Besuch abzurunden\n<\/h2>\t\t\t\t<\/div>\n\t\t\t\t<\/div>\n\t\t\t\t<div class=\"elementor-element elementor-element-0c30da6 elementor-widget elementor-widget-text-editor\" data-id=\"0c30da6\" data-element_type=\"widget\" data-e-type=\"widget\" data-widget_type=\"text-editor.default\">\n\t\t\t\t<div class=\"elementor-widget-container\">\n\t\t\t\t\t\t\t\t\t<p><span style=\"font-weight: 400;\">Sie m\u00fcssen nicht weit gehen<\/span> <b>, um mehr<\/b> <span style=\"font-weight: 400;\">\u00fcber die verborgenen Orte der Insel zu erfahren:<\/span><\/p>\t\t\t\t\t\t\t\t<\/div>\n\t\t\t\t<\/div>\n\t\t\t\t\t<\/div>\n\t\t\t\t<\/div>\n\t\t<div class=\"elementor-element elementor-element-d39911a e-flex e-con-boxed e-con e-parent\" data-id=\"d39911a\" data-element_type=\"container\" data-e-type=\"container\">\n\t\t\t\t\t<div class=\"e-con-inner\">\n\t\t<div class=\"elementor-element elementor-element-e37c098 e-con-full e-flex e-con e-child\" data-id=\"e37c098\" data-element_type=\"container\" data-e-type=\"container\">\n\t\t\t\t<div class=\"elementor-element elementor-element-5b392590 elementor-widget elementor-widget-heading\" data-id=\"5b392590\" data-element_type=\"widget\" data-e-type=\"widget\" data-widget_type=\"heading.default\">\n\t\t\t\t<div class=\"elementor-widget-container\">\n\t\t\t\t\t<h3 class=\"elementor-heading-title elementor-size-default\">Petra: die Wiege von Jun\u00edper Serra (10 Minuten)\n<\/h3>\t\t\t\t<\/div>\n\t\t\t\t<\/div>\n\t\t\t\t<div class=\"elementor-element elementor-element-6ed13879 elementor-widget elementor-widget-text-editor\" data-id=\"6ed13879\" data-element_type=\"widget\" data-e-type=\"widget\" data-widget_type=\"text-editor.default\">\n\t\t\t\t<div class=\"elementor-widget-container\">\n\t\t\t\t\t\t\t\t\t<p><span style=\"font-weight: 400;\">Nur einen Katzensprung von Vilafranca entfernt liegt <a href=\"https:\/\/rentallorca.com\/blog\/de\/petra\/\">Petra<\/a>, der Geburtsort des Seligen Jun\u00edper Serra, des M\u00f6nchs, der das Christentum nach Kalifornien brachte. Sein <\/span><b> Museo Jun\u00edper Serra<\/b><span style=\"font-weight: 400;\">  erz\u00e4hlt die Geschichte des Missionars mit pers\u00f6nlichen Gegenst\u00e4nden und Modellen der amerikanischen Missionen. Die gepflasterten Stra\u00dfen und die  <\/span><b>Iglesia de Sant Pere<\/b><span style=\"font-weight: 400;\"> vervollst\u00e4ndigen einen perfekten doppelten historischen Besuch f\u00fcr Neugierige.<\/span><\/p>\t\t\t\t\t\t\t\t<\/div>\n\t\t\t\t<\/div>\n\t\t\t\t<\/div>\n\t\t<div class=\"elementor-element elementor-element-5b1dbcd e-con-full e-flex e-con e-child\" data-id=\"5b1dbcd\" data-element_type=\"container\" data-e-type=\"container\">\n\t\t\t\t<div class=\"elementor-element elementor-element-2e58ea7 elementor-widget elementor-widget-heading\" data-id=\"2e58ea7\" data-element_type=\"widget\" data-e-type=\"widget\" data-widget_type=\"heading.default\">\n\t\t\t\t<div class=\"elementor-widget-container\">\n\t\t\t\t\t<h3 class=\"elementor-heading-title elementor-size-default\">Manacor: Perlen und gotische Kathedrale (15 Minuten)\n<\/h3>\t\t\t\t<\/div>\n\t\t\t\t<\/div>\n\t\t\t\t<div class=\"elementor-element elementor-element-19db03c elementor-widget elementor-widget-text-editor\" data-id=\"19db03c\" data-element_type=\"widget\" data-e-type=\"widget\" data-widget_type=\"text-editor.default\">\n\t\t\t\t<div class=\"elementor-widget-container\">\n\t\t\t\t\t\t\t\t\t<p><span style=\"font-weight: 400;\"><a href=\"https:\/\/rentallorca.com\/blog\/de\/manacor-2\/\">Manacor<\/a> ist ein Synonym f\u00fcr Majorica-Perlen und seine beeindruckende<\/span> <b>Bas\u00edlica de Santa Mar\u00eda<\/b><span style=\"font-weight: 400;\">, gotisch mit einer Rosette, die wie Spitze aussieht. Der Wochenmarkt (dienstags und samstags) ist ein Fest f\u00fcr lokale Produkte, Wurstwaren und S\u00fc\u00dfigkeiten. Perfekt, um Kultur mit Kunsthandwerk zu verbinden.  <\/span><\/p>\t\t\t\t\t\t\t\t<\/div>\n\t\t\t\t<\/div>\n\t\t\t\t<\/div>\n\t\t\t\t\t<\/div>\n\t\t\t\t<\/div>\n\t\t<div class=\"elementor-element elementor-element-cc4f6ed e-flex e-con-boxed e-con e-parent\" data-id=\"cc4f6ed\" data-element_type=\"container\" data-e-type=\"container\">\n\t\t\t\t\t<div class=\"e-con-inner\">\n\t\t<div class=\"elementor-element elementor-element-72a3a92 e-con-full e-flex e-con e-child\" data-id=\"72a3a92\" data-element_type=\"container\" data-e-type=\"container\">\n\t\t\t\t<div class=\"elementor-element elementor-element-c2a73d6 elementor-widget elementor-widget-heading\" data-id=\"c2a73d6\" data-element_type=\"widget\" data-e-type=\"widget\" data-widget_type=\"heading.default\">\n\t\t\t\t<div class=\"elementor-widget-container\">\n\t\t\t\t\t<h3 class=\"elementor-heading-title elementor-size-default\">Parc Natural de Llevant: unber\u00fchrte Natur (20 Minuten)\n<\/h3>\t\t\t\t<\/div>\n\t\t\t\t<\/div>\n\t\t\t\t<div class=\"elementor-element elementor-element-3591e77 elementor-widget elementor-widget-text-editor\" data-id=\"3591e77\" data-element_type=\"widget\" data-e-type=\"widget\" data-widget_type=\"text-editor.default\">\n\t\t\t\t<div class=\"elementor-widget-container\">\n\t\t\t\t\t\t\t\t\t<p><span style=\"font-weight: 400;\">F\u00fcr Wanderfreunde bietet der Parc Natural de Llevant<\/span> <b>Routen zwischen Pinienw\u00e4ldern, Schluchten und Str\u00e4nden<\/b> <span style=\"font-weight: 400;\">wie Cala Matzoc. Das Licht des mallorquinischen Inlands und die Stille des Parks sind der perfekte Kontrapunkt zum historischen Charme von Vilafranca. <\/span><\/p>\t\t\t\t\t\t\t\t<\/div>\n\t\t\t\t<\/div>\n\t\t\t\t<\/div>\n\t\t<div class=\"elementor-element elementor-element-fef35c8 e-con-full e-flex e-con e-child\" data-id=\"fef35c8\" data-element_type=\"container\" data-e-type=\"container\">\n\t\t\t\t<div class=\"elementor-element elementor-element-974b92a elementor-widget elementor-widget-heading\" data-id=\"974b92a\" data-element_type=\"widget\" data-e-type=\"widget\" data-widget_type=\"heading.default\">\n\t\t\t\t<div class=\"elementor-widget-container\">\n\t\t\t\t\t<h3 class=\"elementor-heading-title elementor-size-default\">Inca: Paradies der Wurstwaren (20 Minuten)\n<\/h3>\t\t\t\t<\/div>\n\t\t\t\t<\/div>\n\t\t\t\t<div class=\"elementor-element elementor-element-9679fb2 elementor-widget elementor-widget-text-editor\" data-id=\"9679fb2\" data-element_type=\"widget\" data-e-type=\"widget\" data-widget_type=\"text-editor.default\">\n\t\t\t\t<div class=\"elementor-widget-container\">\n\t\t\t\t\t\t\t\t\t<p><span style=\"font-weight: 400;\">Wenn Ihre Religion gutes Essen ist, ist Inca Ihr Tempel. Ber\u00fchmt f\u00fcr seine Wurstwaren, Sobrasadas und K\u00e4sesorten, hat diese Stadt den  <\/span><b>Wochenmarkt <\/b><span style=\"font-weight: 400;\">mittwochs den lebhaftesten Markt Mallorcas. Frische Sobrasada, Butifarr\u00f3n und Lomo mit Honig: Halten Sie den K\u00fchlschrank bereit. <\/span><\/p>\t\t\t\t\t\t\t\t<\/div>\n\t\t\t\t<\/div>\n\t\t\t\t<\/div>\n\t\t\t\t\t<\/div>\n\t\t\t\t<\/div>\n\t\t<div class=\"elementor-element elementor-element-4989de5 e-flex e-con-boxed e-con e-parent\" data-id=\"4989de5\" data-element_type=\"container\" data-e-type=\"container\">\n\t\t\t\t\t<div class=\"e-con-inner\">\n\t\t\t\t<div class=\"elementor-element elementor-element-29e07af elementor-widget elementor-widget-image\" data-id=\"29e07af\" data-element_type=\"widget\" data-e-type=\"widget\" data-widget_type=\"image.default\">\n\t\t\t\t<div class=\"elementor-widget-container\">\n\t\t\t\t\t\t\t\t\t\t\t\t\t\t\t<img decoding=\"async\" width=\"1341\" height=\"752\" src=\"https:\/\/rentallorca.com\/blog\/wp-content\/uploads\/2026\/01\/villafranca-de-bonany-mallorca.jpg\" class=\"attachment-full size-full wp-image-3478\" alt=\"\" srcset=\"https:\/\/rentallorca.com\/blog\/wp-content\/uploads\/2026\/01\/villafranca-de-bonany-mallorca.jpg 1341w, https:\/\/rentallorca.com\/blog\/wp-content\/uploads\/2026\/01\/villafranca-de-bonany-mallorca-300x168.jpg 300w, https:\/\/rentallorca.com\/blog\/wp-content\/uploads\/2026\/01\/villafranca-de-bonany-mallorca-1024x574.jpg 1024w, https:\/\/rentallorca.com\/blog\/wp-content\/uploads\/2026\/01\/villafranca-de-bonany-mallorca-768x431.jpg 768w\" sizes=\"(max-width: 1341px) 100vw, 1341px\" \/>\t\t\t\t\t\t\t\t\t\t\t\t\t\t\t<\/div>\n\t\t\t\t<\/div>\n\t\t\t\t\t<\/div>\n\t\t\t\t<\/div>\n\t\t<div class=\"elementor-element elementor-element-7bb92e8a e-flex e-con-boxed e-con e-parent\" data-id=\"7bb92e8a\" data-element_type=\"container\" data-e-type=\"container\">\n\t\t\t\t\t<div class=\"e-con-inner\">\n\t\t\t\t<div class=\"elementor-element elementor-element-74de3a03 elementor-widget elementor-widget-heading\" data-id=\"74de3a03\" data-element_type=\"widget\" data-e-type=\"widget\" data-widget_type=\"heading.default\">\n\t\t\t\t<div class=\"elementor-widget-container\">\n\t\t\t\t\t<h2 class=\"elementor-heading-title elementor-size-default\">Wo man essen, was man kaufen und wie man das Lokale genie\u00dfen kann\n<\/h2>\t\t\t\t<\/div>\n\t\t\t\t<\/div>\n\t\t\t\t<div class=\"elementor-element elementor-element-1c2df3c6 elementor-widget elementor-widget-text-editor\" data-id=\"1c2df3c6\" data-element_type=\"widget\" data-e-type=\"widget\" data-widget_type=\"text-editor.default\">\n\t\t\t\t<div class=\"elementor-widget-container\">\n\t\t\t\t\t\t\t\t\t<p><span style=\"font-weight: 400;\">Essen in Vilafranca de Bonany Mallorca ist Genuss ohne Komplikationen. Auf der Pla\u00e7a Major bieten Bars wie  <\/span><b>Sa Pla\u00e7a<\/b> <span style=\"font-weight: 400;\">oder<\/span> <b>Ca\u2019n Jordi<\/b> <span style=\"font-weight: 400;\">Pa amb oli, Sobrasada, Mah\u00f3n-K\u00e4se und Wermut f\u00fcr vier Euro an. Wenn Sie jedoch etwas Seri\u00f6seres bevorzugen, bietet das  <\/span><b>Restaurante Bonany<\/b> <span style=\"font-weight: 400;\">Spanferkel, Tumbet und Ausblicke auf den Puig, die ein Selfie wert sind.<\/span><\/p><p><span style=\"font-weight: 400;\">Sie k\u00f6nnen lokalen Honig, Melonen, handwerkliche Lik\u00f6re, Wurstwaren und Kerzen oder Rosenkr\u00e4nze aus dem Heiligtum kaufen. Der <\/span> <b>Sonntagsmarkt<\/b> <span style=\"font-weight: 400;\">ist ein Juwel f\u00fcr Espartogras-K\u00f6rbe und Produkte aus der Region.<\/span><\/p><p><span style=\"font-weight: 400;\">Probieren Sie den<\/span> <b>Herbal Menorqu\u00edn<\/b><span style=\"font-weight: 400;\">  nach dem Kaffee oder eine warme Ensaimada. Und wenn Sie mit der Wallfahrt zusammenfallen, ist die Sobrasada vom Grill absolute Religion. Hier isst man wie bei Oma, reichlich, ehrlich und mit Gespr\u00e4chen zum Nachtisch.  <\/span><\/p>\t\t\t\t\t\t\t\t<\/div>\n\t\t\t\t<\/div>\n\t\t\t\t\t<\/div>\n\t\t\t\t<\/div>\n\t\t<div class=\"elementor-element elementor-element-9efd7b3 e-flex e-con-boxed e-con e-parent\" data-id=\"9efd7b3\" data-element_type=\"container\" data-e-type=\"container\">\n\t\t\t\t\t<div class=\"e-con-inner\">\n\t\t\t\t<div class=\"elementor-element elementor-element-b2f68a6 elementor-widget elementor-widget-heading\" data-id=\"b2f68a6\" data-element_type=\"widget\" data-e-type=\"widget\" data-widget_type=\"heading.default\">\n\t\t\t\t<div class=\"elementor-widget-container\">\n\t\t\t\t\t<h2 class=\"elementor-heading-title elementor-size-default\">Haben Sie Lust, Vilafranca de Bonany zu entdecken? Mallorca ist auch das Landesinnere \n<\/h2>\t\t\t\t<\/div>\n\t\t\t\t<\/div>\n\t\t\t\t<div class=\"elementor-element elementor-element-dc78a3e elementor-widget elementor-widget-text-editor\" data-id=\"dc78a3e\" data-element_type=\"widget\" data-e-type=\"widget\" data-widget_type=\"text-editor.default\">\n\t\t\t\t<div class=\"elementor-widget-container\">\n\t\t\t\t\t\t\t\t\t<p><span style=\"font-weight: 400;\">Vilafranca de Bonany ist der Beweis daf\u00fcr, dass Mallorca nicht am Strand beginnt oder endet. Dieses Dorf schenkt Ihnen <\/span><b> mediterrane Ruhe<\/b><span style=\"font-weight: 400;\">, Geschichte zum Anfassen, Ausblicke, die man sich einpr\u00e4gt, und Geschm\u00e4cker, die in Erinnerung bleiben. Es ist perfekt f\u00fcr diesen anderen Morgen, um ohne Maps durch die Stra\u00dfen zu schlendern oder zum Heiligtum hinaufzusteigen und sich als die Seele der Insel zu f\u00fchlen. <\/span><\/p><p><span style=\"font-weight: 400;\">Also, Sie wissen es jetzt, nehmen Sie das Auto, den Bus oder das Flugzeug und<\/span> <b>entdecken Sie einen Winkel, der alles ver\u00e4ndern wird, was Sie \u00fcber Menorca zu wissen glaubten<\/b><span style=\"font-weight: 400;\">, denn vielleicht sind seine Buchten das Paradies, aber das Herz schl\u00e4gt an Orten wie Vilafranca. Kontaktieren Sie uns, um Ihr Apartment zum besten Preis zu buchen. Wir erwarten Sie!  <\/span><\/p>\t\t\t\t\t\t\t\t<\/div>\n\t\t\t\t<\/div>\n\t\t\t\t\t<\/div>\n\t\t\t\t<\/div>\n\t\t<div class=\"elementor-element elementor-element-7b5b899f e-flex e-con-boxed e-con e-parent\" data-id=\"7b5b899f\" data-element_type=\"container\" data-e-type=\"container\">\n\t\t\t\t\t<div class=\"e-con-inner\">\n\t\t\t\t<div class=\"elementor-element elementor-element-3cae7ad0 elementor-widget elementor-widget-shortcode\" data-id=\"3cae7ad0\" data-element_type=\"widget\" data-e-type=\"widget\" data-widget_type=\"shortcode.default\">\n\t\t\t\t<div class=\"elementor-widget-container\">\n\t\t\t\t\t\t\t<div class=\"elementor-shortcode\">\t\t<div data-elementor-type=\"page\" data-elementor-id=\"271\" class=\"elementor elementor-271 elementor-170 elementor-170\" data-elementor-post-type=\"elementor_library\">\n\t\t\t\t<div class=\"elementor-element elementor-element-16c5e22 e-flex e-con-boxed e-con e-parent\" data-id=\"16c5e22\" data-element_type=\"container\" data-e-type=\"container\">\n\t\t\t\t\t<div class=\"e-con-inner\">\n\t\t<div class=\"elementor-element elementor-element-ac67807 e-con-full e-flex e-con e-child\" data-id=\"ac67807\" data-element_type=\"container\" data-e-type=\"container\">\n\t\t\t\t<div class=\"elementor-element elementor-element-2ab04b2 elementor-align-justify elementor-widget elementor-widget-button\" data-id=\"2ab04b2\" data-element_type=\"widget\" data-e-type=\"widget\" data-widget_type=\"button.default\">\n\t\t\t\t<div class=\"elementor-widget-container\">\n\t\t\t\t\t\t\t\t\t<div class=\"elementor-button-wrapper\">\n\t\t\t\t\t<a class=\"elementor-button elementor-button-link elementor-size-sm\" href=\"https:\/\/rentallorca.com\/de\/vermietung\/vermietungen-mallorca-e21\/\">\n\t\t\t\t\t\t<span class=\"elementor-button-content-wrapper\">\n\t\t\t\t\t\t\t\t\t<span class=\"elementor-button-text\">Unterk\u00fcnfte in  Mallorca<\/span>\n\t\t\t\t\t<\/span>\n\t\t\t\t\t<\/a>\n\t\t\t\t<\/div>\n\t\t\t\t\t\t\t\t<\/div>\n\t\t\t\t<\/div>\n\t\t\t\t<\/div>\n\t\t<div class=\"elementor-element elementor-element-6bea3dd e-con-full e-flex e-con e-child\" data-id=\"6bea3dd\" data-element_type=\"container\" data-e-type=\"container\">\n\t\t\t\t<div class=\"elementor-element elementor-element-ff8a437 elementor-align-justify elementor-widget elementor-widget-button\" data-id=\"ff8a437\" data-element_type=\"widget\" data-e-type=\"widget\" data-widget_type=\"button.default\">\n\t\t\t\t<div class=\"elementor-widget-container\">\n\t\t\t\t\t\t\t\t\t<div class=\"elementor-button-wrapper\">\n\t\t\t\t\t<a class=\"elementor-button elementor-button-link elementor-size-sm\" href=\"https:\/\/rentallorca.com\/de\/vermietung\/ferienwohnungen-mallorca-c1e21\/\">\n\t\t\t\t\t\t<span class=\"elementor-button-content-wrapper\">\n\t\t\t\t\t\t\t\t\t<span class=\"elementor-button-text\">Wohnungen in Mallorca<\/span>\n\t\t\t\t\t<\/span>\n\t\t\t\t\t<\/a>\n\t\t\t\t<\/div>\n\t\t\t\t\t\t\t\t<\/div>\n\t\t\t\t<\/div>\n\t\t\t\t<\/div>\n\t\t<div class=\"elementor-element elementor-element-d557a64 e-con-full e-flex e-con e-child\" data-id=\"d557a64\" data-element_type=\"container\" data-e-type=\"container\">\n\t\t\t\t<div class=\"elementor-element elementor-element-4421fc4 elementor-align-justify elementor-widget elementor-widget-button\" data-id=\"4421fc4\" data-element_type=\"widget\" data-e-type=\"widget\" data-widget_type=\"button.default\">\n\t\t\t\t<div class=\"elementor-widget-container\">\n\t\t\t\t\t\t\t\t\t<div class=\"elementor-button-wrapper\">\n\t\t\t\t\t<a class=\"elementor-button elementor-button-link elementor-size-sm\" href=\"https:\/\/rentallorca.com\/de\/vermietung\/ferienhauser-alcudia-c19d1098\/\">\n\t\t\t\t\t\t<span class=\"elementor-button-content-wrapper\">\n\t\t\t\t\t\t\t\t\t<span class=\"elementor-button-text\">H\u00e4user in Mallorca<\/span>\n\t\t\t\t\t<\/span>\n\t\t\t\t\t<\/a>\n\t\t\t\t<\/div>\n\t\t\t\t\t\t\t\t<\/div>\n\t\t\t\t<\/div>\n\t\t\t\t<\/div>\n\t\t<div class=\"elementor-element elementor-element-995a361 e-con-full e-flex e-con e-child\" data-id=\"995a361\" data-element_type=\"container\" data-e-type=\"container\">\n\t\t\t\t<div class=\"elementor-element elementor-element-e6addd0 elementor-align-justify elementor-widget elementor-widget-button\" data-id=\"e6addd0\" data-element_type=\"widget\" data-e-type=\"widget\" data-widget_type=\"button.default\">\n\t\t\t\t<div class=\"elementor-widget-container\">\n\t\t\t\t\t\t\t\t\t<div class=\"elementor-button-wrapper\">\n\t\t\t\t\t<a class=\"elementor-button elementor-button-link elementor-size-sm\" href=\"https:\/\/rentallorca.com\/de\/vermietung\/fincas-mallorca-c22e21\/\">\n\t\t\t\t\t\t<span class=\"elementor-button-content-wrapper\">\n\t\t\t\t\t\t\t\t\t<span class=\"elementor-button-text\">Bauernh\u00f6fe in Mallorca<\/span>\n\t\t\t\t\t<\/span>\n\t\t\t\t\t<\/a>\n\t\t\t\t<\/div>\n\t\t\t\t\t\t\t\t<\/div>\n\t\t\t\t<\/div>\n\t\t\t\t<\/div>\n\t\t\t\t\t<\/div>\n\t\t\t\t<\/div>\n\t\t\t\t<\/div>\n\t\t<\/div>\n\t\t\t\t\t\t<\/div>\n\t\t\t\t<\/div>\n\t\t\t\t\t<\/div>\n\t\t\t\t<\/div>\n\t\t\t\t<\/div>\n\t\t","protected":false},"excerpt":{"rendered":"<p>Wenn Sie dachten, Mallorca ende an den Postkartenstr\u00e4nden, ist das ein schwerwiegender Fehler. Mitten im Zentrum der Insel, wo die Mandelb\u00e4ume die Landschaft in ein Gem\u00e4lde verwandeln, verbirgt sich Vilafranca de Bonany, ein Ort, an dem die Zeit langsamer vergeht, die Gespr\u00e4che l\u00e4nger dauern und jeder Platz wie aus einem mallorquinischen M\u00e4rchen wirkt. Gegr\u00fcndet im [&hellip;]<\/p>\n","protected":false},"author":3,"featured_media":3482,"comment_status":"open","ping_status":"open","sticky":false,"template":"","format":"standard","meta":{"footnotes":""},"categories":[37],"tags":[],"class_list":["post-3612","post","type-post","status-publish","format-standard","has-post-thumbnail","hentry","category-reiseguide"],"yoast_head":"<!-- This site is optimized with the Yoast SEO plugin v27.5 - https:\/\/yoast.com\/product\/yoast-seo-wordpress\/ -->\n<title>Vilafranca de Bonany: Ein Dorf mit Seele im Herzen von Mallorca - Blog<\/title>\n<meta name=\"robots\" content=\"index, follow, max-snippet:-1, max-image-preview:large, max-video-preview:-1\" \/>\n<link rel=\"canonical\" href=\"https:\/\/rentallorca.com\/blog\/de\/vilafranca-de-bonany\/\" \/>\n<meta property=\"og:locale\" content=\"de_DE\" \/>\n<meta property=\"og:type\" content=\"article\" \/>\n<meta property=\"og:title\" content=\"Vilafranca de Bonany: Ein Dorf mit Seele im Herzen von Mallorca - Blog\" \/>\n<meta property=\"og:description\" content=\"Wenn Sie dachten, Mallorca ende an den Postkartenstr\u00e4nden, ist das ein schwerwiegender Fehler. Mitten im Zentrum der Insel, wo die Mandelb\u00e4ume die Landschaft in ein Gem\u00e4lde verwandeln, verbirgt sich Vilafranca de Bonany, ein Ort, an dem die Zeit langsamer vergeht, die Gespr\u00e4che l\u00e4nger dauern und jeder Platz wie aus einem mallorquinischen M\u00e4rchen wirkt. Gegr\u00fcndet im [&hellip;]\" \/>\n<meta property=\"og:url\" content=\"https:\/\/rentallorca.com\/blog\/de\/vilafranca-de-bonany\/\" \/>\n<meta property=\"og:site_name\" content=\"Blog\" \/>\n<meta property=\"article:published_time\" content=\"2026-01-15T08:02:52+00:00\" \/>\n<meta property=\"article:modified_time\" content=\"2026-01-27T13:33:36+00:00\" \/>\n<meta property=\"og:image\" content=\"https:\/\/rentallorca.com\/blog\/wp-content\/uploads\/2026\/01\/Vilafranca-de-bonany.jpg\" \/>\n\t<meta property=\"og:image:width\" content=\"1920\" \/>\n\t<meta property=\"og:image:height\" content=\"911\" \/>\n\t<meta property=\"og:image:type\" content=\"image\/jpeg\" \/>\n<meta name=\"author\" content=\"Axel\" \/>\n<meta name=\"twitter:card\" content=\"summary_large_image\" \/>\n<meta name=\"twitter:label1\" content=\"Written by\" \/>\n\t<meta name=\"twitter:data1\" content=\"Axel\" \/>\n\t<meta name=\"twitter:label2\" content=\"Est. reading time\" \/>\n\t<meta name=\"twitter:data2\" content=\"6 minutes\" \/>\n<script type=\"application\/ld+json\" class=\"yoast-schema-graph\">{\"@context\":\"https:\\\/\\\/schema.org\",\"@graph\":[{\"@type\":\"Article\",\"@id\":\"https:\\\/\\\/rentallorca.com\\\/blog\\\/de\\\/vilafranca-de-bonany\\\/#article\",\"isPartOf\":{\"@id\":\"https:\\\/\\\/rentallorca.com\\\/blog\\\/de\\\/vilafranca-de-bonany\\\/\"},\"author\":{\"name\":\"Axel\",\"@id\":\"https:\\\/\\\/rentallorca.com\\\/blog\\\/de\\\/#\\\/schema\\\/person\\\/8c5ebe5bf8d43e9757ab6869e1d4cbe4\"},\"headline\":\"Vilafranca de Bonany: Ein Dorf mit Seele im Herzen von Mallorca\",\"datePublished\":\"2026-01-15T08:02:52+00:00\",\"dateModified\":\"2026-01-27T13:33:36+00:00\",\"mainEntityOfPage\":{\"@id\":\"https:\\\/\\\/rentallorca.com\\\/blog\\\/de\\\/vilafranca-de-bonany\\\/\"},\"wordCount\":1134,\"commentCount\":0,\"image\":{\"@id\":\"https:\\\/\\\/rentallorca.com\\\/blog\\\/de\\\/vilafranca-de-bonany\\\/#primaryimage\"},\"thumbnailUrl\":\"https:\\\/\\\/rentallorca.com\\\/blog\\\/wp-content\\\/uploads\\\/2026\\\/01\\\/Vilafranca-de-bonany.jpg\",\"articleSection\":[\"Reiseguide\"],\"inLanguage\":\"de\",\"potentialAction\":[{\"@type\":\"CommentAction\",\"name\":\"Comment\",\"target\":[\"https:\\\/\\\/rentallorca.com\\\/blog\\\/de\\\/vilafranca-de-bonany\\\/#respond\"]}]},{\"@type\":\"WebPage\",\"@id\":\"https:\\\/\\\/rentallorca.com\\\/blog\\\/de\\\/vilafranca-de-bonany\\\/\",\"url\":\"https:\\\/\\\/rentallorca.com\\\/blog\\\/de\\\/vilafranca-de-bonany\\\/\",\"name\":\"Vilafranca de Bonany: Ein Dorf mit Seele im Herzen von Mallorca - Blog\",\"isPartOf\":{\"@id\":\"https:\\\/\\\/rentallorca.com\\\/blog\\\/de\\\/#website\"},\"primaryImageOfPage\":{\"@id\":\"https:\\\/\\\/rentallorca.com\\\/blog\\\/de\\\/vilafranca-de-bonany\\\/#primaryimage\"},\"image\":{\"@id\":\"https:\\\/\\\/rentallorca.com\\\/blog\\\/de\\\/vilafranca-de-bonany\\\/#primaryimage\"},\"thumbnailUrl\":\"https:\\\/\\\/rentallorca.com\\\/blog\\\/wp-content\\\/uploads\\\/2026\\\/01\\\/Vilafranca-de-bonany.jpg\",\"datePublished\":\"2026-01-15T08:02:52+00:00\",\"dateModified\":\"2026-01-27T13:33:36+00:00\",\"author\":{\"@id\":\"https:\\\/\\\/rentallorca.com\\\/blog\\\/de\\\/#\\\/schema\\\/person\\\/8c5ebe5bf8d43e9757ab6869e1d4cbe4\"},\"breadcrumb\":{\"@id\":\"https:\\\/\\\/rentallorca.com\\\/blog\\\/de\\\/vilafranca-de-bonany\\\/#breadcrumb\"},\"inLanguage\":\"de\",\"potentialAction\":[{\"@type\":\"ReadAction\",\"target\":[\"https:\\\/\\\/rentallorca.com\\\/blog\\\/de\\\/vilafranca-de-bonany\\\/\"]}]},{\"@type\":\"ImageObject\",\"inLanguage\":\"de\",\"@id\":\"https:\\\/\\\/rentallorca.com\\\/blog\\\/de\\\/vilafranca-de-bonany\\\/#primaryimage\",\"url\":\"https:\\\/\\\/rentallorca.com\\\/blog\\\/wp-content\\\/uploads\\\/2026\\\/01\\\/Vilafranca-de-bonany.jpg\",\"contentUrl\":\"https:\\\/\\\/rentallorca.com\\\/blog\\\/wp-content\\\/uploads\\\/2026\\\/01\\\/Vilafranca-de-bonany.jpg\",\"width\":1920,\"height\":911,\"caption\":\"Vilafranca de bonany\"},{\"@type\":\"BreadcrumbList\",\"@id\":\"https:\\\/\\\/rentallorca.com\\\/blog\\\/de\\\/vilafranca-de-bonany\\\/#breadcrumb\",\"itemListElement\":[{\"@type\":\"ListItem\",\"position\":1,\"name\":\"Home\",\"item\":\"https:\\\/\\\/rentallorca.com\\\/blog\\\/de\\\/\"},{\"@type\":\"ListItem\",\"position\":2,\"name\":\"Vilafranca de Bonany: Ein Dorf mit Seele im Herzen von Mallorca\"}]},{\"@type\":\"WebSite\",\"@id\":\"https:\\\/\\\/rentallorca.com\\\/blog\\\/de\\\/#website\",\"url\":\"https:\\\/\\\/rentallorca.com\\\/blog\\\/de\\\/\",\"name\":\"Blog\",\"description\":\"Rentallorca\",\"potentialAction\":[{\"@type\":\"SearchAction\",\"target\":{\"@type\":\"EntryPoint\",\"urlTemplate\":\"https:\\\/\\\/rentallorca.com\\\/blog\\\/de\\\/?s={search_term_string}\"},\"query-input\":{\"@type\":\"PropertyValueSpecification\",\"valueRequired\":true,\"valueName\":\"search_term_string\"}}],\"inLanguage\":\"de\"},{\"@type\":\"Person\",\"@id\":\"https:\\\/\\\/rentallorca.com\\\/blog\\\/de\\\/#\\\/schema\\\/person\\\/8c5ebe5bf8d43e9757ab6869e1d4cbe4\",\"name\":\"Axel\",\"image\":{\"@type\":\"ImageObject\",\"inLanguage\":\"de\",\"@id\":\"https:\\\/\\\/secure.gravatar.com\\\/avatar\\\/3bd706736e5b70f21f05f6c2d5cad746767782a4ba4b7df399c5969e2a9318fd?s=96&d=mm&r=g\",\"url\":\"https:\\\/\\\/secure.gravatar.com\\\/avatar\\\/3bd706736e5b70f21f05f6c2d5cad746767782a4ba4b7df399c5969e2a9318fd?s=96&d=mm&r=g\",\"contentUrl\":\"https:\\\/\\\/secure.gravatar.com\\\/avatar\\\/3bd706736e5b70f21f05f6c2d5cad746767782a4ba4b7df399c5969e2a9318fd?s=96&d=mm&r=g\",\"caption\":\"Axel\"},\"url\":\"https:\\\/\\\/rentallorca.com\\\/blog\\\/de\\\/author\\\/axel\\\/\"}]}<\/script>\n<!-- \/ Yoast SEO plugin. -->","yoast_head_json":{"title":"Vilafranca de Bonany: Ein Dorf mit Seele im Herzen von Mallorca - Blog","robots":{"index":"index","follow":"follow","max-snippet":"max-snippet:-1","max-image-preview":"max-image-preview:large","max-video-preview":"max-video-preview:-1"},"canonical":"https:\/\/rentallorca.com\/blog\/de\/vilafranca-de-bonany\/","og_locale":"de_DE","og_type":"article","og_title":"Vilafranca de Bonany: Ein Dorf mit Seele im Herzen von Mallorca - Blog","og_description":"Wenn Sie dachten, Mallorca ende an den Postkartenstr\u00e4nden, ist das ein schwerwiegender Fehler. Mitten im Zentrum der Insel, wo die Mandelb\u00e4ume die Landschaft in ein Gem\u00e4lde verwandeln, verbirgt sich Vilafranca de Bonany, ein Ort, an dem die Zeit langsamer vergeht, die Gespr\u00e4che l\u00e4nger dauern und jeder Platz wie aus einem mallorquinischen M\u00e4rchen wirkt. Gegr\u00fcndet im [&hellip;]","og_url":"https:\/\/rentallorca.com\/blog\/de\/vilafranca-de-bonany\/","og_site_name":"Blog","article_published_time":"2026-01-15T08:02:52+00:00","article_modified_time":"2026-01-27T13:33:36+00:00","og_image":[{"width":1920,"height":911,"url":"https:\/\/rentallorca.com\/blog\/wp-content\/uploads\/2026\/01\/Vilafranca-de-bonany.jpg","type":"image\/jpeg"}],"author":"Axel","twitter_card":"summary_large_image","twitter_misc":{"Written by":"Axel","Est. reading time":"6 minutes"},"schema":{"@context":"https:\/\/schema.org","@graph":[{"@type":"Article","@id":"https:\/\/rentallorca.com\/blog\/de\/vilafranca-de-bonany\/#article","isPartOf":{"@id":"https:\/\/rentallorca.com\/blog\/de\/vilafranca-de-bonany\/"},"author":{"name":"Axel","@id":"https:\/\/rentallorca.com\/blog\/de\/#\/schema\/person\/8c5ebe5bf8d43e9757ab6869e1d4cbe4"},"headline":"Vilafranca de Bonany: Ein Dorf mit Seele im Herzen von Mallorca","datePublished":"2026-01-15T08:02:52+00:00","dateModified":"2026-01-27T13:33:36+00:00","mainEntityOfPage":{"@id":"https:\/\/rentallorca.com\/blog\/de\/vilafranca-de-bonany\/"},"wordCount":1134,"commentCount":0,"image":{"@id":"https:\/\/rentallorca.com\/blog\/de\/vilafranca-de-bonany\/#primaryimage"},"thumbnailUrl":"https:\/\/rentallorca.com\/blog\/wp-content\/uploads\/2026\/01\/Vilafranca-de-bonany.jpg","articleSection":["Reiseguide"],"inLanguage":"de","potentialAction":[{"@type":"CommentAction","name":"Comment","target":["https:\/\/rentallorca.com\/blog\/de\/vilafranca-de-bonany\/#respond"]}]},{"@type":"WebPage","@id":"https:\/\/rentallorca.com\/blog\/de\/vilafranca-de-bonany\/","url":"https:\/\/rentallorca.com\/blog\/de\/vilafranca-de-bonany\/","name":"Vilafranca de Bonany: Ein Dorf mit Seele im Herzen von Mallorca - Blog","isPartOf":{"@id":"https:\/\/rentallorca.com\/blog\/de\/#website"},"primaryImageOfPage":{"@id":"https:\/\/rentallorca.com\/blog\/de\/vilafranca-de-bonany\/#primaryimage"},"image":{"@id":"https:\/\/rentallorca.com\/blog\/de\/vilafranca-de-bonany\/#primaryimage"},"thumbnailUrl":"https:\/\/rentallorca.com\/blog\/wp-content\/uploads\/2026\/01\/Vilafranca-de-bonany.jpg","datePublished":"2026-01-15T08:02:52+00:00","dateModified":"2026-01-27T13:33:36+00:00","author":{"@id":"https:\/\/rentallorca.com\/blog\/de\/#\/schema\/person\/8c5ebe5bf8d43e9757ab6869e1d4cbe4"},"breadcrumb":{"@id":"https:\/\/rentallorca.com\/blog\/de\/vilafranca-de-bonany\/#breadcrumb"},"inLanguage":"de","potentialAction":[{"@type":"ReadAction","target":["https:\/\/rentallorca.com\/blog\/de\/vilafranca-de-bonany\/"]}]},{"@type":"ImageObject","inLanguage":"de","@id":"https:\/\/rentallorca.com\/blog\/de\/vilafranca-de-bonany\/#primaryimage","url":"https:\/\/rentallorca.com\/blog\/wp-content\/uploads\/2026\/01\/Vilafranca-de-bonany.jpg","contentUrl":"https:\/\/rentallorca.com\/blog\/wp-content\/uploads\/2026\/01\/Vilafranca-de-bonany.jpg","width":1920,"height":911,"caption":"Vilafranca de bonany"},{"@type":"BreadcrumbList","@id":"https:\/\/rentallorca.com\/blog\/de\/vilafranca-de-bonany\/#breadcrumb","itemListElement":[{"@type":"ListItem","position":1,"name":"Home","item":"https:\/\/rentallorca.com\/blog\/de\/"},{"@type":"ListItem","position":2,"name":"Vilafranca de Bonany: Ein Dorf mit Seele im Herzen von Mallorca"}]},{"@type":"WebSite","@id":"https:\/\/rentallorca.com\/blog\/de\/#website","url":"https:\/\/rentallorca.com\/blog\/de\/","name":"Blog","description":"Rentallorca","potentialAction":[{"@type":"SearchAction","target":{"@type":"EntryPoint","urlTemplate":"https:\/\/rentallorca.com\/blog\/de\/?s={search_term_string}"},"query-input":{"@type":"PropertyValueSpecification","valueRequired":true,"valueName":"search_term_string"}}],"inLanguage":"de"},{"@type":"Person","@id":"https:\/\/rentallorca.com\/blog\/de\/#\/schema\/person\/8c5ebe5bf8d43e9757ab6869e1d4cbe4","name":"Axel","image":{"@type":"ImageObject","inLanguage":"de","@id":"https:\/\/secure.gravatar.com\/avatar\/3bd706736e5b70f21f05f6c2d5cad746767782a4ba4b7df399c5969e2a9318fd?s=96&d=mm&r=g","url":"https:\/\/secure.gravatar.com\/avatar\/3bd706736e5b70f21f05f6c2d5cad746767782a4ba4b7df399c5969e2a9318fd?s=96&d=mm&r=g","contentUrl":"https:\/\/secure.gravatar.com\/avatar\/3bd706736e5b70f21f05f6c2d5cad746767782a4ba4b7df399c5969e2a9318fd?s=96&d=mm&r=g","caption":"Axel"},"url":"https:\/\/rentallorca.com\/blog\/de\/author\/axel\/"}]}},"_links":{"self":[{"href":"https:\/\/rentallorca.com\/blog\/de\/wp-json\/wp\/v2\/posts\/3612","targetHints":{"allow":["GET"]}}],"collection":[{"href":"https:\/\/rentallorca.com\/blog\/de\/wp-json\/wp\/v2\/posts"}],"about":[{"href":"https:\/\/rentallorca.com\/blog\/de\/wp-json\/wp\/v2\/types\/post"}],"author":[{"embeddable":true,"href":"https:\/\/rentallorca.com\/blog\/de\/wp-json\/wp\/v2\/users\/3"}],"replies":[{"embeddable":true,"href":"https:\/\/rentallorca.com\/blog\/de\/wp-json\/wp\/v2\/comments?post=3612"}],"version-history":[{"count":1,"href":"https:\/\/rentallorca.com\/blog\/de\/wp-json\/wp\/v2\/posts\/3612\/revisions"}],"predecessor-version":[{"id":3613,"href":"https:\/\/rentallorca.com\/blog\/de\/wp-json\/wp\/v2\/posts\/3612\/revisions\/3613"}],"wp:featuredmedia":[{"embeddable":true,"href":"https:\/\/rentallorca.com\/blog\/de\/wp-json\/wp\/v2\/media\/3482"}],"wp:attachment":[{"href":"https:\/\/rentallorca.com\/blog\/de\/wp-json\/wp\/v2\/media?parent=3612"}],"wp:term":[{"taxonomy":"category","embeddable":true,"href":"https:\/\/rentallorca.com\/blog\/de\/wp-json\/wp\/v2\/categories?post=3612"},{"taxonomy":"post_tag","embeddable":true,"href":"https:\/\/rentallorca.com\/blog\/de\/wp-json\/wp\/v2\/tags?post=3612"}],"curies":[{"name":"wp","href":"https:\/\/api.w.org\/{rel}","templated":true}]}}