{"id":3606,"date":"2026-01-14T10:54:23","date_gmt":"2026-01-14T10:54:23","guid":{"rendered":"https:\/\/rentallorca.com\/blog\/?p=3606"},"modified":"2026-01-27T13:34:02","modified_gmt":"2026-01-27T13:34:02","slug":"mallorca-im-februar","status":"publish","type":"post","link":"https:\/\/rentallorca.com\/blog\/de\/mallorca-im-februar\/","title":{"rendered":"Lohnt sich ein Besuch auf Mallorca im Februar? Die Antwort wird Sie vielleicht \u00fcberraschen"},"content":{"rendered":"\t\t<div data-elementor-type=\"wp-post\" data-elementor-id=\"3606\" class=\"elementor elementor-3606 elementor-3460\" data-elementor-post-type=\"post\">\n\t\t\t\t<div class=\"elementor-element elementor-element-7afe9533 e-flex e-con-boxed e-con e-parent\" data-id=\"7afe9533\" data-element_type=\"container\" data-e-type=\"container\">\n\t\t\t\t\t<div class=\"e-con-inner\">\n\t\t\t\t<div class=\"elementor-element elementor-element-45dff9ed elementor-widget elementor-widget-text-editor\" data-id=\"45dff9ed\" data-element_type=\"widget\" data-e-type=\"widget\" data-widget_type=\"text-editor.default\">\n\t\t\t\t<div class=\"elementor-widget-container\">\n\t\t\t\t\t\t\t\t\t<p><span style=\"font-weight: 400;\">Viele Orte kann man nur im Sommer genie\u00dfen. Zum Gl\u00fcck gibt es Mallorca, das im Februar beweist, dass das Mittelmeer auch im Winter seinen Reiz hat. Wenn Sie dachten, die Insel bietet nur Strand und Sonne, dann bereiten Sie sich auf all die   <\/span><b>\u00dcberraschungen vor, die die Insel im Februar bereith\u00e4lt<\/b><span style=\"font-weight: 400;\"> (und das ohne Menschenmassen).<\/span><\/p><p><span style=\"font-weight: 400;\">Fernab vom sommerlichen Trubel zeigt sich Mallorca im Februar von seiner<\/span><b> ruhigsten Seite<\/b><span style=\"font-weight: 400;\">. Die goldenen Sonnenunterg\u00e4nge, der Duft bl\u00fchender Mandelb\u00e4ume und die W\u00e4rme der Sonne, die durch die Orangenb\u00e4ume scheint, machen die Insel zu einem perfekten Zufluchtsort. Es ist dieser Monat,  <\/span><b>ideal zum Spazierengehen ohne Hitze<\/b><span style=\"font-weight: 400;\">, um D\u00f6rfer ohne Eile zu erkunden und ein Mallorca zu entdecken, das man im Sommer nicht kennenlernt. Lesen Sie weiter! <\/span><\/p>\t\t\t\t\t\t\t\t<\/div>\n\t\t\t\t<\/div>\n\t\t\t\t\t<\/div>\n\t\t\t\t<\/div>\n\t\t<div class=\"elementor-element elementor-element-1898ef54 e-flex e-con-boxed e-con e-parent\" data-id=\"1898ef54\" data-element_type=\"container\" data-e-type=\"container\">\n\t\t\t\t\t<div class=\"e-con-inner\">\n\t\t\t\t<div class=\"elementor-element elementor-element-731e172 elementor-widget elementor-widget-table-of-contents\" data-id=\"731e172\" data-element_type=\"widget\" data-e-type=\"widget\" data-settings=\"{&quot;headings_by_tags&quot;:[&quot;h2&quot;,&quot;h3&quot;],&quot;exclude_headings_by_selector&quot;:[],&quot;marker_view&quot;:&quot;bullets&quot;,&quot;icon&quot;:{&quot;value&quot;:&quot;&quot;,&quot;library&quot;:&quot;&quot;},&quot;no_headings_message&quot;:&quot;No headings were found on this page.&quot;,&quot;hierarchical_view&quot;:&quot;yes&quot;,&quot;min_height&quot;:{&quot;unit&quot;:&quot;px&quot;,&quot;size&quot;:&quot;&quot;,&quot;sizes&quot;:[]},&quot;min_height_tablet&quot;:{&quot;unit&quot;:&quot;px&quot;,&quot;size&quot;:&quot;&quot;,&quot;sizes&quot;:[]},&quot;min_height_mobile&quot;:{&quot;unit&quot;:&quot;px&quot;,&quot;size&quot;:&quot;&quot;,&quot;sizes&quot;:[]}}\" data-widget_type=\"table-of-contents.default\">\n\t\t\t\t<div class=\"elementor-widget-container\">\n\t\t\t\t\t\t\t\t\t<div class=\"elementor-toc__header\">\n\t\t\t\t\t\t<div class=\"elementor-toc__header-title\">\n\t\t\t\tInhalte\t\t\t<\/div>\n\t\t\t\t\t\t\t\t<\/div>\n\t\t\t\t<div id=\"elementor-toc__731e172\" class=\"elementor-toc__body\">\n\t\t\t<div class=\"elementor-toc__spinner-container\">\n\t\t\t\t<svg class=\"elementor-toc__spinner eicon-animation-spin e-font-icon-svg e-eicon-loading\" aria-hidden=\"true\" viewBox=\"0 0 1000 1000\" xmlns=\"http:\/\/www.w3.org\/2000\/svg\"><path d=\"M500 975V858C696 858 858 696 858 500S696 142 500 142 142 304 142 500H25C25 237 238 25 500 25S975 237 975 500 763 975 500 975Z\"><\/path><\/svg>\t\t\t<\/div>\n\t\t<\/div>\n\t\t\t\t\t\t<\/div>\n\t\t\t\t<\/div>\n\t\t\t\t\t<\/div>\n\t\t\t\t<\/div>\n\t\t<div class=\"elementor-element elementor-element-638fada3 e-flex e-con-boxed e-con e-parent\" data-id=\"638fada3\" data-element_type=\"container\" data-e-type=\"container\">\n\t\t\t\t\t<div class=\"e-con-inner\">\n\t\t\t\t<div class=\"elementor-element elementor-element-690264d0 elementor-widget elementor-widget-heading\" data-id=\"690264d0\" data-element_type=\"widget\" data-e-type=\"widget\" data-widget_type=\"heading.default\">\n\t\t\t\t<div class=\"elementor-widget-container\">\n\t\t\t\t\t<h2 class=\"elementor-heading-title elementor-size-default\">Klima auf Mallorca im Februar: Temperaturen, Niederschl\u00e4ge und was Sie erwartet\n<\/h2>\t\t\t\t<\/div>\n\t\t\t\t<\/div>\n\t\t\t\t<div class=\"elementor-element elementor-element-46c4677c elementor-widget elementor-widget-text-editor\" data-id=\"46c4677c\" data-element_type=\"widget\" data-e-type=\"widget\" data-widget_type=\"text-editor.default\">\n\t\t\t\t<div class=\"elementor-widget-container\">\n\t\t\t\t\t\t\t\t\t<p><span style=\"font-weight: 400;\">Die Frage vor der Reise ist,<\/span><b> wie das Wetter auf der Insel im Februar sein wird<\/b><span style=\"font-weight: 400;\">, und die Antwort ist, dass es zwar nicht zum Baden geeignet ist, aber ein angenehmeres Klima bietet, als Sie sich vorstellen.<\/span> <\/p><p><span style=\"font-weight: 400;\">Die Temperaturen liegen zwischen<\/span><b> 9\u00baC und 16\u00baC<\/b><span style=\"font-weight: 400;\">, mit sonnigen Tagen und anderen, die etwas k\u00fchler sind. Es kann gelegentlich regnen, aber viele Tage sind strahlend blau, und obwohl die Mittelmeerbrise weht, hat man immer noch Lust auf eine Terrasse. <\/span><\/p><p><span style=\"font-weight: 400;\">In Palma de Mallorca im Februar sind die Caf\u00e9s vor dem Hafen oder der Promenade immer noch belebt, nur ohne Warteschlangen oder Stress. Es ist der <\/span> <b>perfekte Moment, um die Stadt zu entdecken<\/b><span style=\"font-weight: 400;\">, wie es die Einheimischen tun, mit einem leichten Trenchcoat, einer Sonnenbrille und vielleicht einem \u201epa amb oli\u201c auf dem Tisch.<\/span><\/p><p><span style=\"font-weight: 400;\">Und wenn Sie sich Sorgen wegen der n\u00e4chtlichen K\u00e4lte machen, bringen Sie eine Jacke oder einen Pullover mit. Das Geheimnis dieses Klimas liegt darin,  <\/span><b>sich in Schichten zu kleiden<\/b><span style=\"font-weight: 400;\">, denn Mallorca kann einen fr\u00fchlingshaften Morgen, eine fast sommerliche Siesta und einen Sonnenuntergang mit einer leichten Decke bieten.<\/span><\/p>\t\t\t\t\t\t\t\t<\/div>\n\t\t\t\t<\/div>\n\t\t\t\t<div class=\"elementor-element elementor-element-c5e19ca elementor-widget elementor-widget-image\" data-id=\"c5e19ca\" data-element_type=\"widget\" data-e-type=\"widget\" data-widget_type=\"image.default\">\n\t\t\t\t<div class=\"elementor-widget-container\">\n\t\t\t\t\t\t\t\t\t\t\t\t\t\t\t<img fetchpriority=\"high\" decoding=\"async\" width=\"1271\" height=\"635\" src=\"https:\/\/rentallorca.com\/blog\/wp-content\/uploads\/2026\/01\/el-tiempo-en-mallorca-febrero.jpg\" class=\"attachment-full size-full wp-image-3497\" alt=\"\" srcset=\"https:\/\/rentallorca.com\/blog\/wp-content\/uploads\/2026\/01\/el-tiempo-en-mallorca-febrero.jpg 1271w, https:\/\/rentallorca.com\/blog\/wp-content\/uploads\/2026\/01\/el-tiempo-en-mallorca-febrero-300x150.jpg 300w, https:\/\/rentallorca.com\/blog\/wp-content\/uploads\/2026\/01\/el-tiempo-en-mallorca-febrero-1024x512.jpg 1024w, https:\/\/rentallorca.com\/blog\/wp-content\/uploads\/2026\/01\/el-tiempo-en-mallorca-febrero-768x384.jpg 768w\" sizes=\"(max-width: 1271px) 100vw, 1271px\" \/>\t\t\t\t\t\t\t\t\t\t\t\t\t\t\t<\/div>\n\t\t\t\t<\/div>\n\t\t\t\t\t<\/div>\n\t\t\t\t<\/div>\n\t\t<div class=\"elementor-element elementor-element-aa42251 e-flex e-con-boxed e-con e-parent\" data-id=\"aa42251\" data-element_type=\"container\" data-e-type=\"container\">\n\t\t\t\t\t<div class=\"e-con-inner\">\n\t\t\t\t<div class=\"elementor-element elementor-element-fbc66b1 elementor-widget elementor-widget-heading\" data-id=\"fbc66b1\" data-element_type=\"widget\" data-e-type=\"widget\" data-widget_type=\"heading.default\">\n\t\t\t\t<div class=\"elementor-widget-container\">\n\t\t\t\t\t<h2 class=\"elementor-heading-title elementor-size-default\">Was man im Februar auf Mallorca unternehmen kann: Pl\u00e4ne f\u00fcr jeden Geschmack\n<\/h2>\t\t\t\t<\/div>\n\t\t\t\t<\/div>\n\t\t\t\t<div class=\"elementor-element elementor-element-1373728 elementor-widget elementor-widget-text-editor\" data-id=\"1373728\" data-element_type=\"widget\" data-e-type=\"widget\" data-widget_type=\"text-editor.default\">\n\t\t\t\t<div class=\"elementor-widget-container\">\n\t\t\t\t\t\t\t\t\t<p><span style=\"font-weight: 400;\">Es gibt viele Gr\u00fcnde, im Februar nach Mallorca zu reisen. Sie werden <\/span> <b>gute Temperaturen f\u00fcr Routen und Ausfl\u00fcge<\/b><span style=\"font-weight: 400;\">, eine lokale Atmosph\u00e4re ohne Gedr\u00e4nge und sogar freundlichere Preise finden.<\/span><\/p><p><span style=\"font-weight: 400;\">Palma zum Beispiel ist ein Juwel, das man in diesem Monat wiederentdecken kann. Sie k\u00f6nnen den Tag mit einem Besuch der  <\/span><b>Kathedrale La Seu<\/b><span style=\"font-weight: 400;\">beginnen, deren winterliches Licht durch die Glasfenster dringt und ein Farbenspiel im Inneren des Tempels erzeugt. Danach ein Spaziergang durch die  <\/span><b>Altstadt von Palma<\/b><span style=\"font-weight: 400;\">, voller herrschaftlicher Innenh\u00f6fe, Kunsthandwerksl\u00e4den und gem\u00fctlicher Caf\u00e9s.<\/span><\/p><p><span style=\"font-weight: 400;\">Wenn Sie eher ein Naturliebhaber sind, bietet der Norden der Insel eine spektakul\u00e4re Landschaft der<\/span><b> Sierra de Tramuntana<\/b><span style=\"font-weight: 400;\">. Die D\u00f6rfer <\/span><b>Valldemossa, Dei\u00e0 oder S\u00f3ller<\/b><span style=\"font-weight: 400;\"> erstrahlen in einer Ruhe, die im Sommer undenkbar erscheint. Ihre gepflasterten Stra\u00dfen, die Caf\u00e9s mit Kamin und der Duft von frisch gebackenem Brot machen die Reise unvergesslich. <\/span><\/p>\t\t\t\t\t\t\t\t<\/div>\n\t\t\t\t<\/div>\n\t\t\t\t<div class=\"elementor-element elementor-element-431b1f0 elementor-widget elementor-widget-image\" data-id=\"431b1f0\" data-element_type=\"widget\" data-e-type=\"widget\" data-widget_type=\"image.default\">\n\t\t\t\t<div class=\"elementor-widget-container\">\n\t\t\t\t\t\t\t\t\t\t\t\t\t\t\t<img decoding=\"async\" width=\"1254\" height=\"627\" src=\"https:\/\/rentallorca.com\/blog\/wp-content\/uploads\/2026\/01\/palma-de-mallorca-en-febrero.jpg\" class=\"attachment-full size-full wp-image-3507\" alt=\"\" srcset=\"https:\/\/rentallorca.com\/blog\/wp-content\/uploads\/2026\/01\/palma-de-mallorca-en-febrero.jpg 1254w, https:\/\/rentallorca.com\/blog\/wp-content\/uploads\/2026\/01\/palma-de-mallorca-en-febrero-300x150.jpg 300w, https:\/\/rentallorca.com\/blog\/wp-content\/uploads\/2026\/01\/palma-de-mallorca-en-febrero-1024x512.jpg 1024w, https:\/\/rentallorca.com\/blog\/wp-content\/uploads\/2026\/01\/palma-de-mallorca-en-febrero-768x384.jpg 768w\" sizes=\"(max-width: 1254px) 100vw, 1254px\" \/>\t\t\t\t\t\t\t\t\t\t\t\t\t\t\t<\/div>\n\t\t\t\t<\/div>\n\t\t\t\t\t<\/div>\n\t\t\t\t<\/div>\n\t\t<div class=\"elementor-element elementor-element-f502e11 e-flex e-con-boxed e-con e-parent\" data-id=\"f502e11\" data-element_type=\"container\" data-e-type=\"container\">\n\t\t\t\t\t<div class=\"e-con-inner\">\n\t\t\t\t<div class=\"elementor-element elementor-element-a8191b7 elementor-widget elementor-widget-heading\" data-id=\"a8191b7\" data-element_type=\"widget\" data-e-type=\"widget\" data-widget_type=\"heading.default\">\n\t\t\t\t<div class=\"elementor-widget-container\">\n\t\t\t\t\t<h2 class=\"elementor-heading-title elementor-size-default\">Str\u00e4nde, Routen und Landschaften, die man auch im Winter genie\u00dfen kann\n<\/h2>\t\t\t\t<\/div>\n\t\t\t\t<\/div>\n\t\t\t\t<div class=\"elementor-element elementor-element-2e8398e elementor-widget elementor-widget-text-editor\" data-id=\"2e8398e\" data-element_type=\"widget\" data-e-type=\"widget\" data-widget_type=\"text-editor.default\">\n\t\t\t\t<div class=\"elementor-widget-container\">\n\t\t\t\t\t\t\t\t\t<p><span style=\"font-weight: 400;\">Es gibt<\/span><b> eine Vielzahl von Orten, die im Winter einen besonderen Charme haben<\/b><span style=\"font-weight: 400;\"> und die Ihnen ohne touristische Menschenmassen zur Verf\u00fcgung stehen.<\/span><\/p>\t\t\t\t\t\t\t\t<\/div>\n\t\t\t\t<\/div>\n\t\t\t\t\t<\/div>\n\t\t\t\t<\/div>\n\t\t<div class=\"elementor-element elementor-element-2ad9af71 e-flex e-con-boxed e-con e-parent\" data-id=\"2ad9af71\" data-element_type=\"container\" data-e-type=\"container\">\n\t\t\t\t\t<div class=\"e-con-inner\">\n\t\t\t\t<div class=\"elementor-element elementor-element-112bc1b elementor-widget elementor-widget-heading\" data-id=\"112bc1b\" data-element_type=\"widget\" data-e-type=\"widget\" data-widget_type=\"heading.default\">\n\t\t\t\t<div class=\"elementor-widget-container\">\n\t\t\t\t\t<h3 class=\"elementor-heading-title elementor-size-default\">Spazierg\u00e4nge an der K\u00fcste ohne Menschenmassen\n<\/h3>\t\t\t\t<\/div>\n\t\t\t\t<\/div>\n\t\t\t\t<div class=\"elementor-element elementor-element-4fb61157 elementor-widget elementor-widget-text-editor\" data-id=\"4fb61157\" data-element_type=\"widget\" data-e-type=\"widget\" data-widget_type=\"text-editor.default\">\n\t\t\t\t<div class=\"elementor-widget-container\">\n\t\t\t\t\t\t\t\t\t<p><span style=\"font-weight: 400;\">Auch im Februar k\u00f6nnen Sie die Str\u00e4nde Mallorcas genie\u00dfen, nur in einer ruhigeren Version, ohne Handt\u00fccher oder Sonnenschirme, aber<\/span><b> mit dem blauen Meer, das auf Sie wartet.<\/b><\/p><p><span style=\"font-weight: 400;\">Orte wie<\/span><b> Es Trenc, Cala Mondrag\u00f3 oder Platja de Muro<\/b><span style=\"font-weight: 400;\"> sind perfekt, um spazieren zu gehen, den Wellen zu lauschen und die frische Luft zu atmen. Au\u00dferdem hat das Winterlicht eine besondere Magie, bei der das Meer transparenter und die Sonnenunterg\u00e4nge fotogener erscheinen. <\/span><\/p>\t\t\t\t\t\t\t\t<\/div>\n\t\t\t\t<\/div>\n\t\t\t\t\t<\/div>\n\t\t\t\t<\/div>\n\t\t<div class=\"elementor-element elementor-element-2186248 e-flex e-con-boxed e-con e-parent\" data-id=\"2186248\" data-element_type=\"container\" data-e-type=\"container\">\n\t\t\t\t\t<div class=\"e-con-inner\">\n\t\t\t\t<div class=\"elementor-element elementor-element-0f8980c elementor-widget elementor-widget-heading\" data-id=\"0f8980c\" data-element_type=\"widget\" data-e-type=\"widget\" data-widget_type=\"heading.default\">\n\t\t\t\t<div class=\"elementor-widget-container\">\n\t\t\t\t\t<h3 class=\"elementor-heading-title elementor-size-default\">Wanderrouten in der Serra de Tramuntana\n<\/h3>\t\t\t\t<\/div>\n\t\t\t\t<\/div>\n\t\t\t\t<div class=\"elementor-element elementor-element-9e7c0d6 elementor-widget elementor-widget-text-editor\" data-id=\"9e7c0d6\" data-element_type=\"widget\" data-e-type=\"widget\" data-widget_type=\"text-editor.default\">\n\t\t\t\t<div class=\"elementor-widget-container\">\n\t\t\t\t\t\t\t\t\t<p><span style=\"font-weight: 400;\">Wenn es eine perfekte Jahreszeit gibt, um die<\/span><b> Serra de Tramuntana zu entdecken<\/b><span style=\"font-weight: 400;\"> dann ist es diese. Ohne die erdr\u00fcckende Sommerhitze lassen sich die Wege in Ruhe begehen und die Aussicht ohne Schwei\u00df genie\u00dfen. <\/span><\/p><p><span style=\"font-weight: 400;\">Der<\/span><b> Cam\u00ed de s\u2019Arxiduc oder die Route von Sa Calobra<\/b> <span style=\"font-weight: 400;\">sind gro\u00dfartige Optionen f\u00fcr Wanderer, die sich unm\u00f6gliche Aussichten w\u00fcnschen. Sie k\u00f6nnen auch den  <\/span><b>Puig de Massanella<\/b><span style=\"font-weight: 400;\">, den zweith\u00f6chsten Gipfel der Insel, erkunden, mit einer Landschaft, die Felsen, Kiefern und Meer am Horizont abwechselt.<\/span><\/p><p><span style=\"font-weight: 400;\">Und wenn Sie es etwas entspannter m\u00f6gen,<\/span><b> reicht ein Spaziergang durch die Steineichenw\u00e4lder oder die bl\u00fchenden Mandelb\u00e4ume<\/b><span style=\"font-weight: 400;\">, die im Februar die T\u00e4ler wei\u00df und rosa f\u00e4rben. Es ist eines der sch\u00f6nsten Naturschauspiele des Mittelmeers. <\/span><\/p>\t\t\t\t\t\t\t\t<\/div>\n\t\t\t\t<\/div>\n\t\t\t\t<div class=\"elementor-element elementor-element-45a6e7c elementor-widget elementor-widget-image\" data-id=\"45a6e7c\" data-element_type=\"widget\" data-e-type=\"widget\" data-widget_type=\"image.default\">\n\t\t\t\t<div class=\"elementor-widget-container\">\n\t\t\t\t\t\t\t\t\t\t\t\t\t\t\t<img decoding=\"async\" width=\"1254\" height=\"627\" src=\"https:\/\/rentallorca.com\/blog\/wp-content\/uploads\/2026\/01\/Sierra-tramuntana-mallorca-febrero.jpg\" class=\"attachment-full size-full wp-image-3504\" alt=\"\" srcset=\"https:\/\/rentallorca.com\/blog\/wp-content\/uploads\/2026\/01\/Sierra-tramuntana-mallorca-febrero.jpg 1254w, https:\/\/rentallorca.com\/blog\/wp-content\/uploads\/2026\/01\/Sierra-tramuntana-mallorca-febrero-300x150.jpg 300w, https:\/\/rentallorca.com\/blog\/wp-content\/uploads\/2026\/01\/Sierra-tramuntana-mallorca-febrero-1024x512.jpg 1024w, https:\/\/rentallorca.com\/blog\/wp-content\/uploads\/2026\/01\/Sierra-tramuntana-mallorca-febrero-768x384.jpg 768w\" sizes=\"(max-width: 1254px) 100vw, 1254px\" \/>\t\t\t\t\t\t\t\t\t\t\t\t\t\t\t<\/div>\n\t\t\t\t<\/div>\n\t\t\t\t\t<\/div>\n\t\t\t\t<\/div>\n\t\t<div class=\"elementor-element elementor-element-96620eb e-flex e-con-boxed e-con e-parent\" data-id=\"96620eb\" data-element_type=\"container\" data-e-type=\"container\">\n\t\t\t\t\t<div class=\"e-con-inner\">\n\t\t\t\t<div class=\"elementor-element elementor-element-4d77f51 elementor-widget elementor-widget-heading\" data-id=\"4d77f51\" data-element_type=\"widget\" data-e-type=\"widget\" data-widget_type=\"heading.default\">\n\t\t\t\t<div class=\"elementor-widget-container\">\n\t\t\t\t\t<h3 class=\"elementor-heading-title elementor-size-default\">Einzigartige Landschaften und m\u00e4rchenhafte D\u00f6rfer\n<\/h3>\t\t\t\t<\/div>\n\t\t\t\t<\/div>\n\t\t\t\t<div class=\"elementor-element elementor-element-477adb3 elementor-widget elementor-widget-text-editor\" data-id=\"477adb3\" data-element_type=\"widget\" data-e-type=\"widget\" data-widget_type=\"text-editor.default\">\n\t\t\t\t<div class=\"elementor-widget-container\">\n\t\t\t\t\t\t\t\t\t<p><span style=\"font-weight: 400;\">Die D\u00f6rfer im mallorquinischen Landesinneren sind im Winter purer Charme. <\/span><b>Alar\u00f3, Biniaraix oder Fornalutx <\/b><span style=\"font-weight: 400;\">scheinen in der Zeit stehen geblieben zu sein. Die Steinfassaden, die roten D\u00e4cher und der Rauch aus den Schornsteinen schaffen eine Atmosph\u00e4re, die jeden erobern kann, der ankommt. <\/span><\/p><p><span style=\"font-weight: 400;\">Au\u00dferdem ist der Februar ein perfekter Monat, um die Insel mit dem Auto ohne Staus oder Stress zu erkunden.<\/span><b> In wenigen Kilometern gelangen Sie vom Meer in die Berge<\/b><span style=\"font-weight: 400;\"> und von der l\u00e4ndlichen Ruhe zur Eleganz von Palma, alles in einem gem\u00e4chlichen Tempo und mit traumhaften Ausblicken.<\/span><\/p>\t\t\t\t\t\t\t\t<\/div>\n\t\t\t\t<\/div>\n\t\t\t\t\t<\/div>\n\t\t\t\t<\/div>\n\t\t<div class=\"elementor-element elementor-element-1253a0b1 e-flex e-con-boxed e-con e-parent\" data-id=\"1253a0b1\" data-element_type=\"container\" data-e-type=\"container\">\n\t\t\t\t\t<div class=\"e-con-inner\">\n\t\t\t\t<div class=\"elementor-element elementor-element-486363b4 elementor-widget elementor-widget-heading\" data-id=\"486363b4\" data-element_type=\"widget\" data-e-type=\"widget\" data-widget_type=\"heading.default\">\n\t\t\t\t<div class=\"elementor-widget-container\">\n\t\t\t\t\t<h2 class=\"elementor-heading-title elementor-size-default\">Veranstaltungen, Messen und kulturelle Angebote f\u00fcr diesen Monat\n<\/h2>\t\t\t\t<\/div>\n\t\t\t\t<\/div>\n\t\t\t\t<div class=\"elementor-element elementor-element-27189d3c elementor-widget elementor-widget-text-editor\" data-id=\"27189d3c\" data-element_type=\"widget\" data-e-type=\"widget\" data-widget_type=\"text-editor.default\">\n\t\t\t\t<div class=\"elementor-widget-container\">\n\t\t\t\t\t\t\t\t\t<p><span style=\"font-weight: 400;\">Der Kalender im Februar beginnt mit den<\/span><b> Festen von La Candelaria und San Blas<\/b><span style=\"font-weight: 400;\">, in D\u00f6rfern wie Sa Pobla oder Porreres, wo sich Tradition mit Musik und lokaler Gastronomie vermischt. Ebenfalls hervorzuheben ist der  <\/span><b>mallorquinische Karneval<\/b><span style=\"font-weight: 400;\"> mit seinen farbenfrohen Ruas und dem Humor, der die Stra\u00dfen von Palma und anderen Gemeinden \u00fcberflutet.<\/span><\/p><p><span style=\"font-weight: 400;\">Aber das vielleicht besonderste Ereignis ist die<\/span><b> Mandelbl\u00fcte<\/b><span style=\"font-weight: 400;\">. Mitte oder Ende Februar sind die Felder Mallorcas mit wei\u00dfen und rosafarbenen Bl\u00fcten bedeckt, wodurch eine so magische Landschaft entsteht, dass viele sie mit Schnee vergleichen. Sie k\u00f6nnen sie in Gebieten wie Bunyola, Sant Lloren\u00e7 des Cardassar oder der Umgebung von Inca genie\u00dfen. <\/span><\/p><p><span style=\"font-weight: 400;\">Und wenn Sie Kultur m\u00f6gen, hat das<\/span><b> Teatro Principal de Palma<\/b><span style=\"font-weight: 400;\"> immer ein Programm zu diesen Terminen, von Konzerten bis hin zu Opern. Die Museen, wie Es Baluard oder La Fundaci\u00f3n Mir\u00f3, sind auch ideale Begleiter f\u00fcr einen Nachmittag, der etwas k\u00fchler als gew\u00f6hnlich ist. <\/span><\/p>\t\t\t\t\t\t\t\t<\/div>\n\t\t\t\t<\/div>\n\t\t\t\t<div class=\"elementor-element elementor-element-fb069ac elementor-widget elementor-widget-image\" data-id=\"fb069ac\" data-element_type=\"widget\" data-e-type=\"widget\" data-widget_type=\"image.default\">\n\t\t\t\t<div class=\"elementor-widget-container\">\n\t\t\t\t\t\t\t\t\t\t\t\t\t\t\t<img decoding=\"async\" src=\"https:\/\/rentallorca.com\/blog\/wp-content\/uploads\/elementor\/thumbs\/carnaval-mallorca-rhon5rf1usgpuaqyglpiziisete35sqe1ytpqicfhs.jpg\" title=\"Dance of the little horses in Felanitx\" alt=\"Felanitx, Spain; august 27 2022: Patron saint festivities of Sant Agusti in the Majorcan town of Felanitx. Dance of the little horses in the square of the house of culture. Spain\" loading=\"lazy\" \/>\t\t\t\t\t\t\t\t\t\t\t\t\t\t\t<\/div>\n\t\t\t\t<\/div>\n\t\t\t\t\t<\/div>\n\t\t\t\t<\/div>\n\t\t<div class=\"elementor-element elementor-element-3f1c84a e-flex e-con-boxed e-con e-parent\" data-id=\"3f1c84a\" data-element_type=\"container\" data-e-type=\"container\">\n\t\t\t\t\t<div class=\"e-con-inner\">\n\t\t\t\t<div class=\"elementor-element elementor-element-8368504 elementor-widget elementor-widget-heading\" data-id=\"8368504\" data-element_type=\"widget\" data-e-type=\"widget\" data-widget_type=\"heading.default\">\n\t\t\t\t<div class=\"elementor-widget-container\">\n\t\t\t\t\t<h2 class=\"elementor-heading-title elementor-size-default\">Praktische Tipps f\u00fcr eine unbeschwerte Reise nach Mallorca im Februar\n<\/h2>\t\t\t\t<\/div>\n\t\t\t\t<\/div>\n\t\t\t\t<div class=\"elementor-element elementor-element-8161da7 elementor-widget elementor-widget-text-editor\" data-id=\"8161da7\" data-element_type=\"widget\" data-e-type=\"widget\" data-widget_type=\"text-editor.default\">\n\t\t\t\t<div class=\"elementor-widget-container\">\n\t\t\t\t\t\t\t\t\t<p><span style=\"font-weight: 400;\">Das Reisen im Februar hat seine Vorteile und einige Besonderheiten. Wir empfehlen Ihnen,  <\/span><b>ein Auto zu mieten<\/b><span style=\"font-weight: 400;\">, denn die Entfernungen sind in Ihrem eigenen Fahrzeug bequemer und Sie k\u00f6nnen in Ihrem eigenen Tempo fahren. Neben  <\/span><b>sich \u00fcber die \u00d6ffnungszeiten zu informieren<\/b><span style=\"font-weight: 400;\">, sei es von Restaurants oder Attraktionen, da diese in der Nebensaison ihre Aktivit\u00e4ten reduzieren k\u00f6nnen.<\/span><\/p><p><span style=\"font-weight: 400;\">Was die Kleidung betrifft,<\/span><b> ist unser Rat, sich in Schichten zu kleiden<\/b><span style=\"font-weight: 400;\">, es kann milde Tage, k\u00fchle Morgen und Pullover-N\u00e4chte geben. Und vor allem, <\/span> <b>genie\u00dfen Sie es ohne Stress<\/b><span style=\"font-weight: 400;\">, denn im Februar sparen Sie sich die Warteschlangen, die Eile verschwindet und das Parken ist keine unm\u00f6gliche Mission mehr.<\/span><\/p>\t\t\t\t\t\t\t\t<\/div>\n\t\t\t\t<\/div>\n\t\t\t\t\t<\/div>\n\t\t\t\t<\/div>\n\t\t<div class=\"elementor-element elementor-element-1f539e7 e-flex e-con-boxed e-con e-parent\" data-id=\"1f539e7\" data-element_type=\"container\" data-e-type=\"container\">\n\t\t\t\t\t<div class=\"e-con-inner\">\n\t\t\t\t<div class=\"elementor-element elementor-element-d633dfb elementor-widget elementor-widget-heading\" data-id=\"d633dfb\" data-element_type=\"widget\" data-e-type=\"widget\" data-widget_type=\"heading.default\">\n\t\t\t\t<div class=\"elementor-widget-container\">\n\t\t\t\t\t<h2 class=\"elementor-heading-title elementor-size-default\">Besuchen Sie Mallorca im Februar und entdecken Sie seine ruhigere Seite\n<\/h2>\t\t\t\t<\/div>\n\t\t\t\t<\/div>\n\t\t\t\t<div class=\"elementor-element elementor-element-f1b6527 elementor-widget elementor-widget-text-editor\" data-id=\"f1b6527\" data-element_type=\"widget\" data-e-type=\"widget\" data-widget_type=\"text-editor.default\">\n\t\t\t\t<div class=\"elementor-widget-container\">\n\t\t\t\t\t\t\t\t\t<p><span style=\"font-weight: 400;\">Das Wetter auf Mallorca kann k\u00fchl sein, aber der mediterrane Geist ist immer noch genauso warm. Es ist ein anderer Monat, perfekt, um  <\/span><b>die Insel ohne L\u00e4rm zu entdecken<\/b><span style=\"font-weight: 400;\">, ohne Eile und mit der Ruhe derer, die nur zum Vergn\u00fcgen reisen.<\/span><\/p><p><span style=\"font-weight: 400;\">Die Landschaften bl\u00fchen, die Stra\u00dfen sind voller lokalem Leben und die Sch\u00f6nheit des Meeres ist immer noch intakt. Palma de Mallorca im Februar zu besuchen ist  <\/span><b>ein Synonym f\u00fcr Ruhe<\/b><span style=\"font-weight: 400;\">. Also ja, es lohnt sich, sie zu besuchen. Kontaktieren Sie uns, um Ihr Apartment auf Mallorca zum besten Preis zu buchen. Wir warten auf Sie!  <\/span><\/p>\t\t\t\t\t\t\t\t<\/div>\n\t\t\t\t<\/div>\n\t\t\t\t\t<\/div>\n\t\t\t\t<\/div>\n\t\t<div class=\"elementor-element elementor-element-61f1e0ef e-flex e-con-boxed e-con e-parent\" data-id=\"61f1e0ef\" data-element_type=\"container\" data-e-type=\"container\">\n\t\t\t\t\t<div class=\"e-con-inner\">\n\t\t\t\t<div class=\"elementor-element elementor-element-30740ffc elementor-widget elementor-widget-shortcode\" data-id=\"30740ffc\" data-element_type=\"widget\" data-e-type=\"widget\" data-widget_type=\"shortcode.default\">\n\t\t\t\t<div class=\"elementor-widget-container\">\n\t\t\t\t\t\t\t<div class=\"elementor-shortcode\">\t\t<div data-elementor-type=\"page\" data-elementor-id=\"271\" class=\"elementor elementor-271 elementor-170 elementor-170\" data-elementor-post-type=\"elementor_library\">\n\t\t\t\t<div class=\"elementor-element elementor-element-16c5e22 e-flex e-con-boxed e-con e-parent\" data-id=\"16c5e22\" data-element_type=\"container\" data-e-type=\"container\">\n\t\t\t\t\t<div class=\"e-con-inner\">\n\t\t<div class=\"elementor-element elementor-element-ac67807 e-con-full e-flex e-con e-child\" data-id=\"ac67807\" data-element_type=\"container\" data-e-type=\"container\">\n\t\t\t\t<div class=\"elementor-element elementor-element-2ab04b2 elementor-align-justify elementor-widget elementor-widget-button\" data-id=\"2ab04b2\" data-element_type=\"widget\" data-e-type=\"widget\" data-widget_type=\"button.default\">\n\t\t\t\t<div class=\"elementor-widget-container\">\n\t\t\t\t\t\t\t\t\t<div class=\"elementor-button-wrapper\">\n\t\t\t\t\t<a class=\"elementor-button elementor-button-link elementor-size-sm\" href=\"https:\/\/rentallorca.com\/de\/vermietung\/vermietungen-mallorca-e21\/\">\n\t\t\t\t\t\t<span class=\"elementor-button-content-wrapper\">\n\t\t\t\t\t\t\t\t\t<span class=\"elementor-button-text\">Unterk\u00fcnfte in  Mallorca<\/span>\n\t\t\t\t\t<\/span>\n\t\t\t\t\t<\/a>\n\t\t\t\t<\/div>\n\t\t\t\t\t\t\t\t<\/div>\n\t\t\t\t<\/div>\n\t\t\t\t<\/div>\n\t\t<div class=\"elementor-element elementor-element-6bea3dd e-con-full e-flex e-con e-child\" data-id=\"6bea3dd\" data-element_type=\"container\" data-e-type=\"container\">\n\t\t\t\t<div class=\"elementor-element elementor-element-ff8a437 elementor-align-justify elementor-widget elementor-widget-button\" data-id=\"ff8a437\" data-element_type=\"widget\" data-e-type=\"widget\" data-widget_type=\"button.default\">\n\t\t\t\t<div class=\"elementor-widget-container\">\n\t\t\t\t\t\t\t\t\t<div class=\"elementor-button-wrapper\">\n\t\t\t\t\t<a class=\"elementor-button elementor-button-link elementor-size-sm\" href=\"https:\/\/rentallorca.com\/de\/vermietung\/ferienwohnungen-mallorca-c1e21\/\">\n\t\t\t\t\t\t<span class=\"elementor-button-content-wrapper\">\n\t\t\t\t\t\t\t\t\t<span class=\"elementor-button-text\">Wohnungen in Mallorca<\/span>\n\t\t\t\t\t<\/span>\n\t\t\t\t\t<\/a>\n\t\t\t\t<\/div>\n\t\t\t\t\t\t\t\t<\/div>\n\t\t\t\t<\/div>\n\t\t\t\t<\/div>\n\t\t<div class=\"elementor-element elementor-element-d557a64 e-con-full e-flex e-con e-child\" data-id=\"d557a64\" data-element_type=\"container\" data-e-type=\"container\">\n\t\t\t\t<div class=\"elementor-element elementor-element-4421fc4 elementor-align-justify elementor-widget elementor-widget-button\" data-id=\"4421fc4\" data-element_type=\"widget\" data-e-type=\"widget\" data-widget_type=\"button.default\">\n\t\t\t\t<div class=\"elementor-widget-container\">\n\t\t\t\t\t\t\t\t\t<div class=\"elementor-button-wrapper\">\n\t\t\t\t\t<a class=\"elementor-button elementor-button-link elementor-size-sm\" href=\"https:\/\/rentallorca.com\/de\/vermietung\/ferienhauser-alcudia-c19d1098\/\">\n\t\t\t\t\t\t<span class=\"elementor-button-content-wrapper\">\n\t\t\t\t\t\t\t\t\t<span class=\"elementor-button-text\">H\u00e4user in Mallorca<\/span>\n\t\t\t\t\t<\/span>\n\t\t\t\t\t<\/a>\n\t\t\t\t<\/div>\n\t\t\t\t\t\t\t\t<\/div>\n\t\t\t\t<\/div>\n\t\t\t\t<\/div>\n\t\t<div class=\"elementor-element elementor-element-995a361 e-con-full e-flex e-con e-child\" data-id=\"995a361\" data-element_type=\"container\" data-e-type=\"container\">\n\t\t\t\t<div class=\"elementor-element elementor-element-e6addd0 elementor-align-justify elementor-widget elementor-widget-button\" data-id=\"e6addd0\" data-element_type=\"widget\" data-e-type=\"widget\" data-widget_type=\"button.default\">\n\t\t\t\t<div class=\"elementor-widget-container\">\n\t\t\t\t\t\t\t\t\t<div class=\"elementor-button-wrapper\">\n\t\t\t\t\t<a class=\"elementor-button elementor-button-link elementor-size-sm\" href=\"https:\/\/rentallorca.com\/de\/vermietung\/fincas-mallorca-c22e21\/\">\n\t\t\t\t\t\t<span class=\"elementor-button-content-wrapper\">\n\t\t\t\t\t\t\t\t\t<span class=\"elementor-button-text\">Bauernh\u00f6fe in Mallorca<\/span>\n\t\t\t\t\t<\/span>\n\t\t\t\t\t<\/a>\n\t\t\t\t<\/div>\n\t\t\t\t\t\t\t\t<\/div>\n\t\t\t\t<\/div>\n\t\t\t\t<\/div>\n\t\t\t\t\t<\/div>\n\t\t\t\t<\/div>\n\t\t\t\t<\/div>\n\t\t<\/div>\n\t\t\t\t\t\t<\/div>\n\t\t\t\t<\/div>\n\t\t\t\t\t<\/div>\n\t\t\t\t<\/div>\n\t\t\t\t<\/div>\n\t\t","protected":false},"excerpt":{"rendered":"<p>Viele Orte kann man nur im Sommer genie\u00dfen. Zum Gl\u00fcck gibt es Mallorca, das im Februar beweist, dass das Mittelmeer auch im Winter seinen Reiz hat. Wenn Sie dachten, die Insel bietet nur Strand und Sonne, dann bereiten Sie sich auf all die \u00dcberraschungen vor, die die Insel im Februar bereith\u00e4lt (und das ohne Menschenmassen). [&hellip;]<\/p>\n","protected":false},"author":3,"featured_media":3510,"comment_status":"open","ping_status":"open","sticky":false,"template":"","format":"standard","meta":{"footnotes":""},"categories":[2],"tags":[],"class_list":["post-3606","post","type-post","status-publish","format-standard","has-post-thumbnail","hentry","category-mallorca-urlaub"],"yoast_head":"<!-- This site is optimized with the Yoast SEO plugin v27.5 - https:\/\/yoast.com\/product\/yoast-seo-wordpress\/ -->\n<title>Lohnt sich ein Besuch auf Mallorca im Februar? - Blog<\/title>\n<meta name=\"description\" content=\"Planen Sie Ihren Kurztrip? Erkunden Sie das Klima und die besten Aktivit\u00e4ten, die Sie im Februar auf Mallorca erwarten. Nutzen Sie die Ruhe au\u00dferhalb der Saison!\" \/>\n<meta name=\"robots\" content=\"index, follow, max-snippet:-1, max-image-preview:large, max-video-preview:-1\" \/>\n<link rel=\"canonical\" href=\"https:\/\/rentallorca.com\/blog\/de\/mallorca-im-februar\/\" \/>\n<meta property=\"og:locale\" content=\"de_DE\" \/>\n<meta property=\"og:type\" content=\"article\" \/>\n<meta property=\"og:title\" content=\"Lohnt sich ein Besuch auf Mallorca im Februar? - Blog\" \/>\n<meta property=\"og:description\" content=\"Planen Sie Ihren Kurztrip? Erkunden Sie das Klima und die besten Aktivit\u00e4ten, die Sie im Februar auf Mallorca erwarten. Nutzen Sie die Ruhe au\u00dferhalb der Saison!\" \/>\n<meta property=\"og:url\" content=\"https:\/\/rentallorca.com\/blog\/de\/mallorca-im-februar\/\" \/>\n<meta property=\"og:site_name\" content=\"Blog\" \/>\n<meta property=\"article:published_time\" content=\"2026-01-14T10:54:23+00:00\" \/>\n<meta property=\"article:modified_time\" content=\"2026-01-27T13:34:02+00:00\" \/>\n<meta property=\"og:image\" content=\"https:\/\/rentallorca.com\/blog\/wp-content\/uploads\/2026\/01\/tiempo-mallorca-en-febrero.jpg\" \/>\n\t<meta property=\"og:image:width\" content=\"2333\" \/>\n\t<meta property=\"og:image:height\" content=\"778\" \/>\n\t<meta property=\"og:image:type\" content=\"image\/jpeg\" \/>\n<meta name=\"author\" content=\"Axel\" \/>\n<meta name=\"twitter:card\" content=\"summary_large_image\" \/>\n<meta name=\"twitter:label1\" content=\"Written by\" \/>\n\t<meta name=\"twitter:data1\" content=\"Axel\" \/>\n\t<meta name=\"twitter:label2\" content=\"Est. reading time\" \/>\n\t<meta name=\"twitter:data2\" content=\"6 minutes\" \/>\n<script type=\"application\/ld+json\" class=\"yoast-schema-graph\">{\"@context\":\"https:\\\/\\\/schema.org\",\"@graph\":[{\"@type\":\"Article\",\"@id\":\"https:\\\/\\\/rentallorca.com\\\/blog\\\/de\\\/mallorca-im-februar\\\/#article\",\"isPartOf\":{\"@id\":\"https:\\\/\\\/rentallorca.com\\\/blog\\\/de\\\/mallorca-im-februar\\\/\"},\"author\":{\"name\":\"Axel\",\"@id\":\"https:\\\/\\\/rentallorca.com\\\/blog\\\/de\\\/#\\\/schema\\\/person\\\/8c5ebe5bf8d43e9757ab6869e1d4cbe4\"},\"headline\":\"Lohnt sich ein Besuch auf Mallorca im Februar? Die Antwort wird Sie vielleicht \u00fcberraschen\",\"datePublished\":\"2026-01-14T10:54:23+00:00\",\"dateModified\":\"2026-01-27T13:34:02+00:00\",\"mainEntityOfPage\":{\"@id\":\"https:\\\/\\\/rentallorca.com\\\/blog\\\/de\\\/mallorca-im-februar\\\/\"},\"wordCount\":1263,\"commentCount\":0,\"image\":{\"@id\":\"https:\\\/\\\/rentallorca.com\\\/blog\\\/de\\\/mallorca-im-februar\\\/#primaryimage\"},\"thumbnailUrl\":\"https:\\\/\\\/rentallorca.com\\\/blog\\\/wp-content\\\/uploads\\\/2026\\\/01\\\/tiempo-mallorca-en-febrero.jpg\",\"articleSection\":[\"Mallorca\"],\"inLanguage\":\"de\",\"potentialAction\":[{\"@type\":\"CommentAction\",\"name\":\"Comment\",\"target\":[\"https:\\\/\\\/rentallorca.com\\\/blog\\\/de\\\/mallorca-im-februar\\\/#respond\"]}]},{\"@type\":\"WebPage\",\"@id\":\"https:\\\/\\\/rentallorca.com\\\/blog\\\/de\\\/mallorca-im-februar\\\/\",\"url\":\"https:\\\/\\\/rentallorca.com\\\/blog\\\/de\\\/mallorca-im-februar\\\/\",\"name\":\"Lohnt sich ein Besuch auf Mallorca im Februar? - Blog\",\"isPartOf\":{\"@id\":\"https:\\\/\\\/rentallorca.com\\\/blog\\\/de\\\/#website\"},\"primaryImageOfPage\":{\"@id\":\"https:\\\/\\\/rentallorca.com\\\/blog\\\/de\\\/mallorca-im-februar\\\/#primaryimage\"},\"image\":{\"@id\":\"https:\\\/\\\/rentallorca.com\\\/blog\\\/de\\\/mallorca-im-februar\\\/#primaryimage\"},\"thumbnailUrl\":\"https:\\\/\\\/rentallorca.com\\\/blog\\\/wp-content\\\/uploads\\\/2026\\\/01\\\/tiempo-mallorca-en-febrero.jpg\",\"datePublished\":\"2026-01-14T10:54:23+00:00\",\"dateModified\":\"2026-01-27T13:34:02+00:00\",\"author\":{\"@id\":\"https:\\\/\\\/rentallorca.com\\\/blog\\\/de\\\/#\\\/schema\\\/person\\\/8c5ebe5bf8d43e9757ab6869e1d4cbe4\"},\"description\":\"Planen Sie Ihren Kurztrip? Erkunden Sie das Klima und die besten Aktivit\u00e4ten, die Sie im Februar auf Mallorca erwarten. Nutzen Sie die Ruhe au\u00dferhalb der Saison!\",\"breadcrumb\":{\"@id\":\"https:\\\/\\\/rentallorca.com\\\/blog\\\/de\\\/mallorca-im-februar\\\/#breadcrumb\"},\"inLanguage\":\"de\",\"potentialAction\":[{\"@type\":\"ReadAction\",\"target\":[\"https:\\\/\\\/rentallorca.com\\\/blog\\\/de\\\/mallorca-im-februar\\\/\"]}]},{\"@type\":\"ImageObject\",\"inLanguage\":\"de\",\"@id\":\"https:\\\/\\\/rentallorca.com\\\/blog\\\/de\\\/mallorca-im-februar\\\/#primaryimage\",\"url\":\"https:\\\/\\\/rentallorca.com\\\/blog\\\/wp-content\\\/uploads\\\/2026\\\/01\\\/tiempo-mallorca-en-febrero.jpg\",\"contentUrl\":\"https:\\\/\\\/rentallorca.com\\\/blog\\\/wp-content\\\/uploads\\\/2026\\\/01\\\/tiempo-mallorca-en-febrero.jpg\",\"width\":2333,\"height\":778,\"caption\":\"Hiking from Cala Agulla and approaching the beautiful beach and bay of Cala Mesquida over the Llevant hills Majorca Spain\"},{\"@type\":\"BreadcrumbList\",\"@id\":\"https:\\\/\\\/rentallorca.com\\\/blog\\\/de\\\/mallorca-im-februar\\\/#breadcrumb\",\"itemListElement\":[{\"@type\":\"ListItem\",\"position\":1,\"name\":\"Home\",\"item\":\"https:\\\/\\\/rentallorca.com\\\/blog\\\/de\\\/\"},{\"@type\":\"ListItem\",\"position\":2,\"name\":\"Lohnt sich ein Besuch auf Mallorca im Februar? Die Antwort wird Sie vielleicht \u00fcberraschen\"}]},{\"@type\":\"WebSite\",\"@id\":\"https:\\\/\\\/rentallorca.com\\\/blog\\\/de\\\/#website\",\"url\":\"https:\\\/\\\/rentallorca.com\\\/blog\\\/de\\\/\",\"name\":\"Blog\",\"description\":\"Rentallorca\",\"potentialAction\":[{\"@type\":\"SearchAction\",\"target\":{\"@type\":\"EntryPoint\",\"urlTemplate\":\"https:\\\/\\\/rentallorca.com\\\/blog\\\/de\\\/?s={search_term_string}\"},\"query-input\":{\"@type\":\"PropertyValueSpecification\",\"valueRequired\":true,\"valueName\":\"search_term_string\"}}],\"inLanguage\":\"de\"},{\"@type\":\"Person\",\"@id\":\"https:\\\/\\\/rentallorca.com\\\/blog\\\/de\\\/#\\\/schema\\\/person\\\/8c5ebe5bf8d43e9757ab6869e1d4cbe4\",\"name\":\"Axel\",\"image\":{\"@type\":\"ImageObject\",\"inLanguage\":\"de\",\"@id\":\"https:\\\/\\\/secure.gravatar.com\\\/avatar\\\/3bd706736e5b70f21f05f6c2d5cad746767782a4ba4b7df399c5969e2a9318fd?s=96&d=mm&r=g\",\"url\":\"https:\\\/\\\/secure.gravatar.com\\\/avatar\\\/3bd706736e5b70f21f05f6c2d5cad746767782a4ba4b7df399c5969e2a9318fd?s=96&d=mm&r=g\",\"contentUrl\":\"https:\\\/\\\/secure.gravatar.com\\\/avatar\\\/3bd706736e5b70f21f05f6c2d5cad746767782a4ba4b7df399c5969e2a9318fd?s=96&d=mm&r=g\",\"caption\":\"Axel\"},\"url\":\"https:\\\/\\\/rentallorca.com\\\/blog\\\/de\\\/author\\\/axel\\\/\"}]}<\/script>\n<!-- \/ Yoast SEO plugin. -->","yoast_head_json":{"title":"Lohnt sich ein Besuch auf Mallorca im Februar? - Blog","description":"Planen Sie Ihren Kurztrip? Erkunden Sie das Klima und die besten Aktivit\u00e4ten, die Sie im Februar auf Mallorca erwarten. Nutzen Sie die Ruhe au\u00dferhalb der Saison!","robots":{"index":"index","follow":"follow","max-snippet":"max-snippet:-1","max-image-preview":"max-image-preview:large","max-video-preview":"max-video-preview:-1"},"canonical":"https:\/\/rentallorca.com\/blog\/de\/mallorca-im-februar\/","og_locale":"de_DE","og_type":"article","og_title":"Lohnt sich ein Besuch auf Mallorca im Februar? - Blog","og_description":"Planen Sie Ihren Kurztrip? Erkunden Sie das Klima und die besten Aktivit\u00e4ten, die Sie im Februar auf Mallorca erwarten. Nutzen Sie die Ruhe au\u00dferhalb der Saison!","og_url":"https:\/\/rentallorca.com\/blog\/de\/mallorca-im-februar\/","og_site_name":"Blog","article_published_time":"2026-01-14T10:54:23+00:00","article_modified_time":"2026-01-27T13:34:02+00:00","og_image":[{"width":2333,"height":778,"url":"https:\/\/rentallorca.com\/blog\/wp-content\/uploads\/2026\/01\/tiempo-mallorca-en-febrero.jpg","type":"image\/jpeg"}],"author":"Axel","twitter_card":"summary_large_image","twitter_misc":{"Written by":"Axel","Est. reading time":"6 minutes"},"schema":{"@context":"https:\/\/schema.org","@graph":[{"@type":"Article","@id":"https:\/\/rentallorca.com\/blog\/de\/mallorca-im-februar\/#article","isPartOf":{"@id":"https:\/\/rentallorca.com\/blog\/de\/mallorca-im-februar\/"},"author":{"name":"Axel","@id":"https:\/\/rentallorca.com\/blog\/de\/#\/schema\/person\/8c5ebe5bf8d43e9757ab6869e1d4cbe4"},"headline":"Lohnt sich ein Besuch auf Mallorca im Februar? Die Antwort wird Sie vielleicht \u00fcberraschen","datePublished":"2026-01-14T10:54:23+00:00","dateModified":"2026-01-27T13:34:02+00:00","mainEntityOfPage":{"@id":"https:\/\/rentallorca.com\/blog\/de\/mallorca-im-februar\/"},"wordCount":1263,"commentCount":0,"image":{"@id":"https:\/\/rentallorca.com\/blog\/de\/mallorca-im-februar\/#primaryimage"},"thumbnailUrl":"https:\/\/rentallorca.com\/blog\/wp-content\/uploads\/2026\/01\/tiempo-mallorca-en-febrero.jpg","articleSection":["Mallorca"],"inLanguage":"de","potentialAction":[{"@type":"CommentAction","name":"Comment","target":["https:\/\/rentallorca.com\/blog\/de\/mallorca-im-februar\/#respond"]}]},{"@type":"WebPage","@id":"https:\/\/rentallorca.com\/blog\/de\/mallorca-im-februar\/","url":"https:\/\/rentallorca.com\/blog\/de\/mallorca-im-februar\/","name":"Lohnt sich ein Besuch auf Mallorca im Februar? - Blog","isPartOf":{"@id":"https:\/\/rentallorca.com\/blog\/de\/#website"},"primaryImageOfPage":{"@id":"https:\/\/rentallorca.com\/blog\/de\/mallorca-im-februar\/#primaryimage"},"image":{"@id":"https:\/\/rentallorca.com\/blog\/de\/mallorca-im-februar\/#primaryimage"},"thumbnailUrl":"https:\/\/rentallorca.com\/blog\/wp-content\/uploads\/2026\/01\/tiempo-mallorca-en-febrero.jpg","datePublished":"2026-01-14T10:54:23+00:00","dateModified":"2026-01-27T13:34:02+00:00","author":{"@id":"https:\/\/rentallorca.com\/blog\/de\/#\/schema\/person\/8c5ebe5bf8d43e9757ab6869e1d4cbe4"},"description":"Planen Sie Ihren Kurztrip? Erkunden Sie das Klima und die besten Aktivit\u00e4ten, die Sie im Februar auf Mallorca erwarten. Nutzen Sie die Ruhe au\u00dferhalb der Saison!","breadcrumb":{"@id":"https:\/\/rentallorca.com\/blog\/de\/mallorca-im-februar\/#breadcrumb"},"inLanguage":"de","potentialAction":[{"@type":"ReadAction","target":["https:\/\/rentallorca.com\/blog\/de\/mallorca-im-februar\/"]}]},{"@type":"ImageObject","inLanguage":"de","@id":"https:\/\/rentallorca.com\/blog\/de\/mallorca-im-februar\/#primaryimage","url":"https:\/\/rentallorca.com\/blog\/wp-content\/uploads\/2026\/01\/tiempo-mallorca-en-febrero.jpg","contentUrl":"https:\/\/rentallorca.com\/blog\/wp-content\/uploads\/2026\/01\/tiempo-mallorca-en-febrero.jpg","width":2333,"height":778,"caption":"Hiking from Cala Agulla and approaching the beautiful beach and bay of Cala Mesquida over the Llevant hills Majorca Spain"},{"@type":"BreadcrumbList","@id":"https:\/\/rentallorca.com\/blog\/de\/mallorca-im-februar\/#breadcrumb","itemListElement":[{"@type":"ListItem","position":1,"name":"Home","item":"https:\/\/rentallorca.com\/blog\/de\/"},{"@type":"ListItem","position":2,"name":"Lohnt sich ein Besuch auf Mallorca im Februar? Die Antwort wird Sie vielleicht \u00fcberraschen"}]},{"@type":"WebSite","@id":"https:\/\/rentallorca.com\/blog\/de\/#website","url":"https:\/\/rentallorca.com\/blog\/de\/","name":"Blog","description":"Rentallorca","potentialAction":[{"@type":"SearchAction","target":{"@type":"EntryPoint","urlTemplate":"https:\/\/rentallorca.com\/blog\/de\/?s={search_term_string}"},"query-input":{"@type":"PropertyValueSpecification","valueRequired":true,"valueName":"search_term_string"}}],"inLanguage":"de"},{"@type":"Person","@id":"https:\/\/rentallorca.com\/blog\/de\/#\/schema\/person\/8c5ebe5bf8d43e9757ab6869e1d4cbe4","name":"Axel","image":{"@type":"ImageObject","inLanguage":"de","@id":"https:\/\/secure.gravatar.com\/avatar\/3bd706736e5b70f21f05f6c2d5cad746767782a4ba4b7df399c5969e2a9318fd?s=96&d=mm&r=g","url":"https:\/\/secure.gravatar.com\/avatar\/3bd706736e5b70f21f05f6c2d5cad746767782a4ba4b7df399c5969e2a9318fd?s=96&d=mm&r=g","contentUrl":"https:\/\/secure.gravatar.com\/avatar\/3bd706736e5b70f21f05f6c2d5cad746767782a4ba4b7df399c5969e2a9318fd?s=96&d=mm&r=g","caption":"Axel"},"url":"https:\/\/rentallorca.com\/blog\/de\/author\/axel\/"}]}},"_links":{"self":[{"href":"https:\/\/rentallorca.com\/blog\/de\/wp-json\/wp\/v2\/posts\/3606","targetHints":{"allow":["GET"]}}],"collection":[{"href":"https:\/\/rentallorca.com\/blog\/de\/wp-json\/wp\/v2\/posts"}],"about":[{"href":"https:\/\/rentallorca.com\/blog\/de\/wp-json\/wp\/v2\/types\/post"}],"author":[{"embeddable":true,"href":"https:\/\/rentallorca.com\/blog\/de\/wp-json\/wp\/v2\/users\/3"}],"replies":[{"embeddable":true,"href":"https:\/\/rentallorca.com\/blog\/de\/wp-json\/wp\/v2\/comments?post=3606"}],"version-history":[{"count":3,"href":"https:\/\/rentallorca.com\/blog\/de\/wp-json\/wp\/v2\/posts\/3606\/revisions"}],"predecessor-version":[{"id":3609,"href":"https:\/\/rentallorca.com\/blog\/de\/wp-json\/wp\/v2\/posts\/3606\/revisions\/3609"}],"wp:featuredmedia":[{"embeddable":true,"href":"https:\/\/rentallorca.com\/blog\/de\/wp-json\/wp\/v2\/media\/3510"}],"wp:attachment":[{"href":"https:\/\/rentallorca.com\/blog\/de\/wp-json\/wp\/v2\/media?parent=3606"}],"wp:term":[{"taxonomy":"category","embeddable":true,"href":"https:\/\/rentallorca.com\/blog\/de\/wp-json\/wp\/v2\/categories?post=3606"},{"taxonomy":"post_tag","embeddable":true,"href":"https:\/\/rentallorca.com\/blog\/de\/wp-json\/wp\/v2\/tags?post=3606"}],"curies":[{"name":"wp","href":"https:\/\/api.w.org\/{rel}","templated":true}]}}