{"id":3438,"date":"2025-12-17T09:05:49","date_gmt":"2025-12-17T09:05:49","guid":{"rendered":"https:\/\/rentallorca.com\/blog\/?p=3438"},"modified":"2025-12-23T12:23:45","modified_gmt":"2025-12-23T12:23:45","slug":"mallorca-im-january","status":"publish","type":"post","link":"https:\/\/rentallorca.com\/blog\/de\/mallorca-im-january\/","title":{"rendered":"Haben Sie schon einmal dar\u00fcber nachgedacht, Mallorca im Januar zu besuchen? Hier sind die Gr\u00fcnde daf\u00fcr!"},"content":{"rendered":"\t\t<div data-elementor-type=\"wp-post\" data-elementor-id=\"3438\" class=\"elementor elementor-3438 elementor-3321\" data-elementor-post-type=\"post\">\n\t\t\t\t<div class=\"elementor-element elementor-element-230121f8 e-flex e-con-boxed e-con e-parent\" data-id=\"230121f8\" data-element_type=\"container\" data-e-type=\"container\">\n\t\t\t\t\t<div class=\"e-con-inner\">\n\t\t\t\t<div class=\"elementor-element elementor-element-7edab011 elementor-widget elementor-widget-text-editor\" data-id=\"7edab011\" data-element_type=\"widget\" data-e-type=\"widget\" data-widget_type=\"text-editor.default\">\n\t\t\t\t<div class=\"elementor-widget-container\">\n\t\t\t\t\t\t\t\t\t<p><span style=\"font-weight: 400;\">Im Januar hat die Insel einen anderen Rhythmus, der Trubel des Sommers ist vorbei und Mallorca ist ruhig und perfekt zum Genie\u00dfen. Es ist ein Monat f\u00fcr diejenigen, die  <\/span><b>eine andere Seite des Mittelmeers<\/b><span style=\"font-weight: 400;\"> mit D\u00f6rfern suchen, die das wahre Leben widerspiegeln und nicht nur die sommerliche Postkarte.<\/span><\/p><p><span style=\"font-weight: 400;\">F\u00fcr diejenigen, die mit Rentallorca reisen,<\/span><b> ist es der perfekte Zeitpunkt, sich in einer gem\u00fctlichen Unterkunft einzurichten <\/b><span style=\"font-weight: 400;\">und sie als Ausgangspunkt zu nutzen, um die Insel in Ruhe zu erkunden.<\/span><\/p>\t\t\t\t\t\t\t\t<\/div>\n\t\t\t\t<\/div>\n\t\t\t\t\t<\/div>\n\t\t\t\t<\/div>\n\t\t<div class=\"elementor-element elementor-element-5a731f4e e-flex e-con-boxed e-con e-parent\" data-id=\"5a731f4e\" data-element_type=\"container\" data-e-type=\"container\">\n\t\t\t\t\t<div class=\"e-con-inner\">\n\t\t\t\t<div class=\"elementor-element elementor-element-29913858 elementor-widget elementor-widget-table-of-contents\" data-id=\"29913858\" data-element_type=\"widget\" data-e-type=\"widget\" data-settings=\"{&quot;headings_by_tags&quot;:[&quot;h2&quot;,&quot;h3&quot;],&quot;exclude_headings_by_selector&quot;:[],&quot;marker_view&quot;:&quot;bullets&quot;,&quot;icon&quot;:{&quot;value&quot;:&quot;&quot;,&quot;library&quot;:&quot;&quot;},&quot;no_headings_message&quot;:&quot;No headings were found on this page.&quot;,&quot;hierarchical_view&quot;:&quot;yes&quot;,&quot;min_height&quot;:{&quot;unit&quot;:&quot;px&quot;,&quot;size&quot;:&quot;&quot;,&quot;sizes&quot;:[]},&quot;min_height_tablet&quot;:{&quot;unit&quot;:&quot;px&quot;,&quot;size&quot;:&quot;&quot;,&quot;sizes&quot;:[]},&quot;min_height_mobile&quot;:{&quot;unit&quot;:&quot;px&quot;,&quot;size&quot;:&quot;&quot;,&quot;sizes&quot;:[]}}\" data-widget_type=\"table-of-contents.default\">\n\t\t\t\t<div class=\"elementor-widget-container\">\n\t\t\t\t\t\t\t\t\t<div class=\"elementor-toc__header\">\n\t\t\t\t\t\t<div class=\"elementor-toc__header-title\">\n\t\t\t\tInhalte\t\t\t<\/div>\n\t\t\t\t\t\t\t\t<\/div>\n\t\t\t\t<div id=\"elementor-toc__29913858\" class=\"elementor-toc__body\">\n\t\t\t<div class=\"elementor-toc__spinner-container\">\n\t\t\t\t<svg class=\"elementor-toc__spinner eicon-animation-spin e-font-icon-svg e-eicon-loading\" aria-hidden=\"true\" viewBox=\"0 0 1000 1000\" xmlns=\"http:\/\/www.w3.org\/2000\/svg\"><path d=\"M500 975V858C696 858 858 696 858 500S696 142 500 142 142 304 142 500H25C25 237 238 25 500 25S975 237 975 500 763 975 500 975Z\"><\/path><\/svg>\t\t\t<\/div>\n\t\t<\/div>\n\t\t\t\t\t\t<\/div>\n\t\t\t\t<\/div>\n\t\t\t\t\t<\/div>\n\t\t\t\t<\/div>\n\t\t<div class=\"elementor-element elementor-element-3e252e33 e-flex e-con-boxed e-con e-parent\" data-id=\"3e252e33\" data-element_type=\"container\" data-e-type=\"container\">\n\t\t\t\t\t<div class=\"e-con-inner\">\n\t\t\t\t<div class=\"elementor-element elementor-element-70139b6b elementor-widget elementor-widget-heading\" data-id=\"70139b6b\" data-element_type=\"widget\" data-e-type=\"widget\" data-widget_type=\"heading.default\">\n\t\t\t\t<div class=\"elementor-widget-container\">\n\t\t\t\t\t<h2 class=\"elementor-heading-title elementor-size-default\">Klima auf Mallorca im Januar: Ist es kalt oder kann man im Kurzarmhemd ausgehen?\n<\/h2>\t\t\t\t<\/div>\n\t\t\t\t<\/div>\n\t\t\t\t<div class=\"elementor-element elementor-element-3cfe0c5a elementor-widget elementor-widget-text-editor\" data-id=\"3cfe0c5a\" data-element_type=\"widget\" data-e-type=\"widget\" data-widget_type=\"text-editor.default\">\n\t\t\t\t<div class=\"elementor-widget-container\">\n\t\t\t\t\t\t\t\t\t<p><span style=\"font-weight: 400;\">Das Klima bietet milde Tagestemperaturen, k\u00fchle Morgen- und Abendstunden und manchmal Wind, der Sie daran erinnert, dass das Meer in der N\u00e4he ist. Normal sind H\u00f6chsttemperaturen um die  <\/span><b>13 und 15\u00baC<\/b><span style=\"font-weight: 400;\"> und Tiefsttemperaturen um die <\/span><b>8 und 10\u00baC<\/b><span style=\"font-weight: 400;\">. Sie werden weder Schnee finden, noch k\u00f6nnen Sie Ihre Badesachen anziehen, aber Sie k\u00f6nnen mittags im Kurzarmhemd herumlaufen.<\/span><\/p><p><span style=\"font-weight: 400;\">Der Vorteil ist, dass das Wetter auf Mallorca im Januar es erm\u00f6glicht, <\/span><b>zu spazieren, Routen zu machen und D\u00f6rfer zu besuchen, ohne zu schmelzen oder sich um den Schatten zu streiten.<\/b><span style=\"font-weight: 400;\">. Wenn Sie aus einer weiter n\u00f6rdlich gelegenen europ\u00e4ischen Stadt kommen, wird es Ihnen wahrscheinlich fast wie Fr\u00fchling vorkommen. Denken Sie aber daran, eine Jacke und eine Regenjacke in Ihren Koffer zu packen, falls es einen Schauer gibt. <\/span><\/p>\t\t\t\t\t\t\t\t<\/div>\n\t\t\t\t<\/div>\n\t\t\t\t\t<\/div>\n\t\t\t\t<\/div>\n\t\t<div class=\"elementor-element elementor-element-8e8a906 e-flex e-con-boxed e-con e-parent\" data-id=\"8e8a906\" data-element_type=\"container\" data-e-type=\"container\">\n\t\t\t\t\t<div class=\"e-con-inner\">\n\t\t\t\t<div class=\"elementor-element elementor-element-3352f52 elementor-widget elementor-widget-heading\" data-id=\"3352f52\" data-element_type=\"widget\" data-e-type=\"widget\" data-widget_type=\"heading.default\">\n\t\t\t\t<div class=\"elementor-widget-container\">\n\t\t\t\t\t<h2 class=\"elementor-heading-title elementor-size-default\">Was man im Januar auf Mallorca unternehmen kann: Routen, D\u00f6rfer und Landschaften ohne Touristen\n<\/h2>\t\t\t\t<\/div>\n\t\t\t\t<\/div>\n\t\t\t\t<div class=\"elementor-element elementor-element-5a8d17c elementor-widget elementor-widget-text-editor\" data-id=\"5a8d17c\" data-element_type=\"widget\" data-e-type=\"widget\" data-widget_type=\"text-editor.default\">\n\t\t\t\t<div class=\"elementor-widget-container\">\n\t\t\t\t\t\t\t\t\t<p><span style=\"font-weight: 400;\">Der Januar ist perfekt, um die Insel mit dem Auto zu erkunden und die D\u00f6rfer im Zentrum und Osten ohne Eile zu genie\u00dfen. Im Zentrum k\u00f6nnen Sie Orte entdecken wie <\/span><b> Sineu, Santa Mar\u00eda oder Inca<\/b><span style=\"font-weight: 400;\">, mit lokalen M\u00e4rkten, die weniger auf den Massentourismus ausgerichtet sind. Es ist ein ideales Gebiet, um die  <\/span><b>l\u00e4ndliche Mallorca<\/b><span style=\"font-weight: 400;\"> mit Feldern, Weinbergen und Pl\u00e4tzen zu sehen.<\/span><\/p><p><span style=\"font-weight: 400;\">Der Norden der Insel mit der<\/span><b> Serra de Tramuntana<\/b><span style=\"font-weight: 400;\"> sieht im Winter spektakul\u00e4r aus, wo es Routen durch D\u00f6rfer wie <\/span><b>Pollen\u00e7a oder Alc\u00fadia<\/b><span style=\"font-weight: 400;\">, fast leere Aussichtspunkte und Buchten gibt, die Sie einladen, spazieren zu gehen und Fotos von der Umgebung zu machen.<\/span><\/p><p><span style=\"font-weight: 400;\">Im Osten haben Gebiete wie <\/span><b>Art\u00e0, Capdepera<\/b><span style=\"font-weight: 400;\"> oder die Buchten der <\/span><b>Ostk\u00fcste<\/b><span style=\"font-weight: 400;\"> eine wildere und ruhigere Atmosph\u00e4re, perfekt, um Meer, <\/span><b>sanftes Wandern<\/b><span style=\"font-weight: 400;\"> und charmante Steind\u00f6rfer zu kombinieren.<\/span><\/p>\t\t\t\t\t\t\t\t<\/div>\n\t\t\t\t<\/div>\n\t\t\t\t<div class=\"elementor-element elementor-element-c322132 elementor-widget elementor-widget-image\" data-id=\"c322132\" data-element_type=\"widget\" data-e-type=\"widget\" data-widget_type=\"image.default\">\n\t\t\t\t<div class=\"elementor-widget-container\">\n\t\t\t\t\t\t\t\t\t\t\t\t\t\t\t<img fetchpriority=\"high\" decoding=\"async\" width=\"1264\" height=\"632\" src=\"https:\/\/rentallorca.com\/blog\/wp-content\/uploads\/2025\/12\/Mallorca-en-enero.jpg\" class=\"attachment-full size-full wp-image-3419\" alt=\"\" srcset=\"https:\/\/rentallorca.com\/blog\/wp-content\/uploads\/2025\/12\/Mallorca-en-enero.jpg 1264w, https:\/\/rentallorca.com\/blog\/wp-content\/uploads\/2025\/12\/Mallorca-en-enero-300x150.jpg 300w, https:\/\/rentallorca.com\/blog\/wp-content\/uploads\/2025\/12\/Mallorca-en-enero-1024x512.jpg 1024w, https:\/\/rentallorca.com\/blog\/wp-content\/uploads\/2025\/12\/Mallorca-en-enero-768x384.jpg 768w\" sizes=\"(max-width: 1264px) 100vw, 1264px\" \/>\t\t\t\t\t\t\t\t\t\t\t\t\t\t\t<\/div>\n\t\t\t\t<\/div>\n\t\t\t\t\t<\/div>\n\t\t\t\t<\/div>\n\t\t<div class=\"elementor-element elementor-element-23491e1 e-flex e-con-boxed e-con e-parent\" data-id=\"23491e1\" data-element_type=\"container\" data-e-type=\"container\">\n\t\t\t\t\t<div class=\"e-con-inner\">\n\t\t\t\t<div class=\"elementor-element elementor-element-055aaca elementor-widget elementor-widget-heading\" data-id=\"055aaca\" data-element_type=\"widget\" data-e-type=\"widget\" data-widget_type=\"heading.default\">\n\t\t\t\t<div class=\"elementor-widget-container\">\n\t\t\t\t\t<h2 class=\"elementor-heading-title elementor-size-default\">Pl\u00e4ne f\u00fcr drinnen und drau\u00dfen f\u00fcr jeden Geschmack\n<\/h2>\t\t\t\t<\/div>\n\t\t\t\t<\/div>\n\t\t\t\t<div class=\"elementor-element elementor-element-1f431e7 elementor-widget elementor-widget-text-editor\" data-id=\"1f431e7\" data-element_type=\"widget\" data-e-type=\"widget\" data-widget_type=\"text-editor.default\">\n\t\t\t\t<div class=\"elementor-widget-container\">\n\t\t\t\t\t\t\t\t\t<p><span style=\"font-weight: 400;\">Wenn der Tag k\u00fchler oder bew\u00f6lkt ist, ist Palma de Mallorca im Januar ein toller Plan, um die <\/span><b>Altstadt, die Gesch\u00e4fte, Bars, Museen und die Kathedrale zu genie\u00dfen<\/b><span style=\"font-weight: 400;\"> die die Bucht dominiert. Sie k\u00f6nnen leicht einen Tag mit Spazierg\u00e4ngen verbringen, gem\u00fctliche Caf\u00e9s besuchen und kulturelle Einrichtungen ohne endlose Warteschlangen besichtigen. <\/span><\/p><p><span style=\"font-weight: 400;\">Wenn die Sonne scheint, sind Outdoor-Aktivit\u00e4ten angesagt. Sie k\u00f6nnen Wanderungen durch die  <\/span><b>Tramuntana unternehmen<\/b><span style=\"font-weight: 400;\">, Spazierg\u00e4nge entlang der K\u00fcste, Besuche von Aussichtspunkten und Touren durch D\u00f6rfer mit Meerblick.<\/span> <\/p><p><b>Im Januar sind die Str\u00e4nde fast leer <\/b><span style=\"font-weight: 400;\">So k\u00f6nnen Sie mit Mantel am Strand entlanglaufen, das mediterrane Licht genie\u00dfen und das Gef\u00fchl haben, die Insel fast f\u00fcr sich allein zu haben. Es ist keine Saison zum Baden, aber zum Durchatmen und Genie\u00dfen der Ruhe. <\/span><\/p>\t\t\t\t\t\t\t\t<\/div>\n\t\t\t\t<\/div>\n\t\t\t\t<div class=\"elementor-element elementor-element-fac0716 elementor-widget elementor-widget-image\" data-id=\"fac0716\" data-element_type=\"widget\" data-e-type=\"widget\" data-widget_type=\"image.default\">\n\t\t\t\t<div class=\"elementor-widget-container\">\n\t\t\t\t\t\t\t\t\t\t\t\t\t\t\t<img decoding=\"async\" width=\"1254\" height=\"626\" src=\"https:\/\/rentallorca.com\/blog\/wp-content\/uploads\/2025\/12\/que-ver-Mallorca-en-enero.jpg\" class=\"attachment-full size-full wp-image-3416\" alt=\"\" srcset=\"https:\/\/rentallorca.com\/blog\/wp-content\/uploads\/2025\/12\/que-ver-Mallorca-en-enero.jpg 1254w, https:\/\/rentallorca.com\/blog\/wp-content\/uploads\/2025\/12\/que-ver-Mallorca-en-enero-300x150.jpg 300w, https:\/\/rentallorca.com\/blog\/wp-content\/uploads\/2025\/12\/que-ver-Mallorca-en-enero-1024x511.jpg 1024w, https:\/\/rentallorca.com\/blog\/wp-content\/uploads\/2025\/12\/que-ver-Mallorca-en-enero-768x383.jpg 768w\" sizes=\"(max-width: 1254px) 100vw, 1254px\" \/>\t\t\t\t\t\t\t\t\t\t\t\t\t\t\t<\/div>\n\t\t\t\t<\/div>\n\t\t\t\t\t<\/div>\n\t\t\t\t<\/div>\n\t\t<div class=\"elementor-element elementor-element-950fdcb e-flex e-con-boxed e-con e-parent\" data-id=\"950fdcb\" data-element_type=\"container\" data-e-type=\"container\">\n\t\t\t\t\t<div class=\"e-con-inner\">\n\t\t\t\t<div class=\"elementor-element elementor-element-7661c46 elementor-widget elementor-widget-heading\" data-id=\"7661c46\" data-element_type=\"widget\" data-e-type=\"widget\" data-widget_type=\"heading.default\">\n\t\t\t\t<div class=\"elementor-widget-container\">\n\t\t\t\t\t<h2 class=\"elementor-heading-title elementor-size-default\">Lokale Festlichkeiten: Was Sie im Winter nicht verpassen sollten\n<\/h2>\t\t\t\t<\/div>\n\t\t\t\t<\/div>\n\t\t\t\t<div class=\"elementor-element elementor-element-91c450e elementor-widget elementor-widget-text-editor\" data-id=\"91c450e\" data-element_type=\"widget\" data-e-type=\"widget\" data-widget_type=\"text-editor.default\">\n\t\t\t\t<div class=\"elementor-widget-container\">\n\t\t\t\t\t\t\t\t\t<p><span style=\"font-weight: 400;\">Hier sind einige dieser <\/span><b>Feste, die Sie nicht verpassen sollten<\/b><span style=\"font-weight: 400;\"> , wenn Sie das Gl\u00fcck haben, im Januar nach Mallorca zu kommen. Tragen Sie sie in Ihren Kalender ein! <\/span><\/p>\t\t\t\t\t\t\t\t<\/div>\n\t\t\t\t<\/div>\n\t\t\t\t\t<\/div>\n\t\t\t\t<\/div>\n\t\t<div class=\"elementor-element elementor-element-1c4dd28 e-flex e-con-boxed e-con e-parent\" data-id=\"1c4dd28\" data-element_type=\"container\" data-e-type=\"container\">\n\t\t\t\t\t<div class=\"e-con-inner\">\n\t\t\t\t<div class=\"elementor-element elementor-element-699aeb7 elementor-widget elementor-widget-heading\" data-id=\"699aeb7\" data-element_type=\"widget\" data-e-type=\"widget\" data-widget_type=\"heading.default\">\n\t\t\t\t<div class=\"elementor-widget-container\">\n\t\t\t\t\t<h3 class=\"elementor-heading-title elementor-size-default\">San Sebasti\u00e1n in Palma\n<\/h3>\t\t\t\t<\/div>\n\t\t\t\t<\/div>\n\t\t\t\t<div class=\"elementor-element elementor-element-d886a35 elementor-widget elementor-widget-text-editor\" data-id=\"d886a35\" data-element_type=\"widget\" data-e-type=\"widget\" data-widget_type=\"text-editor.default\">\n\t\t\t\t<div class=\"elementor-widget-container\">\n\t\t\t\t\t\t\t\t\t<p><span style=\"font-weight: 400;\">Palma feiert im Januar die Fiestas de San Sebasti\u00e1n, seinen Schutzpatron, mit Konzerten, kulturellen Aktivit\u00e4ten und Lagerfeuern auf Pl\u00e4tzen und in Stadtteilen. Es ist eine perfekte Gelegenheit, um <\/span><b>Kultur, Gastronomie und lokales Leben<\/b><span style=\"font-weight: 400;\"> zu verbinden und die Stadt im Winter beleuchtet und lebendig zu entdecken.<\/span><\/p>\t\t\t\t\t\t\t\t<\/div>\n\t\t\t\t<\/div>\n\t\t\t\t\t<\/div>\n\t\t\t\t<\/div>\n\t\t<div class=\"elementor-element elementor-element-7ad09e32 e-flex e-con-boxed e-con e-parent\" data-id=\"7ad09e32\" data-element_type=\"container\" data-e-type=\"container\">\n\t\t\t\t\t<div class=\"e-con-inner\">\n\t\t\t\t<div class=\"elementor-element elementor-element-7373cfc7 elementor-widget elementor-widget-heading\" data-id=\"7373cfc7\" data-element_type=\"widget\" data-e-type=\"widget\" data-widget_type=\"heading.default\">\n\t\t\t\t<div class=\"elementor-widget-container\">\n\t\t\t\t\t<h3 class=\"elementor-heading-title elementor-size-default\">Sant Antoni\n<\/h3>\t\t\t\t<\/div>\n\t\t\t\t<\/div>\n\t\t\t\t<div class=\"elementor-element elementor-element-741e5b43 elementor-widget elementor-widget-text-editor\" data-id=\"741e5b43\" data-element_type=\"widget\" data-e-type=\"widget\" data-widget_type=\"text-editor.default\">\n\t\t\t\t<div class=\"elementor-widget-container\">\n\t\t\t\t\t\t\t\t\t<p><span style=\"font-weight: 400;\">In vielen D\u00f6rfern im Zentrum und Norden Mallorcas wird der Januar dank der Fiestas de Sant Antoni mit <\/span><b>Lagerfeuern, D\u00e4monen, Musik und Traditionen<\/b><span style=\"font-weight: 400;\"> sehr intensiv erlebt. Es ist eine der besten M\u00f6glichkeiten, das authentische Mallorca mit Stra\u00dfen voller Menschen, typischem Essen und einer ganz anderen festlichen Atmosph\u00e4re als im touristischen Sommer zu erleben. <\/span><\/p>\t\t\t\t\t\t\t\t<\/div>\n\t\t\t\t<\/div>\n\t\t\t\t\t<\/div>\n\t\t\t\t<\/div>\n\t\t<div class=\"elementor-element elementor-element-c389b23 e-flex e-con-boxed e-con e-parent\" data-id=\"c389b23\" data-element_type=\"container\" data-e-type=\"container\">\n\t\t\t\t\t<div class=\"e-con-inner\">\n\t\t\t\t<div class=\"elementor-element elementor-element-257477c elementor-widget elementor-widget-heading\" data-id=\"257477c\" data-element_type=\"widget\" data-e-type=\"widget\" data-widget_type=\"heading.default\">\n\t\t\t\t<div class=\"elementor-widget-container\">\n\t\t\t\t\t<h3 class=\"elementor-heading-title elementor-size-default\">M\u00e4rkte und Wintertraditionen\n<\/h3>\t\t\t\t<\/div>\n\t\t\t\t<\/div>\n\t\t\t\t<div class=\"elementor-element elementor-element-c630024 elementor-widget elementor-widget-text-editor\" data-id=\"c630024\" data-element_type=\"widget\" data-e-type=\"widget\" data-widget_type=\"text-editor.default\">\n\t\t\t\t<div class=\"elementor-widget-container\">\n\t\t\t\t\t\t\t\t\t<p><span style=\"font-weight: 400;\">Neben den gro\u00dfen Festen behalten die Wochenm\u00e4rkte in den D\u00f6rfern im Januar ihre Bedeutung mit einem Angebot an<\/span><b> lokalen Produkten mit weniger Touristen<\/b><span style=\"font-weight: 400;\"> und mehr Nachbarschaftsatmosph\u00e4re. Es ist der ideale Zeitpunkt, um lokale Produkte zu kaufen und sie dann in Ruhe in Ihrer Unterkunft zu genie\u00dfen, sei es im Landesinneren, im Norden oder an der Ostk\u00fcste. <\/span><\/p>\t\t\t\t\t\t\t\t<\/div>\n\t\t\t\t<\/div>\n\t\t\t\t<div class=\"elementor-element elementor-element-2db988c elementor-widget elementor-widget-image\" data-id=\"2db988c\" data-element_type=\"widget\" data-e-type=\"widget\" data-widget_type=\"image.default\">\n\t\t\t\t<div class=\"elementor-widget-container\">\n\t\t\t\t\t\t\t\t\t\t\t\t\t\t\t<img decoding=\"async\" width=\"1254\" height=\"626\" src=\"https:\/\/rentallorca.com\/blog\/wp-content\/uploads\/2025\/12\/mercadillo-invierno-mallorca.jpg\" class=\"attachment-full size-full wp-image-3413\" alt=\"\" srcset=\"https:\/\/rentallorca.com\/blog\/wp-content\/uploads\/2025\/12\/mercadillo-invierno-mallorca.jpg 1254w, https:\/\/rentallorca.com\/blog\/wp-content\/uploads\/2025\/12\/mercadillo-invierno-mallorca-300x150.jpg 300w, https:\/\/rentallorca.com\/blog\/wp-content\/uploads\/2025\/12\/mercadillo-invierno-mallorca-1024x511.jpg 1024w, https:\/\/rentallorca.com\/blog\/wp-content\/uploads\/2025\/12\/mercadillo-invierno-mallorca-768x383.jpg 768w\" sizes=\"(max-width: 1254px) 100vw, 1254px\" \/>\t\t\t\t\t\t\t\t\t\t\t\t\t\t\t<\/div>\n\t\t\t\t<\/div>\n\t\t\t\t\t<\/div>\n\t\t\t\t<\/div>\n\t\t<div class=\"elementor-element elementor-element-40b2055d e-flex e-con-boxed e-con e-parent\" data-id=\"40b2055d\" data-element_type=\"container\" data-e-type=\"container\">\n\t\t\t\t\t<div class=\"e-con-inner\">\n\t\t\t\t<div class=\"elementor-element elementor-element-717c0609 elementor-widget elementor-widget-heading\" data-id=\"717c0609\" data-element_type=\"widget\" data-e-type=\"widget\" data-widget_type=\"heading.default\">\n\t\t\t\t<div class=\"elementor-widget-container\">\n\t\t\t\t\t<h2 class=\"elementor-heading-title elementor-size-default\">Tipps f\u00fcr eine Reise nach Mallorca im Januar (und um sie ohne Eile zu genie\u00dfen)\n<\/h2>\t\t\t\t<\/div>\n\t\t\t\t<\/div>\n\t\t\t\t<div class=\"elementor-element elementor-element-282805bf elementor-widget elementor-widget-text-editor\" data-id=\"282805bf\" data-element_type=\"widget\" data-e-type=\"widget\" data-widget_type=\"text-editor.default\">\n\t\t\t\t<div class=\"elementor-widget-container\">\n\t\t\t\t\t\t\t\t\t<p><span style=\"font-weight: 400;\">Um Mallorca im Januar optimal zu nutzen, ist es am besten, ein <\/span><b>Auto zu mieten<\/b><span style=\"font-weight: 400;\"> und eine Unterkunft als Ausgangspunkt zu haben, um die verschiedenen Gebiete zu erkunden.<\/span><\/p><p><span style=\"font-weight: 400;\">Wir empfehlen Ihnen, <\/span><b>Kleidung in Schichten zu tragen<\/b><span style=\"font-weight: 400;\">, T-Shirt, leichte Strickjacke und Jacke, um sich tags\u00fcber an die wechselnden Temperaturen anzupassen. Und vergessen Sie nicht <\/span> <b>bequeme Schuhe<\/b><span style=\"font-weight: 400;\"> zum Wandern durch die gepflasterten D\u00f6rfer und f\u00fcr einfache Wanderungen.<\/span><\/p><p><span style=\"font-weight: 400;\">Da es weniger Touristen gibt, k\u00f6nnen Sie mehr improvisieren, aber es ist ratsam, die <\/span><b>\u00d6ffnungszeiten zu \u00fcberpr\u00fcfen<\/b><span style=\"font-weight: 400;\"> von Restaurants und Gesch\u00e4ften, da einige im Winter ihre Dienstleistungen reduzieren. Und obwohl es Januar ist, ist die mediterrane Sonne immer noch t\u00fcckisch, also ein wenig  <\/span><b>Sonnenschutz<\/b><span style=\"font-weight: 400;\"> schadet nicht.<\/span><\/p>\t\t\t\t\t\t\t\t<\/div>\n\t\t\t\t<\/div>\n\t\t\t\t\t<\/div>\n\t\t\t\t<\/div>\n\t\t<div class=\"elementor-element elementor-element-78f1ceb e-flex e-con-boxed e-con e-parent\" data-id=\"78f1ceb\" data-element_type=\"container\" data-e-type=\"container\">\n\t\t\t\t\t<div class=\"e-con-inner\">\n\t\t\t\t<div class=\"elementor-element elementor-element-c85734a elementor-widget elementor-widget-heading\" data-id=\"c85734a\" data-element_type=\"widget\" data-e-type=\"widget\" data-widget_type=\"heading.default\">\n\t\t\t\t<div class=\"elementor-widget-container\">\n\t\t\t\t\t<h2 class=\"elementor-heading-title elementor-size-default\">Besuchen Sie Mallorca im Januar: eine andere Seite der Insel, die Sie \u00fcberraschen wird\n<\/h2>\t\t\t\t<\/div>\n\t\t\t\t<\/div>\n\t\t\t\t<div class=\"elementor-element elementor-element-a35a722 elementor-widget elementor-widget-text-editor\" data-id=\"a35a722\" data-element_type=\"widget\" data-e-type=\"widget\" data-widget_type=\"text-editor.default\">\n\t\t\t\t<div class=\"elementor-widget-container\">\n\t\t\t\t\t\t\t\t\t<p><span style=\"font-weight: 400;\">Mallorca im Januar ist nicht die Insel der Sonnenschirme und H\u00e4ngematten, sondern die der D\u00f6rfer, die in ihrem eigenen Rhythmus leben, der Routen ohne Menschenmassen und der stillen Buchten. Es ist der perfekte Zeitpunkt f\u00fcr diejenigen, die  <\/span><b>das Wesen der Insel kennenlernen<\/b><span style=\"font-weight: 400;\"> jenseits des Sommers.<\/span><\/p><p><span style=\"font-weight: 400;\">Von Palma bis zu den D\u00f6rfern im Zentrum, \u00fcber den Norden und Osten, werden Sie ein <\/span><b>ruhiges, authentisches und sehr angenehmes Mallorca entdecken<\/b> <span style=\"font-weight: 400;\">zum Erkunden mit dem Auto und zu Fu\u00df. Mit einer Unterkunft von Rentallorca als Ausgangspunkt k\u00f6nnen Sie eine Reise nach Ma\u00df organisieren und die andere Seite Mallorcas genie\u00dfen. Kontaktieren Sie uns, um Ihr Apartment zu buchen!  <\/span><\/p>\t\t\t\t\t\t\t\t<\/div>\n\t\t\t\t<\/div>\n\t\t\t\t\t<\/div>\n\t\t\t\t<\/div>\n\t\t<div class=\"elementor-element elementor-element-2a255a30 e-flex e-con-boxed e-con e-parent\" data-id=\"2a255a30\" data-element_type=\"container\" data-e-type=\"container\">\n\t\t\t\t\t<div class=\"e-con-inner\">\n\t\t\t\t<div class=\"elementor-element elementor-element-7f8af4f elementor-widget elementor-widget-shortcode\" data-id=\"7f8af4f\" data-element_type=\"widget\" data-e-type=\"widget\" data-widget_type=\"shortcode.default\">\n\t\t\t\t<div class=\"elementor-widget-container\">\n\t\t\t\t\t\t\t<div class=\"elementor-shortcode\">\t\t<div data-elementor-type=\"page\" data-elementor-id=\"271\" class=\"elementor elementor-271 elementor-170 elementor-170\" data-elementor-post-type=\"elementor_library\">\n\t\t\t\t<div class=\"elementor-element elementor-element-16c5e22 e-flex e-con-boxed e-con e-parent\" data-id=\"16c5e22\" data-element_type=\"container\" data-e-type=\"container\">\n\t\t\t\t\t<div class=\"e-con-inner\">\n\t\t<div class=\"elementor-element elementor-element-ac67807 e-con-full e-flex e-con e-child\" data-id=\"ac67807\" data-element_type=\"container\" data-e-type=\"container\">\n\t\t\t\t<div class=\"elementor-element elementor-element-2ab04b2 elementor-align-justify elementor-widget elementor-widget-button\" data-id=\"2ab04b2\" data-element_type=\"widget\" data-e-type=\"widget\" data-widget_type=\"button.default\">\n\t\t\t\t<div class=\"elementor-widget-container\">\n\t\t\t\t\t\t\t\t\t<div class=\"elementor-button-wrapper\">\n\t\t\t\t\t<a class=\"elementor-button elementor-button-link elementor-size-sm\" href=\"https:\/\/rentallorca.com\/de\/vermietung\/vermietungen-mallorca-e21\/\">\n\t\t\t\t\t\t<span class=\"elementor-button-content-wrapper\">\n\t\t\t\t\t\t\t\t\t<span class=\"elementor-button-text\">Unterk\u00fcnfte in  Mallorca<\/span>\n\t\t\t\t\t<\/span>\n\t\t\t\t\t<\/a>\n\t\t\t\t<\/div>\n\t\t\t\t\t\t\t\t<\/div>\n\t\t\t\t<\/div>\n\t\t\t\t<\/div>\n\t\t<div class=\"elementor-element elementor-element-6bea3dd e-con-full e-flex e-con e-child\" data-id=\"6bea3dd\" data-element_type=\"container\" data-e-type=\"container\">\n\t\t\t\t<div class=\"elementor-element elementor-element-ff8a437 elementor-align-justify elementor-widget elementor-widget-button\" data-id=\"ff8a437\" data-element_type=\"widget\" data-e-type=\"widget\" data-widget_type=\"button.default\">\n\t\t\t\t<div class=\"elementor-widget-container\">\n\t\t\t\t\t\t\t\t\t<div class=\"elementor-button-wrapper\">\n\t\t\t\t\t<a class=\"elementor-button elementor-button-link elementor-size-sm\" href=\"https:\/\/rentallorca.com\/de\/vermietung\/ferienwohnungen-mallorca-c1e21\/\">\n\t\t\t\t\t\t<span class=\"elementor-button-content-wrapper\">\n\t\t\t\t\t\t\t\t\t<span class=\"elementor-button-text\">Wohnungen in Mallorca<\/span>\n\t\t\t\t\t<\/span>\n\t\t\t\t\t<\/a>\n\t\t\t\t<\/div>\n\t\t\t\t\t\t\t\t<\/div>\n\t\t\t\t<\/div>\n\t\t\t\t<\/div>\n\t\t<div class=\"elementor-element elementor-element-d557a64 e-con-full e-flex e-con e-child\" data-id=\"d557a64\" data-element_type=\"container\" data-e-type=\"container\">\n\t\t\t\t<div class=\"elementor-element elementor-element-4421fc4 elementor-align-justify elementor-widget elementor-widget-button\" data-id=\"4421fc4\" data-element_type=\"widget\" data-e-type=\"widget\" data-widget_type=\"button.default\">\n\t\t\t\t<div class=\"elementor-widget-container\">\n\t\t\t\t\t\t\t\t\t<div class=\"elementor-button-wrapper\">\n\t\t\t\t\t<a class=\"elementor-button elementor-button-link elementor-size-sm\" href=\"https:\/\/rentallorca.com\/de\/vermietung\/ferienhauser-alcudia-c19d1098\/\">\n\t\t\t\t\t\t<span class=\"elementor-button-content-wrapper\">\n\t\t\t\t\t\t\t\t\t<span class=\"elementor-button-text\">H\u00e4user in Mallorca<\/span>\n\t\t\t\t\t<\/span>\n\t\t\t\t\t<\/a>\n\t\t\t\t<\/div>\n\t\t\t\t\t\t\t\t<\/div>\n\t\t\t\t<\/div>\n\t\t\t\t<\/div>\n\t\t<div class=\"elementor-element elementor-element-995a361 e-con-full e-flex e-con e-child\" data-id=\"995a361\" data-element_type=\"container\" data-e-type=\"container\">\n\t\t\t\t<div class=\"elementor-element elementor-element-e6addd0 elementor-align-justify elementor-widget elementor-widget-button\" data-id=\"e6addd0\" data-element_type=\"widget\" data-e-type=\"widget\" data-widget_type=\"button.default\">\n\t\t\t\t<div class=\"elementor-widget-container\">\n\t\t\t\t\t\t\t\t\t<div class=\"elementor-button-wrapper\">\n\t\t\t\t\t<a class=\"elementor-button elementor-button-link elementor-size-sm\" href=\"https:\/\/rentallorca.com\/de\/vermietung\/fincas-mallorca-c22e21\/\">\n\t\t\t\t\t\t<span class=\"elementor-button-content-wrapper\">\n\t\t\t\t\t\t\t\t\t<span class=\"elementor-button-text\">Bauernh\u00f6fe in Mallorca<\/span>\n\t\t\t\t\t<\/span>\n\t\t\t\t\t<\/a>\n\t\t\t\t<\/div>\n\t\t\t\t\t\t\t\t<\/div>\n\t\t\t\t<\/div>\n\t\t\t\t<\/div>\n\t\t\t\t\t<\/div>\n\t\t\t\t<\/div>\n\t\t\t\t<\/div>\n\t\t<\/div>\n\t\t\t\t\t\t<\/div>\n\t\t\t\t<\/div>\n\t\t\t\t\t<\/div>\n\t\t\t\t<\/div>\n\t\t\t\t<\/div>\n\t\t","protected":false},"excerpt":{"rendered":"<p>Im Januar hat die Insel einen anderen Rhythmus, der Trubel des Sommers ist vorbei und Mallorca ist ruhig und perfekt zum Genie\u00dfen. Es ist ein Monat f\u00fcr diejenigen, die eine andere Seite des Mittelmeers mit D\u00f6rfern suchen, die das wahre Leben widerspiegeln und nicht nur die sommerliche Postkarte. F\u00fcr diejenigen, die mit Rentallorca reisen, ist [&hellip;]<\/p>\n","protected":false},"author":3,"featured_media":3422,"comment_status":"open","ping_status":"open","sticky":false,"template":"","format":"standard","meta":{"footnotes":""},"categories":[2],"tags":[],"class_list":["post-3438","post","type-post","status-publish","format-standard","has-post-thumbnail","hentry","category-mallorca-urlaub"],"yoast_head":"<!-- This site is optimized with the Yoast SEO plugin v27.5 - https:\/\/yoast.com\/product\/yoast-seo-wordpress\/ -->\n<title>Haben Sie dar\u00fcber nachgedacht, Mallorca im Januar zu besuchen? Wir verraten Ihnen, was Sie unternehmen k\u00f6nnen - Blog<\/title>\n<meta name=\"description\" content=\"Entdecken Sie alles, was man im Januar auf Mallorca unternehmen kann. Genie\u00dfen Sie die Insel mit dem besten Klima und den besten Pl\u00e4nen! Verpassen Sie nicht diesen wichtigen Ratgeber.\" \/>\n<meta name=\"robots\" content=\"index, follow, max-snippet:-1, max-image-preview:large, max-video-preview:-1\" \/>\n<link rel=\"canonical\" href=\"https:\/\/rentallorca.com\/blog\/de\/mallorca-im-january\/\" \/>\n<meta property=\"og:locale\" content=\"de_DE\" \/>\n<meta property=\"og:type\" content=\"article\" \/>\n<meta property=\"og:title\" content=\"Haben Sie dar\u00fcber nachgedacht, Mallorca im Januar zu besuchen? Wir verraten Ihnen, was Sie unternehmen k\u00f6nnen - Blog\" \/>\n<meta property=\"og:description\" content=\"Entdecken Sie alles, was man im Januar auf Mallorca unternehmen kann. Genie\u00dfen Sie die Insel mit dem besten Klima und den besten Pl\u00e4nen! Verpassen Sie nicht diesen wichtigen Ratgeber.\" \/>\n<meta property=\"og:url\" content=\"https:\/\/rentallorca.com\/blog\/de\/mallorca-im-january\/\" \/>\n<meta property=\"og:site_name\" content=\"Blog\" \/>\n<meta property=\"article:published_time\" content=\"2025-12-17T09:05:49+00:00\" \/>\n<meta property=\"article:modified_time\" content=\"2025-12-23T12:23:45+00:00\" \/>\n<meta property=\"og:image\" content=\"https:\/\/rentallorca.com\/blog\/wp-content\/uploads\/2025\/12\/visitar-Mallorca-en-enero.jpg\" \/>\n\t<meta property=\"og:image:width\" content=\"2121\" \/>\n\t<meta property=\"og:image:height\" content=\"707\" \/>\n\t<meta property=\"og:image:type\" content=\"image\/jpeg\" \/>\n<meta name=\"author\" content=\"Axel\" \/>\n<meta name=\"twitter:card\" content=\"summary_large_image\" \/>\n<meta name=\"twitter:label1\" content=\"Written by\" \/>\n\t<meta name=\"twitter:data1\" content=\"Axel\" \/>\n\t<meta name=\"twitter:label2\" content=\"Est. reading time\" \/>\n\t<meta name=\"twitter:data2\" content=\"5 minutes\" \/>\n<script type=\"application\/ld+json\" class=\"yoast-schema-graph\">{\"@context\":\"https:\\\/\\\/schema.org\",\"@graph\":[{\"@type\":\"Article\",\"@id\":\"https:\\\/\\\/rentallorca.com\\\/blog\\\/de\\\/mallorca-im-january\\\/#article\",\"isPartOf\":{\"@id\":\"https:\\\/\\\/rentallorca.com\\\/blog\\\/de\\\/mallorca-im-january\\\/\"},\"author\":{\"name\":\"Axel\",\"@id\":\"https:\\\/\\\/rentallorca.com\\\/blog\\\/de\\\/#\\\/schema\\\/person\\\/8c5ebe5bf8d43e9757ab6869e1d4cbe4\"},\"headline\":\"Haben Sie schon einmal dar\u00fcber nachgedacht, Mallorca im Januar zu besuchen? Hier sind die Gr\u00fcnde daf\u00fcr!\",\"datePublished\":\"2025-12-17T09:05:49+00:00\",\"dateModified\":\"2025-12-23T12:23:45+00:00\",\"mainEntityOfPage\":{\"@id\":\"https:\\\/\\\/rentallorca.com\\\/blog\\\/de\\\/mallorca-im-january\\\/\"},\"wordCount\":1038,\"commentCount\":0,\"image\":{\"@id\":\"https:\\\/\\\/rentallorca.com\\\/blog\\\/de\\\/mallorca-im-january\\\/#primaryimage\"},\"thumbnailUrl\":\"https:\\\/\\\/rentallorca.com\\\/blog\\\/wp-content\\\/uploads\\\/2025\\\/12\\\/visitar-Mallorca-en-enero.jpg\",\"articleSection\":[\"Mallorca\"],\"inLanguage\":\"de\",\"potentialAction\":[{\"@type\":\"CommentAction\",\"name\":\"Comment\",\"target\":[\"https:\\\/\\\/rentallorca.com\\\/blog\\\/de\\\/mallorca-im-january\\\/#respond\"]}]},{\"@type\":\"WebPage\",\"@id\":\"https:\\\/\\\/rentallorca.com\\\/blog\\\/de\\\/mallorca-im-january\\\/\",\"url\":\"https:\\\/\\\/rentallorca.com\\\/blog\\\/de\\\/mallorca-im-january\\\/\",\"name\":\"Haben Sie dar\u00fcber nachgedacht, Mallorca im Januar zu besuchen? Wir verraten Ihnen, was Sie unternehmen k\u00f6nnen - Blog\",\"isPartOf\":{\"@id\":\"https:\\\/\\\/rentallorca.com\\\/blog\\\/de\\\/#website\"},\"primaryImageOfPage\":{\"@id\":\"https:\\\/\\\/rentallorca.com\\\/blog\\\/de\\\/mallorca-im-january\\\/#primaryimage\"},\"image\":{\"@id\":\"https:\\\/\\\/rentallorca.com\\\/blog\\\/de\\\/mallorca-im-january\\\/#primaryimage\"},\"thumbnailUrl\":\"https:\\\/\\\/rentallorca.com\\\/blog\\\/wp-content\\\/uploads\\\/2025\\\/12\\\/visitar-Mallorca-en-enero.jpg\",\"datePublished\":\"2025-12-17T09:05:49+00:00\",\"dateModified\":\"2025-12-23T12:23:45+00:00\",\"author\":{\"@id\":\"https:\\\/\\\/rentallorca.com\\\/blog\\\/de\\\/#\\\/schema\\\/person\\\/8c5ebe5bf8d43e9757ab6869e1d4cbe4\"},\"description\":\"Entdecken Sie alles, was man im Januar auf Mallorca unternehmen kann. Genie\u00dfen Sie die Insel mit dem besten Klima und den besten Pl\u00e4nen! Verpassen Sie nicht diesen wichtigen Ratgeber.\",\"breadcrumb\":{\"@id\":\"https:\\\/\\\/rentallorca.com\\\/blog\\\/de\\\/mallorca-im-january\\\/#breadcrumb\"},\"inLanguage\":\"de\",\"potentialAction\":[{\"@type\":\"ReadAction\",\"target\":[\"https:\\\/\\\/rentallorca.com\\\/blog\\\/de\\\/mallorca-im-january\\\/\"]}]},{\"@type\":\"ImageObject\",\"inLanguage\":\"de\",\"@id\":\"https:\\\/\\\/rentallorca.com\\\/blog\\\/de\\\/mallorca-im-january\\\/#primaryimage\",\"url\":\"https:\\\/\\\/rentallorca.com\\\/blog\\\/wp-content\\\/uploads\\\/2025\\\/12\\\/visitar-Mallorca-en-enero.jpg\",\"contentUrl\":\"https:\\\/\\\/rentallorca.com\\\/blog\\\/wp-content\\\/uploads\\\/2025\\\/12\\\/visitar-Mallorca-en-enero.jpg\",\"width\":2121,\"height\":707,\"caption\":\"Busy harbour with boats in Port de Alcudia, Mallorca, Spain\"},{\"@type\":\"BreadcrumbList\",\"@id\":\"https:\\\/\\\/rentallorca.com\\\/blog\\\/de\\\/mallorca-im-january\\\/#breadcrumb\",\"itemListElement\":[{\"@type\":\"ListItem\",\"position\":1,\"name\":\"Home\",\"item\":\"https:\\\/\\\/rentallorca.com\\\/blog\\\/de\\\/\"},{\"@type\":\"ListItem\",\"position\":2,\"name\":\"Haben Sie schon einmal dar\u00fcber nachgedacht, Mallorca im Januar zu besuchen? Hier sind die Gr\u00fcnde daf\u00fcr!\"}]},{\"@type\":\"WebSite\",\"@id\":\"https:\\\/\\\/rentallorca.com\\\/blog\\\/de\\\/#website\",\"url\":\"https:\\\/\\\/rentallorca.com\\\/blog\\\/de\\\/\",\"name\":\"Blog\",\"description\":\"Rentallorca\",\"potentialAction\":[{\"@type\":\"SearchAction\",\"target\":{\"@type\":\"EntryPoint\",\"urlTemplate\":\"https:\\\/\\\/rentallorca.com\\\/blog\\\/de\\\/?s={search_term_string}\"},\"query-input\":{\"@type\":\"PropertyValueSpecification\",\"valueRequired\":true,\"valueName\":\"search_term_string\"}}],\"inLanguage\":\"de\"},{\"@type\":\"Person\",\"@id\":\"https:\\\/\\\/rentallorca.com\\\/blog\\\/de\\\/#\\\/schema\\\/person\\\/8c5ebe5bf8d43e9757ab6869e1d4cbe4\",\"name\":\"Axel\",\"image\":{\"@type\":\"ImageObject\",\"inLanguage\":\"de\",\"@id\":\"https:\\\/\\\/secure.gravatar.com\\\/avatar\\\/3bd706736e5b70f21f05f6c2d5cad746767782a4ba4b7df399c5969e2a9318fd?s=96&d=mm&r=g\",\"url\":\"https:\\\/\\\/secure.gravatar.com\\\/avatar\\\/3bd706736e5b70f21f05f6c2d5cad746767782a4ba4b7df399c5969e2a9318fd?s=96&d=mm&r=g\",\"contentUrl\":\"https:\\\/\\\/secure.gravatar.com\\\/avatar\\\/3bd706736e5b70f21f05f6c2d5cad746767782a4ba4b7df399c5969e2a9318fd?s=96&d=mm&r=g\",\"caption\":\"Axel\"},\"url\":\"https:\\\/\\\/rentallorca.com\\\/blog\\\/de\\\/author\\\/axel\\\/\"}]}<\/script>\n<!-- \/ Yoast SEO plugin. -->","yoast_head_json":{"title":"Haben Sie dar\u00fcber nachgedacht, Mallorca im Januar zu besuchen? Wir verraten Ihnen, was Sie unternehmen k\u00f6nnen - Blog","description":"Entdecken Sie alles, was man im Januar auf Mallorca unternehmen kann. Genie\u00dfen Sie die Insel mit dem besten Klima und den besten Pl\u00e4nen! Verpassen Sie nicht diesen wichtigen Ratgeber.","robots":{"index":"index","follow":"follow","max-snippet":"max-snippet:-1","max-image-preview":"max-image-preview:large","max-video-preview":"max-video-preview:-1"},"canonical":"https:\/\/rentallorca.com\/blog\/de\/mallorca-im-january\/","og_locale":"de_DE","og_type":"article","og_title":"Haben Sie dar\u00fcber nachgedacht, Mallorca im Januar zu besuchen? Wir verraten Ihnen, was Sie unternehmen k\u00f6nnen - Blog","og_description":"Entdecken Sie alles, was man im Januar auf Mallorca unternehmen kann. Genie\u00dfen Sie die Insel mit dem besten Klima und den besten Pl\u00e4nen! Verpassen Sie nicht diesen wichtigen Ratgeber.","og_url":"https:\/\/rentallorca.com\/blog\/de\/mallorca-im-january\/","og_site_name":"Blog","article_published_time":"2025-12-17T09:05:49+00:00","article_modified_time":"2025-12-23T12:23:45+00:00","og_image":[{"width":2121,"height":707,"url":"https:\/\/rentallorca.com\/blog\/wp-content\/uploads\/2025\/12\/visitar-Mallorca-en-enero.jpg","type":"image\/jpeg"}],"author":"Axel","twitter_card":"summary_large_image","twitter_misc":{"Written by":"Axel","Est. reading time":"5 minutes"},"schema":{"@context":"https:\/\/schema.org","@graph":[{"@type":"Article","@id":"https:\/\/rentallorca.com\/blog\/de\/mallorca-im-january\/#article","isPartOf":{"@id":"https:\/\/rentallorca.com\/blog\/de\/mallorca-im-january\/"},"author":{"name":"Axel","@id":"https:\/\/rentallorca.com\/blog\/de\/#\/schema\/person\/8c5ebe5bf8d43e9757ab6869e1d4cbe4"},"headline":"Haben Sie schon einmal dar\u00fcber nachgedacht, Mallorca im Januar zu besuchen? Hier sind die Gr\u00fcnde daf\u00fcr!","datePublished":"2025-12-17T09:05:49+00:00","dateModified":"2025-12-23T12:23:45+00:00","mainEntityOfPage":{"@id":"https:\/\/rentallorca.com\/blog\/de\/mallorca-im-january\/"},"wordCount":1038,"commentCount":0,"image":{"@id":"https:\/\/rentallorca.com\/blog\/de\/mallorca-im-january\/#primaryimage"},"thumbnailUrl":"https:\/\/rentallorca.com\/blog\/wp-content\/uploads\/2025\/12\/visitar-Mallorca-en-enero.jpg","articleSection":["Mallorca"],"inLanguage":"de","potentialAction":[{"@type":"CommentAction","name":"Comment","target":["https:\/\/rentallorca.com\/blog\/de\/mallorca-im-january\/#respond"]}]},{"@type":"WebPage","@id":"https:\/\/rentallorca.com\/blog\/de\/mallorca-im-january\/","url":"https:\/\/rentallorca.com\/blog\/de\/mallorca-im-january\/","name":"Haben Sie dar\u00fcber nachgedacht, Mallorca im Januar zu besuchen? Wir verraten Ihnen, was Sie unternehmen k\u00f6nnen - Blog","isPartOf":{"@id":"https:\/\/rentallorca.com\/blog\/de\/#website"},"primaryImageOfPage":{"@id":"https:\/\/rentallorca.com\/blog\/de\/mallorca-im-january\/#primaryimage"},"image":{"@id":"https:\/\/rentallorca.com\/blog\/de\/mallorca-im-january\/#primaryimage"},"thumbnailUrl":"https:\/\/rentallorca.com\/blog\/wp-content\/uploads\/2025\/12\/visitar-Mallorca-en-enero.jpg","datePublished":"2025-12-17T09:05:49+00:00","dateModified":"2025-12-23T12:23:45+00:00","author":{"@id":"https:\/\/rentallorca.com\/blog\/de\/#\/schema\/person\/8c5ebe5bf8d43e9757ab6869e1d4cbe4"},"description":"Entdecken Sie alles, was man im Januar auf Mallorca unternehmen kann. Genie\u00dfen Sie die Insel mit dem besten Klima und den besten Pl\u00e4nen! Verpassen Sie nicht diesen wichtigen Ratgeber.","breadcrumb":{"@id":"https:\/\/rentallorca.com\/blog\/de\/mallorca-im-january\/#breadcrumb"},"inLanguage":"de","potentialAction":[{"@type":"ReadAction","target":["https:\/\/rentallorca.com\/blog\/de\/mallorca-im-january\/"]}]},{"@type":"ImageObject","inLanguage":"de","@id":"https:\/\/rentallorca.com\/blog\/de\/mallorca-im-january\/#primaryimage","url":"https:\/\/rentallorca.com\/blog\/wp-content\/uploads\/2025\/12\/visitar-Mallorca-en-enero.jpg","contentUrl":"https:\/\/rentallorca.com\/blog\/wp-content\/uploads\/2025\/12\/visitar-Mallorca-en-enero.jpg","width":2121,"height":707,"caption":"Busy harbour with boats in Port de Alcudia, Mallorca, Spain"},{"@type":"BreadcrumbList","@id":"https:\/\/rentallorca.com\/blog\/de\/mallorca-im-january\/#breadcrumb","itemListElement":[{"@type":"ListItem","position":1,"name":"Home","item":"https:\/\/rentallorca.com\/blog\/de\/"},{"@type":"ListItem","position":2,"name":"Haben Sie schon einmal dar\u00fcber nachgedacht, Mallorca im Januar zu besuchen? Hier sind die Gr\u00fcnde daf\u00fcr!"}]},{"@type":"WebSite","@id":"https:\/\/rentallorca.com\/blog\/de\/#website","url":"https:\/\/rentallorca.com\/blog\/de\/","name":"Blog","description":"Rentallorca","potentialAction":[{"@type":"SearchAction","target":{"@type":"EntryPoint","urlTemplate":"https:\/\/rentallorca.com\/blog\/de\/?s={search_term_string}"},"query-input":{"@type":"PropertyValueSpecification","valueRequired":true,"valueName":"search_term_string"}}],"inLanguage":"de"},{"@type":"Person","@id":"https:\/\/rentallorca.com\/blog\/de\/#\/schema\/person\/8c5ebe5bf8d43e9757ab6869e1d4cbe4","name":"Axel","image":{"@type":"ImageObject","inLanguage":"de","@id":"https:\/\/secure.gravatar.com\/avatar\/3bd706736e5b70f21f05f6c2d5cad746767782a4ba4b7df399c5969e2a9318fd?s=96&d=mm&r=g","url":"https:\/\/secure.gravatar.com\/avatar\/3bd706736e5b70f21f05f6c2d5cad746767782a4ba4b7df399c5969e2a9318fd?s=96&d=mm&r=g","contentUrl":"https:\/\/secure.gravatar.com\/avatar\/3bd706736e5b70f21f05f6c2d5cad746767782a4ba4b7df399c5969e2a9318fd?s=96&d=mm&r=g","caption":"Axel"},"url":"https:\/\/rentallorca.com\/blog\/de\/author\/axel\/"}]}},"_links":{"self":[{"href":"https:\/\/rentallorca.com\/blog\/de\/wp-json\/wp\/v2\/posts\/3438","targetHints":{"allow":["GET"]}}],"collection":[{"href":"https:\/\/rentallorca.com\/blog\/de\/wp-json\/wp\/v2\/posts"}],"about":[{"href":"https:\/\/rentallorca.com\/blog\/de\/wp-json\/wp\/v2\/types\/post"}],"author":[{"embeddable":true,"href":"https:\/\/rentallorca.com\/blog\/de\/wp-json\/wp\/v2\/users\/3"}],"replies":[{"embeddable":true,"href":"https:\/\/rentallorca.com\/blog\/de\/wp-json\/wp\/v2\/comments?post=3438"}],"version-history":[{"count":1,"href":"https:\/\/rentallorca.com\/blog\/de\/wp-json\/wp\/v2\/posts\/3438\/revisions"}],"predecessor-version":[{"id":3440,"href":"https:\/\/rentallorca.com\/blog\/de\/wp-json\/wp\/v2\/posts\/3438\/revisions\/3440"}],"wp:featuredmedia":[{"embeddable":true,"href":"https:\/\/rentallorca.com\/blog\/de\/wp-json\/wp\/v2\/media\/3422"}],"wp:attachment":[{"href":"https:\/\/rentallorca.com\/blog\/de\/wp-json\/wp\/v2\/media?parent=3438"}],"wp:term":[{"taxonomy":"category","embeddable":true,"href":"https:\/\/rentallorca.com\/blog\/de\/wp-json\/wp\/v2\/categories?post=3438"},{"taxonomy":"post_tag","embeddable":true,"href":"https:\/\/rentallorca.com\/blog\/de\/wp-json\/wp\/v2\/tags?post=3438"}],"curies":[{"name":"wp","href":"https:\/\/api.w.org\/{rel}","templated":true}]}}