{"id":2921,"date":"2025-11-05T14:26:52","date_gmt":"2025-11-05T14:26:52","guid":{"rendered":"https:\/\/rentallorca.com\/blog\/?p=2921"},"modified":"2025-11-05T14:47:20","modified_gmt":"2025-11-05T14:47:20","slug":"reiseguide-weihnachten-auf-mallorca","status":"publish","type":"post","link":"https:\/\/rentallorca.com\/blog\/de\/reiseguide-weihnachten-auf-mallorca\/","title":{"rendered":"Reiseguide Weihnachten auf Mallorca"},"content":{"rendered":"\t\t<div data-elementor-type=\"wp-post\" data-elementor-id=\"2921\" class=\"elementor elementor-2921 elementor-2902\" data-elementor-post-type=\"post\">\n\t\t\t\t<div class=\"elementor-element elementor-element-6b2a3c1 e-flex e-con-boxed e-con e-parent\" data-id=\"6b2a3c1\" data-element_type=\"container\" data-e-type=\"container\">\n\t\t\t\t\t<div class=\"e-con-inner\">\n\t\t<div class=\"elementor-element elementor-element-8b897ae e-con-full e-flex e-con e-child\" data-id=\"8b897ae\" data-element_type=\"container\" data-e-type=\"container\">\n\t\t\t\t<div class=\"elementor-element elementor-element-d29150b elementor-widget elementor-widget-heading\" data-id=\"d29150b\" data-element_type=\"widget\" data-e-type=\"widget\" data-widget_type=\"heading.default\">\n\t\t\t\t<div class=\"elementor-widget-container\">\n\t\t\t\t\t<h1 class=\"elementor-heading-title elementor-size-default\">Weihnachten auf Mallorca\n<\/h1>\t\t\t\t<\/div>\n\t\t\t\t<\/div>\n\t\t\t\t<div class=\"elementor-element elementor-element-38ec86c elementor-widget elementor-widget-heading\" data-id=\"38ec86c\" data-element_type=\"widget\" data-e-type=\"widget\" data-widget_type=\"heading.default\">\n\t\t\t\t<div class=\"elementor-widget-container\">\n\t\t\t\t\t<p class=\"elementor-heading-title elementor-size-default\">Entdecken Sie unseren vollst\u00e4ndigen Leitfaden<\/p>\t\t\t\t<\/div>\n\t\t\t\t<\/div>\n\t\t\t\t<div class=\"elementor-element elementor-element-ff4bb62 elementor-widget elementor-widget-text-editor\" data-id=\"ff4bb62\" data-element_type=\"widget\" data-e-type=\"widget\" data-widget_type=\"text-editor.default\">\n\t\t\t\t<div class=\"elementor-widget-container\">\n\t\t\t\t\t\t\t\t\t<p data-pm-slice=\"1 1 []\">Ein unvergessliches Fest unter der Sonne: Weihnachten auf Mallorca ist eine besondere Zeit, in der Tradition, mediterranes Flair und festliche Stimmung zusammenkommen. In diesem Artikel erf\u00e4hrst du alles \u00fcber Tipps f\u00fcr den Urlaub \u00fcber Weihnachten auf Mallorca, wie man Weihnachten auf Mallorca feiert, die Traditionen, das Wetter, h\u00e4ufige Fragen und die besten Unterk\u00fcnfte f\u00fcr Weihnachten auf Mallorca. <\/p>\t\t\t\t\t\t\t\t<\/div>\n\t\t\t\t<\/div>\n\t\t<div class=\"elementor-element elementor-element-3f9271f e-con-full e-flex e-con e-child\" data-id=\"3f9271f\" data-element_type=\"container\" data-e-type=\"container\">\n\t\t<div class=\"elementor-element elementor-element-ebf4305 elementor-hidden-mobile e-con-full e-flex e-con e-child\" data-id=\"ebf4305\" data-element_type=\"container\" data-e-type=\"container\">\n\t\t<div class=\"elementor-element elementor-element-70a6734 e-con-full e-flex e-con e-child\" data-id=\"70a6734\" data-element_type=\"container\" data-e-type=\"container\">\n\t\t\t\t<\/div>\n\t\t<div class=\"elementor-element elementor-element-1327b88 e-con-full e-flex e-con e-child\" data-id=\"1327b88\" data-element_type=\"container\" data-e-type=\"container\">\n\t\t\t\t<div class=\"elementor-element elementor-element-fe21d79 elementor-view-default elementor-widget elementor-widget-icon\" data-id=\"fe21d79\" data-element_type=\"widget\" data-e-type=\"widget\" data-widget_type=\"icon.default\">\n\t\t\t\t<div class=\"elementor-widget-container\">\n\t\t\t\t\t\t\t<div class=\"elementor-icon-wrapper\">\n\t\t\t<a class=\"elementor-icon\" href=\"#ubicacion\">\n\t\t\t<svg aria-hidden=\"true\" class=\"e-font-icon-svg e-fas-map-pin\" viewBox=\"0 0 288 512\" xmlns=\"http:\/\/www.w3.org\/2000\/svg\"><path d=\"M112 316.94v156.69l22.02 33.02c4.75 7.12 15.22 7.12 19.97 0L176 473.63V316.94c-10.39 1.92-21.06 3.06-32 3.06s-21.61-1.14-32-3.06zM144 0C64.47 0 0 64.47 0 144s64.47 144 144 144 144-64.47 144-144S223.53 0 144 0zm0 76c-37.5 0-68 30.5-68 68 0 6.62-5.38 12-12 12s-12-5.38-12-12c0-50.73 41.28-92 92-92 6.62 0 12 5.38 12 12s-5.38 12-12 12z\"><\/path><\/svg>\t\t\t<\/a>\n\t\t<\/div>\n\t\t\t\t\t\t<\/div>\n\t\t\t\t<\/div>\n\t\t\t\t<\/div>\n\t\t<div class=\"elementor-element elementor-element-826d91e e-con-full e-flex e-con e-child\" data-id=\"826d91e\" data-element_type=\"container\" data-e-type=\"container\">\n\t\t\t\t<div class=\"elementor-element elementor-element-1410e63 elementor-view-default elementor-widget elementor-widget-icon\" data-id=\"1410e63\" data-element_type=\"widget\" data-e-type=\"widget\" data-widget_type=\"icon.default\">\n\t\t\t\t<div class=\"elementor-widget-container\">\n\t\t\t\t\t\t\t<div class=\"elementor-icon-wrapper\">\n\t\t\t<a class=\"elementor-icon\" href=\"#destination\">\n\t\t\t<svg aria-hidden=\"true\" class=\"e-font-icon-svg e-far-bell\" viewBox=\"0 0 448 512\" xmlns=\"http:\/\/www.w3.org\/2000\/svg\"><path d=\"M439.39 362.29c-19.32-20.76-55.47-51.99-55.47-154.29 0-77.7-54.48-139.9-127.94-155.16V32c0-17.67-14.32-32-31.98-32s-31.98 14.33-31.98 32v20.84C118.56 68.1 64.08 130.3 64.08 208c0 102.3-36.15 133.53-55.47 154.29-6 6.45-8.66 14.16-8.61 21.71.11 16.4 12.98 32 32.1 32h383.8c19.12 0 32-15.6 32.1-32 .05-7.55-2.61-15.27-8.61-21.71zM67.53 368c21.22-27.97 44.42-74.33 44.53-159.42 0-.2-.06-.38-.06-.58 0-61.86 50.14-112 112-112s112 50.14 112 112c0 .2-.06.38-.06.58.11 85.1 23.31 131.46 44.53 159.42H67.53zM224 512c35.32 0 63.97-28.65 63.97-64H160.03c0 35.35 28.65 64 63.97 64z\"><\/path><\/svg>\t\t\t<\/a>\n\t\t<\/div>\n\t\t\t\t\t\t<\/div>\n\t\t\t\t<\/div>\n\t\t\t\t<\/div>\n\t\t<div class=\"elementor-element elementor-element-f4516bd e-con-full e-flex e-con e-child\" data-id=\"f4516bd\" data-element_type=\"container\" data-e-type=\"container\">\n\t\t\t\t<div class=\"elementor-element elementor-element-8e5a180 elementor-view-default elementor-widget elementor-widget-icon\" data-id=\"8e5a180\" data-element_type=\"widget\" data-e-type=\"widget\" data-widget_type=\"icon.default\">\n\t\t\t\t<div class=\"elementor-widget-container\">\n\t\t\t\t\t\t\t<div class=\"elementor-icon-wrapper\">\n\t\t\t<a class=\"elementor-icon\" href=\"#servicios\">\n\t\t\t<svg aria-hidden=\"true\" class=\"e-font-icon-svg e-fas-sun\" viewBox=\"0 0 512 512\" xmlns=\"http:\/\/www.w3.org\/2000\/svg\"><path d=\"M256 160c-52.9 0-96 43.1-96 96s43.1 96 96 96 96-43.1 96-96-43.1-96-96-96zm246.4 80.5l-94.7-47.3 33.5-100.4c4.5-13.6-8.4-26.5-21.9-21.9l-100.4 33.5-47.4-94.8c-6.4-12.8-24.6-12.8-31 0l-47.3 94.7L92.7 70.8c-13.6-4.5-26.5 8.4-21.9 21.9l33.5 100.4-94.7 47.4c-12.8 6.4-12.8 24.6 0 31l94.7 47.3-33.5 100.5c-4.5 13.6 8.4 26.5 21.9 21.9l100.4-33.5 47.3 94.7c6.4 12.8 24.6 12.8 31 0l47.3-94.7 100.4 33.5c13.6 4.5 26.5-8.4 21.9-21.9l-33.5-100.4 94.7-47.3c13-6.5 13-24.7.2-31.1zm-155.9 106c-49.9 49.9-131.1 49.9-181 0-49.9-49.9-49.9-131.1 0-181 49.9-49.9 131.1-49.9 181 0 49.9 49.9 49.9 131.1 0 181z\"><\/path><\/svg>\t\t\t<\/a>\n\t\t<\/div>\n\t\t\t\t\t\t<\/div>\n\t\t\t\t<\/div>\n\t\t\t\t<\/div>\n\t\t<div class=\"elementor-element elementor-element-62a45de e-con-full e-flex e-con e-child\" data-id=\"62a45de\" data-element_type=\"container\" data-e-type=\"container\">\n\t\t\t\t<div class=\"elementor-element elementor-element-7980261 elementor-view-default elementor-widget elementor-widget-icon\" data-id=\"7980261\" data-element_type=\"widget\" data-e-type=\"widget\" data-widget_type=\"icon.default\">\n\t\t\t\t<div class=\"elementor-widget-container\">\n\t\t\t\t\t\t\t<div class=\"elementor-icon-wrapper\">\n\t\t\t<a class=\"elementor-icon\" href=\"#alojamientos\">\n\t\t\t<svg aria-hidden=\"true\" class=\"e-font-icon-svg e-fas-house-user\" viewBox=\"0 0 576 512\" xmlns=\"http:\/\/www.w3.org\/2000\/svg\"><path d=\"M570.69,236.27,512,184.44V48a16,16,0,0,0-16-16H432a16,16,0,0,0-16,16V99.67L314.78,10.3C308.5,4.61,296.53,0,288,0s-20.46,4.61-26.74,10.3l-256,226A18.27,18.27,0,0,0,0,248.2a18.64,18.64,0,0,0,4.09,10.71L25.5,282.7a21.14,21.14,0,0,0,12,5.3,21.67,21.67,0,0,0,10.69-4.11l15.9-14V480a32,32,0,0,0,32,32H480a32,32,0,0,0,32-32V269.88l15.91,14A21.94,21.94,0,0,0,538.63,288a20.89,20.89,0,0,0,11.87-5.31l21.41-23.81A21.64,21.64,0,0,0,576,248.19,21,21,0,0,0,570.69,236.27ZM288,176a64,64,0,1,1-64,64A64,64,0,0,1,288,176ZM400,448H176a16,16,0,0,1-16-16,96,96,0,0,1,96-96h64a96,96,0,0,1,96,96A16,16,0,0,1,400,448Z\"><\/path><\/svg>\t\t\t<\/a>\n\t\t<\/div>\n\t\t\t\t\t\t<\/div>\n\t\t\t\t<\/div>\n\t\t\t\t<\/div>\n\t\t<div class=\"elementor-element elementor-element-27977cb e-con-full e-flex e-con e-child\" data-id=\"27977cb\" data-element_type=\"container\" data-e-type=\"container\">\n\t\t\t\t<div class=\"elementor-element elementor-element-8ad96a4 elementor-view-default elementor-widget elementor-widget-icon\" data-id=\"8ad96a4\" data-element_type=\"widget\" data-e-type=\"widget\" data-widget_type=\"icon.default\">\n\t\t\t\t<div class=\"elementor-widget-container\">\n\t\t\t\t\t\t\t<div class=\"elementor-icon-wrapper\">\n\t\t\t<a class=\"elementor-icon\" href=\"#preguntas\">\n\t\t\t<svg aria-hidden=\"true\" class=\"e-font-icon-svg e-fas-question\" viewBox=\"0 0 384 512\" xmlns=\"http:\/\/www.w3.org\/2000\/svg\"><path d=\"M202.021 0C122.202 0 70.503 32.703 29.914 91.026c-7.363 10.58-5.093 25.086 5.178 32.874l43.138 32.709c10.373 7.865 25.132 6.026 33.253-4.148 25.049-31.381 43.63-49.449 82.757-49.449 30.764 0 68.816 19.799 68.816 49.631 0 22.552-18.617 34.134-48.993 51.164-35.423 19.86-82.299 44.576-82.299 106.405V320c0 13.255 10.745 24 24 24h72.471c13.255 0 24-10.745 24-24v-5.773c0-42.86 125.268-44.645 125.268-160.627C377.504 66.256 286.902 0 202.021 0zM192 373.459c-38.196 0-69.271 31.075-69.271 69.271 0 38.195 31.075 69.27 69.271 69.27s69.271-31.075 69.271-69.271-31.075-69.27-69.271-69.27z\"><\/path><\/svg>\t\t\t<\/a>\n\t\t<\/div>\n\t\t\t\t\t\t<\/div>\n\t\t\t\t<\/div>\n\t\t\t\t<\/div>\n\t\t<div class=\"elementor-element elementor-element-0d7e1b4 e-con-full e-flex e-con e-child\" data-id=\"0d7e1b4\" data-element_type=\"container\" data-e-type=\"container\">\n\t\t\t\t<\/div>\n\t\t\t\t<\/div>\n\t\t\t\t<\/div>\n\t\t\t\t<\/div>\n\t\t\t\t\t<\/div>\n\t\t\t\t<\/div>\n\t\t<div class=\"elementor-element elementor-element-85051c2 e-flex e-con-boxed e-con e-parent\" data-id=\"85051c2\" data-element_type=\"container\" data-e-type=\"container\" id=\"ubicacion\">\n\t\t\t\t\t<div class=\"e-con-inner\">\n\t\t<div class=\"elementor-element elementor-element-d6a29f2 e-con-full e-flex e-con e-child\" data-id=\"d6a29f2\" data-element_type=\"container\" data-e-type=\"container\">\n\t\t<div class=\"elementor-element elementor-element-8d246a0 e-con-full e-flex e-con e-child\" data-id=\"8d246a0\" data-element_type=\"container\" data-e-type=\"container\">\n\t\t\t\t<div class=\"elementor-element elementor-element-f4e1dd5 elementor-widget elementor-widget-heading\" data-id=\"f4e1dd5\" data-element_type=\"widget\" data-e-type=\"widget\" data-widget_type=\"heading.default\">\n\t\t\t\t<div class=\"elementor-widget-container\">\n\t\t\t\t\t<h2 class=\"elementor-heading-title elementor-size-default\">Urlaub \u00fcber Weihnachten auf Mallorca \u2013 Tipps von Einheimischen und Reiseexperten\n<\/h2>\t\t\t\t<\/div>\n\t\t\t\t<\/div>\n\t\t\t\t<div class=\"elementor-element elementor-element-81157ff elementor-widget elementor-widget-text-editor\" data-id=\"81157ff\" data-element_type=\"widget\" data-e-type=\"widget\" data-widget_type=\"text-editor.default\">\n\t\t\t\t<div class=\"elementor-widget-container\">\n\t\t\t\t\t\t\t\t\t<p>Reiseexperten raten, ein Auto zu mieten, um die Weihnachtsm\u00e4rkte in Palma und kleinen D\u00f6rfern bequem zu erreichen. Auch wenn es keine klassischen Schneelandschaften gibt, verspr\u00fcht die Insel mit Lichterketten, Ch\u00f6ren und festlicher Musik eine warme, einladende Atmosph\u00e4re \u2013 genau das macht Weihnachten auf Mallorca so einzigartig. <\/p><p>Viele Einheimische empfehlen, ein Ferienhaus oder eine Finca zu mieten, um das authentische Inselleben zu erleben. Besonders beliebt sind Regionen wie S\u00f3ller, Pollen\u00e7a oder Santa Maria, wo du das ruhige Winterambiente genie\u00dfen kannst. <\/p>\t\t\t\t\t\t\t\t<\/div>\n\t\t\t\t<\/div>\n\t\t\t\t<\/div>\n\t\t<div class=\"elementor-element elementor-element-edd35b3 e-con-full e-flex e-con e-child\" data-id=\"edd35b3\" data-element_type=\"container\" data-e-type=\"container\">\n\t\t\t\t<div class=\"elementor-element elementor-element-f5c2dec elementor-view-default elementor-position-block-start elementor-mobile-position-block-start elementor-widget elementor-widget-icon-box\" data-id=\"f5c2dec\" data-element_type=\"widget\" data-e-type=\"widget\" data-widget_type=\"icon-box.default\">\n\t\t\t\t<div class=\"elementor-widget-container\">\n\t\t\t\t\t\t\t<div class=\"elementor-icon-box-wrapper\">\n\n\t\t\t\t\t\t<div class=\"elementor-icon-box-icon\">\n\t\t\t\t<span  class=\"elementor-icon\">\n\t\t\t\t<svg aria-hidden=\"true\" class=\"e-font-icon-svg e-fas-hand-holding-heart\" viewBox=\"0 0 576 512\" xmlns=\"http:\/\/www.w3.org\/2000\/svg\"><path d=\"M275.3 250.5c7 7.4 18.4 7.4 25.5 0l108.9-114.2c31.6-33.2 29.8-88.2-5.6-118.8-30.8-26.7-76.7-21.9-104.9 7.7L288 36.9l-11.1-11.6C248.7-4.4 202.8-9.2 172 17.5c-35.3 30.6-37.2 85.6-5.6 118.8l108.9 114.2zm290 77.6c-11.8-10.7-30.2-10-42.6 0L430.3 402c-11.3 9.1-25.4 14-40 14H272c-8.8 0-16-7.2-16-16s7.2-16 16-16h78.3c15.9 0 30.7-10.9 33.3-26.6 3.3-20-12.1-37.4-31.6-37.4H192c-27 0-53.1 9.3-74.1 26.3L71.4 384H16c-8.8 0-16 7.2-16 16v96c0 8.8 7.2 16 16 16h356.8c14.5 0 28.6-4.9 40-14L564 377c15.2-12.1 16.4-35.3 1.3-48.9z\"><\/path><\/svg>\t\t\t\t<\/span>\n\t\t\t<\/div>\n\t\t\t\n\t\t\t\t\t\t<div class=\"elementor-icon-box-content\">\n\n\t\t\t\t\t\t\t\t\t<div class=\"elementor-icon-box-title\">\n\t\t\t\t\t\t<span  >\n\t\t\t\t\t\t\tPlanen Sie Ihre Reise im Voraus\t\t\t\t\t\t<\/span>\n\t\t\t\t\t<\/div>\n\t\t\t\t\n\t\t\t\t\t\t\t\t\t<p class=\"elementor-icon-box-description\">\n\t\t\t\t\t\tWenn du einen Urlaub \u00fcber Weihnachten auf Mallorca planst, lohnt es sich, rechtzeitig zu organisieren. <br>\t\t\t\t\t<\/p>\n\t\t\t\t\n\t\t\t<\/div>\n\t\t\t\n\t\t<\/div>\n\t\t\t\t\t\t<\/div>\n\t\t\t\t<\/div>\n\t\t\t\t<\/div>\n\t\t\t\t<\/div>\n\t\t\t\t\t<\/div>\n\t\t\t\t<\/div>\n\t\t<div class=\"elementor-element elementor-element-1d205c5 e-flex e-con-boxed e-con e-parent\" data-id=\"1d205c5\" data-element_type=\"container\" data-e-type=\"container\">\n\t\t\t\t\t<div class=\"e-con-inner\">\n\t\t\t\t<div class=\"elementor-element elementor-element-88e4a12 elementor-widget elementor-widget-image\" data-id=\"88e4a12\" data-element_type=\"widget\" data-e-type=\"widget\" data-widget_type=\"image.default\">\n\t\t\t\t<div class=\"elementor-widget-container\">\n\t\t\t\t\t\t\t\t\t\t\t\t\t\t\t<img fetchpriority=\"high\" decoding=\"async\" width=\"1920\" height=\"800\" src=\"https:\/\/rentallorca.com\/blog\/wp-content\/uploads\/2025\/11\/weihnachten-auf-mallorca-1.webp\" class=\"attachment-full size-full wp-image-2909\" alt=\"Reiseguide Weihnachten auf Mallorca\" srcset=\"https:\/\/rentallorca.com\/blog\/wp-content\/uploads\/2025\/11\/weihnachten-auf-mallorca-1.webp 1920w, https:\/\/rentallorca.com\/blog\/wp-content\/uploads\/2025\/11\/weihnachten-auf-mallorca-1-300x125.webp 300w, https:\/\/rentallorca.com\/blog\/wp-content\/uploads\/2025\/11\/weihnachten-auf-mallorca-1-1024x427.webp 1024w, https:\/\/rentallorca.com\/blog\/wp-content\/uploads\/2025\/11\/weihnachten-auf-mallorca-1-768x320.webp 768w, https:\/\/rentallorca.com\/blog\/wp-content\/uploads\/2025\/11\/weihnachten-auf-mallorca-1-1536x640.webp 1536w\" sizes=\"(max-width: 1920px) 100vw, 1920px\" \/>\t\t\t\t\t\t\t\t\t\t\t\t\t\t\t<\/div>\n\t\t\t\t<\/div>\n\t\t\t\t\t<\/div>\n\t\t\t\t<\/div>\n\t\t<div class=\"elementor-element elementor-element-0e2f490 e-flex e-con-boxed e-con e-parent\" data-id=\"0e2f490\" data-element_type=\"container\" data-e-type=\"container\" id=\"destination\">\n\t\t\t\t\t<div class=\"e-con-inner\">\n\t\t<div class=\"elementor-element elementor-element-a3a4a3b e-con-full e-flex e-con e-child\" data-id=\"a3a4a3b\" data-element_type=\"container\" data-e-type=\"container\">\n\t\t\t\t<div class=\"elementor-element elementor-element-2aab49f elementor-widget elementor-widget-heading\" data-id=\"2aab49f\" data-element_type=\"widget\" data-e-type=\"widget\" data-widget_type=\"heading.default\">\n\t\t\t\t<div class=\"elementor-widget-container\">\n\t\t\t\t\t<h2 class=\"elementor-heading-title elementor-size-default\">Wie feiert man Weihnachten auf Mallorca<\/h2>\t\t\t\t<\/div>\n\t\t\t\t<\/div>\n\t\t\t\t<div class=\"elementor-element elementor-element-fef020e elementor-widget elementor-widget-text-editor\" data-id=\"fef020e\" data-element_type=\"widget\" data-e-type=\"widget\" data-widget_type=\"text-editor.default\">\n\t\t\t\t<div class=\"elementor-widget-container\">\n\t\t\t\t\t\t\t\t\t<p>Wie feiert man Weihnachten auf Mallorca? Auf der Insel verbinden sich spanische und mallorquinische Br\u00e4uche zu einem ganz besonderen Fest. W\u00e4hrend in anderen Teilen Europas Schnee und K\u00e4lte herrschen, erlebt man hier eine warme, famili\u00e4re und festliche Atmosph\u00e4re. Die Stra\u00dfen von Palma und den D\u00f6rfern sind wundersch\u00f6n beleuchtet, und \u00fcberall duftet es nach typischen Weihnachtsleckereien. Familien und Freunde treffen sich, um gemeinsam zu essen, Musik zu h\u00f6ren und die Feiertage in gem\u00fctlicher Runde zu genie\u00dfen.   <\/p>\t\t\t\t\t\t\t\t<\/div>\n\t\t\t\t<\/div>\n\t\t\t\t<div class=\"elementor-element elementor-element-fde72ba elementor-widget elementor-widget-heading\" data-id=\"fde72ba\" data-element_type=\"widget\" data-e-type=\"widget\" data-widget_type=\"heading.default\">\n\t\t\t\t<div class=\"elementor-widget-container\">\n\t\t\t\t\t<h3 class=\"elementor-heading-title elementor-size-default\">Weihnachten auf Mallorca Traditionen\n<\/h3>\t\t\t\t<\/div>\n\t\t\t\t<\/div>\n\t\t\t\t<div class=\"elementor-element elementor-element-24bfdb5 elementor-widget elementor-widget-text-editor\" data-id=\"24bfdb5\" data-element_type=\"widget\" data-e-type=\"widget\" data-widget_type=\"text-editor.default\">\n\t\t\t\t<div class=\"elementor-widget-container\">\n\t\t\t\t\t\t\t\t\t<p>Die Weihnachten auf Mallorca Traditionen spiegeln den einzigartigen Charakter der Insel wider. Am 24. Dezember, der \u201eNochebuena\u201c, kommt die Familie zusammen, um ein festliches Abendessen zu teilen \u2013 oft mit Gerichten wie \u201eSopa de Nadal\u201c (eine reichhaltige Suppe mit Fleischb\u00e4llchen), Lamm oder Schweinebraten. Danach besuchen viele die Mitternachtsmesse, \u201eLa Misa del Gallo\u201c. Am Weihnachtstag selbst geht es ruhiger zu, bevor am 6. Januar die farbenfrohen Dreik\u00f6nigsumz\u00fcge (\u201eCabalgata de Reyes\u201c) die Stra\u00dfen f\u00fcllen. Kinder erhalten an diesem Tag ihre Geschenke, und die ganze Insel feiert mit Musik, S\u00fc\u00dfigkeiten und einem gro\u00dfen L\u00e4cheln.   <\/p>\t\t\t\t\t\t\t\t<\/div>\n\t\t\t\t<\/div>\n\t\t\t\t<\/div>\n\t\t\t\t\t<\/div>\n\t\t\t\t<\/div>\n\t\t<div class=\"elementor-element elementor-element-1bdb8a3 e-flex e-con-boxed e-con e-parent\" data-id=\"1bdb8a3\" data-element_type=\"container\" data-e-type=\"container\">\n\t\t\t\t\t<div class=\"e-con-inner\">\n\t\t\t\t<div class=\"elementor-element elementor-element-959fcfb elementor-widget elementor-widget-image\" data-id=\"959fcfb\" data-element_type=\"widget\" data-e-type=\"widget\" data-widget_type=\"image.default\">\n\t\t\t\t<div class=\"elementor-widget-container\">\n\t\t\t\t\t\t\t\t\t\t\t\t\t\t\t<img decoding=\"async\" width=\"1920\" height=\"800\" src=\"https:\/\/rentallorca.com\/blog\/wp-content\/uploads\/2025\/11\/weihnachten-auf-mallorca-2.webp\" class=\"attachment-full size-full wp-image-2912\" alt=\"Reiseguide Weihnachten auf Mallorca\" srcset=\"https:\/\/rentallorca.com\/blog\/wp-content\/uploads\/2025\/11\/weihnachten-auf-mallorca-2.webp 1920w, https:\/\/rentallorca.com\/blog\/wp-content\/uploads\/2025\/11\/weihnachten-auf-mallorca-2-300x125.webp 300w, https:\/\/rentallorca.com\/blog\/wp-content\/uploads\/2025\/11\/weihnachten-auf-mallorca-2-1024x427.webp 1024w, https:\/\/rentallorca.com\/blog\/wp-content\/uploads\/2025\/11\/weihnachten-auf-mallorca-2-768x320.webp 768w, https:\/\/rentallorca.com\/blog\/wp-content\/uploads\/2025\/11\/weihnachten-auf-mallorca-2-1536x640.webp 1536w\" sizes=\"(max-width: 1920px) 100vw, 1920px\" \/>\t\t\t\t\t\t\t\t\t\t\t\t\t\t\t<\/div>\n\t\t\t\t<\/div>\n\t\t\t\t\t<\/div>\n\t\t\t\t<\/div>\n\t\t<div class=\"elementor-element elementor-element-799fd0d e-flex e-con-boxed e-con e-parent\" data-id=\"799fd0d\" data-element_type=\"container\" data-e-type=\"container\" id=\"servicios\">\n\t\t\t\t\t<div class=\"e-con-inner\">\n\t\t<div class=\"elementor-element elementor-element-6df99b7 e-con-full e-flex e-con e-child\" data-id=\"6df99b7\" data-element_type=\"container\" data-e-type=\"container\">\n\t\t\t\t<div class=\"elementor-element elementor-element-1259d60 elementor-widget elementor-widget-heading\" data-id=\"1259d60\" data-element_type=\"widget\" data-e-type=\"widget\" data-widget_type=\"heading.default\">\n\t\t\t\t<div class=\"elementor-widget-container\">\n\t\t\t\t\t<h2 class=\"elementor-heading-title elementor-size-default\">Wie ist das Wetter Weihnachten auf Mallorca\n<\/h2>\t\t\t\t<\/div>\n\t\t\t\t<\/div>\n\t\t\t\t<div class=\"elementor-element elementor-element-05da9cf elementor-widget elementor-widget-text-editor\" data-id=\"05da9cf\" data-element_type=\"widget\" data-e-type=\"widget\" data-widget_type=\"text-editor.default\">\n\t\t\t\t<div class=\"elementor-widget-container\">\n\t\t\t\t\t\t\t\t\t<p>W\u00e4hrend Nordeuropa in Schnee und K\u00e4lte versinkt, bietet Mallorca im Dezember mildes, angenehmes Wetter. Die Temperaturen liegen meist zwischen 12 und 18 Grad \u2013 perfekt f\u00fcr Spazierg\u00e4nge am Meer oder Ausfl\u00fcge in die Berge. Viele sch\u00e4tzen das ruhige, sonnige Klima, das ideal f\u00fcr einen entspannten Winterurlaub ist. Deshalb entscheiden sich immer mehr Reisende f\u00fcr Weihnachten auf Mallorca, um dem Winter zu entfliehen.  <\/p>\t\t\t\t\t\t\t\t<\/div>\n\t\t\t\t<\/div>\n\t\t\t\t<div class=\"elementor-element elementor-element-a77de56 elementor-widget elementor-widget-heading\" data-id=\"a77de56\" data-element_type=\"widget\" data-e-type=\"widget\" data-widget_type=\"heading.default\">\n\t\t\t\t<div class=\"elementor-widget-container\">\n\t\t\t\t\t<h3 class=\"elementor-heading-title elementor-size-default\">Wie warm ist es Weihnachten auf Mallorca\n<\/h3>\t\t\t\t<\/div>\n\t\t\t\t<\/div>\n\t\t\t\t<div class=\"elementor-element elementor-element-6caba59 elementor-widget elementor-widget-text-editor\" data-id=\"6caba59\" data-element_type=\"widget\" data-e-type=\"widget\" data-widget_type=\"text-editor.default\">\n\t\t\t\t<div class=\"elementor-widget-container\">\n\t\t\t\t\t\t\t\t\t<p>Du fragst dich, wie warm ist es Weihnachten auf Mallorca? Durchschnittlich liegt die Tagestemperatur bei etwa 16 Grad, w\u00e4hrend es nachts etwas frischer wird. Ein leichter Pullover reicht oft aus, und an sonnigen Tagen kann man sogar im Caf\u00e9 im Freien sitzen. Das Meer ist zwar zu kalt zum Schwimmen, aber ideal f\u00fcr Spazierg\u00e4nge entlang der K\u00fcste.  <\/p>\t\t\t\t\t\t\t\t<\/div>\n\t\t\t\t<\/div>\n\t\t\t\t<\/div>\n\t\t\t\t\t<\/div>\n\t\t\t\t<\/div>\n\t\t<div class=\"elementor-element elementor-element-4c1e7c1 e-flex e-con-boxed e-con e-parent\" data-id=\"4c1e7c1\" data-element_type=\"container\" data-e-type=\"container\">\n\t\t\t\t\t<div class=\"e-con-inner\">\n\t\t\t\t<div class=\"elementor-element elementor-element-ee9a962 elementor-widget elementor-widget-image\" data-id=\"ee9a962\" data-element_type=\"widget\" data-e-type=\"widget\" data-widget_type=\"image.default\">\n\t\t\t\t<div class=\"elementor-widget-container\">\n\t\t\t\t\t\t\t\t\t\t\t\t\t\t\t<img decoding=\"async\" width=\"1920\" height=\"800\" src=\"https:\/\/rentallorca.com\/blog\/wp-content\/uploads\/2025\/11\/weihnachten-auf-mallorca-3.webp\" class=\"attachment-full size-full wp-image-2915\" alt=\"Reiseguide Weihnachten auf Mallorca\" srcset=\"https:\/\/rentallorca.com\/blog\/wp-content\/uploads\/2025\/11\/weihnachten-auf-mallorca-3.webp 1920w, https:\/\/rentallorca.com\/blog\/wp-content\/uploads\/2025\/11\/weihnachten-auf-mallorca-3-300x125.webp 300w, https:\/\/rentallorca.com\/blog\/wp-content\/uploads\/2025\/11\/weihnachten-auf-mallorca-3-1024x427.webp 1024w, https:\/\/rentallorca.com\/blog\/wp-content\/uploads\/2025\/11\/weihnachten-auf-mallorca-3-768x320.webp 768w, https:\/\/rentallorca.com\/blog\/wp-content\/uploads\/2025\/11\/weihnachten-auf-mallorca-3-1536x640.webp 1536w\" sizes=\"(max-width: 1920px) 100vw, 1920px\" \/>\t\t\t\t\t\t\t\t\t\t\t\t\t\t\t<\/div>\n\t\t\t\t<\/div>\n\t\t\t\t\t<\/div>\n\t\t\t\t<\/div>\n\t\t<div class=\"elementor-element elementor-element-eb46b78 e-flex e-con-boxed e-con e-parent\" data-id=\"eb46b78\" data-element_type=\"container\" data-e-type=\"container\" id=\"alojamientos\">\n\t\t\t\t\t<div class=\"e-con-inner\">\n\t\t<div class=\"elementor-element elementor-element-b53a42b e-con-full e-flex e-con e-child\" data-id=\"b53a42b\" data-element_type=\"container\" data-e-type=\"container\">\n\t\t\t\t<div class=\"elementor-element elementor-element-3dbb44c elementor-widget elementor-widget-heading\" data-id=\"3dbb44c\" data-element_type=\"widget\" data-e-type=\"widget\" data-widget_type=\"heading.default\">\n\t\t\t\t<div class=\"elementor-widget-container\">\n\t\t\t\t\t<h2 class=\"elementor-heading-title elementor-size-default\">Wo \u00fcbernachten an Weihnachten auf Mallorca<\/h2>\t\t\t\t<\/div>\n\t\t\t\t<\/div>\n\t\t\t\t<div class=\"elementor-element elementor-element-f8f2c6e elementor-widget elementor-widget-text-editor\" data-id=\"f8f2c6e\" data-element_type=\"widget\" data-e-type=\"widget\" data-widget_type=\"text-editor.default\">\n\t\t\t\t<div class=\"elementor-widget-container\">\n\t\t\t\t\t\t\t\t\t<p>F\u00fcr ein authentisches Erlebnis empfehlen wir Ihnen, eine Ferienunterkunft statt eines Hotels zu mieten. Bei Rentallorca finden Sie eine gro\u00dfe Auswahl an charmanten Landh\u00e4usern, Ferienh\u00e4usern und Apartments \u2013 ideal f\u00fcr Familien, Paare oder Gruppen. Ob Sie ein rustikales Cottage in der Serra de Tramuntana oder eine moderne Villa am Meer suchen: Hier finden Sie die perfekte Unterkunft f\u00fcr Ihre Weihnachten auf Mallorca.  <\/p>\t\t\t\t\t\t\t\t<\/div>\n\t\t\t\t<\/div>\n\t\t\t\t<\/div>\n\t\t\t\t\t<\/div>\n\t\t\t\t<\/div>\n\t\t<div class=\"elementor-element elementor-element-9c34c49 e-flex e-con-boxed e-con e-parent\" data-id=\"9c34c49\" data-element_type=\"container\" data-e-type=\"container\">\n\t\t\t\t\t<div class=\"e-con-inner\">\n\t\t\t\t<div class=\"elementor-element elementor-element-1abdae4 elementor-widget__width-inherit elementor-widget elementor-widget-grid\" data-id=\"1abdae4\" data-element_type=\"widget\" data-e-type=\"widget\" data-widget_type=\"grid.default\">\n\t\t\t\t<div class=\"elementor-widget-container\">\n\t\t\t\t\t\t\t<div class=\"its--row alojamientos-recomendados\">\n\n\t\t\t<div class=\"alojamientos-recomendados-container\">\n\n\t\t\t\t\t\n\t\t\t\t\t<a href=\"https:\/\/rentallorca.com\/de\/vermietung\/ferienwohnung-petra-ah0002-apartamento-son-calo-b-504152.html\" rel=\"nofollow\" style=\"width: 32%;\">\n\t\t\t\t\t\t<div class=\"apartamento-box\">\n\t\t\t\t\t\t\t<div class=\"imagen_recomendados\">\n\t\t\t\t\t\t\t\t<img decoding=\"async\" src=\"https:\/\/crs.avantio.com\/fotos\/2\/17277961446dacc8be1902835c326ed62a9cc2a0a2\/big172779615576397b0e10af3c9655dc000120d647da.jpg\" alt=\"Apartamento Son Calo B by Rentallorca\">\n\t\t\t\t\t\t\t<\/div>\n\t\t\t\t\t\t\t<div class=\"info\">\n\t\t\t\t\t\t\t\t<div class=\"ubicacion\">\n\t\t\t\t\t\t\t\t\t<i class=\"fa-solid fa-location-dot icono-mapa\"><\/i><span class=\"ubicacion-texto\">Petra - Mallorca<\/span>\n\t\t\t\t\t\t\t\t<\/div>\n\t\t\t\t\t\t\t\t<H4 class=\"titulo-alojamiento\">\n\t\t\t\t\t\t\t\t\tApartamento Son Calo B by Rentallorca\t\t\t\t\t\t\t\t<\/H4>\n\t\t\t\t\t\t\t\t<p class=\"precio-alojamiento\">Aus <span class=\"precio\">79.80\u20ac<\/span> pro Nacht<\/p>\n\t\t\t\t\t\t\t<\/div>\n\t\t\t\t\t\t<\/div>\n\t\t\t\t\t<\/a> \n\t\t\t\t\t\t\n\t\t\t\t\t<a href=\"https:\/\/rentallorca.com\/de\/vermietung\/ferienwohnung-petra-ah0004-apartamento-son-calo-e-504626.html\" rel=\"nofollow\" style=\"width: 32%;\">\n\t\t\t\t\t\t<div class=\"apartamento-box\">\n\t\t\t\t\t\t\t<div class=\"imagen_recomendados\">\n\t\t\t\t\t\t\t\t<img decoding=\"async\" src=\"https:\/\/crs.avantio.com\/fotos\/3\/1728488335f21fa21c2ffe529a9914c2a062d7fde3\/big17284883429c6672ef4fcd569df30e54edf622d25a.jpg\" alt=\" Apartamento Son Calo E by Rentallorca\">\n\t\t\t\t\t\t\t<\/div>\n\t\t\t\t\t\t\t<div class=\"info\">\n\t\t\t\t\t\t\t\t<div class=\"ubicacion\">\n\t\t\t\t\t\t\t\t\t<i class=\"fa-solid fa-location-dot icono-mapa\"><\/i><span class=\"ubicacion-texto\">Petra - Mallorca<\/span>\n\t\t\t\t\t\t\t\t<\/div>\n\t\t\t\t\t\t\t\t<H4 class=\"titulo-alojamiento\">\n\t\t\t\t\t\t\t\t\t Apartamento Son Calo E by Rentallorca\t\t\t\t\t\t\t\t<\/H4>\n\t\t\t\t\t\t\t\t<p class=\"precio-alojamiento\">Aus <span class=\"precio\">79.80\u20ac<\/span> pro Nacht<\/p>\n\t\t\t\t\t\t\t<\/div>\n\t\t\t\t\t\t<\/div>\n\t\t\t\t\t<\/a> \n\t\t\t\t\t\t\n\t\t\t\t\t<a href=\"https:\/\/rentallorca.com\/de\/vermietung\/ferienwohnung-petra-ah0001-apartamento-son-calo-a-507006.html\" rel=\"nofollow\" style=\"width: 32%;\">\n\t\t\t\t\t\t<div class=\"apartamento-box\">\n\t\t\t\t\t\t\t<div class=\"imagen_recomendados\">\n\t\t\t\t\t\t\t\t<img decoding=\"async\" src=\"https:\/\/crs.avantio.com\/fotos\/3\/1730276964ced2fd58b66d04ebac860b596dee40a8\/big17302769650b8f23c250b6143349a1872e57f00069.jpg\" alt=\"Apartamento Son Calo A by Rentallorca\">\n\t\t\t\t\t\t\t<\/div>\n\t\t\t\t\t\t\t<div class=\"info\">\n\t\t\t\t\t\t\t\t<div class=\"ubicacion\">\n\t\t\t\t\t\t\t\t\t<i class=\"fa-solid fa-location-dot icono-mapa\"><\/i><span class=\"ubicacion-texto\">Petra - Mallorca<\/span>\n\t\t\t\t\t\t\t\t<\/div>\n\t\t\t\t\t\t\t\t<H4 class=\"titulo-alojamiento\">\n\t\t\t\t\t\t\t\t\tApartamento Son Calo A by Rentallorca\t\t\t\t\t\t\t\t<\/H4>\n\t\t\t\t\t\t\t\t<p class=\"precio-alojamiento\">Aus <span class=\"precio\">79.80\u20ac<\/span> pro Nacht<\/p>\n\t\t\t\t\t\t\t<\/div>\n\t\t\t\t\t\t<\/div>\n\t\t\t\t\t<\/a> \n\t\t\t\t\t\t\t\t<\/div>\n\t\t\t<\/div>\n\t\t\t\t\t\t<\/div>\n\t\t\t\t<\/div>\n\t\t\t\t<div class=\"elementor-element elementor-element-9a879b1 elementor-widget elementor-widget-button\" data-id=\"9a879b1\" data-element_type=\"widget\" data-e-type=\"widget\" data-widget_type=\"button.default\">\n\t\t\t\t<div class=\"elementor-widget-container\">\n\t\t\t\t\t\t\t\t\t<div class=\"elementor-button-wrapper\">\n\t\t\t\t\t<a class=\"elementor-button elementor-button-link elementor-size-sm\" href=\"https:\/\/rentallorca.com\/de\/hotels-mallorca-inland\/\">\n\t\t\t\t\t\t<span class=\"elementor-button-content-wrapper\">\n\t\t\t\t\t\t\t\t\t<span class=\"elementor-button-text\">Buchen Sie in unseren Landhotels<\/span>\n\t\t\t\t\t<\/span>\n\t\t\t\t\t<\/a>\n\t\t\t\t<\/div>\n\t\t\t\t\t\t\t\t<\/div>\n\t\t\t\t<\/div>\n\t\t\t\t\t<\/div>\n\t\t\t\t<\/div>\n\t\t<div class=\"elementor-element elementor-element-8a655d9 e-flex e-con-boxed e-con e-parent\" data-id=\"8a655d9\" data-element_type=\"container\" data-e-type=\"container\">\n\t\t\t\t\t<div class=\"e-con-inner\">\n\t\t<div class=\"elementor-element elementor-element-2a6c15b e-con-full e-flex e-con e-child\" data-id=\"2a6c15b\" data-element_type=\"container\" data-e-type=\"container\">\n\t\t<div class=\"elementor-element elementor-element-6fd42fd e-con-full e-flex e-con e-child\" data-id=\"6fd42fd\" data-element_type=\"container\" data-e-type=\"container\">\n\t\t\t\t<div class=\"elementor-element elementor-element-487dd01 elementor-widget elementor-widget-heading\" data-id=\"487dd01\" data-element_type=\"widget\" data-e-type=\"widget\" data-widget_type=\"heading.default\">\n\t\t\t\t<div class=\"elementor-widget-container\">\n\t\t\t\t\t<h2 class=\"elementor-heading-title elementor-size-default\"> <br> <br> <br> <br>N\u00fctzliche Antworten <p>\nauf <b>h\u00e4ufig gestellte Fragen<\/b><\/h2>\t\t\t\t<\/div>\n\t\t\t\t<\/div>\n\t\t\t\t<\/div>\n\t\t<div class=\"elementor-element elementor-element-d9683df e-con-full e-flex e-con e-child\" data-id=\"d9683df\" data-element_type=\"container\" data-e-type=\"container\">\n\t\t\t\t<div class=\"elementor-element elementor-element-15eead0 elementor-widget elementor-widget-icon-box\" data-id=\"15eead0\" data-element_type=\"widget\" data-e-type=\"widget\" data-widget_type=\"icon-box.default\">\n\t\t\t\t<div class=\"elementor-widget-container\">\n\t\t\t\t\t\t\t<div class=\"elementor-icon-box-wrapper\">\n\n\t\t\t\n\t\t\t\t\t\t<div class=\"elementor-icon-box-content\">\n\n\t\t\t\t\t\t\t\t\t<h3 class=\"elementor-icon-box-title\">\n\t\t\t\t\t\t<span  >\n\t\t\t\t\t\t\tWann wird auf Mallorca Weihnachten gefeiert?\t\t\t\t\t\t<\/span>\n\t\t\t\t\t<\/h3>\n\t\t\t\t\n\t\t\t\t\t\t\t\t\t<p class=\"elementor-icon-box-description\">\n\t\t\t\t\t\tViele Besucher fragen sich, wann wird auf Mallorca Weihnachten gefeiert. Das Fest beginnt auf der Insel am Abend des 24. Dezember mit der \u201eNochebuena\u201c. Familien treffen sich zu einem gro\u00dfen Abendessen und besuchen anschlie\u00dfend die Mitternachtsmesse. Der 25. Dezember ist der offizielle Feiertag, an dem man gemeinsam entspannt und feiert. Doch die Feierlichkeiten enden nicht dort \u2013 am 6. Januar bringen die Heiligen Drei K\u00f6nige den Kindern ihre Geschenke.  \t\t\t\t\t<\/p>\n\t\t\t\t\n\t\t\t<\/div>\n\t\t\t\n\t\t<\/div>\n\t\t\t\t\t\t<\/div>\n\t\t\t\t<\/div>\n\t\t\t\t<\/div>\n\t\t<div class=\"elementor-element elementor-element-dc5bd62 e-con-full e-flex e-con e-child\" data-id=\"dc5bd62\" data-element_type=\"container\" data-e-type=\"container\">\n\t\t\t\t<div class=\"elementor-element elementor-element-93b03cb elementor-widget elementor-widget-icon-box\" data-id=\"93b03cb\" data-element_type=\"widget\" data-e-type=\"widget\" data-widget_type=\"icon-box.default\">\n\t\t\t\t<div class=\"elementor-widget-container\">\n\t\t\t\t\t\t\t<div class=\"elementor-icon-box-wrapper\">\n\n\t\t\t\n\t\t\t\t\t\t<div class=\"elementor-icon-box-content\">\n\n\t\t\t\t\t\t\t\t\t<h3 class=\"elementor-icon-box-title\">\n\t\t\t\t\t\t<span  >\n\t\t\t\t\t\t\tWerden Weihnachten und Silvester auf Mallorca unterschiedlich gefeiert?\t\t\t\t\t\t<\/span>\n\t\t\t\t\t<\/h3>\n\t\t\t\t\n\t\t\t\t\t\t\t\t\t<p class=\"elementor-icon-box-description\">\n\t\t\t\t\t\tWeihnachten und Silvester auf Mallorca sind zwei ganz unterschiedliche, aber gleicherma\u00dfen fr\u00f6hliche Feiern. W\u00e4hrend Weihnachten famili\u00e4r und ruhig ist, wird Silvester (\u201eNochevieja\u201c) mit Musik, Tanz und Feuerwerk in den Stra\u00dfen gefeiert. Um Mitternacht essen die Mallorquiner traditionell zw\u00f6lf Weintrauben \u2013 eine pro Glockenschlag \u2013 als Symbol f\u00fcr Gl\u00fcck im neuen Jahr.  \n\t\t\t\t\t<\/p>\n\t\t\t\t\n\t\t\t<\/div>\n\t\t\t\n\t\t<\/div>\n\t\t\t\t\t\t<\/div>\n\t\t\t\t<\/div>\n\t\t\t\t<\/div>\n\t\t\t\t<\/div>\n\t\t<div class=\"elementor-element elementor-element-7bae057 e-con-full e-flex e-con e-child\" data-id=\"7bae057\" data-element_type=\"container\" data-e-type=\"container\">\n\t\t<div class=\"elementor-element elementor-element-ecb7c2b e-con-full e-flex e-con e-child\" data-id=\"ecb7c2b\" data-element_type=\"container\" data-e-type=\"container\">\n\t\t\t\t<\/div>\n\t\t<div class=\"elementor-element elementor-element-91aa34f e-con-full e-flex e-con e-child\" data-id=\"91aa34f\" data-element_type=\"container\" data-e-type=\"container\">\n\t\t\t\t<div class=\"elementor-element elementor-element-2f73217 elementor-widget elementor-widget-icon-box\" data-id=\"2f73217\" data-element_type=\"widget\" data-e-type=\"widget\" data-widget_type=\"icon-box.default\">\n\t\t\t\t<div class=\"elementor-widget-container\">\n\t\t\t\t\t\t\t<div class=\"elementor-icon-box-wrapper\">\n\n\t\t\t\n\t\t\t\t\t\t<div class=\"elementor-icon-box-content\">\n\n\t\t\t\t\t\t\t\t\t<h3 class=\"elementor-icon-box-title\">\n\t\t\t\t\t\t<span  >\n\t\t\t\t\t\t\tWann werden die Weihnachtslichter auf Mallorca eingeschaltet?\t\t\t\t\t\t<\/span>\n\t\t\t\t\t<\/h3>\n\t\t\t\t\n\t\t\t\t\t\t\t\t\t<p class=\"elementor-icon-box-description\">\n\t\t\t\t\t\tEine der am meisten erwarteten Fragen jedes Jahr ist, wann die Weihnachtsbeleuchtung auf Mallorca eingeschaltet wird. 2024 fand die offizielle Einschaltung der Weihnachtsbeleuchtung am 28. November in Palma statt, mit einer Musikshow und Aktivit\u00e4ten auf der Plaza de Cort. Dieses Ereignis markiert den Beginn der Weihnachtszeit und zieht Tausende von Besuchern an.  \n\t\t\t\t\t<\/p>\n\t\t\t\t\n\t\t\t<\/div>\n\t\t\t\n\t\t<\/div>\n\t\t\t\t\t\t<\/div>\n\t\t\t\t<\/div>\n\t\t\t\t<\/div>\n\t\t\t\t<\/div>\n\t\t\t\t\t<\/div>\n\t\t\t\t<\/div>\n\t\t\t\t<\/div>\n\t\t","protected":false},"excerpt":{"rendered":"<p>Weihnachten auf Mallorca Entdecken Sie unseren vollst\u00e4ndigen Leitfaden Ein unvergessliches Fest unter der Sonne: Weihnachten auf Mallorca ist eine besondere Zeit, in der Tradition, mediterranes Flair und festliche Stimmung zusammenkommen. In diesem Artikel erf\u00e4hrst du alles \u00fcber Tipps f\u00fcr den Urlaub \u00fcber Weihnachten auf Mallorca, wie man Weihnachten auf Mallorca feiert, die Traditionen, das Wetter, [&hellip;]<\/p>\n","protected":false},"author":2,"featured_media":2905,"comment_status":"open","ping_status":"open","sticky":false,"template":"","format":"standard","meta":{"footnotes":""},"categories":[37],"tags":[],"class_list":["post-2921","post","type-post","status-publish","format-standard","has-post-thumbnail","hentry","category-reiseguide"],"yoast_head":"<!-- This site is optimized with the Yoast SEO plugin v27.5 - https:\/\/yoast.com\/product\/yoast-seo-wordpress\/ -->\n<title>Reiseguide Weihnachten auf Mallorca | Rentallorca<\/title>\n<meta name=\"description\" content=\"Weihnachten auf Mallorca ist eine ganz besondere Zeit. Buchen Sie eine Unterkunft auf der Insel und genie\u00dfen Sie die Feiertage mit Ihrer Familie.\" \/>\n<meta name=\"robots\" content=\"index, follow, max-snippet:-1, max-image-preview:large, max-video-preview:-1\" \/>\n<link rel=\"canonical\" href=\"https:\/\/rentallorca.com\/blog\/de\/reiseguide-weihnachten-auf-mallorca\/\" \/>\n<meta property=\"og:locale\" content=\"de_DE\" \/>\n<meta property=\"og:type\" content=\"article\" \/>\n<meta property=\"og:title\" content=\"Reiseguide Weihnachten auf Mallorca | Rentallorca\" \/>\n<meta property=\"og:description\" content=\"Weihnachten auf Mallorca ist eine ganz besondere Zeit. Buchen Sie eine Unterkunft auf der Insel und genie\u00dfen Sie die Feiertage mit Ihrer Familie.\" \/>\n<meta property=\"og:url\" content=\"https:\/\/rentallorca.com\/blog\/de\/reiseguide-weihnachten-auf-mallorca\/\" \/>\n<meta property=\"og:site_name\" content=\"Blog\" \/>\n<meta property=\"article:published_time\" content=\"2025-11-05T14:26:52+00:00\" \/>\n<meta property=\"article:modified_time\" content=\"2025-11-05T14:47:20+00:00\" \/>\n<meta property=\"og:image\" content=\"https:\/\/rentallorca.com\/blog\/wp-content\/uploads\/2025\/11\/weihnachten-auf-mallorca.webp\" \/>\n\t<meta property=\"og:image:width\" content=\"1920\" \/>\n\t<meta property=\"og:image:height\" content=\"400\" \/>\n\t<meta property=\"og:image:type\" content=\"image\/webp\" \/>\n<meta name=\"author\" content=\"digitalservices\" \/>\n<meta name=\"twitter:card\" content=\"summary_large_image\" \/>\n<meta name=\"twitter:label1\" content=\"Written by\" \/>\n\t<meta name=\"twitter:data1\" content=\"digitalservices\" \/>\n\t<meta name=\"twitter:label2\" content=\"Est. reading time\" \/>\n\t<meta name=\"twitter:data2\" content=\"4 minutes\" \/>\n<script type=\"application\/ld+json\" class=\"yoast-schema-graph\">{\"@context\":\"https:\\\/\\\/schema.org\",\"@graph\":[{\"@type\":\"Article\",\"@id\":\"https:\\\/\\\/rentallorca.com\\\/blog\\\/de\\\/reiseguide-weihnachten-auf-mallorca\\\/#article\",\"isPartOf\":{\"@id\":\"https:\\\/\\\/rentallorca.com\\\/blog\\\/de\\\/reiseguide-weihnachten-auf-mallorca\\\/\"},\"author\":{\"name\":\"digitalservices\",\"@id\":\"https:\\\/\\\/rentallorca.com\\\/blog\\\/de\\\/#\\\/schema\\\/person\\\/52fc00dd86d9c81282a034a332134bc2\"},\"headline\":\"Reiseguide Weihnachten auf Mallorca\",\"datePublished\":\"2025-11-05T14:26:52+00:00\",\"dateModified\":\"2025-11-05T14:47:20+00:00\",\"mainEntityOfPage\":{\"@id\":\"https:\\\/\\\/rentallorca.com\\\/blog\\\/de\\\/reiseguide-weihnachten-auf-mallorca\\\/\"},\"wordCount\":844,\"commentCount\":0,\"image\":{\"@id\":\"https:\\\/\\\/rentallorca.com\\\/blog\\\/de\\\/reiseguide-weihnachten-auf-mallorca\\\/#primaryimage\"},\"thumbnailUrl\":\"https:\\\/\\\/rentallorca.com\\\/blog\\\/wp-content\\\/uploads\\\/2025\\\/11\\\/weihnachten-auf-mallorca.webp\",\"articleSection\":[\"Reiseguide\"],\"inLanguage\":\"de\",\"potentialAction\":[{\"@type\":\"CommentAction\",\"name\":\"Comment\",\"target\":[\"https:\\\/\\\/rentallorca.com\\\/blog\\\/de\\\/reiseguide-weihnachten-auf-mallorca\\\/#respond\"]}]},{\"@type\":\"WebPage\",\"@id\":\"https:\\\/\\\/rentallorca.com\\\/blog\\\/de\\\/reiseguide-weihnachten-auf-mallorca\\\/\",\"url\":\"https:\\\/\\\/rentallorca.com\\\/blog\\\/de\\\/reiseguide-weihnachten-auf-mallorca\\\/\",\"name\":\"Reiseguide Weihnachten auf Mallorca | Rentallorca\",\"isPartOf\":{\"@id\":\"https:\\\/\\\/rentallorca.com\\\/blog\\\/de\\\/#website\"},\"primaryImageOfPage\":{\"@id\":\"https:\\\/\\\/rentallorca.com\\\/blog\\\/de\\\/reiseguide-weihnachten-auf-mallorca\\\/#primaryimage\"},\"image\":{\"@id\":\"https:\\\/\\\/rentallorca.com\\\/blog\\\/de\\\/reiseguide-weihnachten-auf-mallorca\\\/#primaryimage\"},\"thumbnailUrl\":\"https:\\\/\\\/rentallorca.com\\\/blog\\\/wp-content\\\/uploads\\\/2025\\\/11\\\/weihnachten-auf-mallorca.webp\",\"datePublished\":\"2025-11-05T14:26:52+00:00\",\"dateModified\":\"2025-11-05T14:47:20+00:00\",\"author\":{\"@id\":\"https:\\\/\\\/rentallorca.com\\\/blog\\\/de\\\/#\\\/schema\\\/person\\\/52fc00dd86d9c81282a034a332134bc2\"},\"description\":\"Weihnachten auf Mallorca ist eine ganz besondere Zeit. Buchen Sie eine Unterkunft auf der Insel und genie\u00dfen Sie die Feiertage mit Ihrer Familie.\",\"breadcrumb\":{\"@id\":\"https:\\\/\\\/rentallorca.com\\\/blog\\\/de\\\/reiseguide-weihnachten-auf-mallorca\\\/#breadcrumb\"},\"inLanguage\":\"de\",\"potentialAction\":[{\"@type\":\"ReadAction\",\"target\":[\"https:\\\/\\\/rentallorca.com\\\/blog\\\/de\\\/reiseguide-weihnachten-auf-mallorca\\\/\"]}]},{\"@type\":\"ImageObject\",\"inLanguage\":\"de\",\"@id\":\"https:\\\/\\\/rentallorca.com\\\/blog\\\/de\\\/reiseguide-weihnachten-auf-mallorca\\\/#primaryimage\",\"url\":\"https:\\\/\\\/rentallorca.com\\\/blog\\\/wp-content\\\/uploads\\\/2025\\\/11\\\/weihnachten-auf-mallorca.webp\",\"contentUrl\":\"https:\\\/\\\/rentallorca.com\\\/blog\\\/wp-content\\\/uploads\\\/2025\\\/11\\\/weihnachten-auf-mallorca.webp\",\"width\":1920,\"height\":400,\"caption\":\"Reiseguide Weihnachten auf Mallorca\"},{\"@type\":\"BreadcrumbList\",\"@id\":\"https:\\\/\\\/rentallorca.com\\\/blog\\\/de\\\/reiseguide-weihnachten-auf-mallorca\\\/#breadcrumb\",\"itemListElement\":[{\"@type\":\"ListItem\",\"position\":1,\"name\":\"Home\",\"item\":\"https:\\\/\\\/rentallorca.com\\\/blog\\\/de\\\/\"},{\"@type\":\"ListItem\",\"position\":2,\"name\":\"Reiseguide Weihnachten auf Mallorca\"}]},{\"@type\":\"WebSite\",\"@id\":\"https:\\\/\\\/rentallorca.com\\\/blog\\\/de\\\/#website\",\"url\":\"https:\\\/\\\/rentallorca.com\\\/blog\\\/de\\\/\",\"name\":\"Blog\",\"description\":\"Rentallorca\",\"potentialAction\":[{\"@type\":\"SearchAction\",\"target\":{\"@type\":\"EntryPoint\",\"urlTemplate\":\"https:\\\/\\\/rentallorca.com\\\/blog\\\/de\\\/?s={search_term_string}\"},\"query-input\":{\"@type\":\"PropertyValueSpecification\",\"valueRequired\":true,\"valueName\":\"search_term_string\"}}],\"inLanguage\":\"de\"},{\"@type\":\"Person\",\"@id\":\"https:\\\/\\\/rentallorca.com\\\/blog\\\/de\\\/#\\\/schema\\\/person\\\/52fc00dd86d9c81282a034a332134bc2\",\"name\":\"digitalservices\",\"image\":{\"@type\":\"ImageObject\",\"inLanguage\":\"de\",\"@id\":\"https:\\\/\\\/secure.gravatar.com\\\/avatar\\\/af30f88a1904294c1f3eb09a9d7903eec4ffa18fa2cf40c28a8681014ecdfc20?s=96&d=mm&r=g\",\"url\":\"https:\\\/\\\/secure.gravatar.com\\\/avatar\\\/af30f88a1904294c1f3eb09a9d7903eec4ffa18fa2cf40c28a8681014ecdfc20?s=96&d=mm&r=g\",\"contentUrl\":\"https:\\\/\\\/secure.gravatar.com\\\/avatar\\\/af30f88a1904294c1f3eb09a9d7903eec4ffa18fa2cf40c28a8681014ecdfc20?s=96&d=mm&r=g\",\"caption\":\"digitalservices\"},\"url\":\"https:\\\/\\\/rentallorca.com\\\/blog\\\/de\\\/author\\\/digitalservices\\\/\"}]}<\/script>\n<!-- \/ Yoast SEO plugin. -->","yoast_head_json":{"title":"Reiseguide Weihnachten auf Mallorca | Rentallorca","description":"Weihnachten auf Mallorca ist eine ganz besondere Zeit. Buchen Sie eine Unterkunft auf der Insel und genie\u00dfen Sie die Feiertage mit Ihrer Familie.","robots":{"index":"index","follow":"follow","max-snippet":"max-snippet:-1","max-image-preview":"max-image-preview:large","max-video-preview":"max-video-preview:-1"},"canonical":"https:\/\/rentallorca.com\/blog\/de\/reiseguide-weihnachten-auf-mallorca\/","og_locale":"de_DE","og_type":"article","og_title":"Reiseguide Weihnachten auf Mallorca | Rentallorca","og_description":"Weihnachten auf Mallorca ist eine ganz besondere Zeit. Buchen Sie eine Unterkunft auf der Insel und genie\u00dfen Sie die Feiertage mit Ihrer Familie.","og_url":"https:\/\/rentallorca.com\/blog\/de\/reiseguide-weihnachten-auf-mallorca\/","og_site_name":"Blog","article_published_time":"2025-11-05T14:26:52+00:00","article_modified_time":"2025-11-05T14:47:20+00:00","og_image":[{"width":1920,"height":400,"url":"https:\/\/rentallorca.com\/blog\/wp-content\/uploads\/2025\/11\/weihnachten-auf-mallorca.webp","type":"image\/webp"}],"author":"digitalservices","twitter_card":"summary_large_image","twitter_misc":{"Written by":"digitalservices","Est. reading time":"4 minutes"},"schema":{"@context":"https:\/\/schema.org","@graph":[{"@type":"Article","@id":"https:\/\/rentallorca.com\/blog\/de\/reiseguide-weihnachten-auf-mallorca\/#article","isPartOf":{"@id":"https:\/\/rentallorca.com\/blog\/de\/reiseguide-weihnachten-auf-mallorca\/"},"author":{"name":"digitalservices","@id":"https:\/\/rentallorca.com\/blog\/de\/#\/schema\/person\/52fc00dd86d9c81282a034a332134bc2"},"headline":"Reiseguide Weihnachten auf Mallorca","datePublished":"2025-11-05T14:26:52+00:00","dateModified":"2025-11-05T14:47:20+00:00","mainEntityOfPage":{"@id":"https:\/\/rentallorca.com\/blog\/de\/reiseguide-weihnachten-auf-mallorca\/"},"wordCount":844,"commentCount":0,"image":{"@id":"https:\/\/rentallorca.com\/blog\/de\/reiseguide-weihnachten-auf-mallorca\/#primaryimage"},"thumbnailUrl":"https:\/\/rentallorca.com\/blog\/wp-content\/uploads\/2025\/11\/weihnachten-auf-mallorca.webp","articleSection":["Reiseguide"],"inLanguage":"de","potentialAction":[{"@type":"CommentAction","name":"Comment","target":["https:\/\/rentallorca.com\/blog\/de\/reiseguide-weihnachten-auf-mallorca\/#respond"]}]},{"@type":"WebPage","@id":"https:\/\/rentallorca.com\/blog\/de\/reiseguide-weihnachten-auf-mallorca\/","url":"https:\/\/rentallorca.com\/blog\/de\/reiseguide-weihnachten-auf-mallorca\/","name":"Reiseguide Weihnachten auf Mallorca | Rentallorca","isPartOf":{"@id":"https:\/\/rentallorca.com\/blog\/de\/#website"},"primaryImageOfPage":{"@id":"https:\/\/rentallorca.com\/blog\/de\/reiseguide-weihnachten-auf-mallorca\/#primaryimage"},"image":{"@id":"https:\/\/rentallorca.com\/blog\/de\/reiseguide-weihnachten-auf-mallorca\/#primaryimage"},"thumbnailUrl":"https:\/\/rentallorca.com\/blog\/wp-content\/uploads\/2025\/11\/weihnachten-auf-mallorca.webp","datePublished":"2025-11-05T14:26:52+00:00","dateModified":"2025-11-05T14:47:20+00:00","author":{"@id":"https:\/\/rentallorca.com\/blog\/de\/#\/schema\/person\/52fc00dd86d9c81282a034a332134bc2"},"description":"Weihnachten auf Mallorca ist eine ganz besondere Zeit. Buchen Sie eine Unterkunft auf der Insel und genie\u00dfen Sie die Feiertage mit Ihrer Familie.","breadcrumb":{"@id":"https:\/\/rentallorca.com\/blog\/de\/reiseguide-weihnachten-auf-mallorca\/#breadcrumb"},"inLanguage":"de","potentialAction":[{"@type":"ReadAction","target":["https:\/\/rentallorca.com\/blog\/de\/reiseguide-weihnachten-auf-mallorca\/"]}]},{"@type":"ImageObject","inLanguage":"de","@id":"https:\/\/rentallorca.com\/blog\/de\/reiseguide-weihnachten-auf-mallorca\/#primaryimage","url":"https:\/\/rentallorca.com\/blog\/wp-content\/uploads\/2025\/11\/weihnachten-auf-mallorca.webp","contentUrl":"https:\/\/rentallorca.com\/blog\/wp-content\/uploads\/2025\/11\/weihnachten-auf-mallorca.webp","width":1920,"height":400,"caption":"Reiseguide Weihnachten auf Mallorca"},{"@type":"BreadcrumbList","@id":"https:\/\/rentallorca.com\/blog\/de\/reiseguide-weihnachten-auf-mallorca\/#breadcrumb","itemListElement":[{"@type":"ListItem","position":1,"name":"Home","item":"https:\/\/rentallorca.com\/blog\/de\/"},{"@type":"ListItem","position":2,"name":"Reiseguide Weihnachten auf Mallorca"}]},{"@type":"WebSite","@id":"https:\/\/rentallorca.com\/blog\/de\/#website","url":"https:\/\/rentallorca.com\/blog\/de\/","name":"Blog","description":"Rentallorca","potentialAction":[{"@type":"SearchAction","target":{"@type":"EntryPoint","urlTemplate":"https:\/\/rentallorca.com\/blog\/de\/?s={search_term_string}"},"query-input":{"@type":"PropertyValueSpecification","valueRequired":true,"valueName":"search_term_string"}}],"inLanguage":"de"},{"@type":"Person","@id":"https:\/\/rentallorca.com\/blog\/de\/#\/schema\/person\/52fc00dd86d9c81282a034a332134bc2","name":"digitalservices","image":{"@type":"ImageObject","inLanguage":"de","@id":"https:\/\/secure.gravatar.com\/avatar\/af30f88a1904294c1f3eb09a9d7903eec4ffa18fa2cf40c28a8681014ecdfc20?s=96&d=mm&r=g","url":"https:\/\/secure.gravatar.com\/avatar\/af30f88a1904294c1f3eb09a9d7903eec4ffa18fa2cf40c28a8681014ecdfc20?s=96&d=mm&r=g","contentUrl":"https:\/\/secure.gravatar.com\/avatar\/af30f88a1904294c1f3eb09a9d7903eec4ffa18fa2cf40c28a8681014ecdfc20?s=96&d=mm&r=g","caption":"digitalservices"},"url":"https:\/\/rentallorca.com\/blog\/de\/author\/digitalservices\/"}]}},"_links":{"self":[{"href":"https:\/\/rentallorca.com\/blog\/de\/wp-json\/wp\/v2\/posts\/2921","targetHints":{"allow":["GET"]}}],"collection":[{"href":"https:\/\/rentallorca.com\/blog\/de\/wp-json\/wp\/v2\/posts"}],"about":[{"href":"https:\/\/rentallorca.com\/blog\/de\/wp-json\/wp\/v2\/types\/post"}],"author":[{"embeddable":true,"href":"https:\/\/rentallorca.com\/blog\/de\/wp-json\/wp\/v2\/users\/2"}],"replies":[{"embeddable":true,"href":"https:\/\/rentallorca.com\/blog\/de\/wp-json\/wp\/v2\/comments?post=2921"}],"version-history":[{"count":1,"href":"https:\/\/rentallorca.com\/blog\/de\/wp-json\/wp\/v2\/posts\/2921\/revisions"}],"predecessor-version":[{"id":2922,"href":"https:\/\/rentallorca.com\/blog\/de\/wp-json\/wp\/v2\/posts\/2921\/revisions\/2922"}],"wp:featuredmedia":[{"embeddable":true,"href":"https:\/\/rentallorca.com\/blog\/de\/wp-json\/wp\/v2\/media\/2905"}],"wp:attachment":[{"href":"https:\/\/rentallorca.com\/blog\/de\/wp-json\/wp\/v2\/media?parent=2921"}],"wp:term":[{"taxonomy":"category","embeddable":true,"href":"https:\/\/rentallorca.com\/blog\/de\/wp-json\/wp\/v2\/categories?post=2921"},{"taxonomy":"post_tag","embeddable":true,"href":"https:\/\/rentallorca.com\/blog\/de\/wp-json\/wp\/v2\/tags?post=2921"}],"curies":[{"name":"wp","href":"https:\/\/api.w.org\/{rel}","templated":true}]}}