{"id":2898,"date":"2025-10-14T08:12:03","date_gmt":"2025-10-14T08:12:03","guid":{"rendered":"https:\/\/rentallorca.com\/blog\/?p=2898"},"modified":"2025-10-31T12:31:19","modified_gmt":"2025-10-31T12:31:19","slug":"mallorcas-berge","status":"publish","type":"post","link":"https:\/\/rentallorca.com\/blog\/de\/mallorcas-berge\/","title":{"rendered":"Mallorcas Berge: Routen, Aussichtspunkte und Tipps f\u00fcr Ihren perfekten Ausflug"},"content":{"rendered":"\t\t<div data-elementor-type=\"wp-post\" data-elementor-id=\"2898\" class=\"elementor elementor-2898 elementor-2727\" data-elementor-post-type=\"post\">\n\t\t\t\t<div class=\"elementor-element elementor-element-397ba17e e-flex e-con-boxed e-con e-parent\" data-id=\"397ba17e\" data-element_type=\"container\" data-e-type=\"container\">\n\t\t\t\t\t<div class=\"e-con-inner\">\n\t\t\t\t<div class=\"elementor-element elementor-element-4e5a84d9 elementor-widget elementor-widget-text-editor\" data-id=\"4e5a84d9\" data-element_type=\"widget\" data-e-type=\"widget\" data-widget_type=\"text-editor.default\">\n\t\t\t\t<div class=\"elementor-widget-container\">\n\t\t\t\t\t\t\t\t\t<p><span style=\"font-weight: 400;\">Wir sind uns bewusst, dass Ihnen als Erstes die Ruhe (oder die Party) an den Str\u00e4nden Mallorcas in den Sinn kommt, wenn wir von Mallorca sprechen. Es ist klar, dass das Meer so oder so eine Hauptrolle spielen w\u00fcrde. Aber\u2026   <\/span><b>Haben Sie schon von den unglaublichen Bergen Mallorcas geh\u00f6rt? <\/b><\/p><p><span style=\"font-weight: 400;\">Egal, ob Sie sich als Bergziege oder als Sonntagsspazierg\u00e4nger betrachten, die Insel bietet<\/span> <b>Routen, Aussichtspunkte und Erlebnisse, die Sie mit dem l\u00e4ndlichen Mallorca verbinden<\/b><span style=\"font-weight: 400;\">, nat\u00fcrlich und panoramisch, das selbst die st\u00e4dtischsten Einheimischen \u00fcberrascht. Heute sprechen wir \u00fcber alle Bergoptionen, die Ihnen auf der Insel zur Verf\u00fcgung stehen. Notieren Sie sich!  <\/span><\/p>\t\t\t\t\t\t\t\t<\/div>\n\t\t\t\t<\/div>\n\t\t\t\t\t<\/div>\n\t\t\t\t<\/div>\n\t\t<div class=\"elementor-element elementor-element-55062983 e-flex e-con-boxed e-con e-parent\" data-id=\"55062983\" data-element_type=\"container\" data-e-type=\"container\">\n\t\t\t\t\t<div class=\"e-con-inner\">\n\t\t\t\t<div class=\"elementor-element elementor-element-44f676f9 elementor-widget elementor-widget-table-of-contents\" data-id=\"44f676f9\" data-element_type=\"widget\" data-e-type=\"widget\" data-settings=\"{&quot;headings_by_tags&quot;:[&quot;h2&quot;],&quot;exclude_headings_by_selector&quot;:[],&quot;marker_view&quot;:&quot;bullets&quot;,&quot;icon&quot;:{&quot;value&quot;:&quot;&quot;,&quot;library&quot;:&quot;&quot;},&quot;no_headings_message&quot;:&quot;No headings were found on this page.&quot;,&quot;hierarchical_view&quot;:&quot;yes&quot;,&quot;min_height&quot;:{&quot;unit&quot;:&quot;px&quot;,&quot;size&quot;:&quot;&quot;,&quot;sizes&quot;:[]},&quot;min_height_tablet&quot;:{&quot;unit&quot;:&quot;px&quot;,&quot;size&quot;:&quot;&quot;,&quot;sizes&quot;:[]},&quot;min_height_mobile&quot;:{&quot;unit&quot;:&quot;px&quot;,&quot;size&quot;:&quot;&quot;,&quot;sizes&quot;:[]}}\" data-widget_type=\"table-of-contents.default\">\n\t\t\t\t<div class=\"elementor-widget-container\">\n\t\t\t\t\t\t\t\t\t<div class=\"elementor-toc__header\">\n\t\t\t\t\t\t<div class=\"elementor-toc__header-title\">\n\t\t\t\tInhaltsverzeichnis\t\t\t<\/div>\n\t\t\t\t\t\t\t\t<\/div>\n\t\t\t\t<div id=\"elementor-toc__44f676f9\" class=\"elementor-toc__body\">\n\t\t\t<div class=\"elementor-toc__spinner-container\">\n\t\t\t\t<svg class=\"elementor-toc__spinner eicon-animation-spin e-font-icon-svg e-eicon-loading\" aria-hidden=\"true\" viewBox=\"0 0 1000 1000\" xmlns=\"http:\/\/www.w3.org\/2000\/svg\"><path d=\"M500 975V858C696 858 858 696 858 500S696 142 500 142 142 304 142 500H25C25 237 238 25 500 25S975 237 975 500 763 975 500 975Z\"><\/path><\/svg>\t\t\t<\/div>\n\t\t<\/div>\n\t\t\t\t\t\t<\/div>\n\t\t\t\t<\/div>\n\t\t\t\t\t<\/div>\n\t\t\t\t<\/div>\n\t\t<div class=\"elementor-element elementor-element-97ed10c e-flex e-con-boxed e-con e-parent\" data-id=\"97ed10c\" data-element_type=\"container\" data-e-type=\"container\">\n\t\t\t\t\t<div class=\"e-con-inner\">\n\t\t\t\t<div class=\"elementor-element elementor-element-1405c427 elementor-widget elementor-widget-heading\" data-id=\"1405c427\" data-element_type=\"widget\" data-e-type=\"widget\" data-widget_type=\"heading.default\">\n\t\t\t\t<div class=\"elementor-widget-container\">\n\t\t\t\t\t<h2 class=\"elementor-heading-title elementor-size-default\">Die unbekannteste (und beeindruckendste) Seite Mallorcas: seine Berge\n<\/h2>\t\t\t\t<\/div>\n\t\t\t\t<\/div>\n\t\t\t\t<div class=\"elementor-element elementor-element-5a62a65e elementor-widget elementor-widget-text-editor\" data-id=\"5a62a65e\" data-element_type=\"widget\" data-e-type=\"widget\" data-widget_type=\"text-editor.default\">\n\t\t\t\t<div class=\"elementor-widget-container\">\n\t\t\t\t\t\t\t\t\t<p><span style=\"font-weight: 400;\">Wenn man an Mallorca denkt, kommen einem sofort Bilder von Sonnenschirmen, Strandbars und \u00fcberf\u00fcllten Str\u00e4nden in den Sinn. Aber hinter der K\u00fcstenansicht erhebt sich die  <\/span><b>Sierra de Tramuntana<\/b><span style=\"font-weight: 400;\">, ein Gebirgszug, der von der UNESCO zum<\/span> <b>Weltkulturerbe erkl\u00e4rt wurde<\/b><span style=\"font-weight: 400;\"> und den gesamten n\u00f6rdlichen Streifen der Insel einnimmt.<\/span><\/p><p><span style=\"font-weight: 400;\">Seine Gipfel erheben sich wie Titanen und bieten ein Mallorca mit gepflasterten Wegen, jahrhundertealten Olivenhainen, tiefen Schluchten und <\/span><b>in der Zeit stehen gebliebenen D\u00f6rfern<\/b> <span style=\"font-weight: 400;\">wie Dei\u00e0, Valldemossa oder Fornalutx.<\/span><\/p><p><span style=\"font-weight: 400;\">Die mallorquinischen Berge bergen Geschichten von Hirten, maurische Legenden und sogar Verstecke von Banditen. Jede Route ist eine T\u00fcr zu einer anderen Zeit und nat\u00fcrlich zu  <\/span><b>spektakul\u00e4ren Aussichten<\/b><span style=\"font-weight: 400;\">. Vergessen Sie das Klischee, dass Mallorca nur Strand ist, denn hier finden Sie den Beweis.<\/span><\/p>\t\t\t\t\t\t\t\t<\/div>\n\t\t\t\t<\/div>\n\t\t\t\t\t<\/div>\n\t\t\t\t<\/div>\n\t\t<div class=\"elementor-element elementor-element-272d13f e-flex e-con-boxed e-con e-parent\" data-id=\"272d13f\" data-element_type=\"container\" data-e-type=\"container\">\n\t\t\t\t\t<div class=\"e-con-inner\">\n\t\t\t\t<div class=\"elementor-element elementor-element-15ad797 elementor-widget elementor-widget-image\" data-id=\"15ad797\" data-element_type=\"widget\" data-e-type=\"widget\" data-widget_type=\"image.default\">\n\t\t\t\t<div class=\"elementor-widget-container\">\n\t\t\t\t\t\t\t\t\t\t\t\t\t\t\t<img fetchpriority=\"high\" decoding=\"async\" width=\"1224\" height=\"612\" src=\"https:\/\/rentallorca.com\/blog\/wp-content\/uploads\/2025\/10\/senderismo-en-mallorca.jpg\" class=\"attachment-full size-full wp-image-2739\" alt=\"senderismo-en-mallorca.jpg\" srcset=\"https:\/\/rentallorca.com\/blog\/wp-content\/uploads\/2025\/10\/senderismo-en-mallorca.jpg 1224w, https:\/\/rentallorca.com\/blog\/wp-content\/uploads\/2025\/10\/senderismo-en-mallorca-300x150.jpg 300w, https:\/\/rentallorca.com\/blog\/wp-content\/uploads\/2025\/10\/senderismo-en-mallorca-1024x512.jpg 1024w, https:\/\/rentallorca.com\/blog\/wp-content\/uploads\/2025\/10\/senderismo-en-mallorca-768x384.jpg 768w\" sizes=\"(max-width: 1224px) 100vw, 1224px\" \/>\t\t\t\t\t\t\t\t\t\t\t\t\t\t\t<\/div>\n\t\t\t\t<\/div>\n\t\t\t\t\t<\/div>\n\t\t\t\t<\/div>\n\t\t<div class=\"elementor-element elementor-element-06eb86b e-flex e-con-boxed e-con e-parent\" data-id=\"06eb86b\" data-element_type=\"container\" data-e-type=\"container\">\n\t\t\t\t\t<div class=\"e-con-inner\">\n\t\t\t\t<div class=\"elementor-element elementor-element-9d490a9 elementor-widget elementor-widget-heading\" data-id=\"9d490a9\" data-element_type=\"widget\" data-e-type=\"widget\" data-widget_type=\"heading.default\">\n\t\t\t\t<div class=\"elementor-widget-container\">\n\t\t\t\t\t<h2 class=\"elementor-heading-title elementor-size-default\">Die h\u00f6chsten Berge Mallorcas und ihre beliebtesten Routen\n<\/h2>\t\t\t\t<\/div>\n\t\t\t\t<\/div>\n\t\t\t\t<div class=\"elementor-element elementor-element-8489203 elementor-widget elementor-widget-text-editor\" data-id=\"8489203\" data-element_type=\"widget\" data-e-type=\"widget\" data-widget_type=\"text-editor.default\">\n\t\t\t\t<div class=\"elementor-widget-container\">\n\t\t\t\t\t\t\t\t\t<p><span style=\"font-weight: 400;\">Mallorca ist<\/span> <b>voll von Routen durch Pfade und Berge<\/b> <span style=\"font-weight: 400;\">, die Sie von Natur und unschlagbaren Aussichten umgeben.<\/span><\/p>\t\t\t\t\t\t\t\t<\/div>\n\t\t\t\t<\/div>\n\t\t\t\t\t<\/div>\n\t\t\t\t<\/div>\n\t\t<div class=\"elementor-element elementor-element-f5a2d21 e-flex e-con-boxed e-con e-parent\" data-id=\"f5a2d21\" data-element_type=\"container\" data-e-type=\"container\">\n\t\t\t\t\t<div class=\"e-con-inner\">\n\t\t<div class=\"elementor-element elementor-element-471f116 e-con-full e-flex e-con e-child\" data-id=\"471f116\" data-element_type=\"container\" data-e-type=\"container\">\n\t\t\t\t<div class=\"elementor-element elementor-element-3b3fc650 elementor-widget elementor-widget-heading\" data-id=\"3b3fc650\" data-element_type=\"widget\" data-e-type=\"widget\" data-widget_type=\"heading.default\">\n\t\t\t\t<div class=\"elementor-widget-container\">\n\t\t\t\t\t<h3 class=\"elementor-heading-title elementor-size-default\">Die Route des Puig Major<\/h3>\t\t\t\t<\/div>\n\t\t\t\t<\/div>\n\t\t\t\t<div class=\"elementor-element elementor-element-64e8b6fc elementor-widget elementor-widget-text-editor\" data-id=\"64e8b6fc\" data-element_type=\"widget\" data-e-type=\"widget\" data-widget_type=\"text-editor.default\">\n\t\t\t\t<div class=\"elementor-widget-container\">\n\t\t\t\t\t\t\t\t\t<p><span style=\"font-weight: 400;\">Eine 1.447 Meter lange Route, die als das Dach Mallorcas gilt. Auf seinem Gipfel finden Sie  <\/span><b>milit\u00e4rische Einrichtungen<\/b> <span style=\"font-weight: 400;\">, die den Zugang f\u00fcr die \u00d6ffentlichkeit nicht gestatten, aber keine Sorge, denn die umliegenden Routen und die Umgebung sind immer noch spektakul\u00e4r, insbesondere das<\/span> <b>Gebiet des C\u00faber-Stausees und des Gorg Blau<\/b><span style=\"font-weight: 400;\">.<\/span><\/p>\t\t\t\t\t\t\t\t<\/div>\n\t\t\t\t<\/div>\n\t\t\t\t<\/div>\n\t\t<div class=\"elementor-element elementor-element-b8dff41 e-con-full e-flex e-con e-child\" data-id=\"b8dff41\" data-element_type=\"container\" data-e-type=\"container\">\n\t\t\t\t<div class=\"elementor-element elementor-element-caa38c8 elementor-widget elementor-widget-heading\" data-id=\"caa38c8\" data-element_type=\"widget\" data-e-type=\"widget\" data-widget_type=\"heading.default\">\n\t\t\t\t<div class=\"elementor-widget-container\">\n\t\t\t\t\t<h3 class=\"elementor-heading-title elementor-size-default\">Die Route des Puig de Massanella\n<\/h3>\t\t\t\t<\/div>\n\t\t\t\t<\/div>\n\t\t\t\t<div class=\"elementor-element elementor-element-1661414 elementor-widget elementor-widget-text-editor\" data-id=\"1661414\" data-element_type=\"widget\" data-e-type=\"widget\" data-widget_type=\"text-editor.default\">\n\t\t\t\t<div class=\"elementor-widget-container\">\n\t\t\t\t\t\t\t\t\t<p><span style=\"font-weight: 400;\">Seine Route<\/span> <b>beginnt in Lluc<\/b><span style=\"font-weight: 400;\">, f\u00fchrt \u00fcber 1.365 Meter durch Steineichenw\u00e4lder, alte Schneegruben und raue Gebiete. Wenn Sie seinen Gipfel erreichen, finden Sie  <\/span><b>Blicke auf die ganze Insel<\/b> <span style=\"font-weight: 400;\">und auf der anderen Seite das Meer, weshalb er als der Star-Gipfel f\u00fcr Wanderer gilt.<\/span><\/p>\t\t\t\t\t\t\t\t<\/div>\n\t\t\t\t<\/div>\n\t\t\t\t<\/div>\n\t\t\t\t\t<\/div>\n\t\t\t\t<\/div>\n\t\t<div class=\"elementor-element elementor-element-aa66afb e-flex e-con-boxed e-con e-parent\" data-id=\"aa66afb\" data-element_type=\"container\" data-e-type=\"container\">\n\t\t\t\t\t<div class=\"e-con-inner\">\n\t\t<div class=\"elementor-element elementor-element-024cc24 e-con-full e-flex e-con e-child\" data-id=\"024cc24\" data-element_type=\"container\" data-e-type=\"container\">\n\t\t\t\t<div class=\"elementor-element elementor-element-219f43e elementor-widget elementor-widget-heading\" data-id=\"219f43e\" data-element_type=\"widget\" data-e-type=\"widget\" data-widget_type=\"heading.default\">\n\t\t\t\t<div class=\"elementor-widget-container\">\n\t\t\t\t\t<h3 class=\"elementor-heading-title elementor-size-default\">Die Route des Puig de Galatz\u00f3\n<\/h3>\t\t\t\t<\/div>\n\t\t\t\t<\/div>\n\t\t\t\t<div class=\"elementor-element elementor-element-8dcdb71 elementor-widget elementor-widget-text-editor\" data-id=\"8dcdb71\" data-element_type=\"widget\" data-e-type=\"widget\" data-widget_type=\"text-editor.default\">\n\t\t\t\t<div class=\"elementor-widget-container\">\n\t\t\t\t\t\t\t\t\t<p><span style=\"font-weight: 400;\">Ein emblematischer Berg im S\u00fcdwesten, mit<\/span> <b>Zug\u00e4ngen von Estellencs und Es Capdell\u00e0<\/b><span style=\"font-weight: 400;\"> f\u00fchren Sie \u00fcber 1.026 Meter. Es gilt als eine  <\/span><b>anspruchsvolle Route<\/b> <span style=\"font-weight: 400;\">, die sich aber lohnt, denn die Panoramen werden Sie sprachlos machen.<\/span><\/p>\t\t\t\t\t\t\t\t<\/div>\n\t\t\t\t<\/div>\n\t\t\t\t<\/div>\n\t\t<div class=\"elementor-element elementor-element-e2116e9 e-con-full e-flex e-con e-child\" data-id=\"e2116e9\" data-element_type=\"container\" data-e-type=\"container\">\n\t\t\t\t<div class=\"elementor-element elementor-element-4617c81 elementor-widget elementor-widget-heading\" data-id=\"4617c81\" data-element_type=\"widget\" data-e-type=\"widget\" data-widget_type=\"heading.default\">\n\t\t\t\t<div class=\"elementor-widget-container\">\n\t\t\t\t\t<h3 class=\"elementor-heading-title elementor-size-default\">Die Route des Tossals Verds\n<\/h3>\t\t\t\t<\/div>\n\t\t\t\t<\/div>\n\t\t\t\t<div class=\"elementor-element elementor-element-3bb7090 elementor-widget elementor-widget-text-editor\" data-id=\"3bb7090\" data-element_type=\"widget\" data-e-type=\"widget\" data-widget_type=\"text-editor.default\">\n\t\t\t\t<div class=\"elementor-widget-container\">\n\t\t\t\t\t\t\t\t\t<p><span style=\"font-weight: 400;\">Diese Route mit 1.115 Metern ist ideal<\/span> <b>f\u00fcr Abenteuerlustige<\/b> <span style=\"font-weight: 400;\">, da empfohlen wird, in einer Schutzh\u00fctte, zwischen Wiesen oder in Steinh\u00f6hlen zu \u00fcbernachten.<\/span><\/p>\t\t\t\t\t\t\t\t<\/div>\n\t\t\t\t<\/div>\n\t\t\t\t<\/div>\n\t\t<div class=\"elementor-element elementor-element-a5ac90a e-con-full e-flex e-con e-child\" data-id=\"a5ac90a\" data-element_type=\"container\" data-e-type=\"container\">\n\t\t\t\t<div class=\"elementor-element elementor-element-ea3d4ac elementor-widget elementor-widget-heading\" data-id=\"ea3d4ac\" data-element_type=\"widget\" data-e-type=\"widget\" data-widget_type=\"heading.default\">\n\t\t\t\t<div class=\"elementor-widget-container\">\n\t\t\t\t\t<h3 class=\"elementor-heading-title elementor-size-default\">Die Route des Puig des Teix\n<\/h3>\t\t\t\t<\/div>\n\t\t\t\t<\/div>\n\t\t\t\t<div class=\"elementor-element elementor-element-8ab7028 elementor-widget elementor-widget-text-editor\" data-id=\"8ab7028\" data-element_type=\"widget\" data-e-type=\"widget\" data-widget_type=\"text-editor.default\">\n\t\t\t\t<div class=\"elementor-widget-container\">\n\t\t\t\t\t\t\t\t\t<p><span style=\"font-weight: 400;\">Es geht darum, den<\/span> <b>Gipfel von Valldemossa<\/b> <span style=\"font-weight: 400;\">auf 1.064 Metern zu erreichen, von wo aus Sie von seinem Gipfel aus den Blick auf das Mittelmeer genie\u00dfen k\u00f6nnen, das Ihnen zu F\u00fc\u00dfen liegt, und auf die Berge.<\/span><\/p>\t\t\t\t\t\t\t\t<\/div>\n\t\t\t\t<\/div>\n\t\t\t\t<\/div>\n\t\t\t\t\t<\/div>\n\t\t\t\t<\/div>\n\t\t<div class=\"elementor-element elementor-element-0abf9a1 e-flex e-con-boxed e-con e-parent\" data-id=\"0abf9a1\" data-element_type=\"container\" data-e-type=\"container\">\n\t\t\t\t\t<div class=\"e-con-inner\">\n\t\t\t\t<div class=\"elementor-element elementor-element-7b343a6 elementor-widget elementor-widget-image\" data-id=\"7b343a6\" data-element_type=\"widget\" data-e-type=\"widget\" data-widget_type=\"image.default\">\n\t\t\t\t<div class=\"elementor-widget-container\">\n\t\t\t\t\t\t\t\t\t\t\t\t\t\t\t<img decoding=\"async\" width=\"1254\" height=\"626\" src=\"https:\/\/rentallorca.com\/blog\/wp-content\/uploads\/2025\/10\/Senderismo-mallorca.jpg\" class=\"attachment-full size-full wp-image-2742\" alt=\"Senderismo-mallorca-monta\u00f1a\" srcset=\"https:\/\/rentallorca.com\/blog\/wp-content\/uploads\/2025\/10\/Senderismo-mallorca.jpg 1254w, https:\/\/rentallorca.com\/blog\/wp-content\/uploads\/2025\/10\/Senderismo-mallorca-300x150.jpg 300w, https:\/\/rentallorca.com\/blog\/wp-content\/uploads\/2025\/10\/Senderismo-mallorca-1024x511.jpg 1024w, https:\/\/rentallorca.com\/blog\/wp-content\/uploads\/2025\/10\/Senderismo-mallorca-768x383.jpg 768w\" sizes=\"(max-width: 1254px) 100vw, 1254px\" \/>\t\t\t\t\t\t\t\t\t\t\t\t\t\t\t<\/div>\n\t\t\t\t<\/div>\n\t\t\t\t\t<\/div>\n\t\t\t\t<\/div>\n\t\t<div class=\"elementor-element elementor-element-7020de41 e-flex e-con-boxed e-con e-parent\" data-id=\"7020de41\" data-element_type=\"container\" data-e-type=\"container\">\n\t\t\t\t\t<div class=\"e-con-inner\">\n\t\t\t\t<div class=\"elementor-element elementor-element-4e26abf4 elementor-widget elementor-widget-heading\" data-id=\"4e26abf4\" data-element_type=\"widget\" data-e-type=\"widget\" data-widget_type=\"heading.default\">\n\t\t\t\t<div class=\"elementor-widget-container\">\n\t\t\t\t\t<h2 class=\"elementor-heading-title elementor-size-default\">3 Bergwanderungen auf Mallorca, die Sie nicht verpassen d\u00fcrfen\n<\/h2>\t\t\t\t<\/div>\n\t\t\t\t<\/div>\n\t\t\t\t<div class=\"elementor-element elementor-element-46cbfd3d elementor-widget elementor-widget-text-editor\" data-id=\"46cbfd3d\" data-element_type=\"widget\" data-e-type=\"widget\" data-widget_type=\"text-editor.default\">\n\t\t\t\t<div class=\"elementor-widget-container\">\n\t\t\t\t\t\t\t\t\t<p><span style=\"font-weight: 400;\">Die Insel bietet auch<\/span> <b>Ausfl\u00fcge, die unerl\u00e4sslich sind<\/b> <span style=\"font-weight: 400;\">, um die Insel in vollen Z\u00fcgen genie\u00dfen zu k\u00f6nnen.<\/span><\/p>\t\t\t\t\t\t\t\t<\/div>\n\t\t\t\t<\/div>\n\t\t\t\t\t<\/div>\n\t\t\t\t<\/div>\n\t\t<div class=\"elementor-element elementor-element-7147f12 e-flex e-con-boxed e-con e-parent\" data-id=\"7147f12\" data-element_type=\"container\" data-e-type=\"container\">\n\t\t\t\t\t<div class=\"e-con-inner\">\n\t\t<div class=\"elementor-element elementor-element-e4b3d09 e-con-full e-flex e-con e-child\" data-id=\"e4b3d09\" data-element_type=\"container\" data-e-type=\"container\">\n\t\t\t\t<div class=\"elementor-element elementor-element-7d791a6 elementor-widget elementor-widget-heading\" data-id=\"7d791a6\" data-element_type=\"widget\" data-e-type=\"widget\" data-widget_type=\"heading.default\">\n\t\t\t\t<div class=\"elementor-widget-container\">\n\t\t\t\t\t<h3 class=\"elementor-heading-title elementor-size-default\">Torrent de Paris nach Sa Calobra<\/h3>\t\t\t\t<\/div>\n\t\t\t\t<\/div>\n\t\t\t\t<div class=\"elementor-element elementor-element-8241cfe elementor-widget elementor-widget-text-editor\" data-id=\"8241cfe\" data-element_type=\"widget\" data-e-type=\"widget\" data-widget_type=\"text-editor.default\">\n\t\t\t\t<div class=\"elementor-widget-container\">\n\t\t\t\t\t\t\t\t\t<p><span style=\"font-weight: 400;\">Die Durchquerung dieser Schlucht ist der mallorquinische Everest, da es sich um eine<\/span> <b>felsige Route handelt<\/b><span style=\"font-weight: 400;\">, mit technischen Passagen, aber un\u00fcbertrefflichen Aussichten. Au\u00dferdem ist die <\/span> <b>Schlucht m\u00fcndet in Sa Calobra<\/b> <span style=\"font-weight: 400;\">, eine Bucht zwischen Klippen, die Sie mit einem Bad belohnt, das Sie nicht vergessen werden.<\/span><\/p>\t\t\t\t\t\t\t\t<\/div>\n\t\t\t\t<\/div>\n\t\t\t\t<\/div>\n\t\t<div class=\"elementor-element elementor-element-75f961c e-con-full e-flex e-con e-child\" data-id=\"75f961c\" data-element_type=\"container\" data-e-type=\"container\">\n\t\t\t\t<div class=\"elementor-element elementor-element-743019c elementor-widget elementor-widget-heading\" data-id=\"743019c\" data-element_type=\"widget\" data-e-type=\"widget\" data-widget_type=\"heading.default\">\n\t\t\t\t<div class=\"elementor-widget-container\">\n\t\t\t\t\t<h3 class=\"elementor-heading-title elementor-size-default\">Route de Pedra Sec (GR-221)\n<\/h3>\t\t\t\t<\/div>\n\t\t\t\t<\/div>\n\t\t\t\t<div class=\"elementor-element elementor-element-ab15d7b elementor-widget elementor-widget-text-editor\" data-id=\"ab15d7b\" data-element_type=\"widget\" data-e-type=\"widget\" data-widget_type=\"text-editor.default\">\n\t\t\t\t<div class=\"elementor-widget-container\">\n\t\t\t\t\t\t\t\t\t<p><span style=\"font-weight: 400;\">Es handelt sich um einen Fernwanderweg, der<\/span> <b>mehrere D\u00f6rfer der Tramuntana verbindet<\/b><span style=\"font-weight: 400;\">, durchquert alte Trockensteinwege, Terrassen und traditionelle Schutzh\u00fctten. Wenn Sie nicht alles machen m\u00f6chten, k\u00f6nnen Sie  <\/span><b>nur eine Etappe ausw\u00e4hlen<\/b> <span style=\"font-weight: 400;\">und so die Essenz der mallorquinischen Berge erleben.<\/span><\/p>\t\t\t\t\t\t\t\t<\/div>\n\t\t\t\t<\/div>\n\t\t\t\t<\/div>\n\t\t<div class=\"elementor-element elementor-element-84b6865 e-con-full e-flex e-con e-child\" data-id=\"84b6865\" data-element_type=\"container\" data-e-type=\"container\">\n\t\t\t\t<div class=\"elementor-element elementor-element-8e4b8e8 elementor-widget elementor-widget-heading\" data-id=\"8e4b8e8\" data-element_type=\"widget\" data-e-type=\"widget\" data-widget_type=\"heading.default\">\n\t\t\t\t<div class=\"elementor-widget-container\">\n\t\t\t\t\t<h3 class=\"elementor-heading-title elementor-size-default\">Route des Cam\u00ed de s\u2019Arxiduc\n<\/h3>\t\t\t\t<\/div>\n\t\t\t\t<\/div>\n\t\t\t\t<div class=\"elementor-element elementor-element-28e4834 elementor-widget elementor-widget-text-editor\" data-id=\"28e4834\" data-element_type=\"widget\" data-e-type=\"widget\" data-widget_type=\"text-editor.default\">\n\t\t\t\t<div class=\"elementor-widget-container\">\n\t\t\t\t\t\t\t\t\t<p><span style=\"font-weight: 400;\">Es handelt sich um eine klassische Route, die das Gebiet von Valldemossa durchquert und bis zum<\/span> <b>Aussichtspunkt s\u2019Arxiduc f\u00fchrt<\/b><span style=\"font-weight: 400;\">, auf 940 Metern H\u00f6he. Diese Route f\u00fchrt \u00fcber alte  <\/span><b>Steinpfade<\/b> <span style=\"font-weight: 400;\">, die von Erzherzog Ludwig Salvator von \u00d6sterreich gebaut wurden und spektakul\u00e4re Ausblicke bieten.<\/span><\/p>\t\t\t\t\t\t\t\t<\/div>\n\t\t\t\t<\/div>\n\t\t\t\t<\/div>\n\t\t\t\t\t<\/div>\n\t\t\t\t<\/div>\n\t\t<div class=\"elementor-element elementor-element-058bfec e-flex e-con-boxed e-con e-parent\" data-id=\"058bfec\" data-element_type=\"container\" data-e-type=\"container\">\n\t\t\t\t\t<div class=\"e-con-inner\">\n\t\t\t\t<div class=\"elementor-element elementor-element-af68e49 elementor-widget elementor-widget-image\" data-id=\"af68e49\" data-element_type=\"widget\" data-e-type=\"widget\" data-widget_type=\"image.default\">\n\t\t\t\t<div class=\"elementor-widget-container\">\n\t\t\t\t\t\t\t\t\t\t\t\t\t\t\t<img decoding=\"async\" width=\"1258\" height=\"629\" src=\"https:\/\/rentallorca.com\/blog\/wp-content\/uploads\/2025\/10\/tramuntana-mallorca.jpg\" class=\"attachment-full size-full wp-image-2748\" alt=\"monta\u00f1a-tramuntana-mallorca.jpg\" srcset=\"https:\/\/rentallorca.com\/blog\/wp-content\/uploads\/2025\/10\/tramuntana-mallorca.jpg 1258w, https:\/\/rentallorca.com\/blog\/wp-content\/uploads\/2025\/10\/tramuntana-mallorca-300x150.jpg 300w, https:\/\/rentallorca.com\/blog\/wp-content\/uploads\/2025\/10\/tramuntana-mallorca-1024x512.jpg 1024w, https:\/\/rentallorca.com\/blog\/wp-content\/uploads\/2025\/10\/tramuntana-mallorca-768x384.jpg 768w\" sizes=\"(max-width: 1258px) 100vw, 1258px\" \/>\t\t\t\t\t\t\t\t\t\t\t\t\t\t\t<\/div>\n\t\t\t\t<\/div>\n\t\t\t\t<div class=\"elementor-element elementor-element-14ae453 elementor-widget elementor-widget-html\" data-id=\"14ae453\" data-element_type=\"widget\" data-e-type=\"widget\" data-widget_type=\"html.default\">\n\t\t\t\t<div class=\"elementor-widget-container\">\n\t\t\t\t\t<iframe src=\"https:\/\/www.google.com\/maps\/d\/u\/0\/embed?mid=1PEO88glhxCaHDQ2jCAFwBu4wctxK4sc&amp;ehbc=2E312F&amp;noprof=1\" width=\"640\" height=\"480\"><\/iframe>\t\t\t\t<\/div>\n\t\t\t\t<\/div>\n\t\t\t\t\t<\/div>\n\t\t\t\t<\/div>\n\t\t<div class=\"elementor-element elementor-element-d6d1342 e-flex e-con-boxed e-con e-parent\" data-id=\"d6d1342\" data-element_type=\"container\" data-e-type=\"container\">\n\t\t\t\t\t<div class=\"e-con-inner\">\n\t\t\t\t<div class=\"elementor-element elementor-element-d46d2cd elementor-widget elementor-widget-heading\" data-id=\"d46d2cd\" data-element_type=\"widget\" data-e-type=\"widget\" data-widget_type=\"heading.default\">\n\t\t\t\t<div class=\"elementor-widget-container\">\n\t\t\t\t\t<h2 class=\"elementor-heading-title elementor-size-default\">Wandern auf Mallorca: Tipps f\u00fcr sicheres und unfallfreies Wandern\n<\/h2>\t\t\t\t<\/div>\n\t\t\t\t<\/div>\n\t\t\t\t<div class=\"elementor-element elementor-element-6dbe9cd elementor-widget elementor-widget-text-editor\" data-id=\"6dbe9cd\" data-element_type=\"widget\" data-e-type=\"widget\" data-widget_type=\"text-editor.default\">\n\t\t\t\t<div class=\"elementor-widget-container\">\n\t\t\t\t\t\t\t\t\t<p><span style=\"font-weight: 400;\">W\u00e4hrend Sie auf- oder absteigen,<\/span> <b>laden die Landschaften zum Verweilen ein<\/b> <span style=\"font-weight: 400;\">, aber die Berge sind anspruchsvoll und es ist ratsam, bestimmte Vorsichtsma\u00dfnahmen zu treffen.<\/span><\/p><p><span style=\"font-weight: 400;\">Sie m\u00fcssen<\/span> <b>Ihr eigenes k\u00f6rperliches Niveau einsch\u00e4tzen<\/b><span style=\"font-weight: 400;\"> und das der Gruppe, da es nicht empfehlenswert ist, als Anf\u00e4nger mit den technisch anspruchsvollsten Routen zu beginnen. Au\u00dferdem raten wir Ihnen,  <\/span><b>die Wettervorhersage zu \u00fcberpr\u00fcfen<\/b> <span style=\"font-weight: 400;\">, da im Sommer ein ernstes Risiko f\u00fcr einen Hitzschlag besteht.<\/span><\/p><p><span style=\"font-weight: 400;\">Wir empfehlen Ihnen, ausreichend<\/span> <b>Wasser, Snacks und Trockenfr\u00fcchte<\/b> <span style=\"font-weight: 400;\">mitzunehmen, um Ihre Kr\u00e4fte wieder aufzuf\u00fcllen, und au\u00dferdem<\/span> <b>jemanden zu benachrichtigen<\/b> <span style=\"font-weight: 400;\">, wann Sie voraussichtlich die Route beenden werden, denn wir m\u00f6chten nicht, dass Sie sich verirren.<\/span><\/p>\t\t\t\t\t\t\t\t<\/div>\n\t\t\t\t<\/div>\n\t\t\t\t\t<\/div>\n\t\t\t\t<\/div>\n\t\t<div class=\"elementor-element elementor-element-b538c82 e-flex e-con-boxed e-con e-parent\" data-id=\"b538c82\" data-element_type=\"container\" data-e-type=\"container\">\n\t\t\t\t\t<div class=\"e-con-inner\">\n\t\t\t\t<div class=\"elementor-element elementor-element-fd423c3 elementor-widget elementor-widget-heading\" data-id=\"fd423c3\" data-element_type=\"widget\" data-e-type=\"widget\" data-widget_type=\"heading.default\">\n\t\t\t\t<div class=\"elementor-widget-container\">\n\t\t\t\t\t<h2 class=\"elementor-heading-title elementor-size-default\">Was Sie auf Ihrer Route durch die Serra de Tramuntana mitnehmen sollten (und was Sie zu Hause lassen sollten)<\/h2>\t\t\t\t<\/div>\n\t\t\t\t<\/div>\n\t\t\t\t<div class=\"elementor-element elementor-element-96d9d7b elementor-widget elementor-widget-text-editor\" data-id=\"96d9d7b\" data-element_type=\"widget\" data-e-type=\"widget\" data-widget_type=\"text-editor.default\">\n\t\t\t\t<div class=\"elementor-widget-container\">\n\t\t\t\t\t\t\t\t\t<p><span style=\"font-weight: 400;\">Der perfekte Bergrucksack ist nicht der vollste, sondern<\/span> <b>der, der alles Notwendige enth\u00e4lt<\/b> <span style=\"font-weight: 400;\">und nichts auf dem Weg zur\u00fcckl\u00e4sst.<\/span><\/p><p><span style=\"font-weight: 400;\">Wir empfehlen Ihnen,<\/span> <b>Bergstiefel<\/b> <span style=\"font-weight: 400;\">und<\/span> <b>Funktionskleidung<\/b><span style=\"font-weight: 400;\"> wie z. B. ein atmungsaktives T-Shirt, ein d\u00fcnnes Fleece und eine winddichte-wasserdichte Jacke mitzunehmen. Neben dem Mitf\u00fchren von  <\/span><b>M\u00fctze oder Hut <\/b><span style=\"font-weight: 400;\">zum Schutz vor Sonne oder Wind. Es ist auch wichtig,  <\/span><b>Sonnencreme und Sonnenbrille<\/b> <span style=\"font-weight: 400;\">mitzunehmen, besonders im Sommer.<\/span><\/p><p><span style=\"font-weight: 400;\">Nehmen Sie eine<\/span> <b>Karte oder ein GPS<\/b><span style=\"font-weight: 400;\">mit, besonders wenn Sie die markierten Wanderwege verlassen. Es ist auch ratsam, ein  <\/span><b>grundlegendes Erste-Hilfe-Set, eine Stirnlampe und zus\u00e4tzliche Batterien<\/b> <span style=\"font-weight: 400;\">mitzunehmen, die im Rucksack keinen Platz wegnehmen und man nie wei\u00df, was passieren kann.<\/span><\/p><p><b>Laden Sie Ihr Handy auf<\/b> <span style=\"font-weight: 400;\">, bevor Sie das Haus verlassen, und wenn Sie zu denjenigen geh\u00f6ren, die viel Akku verbrauchen, empfehlen wir Ihnen, einen zus\u00e4tzlichen Akku mitzunehmen.<\/span><\/p>\t\t\t\t\t\t\t\t<\/div>\n\t\t\t\t<\/div>\n\t\t\t\t\t<\/div>\n\t\t\t\t<\/div>\n\t\t<div class=\"elementor-element elementor-element-88cc707 e-flex e-con-boxed e-con e-parent\" data-id=\"88cc707\" data-element_type=\"container\" data-e-type=\"container\">\n\t\t\t\t\t<div class=\"e-con-inner\">\n\t\t\t\t<div class=\"elementor-element elementor-element-4b071dd elementor-widget elementor-widget-image\" data-id=\"4b071dd\" data-element_type=\"widget\" data-e-type=\"widget\" data-widget_type=\"image.default\">\n\t\t\t\t<div class=\"elementor-widget-container\">\n\t\t\t\t\t\t\t\t\t\t\t\t\t\t\t<img loading=\"lazy\" decoding=\"async\" width=\"1426\" height=\"713\" src=\"https:\/\/rentallorca.com\/blog\/wp-content\/uploads\/2025\/10\/sierra-tramuntana-senderismo-mallorca.jpg\" class=\"attachment-full size-full wp-image-2745\" alt=\"sierra-tramuntana-senderismo-mallorca.jpg\" srcset=\"https:\/\/rentallorca.com\/blog\/wp-content\/uploads\/2025\/10\/sierra-tramuntana-senderismo-mallorca.jpg 1426w, https:\/\/rentallorca.com\/blog\/wp-content\/uploads\/2025\/10\/sierra-tramuntana-senderismo-mallorca-300x150.jpg 300w, https:\/\/rentallorca.com\/blog\/wp-content\/uploads\/2025\/10\/sierra-tramuntana-senderismo-mallorca-1024x512.jpg 1024w, https:\/\/rentallorca.com\/blog\/wp-content\/uploads\/2025\/10\/sierra-tramuntana-senderismo-mallorca-768x384.jpg 768w\" sizes=\"(max-width: 1426px) 100vw, 1426px\" \/>\t\t\t\t\t\t\t\t\t\t\t\t\t\t\t<\/div>\n\t\t\t\t<\/div>\n\t\t\t\t\t<\/div>\n\t\t\t\t<\/div>\n\t\t<div class=\"elementor-element elementor-element-6aec1a5 e-flex e-con-boxed e-con e-parent\" data-id=\"6aec1a5\" data-element_type=\"container\" data-e-type=\"container\">\n\t\t\t\t\t<div class=\"e-con-inner\">\n\t\t\t\t<div class=\"elementor-element elementor-element-e77fe4b elementor-widget elementor-widget-heading\" data-id=\"e77fe4b\" data-element_type=\"widget\" data-e-type=\"widget\" data-widget_type=\"heading.default\">\n\t\t\t\t<div class=\"elementor-widget-container\">\n\t\t\t\t\t<h2 class=\"elementor-heading-title elementor-size-default\">Die besten Bergblicke auf Mallorca: Postkartenlandschaften\n<\/h2>\t\t\t\t<\/div>\n\t\t\t\t<\/div>\n\t\t\t\t<div class=\"elementor-element elementor-element-3d764d6 elementor-widget elementor-widget-text-editor\" data-id=\"3d764d6\" data-element_type=\"widget\" data-e-type=\"widget\" data-widget_type=\"text-editor.default\">\n\t\t\t\t<div class=\"elementor-widget-container\">\n\t\t\t\t\t\t\t\t\t<p><span style=\"font-weight: 400;\">Jeder Weg hat seinen Preis, und der Weg nach Mallorca bietet Ihnen<\/span> <b>Postkartenansichten.<\/b><\/p>\t\t\t\t\t\t\t\t<\/div>\n\t\t\t\t<\/div>\n\t\t\t\t\t<\/div>\n\t\t\t\t<\/div>\n\t\t<div class=\"elementor-element elementor-element-ce635be e-flex e-con-boxed e-con e-parent\" data-id=\"ce635be\" data-element_type=\"container\" data-e-type=\"container\">\n\t\t\t\t\t<div class=\"e-con-inner\">\n\t\t<div class=\"elementor-element elementor-element-2bad6ee e-con-full e-flex e-con e-child\" data-id=\"2bad6ee\" data-element_type=\"container\" data-e-type=\"container\">\n\t\t\t\t<div class=\"elementor-element elementor-element-d2ffeba elementor-widget elementor-widget-heading\" data-id=\"d2ffeba\" data-element_type=\"widget\" data-e-type=\"widget\" data-widget_type=\"heading.default\">\n\t\t\t\t<div class=\"elementor-widget-container\">\n\t\t\t\t\t<h3 class=\"elementor-heading-title elementor-size-default\">Aussichtspunkt Sa Foradada\n<\/h3>\t\t\t\t<\/div>\n\t\t\t\t<\/div>\n\t\t\t\t<div class=\"elementor-element elementor-element-d812cb0 elementor-widget elementor-widget-text-editor\" data-id=\"d812cb0\" data-element_type=\"widget\" data-e-type=\"widget\" data-widget_type=\"text-editor.default\">\n\t\t\t\t<div class=\"elementor-widget-container\">\n\t\t\t\t\t\t\t\t\t<p>In Dei\u00e0 gelegen, ist es ein Klassiker, um Sonnenunterg\u00e4nge wie im Film mit seiner ber\u00fchmten Silhouette aus durchl\u00f6chertem Felsen \u00fcber dem Meer zu sehen.<\/p>\t\t\t\t\t\t\t\t<\/div>\n\t\t\t\t<\/div>\n\t\t\t\t<\/div>\n\t\t<div class=\"elementor-element elementor-element-bfa8db2 e-con-full e-flex e-con e-child\" data-id=\"bfa8db2\" data-element_type=\"container\" data-e-type=\"container\">\n\t\t\t\t<div class=\"elementor-element elementor-element-07f5651 elementor-widget elementor-widget-heading\" data-id=\"07f5651\" data-element_type=\"widget\" data-e-type=\"widget\" data-widget_type=\"heading.default\">\n\t\t\t\t<div class=\"elementor-widget-container\">\n\t\t\t\t\t<h3 class=\"elementor-heading-title elementor-size-default\">Es Colomer\n<\/h3>\t\t\t\t<\/div>\n\t\t\t\t<\/div>\n\t\t\t\t<div class=\"elementor-element elementor-element-fcc5939 elementor-widget elementor-widget-text-editor\" data-id=\"fcc5939\" data-element_type=\"widget\" data-e-type=\"widget\" data-widget_type=\"text-editor.default\">\n\t\t\t\t<div class=\"elementor-widget-container\">\n\t\t\t\t\t\t\t\t\t<p><span style=\"font-weight: 400;\">Der Aussichtspunkt von Formentor ist vielleicht der<\/span> <b>ikonischste im Norden der Insel<\/b> <span style=\"font-weight: 400;\">, da Sie von hier aus sehen k\u00f6nnen, wie das Meer und die Klippen um die Sch\u00f6nheit wetteifern.<\/span><\/p>\t\t\t\t\t\t\t\t<\/div>\n\t\t\t\t<\/div>\n\t\t\t\t<\/div>\n\t\t<div class=\"elementor-element elementor-element-a8deb69 e-con-full e-flex e-con e-child\" data-id=\"a8deb69\" data-element_type=\"container\" data-e-type=\"container\">\n\t\t\t\t<div class=\"elementor-element elementor-element-69de17c elementor-widget elementor-widget-heading\" data-id=\"69de17c\" data-element_type=\"widget\" data-e-type=\"widget\" data-widget_type=\"heading.default\">\n\t\t\t\t<div class=\"elementor-widget-container\">\n\t\t\t\t\t<h3 class=\"elementor-heading-title elementor-size-default\">Puig de Randa und Santuari de Cura\n<\/h3>\t\t\t\t<\/div>\n\t\t\t\t<\/div>\n\t\t\t\t<div class=\"elementor-element elementor-element-6de9047 elementor-widget elementor-widget-text-editor\" data-id=\"6de9047\" data-element_type=\"widget\" data-e-type=\"widget\" data-widget_type=\"text-editor.default\">\n\t\t\t\t<div class=\"elementor-widget-container\">\n\t\t\t\t\t\t\t\t\t<p><span style=\"font-weight: 400;\">Bieten einen<\/span> <b>360\u00ba-Blick auf den Pla de Mallorca<\/b> <span style=\"font-weight: 400;\">und Geschichten, die mit dem Mystiker Ramon Llull verbunden sind, da der Legende nach dort die g\u00f6ttliche Offenbarung empfangen wurde.<\/span><\/p>\t\t\t\t\t\t\t\t<\/div>\n\t\t\t\t<\/div>\n\t\t\t\t<\/div>\n\t\t\t\t\t<\/div>\n\t\t\t\t<\/div>\n\t\t<div class=\"elementor-element elementor-element-e538d5d e-flex e-con-boxed e-con e-parent\" data-id=\"e538d5d\" data-element_type=\"container\" data-e-type=\"container\">\n\t\t\t\t\t<div class=\"e-con-inner\">\n\t\t\t\t<div class=\"elementor-element elementor-element-98ef871 elementor-widget elementor-widget-heading\" data-id=\"98ef871\" data-element_type=\"widget\" data-e-type=\"widget\" data-widget_type=\"heading.default\">\n\t\t\t\t<div class=\"elementor-widget-container\">\n\t\t\t\t\t<h2 class=\"elementor-heading-title elementor-size-default\">Berge auf Mallorca? Ja, und Sie werden es lieben. Bereiten Sie Ihre Route vor  \n<\/h2>\t\t\t\t<\/div>\n\t\t\t\t<\/div>\n\t\t\t\t<div class=\"elementor-element elementor-element-8a5945e elementor-widget elementor-widget-text-editor\" data-id=\"8a5945e\" data-element_type=\"widget\" data-e-type=\"widget\" data-widget_type=\"text-editor.default\">\n\t\t\t\t<div class=\"elementor-widget-container\">\n\t\t\t\t\t\t\t\t\t<p><span style=\"font-weight: 400;\">Mallorca ist viel mehr als Buchten und Strandatmosph\u00e4re. Es ist ein Land der Routen, nat\u00fcrlicher Aussichtspunkte und D\u00f6rfer, in denen die Siesta heilig und die Landschaft unvergesslich ist.  <\/span><\/p><p><span style=\"font-weight: 400;\">Aber wenn Sie m\u00f6chten, dass Ihre gesamte Reise unvergesslich wird, nicht nur die Landschaft, m\u00fcssen Sie auch \u00fcber eine Unterkunft verf\u00fcgen, die Ihnen alles bietet, um die beste Erfahrung zu machen.<\/span> <b>Bei Rentallorca bieten wir Unterk\u00fcnfte auf der ganzen Insel an<\/b> <span style=\"font-weight: 400;\">, buchen Sie jetzt Ihre und beginnen Sie mit uns, Ihre Reise zu planen.<\/span> <\/p>\t\t\t\t\t\t\t\t<\/div>\n\t\t\t\t<\/div>\n\t\t\t\t\t<\/div>\n\t\t\t\t<\/div>\n\t\t<div class=\"elementor-element elementor-element-4d3f532d e-flex e-con-boxed e-con e-parent\" data-id=\"4d3f532d\" data-element_type=\"container\" data-e-type=\"container\">\n\t\t\t\t\t<div class=\"e-con-inner\">\n\t\t\t\t<div class=\"elementor-element elementor-element-6bb7f4bf elementor-widget elementor-widget-shortcode\" data-id=\"6bb7f4bf\" data-element_type=\"widget\" data-e-type=\"widget\" data-widget_type=\"shortcode.default\">\n\t\t\t\t<div class=\"elementor-widget-container\">\n\t\t\t\t\t\t\t<div class=\"elementor-shortcode\">\t\t<div data-elementor-type=\"page\" data-elementor-id=\"271\" class=\"elementor elementor-271 elementor-170 elementor-170\" data-elementor-post-type=\"elementor_library\">\n\t\t\t\t<div class=\"elementor-element elementor-element-16c5e22 e-flex e-con-boxed e-con e-parent\" data-id=\"16c5e22\" data-element_type=\"container\" data-e-type=\"container\">\n\t\t\t\t\t<div class=\"e-con-inner\">\n\t\t<div class=\"elementor-element elementor-element-ac67807 e-con-full e-flex e-con e-child\" data-id=\"ac67807\" data-element_type=\"container\" data-e-type=\"container\">\n\t\t\t\t<div class=\"elementor-element elementor-element-2ab04b2 elementor-align-justify elementor-widget elementor-widget-button\" data-id=\"2ab04b2\" data-element_type=\"widget\" data-e-type=\"widget\" data-widget_type=\"button.default\">\n\t\t\t\t<div class=\"elementor-widget-container\">\n\t\t\t\t\t\t\t\t\t<div class=\"elementor-button-wrapper\">\n\t\t\t\t\t<a class=\"elementor-button elementor-button-link elementor-size-sm\" href=\"https:\/\/rentallorca.com\/de\/vermietung\/vermietungen-mallorca-e21\/\">\n\t\t\t\t\t\t<span class=\"elementor-button-content-wrapper\">\n\t\t\t\t\t\t\t\t\t<span class=\"elementor-button-text\">Unterk\u00fcnfte in  Mallorca<\/span>\n\t\t\t\t\t<\/span>\n\t\t\t\t\t<\/a>\n\t\t\t\t<\/div>\n\t\t\t\t\t\t\t\t<\/div>\n\t\t\t\t<\/div>\n\t\t\t\t<\/div>\n\t\t<div class=\"elementor-element elementor-element-6bea3dd e-con-full e-flex e-con e-child\" data-id=\"6bea3dd\" data-element_type=\"container\" data-e-type=\"container\">\n\t\t\t\t<div class=\"elementor-element elementor-element-ff8a437 elementor-align-justify elementor-widget elementor-widget-button\" data-id=\"ff8a437\" data-element_type=\"widget\" data-e-type=\"widget\" data-widget_type=\"button.default\">\n\t\t\t\t<div class=\"elementor-widget-container\">\n\t\t\t\t\t\t\t\t\t<div class=\"elementor-button-wrapper\">\n\t\t\t\t\t<a class=\"elementor-button elementor-button-link elementor-size-sm\" href=\"https:\/\/rentallorca.com\/de\/vermietung\/ferienwohnungen-mallorca-c1e21\/\">\n\t\t\t\t\t\t<span class=\"elementor-button-content-wrapper\">\n\t\t\t\t\t\t\t\t\t<span class=\"elementor-button-text\">Wohnungen in Mallorca<\/span>\n\t\t\t\t\t<\/span>\n\t\t\t\t\t<\/a>\n\t\t\t\t<\/div>\n\t\t\t\t\t\t\t\t<\/div>\n\t\t\t\t<\/div>\n\t\t\t\t<\/div>\n\t\t<div class=\"elementor-element elementor-element-d557a64 e-con-full e-flex e-con e-child\" data-id=\"d557a64\" data-element_type=\"container\" data-e-type=\"container\">\n\t\t\t\t<div class=\"elementor-element elementor-element-4421fc4 elementor-align-justify elementor-widget elementor-widget-button\" data-id=\"4421fc4\" data-element_type=\"widget\" data-e-type=\"widget\" data-widget_type=\"button.default\">\n\t\t\t\t<div class=\"elementor-widget-container\">\n\t\t\t\t\t\t\t\t\t<div class=\"elementor-button-wrapper\">\n\t\t\t\t\t<a class=\"elementor-button elementor-button-link elementor-size-sm\" href=\"https:\/\/rentallorca.com\/de\/vermietung\/ferienhauser-alcudia-c19d1098\/\">\n\t\t\t\t\t\t<span class=\"elementor-button-content-wrapper\">\n\t\t\t\t\t\t\t\t\t<span class=\"elementor-button-text\">H\u00e4user in Mallorca<\/span>\n\t\t\t\t\t<\/span>\n\t\t\t\t\t<\/a>\n\t\t\t\t<\/div>\n\t\t\t\t\t\t\t\t<\/div>\n\t\t\t\t<\/div>\n\t\t\t\t<\/div>\n\t\t<div class=\"elementor-element elementor-element-995a361 e-con-full e-flex e-con e-child\" data-id=\"995a361\" data-element_type=\"container\" data-e-type=\"container\">\n\t\t\t\t<div class=\"elementor-element elementor-element-e6addd0 elementor-align-justify elementor-widget elementor-widget-button\" data-id=\"e6addd0\" data-element_type=\"widget\" data-e-type=\"widget\" data-widget_type=\"button.default\">\n\t\t\t\t<div class=\"elementor-widget-container\">\n\t\t\t\t\t\t\t\t\t<div class=\"elementor-button-wrapper\">\n\t\t\t\t\t<a class=\"elementor-button elementor-button-link elementor-size-sm\" href=\"https:\/\/rentallorca.com\/de\/vermietung\/fincas-mallorca-c22e21\/\">\n\t\t\t\t\t\t<span class=\"elementor-button-content-wrapper\">\n\t\t\t\t\t\t\t\t\t<span class=\"elementor-button-text\">Bauernh\u00f6fe in Mallorca<\/span>\n\t\t\t\t\t<\/span>\n\t\t\t\t\t<\/a>\n\t\t\t\t<\/div>\n\t\t\t\t\t\t\t\t<\/div>\n\t\t\t\t<\/div>\n\t\t\t\t<\/div>\n\t\t\t\t\t<\/div>\n\t\t\t\t<\/div>\n\t\t\t\t<\/div>\n\t\t<\/div>\n\t\t\t\t\t\t<\/div>\n\t\t\t\t<\/div>\n\t\t\t\t\t<\/div>\n\t\t\t\t<\/div>\n\t\t\t\t<\/div>\n\t\t","protected":false},"excerpt":{"rendered":"<p>Wir sind uns bewusst, dass Ihnen als Erstes die Ruhe (oder die Party) an den Str\u00e4nden Mallorcas in den Sinn kommt, wenn wir von Mallorca sprechen. Es ist klar, dass das Meer so oder so eine Hauptrolle spielen w\u00fcrde. Aber\u2026 Haben Sie schon von den unglaublichen Bergen Mallorcas geh\u00f6rt? Egal, ob Sie sich als Bergziege [&hellip;]<\/p>\n","protected":false},"author":3,"featured_media":2751,"comment_status":"open","ping_status":"open","sticky":false,"template":"","format":"standard","meta":{"footnotes":""},"categories":[34],"tags":[],"class_list":["post-2898","post","type-post","status-publish","format-standard","has-post-thumbnail","hentry","category-mallorca-destino"],"yoast_head":"<!-- This site is optimized with the Yoast SEO plugin v27.5 - https:\/\/yoast.com\/product\/yoast-seo-wordpress\/ -->\n<title>Wanderrouten durch die Berge Mallorcas - Blog<\/title>\n<meta name=\"description\" content=\"Entdecken Sie die Berge Mallorcas und genie\u00dfen Sie Ausfl\u00fcge mit spektakul\u00e4ren Landschaften und reiner Luft.\" \/>\n<meta name=\"robots\" content=\"index, follow, max-snippet:-1, max-image-preview:large, max-video-preview:-1\" \/>\n<link rel=\"canonical\" href=\"https:\/\/rentallorca.com\/blog\/de\/mallorcas-berge\/\" \/>\n<meta property=\"og:locale\" content=\"de_DE\" \/>\n<meta property=\"og:type\" content=\"article\" \/>\n<meta property=\"og:title\" content=\"Wanderrouten durch die Berge Mallorcas - Blog\" \/>\n<meta property=\"og:description\" content=\"Entdecken Sie die Berge Mallorcas und genie\u00dfen Sie Ausfl\u00fcge mit spektakul\u00e4ren Landschaften und reiner Luft.\" \/>\n<meta property=\"og:url\" content=\"https:\/\/rentallorca.com\/blog\/de\/mallorcas-berge\/\" \/>\n<meta property=\"og:site_name\" content=\"Blog\" \/>\n<meta property=\"article:published_time\" content=\"2025-10-14T08:12:03+00:00\" \/>\n<meta property=\"article:modified_time\" content=\"2025-10-31T12:31:19+00:00\" \/>\n<meta property=\"og:image\" content=\"https:\/\/rentallorca.com\/blog\/wp-content\/uploads\/2025\/10\/rutas-de-senderismo-mallorca.jpg\" \/>\n\t<meta property=\"og:image:width\" content=\"2321\" \/>\n\t<meta property=\"og:image:height\" content=\"774\" \/>\n\t<meta property=\"og:image:type\" content=\"image\/jpeg\" \/>\n<meta name=\"author\" content=\"Axel\" \/>\n<meta name=\"twitter:card\" content=\"summary_large_image\" \/>\n<meta name=\"twitter:label1\" content=\"Written by\" \/>\n\t<meta name=\"twitter:data1\" content=\"Axel\" \/>\n\t<meta name=\"twitter:label2\" content=\"Est. reading time\" \/>\n\t<meta name=\"twitter:data2\" content=\"6 minutes\" \/>\n<script type=\"application\/ld+json\" class=\"yoast-schema-graph\">{\"@context\":\"https:\\\/\\\/schema.org\",\"@graph\":[{\"@type\":\"Article\",\"@id\":\"https:\\\/\\\/rentallorca.com\\\/blog\\\/de\\\/mallorcas-berge\\\/#article\",\"isPartOf\":{\"@id\":\"https:\\\/\\\/rentallorca.com\\\/blog\\\/de\\\/mallorcas-berge\\\/\"},\"author\":{\"name\":\"Axel\",\"@id\":\"https:\\\/\\\/rentallorca.com\\\/blog\\\/de\\\/#\\\/schema\\\/person\\\/8c5ebe5bf8d43e9757ab6869e1d4cbe4\"},\"headline\":\"Mallorcas Berge: Routen, Aussichtspunkte und Tipps f\u00fcr Ihren perfekten Ausflug\",\"datePublished\":\"2025-10-14T08:12:03+00:00\",\"dateModified\":\"2025-10-31T12:31:19+00:00\",\"mainEntityOfPage\":{\"@id\":\"https:\\\/\\\/rentallorca.com\\\/blog\\\/de\\\/mallorcas-berge\\\/\"},\"wordCount\":1195,\"commentCount\":0,\"image\":{\"@id\":\"https:\\\/\\\/rentallorca.com\\\/blog\\\/de\\\/mallorcas-berge\\\/#primaryimage\"},\"thumbnailUrl\":\"https:\\\/\\\/rentallorca.com\\\/blog\\\/wp-content\\\/uploads\\\/2025\\\/10\\\/rutas-de-senderismo-mallorca.jpg\",\"articleSection\":[\"Mallorca\"],\"inLanguage\":\"de\",\"potentialAction\":[{\"@type\":\"CommentAction\",\"name\":\"Comment\",\"target\":[\"https:\\\/\\\/rentallorca.com\\\/blog\\\/de\\\/mallorcas-berge\\\/#respond\"]}]},{\"@type\":\"WebPage\",\"@id\":\"https:\\\/\\\/rentallorca.com\\\/blog\\\/de\\\/mallorcas-berge\\\/\",\"url\":\"https:\\\/\\\/rentallorca.com\\\/blog\\\/de\\\/mallorcas-berge\\\/\",\"name\":\"Wanderrouten durch die Berge Mallorcas - Blog\",\"isPartOf\":{\"@id\":\"https:\\\/\\\/rentallorca.com\\\/blog\\\/de\\\/#website\"},\"primaryImageOfPage\":{\"@id\":\"https:\\\/\\\/rentallorca.com\\\/blog\\\/de\\\/mallorcas-berge\\\/#primaryimage\"},\"image\":{\"@id\":\"https:\\\/\\\/rentallorca.com\\\/blog\\\/de\\\/mallorcas-berge\\\/#primaryimage\"},\"thumbnailUrl\":\"https:\\\/\\\/rentallorca.com\\\/blog\\\/wp-content\\\/uploads\\\/2025\\\/10\\\/rutas-de-senderismo-mallorca.jpg\",\"datePublished\":\"2025-10-14T08:12:03+00:00\",\"dateModified\":\"2025-10-31T12:31:19+00:00\",\"author\":{\"@id\":\"https:\\\/\\\/rentallorca.com\\\/blog\\\/de\\\/#\\\/schema\\\/person\\\/8c5ebe5bf8d43e9757ab6869e1d4cbe4\"},\"description\":\"Entdecken Sie die Berge Mallorcas und genie\u00dfen Sie Ausfl\u00fcge mit spektakul\u00e4ren Landschaften und reiner Luft.\",\"breadcrumb\":{\"@id\":\"https:\\\/\\\/rentallorca.com\\\/blog\\\/de\\\/mallorcas-berge\\\/#breadcrumb\"},\"inLanguage\":\"de\",\"potentialAction\":[{\"@type\":\"ReadAction\",\"target\":[\"https:\\\/\\\/rentallorca.com\\\/blog\\\/de\\\/mallorcas-berge\\\/\"]}]},{\"@type\":\"ImageObject\",\"inLanguage\":\"de\",\"@id\":\"https:\\\/\\\/rentallorca.com\\\/blog\\\/de\\\/mallorcas-berge\\\/#primaryimage\",\"url\":\"https:\\\/\\\/rentallorca.com\\\/blog\\\/wp-content\\\/uploads\\\/2025\\\/10\\\/rutas-de-senderismo-mallorca.jpg\",\"contentUrl\":\"https:\\\/\\\/rentallorca.com\\\/blog\\\/wp-content\\\/uploads\\\/2025\\\/10\\\/rutas-de-senderismo-mallorca.jpg\",\"width\":2321,\"height\":774,\"caption\":\"Two women hikers on mountain summit overlooking the mediterranean sea. Outdoor adventure day trek with friends. Aspiration, exploration and inspiring lifestyle concept. Panoramic from a mountain peak.\"},{\"@type\":\"BreadcrumbList\",\"@id\":\"https:\\\/\\\/rentallorca.com\\\/blog\\\/de\\\/mallorcas-berge\\\/#breadcrumb\",\"itemListElement\":[{\"@type\":\"ListItem\",\"position\":1,\"name\":\"Home\",\"item\":\"https:\\\/\\\/rentallorca.com\\\/blog\\\/de\\\/\"},{\"@type\":\"ListItem\",\"position\":2,\"name\":\"Mallorcas Berge: Routen, Aussichtspunkte und Tipps f\u00fcr Ihren perfekten Ausflug\"}]},{\"@type\":\"WebSite\",\"@id\":\"https:\\\/\\\/rentallorca.com\\\/blog\\\/de\\\/#website\",\"url\":\"https:\\\/\\\/rentallorca.com\\\/blog\\\/de\\\/\",\"name\":\"Blog\",\"description\":\"Rentallorca\",\"potentialAction\":[{\"@type\":\"SearchAction\",\"target\":{\"@type\":\"EntryPoint\",\"urlTemplate\":\"https:\\\/\\\/rentallorca.com\\\/blog\\\/de\\\/?s={search_term_string}\"},\"query-input\":{\"@type\":\"PropertyValueSpecification\",\"valueRequired\":true,\"valueName\":\"search_term_string\"}}],\"inLanguage\":\"de\"},{\"@type\":\"Person\",\"@id\":\"https:\\\/\\\/rentallorca.com\\\/blog\\\/de\\\/#\\\/schema\\\/person\\\/8c5ebe5bf8d43e9757ab6869e1d4cbe4\",\"name\":\"Axel\",\"image\":{\"@type\":\"ImageObject\",\"inLanguage\":\"de\",\"@id\":\"https:\\\/\\\/secure.gravatar.com\\\/avatar\\\/3bd706736e5b70f21f05f6c2d5cad746767782a4ba4b7df399c5969e2a9318fd?s=96&d=mm&r=g\",\"url\":\"https:\\\/\\\/secure.gravatar.com\\\/avatar\\\/3bd706736e5b70f21f05f6c2d5cad746767782a4ba4b7df399c5969e2a9318fd?s=96&d=mm&r=g\",\"contentUrl\":\"https:\\\/\\\/secure.gravatar.com\\\/avatar\\\/3bd706736e5b70f21f05f6c2d5cad746767782a4ba4b7df399c5969e2a9318fd?s=96&d=mm&r=g\",\"caption\":\"Axel\"},\"url\":\"https:\\\/\\\/rentallorca.com\\\/blog\\\/de\\\/author\\\/axel\\\/\"}]}<\/script>\n<!-- \/ Yoast SEO plugin. -->","yoast_head_json":{"title":"Wanderrouten durch die Berge Mallorcas - Blog","description":"Entdecken Sie die Berge Mallorcas und genie\u00dfen Sie Ausfl\u00fcge mit spektakul\u00e4ren Landschaften und reiner Luft.","robots":{"index":"index","follow":"follow","max-snippet":"max-snippet:-1","max-image-preview":"max-image-preview:large","max-video-preview":"max-video-preview:-1"},"canonical":"https:\/\/rentallorca.com\/blog\/de\/mallorcas-berge\/","og_locale":"de_DE","og_type":"article","og_title":"Wanderrouten durch die Berge Mallorcas - Blog","og_description":"Entdecken Sie die Berge Mallorcas und genie\u00dfen Sie Ausfl\u00fcge mit spektakul\u00e4ren Landschaften und reiner Luft.","og_url":"https:\/\/rentallorca.com\/blog\/de\/mallorcas-berge\/","og_site_name":"Blog","article_published_time":"2025-10-14T08:12:03+00:00","article_modified_time":"2025-10-31T12:31:19+00:00","og_image":[{"width":2321,"height":774,"url":"https:\/\/rentallorca.com\/blog\/wp-content\/uploads\/2025\/10\/rutas-de-senderismo-mallorca.jpg","type":"image\/jpeg"}],"author":"Axel","twitter_card":"summary_large_image","twitter_misc":{"Written by":"Axel","Est. reading time":"6 minutes"},"schema":{"@context":"https:\/\/schema.org","@graph":[{"@type":"Article","@id":"https:\/\/rentallorca.com\/blog\/de\/mallorcas-berge\/#article","isPartOf":{"@id":"https:\/\/rentallorca.com\/blog\/de\/mallorcas-berge\/"},"author":{"name":"Axel","@id":"https:\/\/rentallorca.com\/blog\/de\/#\/schema\/person\/8c5ebe5bf8d43e9757ab6869e1d4cbe4"},"headline":"Mallorcas Berge: Routen, Aussichtspunkte und Tipps f\u00fcr Ihren perfekten Ausflug","datePublished":"2025-10-14T08:12:03+00:00","dateModified":"2025-10-31T12:31:19+00:00","mainEntityOfPage":{"@id":"https:\/\/rentallorca.com\/blog\/de\/mallorcas-berge\/"},"wordCount":1195,"commentCount":0,"image":{"@id":"https:\/\/rentallorca.com\/blog\/de\/mallorcas-berge\/#primaryimage"},"thumbnailUrl":"https:\/\/rentallorca.com\/blog\/wp-content\/uploads\/2025\/10\/rutas-de-senderismo-mallorca.jpg","articleSection":["Mallorca"],"inLanguage":"de","potentialAction":[{"@type":"CommentAction","name":"Comment","target":["https:\/\/rentallorca.com\/blog\/de\/mallorcas-berge\/#respond"]}]},{"@type":"WebPage","@id":"https:\/\/rentallorca.com\/blog\/de\/mallorcas-berge\/","url":"https:\/\/rentallorca.com\/blog\/de\/mallorcas-berge\/","name":"Wanderrouten durch die Berge Mallorcas - Blog","isPartOf":{"@id":"https:\/\/rentallorca.com\/blog\/de\/#website"},"primaryImageOfPage":{"@id":"https:\/\/rentallorca.com\/blog\/de\/mallorcas-berge\/#primaryimage"},"image":{"@id":"https:\/\/rentallorca.com\/blog\/de\/mallorcas-berge\/#primaryimage"},"thumbnailUrl":"https:\/\/rentallorca.com\/blog\/wp-content\/uploads\/2025\/10\/rutas-de-senderismo-mallorca.jpg","datePublished":"2025-10-14T08:12:03+00:00","dateModified":"2025-10-31T12:31:19+00:00","author":{"@id":"https:\/\/rentallorca.com\/blog\/de\/#\/schema\/person\/8c5ebe5bf8d43e9757ab6869e1d4cbe4"},"description":"Entdecken Sie die Berge Mallorcas und genie\u00dfen Sie Ausfl\u00fcge mit spektakul\u00e4ren Landschaften und reiner Luft.","breadcrumb":{"@id":"https:\/\/rentallorca.com\/blog\/de\/mallorcas-berge\/#breadcrumb"},"inLanguage":"de","potentialAction":[{"@type":"ReadAction","target":["https:\/\/rentallorca.com\/blog\/de\/mallorcas-berge\/"]}]},{"@type":"ImageObject","inLanguage":"de","@id":"https:\/\/rentallorca.com\/blog\/de\/mallorcas-berge\/#primaryimage","url":"https:\/\/rentallorca.com\/blog\/wp-content\/uploads\/2025\/10\/rutas-de-senderismo-mallorca.jpg","contentUrl":"https:\/\/rentallorca.com\/blog\/wp-content\/uploads\/2025\/10\/rutas-de-senderismo-mallorca.jpg","width":2321,"height":774,"caption":"Two women hikers on mountain summit overlooking the mediterranean sea. Outdoor adventure day trek with friends. Aspiration, exploration and inspiring lifestyle concept. Panoramic from a mountain peak."},{"@type":"BreadcrumbList","@id":"https:\/\/rentallorca.com\/blog\/de\/mallorcas-berge\/#breadcrumb","itemListElement":[{"@type":"ListItem","position":1,"name":"Home","item":"https:\/\/rentallorca.com\/blog\/de\/"},{"@type":"ListItem","position":2,"name":"Mallorcas Berge: Routen, Aussichtspunkte und Tipps f\u00fcr Ihren perfekten Ausflug"}]},{"@type":"WebSite","@id":"https:\/\/rentallorca.com\/blog\/de\/#website","url":"https:\/\/rentallorca.com\/blog\/de\/","name":"Blog","description":"Rentallorca","potentialAction":[{"@type":"SearchAction","target":{"@type":"EntryPoint","urlTemplate":"https:\/\/rentallorca.com\/blog\/de\/?s={search_term_string}"},"query-input":{"@type":"PropertyValueSpecification","valueRequired":true,"valueName":"search_term_string"}}],"inLanguage":"de"},{"@type":"Person","@id":"https:\/\/rentallorca.com\/blog\/de\/#\/schema\/person\/8c5ebe5bf8d43e9757ab6869e1d4cbe4","name":"Axel","image":{"@type":"ImageObject","inLanguage":"de","@id":"https:\/\/secure.gravatar.com\/avatar\/3bd706736e5b70f21f05f6c2d5cad746767782a4ba4b7df399c5969e2a9318fd?s=96&d=mm&r=g","url":"https:\/\/secure.gravatar.com\/avatar\/3bd706736e5b70f21f05f6c2d5cad746767782a4ba4b7df399c5969e2a9318fd?s=96&d=mm&r=g","contentUrl":"https:\/\/secure.gravatar.com\/avatar\/3bd706736e5b70f21f05f6c2d5cad746767782a4ba4b7df399c5969e2a9318fd?s=96&d=mm&r=g","caption":"Axel"},"url":"https:\/\/rentallorca.com\/blog\/de\/author\/axel\/"}]}},"_links":{"self":[{"href":"https:\/\/rentallorca.com\/blog\/de\/wp-json\/wp\/v2\/posts\/2898","targetHints":{"allow":["GET"]}}],"collection":[{"href":"https:\/\/rentallorca.com\/blog\/de\/wp-json\/wp\/v2\/posts"}],"about":[{"href":"https:\/\/rentallorca.com\/blog\/de\/wp-json\/wp\/v2\/types\/post"}],"author":[{"embeddable":true,"href":"https:\/\/rentallorca.com\/blog\/de\/wp-json\/wp\/v2\/users\/3"}],"replies":[{"embeddable":true,"href":"https:\/\/rentallorca.com\/blog\/de\/wp-json\/wp\/v2\/comments?post=2898"}],"version-history":[{"count":1,"href":"https:\/\/rentallorca.com\/blog\/de\/wp-json\/wp\/v2\/posts\/2898\/revisions"}],"predecessor-version":[{"id":2899,"href":"https:\/\/rentallorca.com\/blog\/de\/wp-json\/wp\/v2\/posts\/2898\/revisions\/2899"}],"wp:featuredmedia":[{"embeddable":true,"href":"https:\/\/rentallorca.com\/blog\/de\/wp-json\/wp\/v2\/media\/2751"}],"wp:attachment":[{"href":"https:\/\/rentallorca.com\/blog\/de\/wp-json\/wp\/v2\/media?parent=2898"}],"wp:term":[{"taxonomy":"category","embeddable":true,"href":"https:\/\/rentallorca.com\/blog\/de\/wp-json\/wp\/v2\/categories?post=2898"},{"taxonomy":"post_tag","embeddable":true,"href":"https:\/\/rentallorca.com\/blog\/de\/wp-json\/wp\/v2\/tags?post=2898"}],"curies":[{"name":"wp","href":"https:\/\/api.w.org\/{rel}","templated":true}]}}