{"id":2894,"date":"2025-10-14T08:47:10","date_gmt":"2025-10-14T08:47:10","guid":{"rendered":"https:\/\/rentallorca.com\/blog\/?p=2894"},"modified":"2025-10-31T12:31:41","modified_gmt":"2025-10-31T12:31:41","slug":"strand-alcudia","status":"publish","type":"post","link":"https:\/\/rentallorca.com\/blog\/de\/strand-alcudia\/","title":{"rendered":"Playa de Alcudia: ruhiges Wasser, wei\u00dfer Sand und der beste Plan im Norden von Mallorca"},"content":{"rendered":"\t\t<div data-elementor-type=\"wp-post\" data-elementor-id=\"2894\" class=\"elementor elementor-2894 elementor-2732\" data-elementor-post-type=\"post\">\n\t\t\t\t<div class=\"elementor-element elementor-element-7ae9a06b e-flex e-con-boxed e-con e-parent\" data-id=\"7ae9a06b\" data-element_type=\"container\" data-e-type=\"container\">\n\t\t\t\t\t<div class=\"e-con-inner\">\n\t\t\t\t<div class=\"elementor-element elementor-element-537c26da elementor-widget elementor-widget-text-editor\" data-id=\"537c26da\" data-element_type=\"widget\" data-e-type=\"widget\" data-widget_type=\"text-editor.default\">\n\t\t\t\t<div class=\"elementor-widget-container\">\n\t\t\t\t\t\t\t\t\t<p><span style=\"font-weight: 400;\">Einen Schachzug zu machen, wenn es darum geht, Ihr Urlaubsziel auszuw\u00e4hlen, ist nicht immer einfach. Es erfordert Planung, gut informiert zu sein und, warum nicht, auch ein bisschen Gl\u00fcck. Nun,  <\/span> <b> bei Rentallorca versichern wir Ihnen, dass die Playa de Alcudia dieser Schachzug sein kann<\/b><span style=\"font-weight: 400;\">, den Sie so lange gesucht haben.<\/span> <\/p><p><span style=\"font-weight: 400;\">Hier vereinen sich der wei\u00dfe Sand und das kristallklare Wasser mit einer beneidenswerten Infrastruktur, die diesen gro\u00dfen Sandstrand zum<\/span><b> beliebtesten Ziel im Norden der Insel<\/b><span style=\"font-weight: 400;\"> macht, um ein gutes Bad zu nehmen, sich bei Wassersportarten zu entspannen oder mit Blick auf den Horizont spazieren zu gehen.<\/span><\/p><p><span style=\"font-weight: 400;\">Begleiten Sie uns und<\/span><b> entdecken Sie, wie Sie Ihren Besuch an der Playa de Alcudia optimal nutzen k\u00f6nnen<\/b><span style=\"font-weight: 400;\">  (und seine Umgebung), ohne die gute Stimmung zu verlieren, die ihn so besonders macht. Lies weiter! <\/span><\/p>\t\t\t\t\t\t\t\t<\/div>\n\t\t\t\t<\/div>\n\t\t\t\t\t<\/div>\n\t\t\t\t<\/div>\n\t\t<div class=\"elementor-element elementor-element-112e6a9e e-flex e-con-boxed e-con e-parent\" data-id=\"112e6a9e\" data-element_type=\"container\" data-e-type=\"container\">\n\t\t\t\t\t<div class=\"e-con-inner\">\n\t\t\t\t<div class=\"elementor-element elementor-element-1947c451 elementor-widget elementor-widget-table-of-contents\" data-id=\"1947c451\" data-element_type=\"widget\" data-e-type=\"widget\" data-settings=\"{&quot;headings_by_tags&quot;:[&quot;h2&quot;,&quot;h3&quot;],&quot;exclude_headings_by_selector&quot;:[],&quot;marker_view&quot;:&quot;bullets&quot;,&quot;icon&quot;:{&quot;value&quot;:&quot;&quot;,&quot;library&quot;:&quot;&quot;},&quot;no_headings_message&quot;:&quot;No headings were found on this page.&quot;,&quot;hierarchical_view&quot;:&quot;yes&quot;,&quot;min_height&quot;:{&quot;unit&quot;:&quot;px&quot;,&quot;size&quot;:&quot;&quot;,&quot;sizes&quot;:[]},&quot;min_height_tablet&quot;:{&quot;unit&quot;:&quot;px&quot;,&quot;size&quot;:&quot;&quot;,&quot;sizes&quot;:[]},&quot;min_height_mobile&quot;:{&quot;unit&quot;:&quot;px&quot;,&quot;size&quot;:&quot;&quot;,&quot;sizes&quot;:[]}}\" data-widget_type=\"table-of-contents.default\">\n\t\t\t\t<div class=\"elementor-widget-container\">\n\t\t\t\t\t\t\t\t\t<div class=\"elementor-toc__header\">\n\t\t\t\t\t\t<div class=\"elementor-toc__header-title\">\n\t\t\t\tInhaltsverzeichnis\t\t\t<\/div>\n\t\t\t\t\t\t\t\t<\/div>\n\t\t\t\t<div id=\"elementor-toc__1947c451\" class=\"elementor-toc__body\">\n\t\t\t<div class=\"elementor-toc__spinner-container\">\n\t\t\t\t<svg class=\"elementor-toc__spinner eicon-animation-spin e-font-icon-svg e-eicon-loading\" aria-hidden=\"true\" viewBox=\"0 0 1000 1000\" xmlns=\"http:\/\/www.w3.org\/2000\/svg\"><path d=\"M500 975V858C696 858 858 696 858 500S696 142 500 142 142 304 142 500H25C25 237 238 25 500 25S975 237 975 500 763 975 500 975Z\"><\/path><\/svg>\t\t\t<\/div>\n\t\t<\/div>\n\t\t\t\t\t\t<\/div>\n\t\t\t\t<\/div>\n\t\t\t\t\t<\/div>\n\t\t\t\t<\/div>\n\t\t<div class=\"elementor-element elementor-element-34f6c05 e-flex e-con-boxed e-con e-parent\" data-id=\"34f6c05\" data-element_type=\"container\" data-e-type=\"container\">\n\t\t\t\t\t<div class=\"e-con-inner\">\n\t\t\t\t<div class=\"elementor-element elementor-element-76c1ee9b elementor-widget elementor-widget-heading\" data-id=\"76c1ee9b\" data-element_type=\"widget\" data-e-type=\"widget\" data-widget_type=\"heading.default\">\n\t\t\t\t<div class=\"elementor-widget-container\">\n\t\t\t\t\t<h2 class=\"elementor-heading-title elementor-size-default\">Wie man zur Playa de Alcudia kommt (und wo man parken kann, ohne verr\u00fcckt zu werden)\n<\/h2>\t\t\t\t<\/div>\n\t\t\t\t<\/div>\n\t\t\t\t<div class=\"elementor-element elementor-element-4bcdc6d elementor-widget elementor-widget-text-editor\" data-id=\"4bcdc6d\" data-element_type=\"widget\" data-e-type=\"widget\" data-widget_type=\"text-editor.default\">\n\t\t\t\t<div class=\"elementor-widget-container\">\n\t\t\t\t\t\t\t\t\t<p><span style=\"font-weight: 400;\">Vergessen Sie endlose Runden auf der Suche nach einem Platz. Der Zugang zur Playa de Alcudia ist sehr einfach, sie befindet sich in der Gemeinde Alcudia und beginnt in dem Gebiet, das den Yachthafen umgibt, und erstreckt sich fast 7 km nach Osten. Es ist m\u00f6glich, von der    <\/span><b>Hauptstra\u00dfe Ma-13<\/b><span style=\"font-weight: 400;\"> zu gelangen, die schnell mit dem Hafen und dem Restaurantbereich verbunden ist.<\/span><\/p><p><span style=\"font-weight: 400;\">Obwohl im Sommer viel los ist, gibt es mehrere Bereiche, in denen man in der N\u00e4he der Promenade parken kann. Viele Hotels bieten eigene Parkpl\u00e4tze an, und es gibt auch   <\/span><b>kostenlose \u00f6ffentliche Parkpl\u00e4tze<\/b><span style=\"font-weight: 400;\">  oder mit reguliertem Tarif. Am empfehlenswertesten ist es, vor 11 Uhr anzureisen, um sich einen Platz zu sichern.  <\/span><\/p><p><span style=\"font-weight: 400;\">Wenn Sie sich f\u00fcr den Bus entscheiden, fahren die<\/span><b> regelm\u00e4\u00dfigen Verbindungen von Palma oder Port de Pollen\u00e7a ab<\/b><span style=\"font-weight: 400;\">  und halten am Hafen und im Gewerbegebiet. Und wenn Sie zu den Fahrradfans geh\u00f6ren, f\u00fchrt die Fahrradroute entlang der Bucht und erm\u00f6glicht es Ihnen, diesen Strand wie ein echter Einheimischer zu erreichen. <\/span><\/p>\t\t\t\t\t\t\t\t<\/div>\n\t\t\t\t<\/div>\n\t\t\t\t\t<\/div>\n\t\t\t\t<\/div>\n\t\t<div class=\"elementor-element elementor-element-1e3e13bd e-flex e-con-boxed e-con e-parent\" data-id=\"1e3e13bd\" data-element_type=\"container\" data-e-type=\"container\">\n\t\t\t\t\t<div class=\"e-con-inner\">\n\t\t\t\t<div class=\"elementor-element elementor-element-50286c3 elementor-widget elementor-widget-google_maps\" data-id=\"50286c3\" data-element_type=\"widget\" data-e-type=\"widget\" data-widget_type=\"google_maps.default\">\n\t\t\t\t<div class=\"elementor-widget-container\">\n\t\t\t\t\t\t\t<div class=\"elementor-custom-embed\">\n\t\t\t<iframe loading=\"lazy\"\n\t\t\t\t\tsrc=\"https:\/\/maps.google.com\/maps?q=playa%20alcudia&#038;t=m&#038;z=10&#038;output=embed&#038;iwloc=near\"\n\t\t\t\t\ttitle=\"playa alcudia\"\n\t\t\t\t\taria-label=\"playa alcudia\"\n\t\t\t><\/iframe>\n\t\t<\/div>\n\t\t\t\t\t\t<\/div>\n\t\t\t\t<\/div>\n\t\t\t\t\t<\/div>\n\t\t\t\t<\/div>\n\t\t<div class=\"elementor-element elementor-element-d7893b1 e-flex e-con-boxed e-con e-parent\" data-id=\"d7893b1\" data-element_type=\"container\" data-e-type=\"container\">\n\t\t\t\t\t<div class=\"e-con-inner\">\n\t\t\t\t<div class=\"elementor-element elementor-element-ee39460 elementor-widget elementor-widget-heading\" data-id=\"ee39460\" data-element_type=\"widget\" data-e-type=\"widget\" data-widget_type=\"heading.default\">\n\t\t\t\t<div class=\"elementor-widget-container\">\n\t\t\t\t\t<h2 class=\"elementor-heading-title elementor-size-default\">Was man an der Playa de Alcudia unternehmen kann: Sport, Entspannung und Optionen f\u00fcr alle\n<\/h2>\t\t\t\t<\/div>\n\t\t\t\t<\/div>\n\t\t\t\t<div class=\"elementor-element elementor-element-c4ed95f elementor-widget elementor-widget-text-editor\" data-id=\"c4ed95f\" data-element_type=\"widget\" data-e-type=\"widget\" data-widget_type=\"text-editor.default\">\n\t\t\t\t<div class=\"elementor-widget-container\">\n\t\t\t\t\t\t\t\t\t<p><span style=\"font-weight: 400;\">Die Playa de Alcudia bietet<\/span><b> Aktivit\u00e4ten f\u00fcr alle Altersgruppen<\/b><span style=\"font-weight: 400;\"> und jeden Geschmack.<\/span><\/p>\t\t\t\t\t\t\t\t<\/div>\n\t\t\t\t<\/div>\n\t\t\t\t\t<\/div>\n\t\t\t\t<\/div>\n\t\t<div class=\"elementor-element elementor-element-cc9ddbc e-flex e-con-boxed e-con e-parent\" data-id=\"cc9ddbc\" data-element_type=\"container\" data-e-type=\"container\">\n\t\t\t\t\t<div class=\"e-con-inner\">\n\t\t<div class=\"elementor-element elementor-element-3ce804a e-con-full e-flex e-con e-child\" data-id=\"3ce804a\" data-element_type=\"container\" data-e-type=\"container\">\n\t\t\t\t<div class=\"elementor-element elementor-element-a5882df elementor-widget elementor-widget-heading\" data-id=\"a5882df\" data-element_type=\"widget\" data-e-type=\"widget\" data-widget_type=\"heading.default\">\n\t\t\t\t<div class=\"elementor-widget-container\">\n\t\t\t\t\t<h3 class=\"elementor-heading-title elementor-size-default\">Wassersport und Strandaktivit\u00e4ten\n<\/h3>\t\t\t\t<\/div>\n\t\t\t\t<\/div>\n\t\t\t\t<div class=\"elementor-element elementor-element-15e53fa elementor-widget elementor-widget-text-editor\" data-id=\"15e53fa\" data-element_type=\"widget\" data-e-type=\"widget\" data-widget_type=\"text-editor.default\">\n\t\t\t\t<div class=\"elementor-widget-container\">\n\t\t\t\t\t\t\t\t\t<p><span style=\"font-weight: 400;\">Alcudia ist f\u00fcr jeden Geschmack etwas. Sport- und Adrenalinliebhaber k\u00f6nnen zwischen   <\/span><b>Windsurfen, Paddle-Surfen, Kajakfahren, Tretbootfahren und Bananenbootfahrten w\u00e4hlen<\/b><span style=\"font-weight: 400;\">. Dar\u00fcber hinaus starten vom Pier  <\/span><b>Bootsausfl\u00fcge<\/b><span style=\"font-weight: 400;\"> und Freizeitfischen in der Bucht von Alcudia und an der K\u00fcste von Formentor.<\/span><\/p>\t\t\t\t\t\t\t\t<\/div>\n\t\t\t\t<\/div>\n\t\t\t\t<\/div>\n\t\t<div class=\"elementor-element elementor-element-c8941c7 e-con-full e-flex e-con e-child\" data-id=\"c8941c7\" data-element_type=\"container\" data-e-type=\"container\">\n\t\t\t\t<div class=\"elementor-element elementor-element-5db2d8f elementor-widget elementor-widget-heading\" data-id=\"5db2d8f\" data-element_type=\"widget\" data-e-type=\"widget\" data-widget_type=\"heading.default\">\n\t\t\t\t<div class=\"elementor-widget-container\">\n\t\t\t\t\t<h3 class=\"elementor-heading-title elementor-size-default\">Spazierg\u00e4nge und Entspannung\n<\/h3>\t\t\t\t<\/div>\n\t\t\t\t<\/div>\n\t\t\t\t<div class=\"elementor-element elementor-element-ce82c18 elementor-widget elementor-widget-text-editor\" data-id=\"ce82c18\" data-element_type=\"widget\" data-e-type=\"widget\" data-widget_type=\"text-editor.default\">\n\t\t\t\t<div class=\"elementor-widget-container\">\n\t\t\t\t\t\t\t\t\t<p><span style=\"font-weight: 400;\">Die Breite des Sandstrandes mit mehr als 80 Metern Breite ist perfekt, um<\/span><b> am Ufer entlang zu spazieren<\/b><span style=\"font-weight: 400;\">, kleine D\u00fcnen zu entdecken und sich in den Stegen zu verlieren, die mit Gartenbereichen und Strandbars verbunden sind. Die Promenade, die ihn s\u00e4umt, l\u00e4dt zu jeder Zeit zum Spazierengehen ein, um an den Kiosken anzuhalten, um ein Eis zu essen und Postkartenfotos zu machen. <\/span><\/p>\t\t\t\t\t\t\t\t<\/div>\n\t\t\t\t<\/div>\n\t\t\t\t<\/div>\n\t\t<div class=\"elementor-element elementor-element-2ec9b77 e-con-full e-flex e-con e-child\" data-id=\"2ec9b77\" data-element_type=\"container\" data-e-type=\"container\">\n\t\t\t\t<div class=\"elementor-element elementor-element-dcb8213 elementor-widget elementor-widget-heading\" data-id=\"dcb8213\" data-element_type=\"widget\" data-e-type=\"widget\" data-widget_type=\"heading.default\">\n\t\t\t\t<div class=\"elementor-widget-container\">\n\t\t\t\t\t<h3 class=\"elementor-heading-title elementor-size-default\">Einkaufen und Gastronomie\n<\/h3>\t\t\t\t<\/div>\n\t\t\t\t<\/div>\n\t\t\t\t<div class=\"elementor-element elementor-element-5c62fad elementor-widget elementor-widget-text-editor\" data-id=\"5c62fad\" data-element_type=\"widget\" data-e-type=\"widget\" data-widget_type=\"text-editor.default\">\n\t\t\t\t<div class=\"elementor-widget-container\">\n\t\t\t\t\t\t\t\t\t<p><span style=\"font-weight: 400;\">Von<\/span><b> Sommerbekleidungsgesch\u00e4ften bis hin zu Strandbasaren<\/b> <span style=\"font-weight: 400;\">und mallorquinischem Kunsthandwerk begleitet die kommerzielle Atmosph\u00e4re das Erlebnis, ohne aufdringlich zu sein. In den Chiringuitos und Restaurants k\u00f6nnen Sie zwischen einem schnellen Bier, einer Paella, frischem Fisch oder internationalen Gerichten w\u00e4hlen, um den Tag zu beleben. <\/span><\/p>\t\t\t\t\t\t\t\t<\/div>\n\t\t\t\t<\/div>\n\t\t\t\t<\/div>\n\t\t\t\t\t<\/div>\n\t\t\t\t<\/div>\n\t\t<div class=\"elementor-element elementor-element-53693ef e-flex e-con-boxed e-con e-parent\" data-id=\"53693ef\" data-element_type=\"container\" data-e-type=\"container\">\n\t\t\t\t\t<div class=\"e-con-inner\">\n\t\t\t\t<div class=\"elementor-element elementor-element-5b86720 elementor-widget elementor-widget-image\" data-id=\"5b86720\" data-element_type=\"widget\" data-e-type=\"widget\" data-widget_type=\"image.default\">\n\t\t\t\t<div class=\"elementor-widget-container\">\n\t\t\t\t\t\t\t\t\t\t\t\t\t\t\t<img fetchpriority=\"high\" decoding=\"async\" width=\"1448\" height=\"724\" src=\"https:\/\/rentallorca.com\/blog\/wp-content\/uploads\/2025\/10\/playa-de-alcudia-mallorca.jpg\" class=\"attachment-full size-full wp-image-2769\" alt=\"playa-de-alcudia-mallorca.jpg\" srcset=\"https:\/\/rentallorca.com\/blog\/wp-content\/uploads\/2025\/10\/playa-de-alcudia-mallorca.jpg 1448w, https:\/\/rentallorca.com\/blog\/wp-content\/uploads\/2025\/10\/playa-de-alcudia-mallorca-300x150.jpg 300w, https:\/\/rentallorca.com\/blog\/wp-content\/uploads\/2025\/10\/playa-de-alcudia-mallorca-1024x512.jpg 1024w, https:\/\/rentallorca.com\/blog\/wp-content\/uploads\/2025\/10\/playa-de-alcudia-mallorca-768x384.jpg 768w\" sizes=\"(max-width: 1448px) 100vw, 1448px\" \/>\t\t\t\t\t\t\t\t\t\t\t\t\t\t\t<\/div>\n\t\t\t\t<\/div>\n\t\t\t\t\t<\/div>\n\t\t\t\t<\/div>\n\t\t<div class=\"elementor-element elementor-element-16788b0 e-flex e-con-boxed e-con e-parent\" data-id=\"16788b0\" data-element_type=\"container\" data-e-type=\"container\">\n\t\t\t\t\t<div class=\"e-con-inner\">\n\t\t\t\t<div class=\"elementor-element elementor-element-75a9a053 elementor-widget elementor-widget-heading\" data-id=\"75a9a053\" data-element_type=\"widget\" data-e-type=\"widget\" data-widget_type=\"heading.default\">\n\t\t\t\t<div class=\"elementor-widget-container\">\n\t\t\t\t\t<h2 class=\"elementor-heading-title elementor-size-default\">Wo man in der N\u00e4he der Playa de Alcudia schlafen kann: Unterk\u00fcnfte f\u00fcr jeden Geschmack\n<\/h2>\t\t\t\t<\/div>\n\t\t\t\t<\/div>\n\t\t\t\t<div class=\"elementor-element elementor-element-3ff6e526 elementor-widget elementor-widget-text-editor\" data-id=\"3ff6e526\" data-element_type=\"widget\" data-e-type=\"widget\" data-widget_type=\"text-editor.default\">\n\t\t\t\t<div class=\"elementor-widget-container\">\n\t\t\t\t\t\t\t\t\t<p><span style=\"font-weight: 400;\">Wenn der ideale Sommer das Schlafen mit dem Rauschen des Meeres beinhaltet, ist das<\/span><b> Angebot an Unterk\u00fcnften in Alcudia sehr breit gef\u00e4chert<\/b><span style=\"font-weight: 400;\">. Entlang der Promenade und der nahen Umgebung finden Sie Hotels, Aparthotels, All-Inclusive-Resorts, Landh\u00e4user, Premium-Villen und Touristenapartments f\u00fcr jeden Geldbeutel.<\/span><\/p><p><span style=\"font-weight: 400;\">Das<\/span><b> Gebiet Puerto Deportivo und Ciudad Blanca<\/b><span style=\"font-weight: 400;\"> bietet Vier- und F\u00fcnf-Sterne-Hotels, viele davon mit direktem Zugang zum Strand und mit Einrichtungen mit Pool, Spa und t\u00e4glicher Animation f\u00fcr die Kleinsten.<\/span><\/p><p><span style=\"font-weight: 400;\">Auf der anderen Seite gibt es in der Umgebung der<\/span><b> Playa de Muro und Can Picafort<\/b><span style=\"font-weight: 400;\"> ruhigere Optionen, die ideal f\u00fcr diejenigen sind, die Entspannung und eine nat\u00fcrliche Umgebung suchen. Und f\u00fcr die unabh\u00e4ngigsten Geister bietet die   <\/span><b>Altstadt von Alcudia<\/b><span style=\"font-weight: 400;\"> Pensionen, Hostels und Boutique-Apartments.<\/span><\/p><p><span style=\"font-weight: 400;\">In der Hochsaison wird empfohlen,<\/span><b> im Voraus zu buchen<\/b><span style=\"font-weight: 400;\">, da die Nachfrage hoch ist und die besten Preise schneller fliegen k\u00f6nnen als ein Rettungsschwimmer hinter einem losen Sonnenschirm.<\/span><\/p>\t\t\t\t\t\t\t\t<\/div>\n\t\t\t\t<\/div>\n\t\t\t\t\t<\/div>\n\t\t\t\t<\/div>\n\t\t<div class=\"elementor-element elementor-element-34f5fb9 e-flex e-con-boxed e-con e-parent\" data-id=\"34f5fb9\" data-element_type=\"container\" data-e-type=\"container\">\n\t\t\t\t\t<div class=\"e-con-inner\">\n\t\t\t\t<div class=\"elementor-element elementor-element-adb9c93 elementor-widget elementor-widget-heading\" data-id=\"adb9c93\" data-element_type=\"widget\" data-e-type=\"widget\" data-widget_type=\"heading.default\">\n\t\t\t\t<div class=\"elementor-widget-container\">\n\t\t\t\t\t<h2 class=\"elementor-heading-title elementor-size-default\">Playa de Alcudia mit Kindern: Tipps f\u00fcr Familien, die Komfort suchen<\/h2>\t\t\t\t<\/div>\n\t\t\t\t<\/div>\n\t\t\t\t<div class=\"elementor-element elementor-element-83de8e3 elementor-widget elementor-widget-text-editor\" data-id=\"83de8e3\" data-element_type=\"widget\" data-e-type=\"widget\" data-widget_type=\"text-editor.default\">\n\t\t\t\t<div class=\"elementor-widget-container\">\n\t\t\t\t\t\t\t\t\t<p><span style=\"font-weight: 400;\">Die Playa de Alcudia ist ein wahr gewordener Traum f\u00fcr diejenigen, die mit Kindern unterwegs sind, da sie nicht nur sicher f\u00fcr sie ist, sondern auch<\/span><b> flaches Wasser<\/b><span style=\"font-weight: 400;\"> hat und \u00fcber einen ph\u00e4nomenalen Rettungsschwimmerdienst verf\u00fcgt.<\/span><\/p><p><span style=\"font-weight: 400;\">Wir empfehlen Ihnen,<\/span><b> Sonnenschirm und Spielzeug zum Strand mitzubringen<\/b><span style=\"font-weight: 400;\">, da der Sand es erm\u00f6glicht, Burgen zu bauen, die die ganze Familie in professionelle Architekten verwandeln. Wir erinnern Sie auch daran, dass es   <\/span><b>Spielpl\u00e4tze in der N\u00e4he gibt<\/b><span style=\"font-weight: 400;\"> und es organisierte Aktivit\u00e4ten gibt, damit die ganze Familie Spa\u00df hat.<\/span><\/p><p><span style=\"font-weight: 400;\">Vergessen Sie nicht die<\/span><b> Sonnencreme und die M\u00fctze<\/b><span style=\"font-weight: 400;\">, da die Sonne auf Mallorca es ernst meint. Und denken Sie daran, dass die   <\/span><b>Duschen und \u00f6ffentlichen B\u00e4der<\/b><span style=\"font-weight: 400;\"> gut verteilt sind f\u00fcr alle unvorhergesehenen Ereignisse wie \u201ewir sind gerade angekommen und es ist schon schmutzig geworden\u201c.<\/span><\/p>\t\t\t\t\t\t\t\t<\/div>\n\t\t\t\t<\/div>\n\t\t\t\t\t<\/div>\n\t\t\t\t<\/div>\n\t\t<div class=\"elementor-element elementor-element-ec577b0 e-flex e-con-boxed e-con e-parent\" data-id=\"ec577b0\" data-element_type=\"container\" data-e-type=\"container\">\n\t\t\t\t\t<div class=\"e-con-inner\">\n\t\t\t\t<div class=\"elementor-element elementor-element-3a701cc elementor-widget elementor-widget-image\" data-id=\"3a701cc\" data-element_type=\"widget\" data-e-type=\"widget\" data-widget_type=\"image.default\">\n\t\t\t\t<div class=\"elementor-widget-container\">\n\t\t\t\t\t\t\t\t\t\t\t\t\t\t\t<img decoding=\"async\" width=\"1255\" height=\"627\" src=\"https:\/\/rentallorca.com\/blog\/wp-content\/uploads\/2025\/10\/Playa-de-alcudia.jpg\" class=\"attachment-full size-full wp-image-2766\" alt=\"Playa-de-alcudia.jpg\" srcset=\"https:\/\/rentallorca.com\/blog\/wp-content\/uploads\/2025\/10\/Playa-de-alcudia.jpg 1255w, https:\/\/rentallorca.com\/blog\/wp-content\/uploads\/2025\/10\/Playa-de-alcudia-300x150.jpg 300w, https:\/\/rentallorca.com\/blog\/wp-content\/uploads\/2025\/10\/Playa-de-alcudia-1024x512.jpg 1024w, https:\/\/rentallorca.com\/blog\/wp-content\/uploads\/2025\/10\/Playa-de-alcudia-768x384.jpg 768w\" sizes=\"(max-width: 1255px) 100vw, 1255px\" \/>\t\t\t\t\t\t\t\t\t\t\t\t\t\t\t<\/div>\n\t\t\t\t<\/div>\n\t\t\t\t\t<\/div>\n\t\t\t\t<\/div>\n\t\t<div class=\"elementor-element elementor-element-b410ec2 e-flex e-con-boxed e-con e-parent\" data-id=\"b410ec2\" data-element_type=\"container\" data-e-type=\"container\">\n\t\t\t\t\t<div class=\"e-con-inner\">\n\t\t\t\t<div class=\"elementor-element elementor-element-b0461cd elementor-widget elementor-widget-heading\" data-id=\"b0461cd\" data-element_type=\"widget\" data-e-type=\"widget\" data-widget_type=\"heading.default\">\n\t\t\t\t<div class=\"elementor-widget-container\">\n\t\t\t\t\t<h2 class=\"elementor-heading-title elementor-size-default\">Wenn Sie mehr wollen: andere Str\u00e4nde in der N\u00e4he von Alcudia\n<\/h2>\t\t\t\t<\/div>\n\t\t\t\t<\/div>\n\t\t\t\t<div class=\"elementor-element elementor-element-ffba6ff elementor-widget elementor-widget-text-editor\" data-id=\"ffba6ff\" data-element_type=\"widget\" data-e-type=\"widget\" data-widget_type=\"text-editor.default\">\n\t\t\t\t<div class=\"elementor-widget-container\">\n\t\t\t\t\t\t\t\t\t<p><span style=\"font-weight: 400;\">Wenn Sie einen Tag lang den Standort wechseln m\u00f6chten,<\/span><b> gibt es andere Str\u00e4nde, die einen Besuch wert sind<\/b><span style=\"font-weight: 400;\"> in der N\u00e4he von Alcudia.<\/span><\/p>\t\t\t\t\t\t\t\t<\/div>\n\t\t\t\t<\/div>\n\t\t\t\t\t<\/div>\n\t\t\t\t<\/div>\n\t\t<div class=\"elementor-element elementor-element-f471383 e-flex e-con-boxed e-con e-parent\" data-id=\"f471383\" data-element_type=\"container\" data-e-type=\"container\">\n\t\t\t\t\t<div class=\"e-con-inner\">\n\t\t<div class=\"elementor-element elementor-element-d1da81f e-con-full e-flex e-con e-child\" data-id=\"d1da81f\" data-element_type=\"container\" data-e-type=\"container\">\n\t\t\t\t<div class=\"elementor-element elementor-element-54a0cd5 elementor-widget elementor-widget-heading\" data-id=\"54a0cd5\" data-element_type=\"widget\" data-e-type=\"widget\" data-widget_type=\"heading.default\">\n\t\t\t\t<div class=\"elementor-widget-container\">\n\t\t\t\t\t<h3 class=\"elementor-heading-title elementor-size-default\">Playa de Muro\n<\/h3>\t\t\t\t<\/div>\n\t\t\t\t<\/div>\n\t\t\t\t<div class=\"elementor-element elementor-element-637886b elementor-widget elementor-widget-image\" data-id=\"637886b\" data-element_type=\"widget\" data-e-type=\"widget\" data-widget_type=\"image.default\">\n\t\t\t\t<div class=\"elementor-widget-container\">\n\t\t\t\t\t\t\t\t\t\t\t\t\t\t\t<img decoding=\"async\" src=\"https:\/\/rentallorca.com\/blog\/wp-content\/uploads\/elementor\/thumbs\/playa-del-muro-rd6qwvobk2amrfvvjf6j2ixf0wmf63voc03ny55xgg.jpg\" title=\"Landscape with boardwalk in Platja de Muro, Alcudia\" alt=\"playa-del-muro.jpg\" loading=\"lazy\" \/>\t\t\t\t\t\t\t\t\t\t\t\t\t\t\t<\/div>\n\t\t\t\t<\/div>\n\t\t\t\t<div class=\"elementor-element elementor-element-8ce62ea elementor-widget elementor-widget-text-editor\" data-id=\"8ce62ea\" data-element_type=\"widget\" data-e-type=\"widget\" data-widget_type=\"text-editor.default\">\n\t\t\t\t<div class=\"elementor-widget-container\">\n\t\t\t\t\t\t\t\t\t<p><span style=\"font-weight: 400;\">Direkt am Ende des Strandes von Alcudia ist die Playa de Muro ruhiger und nat\u00fcrlicher. Ideal f\u00fcr lange Spazierg\u00e4nge, Wassersport und   <\/span><b>Vogelbeobachtung<\/b><span style=\"font-weight: 400;\"> im Naturpark s\u2019Albufera, nur wenige Gehminuten entfernt.<\/span><\/p>\t\t\t\t\t\t\t\t<\/div>\n\t\t\t\t<\/div>\n\t\t\t\t<\/div>\n\t\t<div class=\"elementor-element elementor-element-64cf1a8 e-con-full e-flex e-con e-child\" data-id=\"64cf1a8\" data-element_type=\"container\" data-e-type=\"container\">\n\t\t\t\t<div class=\"elementor-element elementor-element-06cabf9 elementor-widget elementor-widget-heading\" data-id=\"06cabf9\" data-element_type=\"widget\" data-e-type=\"widget\" data-widget_type=\"heading.default\">\n\t\t\t\t<div class=\"elementor-widget-container\">\n\t\t\t\t\t<h3 class=\"elementor-heading-title elementor-size-default\">Cala Poncet und Alcanada\n<\/h3>\t\t\t\t<\/div>\n\t\t\t\t<\/div>\n\t\t\t\t<div class=\"elementor-element elementor-element-11ccd9d elementor-widget elementor-widget-image\" data-id=\"11ccd9d\" data-element_type=\"widget\" data-e-type=\"widget\" data-widget_type=\"image.default\">\n\t\t\t\t<div class=\"elementor-widget-container\">\n\t\t\t\t\t\t\t\t\t\t\t\t\t\t\t<img decoding=\"async\" width=\"724\" height=\"483\" src=\"https:\/\/rentallorca.com\/blog\/wp-content\/uploads\/2025\/10\/Cala-Poncet.jpg\" class=\"attachment-large size-large wp-image-2760\" alt=\"Cala-Poncet.jpg\" srcset=\"https:\/\/rentallorca.com\/blog\/wp-content\/uploads\/2025\/10\/Cala-Poncet.jpg 724w, https:\/\/rentallorca.com\/blog\/wp-content\/uploads\/2025\/10\/Cala-Poncet-300x200.jpg 300w\" sizes=\"(max-width: 724px) 100vw, 724px\" \/>\t\t\t\t\t\t\t\t\t\t\t\t\t\t\t<\/div>\n\t\t\t\t<\/div>\n\t\t\t\t<div class=\"elementor-element elementor-element-47c47e7 elementor-widget elementor-widget-text-editor\" data-id=\"47c47e7\" data-element_type=\"widget\" data-e-type=\"widget\" data-widget_type=\"text-editor.default\">\n\t\t\t\t<div class=\"elementor-widget-container\">\n\t\t\t\t\t\t\t\t\t<p><span style=\"font-weight: 400;\">Es sind<\/span><b> kleine Buchten<\/b><span style=\"font-weight: 400;\">, mit einer entspannten Atmosph\u00e4re und umgeben von Natur, perfekt f\u00fcr diejenigen, die Ruhe und ein Bad abseits des Trubels suchen.<\/span><\/p>\t\t\t\t\t\t\t\t<\/div>\n\t\t\t\t<\/div>\n\t\t\t\t<\/div>\n\t\t<div class=\"elementor-element elementor-element-f0d726b e-con-full e-flex e-con e-child\" data-id=\"f0d726b\" data-element_type=\"container\" data-e-type=\"container\">\n\t\t\t\t<div class=\"elementor-element elementor-element-02cad34 elementor-widget elementor-widget-heading\" data-id=\"02cad34\" data-element_type=\"widget\" data-e-type=\"widget\" data-widget_type=\"heading.default\">\n\t\t\t\t<div class=\"elementor-widget-container\">\n\t\t\t\t\t<h3 class=\"elementor-heading-title elementor-size-default\">Playa de San Joan\n<\/h3>\t\t\t\t<\/div>\n\t\t\t\t<\/div>\n\t\t\t\t<div class=\"elementor-element elementor-element-381f1cb elementor-widget elementor-widget-image\" data-id=\"381f1cb\" data-element_type=\"widget\" data-e-type=\"widget\" data-widget_type=\"image.default\">\n\t\t\t\t<div class=\"elementor-widget-container\">\n\t\t\t\t\t\t\t\t\t\t\t\t\t\t\t<img loading=\"lazy\" decoding=\"async\" width=\"700\" height=\"451\" src=\"https:\/\/rentallorca.com\/blog\/wp-content\/uploads\/2025\/10\/Playa-san-joan-Alcudia.jpg\" class=\"attachment-large size-large wp-image-2763\" alt=\"Playa-san-joan-Alcudia.jpg\" srcset=\"https:\/\/rentallorca.com\/blog\/wp-content\/uploads\/2025\/10\/Playa-san-joan-Alcudia.jpg 700w, https:\/\/rentallorca.com\/blog\/wp-content\/uploads\/2025\/10\/Playa-san-joan-Alcudia-300x193.jpg 300w\" sizes=\"(max-width: 700px) 100vw, 700px\" \/>\t\t\t\t\t\t\t\t\t\t\t\t\t\t\t<\/div>\n\t\t\t\t<\/div>\n\t\t\t\t<div class=\"elementor-element elementor-element-e2a9834 elementor-widget elementor-widget-text-editor\" data-id=\"e2a9834\" data-element_type=\"widget\" data-e-type=\"widget\" data-widget_type=\"text-editor.default\">\n\t\t\t\t<div class=\"elementor-widget-container\">\n\t\t\t\t\t\t\t\t\t<p><span style=\"font-weight: 400;\">Nur wenige Minuten von der Altstadt von Alcudia entfernt bietet es eine lokalere Atmosph\u00e4re,<\/span><b> tiefes Wasser<\/b><span style=\"font-weight: 400;\"> und Blick auf die Halbinsel Victoria.<\/span><\/p>\t\t\t\t\t\t\t\t<\/div>\n\t\t\t\t<\/div>\n\t\t\t\t<\/div>\n\t\t\t\t\t<\/div>\n\t\t\t\t<\/div>\n\t\t<div class=\"elementor-element elementor-element-5e8ac35 e-flex e-con-boxed e-con e-parent\" data-id=\"5e8ac35\" data-element_type=\"container\" data-e-type=\"container\">\n\t\t\t\t\t<div class=\"e-con-inner\">\n\t\t\t\t<div class=\"elementor-element elementor-element-c59f639 elementor-widget elementor-widget-heading\" data-id=\"c59f639\" data-element_type=\"widget\" data-e-type=\"widget\" data-widget_type=\"heading.default\">\n\t\t\t\t<div class=\"elementor-widget-container\">\n\t\t\t\t\t<h2 class=\"elementor-heading-title elementor-size-default\">Suchen Sie den perfekten Plan auf Mallorca? Alcudia ist eine sichere Wette \n<\/h2>\t\t\t\t<\/div>\n\t\t\t\t<\/div>\n\t\t\t\t<div class=\"elementor-element elementor-element-953853d elementor-widget elementor-widget-text-editor\" data-id=\"953853d\" data-element_type=\"widget\" data-e-type=\"widget\" data-widget_type=\"text-editor.default\">\n\t\t\t\t<div class=\"elementor-widget-container\">\n\t\t\t\t\t\t\t\t\t<p><span style=\"font-weight: 400;\">Dieses Juwel im Norden Mallorcas<\/span><b> verbindet die lokale Authentizit\u00e4t mit dem Besten des Familientourismus<\/b><span style=\"font-weight: 400;\">. Ob f\u00fcr eine Reise mit Kindern, einen romantischen Ausflug oder einfach nur zum Liegen und sich vom Rhythmus des Meeres treiben lassen, Alcudia wird Ihr bester Verb\u00fcndeter sein. <\/span><\/p><p><span style=\"font-weight: 400;\">Das alles ist jedoch nicht m\u00f6glich, wenn Sie keine passende Unterkunft haben. Bei Rentallorca machen wir es Ihnen mit unserem breiten Angebot an Apartments auf der Insel leicht.  <\/span><b>Beeilen Sie sich und buchen Sie Ihres bei uns, bevor sie weg sind!<\/b><\/p>\t\t\t\t\t\t\t\t<\/div>\n\t\t\t\t<\/div>\n\t\t\t\t\t<\/div>\n\t\t\t\t<\/div>\n\t\t<div class=\"elementor-element elementor-element-51c987da e-flex e-con-boxed e-con e-parent\" data-id=\"51c987da\" data-element_type=\"container\" data-e-type=\"container\">\n\t\t\t\t\t<div class=\"e-con-inner\">\n\t\t\t\t<div class=\"elementor-element elementor-element-3ac2bc89 elementor-widget elementor-widget-shortcode\" data-id=\"3ac2bc89\" data-element_type=\"widget\" data-e-type=\"widget\" data-widget_type=\"shortcode.default\">\n\t\t\t\t<div class=\"elementor-widget-container\">\n\t\t\t\t\t\t\t<div class=\"elementor-shortcode\">\t\t<div data-elementor-type=\"page\" data-elementor-id=\"269\" class=\"elementor elementor-269 elementor-169 elementor-169\" data-elementor-post-type=\"elementor_library\">\n\t\t\t\t<div class=\"elementor-element elementor-element-3e3fb32 e-flex e-con-boxed e-con e-parent\" data-id=\"3e3fb32\" data-element_type=\"container\" data-e-type=\"container\">\n\t\t\t\t\t<div class=\"e-con-inner\">\n\t\t<div class=\"elementor-element elementor-element-1e7a903 e-con-full e-flex e-con e-child\" data-id=\"1e7a903\" data-element_type=\"container\" data-e-type=\"container\">\n\t\t\t\t<div class=\"elementor-element elementor-element-79f0d3f elementor-align-justify elementor-widget elementor-widget-button\" data-id=\"79f0d3f\" data-element_type=\"widget\" data-e-type=\"widget\" data-widget_type=\"button.default\">\n\t\t\t\t<div class=\"elementor-widget-container\">\n\t\t\t\t\t\t\t\t\t<div class=\"elementor-button-wrapper\">\n\t\t\t\t\t<a class=\"elementor-button elementor-button-link elementor-size-sm\" href=\"https:\/\/rentallorca.com\/de\/vermietung\/vermietungen-alcudia-d1098\/\">\n\t\t\t\t\t\t<span class=\"elementor-button-content-wrapper\">\n\t\t\t\t\t\t\t\t\t<span class=\"elementor-button-text\">Unterk\u00fcnfte in Alcudia<\/span>\n\t\t\t\t\t<\/span>\n\t\t\t\t\t<\/a>\n\t\t\t\t<\/div>\n\t\t\t\t\t\t\t\t<\/div>\n\t\t\t\t<\/div>\n\t\t\t\t<\/div>\n\t\t<div class=\"elementor-element elementor-element-c5d0b1c e-con-full e-flex e-con e-child\" data-id=\"c5d0b1c\" data-element_type=\"container\" data-e-type=\"container\">\n\t\t\t\t<div class=\"elementor-element elementor-element-c044b9b elementor-align-justify elementor-widget elementor-widget-button\" data-id=\"c044b9b\" data-element_type=\"widget\" data-e-type=\"widget\" data-widget_type=\"button.default\">\n\t\t\t\t<div class=\"elementor-widget-container\">\n\t\t\t\t\t\t\t\t\t<div class=\"elementor-button-wrapper\">\n\t\t\t\t\t<a class=\"elementor-button elementor-button-link elementor-size-sm\" href=\"https:\/\/rentallorca.com\/de\/vermietung\/ferienhauser-alcudia-c19d1098\/\">\n\t\t\t\t\t\t<span class=\"elementor-button-content-wrapper\">\n\t\t\t\t\t\t\t\t\t<span class=\"elementor-button-text\">H\u00e4user in Alcudia<\/span>\n\t\t\t\t\t<\/span>\n\t\t\t\t\t<\/a>\n\t\t\t\t<\/div>\n\t\t\t\t\t\t\t\t<\/div>\n\t\t\t\t<\/div>\n\t\t\t\t<\/div>\n\t\t<div class=\"elementor-element elementor-element-cbd8222 e-con-full e-flex e-con e-child\" data-id=\"cbd8222\" data-element_type=\"container\" data-e-type=\"container\">\n\t\t\t\t<div class=\"elementor-element elementor-element-7287580 elementor-align-justify elementor-widget elementor-widget-button\" data-id=\"7287580\" data-element_type=\"widget\" data-e-type=\"widget\" data-widget_type=\"button.default\">\n\t\t\t\t<div class=\"elementor-widget-container\">\n\t\t\t\t\t\t\t\t\t<div class=\"elementor-button-wrapper\">\n\t\t\t\t\t<a class=\"elementor-button elementor-button-link elementor-size-sm\" href=\"https:\/\/rentallorca.com\/de\/vermietung\/fincas-alcudia-c22d1098\/\">\n\t\t\t\t\t\t<span class=\"elementor-button-content-wrapper\">\n\t\t\t\t\t\t\t\t\t<span class=\"elementor-button-text\">Bauernh\u00f6fe in Alcudia<\/span>\n\t\t\t\t\t<\/span>\n\t\t\t\t\t<\/a>\n\t\t\t\t<\/div>\n\t\t\t\t\t\t\t\t<\/div>\n\t\t\t\t<\/div>\n\t\t\t\t<\/div>\n\t\t\t\t\t<\/div>\n\t\t\t\t<\/div>\n\t\t\t\t<\/div>\n\t\t<\/div>\n\t\t\t\t\t\t<\/div>\n\t\t\t\t<\/div>\n\t\t\t\t\t<\/div>\n\t\t\t\t<\/div>\n\t\t\t\t<\/div>\n\t\t","protected":false},"excerpt":{"rendered":"<p>Einen Schachzug zu machen, wenn es darum geht, Ihr Urlaubsziel auszuw\u00e4hlen, ist nicht immer einfach. Es erfordert Planung, gut informiert zu sein und, warum nicht, auch ein bisschen Gl\u00fcck. Nun, bei Rentallorca versichern wir Ihnen, dass die Playa de Alcudia dieser Schachzug sein kann, den Sie so lange gesucht haben. Hier vereinen sich der wei\u00dfe [&hellip;]<\/p>\n","protected":false},"author":3,"featured_media":2774,"comment_status":"open","ping_status":"open","sticky":false,"template":"","format":"standard","meta":{"footnotes":""},"categories":[34],"tags":[],"class_list":["post-2894","post","type-post","status-publish","format-standard","has-post-thumbnail","hentry","category-mallorca-destino"],"yoast_head":"<!-- This site is optimized with the Yoast SEO plugin v27.5 - https:\/\/yoast.com\/product\/yoast-seo-wordpress\/ -->\n<title>Lernen Sie l - Blog kennen<\/title>\n<meta name=\"description\" content=\"Entspannen Sie sich am Strand von Alcudia, Mallorca, mit kristallklarem Wasser und idealen Dienstleistungen, um es zu genie\u00dfen.\" \/>\n<meta name=\"robots\" content=\"index, follow, max-snippet:-1, max-image-preview:large, max-video-preview:-1\" \/>\n<link rel=\"canonical\" href=\"https:\/\/rentallorca.com\/blog\/de\/strand-alcudia\/\" \/>\n<meta property=\"og:locale\" content=\"de_DE\" \/>\n<meta property=\"og:type\" content=\"article\" \/>\n<meta property=\"og:title\" content=\"Lernen Sie l - Blog kennen\" \/>\n<meta property=\"og:description\" content=\"Entspannen Sie sich am Strand von Alcudia, Mallorca, mit kristallklarem Wasser und idealen Dienstleistungen, um es zu genie\u00dfen.\" \/>\n<meta property=\"og:url\" content=\"https:\/\/rentallorca.com\/blog\/de\/strand-alcudia\/\" \/>\n<meta property=\"og:site_name\" content=\"Blog\" \/>\n<meta property=\"article:published_time\" content=\"2025-10-14T08:47:10+00:00\" \/>\n<meta property=\"article:modified_time\" content=\"2025-10-31T12:31:41+00:00\" \/>\n<meta property=\"og:image\" content=\"https:\/\/rentallorca.com\/blog\/wp-content\/uploads\/2025\/10\/Playas-alcudia-scaled.jpg\" \/>\n\t<meta property=\"og:image:width\" content=\"2560\" \/>\n\t<meta property=\"og:image:height\" content=\"853\" \/>\n\t<meta property=\"og:image:type\" content=\"image\/jpeg\" \/>\n<meta name=\"author\" content=\"Axel\" \/>\n<meta name=\"twitter:card\" content=\"summary_large_image\" \/>\n<meta name=\"twitter:label1\" content=\"Written by\" \/>\n\t<meta name=\"twitter:data1\" content=\"Axel\" \/>\n\t<meta name=\"twitter:label2\" content=\"Est. reading time\" \/>\n\t<meta name=\"twitter:data2\" content=\"5 minutes\" \/>\n<script type=\"application\/ld+json\" class=\"yoast-schema-graph\">{\"@context\":\"https:\\\/\\\/schema.org\",\"@graph\":[{\"@type\":\"Article\",\"@id\":\"https:\\\/\\\/rentallorca.com\\\/blog\\\/de\\\/strand-alcudia\\\/#article\",\"isPartOf\":{\"@id\":\"https:\\\/\\\/rentallorca.com\\\/blog\\\/de\\\/strand-alcudia\\\/\"},\"author\":{\"name\":\"Axel\",\"@id\":\"https:\\\/\\\/rentallorca.com\\\/blog\\\/de\\\/#\\\/schema\\\/person\\\/8c5ebe5bf8d43e9757ab6869e1d4cbe4\"},\"headline\":\"Playa de Alcudia: ruhiges Wasser, wei\u00dfer Sand und der beste Plan im Norden von Mallorca\",\"datePublished\":\"2025-10-14T08:47:10+00:00\",\"dateModified\":\"2025-10-31T12:31:41+00:00\",\"mainEntityOfPage\":{\"@id\":\"https:\\\/\\\/rentallorca.com\\\/blog\\\/de\\\/strand-alcudia\\\/\"},\"wordCount\":1092,\"commentCount\":0,\"image\":{\"@id\":\"https:\\\/\\\/rentallorca.com\\\/blog\\\/de\\\/strand-alcudia\\\/#primaryimage\"},\"thumbnailUrl\":\"https:\\\/\\\/rentallorca.com\\\/blog\\\/wp-content\\\/uploads\\\/2025\\\/10\\\/Playas-alcudia-scaled.jpg\",\"articleSection\":[\"Mallorca\"],\"inLanguage\":\"de\",\"potentialAction\":[{\"@type\":\"CommentAction\",\"name\":\"Comment\",\"target\":[\"https:\\\/\\\/rentallorca.com\\\/blog\\\/de\\\/strand-alcudia\\\/#respond\"]}]},{\"@type\":\"WebPage\",\"@id\":\"https:\\\/\\\/rentallorca.com\\\/blog\\\/de\\\/strand-alcudia\\\/\",\"url\":\"https:\\\/\\\/rentallorca.com\\\/blog\\\/de\\\/strand-alcudia\\\/\",\"name\":\"Lernen Sie l - Blog kennen\",\"isPartOf\":{\"@id\":\"https:\\\/\\\/rentallorca.com\\\/blog\\\/de\\\/#website\"},\"primaryImageOfPage\":{\"@id\":\"https:\\\/\\\/rentallorca.com\\\/blog\\\/de\\\/strand-alcudia\\\/#primaryimage\"},\"image\":{\"@id\":\"https:\\\/\\\/rentallorca.com\\\/blog\\\/de\\\/strand-alcudia\\\/#primaryimage\"},\"thumbnailUrl\":\"https:\\\/\\\/rentallorca.com\\\/blog\\\/wp-content\\\/uploads\\\/2025\\\/10\\\/Playas-alcudia-scaled.jpg\",\"datePublished\":\"2025-10-14T08:47:10+00:00\",\"dateModified\":\"2025-10-31T12:31:41+00:00\",\"author\":{\"@id\":\"https:\\\/\\\/rentallorca.com\\\/blog\\\/de\\\/#\\\/schema\\\/person\\\/8c5ebe5bf8d43e9757ab6869e1d4cbe4\"},\"description\":\"Entspannen Sie sich am Strand von Alcudia, Mallorca, mit kristallklarem Wasser und idealen Dienstleistungen, um es zu genie\u00dfen.\",\"breadcrumb\":{\"@id\":\"https:\\\/\\\/rentallorca.com\\\/blog\\\/de\\\/strand-alcudia\\\/#breadcrumb\"},\"inLanguage\":\"de\",\"potentialAction\":[{\"@type\":\"ReadAction\",\"target\":[\"https:\\\/\\\/rentallorca.com\\\/blog\\\/de\\\/strand-alcudia\\\/\"]}]},{\"@type\":\"ImageObject\",\"inLanguage\":\"de\",\"@id\":\"https:\\\/\\\/rentallorca.com\\\/blog\\\/de\\\/strand-alcudia\\\/#primaryimage\",\"url\":\"https:\\\/\\\/rentallorca.com\\\/blog\\\/wp-content\\\/uploads\\\/2025\\\/10\\\/Playas-alcudia-scaled.jpg\",\"contentUrl\":\"https:\\\/\\\/rentallorca.com\\\/blog\\\/wp-content\\\/uploads\\\/2025\\\/10\\\/Playas-alcudia-scaled.jpg\",\"width\":2560,\"height\":853,\"caption\":\"\\\"The beach of Alcudia at island of Majorca, Spain.\\\"\"},{\"@type\":\"BreadcrumbList\",\"@id\":\"https:\\\/\\\/rentallorca.com\\\/blog\\\/de\\\/strand-alcudia\\\/#breadcrumb\",\"itemListElement\":[{\"@type\":\"ListItem\",\"position\":1,\"name\":\"Home\",\"item\":\"https:\\\/\\\/rentallorca.com\\\/blog\\\/de\\\/\"},{\"@type\":\"ListItem\",\"position\":2,\"name\":\"Playa de Alcudia: ruhiges Wasser, wei\u00dfer Sand und der beste Plan im Norden von Mallorca\"}]},{\"@type\":\"WebSite\",\"@id\":\"https:\\\/\\\/rentallorca.com\\\/blog\\\/de\\\/#website\",\"url\":\"https:\\\/\\\/rentallorca.com\\\/blog\\\/de\\\/\",\"name\":\"Blog\",\"description\":\"Rentallorca\",\"potentialAction\":[{\"@type\":\"SearchAction\",\"target\":{\"@type\":\"EntryPoint\",\"urlTemplate\":\"https:\\\/\\\/rentallorca.com\\\/blog\\\/de\\\/?s={search_term_string}\"},\"query-input\":{\"@type\":\"PropertyValueSpecification\",\"valueRequired\":true,\"valueName\":\"search_term_string\"}}],\"inLanguage\":\"de\"},{\"@type\":\"Person\",\"@id\":\"https:\\\/\\\/rentallorca.com\\\/blog\\\/de\\\/#\\\/schema\\\/person\\\/8c5ebe5bf8d43e9757ab6869e1d4cbe4\",\"name\":\"Axel\",\"image\":{\"@type\":\"ImageObject\",\"inLanguage\":\"de\",\"@id\":\"https:\\\/\\\/secure.gravatar.com\\\/avatar\\\/3bd706736e5b70f21f05f6c2d5cad746767782a4ba4b7df399c5969e2a9318fd?s=96&d=mm&r=g\",\"url\":\"https:\\\/\\\/secure.gravatar.com\\\/avatar\\\/3bd706736e5b70f21f05f6c2d5cad746767782a4ba4b7df399c5969e2a9318fd?s=96&d=mm&r=g\",\"contentUrl\":\"https:\\\/\\\/secure.gravatar.com\\\/avatar\\\/3bd706736e5b70f21f05f6c2d5cad746767782a4ba4b7df399c5969e2a9318fd?s=96&d=mm&r=g\",\"caption\":\"Axel\"},\"url\":\"https:\\\/\\\/rentallorca.com\\\/blog\\\/de\\\/author\\\/axel\\\/\"}]}<\/script>\n<!-- \/ Yoast SEO plugin. -->","yoast_head_json":{"title":"Lernen Sie l - Blog kennen","description":"Entspannen Sie sich am Strand von Alcudia, Mallorca, mit kristallklarem Wasser und idealen Dienstleistungen, um es zu genie\u00dfen.","robots":{"index":"index","follow":"follow","max-snippet":"max-snippet:-1","max-image-preview":"max-image-preview:large","max-video-preview":"max-video-preview:-1"},"canonical":"https:\/\/rentallorca.com\/blog\/de\/strand-alcudia\/","og_locale":"de_DE","og_type":"article","og_title":"Lernen Sie l - Blog kennen","og_description":"Entspannen Sie sich am Strand von Alcudia, Mallorca, mit kristallklarem Wasser und idealen Dienstleistungen, um es zu genie\u00dfen.","og_url":"https:\/\/rentallorca.com\/blog\/de\/strand-alcudia\/","og_site_name":"Blog","article_published_time":"2025-10-14T08:47:10+00:00","article_modified_time":"2025-10-31T12:31:41+00:00","og_image":[{"width":2560,"height":853,"url":"https:\/\/rentallorca.com\/blog\/wp-content\/uploads\/2025\/10\/Playas-alcudia-scaled.jpg","type":"image\/jpeg"}],"author":"Axel","twitter_card":"summary_large_image","twitter_misc":{"Written by":"Axel","Est. reading time":"5 minutes"},"schema":{"@context":"https:\/\/schema.org","@graph":[{"@type":"Article","@id":"https:\/\/rentallorca.com\/blog\/de\/strand-alcudia\/#article","isPartOf":{"@id":"https:\/\/rentallorca.com\/blog\/de\/strand-alcudia\/"},"author":{"name":"Axel","@id":"https:\/\/rentallorca.com\/blog\/de\/#\/schema\/person\/8c5ebe5bf8d43e9757ab6869e1d4cbe4"},"headline":"Playa de Alcudia: ruhiges Wasser, wei\u00dfer Sand und der beste Plan im Norden von Mallorca","datePublished":"2025-10-14T08:47:10+00:00","dateModified":"2025-10-31T12:31:41+00:00","mainEntityOfPage":{"@id":"https:\/\/rentallorca.com\/blog\/de\/strand-alcudia\/"},"wordCount":1092,"commentCount":0,"image":{"@id":"https:\/\/rentallorca.com\/blog\/de\/strand-alcudia\/#primaryimage"},"thumbnailUrl":"https:\/\/rentallorca.com\/blog\/wp-content\/uploads\/2025\/10\/Playas-alcudia-scaled.jpg","articleSection":["Mallorca"],"inLanguage":"de","potentialAction":[{"@type":"CommentAction","name":"Comment","target":["https:\/\/rentallorca.com\/blog\/de\/strand-alcudia\/#respond"]}]},{"@type":"WebPage","@id":"https:\/\/rentallorca.com\/blog\/de\/strand-alcudia\/","url":"https:\/\/rentallorca.com\/blog\/de\/strand-alcudia\/","name":"Lernen Sie l - Blog kennen","isPartOf":{"@id":"https:\/\/rentallorca.com\/blog\/de\/#website"},"primaryImageOfPage":{"@id":"https:\/\/rentallorca.com\/blog\/de\/strand-alcudia\/#primaryimage"},"image":{"@id":"https:\/\/rentallorca.com\/blog\/de\/strand-alcudia\/#primaryimage"},"thumbnailUrl":"https:\/\/rentallorca.com\/blog\/wp-content\/uploads\/2025\/10\/Playas-alcudia-scaled.jpg","datePublished":"2025-10-14T08:47:10+00:00","dateModified":"2025-10-31T12:31:41+00:00","author":{"@id":"https:\/\/rentallorca.com\/blog\/de\/#\/schema\/person\/8c5ebe5bf8d43e9757ab6869e1d4cbe4"},"description":"Entspannen Sie sich am Strand von Alcudia, Mallorca, mit kristallklarem Wasser und idealen Dienstleistungen, um es zu genie\u00dfen.","breadcrumb":{"@id":"https:\/\/rentallorca.com\/blog\/de\/strand-alcudia\/#breadcrumb"},"inLanguage":"de","potentialAction":[{"@type":"ReadAction","target":["https:\/\/rentallorca.com\/blog\/de\/strand-alcudia\/"]}]},{"@type":"ImageObject","inLanguage":"de","@id":"https:\/\/rentallorca.com\/blog\/de\/strand-alcudia\/#primaryimage","url":"https:\/\/rentallorca.com\/blog\/wp-content\/uploads\/2025\/10\/Playas-alcudia-scaled.jpg","contentUrl":"https:\/\/rentallorca.com\/blog\/wp-content\/uploads\/2025\/10\/Playas-alcudia-scaled.jpg","width":2560,"height":853,"caption":"\"The beach of Alcudia at island of Majorca, Spain.\""},{"@type":"BreadcrumbList","@id":"https:\/\/rentallorca.com\/blog\/de\/strand-alcudia\/#breadcrumb","itemListElement":[{"@type":"ListItem","position":1,"name":"Home","item":"https:\/\/rentallorca.com\/blog\/de\/"},{"@type":"ListItem","position":2,"name":"Playa de Alcudia: ruhiges Wasser, wei\u00dfer Sand und der beste Plan im Norden von Mallorca"}]},{"@type":"WebSite","@id":"https:\/\/rentallorca.com\/blog\/de\/#website","url":"https:\/\/rentallorca.com\/blog\/de\/","name":"Blog","description":"Rentallorca","potentialAction":[{"@type":"SearchAction","target":{"@type":"EntryPoint","urlTemplate":"https:\/\/rentallorca.com\/blog\/de\/?s={search_term_string}"},"query-input":{"@type":"PropertyValueSpecification","valueRequired":true,"valueName":"search_term_string"}}],"inLanguage":"de"},{"@type":"Person","@id":"https:\/\/rentallorca.com\/blog\/de\/#\/schema\/person\/8c5ebe5bf8d43e9757ab6869e1d4cbe4","name":"Axel","image":{"@type":"ImageObject","inLanguage":"de","@id":"https:\/\/secure.gravatar.com\/avatar\/3bd706736e5b70f21f05f6c2d5cad746767782a4ba4b7df399c5969e2a9318fd?s=96&d=mm&r=g","url":"https:\/\/secure.gravatar.com\/avatar\/3bd706736e5b70f21f05f6c2d5cad746767782a4ba4b7df399c5969e2a9318fd?s=96&d=mm&r=g","contentUrl":"https:\/\/secure.gravatar.com\/avatar\/3bd706736e5b70f21f05f6c2d5cad746767782a4ba4b7df399c5969e2a9318fd?s=96&d=mm&r=g","caption":"Axel"},"url":"https:\/\/rentallorca.com\/blog\/de\/author\/axel\/"}]}},"_links":{"self":[{"href":"https:\/\/rentallorca.com\/blog\/de\/wp-json\/wp\/v2\/posts\/2894","targetHints":{"allow":["GET"]}}],"collection":[{"href":"https:\/\/rentallorca.com\/blog\/de\/wp-json\/wp\/v2\/posts"}],"about":[{"href":"https:\/\/rentallorca.com\/blog\/de\/wp-json\/wp\/v2\/types\/post"}],"author":[{"embeddable":true,"href":"https:\/\/rentallorca.com\/blog\/de\/wp-json\/wp\/v2\/users\/3"}],"replies":[{"embeddable":true,"href":"https:\/\/rentallorca.com\/blog\/de\/wp-json\/wp\/v2\/comments?post=2894"}],"version-history":[{"count":1,"href":"https:\/\/rentallorca.com\/blog\/de\/wp-json\/wp\/v2\/posts\/2894\/revisions"}],"predecessor-version":[{"id":2895,"href":"https:\/\/rentallorca.com\/blog\/de\/wp-json\/wp\/v2\/posts\/2894\/revisions\/2895"}],"wp:featuredmedia":[{"embeddable":true,"href":"https:\/\/rentallorca.com\/blog\/de\/wp-json\/wp\/v2\/media\/2774"}],"wp:attachment":[{"href":"https:\/\/rentallorca.com\/blog\/de\/wp-json\/wp\/v2\/media?parent=2894"}],"wp:term":[{"taxonomy":"category","embeddable":true,"href":"https:\/\/rentallorca.com\/blog\/de\/wp-json\/wp\/v2\/categories?post=2894"},{"taxonomy":"post_tag","embeddable":true,"href":"https:\/\/rentallorca.com\/blog\/de\/wp-json\/wp\/v2\/tags?post=2894"}],"curies":[{"name":"wp","href":"https:\/\/api.w.org\/{rel}","templated":true}]}}