{"id":2703,"date":"2025-09-08T15:33:19","date_gmt":"2025-09-08T15:33:19","guid":{"rendered":"https:\/\/rentallorca.com\/blog\/?p=2703"},"modified":"2025-09-29T08:08:29","modified_gmt":"2025-09-29T08:08:29","slug":"autovermietung-auf-mallorca","status":"publish","type":"post","link":"https:\/\/rentallorca.com\/blog\/de\/autovermietung-auf-mallorca\/","title":{"rendered":"Autovermietung auf Mallorca: Der Schl\u00fcssel, um die Insel in Ihrem eigenen Tempo zu erkunden"},"content":{"rendered":"\t\t<div data-elementor-type=\"wp-post\" data-elementor-id=\"2703\" class=\"elementor elementor-2703 elementor-2552\" data-elementor-post-type=\"post\">\n\t\t\t\t<div class=\"elementor-element elementor-element-492813c3 e-flex e-con-boxed e-con e-parent\" data-id=\"492813c3\" data-element_type=\"container\" data-e-type=\"container\">\n\t\t\t\t\t<div class=\"e-con-inner\">\n\t\t\t\t<div class=\"elementor-element elementor-element-54e9a084 elementor-widget elementor-widget-text-editor\" data-id=\"54e9a084\" data-element_type=\"widget\" data-e-type=\"widget\" data-widget_type=\"text-editor.default\">\n\t\t\t\t<div class=\"elementor-widget-container\">\n\t\t\t\t\t\t\t\t\t<p><span style=\"font-weight: 400;\">Wenn Sie an Mallorca denken, fallen Ihnen sicherlich zuerst \u00fcberf\u00fcllte Str\u00e4nde und bunte Sonnenschirme ein. Und Sie irren sich nicht, aber vielleicht brauchen Sie ein gutes Update, denn  <\/span><b>diese Insel ist viel mehr als nur Meer und Sand.<\/b><\/p><p><span style=\"font-weight: 400;\">Mallorca hat wundersch\u00f6ne D\u00f6rfer, spektakul\u00e4re Berge, versteckte Buchten und M\u00e4rkte, die nach Sobrasada und Ensaimada duften. Und um alles, was es zu bieten hat, wie ein Entdecker zu erkunden, verraten wir Ihnen ein Geheimnis:  <\/span><b>Die beste Idee ist, ein gutes Auto zu mieten.<\/b><\/p>\t\t\t\t\t\t\t\t<\/div>\n\t\t\t\t<\/div>\n\t\t\t\t\t<\/div>\n\t\t\t\t<\/div>\n\t\t<div class=\"elementor-element elementor-element-2e1e4a3f e-flex e-con-boxed e-con e-parent\" data-id=\"2e1e4a3f\" data-element_type=\"container\" data-e-type=\"container\">\n\t\t\t\t\t<div class=\"e-con-inner\">\n\t\t\t\t<div class=\"elementor-element elementor-element-16b0c37a elementor-widget elementor-widget-table-of-contents\" data-id=\"16b0c37a\" data-element_type=\"widget\" data-e-type=\"widget\" data-settings=\"{&quot;headings_by_tags&quot;:[&quot;h2&quot;,&quot;h3&quot;],&quot;exclude_headings_by_selector&quot;:[],&quot;marker_view&quot;:&quot;bullets&quot;,&quot;icon&quot;:{&quot;value&quot;:&quot;&quot;,&quot;library&quot;:&quot;&quot;},&quot;no_headings_message&quot;:&quot;No headings were found on this page.&quot;,&quot;hierarchical_view&quot;:&quot;yes&quot;,&quot;min_height&quot;:{&quot;unit&quot;:&quot;px&quot;,&quot;size&quot;:&quot;&quot;,&quot;sizes&quot;:[]},&quot;min_height_tablet&quot;:{&quot;unit&quot;:&quot;px&quot;,&quot;size&quot;:&quot;&quot;,&quot;sizes&quot;:[]},&quot;min_height_mobile&quot;:{&quot;unit&quot;:&quot;px&quot;,&quot;size&quot;:&quot;&quot;,&quot;sizes&quot;:[]}}\" data-widget_type=\"table-of-contents.default\">\n\t\t\t\t<div class=\"elementor-widget-container\">\n\t\t\t\t\t\t\t\t\t<div class=\"elementor-toc__header\">\n\t\t\t\t\t\t<div class=\"elementor-toc__header-title\">\n\t\t\t\tInhaltsverzeichnis\t\t\t<\/div>\n\t\t\t\t\t\t\t\t<\/div>\n\t\t\t\t<div id=\"elementor-toc__16b0c37a\" class=\"elementor-toc__body\">\n\t\t\t<div class=\"elementor-toc__spinner-container\">\n\t\t\t\t<svg class=\"elementor-toc__spinner eicon-animation-spin e-font-icon-svg e-eicon-loading\" aria-hidden=\"true\" viewBox=\"0 0 1000 1000\" xmlns=\"http:\/\/www.w3.org\/2000\/svg\"><path d=\"M500 975V858C696 858 858 696 858 500S696 142 500 142 142 304 142 500H25C25 237 238 25 500 25S975 237 975 500 763 975 500 975Z\"><\/path><\/svg>\t\t\t<\/div>\n\t\t<\/div>\n\t\t\t\t\t\t<\/div>\n\t\t\t\t<\/div>\n\t\t\t\t\t<\/div>\n\t\t\t\t<\/div>\n\t\t<div class=\"elementor-element elementor-element-6d55b30a e-flex e-con-boxed e-con e-parent\" data-id=\"6d55b30a\" data-element_type=\"container\" data-e-type=\"container\">\n\t\t\t\t\t<div class=\"e-con-inner\">\n\t\t\t\t<div class=\"elementor-element elementor-element-1772a4c7 elementor-widget elementor-widget-heading\" data-id=\"1772a4c7\" data-element_type=\"widget\" data-e-type=\"widget\" data-widget_type=\"heading.default\">\n\t\t\t\t<div class=\"elementor-widget-container\">\n\t\t\t\t\t<h2 class=\"elementor-heading-title elementor-size-default\">Warum ein Mietwagen auf Mallorca die beste Art ist, die Insel zu erkunden<\/h2>\t\t\t\t<\/div>\n\t\t\t\t<\/div>\n\t\t\t\t<div class=\"elementor-element elementor-element-38770efa elementor-widget elementor-widget-text-editor\" data-id=\"38770efa\" data-element_type=\"widget\" data-e-type=\"widget\" data-widget_type=\"text-editor.default\">\n\t\t\t\t<div class=\"elementor-widget-container\">\n\t\t\t\t\t\t\t\t\t<p><span style=\"font-weight: 400;\">Mallorca hat 3.600 km\u00b2, und auch wenn es kein Kontinent ist, kann man es auch nicht in Badeschlappen erkunden. Es stimmt zwar, dass die \u00f6ffentlichen Verkehrsmittel die wichtigsten St\u00e4dte verbinden, aber wenn Sie <g id=\"gid_0\">die weniger \u00fcberf\u00fcllten Orte entdecken<\/g>  <\/span><b>Wenn Sie ein Auto mieten, haben Sie die M\u00f6glichkeit, <\/b><span style=\"font-weight: 400;\">Ihre eigene Route zu bestimmen, ohne von Fahrpl\u00e4nen abh\u00e4ngig zu sein<\/span><g id=\"gid_2\">, D\u00f6rfer im Landesinneren wie Sineu oder Petra in Ihrem eigenen Tempo zu entdecken oder Ihre Pl\u00e4ne in Sekundenschnelle zu \u00e4ndern, wenn Sie auf der Stra\u00dfe ein Schild mit der Aufschrift Kunsthandwerkermarkt sehen.<\/g><\/p><p><span style=\"font-weight: 400;\">Wenn Sie in Palma bleiben, verpassen Sie D\u00f6rfer wie Santa Mar\u00eda del Cam\u00ed oder Sineu, wo<\/span><b> die lokalen M\u00e4rkte wie eine Zeitmaschine zum authentischsten Mallorca sind. <\/b><span style=\"font-weight: 400;\">Und wenn Sie auf das Auto verzichten, k\u00f6nnen Sie diese versteckten Buchten vergessen und m\u00fcssen sich an alle Fahrpl\u00e4ne der \u00f6ffentlichen Verkehrsmittel anpassen.<\/span><\/p><p>Autovermietungen auf Mallorca und ihre Richtpreise<\/p>\t\t\t\t\t\t\t\t<\/div>\n\t\t\t\t<\/div>\n\t\t\t\t<div class=\"elementor-element elementor-element-5ffd91b elementor-widget elementor-widget-image\" data-id=\"5ffd91b\" data-element_type=\"widget\" data-e-type=\"widget\" data-widget_type=\"image.default\">\n\t\t\t\t<div class=\"elementor-widget-container\">\n\t\t\t\t\t\t\t\t\t\t\t\t\t\t\t<img fetchpriority=\"high\" decoding=\"async\" width=\"1258\" height=\"629\" src=\"https:\/\/rentallorca.com\/blog\/wp-content\/uploads\/2025\/09\/Alquiler-coche-mallorca.jpg\" class=\"attachment-full size-full wp-image-2578\" alt=\"Alquiler-coche-mallorca.jpg\" srcset=\"https:\/\/rentallorca.com\/blog\/wp-content\/uploads\/2025\/09\/Alquiler-coche-mallorca.jpg 1258w, https:\/\/rentallorca.com\/blog\/wp-content\/uploads\/2025\/09\/Alquiler-coche-mallorca-300x150.jpg 300w, https:\/\/rentallorca.com\/blog\/wp-content\/uploads\/2025\/09\/Alquiler-coche-mallorca-1024x512.jpg 1024w, https:\/\/rentallorca.com\/blog\/wp-content\/uploads\/2025\/09\/Alquiler-coche-mallorca-768x384.jpg 768w\" sizes=\"(max-width: 1258px) 100vw, 1258px\" \/>\t\t\t\t\t\t\t\t\t\t\t\t\t\t\t<\/div>\n\t\t\t\t<\/div>\n\t\t\t\t\t<\/div>\n\t\t\t\t<\/div>\n\t\t<div class=\"elementor-element elementor-element-717d8bbe e-flex e-con-boxed e-con e-parent\" data-id=\"717d8bbe\" data-element_type=\"container\" data-e-type=\"container\">\n\t\t\t\t\t<div class=\"e-con-inner\">\n\t\t\t\t<div class=\"elementor-element elementor-element-dd3a746 elementor-widget elementor-widget-heading\" data-id=\"dd3a746\" data-element_type=\"widget\" data-e-type=\"widget\" data-widget_type=\"heading.default\">\n\t\t\t\t<div class=\"elementor-widget-container\">\n\t\t\t\t\t<h2 class=\"elementor-heading-title elementor-size-default\">Mallorca empf\u00e4ngt jedes Jahr Millionen von Besuchern, so dass es kein Problem sein wird, Autovermietungen zu finden.\n<\/h2>\t\t\t\t<\/div>\n\t\t\t\t<\/div>\n\t\t\t\t<div class=\"elementor-element elementor-element-6ea64f9b elementor-widget elementor-widget-text-editor\" data-id=\"6ea64f9b\" data-element_type=\"widget\" data-e-type=\"widget\" data-widget_type=\"text-editor.default\">\n\t\t\t\t<div class=\"elementor-widget-container\">\n\t\t\t\t\t\t\t\t\t<p><span style=\"font-weight: 400;\">Die Preise variieren je nach Saison und Art des Autos. In der Nebensaison, im Herbst und Winter, k\u00f6nnen Sie Ihr Auto f\u00fcr<\/span><\/p><p><span style=\"font-weight: 400;\">15 bis 25 Euro pro Tag  <\/span><b>je nach Modell mieten. In der Zwischensaison, im Fr\u00fchjahr, steigen die Preise von<\/b><span style=\"font-weight: 400;\"> 30 bis 40 Euro pro Tag  <\/span><b>W\u00e4hrend in der Hochsaison die Preise von<\/b><span style=\"font-weight: 400;\">. <g id=\"gid_0\">50 und mehr pro Tag<\/g><g id=\"gid_1\">.<\/g> <\/span>Die Voraussetzungen und Versicherungen, die Sie f\u00fcr die Anmietung eines Autos auf Mallorca ben\u00f6tigen<\/p>\t\t\t\t\t\t\t\t<\/div>\n\t\t\t\t<\/div>\n\t\t\t\t\t<\/div>\n\t\t\t\t<\/div>\n\t\t<div class=\"elementor-element elementor-element-18ea22b e-flex e-con-boxed e-con e-parent\" data-id=\"18ea22b\" data-element_type=\"container\" data-e-type=\"container\">\n\t\t\t\t\t<div class=\"e-con-inner\">\n\t\t<div class=\"elementor-element elementor-element-9b0657d e-con-full e-flex e-con e-child\" data-id=\"9b0657d\" data-element_type=\"container\" data-e-type=\"container\">\n\t\t\t\t<div class=\"elementor-element elementor-element-b06602e elementor-widget elementor-widget-image\" data-id=\"b06602e\" data-element_type=\"widget\" data-e-type=\"widget\" data-widget_type=\"image.default\">\n\t\t\t\t<div class=\"elementor-widget-container\">\n\t\t\t\t\t\t\t\t\t\t\t\t\t\t\t\t<a href=\"https:\/\/www.recordrentacar.com\/es\/alquiler-coches-mallorca-aeropuerto\/\" target=\"_blank\" rel=\"nofollow\">\n\t\t\t\t\t\t\t<img decoding=\"async\" width=\"800\" height=\"278\" src=\"https:\/\/rentallorca.com\/blog\/wp-content\/uploads\/2025\/09\/record.jpg\" class=\"attachment-large size-large wp-image-2572\" alt=\"\" srcset=\"https:\/\/rentallorca.com\/blog\/wp-content\/uploads\/2025\/09\/record.jpg 886w, https:\/\/rentallorca.com\/blog\/wp-content\/uploads\/2025\/09\/record-300x104.jpg 300w, https:\/\/rentallorca.com\/blog\/wp-content\/uploads\/2025\/09\/record-768x267.jpg 768w\" sizes=\"(max-width: 800px) 100vw, 800px\" \/>\t\t\t\t\t\t\t\t<\/a>\n\t\t\t\t\t\t\t\t\t\t\t\t\t\t\t<\/div>\n\t\t\t\t<\/div>\n\t\t\t\t<\/div>\n\t\t<div class=\"elementor-element elementor-element-719c8fe e-con-full e-flex e-con e-child\" data-id=\"719c8fe\" data-element_type=\"container\" data-e-type=\"container\">\n\t\t\t\t<div class=\"elementor-element elementor-element-df9ce99 elementor-widget elementor-widget-image\" data-id=\"df9ce99\" data-element_type=\"widget\" data-e-type=\"widget\" data-widget_type=\"image.default\">\n\t\t\t\t<div class=\"elementor-widget-container\">\n\t\t\t\t\t\t\t\t\t\t\t\t\t\t\t\t<a href=\"https:\/\/www.doyouspain.com\/alquiler-coches\/index.htm\" target=\"_blank\" rel=\"nofollow\">\n\t\t\t\t\t\t\t<img decoding=\"async\" width=\"246\" height=\"74\" src=\"https:\/\/rentallorca.com\/blog\/wp-content\/uploads\/2025\/09\/Do-you-Spain.png\" class=\"attachment-full size-full wp-image-2569\" alt=\"\" \/>\t\t\t\t\t\t\t\t<\/a>\n\t\t\t\t\t\t\t\t\t\t\t\t\t\t\t<\/div>\n\t\t\t\t<\/div>\n\t\t\t\t<\/div>\n\t\t<div class=\"elementor-element elementor-element-76b3236 e-con-full e-flex e-con e-child\" data-id=\"76b3236\" data-element_type=\"container\" data-e-type=\"container\">\n\t\t\t\t<div class=\"elementor-element elementor-element-8e1fae5 elementor-widget elementor-widget-image\" data-id=\"8e1fae5\" data-element_type=\"widget\" data-e-type=\"widget\" data-widget_type=\"image.default\">\n\t\t\t\t<div class=\"elementor-widget-container\">\n\t\t\t\t\t\t\t\t\t\t\t\t\t\t\t\t<a href=\"https:\/\/www.europcar.es\/es-es\" target=\"_blank\" rel=\"nofollow\">\n\t\t\t\t\t\t\t<img loading=\"lazy\" decoding=\"async\" width=\"680\" height=\"237\" src=\"https:\/\/rentallorca.com\/blog\/wp-content\/uploads\/2025\/09\/Europcar.png\" class=\"attachment-large size-large wp-image-2575\" alt=\"\" srcset=\"https:\/\/rentallorca.com\/blog\/wp-content\/uploads\/2025\/09\/Europcar.png 680w, https:\/\/rentallorca.com\/blog\/wp-content\/uploads\/2025\/09\/Europcar-300x105.png 300w\" sizes=\"(max-width: 680px) 100vw, 680px\" \/>\t\t\t\t\t\t\t\t<\/a>\n\t\t\t\t\t\t\t\t\t\t\t\t\t\t\t<\/div>\n\t\t\t\t<\/div>\n\t\t\t\t<\/div>\n\t\t<div class=\"elementor-element elementor-element-23be1c4 e-con-full e-flex e-con e-child\" data-id=\"23be1c4\" data-element_type=\"container\" data-e-type=\"container\">\n\t\t\t\t<div class=\"elementor-element elementor-element-6dd4e58 elementor-widget elementor-widget-image\" data-id=\"6dd4e58\" data-element_type=\"widget\" data-e-type=\"widget\" data-widget_type=\"image.default\">\n\t\t\t\t<div class=\"elementor-widget-container\">\n\t\t\t\t\t\t\t\t\t\t\t\t\t\t\t\t<a href=\"https:\/\/www.sixt.es\/alquiler-coches\/espana\/mallorca\/\" target=\"_blank\" rel=\"nofollow\">\n\t\t\t\t\t\t\t<img loading=\"lazy\" decoding=\"async\" width=\"330\" height=\"136\" src=\"https:\/\/rentallorca.com\/blog\/wp-content\/uploads\/2025\/09\/sixt.png\" class=\"attachment-large size-large wp-image-2563\" alt=\"\" srcset=\"https:\/\/rentallorca.com\/blog\/wp-content\/uploads\/2025\/09\/sixt.png 330w, https:\/\/rentallorca.com\/blog\/wp-content\/uploads\/2025\/09\/sixt-300x124.png 300w\" sizes=\"(max-width: 330px) 100vw, 330px\" \/>\t\t\t\t\t\t\t\t<\/a>\n\t\t\t\t\t\t\t\t\t\t\t\t\t\t\t<\/div>\n\t\t\t\t<\/div>\n\t\t\t\t<\/div>\n\t\t\t\t\t<\/div>\n\t\t\t\t<\/div>\n\t\t<div class=\"elementor-element elementor-element-dba0468 e-flex e-con-boxed e-con e-parent\" data-id=\"dba0468\" data-element_type=\"container\" data-e-type=\"container\">\n\t\t\t\t\t<div class=\"e-con-inner\">\n\t\t<div class=\"elementor-element elementor-element-8213ebb e-con-full e-flex e-con e-child\" data-id=\"8213ebb\" data-element_type=\"container\" data-e-type=\"container\" data-settings=\"{&quot;background_background&quot;:&quot;classic&quot;}\">\n\t\t\t\t<div class=\"elementor-element elementor-element-e4fa89c elementor-widget elementor-widget-heading\" data-id=\"e4fa89c\" data-element_type=\"widget\" data-e-type=\"widget\" data-widget_type=\"heading.default\">\n\t\t\t\t<div class=\"elementor-widget-container\">\n\t\t\t\t\t<p class=\"elementor-heading-title elementor-size-default\">Fahre mehr f\u00fcr weniger<\/p>\t\t\t\t<\/div>\n\t\t\t\t<\/div>\n\t\t\t\t<div class=\"elementor-element elementor-element-cf822f5 elementor-widget elementor-widget-heading\" data-id=\"cf822f5\" data-element_type=\"widget\" data-e-type=\"widget\" data-widget_type=\"heading.default\">\n\t\t\t\t<div class=\"elementor-widget-container\">\n\t\t\t\t\t<h2 class=\"elementor-heading-title elementor-size-default\">Schalte deinen Rabatt bei EECar Rental frei<\/h2>\t\t\t\t<\/div>\n\t\t\t\t<\/div>\n\t\t\t\t<div class=\"elementor-element elementor-element-2cca680 elementor-widget__width-initial elementor-widget elementor-widget-text-editor\" data-id=\"2cca680\" data-element_type=\"widget\" data-e-type=\"widget\" data-widget_type=\"text-editor.default\">\n\t\t\t\t<div class=\"elementor-widget-container\">\n\t\t\t\t\t\t\t\t\t<p data-start=\"121\" data-end=\"242\">Mit unserem Promo-Code <strong data-start=\"355\" data-end=\"372\">\u201erentallorca\u201c<\/strong> erh\u00e4ltst du 10% Rabatt auf deine Miete.<\/p>\t\t\t\t\t\t\t\t<\/div>\n\t\t\t\t<\/div>\n\t\t\t\t<div class=\"elementor-element elementor-element-f324622 elementor-align-center elementor-mobile-align-center elementor-invisible elementor-widget elementor-widget-button\" data-id=\"f324622\" data-element_type=\"widget\" data-e-type=\"widget\" data-settings=\"{&quot;_animation&quot;:&quot;fadeInUp&quot;}\" data-widget_type=\"button.default\">\n\t\t\t\t<div class=\"elementor-widget-container\">\n\t\t\t\t\t\t\t\t\t<div class=\"elementor-button-wrapper\">\n\t\t\t\t\t<a class=\"elementor-button elementor-button-link elementor-size-sm elementor-animation-grow\" href=\"https:\/\/rentallorca.com\/de\/vermietung\/angebot-eecar-rental-10-25680.html\">\n\t\t\t\t\t\t<span class=\"elementor-button-content-wrapper\">\n\t\t\t\t\t\t\t\t\t<span class=\"elementor-button-text\">Buche jetzt mit Rabatt<\/span>\n\t\t\t\t\t<\/span>\n\t\t\t\t\t<\/a>\n\t\t\t\t<\/div>\n\t\t\t\t\t\t\t\t<\/div>\n\t\t\t\t<\/div>\n\t\t\t\t<\/div>\n\t\t\t\t\t<\/div>\n\t\t\t\t<\/div>\n\t\t<div class=\"elementor-element elementor-element-b72e20b e-flex e-con-boxed e-con e-parent\" data-id=\"b72e20b\" data-element_type=\"container\" data-e-type=\"container\">\n\t\t\t\t\t<div class=\"e-con-inner\">\n\t\t\t\t<div class=\"elementor-element elementor-element-4d73d03 elementor-widget elementor-widget-heading\" data-id=\"4d73d03\" data-element_type=\"widget\" data-e-type=\"widget\" data-widget_type=\"heading.default\">\n\t\t\t\t<div class=\"elementor-widget-container\">\n\t\t\t\t\t<h2 class=\"elementor-heading-title elementor-size-default\">Zum Gl\u00fcck f\u00fcr alle braucht man keinen Master oder ein Ingenieurstudium, um ein Auto auf Mallorca zu mieten, aber Sie m\u00fcssen einige grundlegende Voraussetzungen erf\u00fcllen.<\/h2>\t\t\t\t<\/div>\n\t\t\t\t<\/div>\n\t\t\t\t<div class=\"elementor-element elementor-element-cf72aa6 elementor-widget elementor-widget-text-editor\" data-id=\"cf72aa6\" data-element_type=\"widget\" data-e-type=\"widget\" data-widget_type=\"text-editor.default\">\n\t\t\t\t<div class=\"elementor-widget-container\">\n\t\t\t\t\t\t\t\t\t<p><span style=\"font-weight: 400;\">Das Mindestalter f\u00fcr die Anmietung eines Fahrzeugs betr\u00e4gt in der Regel<\/span><b> 21 Jahre<\/b><g id=\"gid_2\"> und Sie m\u00fcssen einen <\/g><g id=\"gid_3\">g\u00fcltigen F\u00fchrerschein besitzen<\/g><\/p><p>Au\u00dferdem m\u00fcssen Sie eine<span style=\"font-weight: 400;\">. <g id=\"gid_0\">Kaution<\/g><g id=\"gid_1\"> hinterlegen und eine <\/g><g id=\"gid_2\">Haftpflichtversicherung abschlie\u00dfen<\/g><g id=\"gid_3\">, obwohl wir Ihnen empfehlen, eine Vollkaskoversicherung abzuschlie\u00dfen.<\/g> <\/span>Praktische Tipps f\u00fcr das Autofahren auf Mallorca ohne Probleme<\/p>\t\t\t\t\t\t\t\t<\/div>\n\t\t\t\t<\/div>\n\t\t\t\t\t<\/div>\n\t\t\t\t<\/div>\n\t\t<div class=\"elementor-element elementor-element-d0ba888 e-flex e-con-boxed e-con e-parent\" data-id=\"d0ba888\" data-element_type=\"container\" data-e-type=\"container\">\n\t\t\t\t\t<div class=\"e-con-inner\">\n\t\t\t\t<div class=\"elementor-element elementor-element-cb9df97 elementor-widget elementor-widget-heading\" data-id=\"cb9df97\" data-element_type=\"widget\" data-e-type=\"widget\" data-widget_type=\"heading.default\">\n\t\t\t\t<div class=\"elementor-widget-container\">\n\t\t\t\t\t<h2 class=\"elementor-heading-title elementor-size-default\">Das Fahren hier ist einfach, aber es schadet nicht, einige Tricks zu beachten:\n<\/h2>\t\t\t\t<\/div>\n\t\t\t\t<\/div>\n\t\t\t\t<div class=\"elementor-element elementor-element-9309031 elementor-widget elementor-widget-text-editor\" data-id=\"9309031\" data-element_type=\"widget\" data-e-type=\"widget\" data-widget_type=\"text-editor.default\">\n\t\t\t\t<div class=\"elementor-widget-container\">\n\t\t\t\t\t\t\t\t\t<p><span style=\"font-weight: 400;\">Besondere Aufmerksamkeit sollten Sie den <\/span><b>Bergstra\u00dfen schenken<\/b><g id=\"gid_2\">. Wenn Sie in die Serra de Tramuntana fahren, genie\u00dfen Sie eine filmreife Aussicht, aber auch Kurven, die dazu bestimmt zu sein scheinen, die Beifahrer seekrank zu machen.<\/g><\/p><p><span style=\"font-weight: 400;\">Das Parken in Palma kann eine Mission Impossible sein, daher empfehlen wir Ihnen, <\/span><b>\u00f6ffentliche Parkpl\u00e4tze<\/b> zu suchen<\/p><p>anstatt viele Runden zu drehen. Sie sollten auch das<span style=\"font-weight: 400;\"> <g id=\"gid_0\">aktualisierte GPS<\/g><g id=\"gid_1\"> haben, da einige Buchten nicht ausgeschildert sind und Sie am Ende spielen, um den Schatz zu finden.<\/g> <\/span> <b>Es versteht sich von selbst, dass Sie die<\/b><span style=\"font-weight: 400;\"> Geschwindigkeitsbegrenzungen einhalten m\u00fcssen<\/span><g id=\"gid_2\">, denn Sie wollen sich kein Souvenir in Form eines Bu\u00dfgeldes mitnehmen.<\/g><\/p><p>Alternativen zur Autovermietung auf Mallorca, die Sie vielleicht noch nicht kennen<\/p>\t\t\t\t\t\t\t\t<\/div>\n\t\t\t\t<\/div>\n\t\t\t\t<div class=\"elementor-element elementor-element-940383e elementor-widget elementor-widget-image\" data-id=\"940383e\" data-element_type=\"widget\" data-e-type=\"widget\" data-widget_type=\"image.default\">\n\t\t\t\t<div class=\"elementor-widget-container\">\n\t\t\t\t\t\t\t\t\t\t\t\t\t\t\t<img loading=\"lazy\" decoding=\"async\" width=\"1254\" height=\"627\" src=\"https:\/\/rentallorca.com\/blog\/wp-content\/uploads\/2025\/09\/alquiler-de-coches-mallorca.jpg\" class=\"attachment-full size-full wp-image-2581\" alt=\"alquiler-de-coches-mallorca.jpg\" srcset=\"https:\/\/rentallorca.com\/blog\/wp-content\/uploads\/2025\/09\/alquiler-de-coches-mallorca.jpg 1254w, https:\/\/rentallorca.com\/blog\/wp-content\/uploads\/2025\/09\/alquiler-de-coches-mallorca-300x150.jpg 300w, https:\/\/rentallorca.com\/blog\/wp-content\/uploads\/2025\/09\/alquiler-de-coches-mallorca-1024x512.jpg 1024w, https:\/\/rentallorca.com\/blog\/wp-content\/uploads\/2025\/09\/alquiler-de-coches-mallorca-768x384.jpg 768w\" sizes=\"(max-width: 1254px) 100vw, 1254px\" \/>\t\t\t\t\t\t\t\t\t\t\t\t\t\t\t<\/div>\n\t\t\t\t<\/div>\n\t\t\t\t\t<\/div>\n\t\t\t\t<\/div>\n\t\t<div class=\"elementor-element elementor-element-3f980f5 e-flex e-con-boxed e-con e-parent\" data-id=\"3f980f5\" data-element_type=\"container\" data-e-type=\"container\">\n\t\t\t\t\t<div class=\"e-con-inner\">\n\t\t\t\t<div class=\"elementor-element elementor-element-6978e67 elementor-widget elementor-widget-heading\" data-id=\"6978e67\" data-element_type=\"widget\" data-e-type=\"widget\" data-widget_type=\"heading.default\">\n\t\t\t\t<div class=\"elementor-widget-container\">\n\t\t\t\t\t<h2 class=\"elementor-heading-title elementor-size-default\">Wenn Sie nicht gerne fahren, ist das kein Problem, wir haben auch andere Optionen f\u00fcr jeden Geschmack.<\/h2>\t\t\t\t<\/div>\n\t\t\t\t<\/div>\n\t\t\t\t<div class=\"elementor-element elementor-element-34e95cc elementor-widget elementor-widget-text-editor\" data-id=\"34e95cc\" data-element_type=\"widget\" data-e-type=\"widget\" data-widget_type=\"text-editor.default\">\n\t\t\t\t<div class=\"elementor-widget-container\">\n\t\t\t\t\t\t\t\t\t<p><span style=\"font-weight: 400;\">Die<\/span><b> Elektrofahrr\u00e4der<\/b><span style=\"font-weight: 400;\"> sind ideal, um Abschnitte der Insel zu erkunden, ebenso wie die <\/span><g id=\"gid_3\">Roller<\/g><g id=\"gid_4\"> oder die <\/g><g id=\"gid_5\">Motorr\u00e4der<\/g><\/p><p>sind sehr praktisch f\u00fcr abenteuerlustige Paare und um in die engsten Gassen zu gelangen. Wenn Sie jedoch das Wasser lieben, k\u00f6nnen Sie auch ein<span style=\"font-weight: 400;\"> <g id=\"gid_0\">Boot<\/g><g id=\"gid_1\"> mieten und die K\u00fcste vom Meer aus erkunden.<\/g>  <\/span><b>Wenn Sie nicht der Pilot des Abenteuers sein wollen, k\u00f6nnen <\/b><span style=\"font-weight: 400;\">organisierte Ausfl\u00fcge<\/span><g id=\"gid_2\"> eine perfekte Option sein, um sich keine Sorgen machen zu m\u00fcssen, auf das Lenkrad zu achten.<\/g><\/p><p>Ein Auto zu mieten ist Ihr Reisepass, um Mallorca zu entdecken<\/p>\t\t\t\t\t\t\t\t<\/div>\n\t\t\t\t<\/div>\n\t\t\t\t\t<\/div>\n\t\t\t\t<\/div>\n\t\t<div class=\"elementor-element elementor-element-3e8a770 e-flex e-con-boxed e-con e-parent\" data-id=\"3e8a770\" data-element_type=\"container\" data-e-type=\"container\">\n\t\t\t\t\t<div class=\"e-con-inner\">\n\t\t\t\t<div class=\"elementor-element elementor-element-29a57ec elementor-widget elementor-widget-heading\" data-id=\"29a57ec\" data-element_type=\"widget\" data-e-type=\"widget\" data-widget_type=\"heading.default\">\n\t\t\t\t<div class=\"elementor-widget-container\">\n\t\t\t\t\t<h2 class=\"elementor-heading-title elementor-size-default\">Mallorca ist ein so vielf\u00e4ltiges Reiseziel, dass Sie ohne R\u00e4der die H\u00e4lfte verpassen werden. Von den Bergen im Norden bis zu den t\u00fcrkisfarbenen Str\u00e4nden\n<\/h2>\t\t\t\t<\/div>\n\t\t\t\t<\/div>\n\t\t\t\t<div class=\"elementor-element elementor-element-f98f55d elementor-widget elementor-widget-text-editor\" data-id=\"f98f55d\" data-element_type=\"widget\" data-e-type=\"widget\" data-widget_type=\"text-editor.default\">\n\t\t\t\t<div class=\"elementor-widget-container\">\n\t\t\t\t\t\t\t\t\t<p><span style=\"font-weight: 400;\">jede Ecke bietet Ihnen etwas Einzigartiges <\/span><b> Und w\u00e4hrend sich einige mit einer Postkarte zufrieden geben, k\u00f6nnen Sie zu denen geh\u00f6ren, die die Insel von oben bis unten erkunden.<\/b><span style=\"font-weight: 400;\">. Y, mientras unos se conforman con una postal, t\u00fa puedes ser de los que recorran la isla de arriba a abajo.<\/span><\/p><p><span style=\"font-weight: 400;\">Mit <\/span><b>Rentallorca<\/b><span style=\"font-weight: 400;\"> haben Sie die perfekte Kombination aus <\/span><b>Unterkunft und Auto<\/b><span style=\"font-weight: 400;\"> Wenn Sie m\u00f6chten, dass Ihre Reise nach Mallorca so frei ist wie die Meeresbrise, w\u00e4hlen Sie die Schl\u00fcssel zu einem Auto. Denn auf Mallorca ist der wahre Luxus nicht nur der Strand, sondern  <\/span><\/p><p><span style=\"font-weight: 400;\">die Freiheit, alles sehen zu k\u00f6nnen.  <\/span><b>Die Freiheit, alles sehen zu k\u00f6nnen.<\/b><\/p>\t\t\t\t\t\t\t\t<\/div>\n\t\t\t\t<\/div>\n\t\t\t\t\t<\/div>\n\t\t\t\t<\/div>\n\t\t<div class=\"elementor-element elementor-element-5b122326 e-flex e-con-boxed e-con e-parent\" data-id=\"5b122326\" data-element_type=\"container\" data-e-type=\"container\">\n\t\t\t\t\t<div class=\"e-con-inner\">\n\t\t\t\t<div class=\"elementor-element elementor-element-68b3df99 elementor-widget elementor-widget-shortcode\" data-id=\"68b3df99\" data-element_type=\"widget\" data-e-type=\"widget\" data-widget_type=\"shortcode.default\">\n\t\t\t\t<div class=\"elementor-widget-container\">\n\t\t\t\t\t\t\t<div class=\"elementor-shortcode\">\t\t<div data-elementor-type=\"page\" data-elementor-id=\"271\" class=\"elementor elementor-271 elementor-170 elementor-170\" data-elementor-post-type=\"elementor_library\">\n\t\t\t\t<div class=\"elementor-element elementor-element-16c5e22 e-flex e-con-boxed e-con e-parent\" data-id=\"16c5e22\" data-element_type=\"container\" data-e-type=\"container\">\n\t\t\t\t\t<div class=\"e-con-inner\">\n\t\t<div class=\"elementor-element elementor-element-ac67807 e-con-full e-flex e-con e-child\" data-id=\"ac67807\" data-element_type=\"container\" data-e-type=\"container\">\n\t\t\t\t<div class=\"elementor-element elementor-element-2ab04b2 elementor-align-justify elementor-widget elementor-widget-button\" data-id=\"2ab04b2\" data-element_type=\"widget\" data-e-type=\"widget\" data-widget_type=\"button.default\">\n\t\t\t\t<div class=\"elementor-widget-container\">\n\t\t\t\t\t\t\t\t\t<div class=\"elementor-button-wrapper\">\n\t\t\t\t\t<a class=\"elementor-button elementor-button-link elementor-size-sm\" href=\"https:\/\/rentallorca.com\/de\/vermietung\/vermietungen-mallorca-e21\/\">\n\t\t\t\t\t\t<span class=\"elementor-button-content-wrapper\">\n\t\t\t\t\t\t\t\t\t<span class=\"elementor-button-text\">Unterk\u00fcnfte in  Mallorca<\/span>\n\t\t\t\t\t<\/span>\n\t\t\t\t\t<\/a>\n\t\t\t\t<\/div>\n\t\t\t\t\t\t\t\t<\/div>\n\t\t\t\t<\/div>\n\t\t\t\t<\/div>\n\t\t<div class=\"elementor-element elementor-element-6bea3dd e-con-full e-flex e-con e-child\" data-id=\"6bea3dd\" data-element_type=\"container\" data-e-type=\"container\">\n\t\t\t\t<div class=\"elementor-element elementor-element-ff8a437 elementor-align-justify elementor-widget elementor-widget-button\" data-id=\"ff8a437\" data-element_type=\"widget\" data-e-type=\"widget\" data-widget_type=\"button.default\">\n\t\t\t\t<div class=\"elementor-widget-container\">\n\t\t\t\t\t\t\t\t\t<div class=\"elementor-button-wrapper\">\n\t\t\t\t\t<a class=\"elementor-button elementor-button-link elementor-size-sm\" href=\"https:\/\/rentallorca.com\/de\/vermietung\/ferienwohnungen-mallorca-c1e21\/\">\n\t\t\t\t\t\t<span class=\"elementor-button-content-wrapper\">\n\t\t\t\t\t\t\t\t\t<span class=\"elementor-button-text\">Wohnungen in Mallorca<\/span>\n\t\t\t\t\t<\/span>\n\t\t\t\t\t<\/a>\n\t\t\t\t<\/div>\n\t\t\t\t\t\t\t\t<\/div>\n\t\t\t\t<\/div>\n\t\t\t\t<\/div>\n\t\t<div class=\"elementor-element elementor-element-d557a64 e-con-full e-flex e-con e-child\" data-id=\"d557a64\" data-element_type=\"container\" data-e-type=\"container\">\n\t\t\t\t<div class=\"elementor-element elementor-element-4421fc4 elementor-align-justify elementor-widget elementor-widget-button\" data-id=\"4421fc4\" data-element_type=\"widget\" data-e-type=\"widget\" data-widget_type=\"button.default\">\n\t\t\t\t<div class=\"elementor-widget-container\">\n\t\t\t\t\t\t\t\t\t<div class=\"elementor-button-wrapper\">\n\t\t\t\t\t<a class=\"elementor-button elementor-button-link elementor-size-sm\" href=\"https:\/\/rentallorca.com\/de\/vermietung\/ferienhauser-alcudia-c19d1098\/\">\n\t\t\t\t\t\t<span class=\"elementor-button-content-wrapper\">\n\t\t\t\t\t\t\t\t\t<span class=\"elementor-button-text\">H\u00e4user in Mallorca<\/span>\n\t\t\t\t\t<\/span>\n\t\t\t\t\t<\/a>\n\t\t\t\t<\/div>\n\t\t\t\t\t\t\t\t<\/div>\n\t\t\t\t<\/div>\n\t\t\t\t<\/div>\n\t\t<div class=\"elementor-element elementor-element-995a361 e-con-full e-flex e-con e-child\" data-id=\"995a361\" data-element_type=\"container\" data-e-type=\"container\">\n\t\t\t\t<div class=\"elementor-element elementor-element-e6addd0 elementor-align-justify elementor-widget elementor-widget-button\" data-id=\"e6addd0\" data-element_type=\"widget\" data-e-type=\"widget\" data-widget_type=\"button.default\">\n\t\t\t\t<div class=\"elementor-widget-container\">\n\t\t\t\t\t\t\t\t\t<div class=\"elementor-button-wrapper\">\n\t\t\t\t\t<a class=\"elementor-button elementor-button-link elementor-size-sm\" href=\"https:\/\/rentallorca.com\/de\/vermietung\/fincas-mallorca-c22e21\/\">\n\t\t\t\t\t\t<span class=\"elementor-button-content-wrapper\">\n\t\t\t\t\t\t\t\t\t<span class=\"elementor-button-text\">Bauernh\u00f6fe in Mallorca<\/span>\n\t\t\t\t\t<\/span>\n\t\t\t\t\t<\/a>\n\t\t\t\t<\/div>\n\t\t\t\t\t\t\t\t<\/div>\n\t\t\t\t<\/div>\n\t\t\t\t<\/div>\n\t\t\t\t\t<\/div>\n\t\t\t\t<\/div>\n\t\t\t\t<\/div>\n\t\t<\/div>\n\t\t\t\t\t\t<\/div>\n\t\t\t\t<\/div>\n\t\t\t\t\t<\/div>\n\t\t\t\t<\/div>\n\t\t\t\t<\/div>\n\t\t","protected":false},"excerpt":{"rendered":"<p>Wenn Sie an Mallorca denken, fallen Ihnen sicherlich zuerst \u00fcberf\u00fcllte Str\u00e4nde und bunte Sonnenschirme ein. Und Sie irren sich nicht, aber vielleicht brauchen Sie ein gutes Update, denn diese Insel ist viel mehr als nur Meer und Sand. Mallorca hat wundersch\u00f6ne D\u00f6rfer, spektakul\u00e4re Berge, versteckte Buchten und M\u00e4rkte, die nach Sobrasada und Ensaimada duften. Und [&hellip;]<\/p>\n","protected":false},"author":3,"featured_media":2584,"comment_status":"open","ping_status":"open","sticky":false,"template":"","format":"standard","meta":{"footnotes":""},"categories":[34],"tags":[],"class_list":["post-2703","post","type-post","status-publish","format-standard","has-post-thumbnail","hentry","category-mallorca-destino"],"yoast_head":"<!-- This site is optimized with the Yoast SEO plugin v27.5 - https:\/\/yoast.com\/product\/yoast-seo-wordpress\/ -->\n<title>Autovermietung auf Mallorca - Blog<\/title>\n<meta name=\"description\" content=\"M\u00f6chten Sie die Insel optimal entdecken? Erfahren Sie, wie und wo Sie ein Auto auf Mallorca mieten k\u00f6nnen. Die besten Angebote.\" \/>\n<meta name=\"robots\" content=\"index, follow, max-snippet:-1, max-image-preview:large, max-video-preview:-1\" \/>\n<link rel=\"canonical\" href=\"https:\/\/rentallorca.com\/blog\/de\/autovermietung-auf-mallorca\/\" \/>\n<meta property=\"og:locale\" content=\"de_DE\" \/>\n<meta property=\"og:type\" content=\"article\" \/>\n<meta property=\"og:title\" content=\"Autovermietung auf Mallorca - Blog\" \/>\n<meta property=\"og:description\" content=\"M\u00f6chten Sie die Insel optimal entdecken? Erfahren Sie, wie und wo Sie ein Auto auf Mallorca mieten k\u00f6nnen. Die besten Angebote.\" \/>\n<meta property=\"og:url\" content=\"https:\/\/rentallorca.com\/blog\/de\/autovermietung-auf-mallorca\/\" \/>\n<meta property=\"og:site_name\" content=\"Blog\" \/>\n<meta property=\"article:published_time\" content=\"2025-09-08T15:33:19+00:00\" \/>\n<meta property=\"article:modified_time\" content=\"2025-09-29T08:08:29+00:00\" \/>\n<meta property=\"og:image\" content=\"https:\/\/rentallorca.com\/blog\/wp-content\/uploads\/2025\/09\/Allquilar-un-coche-en-Mallorca.jpg\" \/>\n\t<meta property=\"og:image:width\" content=\"2120\" \/>\n\t<meta property=\"og:image:height\" content=\"707\" \/>\n\t<meta property=\"og:image:type\" content=\"image\/jpeg\" \/>\n<meta name=\"author\" content=\"Axel\" \/>\n<meta name=\"twitter:card\" content=\"summary_large_image\" \/>\n<meta name=\"twitter:label1\" content=\"Written by\" \/>\n\t<meta name=\"twitter:data1\" content=\"Axel\" \/>\n\t<meta name=\"twitter:label2\" content=\"Est. reading time\" \/>\n\t<meta name=\"twitter:data2\" content=\"7 minutes\" \/>\n<script type=\"application\/ld+json\" class=\"yoast-schema-graph\">{\"@context\":\"https:\\\/\\\/schema.org\",\"@graph\":[{\"@type\":\"Article\",\"@id\":\"https:\\\/\\\/rentallorca.com\\\/blog\\\/de\\\/autovermietung-auf-mallorca\\\/#article\",\"isPartOf\":{\"@id\":\"https:\\\/\\\/rentallorca.com\\\/blog\\\/de\\\/autovermietung-auf-mallorca\\\/\"},\"author\":{\"name\":\"Axel\",\"@id\":\"https:\\\/\\\/rentallorca.com\\\/blog\\\/de\\\/#\\\/schema\\\/person\\\/8c5ebe5bf8d43e9757ab6869e1d4cbe4\"},\"headline\":\"Autovermietung auf Mallorca: Der Schl\u00fcssel, um die Insel in Ihrem eigenen Tempo zu erkunden\",\"datePublished\":\"2025-09-08T15:33:19+00:00\",\"dateModified\":\"2025-09-29T08:08:29+00:00\",\"mainEntityOfPage\":{\"@id\":\"https:\\\/\\\/rentallorca.com\\\/blog\\\/de\\\/autovermietung-auf-mallorca\\\/\"},\"wordCount\":866,\"commentCount\":0,\"image\":{\"@id\":\"https:\\\/\\\/rentallorca.com\\\/blog\\\/de\\\/autovermietung-auf-mallorca\\\/#primaryimage\"},\"thumbnailUrl\":\"https:\\\/\\\/rentallorca.com\\\/blog\\\/wp-content\\\/uploads\\\/2025\\\/09\\\/Allquilar-un-coche-en-Mallorca.jpg\",\"articleSection\":[\"Mallorca\"],\"inLanguage\":\"de\",\"potentialAction\":[{\"@type\":\"CommentAction\",\"name\":\"Comment\",\"target\":[\"https:\\\/\\\/rentallorca.com\\\/blog\\\/de\\\/autovermietung-auf-mallorca\\\/#respond\"]}]},{\"@type\":\"WebPage\",\"@id\":\"https:\\\/\\\/rentallorca.com\\\/blog\\\/de\\\/autovermietung-auf-mallorca\\\/\",\"url\":\"https:\\\/\\\/rentallorca.com\\\/blog\\\/de\\\/autovermietung-auf-mallorca\\\/\",\"name\":\"Autovermietung auf Mallorca - Blog\",\"isPartOf\":{\"@id\":\"https:\\\/\\\/rentallorca.com\\\/blog\\\/de\\\/#website\"},\"primaryImageOfPage\":{\"@id\":\"https:\\\/\\\/rentallorca.com\\\/blog\\\/de\\\/autovermietung-auf-mallorca\\\/#primaryimage\"},\"image\":{\"@id\":\"https:\\\/\\\/rentallorca.com\\\/blog\\\/de\\\/autovermietung-auf-mallorca\\\/#primaryimage\"},\"thumbnailUrl\":\"https:\\\/\\\/rentallorca.com\\\/blog\\\/wp-content\\\/uploads\\\/2025\\\/09\\\/Allquilar-un-coche-en-Mallorca.jpg\",\"datePublished\":\"2025-09-08T15:33:19+00:00\",\"dateModified\":\"2025-09-29T08:08:29+00:00\",\"author\":{\"@id\":\"https:\\\/\\\/rentallorca.com\\\/blog\\\/de\\\/#\\\/schema\\\/person\\\/8c5ebe5bf8d43e9757ab6869e1d4cbe4\"},\"description\":\"M\u00f6chten Sie die Insel optimal entdecken? Erfahren Sie, wie und wo Sie ein Auto auf Mallorca mieten k\u00f6nnen. Die besten Angebote.\",\"breadcrumb\":{\"@id\":\"https:\\\/\\\/rentallorca.com\\\/blog\\\/de\\\/autovermietung-auf-mallorca\\\/#breadcrumb\"},\"inLanguage\":\"de\",\"potentialAction\":[{\"@type\":\"ReadAction\",\"target\":[\"https:\\\/\\\/rentallorca.com\\\/blog\\\/de\\\/autovermietung-auf-mallorca\\\/\"]}]},{\"@type\":\"ImageObject\",\"inLanguage\":\"de\",\"@id\":\"https:\\\/\\\/rentallorca.com\\\/blog\\\/de\\\/autovermietung-auf-mallorca\\\/#primaryimage\",\"url\":\"https:\\\/\\\/rentallorca.com\\\/blog\\\/wp-content\\\/uploads\\\/2025\\\/09\\\/Allquilar-un-coche-en-Mallorca.jpg\",\"contentUrl\":\"https:\\\/\\\/rentallorca.com\\\/blog\\\/wp-content\\\/uploads\\\/2025\\\/09\\\/Allquilar-un-coche-en-Mallorca.jpg\",\"width\":2120,\"height\":707,\"caption\":\"Young beautiful woman traveling by car in the mountains, summer vacation and adventure\"},{\"@type\":\"BreadcrumbList\",\"@id\":\"https:\\\/\\\/rentallorca.com\\\/blog\\\/de\\\/autovermietung-auf-mallorca\\\/#breadcrumb\",\"itemListElement\":[{\"@type\":\"ListItem\",\"position\":1,\"name\":\"Home\",\"item\":\"https:\\\/\\\/rentallorca.com\\\/blog\\\/de\\\/\"},{\"@type\":\"ListItem\",\"position\":2,\"name\":\"Autovermietung auf Mallorca: Der Schl\u00fcssel, um die Insel in Ihrem eigenen Tempo zu erkunden\"}]},{\"@type\":\"WebSite\",\"@id\":\"https:\\\/\\\/rentallorca.com\\\/blog\\\/de\\\/#website\",\"url\":\"https:\\\/\\\/rentallorca.com\\\/blog\\\/de\\\/\",\"name\":\"Blog\",\"description\":\"Rentallorca\",\"potentialAction\":[{\"@type\":\"SearchAction\",\"target\":{\"@type\":\"EntryPoint\",\"urlTemplate\":\"https:\\\/\\\/rentallorca.com\\\/blog\\\/de\\\/?s={search_term_string}\"},\"query-input\":{\"@type\":\"PropertyValueSpecification\",\"valueRequired\":true,\"valueName\":\"search_term_string\"}}],\"inLanguage\":\"de\"},{\"@type\":\"Person\",\"@id\":\"https:\\\/\\\/rentallorca.com\\\/blog\\\/de\\\/#\\\/schema\\\/person\\\/8c5ebe5bf8d43e9757ab6869e1d4cbe4\",\"name\":\"Axel\",\"image\":{\"@type\":\"ImageObject\",\"inLanguage\":\"de\",\"@id\":\"https:\\\/\\\/secure.gravatar.com\\\/avatar\\\/3bd706736e5b70f21f05f6c2d5cad746767782a4ba4b7df399c5969e2a9318fd?s=96&d=mm&r=g\",\"url\":\"https:\\\/\\\/secure.gravatar.com\\\/avatar\\\/3bd706736e5b70f21f05f6c2d5cad746767782a4ba4b7df399c5969e2a9318fd?s=96&d=mm&r=g\",\"contentUrl\":\"https:\\\/\\\/secure.gravatar.com\\\/avatar\\\/3bd706736e5b70f21f05f6c2d5cad746767782a4ba4b7df399c5969e2a9318fd?s=96&d=mm&r=g\",\"caption\":\"Axel\"},\"url\":\"https:\\\/\\\/rentallorca.com\\\/blog\\\/de\\\/author\\\/axel\\\/\"}]}<\/script>\n<!-- \/ Yoast SEO plugin. -->","yoast_head_json":{"title":"Autovermietung auf Mallorca - Blog","description":"M\u00f6chten Sie die Insel optimal entdecken? Erfahren Sie, wie und wo Sie ein Auto auf Mallorca mieten k\u00f6nnen. Die besten Angebote.","robots":{"index":"index","follow":"follow","max-snippet":"max-snippet:-1","max-image-preview":"max-image-preview:large","max-video-preview":"max-video-preview:-1"},"canonical":"https:\/\/rentallorca.com\/blog\/de\/autovermietung-auf-mallorca\/","og_locale":"de_DE","og_type":"article","og_title":"Autovermietung auf Mallorca - Blog","og_description":"M\u00f6chten Sie die Insel optimal entdecken? Erfahren Sie, wie und wo Sie ein Auto auf Mallorca mieten k\u00f6nnen. Die besten Angebote.","og_url":"https:\/\/rentallorca.com\/blog\/de\/autovermietung-auf-mallorca\/","og_site_name":"Blog","article_published_time":"2025-09-08T15:33:19+00:00","article_modified_time":"2025-09-29T08:08:29+00:00","og_image":[{"width":2120,"height":707,"url":"https:\/\/rentallorca.com\/blog\/wp-content\/uploads\/2025\/09\/Allquilar-un-coche-en-Mallorca.jpg","type":"image\/jpeg"}],"author":"Axel","twitter_card":"summary_large_image","twitter_misc":{"Written by":"Axel","Est. reading time":"7 minutes"},"schema":{"@context":"https:\/\/schema.org","@graph":[{"@type":"Article","@id":"https:\/\/rentallorca.com\/blog\/de\/autovermietung-auf-mallorca\/#article","isPartOf":{"@id":"https:\/\/rentallorca.com\/blog\/de\/autovermietung-auf-mallorca\/"},"author":{"name":"Axel","@id":"https:\/\/rentallorca.com\/blog\/de\/#\/schema\/person\/8c5ebe5bf8d43e9757ab6869e1d4cbe4"},"headline":"Autovermietung auf Mallorca: Der Schl\u00fcssel, um die Insel in Ihrem eigenen Tempo zu erkunden","datePublished":"2025-09-08T15:33:19+00:00","dateModified":"2025-09-29T08:08:29+00:00","mainEntityOfPage":{"@id":"https:\/\/rentallorca.com\/blog\/de\/autovermietung-auf-mallorca\/"},"wordCount":866,"commentCount":0,"image":{"@id":"https:\/\/rentallorca.com\/blog\/de\/autovermietung-auf-mallorca\/#primaryimage"},"thumbnailUrl":"https:\/\/rentallorca.com\/blog\/wp-content\/uploads\/2025\/09\/Allquilar-un-coche-en-Mallorca.jpg","articleSection":["Mallorca"],"inLanguage":"de","potentialAction":[{"@type":"CommentAction","name":"Comment","target":["https:\/\/rentallorca.com\/blog\/de\/autovermietung-auf-mallorca\/#respond"]}]},{"@type":"WebPage","@id":"https:\/\/rentallorca.com\/blog\/de\/autovermietung-auf-mallorca\/","url":"https:\/\/rentallorca.com\/blog\/de\/autovermietung-auf-mallorca\/","name":"Autovermietung auf Mallorca - Blog","isPartOf":{"@id":"https:\/\/rentallorca.com\/blog\/de\/#website"},"primaryImageOfPage":{"@id":"https:\/\/rentallorca.com\/blog\/de\/autovermietung-auf-mallorca\/#primaryimage"},"image":{"@id":"https:\/\/rentallorca.com\/blog\/de\/autovermietung-auf-mallorca\/#primaryimage"},"thumbnailUrl":"https:\/\/rentallorca.com\/blog\/wp-content\/uploads\/2025\/09\/Allquilar-un-coche-en-Mallorca.jpg","datePublished":"2025-09-08T15:33:19+00:00","dateModified":"2025-09-29T08:08:29+00:00","author":{"@id":"https:\/\/rentallorca.com\/blog\/de\/#\/schema\/person\/8c5ebe5bf8d43e9757ab6869e1d4cbe4"},"description":"M\u00f6chten Sie die Insel optimal entdecken? Erfahren Sie, wie und wo Sie ein Auto auf Mallorca mieten k\u00f6nnen. Die besten Angebote.","breadcrumb":{"@id":"https:\/\/rentallorca.com\/blog\/de\/autovermietung-auf-mallorca\/#breadcrumb"},"inLanguage":"de","potentialAction":[{"@type":"ReadAction","target":["https:\/\/rentallorca.com\/blog\/de\/autovermietung-auf-mallorca\/"]}]},{"@type":"ImageObject","inLanguage":"de","@id":"https:\/\/rentallorca.com\/blog\/de\/autovermietung-auf-mallorca\/#primaryimage","url":"https:\/\/rentallorca.com\/blog\/wp-content\/uploads\/2025\/09\/Allquilar-un-coche-en-Mallorca.jpg","contentUrl":"https:\/\/rentallorca.com\/blog\/wp-content\/uploads\/2025\/09\/Allquilar-un-coche-en-Mallorca.jpg","width":2120,"height":707,"caption":"Young beautiful woman traveling by car in the mountains, summer vacation and adventure"},{"@type":"BreadcrumbList","@id":"https:\/\/rentallorca.com\/blog\/de\/autovermietung-auf-mallorca\/#breadcrumb","itemListElement":[{"@type":"ListItem","position":1,"name":"Home","item":"https:\/\/rentallorca.com\/blog\/de\/"},{"@type":"ListItem","position":2,"name":"Autovermietung auf Mallorca: Der Schl\u00fcssel, um die Insel in Ihrem eigenen Tempo zu erkunden"}]},{"@type":"WebSite","@id":"https:\/\/rentallorca.com\/blog\/de\/#website","url":"https:\/\/rentallorca.com\/blog\/de\/","name":"Blog","description":"Rentallorca","potentialAction":[{"@type":"SearchAction","target":{"@type":"EntryPoint","urlTemplate":"https:\/\/rentallorca.com\/blog\/de\/?s={search_term_string}"},"query-input":{"@type":"PropertyValueSpecification","valueRequired":true,"valueName":"search_term_string"}}],"inLanguage":"de"},{"@type":"Person","@id":"https:\/\/rentallorca.com\/blog\/de\/#\/schema\/person\/8c5ebe5bf8d43e9757ab6869e1d4cbe4","name":"Axel","image":{"@type":"ImageObject","inLanguage":"de","@id":"https:\/\/secure.gravatar.com\/avatar\/3bd706736e5b70f21f05f6c2d5cad746767782a4ba4b7df399c5969e2a9318fd?s=96&d=mm&r=g","url":"https:\/\/secure.gravatar.com\/avatar\/3bd706736e5b70f21f05f6c2d5cad746767782a4ba4b7df399c5969e2a9318fd?s=96&d=mm&r=g","contentUrl":"https:\/\/secure.gravatar.com\/avatar\/3bd706736e5b70f21f05f6c2d5cad746767782a4ba4b7df399c5969e2a9318fd?s=96&d=mm&r=g","caption":"Axel"},"url":"https:\/\/rentallorca.com\/blog\/de\/author\/axel\/"}]}},"_links":{"self":[{"href":"https:\/\/rentallorca.com\/blog\/de\/wp-json\/wp\/v2\/posts\/2703","targetHints":{"allow":["GET"]}}],"collection":[{"href":"https:\/\/rentallorca.com\/blog\/de\/wp-json\/wp\/v2\/posts"}],"about":[{"href":"https:\/\/rentallorca.com\/blog\/de\/wp-json\/wp\/v2\/types\/post"}],"author":[{"embeddable":true,"href":"https:\/\/rentallorca.com\/blog\/de\/wp-json\/wp\/v2\/users\/3"}],"replies":[{"embeddable":true,"href":"https:\/\/rentallorca.com\/blog\/de\/wp-json\/wp\/v2\/comments?post=2703"}],"version-history":[{"count":4,"href":"https:\/\/rentallorca.com\/blog\/de\/wp-json\/wp\/v2\/posts\/2703\/revisions"}],"predecessor-version":[{"id":2724,"href":"https:\/\/rentallorca.com\/blog\/de\/wp-json\/wp\/v2\/posts\/2703\/revisions\/2724"}],"wp:featuredmedia":[{"embeddable":true,"href":"https:\/\/rentallorca.com\/blog\/de\/wp-json\/wp\/v2\/media\/2584"}],"wp:attachment":[{"href":"https:\/\/rentallorca.com\/blog\/de\/wp-json\/wp\/v2\/media?parent=2703"}],"wp:term":[{"taxonomy":"category","embeddable":true,"href":"https:\/\/rentallorca.com\/blog\/de\/wp-json\/wp\/v2\/categories?post=2703"},{"taxonomy":"post_tag","embeddable":true,"href":"https:\/\/rentallorca.com\/blog\/de\/wp-json\/wp\/v2\/tags?post=2703"}],"curies":[{"name":"wp","href":"https:\/\/api.w.org\/{rel}","templated":true}]}}