{"id":2701,"date":"2025-09-08T15:42:02","date_gmt":"2025-09-08T15:42:02","guid":{"rendered":"https:\/\/rentallorca.com\/blog\/?p=2701"},"modified":"2025-09-25T11:41:12","modified_gmt":"2025-09-25T11:41:12","slug":"radfahren-auf-mallorca","status":"publish","type":"post","link":"https:\/\/rentallorca.com\/blog\/de\/radfahren-auf-mallorca\/","title":{"rendered":"Radfahren auf Mallorca: Radeln Sie durch das Paradies f\u00fcr Radfahrer"},"content":{"rendered":"\t\t<div data-elementor-type=\"wp-post\" data-elementor-id=\"2701\" class=\"elementor elementor-2701 elementor-2547\" data-elementor-post-type=\"post\">\n\t\t\t\t<div class=\"elementor-element elementor-element-4d51ce99 e-flex e-con-boxed e-con e-parent\" data-id=\"4d51ce99\" data-element_type=\"container\" data-e-type=\"container\">\n\t\t\t\t\t<div class=\"e-con-inner\">\n\t\t\t\t<div class=\"elementor-element elementor-element-4c7b5129 elementor-widget elementor-widget-text-editor\" data-id=\"4c7b5129\" data-element_type=\"widget\" data-e-type=\"widget\" data-widget_type=\"text-editor.default\">\n\t\t\t\t<div class=\"elementor-widget-container\">\n\t\t\t\t\t\t\t\t\t<p><span style=\"font-weight: 400;\">Haben Sie jemals davon getr\u00e4umt, durch so sch\u00f6ne Landschaften zu radeln, dass nicht einmal ein Instagram-Filter sie verbessern kann? Auf Mallorca kann dieser Traum wahr werden! Mehr als   <\/span><b>200 km asphaltierte Stra\u00dfen<\/b><span style=\"font-weight: 400;\"> die die Insel durchqueren, von der blauen K\u00fcste des Mittelmeers bis zur gro\u00dfen Serra de Tramuntana. Und Sie sind nicht der Einzige, der diesen Traum hat, denn mehr als 200.000 Radfahrer kommen auf die Insel, um in die Pedale zu treten. <\/span><\/p><p><span style=\"font-weight: 400;\">Mallorca bietet <\/span><b>Routen f\u00fcr alle Niveaus<\/b> <span style=\"font-weight: 400;\">und bietet ein so perfektes Klima, dass selbst die Sonne Sie anzufeuern scheint, ganz zu schweigen von den filmreifen Landschaften, die Sie dazu bringen werden, wiederzukommen. Au\u00dferdem ist die Radsportkultur so tief verwurzelt, dass Sie in jedem Dorf Radsportgruppen mit Lichtgeschwindigkeit vorbeifahren sehen werden. Auf geht&#8217;s!  <\/span><\/p>\t\t\t\t\t\t\t\t<\/div>\n\t\t\t\t<\/div>\n\t\t\t\t\t<\/div>\n\t\t\t\t<\/div>\n\t\t<div class=\"elementor-element elementor-element-5d128458 e-flex e-con-boxed e-con e-parent\" data-id=\"5d128458\" data-element_type=\"container\" data-e-type=\"container\">\n\t\t\t\t\t<div class=\"e-con-inner\">\n\t\t\t\t<div class=\"elementor-element elementor-element-57b5d1f4 elementor-widget elementor-widget-table-of-contents\" data-id=\"57b5d1f4\" data-element_type=\"widget\" data-e-type=\"widget\" data-settings=\"{&quot;headings_by_tags&quot;:[&quot;h2&quot;,&quot;h3&quot;],&quot;exclude_headings_by_selector&quot;:[],&quot;marker_view&quot;:&quot;bullets&quot;,&quot;icon&quot;:{&quot;value&quot;:&quot;&quot;,&quot;library&quot;:&quot;&quot;},&quot;no_headings_message&quot;:&quot;No headings were found on this page.&quot;,&quot;hierarchical_view&quot;:&quot;yes&quot;,&quot;min_height&quot;:{&quot;unit&quot;:&quot;px&quot;,&quot;size&quot;:&quot;&quot;,&quot;sizes&quot;:[]},&quot;min_height_tablet&quot;:{&quot;unit&quot;:&quot;px&quot;,&quot;size&quot;:&quot;&quot;,&quot;sizes&quot;:[]},&quot;min_height_mobile&quot;:{&quot;unit&quot;:&quot;px&quot;,&quot;size&quot;:&quot;&quot;,&quot;sizes&quot;:[]}}\" data-widget_type=\"table-of-contents.default\">\n\t\t\t\t<div class=\"elementor-widget-container\">\n\t\t\t\t\t\t\t\t\t<div class=\"elementor-toc__header\">\n\t\t\t\t\t\t<div class=\"elementor-toc__header-title\">\n\t\t\t\tInhaltsverzeichnis\t\t\t<\/div>\n\t\t\t\t\t\t\t\t<\/div>\n\t\t\t\t<div id=\"elementor-toc__57b5d1f4\" class=\"elementor-toc__body\">\n\t\t\t<div class=\"elementor-toc__spinner-container\">\n\t\t\t\t<svg class=\"elementor-toc__spinner eicon-animation-spin e-font-icon-svg e-eicon-loading\" aria-hidden=\"true\" viewBox=\"0 0 1000 1000\" xmlns=\"http:\/\/www.w3.org\/2000\/svg\"><path d=\"M500 975V858C696 858 858 696 858 500S696 142 500 142 142 304 142 500H25C25 237 238 25 500 25S975 237 975 500 763 975 500 975Z\"><\/path><\/svg>\t\t\t<\/div>\n\t\t<\/div>\n\t\t\t\t\t\t<\/div>\n\t\t\t\t<\/div>\n\t\t\t\t\t<\/div>\n\t\t\t\t<\/div>\n\t\t<div class=\"elementor-element elementor-element-2e7b3206 e-flex e-con-boxed e-con e-parent\" data-id=\"2e7b3206\" data-element_type=\"container\" data-e-type=\"container\">\n\t\t\t\t\t<div class=\"e-con-inner\">\n\t\t\t\t<div class=\"elementor-element elementor-element-5707ef8e elementor-widget elementor-widget-heading\" data-id=\"5707ef8e\" data-element_type=\"widget\" data-e-type=\"widget\" data-widget_type=\"heading.default\">\n\t\t\t\t<div class=\"elementor-widget-container\">\n\t\t\t\t\t<h2 class=\"elementor-heading-title elementor-size-default\">Warum Mallorca das Traumziel f\u00fcr jeden Radfahrer ist\n<\/h2>\t\t\t\t<\/div>\n\t\t\t\t<\/div>\n\t\t\t\t<div class=\"elementor-element elementor-element-4bc19381 elementor-widget elementor-widget-text-editor\" data-id=\"4bc19381\" data-element_type=\"widget\" data-e-type=\"widget\" data-widget_type=\"text-editor.default\">\n\t\t\t\t<div class=\"elementor-widget-container\">\n\t\t\t\t\t\t\t\t\t<p><span style=\"font-weight: 400;\">Mallorca bietet Ihnen nicht nur Stra\u00dfen ohne Schlagl\u00f6cher, sondern auch eine lebendige Radsportatmosph\u00e4re und <\/span><i><span style=\"font-weight: 400;\">Cycling Friendly<\/span><\/i><span style=\"font-weight: 400;\">. Wenn Sie <\/span><b>Landschaftsvielfalt<\/b><span style=\"font-weight: 400;\"> suchen, finden Sie hier Str\u00e4nde, Berge, Ebenen und D\u00f6rfer, damit Ihnen nicht langweilig wird, und Sie werden mit einer epischen Geschichte zur\u00fcckkehren, die Sie erz\u00e4hlen k\u00f6nnen.<\/span> <\/p><p><span style=\"font-weight: 400;\">Das Klima? Praktisch das ganze Jahr \u00fcber ideal. Es stimmt zwar, dass der Winter etwas f\u00fcr Mutige ist, aber der   <\/span><b>Sommer bietet Ihnen eine Meeresbrise-Klimaanlage<\/b><span style=\"font-weight: 400;\">, und die \u00fcbrigen Jahreszeiten sind f\u00fcr alle Normalsterblichen geeignet.<\/span><\/p><p><span style=\"font-weight: 400;\">Die Profis der Radsportszene w\u00e4hlen Mallorca, um <\/span><b>vor den Rennen zu trainieren<\/b><span style=\"font-weight: 400;\">, und die Amateure, um Spa\u00df zu haben, w\u00e4hrend sie mit Freunden darum wetteifern, wer mehr Ausdauer hat oder wer zuerst im Caf\u00e9 ankommt. Au\u00dferdem wird Sie die Radsportgemeinschaft der Insel schnell aufnehmen, Ihnen Empfehlungen, Routen und sogar den einen oder anderen Trick verraten. <\/span><\/p>\t\t\t\t\t\t\t\t<\/div>\n\t\t\t\t<\/div>\n\t\t\t\t\t<\/div>\n\t\t\t\t<\/div>\n\t\t<div class=\"elementor-element elementor-element-ec07654 e-flex e-con-boxed e-con e-parent\" data-id=\"ec07654\" data-element_type=\"container\" data-e-type=\"container\">\n\t\t\t\t\t<div class=\"e-con-inner\">\n\t\t\t\t<div class=\"elementor-element elementor-element-53e3fdd4 elementor-widget elementor-widget-heading\" data-id=\"53e3fdd4\" data-element_type=\"widget\" data-e-type=\"widget\" data-widget_type=\"heading.default\">\n\t\t\t\t<div class=\"elementor-widget-container\">\n\t\t\t\t\t<h2 class=\"elementor-heading-title elementor-size-default\">Empfohlene Radrouten auf Mallorca nach Schwierigkeitsgrad<\/h2>\t\t\t\t<\/div>\n\t\t\t\t<\/div>\n\t\t\t\t<div class=\"elementor-element elementor-element-6b37712b elementor-widget elementor-widget-text-editor\" data-id=\"6b37712b\" data-element_type=\"widget\" data-e-type=\"widget\" data-widget_type=\"text-editor.default\">\n\t\t\t\t<div class=\"elementor-widget-container\">\n\t\t\t\t\t\t\t\t\t<p><span style=\"font-weight: 400;\">Wenn Sie glauben, dass Mallorca nur Routen f\u00fcr Experten hat, irren Sie sich gewaltig, denn es gibt Routen f\u00fcr alle Niveaus.<\/span><\/p><p><span style=\"font-weight: 400;\">F\u00fcr Anf\u00e4nger gibt es die Strecke <\/span><b>Palma nach S&#8217;Arenal<\/b><span style=\"font-weight: 400;\">, eine 11 km lange K\u00fcstenroute mit Brise, Eis und Strandbars, falls Ihr Blutzuckerspiegel sinkt. Sie ist auch perfekt, um mit einem gemieteten Fahrrad Eindruck zu schinden. F\u00fcr das gleiche Niveau gibt es auch die Route von  <\/span><b>Arenal nach LLucmajor<\/b><span style=\"font-weight: 400;\">, eine ruhige und angenehme Stra\u00dfe f\u00fcr neue Radfahrer.<\/span><\/p><p><span style=\"font-weight: 400;\">F\u00fcr fortgeschrittene Radfahrer gibt es die Route von <\/span><b>Llucmajor nach Cala Pi<\/b><span style=\"font-weight: 400;\">, 30 km zwischen Klippen, Pinien und D\u00f6rfern, wo der Wind als DJ fungiert und das Treten in die Pedale anregt. Eine weitere Option ist die Route von  <\/span><b>Port Pollensa nach Alc\u00fadia und La Victoria<\/b><span style=\"font-weight: 400;\">, perfekt f\u00fcr Liebhaber der K\u00fcste und des blauen Meeres.<\/span><\/p><p><span style=\"font-weight: 400;\">Und f\u00fcr die Erfahreneren bietet die Insel die Route <\/span><b>Serra de Tramuntana<\/b><span style=\"font-weight: 400;\"> mit Kurven, H\u00f6henunterschieden und preisverd\u00e4chtigen Aussichten; die Route <\/span><b>Sa Clobra<\/b><span style=\"font-weight: 400;\"> mit 270 Metern H\u00f6henunterschied und 14 km Kurven; oder die Route <\/span><b>Cap de Formentor<\/b><span style=\"font-weight: 400;\">, bei der der Leuchtturm und die Aussichtspunkte das Ende einer anspruchsvollen Route sind, die Sie sprachlos machen wird.<\/span><\/p>\t\t\t\t\t\t\t\t<\/div>\n\t\t\t\t<\/div>\n\t\t\t\t<div class=\"elementor-element elementor-element-85c576c elementor-widget elementor-widget-image\" data-id=\"85c576c\" data-element_type=\"widget\" data-e-type=\"widget\" data-widget_type=\"image.default\">\n\t\t\t\t<div class=\"elementor-widget-container\">\n\t\t\t\t\t\t\t\t\t\t\t\t\t\t\t<img fetchpriority=\"high\" decoding=\"async\" width=\"1255\" height=\"627\" src=\"https:\/\/rentallorca.com\/blog\/wp-content\/uploads\/2025\/09\/ruta-ciclismo-mallorca.jpg\" class=\"attachment-full size-full wp-image-2593\" alt=\"ruta-ciclismo-mallorca.jpg\" srcset=\"https:\/\/rentallorca.com\/blog\/wp-content\/uploads\/2025\/09\/ruta-ciclismo-mallorca.jpg 1255w, https:\/\/rentallorca.com\/blog\/wp-content\/uploads\/2025\/09\/ruta-ciclismo-mallorca-300x150.jpg 300w, https:\/\/rentallorca.com\/blog\/wp-content\/uploads\/2025\/09\/ruta-ciclismo-mallorca-1024x512.jpg 1024w, https:\/\/rentallorca.com\/blog\/wp-content\/uploads\/2025\/09\/ruta-ciclismo-mallorca-768x384.jpg 768w\" sizes=\"(max-width: 1255px) 100vw, 1255px\" \/>\t\t\t\t\t\t\t\t\t\t\t\t\t\t\t<\/div>\n\t\t\t\t<\/div>\n\t\t\t\t\t<\/div>\n\t\t\t\t<\/div>\n\t\t<div class=\"elementor-element elementor-element-6c00387 e-flex e-con-boxed e-con e-parent\" data-id=\"6c00387\" data-element_type=\"container\" data-e-type=\"container\">\n\t\t\t\t\t<div class=\"e-con-inner\">\n\t\t\t\t<div class=\"elementor-element elementor-element-b2ff983 elementor-widget elementor-widget-heading\" data-id=\"b2ff983\" data-element_type=\"widget\" data-e-type=\"widget\" data-widget_type=\"heading.default\">\n\t\t\t\t<div class=\"elementor-widget-container\">\n\t\t\t\t\t<h2 class=\"elementor-heading-title elementor-size-default\">Wo Sie auf Mallorca Fahrr\u00e4der mit dem besten Preis-Leistungs-Verh\u00e4ltnis mieten k\u00f6nnen\n<\/h2>\t\t\t\t<\/div>\n\t\t\t\t<\/div>\n\t\t\t\t<div class=\"elementor-element elementor-element-e85f5e6 elementor-widget elementor-widget-text-editor\" data-id=\"e85f5e6\" data-element_type=\"widget\" data-e-type=\"widget\" data-widget_type=\"text-editor.default\">\n\t\t\t\t<div class=\"elementor-widget-container\">\n\t\t\t\t\t\t\t\t\t<p><span style=\"font-weight: 400;\">Falls das Fahrrad nicht mit dem ganzen Gep\u00e4ck hineinpasst, gibt es <\/span><b>Unternehmen f\u00fcr jeden Geschmack<\/b><span style=\"font-weight: 400;\"> und Geldbeutel.<\/span><\/p><ul><li style=\"font-weight: 400;\" aria-level=\"1\"><b>Rent Express Mallorca<\/b><span style=\"font-weight: 400;\"> bietet die Vermietung ab nur <\/span><b>5 Euro pro Tag<\/b> <span style=\"font-weight: 400;\">in Palma an. Kindersitze, Helme und Taschen sind inklusive. Au\u00dferdem haben sie niedrige Kautionen, so dass Sie nicht das alte Fahrrad von zu Hause verpf\u00e4nden m\u00fcssen.  <\/span><\/li><li style=\"font-weight: 400;\" aria-level=\"1\"><span style=\"font-weight: 400;\">Auf der anderen Seite bietet <\/span><b>Rental Bikes Mallorca<\/b><span style=\"font-weight: 400;\"> einen Katalog von<\/span><b> mehr als 750 Fahrr\u00e4dern<\/b><span style=\"font-weight: 400;\">, einschlie\u00dflich Elektro- und Rennr\u00e4dern. Der Lieferservice erfolgt an jedem Punkt der Insel und bietet 365 Tage im Jahr Unterst\u00fctzung. <\/span><\/li><li style=\"font-weight: 400;\" aria-level=\"1\">Schlie\u00dflich hat das <b>Nano Bicycles<\/b><span> wettbewerbsf\u00e4hige Preise mit Fahrr\u00e4dern ab 1<\/span><b>0 Euro pro Tag<\/b><span> und Angebote an verschiedenen Tagen des Jahres. Es ist eine perfekte Option f\u00fcr diejenigen, die etwas mehr Pro wollen, aber nicht alle Ersparnisse ausgeben m\u00f6chten. <\/span><\/li><\/ul>\t\t\t\t\t\t\t\t<\/div>\n\t\t\t\t<\/div>\n\t\t\t\t\t<\/div>\n\t\t\t\t<\/div>\n\t\t<div class=\"elementor-element elementor-element-6d663d3 e-flex e-con-boxed e-con e-parent\" data-id=\"6d663d3\" data-element_type=\"container\" data-e-type=\"container\">\n\t\t\t\t\t<div class=\"e-con-inner\">\n\t\t\t\t<div class=\"elementor-element elementor-element-1dd7b58 elementor-widget elementor-widget-heading\" data-id=\"1dd7b58\" data-element_type=\"widget\" data-e-type=\"widget\" data-widget_type=\"heading.default\">\n\t\t\t\t<div class=\"elementor-widget-container\">\n\t\t\t\t\t<h2 class=\"elementor-heading-title elementor-size-default\">Wichtige Tipps f\u00fcr sicheres Radfahren auf Mallorca<\/h2>\t\t\t\t<\/div>\n\t\t\t\t<\/div>\n\t\t\t\t<div class=\"elementor-element elementor-element-900fc1c elementor-widget elementor-widget-text-editor\" data-id=\"900fc1c\" data-element_type=\"widget\" data-e-type=\"widget\" data-widget_type=\"text-editor.default\">\n\t\t\t\t<div class=\"elementor-widget-container\">\n\t\t\t\t\t\t\t\t\t<p><span style=\"font-weight: 400;\">Sicherheit geht immer vor und Spa\u00df direkt danach, deshalb geben wir Ihnen eine Reihe von Tipps, um Unf\u00e4lle und unerfreuliche \u00dcberraschungen in letzter Minute zu vermeiden.<\/span><\/p><ul><li style=\"font-weight: 400;\" aria-level=\"1\"><span style=\"font-weight: 400;\">Wir empfehlen Ihnen, <\/span><b>vor der Abfahrt alles zu \u00fcberpr\u00fcfen<\/b><span style=\"font-weight: 400;\">, nicht dass es Ihnen passiert, dass Sie ohne Bremsen dastehen, denn obwohl es eine Insel ist, wollen Sie nicht direkt im Meer landen. Denken Sie nat\u00fcrlich daran,  <\/span><b>immer einen Helm zu tragen<\/b><span style=\"font-weight: 400;\">, denn wenn Sie st\u00fcrzen, werden Sie zumindest nicht den Kopf verlieren.<\/span><\/li><li style=\"font-weight: 400;\" aria-level=\"1\"><span style=\"font-weight: 400;\">Es ist auch wichtig, <\/span><b>Wasser und Sonnenschutzmittel mitzunehmen<\/b><span style=\"font-weight: 400;\">, da die mallorquinische Sonne nicht verzeiht, auch wenn Sie alle Regeln einhalten.<\/span><\/li><li style=\"font-weight: 400;\" aria-level=\"1\"><span style=\"font-weight: 400;\">Wir empfehlen Ihnen, <\/span><b>die Zufahrten zu den Routen genau zu pr\u00fcfen<\/b><span style=\"font-weight: 400;\">, da beispielsweise im Sommer in Formentor die Zufahrt f\u00fcr Autos eingeschr\u00e4nkt ist, so dass Sie viel ruhiger radeln k\u00f6nnen.<\/span><\/li><\/ul>\t\t\t\t\t\t\t\t<\/div>\n\t\t\t\t<\/div>\n\t\t\t\t<div class=\"elementor-element elementor-element-b8b71f8 elementor-widget elementor-widget-image\" data-id=\"b8b71f8\" data-element_type=\"widget\" data-e-type=\"widget\" data-widget_type=\"image.default\">\n\t\t\t\t<div class=\"elementor-widget-container\">\n\t\t\t\t\t\t\t\t\t\t\t\t\t\t\t<img decoding=\"async\" width=\"1254\" height=\"627\" src=\"https:\/\/rentallorca.com\/blog\/wp-content\/uploads\/2025\/09\/Alquiuler-bicicleta-en-mallorca.jpg\" class=\"attachment-full size-full wp-image-2596\" alt=\"Alquiuler-bicicleta-en-mallorca.jpg\" srcset=\"https:\/\/rentallorca.com\/blog\/wp-content\/uploads\/2025\/09\/Alquiuler-bicicleta-en-mallorca.jpg 1254w, https:\/\/rentallorca.com\/blog\/wp-content\/uploads\/2025\/09\/Alquiuler-bicicleta-en-mallorca-300x150.jpg 300w, https:\/\/rentallorca.com\/blog\/wp-content\/uploads\/2025\/09\/Alquiuler-bicicleta-en-mallorca-1024x512.jpg 1024w, https:\/\/rentallorca.com\/blog\/wp-content\/uploads\/2025\/09\/Alquiuler-bicicleta-en-mallorca-768x384.jpg 768w\" sizes=\"(max-width: 1254px) 100vw, 1254px\" \/>\t\t\t\t\t\t\t\t\t\t\t\t\t\t\t<\/div>\n\t\t\t\t<\/div>\n\t\t\t\t\t<\/div>\n\t\t\t\t<\/div>\n\t\t<div class=\"elementor-element elementor-element-f5f2423 e-flex e-con-boxed e-con e-parent\" data-id=\"f5f2423\" data-element_type=\"container\" data-e-type=\"container\">\n\t\t\t\t\t<div class=\"e-con-inner\">\n\t\t\t\t<div class=\"elementor-element elementor-element-7c325fb elementor-widget elementor-widget-heading\" data-id=\"7c325fb\" data-element_type=\"widget\" data-e-type=\"widget\" data-widget_type=\"heading.default\">\n\t\t\t\t<div class=\"elementor-widget-container\">\n\t\t\t\t\t<h2 class=\"elementor-heading-title elementor-size-default\">Dienstleistungen f\u00fcr Radfahrer auf Mallorca: Werkst\u00e4tten, Unterk\u00fcnfte und mehr\n<\/h2>\t\t\t\t<\/div>\n\t\t\t\t<\/div>\n\t\t\t\t<div class=\"elementor-element elementor-element-431bdd9 elementor-widget elementor-widget-text-editor\" data-id=\"431bdd9\" data-element_type=\"widget\" data-e-type=\"widget\" data-widget_type=\"text-editor.default\">\n\t\t\t\t<div class=\"elementor-widget-container\">\n\t\t\t\t\t\t\t\t\t<p><span style=\"font-weight: 400;\">Mallorca k\u00fcmmert sich um seine Radfahrer, als w\u00e4ren Sie der Rockstar des Augenblicks. Deshalb gibt es  <\/span><b>mehr als 120 spezialisierte Hotels<\/b><span style=\"font-weight: 400;\"> mit Reparaturservice, energiereichen Men\u00fcs und Massagen f\u00fcr die strapazierten Beine.<\/span><\/p><p><span style=\"font-weight: 400;\">Es bietet auch <\/span><b>Werkst\u00e4tten und Gesch\u00e4fte in jedem Dorf<\/b><span style=\"font-weight: 400;\">, wo Sie sicher jemanden finden, der Ihnen bei einer Reifenpanne hilft. Au\u00dferdem gibt es <\/span><b>gef\u00fchrte Touren, Transfers und Fahrradverleih <\/b><span style=\"font-weight: 400;\">in jeder Ecke der Insel.<\/span><\/p>\t\t\t\t\t\t\t\t<\/div>\n\t\t\t\t<\/div>\n\t\t\t\t\t<\/div>\n\t\t\t\t<\/div>\n\t\t<div class=\"elementor-element elementor-element-8dc5bb8 e-flex e-con-boxed e-con e-parent\" data-id=\"8dc5bb8\" data-element_type=\"container\" data-e-type=\"container\">\n\t\t\t\t\t<div class=\"e-con-inner\">\n\t\t\t\t<div class=\"elementor-element elementor-element-0e10c24 elementor-widget elementor-widget-heading\" data-id=\"0e10c24\" data-element_type=\"widget\" data-e-type=\"widget\" data-widget_type=\"heading.default\">\n\t\t\t\t<div class=\"elementor-widget-container\">\n\t\t\t\t\t<h2 class=\"elementor-heading-title elementor-size-default\">Warum Mallorca ein Radsportziel ist, das alles hat?\n<\/h2>\t\t\t\t<\/div>\n\t\t\t\t<\/div>\n\t\t\t\t<div class=\"elementor-element elementor-element-763e47e elementor-widget elementor-widget-text-editor\" data-id=\"763e47e\" data-element_type=\"widget\" data-e-type=\"widget\" data-widget_type=\"text-editor.default\">\n\t\t\t\t<div class=\"elementor-widget-container\">\n\t\t\t\t\t\t\t\t\t<p><span style=\"font-weight: 400;\">Mallorca kombiniert gutes Wetter, Landschaften, Infrastruktur und eine so gro\u00dfe Radsportgemeinschaft, dass selbst die Fauna der Gegend einer Gruppe von Radfahrern den Vortritt l\u00e4sst. Auf der Insel finden Sie von  <\/span><b>Familienrouten <\/b><span style=\"font-weight: 400;\">durch Naturparks bis hin zu <\/span><b>epischen Herausforderungen<\/b><span style=\"font-weight: 400;\"> f\u00fcr die Mutigsten.<\/span><\/p><p><span style=\"font-weight: 400;\">Wie Sie sich vorstellen k\u00f6nnen, w\u00e4re all dies sinnlos, wenn Sie keine angemessene Unterkunft haben. <\/span><b>Kontaktieren Sie uns, um Ihr Apartment auf Mallorca zu buchen<\/b><span style=\"font-weight: 400;\"> mit allen Annehmlichkeiten, die Sie ben\u00f6tigen. Wir warten hier auf Sie! <\/span><\/p>\t\t\t\t\t\t\t\t<\/div>\n\t\t\t\t<\/div>\n\t\t\t\t\t<\/div>\n\t\t\t\t<\/div>\n\t\t<div class=\"elementor-element elementor-element-7859080b e-flex e-con-boxed e-con e-parent\" data-id=\"7859080b\" data-element_type=\"container\" data-e-type=\"container\">\n\t\t\t\t\t<div class=\"e-con-inner\">\n\t\t\t\t\t<\/div>\n\t\t\t\t<\/div>\n\t\t<div class=\"elementor-element elementor-element-7d1da64a e-flex e-con-boxed e-con e-parent\" data-id=\"7d1da64a\" data-element_type=\"container\" data-e-type=\"container\">\n\t\t\t\t\t<div class=\"e-con-inner\">\n\t\t\t\t<div class=\"elementor-element elementor-element-4c48e46 elementor-widget elementor-widget-shortcode\" data-id=\"4c48e46\" data-element_type=\"widget\" data-e-type=\"widget\" data-widget_type=\"shortcode.default\">\n\t\t\t\t<div class=\"elementor-widget-container\">\n\t\t\t\t\t\t\t<div class=\"elementor-shortcode\">\t\t<div data-elementor-type=\"page\" data-elementor-id=\"271\" class=\"elementor elementor-271 elementor-170 elementor-170\" data-elementor-post-type=\"elementor_library\">\n\t\t\t\t<div class=\"elementor-element elementor-element-16c5e22 e-flex e-con-boxed e-con e-parent\" data-id=\"16c5e22\" data-element_type=\"container\" data-e-type=\"container\">\n\t\t\t\t\t<div class=\"e-con-inner\">\n\t\t<div class=\"elementor-element elementor-element-ac67807 e-con-full e-flex e-con e-child\" data-id=\"ac67807\" data-element_type=\"container\" data-e-type=\"container\">\n\t\t\t\t<div class=\"elementor-element elementor-element-2ab04b2 elementor-align-justify elementor-widget elementor-widget-button\" data-id=\"2ab04b2\" data-element_type=\"widget\" data-e-type=\"widget\" data-widget_type=\"button.default\">\n\t\t\t\t<div class=\"elementor-widget-container\">\n\t\t\t\t\t\t\t\t\t<div class=\"elementor-button-wrapper\">\n\t\t\t\t\t<a class=\"elementor-button elementor-button-link elementor-size-sm\" href=\"https:\/\/rentallorca.com\/de\/vermietung\/vermietungen-mallorca-e21\/\">\n\t\t\t\t\t\t<span class=\"elementor-button-content-wrapper\">\n\t\t\t\t\t\t\t\t\t<span class=\"elementor-button-text\">Unterk\u00fcnfte in  Mallorca<\/span>\n\t\t\t\t\t<\/span>\n\t\t\t\t\t<\/a>\n\t\t\t\t<\/div>\n\t\t\t\t\t\t\t\t<\/div>\n\t\t\t\t<\/div>\n\t\t\t\t<\/div>\n\t\t<div class=\"elementor-element elementor-element-6bea3dd e-con-full e-flex e-con e-child\" data-id=\"6bea3dd\" data-element_type=\"container\" data-e-type=\"container\">\n\t\t\t\t<div class=\"elementor-element elementor-element-ff8a437 elementor-align-justify elementor-widget elementor-widget-button\" data-id=\"ff8a437\" data-element_type=\"widget\" data-e-type=\"widget\" data-widget_type=\"button.default\">\n\t\t\t\t<div class=\"elementor-widget-container\">\n\t\t\t\t\t\t\t\t\t<div class=\"elementor-button-wrapper\">\n\t\t\t\t\t<a class=\"elementor-button elementor-button-link elementor-size-sm\" href=\"https:\/\/rentallorca.com\/de\/vermietung\/ferienwohnungen-mallorca-c1e21\/\">\n\t\t\t\t\t\t<span class=\"elementor-button-content-wrapper\">\n\t\t\t\t\t\t\t\t\t<span class=\"elementor-button-text\">Wohnungen in Mallorca<\/span>\n\t\t\t\t\t<\/span>\n\t\t\t\t\t<\/a>\n\t\t\t\t<\/div>\n\t\t\t\t\t\t\t\t<\/div>\n\t\t\t\t<\/div>\n\t\t\t\t<\/div>\n\t\t<div class=\"elementor-element elementor-element-d557a64 e-con-full e-flex e-con e-child\" data-id=\"d557a64\" data-element_type=\"container\" data-e-type=\"container\">\n\t\t\t\t<div class=\"elementor-element elementor-element-4421fc4 elementor-align-justify elementor-widget elementor-widget-button\" data-id=\"4421fc4\" data-element_type=\"widget\" data-e-type=\"widget\" data-widget_type=\"button.default\">\n\t\t\t\t<div class=\"elementor-widget-container\">\n\t\t\t\t\t\t\t\t\t<div class=\"elementor-button-wrapper\">\n\t\t\t\t\t<a class=\"elementor-button elementor-button-link elementor-size-sm\" href=\"https:\/\/rentallorca.com\/de\/vermietung\/ferienhauser-alcudia-c19d1098\/\">\n\t\t\t\t\t\t<span class=\"elementor-button-content-wrapper\">\n\t\t\t\t\t\t\t\t\t<span class=\"elementor-button-text\">H\u00e4user in Mallorca<\/span>\n\t\t\t\t\t<\/span>\n\t\t\t\t\t<\/a>\n\t\t\t\t<\/div>\n\t\t\t\t\t\t\t\t<\/div>\n\t\t\t\t<\/div>\n\t\t\t\t<\/div>\n\t\t<div class=\"elementor-element elementor-element-995a361 e-con-full e-flex e-con e-child\" data-id=\"995a361\" data-element_type=\"container\" data-e-type=\"container\">\n\t\t\t\t<div class=\"elementor-element elementor-element-e6addd0 elementor-align-justify elementor-widget elementor-widget-button\" data-id=\"e6addd0\" data-element_type=\"widget\" data-e-type=\"widget\" data-widget_type=\"button.default\">\n\t\t\t\t<div class=\"elementor-widget-container\">\n\t\t\t\t\t\t\t\t\t<div class=\"elementor-button-wrapper\">\n\t\t\t\t\t<a class=\"elementor-button elementor-button-link elementor-size-sm\" href=\"https:\/\/rentallorca.com\/de\/vermietung\/fincas-mallorca-c22e21\/\">\n\t\t\t\t\t\t<span class=\"elementor-button-content-wrapper\">\n\t\t\t\t\t\t\t\t\t<span class=\"elementor-button-text\">Bauernh\u00f6fe in Mallorca<\/span>\n\t\t\t\t\t<\/span>\n\t\t\t\t\t<\/a>\n\t\t\t\t<\/div>\n\t\t\t\t\t\t\t\t<\/div>\n\t\t\t\t<\/div>\n\t\t\t\t<\/div>\n\t\t\t\t\t<\/div>\n\t\t\t\t<\/div>\n\t\t\t\t<\/div>\n\t\t<\/div>\n\t\t\t\t\t\t<\/div>\n\t\t\t\t<\/div>\n\t\t\t\t\t<\/div>\n\t\t\t\t<\/div>\n\t\t\t\t<\/div>\n\t\t","protected":false},"excerpt":{"rendered":"<p>Haben Sie jemals davon getr\u00e4umt, durch so sch\u00f6ne Landschaften zu radeln, dass nicht einmal ein Instagram-Filter sie verbessern kann? Auf Mallorca kann dieser Traum wahr werden! Mehr als 200 km asphaltierte Stra\u00dfen die die Insel durchqueren, von der blauen K\u00fcste des Mittelmeers bis zur gro\u00dfen Serra de Tramuntana. Und Sie sind nicht der Einzige, der [&hellip;]<\/p>\n","protected":false},"author":3,"featured_media":2590,"comment_status":"open","ping_status":"open","sticky":false,"template":"","format":"standard","meta":{"footnotes":""},"categories":[34],"tags":[],"class_list":["post-2701","post","type-post","status-publish","format-standard","has-post-thumbnail","hentry","category-mallorca-destino"],"yoast_head":"<!-- This site is optimized with the Yoast SEO plugin v27.5 - https:\/\/yoast.com\/product\/yoast-seo-wordpress\/ -->\n<title>Radfahren auf Mallorca: Radeln Sie durch das Paradies f\u00fcr Radfahrer - Blog<\/title>\n<meta name=\"description\" content=\"Radtour auf Mallorca: Insel erkunden Fahrr\u00e4der mieten.\" \/>\n<meta name=\"robots\" content=\"index, follow, max-snippet:-1, max-image-preview:large, max-video-preview:-1\" \/>\n<link rel=\"canonical\" href=\"https:\/\/rentallorca.com\/blog\/de\/radfahren-auf-mallorca\/\" \/>\n<meta property=\"og:locale\" content=\"de_DE\" \/>\n<meta property=\"og:type\" content=\"article\" \/>\n<meta property=\"og:title\" content=\"Radfahren auf Mallorca: Radeln Sie durch das Paradies f\u00fcr Radfahrer - Blog\" \/>\n<meta property=\"og:description\" content=\"Radtour auf Mallorca: Insel erkunden Fahrr\u00e4der mieten.\" \/>\n<meta property=\"og:url\" content=\"https:\/\/rentallorca.com\/blog\/de\/radfahren-auf-mallorca\/\" \/>\n<meta property=\"og:site_name\" content=\"Blog\" \/>\n<meta property=\"article:published_time\" content=\"2025-09-08T15:42:02+00:00\" \/>\n<meta property=\"article:modified_time\" content=\"2025-09-25T11:41:12+00:00\" \/>\n<meta property=\"og:image\" content=\"https:\/\/rentallorca.com\/blog\/wp-content\/uploads\/2025\/09\/Bicicleta-en-Mallorca.jpg\" \/>\n\t<meta property=\"og:image:width\" content=\"2000\" \/>\n\t<meta property=\"og:image:height\" content=\"666\" \/>\n\t<meta property=\"og:image:type\" content=\"image\/jpeg\" \/>\n<meta name=\"author\" content=\"Axel\" \/>\n<meta name=\"twitter:card\" content=\"summary_large_image\" \/>\n<meta name=\"twitter:label1\" content=\"Written by\" \/>\n\t<meta name=\"twitter:data1\" content=\"Axel\" \/>\n\t<meta name=\"twitter:label2\" content=\"Est. reading time\" \/>\n\t<meta name=\"twitter:data2\" content=\"5 minutes\" \/>\n<script type=\"application\/ld+json\" class=\"yoast-schema-graph\">{\"@context\":\"https:\\\/\\\/schema.org\",\"@graph\":[{\"@type\":\"Article\",\"@id\":\"https:\\\/\\\/rentallorca.com\\\/blog\\\/de\\\/radfahren-auf-mallorca\\\/#article\",\"isPartOf\":{\"@id\":\"https:\\\/\\\/rentallorca.com\\\/blog\\\/de\\\/radfahren-auf-mallorca\\\/\"},\"author\":{\"name\":\"Axel\",\"@id\":\"https:\\\/\\\/rentallorca.com\\\/blog\\\/de\\\/#\\\/schema\\\/person\\\/8c5ebe5bf8d43e9757ab6869e1d4cbe4\"},\"headline\":\"Radfahren auf Mallorca: Radeln Sie durch das Paradies f\u00fcr Radfahrer\",\"datePublished\":\"2025-09-08T15:42:02+00:00\",\"dateModified\":\"2025-09-25T11:41:12+00:00\",\"mainEntityOfPage\":{\"@id\":\"https:\\\/\\\/rentallorca.com\\\/blog\\\/de\\\/radfahren-auf-mallorca\\\/\"},\"wordCount\":977,\"commentCount\":0,\"image\":{\"@id\":\"https:\\\/\\\/rentallorca.com\\\/blog\\\/de\\\/radfahren-auf-mallorca\\\/#primaryimage\"},\"thumbnailUrl\":\"https:\\\/\\\/rentallorca.com\\\/blog\\\/wp-content\\\/uploads\\\/2025\\\/09\\\/Bicicleta-en-Mallorca.jpg\",\"articleSection\":[\"Mallorca\"],\"inLanguage\":\"de\",\"potentialAction\":[{\"@type\":\"CommentAction\",\"name\":\"Comment\",\"target\":[\"https:\\\/\\\/rentallorca.com\\\/blog\\\/de\\\/radfahren-auf-mallorca\\\/#respond\"]}]},{\"@type\":\"WebPage\",\"@id\":\"https:\\\/\\\/rentallorca.com\\\/blog\\\/de\\\/radfahren-auf-mallorca\\\/\",\"url\":\"https:\\\/\\\/rentallorca.com\\\/blog\\\/de\\\/radfahren-auf-mallorca\\\/\",\"name\":\"Radfahren auf Mallorca: Radeln Sie durch das Paradies f\u00fcr Radfahrer - Blog\",\"isPartOf\":{\"@id\":\"https:\\\/\\\/rentallorca.com\\\/blog\\\/de\\\/#website\"},\"primaryImageOfPage\":{\"@id\":\"https:\\\/\\\/rentallorca.com\\\/blog\\\/de\\\/radfahren-auf-mallorca\\\/#primaryimage\"},\"image\":{\"@id\":\"https:\\\/\\\/rentallorca.com\\\/blog\\\/de\\\/radfahren-auf-mallorca\\\/#primaryimage\"},\"thumbnailUrl\":\"https:\\\/\\\/rentallorca.com\\\/blog\\\/wp-content\\\/uploads\\\/2025\\\/09\\\/Bicicleta-en-Mallorca.jpg\",\"datePublished\":\"2025-09-08T15:42:02+00:00\",\"dateModified\":\"2025-09-25T11:41:12+00:00\",\"author\":{\"@id\":\"https:\\\/\\\/rentallorca.com\\\/blog\\\/de\\\/#\\\/schema\\\/person\\\/8c5ebe5bf8d43e9757ab6869e1d4cbe4\"},\"description\":\"Radtour auf Mallorca: Insel erkunden Fahrr\u00e4der mieten.\",\"breadcrumb\":{\"@id\":\"https:\\\/\\\/rentallorca.com\\\/blog\\\/de\\\/radfahren-auf-mallorca\\\/#breadcrumb\"},\"inLanguage\":\"de\",\"potentialAction\":[{\"@type\":\"ReadAction\",\"target\":[\"https:\\\/\\\/rentallorca.com\\\/blog\\\/de\\\/radfahren-auf-mallorca\\\/\"]}]},{\"@type\":\"ImageObject\",\"inLanguage\":\"de\",\"@id\":\"https:\\\/\\\/rentallorca.com\\\/blog\\\/de\\\/radfahren-auf-mallorca\\\/#primaryimage\",\"url\":\"https:\\\/\\\/rentallorca.com\\\/blog\\\/wp-content\\\/uploads\\\/2025\\\/09\\\/Bicicleta-en-Mallorca.jpg\",\"contentUrl\":\"https:\\\/\\\/rentallorca.com\\\/blog\\\/wp-content\\\/uploads\\\/2025\\\/09\\\/Bicicleta-en-Mallorca.jpg\",\"width\":2000,\"height\":666,\"caption\":\"Mallorca: Excursion to the beach\"},{\"@type\":\"BreadcrumbList\",\"@id\":\"https:\\\/\\\/rentallorca.com\\\/blog\\\/de\\\/radfahren-auf-mallorca\\\/#breadcrumb\",\"itemListElement\":[{\"@type\":\"ListItem\",\"position\":1,\"name\":\"Home\",\"item\":\"https:\\\/\\\/rentallorca.com\\\/blog\\\/de\\\/\"},{\"@type\":\"ListItem\",\"position\":2,\"name\":\"Radfahren auf Mallorca: Radeln Sie durch das Paradies f\u00fcr Radfahrer\"}]},{\"@type\":\"WebSite\",\"@id\":\"https:\\\/\\\/rentallorca.com\\\/blog\\\/de\\\/#website\",\"url\":\"https:\\\/\\\/rentallorca.com\\\/blog\\\/de\\\/\",\"name\":\"Blog\",\"description\":\"Rentallorca\",\"potentialAction\":[{\"@type\":\"SearchAction\",\"target\":{\"@type\":\"EntryPoint\",\"urlTemplate\":\"https:\\\/\\\/rentallorca.com\\\/blog\\\/de\\\/?s={search_term_string}\"},\"query-input\":{\"@type\":\"PropertyValueSpecification\",\"valueRequired\":true,\"valueName\":\"search_term_string\"}}],\"inLanguage\":\"de\"},{\"@type\":\"Person\",\"@id\":\"https:\\\/\\\/rentallorca.com\\\/blog\\\/de\\\/#\\\/schema\\\/person\\\/8c5ebe5bf8d43e9757ab6869e1d4cbe4\",\"name\":\"Axel\",\"image\":{\"@type\":\"ImageObject\",\"inLanguage\":\"de\",\"@id\":\"https:\\\/\\\/secure.gravatar.com\\\/avatar\\\/3bd706736e5b70f21f05f6c2d5cad746767782a4ba4b7df399c5969e2a9318fd?s=96&d=mm&r=g\",\"url\":\"https:\\\/\\\/secure.gravatar.com\\\/avatar\\\/3bd706736e5b70f21f05f6c2d5cad746767782a4ba4b7df399c5969e2a9318fd?s=96&d=mm&r=g\",\"contentUrl\":\"https:\\\/\\\/secure.gravatar.com\\\/avatar\\\/3bd706736e5b70f21f05f6c2d5cad746767782a4ba4b7df399c5969e2a9318fd?s=96&d=mm&r=g\",\"caption\":\"Axel\"},\"url\":\"https:\\\/\\\/rentallorca.com\\\/blog\\\/de\\\/author\\\/axel\\\/\"}]}<\/script>\n<!-- \/ Yoast SEO plugin. -->","yoast_head_json":{"title":"Radfahren auf Mallorca: Radeln Sie durch das Paradies f\u00fcr Radfahrer - Blog","description":"Radtour auf Mallorca: Insel erkunden Fahrr\u00e4der mieten.","robots":{"index":"index","follow":"follow","max-snippet":"max-snippet:-1","max-image-preview":"max-image-preview:large","max-video-preview":"max-video-preview:-1"},"canonical":"https:\/\/rentallorca.com\/blog\/de\/radfahren-auf-mallorca\/","og_locale":"de_DE","og_type":"article","og_title":"Radfahren auf Mallorca: Radeln Sie durch das Paradies f\u00fcr Radfahrer - Blog","og_description":"Radtour auf Mallorca: Insel erkunden Fahrr\u00e4der mieten.","og_url":"https:\/\/rentallorca.com\/blog\/de\/radfahren-auf-mallorca\/","og_site_name":"Blog","article_published_time":"2025-09-08T15:42:02+00:00","article_modified_time":"2025-09-25T11:41:12+00:00","og_image":[{"width":2000,"height":666,"url":"https:\/\/rentallorca.com\/blog\/wp-content\/uploads\/2025\/09\/Bicicleta-en-Mallorca.jpg","type":"image\/jpeg"}],"author":"Axel","twitter_card":"summary_large_image","twitter_misc":{"Written by":"Axel","Est. reading time":"5 minutes"},"schema":{"@context":"https:\/\/schema.org","@graph":[{"@type":"Article","@id":"https:\/\/rentallorca.com\/blog\/de\/radfahren-auf-mallorca\/#article","isPartOf":{"@id":"https:\/\/rentallorca.com\/blog\/de\/radfahren-auf-mallorca\/"},"author":{"name":"Axel","@id":"https:\/\/rentallorca.com\/blog\/de\/#\/schema\/person\/8c5ebe5bf8d43e9757ab6869e1d4cbe4"},"headline":"Radfahren auf Mallorca: Radeln Sie durch das Paradies f\u00fcr Radfahrer","datePublished":"2025-09-08T15:42:02+00:00","dateModified":"2025-09-25T11:41:12+00:00","mainEntityOfPage":{"@id":"https:\/\/rentallorca.com\/blog\/de\/radfahren-auf-mallorca\/"},"wordCount":977,"commentCount":0,"image":{"@id":"https:\/\/rentallorca.com\/blog\/de\/radfahren-auf-mallorca\/#primaryimage"},"thumbnailUrl":"https:\/\/rentallorca.com\/blog\/wp-content\/uploads\/2025\/09\/Bicicleta-en-Mallorca.jpg","articleSection":["Mallorca"],"inLanguage":"de","potentialAction":[{"@type":"CommentAction","name":"Comment","target":["https:\/\/rentallorca.com\/blog\/de\/radfahren-auf-mallorca\/#respond"]}]},{"@type":"WebPage","@id":"https:\/\/rentallorca.com\/blog\/de\/radfahren-auf-mallorca\/","url":"https:\/\/rentallorca.com\/blog\/de\/radfahren-auf-mallorca\/","name":"Radfahren auf Mallorca: Radeln Sie durch das Paradies f\u00fcr Radfahrer - Blog","isPartOf":{"@id":"https:\/\/rentallorca.com\/blog\/de\/#website"},"primaryImageOfPage":{"@id":"https:\/\/rentallorca.com\/blog\/de\/radfahren-auf-mallorca\/#primaryimage"},"image":{"@id":"https:\/\/rentallorca.com\/blog\/de\/radfahren-auf-mallorca\/#primaryimage"},"thumbnailUrl":"https:\/\/rentallorca.com\/blog\/wp-content\/uploads\/2025\/09\/Bicicleta-en-Mallorca.jpg","datePublished":"2025-09-08T15:42:02+00:00","dateModified":"2025-09-25T11:41:12+00:00","author":{"@id":"https:\/\/rentallorca.com\/blog\/de\/#\/schema\/person\/8c5ebe5bf8d43e9757ab6869e1d4cbe4"},"description":"Radtour auf Mallorca: Insel erkunden Fahrr\u00e4der mieten.","breadcrumb":{"@id":"https:\/\/rentallorca.com\/blog\/de\/radfahren-auf-mallorca\/#breadcrumb"},"inLanguage":"de","potentialAction":[{"@type":"ReadAction","target":["https:\/\/rentallorca.com\/blog\/de\/radfahren-auf-mallorca\/"]}]},{"@type":"ImageObject","inLanguage":"de","@id":"https:\/\/rentallorca.com\/blog\/de\/radfahren-auf-mallorca\/#primaryimage","url":"https:\/\/rentallorca.com\/blog\/wp-content\/uploads\/2025\/09\/Bicicleta-en-Mallorca.jpg","contentUrl":"https:\/\/rentallorca.com\/blog\/wp-content\/uploads\/2025\/09\/Bicicleta-en-Mallorca.jpg","width":2000,"height":666,"caption":"Mallorca: Excursion to the beach"},{"@type":"BreadcrumbList","@id":"https:\/\/rentallorca.com\/blog\/de\/radfahren-auf-mallorca\/#breadcrumb","itemListElement":[{"@type":"ListItem","position":1,"name":"Home","item":"https:\/\/rentallorca.com\/blog\/de\/"},{"@type":"ListItem","position":2,"name":"Radfahren auf Mallorca: Radeln Sie durch das Paradies f\u00fcr Radfahrer"}]},{"@type":"WebSite","@id":"https:\/\/rentallorca.com\/blog\/de\/#website","url":"https:\/\/rentallorca.com\/blog\/de\/","name":"Blog","description":"Rentallorca","potentialAction":[{"@type":"SearchAction","target":{"@type":"EntryPoint","urlTemplate":"https:\/\/rentallorca.com\/blog\/de\/?s={search_term_string}"},"query-input":{"@type":"PropertyValueSpecification","valueRequired":true,"valueName":"search_term_string"}}],"inLanguage":"de"},{"@type":"Person","@id":"https:\/\/rentallorca.com\/blog\/de\/#\/schema\/person\/8c5ebe5bf8d43e9757ab6869e1d4cbe4","name":"Axel","image":{"@type":"ImageObject","inLanguage":"de","@id":"https:\/\/secure.gravatar.com\/avatar\/3bd706736e5b70f21f05f6c2d5cad746767782a4ba4b7df399c5969e2a9318fd?s=96&d=mm&r=g","url":"https:\/\/secure.gravatar.com\/avatar\/3bd706736e5b70f21f05f6c2d5cad746767782a4ba4b7df399c5969e2a9318fd?s=96&d=mm&r=g","contentUrl":"https:\/\/secure.gravatar.com\/avatar\/3bd706736e5b70f21f05f6c2d5cad746767782a4ba4b7df399c5969e2a9318fd?s=96&d=mm&r=g","caption":"Axel"},"url":"https:\/\/rentallorca.com\/blog\/de\/author\/axel\/"}]}},"_links":{"self":[{"href":"https:\/\/rentallorca.com\/blog\/de\/wp-json\/wp\/v2\/posts\/2701","targetHints":{"allow":["GET"]}}],"collection":[{"href":"https:\/\/rentallorca.com\/blog\/de\/wp-json\/wp\/v2\/posts"}],"about":[{"href":"https:\/\/rentallorca.com\/blog\/de\/wp-json\/wp\/v2\/types\/post"}],"author":[{"embeddable":true,"href":"https:\/\/rentallorca.com\/blog\/de\/wp-json\/wp\/v2\/users\/3"}],"replies":[{"embeddable":true,"href":"https:\/\/rentallorca.com\/blog\/de\/wp-json\/wp\/v2\/comments?post=2701"}],"version-history":[{"count":1,"href":"https:\/\/rentallorca.com\/blog\/de\/wp-json\/wp\/v2\/posts\/2701\/revisions"}],"predecessor-version":[{"id":2702,"href":"https:\/\/rentallorca.com\/blog\/de\/wp-json\/wp\/v2\/posts\/2701\/revisions\/2702"}],"wp:featuredmedia":[{"embeddable":true,"href":"https:\/\/rentallorca.com\/blog\/de\/wp-json\/wp\/v2\/media\/2590"}],"wp:attachment":[{"href":"https:\/\/rentallorca.com\/blog\/de\/wp-json\/wp\/v2\/media?parent=2701"}],"wp:term":[{"taxonomy":"category","embeddable":true,"href":"https:\/\/rentallorca.com\/blog\/de\/wp-json\/wp\/v2\/categories?post=2701"},{"taxonomy":"post_tag","embeddable":true,"href":"https:\/\/rentallorca.com\/blog\/de\/wp-json\/wp\/v2\/tags?post=2701"}],"curies":[{"name":"wp","href":"https:\/\/api.w.org\/{rel}","templated":true}]}}