{"id":2258,"date":"2025-07-15T08:04:41","date_gmt":"2025-07-15T08:04:41","guid":{"rendered":"https:\/\/rentallorca.com\/blog\/?p=2258"},"modified":"2025-08-14T07:25:35","modified_gmt":"2025-08-14T07:25:35","slug":"kindern-nach-mallorca","status":"publish","type":"post","link":"https:\/\/rentallorca.com\/blog\/de\/kindern-nach-mallorca\/","title":{"rendered":"Werden Sie mit Kindern nach Mallorca reisen? Hier ist alles, was Sie wissen m\u00fcssen"},"content":{"rendered":"\t\t<div data-elementor-type=\"wp-post\" data-elementor-id=\"2258\" class=\"elementor elementor-2258 elementor-2007\" data-elementor-post-type=\"post\">\n\t\t\t\t<div class=\"elementor-element elementor-element-2984883 e-flex e-con-boxed e-con e-parent\" data-id=\"2984883\" data-element_type=\"container\" data-e-type=\"container\">\n\t\t\t\t\t<div class=\"e-con-inner\">\n\t\t\t\t<div class=\"elementor-element elementor-element-75ccffed elementor-widget elementor-widget-text-editor\" data-id=\"75ccffed\" data-element_type=\"widget\" data-e-type=\"widget\" data-widget_type=\"text-editor.default\">\n\t\t\t\t<div class=\"elementor-widget-container\">\n\t\t\t\t\t\t\t\t\t<p><span style=\"font-weight: 400;\">Wir wissen, dass Sie gerne Zeit mit Ihren Kindern verbringen. Ihnen beim Wachsen zuzusehen und die Welt um sie herum zu entdecken, ist unbezahlbar. Aber&#8230; wir m\u00fcssen zugeben, dass es Momente gibt, die kompliziert werden k\u00f6nnen, und   <\/span><b>einer davon ist der Urlaub.<\/b><\/p><p><span style=\"font-weight: 400;\">Letztendlich ist es eine Herausforderung, einen Ort zu finden, der sowohl Kinder als auch Erwachsene unterhalten kann. Deshalb sind wir bei Rentallorca sicher, dass unsere Insel die perfekte Option ist. Als N\u00e4chstes   <\/span><b>werden wir Ihnen alles erz\u00e4hlen, was Sie wissen m\u00fcssen, wenn Sie mit Kindern nach Mallorca reisen werden. <\/b><span style=\"font-weight: 400;\">Notieren Sie sich diese Aktivit\u00e4ten und Tipps, damit Sie eine tolle Zeit haben k\u00f6nnen!<\/span><\/p>\t\t\t\t\t\t\t\t<\/div>\n\t\t\t\t<\/div>\n\t\t\t\t\t<\/div>\n\t\t\t\t<\/div>\n\t\t<div class=\"elementor-element elementor-element-194d9239 e-flex e-con-boxed e-con e-parent\" data-id=\"194d9239\" data-element_type=\"container\" data-e-type=\"container\">\n\t\t\t\t\t<div class=\"e-con-inner\">\n\t\t\t\t<div class=\"elementor-element elementor-element-5e5cc7d6 elementor-widget elementor-widget-table-of-contents\" data-id=\"5e5cc7d6\" data-element_type=\"widget\" data-e-type=\"widget\" data-settings=\"{&quot;headings_by_tags&quot;:[&quot;h2&quot;,&quot;h3&quot;],&quot;exclude_headings_by_selector&quot;:[],&quot;marker_view&quot;:&quot;bullets&quot;,&quot;icon&quot;:{&quot;value&quot;:&quot;&quot;,&quot;library&quot;:&quot;&quot;},&quot;no_headings_message&quot;:&quot;No headings were found on this page.&quot;,&quot;hierarchical_view&quot;:&quot;yes&quot;,&quot;min_height&quot;:{&quot;unit&quot;:&quot;px&quot;,&quot;size&quot;:&quot;&quot;,&quot;sizes&quot;:[]},&quot;min_height_tablet&quot;:{&quot;unit&quot;:&quot;px&quot;,&quot;size&quot;:&quot;&quot;,&quot;sizes&quot;:[]},&quot;min_height_mobile&quot;:{&quot;unit&quot;:&quot;px&quot;,&quot;size&quot;:&quot;&quot;,&quot;sizes&quot;:[]}}\" data-widget_type=\"table-of-contents.default\">\n\t\t\t\t<div class=\"elementor-widget-container\">\n\t\t\t\t\t\t\t\t\t<div class=\"elementor-toc__header\">\n\t\t\t\t\t\t<div class=\"elementor-toc__header-title\">\n\t\t\t\tInhaltsverzeichnis\t\t\t<\/div>\n\t\t\t\t\t\t\t\t<\/div>\n\t\t\t\t<div id=\"elementor-toc__5e5cc7d6\" class=\"elementor-toc__body\">\n\t\t\t<div class=\"elementor-toc__spinner-container\">\n\t\t\t\t<svg class=\"elementor-toc__spinner eicon-animation-spin e-font-icon-svg e-eicon-loading\" aria-hidden=\"true\" viewBox=\"0 0 1000 1000\" xmlns=\"http:\/\/www.w3.org\/2000\/svg\"><path d=\"M500 975V858C696 858 858 696 858 500S696 142 500 142 142 304 142 500H25C25 237 238 25 500 25S975 237 975 500 763 975 500 975Z\"><\/path><\/svg>\t\t\t<\/div>\n\t\t<\/div>\n\t\t\t\t\t\t<\/div>\n\t\t\t\t<\/div>\n\t\t\t\t\t<\/div>\n\t\t\t\t<\/div>\n\t\t<div class=\"elementor-element elementor-element-615587f9 e-flex e-con-boxed e-con e-parent\" data-id=\"615587f9\" data-element_type=\"container\" data-e-type=\"container\">\n\t\t\t\t\t<div class=\"e-con-inner\">\n\t\t\t\t<div class=\"elementor-element elementor-element-da820b5 elementor-widget elementor-widget-heading\" data-id=\"da820b5\" data-element_type=\"widget\" data-e-type=\"widget\" data-widget_type=\"heading.default\">\n\t\t\t\t<div class=\"elementor-widget-container\">\n\t\t\t\t\t<h2 class=\"elementor-heading-title elementor-size-default\">Kennen Sie schon all diese kostenlosen Aktivit\u00e4ten f\u00fcr Familien?\n<\/h2>\t\t\t\t<\/div>\n\t\t\t\t<\/div>\n\t\t\t\t<div class=\"elementor-element elementor-element-70258c0a elementor-widget elementor-widget-text-editor\" data-id=\"70258c0a\" data-element_type=\"widget\" data-e-type=\"widget\" data-widget_type=\"text-editor.default\">\n\t\t\t\t<div class=\"elementor-widget-container\">\n\t\t\t\t\t\t\t\t\t<p><span style=\"font-weight: 400;\">Das<\/span> <b>gro\u00dfe kulturelle Angebot, das Mallorca Ihnen bietet,<\/b> <span style=\"font-weight: 400;\">reicht von Besichtigungen von Burgen \u00fcber die Erkundung der G\u00e4rten bis hin zur M\u00f6glichkeit, an lokalen Messen und M\u00e4rkten teilzunehmen.<\/span><\/p><p><span style=\"font-weight: 400;\">Der<\/span> <b>Besuch des Castell de Bellver in Palma<\/b><span style=\"font-weight: 400;\"> ist eine der kulturellen Aktivit\u00e4ten, die Sie unternehmen m\u00fcssen, wenn Sie mit den Kindern der Familie unterwegs sind, da er f\u00fcr Kinder unter 14 Jahren kostenlos ist und sonntags f\u00fcr alle. Eine gute Idee ist es, den Besuch mit einem Picknick in einem der nahegelegenen Parks zu verbinden und den Blick auf die Umgebung den Rest erledigen zu lassen.  <\/span><\/p><p><span style=\"font-weight: 400;\">Ein weiteres der besonderen kulturellen Angebote ist<\/span> <b>die Erkundung der G\u00e4rten des Marivent-Palastes<\/b><span style=\"font-weight: 400;\">, perfekt, wenn Sie gerne spazieren gehen und Skulpturen von Joan Mir\u00f3 entdecken, die selbst die J\u00fcngsten neugierig machen werden. Der Zugang ist v\u00f6llig kostenlos und es ist ideal, wenn Sie Lust auf einen anderen Plan innerhalb des Angebots der Insel haben.  <\/span><\/p><p><span style=\"font-weight: 400;\">Sie k\u00f6nnen auch das<\/span> <b>\u00f6ffentliche Landgut Son Real im Norden<\/b><span style=\"font-weight: 400;\">entdecken, mit Wanderwegen, Tieren und der talayotischen Nekropole. Es ist eine lehrreiche Erfahrung, aber auch sehr unterhaltsam f\u00fcr die Kleinen, und der Eintritt ist f\u00fcr Kinder jeden Alters frei.  <\/span><\/p><p><span style=\"font-weight: 400;\">Schlie\u00dflich k\u00f6nnen Sie sich ermutigen, an<\/span> <b>lokalen Messen und M\u00e4rkten<\/b><span style=\"font-weight: 400;\"> in St\u00e4dten im Zentrum und Osten der Insel teilzunehmen. Hier k\u00f6nnen Kinder (und nat\u00fcrlich auch Erwachsene) die typischen und traditionellen Produkte kennenlernen.  <\/span><\/p>\t\t\t\t\t\t\t\t<\/div>\n\t\t\t\t<\/div>\n\t\t\t\t<div class=\"elementor-element elementor-element-f7d2ec4 elementor-widget elementor-widget-image\" data-id=\"f7d2ec4\" data-element_type=\"widget\" data-e-type=\"widget\" data-widget_type=\"image.default\">\n\t\t\t\t<div class=\"elementor-widget-container\">\n\t\t\t\t\t\t\t\t\t\t\t\t\t\t\t<img fetchpriority=\"high\" decoding=\"async\" width=\"1253\" height=\"626\" src=\"https:\/\/rentallorca.com\/blog\/wp-content\/uploads\/2025\/07\/visit-mallorca-family-kids.jpg\" class=\"attachment-full size-full wp-image-2017\" alt=\"\" srcset=\"https:\/\/rentallorca.com\/blog\/wp-content\/uploads\/2025\/07\/visit-mallorca-family-kids.jpg 1253w, https:\/\/rentallorca.com\/blog\/wp-content\/uploads\/2025\/07\/visit-mallorca-family-kids-300x150.jpg 300w, https:\/\/rentallorca.com\/blog\/wp-content\/uploads\/2025\/07\/visit-mallorca-family-kids-1024x512.jpg 1024w, https:\/\/rentallorca.com\/blog\/wp-content\/uploads\/2025\/07\/visit-mallorca-family-kids-768x384.jpg 768w\" sizes=\"(max-width: 1253px) 100vw, 1253px\" \/>\t\t\t\t\t\t\t\t\t\t\t\t\t\t\t<\/div>\n\t\t\t\t<\/div>\n\t\t\t\t\t<\/div>\n\t\t\t\t<\/div>\n\t\t<div class=\"elementor-element elementor-element-188e7e09 e-flex e-con-boxed e-con e-parent\" data-id=\"188e7e09\" data-element_type=\"container\" data-e-type=\"container\">\n\t\t\t\t\t<div class=\"e-con-inner\">\n\t\t\t\t<div class=\"elementor-element elementor-element-73e6c1f1 elementor-widget elementor-widget-heading\" data-id=\"73e6c1f1\" data-element_type=\"widget\" data-e-type=\"widget\" data-widget_type=\"heading.default\">\n\t\t\t\t<div class=\"elementor-widget-container\">\n\t\t\t\t\t<h2 class=\"elementor-heading-title elementor-size-default\">Besuchen Sie diese Parks und Spielpl\u00e4tze, um sie zu unterhalten\n<\/h2>\t\t\t\t<\/div>\n\t\t\t\t<\/div>\n\t\t\t\t<div class=\"elementor-element elementor-element-71ffa5aa elementor-widget elementor-widget-text-editor\" data-id=\"71ffa5aa\" data-element_type=\"widget\" data-e-type=\"widget\" data-widget_type=\"text-editor.default\">\n\t\t\t\t<div class=\"elementor-widget-container\">\n\t\t\t\t\t\t\t\t\t<p><span style=\"font-weight: 400;\">Falls sich die Kinder langweilen, gibt es keinen Grund zur Sorge, denn Mallorca hat auch Parks und<\/span> <b>Spielpl\u00e4tze f\u00fcr die Mutigsten.<\/b><\/p><p><span style=\"font-weight: 400;\">Palma und die wichtigsten St\u00e4dte haben<\/span> <b>zahlreiche Spielpl\u00e4tze und Gr\u00fcnfl\u00e4chen<\/b><span style=\"font-weight: 400;\"> , wo man rennen, spielen und vor allem m\u00fcde werden kann. Die Umgebung des Castell de Bellver und der Parc de la Mar in Palma sind die bekanntesten Spielpl\u00e4tze.  <\/span><\/p><p><span style=\"font-weight: 400;\">Offensichtlich haben viele der Hotels und Resorts in Alc\u00fadia, Sa Coma und Cala Ratjada auch<\/span> <b>Wasserparks und private Spielpl\u00e4tze<\/b><span style=\"font-weight: 400;\"> f\u00fcr Kinder. Der Naturpark S&#8217;Albufera in der N\u00e4he von Alc\u00fadia bietet  <\/span><b>einfache Routen mitten in der Natur<\/b> <span style=\"font-weight: 400;\">, um V\u00f6gel zu beobachten und die Panoramablicke auf die Gegend zu genie\u00dfen.<\/span><\/p>\t\t\t\t\t\t\t\t<\/div>\n\t\t\t\t<\/div>\n\t\t\t\t\t<\/div>\n\t\t\t\t<\/div>\n\t\t<div class=\"elementor-element elementor-element-455e0d1 e-flex e-con-boxed e-con e-parent\" data-id=\"455e0d1\" data-element_type=\"container\" data-e-type=\"container\">\n\t\t\t\t\t<div class=\"e-con-inner\">\n\t\t\t\t<div class=\"elementor-element elementor-element-48eb157 elementor-widget elementor-widget-heading\" data-id=\"48eb157\" data-element_type=\"widget\" data-e-type=\"widget\" data-widget_type=\"heading.default\">\n\t\t\t\t<div class=\"elementor-widget-container\">\n\t\t\t\t\t<h2 class=\"elementor-heading-title elementor-size-default\">Dies sind die besten Museen und Bildungszentren der Insel\n<\/h2>\t\t\t\t<\/div>\n\t\t\t\t<\/div>\n\t\t\t\t<div class=\"elementor-element elementor-element-6d81dec elementor-widget elementor-widget-text-editor\" data-id=\"6d81dec\" data-element_type=\"widget\" data-e-type=\"widget\" data-widget_type=\"text-editor.default\">\n\t\t\t\t<div class=\"elementor-widget-container\">\n\t\t\t\t\t\t\t\t\t<p><span style=\"font-weight: 400;\">Jenseits von Spielen, Messen und Aktivit\u00e4ten f\u00fcr jeden Geschmack ist<\/span> <b>das Reisen mit Kindern auch eine gro\u00dfartige Gelegenheit, der Kultur Raum zu geben.<\/b> <span style=\"font-weight: 400;\">Auf Mallorca haben Sie in diesem Bereich viele Angebote:<\/span><\/p><p><b>CaixaForum Palma<\/b><span style=\"font-weight: 400;\"> organisiert Workshops, Shows und alle Arten von Bildungsaktivit\u00e4ten f\u00fcr Kinder und Familien, einschlie\u00dflich gef\u00fchrter Ausstellungen, die an die Kleinen angepasst sind. Auch das  <\/span><b>Museum f\u00fcr Spanische Zeitgen\u00f6ssische Kunst<\/b> <span style=\"font-weight: 400;\">und die<\/span> <b>Joan March Stiftung<\/b> <span style=\"font-weight: 400;\">sind kostenlos und bieten Ihnen kulturelle Angebote f\u00fcr die ganze Familie.<\/span><\/p><p><span style=\"font-weight: 400;\">Auf der anderen Seite haben Sie im Zentrum und Osten der Insel die<\/span> <b>Caves of Drach<\/b> <span style=\"font-weight: 400;\">und die<\/span> <b>Caves dels Hams<\/b><span style=\"font-weight: 400;\"> , die f\u00fcr sie ein unvergessliches Erlebnis sein werden, da sie grundlegende Konzepte der Geologie und Geschichte der Gegend erlernen werden, alles gew\u00fcrzt mit Licht- und Tonshows. Klingt gut, nicht wahr?  <\/span><\/p>\t\t\t\t\t\t\t\t<\/div>\n\t\t\t\t<\/div>\n\t\t\t\t<div class=\"elementor-element elementor-element-5d1dd6f elementor-widget elementor-widget-image\" data-id=\"5d1dd6f\" data-element_type=\"widget\" data-e-type=\"widget\" data-widget_type=\"image.default\">\n\t\t\t\t<div class=\"elementor-widget-container\">\n\t\t\t\t\t\t\t\t\t\t\t\t\t\t\t<img decoding=\"async\" width=\"1254\" height=\"627\" src=\"https:\/\/rentallorca.com\/blog\/wp-content\/uploads\/2025\/07\/Cuevas-del-Drach.jpg\" class=\"attachment-full size-full wp-image-2023\" alt=\"\" srcset=\"https:\/\/rentallorca.com\/blog\/wp-content\/uploads\/2025\/07\/Cuevas-del-Drach.jpg 1254w, https:\/\/rentallorca.com\/blog\/wp-content\/uploads\/2025\/07\/Cuevas-del-Drach-300x150.jpg 300w, https:\/\/rentallorca.com\/blog\/wp-content\/uploads\/2025\/07\/Cuevas-del-Drach-1024x512.jpg 1024w, https:\/\/rentallorca.com\/blog\/wp-content\/uploads\/2025\/07\/Cuevas-del-Drach-768x384.jpg 768w\" sizes=\"(max-width: 1254px) 100vw, 1254px\" \/>\t\t\t\t\t\t\t\t\t\t\t\t\t\t\t<\/div>\n\t\t\t\t<\/div>\n\t\t\t\t\t<\/div>\n\t\t\t\t<\/div>\n\t\t<div class=\"elementor-element elementor-element-dfa3a7a e-flex e-con-boxed e-con e-parent\" data-id=\"dfa3a7a\" data-element_type=\"container\" data-e-type=\"container\">\n\t\t\t\t\t<div class=\"e-con-inner\">\n\t\t\t\t<div class=\"elementor-element elementor-element-44b3d3f elementor-widget elementor-widget-heading\" data-id=\"44b3d3f\" data-element_type=\"widget\" data-e-type=\"widget\" data-widget_type=\"heading.default\">\n\t\t\t\t<div class=\"elementor-widget-container\">\n\t\t\t\t\t<h2 class=\"elementor-heading-title elementor-size-default\">Besuchen Sie unbedingt diese f\u00fcr Kinder geeigneten Str\u00e4nde\n<\/h2>\t\t\t\t<\/div>\n\t\t\t\t<\/div>\n\t\t\t\t<div class=\"elementor-element elementor-element-2f0de56 elementor-widget elementor-widget-text-editor\" data-id=\"2f0de56\" data-element_type=\"widget\" data-e-type=\"widget\" data-widget_type=\"text-editor.default\">\n\t\t\t\t<div class=\"elementor-widget-container\">\n\t\t\t\t\t\t\t\t\t<p><span style=\"font-weight: 400;\">Falls Sie sich Sorgen um die Sicherheit von Kindern an den Str\u00e4nden machen,<\/span> <b>haben Sie keinen Grund zur Angst,<\/b> <span style=\"font-weight: 400;\">da es mehrere f\u00fcr sie angepasste Bereiche gibt, die ihren Spa\u00df garantieren, ohne H\u00e4rten zu erleiden.<\/span><\/p><p><span style=\"font-weight: 400;\">Die<\/span> <b>Playa de Muro und Alc\u00fadia<\/b><span style=\"font-weight: 400;\">, im Norden gelegen, sind zwei der am meisten empfohlenen Str\u00e4nde f\u00fcr Familien, die mit Kindern reisen. Beide zeichnen sich durch ihre Ausdehnung von feinem goldenen Sand, ihr flaches und ruhiges Wasser f\u00fcr die Sicherheit der Kleinen aus. Sie verf\u00fcgen \u00fcber eine breite Palette von Dienstleistungen und die Anwesenheit von Rettungsschwimmern und schattigen Bereichen, aber vergessen Sie nicht die Sonnencreme!   <\/span><\/p><p><span style=\"font-weight: 400;\">An der Ostk\u00fcste finden Sie<\/span> <b>Cala Millor<\/b> <span style=\"font-weight: 400;\">und<\/span> <b>Sa Coma<\/b><span style=\"font-weight: 400;\">, Str\u00e4nde, die f\u00fcr ihre famili\u00e4re Atmosph\u00e4re und eine sichere Umgebung f\u00fcr Kinder gesch\u00e4tzt werden. Beide bieten feinen Sand, perfekt zum Bauen von Burgen, und transparentes Wasser. In der N\u00e4he finden Sie Spielpl\u00e4tze und Spielbereiche sowie Promenaden und Eisdielen, um einen perfekten Tag zu verbringen.   <\/span><\/p><p><span style=\"font-weight: 400;\">Einer der sch\u00f6nsten Str\u00e4nde Mallorcas ist<\/span> <b>Es Trenc<\/b><span style=\"font-weight: 400;\">, ber\u00fchmt f\u00fcr seine nat\u00fcrliche Umgebung und eine sehr entspannte Atmosph\u00e4re. Er hat wei\u00dfen Sand und t\u00fcrkisfarbenes Wasser, das Sie zu den karibischen Str\u00e4nden transportiert, und eine sanfte Neigung, die ihn f\u00fcr Familien mit Kindern sicher macht. Er verf\u00fcgt \u00fcber Toiletten und Strandbars, und sein unber\u00fchrter Charakter l\u00e4dt Sie ein, die Natur und Ruhe als Familie zu genie\u00dfen.   <\/span><\/p>\t\t\t\t\t\t\t\t<\/div>\n\t\t\t\t<\/div>\n\t\t\t\t<div class=\"elementor-element elementor-element-3644d2c elementor-widget elementor-widget-image\" data-id=\"3644d2c\" data-element_type=\"widget\" data-e-type=\"widget\" data-widget_type=\"image.default\">\n\t\t\t\t<div class=\"elementor-widget-container\">\n\t\t\t\t\t\t\t\t\t\t\t\t\t\t\t<img decoding=\"async\" width=\"1254\" height=\"626\" src=\"https:\/\/rentallorca.com\/blog\/wp-content\/uploads\/2025\/07\/mallorca-ninos-playa.jpg\" class=\"attachment-full size-full wp-image-2020\" alt=\"\" srcset=\"https:\/\/rentallorca.com\/blog\/wp-content\/uploads\/2025\/07\/mallorca-ninos-playa.jpg 1254w, https:\/\/rentallorca.com\/blog\/wp-content\/uploads\/2025\/07\/mallorca-ninos-playa-300x150.jpg 300w, https:\/\/rentallorca.com\/blog\/wp-content\/uploads\/2025\/07\/mallorca-ninos-playa-1024x511.jpg 1024w, https:\/\/rentallorca.com\/blog\/wp-content\/uploads\/2025\/07\/mallorca-ninos-playa-768x383.jpg 768w\" sizes=\"(max-width: 1254px) 100vw, 1254px\" \/>\t\t\t\t\t\t\t\t\t\t\t\t\t\t\t<\/div>\n\t\t\t\t<\/div>\n\t\t\t\t\t<\/div>\n\t\t\t\t<\/div>\n\t\t<div class=\"elementor-element elementor-element-f64013a e-flex e-con-boxed e-con e-parent\" data-id=\"f64013a\" data-element_type=\"container\" data-e-type=\"container\">\n\t\t\t\t\t<div class=\"e-con-inner\">\n\t\t\t\t<div class=\"elementor-element elementor-element-d320b65 elementor-widget elementor-widget-heading\" data-id=\"d320b65\" data-element_type=\"widget\" data-e-type=\"widget\" data-widget_type=\"heading.default\">\n\t\t\t\t<div class=\"elementor-widget-container\">\n\t\t\t\t\t<h2 class=\"elementor-heading-title elementor-size-default\">Notieren Sie sich diese Tipps f\u00fcr Reisen mit Kindern\n<\/h2>\t\t\t\t<\/div>\n\t\t\t\t<\/div>\n\t\t\t\t<div class=\"elementor-element elementor-element-b7d4412 elementor-widget elementor-widget-text-editor\" data-id=\"b7d4412\" data-element_type=\"widget\" data-e-type=\"widget\" data-widget_type=\"text-editor.default\">\n\t\t\t\t<div class=\"elementor-widget-container\">\n\t\t\t\t\t\t\t\t\t<p><span style=\"font-weight: 400;\">Wenn Sie mit Kindern nach Mallorca reisen, empfehlen wir Ihnen,<\/span> <b>Familienunterk\u00fcnfte in ruhigen Gegenden<\/b><span style=\"font-weight: 400;\"> und gut angebundenen Gegenden wie Alc\u00fadia, Sa Coma, Portocolom oder Cala Ratjada zu w\u00e4hlen. Diese Orte sind leicht zu erreichen und verf\u00fcgen \u00fcber Superm\u00e4rkte und medizinische Dienstleistungen, die Ihnen helfen, w\u00e4hrend Ihres Aufenthalts ruhig zu sein.  <\/span><\/p><p><span style=\"font-weight: 400;\">Ein weiterer Tipp ist, die<\/span> <b>Sonnencreme<\/b> <span style=\"font-weight: 400;\">nicht zu vergessen, den Kindern einen Hut aufzusetzen und gen\u00fcgend Wasser zu trinken, da die mallorquinische Sonne im Sommer sehr intensiv ist und Sie keinen Sonnenstich riskieren wollen, sondern alle Outdoor-Aktivit\u00e4ten genie\u00dfen wollen.<\/span><\/p><p><span style=\"font-weight: 400;\">Nutzen Sie das gesamte kulturelle Angebot, indem Sie die<\/span> <b>lokalen M\u00e4rkte und Messen<\/b><span style=\"font-weight: 400;\">besuchen, wo die Kleinen die mallorquinische Kultur aus erster Hand entdecken k\u00f6nnen. Sie k\u00f6nnen auch die traditionellen Produkte probieren, was eine ausgezeichnete Gelegenheit ist, sich in das lokale Leben zu integrieren und die Neugier der Kleinen zu f\u00f6rdern.  <\/span><\/p><p><span style=\"font-weight: 400;\">Schlie\u00dflich sollten Sie alles genie\u00dfen, was Mallorca bietet, deshalb empfehlen wir Ihnen, Strandtage mit<\/span> <b>Aktivit\u00e4ten in der Natur<\/b><span style=\"font-weight: 400;\">abzuwechseln, wie z. B. Routen oder Radtouren. Auf diese Weise k\u00f6nnen Sie einzigartige Momente etwas abseits von all dem Trubel teilen.  <\/span><\/p>\t\t\t\t\t\t\t\t<\/div>\n\t\t\t\t<\/div>\n\t\t\t\t\t<\/div>\n\t\t\t\t<\/div>\n\t\t<div class=\"elementor-element elementor-element-432f685 e-flex e-con-boxed e-con e-parent\" data-id=\"432f685\" data-element_type=\"container\" data-e-type=\"container\">\n\t\t\t\t\t<div class=\"e-con-inner\">\n\t\t\t\t<div class=\"elementor-element elementor-element-0f8dd92 elementor-widget elementor-widget-heading\" data-id=\"0f8dd92\" data-element_type=\"widget\" data-e-type=\"widget\" data-widget_type=\"heading.default\">\n\t\t\t\t<div class=\"elementor-widget-container\">\n\t\t\t\t\t<h2 class=\"elementor-heading-title elementor-size-default\">Genie\u00dfen Sie Mallorca als Familie mit den besten Unterk\u00fcnften\n<\/h2>\t\t\t\t<\/div>\n\t\t\t\t<\/div>\n\t\t\t\t<div class=\"elementor-element elementor-element-272e86d elementor-widget elementor-widget-text-editor\" data-id=\"272e86d\" data-element_type=\"widget\" data-e-type=\"widget\" data-widget_type=\"text-editor.default\">\n\t\t\t\t<div class=\"elementor-widget-container\">\n\t\t\t\t\t\t\t\t\t<p><span style=\"font-weight: 400;\">An diesem Punkt haben Sie sicherlich erkannt, dass Mallorca<\/span> <b>viel mehr als Sonne und Strand ist<\/b><span style=\"font-weight: 400;\">. Es ist eine Insel voller Kultur, Natur und einer breiten Palette von Aktivit\u00e4ten. Egal f\u00fcr welchen Plan Sie sich entscheiden, ob Sie einen Strandtag, einen Tag in der Natur verbringen oder einen seiner M\u00e4rkte besuchen, die Insel wird Ihnen eine gute Portion Spa\u00df f\u00fcr die ganze Familie bieten.  <\/span><\/p><p><span style=\"font-weight: 400;\">Um die besten Ferien mit den Kleinen nicht zu verpassen,<\/span> <b>empfehlen wir Ihnen, Ihre Unterkunft jetzt bei Rentallorca zu buchen.<\/b> <span style=\"font-weight: 400;\">Kontaktieren Sie uns, um unser gesamtes Angebot an Apartments in der Gegend zu entdecken.<\/span><\/p>\t\t\t\t\t\t\t\t<\/div>\n\t\t\t\t<\/div>\n\t\t\t\t\t<\/div>\n\t\t\t\t<\/div>\n\t\t<div class=\"elementor-element elementor-element-2f5419a1 e-flex e-con-boxed e-con e-parent\" data-id=\"2f5419a1\" data-element_type=\"container\" data-e-type=\"container\">\n\t\t\t\t\t<div class=\"e-con-inner\">\n\t\t\t\t<div class=\"elementor-element elementor-element-8a6a7e1 elementor-widget__width-initial elementor-widget elementor-widget-grid\" data-id=\"8a6a7e1\" data-element_type=\"widget\" data-e-type=\"widget\" data-widget_type=\"grid.default\">\n\t\t\t\t<div class=\"elementor-widget-container\">\n\t\t\t\t\t\t\t<div class=\"its--row alojamientos-recomendados\">\n\n\t\t\t<div class=\"alojamientos-recomendados-container\">\n\n\t\t\t\t\t\n\t\t\t\t\t<a href=\"https:\/\/rentallorca.com\/de\/vermietung\/villa-son-serra-de-marina-son-serra-relax-2-by-home-villas-360-376207.html\" rel=\"nofollow\" style=\"width: 32%;\">\n\t\t\t\t\t\t<div class=\"apartamento-box\">\n\t\t\t\t\t\t\t<div class=\"imagen_recomendados\">\n\t\t\t\t\t\t\t\t<img decoding=\"async\" src=\"https:\/\/crs.avantio.com\/fotos\/2\/1641977547dcf70f45f7ec3e3ad825855909299159\/big1700214503cb14259c69803ad209aaab0ed1489aef.jpg\" alt=\"Stadth\u00e4user Son Serra Relax in Son Serra de Marina by Home Villas 360\">\n\t\t\t\t\t\t\t<\/div>\n\t\t\t\t\t\t\t<div class=\"info\">\n\t\t\t\t\t\t\t\t<div class=\"ubicacion\">\n\t\t\t\t\t\t\t\t\t<i class=\"fa-solid fa-location-dot icono-mapa\"><\/i><span class=\"ubicacion-texto\">Son Serra de Marina - Mallorca<\/span>\n\t\t\t\t\t\t\t\t<\/div>\n\t\t\t\t\t\t\t\t<H4 class=\"titulo-alojamiento\">\n\t\t\t\t\t\t\t\t\tStadth\u00e4user Son Serra Relax in Son Serra de Marina by Home Villas 360\t\t\t\t\t\t\t\t<\/H4>\n\t\t\t\t\t\t\t\t<p class=\"precio-alojamiento\">Aus <span class=\"precio\">183.84\u20ac<\/span> pro Nacht<\/p>\n\t\t\t\t\t\t\t<\/div>\n\t\t\t\t\t\t<\/div>\n\t\t\t\t\t<\/a> \n\t\t\t\t\t\t\n\t\t\t\t\t<a href=\"https:\/\/rentallorca.com\/de\/vermietung\/ferienhaus-cala-sant-vicenc-chalet-molins-1-by-home-villas-360-376214.html\" rel=\"nofollow\" style=\"width: 32%;\">\n\t\t\t\t\t\t<div class=\"apartamento-box\">\n\t\t\t\t\t\t\t<div class=\"imagen_recomendados\">\n\t\t\t\t\t\t\t\t<img decoding=\"async\" src=\"https:\/\/crs.avantio.com\/fotos\/2\/1641977816062c103a57d8781c8616f4ff958b6f4d\/big1749737539948d25dfbb4c7fb1bc7959808568d917.jpg\" alt=\"Apartment Molins 1 in Pollensa by Home Villas 360\">\n\t\t\t\t\t\t\t<\/div>\n\t\t\t\t\t\t\t<div class=\"info\">\n\t\t\t\t\t\t\t\t<div class=\"ubicacion\">\n\t\t\t\t\t\t\t\t\t<i class=\"fa-solid fa-location-dot icono-mapa\"><\/i><span class=\"ubicacion-texto\">Cala Sant Vicen\u00e7 - Mallorca<\/span>\n\t\t\t\t\t\t\t\t<\/div>\n\t\t\t\t\t\t\t\t<H4 class=\"titulo-alojamiento\">\n\t\t\t\t\t\t\t\t\tApartment Molins 1 in Pollensa by Home Villas 360\t\t\t\t\t\t\t\t<\/H4>\n\t\t\t\t\t\t\t\t<p class=\"precio-alojamiento\">Aus <span class=\"precio\">112.10\u20ac<\/span> pro Nacht<\/p>\n\t\t\t\t\t\t\t<\/div>\n\t\t\t\t\t\t<\/div>\n\t\t\t\t\t<\/a> \n\t\t\t\t\t\t\n\t\t\t\t\t<a href=\"https:\/\/rentallorca.com\/de\/vermietung\/ferienhaus-pollensa-chalet-molins-6-by-home-villas-360-376217.html\" rel=\"nofollow\" style=\"width: 32%;\">\n\t\t\t\t\t\t<div class=\"apartamento-box\">\n\t\t\t\t\t\t\t<div class=\"imagen_recomendados\">\n\t\t\t\t\t\t\t\t<img decoding=\"async\" src=\"https:\/\/crs.avantio.com\/fotos\/2\/1641977946d648a52406e4c835dcde1c9dbf97549b\/big1751374198a350cfafb7556f457b1f6caa6a5f0b51.jpg\" alt=\"Apartment Molins 6 in Pollensa by Home Villas 360\">\n\t\t\t\t\t\t\t<\/div>\n\t\t\t\t\t\t\t<div class=\"info\">\n\t\t\t\t\t\t\t\t<div class=\"ubicacion\">\n\t\t\t\t\t\t\t\t\t<i class=\"fa-solid fa-location-dot icono-mapa\"><\/i><span class=\"ubicacion-texto\">Pollensa \/ Pollen\u00e7a - Mallorca<\/span>\n\t\t\t\t\t\t\t\t<\/div>\n\t\t\t\t\t\t\t\t<H4 class=\"titulo-alojamiento\">\n\t\t\t\t\t\t\t\t\tApartment Molins 6 in Pollensa by Home Villas 360\t\t\t\t\t\t\t\t<\/H4>\n\t\t\t\t\t\t\t\t<p class=\"precio-alojamiento\">Aus <span class=\"precio\">106.50\u20ac<\/span> pro Nacht<\/p>\n\t\t\t\t\t\t\t<\/div>\n\t\t\t\t\t\t<\/div>\n\t\t\t\t\t<\/a> \n\t\t\t\t\t\t\n\t\t\t\t\t<a href=\"https:\/\/rentallorca.com\/de\/vermietung\/ferienhaus-pollensa-townhouse-lleo-72-in-pollensa-by-homevillas360-376218.html\" rel=\"nofollow\" style=\"width: 32%;\">\n\t\t\t\t\t\t<div class=\"apartamento-box\">\n\t\t\t\t\t\t\t<div class=\"imagen_recomendados\">\n\t\t\t\t\t\t\t\t<img decoding=\"async\" src=\"https:\/\/crs.avantio.com\/fotos\/2\/16419776158f1df6ed07bce8cd02e166991d11fcc2\/big171344793281e791d9f629f3ddb76cc20b6cd99ba8.jpg\" alt=\"Stadth\u00e4user Lleo 72 in Pollensa by Home Villas 360\">\n\t\t\t\t\t\t\t<\/div>\n\t\t\t\t\t\t\t<div class=\"info\">\n\t\t\t\t\t\t\t\t<div class=\"ubicacion\">\n\t\t\t\t\t\t\t\t\t<i class=\"fa-solid fa-location-dot icono-mapa\"><\/i><span class=\"ubicacion-texto\">Pollensa - Mallorca<\/span>\n\t\t\t\t\t\t\t\t<\/div>\n\t\t\t\t\t\t\t\t<H4 class=\"titulo-alojamiento\">\n\t\t\t\t\t\t\t\t\tStadth\u00e4user Lleo 72 in Pollensa by Home Villas 360\t\t\t\t\t\t\t\t<\/H4>\n\t\t\t\t\t\t\t\t<p class=\"precio-alojamiento\">Aus <span class=\"precio\">86.32\u20ac<\/span> pro Nacht<\/p>\n\t\t\t\t\t\t\t<\/div>\n\t\t\t\t\t\t<\/div>\n\t\t\t\t\t<\/a> \n\t\t\t\t\t\t\n\t\t\t\t\t<a href=\"https:\/\/rentallorca.com\/de\/vermietung\/ferienhaus-colonia-de-sant-pere-townhouse-ca-na-forteza-by-home-villas-360-376227.html\" rel=\"nofollow\" style=\"width: 32%;\">\n\t\t\t\t\t\t<div class=\"apartamento-box\">\n\t\t\t\t\t\t\t<div class=\"imagen_recomendados\">\n\t\t\t\t\t\t\t\t<img decoding=\"async\" src=\"https:\/\/crs.avantio.com\/fotos\/2\/16419778206fd15d624d970e15d7f633d0c19a96d9\/big1693911711ea65cc2ef89b769e52c07f65ba98f26d.jpg\" alt=\"Stadth\u00e4user ca na Forteza in Colonia de Sant Pere by Home Villas 360\">\n\t\t\t\t\t\t\t<\/div>\n\t\t\t\t\t\t\t<div class=\"info\">\n\t\t\t\t\t\t\t\t<div class=\"ubicacion\">\n\t\t\t\t\t\t\t\t\t<i class=\"fa-solid fa-location-dot icono-mapa\"><\/i><span class=\"ubicacion-texto\">Colonia de Sant Pere - Mallorca<\/span>\n\t\t\t\t\t\t\t\t<\/div>\n\t\t\t\t\t\t\t\t<H4 class=\"titulo-alojamiento\">\n\t\t\t\t\t\t\t\t\tStadth\u00e4user ca na Forteza in Colonia de Sant Pere by Home Villas 360\t\t\t\t\t\t\t\t<\/H4>\n\t\t\t\t\t\t\t\t<p class=\"precio-alojamiento\">Aus <span class=\"precio\">125.55\u20ac<\/span> pro Nacht<\/p>\n\t\t\t\t\t\t\t<\/div>\n\t\t\t\t\t\t<\/div>\n\t\t\t\t\t<\/a> \n\t\t\t\t\t\t\n\t\t\t\t\t<a href=\"https:\/\/rentallorca.com\/de\/vermietung\/ferienhaus-pollensa-townhouse-calvari-in-pollensa-by-home-villas-360-376229.html\" rel=\"nofollow\" style=\"width: 32%;\">\n\t\t\t\t\t\t<div class=\"apartamento-box\">\n\t\t\t\t\t\t\t<div class=\"imagen_recomendados\">\n\t\t\t\t\t\t\t\t<img decoding=\"async\" src=\"https:\/\/crs.avantio.com\/fotos\/2\/1641977737005765075e390a5e024ff9b115039255\/big1645786564607d70ec498cec31695eba60b1b7efa0.jpg\" alt=\"Stadth\u00e4user Calvari in Pollensa by Home Villas 360\">\n\t\t\t\t\t\t\t<\/div>\n\t\t\t\t\t\t\t<div class=\"info\">\n\t\t\t\t\t\t\t\t<div class=\"ubicacion\">\n\t\t\t\t\t\t\t\t\t<i class=\"fa-solid fa-location-dot icono-mapa\"><\/i><span class=\"ubicacion-texto\">Pollensa - Mallorca<\/span>\n\t\t\t\t\t\t\t\t<\/div>\n\t\t\t\t\t\t\t\t<H4 class=\"titulo-alojamiento\">\n\t\t\t\t\t\t\t\t\tStadth\u00e4user Calvari in Pollensa by Home Villas 360\t\t\t\t\t\t\t\t<\/H4>\n\t\t\t\t\t\t\t\t<p class=\"precio-alojamiento\">Aus <span class=\"precio\">85.20\u20ac<\/span> pro Nacht<\/p>\n\t\t\t\t\t\t\t<\/div>\n\t\t\t\t\t\t<\/div>\n\t\t\t\t\t<\/a> \n\t\t\t\t\t\t\t\t<\/div>\n\t\t\t<\/div>\n\t\t\t\t\t\t<\/div>\n\t\t\t\t<\/div>\n\t\t\t\t\t<\/div>\n\t\t\t\t<\/div>\n\t\t\t\t<\/div>\n\t\t","protected":false},"excerpt":{"rendered":"<p>Wir wissen, dass Sie gerne Zeit mit Ihren Kindern verbringen. Ihnen beim Wachsen zuzusehen und die Welt um sie herum zu entdecken, ist unbezahlbar. Aber&#8230; wir m\u00fcssen zugeben, dass es Momente gibt, die kompliziert werden k\u00f6nnen, und einer davon ist der Urlaub. Letztendlich ist es eine Herausforderung, einen Ort zu finden, der sowohl Kinder als [&hellip;]<\/p>\n","protected":false},"author":3,"featured_media":2014,"comment_status":"open","ping_status":"open","sticky":false,"template":"","format":"standard","meta":{"footnotes":""},"categories":[2],"tags":[],"class_list":["post-2258","post","type-post","status-publish","format-standard","has-post-thumbnail","hentry","category-mallorca-urlaub"],"yoast_head":"<!-- This site is optimized with the Yoast SEO plugin v27.5 - https:\/\/yoast.com\/product\/yoast-seo-wordpress\/ -->\n<title>Reisen Sie mit Kindern nach Mallorca? Das interessiert Sie - Blog<\/title>\n<meta name=\"description\" content=\"Mallorca ist ideal f\u00fcr Familien mit Kindern; entdecken Sie die vielf\u00e4ltigen Aktivit\u00e4ten f\u00fcr die Kleinen.\" \/>\n<meta name=\"robots\" content=\"index, follow, max-snippet:-1, max-image-preview:large, max-video-preview:-1\" \/>\n<link rel=\"canonical\" href=\"https:\/\/rentallorca.com\/blog\/de\/kindern-nach-mallorca\/\" \/>\n<meta property=\"og:locale\" content=\"de_DE\" \/>\n<meta property=\"og:type\" content=\"article\" \/>\n<meta property=\"og:title\" content=\"Reisen Sie mit Kindern nach Mallorca? Das interessiert Sie - Blog\" \/>\n<meta property=\"og:description\" content=\"Mallorca ist ideal f\u00fcr Familien mit Kindern; entdecken Sie die vielf\u00e4ltigen Aktivit\u00e4ten f\u00fcr die Kleinen.\" \/>\n<meta property=\"og:url\" content=\"https:\/\/rentallorca.com\/blog\/de\/kindern-nach-mallorca\/\" \/>\n<meta property=\"og:site_name\" content=\"Blog\" \/>\n<meta property=\"article:published_time\" content=\"2025-07-15T08:04:41+00:00\" \/>\n<meta property=\"article:modified_time\" content=\"2025-08-14T07:25:35+00:00\" \/>\n<meta property=\"og:image\" content=\"https:\/\/rentallorca.com\/blog\/wp-content\/uploads\/2025\/07\/mallorca-con-ninos.jpg\" \/>\n\t<meta property=\"og:image:width\" content=\"2121\" \/>\n\t<meta property=\"og:image:height\" content=\"1060\" \/>\n\t<meta property=\"og:image:type\" content=\"image\/jpeg\" \/>\n<meta name=\"author\" content=\"Axel\" \/>\n<meta name=\"twitter:card\" content=\"summary_large_image\" \/>\n<meta name=\"twitter:label1\" content=\"Written by\" \/>\n\t<meta name=\"twitter:data1\" content=\"Axel\" \/>\n\t<meta name=\"twitter:label2\" content=\"Est. reading time\" \/>\n\t<meta name=\"twitter:data2\" content=\"9 minutes\" \/>\n<script type=\"application\/ld+json\" class=\"yoast-schema-graph\">{\"@context\":\"https:\\\/\\\/schema.org\",\"@graph\":[{\"@type\":\"Article\",\"@id\":\"https:\\\/\\\/rentallorca.com\\\/blog\\\/de\\\/kindern-nach-mallorca\\\/#article\",\"isPartOf\":{\"@id\":\"https:\\\/\\\/rentallorca.com\\\/blog\\\/de\\\/kindern-nach-mallorca\\\/\"},\"author\":{\"name\":\"Axel\",\"@id\":\"https:\\\/\\\/rentallorca.com\\\/blog\\\/de\\\/#\\\/schema\\\/person\\\/8c5ebe5bf8d43e9757ab6869e1d4cbe4\"},\"headline\":\"Werden Sie mit Kindern nach Mallorca reisen? Hier ist alles, was Sie wissen m\u00fcssen\",\"datePublished\":\"2025-07-15T08:04:41+00:00\",\"dateModified\":\"2025-08-14T07:25:35+00:00\",\"mainEntityOfPage\":{\"@id\":\"https:\\\/\\\/rentallorca.com\\\/blog\\\/de\\\/kindern-nach-mallorca\\\/\"},\"wordCount\":1319,\"commentCount\":0,\"image\":{\"@id\":\"https:\\\/\\\/rentallorca.com\\\/blog\\\/de\\\/kindern-nach-mallorca\\\/#primaryimage\"},\"thumbnailUrl\":\"https:\\\/\\\/rentallorca.com\\\/blog\\\/wp-content\\\/uploads\\\/2025\\\/07\\\/mallorca-con-ninos.jpg\",\"articleSection\":[\"Mallorca\"],\"inLanguage\":\"de\",\"potentialAction\":[{\"@type\":\"CommentAction\",\"name\":\"Comment\",\"target\":[\"https:\\\/\\\/rentallorca.com\\\/blog\\\/de\\\/kindern-nach-mallorca\\\/#respond\"]}]},{\"@type\":\"WebPage\",\"@id\":\"https:\\\/\\\/rentallorca.com\\\/blog\\\/de\\\/kindern-nach-mallorca\\\/\",\"url\":\"https:\\\/\\\/rentallorca.com\\\/blog\\\/de\\\/kindern-nach-mallorca\\\/\",\"name\":\"Reisen Sie mit Kindern nach Mallorca? Das interessiert Sie - Blog\",\"isPartOf\":{\"@id\":\"https:\\\/\\\/rentallorca.com\\\/blog\\\/de\\\/#website\"},\"primaryImageOfPage\":{\"@id\":\"https:\\\/\\\/rentallorca.com\\\/blog\\\/de\\\/kindern-nach-mallorca\\\/#primaryimage\"},\"image\":{\"@id\":\"https:\\\/\\\/rentallorca.com\\\/blog\\\/de\\\/kindern-nach-mallorca\\\/#primaryimage\"},\"thumbnailUrl\":\"https:\\\/\\\/rentallorca.com\\\/blog\\\/wp-content\\\/uploads\\\/2025\\\/07\\\/mallorca-con-ninos.jpg\",\"datePublished\":\"2025-07-15T08:04:41+00:00\",\"dateModified\":\"2025-08-14T07:25:35+00:00\",\"author\":{\"@id\":\"https:\\\/\\\/rentallorca.com\\\/blog\\\/de\\\/#\\\/schema\\\/person\\\/8c5ebe5bf8d43e9757ab6869e1d4cbe4\"},\"description\":\"Mallorca ist ideal f\u00fcr Familien mit Kindern; entdecken Sie die vielf\u00e4ltigen Aktivit\u00e4ten f\u00fcr die Kleinen.\",\"breadcrumb\":{\"@id\":\"https:\\\/\\\/rentallorca.com\\\/blog\\\/de\\\/kindern-nach-mallorca\\\/#breadcrumb\"},\"inLanguage\":\"de\",\"potentialAction\":[{\"@type\":\"ReadAction\",\"target\":[\"https:\\\/\\\/rentallorca.com\\\/blog\\\/de\\\/kindern-nach-mallorca\\\/\"]}]},{\"@type\":\"ImageObject\",\"inLanguage\":\"de\",\"@id\":\"https:\\\/\\\/rentallorca.com\\\/blog\\\/de\\\/kindern-nach-mallorca\\\/#primaryimage\",\"url\":\"https:\\\/\\\/rentallorca.com\\\/blog\\\/wp-content\\\/uploads\\\/2025\\\/07\\\/mallorca-con-ninos.jpg\",\"contentUrl\":\"https:\\\/\\\/rentallorca.com\\\/blog\\\/wp-content\\\/uploads\\\/2025\\\/07\\\/mallorca-con-ninos.jpg\",\"width\":2121,\"height\":1060,\"caption\":\"A woman and her little daughter sitting under a pine tree by the shore, looking over the clear blue sea. Traveling with children concept.\"},{\"@type\":\"BreadcrumbList\",\"@id\":\"https:\\\/\\\/rentallorca.com\\\/blog\\\/de\\\/kindern-nach-mallorca\\\/#breadcrumb\",\"itemListElement\":[{\"@type\":\"ListItem\",\"position\":1,\"name\":\"Home\",\"item\":\"https:\\\/\\\/rentallorca.com\\\/blog\\\/de\\\/\"},{\"@type\":\"ListItem\",\"position\":2,\"name\":\"Werden Sie mit Kindern nach Mallorca reisen? Hier ist alles, was Sie wissen m\u00fcssen\"}]},{\"@type\":\"WebSite\",\"@id\":\"https:\\\/\\\/rentallorca.com\\\/blog\\\/de\\\/#website\",\"url\":\"https:\\\/\\\/rentallorca.com\\\/blog\\\/de\\\/\",\"name\":\"Blog\",\"description\":\"Rentallorca\",\"potentialAction\":[{\"@type\":\"SearchAction\",\"target\":{\"@type\":\"EntryPoint\",\"urlTemplate\":\"https:\\\/\\\/rentallorca.com\\\/blog\\\/de\\\/?s={search_term_string}\"},\"query-input\":{\"@type\":\"PropertyValueSpecification\",\"valueRequired\":true,\"valueName\":\"search_term_string\"}}],\"inLanguage\":\"de\"},{\"@type\":\"Person\",\"@id\":\"https:\\\/\\\/rentallorca.com\\\/blog\\\/de\\\/#\\\/schema\\\/person\\\/8c5ebe5bf8d43e9757ab6869e1d4cbe4\",\"name\":\"Axel\",\"image\":{\"@type\":\"ImageObject\",\"inLanguage\":\"de\",\"@id\":\"https:\\\/\\\/secure.gravatar.com\\\/avatar\\\/3bd706736e5b70f21f05f6c2d5cad746767782a4ba4b7df399c5969e2a9318fd?s=96&d=mm&r=g\",\"url\":\"https:\\\/\\\/secure.gravatar.com\\\/avatar\\\/3bd706736e5b70f21f05f6c2d5cad746767782a4ba4b7df399c5969e2a9318fd?s=96&d=mm&r=g\",\"contentUrl\":\"https:\\\/\\\/secure.gravatar.com\\\/avatar\\\/3bd706736e5b70f21f05f6c2d5cad746767782a4ba4b7df399c5969e2a9318fd?s=96&d=mm&r=g\",\"caption\":\"Axel\"},\"url\":\"https:\\\/\\\/rentallorca.com\\\/blog\\\/de\\\/author\\\/axel\\\/\"}]}<\/script>\n<!-- \/ Yoast SEO plugin. -->","yoast_head_json":{"title":"Reisen Sie mit Kindern nach Mallorca? Das interessiert Sie - Blog","description":"Mallorca ist ideal f\u00fcr Familien mit Kindern; entdecken Sie die vielf\u00e4ltigen Aktivit\u00e4ten f\u00fcr die Kleinen.","robots":{"index":"index","follow":"follow","max-snippet":"max-snippet:-1","max-image-preview":"max-image-preview:large","max-video-preview":"max-video-preview:-1"},"canonical":"https:\/\/rentallorca.com\/blog\/de\/kindern-nach-mallorca\/","og_locale":"de_DE","og_type":"article","og_title":"Reisen Sie mit Kindern nach Mallorca? Das interessiert Sie - Blog","og_description":"Mallorca ist ideal f\u00fcr Familien mit Kindern; entdecken Sie die vielf\u00e4ltigen Aktivit\u00e4ten f\u00fcr die Kleinen.","og_url":"https:\/\/rentallorca.com\/blog\/de\/kindern-nach-mallorca\/","og_site_name":"Blog","article_published_time":"2025-07-15T08:04:41+00:00","article_modified_time":"2025-08-14T07:25:35+00:00","og_image":[{"width":2121,"height":1060,"url":"https:\/\/rentallorca.com\/blog\/wp-content\/uploads\/2025\/07\/mallorca-con-ninos.jpg","type":"image\/jpeg"}],"author":"Axel","twitter_card":"summary_large_image","twitter_misc":{"Written by":"Axel","Est. reading time":"9 minutes"},"schema":{"@context":"https:\/\/schema.org","@graph":[{"@type":"Article","@id":"https:\/\/rentallorca.com\/blog\/de\/kindern-nach-mallorca\/#article","isPartOf":{"@id":"https:\/\/rentallorca.com\/blog\/de\/kindern-nach-mallorca\/"},"author":{"name":"Axel","@id":"https:\/\/rentallorca.com\/blog\/de\/#\/schema\/person\/8c5ebe5bf8d43e9757ab6869e1d4cbe4"},"headline":"Werden Sie mit Kindern nach Mallorca reisen? Hier ist alles, was Sie wissen m\u00fcssen","datePublished":"2025-07-15T08:04:41+00:00","dateModified":"2025-08-14T07:25:35+00:00","mainEntityOfPage":{"@id":"https:\/\/rentallorca.com\/blog\/de\/kindern-nach-mallorca\/"},"wordCount":1319,"commentCount":0,"image":{"@id":"https:\/\/rentallorca.com\/blog\/de\/kindern-nach-mallorca\/#primaryimage"},"thumbnailUrl":"https:\/\/rentallorca.com\/blog\/wp-content\/uploads\/2025\/07\/mallorca-con-ninos.jpg","articleSection":["Mallorca"],"inLanguage":"de","potentialAction":[{"@type":"CommentAction","name":"Comment","target":["https:\/\/rentallorca.com\/blog\/de\/kindern-nach-mallorca\/#respond"]}]},{"@type":"WebPage","@id":"https:\/\/rentallorca.com\/blog\/de\/kindern-nach-mallorca\/","url":"https:\/\/rentallorca.com\/blog\/de\/kindern-nach-mallorca\/","name":"Reisen Sie mit Kindern nach Mallorca? Das interessiert Sie - Blog","isPartOf":{"@id":"https:\/\/rentallorca.com\/blog\/de\/#website"},"primaryImageOfPage":{"@id":"https:\/\/rentallorca.com\/blog\/de\/kindern-nach-mallorca\/#primaryimage"},"image":{"@id":"https:\/\/rentallorca.com\/blog\/de\/kindern-nach-mallorca\/#primaryimage"},"thumbnailUrl":"https:\/\/rentallorca.com\/blog\/wp-content\/uploads\/2025\/07\/mallorca-con-ninos.jpg","datePublished":"2025-07-15T08:04:41+00:00","dateModified":"2025-08-14T07:25:35+00:00","author":{"@id":"https:\/\/rentallorca.com\/blog\/de\/#\/schema\/person\/8c5ebe5bf8d43e9757ab6869e1d4cbe4"},"description":"Mallorca ist ideal f\u00fcr Familien mit Kindern; entdecken Sie die vielf\u00e4ltigen Aktivit\u00e4ten f\u00fcr die Kleinen.","breadcrumb":{"@id":"https:\/\/rentallorca.com\/blog\/de\/kindern-nach-mallorca\/#breadcrumb"},"inLanguage":"de","potentialAction":[{"@type":"ReadAction","target":["https:\/\/rentallorca.com\/blog\/de\/kindern-nach-mallorca\/"]}]},{"@type":"ImageObject","inLanguage":"de","@id":"https:\/\/rentallorca.com\/blog\/de\/kindern-nach-mallorca\/#primaryimage","url":"https:\/\/rentallorca.com\/blog\/wp-content\/uploads\/2025\/07\/mallorca-con-ninos.jpg","contentUrl":"https:\/\/rentallorca.com\/blog\/wp-content\/uploads\/2025\/07\/mallorca-con-ninos.jpg","width":2121,"height":1060,"caption":"A woman and her little daughter sitting under a pine tree by the shore, looking over the clear blue sea. Traveling with children concept."},{"@type":"BreadcrumbList","@id":"https:\/\/rentallorca.com\/blog\/de\/kindern-nach-mallorca\/#breadcrumb","itemListElement":[{"@type":"ListItem","position":1,"name":"Home","item":"https:\/\/rentallorca.com\/blog\/de\/"},{"@type":"ListItem","position":2,"name":"Werden Sie mit Kindern nach Mallorca reisen? Hier ist alles, was Sie wissen m\u00fcssen"}]},{"@type":"WebSite","@id":"https:\/\/rentallorca.com\/blog\/de\/#website","url":"https:\/\/rentallorca.com\/blog\/de\/","name":"Blog","description":"Rentallorca","potentialAction":[{"@type":"SearchAction","target":{"@type":"EntryPoint","urlTemplate":"https:\/\/rentallorca.com\/blog\/de\/?s={search_term_string}"},"query-input":{"@type":"PropertyValueSpecification","valueRequired":true,"valueName":"search_term_string"}}],"inLanguage":"de"},{"@type":"Person","@id":"https:\/\/rentallorca.com\/blog\/de\/#\/schema\/person\/8c5ebe5bf8d43e9757ab6869e1d4cbe4","name":"Axel","image":{"@type":"ImageObject","inLanguage":"de","@id":"https:\/\/secure.gravatar.com\/avatar\/3bd706736e5b70f21f05f6c2d5cad746767782a4ba4b7df399c5969e2a9318fd?s=96&d=mm&r=g","url":"https:\/\/secure.gravatar.com\/avatar\/3bd706736e5b70f21f05f6c2d5cad746767782a4ba4b7df399c5969e2a9318fd?s=96&d=mm&r=g","contentUrl":"https:\/\/secure.gravatar.com\/avatar\/3bd706736e5b70f21f05f6c2d5cad746767782a4ba4b7df399c5969e2a9318fd?s=96&d=mm&r=g","caption":"Axel"},"url":"https:\/\/rentallorca.com\/blog\/de\/author\/axel\/"}]}},"_links":{"self":[{"href":"https:\/\/rentallorca.com\/blog\/de\/wp-json\/wp\/v2\/posts\/2258","targetHints":{"allow":["GET"]}}],"collection":[{"href":"https:\/\/rentallorca.com\/blog\/de\/wp-json\/wp\/v2\/posts"}],"about":[{"href":"https:\/\/rentallorca.com\/blog\/de\/wp-json\/wp\/v2\/types\/post"}],"author":[{"embeddable":true,"href":"https:\/\/rentallorca.com\/blog\/de\/wp-json\/wp\/v2\/users\/3"}],"replies":[{"embeddable":true,"href":"https:\/\/rentallorca.com\/blog\/de\/wp-json\/wp\/v2\/comments?post=2258"}],"version-history":[{"count":4,"href":"https:\/\/rentallorca.com\/blog\/de\/wp-json\/wp\/v2\/posts\/2258\/revisions"}],"predecessor-version":[{"id":2268,"href":"https:\/\/rentallorca.com\/blog\/de\/wp-json\/wp\/v2\/posts\/2258\/revisions\/2268"}],"wp:featuredmedia":[{"embeddable":true,"href":"https:\/\/rentallorca.com\/blog\/de\/wp-json\/wp\/v2\/media\/2014"}],"wp:attachment":[{"href":"https:\/\/rentallorca.com\/blog\/de\/wp-json\/wp\/v2\/media?parent=2258"}],"wp:term":[{"taxonomy":"category","embeddable":true,"href":"https:\/\/rentallorca.com\/blog\/de\/wp-json\/wp\/v2\/categories?post=2258"},{"taxonomy":"post_tag","embeddable":true,"href":"https:\/\/rentallorca.com\/blog\/de\/wp-json\/wp\/v2\/tags?post=2258"}],"curies":[{"name":"wp","href":"https:\/\/api.w.org\/{rel}","templated":true}]}}