{"id":2256,"date":"2025-07-15T08:27:30","date_gmt":"2025-07-15T08:27:30","guid":{"rendered":"https:\/\/rentallorca.com\/blog\/?p=2256"},"modified":"2025-08-14T07:25:28","modified_gmt":"2025-08-14T07:25:28","slug":"petra","status":"publish","type":"post","link":"https:\/\/rentallorca.com\/blog\/de\/petra\/","title":{"rendered":"Besuchen Sie Petra, einen wahren verborgenen Schatz auf den Balearen"},"content":{"rendered":"\t\t<div data-elementor-type=\"wp-post\" data-elementor-id=\"2256\" class=\"elementor elementor-2256 elementor-2002\" data-elementor-post-type=\"post\">\n\t\t\t\t<div class=\"elementor-element elementor-element-1698a21e e-flex e-con-boxed e-con e-parent\" data-id=\"1698a21e\" data-element_type=\"container\" data-e-type=\"container\">\n\t\t\t\t\t<div class=\"e-con-inner\">\n\t\t\t\t<div class=\"elementor-element elementor-element-11a7eee8 elementor-widget elementor-widget-text-editor\" data-id=\"11a7eee8\" data-element_type=\"widget\" data-e-type=\"widget\" data-widget_type=\"text-editor.default\">\n\t\t\t\t<div class=\"elementor-widget-container\">\n\t\t\t\t\t\t\t\t\t<p><span style=\"font-weight: 400;\">Wenn Sie denken, Mallorca besteht nur aus Str\u00e4nden und sonnenverbrannten Touristen, liegen Sie sehr falsch und<\/span> <span style=\"font-weight: 400;\">haben h\u00f6chstwahrscheinlich noch nie durch die Stra\u00dfen von Petra geschlendert.<\/span> <span style=\"font-weight: 400;\">Diese Region von Pla r\u00fchmt sich,<\/span> <b>ein Erlebnis purer Ruhe ohne die Notwendigkeit einer Wi-Fi-Verbindung zu bieten<\/b><span style=\"font-weight: 400;\">, und sie ist das beliebteste Ziel unter den Mallorquinern, um wirklich abzuschalten.<\/span> <\/p><p><span style=\"font-weight: 400;\">Als N\u00e4chstes<\/span> <b>bringen wir Ihnen einen kleinen Leitfaden, um Ihren Besuch in Petra auf Mallorca auf die n\u00e4chste Stufe zu heben.<\/b><span style=\"font-weight: 400;\">. Die mallorquinische Stadt, die keine verlorene Stadt Jordaniens ist, aber fast nichts zu beneiden hat. Notieren Sie sich alles!  <\/span><\/p>\t\t\t\t\t\t\t\t<\/div>\n\t\t\t\t<\/div>\n\t\t\t\t\t<\/div>\n\t\t\t\t<\/div>\n\t\t<div class=\"elementor-element elementor-element-3e927c62 e-flex e-con-boxed e-con e-parent\" data-id=\"3e927c62\" data-element_type=\"container\" data-e-type=\"container\">\n\t\t\t\t\t<div class=\"e-con-inner\">\n\t\t\t\t<div class=\"elementor-element elementor-element-4fbd485d elementor-widget elementor-widget-table-of-contents\" data-id=\"4fbd485d\" data-element_type=\"widget\" data-e-type=\"widget\" data-settings=\"{&quot;headings_by_tags&quot;:[&quot;h2&quot;,&quot;h3&quot;],&quot;exclude_headings_by_selector&quot;:[],&quot;marker_view&quot;:&quot;bullets&quot;,&quot;icon&quot;:{&quot;value&quot;:&quot;&quot;,&quot;library&quot;:&quot;&quot;},&quot;no_headings_message&quot;:&quot;No headings were found on this page.&quot;,&quot;hierarchical_view&quot;:&quot;yes&quot;,&quot;min_height&quot;:{&quot;unit&quot;:&quot;px&quot;,&quot;size&quot;:&quot;&quot;,&quot;sizes&quot;:[]},&quot;min_height_tablet&quot;:{&quot;unit&quot;:&quot;px&quot;,&quot;size&quot;:&quot;&quot;,&quot;sizes&quot;:[]},&quot;min_height_mobile&quot;:{&quot;unit&quot;:&quot;px&quot;,&quot;size&quot;:&quot;&quot;,&quot;sizes&quot;:[]}}\" data-widget_type=\"table-of-contents.default\">\n\t\t\t\t<div class=\"elementor-widget-container\">\n\t\t\t\t\t\t\t\t\t<div class=\"elementor-toc__header\">\n\t\t\t\t\t\t<div class=\"elementor-toc__header-title\">\n\t\t\t\tInhaltsverzeichnis\t\t\t<\/div>\n\t\t\t\t\t\t\t\t<\/div>\n\t\t\t\t<div id=\"elementor-toc__4fbd485d\" class=\"elementor-toc__body\">\n\t\t\t<div class=\"elementor-toc__spinner-container\">\n\t\t\t\t<svg class=\"elementor-toc__spinner eicon-animation-spin e-font-icon-svg e-eicon-loading\" aria-hidden=\"true\" viewBox=\"0 0 1000 1000\" xmlns=\"http:\/\/www.w3.org\/2000\/svg\"><path d=\"M500 975V858C696 858 858 696 858 500S696 142 500 142 142 304 142 500H25C25 237 238 25 500 25S975 237 975 500 763 975 500 975Z\"><\/path><\/svg>\t\t\t<\/div>\n\t\t<\/div>\n\t\t\t\t\t\t<\/div>\n\t\t\t\t<\/div>\n\t\t\t\t\t<\/div>\n\t\t\t\t<\/div>\n\t\t<div class=\"elementor-element elementor-element-d8fba16 e-flex e-con-boxed e-con e-parent\" data-id=\"d8fba16\" data-element_type=\"container\" data-e-type=\"container\">\n\t\t\t\t\t<div class=\"e-con-inner\">\n\t\t\t\t<div class=\"elementor-element elementor-element-4cec5c31 elementor-widget elementor-widget-heading\" data-id=\"4cec5c31\" data-element_type=\"widget\" data-e-type=\"widget\" data-widget_type=\"heading.default\">\n\t\t\t\t<div class=\"elementor-widget-container\">\n\t\t\t\t\t<h2 class=\"elementor-heading-title elementor-size-default\">Was sind die besten Orte, die man in Petra besuchen kann?\n<\/h2>\t\t\t\t<\/div>\n\t\t\t\t<\/div>\n\t\t\t\t<div class=\"elementor-element elementor-element-3fc8f67 elementor-widget elementor-widget-text-editor\" data-id=\"3fc8f67\" data-element_type=\"widget\" data-e-type=\"widget\" data-widget_type=\"text-editor.default\">\n\t\t\t\t<div class=\"elementor-widget-container\">\n\t\t\t\t\t\t\t\t\t<p><span style=\"font-weight: 400;\">Beginnen wir stark mit einigen der besten Besuche in der Gegend:<\/span><\/p>\t\t\t\t\t\t\t\t<\/div>\n\t\t\t\t<\/div>\n\t\t\t\t\t<\/div>\n\t\t\t\t<\/div>\n\t\t<div class=\"elementor-element elementor-element-1229372d e-flex e-con-boxed e-con e-parent\" data-id=\"1229372d\" data-element_type=\"container\" data-e-type=\"container\">\n\t\t\t\t\t<div class=\"e-con-inner\">\n\t\t\t\t<div class=\"elementor-element elementor-element-41d1a3c0 elementor-widget elementor-widget-heading\" data-id=\"41d1a3c0\" data-element_type=\"widget\" data-e-type=\"widget\" data-widget_type=\"heading.default\">\n\t\t\t\t<div class=\"elementor-widget-container\">\n\t\t\t\t\t<h3 class=\"elementor-heading-title elementor-size-default\">Heiligtum der Mare de D\u00e9u de Bonany\n<\/h3>\t\t\t\t<\/div>\n\t\t\t\t<\/div>\n\t\t\t\t<div class=\"elementor-element elementor-element-705fda78 elementor-widget elementor-widget-text-editor\" data-id=\"705fda78\" data-element_type=\"widget\" data-e-type=\"widget\" data-widget_type=\"text-editor.default\">\n\t\t\t\t<div class=\"elementor-widget-container\">\n\t\t\t\t\t\t\t\t\t<p><span style=\"font-weight: 400;\">M\u00f6gen Sie Aussichten und gute Fotos? Steigen Sie auf den Puig de Bonany und besuchen Sie dieses wundersch\u00f6ne Heiligtum. Auf 320 Metern H\u00f6he   <\/span><b> ist es ein perfekter Ort, um die besten Panorama-Selfies zu machen<\/b><span style=\"font-weight: 400;\"> und sich, wenn auch nur f\u00fcr einen Moment, als K\u00f6nig oder K\u00f6nigin des Pla de Mallorca zu f\u00fchlen. Au\u00dferdem gibt es einen Picknickplatz, falls Sie nach so viel Spiritualit\u00e4t hungrig werden.  <\/span><\/p>\t\t\t\t\t\t\t\t<\/div>\n\t\t\t\t<\/div>\n\t\t\t\t\t<\/div>\n\t\t\t\t<\/div>\n\t\t<div class=\"elementor-element elementor-element-2a9407f e-flex e-con-boxed e-con e-parent\" data-id=\"2a9407f\" data-element_type=\"container\" data-e-type=\"container\">\n\t\t\t\t\t<div class=\"e-con-inner\">\n\t\t\t\t<div class=\"elementor-element elementor-element-7505a19 elementor-widget elementor-widget-heading\" data-id=\"7505a19\" data-element_type=\"widget\" data-e-type=\"widget\" data-widget_type=\"heading.default\">\n\t\t\t\t<div class=\"elementor-widget-container\">\n\t\t\t\t\t<h3 class=\"elementor-heading-title elementor-size-default\">Kirche Sant Pere\n<\/h3>\t\t\t\t<\/div>\n\t\t\t\t<\/div>\n\t\t\t\t<div class=\"elementor-element elementor-element-251cf2f elementor-widget elementor-widget-text-editor\" data-id=\"251cf2f\" data-element_type=\"widget\" data-e-type=\"widget\" data-widget_type=\"text-editor.default\">\n\t\t\t\t<div class=\"elementor-widget-container\">\n\t\t\t\t\t\t\t\t\t<p><span style=\"font-weight: 400;\">Entlang der touristischen Linie, die Petra bietet, finden wir die imposante und gotische<\/span> <b>Kirche Sant Pere<\/b><span style=\"font-weight: 400;\">,<\/span> <span style=\"font-weight: 400;\">die einen riesigen Turm hat, ideal, um alle Gefahren aus der Ferne zu erkennen. Fray Jun\u00edpero Serra, Petras verlorener Sohn, wurde hier getauft, und die Rosenkranzkapelle wird Sie dazu bringen, zu \u00fcberdenken, ob Barock Ihr neuer Lieblingsstil ist.  <\/span><\/p>\t\t\t\t\t\t\t\t<\/div>\n\t\t\t\t<\/div>\n\t\t\t\t<div class=\"elementor-element elementor-element-d9a3003 elementor-widget elementor-widget-image\" data-id=\"d9a3003\" data-element_type=\"widget\" data-e-type=\"widget\" data-widget_type=\"image.default\">\n\t\t\t\t<div class=\"elementor-widget-container\">\n\t\t\t\t\t\t\t\t\t\t\t\t\t\t\t<img fetchpriority=\"high\" decoding=\"async\" width=\"1254\" height=\"627\" src=\"https:\/\/rentallorca.com\/blog\/wp-content\/uploads\/2025\/07\/Iglesia-de-Sant-Pere.jpg\" class=\"attachment-full size-full wp-image-2029\" alt=\"\" srcset=\"https:\/\/rentallorca.com\/blog\/wp-content\/uploads\/2025\/07\/Iglesia-de-Sant-Pere.jpg 1254w, https:\/\/rentallorca.com\/blog\/wp-content\/uploads\/2025\/07\/Iglesia-de-Sant-Pere-300x150.jpg 300w, https:\/\/rentallorca.com\/blog\/wp-content\/uploads\/2025\/07\/Iglesia-de-Sant-Pere-1024x512.jpg 1024w, https:\/\/rentallorca.com\/blog\/wp-content\/uploads\/2025\/07\/Iglesia-de-Sant-Pere-768x384.jpg 768w\" sizes=\"(max-width: 1254px) 100vw, 1254px\" \/>\t\t\t\t\t\t\t\t\t\t\t\t\t\t\t<\/div>\n\t\t\t\t<\/div>\n\t\t\t\t\t<\/div>\n\t\t\t\t<\/div>\n\t\t<div class=\"elementor-element elementor-element-327efae e-flex e-con-boxed e-con e-parent\" data-id=\"327efae\" data-element_type=\"container\" data-e-type=\"container\">\n\t\t\t\t\t<div class=\"e-con-inner\">\n\t\t\t\t<div class=\"elementor-element elementor-element-38b52ee elementor-widget elementor-widget-heading\" data-id=\"38b52ee\" data-element_type=\"widget\" data-e-type=\"widget\" data-widget_type=\"heading.default\">\n\t\t\t\t<div class=\"elementor-widget-container\">\n\t\t\t\t\t<h3 class=\"elementor-heading-title elementor-size-default\">Kloster San Bernard\u00ed\n<\/h3>\t\t\t\t<\/div>\n\t\t\t\t<\/div>\n\t\t\t\t<div class=\"elementor-element elementor-element-9b15db2 elementor-widget elementor-widget-text-editor\" data-id=\"9b15db2\" data-element_type=\"widget\" data-e-type=\"widget\" data-widget_type=\"text-editor.default\">\n\t\t\t\t<div class=\"elementor-widget-container\">\n\t\t\t\t\t\t\t\t\t<p><span style=\"font-weight: 400;\">Wenn Sie sich noch mehr f\u00fcr die Geschichte Petras interessieren, ist ein weiterer wichtiger Besuch das<\/span> <b>Kloster Sant Bernard\u00ed<\/b><span style=\"font-weight: 400;\">, ein Ort mit franziskanischer Geschichte, wo Fray Jun\u00edpero lernte, bevor er auf die andere Seite des Teiches \u00fcbersetzte. Sie k\u00f6nnen mit demselben Ticket eintreten, das Sie im Museum gekauft haben, also nutzen Sie die Gelegenheit und verdoppeln Sie Ihre Besuche.  <\/span><\/p>\t\t\t\t\t\t\t\t<\/div>\n\t\t\t\t<\/div>\n\t\t\t\t\t<\/div>\n\t\t\t\t<\/div>\n\t\t<div class=\"elementor-element elementor-element-3afdaf5 e-flex e-con-boxed e-con e-parent\" data-id=\"3afdaf5\" data-element_type=\"container\" data-e-type=\"container\">\n\t\t\t\t\t<div class=\"e-con-inner\">\n\t\t\t\t<div class=\"elementor-element elementor-element-79558fe elementor-widget elementor-widget-heading\" data-id=\"79558fe\" data-element_type=\"widget\" data-e-type=\"widget\" data-widget_type=\"heading.default\">\n\t\t\t\t<div class=\"elementor-widget-container\">\n\t\t\t\t\t<h3 class=\"elementor-heading-title elementor-size-default\">Zwei ideale Pl\u00e4tze, um das lokale Leben zu verstehen\n<\/h3>\t\t\t\t<\/div>\n\t\t\t\t<\/div>\n\t\t\t\t<div class=\"elementor-element elementor-element-3af45ef elementor-widget elementor-widget-text-editor\" data-id=\"3af45ef\" data-element_type=\"widget\" data-e-type=\"widget\" data-widget_type=\"text-editor.default\">\n\t\t\t\t<div class=\"elementor-widget-container\">\n\t\t\t\t\t\t\t\t\t<p><span style=\"font-weight: 400;\">Das soziale Epizentrum befindet sich auf der<\/span> <b>Plaza del Padre Serra<\/b> <span style=\"font-weight: 400;\">und der<\/span> <b>Plaza Ramon Llull<\/b><span style=\"font-weight: 400;\">, wo sich die Bewohner treffen, um ihre Freunde zu treffen. Hier k\u00f6nnen Sie sitzen und das Leben beobachten, eine Ensaimada in einem der lokalen Gesch\u00e4fte bestellen und sich als Teil der mallorquinischen Landschaft f\u00fchlen.  <\/span><\/p>\t\t\t\t\t\t\t\t<\/div>\n\t\t\t\t<\/div>\n\t\t\t\t\t<\/div>\n\t\t\t\t<\/div>\n\t\t<div class=\"elementor-element elementor-element-7b3edf41 e-flex e-con-boxed e-con e-parent\" data-id=\"7b3edf41\" data-element_type=\"container\" data-e-type=\"container\">\n\t\t\t\t\t<div class=\"e-con-inner\">\n\t\t\t\t<div class=\"elementor-element elementor-element-1bf5ac6c elementor-widget elementor-widget-heading\" data-id=\"1bf5ac6c\" data-element_type=\"widget\" data-e-type=\"widget\" data-widget_type=\"heading.default\">\n\t\t\t\t<div class=\"elementor-widget-container\">\n\t\t\t\t\t<h2 class=\"elementor-heading-title elementor-size-default\">Erfahren Sie alles \u00fcber seine Geschichte und lokale Kultur\n<\/h2>\t\t\t\t<\/div>\n\t\t\t\t<\/div>\n\t\t\t\t<div class=\"elementor-element elementor-element-76c3a73c elementor-widget elementor-widget-text-editor\" data-id=\"76c3a73c\" data-element_type=\"widget\" data-e-type=\"widget\" data-widget_type=\"text-editor.default\">\n\t\t\t\t<div class=\"elementor-widget-container\">\n\t\t\t\t\t\t\t\t\t<p><span style=\"font-weight: 400;\">Petra ist viel mehr als nur sch\u00f6ne Steine,<\/span> <b>es ist eine lebendige Geschichte, die bis ins Mittelalter zur\u00fcckreicht.<\/b> <span style=\"font-weight: 400;\">Sein Name, der im Lateinischen \u201eStein\u201c bedeutet, gibt bereits einen kleinen Spoiler \u00fcber all die Geschichten, die sich zwischen seinen Stra\u00dfen finden.<\/span><\/p><p><span style=\"font-weight: 400;\">Die Stadt ist umgeben von<\/span> <b>Steinh\u00e4usern<\/b><span style=\"font-weight: 400;\">, alten Brunnen und sogar<\/span> <b>pr\u00e4historischen St\u00e4tten<\/b><span style=\"font-weight: 400;\"> f\u00fcr diejenigen, die sich wie Arch\u00e4ologen f\u00fchlen wollen, ohne weit von zu Hause wegzum\u00fcssen. Die Figur von Fray Jun\u00edpero Serra ist \u00fcberall pr\u00e4sent, es gibt Statuen, Museen, Pl\u00e4tze und sogar ein Fest zu seinen Ehren.  <\/span><\/p><p><span style=\"font-weight: 400;\">Aber Petra lebt nicht nur in der Vergangenheit, sondern<\/span> <b>das Leben hier bietet Ihnen einen Platz voller Freizeit,<\/b><span style=\"font-weight: 400;\"> einen Markt mittwochs und endlose Treffen in seinen Bars und Restaurants. Wenn Sie also Authentizit\u00e4t suchen, finden Sie hier einen guten Teil davon.  <\/span><\/p>\t\t\t\t\t\t\t\t<\/div>\n\t\t\t\t<\/div>\n\t\t\t\t<div class=\"elementor-element elementor-element-79c138a elementor-widget elementor-widget-image\" data-id=\"79c138a\" data-element_type=\"widget\" data-e-type=\"widget\" data-widget_type=\"image.default\">\n\t\t\t\t<div class=\"elementor-widget-container\">\n\t\t\t\t\t\t\t\t\t\t\t\t\t\t\t<img decoding=\"async\" width=\"1254\" height=\"627\" src=\"https:\/\/rentallorca.com\/blog\/wp-content\/uploads\/2025\/07\/que-ver-petra-mallorca.jpg\" class=\"attachment-full size-full wp-image-2032\" alt=\"\" srcset=\"https:\/\/rentallorca.com\/blog\/wp-content\/uploads\/2025\/07\/que-ver-petra-mallorca.jpg 1254w, https:\/\/rentallorca.com\/blog\/wp-content\/uploads\/2025\/07\/que-ver-petra-mallorca-300x150.jpg 300w, https:\/\/rentallorca.com\/blog\/wp-content\/uploads\/2025\/07\/que-ver-petra-mallorca-1024x512.jpg 1024w, https:\/\/rentallorca.com\/blog\/wp-content\/uploads\/2025\/07\/que-ver-petra-mallorca-768x384.jpg 768w\" sizes=\"(max-width: 1254px) 100vw, 1254px\" \/>\t\t\t\t\t\t\t\t\t\t\t\t\t\t\t<\/div>\n\t\t\t\t<\/div>\n\t\t\t\t\t<\/div>\n\t\t\t\t<\/div>\n\t\t<div class=\"elementor-element elementor-element-ee0329c e-flex e-con-boxed e-con e-parent\" data-id=\"ee0329c\" data-element_type=\"container\" data-e-type=\"container\">\n\t\t\t\t\t<div class=\"e-con-inner\">\n\t\t\t\t<div class=\"elementor-element elementor-element-bbf8722 elementor-widget elementor-widget-heading\" data-id=\"bbf8722\" data-element_type=\"widget\" data-e-type=\"widget\" data-widget_type=\"heading.default\">\n\t\t\t\t<div class=\"elementor-widget-container\">\n\t\t\t\t\t<h2 class=\"elementor-heading-title elementor-size-default\">Probieren Sie unbedingt die typische Gastronomie der Region\n<\/h2>\t\t\t\t<\/div>\n\t\t\t\t<\/div>\n\t\t\t\t<div class=\"elementor-element elementor-element-c1d67b2 elementor-widget elementor-widget-text-editor\" data-id=\"c1d67b2\" data-element_type=\"widget\" data-e-type=\"widget\" data-widget_type=\"text-editor.default\">\n\t\t\t\t<div class=\"elementor-widget-container\">\n\t\t\t\t\t\t\t\t\t<p><span style=\"font-weight: 400;\">W\u00e4hrend Ihrer Reise raten wir Ihnen, die Di\u00e4t f\u00fcr ein paar Tage zu vergessen, da<\/span> <b>in Petra gegessen wird, als g\u00e4be es kein Morgen<\/b><span style=\"font-weight: 400;\">. Hier ist Gastronomie Kunst und Restaurants, Tempel des guten Essens.<\/span><\/p><p><span style=\"font-weight: 400;\">Wir empfehlen Ihnen, den<\/span> <b>Tumbet<\/b><span style=\"font-weight: 400;\">, eine Art mallorquinisches Ratatouille, das jeden Vegetarier vor R\u00fchrung weinen l\u00e4sst, und sicherlich auch einige Fleischfresser. Aber wenn Sie zu denen geh\u00f6ren, die auf Fleisch nicht verzichten k\u00f6nnen, ist die  <\/span><b>Porcella Rostida<\/b><span style=\"font-weight: 400;\">, ein gebratenes Spanferkel, das Sie mit seinem Geschmack \u00fcberall hin teleportieren wird, wohin Sie wollen.<\/span><\/p><p><span style=\"font-weight: 400;\">Wenn Sie Reis m\u00f6gen, m\u00fcssen Sie den<\/span> <b>Arroz Brut<\/b><span style=\"font-weight: 400;\">, suppig und kr\u00e4ftig, perfekt, um nach einem Ausflug wieder zu Kr\u00e4ften zu kommen. Und wenn Sie etwas anspruchsvoller aufgewacht sind, wird die  <\/span><b>Caldereta de Langosta<\/b> <span style=\"font-weight: 400;\">Sie vergessen lassen, dass Sie sich im Inselinneren befinden.<\/span><\/p><p><span style=\"font-weight: 400;\">Sie k\u00f6nnen nicht gehen, ohne den<\/span> <b>Gat\u00f3<\/b><span style=\"font-weight: 400;\">, einen Mandelkuchen, der mit Mandeleis serviert wird, probiert zu haben, denn in Petra sind selbst die Desserts doppelt mallorquinisch. Und um eine perfekte Mahlzeit abzurunden, k\u00f6nnen Sie ein Glas lokalen Weins trinken (hier sind die Weinberge Religion).  <\/span><\/p>\t\t\t\t\t\t\t\t<\/div>\n\t\t\t\t<\/div>\n\t\t\t\t\t<\/div>\n\t\t\t\t<\/div>\n\t\t<div class=\"elementor-element elementor-element-8e326d1 e-flex e-con-boxed e-con e-parent\" data-id=\"8e326d1\" data-element_type=\"container\" data-e-type=\"container\">\n\t\t\t\t\t<div class=\"e-con-inner\">\n\t\t\t\t<div class=\"elementor-element elementor-element-f8da67d elementor-widget elementor-widget-heading\" data-id=\"f8da67d\" data-element_type=\"widget\" data-e-type=\"widget\" data-widget_type=\"heading.default\">\n\t\t\t\t<div class=\"elementor-widget-container\">\n\t\t\t\t\t<h2 class=\"elementor-heading-title elementor-size-default\">Synchronisieren Sie Ihren Besuch mit den wichtigsten Veranstaltungen und Festen<\/h2>\t\t\t\t<\/div>\n\t\t\t\t<\/div>\n\t\t\t\t<div class=\"elementor-element elementor-element-4fe7a87 elementor-widget elementor-widget-text-editor\" data-id=\"4fe7a87\" data-element_type=\"widget\" data-e-type=\"widget\" data-widget_type=\"text-editor.default\">\n\t\t\t\t<div class=\"elementor-widget-container\">\n\t\t\t\t\t\t\t\t\t<p><span style=\"font-weight: 400;\">Petra mag klein sein, aber wir k\u00f6nnen Ihnen versichern, dass seine Feste ziemlich gro\u00df sind. Der Kalender beginnt stark im Januar mit  <\/span><b>San Antonio Abad<\/b><span style=\"font-weight: 400;\">, einem Fest, bei dem D\u00e4monen tanzen und Feuerwerke die Nacht erhellen.<\/span><\/p><p><span style=\"font-weight: 400;\">Im Juli findet das<\/span> <b>Feste de ses Clovelles<\/b><span style=\"font-weight: 400;\">, das die lokale Kreativit\u00e4t mit Objekten aus Aprikosenkernen auf die Probe stellt. Ebenfalls in diesem Monat ist das Fest der Schutzpatronin,  <\/span><b>Santa Praxedis<\/b><span style=\"font-weight: 400;\">.<\/span><\/p><p><span style=\"font-weight: 400;\">Zum Abschluss des Sommers wird im September<\/span> <b>Fray Jun\u00edpero Serra<\/b> geehrt<span style=\"font-weight: 400;\"> mit Prozessionen und Aktivit\u00e4ten f\u00fcr alle Altersgruppen. Der  <\/span><b>Wochenmarkt<\/b><span style=\"font-weight: 400;\">, jeden Mittwoch, bietet Ihnen eine gro\u00dfe Anzahl lokaler Produkte und die M\u00f6glichkeit, Ihre Feilschkunst zu verbessern.<\/span> <\/p><p><span style=\"font-weight: 400;\">Wenn Sie ein Kunstliebhaber sind, gibt es auch etwas f\u00fcr Sie. Sie d\u00fcrfen die  <\/span><b>Mostra d\u2019Art i Empresa<\/b><span style=\"font-weight: 400;\"> am vierten Sonntag im Oktober nicht verpassen, eine Messe, die das Beste der lokalen Kreativit\u00e4t zusammenbringt.<\/span><\/p>\t\t\t\t\t\t\t\t<\/div>\n\t\t\t\t<\/div>\n\t\t\t\t\t<\/div>\n\t\t\t\t<\/div>\n\t\t<div class=\"elementor-element elementor-element-939ac3d e-flex e-con-boxed e-con e-parent\" data-id=\"939ac3d\" data-element_type=\"container\" data-e-type=\"container\">\n\t\t\t\t\t<div class=\"e-con-inner\">\n\t\t\t\t<div class=\"elementor-element elementor-element-7910007 elementor-widget elementor-widget-video\" data-id=\"7910007\" data-element_type=\"widget\" data-e-type=\"widget\" data-settings=\"{&quot;youtube_url&quot;:&quot;https:\\\/\\\/www.youtube.com\\\/watch?v=qleBl2I8rwk&quot;,&quot;video_type&quot;:&quot;youtube&quot;,&quot;controls&quot;:&quot;yes&quot;}\" data-widget_type=\"video.default\">\n\t\t\t\t<div class=\"elementor-widget-container\">\n\t\t\t\t\t\t\t<div class=\"elementor-wrapper elementor-open-inline\">\n\t\t\t<div class=\"elementor-video\"><\/div>\t\t<\/div>\n\t\t\t\t\t\t<\/div>\n\t\t\t\t<\/div>\n\t\t\t\t\t<\/div>\n\t\t\t\t<\/div>\n\t\t<div class=\"elementor-element elementor-element-46235ea e-flex e-con-boxed e-con e-parent\" data-id=\"46235ea\" data-element_type=\"container\" data-e-type=\"container\">\n\t\t\t\t\t<div class=\"e-con-inner\">\n\t\t\t\t<div class=\"elementor-element elementor-element-a105326 elementor-widget elementor-widget-heading\" data-id=\"a105326\" data-element_type=\"widget\" data-e-type=\"widget\" data-widget_type=\"heading.default\">\n\t\t\t\t<div class=\"elementor-widget-container\">\n\t\t\t\t\t<h2 class=\"elementor-heading-title elementor-size-default\">Haben Sie Platz in Ihrem Terminkalender f\u00fcr Aktivit\u00e4ten und Ausfl\u00fcge in der N\u00e4he gelassen?\n<\/h2>\t\t\t\t<\/div>\n\t\t\t\t<\/div>\n\t\t\t\t<div class=\"elementor-element elementor-element-682a2d1 elementor-widget elementor-widget-text-editor\" data-id=\"682a2d1\" data-element_type=\"widget\" data-e-type=\"widget\" data-widget_type=\"text-editor.default\">\n\t\t\t\t<div class=\"elementor-widget-container\">\n\t\t\t\t\t\t\t\t\t<p><span style=\"font-weight: 400;\">Petra ist ein perfekter Ausgangspunkt, um den Pla de Mallorca zu Fu\u00df, mit dem Fahrrad oder, wenn Sie zu den Mutigsten geh\u00f6ren, mit dem Gravelbike zu erkunden. Die  <\/span><b>Wanderwege<\/b> <span style=\"font-weight: 400;\">erm\u00f6glichen es Ihnen, von der Stadt zum<\/span> <b>Heiligtum von Bonany<\/b> <span style=\"font-weight: 400;\">zu gelangen, und Sie werden die Felder mit Mandelb\u00e4umen und Weinbergen sehen k\u00f6nnen, die wie aus einem impressionistischen Gem\u00e4lde wirken.<\/span><\/p><p><span style=\"font-weight: 400;\">Wenn Sie zu den Menschen geh\u00f6ren, die lieber \u00fcberall mit dem Fahrrad fahren, gibt es auch<\/span> <b>Radwege<\/b><span style=\"font-weight: 400;\"> f\u00fcr alle Niveaus, von ruhigen Spazierg\u00e4ngen bis hin zu Routen, die Sie wie nie zuvor ins Schwitzen bringen werden. Falls Sie die Natur und ihre Geheimnisse m\u00f6gen, k\u00f6nnen Sie die  <\/span><b>Cova Llarga<\/b> <span style=\"font-weight: 400;\">erkunden oder sich in den l\u00e4ndlichen Wegen verlieren, die Petra mit den Nachbarst\u00e4dten verbinden.<\/span><\/p><p><span style=\"font-weight: 400;\">F\u00fcr diejenigen, die Ruhe in ihrem Urlaub suchen, gibt es nichts Besseres als einen Nachmittag auf der Terrasse an der<\/span> <b>Plaza Ramon Llull<\/b><span style=\"font-weight: 400;\">, wo Sie sehen werden, wie die Nachbarn Karten spielen und die Kinder ihre Spiele genie\u00dfen. Denn, unter uns gesagt, manchmal ist der beste Ausflug, nichts zu tun.  <\/span><\/p>\t\t\t\t\t\t\t\t<\/div>\n\t\t\t\t<\/div>\n\t\t\t\t\t<\/div>\n\t\t\t\t<\/div>\n\t\t<div class=\"elementor-element elementor-element-e4c5e55 e-flex e-con-boxed e-con e-parent\" data-id=\"e4c5e55\" data-element_type=\"container\" data-e-type=\"container\">\n\t\t\t\t\t<div class=\"e-con-inner\">\n\t\t\t\t<div class=\"elementor-element elementor-element-24565fc elementor-widget elementor-widget-heading\" data-id=\"24565fc\" data-element_type=\"widget\" data-e-type=\"widget\" data-widget_type=\"heading.default\">\n\t\t\t\t<div class=\"elementor-widget-container\">\n\t\t\t\t\t<h2 class=\"elementor-heading-title elementor-size-default\">Entdecken Sie Petra mit der besten Unterkunft\n<\/h2>\t\t\t\t<\/div>\n\t\t\t\t<\/div>\n\t\t\t\t<div class=\"elementor-element elementor-element-1ea713b elementor-widget elementor-widget-text-editor\" data-id=\"1ea713b\" data-element_type=\"widget\" data-e-type=\"widget\" data-widget_type=\"text-editor.default\">\n\t\t\t\t<div class=\"elementor-widget-container\">\n\t\t\t\t\t\t\t\t\t<p><span style=\"font-weight: 400;\">Petra ist jene Ecke Mallorcas, wo das Leben langsam gekocht wird, zwischen Geschichte, gutem Essen und<\/span> <b>Landschaften, die dazu einladen, noch etwas l\u00e4nger zu bleiben.<\/b> <span style=\"font-weight: 400;\">Es ist kein Massenziel, hier ist Authentizit\u00e4t die oberste Regel, und der Besucher wird wie einer der ihren empfangen.<\/span><\/p><p><span style=\"font-weight: 400;\">Sie wissen also, wenn Sie die Essenz Mallorcas entdecken m\u00f6chten, kommen Sie nach Petra, denn viele M\u00f6glichkeiten erwarten Sie f\u00fcr Ihren Urlaub.<\/span> <b>Kontaktieren Sie uns, um Ihre Unterkunft auf der Insel zu buchen<\/b> <span style=\"font-weight: 400;\">und finden Sie diejenige, die am besten zu Ihnen und Ihrer Familie passt.<\/span> <\/p>\t\t\t\t\t\t\t\t<\/div>\n\t\t\t\t<\/div>\n\t\t\t\t\t<\/div>\n\t\t\t\t<\/div>\n\t\t<div class=\"elementor-element elementor-element-7f3a2dfb e-flex e-con-boxed e-con e-parent\" data-id=\"7f3a2dfb\" data-element_type=\"container\" data-e-type=\"container\">\n\t\t\t\t\t<div class=\"e-con-inner\">\n\t\t\t\t<div class=\"elementor-element elementor-element-54a96dc elementor-widget__width-initial elementor-widget elementor-widget-grid\" data-id=\"54a96dc\" data-element_type=\"widget\" data-e-type=\"widget\" data-widget_type=\"grid.default\">\n\t\t\t\t<div class=\"elementor-widget-container\">\n\t\t\t\t\t\t\t<div class=\"its--row alojamientos-recomendados\">\n\n\t\t\t<div class=\"alojamientos-recomendados-container\">\n\n\t\t\t\t\t\n\t\t\t\t\t<a href=\"https:\/\/rentallorca.com\/de\/vermietung\/finca-petra-d0002-finca-luz-de-luna-453601.html\" rel=\"nofollow\" style=\"width: 32%;\">\n\t\t\t\t\t\t<div class=\"apartamento-box\">\n\t\t\t\t\t\t\t<div class=\"imagen_recomendados\">\n\t\t\t\t\t\t\t\t<img decoding=\"async\" src=\"https:\/\/crs.avantio.com\/fotos\/2\/17004850692661cf753ebc4169a4cd5d7de744abee\/big170048507481a2be2360d506abd11786d824556b86.jpg\" alt=\"Luz de Luna by Rentallorca\">\n\t\t\t\t\t\t\t<\/div>\n\t\t\t\t\t\t\t<div class=\"info\">\n\t\t\t\t\t\t\t\t<div class=\"ubicacion\">\n\t\t\t\t\t\t\t\t\t<i class=\"fa-solid fa-location-dot icono-mapa\"><\/i><span class=\"ubicacion-texto\">Petra - Mallorca<\/span>\n\t\t\t\t\t\t\t\t<\/div>\n\t\t\t\t\t\t\t\t<H4 class=\"titulo-alojamiento\">\n\t\t\t\t\t\t\t\t\tLuz de Luna by Rentallorca\t\t\t\t\t\t\t\t<\/H4>\n\t\t\t\t\t\t\t\t<p class=\"precio-alojamiento\">Aus <span class=\"precio\">259.92\u20ac<\/span> pro Nacht<\/p>\n\t\t\t\t\t\t\t<\/div>\n\t\t\t\t\t\t<\/div>\n\t\t\t\t\t<\/a> \n\t\t\t\t\t\t\n\t\t\t\t\t<a href=\"https:\/\/rentallorca.com\/de\/vermietung\/finca-petra-d0003-son-mieres-465139.html\" rel=\"nofollow\" style=\"width: 32%;\">\n\t\t\t\t\t\t<div class=\"apartamento-box\">\n\t\t\t\t\t\t\t<div class=\"imagen_recomendados\">\n\t\t\t\t\t\t\t\t<img decoding=\"async\" src=\"https:\/\/crs.avantio.com\/fotos\/2\/1706529693bca616e25490b9174489ed8aae843fb5\/big17186935701b6a82153ac33b94ccea57e108b4211a.jpg\" alt=\"Son Mieres by Rentallorca\">\n\t\t\t\t\t\t\t<\/div>\n\t\t\t\t\t\t\t<div class=\"info\">\n\t\t\t\t\t\t\t\t<div class=\"ubicacion\">\n\t\t\t\t\t\t\t\t\t<i class=\"fa-solid fa-location-dot icono-mapa\"><\/i><span class=\"ubicacion-texto\">Petra - Mallorca<\/span>\n\t\t\t\t\t\t\t\t<\/div>\n\t\t\t\t\t\t\t\t<H4 class=\"titulo-alojamiento\">\n\t\t\t\t\t\t\t\t\tSon Mieres by Rentallorca\t\t\t\t\t\t\t\t<\/H4>\n\t\t\t\t\t\t\t\t<p class=\"precio-alojamiento\">Aus <span class=\"precio\">259.92\u20ac<\/span> pro Nacht<\/p>\n\t\t\t\t\t\t\t<\/div>\n\t\t\t\t\t\t<\/div>\n\t\t\t\t\t<\/a> \n\t\t\t\t\t\t\n\t\t\t\t\t<a href=\"https:\/\/rentallorca.com\/de\/vermietung\/ferienhaus-petra-a0017-petra-holiday-home-479372.html\" rel=\"nofollow\" style=\"width: 32%;\">\n\t\t\t\t\t\t<div class=\"apartamento-box\">\n\t\t\t\t\t\t\t<div class=\"imagen_recomendados\">\n\t\t\t\t\t\t\t\t<img decoding=\"async\" src=\"https:\/\/crs.avantio.com\/fotos\/2\/1713164633ac47dea812c9c37feeb0ccc2f3fb799b\/big17131646465952237441e8f7c88990278cae761ef6.jpg\" alt=\"Petra holiday home by Rentallorca\">\n\t\t\t\t\t\t\t<\/div>\n\t\t\t\t\t\t\t<div class=\"info\">\n\t\t\t\t\t\t\t\t<div class=\"ubicacion\">\n\t\t\t\t\t\t\t\t\t<i class=\"fa-solid fa-location-dot icono-mapa\"><\/i><span class=\"ubicacion-texto\">Petra - Mallorca<\/span>\n\t\t\t\t\t\t\t\t<\/div>\n\t\t\t\t\t\t\t\t<H4 class=\"titulo-alojamiento\">\n\t\t\t\t\t\t\t\t\tPetra holiday home by Rentallorca\t\t\t\t\t\t\t\t<\/H4>\n\t\t\t\t\t\t\t\t<p class=\"precio-alojamiento\">Aus <span class=\"precio\">106.02\u20ac<\/span> pro Nacht<\/p>\n\t\t\t\t\t\t\t<\/div>\n\t\t\t\t\t\t<\/div>\n\t\t\t\t\t<\/a> \n\t\t\t\t\t\t\n\t\t\t\t\t<a href=\"https:\/\/rentallorca.com\/de\/vermietung\/finca-petra-a0015-ca-n-monget-499446.html\" rel=\"nofollow\" style=\"width: 32%;\">\n\t\t\t\t\t\t<div class=\"apartamento-box\">\n\t\t\t\t\t\t\t<div class=\"imagen_recomendados\">\n\t\t\t\t\t\t\t\t<img decoding=\"async\" src=\"https:\/\/crs.avantio.com\/fotos\/2\/17246825137732ea9ad7120686231f6fd51b3eba33\/big17297747658b688a592b320c8ff12cb3e35109585f.jpg\" alt=\"Can Monget by Rentallorca\">\n\t\t\t\t\t\t\t<\/div>\n\t\t\t\t\t\t\t<div class=\"info\">\n\t\t\t\t\t\t\t\t<div class=\"ubicacion\">\n\t\t\t\t\t\t\t\t\t<i class=\"fa-solid fa-location-dot icono-mapa\"><\/i><span class=\"ubicacion-texto\">Petra - Mallorca<\/span>\n\t\t\t\t\t\t\t\t<\/div>\n\t\t\t\t\t\t\t\t<H4 class=\"titulo-alojamiento\">\n\t\t\t\t\t\t\t\t\tCan Monget by Rentallorca\t\t\t\t\t\t\t\t<\/H4>\n\t\t\t\t\t\t\t\t<p class=\"precio-alojamiento\">Aus <span class=\"precio\">136.80\u20ac<\/span> pro Nacht<\/p>\n\t\t\t\t\t\t\t<\/div>\n\t\t\t\t\t\t<\/div>\n\t\t\t\t\t<\/a> \n\t\t\t\t\t\t\n\t\t\t\t\t<a href=\"https:\/\/rentallorca.com\/de\/vermietung\/ferienwohnung-petra-ah0002-apartamento-son-calo-b-504152.html\" rel=\"nofollow\" style=\"width: 32%;\">\n\t\t\t\t\t\t<div class=\"apartamento-box\">\n\t\t\t\t\t\t\t<div class=\"imagen_recomendados\">\n\t\t\t\t\t\t\t\t<img decoding=\"async\" src=\"https:\/\/crs.avantio.com\/fotos\/2\/17277961446dacc8be1902835c326ed62a9cc2a0a2\/big172779615576397b0e10af3c9655dc000120d647da.jpg\" alt=\"Apartamento Son Calo B by Rentallorca\">\n\t\t\t\t\t\t\t<\/div>\n\t\t\t\t\t\t\t<div class=\"info\">\n\t\t\t\t\t\t\t\t<div class=\"ubicacion\">\n\t\t\t\t\t\t\t\t\t<i class=\"fa-solid fa-location-dot icono-mapa\"><\/i><span class=\"ubicacion-texto\">Petra - Mallorca<\/span>\n\t\t\t\t\t\t\t\t<\/div>\n\t\t\t\t\t\t\t\t<H4 class=\"titulo-alojamiento\">\n\t\t\t\t\t\t\t\t\tApartamento Son Calo B by Rentallorca\t\t\t\t\t\t\t\t<\/H4>\n\t\t\t\t\t\t\t\t<p class=\"precio-alojamiento\">Aus <span class=\"precio\">79.80\u20ac<\/span> pro Nacht<\/p>\n\t\t\t\t\t\t\t<\/div>\n\t\t\t\t\t\t<\/div>\n\t\t\t\t\t<\/a> \n\t\t\t\t\t\t\n\t\t\t\t\t<a href=\"https:\/\/rentallorca.com\/de\/vermietung\/ferienwohnung-petra-ah0004-apartamento-son-calo-e-504626.html\" rel=\"nofollow\" style=\"width: 32%;\">\n\t\t\t\t\t\t<div class=\"apartamento-box\">\n\t\t\t\t\t\t\t<div class=\"imagen_recomendados\">\n\t\t\t\t\t\t\t\t<img decoding=\"async\" src=\"https:\/\/crs.avantio.com\/fotos\/3\/1728488335f21fa21c2ffe529a9914c2a062d7fde3\/big17284883429c6672ef4fcd569df30e54edf622d25a.jpg\" alt=\" Apartamento Son Calo E by Rentallorca\">\n\t\t\t\t\t\t\t<\/div>\n\t\t\t\t\t\t\t<div class=\"info\">\n\t\t\t\t\t\t\t\t<div class=\"ubicacion\">\n\t\t\t\t\t\t\t\t\t<i class=\"fa-solid fa-location-dot icono-mapa\"><\/i><span class=\"ubicacion-texto\">Petra - Mallorca<\/span>\n\t\t\t\t\t\t\t\t<\/div>\n\t\t\t\t\t\t\t\t<H4 class=\"titulo-alojamiento\">\n\t\t\t\t\t\t\t\t\t Apartamento Son Calo E by Rentallorca\t\t\t\t\t\t\t\t<\/H4>\n\t\t\t\t\t\t\t\t<p class=\"precio-alojamiento\">Aus <span class=\"precio\">79.80\u20ac<\/span> pro Nacht<\/p>\n\t\t\t\t\t\t\t<\/div>\n\t\t\t\t\t\t<\/div>\n\t\t\t\t\t<\/a> \n\t\t\t\t\t\t\t\t<\/div>\n\t\t\t<\/div>\n\t\t\t\t\t\t<\/div>\n\t\t\t\t<\/div>\n\t\t\t\t\t<\/div>\n\t\t\t\t<\/div>\n\t\t\t\t<\/div>\n\t\t","protected":false},"excerpt":{"rendered":"<p>Wenn Sie denken, Mallorca besteht nur aus Str\u00e4nden und sonnenverbrannten Touristen, liegen Sie sehr falsch und haben h\u00f6chstwahrscheinlich noch nie durch die Stra\u00dfen von Petra geschlendert. Diese Region von Pla r\u00fchmt sich, ein Erlebnis purer Ruhe ohne die Notwendigkeit einer Wi-Fi-Verbindung zu bieten, und sie ist das beliebteste Ziel unter den Mallorquinern, um wirklich abzuschalten. [&hellip;]<\/p>\n","protected":false},"author":3,"featured_media":2035,"comment_status":"open","ping_status":"open","sticky":false,"template":"","format":"standard","meta":{"footnotes":""},"categories":[33],"tags":[],"class_list":["post-2256","post","type-post","status-publish","format-standard","has-post-thumbnail","hentry","category-reiseziele"],"yoast_head":"<!-- This site is optimized with the Yoast SEO plugin v27.5 - https:\/\/yoast.com\/product\/yoast-seo-wordpress\/ -->\n<title>Besuchen Sie Petra, einen wahren verborgenen Schatz auf den Balearen - Blog<\/title>\n<meta name=\"description\" content=\"Besuchen Sie Petra, Mallorcas charmante Stadt im Landesinneren \u2013 ideal f\u00fcr einen l\u00e4ndlichen Kurzurlaub mit Geschichte und Kultur.\" \/>\n<meta name=\"robots\" content=\"index, follow, max-snippet:-1, max-image-preview:large, max-video-preview:-1\" \/>\n<link rel=\"canonical\" href=\"https:\/\/rentallorca.com\/blog\/de\/petra\/\" \/>\n<meta property=\"og:locale\" content=\"de_DE\" \/>\n<meta property=\"og:type\" content=\"article\" \/>\n<meta property=\"og:title\" content=\"Besuchen Sie Petra, einen wahren verborgenen Schatz auf den Balearen - Blog\" \/>\n<meta property=\"og:description\" content=\"Besuchen Sie Petra, Mallorcas charmante Stadt im Landesinneren \u2013 ideal f\u00fcr einen l\u00e4ndlichen Kurzurlaub mit Geschichte und Kultur.\" \/>\n<meta property=\"og:url\" content=\"https:\/\/rentallorca.com\/blog\/de\/petra\/\" \/>\n<meta property=\"og:site_name\" content=\"Blog\" \/>\n<meta property=\"article:published_time\" content=\"2025-07-15T08:27:30+00:00\" \/>\n<meta property=\"article:modified_time\" content=\"2025-08-14T07:25:28+00:00\" \/>\n<meta property=\"og:image\" content=\"https:\/\/rentallorca.com\/blog\/wp-content\/uploads\/2025\/07\/visitar-petra-mallorca.jpg\" \/>\n\t<meta property=\"og:image:width\" content=\"2119\" \/>\n\t<meta property=\"og:image:height\" content=\"706\" \/>\n\t<meta property=\"og:image:type\" content=\"image\/jpeg\" \/>\n<meta name=\"author\" content=\"Axel\" \/>\n<meta name=\"twitter:card\" content=\"summary_large_image\" \/>\n<meta name=\"twitter:label1\" content=\"Written by\" \/>\n\t<meta name=\"twitter:data1\" content=\"Axel\" \/>\n\t<meta name=\"twitter:label2\" content=\"Est. reading time\" \/>\n\t<meta name=\"twitter:data2\" content=\"9 minutes\" \/>\n<script type=\"application\/ld+json\" class=\"yoast-schema-graph\">{\"@context\":\"https:\\\/\\\/schema.org\",\"@graph\":[{\"@type\":\"Article\",\"@id\":\"https:\\\/\\\/rentallorca.com\\\/blog\\\/de\\\/petra\\\/#article\",\"isPartOf\":{\"@id\":\"https:\\\/\\\/rentallorca.com\\\/blog\\\/de\\\/petra\\\/\"},\"author\":{\"name\":\"Axel\",\"@id\":\"https:\\\/\\\/rentallorca.com\\\/blog\\\/de\\\/#\\\/schema\\\/person\\\/8c5ebe5bf8d43e9757ab6869e1d4cbe4\"},\"headline\":\"Besuchen Sie Petra, einen wahren verborgenen Schatz auf den Balearen\",\"datePublished\":\"2025-07-15T08:27:30+00:00\",\"dateModified\":\"2025-08-14T07:25:28+00:00\",\"mainEntityOfPage\":{\"@id\":\"https:\\\/\\\/rentallorca.com\\\/blog\\\/de\\\/petra\\\/\"},\"wordCount\":1287,\"commentCount\":0,\"image\":{\"@id\":\"https:\\\/\\\/rentallorca.com\\\/blog\\\/de\\\/petra\\\/#primaryimage\"},\"thumbnailUrl\":\"https:\\\/\\\/rentallorca.com\\\/blog\\\/wp-content\\\/uploads\\\/2025\\\/07\\\/visitar-petra-mallorca.jpg\",\"articleSection\":[\"Reiseziele\"],\"inLanguage\":\"de\",\"potentialAction\":[{\"@type\":\"CommentAction\",\"name\":\"Comment\",\"target\":[\"https:\\\/\\\/rentallorca.com\\\/blog\\\/de\\\/petra\\\/#respond\"]}]},{\"@type\":\"WebPage\",\"@id\":\"https:\\\/\\\/rentallorca.com\\\/blog\\\/de\\\/petra\\\/\",\"url\":\"https:\\\/\\\/rentallorca.com\\\/blog\\\/de\\\/petra\\\/\",\"name\":\"Besuchen Sie Petra, einen wahren verborgenen Schatz auf den Balearen - Blog\",\"isPartOf\":{\"@id\":\"https:\\\/\\\/rentallorca.com\\\/blog\\\/de\\\/#website\"},\"primaryImageOfPage\":{\"@id\":\"https:\\\/\\\/rentallorca.com\\\/blog\\\/de\\\/petra\\\/#primaryimage\"},\"image\":{\"@id\":\"https:\\\/\\\/rentallorca.com\\\/blog\\\/de\\\/petra\\\/#primaryimage\"},\"thumbnailUrl\":\"https:\\\/\\\/rentallorca.com\\\/blog\\\/wp-content\\\/uploads\\\/2025\\\/07\\\/visitar-petra-mallorca.jpg\",\"datePublished\":\"2025-07-15T08:27:30+00:00\",\"dateModified\":\"2025-08-14T07:25:28+00:00\",\"author\":{\"@id\":\"https:\\\/\\\/rentallorca.com\\\/blog\\\/de\\\/#\\\/schema\\\/person\\\/8c5ebe5bf8d43e9757ab6869e1d4cbe4\"},\"description\":\"Besuchen Sie Petra, Mallorcas charmante Stadt im Landesinneren \u2013 ideal f\u00fcr einen l\u00e4ndlichen Kurzurlaub mit Geschichte und Kultur.\",\"breadcrumb\":{\"@id\":\"https:\\\/\\\/rentallorca.com\\\/blog\\\/de\\\/petra\\\/#breadcrumb\"},\"inLanguage\":\"de\",\"potentialAction\":[{\"@type\":\"ReadAction\",\"target\":[\"https:\\\/\\\/rentallorca.com\\\/blog\\\/de\\\/petra\\\/\"]}]},{\"@type\":\"ImageObject\",\"inLanguage\":\"de\",\"@id\":\"https:\\\/\\\/rentallorca.com\\\/blog\\\/de\\\/petra\\\/#primaryimage\",\"url\":\"https:\\\/\\\/rentallorca.com\\\/blog\\\/wp-content\\\/uploads\\\/2025\\\/07\\\/visitar-petra-mallorca.jpg\",\"contentUrl\":\"https:\\\/\\\/rentallorca.com\\\/blog\\\/wp-content\\\/uploads\\\/2025\\\/07\\\/visitar-petra-mallorca.jpg\",\"width\":2119,\"height\":706,\"caption\":\"Road to Petra on balearic island Mallorca. Spain, November 2016\"},{\"@type\":\"BreadcrumbList\",\"@id\":\"https:\\\/\\\/rentallorca.com\\\/blog\\\/de\\\/petra\\\/#breadcrumb\",\"itemListElement\":[{\"@type\":\"ListItem\",\"position\":1,\"name\":\"Home\",\"item\":\"https:\\\/\\\/rentallorca.com\\\/blog\\\/de\\\/\"},{\"@type\":\"ListItem\",\"position\":2,\"name\":\"Besuchen Sie Petra, einen wahren verborgenen Schatz auf den Balearen\"}]},{\"@type\":\"WebSite\",\"@id\":\"https:\\\/\\\/rentallorca.com\\\/blog\\\/de\\\/#website\",\"url\":\"https:\\\/\\\/rentallorca.com\\\/blog\\\/de\\\/\",\"name\":\"Blog\",\"description\":\"Rentallorca\",\"potentialAction\":[{\"@type\":\"SearchAction\",\"target\":{\"@type\":\"EntryPoint\",\"urlTemplate\":\"https:\\\/\\\/rentallorca.com\\\/blog\\\/de\\\/?s={search_term_string}\"},\"query-input\":{\"@type\":\"PropertyValueSpecification\",\"valueRequired\":true,\"valueName\":\"search_term_string\"}}],\"inLanguage\":\"de\"},{\"@type\":\"Person\",\"@id\":\"https:\\\/\\\/rentallorca.com\\\/blog\\\/de\\\/#\\\/schema\\\/person\\\/8c5ebe5bf8d43e9757ab6869e1d4cbe4\",\"name\":\"Axel\",\"image\":{\"@type\":\"ImageObject\",\"inLanguage\":\"de\",\"@id\":\"https:\\\/\\\/secure.gravatar.com\\\/avatar\\\/3bd706736e5b70f21f05f6c2d5cad746767782a4ba4b7df399c5969e2a9318fd?s=96&d=mm&r=g\",\"url\":\"https:\\\/\\\/secure.gravatar.com\\\/avatar\\\/3bd706736e5b70f21f05f6c2d5cad746767782a4ba4b7df399c5969e2a9318fd?s=96&d=mm&r=g\",\"contentUrl\":\"https:\\\/\\\/secure.gravatar.com\\\/avatar\\\/3bd706736e5b70f21f05f6c2d5cad746767782a4ba4b7df399c5969e2a9318fd?s=96&d=mm&r=g\",\"caption\":\"Axel\"},\"url\":\"https:\\\/\\\/rentallorca.com\\\/blog\\\/de\\\/author\\\/axel\\\/\"}]}<\/script>\n<!-- \/ Yoast SEO plugin. -->","yoast_head_json":{"title":"Besuchen Sie Petra, einen wahren verborgenen Schatz auf den Balearen - Blog","description":"Besuchen Sie Petra, Mallorcas charmante Stadt im Landesinneren \u2013 ideal f\u00fcr einen l\u00e4ndlichen Kurzurlaub mit Geschichte und Kultur.","robots":{"index":"index","follow":"follow","max-snippet":"max-snippet:-1","max-image-preview":"max-image-preview:large","max-video-preview":"max-video-preview:-1"},"canonical":"https:\/\/rentallorca.com\/blog\/de\/petra\/","og_locale":"de_DE","og_type":"article","og_title":"Besuchen Sie Petra, einen wahren verborgenen Schatz auf den Balearen - Blog","og_description":"Besuchen Sie Petra, Mallorcas charmante Stadt im Landesinneren \u2013 ideal f\u00fcr einen l\u00e4ndlichen Kurzurlaub mit Geschichte und Kultur.","og_url":"https:\/\/rentallorca.com\/blog\/de\/petra\/","og_site_name":"Blog","article_published_time":"2025-07-15T08:27:30+00:00","article_modified_time":"2025-08-14T07:25:28+00:00","og_image":[{"width":2119,"height":706,"url":"https:\/\/rentallorca.com\/blog\/wp-content\/uploads\/2025\/07\/visitar-petra-mallorca.jpg","type":"image\/jpeg"}],"author":"Axel","twitter_card":"summary_large_image","twitter_misc":{"Written by":"Axel","Est. reading time":"9 minutes"},"schema":{"@context":"https:\/\/schema.org","@graph":[{"@type":"Article","@id":"https:\/\/rentallorca.com\/blog\/de\/petra\/#article","isPartOf":{"@id":"https:\/\/rentallorca.com\/blog\/de\/petra\/"},"author":{"name":"Axel","@id":"https:\/\/rentallorca.com\/blog\/de\/#\/schema\/person\/8c5ebe5bf8d43e9757ab6869e1d4cbe4"},"headline":"Besuchen Sie Petra, einen wahren verborgenen Schatz auf den Balearen","datePublished":"2025-07-15T08:27:30+00:00","dateModified":"2025-08-14T07:25:28+00:00","mainEntityOfPage":{"@id":"https:\/\/rentallorca.com\/blog\/de\/petra\/"},"wordCount":1287,"commentCount":0,"image":{"@id":"https:\/\/rentallorca.com\/blog\/de\/petra\/#primaryimage"},"thumbnailUrl":"https:\/\/rentallorca.com\/blog\/wp-content\/uploads\/2025\/07\/visitar-petra-mallorca.jpg","articleSection":["Reiseziele"],"inLanguage":"de","potentialAction":[{"@type":"CommentAction","name":"Comment","target":["https:\/\/rentallorca.com\/blog\/de\/petra\/#respond"]}]},{"@type":"WebPage","@id":"https:\/\/rentallorca.com\/blog\/de\/petra\/","url":"https:\/\/rentallorca.com\/blog\/de\/petra\/","name":"Besuchen Sie Petra, einen wahren verborgenen Schatz auf den Balearen - Blog","isPartOf":{"@id":"https:\/\/rentallorca.com\/blog\/de\/#website"},"primaryImageOfPage":{"@id":"https:\/\/rentallorca.com\/blog\/de\/petra\/#primaryimage"},"image":{"@id":"https:\/\/rentallorca.com\/blog\/de\/petra\/#primaryimage"},"thumbnailUrl":"https:\/\/rentallorca.com\/blog\/wp-content\/uploads\/2025\/07\/visitar-petra-mallorca.jpg","datePublished":"2025-07-15T08:27:30+00:00","dateModified":"2025-08-14T07:25:28+00:00","author":{"@id":"https:\/\/rentallorca.com\/blog\/de\/#\/schema\/person\/8c5ebe5bf8d43e9757ab6869e1d4cbe4"},"description":"Besuchen Sie Petra, Mallorcas charmante Stadt im Landesinneren \u2013 ideal f\u00fcr einen l\u00e4ndlichen Kurzurlaub mit Geschichte und Kultur.","breadcrumb":{"@id":"https:\/\/rentallorca.com\/blog\/de\/petra\/#breadcrumb"},"inLanguage":"de","potentialAction":[{"@type":"ReadAction","target":["https:\/\/rentallorca.com\/blog\/de\/petra\/"]}]},{"@type":"ImageObject","inLanguage":"de","@id":"https:\/\/rentallorca.com\/blog\/de\/petra\/#primaryimage","url":"https:\/\/rentallorca.com\/blog\/wp-content\/uploads\/2025\/07\/visitar-petra-mallorca.jpg","contentUrl":"https:\/\/rentallorca.com\/blog\/wp-content\/uploads\/2025\/07\/visitar-petra-mallorca.jpg","width":2119,"height":706,"caption":"Road to Petra on balearic island Mallorca. Spain, November 2016"},{"@type":"BreadcrumbList","@id":"https:\/\/rentallorca.com\/blog\/de\/petra\/#breadcrumb","itemListElement":[{"@type":"ListItem","position":1,"name":"Home","item":"https:\/\/rentallorca.com\/blog\/de\/"},{"@type":"ListItem","position":2,"name":"Besuchen Sie Petra, einen wahren verborgenen Schatz auf den Balearen"}]},{"@type":"WebSite","@id":"https:\/\/rentallorca.com\/blog\/de\/#website","url":"https:\/\/rentallorca.com\/blog\/de\/","name":"Blog","description":"Rentallorca","potentialAction":[{"@type":"SearchAction","target":{"@type":"EntryPoint","urlTemplate":"https:\/\/rentallorca.com\/blog\/de\/?s={search_term_string}"},"query-input":{"@type":"PropertyValueSpecification","valueRequired":true,"valueName":"search_term_string"}}],"inLanguage":"de"},{"@type":"Person","@id":"https:\/\/rentallorca.com\/blog\/de\/#\/schema\/person\/8c5ebe5bf8d43e9757ab6869e1d4cbe4","name":"Axel","image":{"@type":"ImageObject","inLanguage":"de","@id":"https:\/\/secure.gravatar.com\/avatar\/3bd706736e5b70f21f05f6c2d5cad746767782a4ba4b7df399c5969e2a9318fd?s=96&d=mm&r=g","url":"https:\/\/secure.gravatar.com\/avatar\/3bd706736e5b70f21f05f6c2d5cad746767782a4ba4b7df399c5969e2a9318fd?s=96&d=mm&r=g","contentUrl":"https:\/\/secure.gravatar.com\/avatar\/3bd706736e5b70f21f05f6c2d5cad746767782a4ba4b7df399c5969e2a9318fd?s=96&d=mm&r=g","caption":"Axel"},"url":"https:\/\/rentallorca.com\/blog\/de\/author\/axel\/"}]}},"_links":{"self":[{"href":"https:\/\/rentallorca.com\/blog\/de\/wp-json\/wp\/v2\/posts\/2256","targetHints":{"allow":["GET"]}}],"collection":[{"href":"https:\/\/rentallorca.com\/blog\/de\/wp-json\/wp\/v2\/posts"}],"about":[{"href":"https:\/\/rentallorca.com\/blog\/de\/wp-json\/wp\/v2\/types\/post"}],"author":[{"embeddable":true,"href":"https:\/\/rentallorca.com\/blog\/de\/wp-json\/wp\/v2\/users\/3"}],"replies":[{"embeddable":true,"href":"https:\/\/rentallorca.com\/blog\/de\/wp-json\/wp\/v2\/comments?post=2256"}],"version-history":[{"count":4,"href":"https:\/\/rentallorca.com\/blog\/de\/wp-json\/wp\/v2\/posts\/2256\/revisions"}],"predecessor-version":[{"id":2277,"href":"https:\/\/rentallorca.com\/blog\/de\/wp-json\/wp\/v2\/posts\/2256\/revisions\/2277"}],"wp:featuredmedia":[{"embeddable":true,"href":"https:\/\/rentallorca.com\/blog\/de\/wp-json\/wp\/v2\/media\/2035"}],"wp:attachment":[{"href":"https:\/\/rentallorca.com\/blog\/de\/wp-json\/wp\/v2\/media?parent=2256"}],"wp:term":[{"taxonomy":"category","embeddable":true,"href":"https:\/\/rentallorca.com\/blog\/de\/wp-json\/wp\/v2\/categories?post=2256"},{"taxonomy":"post_tag","embeddable":true,"href":"https:\/\/rentallorca.com\/blog\/de\/wp-json\/wp\/v2\/tags?post=2256"}],"curies":[{"name":"wp","href":"https:\/\/api.w.org\/{rel}","templated":true}]}}