{"id":1958,"date":"2025-06-13T10:38:15","date_gmt":"2025-06-13T10:38:15","guid":{"rendered":"https:\/\/rentallorca.com\/blog\/?p=1958"},"modified":"2025-08-14T07:25:42","modified_gmt":"2025-08-14T07:25:42","slug":"wanderrouten-auf-mallorca","status":"publish","type":"post","link":"https:\/\/rentallorca.com\/blog\/de\/wanderrouten-auf-mallorca\/","title":{"rendered":"Dies sind die 10 besten Wanderrouten auf Mallorca"},"content":{"rendered":"\t\t<div data-elementor-type=\"wp-post\" data-elementor-id=\"1958\" class=\"elementor elementor-1958 elementor-1715\" data-elementor-post-type=\"post\">\n\t\t\t\t<div class=\"elementor-element elementor-element-2053e444 e-flex e-con-boxed e-con e-parent\" data-id=\"2053e444\" data-element_type=\"container\" data-e-type=\"container\">\n\t\t\t\t\t<div class=\"e-con-inner\">\n\t\t\t\t<div class=\"elementor-element elementor-element-67a8aab1 elementor-widget elementor-widget-text-editor\" data-id=\"67a8aab1\" data-element_type=\"widget\" data-e-type=\"widget\" data-widget_type=\"text-editor.default\">\n\t\t\t\t<div class=\"elementor-widget-container\">\n\t\t\t\t\t\t\t\t\t<p>Wir wissen, dass Mallorca ein privilegiertes Ziel ist, wenn Sie nach einem umfassenden Wandererlebnis suchen, das sich stark von den traditionellen unterscheidet. Was wir jedoch nicht immer bedenken, ist, dass <strong>Wandern viel mehr als nur k\u00f6rperliche Aktivit\u00e4t sein kann<\/strong>. Es ist auch eine Reise durch die Natur und die reiche Geschichte der Region.   <\/p><p>Die Insel genie\u00dft ein ideales mediterranes Klima, sodass <strong>Sie fast das ganze Jahr \u00fcber wandern k\u00f6nnen<\/strong>. Besonders im Fr\u00fchling und Herbst, wenn die Temperaturen angenehmer sind. Es gibt Wege f\u00fcr jeden Geschmack, einige schwieriger, andere leichter&#8230; aber alle sch\u00f6n.  <\/p><p>Heute m\u00f6chten wir Ihnen <strong>einige der bekanntesten Routen zum Wandern auf Mallorca<\/strong> im Detail vorstellen. Los geht&#8217;s:  <\/p>\t\t\t\t\t\t\t\t<\/div>\n\t\t\t\t<\/div>\n\t\t\t\t\t<\/div>\n\t\t\t\t<\/div>\n\t\t<div class=\"elementor-element elementor-element-5ca2ec0a e-flex e-con-boxed e-con e-parent\" data-id=\"5ca2ec0a\" data-element_type=\"container\" data-e-type=\"container\">\n\t\t\t\t\t<div class=\"e-con-inner\">\n\t\t\t\t<div class=\"elementor-element elementor-element-69b9cde1 elementor-widget elementor-widget-table-of-contents\" data-id=\"69b9cde1\" data-element_type=\"widget\" data-e-type=\"widget\" data-settings=\"{&quot;headings_by_tags&quot;:[&quot;h2&quot;,&quot;h3&quot;],&quot;exclude_headings_by_selector&quot;:[],&quot;marker_view&quot;:&quot;bullets&quot;,&quot;icon&quot;:{&quot;value&quot;:&quot;&quot;,&quot;library&quot;:&quot;&quot;},&quot;no_headings_message&quot;:&quot;No se ha encontrado ning\\u00fan encabezado en esta p\\u00e1gina.&quot;,&quot;hierarchical_view&quot;:&quot;yes&quot;,&quot;min_height&quot;:{&quot;unit&quot;:&quot;px&quot;,&quot;size&quot;:&quot;&quot;,&quot;sizes&quot;:[]},&quot;min_height_tablet&quot;:{&quot;unit&quot;:&quot;px&quot;,&quot;size&quot;:&quot;&quot;,&quot;sizes&quot;:[]},&quot;min_height_mobile&quot;:{&quot;unit&quot;:&quot;px&quot;,&quot;size&quot;:&quot;&quot;,&quot;sizes&quot;:[]}}\" data-widget_type=\"table-of-contents.default\">\n\t\t\t\t<div class=\"elementor-widget-container\">\n\t\t\t\t\t\t\t\t\t<div class=\"elementor-toc__header\">\n\t\t\t\t\t\t<div class=\"elementor-toc__header-title\">\n\t\t\t\tInhaltsverzeichnis\t\t\t<\/div>\n\t\t\t\t\t\t\t\t<\/div>\n\t\t\t\t<div id=\"elementor-toc__69b9cde1\" class=\"elementor-toc__body\">\n\t\t\t<div class=\"elementor-toc__spinner-container\">\n\t\t\t\t<svg class=\"elementor-toc__spinner eicon-animation-spin e-font-icon-svg e-eicon-loading\" aria-hidden=\"true\" viewBox=\"0 0 1000 1000\" xmlns=\"http:\/\/www.w3.org\/2000\/svg\"><path d=\"M500 975V858C696 858 858 696 858 500S696 142 500 142 142 304 142 500H25C25 237 238 25 500 25S975 237 975 500 763 975 500 975Z\"><\/path><\/svg>\t\t\t<\/div>\n\t\t<\/div>\n\t\t\t\t\t\t<\/div>\n\t\t\t\t<\/div>\n\t\t\t\t\t<\/div>\n\t\t\t\t<\/div>\n\t\t<div class=\"elementor-element elementor-element-794bc148 e-flex e-con-boxed e-con e-parent\" data-id=\"794bc148\" data-element_type=\"container\" data-e-type=\"container\">\n\t\t\t\t\t<div class=\"e-con-inner\">\n\t\t\t\t<div class=\"elementor-element elementor-element-447e3b7a elementor-widget elementor-widget-heading\" data-id=\"447e3b7a\" data-element_type=\"widget\" data-e-type=\"widget\" data-widget_type=\"heading.default\">\n\t\t\t\t<div class=\"elementor-widget-container\">\n\t\t\t\t\t<h2 class=\"elementor-heading-title elementor-size-default\">Dies ist unsere Top 10 der Wanderrouten auf Mallorca<\/h2>\t\t\t\t<\/div>\n\t\t\t\t<\/div>\n\t\t\t\t<div class=\"elementor-element elementor-element-302e66af elementor-widget elementor-widget-text-editor\" data-id=\"302e66af\" data-element_type=\"widget\" data-e-type=\"widget\" data-widget_type=\"text-editor.default\">\n\t\t\t\t<div class=\"elementor-widget-container\">\n\t\t\t\t\t\t\t\t\t<p>Eine der typischsten Situationen bei der Planung einer Route ist, <strong>viele Optionen im Kopf zu haben und nicht genau zu wissen, welche man w\u00e4hlen soll<\/strong>. Das ist einerseits positiv, da es Vielfalt bedeutet. Andererseits kann es zu Kopfzerbrechen f\u00fchren.  <\/p><p>Keine Sorge, denn heute wollen wir es Ihnen leicht machen. <strong>Wir haben eine Top 10 der Routen zusammengestellt, die all Ihre Zweifel<\/strong> vollst\u00e4ndig beseitigen werden. Hier ist sie!  <\/p>\t\t\t\t\t\t\t\t<\/div>\n\t\t\t\t<\/div>\n\t\t\t\t\t<\/div>\n\t\t\t\t<\/div>\n\t\t<div class=\"elementor-element elementor-element-55923cab e-flex e-con-boxed e-con e-parent\" data-id=\"55923cab\" data-element_type=\"container\" data-e-type=\"container\">\n\t\t\t\t\t<div class=\"e-con-inner\">\n\t\t\t\t<div class=\"elementor-element elementor-element-22998e30 elementor-widget elementor-widget-heading\" data-id=\"22998e30\" data-element_type=\"widget\" data-e-type=\"widget\" data-widget_type=\"heading.default\">\n\t\t\t\t<div class=\"elementor-widget-container\">\n\t\t\t\t\t<h3 class=\"elementor-heading-title elementor-size-default\">Barranc de Biniaraix (S\u00f3ller)<\/h3>\t\t\t\t<\/div>\n\t\t\t\t<\/div>\n\t\t\t\t<div class=\"elementor-element elementor-element-19fde26a elementor-widget elementor-widget-text-editor\" data-id=\"19fde26a\" data-element_type=\"widget\" data-e-type=\"widget\" data-widget_type=\"text-editor.default\">\n\t\t\t\t<div class=\"elementor-widget-container\">\n\t\t\t\t\t\t\t\t\t<p>Dieser etwa 12 km lange Weg mit mittlerem bis hohem Schwierigkeitsgrad beginnt im malerischen Dorf Biniaraix und ist ein wahres Juwel der Serra de Tramuntana. Die meisten Besucher <strong>bleiben mit offenem Mund stehen, wenn sie die beeindruckende traditionelle Trockensteinmauertechnik sehen<\/strong>, die \u00fcbrigens zum Kulturgut erkl\u00e4rt wurde. Das Interessanteste an diesem Weg ist, dass er jahrhundertealte Olivenhaine und Terrassen durchquert und spektakul\u00e4re Ausblicke auf das Tal von S\u00f3ller und den Puig Major bietet.   <\/p>\t\t\t\t\t\t\t\t<\/div>\n\t\t\t\t<\/div>\n\t\t\t\t\t<\/div>\n\t\t\t\t<\/div>\n\t\t<div class=\"elementor-element elementor-element-f6666d1 e-flex e-con-boxed e-con e-parent\" data-id=\"f6666d1\" data-element_type=\"container\" data-e-type=\"container\">\n\t\t\t\t\t<div class=\"e-con-inner\">\n\t\t\t\t<div class=\"elementor-element elementor-element-10d5670 elementor-widget elementor-widget-heading\" data-id=\"10d5670\" data-element_type=\"widget\" data-e-type=\"widget\" data-widget_type=\"heading.default\">\n\t\t\t\t<div class=\"elementor-widget-container\">\n\t\t\t\t\t<h3 class=\"elementor-heading-title elementor-size-default\">Castell d'Alar\u00f3<\/h3>\t\t\t\t<\/div>\n\t\t\t\t<\/div>\n\t\t\t\t<div class=\"elementor-element elementor-element-48f0c55 elementor-widget elementor-widget-text-editor\" data-id=\"48f0c55\" data-element_type=\"widget\" data-e-type=\"widget\" data-widget_type=\"text-editor.default\">\n\t\t\t\t<div class=\"elementor-widget-container\">\n\t\t\t\t\t\t\t\t\t<p>Es ist eine emblematische Route f\u00fcr Liebhaber des historischen und panoramischen Wanderns auf Mallorca. <strong>Der Aufstieg zum Schloss, das auf einem felsigen Gipfel liegt, hat einen mittleren Schwierigkeitsgrad<\/strong>. Einige Abschnitte sind felsig und steil, daher wollen wir nicht l\u00fcgen, sie erfordern eine gute k\u00f6rperliche Verfassung. Wenn Sie ans Gehen gew\u00f6hnt sind und keine M\u00fche scheuen, versichern wir Ihnen, dass es eine anspruchsvolle, aber sehr lohnende Wanderung ist.   <\/p>\t\t\t\t\t\t\t\t<\/div>\n\t\t\t\t<\/div>\n\t\t\t\t<div class=\"elementor-element elementor-element-4731f3c elementor-widget elementor-widget-image\" data-id=\"4731f3c\" data-element_type=\"widget\" data-e-type=\"widget\" data-widget_type=\"image.default\">\n\t\t\t\t<div class=\"elementor-widget-container\">\n\t\t\t\t\t\t\t\t\t\t\t\t\t\t\t<img fetchpriority=\"high\" decoding=\"async\" width=\"1183\" height=\"591\" src=\"https:\/\/rentallorca.com\/blog\/wp-content\/uploads\/2025\/06\/Castell-dAlaro.jpg\" class=\"attachment-full size-full wp-image-1738\" alt=\"\" srcset=\"https:\/\/rentallorca.com\/blog\/wp-content\/uploads\/2025\/06\/Castell-dAlaro.jpg 1183w, https:\/\/rentallorca.com\/blog\/wp-content\/uploads\/2025\/06\/Castell-dAlaro-300x150.jpg 300w, https:\/\/rentallorca.com\/blog\/wp-content\/uploads\/2025\/06\/Castell-dAlaro-1024x512.jpg 1024w, https:\/\/rentallorca.com\/blog\/wp-content\/uploads\/2025\/06\/Castell-dAlaro-768x384.jpg 768w\" sizes=\"(max-width: 1183px) 100vw, 1183px\" \/>\t\t\t\t\t\t\t\t\t\t\t\t\t\t\t<\/div>\n\t\t\t\t<\/div>\n\t\t\t\t\t<\/div>\n\t\t\t\t<\/div>\n\t\t<div class=\"elementor-element elementor-element-a7a2fbc e-flex e-con-boxed e-con e-parent\" data-id=\"a7a2fbc\" data-element_type=\"container\" data-e-type=\"container\">\n\t\t\t\t\t<div class=\"e-con-inner\">\n\t\t\t\t<div class=\"elementor-element elementor-element-818be05 elementor-widget elementor-widget-heading\" data-id=\"818be05\" data-element_type=\"widget\" data-e-type=\"widget\" data-widget_type=\"heading.default\">\n\t\t\t\t<div class=\"elementor-widget-container\">\n\t\t\t\t\t<h3 class=\"elementor-heading-title elementor-size-default\">Puig de Galatz\u00f3<\/h3>\t\t\t\t<\/div>\n\t\t\t\t<\/div>\n\t\t\t\t<div class=\"elementor-element elementor-element-f33d8fa elementor-widget elementor-widget-text-editor\" data-id=\"f33d8fa\" data-element_type=\"widget\" data-e-type=\"widget\" data-widget_type=\"text-editor.default\">\n\t\t\t\t<div class=\"elementor-widget-container\">\n\t\t\t\t\t\t\t\t\t<p>Der Puig de Galatz\u00f3 mit einer H\u00f6he von 1.026 Metern ist <strong>einer der zug\u00e4nglichsten und beliebtesten Gipfel in der Serra de Tramuntana<\/strong>. Touristen besuchen ihn haupts\u00e4chlich wegen seiner nat\u00fcrlichen Sch\u00f6nheit, der gesamten Flora und Fauna und der M\u00f6glichkeit, eine Rundwanderung zu machen, die Quellen und Rastpl\u00e4tze zum Abk\u00fchlen umfasst.<\/p>\t\t\t\t\t\t\t\t<\/div>\n\t\t\t\t<\/div>\n\t\t\t\t\t<\/div>\n\t\t\t\t<\/div>\n\t\t<div class=\"elementor-element elementor-element-d4a1626 e-flex e-con-boxed e-con e-parent\" data-id=\"d4a1626\" data-element_type=\"container\" data-e-type=\"container\">\n\t\t\t\t\t<div class=\"e-con-inner\">\n\t\t\t\t<div class=\"elementor-element elementor-element-06b4678 elementor-widget elementor-widget-heading\" data-id=\"06b4678\" data-element_type=\"widget\" data-e-type=\"widget\" data-widget_type=\"heading.default\">\n\t\t\t\t<div class=\"elementor-widget-container\">\n\t\t\t\t\t<h3 class=\"elementor-heading-title elementor-size-default\">Puig de Massanella<\/h3>\t\t\t\t<\/div>\n\t\t\t\t<\/div>\n\t\t\t\t<div class=\"elementor-element elementor-element-33dba3c elementor-widget elementor-widget-text-editor\" data-id=\"33dba3c\" data-element_type=\"widget\" data-e-type=\"widget\" data-widget_type=\"text-editor.default\">\n\t\t\t\t<div class=\"elementor-widget-container\">\n\t\t\t\t\t\t\t\t\t<p>Der Puig de Massanella ist der zweith\u00f6chste Berg Mallorcas und <strong>stellt selbst f\u00fcr erfahrene Wanderer eine Herausforderung dar<\/strong>. Ja, die Route ist anspruchsvoll, mit Abschnitten steilen Aufstiegs und felsigem Gel\u00e4nde, was sie perfekt macht, wenn Sie Lust haben, Hochgebirgsgel\u00e4nde auf der Insel zu erleben.  <\/p>\t\t\t\t\t\t\t\t<\/div>\n\t\t\t\t<\/div>\n\t\t\t\t\t<\/div>\n\t\t\t\t<\/div>\n\t\t<div class=\"elementor-element elementor-element-9017cf3 e-flex e-con-boxed e-con e-parent\" data-id=\"9017cf3\" data-element_type=\"container\" data-e-type=\"container\">\n\t\t\t\t\t<div class=\"e-con-inner\">\n\t\t\t\t<div class=\"elementor-element elementor-element-967c171 elementor-widget elementor-widget-heading\" data-id=\"967c171\" data-element_type=\"widget\" data-e-type=\"widget\" data-widget_type=\"heading.default\">\n\t\t\t\t<div class=\"elementor-widget-container\">\n\t\t\t\t\t<h3 class=\"elementor-heading-title elementor-size-default\">Torrent de Pareis<\/h3>\t\t\t\t<\/div>\n\t\t\t\t<\/div>\n\t\t\t\t<div class=\"elementor-element elementor-element-841fc50 elementor-widget elementor-widget-text-editor\" data-id=\"841fc50\" data-element_type=\"widget\" data-e-type=\"widget\" data-widget_type=\"text-editor.default\">\n\t\t\t\t<div class=\"elementor-widget-container\">\n\t\t\t\t\t\t\t\t\t<p>Wenn Sie Abenteuer m\u00f6gen und bereits trainiert sind, ist dies die Route Ihrer Tr\u00e4ume. Die Landschaft ist verr\u00fcckt und der Schwierigkeitsgrad hoch, <strong>zudem ist sie ber\u00fchmt f\u00fcr ihre spektakul\u00e4re Schlucht zwischen Klippen<\/strong>. Dieser Weg ist eher f\u00fcr erfahrene Wanderer geeignet, da das Gel\u00e4nde rau ist und ein paar technische Passagen hat, die Kletterpartien und enge Bereiche einschlie\u00dfen.   <\/p>\t\t\t\t\t\t\t\t<\/div>\n\t\t\t\t<\/div>\n\t\t\t\t<div class=\"elementor-element elementor-element-66a6d73 elementor-widget elementor-widget-image\" data-id=\"66a6d73\" data-element_type=\"widget\" data-e-type=\"widget\" data-widget_type=\"image.default\">\n\t\t\t\t<div class=\"elementor-widget-container\">\n\t\t\t\t\t\t\t\t\t\t\t\t\t\t\t<img decoding=\"async\" width=\"1254\" height=\"626\" src=\"https:\/\/rentallorca.com\/blog\/wp-content\/uploads\/2025\/06\/Torrent-de-Pareis.jpg\" class=\"attachment-full size-full wp-image-1741\" alt=\"\" srcset=\"https:\/\/rentallorca.com\/blog\/wp-content\/uploads\/2025\/06\/Torrent-de-Pareis.jpg 1254w, https:\/\/rentallorca.com\/blog\/wp-content\/uploads\/2025\/06\/Torrent-de-Pareis-300x150.jpg 300w, https:\/\/rentallorca.com\/blog\/wp-content\/uploads\/2025\/06\/Torrent-de-Pareis-1024x511.jpg 1024w, https:\/\/rentallorca.com\/blog\/wp-content\/uploads\/2025\/06\/Torrent-de-Pareis-768x383.jpg 768w\" sizes=\"(max-width: 1254px) 100vw, 1254px\" \/>\t\t\t\t\t\t\t\t\t\t\t\t\t\t\t<\/div>\n\t\t\t\t<\/div>\n\t\t\t\t\t<\/div>\n\t\t\t\t<\/div>\n\t\t<div class=\"elementor-element elementor-element-c811141 e-flex e-con-boxed e-con e-parent\" data-id=\"c811141\" data-element_type=\"container\" data-e-type=\"container\">\n\t\t\t\t\t<div class=\"e-con-inner\">\n\t\t\t\t<div class=\"elementor-element elementor-element-51d8dfb elementor-widget elementor-widget-heading\" data-id=\"51d8dfb\" data-element_type=\"widget\" data-e-type=\"widget\" data-widget_type=\"heading.default\">\n\t\t\t\t<div class=\"elementor-widget-container\">\n\t\t\t\t\t<h3 class=\"elementor-heading-title elementor-size-default\">Volta al Puig Roig<\/h3>\t\t\t\t<\/div>\n\t\t\t\t<\/div>\n\t\t\t\t<div class=\"elementor-element elementor-element-e2c276f elementor-widget elementor-widget-text-editor\" data-id=\"e2c276f\" data-element_type=\"widget\" data-e-type=\"widget\" data-widget_type=\"text-editor.default\">\n\t\t\t\t<div class=\"elementor-widget-container\">\n\t\t\t\t\t\t\t\t\t<p>Die Route umkreist den Puig Roig, sodass Sie die Kamera Ihres Handys mit Panoramablicken und vielf\u00e4ltigen Landschaften f\u00fcllen und engen Kontakt zur lokalen Flora und Fauna haben k\u00f6nnen. Wenn Sie einer jener Wanderer sind, die <strong>eine unterhaltsame Wanderung ohne gro\u00dfe technische Anforderungen<\/strong> suchen, werden Sie hier die Ruhe und nat\u00fcrliche Sch\u00f6nheit Mallorcas genie\u00dfen.  <\/p>\t\t\t\t\t\t\t\t<\/div>\n\t\t\t\t<\/div>\n\t\t\t\t\t<\/div>\n\t\t\t\t<\/div>\n\t\t<div class=\"elementor-element elementor-element-df2007b e-flex e-con-boxed e-con e-parent\" data-id=\"df2007b\" data-element_type=\"container\" data-e-type=\"container\">\n\t\t\t\t\t<div class=\"e-con-inner\">\n\t\t\t\t<div class=\"elementor-element elementor-element-8c83e36 elementor-widget elementor-widget-heading\" data-id=\"8c83e36\" data-element_type=\"widget\" data-e-type=\"widget\" data-widget_type=\"heading.default\">\n\t\t\t\t<div class=\"elementor-widget-container\">\n\t\t\t\t\t<h3 class=\"elementor-heading-title elementor-size-default\">Puig des Teix von Valldemossa<\/h3>\t\t\t\t<\/div>\n\t\t\t\t<\/div>\n\t\t\t\t<div class=\"elementor-element elementor-element-8c37f1b elementor-widget elementor-widget-text-editor\" data-id=\"8c37f1b\" data-element_type=\"widget\" data-e-type=\"widget\" data-widget_type=\"text-editor.default\">\n\t\t\t\t<div class=\"elementor-widget-container\">\n\t\t\t\t\t\t\t\t\t<p>Dieser Weg f\u00fchrt durch mediterrane W\u00e4lder und <strong>bietet spektakul\u00e4re Ausblicke auf das Tal von Valldemossa und die K\u00fcste<\/strong>. Er ist vom Dorf aus zug\u00e4nglich und die Sch\u00f6nheit der Landschaft schafft eine perfekte Kombination aus kulturellem und nat\u00fcrlichem Erlebnis in einer einzigen Wanderung.  <\/p>\t\t\t\t\t\t\t\t<\/div>\n\t\t\t\t<\/div>\n\t\t\t\t\t<\/div>\n\t\t\t\t<\/div>\n\t\t<div class=\"elementor-element elementor-element-bcca3be e-flex e-con-boxed e-con e-parent\" data-id=\"bcca3be\" data-element_type=\"container\" data-e-type=\"container\">\n\t\t\t\t\t<div class=\"e-con-inner\">\n\t\t\t\t<div class=\"elementor-element elementor-element-627fc43 elementor-widget elementor-widget-heading\" data-id=\"627fc43\" data-element_type=\"widget\" data-e-type=\"widget\" data-widget_type=\"heading.default\">\n\t\t\t\t<div class=\"elementor-widget-container\">\n\t\t\t\t\t<h3 class=\"elementor-heading-title elementor-size-default\">Route zur Sa Foradada<\/h3>\t\t\t\t<\/div>\n\t\t\t\t<\/div>\n\t\t\t\t<div class=\"elementor-element elementor-element-fba8e24 elementor-widget elementor-widget-text-editor\" data-id=\"fba8e24\" data-element_type=\"widget\" data-e-type=\"widget\" data-widget_type=\"text-editor.default\">\n\t\t\t\t<div class=\"elementor-widget-container\">\n\t\t\t\t\t\t\t\t\t<p>Dieser einzigartige Weg ist eine beliebte Wanderung aufgrund seiner Besonderheit und K\u00fcstensch\u00f6nheit. Mit niedrigem bis mittlerem Schwierigkeitsgrad f\u00fchrt der Weg zu einem Aussichtspunkt mit Blick auf das ikonische nat\u00fcrliche Loch im Felsen, Sa Foradada.  <strong>. Die Route bietet Meerblick und einen einzigartigen Fotopunkt<\/strong>, was sie zu einem der Favoriten f\u00fcr einen Familienspaziergang und ein bisschen Sightseeing macht.<\/p>\t\t\t\t\t\t\t\t<\/div>\n\t\t\t\t<\/div>\n\t\t\t\t<div class=\"elementor-element elementor-element-03937d3 elementor-widget elementor-widget-image\" data-id=\"03937d3\" data-element_type=\"widget\" data-e-type=\"widget\" data-widget_type=\"image.default\">\n\t\t\t\t<div class=\"elementor-widget-container\">\n\t\t\t\t\t\t\t\t\t\t\t\t\t\t\t<img decoding=\"async\" width=\"1254\" height=\"627\" src=\"https:\/\/rentallorca.com\/blog\/wp-content\/uploads\/2025\/06\/Ruta-a-Sa-Foradada.jpg\" class=\"attachment-full size-full wp-image-1744\" alt=\"\" srcset=\"https:\/\/rentallorca.com\/blog\/wp-content\/uploads\/2025\/06\/Ruta-a-Sa-Foradada.jpg 1254w, https:\/\/rentallorca.com\/blog\/wp-content\/uploads\/2025\/06\/Ruta-a-Sa-Foradada-300x150.jpg 300w, https:\/\/rentallorca.com\/blog\/wp-content\/uploads\/2025\/06\/Ruta-a-Sa-Foradada-1024x512.jpg 1024w, https:\/\/rentallorca.com\/blog\/wp-content\/uploads\/2025\/06\/Ruta-a-Sa-Foradada-768x384.jpg 768w\" sizes=\"(max-width: 1254px) 100vw, 1254px\" \/>\t\t\t\t\t\t\t\t\t\t\t\t\t\t\t<\/div>\n\t\t\t\t<\/div>\n\t\t\t\t\t<\/div>\n\t\t\t\t<\/div>\n\t\t<div class=\"elementor-element elementor-element-9837ed6 e-flex e-con-boxed e-con e-parent\" data-id=\"9837ed6\" data-element_type=\"container\" data-e-type=\"container\">\n\t\t\t\t\t<div class=\"e-con-inner\">\n\t\t\t\t<div class=\"elementor-element elementor-element-b28845d elementor-widget elementor-widget-heading\" data-id=\"b28845d\" data-element_type=\"widget\" data-e-type=\"widget\" data-widget_type=\"heading.default\">\n\t\t\t\t<div class=\"elementor-widget-container\">\n\t\t\t\t\t<h3 class=\"elementor-heading-title elementor-size-default\">Sa Costera (S\u00f3ller - Cala Tuent)<\/h3>\t\t\t\t<\/div>\n\t\t\t\t<\/div>\n\t\t\t\t<div class=\"elementor-element elementor-element-8a37d54 elementor-widget elementor-widget-text-editor\" data-id=\"8a37d54\" data-element_type=\"widget\" data-e-type=\"widget\" data-widget_type=\"text-editor.default\">\n\t\t\t\t<div class=\"elementor-widget-container\">\n\t\t\t\t\t\t\t\t\t<p>Die Sa Costera Route, die S\u00f3ller verbindet, <strong>ist bekannt f\u00fcr ihren hohen Schwierigkeitsgrad aufgrund ihrer L\u00e4nge und betr\u00e4chtlichen H\u00f6henunterschiede<\/strong>. Aber ihre Belohnung sind die spektakul\u00e4ren Ausblicke auf das Meer und die Serra de Tramuntana.  <\/p><p>Diese Wanderung <strong>f\u00fchrt Sie durch abwechslungsreiche Landschaften von W\u00e4ldern bis zu Klippen<\/strong>. Sie ist h\u00e4ufiger unter erfahrenen Wanderern beliebt, die eine erhebliche k\u00f6rperliche Herausforderung suchen und tief in die mallorquinische Natur eintauchen m\u00f6chten.  <\/p>\t\t\t\t\t\t\t\t<\/div>\n\t\t\t\t<\/div>\n\t\t\t\t\t<\/div>\n\t\t\t\t<\/div>\n\t\t<div class=\"elementor-element elementor-element-44ebf4e e-flex e-con-boxed e-con e-parent\" data-id=\"44ebf4e\" data-element_type=\"container\" data-e-type=\"container\">\n\t\t\t\t\t<div class=\"e-con-inner\">\n\t\t\t\t<div class=\"elementor-element elementor-element-979cea3 elementor-widget elementor-widget-heading\" data-id=\"979cea3\" data-element_type=\"widget\" data-e-type=\"widget\" data-widget_type=\"heading.default\">\n\t\t\t\t<div class=\"elementor-widget-container\">\n\t\t\t\t\t<h3 class=\"elementor-heading-title elementor-size-default\">S \u201eArenalet d\u201c Albarca <\/h3>\t\t\t\t<\/div>\n\t\t\t\t<\/div>\n\t\t\t\t<div class=\"elementor-element elementor-element-ee88ec7 elementor-widget elementor-widget-text-editor\" data-id=\"ee88ec7\" data-element_type=\"widget\" data-e-type=\"widget\" data-widget_type=\"text-editor.default\">\n\t\t\t\t<div class=\"elementor-widget-container\">\n\t\t\t\t\t\t\t\t\t<p>Wenn Sie exklusive und ruhige Wege m\u00f6gen, bietet die S \u201eArenalet d\u201c Albarca-Route <strong>einen K\u00fcstenpfad, der sich durch seine gesch\u00fctzte nat\u00fcrliche Umgebung<\/strong> mit einem schwer zug\u00e4nglichen Strand auszeichnet. Sie wird h\u00e4ufig von denjenigen gew\u00e4hlt, die ein wilderes und weniger \u00fcberlaufenes Erlebnis suchen und die unber\u00fchrte Natur und das Meer in einer abgeschiedenen Umgebung genie\u00dfen m\u00f6chten.  <\/p>\t\t\t\t\t\t\t\t<\/div>\n\t\t\t\t<\/div>\n\t\t\t\t<div class=\"elementor-element elementor-element-588086a elementor-widget elementor-widget-image\" data-id=\"588086a\" data-element_type=\"widget\" data-e-type=\"widget\" data-widget_type=\"image.default\">\n\t\t\t\t<div class=\"elementor-widget-container\">\n\t\t\t\t\t\t\t\t\t\t\t\t\t\t\t<img loading=\"lazy\" decoding=\"async\" width=\"1183\" height=\"591\" src=\"https:\/\/rentallorca.com\/blog\/wp-content\/uploads\/2025\/06\/SArenalet-dAlbarca.jpg\" class=\"attachment-full size-full wp-image-1747\" alt=\"\" srcset=\"https:\/\/rentallorca.com\/blog\/wp-content\/uploads\/2025\/06\/SArenalet-dAlbarca.jpg 1183w, https:\/\/rentallorca.com\/blog\/wp-content\/uploads\/2025\/06\/SArenalet-dAlbarca-300x150.jpg 300w, https:\/\/rentallorca.com\/blog\/wp-content\/uploads\/2025\/06\/SArenalet-dAlbarca-1024x512.jpg 1024w, https:\/\/rentallorca.com\/blog\/wp-content\/uploads\/2025\/06\/SArenalet-dAlbarca-768x384.jpg 768w\" sizes=\"(max-width: 1183px) 100vw, 1183px\" \/>\t\t\t\t\t\t\t\t\t\t\t\t\t\t\t<\/div>\n\t\t\t\t<\/div>\n\t\t\t\t\t<\/div>\n\t\t\t\t<\/div>\n\t\t<div class=\"elementor-element elementor-element-6f9a7d2 e-flex e-con-boxed e-con e-parent\" data-id=\"6f9a7d2\" data-element_type=\"container\" data-e-type=\"container\">\n\t\t\t\t\t<div class=\"e-con-inner\">\n\t\t\t\t<div class=\"elementor-element elementor-element-0028e6b elementor-widget elementor-widget-heading\" data-id=\"0028e6b\" data-element_type=\"widget\" data-e-type=\"widget\" data-widget_type=\"heading.default\">\n\t\t\t\t<div class=\"elementor-widget-container\">\n\t\t\t\t\t<h2 class=\"elementor-heading-title elementor-size-default\">Es gibt viele M\u00f6glichkeiten, die Natur auf Mallorca zu genie\u00dfen, aber... Haben Sie schon eine Unterkunft? <\/h2>\t\t\t\t<\/div>\n\t\t\t\t<\/div>\n\t\t\t\t<div class=\"elementor-element elementor-element-cdaf014 elementor-widget elementor-widget-text-editor\" data-id=\"cdaf014\" data-element_type=\"widget\" data-e-type=\"widget\" data-widget_type=\"text-editor.default\">\n\t\t\t\t<div class=\"elementor-widget-container\">\n\t\t\t\t\t\t\t\t\t<p>Wir wollen nicht l\u00fcgen, Wandern kann ziemlich erm\u00fcdend sein. Und wenn Sie diesen Artikel lesen, wissen Sie das bereits gut. Nun, <strong>stellen Sie sich vor, Sie kommen von Ihrer Wanderroute zur\u00fcck und was Sie erwartet, ist eine unbequeme Unterkunft<\/strong>, die Ihren Bed\u00fcrfnissen nicht gerecht wird. Das w\u00e4re eine Katastrophe, oder?    <\/p><p>Nun, zum Gl\u00fcck sind Sie noch rechtzeitig dran, um das zu vermeiden<strong>. Sie m\u00fcssen nur Ihre Unterkunft auf Mallorca auf unserer Website buchen. <\/strong>W\u00e4hlen Sie die Option, die am besten zu Ihren Bed\u00fcrfnissen passt, immer zu einem wettbewerbsf\u00e4higen Preis und in bester Qualit\u00e4t. Bei uns haben Ihre Wanderrouten immer ein gl\u00fcckliches Ende: die R\u00fcckkehr an einen Ort, an dem Sie sich wie zu Hause f\u00fchlen.  <\/p>\t\t\t\t\t\t\t\t<\/div>\n\t\t\t\t<\/div>\n\t\t\t\t\t<\/div>\n\t\t\t\t<\/div>\n\t\t<div class=\"elementor-element elementor-element-12463464 e-flex e-con-boxed e-con e-parent\" data-id=\"12463464\" data-element_type=\"container\" data-e-type=\"container\">\n\t\t\t\t\t<div class=\"e-con-inner\">\n\t\t\t\t<div class=\"elementor-element elementor-element-1cd7bbf5 elementor-widget elementor-widget-shortcode\" data-id=\"1cd7bbf5\" data-element_type=\"widget\" data-e-type=\"widget\" data-widget_type=\"shortcode.default\">\n\t\t\t\t<div class=\"elementor-widget-container\">\n\t\t\t\t\t\t\t<div class=\"elementor-shortcode\">\t\t<div data-elementor-type=\"page\" data-elementor-id=\"271\" class=\"elementor elementor-271 elementor-170 elementor-170\" data-elementor-post-type=\"elementor_library\">\n\t\t\t\t<div class=\"elementor-element elementor-element-16c5e22 e-flex e-con-boxed e-con e-parent\" data-id=\"16c5e22\" data-element_type=\"container\" data-e-type=\"container\">\n\t\t\t\t\t<div class=\"e-con-inner\">\n\t\t<div class=\"elementor-element elementor-element-ac67807 e-con-full e-flex e-con e-child\" data-id=\"ac67807\" data-element_type=\"container\" data-e-type=\"container\">\n\t\t\t\t<div class=\"elementor-element elementor-element-2ab04b2 elementor-align-justify elementor-widget elementor-widget-button\" data-id=\"2ab04b2\" data-element_type=\"widget\" data-e-type=\"widget\" data-widget_type=\"button.default\">\n\t\t\t\t<div class=\"elementor-widget-container\">\n\t\t\t\t\t\t\t\t\t<div class=\"elementor-button-wrapper\">\n\t\t\t\t\t<a class=\"elementor-button elementor-button-link elementor-size-sm\" href=\"https:\/\/rentallorca.com\/de\/vermietung\/vermietungen-mallorca-e21\/\">\n\t\t\t\t\t\t<span class=\"elementor-button-content-wrapper\">\n\t\t\t\t\t\t\t\t\t<span class=\"elementor-button-text\">Unterk\u00fcnfte in  Mallorca<\/span>\n\t\t\t\t\t<\/span>\n\t\t\t\t\t<\/a>\n\t\t\t\t<\/div>\n\t\t\t\t\t\t\t\t<\/div>\n\t\t\t\t<\/div>\n\t\t\t\t<\/div>\n\t\t<div class=\"elementor-element elementor-element-6bea3dd e-con-full e-flex e-con e-child\" data-id=\"6bea3dd\" data-element_type=\"container\" data-e-type=\"container\">\n\t\t\t\t<div class=\"elementor-element elementor-element-ff8a437 elementor-align-justify elementor-widget elementor-widget-button\" data-id=\"ff8a437\" data-element_type=\"widget\" data-e-type=\"widget\" data-widget_type=\"button.default\">\n\t\t\t\t<div class=\"elementor-widget-container\">\n\t\t\t\t\t\t\t\t\t<div class=\"elementor-button-wrapper\">\n\t\t\t\t\t<a class=\"elementor-button elementor-button-link elementor-size-sm\" href=\"https:\/\/rentallorca.com\/de\/vermietung\/ferienwohnungen-mallorca-c1e21\/\">\n\t\t\t\t\t\t<span class=\"elementor-button-content-wrapper\">\n\t\t\t\t\t\t\t\t\t<span class=\"elementor-button-text\">Wohnungen in Mallorca<\/span>\n\t\t\t\t\t<\/span>\n\t\t\t\t\t<\/a>\n\t\t\t\t<\/div>\n\t\t\t\t\t\t\t\t<\/div>\n\t\t\t\t<\/div>\n\t\t\t\t<\/div>\n\t\t<div class=\"elementor-element elementor-element-d557a64 e-con-full e-flex e-con e-child\" data-id=\"d557a64\" data-element_type=\"container\" data-e-type=\"container\">\n\t\t\t\t<div class=\"elementor-element elementor-element-4421fc4 elementor-align-justify elementor-widget elementor-widget-button\" data-id=\"4421fc4\" data-element_type=\"widget\" data-e-type=\"widget\" data-widget_type=\"button.default\">\n\t\t\t\t<div class=\"elementor-widget-container\">\n\t\t\t\t\t\t\t\t\t<div class=\"elementor-button-wrapper\">\n\t\t\t\t\t<a class=\"elementor-button elementor-button-link elementor-size-sm\" href=\"https:\/\/rentallorca.com\/de\/vermietung\/ferienhauser-alcudia-c19d1098\/\">\n\t\t\t\t\t\t<span class=\"elementor-button-content-wrapper\">\n\t\t\t\t\t\t\t\t\t<span class=\"elementor-button-text\">H\u00e4user in Mallorca<\/span>\n\t\t\t\t\t<\/span>\n\t\t\t\t\t<\/a>\n\t\t\t\t<\/div>\n\t\t\t\t\t\t\t\t<\/div>\n\t\t\t\t<\/div>\n\t\t\t\t<\/div>\n\t\t<div class=\"elementor-element elementor-element-995a361 e-con-full e-flex e-con e-child\" data-id=\"995a361\" data-element_type=\"container\" data-e-type=\"container\">\n\t\t\t\t<div class=\"elementor-element elementor-element-e6addd0 elementor-align-justify elementor-widget elementor-widget-button\" data-id=\"e6addd0\" data-element_type=\"widget\" data-e-type=\"widget\" data-widget_type=\"button.default\">\n\t\t\t\t<div class=\"elementor-widget-container\">\n\t\t\t\t\t\t\t\t\t<div class=\"elementor-button-wrapper\">\n\t\t\t\t\t<a class=\"elementor-button elementor-button-link elementor-size-sm\" href=\"https:\/\/rentallorca.com\/de\/vermietung\/fincas-mallorca-c22e21\/\">\n\t\t\t\t\t\t<span class=\"elementor-button-content-wrapper\">\n\t\t\t\t\t\t\t\t\t<span class=\"elementor-button-text\">Bauernh\u00f6fe in Mallorca<\/span>\n\t\t\t\t\t<\/span>\n\t\t\t\t\t<\/a>\n\t\t\t\t<\/div>\n\t\t\t\t\t\t\t\t<\/div>\n\t\t\t\t<\/div>\n\t\t\t\t<\/div>\n\t\t\t\t\t<\/div>\n\t\t\t\t<\/div>\n\t\t\t\t<\/div>\n\t\t<\/div>\n\t\t\t\t\t\t<\/div>\n\t\t\t\t<\/div>\n\t\t\t\t\t<\/div>\n\t\t\t\t<\/div>\n\t\t\t\t<\/div>\n\t\t","protected":false},"excerpt":{"rendered":"<p>Wir wissen, dass Mallorca ein privilegiertes Ziel ist, wenn Sie nach einem umfassenden Wandererlebnis suchen, das sich stark von den traditionellen unterscheidet. Was wir jedoch nicht immer bedenken, ist, dass Wandern viel mehr als nur k\u00f6rperliche Aktivit\u00e4t sein kann. Es ist auch eine Reise durch die Natur und die reiche Geschichte der Region. Die Insel [&hellip;]<\/p>\n","protected":false},"author":3,"featured_media":1989,"comment_status":"open","ping_status":"open","sticky":false,"template":"","format":"standard","meta":{"footnotes":""},"categories":[34],"tags":[],"class_list":["post-1958","post","type-post","status-publish","format-standard","has-post-thumbnail","hentry","category-mallorca-destino"],"yoast_head":"<!-- This site is optimized with the Yoast SEO plugin v27.5 - https:\/\/yoast.com\/product\/yoast-seo-wordpress\/ -->\n<title>Dies sind die 10 besten Wanderrouten auf Mallorca - Blog<\/title>\n<meta name=\"description\" content=\"Erkunden Sie die besten Wanderwege auf Mallorca und atmen Sie die Natur ein. Entdecken Sie den Charme der Insel.\" \/>\n<meta name=\"robots\" content=\"index, follow, max-snippet:-1, max-image-preview:large, max-video-preview:-1\" \/>\n<link rel=\"canonical\" href=\"https:\/\/rentallorca.com\/blog\/de\/wanderrouten-auf-mallorca\/\" \/>\n<meta property=\"og:locale\" content=\"de_DE\" \/>\n<meta property=\"og:type\" content=\"article\" \/>\n<meta property=\"og:title\" content=\"Dies sind die 10 besten Wanderrouten auf Mallorca - Blog\" \/>\n<meta property=\"og:description\" content=\"Erkunden Sie die besten Wanderwege auf Mallorca und atmen Sie die Natur ein. Entdecken Sie den Charme der Insel.\" \/>\n<meta property=\"og:url\" content=\"https:\/\/rentallorca.com\/blog\/de\/wanderrouten-auf-mallorca\/\" \/>\n<meta property=\"og:site_name\" content=\"Blog\" \/>\n<meta property=\"article:published_time\" content=\"2025-06-13T10:38:15+00:00\" \/>\n<meta property=\"article:modified_time\" content=\"2025-08-14T07:25:42+00:00\" \/>\n<meta property=\"og:image\" content=\"https:\/\/rentallorca.com\/blog\/wp-content\/uploads\/2025\/06\/rutas-senderismo-mallorca-2.webp\" \/>\n\t<meta property=\"og:image:width\" content=\"1920\" \/>\n\t<meta property=\"og:image:height\" content=\"650\" \/>\n\t<meta property=\"og:image:type\" content=\"image\/webp\" \/>\n<meta name=\"author\" content=\"Axel\" \/>\n<meta name=\"twitter:card\" content=\"summary_large_image\" \/>\n<meta name=\"twitter:label1\" content=\"Written by\" \/>\n\t<meta name=\"twitter:data1\" content=\"Axel\" \/>\n\t<meta name=\"twitter:label2\" content=\"Est. reading time\" \/>\n\t<meta name=\"twitter:data2\" content=\"6 minutes\" \/>\n<script type=\"application\/ld+json\" class=\"yoast-schema-graph\">{\"@context\":\"https:\\\/\\\/schema.org\",\"@graph\":[{\"@type\":\"Article\",\"@id\":\"https:\\\/\\\/rentallorca.com\\\/blog\\\/de\\\/wanderrouten-auf-mallorca\\\/#article\",\"isPartOf\":{\"@id\":\"https:\\\/\\\/rentallorca.com\\\/blog\\\/de\\\/wanderrouten-auf-mallorca\\\/\"},\"author\":{\"name\":\"Axel\",\"@id\":\"https:\\\/\\\/rentallorca.com\\\/blog\\\/de\\\/#\\\/schema\\\/person\\\/8c5ebe5bf8d43e9757ab6869e1d4cbe4\"},\"headline\":\"Dies sind die 10 besten Wanderrouten auf Mallorca\",\"datePublished\":\"2025-06-13T10:38:15+00:00\",\"dateModified\":\"2025-08-14T07:25:42+00:00\",\"mainEntityOfPage\":{\"@id\":\"https:\\\/\\\/rentallorca.com\\\/blog\\\/de\\\/wanderrouten-auf-mallorca\\\/\"},\"wordCount\":1022,\"commentCount\":0,\"image\":{\"@id\":\"https:\\\/\\\/rentallorca.com\\\/blog\\\/de\\\/wanderrouten-auf-mallorca\\\/#primaryimage\"},\"thumbnailUrl\":\"https:\\\/\\\/rentallorca.com\\\/blog\\\/wp-content\\\/uploads\\\/2025\\\/06\\\/rutas-senderismo-mallorca-2.webp\",\"articleSection\":[\"Mallorca\"],\"inLanguage\":\"de\",\"potentialAction\":[{\"@type\":\"CommentAction\",\"name\":\"Comment\",\"target\":[\"https:\\\/\\\/rentallorca.com\\\/blog\\\/de\\\/wanderrouten-auf-mallorca\\\/#respond\"]}]},{\"@type\":\"WebPage\",\"@id\":\"https:\\\/\\\/rentallorca.com\\\/blog\\\/de\\\/wanderrouten-auf-mallorca\\\/\",\"url\":\"https:\\\/\\\/rentallorca.com\\\/blog\\\/de\\\/wanderrouten-auf-mallorca\\\/\",\"name\":\"Dies sind die 10 besten Wanderrouten auf Mallorca - Blog\",\"isPartOf\":{\"@id\":\"https:\\\/\\\/rentallorca.com\\\/blog\\\/de\\\/#website\"},\"primaryImageOfPage\":{\"@id\":\"https:\\\/\\\/rentallorca.com\\\/blog\\\/de\\\/wanderrouten-auf-mallorca\\\/#primaryimage\"},\"image\":{\"@id\":\"https:\\\/\\\/rentallorca.com\\\/blog\\\/de\\\/wanderrouten-auf-mallorca\\\/#primaryimage\"},\"thumbnailUrl\":\"https:\\\/\\\/rentallorca.com\\\/blog\\\/wp-content\\\/uploads\\\/2025\\\/06\\\/rutas-senderismo-mallorca-2.webp\",\"datePublished\":\"2025-06-13T10:38:15+00:00\",\"dateModified\":\"2025-08-14T07:25:42+00:00\",\"author\":{\"@id\":\"https:\\\/\\\/rentallorca.com\\\/blog\\\/de\\\/#\\\/schema\\\/person\\\/8c5ebe5bf8d43e9757ab6869e1d4cbe4\"},\"description\":\"Erkunden Sie die besten Wanderwege auf Mallorca und atmen Sie die Natur ein. Entdecken Sie den Charme der Insel.\",\"breadcrumb\":{\"@id\":\"https:\\\/\\\/rentallorca.com\\\/blog\\\/de\\\/wanderrouten-auf-mallorca\\\/#breadcrumb\"},\"inLanguage\":\"de\",\"potentialAction\":[{\"@type\":\"ReadAction\",\"target\":[\"https:\\\/\\\/rentallorca.com\\\/blog\\\/de\\\/wanderrouten-auf-mallorca\\\/\"]}]},{\"@type\":\"ImageObject\",\"inLanguage\":\"de\",\"@id\":\"https:\\\/\\\/rentallorca.com\\\/blog\\\/de\\\/wanderrouten-auf-mallorca\\\/#primaryimage\",\"url\":\"https:\\\/\\\/rentallorca.com\\\/blog\\\/wp-content\\\/uploads\\\/2025\\\/06\\\/rutas-senderismo-mallorca-2.webp\",\"contentUrl\":\"https:\\\/\\\/rentallorca.com\\\/blog\\\/wp-content\\\/uploads\\\/2025\\\/06\\\/rutas-senderismo-mallorca-2.webp\",\"width\":1920,\"height\":650},{\"@type\":\"BreadcrumbList\",\"@id\":\"https:\\\/\\\/rentallorca.com\\\/blog\\\/de\\\/wanderrouten-auf-mallorca\\\/#breadcrumb\",\"itemListElement\":[{\"@type\":\"ListItem\",\"position\":1,\"name\":\"Home\",\"item\":\"https:\\\/\\\/rentallorca.com\\\/blog\\\/de\\\/\"},{\"@type\":\"ListItem\",\"position\":2,\"name\":\"Dies sind die 10 besten Wanderrouten auf Mallorca\"}]},{\"@type\":\"WebSite\",\"@id\":\"https:\\\/\\\/rentallorca.com\\\/blog\\\/de\\\/#website\",\"url\":\"https:\\\/\\\/rentallorca.com\\\/blog\\\/de\\\/\",\"name\":\"Blog\",\"description\":\"Rentallorca\",\"potentialAction\":[{\"@type\":\"SearchAction\",\"target\":{\"@type\":\"EntryPoint\",\"urlTemplate\":\"https:\\\/\\\/rentallorca.com\\\/blog\\\/de\\\/?s={search_term_string}\"},\"query-input\":{\"@type\":\"PropertyValueSpecification\",\"valueRequired\":true,\"valueName\":\"search_term_string\"}}],\"inLanguage\":\"de\"},{\"@type\":\"Person\",\"@id\":\"https:\\\/\\\/rentallorca.com\\\/blog\\\/de\\\/#\\\/schema\\\/person\\\/8c5ebe5bf8d43e9757ab6869e1d4cbe4\",\"name\":\"Axel\",\"image\":{\"@type\":\"ImageObject\",\"inLanguage\":\"de\",\"@id\":\"https:\\\/\\\/secure.gravatar.com\\\/avatar\\\/3bd706736e5b70f21f05f6c2d5cad746767782a4ba4b7df399c5969e2a9318fd?s=96&d=mm&r=g\",\"url\":\"https:\\\/\\\/secure.gravatar.com\\\/avatar\\\/3bd706736e5b70f21f05f6c2d5cad746767782a4ba4b7df399c5969e2a9318fd?s=96&d=mm&r=g\",\"contentUrl\":\"https:\\\/\\\/secure.gravatar.com\\\/avatar\\\/3bd706736e5b70f21f05f6c2d5cad746767782a4ba4b7df399c5969e2a9318fd?s=96&d=mm&r=g\",\"caption\":\"Axel\"},\"url\":\"https:\\\/\\\/rentallorca.com\\\/blog\\\/de\\\/author\\\/axel\\\/\"}]}<\/script>\n<!-- \/ Yoast SEO plugin. -->","yoast_head_json":{"title":"Dies sind die 10 besten Wanderrouten auf Mallorca - Blog","description":"Erkunden Sie die besten Wanderwege auf Mallorca und atmen Sie die Natur ein. Entdecken Sie den Charme der Insel.","robots":{"index":"index","follow":"follow","max-snippet":"max-snippet:-1","max-image-preview":"max-image-preview:large","max-video-preview":"max-video-preview:-1"},"canonical":"https:\/\/rentallorca.com\/blog\/de\/wanderrouten-auf-mallorca\/","og_locale":"de_DE","og_type":"article","og_title":"Dies sind die 10 besten Wanderrouten auf Mallorca - Blog","og_description":"Erkunden Sie die besten Wanderwege auf Mallorca und atmen Sie die Natur ein. Entdecken Sie den Charme der Insel.","og_url":"https:\/\/rentallorca.com\/blog\/de\/wanderrouten-auf-mallorca\/","og_site_name":"Blog","article_published_time":"2025-06-13T10:38:15+00:00","article_modified_time":"2025-08-14T07:25:42+00:00","og_image":[{"width":1920,"height":650,"url":"https:\/\/rentallorca.com\/blog\/wp-content\/uploads\/2025\/06\/rutas-senderismo-mallorca-2.webp","type":"image\/webp"}],"author":"Axel","twitter_card":"summary_large_image","twitter_misc":{"Written by":"Axel","Est. reading time":"6 minutes"},"schema":{"@context":"https:\/\/schema.org","@graph":[{"@type":"Article","@id":"https:\/\/rentallorca.com\/blog\/de\/wanderrouten-auf-mallorca\/#article","isPartOf":{"@id":"https:\/\/rentallorca.com\/blog\/de\/wanderrouten-auf-mallorca\/"},"author":{"name":"Axel","@id":"https:\/\/rentallorca.com\/blog\/de\/#\/schema\/person\/8c5ebe5bf8d43e9757ab6869e1d4cbe4"},"headline":"Dies sind die 10 besten Wanderrouten auf Mallorca","datePublished":"2025-06-13T10:38:15+00:00","dateModified":"2025-08-14T07:25:42+00:00","mainEntityOfPage":{"@id":"https:\/\/rentallorca.com\/blog\/de\/wanderrouten-auf-mallorca\/"},"wordCount":1022,"commentCount":0,"image":{"@id":"https:\/\/rentallorca.com\/blog\/de\/wanderrouten-auf-mallorca\/#primaryimage"},"thumbnailUrl":"https:\/\/rentallorca.com\/blog\/wp-content\/uploads\/2025\/06\/rutas-senderismo-mallorca-2.webp","articleSection":["Mallorca"],"inLanguage":"de","potentialAction":[{"@type":"CommentAction","name":"Comment","target":["https:\/\/rentallorca.com\/blog\/de\/wanderrouten-auf-mallorca\/#respond"]}]},{"@type":"WebPage","@id":"https:\/\/rentallorca.com\/blog\/de\/wanderrouten-auf-mallorca\/","url":"https:\/\/rentallorca.com\/blog\/de\/wanderrouten-auf-mallorca\/","name":"Dies sind die 10 besten Wanderrouten auf Mallorca - Blog","isPartOf":{"@id":"https:\/\/rentallorca.com\/blog\/de\/#website"},"primaryImageOfPage":{"@id":"https:\/\/rentallorca.com\/blog\/de\/wanderrouten-auf-mallorca\/#primaryimage"},"image":{"@id":"https:\/\/rentallorca.com\/blog\/de\/wanderrouten-auf-mallorca\/#primaryimage"},"thumbnailUrl":"https:\/\/rentallorca.com\/blog\/wp-content\/uploads\/2025\/06\/rutas-senderismo-mallorca-2.webp","datePublished":"2025-06-13T10:38:15+00:00","dateModified":"2025-08-14T07:25:42+00:00","author":{"@id":"https:\/\/rentallorca.com\/blog\/de\/#\/schema\/person\/8c5ebe5bf8d43e9757ab6869e1d4cbe4"},"description":"Erkunden Sie die besten Wanderwege auf Mallorca und atmen Sie die Natur ein. Entdecken Sie den Charme der Insel.","breadcrumb":{"@id":"https:\/\/rentallorca.com\/blog\/de\/wanderrouten-auf-mallorca\/#breadcrumb"},"inLanguage":"de","potentialAction":[{"@type":"ReadAction","target":["https:\/\/rentallorca.com\/blog\/de\/wanderrouten-auf-mallorca\/"]}]},{"@type":"ImageObject","inLanguage":"de","@id":"https:\/\/rentallorca.com\/blog\/de\/wanderrouten-auf-mallorca\/#primaryimage","url":"https:\/\/rentallorca.com\/blog\/wp-content\/uploads\/2025\/06\/rutas-senderismo-mallorca-2.webp","contentUrl":"https:\/\/rentallorca.com\/blog\/wp-content\/uploads\/2025\/06\/rutas-senderismo-mallorca-2.webp","width":1920,"height":650},{"@type":"BreadcrumbList","@id":"https:\/\/rentallorca.com\/blog\/de\/wanderrouten-auf-mallorca\/#breadcrumb","itemListElement":[{"@type":"ListItem","position":1,"name":"Home","item":"https:\/\/rentallorca.com\/blog\/de\/"},{"@type":"ListItem","position":2,"name":"Dies sind die 10 besten Wanderrouten auf Mallorca"}]},{"@type":"WebSite","@id":"https:\/\/rentallorca.com\/blog\/de\/#website","url":"https:\/\/rentallorca.com\/blog\/de\/","name":"Blog","description":"Rentallorca","potentialAction":[{"@type":"SearchAction","target":{"@type":"EntryPoint","urlTemplate":"https:\/\/rentallorca.com\/blog\/de\/?s={search_term_string}"},"query-input":{"@type":"PropertyValueSpecification","valueRequired":true,"valueName":"search_term_string"}}],"inLanguage":"de"},{"@type":"Person","@id":"https:\/\/rentallorca.com\/blog\/de\/#\/schema\/person\/8c5ebe5bf8d43e9757ab6869e1d4cbe4","name":"Axel","image":{"@type":"ImageObject","inLanguage":"de","@id":"https:\/\/secure.gravatar.com\/avatar\/3bd706736e5b70f21f05f6c2d5cad746767782a4ba4b7df399c5969e2a9318fd?s=96&d=mm&r=g","url":"https:\/\/secure.gravatar.com\/avatar\/3bd706736e5b70f21f05f6c2d5cad746767782a4ba4b7df399c5969e2a9318fd?s=96&d=mm&r=g","contentUrl":"https:\/\/secure.gravatar.com\/avatar\/3bd706736e5b70f21f05f6c2d5cad746767782a4ba4b7df399c5969e2a9318fd?s=96&d=mm&r=g","caption":"Axel"},"url":"https:\/\/rentallorca.com\/blog\/de\/author\/axel\/"}]}},"_links":{"self":[{"href":"https:\/\/rentallorca.com\/blog\/de\/wp-json\/wp\/v2\/posts\/1958","targetHints":{"allow":["GET"]}}],"collection":[{"href":"https:\/\/rentallorca.com\/blog\/de\/wp-json\/wp\/v2\/posts"}],"about":[{"href":"https:\/\/rentallorca.com\/blog\/de\/wp-json\/wp\/v2\/types\/post"}],"author":[{"embeddable":true,"href":"https:\/\/rentallorca.com\/blog\/de\/wp-json\/wp\/v2\/users\/3"}],"replies":[{"embeddable":true,"href":"https:\/\/rentallorca.com\/blog\/de\/wp-json\/wp\/v2\/comments?post=1958"}],"version-history":[{"count":4,"href":"https:\/\/rentallorca.com\/blog\/de\/wp-json\/wp\/v2\/posts\/1958\/revisions"}],"predecessor-version":[{"id":1968,"href":"https:\/\/rentallorca.com\/blog\/de\/wp-json\/wp\/v2\/posts\/1958\/revisions\/1968"}],"wp:featuredmedia":[{"embeddable":true,"href":"https:\/\/rentallorca.com\/blog\/de\/wp-json\/wp\/v2\/media\/1989"}],"wp:attachment":[{"href":"https:\/\/rentallorca.com\/blog\/de\/wp-json\/wp\/v2\/media?parent=1958"}],"wp:term":[{"taxonomy":"category","embeddable":true,"href":"https:\/\/rentallorca.com\/blog\/de\/wp-json\/wp\/v2\/categories?post=1958"},{"taxonomy":"post_tag","embeddable":true,"href":"https:\/\/rentallorca.com\/blog\/de\/wp-json\/wp\/v2\/tags?post=1958"}],"curies":[{"name":"wp","href":"https:\/\/api.w.org\/{rel}","templated":true}]}}