{"id":1956,"date":"2025-06-13T10:27:28","date_gmt":"2025-06-13T10:27:28","guid":{"rendered":"https:\/\/rentallorca.com\/blog\/?p=1956"},"modified":"2025-07-17T08:19:10","modified_gmt":"2025-07-17T08:19:10","slug":"manacor","status":"publish","type":"post","link":"https:\/\/rentallorca.com\/blog\/de\/manacor\/","title":{"rendered":"Was gibt es in Manacor zu sehen? Hier ist Ihr vollst\u00e4ndiger Reisef\u00fchrer"},"content":{"rendered":"\t\t<div data-elementor-type=\"wp-post\" data-elementor-id=\"1956\" class=\"elementor elementor-1956 elementor-1710\" data-elementor-post-type=\"post\">\n\t\t\t\t<div class=\"elementor-element elementor-element-4b70e5fd e-flex e-con-boxed e-con e-parent\" data-id=\"4b70e5fd\" data-element_type=\"container\" data-e-type=\"container\">\n\t\t\t\t\t<div class=\"e-con-inner\">\n\t\t\t\t<div class=\"elementor-element elementor-element-55a019d0 elementor-widget elementor-widget-text-editor\" data-id=\"55a019d0\" data-element_type=\"widget\" data-e-type=\"widget\" data-widget_type=\"text-editor.default\">\n\t\t\t\t<div class=\"elementor-widget-container\">\n\t\t\t\t\t\t\t\t\t<p>Ja, wir wissen, dass Sie, auch wenn die mallorquinische Geografie nicht Ihre St\u00e4rke ist, <strong>den Namen Manacor schon tausendmal geh\u00f6rt haben<\/strong>. Vielleicht wegen eines bestimmten Tennisspielers, der vor nicht allzu langer Zeit den einen oder anderen Titel gewonnen hat&#8230; wer wei\u00df.  <\/p><p>Aber Sie werden nicht sehr \u00fcberrascht sein, wenn wir Ihnen sagen, dass Manacor viel (viel) mehr ist als Rafael Nadals Heimatstadt. Wir sprechen von <strong>einer der sch\u00f6nsten St\u00e4dte Mallorcas,<\/strong> die jedes Jahr von Touristen gew\u00e4hlt wird, um all ihren Charme zu genie\u00dfen.  <\/p><p>Wissen Sie jetzt, was man in Manacor unternehmen kann? <strong>Interessieren Sie sich f\u00fcr einen kleinen Reisef\u00fchrer, um Ihren Besuch zu planen? <\/strong>Z\u00f6gern Sie nicht l\u00e4nger und lesen Sie weiter in diesem Artikel mit Top-Informationen, damit Sie das beste Erlebnis haben k\u00f6nnen. Los geht&#8217;s!  <\/p>\t\t\t\t\t\t\t\t<\/div>\n\t\t\t\t<\/div>\n\t\t\t\t\t<\/div>\n\t\t\t\t<\/div>\n\t\t<div class=\"elementor-element elementor-element-2bb88bdd e-flex e-con-boxed e-con e-parent\" data-id=\"2bb88bdd\" data-element_type=\"container\" data-e-type=\"container\">\n\t\t\t\t\t<div class=\"e-con-inner\">\n\t\t\t\t<div class=\"elementor-element elementor-element-4478de36 elementor-widget elementor-widget-table-of-contents\" data-id=\"4478de36\" data-element_type=\"widget\" data-e-type=\"widget\" data-settings=\"{&quot;headings_by_tags&quot;:[&quot;h2&quot;,&quot;h3&quot;],&quot;exclude_headings_by_selector&quot;:[],&quot;marker_view&quot;:&quot;bullets&quot;,&quot;icon&quot;:{&quot;value&quot;:&quot;&quot;,&quot;library&quot;:&quot;&quot;},&quot;no_headings_message&quot;:&quot;No se ha encontrado ning\\u00fan encabezado en esta p\\u00e1gina.&quot;,&quot;hierarchical_view&quot;:&quot;yes&quot;,&quot;min_height&quot;:{&quot;unit&quot;:&quot;px&quot;,&quot;size&quot;:&quot;&quot;,&quot;sizes&quot;:[]},&quot;min_height_tablet&quot;:{&quot;unit&quot;:&quot;px&quot;,&quot;size&quot;:&quot;&quot;,&quot;sizes&quot;:[]},&quot;min_height_mobile&quot;:{&quot;unit&quot;:&quot;px&quot;,&quot;size&quot;:&quot;&quot;,&quot;sizes&quot;:[]}}\" data-widget_type=\"table-of-contents.default\">\n\t\t\t\t<div class=\"elementor-widget-container\">\n\t\t\t\t\t\t\t\t\t<div class=\"elementor-toc__header\">\n\t\t\t\t\t\t<div class=\"elementor-toc__header-title\">\n\t\t\t\tInhaltsverzeichnis\t\t\t<\/div>\n\t\t\t\t\t\t\t\t<\/div>\n\t\t\t\t<div id=\"elementor-toc__4478de36\" class=\"elementor-toc__body\">\n\t\t\t<div class=\"elementor-toc__spinner-container\">\n\t\t\t\t<svg class=\"elementor-toc__spinner eicon-animation-spin e-font-icon-svg e-eicon-loading\" aria-hidden=\"true\" viewBox=\"0 0 1000 1000\" xmlns=\"http:\/\/www.w3.org\/2000\/svg\"><path d=\"M500 975V858C696 858 858 696 858 500S696 142 500 142 142 304 142 500H25C25 237 238 25 500 25S975 237 975 500 763 975 500 975Z\"><\/path><\/svg>\t\t\t<\/div>\n\t\t<\/div>\n\t\t\t\t\t\t<\/div>\n\t\t\t\t<\/div>\n\t\t\t\t\t<\/div>\n\t\t\t\t<\/div>\n\t\t<div class=\"elementor-element elementor-element-169b2c18 e-flex e-con-boxed e-con e-parent\" data-id=\"169b2c18\" data-element_type=\"container\" data-e-type=\"container\">\n\t\t\t\t\t<div class=\"e-con-inner\">\n\t\t\t\t<div class=\"elementor-element elementor-element-5a35ce4b elementor-widget elementor-widget-heading\" data-id=\"5a35ce4b\" data-element_type=\"widget\" data-e-type=\"widget\" data-widget_type=\"heading.default\">\n\t\t\t\t<div class=\"elementor-widget-container\">\n\t\t\t\t\t<h2 class=\"elementor-heading-title elementor-size-default\">Das sind die Sehensw\u00fcrdigkeiten in Manacor, die Sie nicht verpassen sollten<\/h2>\t\t\t\t<\/div>\n\t\t\t\t<\/div>\n\t\t\t\t<div class=\"elementor-element elementor-element-6a436bd elementor-widget elementor-widget-text-editor\" data-id=\"6a436bd\" data-element_type=\"widget\" data-e-type=\"widget\" data-widget_type=\"text-editor.default\">\n\t\t\t\t<div class=\"elementor-widget-container\">\n\t\t\t\t\t\t\t\t\t<p>Sie wussten es vielleicht nicht, aber <strong>diese sch\u00f6ne Stadt ist die zweitbev\u00f6lkerungsreichste auf Mallorca.<\/strong> Tausende von Menschen leben hier, und viele andere w\u00e4hlen sie als Urlaubsziel wegen ihrer Gastronomie und Aktivit\u00e4ten, sowohl tags\u00fcber als auch nachts.<\/p><p>Manacor verbindet Tradition und Natur, daher <strong>ist es perfekt, wenn Sie Lust auf einen vollst\u00e4ndigen und authentischen Urlaub auf der Insel haben<\/strong>, nicht nur um den Strand zu genie\u00dfen (was nicht wenig ist). Es hat auch unglaubliche Orte f\u00fcr diejenigen, die mit Familie, Freunden oder allein reisen.  <\/p><p>Hier hinterlassen wir Ihnen <strong>die Sehensw\u00fcrdigkeiten, die Sie w\u00e4hrend Ihres Aufenthalts unbedingt besuchen sollten<\/strong>. Lassen Sie uns sie im Folgenden betrachten:  <\/p>\t\t\t\t\t\t\t\t<\/div>\n\t\t\t\t<\/div>\n\t\t\t\t\t<\/div>\n\t\t\t\t<\/div>\n\t\t<div class=\"elementor-element elementor-element-717bb15a e-flex e-con-boxed e-con e-parent\" data-id=\"717bb15a\" data-element_type=\"container\" data-e-type=\"container\">\n\t\t\t\t\t<div class=\"e-con-inner\">\n\t\t\t\t<div class=\"elementor-element elementor-element-111416cd elementor-widget elementor-widget-heading\" data-id=\"111416cd\" data-element_type=\"widget\" data-e-type=\"widget\" data-widget_type=\"heading.default\">\n\t\t\t\t<div class=\"elementor-widget-container\">\n\t\t\t\t\t<h3 class=\"elementor-heading-title elementor-size-default\">Kirche Unserer Lieben Frau der Schmerzen<\/h3>\t\t\t\t<\/div>\n\t\t\t\t<\/div>\n\t\t\t\t<div class=\"elementor-element elementor-element-2a2ca4b0 elementor-widget elementor-widget-text-editor\" data-id=\"2a2ca4b0\" data-element_type=\"widget\" data-e-type=\"widget\" data-widget_type=\"text-editor.default\">\n\t\t\t\t<div class=\"elementor-widget-container\">\n\t\t\t\t\t\t\t\t\t<p>Es ist ein <strong>neugotisches architektonisches Juwel aus dem 19. Jahrhundert<\/strong>, das Sie nicht verpassen d\u00fcrfen. Seine imposante Fassade und die Zwillingst\u00fcrme dominieren die Skyline des historischen Zentrums und machen es zu einem der bekanntesten Symbole der Stadt.  <\/p>\t\t\t\t\t\t\t\t<\/div>\n\t\t\t\t<\/div>\n\t\t\t\t\t<\/div>\n\t\t\t\t<\/div>\n\t\t<div class=\"elementor-element elementor-element-03b6f32 e-flex e-con-boxed e-con e-parent\" data-id=\"03b6f32\" data-element_type=\"container\" data-e-type=\"container\">\n\t\t\t\t\t<div class=\"e-con-inner\">\n\t\t\t\t<div class=\"elementor-element elementor-element-ec2df23 elementor-widget elementor-widget-heading\" data-id=\"ec2df23\" data-element_type=\"widget\" data-e-type=\"widget\" data-widget_type=\"heading.default\">\n\t\t\t\t<div class=\"elementor-widget-container\">\n\t\t\t\t\t<h3 class=\"elementor-heading-title elementor-size-default\">Historisches Museum<\/h3>\t\t\t\t<\/div>\n\t\t\t\t<\/div>\n\t\t\t\t<div class=\"elementor-element elementor-element-7454893 elementor-widget elementor-widget-text-editor\" data-id=\"7454893\" data-element_type=\"widget\" data-e-type=\"widget\" data-widget_type=\"text-editor.default\">\n\t\t\t\t<div class=\"elementor-widget-container\">\n\t\t\t\t\t\t\t\t\t<p>Im Turm von Els Enagistes gelegen, <strong>bietet es einen Blick auf Manacors Vergangenheit, von der Vorgeschichte bis zur Neuzeit.<\/strong> Diese alte Verteidigungsanlage aus dem 14. Jahrhundert ist an sich schon eine Attraktion, aber warten Sie, bis Sie entdecken, was sie im Inneren birgt. Die Ausstellungen nehmen Sie mit auf eine faszinierende Zeitreise, bei der Sie verstehen k\u00f6nnen, wie das Leben auf Mallorca vor Jahrhunderten war.  <\/p>\t\t\t\t\t\t\t\t<\/div>\n\t\t\t\t<\/div>\n\t\t\t\t<div class=\"elementor-element elementor-element-e3f42ea elementor-widget elementor-widget-image\" data-id=\"e3f42ea\" data-element_type=\"widget\" data-e-type=\"widget\" data-widget_type=\"image.default\">\n\t\t\t\t<div class=\"elementor-widget-container\">\n\t\t\t\t\t\t\t\t\t\t\t\t\t\t\t<img fetchpriority=\"high\" decoding=\"async\" width=\"1254\" height=\"705\" src=\"https:\/\/rentallorca.com\/blog\/wp-content\/uploads\/2025\/06\/museo-manacor.jpg\" class=\"attachment-full size-full wp-image-1725\" alt=\"\" srcset=\"https:\/\/rentallorca.com\/blog\/wp-content\/uploads\/2025\/06\/museo-manacor.jpg 1254w, https:\/\/rentallorca.com\/blog\/wp-content\/uploads\/2025\/06\/museo-manacor-300x169.jpg 300w, https:\/\/rentallorca.com\/blog\/wp-content\/uploads\/2025\/06\/museo-manacor-1024x576.jpg 1024w, https:\/\/rentallorca.com\/blog\/wp-content\/uploads\/2025\/06\/museo-manacor-768x432.jpg 768w\" sizes=\"(max-width: 1254px) 100vw, 1254px\" \/>\t\t\t\t\t\t\t\t\t\t\t\t\t\t\t<\/div>\n\t\t\t\t<\/div>\n\t\t\t\t\t<\/div>\n\t\t\t\t<\/div>\n\t\t<div class=\"elementor-element elementor-element-9224f02 e-flex e-con-boxed e-con e-parent\" data-id=\"9224f02\" data-element_type=\"container\" data-e-type=\"container\">\n\t\t\t\t\t<div class=\"e-con-inner\">\n\t\t\t\t<div class=\"elementor-element elementor-element-a915499 elementor-widget elementor-widget-heading\" data-id=\"a915499\" data-element_type=\"widget\" data-e-type=\"widget\" data-widget_type=\"heading.default\">\n\t\t\t\t<div class=\"elementor-widget-container\">\n\t\t\t\t\t<h3 class=\"elementor-heading-title elementor-size-default\">Rafa Nadal Museum Xperience<\/h3>\t\t\t\t<\/div>\n\t\t\t\t<\/div>\n\t\t\t\t<div class=\"elementor-element elementor-element-6675bcb elementor-widget elementor-widget-text-editor\" data-id=\"6675bcb\" data-element_type=\"widget\" data-e-type=\"widget\" data-widget_type=\"text-editor.default\">\n\t\t\t\t<div class=\"elementor-widget-container\">\n\t\t\t\t\t\t\t\t\t<p>Das Museum stellt <strong>Troph\u00e4en und interessante Objekte von Rafael Nadal und anderen ber\u00fchmten Sportlern aus.<\/strong> Au\u00dferdem k\u00f6nnen die Besucher interaktive Formel-1- und Tennis-Simulatoren genie\u00dfen. Selbst wenn Sie kein gro\u00dfer Sportfan sind, versichern wir Ihnen, dass Sie hier mit einem L\u00e4cheln wieder gehen werden.  <\/p>\t\t\t\t\t\t\t\t<\/div>\n\t\t\t\t<\/div>\n\t\t\t\t\t<\/div>\n\t\t\t\t<\/div>\n\t\t<div class=\"elementor-element elementor-element-f3f89a0 e-flex e-con-boxed e-con e-parent\" data-id=\"f3f89a0\" data-element_type=\"container\" data-e-type=\"container\">\n\t\t\t\t\t<div class=\"e-con-inner\">\n\t\t\t\t<div class=\"elementor-element elementor-element-031542c elementor-widget elementor-widget-heading\" data-id=\"031542c\" data-element_type=\"widget\" data-e-type=\"widget\" data-widget_type=\"heading.default\">\n\t\t\t\t<div class=\"elementor-widget-container\">\n\t\t\t\t\t<h3 class=\"elementor-heading-title elementor-size-default\">Majorica Perlenfabrik <\/h3>\t\t\t\t<\/div>\n\t\t\t\t<\/div>\n\t\t\t\t<div class=\"elementor-element elementor-element-4c2f137 elementor-widget elementor-widget-text-editor\" data-id=\"4c2f137\" data-element_type=\"widget\" data-e-type=\"widget\" data-widget_type=\"text-editor.default\">\n\t\t\t\t<div class=\"elementor-widget-container\">\n\t\t\t\t\t\t\t\t\t<p>Was 1890 als kleines Familienunternehmen begann, ist heute eine weltweite Referenz, und der Besuch <strong>erm\u00f6glicht es Ihnen, alle Geheimnisse hinter diesen besonderen Juwelen zu entdecken<\/strong>. Die F\u00fchrung erkl\u00e4rt Schritt f\u00fcr Schritt, wie diese Perlen, die von nat\u00fcrlichen kaum zu unterscheiden sind, hergestellt werden, und das Beste ist, dass Sie die Handwerker in Echtzeit bei der Arbeit beobachten k\u00f6nnen.  <\/p>\t\t\t\t\t\t\t\t<\/div>\n\t\t\t\t<\/div>\n\t\t\t\t\t<\/div>\n\t\t\t\t<\/div>\n\t\t<div class=\"elementor-element elementor-element-b87f6ec e-flex e-con-boxed e-con e-parent\" data-id=\"b87f6ec\" data-element_type=\"container\" data-e-type=\"container\">\n\t\t\t\t\t<div class=\"e-con-inner\">\n\t\t\t\t<div class=\"elementor-element elementor-element-1aa1026 elementor-widget elementor-widget-heading\" data-id=\"1aa1026\" data-element_type=\"widget\" data-e-type=\"widget\" data-widget_type=\"heading.default\">\n\t\t\t\t<div class=\"elementor-widget-container\">\n\t\t\t\t\t<h3 class=\"elementor-heading-title elementor-size-default\">Wochenm\u00e4rkte<\/h3>\t\t\t\t<\/div>\n\t\t\t\t<\/div>\n\t\t\t\t<div class=\"elementor-element elementor-element-6a29479 elementor-widget elementor-widget-text-editor\" data-id=\"6a29479\" data-element_type=\"widget\" data-e-type=\"widget\" data-widget_type=\"text-editor.default\">\n\t\t\t\t<div class=\"elementor-widget-container\">\n\t\t\t\t\t\t\t\t\t<p>Sie bieten die M\u00f6glichkeit, <strong>lokale Produkte und Handwerkskunst zu kaufen<\/strong>. Der Montagsmarkt auf der Plaza Ram\u00f3n Llull ist eine Explosion von Farben, D\u00fcften und Kl\u00e4ngen, die Sie in das authentischste Mallorca versetzt.  <\/p>\t\t\t\t\t\t\t\t<\/div>\n\t\t\t\t<\/div>\n\t\t\t\t\t<\/div>\n\t\t\t\t<\/div>\n\t\t<div class=\"elementor-element elementor-element-023dd08 e-flex e-con-boxed e-con e-parent\" data-id=\"023dd08\" data-element_type=\"container\" data-e-type=\"container\">\n\t\t\t\t\t<div class=\"e-con-inner\">\n\t\t\t\t<div class=\"elementor-element elementor-element-ab68c10 elementor-widget elementor-widget-heading\" data-id=\"ab68c10\" data-element_type=\"widget\" data-e-type=\"widget\" data-widget_type=\"heading.default\">\n\t\t\t\t<div class=\"elementor-widget-container\">\n\t\t\t\t\t<h3 class=\"elementor-heading-title elementor-size-default\">Die besten Str\u00e4nde in der N\u00e4he <\/h3>\t\t\t\t<\/div>\n\t\t\t\t<\/div>\n\t\t\t\t<div class=\"elementor-element elementor-element-2d47af0 elementor-widget elementor-widget-text-editor\" data-id=\"2d47af0\" data-element_type=\"widget\" data-e-type=\"widget\" data-widget_type=\"text-editor.default\">\n\t\t\t\t<div class=\"elementor-widget-container\">\n\t\t\t\t\t\t\t\t\t<p>Diese versteckten kleinen Juwelen sind <strong>die perfekte Erg\u00e4nzung zu Ihrem Kulturtag in Manacor<\/strong>. Cala Anguila empf\u00e4ngt Sie mit seinem wei\u00dfen und feinen Sand, w\u00e4hrend Cala Rom\u00e1ntica Sie mit seinen Felsformationen \u00fcberrascht, die nat\u00fcrliche Pools bilden.  <\/p>\t\t\t\t\t\t\t\t<\/div>\n\t\t\t\t<\/div>\n\t\t\t\t<div class=\"elementor-element elementor-element-2a7b486 elementor-widget elementor-widget-image\" data-id=\"2a7b486\" data-element_type=\"widget\" data-e-type=\"widget\" data-widget_type=\"image.default\">\n\t\t\t\t<div class=\"elementor-widget-container\">\n\t\t\t\t\t\t\t\t\t\t\t\t\t\t\t<img decoding=\"async\" width=\"1254\" height=\"705\" src=\"https:\/\/rentallorca.com\/blog\/wp-content\/uploads\/2025\/06\/playas-manacor.jpg\" class=\"attachment-full size-full wp-image-1722\" alt=\"\" srcset=\"https:\/\/rentallorca.com\/blog\/wp-content\/uploads\/2025\/06\/playas-manacor.jpg 1254w, https:\/\/rentallorca.com\/blog\/wp-content\/uploads\/2025\/06\/playas-manacor-300x169.jpg 300w, https:\/\/rentallorca.com\/blog\/wp-content\/uploads\/2025\/06\/playas-manacor-1024x576.jpg 1024w, https:\/\/rentallorca.com\/blog\/wp-content\/uploads\/2025\/06\/playas-manacor-768x432.jpg 768w\" sizes=\"(max-width: 1254px) 100vw, 1254px\" \/>\t\t\t\t\t\t\t\t\t\t\t\t\t\t\t<\/div>\n\t\t\t\t<\/div>\n\t\t\t\t\t<\/div>\n\t\t\t\t<\/div>\n\t\t<div class=\"elementor-element elementor-element-79cf9029 e-flex e-con-boxed e-con e-parent\" data-id=\"79cf9029\" data-element_type=\"container\" data-e-type=\"container\">\n\t\t\t\t\t<div class=\"e-con-inner\">\n\t\t\t\t<div class=\"elementor-element elementor-element-1930a1d1 elementor-widget elementor-widget-heading\" data-id=\"1930a1d1\" data-element_type=\"widget\" data-e-type=\"widget\" data-widget_type=\"heading.default\">\n\t\t\t\t<div class=\"elementor-widget-container\">\n\t\t\t\t\t<h2 class=\"elementor-heading-title elementor-size-default\">Was kann man in Manacor an einem Tag unternehmen?<\/h2>\t\t\t\t<\/div>\n\t\t\t\t<\/div>\n\t\t\t\t<div class=\"elementor-element elementor-element-63a0bf84 elementor-widget elementor-widget-text-editor\" data-id=\"63a0bf84\" data-element_type=\"widget\" data-e-type=\"widget\" data-widget_type=\"text-editor.default\">\n\t\t\t\t<div class=\"elementor-widget-container\">\n\t\t\t\t\t\t\t\t\t<p>Eine sch\u00f6ne Art, den Tag in Manacor zu beginnen, ist <strong>der Besuch seiner beliebtesten Str\u00e4nde wie Cala Anguila, Cala Domingos und Cala Estany,<\/strong> ideal zum Entspannen und Genie\u00dfen des kristallklaren Meeres.<\/p><p>Um sich fortzubewegen, <strong>ist es am besten, ein Auto zu mieten oder \u00f6ffentliche Verkehrsmittel zu nutzen<\/strong>, da im Sommer die Str\u00e4nde von fr\u00fch morgens bis Sonnenuntergang ge\u00f6ffnet sind. Die Hauptattraktionen, wie die H\u00f6hlen von Porto Cristo, sind von 9 bis 18 Uhr ge\u00f6ffnet und montags in der Regel geschlossen.  <\/p><p>Wenn Sie eine vollst\u00e4ndige touristische Erfahrung machen m\u00f6chten, <strong>ist ein guter Plan, zur ber\u00fchmten Majorica Perlenfabrik zu gehen<\/strong>, wo Sie den Herstellungsprozess dieser einzigartigen Juwelen kennenlernen. Erkunden Sie dann das historische Zentrum mit seiner emblematischen <strong>Kirche Unserer Lieben Frau der Schmerzen<\/strong> und schlendern Sie durch die kopfsteingepflasterten Stra\u00dfen. Hier k\u00f6nnen Sie eine Erfahrung mit viel Gef\u00fchl und Bewunderung erleben.   <\/p><p>Eine weitere sehr empfehlenswerte Attraktion, die von Touristen gew\u00e4hlt wird, sind <strong>die beeindruckenden Drach-H\u00f6hlen und Hams-H\u00f6hlen<\/strong>. Wenn Sie eine gute nat\u00fcrliche Show mit Stalaktiten, Stalagmiten und unterirdischen Seen m\u00f6gen&#8230; hier werden Sie sich wie ein Kind freuen.  <\/p><p>Wenn die Nacht hereinbricht, ist es Zeit, <strong>die typischsten Bars der Gegend wie Can Mateu, Bar Mambo&#8217;s oder Ca Na Pereta zu genie\u00dfen<\/strong>. Und wenn Sie mit Freunden unterwegs sind und einen lebhafteren Abend verbringen m\u00f6chten, sind Bar Mallorqu\u00ed und Bar Xarop Ihre besten beliebten Optionen, um die Nacht geb\u00fchrend ausklingen zu lassen.  <\/p>\t\t\t\t\t\t\t\t<\/div>\n\t\t\t\t<\/div>\n\t\t\t\t<div class=\"elementor-element elementor-element-4ef737d elementor-widget elementor-widget-image\" data-id=\"4ef737d\" data-element_type=\"widget\" data-e-type=\"widget\" data-widget_type=\"image.default\">\n\t\t\t\t<div class=\"elementor-widget-container\">\n\t\t\t\t\t\t\t\t\t\t\t\t\t\t\t<img decoding=\"async\" width=\"1254\" height=\"705\" src=\"https:\/\/rentallorca.com\/blog\/wp-content\/uploads\/2025\/06\/manacor-visita-mallorca.jpg\" class=\"attachment-full size-full wp-image-1731\" alt=\"\" srcset=\"https:\/\/rentallorca.com\/blog\/wp-content\/uploads\/2025\/06\/manacor-visita-mallorca.jpg 1254w, https:\/\/rentallorca.com\/blog\/wp-content\/uploads\/2025\/06\/manacor-visita-mallorca-300x169.jpg 300w, https:\/\/rentallorca.com\/blog\/wp-content\/uploads\/2025\/06\/manacor-visita-mallorca-1024x576.jpg 1024w, https:\/\/rentallorca.com\/blog\/wp-content\/uploads\/2025\/06\/manacor-visita-mallorca-768x432.jpg 768w\" sizes=\"(max-width: 1254px) 100vw, 1254px\" \/>\t\t\t\t\t\t\t\t\t\t\t\t\t\t\t<\/div>\n\t\t\t\t<\/div>\n\t\t\t\t\t<\/div>\n\t\t\t\t<\/div>\n\t\t<div class=\"elementor-element elementor-element-405daa9 e-flex e-con-boxed e-con e-parent\" data-id=\"405daa9\" data-element_type=\"container\" data-e-type=\"container\">\n\t\t\t\t\t<div class=\"e-con-inner\">\n\t\t\t\t<div class=\"elementor-element elementor-element-d092e96 elementor-widget elementor-widget-heading\" data-id=\"d092e96\" data-element_type=\"widget\" data-e-type=\"widget\" data-widget_type=\"heading.default\">\n\t\t\t\t<div class=\"elementor-widget-container\">\n\t\t\t\t\t<h2 class=\"elementor-heading-title elementor-size-default\">Notieren Sie sich diese Tipps, um das Beste aus Ihrem Besuch in Manacor herauszuholen<\/h2>\t\t\t\t<\/div>\n\t\t\t\t<\/div>\n\t\t\t\t<div class=\"elementor-element elementor-element-aaf6cc7 elementor-widget elementor-widget-text-editor\" data-id=\"aaf6cc7\" data-element_type=\"widget\" data-e-type=\"widget\" data-widget_type=\"text-editor.default\">\n\t\t\t\t<div class=\"elementor-widget-container\">\n\t\t\t\t\t\t\t\t\t<p>Um das Beste aus Ihrem Besuch herauszuholen und Ihre Reiseroute zu organisieren, ohne eine Erfahrung zu verpassen, <strong>empfehlen wir Ihnen, die richtige Jahreszeit f\u00fcr Ihren Besuch zu w\u00e4hlen<\/strong>. Abgesehen von der \u00fcberf\u00fcllten Sommersaison gibt es im Herbst und Fr\u00fchling reizvolle Monate, um nach Manacor zu kommen. Das mediterrane Klima wird den Rest erledigen.   <\/p><p>Sobald Sie das Datum klar haben, <strong>raten wir Ihnen, sich diese Tipps zu notieren<\/strong>, um das Beste aus Ihrem Kurztrip herauszuholen:<\/p><ul><li><strong>Buchen Sie im Voraus<\/strong> Tickets und F\u00fchrungen, um Warteschlangen zu vermeiden, besonders f\u00fcr Museen und H\u00f6hlen.<\/li><li>Erw\u00e4gen Sie <strong>die Anmietung eines Autos f\u00fcr mehr Flexibilit\u00e4t<\/strong>, obwohl es gute \u00f6ffentliche Verkehrsverbindungen gibt.<\/li><li><strong>Besuchen Sie das Rafa Nadal Xperience Museum<\/strong>, mit Eintritt ab ca. 4,50 \u20ac und M\u00f6glichkeiten, Warteschlangen durch Online-Buchung zu vermeiden. Es ist an einigen Tagen geschlossen, also \u00fcberpr\u00fcfen Sie die \u00d6ffnungszeiten vor dem Besuch.  <\/li><li>Die <strong>Kirche Unserer Lieben Frau der Schmerzen<\/strong> ist von 8:30 bis 12:45 Uhr und von 17:00 bis 19:30 Uhr ge\u00f6ffnet, der Eintritt ist frei.<\/li><li>Der <strong>Wochenmarkt auf der Plaza Ram\u00f3n Llull<\/strong> findet am Montagvormittag statt, ideal zum Kauf von Handwerkskunst und lokalen Produkten.<\/li><li>Str\u00e4nde und Buchten sind den ganzen Tag ge\u00f6ffnet, aber <strong>Dienstleistungen k\u00f6nnen bei Sonnenuntergang schlie\u00dfen.<\/strong><\/li><\/ul>\t\t\t\t\t\t\t\t<\/div>\n\t\t\t\t<\/div>\n\t\t\t\t\t<\/div>\n\t\t\t\t<\/div>\n\t\t<div class=\"elementor-element elementor-element-4d914cb e-flex e-con-boxed e-con e-parent\" data-id=\"4d914cb\" data-element_type=\"container\" data-e-type=\"container\">\n\t\t\t\t\t<div class=\"e-con-inner\">\n\t\t\t\t<div class=\"elementor-element elementor-element-eb8be43 elementor-widget elementor-widget-heading\" data-id=\"eb8be43\" data-element_type=\"widget\" data-e-type=\"widget\" data-widget_type=\"heading.default\">\n\t\t\t\t<div class=\"elementor-widget-container\">\n\t\t\t\t\t<h2 class=\"elementor-heading-title elementor-size-default\">Manacor, ein Ort zum Entdecken... Mit der besten Unterkunft <\/h2>\t\t\t\t<\/div>\n\t\t\t\t<\/div>\n\t\t\t\t<div class=\"elementor-element elementor-element-720971a elementor-widget elementor-widget-text-editor\" data-id=\"720971a\" data-element_type=\"widget\" data-e-type=\"widget\" data-widget_type=\"text-editor.default\">\n\t\t\t\t<div class=\"elementor-widget-container\">\n\t\t\t\t\t\t\t\t\t<p>Jetzt, da Sie sich im Klaren dar\u00fcber sind, welche fantastischen Orte Sie w\u00e4hrend Ihres Besuchs in Manacor sehen k\u00f6nnen, fehlt noch das Wichtigste. <strong>Wo werden Sie w\u00e4hrend Ihres Besuchs \u00fcbernachten?<\/strong> Am Ende spielt es keine Rolle, wie sch\u00f6n die Stadt ist, wenn Ihre Unterkunft nicht auf der H\u00f6he ist, wird die Erfahrung nicht zufriedenstellend sein.<\/p><p>Machen Sie sich dar\u00fcber keine Sorgen, denn wir bieten Ihnen die besten Unterk\u00fcnfte auf Mallorca, damit Sie ein unvergessliches Erlebnis haben k\u00f6nnen. <strong>Kontaktieren Sie uns so bald wie m\u00f6glich, um Ihr Apartment<\/strong> zum besten Preis zu buchen.<\/p>\t\t\t\t\t\t\t\t<\/div>\n\t\t\t\t<\/div>\n\t\t\t\t\t<\/div>\n\t\t\t\t<\/div>\n\t\t<div class=\"elementor-element elementor-element-6aa0dfbe e-flex e-con-boxed e-con e-parent\" data-id=\"6aa0dfbe\" data-element_type=\"container\" data-e-type=\"container\">\n\t\t\t\t\t<div class=\"e-con-inner\">\n\t\t\t\t\t<\/div>\n\t\t\t\t<\/div>\n\t\t\t\t<\/div>\n\t\t","protected":false},"excerpt":{"rendered":"<p>Ja, wir wissen, dass Sie, auch wenn die mallorquinische Geografie nicht Ihre St\u00e4rke ist, den Namen Manacor schon tausendmal geh\u00f6rt haben. Vielleicht wegen eines bestimmten Tennisspielers, der vor nicht allzu langer Zeit den einen oder anderen Titel gewonnen hat&#8230; wer wei\u00df. Aber Sie werden nicht sehr \u00fcberrascht sein, wenn wir Ihnen sagen, dass Manacor viel [&hellip;]<\/p>\n","protected":false},"author":3,"featured_media":1728,"comment_status":"open","ping_status":"open","sticky":false,"template":"","format":"standard","meta":{"footnotes":""},"categories":[33],"tags":[],"class_list":["post-1956","post","type-post","status-publish","format-standard","has-post-thumbnail","hentry","category-reiseziele"],"yoast_head":"<!-- This site is optimized with the Yoast SEO plugin v27.5 - https:\/\/yoast.com\/product\/yoast-seo-wordpress\/ -->\n<title>Was gibt es in Manacor zu sehen? Hier ist Ihr vollst\u00e4ndiger Reisef\u00fchrer - Blog<\/title>\n<meta name=\"description\" content=\"Entdecken Sie Manacor: Mallorquinische Kultur, Geschichte und Tradition in jeder Ecke.\" \/>\n<meta name=\"robots\" content=\"index, follow, max-snippet:-1, max-image-preview:large, max-video-preview:-1\" \/>\n<link rel=\"canonical\" href=\"https:\/\/rentallorca.com\/blog\/de\/manacor\/\" \/>\n<meta property=\"og:locale\" content=\"de_DE\" \/>\n<meta property=\"og:type\" content=\"article\" \/>\n<meta property=\"og:title\" content=\"Was gibt es in Manacor zu sehen? Hier ist Ihr vollst\u00e4ndiger Reisef\u00fchrer - Blog\" \/>\n<meta property=\"og:description\" content=\"Entdecken Sie Manacor: Mallorquinische Kultur, Geschichte und Tradition in jeder Ecke.\" \/>\n<meta property=\"og:url\" content=\"https:\/\/rentallorca.com\/blog\/de\/manacor\/\" \/>\n<meta property=\"og:site_name\" content=\"Blog\" \/>\n<meta property=\"article:published_time\" content=\"2025-06-13T10:27:28+00:00\" \/>\n<meta property=\"article:modified_time\" content=\"2025-07-17T08:19:10+00:00\" \/>\n<meta property=\"og:image\" content=\"https:\/\/rentallorca.com\/blog\/wp-content\/uploads\/2025\/06\/manacor-mallorca.jpg\" \/>\n\t<meta property=\"og:image:width\" content=\"2535\" \/>\n\t<meta property=\"og:image:height\" content=\"846\" \/>\n\t<meta property=\"og:image:type\" content=\"image\/jpeg\" \/>\n<meta name=\"author\" content=\"Axel\" \/>\n<meta name=\"twitter:card\" content=\"summary_large_image\" \/>\n<meta name=\"twitter:label1\" content=\"Written by\" \/>\n\t<meta name=\"twitter:data1\" content=\"Axel\" \/>\n\t<meta name=\"twitter:label2\" content=\"Est. reading time\" \/>\n\t<meta name=\"twitter:data2\" content=\"8 minutes\" \/>\n<script type=\"application\/ld+json\" class=\"yoast-schema-graph\">{\"@context\":\"https:\\\/\\\/schema.org\",\"@graph\":[{\"@type\":\"Article\",\"@id\":\"https:\\\/\\\/rentallorca.com\\\/blog\\\/de\\\/manacor\\\/#article\",\"isPartOf\":{\"@id\":\"https:\\\/\\\/rentallorca.com\\\/blog\\\/de\\\/manacor\\\/\"},\"author\":{\"name\":\"Axel\",\"@id\":\"https:\\\/\\\/rentallorca.com\\\/blog\\\/de\\\/#\\\/schema\\\/person\\\/8c5ebe5bf8d43e9757ab6869e1d4cbe4\"},\"headline\":\"Was gibt es in Manacor zu sehen? Hier ist Ihr vollst\u00e4ndiger Reisef\u00fchrer\",\"datePublished\":\"2025-06-13T10:27:28+00:00\",\"dateModified\":\"2025-07-17T08:19:10+00:00\",\"mainEntityOfPage\":{\"@id\":\"https:\\\/\\\/rentallorca.com\\\/blog\\\/de\\\/manacor\\\/\"},\"wordCount\":1189,\"commentCount\":0,\"image\":{\"@id\":\"https:\\\/\\\/rentallorca.com\\\/blog\\\/de\\\/manacor\\\/#primaryimage\"},\"thumbnailUrl\":\"https:\\\/\\\/rentallorca.com\\\/blog\\\/wp-content\\\/uploads\\\/2025\\\/06\\\/manacor-mallorca.jpg\",\"articleSection\":[\"Reiseziele\"],\"inLanguage\":\"de\",\"potentialAction\":[{\"@type\":\"CommentAction\",\"name\":\"Comment\",\"target\":[\"https:\\\/\\\/rentallorca.com\\\/blog\\\/de\\\/manacor\\\/#respond\"]}]},{\"@type\":\"WebPage\",\"@id\":\"https:\\\/\\\/rentallorca.com\\\/blog\\\/de\\\/manacor\\\/\",\"url\":\"https:\\\/\\\/rentallorca.com\\\/blog\\\/de\\\/manacor\\\/\",\"name\":\"Was gibt es in Manacor zu sehen? Hier ist Ihr vollst\u00e4ndiger Reisef\u00fchrer - Blog\",\"isPartOf\":{\"@id\":\"https:\\\/\\\/rentallorca.com\\\/blog\\\/de\\\/#website\"},\"primaryImageOfPage\":{\"@id\":\"https:\\\/\\\/rentallorca.com\\\/blog\\\/de\\\/manacor\\\/#primaryimage\"},\"image\":{\"@id\":\"https:\\\/\\\/rentallorca.com\\\/blog\\\/de\\\/manacor\\\/#primaryimage\"},\"thumbnailUrl\":\"https:\\\/\\\/rentallorca.com\\\/blog\\\/wp-content\\\/uploads\\\/2025\\\/06\\\/manacor-mallorca.jpg\",\"datePublished\":\"2025-06-13T10:27:28+00:00\",\"dateModified\":\"2025-07-17T08:19:10+00:00\",\"author\":{\"@id\":\"https:\\\/\\\/rentallorca.com\\\/blog\\\/de\\\/#\\\/schema\\\/person\\\/8c5ebe5bf8d43e9757ab6869e1d4cbe4\"},\"description\":\"Entdecken Sie Manacor: Mallorquinische Kultur, Geschichte und Tradition in jeder Ecke.\",\"breadcrumb\":{\"@id\":\"https:\\\/\\\/rentallorca.com\\\/blog\\\/de\\\/manacor\\\/#breadcrumb\"},\"inLanguage\":\"de\",\"potentialAction\":[{\"@type\":\"ReadAction\",\"target\":[\"https:\\\/\\\/rentallorca.com\\\/blog\\\/de\\\/manacor\\\/\"]}]},{\"@type\":\"ImageObject\",\"inLanguage\":\"de\",\"@id\":\"https:\\\/\\\/rentallorca.com\\\/blog\\\/de\\\/manacor\\\/#primaryimage\",\"url\":\"https:\\\/\\\/rentallorca.com\\\/blog\\\/wp-content\\\/uploads\\\/2025\\\/06\\\/manacor-mallorca.jpg\",\"contentUrl\":\"https:\\\/\\\/rentallorca.com\\\/blog\\\/wp-content\\\/uploads\\\/2025\\\/06\\\/manacor-mallorca.jpg\",\"width\":2535,\"height\":846,\"caption\":\"Porto Cristo, Manacor Municipality, Mediterranean Sea, Mallorca, Balearic Islands, Spain, Europe\"},{\"@type\":\"BreadcrumbList\",\"@id\":\"https:\\\/\\\/rentallorca.com\\\/blog\\\/de\\\/manacor\\\/#breadcrumb\",\"itemListElement\":[{\"@type\":\"ListItem\",\"position\":1,\"name\":\"Home\",\"item\":\"https:\\\/\\\/rentallorca.com\\\/blog\\\/de\\\/\"},{\"@type\":\"ListItem\",\"position\":2,\"name\":\"Was gibt es in Manacor zu sehen? Hier ist Ihr vollst\u00e4ndiger Reisef\u00fchrer\"}]},{\"@type\":\"WebSite\",\"@id\":\"https:\\\/\\\/rentallorca.com\\\/blog\\\/de\\\/#website\",\"url\":\"https:\\\/\\\/rentallorca.com\\\/blog\\\/de\\\/\",\"name\":\"Blog\",\"description\":\"Rentallorca\",\"potentialAction\":[{\"@type\":\"SearchAction\",\"target\":{\"@type\":\"EntryPoint\",\"urlTemplate\":\"https:\\\/\\\/rentallorca.com\\\/blog\\\/de\\\/?s={search_term_string}\"},\"query-input\":{\"@type\":\"PropertyValueSpecification\",\"valueRequired\":true,\"valueName\":\"search_term_string\"}}],\"inLanguage\":\"de\"},{\"@type\":\"Person\",\"@id\":\"https:\\\/\\\/rentallorca.com\\\/blog\\\/de\\\/#\\\/schema\\\/person\\\/8c5ebe5bf8d43e9757ab6869e1d4cbe4\",\"name\":\"Axel\",\"image\":{\"@type\":\"ImageObject\",\"inLanguage\":\"de\",\"@id\":\"https:\\\/\\\/secure.gravatar.com\\\/avatar\\\/3bd706736e5b70f21f05f6c2d5cad746767782a4ba4b7df399c5969e2a9318fd?s=96&d=mm&r=g\",\"url\":\"https:\\\/\\\/secure.gravatar.com\\\/avatar\\\/3bd706736e5b70f21f05f6c2d5cad746767782a4ba4b7df399c5969e2a9318fd?s=96&d=mm&r=g\",\"contentUrl\":\"https:\\\/\\\/secure.gravatar.com\\\/avatar\\\/3bd706736e5b70f21f05f6c2d5cad746767782a4ba4b7df399c5969e2a9318fd?s=96&d=mm&r=g\",\"caption\":\"Axel\"},\"url\":\"https:\\\/\\\/rentallorca.com\\\/blog\\\/de\\\/author\\\/axel\\\/\"}]}<\/script>\n<!-- \/ Yoast SEO plugin. -->","yoast_head_json":{"title":"Was gibt es in Manacor zu sehen? Hier ist Ihr vollst\u00e4ndiger Reisef\u00fchrer - Blog","description":"Entdecken Sie Manacor: Mallorquinische Kultur, Geschichte und Tradition in jeder Ecke.","robots":{"index":"index","follow":"follow","max-snippet":"max-snippet:-1","max-image-preview":"max-image-preview:large","max-video-preview":"max-video-preview:-1"},"canonical":"https:\/\/rentallorca.com\/blog\/de\/manacor\/","og_locale":"de_DE","og_type":"article","og_title":"Was gibt es in Manacor zu sehen? Hier ist Ihr vollst\u00e4ndiger Reisef\u00fchrer - Blog","og_description":"Entdecken Sie Manacor: Mallorquinische Kultur, Geschichte und Tradition in jeder Ecke.","og_url":"https:\/\/rentallorca.com\/blog\/de\/manacor\/","og_site_name":"Blog","article_published_time":"2025-06-13T10:27:28+00:00","article_modified_time":"2025-07-17T08:19:10+00:00","og_image":[{"width":2535,"height":846,"url":"https:\/\/rentallorca.com\/blog\/wp-content\/uploads\/2025\/06\/manacor-mallorca.jpg","type":"image\/jpeg"}],"author":"Axel","twitter_card":"summary_large_image","twitter_misc":{"Written by":"Axel","Est. reading time":"8 minutes"},"schema":{"@context":"https:\/\/schema.org","@graph":[{"@type":"Article","@id":"https:\/\/rentallorca.com\/blog\/de\/manacor\/#article","isPartOf":{"@id":"https:\/\/rentallorca.com\/blog\/de\/manacor\/"},"author":{"name":"Axel","@id":"https:\/\/rentallorca.com\/blog\/de\/#\/schema\/person\/8c5ebe5bf8d43e9757ab6869e1d4cbe4"},"headline":"Was gibt es in Manacor zu sehen? Hier ist Ihr vollst\u00e4ndiger Reisef\u00fchrer","datePublished":"2025-06-13T10:27:28+00:00","dateModified":"2025-07-17T08:19:10+00:00","mainEntityOfPage":{"@id":"https:\/\/rentallorca.com\/blog\/de\/manacor\/"},"wordCount":1189,"commentCount":0,"image":{"@id":"https:\/\/rentallorca.com\/blog\/de\/manacor\/#primaryimage"},"thumbnailUrl":"https:\/\/rentallorca.com\/blog\/wp-content\/uploads\/2025\/06\/manacor-mallorca.jpg","articleSection":["Reiseziele"],"inLanguage":"de","potentialAction":[{"@type":"CommentAction","name":"Comment","target":["https:\/\/rentallorca.com\/blog\/de\/manacor\/#respond"]}]},{"@type":"WebPage","@id":"https:\/\/rentallorca.com\/blog\/de\/manacor\/","url":"https:\/\/rentallorca.com\/blog\/de\/manacor\/","name":"Was gibt es in Manacor zu sehen? Hier ist Ihr vollst\u00e4ndiger Reisef\u00fchrer - Blog","isPartOf":{"@id":"https:\/\/rentallorca.com\/blog\/de\/#website"},"primaryImageOfPage":{"@id":"https:\/\/rentallorca.com\/blog\/de\/manacor\/#primaryimage"},"image":{"@id":"https:\/\/rentallorca.com\/blog\/de\/manacor\/#primaryimage"},"thumbnailUrl":"https:\/\/rentallorca.com\/blog\/wp-content\/uploads\/2025\/06\/manacor-mallorca.jpg","datePublished":"2025-06-13T10:27:28+00:00","dateModified":"2025-07-17T08:19:10+00:00","author":{"@id":"https:\/\/rentallorca.com\/blog\/de\/#\/schema\/person\/8c5ebe5bf8d43e9757ab6869e1d4cbe4"},"description":"Entdecken Sie Manacor: Mallorquinische Kultur, Geschichte und Tradition in jeder Ecke.","breadcrumb":{"@id":"https:\/\/rentallorca.com\/blog\/de\/manacor\/#breadcrumb"},"inLanguage":"de","potentialAction":[{"@type":"ReadAction","target":["https:\/\/rentallorca.com\/blog\/de\/manacor\/"]}]},{"@type":"ImageObject","inLanguage":"de","@id":"https:\/\/rentallorca.com\/blog\/de\/manacor\/#primaryimage","url":"https:\/\/rentallorca.com\/blog\/wp-content\/uploads\/2025\/06\/manacor-mallorca.jpg","contentUrl":"https:\/\/rentallorca.com\/blog\/wp-content\/uploads\/2025\/06\/manacor-mallorca.jpg","width":2535,"height":846,"caption":"Porto Cristo, Manacor Municipality, Mediterranean Sea, Mallorca, Balearic Islands, Spain, Europe"},{"@type":"BreadcrumbList","@id":"https:\/\/rentallorca.com\/blog\/de\/manacor\/#breadcrumb","itemListElement":[{"@type":"ListItem","position":1,"name":"Home","item":"https:\/\/rentallorca.com\/blog\/de\/"},{"@type":"ListItem","position":2,"name":"Was gibt es in Manacor zu sehen? Hier ist Ihr vollst\u00e4ndiger Reisef\u00fchrer"}]},{"@type":"WebSite","@id":"https:\/\/rentallorca.com\/blog\/de\/#website","url":"https:\/\/rentallorca.com\/blog\/de\/","name":"Blog","description":"Rentallorca","potentialAction":[{"@type":"SearchAction","target":{"@type":"EntryPoint","urlTemplate":"https:\/\/rentallorca.com\/blog\/de\/?s={search_term_string}"},"query-input":{"@type":"PropertyValueSpecification","valueRequired":true,"valueName":"search_term_string"}}],"inLanguage":"de"},{"@type":"Person","@id":"https:\/\/rentallorca.com\/blog\/de\/#\/schema\/person\/8c5ebe5bf8d43e9757ab6869e1d4cbe4","name":"Axel","image":{"@type":"ImageObject","inLanguage":"de","@id":"https:\/\/secure.gravatar.com\/avatar\/3bd706736e5b70f21f05f6c2d5cad746767782a4ba4b7df399c5969e2a9318fd?s=96&d=mm&r=g","url":"https:\/\/secure.gravatar.com\/avatar\/3bd706736e5b70f21f05f6c2d5cad746767782a4ba4b7df399c5969e2a9318fd?s=96&d=mm&r=g","contentUrl":"https:\/\/secure.gravatar.com\/avatar\/3bd706736e5b70f21f05f6c2d5cad746767782a4ba4b7df399c5969e2a9318fd?s=96&d=mm&r=g","caption":"Axel"},"url":"https:\/\/rentallorca.com\/blog\/de\/author\/axel\/"}]}},"_links":{"self":[{"href":"https:\/\/rentallorca.com\/blog\/de\/wp-json\/wp\/v2\/posts\/1956","targetHints":{"allow":["GET"]}}],"collection":[{"href":"https:\/\/rentallorca.com\/blog\/de\/wp-json\/wp\/v2\/posts"}],"about":[{"href":"https:\/\/rentallorca.com\/blog\/de\/wp-json\/wp\/v2\/types\/post"}],"author":[{"embeddable":true,"href":"https:\/\/rentallorca.com\/blog\/de\/wp-json\/wp\/v2\/users\/3"}],"replies":[{"embeddable":true,"href":"https:\/\/rentallorca.com\/blog\/de\/wp-json\/wp\/v2\/comments?post=1956"}],"version-history":[{"count":4,"href":"https:\/\/rentallorca.com\/blog\/de\/wp-json\/wp\/v2\/posts\/1956\/revisions"}],"predecessor-version":[{"id":1971,"href":"https:\/\/rentallorca.com\/blog\/de\/wp-json\/wp\/v2\/posts\/1956\/revisions\/1971"}],"wp:featuredmedia":[{"embeddable":true,"href":"https:\/\/rentallorca.com\/blog\/de\/wp-json\/wp\/v2\/media\/1728"}],"wp:attachment":[{"href":"https:\/\/rentallorca.com\/blog\/de\/wp-json\/wp\/v2\/media?parent=1956"}],"wp:term":[{"taxonomy":"category","embeddable":true,"href":"https:\/\/rentallorca.com\/blog\/de\/wp-json\/wp\/v2\/categories?post=1956"},{"taxonomy":"post_tag","embeddable":true,"href":"https:\/\/rentallorca.com\/blog\/de\/wp-json\/wp\/v2\/tags?post=1956"}],"curies":[{"name":"wp","href":"https:\/\/api.w.org\/{rel}","templated":true}]}}