{"id":1618,"date":"2025-05-14T08:57:58","date_gmt":"2025-05-14T08:57:58","guid":{"rendered":"https:\/\/rentallorca.com\/blog\/?p=1618"},"modified":"2025-07-17T07:12:25","modified_gmt":"2025-07-17T07:12:25","slug":"buchten-mallorcas","status":"publish","type":"post","link":"https:\/\/rentallorca.com\/blog\/de\/buchten-mallorcas\/","title":{"rendered":"M\u00f6chten Sie in den besten Buchten Mallorcas schwimmen? Dies m\u00fcssen Sie lesen."},"content":{"rendered":"\t\t<div data-elementor-type=\"wp-post\" data-elementor-id=\"1618\" class=\"elementor elementor-1618 elementor-1414\" data-elementor-post-type=\"post\">\n\t\t\t\t<div class=\"elementor-element elementor-element-51df8ea9 e-flex e-con-boxed e-con e-parent\" data-id=\"51df8ea9\" data-element_type=\"container\" data-e-type=\"container\">\n\t\t\t\t\t<div class=\"e-con-inner\">\n\t\t\t\t<div class=\"elementor-element elementor-element-642ffbb5 elementor-widget elementor-widget-text-editor\" data-id=\"642ffbb5\" data-element_type=\"widget\" data-e-type=\"widget\" data-widget_type=\"text-editor.default\">\n\t\t\t\t<div class=\"elementor-widget-container\">\n\t\t\t\t\t\t\t\t\t<p><span style=\"font-weight: 400;\">Das Eintauchen in kristallklares Wasser, das Auftauchen aus dem Meer unter der Sonne und <\/span><b>das Vorfinden einer Umgebung, die einem Postkartenmotiv gleicht<\/b><span style=\"font-weight: 400;\">&#8230; es mag zu sch\u00f6n klingen, um wahr zu sein. Oder Sie k\u00f6nnten denken, wir spr\u00e4chen von einem Ziel fernab der Zivilisation, Tausende von Kilometern entfernt.  <\/span><\/p><p><span style=\"font-weight: 400;\">Gl\u00fccklicherweise f\u00fcr Sie und Ihre Lieben <\/span><b>liegt dieses Paradies n\u00e4her, als Sie denken.<\/b><span style=\"font-weight: 400;\"> Wir sprechen von nichts Geringerem als den wundersch\u00f6nen Buchten Mallorcas. Wenn Sie einzigartige Orte entdecken, mit Freunden entspannen oder wenig bekannte Ecken erkunden m\u00f6chten, ist dies zweifellos der Plan, den Sie verdienen.  <\/span><\/p><p><span style=\"font-weight: 400;\">Also, <\/span><b>was ben\u00f6tigen Sie, um Ihre n\u00e4chste Lieblingsbucht auszuw\u00e4hlen?<\/b><span style=\"font-weight: 400;\"> Bei Rentallorca wissen wir, dass Sie sie nur eingehend kennenlernen m\u00fcssen, um Ihr bestes Reiseziel f\u00fcr diesen Sommer zu w\u00e4hlen. Lesen Sie weiter, wir werden Ihnen mehr dar\u00fcber berichten.  <\/span><\/p>\t\t\t\t\t\t\t\t<\/div>\n\t\t\t\t<\/div>\n\t\t\t\t\t<\/div>\n\t\t\t\t<\/div>\n\t\t<div class=\"elementor-element elementor-element-789b8b3c e-flex e-con-boxed e-con e-parent\" data-id=\"789b8b3c\" data-element_type=\"container\" data-e-type=\"container\">\n\t\t\t\t\t<div class=\"e-con-inner\">\n\t\t\t\t<div class=\"elementor-element elementor-element-699d7443 elementor-widget elementor-widget-table-of-contents\" data-id=\"699d7443\" data-element_type=\"widget\" data-e-type=\"widget\" data-settings=\"{&quot;headings_by_tags&quot;:[&quot;h2&quot;,&quot;h3&quot;],&quot;exclude_headings_by_selector&quot;:[],&quot;marker_view&quot;:&quot;bullets&quot;,&quot;icon&quot;:{&quot;value&quot;:&quot;&quot;,&quot;library&quot;:&quot;&quot;},&quot;no_headings_message&quot;:&quot;No headings were found on this page.&quot;,&quot;hierarchical_view&quot;:&quot;yes&quot;,&quot;min_height&quot;:{&quot;unit&quot;:&quot;px&quot;,&quot;size&quot;:&quot;&quot;,&quot;sizes&quot;:[]},&quot;min_height_tablet&quot;:{&quot;unit&quot;:&quot;px&quot;,&quot;size&quot;:&quot;&quot;,&quot;sizes&quot;:[]},&quot;min_height_mobile&quot;:{&quot;unit&quot;:&quot;px&quot;,&quot;size&quot;:&quot;&quot;,&quot;sizes&quot;:[]}}\" data-widget_type=\"table-of-contents.default\">\n\t\t\t\t<div class=\"elementor-widget-container\">\n\t\t\t\t\t\t\t\t\t<div class=\"elementor-toc__header\">\n\t\t\t\t\t\t<div class=\"elementor-toc__header-title\">\n\t\t\t\tInhaltsverzeichnis\t\t\t<\/div>\n\t\t\t\t\t\t\t\t<\/div>\n\t\t\t\t<div id=\"elementor-toc__699d7443\" class=\"elementor-toc__body\">\n\t\t\t<div class=\"elementor-toc__spinner-container\">\n\t\t\t\t<svg class=\"elementor-toc__spinner eicon-animation-spin e-font-icon-svg e-eicon-loading\" aria-hidden=\"true\" viewBox=\"0 0 1000 1000\" xmlns=\"http:\/\/www.w3.org\/2000\/svg\"><path d=\"M500 975V858C696 858 858 696 858 500S696 142 500 142 142 304 142 500H25C25 237 238 25 500 25S975 237 975 500 763 975 500 975Z\"><\/path><\/svg>\t\t\t<\/div>\n\t\t<\/div>\n\t\t\t\t\t\t<\/div>\n\t\t\t\t<\/div>\n\t\t\t\t\t<\/div>\n\t\t\t\t<\/div>\n\t\t<div class=\"elementor-element elementor-element-2696ecfc e-flex e-con-boxed e-con e-parent\" data-id=\"2696ecfc\" data-element_type=\"container\" data-e-type=\"container\">\n\t\t\t\t\t<div class=\"e-con-inner\">\n\t\t\t\t<div class=\"elementor-element elementor-element-28760340 elementor-widget elementor-widget-heading\" data-id=\"28760340\" data-element_type=\"widget\" data-e-type=\"widget\" data-widget_type=\"heading.default\">\n\t\t\t\t<div class=\"elementor-widget-container\">\n\t\t\t\t\t<h2 class=\"elementor-heading-title elementor-size-default\">Dies sind die besten Buchten Mallorcas \n<\/h2>\t\t\t\t<\/div>\n\t\t\t\t<\/div>\n\t\t\t\t<div class=\"elementor-element elementor-element-63770f79 elementor-widget elementor-widget-text-editor\" data-id=\"63770f79\" data-element_type=\"widget\" data-e-type=\"widget\" data-widget_type=\"text-editor.default\">\n\t\t\t\t<div class=\"elementor-widget-container\">\n\t\t\t\t\t\t\t\t\t<p><span style=\"font-weight: 400;\">Wenn Sie nach Buchten suchen, die Sie wirklich \u00fcberraschen werden, <\/span><b>hier ist eine Auswahl, die darauf ausgelegt ist, Mallorca auf eine andere Art zu erleben<\/b><span style=\"font-weight: 400;\">. Jede hat etwas Besonderes, w\u00e4hlen Sie also diejenige, die am besten zu Ihnen passt, und machen Sie sich bereit, das Mittelmeer wie nie zuvor zu genie\u00dfen.<\/span><\/p>\t\t\t\t\t\t\t\t<\/div>\n\t\t\t\t<\/div>\n\t\t\t\t\t<\/div>\n\t\t\t\t<\/div>\n\t\t<div class=\"elementor-element elementor-element-5a30b5f e-flex e-con-boxed e-con e-parent\" data-id=\"5a30b5f\" data-element_type=\"container\" data-e-type=\"container\">\n\t\t\t\t\t<div class=\"e-con-inner\">\n\t\t<div class=\"elementor-element elementor-element-742bea6 e-con-full e-flex e-con e-child\" data-id=\"742bea6\" data-element_type=\"container\" data-e-type=\"container\">\n\t\t\t\t<div class=\"elementor-element elementor-element-8e1a5ca elementor-widget elementor-widget-heading\" data-id=\"8e1a5ca\" data-element_type=\"widget\" data-e-type=\"widget\" data-widget_type=\"heading.default\">\n\t\t\t\t<div class=\"elementor-widget-container\">\n\t\t\t\t\t<h3 class=\"elementor-heading-title elementor-size-default\">Cal\u00f3 des Moro\n<\/h3>\t\t\t\t<\/div>\n\t\t\t\t<\/div>\n\t\t\t\t<div class=\"elementor-element elementor-element-7f5bfbfa elementor-widget elementor-widget-text-editor\" data-id=\"7f5bfbfa\" data-element_type=\"widget\" data-e-type=\"widget\" data-widget_type=\"text-editor.default\">\n\t\t\t\t<div class=\"elementor-widget-container\">\n\t\t\t\t\t\t\t\t\t<p><span style=\"font-weight: 400;\">Sobald Sie einen Fu\u00df in Cal\u00f3 des Moro setzen, werden Sie verstehen, <\/span><b>warum es eine der meistfotografierten Buchten der Insel ist<\/b><span style=\"font-weight: 400;\">. Ihr Wasser gleicht einem nat\u00fcrlichen Pool, eingeschlossen zwischen Felsw\u00e4nden und mit so wei\u00dfem Sand, dass der Kontrast zum Blau beeindruckend ist. <\/span><\/p><p><span style=\"font-weight: 400;\">Wir warnen Sie, dass es sich um eine kleine Bucht handelt, daher <\/span><b>ist es am besten, fr\u00fch oder au\u00dferhalb der Hauptsaison zu kommen, wenn Sie sie in Ruhe genie\u00dfen m\u00f6chten.<\/b><span style=\"font-weight: 400;\"> Um dorthin zu gelangen, m\u00fcssen Sie einen kurzen Spaziergang unternehmen, aber wir versichern Ihnen, dass sich die Belohnung lohnt: Sie k\u00f6nnen nach Herzenslust schwimmen, entspannen oder sich einfach von der Landschaft verzaubern lassen.<\/span><\/p>\t\t\t\t\t\t\t\t<\/div>\n\t\t\t\t<\/div>\n\t\t\t\t<\/div>\n\t\t<div class=\"elementor-element elementor-element-42c56ed e-con-full e-flex e-con e-child\" data-id=\"42c56ed\" data-element_type=\"container\" data-e-type=\"container\">\n\t\t\t\t<div class=\"elementor-element elementor-element-50130e3 elementor-widget elementor-widget-image\" data-id=\"50130e3\" data-element_type=\"widget\" data-e-type=\"widget\" data-widget_type=\"image.default\">\n\t\t\t\t<div class=\"elementor-widget-container\">\n\t\t\t\t\t\t\t\t\t\t\t\t\t\t\t<img fetchpriority=\"high\" decoding=\"async\" width=\"698\" height=\"465\" src=\"https:\/\/rentallorca.com\/blog\/wp-content\/uploads\/2025\/05\/calo-des-moro.jpg\" class=\"attachment-large size-large wp-image-1456\" alt=\"\" srcset=\"https:\/\/rentallorca.com\/blog\/wp-content\/uploads\/2025\/05\/calo-des-moro.jpg 698w, https:\/\/rentallorca.com\/blog\/wp-content\/uploads\/2025\/05\/calo-des-moro-300x200.jpg 300w\" sizes=\"(max-width: 698px) 100vw, 698px\" \/>\t\t\t\t\t\t\t\t\t\t\t\t\t\t\t<\/div>\n\t\t\t\t<\/div>\n\t\t\t\t<\/div>\n\t\t\t\t\t<\/div>\n\t\t\t\t<\/div>\n\t\t<div class=\"elementor-element elementor-element-287dd9a e-flex e-con-boxed e-con e-parent\" data-id=\"287dd9a\" data-element_type=\"container\" data-e-type=\"container\">\n\t\t\t\t\t<div class=\"e-con-inner\">\n\t\t\t\t\t<\/div>\n\t\t\t\t<\/div>\n\t\t<div class=\"elementor-element elementor-element-ceab479 e-flex e-con-boxed e-con e-parent\" data-id=\"ceab479\" data-element_type=\"container\" data-e-type=\"container\">\n\t\t\t\t\t<div class=\"e-con-inner\">\n\t\t<div class=\"elementor-element elementor-element-02f2e13 e-con-full e-flex e-con e-child\" data-id=\"02f2e13\" data-element_type=\"container\" data-e-type=\"container\">\n\t\t\t\t<div class=\"elementor-element elementor-element-bde4097 elementor-widget elementor-widget-heading\" data-id=\"bde4097\" data-element_type=\"widget\" data-e-type=\"widget\" data-widget_type=\"heading.default\">\n\t\t\t\t<div class=\"elementor-widget-container\">\n\t\t\t\t\t<h3 class=\"elementor-heading-title elementor-size-default\">Cala s'Almunia\n<\/h3>\t\t\t\t<\/div>\n\t\t\t\t<\/div>\n\t\t\t\t<div class=\"elementor-element elementor-element-a43b886 elementor-widget elementor-widget-text-editor\" data-id=\"a43b886\" data-element_type=\"widget\" data-e-type=\"widget\" data-widget_type=\"text-editor.default\">\n\t\t\t\t<div class=\"elementor-widget-container\">\n\t\t\t\t\t\t\t\t\t<p><span style=\"font-weight: 400;\">Sehr nahe bei Cal\u00f3 des Moro <\/span><b>ist Cala s&#8217;Almunia jener Ort, den Sie aufsuchen, wenn Sie Ruhe und Authentizit\u00e4t suchen<\/b><span style=\"font-weight: 400;\">. Wir warnen Sie, dass es hier keine gr\u00f6\u00dferen Dienstleistungen oder Strandbars gibt, dies ist nicht diese Art von Strand. Aber nun, das ist Teil seines Charmes.  <\/span><\/p><p><span style=\"font-weight: 400;\">Der Zugang ist f\u00fcr die Mutigen. <\/span><b>Sie m\u00fcssen von den Felsen oder von einigen Plattformen neben einem Fischerhaus aus gehen<\/b><span style=\"font-weight: 400;\">. Wenn Sie risikofreudig sind, k\u00f6nnen Sie auch von seinem ber\u00fchmten nat\u00fcrlichen Bogen springen. Wie immer w\u00e4hlen Sie den Weg, der Ihnen am besten zusagt.  <\/span><\/p>\t\t\t\t\t\t\t\t<\/div>\n\t\t\t\t<\/div>\n\t\t\t\t<\/div>\n\t\t<div class=\"elementor-element elementor-element-96d11eb e-con-full e-flex e-con e-child\" data-id=\"96d11eb\" data-element_type=\"container\" data-e-type=\"container\">\n\t\t\t\t<div class=\"elementor-element elementor-element-4567955 elementor-widget elementor-widget-image\" data-id=\"4567955\" data-element_type=\"widget\" data-e-type=\"widget\" data-widget_type=\"image.default\">\n\t\t\t\t<div class=\"elementor-widget-container\">\n\t\t\t\t\t\t\t\t\t\t\t\t\t\t\t<img decoding=\"async\" src=\"https:\/\/rentallorca.com\/blog\/wp-content\/uploads\/2025\/05\/cala-salumnia.jpg\" title=\"Drone view Calo des Moro and s&#8217;Almunia\" alt=\"Es Calo des Moro is one of the most visited beaches in Majorca (Balearic Island - Spain)\" loading=\"lazy\" \/>\t\t\t\t\t\t\t\t\t\t\t\t\t\t\t<\/div>\n\t\t\t\t<\/div>\n\t\t\t\t<\/div>\n\t\t\t\t\t<\/div>\n\t\t\t\t<\/div>\n\t\t<div class=\"elementor-element elementor-element-dbb72b5 e-flex e-con-boxed e-con e-parent\" data-id=\"dbb72b5\" data-element_type=\"container\" data-e-type=\"container\">\n\t\t\t\t\t<div class=\"e-con-inner\">\n\t\t<div class=\"elementor-element elementor-element-e589361 e-con-full e-flex e-con e-child\" data-id=\"e589361\" data-element_type=\"container\" data-e-type=\"container\">\n\t\t\t\t<div class=\"elementor-element elementor-element-cc383ca elementor-widget elementor-widget-heading\" data-id=\"cc383ca\" data-element_type=\"widget\" data-e-type=\"widget\" data-widget_type=\"heading.default\">\n\t\t\t\t<div class=\"elementor-widget-container\">\n\t\t\t\t\t<h3 class=\"elementor-heading-title elementor-size-default\">Cala Llombards\n<\/h3>\t\t\t\t<\/div>\n\t\t\t\t<\/div>\n\t\t\t\t<div class=\"elementor-element elementor-element-368fbc4 elementor-widget elementor-widget-text-editor\" data-id=\"368fbc4\" data-element_type=\"widget\" data-e-type=\"widget\" data-widget_type=\"text-editor.default\">\n\t\t\t\t<div class=\"elementor-widget-container\">\n\t\t\t\t\t\t\t\t\t<p><span style=\"font-weight: 400;\">Cala Llombards ist eine jener Buchten, die Sie mit <\/span><b>ihrer entspannten Atmosph\u00e4re und ihrer Umgebung aus Klippen und Pinien fesseln<\/b><span style=\"font-weight: 400;\">. Das Wasser ist ruhig und kristallklar, ideal zum Schwimmen oder sorglosen Treiben. Es gibt auch eine kleine Strandbar, falls Sie einen Snack m\u00f6chten, und Parkpl\u00e4tze in der N\u00e4he, sodass Sie sich nicht mit dem Auto komplizieren m\u00fcssen, um den Tag zu genie\u00dfen.  <\/span><\/p>\t\t\t\t\t\t\t\t<\/div>\n\t\t\t\t<\/div>\n\t\t\t\t<\/div>\n\t\t<div class=\"elementor-element elementor-element-96f0915 e-con-full e-flex e-con e-child\" data-id=\"96f0915\" data-element_type=\"container\" data-e-type=\"container\">\n\t\t\t\t<div class=\"elementor-element elementor-element-8714768 elementor-widget elementor-widget-image\" data-id=\"8714768\" data-element_type=\"widget\" data-e-type=\"widget\" data-widget_type=\"image.default\">\n\t\t\t\t<div class=\"elementor-widget-container\">\n\t\t\t\t\t\t\t\t\t\t\t\t\t\t\t<img decoding=\"async\" src=\"https:\/\/rentallorca.com\/blog\/wp-content\/uploads\/elementor\/thumbs\/cala-llombards-mallorca-r5sfz26331rmuprtqhnryecwdso0it92wy1vlf1jbc.jpg\" title=\"cala-llombards-mallorca\" alt=\"cala-llombards-mallorca\" loading=\"lazy\" \/>\t\t\t\t\t\t\t\t\t\t\t\t\t\t\t<\/div>\n\t\t\t\t<\/div>\n\t\t\t\t<\/div>\n\t\t\t\t\t<\/div>\n\t\t\t\t<\/div>\n\t\t<div class=\"elementor-element elementor-element-526e223 e-flex e-con-boxed e-con e-parent\" data-id=\"526e223\" data-element_type=\"container\" data-e-type=\"container\">\n\t\t\t\t\t<div class=\"e-con-inner\">\n\t\t<div class=\"elementor-element elementor-element-f80e934 e-con-full e-flex e-con e-child\" data-id=\"f80e934\" data-element_type=\"container\" data-e-type=\"container\">\n\t\t\t\t<div class=\"elementor-element elementor-element-f5624ee elementor-widget elementor-widget-heading\" data-id=\"f5624ee\" data-element_type=\"widget\" data-e-type=\"widget\" data-widget_type=\"heading.default\">\n\t\t\t\t<div class=\"elementor-widget-container\">\n\t\t\t\t\t<h3 class=\"elementor-heading-title elementor-size-default\">Cala Mondrag\u00f3\n<\/h3>\t\t\t\t<\/div>\n\t\t\t\t<\/div>\n\t\t\t\t<div class=\"elementor-element elementor-element-cbad690 elementor-widget elementor-widget-text-editor\" data-id=\"cbad690\" data-element_type=\"widget\" data-e-type=\"widget\" data-widget_type=\"text-editor.default\">\n\t\t\t\t<div class=\"elementor-widget-container\">\n\t\t\t\t\t\t\t\t\t<p><span style=\"font-weight: 400;\">Wenn Sie eine von Natur umgebene Bucht bevorzugen, kann Cala Mondrag\u00f3 eine gro\u00dfartige Option sein. Sie befindet sich innerhalb eines gesch\u00fctzten Naturparks, und ja,  <\/span><b>es ist dieser idyllische Ort mit t\u00fcrkisfarbenem Wasser, feinem Sand und vielen kleinen B\u00e4umen und Pfaden. <\/b><\/p><p><span style=\"font-weight: 400;\">Wir m\u00fcssen Ihnen nicht sagen, dass <\/span><b>sie perfekt ist, um den Tag zu verbringen: <\/b>  <span style=\"font-weight: 400;\">Sie k\u00f6nnen schwimmen, schnorcheln oder die Wege des Parks entlangwandern, um andere nahegelegene Orte zu entdecken. Au\u00dferdem ist sie leicht zug\u00e4nglich und es mangelt nicht an grundlegenden Dienstleistungen.  <\/span><\/p>\t\t\t\t\t\t\t\t<\/div>\n\t\t\t\t<\/div>\n\t\t\t\t<\/div>\n\t\t<div class=\"elementor-element elementor-element-ae83dc3 e-con-full e-flex e-con e-child\" data-id=\"ae83dc3\" data-element_type=\"container\" data-e-type=\"container\">\n\t\t\t\t<div class=\"elementor-element elementor-element-40b388e elementor-widget elementor-widget-image\" data-id=\"40b388e\" data-element_type=\"widget\" data-e-type=\"widget\" data-widget_type=\"image.default\">\n\t\t\t\t<div class=\"elementor-widget-container\">\n\t\t\t\t\t\t\t\t\t\t\t\t\t\t\t<img decoding=\"async\" width=\"750\" height=\"562\" src=\"https:\/\/rentallorca.com\/blog\/wp-content\/uploads\/2025\/05\/Cala-Mondrago.jpg\" class=\"attachment-large size-large wp-image-1465\" alt=\"\" srcset=\"https:\/\/rentallorca.com\/blog\/wp-content\/uploads\/2025\/05\/Cala-Mondrago.jpg 750w, https:\/\/rentallorca.com\/blog\/wp-content\/uploads\/2025\/05\/Cala-Mondrago-300x225.jpg 300w\" sizes=\"(max-width: 750px) 100vw, 750px\" \/>\t\t\t\t\t\t\t\t\t\t\t\t\t\t\t<\/div>\n\t\t\t\t<\/div>\n\t\t\t\t<\/div>\n\t\t\t\t\t<\/div>\n\t\t\t\t<\/div>\n\t\t<div class=\"elementor-element elementor-element-7e06655 e-flex e-con-boxed e-con e-parent\" data-id=\"7e06655\" data-element_type=\"container\" data-e-type=\"container\">\n\t\t\t\t\t<div class=\"e-con-inner\">\n\t\t<div class=\"elementor-element elementor-element-5fbf81a e-con-full e-flex e-con e-child\" data-id=\"5fbf81a\" data-element_type=\"container\" data-e-type=\"container\">\n\t\t\t\t<div class=\"elementor-element elementor-element-7bbb767 elementor-widget elementor-widget-heading\" data-id=\"7bbb767\" data-element_type=\"widget\" data-e-type=\"widget\" data-widget_type=\"heading.default\">\n\t\t\t\t<div class=\"elementor-widget-container\">\n\t\t\t\t\t<h3 class=\"elementor-heading-title elementor-size-default\">Cala Varques\n<\/h3>\t\t\t\t<\/div>\n\t\t\t\t<\/div>\n\t\t\t\t<div class=\"elementor-element elementor-element-55edf76 elementor-widget elementor-widget-text-editor\" data-id=\"55edf76\" data-element_type=\"widget\" data-e-type=\"widget\" data-widget_type=\"text-editor.default\">\n\t\t\t\t<div class=\"elementor-widget-container\">\n\t\t\t\t\t\t\t\t\t<p><span style=\"font-weight: 400;\">Haben Sie das Zeug dazu, eine wildere Erfahrung zu machen? Dann setzen Sie Cala Varques auf Ihre Liste. Es ist eine der unber\u00fchrtesten Buchten Mallorcas, nur zu Fu\u00df oder mit dem Boot erreichbar, was sie zu   <\/span><b> einem Paradies der Ruhe und Natur in ihrem reinsten Zustand macht. <\/b><span style=\"font-weight: 400;\">Der wei\u00dfe Sand und das t\u00fcrkisfarbene Wasser vervollst\u00e4ndigen den Strand, sodass ein guter Schnorchel- oder Tauchplan zum Genie\u00dfen des Meereslebens ebenfalls angebracht sein k\u00f6nnte. <\/span><\/p>\t\t\t\t\t\t\t\t<\/div>\n\t\t\t\t<\/div>\n\t\t\t\t<\/div>\n\t\t<div class=\"elementor-element elementor-element-caaf91d e-con-full e-flex e-con e-child\" data-id=\"caaf91d\" data-element_type=\"container\" data-e-type=\"container\">\n\t\t\t\t<div class=\"elementor-element elementor-element-da69b66 elementor-widget elementor-widget-image\" data-id=\"da69b66\" data-element_type=\"widget\" data-e-type=\"widget\" data-widget_type=\"image.default\">\n\t\t\t\t<div class=\"elementor-widget-container\">\n\t\t\t\t\t\t\t\t\t\t\t\t\t\t\t<img decoding=\"async\" width=\"752\" height=\"465\" src=\"https:\/\/rentallorca.com\/blog\/wp-content\/uploads\/2025\/05\/Cala-Varques-mallorca.jpg\" class=\"attachment-large size-large wp-image-1468\" alt=\"\" srcset=\"https:\/\/rentallorca.com\/blog\/wp-content\/uploads\/2025\/05\/Cala-Varques-mallorca.jpg 752w, https:\/\/rentallorca.com\/blog\/wp-content\/uploads\/2025\/05\/Cala-Varques-mallorca-300x186.jpg 300w\" sizes=\"(max-width: 752px) 100vw, 752px\" \/>\t\t\t\t\t\t\t\t\t\t\t\t\t\t\t<\/div>\n\t\t\t\t<\/div>\n\t\t\t\t<\/div>\n\t\t\t\t\t<\/div>\n\t\t\t\t<\/div>\n\t\t<div class=\"elementor-element elementor-element-110b4eb7 e-flex e-con-boxed e-con e-parent\" data-id=\"110b4eb7\" data-element_type=\"container\" data-e-type=\"container\">\n\t\t\t\t\t<div class=\"e-con-inner\">\n\t\t\t\t<div class=\"elementor-element elementor-element-71932ba7 elementor-widget elementor-widget-heading\" data-id=\"71932ba7\" data-element_type=\"widget\" data-e-type=\"widget\" data-widget_type=\"heading.default\">\n\t\t\t\t<div class=\"elementor-widget-container\">\n\t\t\t\t\t<h2 class=\"elementor-heading-title elementor-size-default\">Wie gelangt man zu den ber\u00fchmtesten Buchten? \n<\/h2>\t\t\t\t<\/div>\n\t\t\t\t<\/div>\n\t\t\t\t<div class=\"elementor-element elementor-element-2d1aae0a elementor-widget elementor-widget-text-editor\" data-id=\"2d1aae0a\" data-element_type=\"widget\" data-e-type=\"widget\" data-widget_type=\"text-editor.default\">\n\t\t\t\t<div class=\"elementor-widget-container\">\n\t\t\t\t\t\t\t\t\t<p><span style=\"font-weight: 400;\">Zu den ber\u00fchmtesten Buchten Mallorcas zu gelangen, ist einfacher, als Sie vielleicht denken, selbst wenn Sie kein Auto haben. Von Palma aus  <\/span> <b>k\u00f6nnen Sie die Buslinie 416 nehmen, die mit Manacor verbindet, und von dort aus weiter nach Calas de Mallorca fahren<\/b><span style=\"font-weight: 400;\">, mit mehreren Haltestellen in der N\u00e4he der beliebtesten Buchten.<\/span> <\/p><p><span style=\"font-weight: 400;\">Sofern Sie es vorziehen, sich mit \u00f6ffentlichen Verkehrsmitteln fortzubewegen,<\/span><b> k\u00f6nnen Ihnen auch Bus- und Zugverbindungen dazu dienen, Cala Mondrag\u00f3 oder Cal\u00f3 des Moro zu erreichen.<\/b><span style=\"font-weight: 400;\"> Seien Sie unbesorgt, das Auto ist stets eine schnelle Option, doch wenn Sie Komplikationen vermeiden m\u00f6chten, ist der Bus ebenfalls zuverl\u00e4ssig und wird Sie nicht viel kosten.<\/span> <\/p>\t\t\t\t\t\t\t\t<\/div>\n\t\t\t\t<\/div>\n\t\t\t\t\t<\/div>\n\t\t\t\t<\/div>\n\t\t<div class=\"elementor-element elementor-element-92a6faa e-flex e-con-boxed e-con e-parent\" data-id=\"92a6faa\" data-element_type=\"container\" data-e-type=\"container\">\n\t\t\t\t\t<div class=\"e-con-inner\">\n\t\t\t\t<div class=\"elementor-element elementor-element-1da3783 elementor-widget elementor-widget-heading\" data-id=\"1da3783\" data-element_type=\"widget\" data-e-type=\"widget\" data-widget_type=\"heading.default\">\n\t\t\t\t<div class=\"elementor-widget-container\">\n\t\t\t\t\t<h2 class=\"elementor-heading-title elementor-size-default\">Aktivit\u00e4ten in den Buchten Mallorcas \n<\/h2>\t\t\t\t<\/div>\n\t\t\t\t<\/div>\n\t\t\t\t<div class=\"elementor-element elementor-element-5e11c3a elementor-widget elementor-widget-text-editor\" data-id=\"5e11c3a\" data-element_type=\"widget\" data-e-type=\"widget\" data-widget_type=\"text-editor.default\">\n\t\t\t\t<div class=\"elementor-widget-container\">\n\t\t\t\t\t\t\t\t\t<p><span style=\"font-weight: 400;\">In den Buchten Mallorcas stehen Ihnen zahlreiche M\u00f6glichkeiten zur Verf\u00fcgung, um diese in vollen Z\u00fcgen zu genie\u00dfen. Es sei angemerkt, dass es Ihnen, ungeachtet etwaiger Bem\u00fchungen, nahezu unm\u00f6glich sein wird, sich nicht zu erfreuen. Von gr\u00f6\u00dfter Bedeutung ist, dass   <\/span><b>Sie sich beim Sonnenbaden entspannen oder ein erfrischendes Bad nehmen k\u00f6nnen<\/b><span style=\"font-weight: 400;\"> in den kristallklaren Gew\u00e4ssern.<\/span> <\/p><p><span style=\"font-weight: 400;\">Sollten Sie jedoch eine etwas lebhaftere Aktivit\u00e4t bevorzugen,<\/span><b> empfehlen wir Ihnen, sich im Schnorcheln zu versuchen, um die marine Fauna zu erkunden.<\/b><span style=\"font-weight: 400;\"> Eine weitere Option besteht darin, ein Kajak zu mieten, um verborgene H\u00f6hlen und Buchten zu erforschen, die ausschlie\u00dflich vom Meer aus sichtbar sind.<\/span> <\/p><p><span style=\"font-weight: 400;\">F\u00fcr den Fall, dass Sie sich ein wenig bewegen m\u00f6chten, ohne dabei nass zu werden,<\/span><b> stehen Bootsausfl\u00fcge mit Glasboden zur Verf\u00fcgung<\/b> <span style=\"font-weight: 400;\">um den Meeresgrund ohne Risiko zu betrachten. Wie an vielen anderen Str\u00e4nden sind Paddle-Surfing und Windsurfing an der Tagesordnung.  <\/span><\/p>\t\t\t\t\t\t\t\t<\/div>\n\t\t\t\t<\/div>\n\t\t\t\t\t<\/div>\n\t\t\t\t<\/div>\n\t\t<div class=\"elementor-element elementor-element-962c109 e-flex e-con-boxed e-con e-parent\" data-id=\"962c109\" data-element_type=\"container\" data-e-type=\"container\">\n\t\t\t\t\t<div class=\"e-con-inner\">\n\t\t\t\t<div class=\"elementor-element elementor-element-e68912a elementor-widget elementor-widget-image\" data-id=\"e68912a\" data-element_type=\"widget\" data-e-type=\"widget\" data-widget_type=\"image.default\">\n\t\t\t\t<div class=\"elementor-widget-container\">\n\t\t\t\t\t\t\t\t\t\t\t\t\t\t\t<img loading=\"lazy\" decoding=\"async\" width=\"1254\" height=\"627\" src=\"https:\/\/rentallorca.com\/blog\/wp-content\/uploads\/2025\/05\/actividades-mallorca-calas.jpg\" class=\"attachment-full size-full wp-image-1471\" alt=\"\" srcset=\"https:\/\/rentallorca.com\/blog\/wp-content\/uploads\/2025\/05\/actividades-mallorca-calas.jpg 1254w, https:\/\/rentallorca.com\/blog\/wp-content\/uploads\/2025\/05\/actividades-mallorca-calas-300x150.jpg 300w, https:\/\/rentallorca.com\/blog\/wp-content\/uploads\/2025\/05\/actividades-mallorca-calas-1024x512.jpg 1024w, https:\/\/rentallorca.com\/blog\/wp-content\/uploads\/2025\/05\/actividades-mallorca-calas-768x384.jpg 768w\" sizes=\"(max-width: 1254px) 100vw, 1254px\" \/>\t\t\t\t\t\t\t\t\t\t\t\t\t\t\t<\/div>\n\t\t\t\t<\/div>\n\t\t\t\t\t<\/div>\n\t\t\t\t<\/div>\n\t\t<div class=\"elementor-element elementor-element-22758ac e-flex e-con-boxed e-con e-parent\" data-id=\"22758ac\" data-element_type=\"container\" data-e-type=\"container\">\n\t\t\t\t\t<div class=\"e-con-inner\">\n\t\t\t\t<div class=\"elementor-element elementor-element-b5ff3d1 elementor-widget elementor-widget-heading\" data-id=\"b5ff3d1\" data-element_type=\"widget\" data-e-type=\"widget\" data-widget_type=\"heading.default\">\n\t\t\t\t<div class=\"elementor-widget-container\">\n\t\t\t\t\t<h2 class=\"elementor-heading-title elementor-size-default\">Praktische Hinweise f\u00fcr den Genuss der Buchten Mallorcas \n<\/h2>\t\t\t\t<\/div>\n\t\t\t\t<\/div>\n\t\t\t\t<div class=\"elementor-element elementor-element-e11014e elementor-widget elementor-widget-text-editor\" data-id=\"e11014e\" data-element_type=\"widget\" data-e-type=\"widget\" data-widget_type=\"text-editor.default\">\n\t\t\t\t<div class=\"elementor-widget-container\">\n\t\t\t\t\t\t\t\t\t<p><span style=\"font-weight: 400;\">Damit Ihr Tag in den Buchten perfekt verl\u00e4uft, planen Sie Ihren Besuch zwischen Mai und September, wenn die Wetterbedingungen ideal sind und das Meer sich von seiner besten Seite zeigt. <\/span><b>Treffen Sie fr\u00fchzeitig ein, um Menschenmassen zu vermeiden, insbesondere in beliebten Buchten wie Cal\u00f3 des Moro. <\/b><span style=\"font-weight: 400;\">Vergessen Sie nicht, bequemes Schuhwerk f\u00fcr das Begehen felsiger Pfade mitzuf\u00fchren, und stellen Sie sicher, dass Sie \u00fcber eine ad\u00e4quate Wasserflasche verf\u00fcgen.<\/span><\/p><p><span style=\"font-weight: 400;\">Wir m\u00f6chten nicht den Eindruck erwecken, Ihre Mutter zu sein, doch vergessen Sie keinesfalls Sonnenschutzmittel und einen Sonnenschirm, falls Sie etwas Schatten w\u00fcnschen.<\/span><b> Sollte die Bucht keine Einrichtungen aufweisen, bringen Sie Verpflegung und Beutel zur Entsorgung Ihres Abfalls mit; auf diese Weise tragen Sie zur Erhaltung dieser Naturr\u00e4ume bei.<\/b><span style=\"font-weight: 400;\"> \u00dcberpr\u00fcfen Sie stets die Meeresbedingungen vor dem Schwimmen, um Ihre Sicherheit zu gew\u00e4hrleisten.<\/span><\/p>\t\t\t\t\t\t\t\t<\/div>\n\t\t\t\t<\/div>\n\t\t\t\t\t<\/div>\n\t\t\t\t<\/div>\n\t\t<div class=\"elementor-element elementor-element-87a99e3 e-flex e-con-boxed e-con e-parent\" data-id=\"87a99e3\" data-element_type=\"container\" data-e-type=\"container\">\n\t\t\t\t\t<div class=\"e-con-inner\">\n\t\t\t\t<div class=\"elementor-element elementor-element-ab8fb91 elementor-widget elementor-widget-heading\" data-id=\"ab8fb91\" data-element_type=\"widget\" data-e-type=\"widget\" data-widget_type=\"heading.default\">\n\t\t\t\t<div class=\"elementor-widget-container\">\n\t\t\t\t\t<h2 class=\"elementor-heading-title elementor-size-default\">Welche Bucht auf Mallorca ist die beste f\u00fcr Sie?\n<\/h2>\t\t\t\t<\/div>\n\t\t\t\t<\/div>\n\t\t\t\t<div class=\"elementor-element elementor-element-e6250b9 elementor-widget elementor-widget-text-editor\" data-id=\"e6250b9\" data-element_type=\"widget\" data-e-type=\"widget\" data-widget_type=\"text-editor.default\">\n\t\t\t\t<div class=\"elementor-widget-container\">\n\t\t\t\t\t\t\t\t\t<p><span style=\"font-weight: 400;\">Wir sind uns bewusst, dass <\/span><b>die Auswahl der besten Bucht auf Mallorca eine \u00e4u\u00dferst komplexe Aufgabe darstellt<\/b><span style=\"font-weight: 400;\">, und wir verlangen nicht von Ihnen, sich bereits jetzt festzulegen (obgleich Sie sich nat\u00fcrlich in deren Gew\u00e4ssern erfrischen k\u00f6nnten).<\/span> <\/p><p><span style=\"font-weight: 400;\">Gl\u00fccklicherweise wird die Wahl der optimalen Unterkunft f\u00fcr Ihren Aufenthalt keineswegs schwierig sein. <\/span><b>Bei Rentallorca offerieren wir Ihnen eine Vielzahl von Appartements auf Mallorca, <\/b><span style=\"font-weight: 400;\">die nicht nur einen wettbewerbsf\u00e4higen Preis, sondern auch h\u00f6chsten Komfort bieten, sodass es Ihnen an nichts mangeln wird. Nun bleibt Ihnen nur noch, die Reise und die wundersch\u00f6nen Buchten der Insel zu genie\u00dfen.  <\/span><\/p>\t\t\t\t\t\t\t\t<\/div>\n\t\t\t\t<\/div>\n\t\t\t\t\t<\/div>\n\t\t\t\t<\/div>\n\t\t<div class=\"elementor-element elementor-element-3fd5b4c3 e-flex e-con-boxed e-con e-parent\" data-id=\"3fd5b4c3\" data-element_type=\"container\" data-e-type=\"container\">\n\t\t\t\t\t<div class=\"e-con-inner\">\n\t\t\t\t<div class=\"elementor-element elementor-element-2e21ef87 elementor-widget elementor-widget-shortcode\" data-id=\"2e21ef87\" data-element_type=\"widget\" data-e-type=\"widget\" data-widget_type=\"shortcode.default\">\n\t\t\t\t<div class=\"elementor-widget-container\">\n\t\t\t\t\t\t\t<div class=\"elementor-shortcode\">\t\t<div data-elementor-type=\"page\" data-elementor-id=\"271\" class=\"elementor elementor-271 elementor-170 elementor-170\" data-elementor-post-type=\"elementor_library\">\n\t\t\t\t<div class=\"elementor-element elementor-element-16c5e22 e-flex e-con-boxed e-con e-parent\" data-id=\"16c5e22\" data-element_type=\"container\" data-e-type=\"container\">\n\t\t\t\t\t<div class=\"e-con-inner\">\n\t\t<div class=\"elementor-element elementor-element-ac67807 e-con-full e-flex e-con e-child\" data-id=\"ac67807\" data-element_type=\"container\" data-e-type=\"container\">\n\t\t\t\t<div class=\"elementor-element elementor-element-2ab04b2 elementor-align-justify elementor-widget elementor-widget-button\" data-id=\"2ab04b2\" data-element_type=\"widget\" data-e-type=\"widget\" data-widget_type=\"button.default\">\n\t\t\t\t<div class=\"elementor-widget-container\">\n\t\t\t\t\t\t\t\t\t<div class=\"elementor-button-wrapper\">\n\t\t\t\t\t<a class=\"elementor-button elementor-button-link elementor-size-sm\" href=\"https:\/\/rentallorca.com\/de\/vermietung\/vermietungen-mallorca-e21\/\">\n\t\t\t\t\t\t<span class=\"elementor-button-content-wrapper\">\n\t\t\t\t\t\t\t\t\t<span class=\"elementor-button-text\">Unterk\u00fcnfte in  Mallorca<\/span>\n\t\t\t\t\t<\/span>\n\t\t\t\t\t<\/a>\n\t\t\t\t<\/div>\n\t\t\t\t\t\t\t\t<\/div>\n\t\t\t\t<\/div>\n\t\t\t\t<\/div>\n\t\t<div class=\"elementor-element elementor-element-6bea3dd e-con-full e-flex e-con e-child\" data-id=\"6bea3dd\" data-element_type=\"container\" data-e-type=\"container\">\n\t\t\t\t<div class=\"elementor-element elementor-element-ff8a437 elementor-align-justify elementor-widget elementor-widget-button\" data-id=\"ff8a437\" data-element_type=\"widget\" data-e-type=\"widget\" data-widget_type=\"button.default\">\n\t\t\t\t<div class=\"elementor-widget-container\">\n\t\t\t\t\t\t\t\t\t<div class=\"elementor-button-wrapper\">\n\t\t\t\t\t<a class=\"elementor-button elementor-button-link elementor-size-sm\" href=\"https:\/\/rentallorca.com\/de\/vermietung\/ferienwohnungen-mallorca-c1e21\/\">\n\t\t\t\t\t\t<span class=\"elementor-button-content-wrapper\">\n\t\t\t\t\t\t\t\t\t<span class=\"elementor-button-text\">Wohnungen in Mallorca<\/span>\n\t\t\t\t\t<\/span>\n\t\t\t\t\t<\/a>\n\t\t\t\t<\/div>\n\t\t\t\t\t\t\t\t<\/div>\n\t\t\t\t<\/div>\n\t\t\t\t<\/div>\n\t\t<div class=\"elementor-element elementor-element-d557a64 e-con-full e-flex e-con e-child\" data-id=\"d557a64\" data-element_type=\"container\" data-e-type=\"container\">\n\t\t\t\t<div class=\"elementor-element elementor-element-4421fc4 elementor-align-justify elementor-widget elementor-widget-button\" data-id=\"4421fc4\" data-element_type=\"widget\" data-e-type=\"widget\" data-widget_type=\"button.default\">\n\t\t\t\t<div class=\"elementor-widget-container\">\n\t\t\t\t\t\t\t\t\t<div class=\"elementor-button-wrapper\">\n\t\t\t\t\t<a class=\"elementor-button elementor-button-link elementor-size-sm\" href=\"https:\/\/rentallorca.com\/de\/vermietung\/ferienhauser-alcudia-c19d1098\/\">\n\t\t\t\t\t\t<span class=\"elementor-button-content-wrapper\">\n\t\t\t\t\t\t\t\t\t<span class=\"elementor-button-text\">H\u00e4user in Mallorca<\/span>\n\t\t\t\t\t<\/span>\n\t\t\t\t\t<\/a>\n\t\t\t\t<\/div>\n\t\t\t\t\t\t\t\t<\/div>\n\t\t\t\t<\/div>\n\t\t\t\t<\/div>\n\t\t<div class=\"elementor-element elementor-element-995a361 e-con-full e-flex e-con e-child\" data-id=\"995a361\" data-element_type=\"container\" data-e-type=\"container\">\n\t\t\t\t<div class=\"elementor-element elementor-element-e6addd0 elementor-align-justify elementor-widget elementor-widget-button\" data-id=\"e6addd0\" data-element_type=\"widget\" data-e-type=\"widget\" data-widget_type=\"button.default\">\n\t\t\t\t<div class=\"elementor-widget-container\">\n\t\t\t\t\t\t\t\t\t<div class=\"elementor-button-wrapper\">\n\t\t\t\t\t<a class=\"elementor-button elementor-button-link elementor-size-sm\" href=\"https:\/\/rentallorca.com\/de\/vermietung\/fincas-mallorca-c22e21\/\">\n\t\t\t\t\t\t<span class=\"elementor-button-content-wrapper\">\n\t\t\t\t\t\t\t\t\t<span class=\"elementor-button-text\">Bauernh\u00f6fe in Mallorca<\/span>\n\t\t\t\t\t<\/span>\n\t\t\t\t\t<\/a>\n\t\t\t\t<\/div>\n\t\t\t\t\t\t\t\t<\/div>\n\t\t\t\t<\/div>\n\t\t\t\t<\/div>\n\t\t\t\t\t<\/div>\n\t\t\t\t<\/div>\n\t\t\t\t<\/div>\n\t\t<\/div>\n\t\t\t\t\t\t<\/div>\n\t\t\t\t<\/div>\n\t\t\t\t\t<\/div>\n\t\t\t\t<\/div>\n\t\t\t\t<\/div>\n\t\t","protected":false},"excerpt":{"rendered":"<p>Das Eintauchen in kristallklares Wasser, das Auftauchen aus dem Meer unter der Sonne und das Vorfinden einer Umgebung, die einem Postkartenmotiv gleicht&#8230; es mag zu sch\u00f6n klingen, um wahr zu sein. Oder Sie k\u00f6nnten denken, wir spr\u00e4chen von einem Ziel fernab der Zivilisation, Tausende von Kilometern entfernt. Gl\u00fccklicherweise f\u00fcr Sie und Ihre Lieben liegt dieses [&hellip;]<\/p>\n","protected":false},"author":3,"featured_media":1479,"comment_status":"open","ping_status":"open","sticky":false,"template":"","format":"standard","meta":{"footnotes":""},"categories":[2],"tags":[],"class_list":["post-1618","post","type-post","status-publish","format-standard","has-post-thumbnail","hentry","category-mallorca-urlaub"],"yoast_head":"<!-- This site is optimized with the Yoast SEO plugin v27.5 - https:\/\/yoast.com\/product\/yoast-seo-wordpress\/ -->\n<title>Dies sind die besten Buchten auf Mallorca - Blog<\/title>\n<meta name=\"description\" content=\"Erkunden Sie die sch\u00f6nsten Buchten Mallorcas und genie\u00dfen Sie die gesamte maritime Natur, die diese Insel zu bieten hat.\" \/>\n<meta name=\"robots\" content=\"index, follow, max-snippet:-1, max-image-preview:large, max-video-preview:-1\" \/>\n<link rel=\"canonical\" href=\"https:\/\/rentallorca.com\/blog\/de\/buchten-mallorcas\/\" \/>\n<meta property=\"og:locale\" content=\"de_DE\" \/>\n<meta property=\"og:type\" content=\"article\" \/>\n<meta property=\"og:title\" content=\"Dies sind die besten Buchten auf Mallorca - Blog\" \/>\n<meta property=\"og:description\" content=\"Erkunden Sie die sch\u00f6nsten Buchten Mallorcas und genie\u00dfen Sie die gesamte maritime Natur, die diese Insel zu bieten hat.\" \/>\n<meta property=\"og:url\" content=\"https:\/\/rentallorca.com\/blog\/de\/buchten-mallorcas\/\" \/>\n<meta property=\"og:site_name\" content=\"Blog\" \/>\n<meta property=\"article:published_time\" content=\"2025-05-14T08:57:58+00:00\" \/>\n<meta property=\"article:modified_time\" content=\"2025-07-17T07:12:25+00:00\" \/>\n<meta property=\"og:image\" content=\"https:\/\/rentallorca.com\/blog\/wp-content\/uploads\/2025\/05\/calas-de-Mallorca.jpg\" \/>\n\t<meta property=\"og:image:width\" content=\"1920\" \/>\n\t<meta property=\"og:image:height\" content=\"693\" \/>\n\t<meta property=\"og:image:type\" content=\"image\/jpeg\" \/>\n<meta name=\"author\" content=\"Axel\" \/>\n<meta name=\"twitter:card\" content=\"summary_large_image\" \/>\n<meta name=\"twitter:label1\" content=\"Written by\" \/>\n\t<meta name=\"twitter:data1\" content=\"Axel\" \/>\n\t<meta name=\"twitter:label2\" content=\"Est. reading time\" \/>\n\t<meta name=\"twitter:data2\" content=\"6 minutes\" \/>\n<script type=\"application\/ld+json\" class=\"yoast-schema-graph\">{\"@context\":\"https:\\\/\\\/schema.org\",\"@graph\":[{\"@type\":\"Article\",\"@id\":\"https:\\\/\\\/rentallorca.com\\\/blog\\\/de\\\/buchten-mallorcas\\\/#article\",\"isPartOf\":{\"@id\":\"https:\\\/\\\/rentallorca.com\\\/blog\\\/de\\\/buchten-mallorcas\\\/\"},\"author\":{\"name\":\"Axel\",\"@id\":\"https:\\\/\\\/rentallorca.com\\\/blog\\\/de\\\/#\\\/schema\\\/person\\\/8c5ebe5bf8d43e9757ab6869e1d4cbe4\"},\"headline\":\"M\u00f6chten Sie in den besten Buchten Mallorcas schwimmen? Dies m\u00fcssen Sie lesen.\",\"datePublished\":\"2025-05-14T08:57:58+00:00\",\"dateModified\":\"2025-07-17T07:12:25+00:00\",\"mainEntityOfPage\":{\"@id\":\"https:\\\/\\\/rentallorca.com\\\/blog\\\/de\\\/buchten-mallorcas\\\/\"},\"wordCount\":1222,\"commentCount\":0,\"image\":{\"@id\":\"https:\\\/\\\/rentallorca.com\\\/blog\\\/de\\\/buchten-mallorcas\\\/#primaryimage\"},\"thumbnailUrl\":\"https:\\\/\\\/rentallorca.com\\\/blog\\\/wp-content\\\/uploads\\\/2025\\\/05\\\/calas-de-Mallorca.jpg\",\"articleSection\":[\"Mallorca\"],\"inLanguage\":\"de\",\"potentialAction\":[{\"@type\":\"CommentAction\",\"name\":\"Comment\",\"target\":[\"https:\\\/\\\/rentallorca.com\\\/blog\\\/de\\\/buchten-mallorcas\\\/#respond\"]}]},{\"@type\":\"WebPage\",\"@id\":\"https:\\\/\\\/rentallorca.com\\\/blog\\\/de\\\/buchten-mallorcas\\\/\",\"url\":\"https:\\\/\\\/rentallorca.com\\\/blog\\\/de\\\/buchten-mallorcas\\\/\",\"name\":\"Dies sind die besten Buchten auf Mallorca - Blog\",\"isPartOf\":{\"@id\":\"https:\\\/\\\/rentallorca.com\\\/blog\\\/de\\\/#website\"},\"primaryImageOfPage\":{\"@id\":\"https:\\\/\\\/rentallorca.com\\\/blog\\\/de\\\/buchten-mallorcas\\\/#primaryimage\"},\"image\":{\"@id\":\"https:\\\/\\\/rentallorca.com\\\/blog\\\/de\\\/buchten-mallorcas\\\/#primaryimage\"},\"thumbnailUrl\":\"https:\\\/\\\/rentallorca.com\\\/blog\\\/wp-content\\\/uploads\\\/2025\\\/05\\\/calas-de-Mallorca.jpg\",\"datePublished\":\"2025-05-14T08:57:58+00:00\",\"dateModified\":\"2025-07-17T07:12:25+00:00\",\"author\":{\"@id\":\"https:\\\/\\\/rentallorca.com\\\/blog\\\/de\\\/#\\\/schema\\\/person\\\/8c5ebe5bf8d43e9757ab6869e1d4cbe4\"},\"description\":\"Erkunden Sie die sch\u00f6nsten Buchten Mallorcas und genie\u00dfen Sie die gesamte maritime Natur, die diese Insel zu bieten hat.\",\"breadcrumb\":{\"@id\":\"https:\\\/\\\/rentallorca.com\\\/blog\\\/de\\\/buchten-mallorcas\\\/#breadcrumb\"},\"inLanguage\":\"de\",\"potentialAction\":[{\"@type\":\"ReadAction\",\"target\":[\"https:\\\/\\\/rentallorca.com\\\/blog\\\/de\\\/buchten-mallorcas\\\/\"]}]},{\"@type\":\"ImageObject\",\"inLanguage\":\"de\",\"@id\":\"https:\\\/\\\/rentallorca.com\\\/blog\\\/de\\\/buchten-mallorcas\\\/#primaryimage\",\"url\":\"https:\\\/\\\/rentallorca.com\\\/blog\\\/wp-content\\\/uploads\\\/2025\\\/05\\\/calas-de-Mallorca.jpg\",\"contentUrl\":\"https:\\\/\\\/rentallorca.com\\\/blog\\\/wp-content\\\/uploads\\\/2025\\\/05\\\/calas-de-Mallorca.jpg\",\"width\":1920,\"height\":693,\"caption\":\"calas de Mallorca\"},{\"@type\":\"BreadcrumbList\",\"@id\":\"https:\\\/\\\/rentallorca.com\\\/blog\\\/de\\\/buchten-mallorcas\\\/#breadcrumb\",\"itemListElement\":[{\"@type\":\"ListItem\",\"position\":1,\"name\":\"Home\",\"item\":\"https:\\\/\\\/rentallorca.com\\\/blog\\\/de\\\/\"},{\"@type\":\"ListItem\",\"position\":2,\"name\":\"M\u00f6chten Sie in den besten Buchten Mallorcas schwimmen? Dies m\u00fcssen Sie lesen.\"}]},{\"@type\":\"WebSite\",\"@id\":\"https:\\\/\\\/rentallorca.com\\\/blog\\\/de\\\/#website\",\"url\":\"https:\\\/\\\/rentallorca.com\\\/blog\\\/de\\\/\",\"name\":\"Blog\",\"description\":\"Rentallorca\",\"potentialAction\":[{\"@type\":\"SearchAction\",\"target\":{\"@type\":\"EntryPoint\",\"urlTemplate\":\"https:\\\/\\\/rentallorca.com\\\/blog\\\/de\\\/?s={search_term_string}\"},\"query-input\":{\"@type\":\"PropertyValueSpecification\",\"valueRequired\":true,\"valueName\":\"search_term_string\"}}],\"inLanguage\":\"de\"},{\"@type\":\"Person\",\"@id\":\"https:\\\/\\\/rentallorca.com\\\/blog\\\/de\\\/#\\\/schema\\\/person\\\/8c5ebe5bf8d43e9757ab6869e1d4cbe4\",\"name\":\"Axel\",\"image\":{\"@type\":\"ImageObject\",\"inLanguage\":\"de\",\"@id\":\"https:\\\/\\\/secure.gravatar.com\\\/avatar\\\/3bd706736e5b70f21f05f6c2d5cad746767782a4ba4b7df399c5969e2a9318fd?s=96&d=mm&r=g\",\"url\":\"https:\\\/\\\/secure.gravatar.com\\\/avatar\\\/3bd706736e5b70f21f05f6c2d5cad746767782a4ba4b7df399c5969e2a9318fd?s=96&d=mm&r=g\",\"contentUrl\":\"https:\\\/\\\/secure.gravatar.com\\\/avatar\\\/3bd706736e5b70f21f05f6c2d5cad746767782a4ba4b7df399c5969e2a9318fd?s=96&d=mm&r=g\",\"caption\":\"Axel\"},\"url\":\"https:\\\/\\\/rentallorca.com\\\/blog\\\/de\\\/author\\\/axel\\\/\"}]}<\/script>\n<!-- \/ Yoast SEO plugin. -->","yoast_head_json":{"title":"Dies sind die besten Buchten auf Mallorca - Blog","description":"Erkunden Sie die sch\u00f6nsten Buchten Mallorcas und genie\u00dfen Sie die gesamte maritime Natur, die diese Insel zu bieten hat.","robots":{"index":"index","follow":"follow","max-snippet":"max-snippet:-1","max-image-preview":"max-image-preview:large","max-video-preview":"max-video-preview:-1"},"canonical":"https:\/\/rentallorca.com\/blog\/de\/buchten-mallorcas\/","og_locale":"de_DE","og_type":"article","og_title":"Dies sind die besten Buchten auf Mallorca - Blog","og_description":"Erkunden Sie die sch\u00f6nsten Buchten Mallorcas und genie\u00dfen Sie die gesamte maritime Natur, die diese Insel zu bieten hat.","og_url":"https:\/\/rentallorca.com\/blog\/de\/buchten-mallorcas\/","og_site_name":"Blog","article_published_time":"2025-05-14T08:57:58+00:00","article_modified_time":"2025-07-17T07:12:25+00:00","og_image":[{"width":1920,"height":693,"url":"https:\/\/rentallorca.com\/blog\/wp-content\/uploads\/2025\/05\/calas-de-Mallorca.jpg","type":"image\/jpeg"}],"author":"Axel","twitter_card":"summary_large_image","twitter_misc":{"Written by":"Axel","Est. reading time":"6 minutes"},"schema":{"@context":"https:\/\/schema.org","@graph":[{"@type":"Article","@id":"https:\/\/rentallorca.com\/blog\/de\/buchten-mallorcas\/#article","isPartOf":{"@id":"https:\/\/rentallorca.com\/blog\/de\/buchten-mallorcas\/"},"author":{"name":"Axel","@id":"https:\/\/rentallorca.com\/blog\/de\/#\/schema\/person\/8c5ebe5bf8d43e9757ab6869e1d4cbe4"},"headline":"M\u00f6chten Sie in den besten Buchten Mallorcas schwimmen? Dies m\u00fcssen Sie lesen.","datePublished":"2025-05-14T08:57:58+00:00","dateModified":"2025-07-17T07:12:25+00:00","mainEntityOfPage":{"@id":"https:\/\/rentallorca.com\/blog\/de\/buchten-mallorcas\/"},"wordCount":1222,"commentCount":0,"image":{"@id":"https:\/\/rentallorca.com\/blog\/de\/buchten-mallorcas\/#primaryimage"},"thumbnailUrl":"https:\/\/rentallorca.com\/blog\/wp-content\/uploads\/2025\/05\/calas-de-Mallorca.jpg","articleSection":["Mallorca"],"inLanguage":"de","potentialAction":[{"@type":"CommentAction","name":"Comment","target":["https:\/\/rentallorca.com\/blog\/de\/buchten-mallorcas\/#respond"]}]},{"@type":"WebPage","@id":"https:\/\/rentallorca.com\/blog\/de\/buchten-mallorcas\/","url":"https:\/\/rentallorca.com\/blog\/de\/buchten-mallorcas\/","name":"Dies sind die besten Buchten auf Mallorca - Blog","isPartOf":{"@id":"https:\/\/rentallorca.com\/blog\/de\/#website"},"primaryImageOfPage":{"@id":"https:\/\/rentallorca.com\/blog\/de\/buchten-mallorcas\/#primaryimage"},"image":{"@id":"https:\/\/rentallorca.com\/blog\/de\/buchten-mallorcas\/#primaryimage"},"thumbnailUrl":"https:\/\/rentallorca.com\/blog\/wp-content\/uploads\/2025\/05\/calas-de-Mallorca.jpg","datePublished":"2025-05-14T08:57:58+00:00","dateModified":"2025-07-17T07:12:25+00:00","author":{"@id":"https:\/\/rentallorca.com\/blog\/de\/#\/schema\/person\/8c5ebe5bf8d43e9757ab6869e1d4cbe4"},"description":"Erkunden Sie die sch\u00f6nsten Buchten Mallorcas und genie\u00dfen Sie die gesamte maritime Natur, die diese Insel zu bieten hat.","breadcrumb":{"@id":"https:\/\/rentallorca.com\/blog\/de\/buchten-mallorcas\/#breadcrumb"},"inLanguage":"de","potentialAction":[{"@type":"ReadAction","target":["https:\/\/rentallorca.com\/blog\/de\/buchten-mallorcas\/"]}]},{"@type":"ImageObject","inLanguage":"de","@id":"https:\/\/rentallorca.com\/blog\/de\/buchten-mallorcas\/#primaryimage","url":"https:\/\/rentallorca.com\/blog\/wp-content\/uploads\/2025\/05\/calas-de-Mallorca.jpg","contentUrl":"https:\/\/rentallorca.com\/blog\/wp-content\/uploads\/2025\/05\/calas-de-Mallorca.jpg","width":1920,"height":693,"caption":"calas de Mallorca"},{"@type":"BreadcrumbList","@id":"https:\/\/rentallorca.com\/blog\/de\/buchten-mallorcas\/#breadcrumb","itemListElement":[{"@type":"ListItem","position":1,"name":"Home","item":"https:\/\/rentallorca.com\/blog\/de\/"},{"@type":"ListItem","position":2,"name":"M\u00f6chten Sie in den besten Buchten Mallorcas schwimmen? Dies m\u00fcssen Sie lesen."}]},{"@type":"WebSite","@id":"https:\/\/rentallorca.com\/blog\/de\/#website","url":"https:\/\/rentallorca.com\/blog\/de\/","name":"Blog","description":"Rentallorca","potentialAction":[{"@type":"SearchAction","target":{"@type":"EntryPoint","urlTemplate":"https:\/\/rentallorca.com\/blog\/de\/?s={search_term_string}"},"query-input":{"@type":"PropertyValueSpecification","valueRequired":true,"valueName":"search_term_string"}}],"inLanguage":"de"},{"@type":"Person","@id":"https:\/\/rentallorca.com\/blog\/de\/#\/schema\/person\/8c5ebe5bf8d43e9757ab6869e1d4cbe4","name":"Axel","image":{"@type":"ImageObject","inLanguage":"de","@id":"https:\/\/secure.gravatar.com\/avatar\/3bd706736e5b70f21f05f6c2d5cad746767782a4ba4b7df399c5969e2a9318fd?s=96&d=mm&r=g","url":"https:\/\/secure.gravatar.com\/avatar\/3bd706736e5b70f21f05f6c2d5cad746767782a4ba4b7df399c5969e2a9318fd?s=96&d=mm&r=g","contentUrl":"https:\/\/secure.gravatar.com\/avatar\/3bd706736e5b70f21f05f6c2d5cad746767782a4ba4b7df399c5969e2a9318fd?s=96&d=mm&r=g","caption":"Axel"},"url":"https:\/\/rentallorca.com\/blog\/de\/author\/axel\/"}]}},"_links":{"self":[{"href":"https:\/\/rentallorca.com\/blog\/de\/wp-json\/wp\/v2\/posts\/1618","targetHints":{"allow":["GET"]}}],"collection":[{"href":"https:\/\/rentallorca.com\/blog\/de\/wp-json\/wp\/v2\/posts"}],"about":[{"href":"https:\/\/rentallorca.com\/blog\/de\/wp-json\/wp\/v2\/types\/post"}],"author":[{"embeddable":true,"href":"https:\/\/rentallorca.com\/blog\/de\/wp-json\/wp\/v2\/users\/3"}],"replies":[{"embeddable":true,"href":"https:\/\/rentallorca.com\/blog\/de\/wp-json\/wp\/v2\/comments?post=1618"}],"version-history":[{"count":1,"href":"https:\/\/rentallorca.com\/blog\/de\/wp-json\/wp\/v2\/posts\/1618\/revisions"}],"predecessor-version":[{"id":1619,"href":"https:\/\/rentallorca.com\/blog\/de\/wp-json\/wp\/v2\/posts\/1618\/revisions\/1619"}],"wp:featuredmedia":[{"embeddable":true,"href":"https:\/\/rentallorca.com\/blog\/de\/wp-json\/wp\/v2\/media\/1479"}],"wp:attachment":[{"href":"https:\/\/rentallorca.com\/blog\/de\/wp-json\/wp\/v2\/media?parent=1618"}],"wp:term":[{"taxonomy":"category","embeddable":true,"href":"https:\/\/rentallorca.com\/blog\/de\/wp-json\/wp\/v2\/categories?post=1618"},{"taxonomy":"post_tag","embeddable":true,"href":"https:\/\/rentallorca.com\/blog\/de\/wp-json\/wp\/v2\/tags?post=1618"}],"curies":[{"name":"wp","href":"https:\/\/api.w.org\/{rel}","templated":true}]}}