{"id":1332,"date":"2025-04-08T08:07:20","date_gmt":"2025-04-08T08:07:20","guid":{"rendered":"https:\/\/rentallorca.com\/blog\/?p=1332"},"modified":"2025-07-17T07:12:51","modified_gmt":"2025-07-17T07:12:51","slug":"entdecken-sie-die-sehenswurdigkeiten-in-pollenca","status":"publish","type":"post","link":"https:\/\/rentallorca.com\/blog\/de\/entdecken-sie-die-sehenswurdigkeiten-in-pollenca\/","title":{"rendered":"Entdecken Sie die Sehensw\u00fcrdigkeiten in Pollen\u00e7a"},"content":{"rendered":"\t\t<div data-elementor-type=\"wp-post\" data-elementor-id=\"1332\" class=\"elementor elementor-1332 elementor-1152\" data-elementor-post-type=\"post\">\n\t\t\t\t<div class=\"elementor-element elementor-element-5427e868 e-flex e-con-boxed e-con e-parent\" data-id=\"5427e868\" data-element_type=\"container\" data-e-type=\"container\">\n\t\t\t\t\t<div class=\"e-con-inner\">\n\t\t\t\t<div class=\"elementor-element elementor-element-2ba49ab elementor-widget elementor-widget-text-editor\" data-id=\"2ba49ab\" data-element_type=\"widget\" data-e-type=\"widget\" data-widget_type=\"text-editor.default\">\n\t\t\t\t<div class=\"elementor-widget-container\">\n\t\t\t\t\t\t\t\t\t<p><span style=\"font-weight: 400;\">Obwohl die Insel Mallorca auf der Karte klein erscheint, bietet sie unz\u00e4hlige Besichtigungsm\u00f6glichkeiten jenseits der Hauptstadt. Ob Sie in den S\u00fcden oder Norden reisen,  <\/span>  <b> Sie werden auf traumhafte D\u00f6rfer sto\u00dfen<\/b><span style=\"font-weight: 400;\"> die Art, bei der Sie sich fragen: <\/span><i><span style=\"font-weight: 400;\">\u201eWie konnte ich von diesem Ort noch nie geh\u00f6rt haben?\u201c<\/span><\/i><\/p><p><span style=\"font-weight: 400;\">Nun, es besteht kein Zweifel daran, dass einer dieser Orte, auf die wir uns beziehen, die Stadt Pollensa ist.<\/span><b>  Es ist ein magischer Winkel, der jene Kombination von Aktivit\u00e4ten bietet, die wir so sehr sch\u00e4tzen.<\/b><span style=\"font-weight: 400;\">  Ja, wir sprechen von einer guten Dosis Kultur, Natur, erstklassiger Gastronomie und traumhaften Str\u00e4nden.<\/span><\/p><p><span style=\"font-weight: 400;\">Klingt das nach einem guten Plan? F\u00fcr uns schon! Deshalb   <\/span><b>erz\u00e4hlen wir Ihnen heute, was es in Pollensa zu sehen gibt<\/b><span style=\"font-weight: 400;\"> , damit Sie Ihren Aufenthalt optimal nutzen k\u00f6nnen. Lassen Sie uns beginnen!  <\/span><\/p>\t\t\t\t\t\t\t\t<\/div>\n\t\t\t\t<\/div>\n\t\t\t\t\t<\/div>\n\t\t\t\t<\/div>\n\t\t<div class=\"elementor-element elementor-element-2fd697c8 e-flex e-con-boxed e-con e-parent\" data-id=\"2fd697c8\" data-element_type=\"container\" data-e-type=\"container\">\n\t\t\t\t\t<div class=\"e-con-inner\">\n\t\t\t\t<div class=\"elementor-element elementor-element-1b039734 elementor-widget elementor-widget-table-of-contents\" data-id=\"1b039734\" data-element_type=\"widget\" data-e-type=\"widget\" data-settings=\"{&quot;headings_by_tags&quot;:[&quot;h2&quot;,&quot;h3&quot;],&quot;exclude_headings_by_selector&quot;:[],&quot;marker_view&quot;:&quot;bullets&quot;,&quot;icon&quot;:{&quot;value&quot;:&quot;&quot;,&quot;library&quot;:&quot;&quot;},&quot;no_headings_message&quot;:&quot;No headings were found on this page.&quot;,&quot;hierarchical_view&quot;:&quot;yes&quot;,&quot;min_height&quot;:{&quot;unit&quot;:&quot;px&quot;,&quot;size&quot;:&quot;&quot;,&quot;sizes&quot;:[]},&quot;min_height_tablet&quot;:{&quot;unit&quot;:&quot;px&quot;,&quot;size&quot;:&quot;&quot;,&quot;sizes&quot;:[]},&quot;min_height_mobile&quot;:{&quot;unit&quot;:&quot;px&quot;,&quot;size&quot;:&quot;&quot;,&quot;sizes&quot;:[]}}\" data-widget_type=\"table-of-contents.default\">\n\t\t\t\t<div class=\"elementor-widget-container\">\n\t\t\t\t\t\t\t\t\t<div class=\"elementor-toc__header\">\n\t\t\t\t\t\t<div class=\"elementor-toc__header-title\">\n\t\t\t\tInhaltsverzeichnis\t\t\t<\/div>\n\t\t\t\t\t\t\t\t<\/div>\n\t\t\t\t<div id=\"elementor-toc__1b039734\" class=\"elementor-toc__body\">\n\t\t\t<div class=\"elementor-toc__spinner-container\">\n\t\t\t\t<svg class=\"elementor-toc__spinner eicon-animation-spin e-font-icon-svg e-eicon-loading\" aria-hidden=\"true\" viewBox=\"0 0 1000 1000\" xmlns=\"http:\/\/www.w3.org\/2000\/svg\"><path d=\"M500 975V858C696 858 858 696 858 500S696 142 500 142 142 304 142 500H25C25 237 238 25 500 25S975 237 975 500 763 975 500 975Z\"><\/path><\/svg>\t\t\t<\/div>\n\t\t<\/div>\n\t\t\t\t\t\t<\/div>\n\t\t\t\t<\/div>\n\t\t\t\t\t<\/div>\n\t\t\t\t<\/div>\n\t\t<div class=\"elementor-element elementor-element-65dda284 e-flex e-con-boxed e-con e-parent\" data-id=\"65dda284\" data-element_type=\"container\" data-e-type=\"container\">\n\t\t\t\t\t<div class=\"e-con-inner\">\n\t\t\t\t<div class=\"elementor-element elementor-element-f39af99 elementor-widget elementor-widget-heading\" data-id=\"f39af99\" data-element_type=\"widget\" data-e-type=\"widget\" data-widget_type=\"heading.default\">\n\t\t\t\t<div class=\"elementor-widget-container\">\n\t\t\t\t\t<h2 class=\"elementor-heading-title elementor-size-default\">Verpassen Sie diese Sehensw\u00fcrdigkeiten in der Stadt Pollensa nicht<\/h2>\t\t\t\t<\/div>\n\t\t\t\t<\/div>\n\t\t\t\t<div class=\"elementor-element elementor-element-167a14fd elementor-widget elementor-widget-text-editor\" data-id=\"167a14fd\" data-element_type=\"widget\" data-e-type=\"widget\" data-widget_type=\"text-editor.default\">\n\t\t\t\t<div class=\"elementor-widget-container\">\n\t\t\t\t\t\t\t\t\t<p><span style=\"font-weight: 400;\">Wie wir bereits erw\u00e4hnten, ist die Stadt Pollensa ein Ort, der <\/span><b>keinen Besucher gleichg\u00fcltig l\u00e4sst<\/b><span style=\"font-weight: 400;\"> , von jenen, die sich jedes Jahr ermutigen, seinen historischen Charme und seine nat\u00fcrliche Sch\u00f6nheit zu entdecken. Wir haben uns die Freiheit genommen, Ihnen eine Liste der emblematischsten Orte zu erstellen, die Sie nicht verpassen d\u00fcrfen:  <\/span><\/p>\t\t\t\t\t\t\t\t<\/div>\n\t\t\t\t<\/div>\n\t\t\t\t\t<\/div>\n\t\t\t\t<\/div>\n\t\t<div class=\"elementor-element elementor-element-f0704fc e-flex e-con-boxed e-con e-parent\" data-id=\"f0704fc\" data-element_type=\"container\" data-e-type=\"container\">\n\t\t\t\t\t<div class=\"e-con-inner\">\n\t\t<div class=\"elementor-element elementor-element-5744235 e-con-full e-flex e-con e-child\" data-id=\"5744235\" data-element_type=\"container\" data-e-type=\"container\">\n\t\t\t\t<div class=\"elementor-element elementor-element-3a398bba elementor-widget elementor-widget-heading\" data-id=\"3a398bba\" data-element_type=\"widget\" data-e-type=\"widget\" data-widget_type=\"heading.default\">\n\t\t\t\t<div class=\"elementor-widget-container\">\n\t\t\t\t\t<h3 class=\"elementor-heading-title elementor-size-default\">Der Kalvarienberg von Pollensa\n<\/h3>\t\t\t\t<\/div>\n\t\t\t\t<\/div>\n\t\t\t\t<div class=\"elementor-element elementor-element-74383f7d elementor-widget elementor-widget-text-editor\" data-id=\"74383f7d\" data-element_type=\"widget\" data-e-type=\"widget\" data-widget_type=\"text-editor.default\">\n\t\t\t\t<div class=\"elementor-widget-container\">\n\t\t\t\t\t\t\t\t\t<p><span style=\"font-weight: 400;\">Dieser kleine H\u00fcgel, fr\u00fcher als Berg der Templer bekannt, ist ber\u00fchmt f\u00fcr<\/span><b> eine riesige Treppe mit 365 Stufen, die zu einer Templerkapelle f\u00fchrt. <\/b><span style=\"font-weight: 400;\">Von seinem Gipfel aus (wenn Sie es wagen, ihn zu erklimmen) werden Sie beeindruckende Ausblicke auf die Stadt und die Bucht von Pollensa genie\u00dfen, die Sie das Gef\u00fchl vermitteln werden, dass der gesamte Aufstieg sich gelohnt hat.<\/span><\/p><p><span style=\"font-weight: 400;\">Bitte beachten Sie, dass<\/span><b> die Besteigung des Kalvarienbergs eine ber\u00fchmte lokale Tradition ist<\/b><span style=\"font-weight: 400;\">, insbesondere w\u00e4hrend der Karwoche. Hier erreichen Epik und Mystik ihren H\u00f6hepunkt, da eine n\u00e4chtliche Prozession bei Fackelschein abgehalten wird.  <\/span><\/p>\t\t\t\t\t\t\t\t<\/div>\n\t\t\t\t<\/div>\n\t\t\t\t<\/div>\n\t\t<div class=\"elementor-element elementor-element-d7a636e e-con-full e-flex e-con e-child\" data-id=\"d7a636e\" data-element_type=\"container\" data-e-type=\"container\">\n\t\t\t\t<div class=\"elementor-element elementor-element-fbb784b elementor-widget elementor-widget-heading\" data-id=\"fbb784b\" data-element_type=\"widget\" data-e-type=\"widget\" data-widget_type=\"heading.default\">\n\t\t\t\t<div class=\"elementor-widget-container\">\n\t\t\t\t\t<h3 class=\"elementor-heading-title elementor-size-default\">Museum von Pollensa\n<\/h3>\t\t\t\t<\/div>\n\t\t\t\t<\/div>\n\t\t\t\t<div class=\"elementor-element elementor-element-9ff78dc elementor-widget elementor-widget-text-editor\" data-id=\"9ff78dc\" data-element_type=\"widget\" data-e-type=\"widget\" data-widget_type=\"text-editor.default\">\n\t\t\t\t<div class=\"elementor-widget-container\">\n\t\t\t\t\t\t\t\t\t<p><span style=\"font-weight: 400;\">Dieses Museum befindet sich im Kloster Santo Domingo und beherbergt eine immense Anzahl von Werken lokaler und internationaler K\u00fcnstler. Unter seinen bemerkenswertesten St\u00fccken werden Sie  <\/span><b>ein fantastisches Mandala sehen, das 1990 von buddhistischen M\u00f6nchen erschaffen wurde.<\/b><span style=\"font-weight: 400;\">  Zus\u00e4tzlich zu seiner permanenten Sammlung organisiert das Museum auch tempor\u00e4re Ausstellungen, bei denen Sie einen guten Einblick in die reiche Geschichte und Kultur der Region erhalten k\u00f6nnen.<\/span><\/p>\t\t\t\t\t\t\t\t<\/div>\n\t\t\t\t<\/div>\n\t\t\t\t<\/div>\n\t\t\t\t\t<\/div>\n\t\t\t\t<\/div>\n\t\t<div class=\"elementor-element elementor-element-6de5587 e-flex e-con-boxed e-con e-parent\" data-id=\"6de5587\" data-element_type=\"container\" data-e-type=\"container\">\n\t\t\t\t\t<div class=\"e-con-inner\">\n\t\t<div class=\"elementor-element elementor-element-e9c910c e-con-full e-flex e-con e-child\" data-id=\"e9c910c\" data-element_type=\"container\" data-e-type=\"container\">\n\t\t\t\t<div class=\"elementor-element elementor-element-86d5fe6 elementor-widget elementor-widget-heading\" data-id=\"86d5fe6\" data-element_type=\"widget\" data-e-type=\"widget\" data-widget_type=\"heading.default\">\n\t\t\t\t<div class=\"elementor-widget-container\">\n\t\t\t\t\t<h3 class=\"elementor-heading-title elementor-size-default\">Kloster Santo Domingo<\/h3>\t\t\t\t<\/div>\n\t\t\t\t<\/div>\n\t\t\t\t<div class=\"elementor-element elementor-element-d6268b3 elementor-widget elementor-widget-text-editor\" data-id=\"d6268b3\" data-element_type=\"widget\" data-e-type=\"widget\" data-widget_type=\"text-editor.default\">\n\t\t\t\t<div class=\"elementor-widget-container\">\n\t\t\t\t\t\t\t\t\t<p><span style=\"font-weight: 400;\">Erbaut im 16. Jahrhundert, dient dieses Kloster als kultureller Raum f\u00fcr verschiedene k\u00fcnstlerische und musikalische Veranstaltungen, <\/span><b>wobei das Festival von Pollen\u00e7a eines der bekanntesten ist.<\/b><span style=\"font-weight: 400;\"> W\u00e4hrend des Sommers verwandeln sich seine Innenh\u00f6fe und Kreuzg\u00e4nge und werden zu einer wirklich angenehmen Kulisse f\u00fcr Konzerte und Theaterauff\u00fchrungen.<\/span><\/p>\t\t\t\t\t\t\t\t<\/div>\n\t\t\t\t<\/div>\n\t\t\t\t<\/div>\n\t\t<div class=\"elementor-element elementor-element-df22ceb e-con-full e-flex e-con e-child\" data-id=\"df22ceb\" data-element_type=\"container\" data-e-type=\"container\">\n\t\t\t\t<div class=\"elementor-element elementor-element-c1b0c9e elementor-widget elementor-widget-heading\" data-id=\"c1b0c9e\" data-element_type=\"widget\" data-e-type=\"widget\" data-widget_type=\"heading.default\">\n\t\t\t\t<div class=\"elementor-widget-container\">\n\t\t\t\t\t<h3 class=\"elementor-heading-title elementor-size-default\">Joan March G\u00e4rten\n<\/h3>\t\t\t\t<\/div>\n\t\t\t\t<\/div>\n\t\t\t\t<div class=\"elementor-element elementor-element-4f6d3dc elementor-widget elementor-widget-text-editor\" data-id=\"4f6d3dc\" data-element_type=\"widget\" data-e-type=\"widget\" data-widget_type=\"text-editor.default\">\n\t\t\t\t<div class=\"elementor-widget-container\">\n\t\t\t\t\t\t\t\t\t<p><span style=\"font-weight: 400;\">Haben Sie Lust, innezuhalten und eine Oase der Ruhe im Herzen der Stadt zu betrachten? Dann sind diese G\u00e4rten, die eine gro\u00dfe Vielfalt an Pflanzenarten und einen beeindruckenden gotischen Turm bieten, definitiv das, was Sie brauchen.  <\/span><b>Es ist der ideale Ort, um sich ein wenig zu entspannen <\/b><span style=\"font-weight: 400;\">und seine nat\u00fcrliche Umgebung zu erkunden, w\u00e4hrend Sie einige der Wanderwege entdecken, die ihn durchqueren.<\/span><\/p>\t\t\t\t\t\t\t\t<\/div>\n\t\t\t\t<\/div>\n\t\t\t\t<\/div>\n\t\t<div class=\"elementor-element elementor-element-7bfe4c5 e-con-full e-flex e-con e-child\" data-id=\"7bfe4c5\" data-element_type=\"container\" data-e-type=\"container\">\n\t\t\t\t<div class=\"elementor-element elementor-element-2131a96 elementor-widget elementor-widget-heading\" data-id=\"2131a96\" data-element_type=\"widget\" data-e-type=\"widget\" data-widget_type=\"heading.default\">\n\t\t\t\t<div class=\"elementor-widget-container\">\n\t\t\t\t\t<h3 class=\"elementor-heading-title elementor-size-default\">Der Hauptplatz\n<\/h3>\t\t\t\t<\/div>\n\t\t\t\t<\/div>\n\t\t\t\t<div class=\"elementor-element elementor-element-9b2e4c7 elementor-widget elementor-widget-text-editor\" data-id=\"9b2e4c7\" data-element_type=\"widget\" data-e-type=\"widget\" data-widget_type=\"text-editor.default\">\n\t\t\t\t<div class=\"elementor-widget-container\">\n\t\t\t\t\t\t\t\t\t<p><span style=\"font-weight: 400;\">Das wahre Herz der Stadt, umgeben von historischen Geb\u00e4uden und der Pfarrkirche Unserer Lieben Frau der Engel. Sonntags  <\/span><b>finden Sie hier einen lebhaften Markt, auf dem Sie lokale Produkte erwerben k\u00f6nnen<\/b><span style=\"font-weight: 400;\">  und ein gutes Beispiel f\u00fcr das typische Stadtleben erleben. Der Platz ist auch ein Treffpunkt f\u00fcr Einheimische und Besucher, wo Sie einen guten Kaffee trinken oder in einem der nahe gelegenen Restaurants essen k\u00f6nnen.  <\/span><\/p>\t\t\t\t\t\t\t\t<\/div>\n\t\t\t\t<\/div>\n\t\t\t\t<\/div>\n\t\t\t\t\t<\/div>\n\t\t\t\t<\/div>\n\t\t<div class=\"elementor-element elementor-element-803927b e-flex e-con-boxed e-con e-parent\" data-id=\"803927b\" data-element_type=\"container\" data-e-type=\"container\">\n\t\t\t\t\t<div class=\"e-con-inner\">\n\t\t\t\t<div class=\"elementor-element elementor-element-186aad4 elementor-widget elementor-widget-image\" data-id=\"186aad4\" data-element_type=\"widget\" data-e-type=\"widget\" data-widget_type=\"image.default\">\n\t\t\t\t<div class=\"elementor-widget-container\">\n\t\t\t\t\t\t\t\t\t\t\t\t\t\t\t<img fetchpriority=\"high\" decoding=\"async\" width=\"1254\" height=\"627\" src=\"https:\/\/rentallorca.com\/blog\/wp-content\/uploads\/2025\/04\/Plaza-pollenca.jpg\" class=\"attachment-full size-full wp-image-1291\" alt=\"Plaza-pollenca\" srcset=\"https:\/\/rentallorca.com\/blog\/wp-content\/uploads\/2025\/04\/Plaza-pollenca.jpg 1254w, https:\/\/rentallorca.com\/blog\/wp-content\/uploads\/2025\/04\/Plaza-pollenca-300x150.jpg 300w, https:\/\/rentallorca.com\/blog\/wp-content\/uploads\/2025\/04\/Plaza-pollenca-1024x512.jpg 1024w, https:\/\/rentallorca.com\/blog\/wp-content\/uploads\/2025\/04\/Plaza-pollenca-768x384.jpg 768w\" sizes=\"(max-width: 1254px) 100vw, 1254px\" \/>\t\t\t\t\t\t\t\t\t\t\t\t\t\t\t<\/div>\n\t\t\t\t<\/div>\n\t\t\t\t\t<\/div>\n\t\t\t\t<\/div>\n\t\t<div class=\"elementor-element elementor-element-3d5ee51c e-flex e-con-boxed e-con e-parent\" data-id=\"3d5ee51c\" data-element_type=\"container\" data-e-type=\"container\">\n\t\t\t\t\t<div class=\"e-con-inner\">\n\t\t\t\t<div class=\"elementor-element elementor-element-38a945ad elementor-widget elementor-widget-heading\" data-id=\"38a945ad\" data-element_type=\"widget\" data-e-type=\"widget\" data-widget_type=\"heading.default\">\n\t\t\t\t<div class=\"elementor-widget-container\">\n\t\t\t\t\t<h2 class=\"elementor-heading-title elementor-size-default\">Lernen Sie den Hafen von Pollensa eingehend kennen\n<\/h2>\t\t\t\t<\/div>\n\t\t\t\t<\/div>\n\t\t\t\t<div class=\"elementor-element elementor-element-44b46a1b elementor-widget elementor-widget-text-editor\" data-id=\"44b46a1b\" data-element_type=\"widget\" data-e-type=\"widget\" data-widget_type=\"text-editor.default\">\n\t\t\t\t<div class=\"elementor-widget-container\">\n\t\t\t\t\t\t\t\t\t<p><span style=\"font-weight: 400;\">F\u00fcr jene Personen, die nicht wissen, was es im Hafen von Pollensa zu sehen gibt, haben wir die L\u00f6sung. Dieses Ziel ist zweifellos eines f\u00fcr jeden Geschmack.  <\/span><b>Es befindet sich in einer beeindruckenden hufeisenf\u00f6rmigen Bucht, umgeben von den Bergen der Serra de Tramuntana.<\/b><span style=\"font-weight: 400;\">  Mit anderen Worten, Sie sollten Ihr Telefon griffbereit haben, denn Sie werden es mit Fotos \u00fcberlasten. <\/span><\/p><p><b>Vergessen Sie nicht, entlang des ber\u00fchmten Pine Walk zu schlendern<\/b><span style=\"font-weight: 400;\">, Wassersportarten wie Kitesurfen oder Kajak fahren zu genie\u00dfen oder sich an seinen wei\u00dfen Sandstr\u00e4nden zu entspannen. Besuchen Sie auch den Hauptplatz, der Miquel Capllonch gewidmet ist, wo Sie neben einem praktischen Punkt auch die gro\u00dfe neugotische Kirche und die Windrose sehen werden.  <\/span><\/p><p><ci id=\"gid_0\">F\u00fcr alle Reisenden ist der Yachthafen ein glamour\u00f6ser Ort, um einen exquisiten Abend mit Meerblick zu verbringen. <\/ci><ci id=\"gid_1\">Hier finden Sie eine ausgewogene Mischung aus Ruhe und Aktivit\u00e4t,<\/ci><ci id=\"gid_2\"> wodurch Puerto Pollensa ein idealer Ort ist, sei es f\u00fcr Familien oder f\u00fcr diejenigen, die ein wenig Abenteuer suchen. <\/ci>  <\/p>\t\t\t\t\t\t\t\t<\/div>\n\t\t\t\t<\/div>\n\t\t\t\t\t<\/div>\n\t\t\t\t<\/div>\n\t\t<div class=\"elementor-element elementor-element-ce91e99 e-flex e-con-boxed e-con e-parent\" data-id=\"ce91e99\" data-element_type=\"container\" data-e-type=\"container\">\n\t\t\t\t\t<div class=\"e-con-inner\">\n\t\t\t\t<div class=\"elementor-element elementor-element-84a9e5f elementor-widget elementor-widget-heading\" data-id=\"84a9e5f\" data-element_type=\"widget\" data-e-type=\"widget\" data-widget_type=\"heading.default\">\n\t\t\t\t<div class=\"elementor-widget-container\">\n\t\t\t\t\t<h2 class=\"elementor-heading-title elementor-size-default\">Beachten Sie diese Empfehlungen f\u00fcr Sehensw\u00fcrdigkeiten in der Umgebung\n<\/h2>\t\t\t\t<\/div>\n\t\t\t\t<\/div>\n\t\t\t\t<div class=\"elementor-element elementor-element-ea226d4 elementor-widget elementor-widget-text-editor\" data-id=\"ea226d4\" data-element_type=\"widget\" data-e-type=\"widget\" data-widget_type=\"text-editor.default\">\n\t\t\t\t<div class=\"elementor-widget-container\">\n\t\t\t\t\t\t\t\t\t<p><ci id=\"gid_0\">Suchen Sie nach weiteren Aktivit\u00e4ten in Pollensa? <\/ci><ci id=\"gid_1\">Notieren Sie sich diese Orte, <\/ci><ci id=\"gid_2\">die es in Pollensa und Umgebung zu besichtigen gilt:<\/ci><\/p><ul><li style=\"font-weight: 400;\" aria-level=\"1\"><ci id=\"gid_0\">Cala San Vicen\u00e7<\/ci><ci id=\"gid_1\">: eine Gruppe von Buchten mit kristallklarem Wasser, umgeben von Klippen.<\/ci><\/li><li style=\"font-weight: 400;\" aria-level=\"1\"><ci id=\"gid_0\">Serra de Tramuntana<\/ci><ci id=\"gid_1\">: ideal f\u00fcr Wanderliebhaber, die panoramische Ausblicke genie\u00dfen m\u00f6chten.<\/ci><\/li><li style=\"font-weight: 400;\" aria-level=\"1\"><ci id=\"gid_0\">Alc\u00fadia<\/ci><ci id=\"gid_1\">: Vers\u00e4umen Sie nicht die ummauerte Altstadt und die traumhaften Str\u00e4nde.<\/ci><\/li><li style=\"font-weight: 400;\" aria-level=\"1\"><ci id=\"gid_0\">Kap Formentor<\/ci><ci id=\"gid_1\">: ein Ort, bekannt f\u00fcr seine beeindruckenden Klippen und Meeresausblicke.<\/ci><\/li><\/ul>\t\t\t\t\t\t\t\t<\/div>\n\t\t\t\t<\/div>\n\t\t\t\t\t<\/div>\n\t\t\t\t<\/div>\n\t\t<div class=\"elementor-element elementor-element-135aa4e e-flex e-con-boxed e-con e-parent\" data-id=\"135aa4e\" data-element_type=\"container\" data-e-type=\"container\">\n\t\t\t\t\t<div class=\"e-con-inner\">\n\t\t\t\t<div class=\"elementor-element elementor-element-41e4f6d elementor-widget elementor-widget-image\" data-id=\"41e4f6d\" data-element_type=\"widget\" data-e-type=\"widget\" data-widget_type=\"image.default\">\n\t\t\t\t<div class=\"elementor-widget-container\">\n\t\t\t\t\t\t\t\t\t\t\t\t\t\t\t<img decoding=\"async\" width=\"1255\" height=\"627\" src=\"https:\/\/rentallorca.com\/blog\/wp-content\/uploads\/2025\/04\/playas-pollensa.jpg\" class=\"attachment-full size-full wp-image-1294\" alt=\"playas-pollensa.jpg\" srcset=\"https:\/\/rentallorca.com\/blog\/wp-content\/uploads\/2025\/04\/playas-pollensa.jpg 1255w, https:\/\/rentallorca.com\/blog\/wp-content\/uploads\/2025\/04\/playas-pollensa-300x150.jpg 300w, https:\/\/rentallorca.com\/blog\/wp-content\/uploads\/2025\/04\/playas-pollensa-1024x512.jpg 1024w, https:\/\/rentallorca.com\/blog\/wp-content\/uploads\/2025\/04\/playas-pollensa-768x384.jpg 768w\" sizes=\"(max-width: 1255px) 100vw, 1255px\" \/>\t\t\t\t\t\t\t\t\t\t\t\t\t\t\t<\/div>\n\t\t\t\t<\/div>\n\t\t\t\t\t<\/div>\n\t\t\t\t<\/div>\n\t\t<div class=\"elementor-element elementor-element-4c972f5 e-flex e-con-boxed e-con e-parent\" data-id=\"4c972f5\" data-element_type=\"container\" data-e-type=\"container\">\n\t\t\t\t\t<div class=\"e-con-inner\">\n\t\t\t\t<div class=\"elementor-element elementor-element-7483e15 elementor-widget elementor-widget-heading\" data-id=\"7483e15\" data-element_type=\"widget\" data-e-type=\"widget\" data-widget_type=\"heading.default\">\n\t\t\t\t<div class=\"elementor-widget-container\">\n\t\t\t\t\t<h2 class=\"elementor-heading-title elementor-size-default\">Entdecken Sie die gesamte Kultur, Natur und Gastronomie \n<\/h2>\t\t\t\t<\/div>\n\t\t\t\t<\/div>\n\t\t\t\t<div class=\"elementor-element elementor-element-b614f71 elementor-widget elementor-widget-text-editor\" data-id=\"b614f71\" data-element_type=\"widget\" data-e-type=\"widget\" data-widget_type=\"text-editor.default\">\n\t\t\t\t<div class=\"elementor-widget-container\">\n\t\t\t\t\t\t\t\t\t<p><ci id=\"gid_0\">Die Kultur Pollensas ist auf den ersten Blick erkennbar, mit Festlichkeiten wie <\/ci><ci id=\"gid_1\">der Nachstellung der Schlacht zwischen Mauren und Christen am 2. August<\/ci><ci id=\"gid_2\"> oder dem Pi de Sant Antoni Festival, das die Natur zelebriert. <\/ci>  <\/p><p><ci id=\"gid_0\">Umgeben von der beeindruckenden Serra de Tramuntana bietet Pollensa auch atemberaubende Naturlandschaften. <\/ci><ci id=\"gid_1\">Puerto Pollensa ist ber\u00fchmt f\u00fcr Str\u00e4nde wie Cala Barques und Cala Molins, <\/ci><ci id=\"gid_2\">w\u00e4hrend Sie am Kap Formentor majest\u00e4tische Klippen und versteckte Buchten wie Cala Murta finden. <\/ci>  <\/p><p><span style=\"font-weight: 400;\">Und was das Essen betrifft, so l\u00e4sst sich \u00fcber die mallorquinische K\u00fcche nichts Negatives sagen, im Gegenteil. <\/span><b>Das m\u00e9 de Pollen\u00e7a, ein gebackenes Lamm mit Kr\u00e4utern und Trockenfr\u00fcchten, ist ein Gericht, das Sie unbedingt probieren m\u00fcssen.<\/b><span style=\"font-weight: 400;\"> Selbstverst\u00e4ndlich sollten Sie auch den mallorquinischen frito und tumbet kosten. <\/span><\/p>\t\t\t\t\t\t\t\t<\/div>\n\t\t\t\t<\/div>\n\t\t\t\t\t<\/div>\n\t\t\t\t<\/div>\n\t\t<div class=\"elementor-element elementor-element-e1700b8 e-flex e-con-boxed e-con e-parent\" data-id=\"e1700b8\" data-element_type=\"container\" data-e-type=\"container\">\n\t\t\t\t\t<div class=\"e-con-inner\">\n\t\t\t\t<div class=\"elementor-element elementor-element-b148653 elementor-widget elementor-widget-heading\" data-id=\"b148653\" data-element_type=\"widget\" data-e-type=\"widget\" data-widget_type=\"heading.default\">\n\t\t\t\t<div class=\"elementor-widget-container\">\n\t\t\t\t\t<h2 class=\"elementor-heading-title elementor-size-default\">Ben\u00f6tigen Sie weitere Gr\u00fcnde, um Pollensa zu besuchen?\n\n<\/h2>\t\t\t\t<\/div>\n\t\t\t\t<\/div>\n\t\t\t\t<div class=\"elementor-element elementor-element-7997e65 elementor-widget elementor-widget-text-editor\" data-id=\"7997e65\" data-element_type=\"widget\" data-e-type=\"widget\" data-widget_type=\"text-editor.default\">\n\t\t\t\t<div class=\"elementor-widget-container\">\n\t\t\t\t\t\t\t\t\t<p><span style=\"font-weight: 400;\">Nun, da Sie wissen, was es in Pollensa zu sehen gibt, fehlt nur noch das Wichtigste. Oder haben Sie bereits vergessen, dass Sie eine Unterkunft ben\u00f6tigen? Warten Sie nicht bis zum letzten Moment und   <\/span><b> nutzen Sie die Gelegenheit, eine unserer fantastischen Unterk\u00fcnfte in Pollensa zu buchen<\/b><span style=\"font-weight: 400;\"> sowie in anderen Orten auf der Insel. Kontaktieren Sie uns, und wir werden Ihnen alle erforderlichen Informationen zur Verf\u00fcgung stellen.  <\/span><\/p>\t\t\t\t\t\t\t\t<\/div>\n\t\t\t\t<\/div>\n\t\t\t\t\t<\/div>\n\t\t\t\t<\/div>\n\t\t<div class=\"elementor-element elementor-element-6f8b797 e-flex e-con-boxed e-con e-parent\" data-id=\"6f8b797\" data-element_type=\"container\" data-e-type=\"container\">\n\t\t\t\t\t<div class=\"e-con-inner\">\n\t\t<div class=\"elementor-element elementor-element-58f1075 e-con-full e-flex e-con e-child\" data-id=\"58f1075\" data-element_type=\"container\" data-e-type=\"container\">\n\t\t\t\t<div class=\"elementor-element elementor-element-c701adb elementor-widget__width-initial elementor-widget elementor-widget-grid\" data-id=\"c701adb\" data-element_type=\"widget\" data-e-type=\"widget\" data-widget_type=\"grid.default\">\n\t\t\t\t<div class=\"elementor-widget-container\">\n\t\t\t\t\t\t\t<div class=\"its--row alojamientos-recomendados\">\n\n\t\t\t<div class=\"alojamientos-recomendados-container\">\n\n\t\t\t\t\t\n\t\t\t\t\t<a href=\"https:\/\/rentallorca.com\/de\/vermietung\/ferienwohnung-alcudia-apartment-playa-2b-in-puerto-de-alcudia-376212.html\" rel=\"nofollow\" style=\"width: 32%;\">\n\t\t\t\t\t\t<div class=\"apartamento-box\">\n\t\t\t\t\t\t\t<div class=\"imagen_recomendados\">\n\t\t\t\t\t\t\t\t<img decoding=\"async\" src=\"https:\/\/crs.avantio.com\/fotos\/2\/1641977800def8296f329cca1e51b9764cf7dce01d\/big1671010379a4f4a636295de85a927a064833776dcd.jpg\" alt=\"Apartment Playa 2B in Puerto de Alcudia \">\n\t\t\t\t\t\t\t<\/div>\n\t\t\t\t\t\t\t<div class=\"info\">\n\t\t\t\t\t\t\t\t<div class=\"ubicacion\">\n\t\t\t\t\t\t\t\t\t<i class=\"fa-solid fa-location-dot icono-mapa\"><\/i><span class=\"ubicacion-texto\">Alcudia - Mallorca<\/span>\n\t\t\t\t\t\t\t\t<\/div>\n\t\t\t\t\t\t\t\t<H4 class=\"titulo-alojamiento\">\n\t\t\t\t\t\t\t\t\tApartment Playa 2B in Puerto de Alcudia \t\t\t\t\t\t\t\t<\/H4>\n\t\t\t\t\t\t\t\t<p class=\"precio-alojamiento\">Aus <span class=\"precio\">50.45\u20ac<\/span> pro Nacht<\/p>\n\t\t\t\t\t\t\t<\/div>\n\t\t\t\t\t\t<\/div>\n\t\t\t\t\t<\/a> \n\t\t\t\t\t\t\n\t\t\t\t\t<a href=\"https:\/\/rentallorca.com\/de\/vermietung\/ferienhaus-pollensa-chalet-molins-6-by-home-villas-360-376217.html\" rel=\"nofollow\" style=\"width: 32%;\">\n\t\t\t\t\t\t<div class=\"apartamento-box\">\n\t\t\t\t\t\t\t<div class=\"imagen_recomendados\">\n\t\t\t\t\t\t\t\t<img decoding=\"async\" src=\"https:\/\/crs.avantio.com\/fotos\/2\/1641977946d648a52406e4c835dcde1c9dbf97549b\/big1751374198a350cfafb7556f457b1f6caa6a5f0b51.jpg\" alt=\"Apartment Molins 6 in Pollensa by Home Villas 360\">\n\t\t\t\t\t\t\t<\/div>\n\t\t\t\t\t\t\t<div class=\"info\">\n\t\t\t\t\t\t\t\t<div class=\"ubicacion\">\n\t\t\t\t\t\t\t\t\t<i class=\"fa-solid fa-location-dot icono-mapa\"><\/i><span class=\"ubicacion-texto\">Pollensa \/ Pollen\u00e7a - Mallorca<\/span>\n\t\t\t\t\t\t\t\t<\/div>\n\t\t\t\t\t\t\t\t<H4 class=\"titulo-alojamiento\">\n\t\t\t\t\t\t\t\t\tApartment Molins 6 in Pollensa by Home Villas 360\t\t\t\t\t\t\t\t<\/H4>\n\t\t\t\t\t\t\t\t<p class=\"precio-alojamiento\">Aus <span class=\"precio\">106.50\u20ac<\/span> pro Nacht<\/p>\n\t\t\t\t\t\t\t<\/div>\n\t\t\t\t\t\t<\/div>\n\t\t\t\t\t<\/a> \n\t\t\t\t\t\t\n\t\t\t\t\t<a href=\"https:\/\/rentallorca.com\/de\/vermietung\/ferienwohnung-alcudia-apartment-playa-1d-in-puerto-alcudia-376225.html\" rel=\"nofollow\" style=\"width: 32%;\">\n\t\t\t\t\t\t<div class=\"apartamento-box\">\n\t\t\t\t\t\t\t<div class=\"imagen_recomendados\">\n\t\t\t\t\t\t\t\t<img decoding=\"async\" src=\"https:\/\/crs.avantio.com\/fotos\/2\/16419777352863b3b8068609572f2d317a6c4f20be\/big1655056666e27009a1db9580252b5eb8b7e8ae392c.jpg\" alt=\"Apartment playa 1D in Puerto de Alcudia \">\n\t\t\t\t\t\t\t<\/div>\n\t\t\t\t\t\t\t<div class=\"info\">\n\t\t\t\t\t\t\t\t<div class=\"ubicacion\">\n\t\t\t\t\t\t\t\t\t<i class=\"fa-solid fa-location-dot icono-mapa\"><\/i><span class=\"ubicacion-texto\">Alcudia - Mallorca<\/span>\n\t\t\t\t\t\t\t\t<\/div>\n\t\t\t\t\t\t\t\t<H4 class=\"titulo-alojamiento\">\n\t\t\t\t\t\t\t\t\tApartment playa 1D in Puerto de Alcudia \t\t\t\t\t\t\t\t<\/H4>\n\t\t\t\t\t\t\t\t<p class=\"precio-alojamiento\">Aus <span class=\"precio\">59.41\u20ac<\/span> pro Nacht<\/p>\n\t\t\t\t\t\t\t<\/div>\n\t\t\t\t\t\t<\/div>\n\t\t\t\t\t<\/a> \n\t\t\t\t\t\t\t\t<\/div>\n\t\t\t<\/div>\n\t\t\t\t\t\t<\/div>\n\t\t\t\t<\/div>\n\t\t\t\t<\/div>\n\t\t\t\t\t<\/div>\n\t\t\t\t<\/div>\n\t\t<div class=\"elementor-element elementor-element-7e3b5e3a e-flex e-con-boxed e-con e-parent\" data-id=\"7e3b5e3a\" data-element_type=\"container\" data-e-type=\"container\">\n\t\t\t\t\t<div class=\"e-con-inner\">\n\t\t\t\t<div class=\"elementor-element elementor-element-28b4dd39 elementor-widget elementor-widget-shortcode\" data-id=\"28b4dd39\" data-element_type=\"widget\" data-e-type=\"widget\" data-widget_type=\"shortcode.default\">\n\t\t\t\t<div class=\"elementor-widget-container\">\n\t\t\t\t\t\t\t<div class=\"elementor-shortcode\">\t\t<div data-elementor-type=\"page\" data-elementor-id=\"269\" class=\"elementor elementor-269 elementor-169 elementor-169\" data-elementor-post-type=\"elementor_library\">\n\t\t\t\t<div class=\"elementor-element elementor-element-3e3fb32 e-flex e-con-boxed e-con e-parent\" data-id=\"3e3fb32\" data-element_type=\"container\" data-e-type=\"container\">\n\t\t\t\t\t<div class=\"e-con-inner\">\n\t\t<div class=\"elementor-element elementor-element-1e7a903 e-con-full e-flex e-con e-child\" data-id=\"1e7a903\" data-element_type=\"container\" data-e-type=\"container\">\n\t\t\t\t<div class=\"elementor-element elementor-element-79f0d3f elementor-align-justify elementor-widget elementor-widget-button\" data-id=\"79f0d3f\" data-element_type=\"widget\" data-e-type=\"widget\" data-widget_type=\"button.default\">\n\t\t\t\t<div class=\"elementor-widget-container\">\n\t\t\t\t\t\t\t\t\t<div class=\"elementor-button-wrapper\">\n\t\t\t\t\t<a class=\"elementor-button elementor-button-link elementor-size-sm\" href=\"https:\/\/rentallorca.com\/de\/vermietung\/vermietungen-alcudia-d1098\/\">\n\t\t\t\t\t\t<span class=\"elementor-button-content-wrapper\">\n\t\t\t\t\t\t\t\t\t<span class=\"elementor-button-text\">Unterk\u00fcnfte in Alcudia<\/span>\n\t\t\t\t\t<\/span>\n\t\t\t\t\t<\/a>\n\t\t\t\t<\/div>\n\t\t\t\t\t\t\t\t<\/div>\n\t\t\t\t<\/div>\n\t\t\t\t<\/div>\n\t\t<div class=\"elementor-element elementor-element-c5d0b1c e-con-full e-flex e-con e-child\" data-id=\"c5d0b1c\" data-element_type=\"container\" data-e-type=\"container\">\n\t\t\t\t<div class=\"elementor-element elementor-element-c044b9b elementor-align-justify elementor-widget elementor-widget-button\" data-id=\"c044b9b\" data-element_type=\"widget\" data-e-type=\"widget\" data-widget_type=\"button.default\">\n\t\t\t\t<div class=\"elementor-widget-container\">\n\t\t\t\t\t\t\t\t\t<div class=\"elementor-button-wrapper\">\n\t\t\t\t\t<a class=\"elementor-button elementor-button-link elementor-size-sm\" href=\"https:\/\/rentallorca.com\/de\/vermietung\/ferienhauser-alcudia-c19d1098\/\">\n\t\t\t\t\t\t<span class=\"elementor-button-content-wrapper\">\n\t\t\t\t\t\t\t\t\t<span class=\"elementor-button-text\">H\u00e4user in Alcudia<\/span>\n\t\t\t\t\t<\/span>\n\t\t\t\t\t<\/a>\n\t\t\t\t<\/div>\n\t\t\t\t\t\t\t\t<\/div>\n\t\t\t\t<\/div>\n\t\t\t\t<\/div>\n\t\t<div class=\"elementor-element elementor-element-cbd8222 e-con-full e-flex e-con e-child\" data-id=\"cbd8222\" data-element_type=\"container\" data-e-type=\"container\">\n\t\t\t\t<div class=\"elementor-element elementor-element-7287580 elementor-align-justify elementor-widget elementor-widget-button\" data-id=\"7287580\" data-element_type=\"widget\" data-e-type=\"widget\" data-widget_type=\"button.default\">\n\t\t\t\t<div class=\"elementor-widget-container\">\n\t\t\t\t\t\t\t\t\t<div class=\"elementor-button-wrapper\">\n\t\t\t\t\t<a class=\"elementor-button elementor-button-link elementor-size-sm\" href=\"https:\/\/rentallorca.com\/de\/vermietung\/fincas-alcudia-c22d1098\/\">\n\t\t\t\t\t\t<span class=\"elementor-button-content-wrapper\">\n\t\t\t\t\t\t\t\t\t<span class=\"elementor-button-text\">Bauernh\u00f6fe in Alcudia<\/span>\n\t\t\t\t\t<\/span>\n\t\t\t\t\t<\/a>\n\t\t\t\t<\/div>\n\t\t\t\t\t\t\t\t<\/div>\n\t\t\t\t<\/div>\n\t\t\t\t<\/div>\n\t\t\t\t\t<\/div>\n\t\t\t\t<\/div>\n\t\t\t\t<\/div>\n\t\t<\/div>\n\t\t\t\t\t\t<\/div>\n\t\t\t\t<\/div>\n\t\t\t\t\t<\/div>\n\t\t\t\t<\/div>\n\t\t\t\t<\/div>\n\t\t","protected":false},"excerpt":{"rendered":"<p>Obwohl die Insel Mallorca auf der Karte klein erscheint, bietet sie unz\u00e4hlige Besichtigungsm\u00f6glichkeiten jenseits der Hauptstadt. Ob Sie in den S\u00fcden oder Norden reisen, Sie werden auf traumhafte D\u00f6rfer sto\u00dfen die Art, bei der Sie sich fragen: \u201eWie konnte ich von diesem Ort noch nie geh\u00f6rt haben?\u201c Nun, es besteht kein Zweifel daran, dass einer [&hellip;]<\/p>\n","protected":false},"author":3,"featured_media":1297,"comment_status":"open","ping_status":"open","sticky":false,"template":"","format":"standard","meta":{"footnotes":""},"categories":[33],"tags":[],"class_list":["post-1332","post","type-post","status-publish","format-standard","has-post-thumbnail","hentry","category-reiseziele"],"yoast_head":"<!-- This site is optimized with the Yoast SEO plugin v27.5 - https:\/\/yoast.com\/product\/yoast-seo-wordpress\/ -->\n<title>Entdecken Sie die Sehensw\u00fcrdigkeiten in Pollen\u00e7a - Rentallorca<\/title>\n<meta name=\"description\" content=\"Sie wissen noch nicht, was es in Pollen\u00e7a zu sehen gibt? Entdecken Sie die Sehensw\u00fcrdigkeiten in Pollen\u00e7a. Ein Ziel, das alles hat!\" \/>\n<meta name=\"robots\" content=\"index, follow, max-snippet:-1, max-image-preview:large, max-video-preview:-1\" \/>\n<link rel=\"canonical\" href=\"https:\/\/rentallorca.com\/blog\/de\/entdecken-sie-die-sehenswurdigkeiten-in-pollenca\/\" \/>\n<meta property=\"og:locale\" content=\"de_DE\" \/>\n<meta property=\"og:type\" content=\"article\" \/>\n<meta property=\"og:title\" content=\"Entdecken Sie die Sehensw\u00fcrdigkeiten in Pollen\u00e7a - Rentallorca\" \/>\n<meta property=\"og:description\" content=\"Sie wissen noch nicht, was es in Pollen\u00e7a zu sehen gibt? Entdecken Sie die Sehensw\u00fcrdigkeiten in Pollen\u00e7a. Ein Ziel, das alles hat!\" \/>\n<meta property=\"og:url\" content=\"https:\/\/rentallorca.com\/blog\/de\/entdecken-sie-die-sehenswurdigkeiten-in-pollenca\/\" \/>\n<meta property=\"og:site_name\" content=\"Blog\" \/>\n<meta property=\"article:published_time\" content=\"2025-04-08T08:07:20+00:00\" \/>\n<meta property=\"article:modified_time\" content=\"2025-07-17T07:12:51+00:00\" \/>\n<meta property=\"og:image\" content=\"https:\/\/rentallorca.com\/blog\/wp-content\/uploads\/2025\/04\/que-ver-pollensa.jpg\" \/>\n\t<meta property=\"og:image:width\" content=\"1920\" \/>\n\t<meta property=\"og:image:height\" content=\"641\" \/>\n\t<meta property=\"og:image:type\" content=\"image\/jpeg\" \/>\n<meta name=\"author\" content=\"Axel\" \/>\n<meta name=\"twitter:card\" content=\"summary_large_image\" \/>\n<meta name=\"twitter:label1\" content=\"Written by\" \/>\n\t<meta name=\"twitter:data1\" content=\"Axel\" \/>\n\t<meta name=\"twitter:label2\" content=\"Est. reading time\" \/>\n\t<meta name=\"twitter:data2\" content=\"7 minutes\" \/>\n<script type=\"application\/ld+json\" class=\"yoast-schema-graph\">{\"@context\":\"https:\\\/\\\/schema.org\",\"@graph\":[{\"@type\":\"Article\",\"@id\":\"https:\\\/\\\/rentallorca.com\\\/blog\\\/de\\\/entdecken-sie-die-sehenswurdigkeiten-in-pollenca\\\/#article\",\"isPartOf\":{\"@id\":\"https:\\\/\\\/rentallorca.com\\\/blog\\\/de\\\/entdecken-sie-die-sehenswurdigkeiten-in-pollenca\\\/\"},\"author\":{\"name\":\"Axel\",\"@id\":\"https:\\\/\\\/rentallorca.com\\\/blog\\\/de\\\/#\\\/schema\\\/person\\\/8c5ebe5bf8d43e9757ab6869e1d4cbe4\"},\"headline\":\"Entdecken Sie die Sehensw\u00fcrdigkeiten in Pollen\u00e7a\",\"datePublished\":\"2025-04-08T08:07:20+00:00\",\"dateModified\":\"2025-07-17T07:12:51+00:00\",\"mainEntityOfPage\":{\"@id\":\"https:\\\/\\\/rentallorca.com\\\/blog\\\/de\\\/entdecken-sie-die-sehenswurdigkeiten-in-pollenca\\\/\"},\"wordCount\":1106,\"commentCount\":0,\"image\":{\"@id\":\"https:\\\/\\\/rentallorca.com\\\/blog\\\/de\\\/entdecken-sie-die-sehenswurdigkeiten-in-pollenca\\\/#primaryimage\"},\"thumbnailUrl\":\"https:\\\/\\\/rentallorca.com\\\/blog\\\/wp-content\\\/uploads\\\/2025\\\/04\\\/que-ver-pollensa.jpg\",\"articleSection\":[\"Reiseziele\"],\"inLanguage\":\"de\",\"potentialAction\":[{\"@type\":\"CommentAction\",\"name\":\"Comment\",\"target\":[\"https:\\\/\\\/rentallorca.com\\\/blog\\\/de\\\/entdecken-sie-die-sehenswurdigkeiten-in-pollenca\\\/#respond\"]}]},{\"@type\":\"WebPage\",\"@id\":\"https:\\\/\\\/rentallorca.com\\\/blog\\\/de\\\/entdecken-sie-die-sehenswurdigkeiten-in-pollenca\\\/\",\"url\":\"https:\\\/\\\/rentallorca.com\\\/blog\\\/de\\\/entdecken-sie-die-sehenswurdigkeiten-in-pollenca\\\/\",\"name\":\"Entdecken Sie die Sehensw\u00fcrdigkeiten in Pollen\u00e7a - Rentallorca\",\"isPartOf\":{\"@id\":\"https:\\\/\\\/rentallorca.com\\\/blog\\\/de\\\/#website\"},\"primaryImageOfPage\":{\"@id\":\"https:\\\/\\\/rentallorca.com\\\/blog\\\/de\\\/entdecken-sie-die-sehenswurdigkeiten-in-pollenca\\\/#primaryimage\"},\"image\":{\"@id\":\"https:\\\/\\\/rentallorca.com\\\/blog\\\/de\\\/entdecken-sie-die-sehenswurdigkeiten-in-pollenca\\\/#primaryimage\"},\"thumbnailUrl\":\"https:\\\/\\\/rentallorca.com\\\/blog\\\/wp-content\\\/uploads\\\/2025\\\/04\\\/que-ver-pollensa.jpg\",\"datePublished\":\"2025-04-08T08:07:20+00:00\",\"dateModified\":\"2025-07-17T07:12:51+00:00\",\"author\":{\"@id\":\"https:\\\/\\\/rentallorca.com\\\/blog\\\/de\\\/#\\\/schema\\\/person\\\/8c5ebe5bf8d43e9757ab6869e1d4cbe4\"},\"description\":\"Sie wissen noch nicht, was es in Pollen\u00e7a zu sehen gibt? Entdecken Sie die Sehensw\u00fcrdigkeiten in Pollen\u00e7a. Ein Ziel, das alles hat!\",\"breadcrumb\":{\"@id\":\"https:\\\/\\\/rentallorca.com\\\/blog\\\/de\\\/entdecken-sie-die-sehenswurdigkeiten-in-pollenca\\\/#breadcrumb\"},\"inLanguage\":\"de\",\"potentialAction\":[{\"@type\":\"ReadAction\",\"target\":[\"https:\\\/\\\/rentallorca.com\\\/blog\\\/de\\\/entdecken-sie-die-sehenswurdigkeiten-in-pollenca\\\/\"]}]},{\"@type\":\"ImageObject\",\"inLanguage\":\"de\",\"@id\":\"https:\\\/\\\/rentallorca.com\\\/blog\\\/de\\\/entdecken-sie-die-sehenswurdigkeiten-in-pollenca\\\/#primaryimage\",\"url\":\"https:\\\/\\\/rentallorca.com\\\/blog\\\/wp-content\\\/uploads\\\/2025\\\/04\\\/que-ver-pollensa.jpg\",\"contentUrl\":\"https:\\\/\\\/rentallorca.com\\\/blog\\\/wp-content\\\/uploads\\\/2025\\\/04\\\/que-ver-pollensa.jpg\",\"width\":1920,\"height\":641,\"caption\":\"que ver pollensa\"},{\"@type\":\"BreadcrumbList\",\"@id\":\"https:\\\/\\\/rentallorca.com\\\/blog\\\/de\\\/entdecken-sie-die-sehenswurdigkeiten-in-pollenca\\\/#breadcrumb\",\"itemListElement\":[{\"@type\":\"ListItem\",\"position\":1,\"name\":\"Home\",\"item\":\"https:\\\/\\\/rentallorca.com\\\/blog\\\/de\\\/\"},{\"@type\":\"ListItem\",\"position\":2,\"name\":\"Entdecken Sie die Sehensw\u00fcrdigkeiten in Pollen\u00e7a\"}]},{\"@type\":\"WebSite\",\"@id\":\"https:\\\/\\\/rentallorca.com\\\/blog\\\/de\\\/#website\",\"url\":\"https:\\\/\\\/rentallorca.com\\\/blog\\\/de\\\/\",\"name\":\"Blog\",\"description\":\"Rentallorca\",\"potentialAction\":[{\"@type\":\"SearchAction\",\"target\":{\"@type\":\"EntryPoint\",\"urlTemplate\":\"https:\\\/\\\/rentallorca.com\\\/blog\\\/de\\\/?s={search_term_string}\"},\"query-input\":{\"@type\":\"PropertyValueSpecification\",\"valueRequired\":true,\"valueName\":\"search_term_string\"}}],\"inLanguage\":\"de\"},{\"@type\":\"Person\",\"@id\":\"https:\\\/\\\/rentallorca.com\\\/blog\\\/de\\\/#\\\/schema\\\/person\\\/8c5ebe5bf8d43e9757ab6869e1d4cbe4\",\"name\":\"Axel\",\"image\":{\"@type\":\"ImageObject\",\"inLanguage\":\"de\",\"@id\":\"https:\\\/\\\/secure.gravatar.com\\\/avatar\\\/3bd706736e5b70f21f05f6c2d5cad746767782a4ba4b7df399c5969e2a9318fd?s=96&d=mm&r=g\",\"url\":\"https:\\\/\\\/secure.gravatar.com\\\/avatar\\\/3bd706736e5b70f21f05f6c2d5cad746767782a4ba4b7df399c5969e2a9318fd?s=96&d=mm&r=g\",\"contentUrl\":\"https:\\\/\\\/secure.gravatar.com\\\/avatar\\\/3bd706736e5b70f21f05f6c2d5cad746767782a4ba4b7df399c5969e2a9318fd?s=96&d=mm&r=g\",\"caption\":\"Axel\"},\"url\":\"https:\\\/\\\/rentallorca.com\\\/blog\\\/de\\\/author\\\/axel\\\/\"}]}<\/script>\n<!-- \/ Yoast SEO plugin. -->","yoast_head_json":{"title":"Entdecken Sie die Sehensw\u00fcrdigkeiten in Pollen\u00e7a - Rentallorca","description":"Sie wissen noch nicht, was es in Pollen\u00e7a zu sehen gibt? Entdecken Sie die Sehensw\u00fcrdigkeiten in Pollen\u00e7a. Ein Ziel, das alles hat!","robots":{"index":"index","follow":"follow","max-snippet":"max-snippet:-1","max-image-preview":"max-image-preview:large","max-video-preview":"max-video-preview:-1"},"canonical":"https:\/\/rentallorca.com\/blog\/de\/entdecken-sie-die-sehenswurdigkeiten-in-pollenca\/","og_locale":"de_DE","og_type":"article","og_title":"Entdecken Sie die Sehensw\u00fcrdigkeiten in Pollen\u00e7a - Rentallorca","og_description":"Sie wissen noch nicht, was es in Pollen\u00e7a zu sehen gibt? Entdecken Sie die Sehensw\u00fcrdigkeiten in Pollen\u00e7a. Ein Ziel, das alles hat!","og_url":"https:\/\/rentallorca.com\/blog\/de\/entdecken-sie-die-sehenswurdigkeiten-in-pollenca\/","og_site_name":"Blog","article_published_time":"2025-04-08T08:07:20+00:00","article_modified_time":"2025-07-17T07:12:51+00:00","og_image":[{"width":1920,"height":641,"url":"https:\/\/rentallorca.com\/blog\/wp-content\/uploads\/2025\/04\/que-ver-pollensa.jpg","type":"image\/jpeg"}],"author":"Axel","twitter_card":"summary_large_image","twitter_misc":{"Written by":"Axel","Est. reading time":"7 minutes"},"schema":{"@context":"https:\/\/schema.org","@graph":[{"@type":"Article","@id":"https:\/\/rentallorca.com\/blog\/de\/entdecken-sie-die-sehenswurdigkeiten-in-pollenca\/#article","isPartOf":{"@id":"https:\/\/rentallorca.com\/blog\/de\/entdecken-sie-die-sehenswurdigkeiten-in-pollenca\/"},"author":{"name":"Axel","@id":"https:\/\/rentallorca.com\/blog\/de\/#\/schema\/person\/8c5ebe5bf8d43e9757ab6869e1d4cbe4"},"headline":"Entdecken Sie die Sehensw\u00fcrdigkeiten in Pollen\u00e7a","datePublished":"2025-04-08T08:07:20+00:00","dateModified":"2025-07-17T07:12:51+00:00","mainEntityOfPage":{"@id":"https:\/\/rentallorca.com\/blog\/de\/entdecken-sie-die-sehenswurdigkeiten-in-pollenca\/"},"wordCount":1106,"commentCount":0,"image":{"@id":"https:\/\/rentallorca.com\/blog\/de\/entdecken-sie-die-sehenswurdigkeiten-in-pollenca\/#primaryimage"},"thumbnailUrl":"https:\/\/rentallorca.com\/blog\/wp-content\/uploads\/2025\/04\/que-ver-pollensa.jpg","articleSection":["Reiseziele"],"inLanguage":"de","potentialAction":[{"@type":"CommentAction","name":"Comment","target":["https:\/\/rentallorca.com\/blog\/de\/entdecken-sie-die-sehenswurdigkeiten-in-pollenca\/#respond"]}]},{"@type":"WebPage","@id":"https:\/\/rentallorca.com\/blog\/de\/entdecken-sie-die-sehenswurdigkeiten-in-pollenca\/","url":"https:\/\/rentallorca.com\/blog\/de\/entdecken-sie-die-sehenswurdigkeiten-in-pollenca\/","name":"Entdecken Sie die Sehensw\u00fcrdigkeiten in Pollen\u00e7a - Rentallorca","isPartOf":{"@id":"https:\/\/rentallorca.com\/blog\/de\/#website"},"primaryImageOfPage":{"@id":"https:\/\/rentallorca.com\/blog\/de\/entdecken-sie-die-sehenswurdigkeiten-in-pollenca\/#primaryimage"},"image":{"@id":"https:\/\/rentallorca.com\/blog\/de\/entdecken-sie-die-sehenswurdigkeiten-in-pollenca\/#primaryimage"},"thumbnailUrl":"https:\/\/rentallorca.com\/blog\/wp-content\/uploads\/2025\/04\/que-ver-pollensa.jpg","datePublished":"2025-04-08T08:07:20+00:00","dateModified":"2025-07-17T07:12:51+00:00","author":{"@id":"https:\/\/rentallorca.com\/blog\/de\/#\/schema\/person\/8c5ebe5bf8d43e9757ab6869e1d4cbe4"},"description":"Sie wissen noch nicht, was es in Pollen\u00e7a zu sehen gibt? Entdecken Sie die Sehensw\u00fcrdigkeiten in Pollen\u00e7a. Ein Ziel, das alles hat!","breadcrumb":{"@id":"https:\/\/rentallorca.com\/blog\/de\/entdecken-sie-die-sehenswurdigkeiten-in-pollenca\/#breadcrumb"},"inLanguage":"de","potentialAction":[{"@type":"ReadAction","target":["https:\/\/rentallorca.com\/blog\/de\/entdecken-sie-die-sehenswurdigkeiten-in-pollenca\/"]}]},{"@type":"ImageObject","inLanguage":"de","@id":"https:\/\/rentallorca.com\/blog\/de\/entdecken-sie-die-sehenswurdigkeiten-in-pollenca\/#primaryimage","url":"https:\/\/rentallorca.com\/blog\/wp-content\/uploads\/2025\/04\/que-ver-pollensa.jpg","contentUrl":"https:\/\/rentallorca.com\/blog\/wp-content\/uploads\/2025\/04\/que-ver-pollensa.jpg","width":1920,"height":641,"caption":"que ver pollensa"},{"@type":"BreadcrumbList","@id":"https:\/\/rentallorca.com\/blog\/de\/entdecken-sie-die-sehenswurdigkeiten-in-pollenca\/#breadcrumb","itemListElement":[{"@type":"ListItem","position":1,"name":"Home","item":"https:\/\/rentallorca.com\/blog\/de\/"},{"@type":"ListItem","position":2,"name":"Entdecken Sie die Sehensw\u00fcrdigkeiten in Pollen\u00e7a"}]},{"@type":"WebSite","@id":"https:\/\/rentallorca.com\/blog\/de\/#website","url":"https:\/\/rentallorca.com\/blog\/de\/","name":"Blog","description":"Rentallorca","potentialAction":[{"@type":"SearchAction","target":{"@type":"EntryPoint","urlTemplate":"https:\/\/rentallorca.com\/blog\/de\/?s={search_term_string}"},"query-input":{"@type":"PropertyValueSpecification","valueRequired":true,"valueName":"search_term_string"}}],"inLanguage":"de"},{"@type":"Person","@id":"https:\/\/rentallorca.com\/blog\/de\/#\/schema\/person\/8c5ebe5bf8d43e9757ab6869e1d4cbe4","name":"Axel","image":{"@type":"ImageObject","inLanguage":"de","@id":"https:\/\/secure.gravatar.com\/avatar\/3bd706736e5b70f21f05f6c2d5cad746767782a4ba4b7df399c5969e2a9318fd?s=96&d=mm&r=g","url":"https:\/\/secure.gravatar.com\/avatar\/3bd706736e5b70f21f05f6c2d5cad746767782a4ba4b7df399c5969e2a9318fd?s=96&d=mm&r=g","contentUrl":"https:\/\/secure.gravatar.com\/avatar\/3bd706736e5b70f21f05f6c2d5cad746767782a4ba4b7df399c5969e2a9318fd?s=96&d=mm&r=g","caption":"Axel"},"url":"https:\/\/rentallorca.com\/blog\/de\/author\/axel\/"}]}},"_links":{"self":[{"href":"https:\/\/rentallorca.com\/blog\/de\/wp-json\/wp\/v2\/posts\/1332","targetHints":{"allow":["GET"]}}],"collection":[{"href":"https:\/\/rentallorca.com\/blog\/de\/wp-json\/wp\/v2\/posts"}],"about":[{"href":"https:\/\/rentallorca.com\/blog\/de\/wp-json\/wp\/v2\/types\/post"}],"author":[{"embeddable":true,"href":"https:\/\/rentallorca.com\/blog\/de\/wp-json\/wp\/v2\/users\/3"}],"replies":[{"embeddable":true,"href":"https:\/\/rentallorca.com\/blog\/de\/wp-json\/wp\/v2\/comments?post=1332"}],"version-history":[{"count":5,"href":"https:\/\/rentallorca.com\/blog\/de\/wp-json\/wp\/v2\/posts\/1332\/revisions"}],"predecessor-version":[{"id":1380,"href":"https:\/\/rentallorca.com\/blog\/de\/wp-json\/wp\/v2\/posts\/1332\/revisions\/1380"}],"wp:featuredmedia":[{"embeddable":true,"href":"https:\/\/rentallorca.com\/blog\/de\/wp-json\/wp\/v2\/media\/1297"}],"wp:attachment":[{"href":"https:\/\/rentallorca.com\/blog\/de\/wp-json\/wp\/v2\/media?parent=1332"}],"wp:term":[{"taxonomy":"category","embeddable":true,"href":"https:\/\/rentallorca.com\/blog\/de\/wp-json\/wp\/v2\/categories?post=1332"},{"taxonomy":"post_tag","embeddable":true,"href":"https:\/\/rentallorca.com\/blog\/de\/wp-json\/wp\/v2\/tags?post=1332"}],"curies":[{"name":"wp","href":"https:\/\/api.w.org\/{rel}","templated":true}]}}