{"id":1330,"date":"2025-04-08T08:28:30","date_gmt":"2025-04-08T08:28:30","guid":{"rendered":"https:\/\/rentallorca.com\/blog\/?p=1330"},"modified":"2025-07-17T07:12:43","modified_gmt":"2025-07-17T07:12:43","slug":"straende-mallorcas","status":"publish","type":"post","link":"https:\/\/rentallorca.com\/blog\/de\/straende-mallorcas\/","title":{"rendered":"Die besten Str\u00e4nde Mallorcas. Wir pr\u00e4sentieren Ihnen die definitive Liste!"},"content":{"rendered":"\t\t<div data-elementor-type=\"wp-post\" data-elementor-id=\"1330\" class=\"elementor elementor-1330 elementor-1176\" data-elementor-post-type=\"post\">\n\t\t\t\t<div class=\"elementor-element elementor-element-7f715bc2 e-flex e-con-boxed e-con e-parent\" data-id=\"7f715bc2\" data-element_type=\"container\" data-e-type=\"container\">\n\t\t\t\t\t<div class=\"e-con-inner\">\n\t\t\t\t<div class=\"elementor-element elementor-element-139d4c02 elementor-widget elementor-widget-text-editor\" data-id=\"139d4c02\" data-element_type=\"widget\" data-e-type=\"widget\" data-widget_type=\"text-editor.default\">\n\t\t\t\t<div class=\"elementor-widget-container\">\n\t\t\t\t\t\t\t\t\t<p><span style=\"font-weight: 400;\">An diesem Punkt unseres Lebens ist es nicht mehr notwendig, dass wir <\/span><b>Ihnen mitteilen, dass Mallorca \u00fcber unglaubliche Str\u00e4nde verf\u00fcgt<\/b><span style=\"font-weight: 400;\">. Seien wir ehrlich, wenn Sie in Ihrem Leben mehr als zweimal einen Fernseher eingeschaltet haben, sind Sie sich sicherlich bewusst, dass die Insel einige der interessantesten Stranddestinationen des Landes beherbergt.<\/span><\/p><p><span style=\"font-weight: 400;\">Doch bei Rentallorca m\u00f6chten wir einen Schritt weiter gehen und <\/span><b>Ihnen die ultimative Liste der besten Str\u00e4nde Mallorcas pr\u00e4sentieren<\/b><span style=\"font-weight: 400;\">. Betrachten Sie es als n\u00fctzlichen Leitfaden f\u00fcr die Wahl Ihres n\u00e4chsten Reiseziels in diesem Sommer (oder zu jeder anderen Jahreszeit, warum nicht).<\/span><\/p><p><span style=\"font-weight: 400;\">Im Folgenden <\/span><b>informieren wir Sie ausf\u00fchrlich \u00fcber die besten Str\u00e4nde Mallorcas,<\/b><span style=\"font-weight: 400;\">  ihre Wasser- und Entspannungsaktivit\u00e4ten sowie einige Tipps, um Ihren idealen Strand zu finden. Nehmen Sie sich bitte Notizen!  <\/span><\/p>\t\t\t\t\t\t\t\t<\/div>\n\t\t\t\t<\/div>\n\t\t\t\t\t<\/div>\n\t\t\t\t<\/div>\n\t\t<div class=\"elementor-element elementor-element-e9482b7 e-flex e-con-boxed e-con e-parent\" data-id=\"e9482b7\" data-element_type=\"container\" data-e-type=\"container\">\n\t\t\t\t\t<div class=\"e-con-inner\">\n\t\t\t\t<div class=\"elementor-element elementor-element-103708cf elementor-widget elementor-widget-table-of-contents\" data-id=\"103708cf\" data-element_type=\"widget\" data-e-type=\"widget\" data-settings=\"{&quot;headings_by_tags&quot;:[&quot;h2&quot;,&quot;h3&quot;],&quot;exclude_headings_by_selector&quot;:[],&quot;marker_view&quot;:&quot;bullets&quot;,&quot;icon&quot;:{&quot;value&quot;:&quot;&quot;,&quot;library&quot;:&quot;&quot;},&quot;no_headings_message&quot;:&quot;No headings were found on this page.&quot;,&quot;hierarchical_view&quot;:&quot;yes&quot;,&quot;min_height&quot;:{&quot;unit&quot;:&quot;px&quot;,&quot;size&quot;:&quot;&quot;,&quot;sizes&quot;:[]},&quot;min_height_tablet&quot;:{&quot;unit&quot;:&quot;px&quot;,&quot;size&quot;:&quot;&quot;,&quot;sizes&quot;:[]},&quot;min_height_mobile&quot;:{&quot;unit&quot;:&quot;px&quot;,&quot;size&quot;:&quot;&quot;,&quot;sizes&quot;:[]}}\" data-widget_type=\"table-of-contents.default\">\n\t\t\t\t<div class=\"elementor-widget-container\">\n\t\t\t\t\t\t\t\t\t<div class=\"elementor-toc__header\">\n\t\t\t\t\t\t<div class=\"elementor-toc__header-title\">\n\t\t\t\tInhaltsverzeichnis\t\t\t<\/div>\n\t\t\t\t\t\t\t\t<\/div>\n\t\t\t\t<div id=\"elementor-toc__103708cf\" class=\"elementor-toc__body\">\n\t\t\t<div class=\"elementor-toc__spinner-container\">\n\t\t\t\t<svg class=\"elementor-toc__spinner eicon-animation-spin e-font-icon-svg e-eicon-loading\" aria-hidden=\"true\" viewBox=\"0 0 1000 1000\" xmlns=\"http:\/\/www.w3.org\/2000\/svg\"><path d=\"M500 975V858C696 858 858 696 858 500S696 142 500 142 142 304 142 500H25C25 237 238 25 500 25S975 237 975 500 763 975 500 975Z\"><\/path><\/svg>\t\t\t<\/div>\n\t\t<\/div>\n\t\t\t\t\t\t<\/div>\n\t\t\t\t<\/div>\n\t\t\t\t\t<\/div>\n\t\t\t\t<\/div>\n\t\t<div class=\"elementor-element elementor-element-1c756a1a e-flex e-con-boxed e-con e-parent\" data-id=\"1c756a1a\" data-element_type=\"container\" data-e-type=\"container\">\n\t\t\t\t\t<div class=\"e-con-inner\">\n\t\t\t\t<div class=\"elementor-element elementor-element-2b52aa86 elementor-widget elementor-widget-heading\" data-id=\"2b52aa86\" data-element_type=\"widget\" data-e-type=\"widget\" data-widget_type=\"heading.default\">\n\t\t\t\t<div class=\"elementor-widget-container\">\n\t\t\t\t\t<h2 class=\"elementor-heading-title elementor-size-default\">Dies sind die besten Str\u00e4nde Mallorcas \n<\/h2>\t\t\t\t<\/div>\n\t\t\t\t<\/div>\n\t\t\t\t<div class=\"elementor-element elementor-element-2d35fe6f elementor-widget elementor-widget-text-editor\" data-id=\"2d35fe6f\" data-element_type=\"widget\" data-e-type=\"widget\" data-widget_type=\"text-editor.default\">\n\t\t\t\t<div class=\"elementor-widget-container\">\n\t\t\t\t\t\t\t\t\t<p><span style=\"font-weight: 400;\">Kurz und pr\u00e4gnant, da wir wissen, dass Sie viele Verpflichtungen haben. Wenn Sie  <\/span> <b>eine Liste der besten Str\u00e4nde Mallorcas suchen, <\/b><span style=\"font-weight: 400;\">befinden Sie sich hier an der perfekten Adresse.<\/span><\/p>\t\t\t\t\t\t\t\t<\/div>\n\t\t\t\t<\/div>\n\t\t\t\t\t<\/div>\n\t\t\t\t<\/div>\n\t\t<div class=\"elementor-element elementor-element-91cee30 e-flex e-con-boxed e-con e-parent\" data-id=\"91cee30\" data-element_type=\"container\" data-e-type=\"container\">\n\t\t\t\t\t<div class=\"e-con-inner\">\n\t\t<div class=\"elementor-element elementor-element-a5fc2be e-con-full e-flex e-con e-child\" data-id=\"a5fc2be\" data-element_type=\"container\" data-e-type=\"container\">\n\t\t\t\t<div class=\"elementor-element elementor-element-16f0dce1 elementor-widget elementor-widget-heading\" data-id=\"16f0dce1\" data-element_type=\"widget\" data-e-type=\"widget\" data-widget_type=\"heading.default\">\n\t\t\t\t<div class=\"elementor-widget-container\">\n\t\t\t\t\t<h3 class=\"elementor-heading-title elementor-size-default\">Cal\u00f3 des Moro\n<\/h3>\t\t\t\t<\/div>\n\t\t\t\t<\/div>\n\t\t\t\t<div class=\"elementor-element elementor-element-041a3c8 elementor-widget elementor-widget-image\" data-id=\"041a3c8\" data-element_type=\"widget\" data-e-type=\"widget\" data-widget_type=\"image.default\">\n\t\t\t\t<div class=\"elementor-widget-container\">\n\t\t\t\t\t\t\t\t\t\t\t\t\t\t\t<img fetchpriority=\"high\" decoding=\"async\" width=\"698\" height=\"465\" src=\"https:\/\/rentallorca.com\/blog\/wp-content\/uploads\/2025\/04\/calo-des-moro.jpg\" class=\"attachment-large size-large wp-image-1312\" alt=\"calo-des-moro\" srcset=\"https:\/\/rentallorca.com\/blog\/wp-content\/uploads\/2025\/04\/calo-des-moro.jpg 698w, https:\/\/rentallorca.com\/blog\/wp-content\/uploads\/2025\/04\/calo-des-moro-300x200.jpg 300w\" sizes=\"(max-width: 698px) 100vw, 698px\" \/>\t\t\t\t\t\t\t\t\t\t\t\t\t\t\t<\/div>\n\t\t\t\t<\/div>\n\t\t\t\t<div class=\"elementor-element elementor-element-9b47442 elementor-widget elementor-widget-text-editor\" data-id=\"9b47442\" data-element_type=\"widget\" data-e-type=\"widget\" data-widget_type=\"text-editor.default\">\n\t\t\t\t<div class=\"elementor-widget-container\">\n\t\t\t\t\t\t\t\t\t<p><span style=\"font-weight: 400;\">Der erste Strand auf unserer Topliste befindet sich im S\u00fcdosten Mallorcas. Cal\u00f3 des Moro ist eine <\/span> <b>kleine und paradiesische Bucht, umgeben von Klippen,<\/b><span style=\"font-weight: 400;\"> was ihr eine zus\u00e4tzliche Note von Mystik und Intimit\u00e4t verleiht.<\/span><\/p><p><span style=\"font-weight: 400;\">Was die Menschen an diesem Strand am meisten sch\u00e4tzen, sind <\/span><b>sein kristallklares, t\u00fcrkisfarbenes Wasser und seine unber\u00fchrte nat\u00fcrliche Umgebung.<\/b><span style=\"font-weight: 400;\"> Es ist ein absolut herausragender Ort, wenn Sie das Schnorcheln lieben und nach etwas Ruhe suchen.<\/span><\/p><p><span style=\"font-weight: 400;\">Um dorthin zu gelangen, <\/span><b>m\u00fcssen Sie einen kurzen Fu\u00dfmarsch auf sich nehmen, aber die Anstrengung lohnt sich definitiv<\/b><span style=\"font-weight: 400;\">. Allein schon wegen der Sch\u00f6nheit der Landschaft. Zudem gibt es keine Dienstleistungen vor Ort, daher empfehlen wir Ihnen, etwas zu essen und zu trinken mitzubringen, falls sich Ihr Aufenthalt verl\u00e4ngert. Aufgrund seiner Gr\u00f6\u00dfe ist es ratsam, fr\u00fch anzureisen, um Menschenmengen zu vermeiden.   <\/span><\/p>\t\t\t\t\t\t\t\t<\/div>\n\t\t\t\t<\/div>\n\t\t\t\t<\/div>\n\t\t<div class=\"elementor-element elementor-element-bb67cf1 e-con-full e-flex e-con e-child\" data-id=\"bb67cf1\" data-element_type=\"container\" data-e-type=\"container\">\n\t\t\t\t<div class=\"elementor-element elementor-element-a2536ff elementor-widget elementor-widget-heading\" data-id=\"a2536ff\" data-element_type=\"widget\" data-e-type=\"widget\" data-widget_type=\"heading.default\">\n\t\t\t\t<div class=\"elementor-widget-container\">\n\t\t\t\t\t<h3 class=\"elementor-heading-title elementor-size-default\">Es Trenc Strand\n<\/h3>\t\t\t\t<\/div>\n\t\t\t\t<\/div>\n\t\t\t\t<div class=\"elementor-element elementor-element-23d3325 elementor-widget elementor-widget-image\" data-id=\"23d3325\" data-element_type=\"widget\" data-e-type=\"widget\" data-widget_type=\"image.default\">\n\t\t\t\t<div class=\"elementor-widget-container\">\n\t\t\t\t\t\t\t\t\t\t\t\t\t\t\t<img decoding=\"async\" width=\"724\" height=\"483\" src=\"https:\/\/rentallorca.com\/blog\/wp-content\/uploads\/2025\/04\/playa-de-es-trenc.jpg\" class=\"attachment-large size-large wp-image-1315\" alt=\"playa-de-es-trenc\" srcset=\"https:\/\/rentallorca.com\/blog\/wp-content\/uploads\/2025\/04\/playa-de-es-trenc.jpg 724w, https:\/\/rentallorca.com\/blog\/wp-content\/uploads\/2025\/04\/playa-de-es-trenc-300x200.jpg 300w\" sizes=\"(max-width: 724px) 100vw, 724px\" \/>\t\t\t\t\t\t\t\t\t\t\t\t\t\t\t<\/div>\n\t\t\t\t<\/div>\n\t\t\t\t<div class=\"elementor-element elementor-element-238a5b1 elementor-widget elementor-widget-text-editor\" data-id=\"238a5b1\" data-element_type=\"widget\" data-e-type=\"widget\" data-widget_type=\"text-editor.default\">\n\t\t\t\t<div class=\"elementor-widget-container\">\n\t\t\t\t\t\t\t\t\t<p><span style=\"font-weight: 400;\">Es Trenc ist <\/span><b>ein unber\u00fchrter Strand von \u00fcber 2 Kilometern L\u00e4nge mit wei\u00dfem Sand und t\u00fcrkisfarbenem Wasser, das Sie sofort an die Karibik erinnern wird<\/b><span style=\"font-weight: 400;\">. Er befindet sich in einem Naturschutzgebiet, da seine nat\u00fcrliche Umgebung einzigartig ist, obwohl Sie ohne Schwierigkeiten einige historische \u00dcberreste wie ein paar T\u00fcrme aus dem Zweiten Weltkrieg entdecken werden. <\/span><\/p><p><span style=\"font-weight: 400;\">Das Beste am Es Trenc Strand ist der Genuss des Sonnenuntergangs in seinen Strandbars. <\/span><b>Der einzige nicht ganz so positive Aspekt ist, dass es nicht viel Schatten gibt<\/b><span style=\"font-weight: 400;\">, daher empfehlen wir Ihnen, Sonnenschutz mitzubringen, wenn Sie nicht verbrennen m\u00f6chten. Wenn Sie nach etwas Entspanntem und abseits des Massentourismus suchen, ist dies Ihr Strand.  <\/span><\/p>\t\t\t\t\t\t\t\t<\/div>\n\t\t\t\t<\/div>\n\t\t\t\t<\/div>\n\t\t\t\t\t<\/div>\n\t\t\t\t<\/div>\n\t\t<div class=\"elementor-element elementor-element-b6215b2 e-flex e-con-boxed e-con e-parent\" data-id=\"b6215b2\" data-element_type=\"container\" data-e-type=\"container\">\n\t\t\t\t\t<div class=\"e-con-inner\">\n\t\t<div class=\"elementor-element elementor-element-0721ea7 e-con-full e-flex e-con e-child\" data-id=\"0721ea7\" data-element_type=\"container\" data-e-type=\"container\">\n\t\t\t\t<div class=\"elementor-element elementor-element-fafd551 elementor-widget elementor-widget-heading\" data-id=\"fafd551\" data-element_type=\"widget\" data-e-type=\"widget\" data-widget_type=\"heading.default\">\n\t\t\t\t<div class=\"elementor-widget-container\">\n\t\t\t\t\t<h3 class=\"elementor-heading-title elementor-size-default\">Cala Agulla\n<\/h3>\t\t\t\t<\/div>\n\t\t\t\t<\/div>\n\t\t\t\t<div class=\"elementor-element elementor-element-b214ea9 elementor-widget elementor-widget-image\" data-id=\"b214ea9\" data-element_type=\"widget\" data-e-type=\"widget\" data-widget_type=\"image.default\">\n\t\t\t\t<div class=\"elementor-widget-container\">\n\t\t\t\t\t\t\t\t\t\t\t\t\t\t\t<img decoding=\"async\" width=\"684\" height=\"456\" src=\"https:\/\/rentallorca.com\/blog\/wp-content\/uploads\/2025\/04\/Cala-agulla-1.jpg\" class=\"attachment-large size-large wp-image-1309\" alt=\"Cala-agulla\" srcset=\"https:\/\/rentallorca.com\/blog\/wp-content\/uploads\/2025\/04\/Cala-agulla-1.jpg 684w, https:\/\/rentallorca.com\/blog\/wp-content\/uploads\/2025\/04\/Cala-agulla-1-300x200.jpg 300w\" sizes=\"(max-width: 684px) 100vw, 684px\" \/>\t\t\t\t\t\t\t\t\t\t\t\t\t\t\t<\/div>\n\t\t\t\t<\/div>\n\t\t\t\t<div class=\"elementor-element elementor-element-d27ddb8 elementor-widget elementor-widget-text-editor\" data-id=\"d27ddb8\" data-element_type=\"widget\" data-e-type=\"widget\" data-widget_type=\"text-editor.default\">\n\t\t\t\t<div class=\"elementor-widget-container\">\n\t\t\t\t\t\t\t\t\t<p><span style=\"font-weight: 400;\">Auf Platz 3 unserer Topliste <\/span><b>m\u00f6chten wir Cala Agulla aufnehmen, die sich in der N\u00e4he von Cala Ratjada befindet<\/b><span style=\"font-weight: 400;\">. Wir sprechen von einem intimen Reiseziel, das f\u00fcr Besucher sehr komfortabel ist und sicherlich nicht an nat\u00fcrlicher Sch\u00f6nheit mangelt. <\/span><\/p><p><b>Ihnen stehen mehr als 500 Meter feiner Sand und t\u00fcrkisfarbenes Wasser zur Verf\u00fcgung,<\/b><span style=\"font-weight: 400;\"> was ihn perfekt f\u00fcr Familien macht, die nach einfachem Zugang und Dienstleistungen wie Strandbars und Liegestuhlvermietung suchen.<\/span> <\/p><p><span style=\"font-weight: 400;\">Er ist auch ideal,<b> wenn Sie Lust auf Wassersportaktivit\u00e4ten wie Kajakfahren oder Schnorcheln haben.<\/b> Seine Umgebung ist von Kiefern ges\u00e4umt, die Ihnen nat\u00fcrliche Schattenpl\u00e4tze bieten, wenn Sie des &#8216;Bratens&#8217; in der Sonne \u00fcberdr\u00fcssig werden. Au\u00dferdem k\u00f6nnen Sie von hier aus den Leuchtturm von Capdepera besuchen, einen spektakul\u00e4ren Aussichtspunkt.  <\/span><\/p>\t\t\t\t\t\t\t\t<\/div>\n\t\t\t\t<\/div>\n\t\t\t\t<\/div>\n\t\t<div class=\"elementor-element elementor-element-48a7e7f e-con-full e-flex e-con e-child\" data-id=\"48a7e7f\" data-element_type=\"container\" data-e-type=\"container\">\n\t\t\t\t<div class=\"elementor-element elementor-element-3a6226a elementor-widget elementor-widget-heading\" data-id=\"3a6226a\" data-element_type=\"widget\" data-e-type=\"widget\" data-widget_type=\"heading.default\">\n\t\t\t\t<div class=\"elementor-widget-container\">\n\t\t\t\t\t<h3 class=\"elementor-heading-title elementor-size-default\">Sa Calobra\n<\/h3>\t\t\t\t<\/div>\n\t\t\t\t<\/div>\n\t\t\t\t<div class=\"elementor-element elementor-element-7b7d460 elementor-widget elementor-widget-image\" data-id=\"7b7d460\" data-element_type=\"widget\" data-e-type=\"widget\" data-widget_type=\"image.default\">\n\t\t\t\t<div class=\"elementor-widget-container\">\n\t\t\t\t\t\t\t\t\t\t\t\t\t\t\t<img loading=\"lazy\" decoding=\"async\" width=\"785\" height=\"523\" src=\"https:\/\/rentallorca.com\/blog\/wp-content\/uploads\/2025\/04\/Sa-calobra.jpg\" class=\"attachment-large size-large wp-image-1303\" alt=\"Sa-calobra\" srcset=\"https:\/\/rentallorca.com\/blog\/wp-content\/uploads\/2025\/04\/Sa-calobra.jpg 785w, https:\/\/rentallorca.com\/blog\/wp-content\/uploads\/2025\/04\/Sa-calobra-300x200.jpg 300w, https:\/\/rentallorca.com\/blog\/wp-content\/uploads\/2025\/04\/Sa-calobra-768x512.jpg 768w\" sizes=\"(max-width: 785px) 100vw, 785px\" \/>\t\t\t\t\t\t\t\t\t\t\t\t\t\t\t<\/div>\n\t\t\t\t<\/div>\n\t\t\t\t<div class=\"elementor-element elementor-element-07d735a elementor-widget elementor-widget-text-editor\" data-id=\"07d735a\" data-element_type=\"widget\" data-e-type=\"widget\" data-widget_type=\"text-editor.default\">\n\t\t\t\t<div class=\"elementor-widget-container\">\n\t\t\t\t\t\t\t\t\t<p><span style=\"font-weight: 400;\">In der Tramuntana-Gebirgskette gelegen,<\/span><b> ist Sa Calobra ein beeindruckender Strand an der M\u00fcndung des Torrent de Pareis<\/b><span style=\"font-weight: 400;\">  und derjenige, der diese kurze Liste abschlie\u00dft. Er ist von \u00fcber 200 Meter hohen Klippen umgeben, die Ihnen spektakul\u00e4re Ausblicke bieten, die Sie dazu bringen werden, Ihre Kamera nie aus der Hand zu legen, und kristallklares Wasser, das perfekt zum Schwimmen oder f\u00fcr ein wenig Schnorcheln geeignet ist.  <\/span><\/p><p><span style=\"font-weight: 400;\">Obwohl der Zugang aufgrund der kurvenreichen Stra\u00dfen schwierig sein kann, <\/span><b>versichern wir Ihnen, dass das Erlebnis es wert ist<\/b><span style=\"font-weight: 400;\">. W\u00e4hrend des Sommers finden Sie zahlreiche nahegelegene Gesch\u00e4fte und Restaurants, um den Sonnenuntergang bei einem k\u00fchlen Getr\u00e4nk zu genie\u00dfen. Was k\u00f6nnte man sich mehr w\u00fcnschen?  <\/span><\/p>\t\t\t\t\t\t\t\t<\/div>\n\t\t\t\t<\/div>\n\t\t\t\t<\/div>\n\t\t\t\t\t<\/div>\n\t\t\t\t<\/div>\n\t\t<div class=\"elementor-element elementor-element-70ea8cd3 e-flex e-con-boxed e-con e-parent\" data-id=\"70ea8cd3\" data-element_type=\"container\" data-e-type=\"container\">\n\t\t\t\t\t<div class=\"e-con-inner\">\n\t\t\t\t<div class=\"elementor-element elementor-element-500dd08 elementor-widget elementor-widget-heading\" data-id=\"500dd08\" data-element_type=\"widget\" data-e-type=\"widget\" data-widget_type=\"heading.default\">\n\t\t\t\t<div class=\"elementor-widget-container\">\n\t\t\t\t\t<h2 class=\"elementor-heading-title elementor-size-default\">Verpassen Sie nicht die besten Wasser- und Entspannungsaktivit\u00e4ten \n<\/h2>\t\t\t\t<\/div>\n\t\t\t\t<\/div>\n\t\t\t\t<div class=\"elementor-element elementor-element-53cdb5f1 elementor-widget elementor-widget-text-editor\" data-id=\"53cdb5f1\" data-element_type=\"widget\" data-e-type=\"widget\" data-widget_type=\"text-editor.default\">\n\t\t\t\t<div class=\"elementor-widget-container\">\n\t\t\t\t\t\t\t\t\t<p><span style=\"font-weight: 400;\">Mallorca steht in keiner Weise zur\u00fcck, wenn es darum geht, alle Arten von Wasser- und Entspannungsaktivit\u00e4ten anzubieten, sollten Sie Ihren Aufenthalt optimal nutzen wollen. Wenn Sie das Meer ebenso sch\u00e4tzen wie wir und   <\/span><b>Sie Zeit f\u00fcr Schnorcheln oder Tauchen finden m\u00f6chten<\/b><span style=\"font-weight: 400;\">, stehen Ihnen einige der kristallklarsten Buchten des Mittelmeers zur Verf\u00fcgung.<\/span><\/p><p><span style=\"font-weight: 400;\">Sollten Sie eine ruhigere Erfahrung bevorzugen, wird es Ihnen in Mallorca nicht an Str\u00e4nden mangeln, an denen Sie sich sonnen und in warmen Gew\u00e4ssern schwimmen k\u00f6nnen (ideal, wenn Sie das kalte Wasser des Atlantiks scheuen). Sie m\u00f6chten nicht den ganzen Tag am Strand verbringen? Seien Sie unbesorgt.    <\/span><b>Es besteht auch die M\u00f6glichkeit, eines der zahlreichen Spa-Zentren zu besuchen, die Massage- und Wellnessbehandlungen anbieten<\/b><span style=\"font-weight: 400;\">, um sich zu regenerieren und ein wenig mit Ihrem wahren Wesen in Verbindung zu treten.<\/span> <\/p>\t\t\t\t\t\t\t\t<\/div>\n\t\t\t\t<\/div>\n\t\t\t\t\t<\/div>\n\t\t\t\t<\/div>\n\t\t<div class=\"elementor-element elementor-element-2a26a42a e-flex e-con-boxed e-con e-parent\" data-id=\"2a26a42a\" data-element_type=\"container\" data-e-type=\"container\">\n\t\t\t\t\t<div class=\"e-con-inner\">\n\t\t\t\t<div class=\"elementor-element elementor-element-f96805d elementor-widget elementor-widget-image\" data-id=\"f96805d\" data-element_type=\"widget\" data-e-type=\"widget\" data-widget_type=\"image.default\">\n\t\t\t\t<div class=\"elementor-widget-container\">\n\t\t\t\t\t\t\t\t\t\t\t\t\t\t\t<img loading=\"lazy\" decoding=\"async\" width=\"1254\" height=\"627\" src=\"https:\/\/rentallorca.com\/blog\/wp-content\/uploads\/2025\/04\/actividades-mallorca-playas.jpg\" class=\"attachment-full size-full wp-image-1318\" alt=\"actividades-mallorca-playas\" srcset=\"https:\/\/rentallorca.com\/blog\/wp-content\/uploads\/2025\/04\/actividades-mallorca-playas.jpg 1254w, https:\/\/rentallorca.com\/blog\/wp-content\/uploads\/2025\/04\/actividades-mallorca-playas-300x150.jpg 300w, https:\/\/rentallorca.com\/blog\/wp-content\/uploads\/2025\/04\/actividades-mallorca-playas-1024x512.jpg 1024w, https:\/\/rentallorca.com\/blog\/wp-content\/uploads\/2025\/04\/actividades-mallorca-playas-768x384.jpg 768w\" sizes=\"(max-width: 1254px) 100vw, 1254px\" \/>\t\t\t\t\t\t\t\t\t\t\t\t\t\t\t<\/div>\n\t\t\t\t<\/div>\n\t\t\t\t\t<\/div>\n\t\t\t\t<\/div>\n\t\t<div class=\"elementor-element elementor-element-2fe5338 e-flex e-con-boxed e-con e-parent\" data-id=\"2fe5338\" data-element_type=\"container\" data-e-type=\"container\">\n\t\t\t\t\t<div class=\"e-con-inner\">\n\t\t\t\t<div class=\"elementor-element elementor-element-354c67e elementor-widget elementor-widget-heading\" data-id=\"354c67e\" data-element_type=\"widget\" data-e-type=\"widget\" data-widget_type=\"heading.default\">\n\t\t\t\t<div class=\"elementor-widget-container\">\n\t\t\t\t\t<h2 class=\"elementor-heading-title elementor-size-default\">Beachten Sie diese Hinweise, um Ihren idealen Strand auf Mallorca zu finden\n<\/h2>\t\t\t\t<\/div>\n\t\t\t\t<\/div>\n\t\t\t\t<div class=\"elementor-element elementor-element-51e9dc9 elementor-widget elementor-widget-text-editor\" data-id=\"51e9dc9\" data-element_type=\"widget\" data-e-type=\"widget\" data-widget_type=\"text-editor.default\">\n\t\t\t\t<div class=\"elementor-widget-container\">\n\t\t\t\t\t\t\t\t\t<p><span style=\"font-weight: 400;\">Die Suche nach dem idealen Strand auf Mallorca kann sich als etwas komplex erweisen,<\/span><b> allein schon aufgrund der gro\u00dfen Auswahl an Optionen<\/b><span style=\"font-weight: 400;\"> , die Ihnen zur Verf\u00fcgung stehen. Hier einige Empfehlungen, die Ihnen bei der Eingrenzung Ihrer Pr\u00e4ferenzen behilflich sein k\u00f6nnen:   <\/span><\/p><ul><li style=\"font-weight: 400;\" aria-level=\"1\"><b>Definieren Sie Ihre Priorit\u00e4ten klar:<\/b><span style=\"font-weight: 400;\">  Wenn Sie Ruhe und Natur suchen, empfehlen wir Ihnen, sich f\u00fcr unber\u00fchrte Buchten wie Cala Varques oder Cala Barques zu entscheiden. Sollten Sie Komfort und Service bevorzugen, sind Platja d&#8217;Alc\u00fadia oder Cala Millor die besseren Optionen.   <\/span><\/li><li style=\"font-weight: 400;\" aria-level=\"1\"><b>Ber\u00fccksichtigen Sie die Art des Strandes, nach dem Sie suchen<\/b><span style=\"font-weight: 400;\">: Wenn Sie wei\u00dfen, feinen Sandstrand m\u00f6gen, ist Es Trenc eine exzellente Wahl. F\u00fcr eine felsigere und malerischere Umgebung entscheiden Sie sich f\u00fcr Cala Mondrag\u00f3.   <\/span><\/li><li style=\"font-weight: 400;\" aria-level=\"1\"><b>Zug\u00e4nglichkeit<\/b><span style=\"font-weight: 400;\">: Sollten Sie in Ihrer Mobilit\u00e4t eingeschr\u00e4nkt sein, suchen Sie Str\u00e4nde wie Ciutat Jard\u00ed oder Santa Pon\u00e7a auf, die einen leichten Zugang und angepasste Dienstleistungen bieten.<\/span><\/li><li style=\"font-weight: 400;\" aria-level=\"1\"><b>Wasseraktivit\u00e4ten<\/b><span>: Cala Millor ist perfekt f\u00fcr Windsurfen oder Tauchen geeignet.<\/span><\/li><\/ul>\t\t\t\t\t\t\t\t<\/div>\n\t\t\t\t<\/div>\n\t\t\t\t\t<\/div>\n\t\t\t\t<\/div>\n\t\t<div class=\"elementor-element elementor-element-18c28a3 e-flex e-con-boxed e-con e-parent\" data-id=\"18c28a3\" data-element_type=\"container\" data-e-type=\"container\">\n\t\t\t\t\t<div class=\"e-con-inner\">\n\t\t\t\t<div class=\"elementor-element elementor-element-4a84e00 elementor-widget elementor-widget-heading\" data-id=\"4a84e00\" data-element_type=\"widget\" data-e-type=\"widget\" data-widget_type=\"heading.default\">\n\t\t\t\t<div class=\"elementor-widget-container\">\n\t\t\t\t\t<h2 class=\"elementor-heading-title elementor-size-default\">Weshalb ist Mallorca ein Traumziel?\n<\/h2>\t\t\t\t<\/div>\n\t\t\t\t<\/div>\n\t\t\t\t<div class=\"elementor-element elementor-element-345806c elementor-widget elementor-widget-text-editor\" data-id=\"345806c\" data-element_type=\"widget\" data-e-type=\"widget\" data-widget_type=\"text-editor.default\">\n\t\t\t\t<div class=\"elementor-widget-container\">\n\t\t\t\t\t\t\t\t\t<p><span style=\"font-weight: 400;\">Wie Sie sehen k\u00f6nnen, bilden Mallorca und seine Str\u00e4nde ein Vorhaben, das Sie sich nicht entgehen lassen sollten. Wenn Sie jedoch Ihren Aufenthalt optimal nutzen m\u00f6chten, sollten Sie das Wichtigste nicht bis zum letzten Moment aufschieben:   <\/span><b>die Suche nach einer Unterkunft, die Ihren Erwartungen entspricht.<\/b><\/p><p><span style=\"font-weight: 400;\">Bei Rentallorca bieten wir Ihnen die beste Auswahl an allen Arten von Unterk\u00fcnften, damit Sie die bestm\u00f6gliche Erfahrung als Paar, mit Freunden oder mit der Familie machen k\u00f6nnen.  <\/span><b>Kontaktieren Sie uns, um Ihr Apartment so bald wie m\u00f6glich zu reservieren.  <\/b><\/p>\t\t\t\t\t\t\t\t<\/div>\n\t\t\t\t<\/div>\n\t\t\t\t\t<\/div>\n\t\t\t\t<\/div>\n\t\t<div class=\"elementor-element elementor-element-114af3f e-flex e-con-boxed e-con e-parent\" data-id=\"114af3f\" data-element_type=\"container\" data-e-type=\"container\">\n\t\t\t\t\t<div class=\"e-con-inner\">\n\t\t<div class=\"elementor-element elementor-element-96bad78 e-con-full e-flex e-con e-child\" data-id=\"96bad78\" data-element_type=\"container\" data-e-type=\"container\">\n\t\t\t\t<div class=\"elementor-element elementor-element-4664009 elementor-widget__width-initial elementor-widget elementor-widget-grid\" data-id=\"4664009\" data-element_type=\"widget\" data-e-type=\"widget\" data-widget_type=\"grid.default\">\n\t\t\t\t<div class=\"elementor-widget-container\">\n\t\t\t\t\t\t\t<div class=\"its--row alojamientos-recomendados\">\n\n\t\t\t<div class=\"alojamientos-recomendados-container\">\n\n\t\t\t\t\t\n\t\t\t\t\t<a href=\"https:\/\/rentallorca.com\/de\/vermietung\/ferienhaus-can-picafort-b0009-cas-predi-441529.html\" rel=\"nofollow\" style=\"width: 32%;\">\n\t\t\t\t\t\t<div class=\"apartamento-box\">\n\t\t\t\t\t\t\t<div class=\"imagen_recomendados\">\n\t\t\t\t\t\t\t\t<img decoding=\"async\" src=\"https:\/\/crs.avantio.com\/fotos\/2\/1691576612725fc9a81e98ff576a33ebaca1540da8\/big172527292491210cebc6a63699fc46d2df6e22ba80.jpg\" alt=\"Cas Predi by Rentallorca\">\n\t\t\t\t\t\t\t<\/div>\n\t\t\t\t\t\t\t<div class=\"info\">\n\t\t\t\t\t\t\t\t<div class=\"ubicacion\">\n\t\t\t\t\t\t\t\t\t<i class=\"fa-solid fa-location-dot icono-mapa\"><\/i><span class=\"ubicacion-texto\">Can Picafort - Mallorca<\/span>\n\t\t\t\t\t\t\t\t<\/div>\n\t\t\t\t\t\t\t\t<H4 class=\"titulo-alojamiento\">\n\t\t\t\t\t\t\t\t\tCas Predi by Rentallorca\t\t\t\t\t\t\t\t<\/H4>\n\t\t\t\t\t\t\t\t<p class=\"precio-alojamiento\">Aus <span class=\"precio\">133.38\u20ac<\/span> pro Nacht<\/p>\n\t\t\t\t\t\t\t<\/div>\n\t\t\t\t\t\t<\/div>\n\t\t\t\t\t<\/a> \n\t\t\t\t\t\t\n\t\t\t\t\t<a href=\"https:\/\/rentallorca.com\/de\/vermietung\/ferienhaus-can-picafort-a0004-petit-bijouc-441556.html\" rel=\"nofollow\" style=\"width: 32%;\">\n\t\t\t\t\t\t<div class=\"apartamento-box\">\n\t\t\t\t\t\t\t<div class=\"imagen_recomendados\">\n\t\t\t\t\t\t\t\t<img decoding=\"async\" src=\"https:\/\/crs.avantio.com\/fotos\/2\/169157770502966eeddb391417ef63a87957e4fd41\/big1691577707990e29ed1c5f13691b1c81667ccf12c3.jpg\" alt=\"Petit Bijouc by Rentallorca\">\n\t\t\t\t\t\t\t<\/div>\n\t\t\t\t\t\t\t<div class=\"info\">\n\t\t\t\t\t\t\t\t<div class=\"ubicacion\">\n\t\t\t\t\t\t\t\t\t<i class=\"fa-solid fa-location-dot icono-mapa\"><\/i><span class=\"ubicacion-texto\">Can Picafort - Mallorca<\/span>\n\t\t\t\t\t\t\t\t<\/div>\n\t\t\t\t\t\t\t\t<H4 class=\"titulo-alojamiento\">\n\t\t\t\t\t\t\t\t\tPetit Bijouc by Rentallorca\t\t\t\t\t\t\t\t<\/H4>\n\t\t\t\t\t\t\t\t<p class=\"precio-alojamiento\">Aus <span class=\"precio\">180.12\u20ac<\/span> pro Nacht<\/p>\n\t\t\t\t\t\t\t<\/div>\n\t\t\t\t\t\t<\/div>\n\t\t\t\t\t<\/a> \n\t\t\t\t\t\t\n\t\t\t\t\t<a href=\"https:\/\/rentallorca.com\/de\/vermietung\/ferienwohnung-puerto-de-alcudia-c0029-assimetric-441568.html\" rel=\"nofollow\" style=\"width: 32%;\">\n\t\t\t\t\t\t<div class=\"apartamento-box\">\n\t\t\t\t\t\t\t<div class=\"imagen_recomendados\">\n\t\t\t\t\t\t\t\t<img decoding=\"async\" src=\"https:\/\/crs.avantio.com\/fotos\/2\/1691580239a5a7d809e7ed2930e12ec4a2f441251c\/big169158024384688a12274c736c048fb55fe33cc1c0.jpg\" alt=\"Assimetric by Rentallorca\">\n\t\t\t\t\t\t\t<\/div>\n\t\t\t\t\t\t\t<div class=\"info\">\n\t\t\t\t\t\t\t\t<div class=\"ubicacion\">\n\t\t\t\t\t\t\t\t\t<i class=\"fa-solid fa-location-dot icono-mapa\"><\/i><span class=\"ubicacion-texto\">Puerto de Alcudia - Mallorca<\/span>\n\t\t\t\t\t\t\t\t<\/div>\n\t\t\t\t\t\t\t\t<H4 class=\"titulo-alojamiento\">\n\t\t\t\t\t\t\t\t\tAssimetric by Rentallorca\t\t\t\t\t\t\t\t<\/H4>\n\t\t\t\t\t\t\t\t<p class=\"precio-alojamiento\">Aus <span class=\"precio\">239.40\u20ac<\/span> pro Nacht<\/p>\n\t\t\t\t\t\t\t<\/div>\n\t\t\t\t\t\t<\/div>\n\t\t\t\t\t<\/a> \n\t\t\t\t\t\t\t\t<\/div>\n\t\t\t<\/div>\n\t\t\t\t\t\t<\/div>\n\t\t\t\t<\/div>\n\t\t\t\t<\/div>\n\t\t\t\t\t<\/div>\n\t\t\t\t<\/div>\n\t\t<div class=\"elementor-element elementor-element-38ec09a5 e-flex e-con-boxed e-con e-parent\" data-id=\"38ec09a5\" data-element_type=\"container\" data-e-type=\"container\">\n\t\t\t\t\t<div class=\"e-con-inner\">\n\t\t\t\t<div class=\"elementor-element elementor-element-7209250c elementor-widget elementor-widget-shortcode\" data-id=\"7209250c\" data-element_type=\"widget\" data-e-type=\"widget\" data-widget_type=\"shortcode.default\">\n\t\t\t\t<div class=\"elementor-widget-container\">\n\t\t\t\t\t\t\t<div class=\"elementor-shortcode\">\t\t<div data-elementor-type=\"page\" data-elementor-id=\"271\" class=\"elementor elementor-271 elementor-170 elementor-170\" data-elementor-post-type=\"elementor_library\">\n\t\t\t\t<div class=\"elementor-element elementor-element-16c5e22 e-flex e-con-boxed e-con e-parent\" data-id=\"16c5e22\" data-element_type=\"container\" data-e-type=\"container\">\n\t\t\t\t\t<div class=\"e-con-inner\">\n\t\t<div class=\"elementor-element elementor-element-ac67807 e-con-full e-flex e-con e-child\" data-id=\"ac67807\" data-element_type=\"container\" data-e-type=\"container\">\n\t\t\t\t<div class=\"elementor-element elementor-element-2ab04b2 elementor-align-justify elementor-widget elementor-widget-button\" data-id=\"2ab04b2\" data-element_type=\"widget\" data-e-type=\"widget\" data-widget_type=\"button.default\">\n\t\t\t\t<div class=\"elementor-widget-container\">\n\t\t\t\t\t\t\t\t\t<div class=\"elementor-button-wrapper\">\n\t\t\t\t\t<a class=\"elementor-button elementor-button-link elementor-size-sm\" href=\"https:\/\/rentallorca.com\/de\/vermietung\/vermietungen-mallorca-e21\/\">\n\t\t\t\t\t\t<span class=\"elementor-button-content-wrapper\">\n\t\t\t\t\t\t\t\t\t<span class=\"elementor-button-text\">Unterk\u00fcnfte in  Mallorca<\/span>\n\t\t\t\t\t<\/span>\n\t\t\t\t\t<\/a>\n\t\t\t\t<\/div>\n\t\t\t\t\t\t\t\t<\/div>\n\t\t\t\t<\/div>\n\t\t\t\t<\/div>\n\t\t<div class=\"elementor-element elementor-element-6bea3dd e-con-full e-flex e-con e-child\" data-id=\"6bea3dd\" data-element_type=\"container\" data-e-type=\"container\">\n\t\t\t\t<div class=\"elementor-element elementor-element-ff8a437 elementor-align-justify elementor-widget elementor-widget-button\" data-id=\"ff8a437\" data-element_type=\"widget\" data-e-type=\"widget\" data-widget_type=\"button.default\">\n\t\t\t\t<div class=\"elementor-widget-container\">\n\t\t\t\t\t\t\t\t\t<div class=\"elementor-button-wrapper\">\n\t\t\t\t\t<a class=\"elementor-button elementor-button-link elementor-size-sm\" href=\"https:\/\/rentallorca.com\/de\/vermietung\/ferienwohnungen-mallorca-c1e21\/\">\n\t\t\t\t\t\t<span class=\"elementor-button-content-wrapper\">\n\t\t\t\t\t\t\t\t\t<span class=\"elementor-button-text\">Wohnungen in Mallorca<\/span>\n\t\t\t\t\t<\/span>\n\t\t\t\t\t<\/a>\n\t\t\t\t<\/div>\n\t\t\t\t\t\t\t\t<\/div>\n\t\t\t\t<\/div>\n\t\t\t\t<\/div>\n\t\t<div class=\"elementor-element elementor-element-d557a64 e-con-full e-flex e-con e-child\" data-id=\"d557a64\" data-element_type=\"container\" data-e-type=\"container\">\n\t\t\t\t<div class=\"elementor-element elementor-element-4421fc4 elementor-align-justify elementor-widget elementor-widget-button\" data-id=\"4421fc4\" data-element_type=\"widget\" data-e-type=\"widget\" data-widget_type=\"button.default\">\n\t\t\t\t<div class=\"elementor-widget-container\">\n\t\t\t\t\t\t\t\t\t<div class=\"elementor-button-wrapper\">\n\t\t\t\t\t<a class=\"elementor-button elementor-button-link elementor-size-sm\" href=\"https:\/\/rentallorca.com\/de\/vermietung\/ferienhauser-alcudia-c19d1098\/\">\n\t\t\t\t\t\t<span class=\"elementor-button-content-wrapper\">\n\t\t\t\t\t\t\t\t\t<span class=\"elementor-button-text\">H\u00e4user in Mallorca<\/span>\n\t\t\t\t\t<\/span>\n\t\t\t\t\t<\/a>\n\t\t\t\t<\/div>\n\t\t\t\t\t\t\t\t<\/div>\n\t\t\t\t<\/div>\n\t\t\t\t<\/div>\n\t\t<div class=\"elementor-element elementor-element-995a361 e-con-full e-flex e-con e-child\" data-id=\"995a361\" data-element_type=\"container\" data-e-type=\"container\">\n\t\t\t\t<div class=\"elementor-element elementor-element-e6addd0 elementor-align-justify elementor-widget elementor-widget-button\" data-id=\"e6addd0\" data-element_type=\"widget\" data-e-type=\"widget\" data-widget_type=\"button.default\">\n\t\t\t\t<div class=\"elementor-widget-container\">\n\t\t\t\t\t\t\t\t\t<div class=\"elementor-button-wrapper\">\n\t\t\t\t\t<a class=\"elementor-button elementor-button-link elementor-size-sm\" href=\"https:\/\/rentallorca.com\/de\/vermietung\/fincas-mallorca-c22e21\/\">\n\t\t\t\t\t\t<span class=\"elementor-button-content-wrapper\">\n\t\t\t\t\t\t\t\t\t<span class=\"elementor-button-text\">Bauernh\u00f6fe in Mallorca<\/span>\n\t\t\t\t\t<\/span>\n\t\t\t\t\t<\/a>\n\t\t\t\t<\/div>\n\t\t\t\t\t\t\t\t<\/div>\n\t\t\t\t<\/div>\n\t\t\t\t<\/div>\n\t\t\t\t\t<\/div>\n\t\t\t\t<\/div>\n\t\t\t\t<\/div>\n\t\t<\/div>\n\t\t\t\t\t\t<\/div>\n\t\t\t\t<\/div>\n\t\t\t\t\t<\/div>\n\t\t\t\t<\/div>\n\t\t\t\t<\/div>\n\t\t","protected":false},"excerpt":{"rendered":"<p>An diesem Punkt unseres Lebens ist es nicht mehr notwendig, dass wir Ihnen mitteilen, dass Mallorca \u00fcber unglaubliche Str\u00e4nde verf\u00fcgt. Seien wir ehrlich, wenn Sie in Ihrem Leben mehr als zweimal einen Fernseher eingeschaltet haben, sind Sie sich sicherlich bewusst, dass die Insel einige der interessantesten Stranddestinationen des Landes beherbergt. Doch bei Rentallorca m\u00f6chten wir [&hellip;]<\/p>\n","protected":false},"author":3,"featured_media":1321,"comment_status":"open","ping_status":"open","sticky":false,"template":"","format":"standard","meta":{"footnotes":""},"categories":[2],"tags":[],"class_list":["post-1330","post","type-post","status-publish","format-standard","has-post-thumbnail","hentry","category-mallorca-urlaub"],"yoast_head":"<!-- This site is optimized with the Yoast SEO plugin v27.5 - https:\/\/yoast.com\/product\/yoast-seo-wordpress\/ -->\n<title>Die besten Str\u00e4nde Mallorcas. Wir pr\u00e4sentieren Ihnen die definitive Liste! - Blog<\/title>\n<meta name=\"description\" content=\"Mallorcas Traumstr\u00e4nde: Klares Wasser, goldener Sand. Genie\u00dfen Sie den Sommer!\" \/>\n<meta name=\"robots\" content=\"index, follow, max-snippet:-1, max-image-preview:large, max-video-preview:-1\" \/>\n<link rel=\"canonical\" href=\"https:\/\/rentallorca.com\/blog\/de\/straende-mallorcas\/\" \/>\n<meta property=\"og:locale\" content=\"de_DE\" \/>\n<meta property=\"og:type\" content=\"article\" \/>\n<meta property=\"og:title\" content=\"Die besten Str\u00e4nde Mallorcas. Wir pr\u00e4sentieren Ihnen die definitive Liste! - Blog\" \/>\n<meta property=\"og:description\" content=\"Mallorcas Traumstr\u00e4nde: Klares Wasser, goldener Sand. Genie\u00dfen Sie den Sommer!\" \/>\n<meta property=\"og:url\" content=\"https:\/\/rentallorca.com\/blog\/de\/straende-mallorcas\/\" \/>\n<meta property=\"og:site_name\" content=\"Blog\" \/>\n<meta property=\"article:published_time\" content=\"2025-04-08T08:28:30+00:00\" \/>\n<meta property=\"article:modified_time\" content=\"2025-07-17T07:12:43+00:00\" \/>\n<meta property=\"og:image\" content=\"https:\/\/rentallorca.com\/blog\/wp-content\/uploads\/2025\/04\/playas-en-mallorca.jpg\" \/>\n\t<meta property=\"og:image:width\" content=\"2120\" \/>\n\t<meta property=\"og:image:height\" content=\"707\" \/>\n\t<meta property=\"og:image:type\" content=\"image\/jpeg\" \/>\n<meta name=\"author\" content=\"Axel\" \/>\n<meta name=\"twitter:card\" content=\"summary_large_image\" \/>\n<meta name=\"twitter:label1\" content=\"Written by\" \/>\n\t<meta name=\"twitter:data1\" content=\"Axel\" \/>\n\t<meta name=\"twitter:label2\" content=\"Est. reading time\" \/>\n\t<meta name=\"twitter:data2\" content=\"8 minutes\" \/>\n<script type=\"application\/ld+json\" class=\"yoast-schema-graph\">{\"@context\":\"https:\\\/\\\/schema.org\",\"@graph\":[{\"@type\":\"Article\",\"@id\":\"https:\\\/\\\/rentallorca.com\\\/blog\\\/de\\\/straende-mallorcas\\\/#article\",\"isPartOf\":{\"@id\":\"https:\\\/\\\/rentallorca.com\\\/blog\\\/de\\\/straende-mallorcas\\\/\"},\"author\":{\"name\":\"Axel\",\"@id\":\"https:\\\/\\\/rentallorca.com\\\/blog\\\/de\\\/#\\\/schema\\\/person\\\/8c5ebe5bf8d43e9757ab6869e1d4cbe4\"},\"headline\":\"Die besten Str\u00e4nde Mallorcas. Wir pr\u00e4sentieren Ihnen die definitive Liste!\",\"datePublished\":\"2025-04-08T08:28:30+00:00\",\"dateModified\":\"2025-07-17T07:12:43+00:00\",\"mainEntityOfPage\":{\"@id\":\"https:\\\/\\\/rentallorca.com\\\/blog\\\/de\\\/straende-mallorcas\\\/\"},\"wordCount\":1162,\"commentCount\":0,\"image\":{\"@id\":\"https:\\\/\\\/rentallorca.com\\\/blog\\\/de\\\/straende-mallorcas\\\/#primaryimage\"},\"thumbnailUrl\":\"https:\\\/\\\/rentallorca.com\\\/blog\\\/wp-content\\\/uploads\\\/2025\\\/04\\\/playas-en-mallorca.jpg\",\"articleSection\":[\"Mallorca\"],\"inLanguage\":\"de\",\"potentialAction\":[{\"@type\":\"CommentAction\",\"name\":\"Comment\",\"target\":[\"https:\\\/\\\/rentallorca.com\\\/blog\\\/de\\\/straende-mallorcas\\\/#respond\"]}]},{\"@type\":\"WebPage\",\"@id\":\"https:\\\/\\\/rentallorca.com\\\/blog\\\/de\\\/straende-mallorcas\\\/\",\"url\":\"https:\\\/\\\/rentallorca.com\\\/blog\\\/de\\\/straende-mallorcas\\\/\",\"name\":\"Die besten Str\u00e4nde Mallorcas. Wir pr\u00e4sentieren Ihnen die definitive Liste! - Blog\",\"isPartOf\":{\"@id\":\"https:\\\/\\\/rentallorca.com\\\/blog\\\/de\\\/#website\"},\"primaryImageOfPage\":{\"@id\":\"https:\\\/\\\/rentallorca.com\\\/blog\\\/de\\\/straende-mallorcas\\\/#primaryimage\"},\"image\":{\"@id\":\"https:\\\/\\\/rentallorca.com\\\/blog\\\/de\\\/straende-mallorcas\\\/#primaryimage\"},\"thumbnailUrl\":\"https:\\\/\\\/rentallorca.com\\\/blog\\\/wp-content\\\/uploads\\\/2025\\\/04\\\/playas-en-mallorca.jpg\",\"datePublished\":\"2025-04-08T08:28:30+00:00\",\"dateModified\":\"2025-07-17T07:12:43+00:00\",\"author\":{\"@id\":\"https:\\\/\\\/rentallorca.com\\\/blog\\\/de\\\/#\\\/schema\\\/person\\\/8c5ebe5bf8d43e9757ab6869e1d4cbe4\"},\"description\":\"Mallorcas Traumstr\u00e4nde: Klares Wasser, goldener Sand. Genie\u00dfen Sie den Sommer!\",\"breadcrumb\":{\"@id\":\"https:\\\/\\\/rentallorca.com\\\/blog\\\/de\\\/straende-mallorcas\\\/#breadcrumb\"},\"inLanguage\":\"de\",\"potentialAction\":[{\"@type\":\"ReadAction\",\"target\":[\"https:\\\/\\\/rentallorca.com\\\/blog\\\/de\\\/straende-mallorcas\\\/\"]}]},{\"@type\":\"ImageObject\",\"inLanguage\":\"de\",\"@id\":\"https:\\\/\\\/rentallorca.com\\\/blog\\\/de\\\/straende-mallorcas\\\/#primaryimage\",\"url\":\"https:\\\/\\\/rentallorca.com\\\/blog\\\/wp-content\\\/uploads\\\/2025\\\/04\\\/playas-en-mallorca.jpg\",\"contentUrl\":\"https:\\\/\\\/rentallorca.com\\\/blog\\\/wp-content\\\/uploads\\\/2025\\\/04\\\/playas-en-mallorca.jpg\",\"width\":2120,\"height\":707,\"caption\":\"Two friends are diving in the sea from a cliff. Carefree, freedom, vacation concept.\"},{\"@type\":\"BreadcrumbList\",\"@id\":\"https:\\\/\\\/rentallorca.com\\\/blog\\\/de\\\/straende-mallorcas\\\/#breadcrumb\",\"itemListElement\":[{\"@type\":\"ListItem\",\"position\":1,\"name\":\"Home\",\"item\":\"https:\\\/\\\/rentallorca.com\\\/blog\\\/de\\\/\"},{\"@type\":\"ListItem\",\"position\":2,\"name\":\"Die besten Str\u00e4nde Mallorcas. Wir pr\u00e4sentieren Ihnen die definitive Liste!\"}]},{\"@type\":\"WebSite\",\"@id\":\"https:\\\/\\\/rentallorca.com\\\/blog\\\/de\\\/#website\",\"url\":\"https:\\\/\\\/rentallorca.com\\\/blog\\\/de\\\/\",\"name\":\"Blog\",\"description\":\"Rentallorca\",\"potentialAction\":[{\"@type\":\"SearchAction\",\"target\":{\"@type\":\"EntryPoint\",\"urlTemplate\":\"https:\\\/\\\/rentallorca.com\\\/blog\\\/de\\\/?s={search_term_string}\"},\"query-input\":{\"@type\":\"PropertyValueSpecification\",\"valueRequired\":true,\"valueName\":\"search_term_string\"}}],\"inLanguage\":\"de\"},{\"@type\":\"Person\",\"@id\":\"https:\\\/\\\/rentallorca.com\\\/blog\\\/de\\\/#\\\/schema\\\/person\\\/8c5ebe5bf8d43e9757ab6869e1d4cbe4\",\"name\":\"Axel\",\"image\":{\"@type\":\"ImageObject\",\"inLanguage\":\"de\",\"@id\":\"https:\\\/\\\/secure.gravatar.com\\\/avatar\\\/3bd706736e5b70f21f05f6c2d5cad746767782a4ba4b7df399c5969e2a9318fd?s=96&d=mm&r=g\",\"url\":\"https:\\\/\\\/secure.gravatar.com\\\/avatar\\\/3bd706736e5b70f21f05f6c2d5cad746767782a4ba4b7df399c5969e2a9318fd?s=96&d=mm&r=g\",\"contentUrl\":\"https:\\\/\\\/secure.gravatar.com\\\/avatar\\\/3bd706736e5b70f21f05f6c2d5cad746767782a4ba4b7df399c5969e2a9318fd?s=96&d=mm&r=g\",\"caption\":\"Axel\"},\"url\":\"https:\\\/\\\/rentallorca.com\\\/blog\\\/de\\\/author\\\/axel\\\/\"}]}<\/script>\n<!-- \/ Yoast SEO plugin. -->","yoast_head_json":{"title":"Die besten Str\u00e4nde Mallorcas. Wir pr\u00e4sentieren Ihnen die definitive Liste! - Blog","description":"Mallorcas Traumstr\u00e4nde: Klares Wasser, goldener Sand. Genie\u00dfen Sie den Sommer!","robots":{"index":"index","follow":"follow","max-snippet":"max-snippet:-1","max-image-preview":"max-image-preview:large","max-video-preview":"max-video-preview:-1"},"canonical":"https:\/\/rentallorca.com\/blog\/de\/straende-mallorcas\/","og_locale":"de_DE","og_type":"article","og_title":"Die besten Str\u00e4nde Mallorcas. Wir pr\u00e4sentieren Ihnen die definitive Liste! - Blog","og_description":"Mallorcas Traumstr\u00e4nde: Klares Wasser, goldener Sand. Genie\u00dfen Sie den Sommer!","og_url":"https:\/\/rentallorca.com\/blog\/de\/straende-mallorcas\/","og_site_name":"Blog","article_published_time":"2025-04-08T08:28:30+00:00","article_modified_time":"2025-07-17T07:12:43+00:00","og_image":[{"width":2120,"height":707,"url":"https:\/\/rentallorca.com\/blog\/wp-content\/uploads\/2025\/04\/playas-en-mallorca.jpg","type":"image\/jpeg"}],"author":"Axel","twitter_card":"summary_large_image","twitter_misc":{"Written by":"Axel","Est. reading time":"8 minutes"},"schema":{"@context":"https:\/\/schema.org","@graph":[{"@type":"Article","@id":"https:\/\/rentallorca.com\/blog\/de\/straende-mallorcas\/#article","isPartOf":{"@id":"https:\/\/rentallorca.com\/blog\/de\/straende-mallorcas\/"},"author":{"name":"Axel","@id":"https:\/\/rentallorca.com\/blog\/de\/#\/schema\/person\/8c5ebe5bf8d43e9757ab6869e1d4cbe4"},"headline":"Die besten Str\u00e4nde Mallorcas. Wir pr\u00e4sentieren Ihnen die definitive Liste!","datePublished":"2025-04-08T08:28:30+00:00","dateModified":"2025-07-17T07:12:43+00:00","mainEntityOfPage":{"@id":"https:\/\/rentallorca.com\/blog\/de\/straende-mallorcas\/"},"wordCount":1162,"commentCount":0,"image":{"@id":"https:\/\/rentallorca.com\/blog\/de\/straende-mallorcas\/#primaryimage"},"thumbnailUrl":"https:\/\/rentallorca.com\/blog\/wp-content\/uploads\/2025\/04\/playas-en-mallorca.jpg","articleSection":["Mallorca"],"inLanguage":"de","potentialAction":[{"@type":"CommentAction","name":"Comment","target":["https:\/\/rentallorca.com\/blog\/de\/straende-mallorcas\/#respond"]}]},{"@type":"WebPage","@id":"https:\/\/rentallorca.com\/blog\/de\/straende-mallorcas\/","url":"https:\/\/rentallorca.com\/blog\/de\/straende-mallorcas\/","name":"Die besten Str\u00e4nde Mallorcas. Wir pr\u00e4sentieren Ihnen die definitive Liste! - Blog","isPartOf":{"@id":"https:\/\/rentallorca.com\/blog\/de\/#website"},"primaryImageOfPage":{"@id":"https:\/\/rentallorca.com\/blog\/de\/straende-mallorcas\/#primaryimage"},"image":{"@id":"https:\/\/rentallorca.com\/blog\/de\/straende-mallorcas\/#primaryimage"},"thumbnailUrl":"https:\/\/rentallorca.com\/blog\/wp-content\/uploads\/2025\/04\/playas-en-mallorca.jpg","datePublished":"2025-04-08T08:28:30+00:00","dateModified":"2025-07-17T07:12:43+00:00","author":{"@id":"https:\/\/rentallorca.com\/blog\/de\/#\/schema\/person\/8c5ebe5bf8d43e9757ab6869e1d4cbe4"},"description":"Mallorcas Traumstr\u00e4nde: Klares Wasser, goldener Sand. Genie\u00dfen Sie den Sommer!","breadcrumb":{"@id":"https:\/\/rentallorca.com\/blog\/de\/straende-mallorcas\/#breadcrumb"},"inLanguage":"de","potentialAction":[{"@type":"ReadAction","target":["https:\/\/rentallorca.com\/blog\/de\/straende-mallorcas\/"]}]},{"@type":"ImageObject","inLanguage":"de","@id":"https:\/\/rentallorca.com\/blog\/de\/straende-mallorcas\/#primaryimage","url":"https:\/\/rentallorca.com\/blog\/wp-content\/uploads\/2025\/04\/playas-en-mallorca.jpg","contentUrl":"https:\/\/rentallorca.com\/blog\/wp-content\/uploads\/2025\/04\/playas-en-mallorca.jpg","width":2120,"height":707,"caption":"Two friends are diving in the sea from a cliff. Carefree, freedom, vacation concept."},{"@type":"BreadcrumbList","@id":"https:\/\/rentallorca.com\/blog\/de\/straende-mallorcas\/#breadcrumb","itemListElement":[{"@type":"ListItem","position":1,"name":"Home","item":"https:\/\/rentallorca.com\/blog\/de\/"},{"@type":"ListItem","position":2,"name":"Die besten Str\u00e4nde Mallorcas. Wir pr\u00e4sentieren Ihnen die definitive Liste!"}]},{"@type":"WebSite","@id":"https:\/\/rentallorca.com\/blog\/de\/#website","url":"https:\/\/rentallorca.com\/blog\/de\/","name":"Blog","description":"Rentallorca","potentialAction":[{"@type":"SearchAction","target":{"@type":"EntryPoint","urlTemplate":"https:\/\/rentallorca.com\/blog\/de\/?s={search_term_string}"},"query-input":{"@type":"PropertyValueSpecification","valueRequired":true,"valueName":"search_term_string"}}],"inLanguage":"de"},{"@type":"Person","@id":"https:\/\/rentallorca.com\/blog\/de\/#\/schema\/person\/8c5ebe5bf8d43e9757ab6869e1d4cbe4","name":"Axel","image":{"@type":"ImageObject","inLanguage":"de","@id":"https:\/\/secure.gravatar.com\/avatar\/3bd706736e5b70f21f05f6c2d5cad746767782a4ba4b7df399c5969e2a9318fd?s=96&d=mm&r=g","url":"https:\/\/secure.gravatar.com\/avatar\/3bd706736e5b70f21f05f6c2d5cad746767782a4ba4b7df399c5969e2a9318fd?s=96&d=mm&r=g","contentUrl":"https:\/\/secure.gravatar.com\/avatar\/3bd706736e5b70f21f05f6c2d5cad746767782a4ba4b7df399c5969e2a9318fd?s=96&d=mm&r=g","caption":"Axel"},"url":"https:\/\/rentallorca.com\/blog\/de\/author\/axel\/"}]}},"_links":{"self":[{"href":"https:\/\/rentallorca.com\/blog\/de\/wp-json\/wp\/v2\/posts\/1330","targetHints":{"allow":["GET"]}}],"collection":[{"href":"https:\/\/rentallorca.com\/blog\/de\/wp-json\/wp\/v2\/posts"}],"about":[{"href":"https:\/\/rentallorca.com\/blog\/de\/wp-json\/wp\/v2\/types\/post"}],"author":[{"embeddable":true,"href":"https:\/\/rentallorca.com\/blog\/de\/wp-json\/wp\/v2\/users\/3"}],"replies":[{"embeddable":true,"href":"https:\/\/rentallorca.com\/blog\/de\/wp-json\/wp\/v2\/comments?post=1330"}],"version-history":[{"count":4,"href":"https:\/\/rentallorca.com\/blog\/de\/wp-json\/wp\/v2\/posts\/1330\/revisions"}],"predecessor-version":[{"id":1385,"href":"https:\/\/rentallorca.com\/blog\/de\/wp-json\/wp\/v2\/posts\/1330\/revisions\/1385"}],"wp:featuredmedia":[{"embeddable":true,"href":"https:\/\/rentallorca.com\/blog\/de\/wp-json\/wp\/v2\/media\/1321"}],"wp:attachment":[{"href":"https:\/\/rentallorca.com\/blog\/de\/wp-json\/wp\/v2\/media?parent=1330"}],"wp:term":[{"taxonomy":"category","embeddable":true,"href":"https:\/\/rentallorca.com\/blog\/de\/wp-json\/wp\/v2\/categories?post=1330"},{"taxonomy":"post_tag","embeddable":true,"href":"https:\/\/rentallorca.com\/blog\/de\/wp-json\/wp\/v2\/tags?post=1330"}],"curies":[{"name":"wp","href":"https:\/\/api.w.org\/{rel}","templated":true}]}}