{"id":1223,"date":"2025-05-02T15:00:04","date_gmt":"2025-05-02T15:00:04","guid":{"rendered":"https:\/\/rentallorca.com\/blog\/?p=1223"},"modified":"2025-04-29T09:53:17","modified_gmt":"2025-04-29T09:53:17","slug":"mit-dem-auto-nach-mallorca","status":"publish","type":"post","link":"https:\/\/rentallorca.com\/blog\/de\/mit-dem-auto-nach-mallorca\/","title":{"rendered":"Mit dem Auto nach Mallorca: Alles, was Sie wissen m\u00fcssen"},"content":{"rendered":"\t\t<div data-elementor-type=\"wp-post\" data-elementor-id=\"1223\" class=\"elementor elementor-1223 elementor-1174\" data-elementor-post-type=\"post\">\n\t\t\t\t<div class=\"elementor-element elementor-element-2b7eb242 e-flex e-con-boxed e-con e-parent\" data-id=\"2b7eb242\" data-element_type=\"container\" data-e-type=\"container\">\n\t\t\t\t\t<div class=\"e-con-inner\">\n\t\t\t\t<div class=\"elementor-element elementor-element-7846ec82 elementor-widget elementor-widget-heading\" data-id=\"7846ec82\" data-element_type=\"widget\" data-e-type=\"widget\" data-widget_type=\"heading.default\">\n\t\t\t\t<div class=\"elementor-widget-container\">\n\t\t\t\t\t<h1 class=\"elementor-heading-title elementor-size-default\">Mit dem Auto nach Mallorca\n<\/h1>\t\t\t\t<\/div>\n\t\t\t\t<\/div>\n\t\t\t\t\t<\/div>\n\t\t\t\t<\/div>\n\t\t<div class=\"elementor-element elementor-element-1c5ada2f e-flex e-con-boxed e-con e-parent\" data-id=\"1c5ada2f\" data-element_type=\"container\" data-e-type=\"container\">\n\t\t\t\t\t<div class=\"e-con-inner\">\n\t\t\t\t<div class=\"elementor-element elementor-element-44a87bef elementor-widget elementor-widget-heading\" data-id=\"44a87bef\" data-element_type=\"widget\" data-e-type=\"widget\" data-widget_type=\"heading.default\">\n\t\t\t\t<div class=\"elementor-widget-container\">\n\t\t\t\t\t<p class=\"elementor-heading-title elementor-size-default\">Alles, was Sie wissen m\u00fcssen<\/p>\t\t\t\t<\/div>\n\t\t\t\t<\/div>\n\t\t\t\t\t<\/div>\n\t\t\t\t<\/div>\n\t\t<div class=\"elementor-element elementor-element-2979cb6c e-flex e-con-boxed e-con e-parent\" data-id=\"2979cb6c\" data-element_type=\"container\" data-e-type=\"container\">\n\t\t\t\t\t<div class=\"e-con-inner\">\n\t\t\t\t<div class=\"elementor-element elementor-element-68807b3b elementor-widget elementor-widget-text-editor\" data-id=\"68807b3b\" data-element_type=\"widget\" data-e-type=\"widget\" data-widget_type=\"text-editor.default\">\n\t\t\t\t<div class=\"elementor-widget-container\">\n\t\t\t\t\t\t\t\t\t<p>Planst du, mit dem Auto nach Mallorca zu reisen? Dann solltest du ein paar wichtige Dinge wissen, bevor du losf\u00e4hrst. Von Mietwagenangeboten und verf\u00fcgbaren F\u00e4hrverbindungen bis hin zu Tipps, was du auf der Insel am besten mit dem Auto entdecken kannst \u2013 hier findest du alle praktischen Informationen, um Mallorca entspannt und in vollen Z\u00fcgen zu genie\u00dfen.<\/p>\t\t\t\t\t\t\t\t<\/div>\n\t\t\t\t<\/div>\n\t\t\t\t\t<\/div>\n\t\t\t\t<\/div>\n\t\t<div class=\"elementor-element elementor-element-569efa0 e-flex e-con-boxed e-con e-parent\" data-id=\"569efa0\" data-element_type=\"container\" data-e-type=\"container\">\n\t\t\t\t\t<div class=\"e-con-inner\">\n\t\t\t\t<div class=\"elementor-element elementor-element-e0f21e2 elementor-widget elementor-widget-spacer\" data-id=\"e0f21e2\" data-element_type=\"widget\" data-e-type=\"widget\" data-widget_type=\"spacer.default\">\n\t\t\t\t<div class=\"elementor-widget-container\">\n\t\t\t\t\t\t\t<div class=\"elementor-spacer\">\n\t\t\t<div class=\"elementor-spacer-inner\"><\/div>\n\t\t<\/div>\n\t\t\t\t\t\t<\/div>\n\t\t\t\t<\/div>\n\t\t\t\t\t<\/div>\n\t\t\t\t<\/div>\n\t\t<div class=\"elementor-element elementor-element-2a9b109a e-flex e-con-boxed e-con e-parent\" data-id=\"2a9b109a\" data-element_type=\"container\" data-e-type=\"container\">\n\t\t\t\t\t<div class=\"e-con-inner\">\n\t\t<div class=\"elementor-element elementor-element-17e3b8db elementor-hidden-mobile e-con-full e-flex e-con e-child\" data-id=\"17e3b8db\" data-element_type=\"container\" data-e-type=\"container\">\n\t\t<div class=\"elementor-element elementor-element-21df0400 e-con-full e-flex e-con e-child\" data-id=\"21df0400\" data-element_type=\"container\" data-e-type=\"container\">\n\t\t\t\t<\/div>\n\t\t<div class=\"elementor-element elementor-element-7436667 e-con-full e-flex e-con e-child\" data-id=\"7436667\" data-element_type=\"container\" data-e-type=\"container\">\n\t\t\t\t<div class=\"elementor-element elementor-element-1d8aa420 elementor-widget elementor-widget-image\" data-id=\"1d8aa420\" data-element_type=\"widget\" data-e-type=\"widget\" data-widget_type=\"image.default\">\n\t\t\t\t<div class=\"elementor-widget-container\">\n\t\t\t\t\t\t\t\t\t\t\t\t\t\t\t\t<a href=\"#ubicacion\">\n\t\t\t\t\t\t\t<img decoding=\"async\" width=\"150\" height=\"150\" src=\"https:\/\/rentallorca.com\/blog\/wp-content\/uploads\/2025\/03\/rentallorca-logo-1.png\" class=\"attachment-thumbnail size-thumbnail wp-image-815\" alt=\"\" \/>\t\t\t\t\t\t\t\t<\/a>\n\t\t\t\t\t\t\t\t\t\t\t\t\t\t\t<\/div>\n\t\t\t\t<\/div>\n\t\t\t\t<\/div>\n\t\t<div class=\"elementor-element elementor-element-abeaf13 e-con-full e-flex e-con e-child\" data-id=\"abeaf13\" data-element_type=\"container\" data-e-type=\"container\">\n\t\t\t\t<div class=\"elementor-element elementor-element-7a270005 elementor-widget elementor-widget-image\" data-id=\"7a270005\" data-element_type=\"widget\" data-e-type=\"widget\" data-widget_type=\"image.default\">\n\t\t\t\t<div class=\"elementor-widget-container\">\n\t\t\t\t\t\t\t\t\t\t\t\t\t\t\t\t<a href=\"#alojamiento\">\n\t\t\t\t\t\t\t<img decoding=\"async\" width=\"150\" height=\"150\" src=\"https:\/\/rentallorca.com\/blog\/wp-content\/uploads\/2025\/03\/rentallorca-logo-1-4.png\" class=\"attachment-large size-large wp-image-818\" alt=\"\" \/>\t\t\t\t\t\t\t\t<\/a>\n\t\t\t\t\t\t\t\t\t\t\t\t\t\t\t<\/div>\n\t\t\t\t<\/div>\n\t\t\t\t<\/div>\n\t\t<div class=\"elementor-element elementor-element-23c415f8 e-con-full e-flex e-con e-child\" data-id=\"23c415f8\" data-element_type=\"container\" data-e-type=\"container\">\n\t\t\t\t<div class=\"elementor-element elementor-element-3968157d elementor-widget elementor-widget-image\" data-id=\"3968157d\" data-element_type=\"widget\" data-e-type=\"widget\" data-widget_type=\"image.default\">\n\t\t\t\t<div class=\"elementor-widget-container\">\n\t\t\t\t\t\t\t\t\t\t\t\t\t\t\t\t<a href=\"#lugares-alcudia\">\n\t\t\t\t\t\t\t<img decoding=\"async\" width=\"150\" height=\"150\" src=\"https:\/\/rentallorca.com\/blog\/wp-content\/uploads\/2025\/03\/rentallorca-logo-1-3.png\" class=\"attachment-large size-large wp-image-821\" alt=\"\" \/>\t\t\t\t\t\t\t\t<\/a>\n\t\t\t\t\t\t\t\t\t\t\t\t\t\t\t<\/div>\n\t\t\t\t<\/div>\n\t\t\t\t<\/div>\n\t\t<div class=\"elementor-element elementor-element-57d2803 e-con-full e-flex e-con e-child\" data-id=\"57d2803\" data-element_type=\"container\" data-e-type=\"container\">\n\t\t\t\t<div class=\"elementor-element elementor-element-212351b elementor-view-default elementor-widget elementor-widget-icon\" data-id=\"212351b\" data-element_type=\"widget\" data-e-type=\"widget\" data-widget_type=\"icon.default\">\n\t\t\t\t<div class=\"elementor-widget-container\">\n\t\t\t\t\t\t\t<div class=\"elementor-icon-wrapper\">\n\t\t\t<a class=\"elementor-icon\" href=\"#coches\">\n\t\t\t<svg aria-hidden=\"true\" class=\"e-font-icon-svg e-fas-car\" viewBox=\"0 0 512 512\" xmlns=\"http:\/\/www.w3.org\/2000\/svg\"><path d=\"M499.99 176h-59.87l-16.64-41.6C406.38 91.63 365.57 64 319.5 64h-127c-46.06 0-86.88 27.63-103.99 70.4L71.87 176H12.01C4.2 176-1.53 183.34.37 190.91l6 24C7.7 220.25 12.5 224 18.01 224h20.07C24.65 235.73 16 252.78 16 272v48c0 16.12 6.16 30.67 16 41.93V416c0 17.67 14.33 32 32 32h32c17.67 0 32-14.33 32-32v-32h256v32c0 17.67 14.33 32 32 32h32c17.67 0 32-14.33 32-32v-54.07c9.84-11.25 16-25.8 16-41.93v-48c0-19.22-8.65-36.27-22.07-48H494c5.51 0 10.31-3.75 11.64-9.09l6-24c1.89-7.57-3.84-14.91-11.65-14.91zm-352.06-17.83c7.29-18.22 24.94-30.17 44.57-30.17h127c19.63 0 37.28 11.95 44.57 30.17L384 208H128l19.93-49.83zM96 319.8c-19.2 0-32-12.76-32-31.9S76.8 256 96 256s48 28.71 48 47.85-28.8 15.95-48 15.95zm320 0c-19.2 0-48 3.19-48-15.95S396.8 256 416 256s32 12.76 32 31.9-12.8 31.9-32 31.9z\"><\/path><\/svg>\t\t\t<\/a>\n\t\t<\/div>\n\t\t\t\t\t\t<\/div>\n\t\t\t\t<\/div>\n\t\t\t\t<\/div>\n\t\t<div class=\"elementor-element elementor-element-5ab4d42 e-con-full e-flex e-con e-child\" data-id=\"5ab4d42\" data-element_type=\"container\" data-e-type=\"container\">\n\t\t\t\t<div class=\"elementor-element elementor-element-2358c1b1 elementor-widget elementor-widget-image\" data-id=\"2358c1b1\" data-element_type=\"widget\" data-e-type=\"widget\" data-widget_type=\"image.default\">\n\t\t\t\t<div class=\"elementor-widget-container\">\n\t\t\t\t\t\t\t\t\t\t\t\t\t\t\t\t<a href=\"#preguntas-alcudia\">\n\t\t\t\t\t\t\t<img loading=\"lazy\" decoding=\"async\" width=\"150\" height=\"150\" src=\"https:\/\/rentallorca.com\/blog\/wp-content\/uploads\/2025\/03\/rentallorca-logo-1-2.png\" class=\"attachment-large size-large wp-image-830\" alt=\"\" \/>\t\t\t\t\t\t\t\t<\/a>\n\t\t\t\t\t\t\t\t\t\t\t\t\t\t\t<\/div>\n\t\t\t\t<\/div>\n\t\t\t\t<\/div>\n\t\t<div class=\"elementor-element elementor-element-23f52a42 e-con-full e-flex e-con e-child\" data-id=\"23f52a42\" data-element_type=\"container\" data-e-type=\"container\">\n\t\t\t\t<\/div>\n\t\t\t\t<\/div>\n\t\t\t\t\t<\/div>\n\t\t\t\t<\/div>\n\t\t<div class=\"elementor-element elementor-element-177cd3f0 e-flex e-con-boxed e-con e-parent\" data-id=\"177cd3f0\" data-element_type=\"container\" data-e-type=\"container\">\n\t\t\t\t\t<div class=\"e-con-inner\">\n\t\t<div class=\"elementor-element elementor-element-62424c76 e-con-full e-flex e-con e-child\" data-id=\"62424c76\" data-element_type=\"container\" data-e-type=\"container\">\n\t\t<div class=\"elementor-element elementor-element-b1fd0d3 e-con-full e-flex e-con e-child\" data-id=\"b1fd0d3\" data-element_type=\"container\" data-e-type=\"container\">\n\t\t\t\t<div class=\"elementor-element elementor-element-705e5dba elementor-widget elementor-widget-spacer\" data-id=\"705e5dba\" data-element_type=\"widget\" data-e-type=\"widget\" data-widget_type=\"spacer.default\">\n\t\t\t\t<div class=\"elementor-widget-container\">\n\t\t\t\t\t\t\t<div class=\"elementor-spacer\">\n\t\t\t<div class=\"elementor-spacer-inner\"><\/div>\n\t\t<\/div>\n\t\t\t\t\t\t<\/div>\n\t\t\t\t<\/div>\n\t\t\t\t<div class=\"elementor-element elementor-element-1d8c14d3 elementor-widget elementor-widget-spacer\" data-id=\"1d8c14d3\" data-element_type=\"widget\" data-e-type=\"widget\" data-widget_type=\"spacer.default\">\n\t\t\t\t<div class=\"elementor-widget-container\">\n\t\t\t\t\t\t\t<div class=\"elementor-spacer\">\n\t\t\t<div class=\"elementor-spacer-inner\"><\/div>\n\t\t<\/div>\n\t\t\t\t\t\t<\/div>\n\t\t\t\t<\/div>\n\t\t\t\t<\/div>\n\t\t\t\t<div class=\"elementor-element elementor-element-7183b695 elementor-widget elementor-widget-heading\" data-id=\"7183b695\" data-element_type=\"widget\" data-e-type=\"widget\" id=\"ubicacion\" data-widget_type=\"heading.default\">\n\t\t\t\t<div class=\"elementor-widget-container\">\n\t\t\t\t\t<h2 class=\"elementor-heading-title elementor-size-default\">Wie kommt man mit dem Auto nach Mallorca?<\/h2>\t\t\t\t<\/div>\n\t\t\t\t<\/div>\n\t\t\t\t<\/div>\n\t\t<div class=\"elementor-element elementor-element-54a1c70c e-con-full e-flex e-con e-child\" data-id=\"54a1c70c\" data-element_type=\"container\" data-e-type=\"container\">\n\t\t\t\t<div class=\"elementor-element elementor-element-6f3a6fab elementor-widget elementor-widget-text-editor\" data-id=\"6f3a6fab\" data-element_type=\"widget\" data-e-type=\"widget\" data-widget_type=\"text-editor.default\">\n\t\t\t\t<div class=\"elementor-widget-container\">\n\t\t\t\t\t\t\t\t\t<p>Eine beliebte M\u00f6glichkeit f\u00fcr alle, die sich fragen, wie kommt man mit dem Auto nach Mallorca, ist die Anreise mit der F\u00e4hre und dem eigenen Fahrzeug. So bist du auf der Insel v\u00f6llig unabh\u00e4ngig und musst keinen Mietwagen buchen. Du f\u00e4hrst einfach zu einem der F\u00e4hrh\u00e4fen wie Barcelona, Valencia oder D\u00e9nia und nimmst dein Auto mit an Bord. Besonders bei l\u00e4ngeren Aufenthalten oder Reisen mit Familie ist das eine bequeme L\u00f6sung mit viel Gep\u00e4ckfreiheit.<\/p><h4>Mit dem Auto nach Mallorca F\u00e4hre\u200b<\/h4><p>Wenn du planst, mit dem Auto nach Mallorca F\u00e4hre zu fahren, hast du verschiedene Routen ab dem spanischen Festland zur Auswahl. Hier findest du eine \u00dcbersicht der wichtigsten Optionen, der Anbieter sowie eine grobe Preisspanne \u2013 abh\u00e4ngig von Saison und Fahrzeugtyp:<\/p>\t\t\t\t\t\t\t\t<\/div>\n\t\t\t\t<\/div>\n\t\t\t\t<\/div>\n\t\t<div class=\"elementor-element elementor-element-40c27f2b e-con-full e-flex e-con e-child\" data-id=\"40c27f2b\" data-element_type=\"container\" data-e-type=\"container\">\n\t\t\t\t<div class=\"elementor-element elementor-element-57dda9db elementor-widget elementor-widget-google_maps\" data-id=\"57dda9db\" data-element_type=\"widget\" data-e-type=\"widget\" data-widget_type=\"google_maps.default\">\n\t\t\t\t<div class=\"elementor-widget-container\">\n\t\t\t\t\t\t\t<div class=\"elementor-custom-embed\">\n\t\t\t<iframe loading=\"lazy\"\n\t\t\t\t\tsrc=\"https:\/\/maps.google.com\/maps?q=mallorca&#038;t=m&#038;z=8&#038;output=embed&#038;iwloc=near\"\n\t\t\t\t\ttitle=\"mallorca\"\n\t\t\t\t\taria-label=\"mallorca\"\n\t\t\t><\/iframe>\n\t\t<\/div>\n\t\t\t\t\t\t<\/div>\n\t\t\t\t<\/div>\n\t\t\t\t<\/div>\n\t\t<div class=\"elementor-element elementor-element-6d9dc530 e-con-full e-flex e-con e-child\" data-id=\"6d9dc530\" data-element_type=\"container\" data-e-type=\"container\">\n\t\t\t\t<div class=\"elementor-element elementor-element-2ba0cd0e e-n-tabs-mobile elementor-widget elementor-widget-n-tabs\" data-id=\"2ba0cd0e\" data-element_type=\"widget\" data-e-type=\"widget\" data-widget_type=\"nested-tabs.default\">\n\t\t\t\t<div class=\"elementor-widget-container\">\n\t\t\t\t\t\t\t<div class=\"e-n-tabs\" data-widget-number=\"731958542\" aria-label=\"Tabs. Open items with Enter or Space, close with Escape and navigate using the Arrow keys.\">\n\t\t\t<div class=\"e-n-tabs-heading\" role=\"tablist\">\n\t\t\t\t\t<button id=\"e-n-tab-title-7319585421\" data-tab-title-id=\"e-n-tab-title-7319585421\" class=\"e-n-tab-title\" aria-selected=\"true\" data-tab-index=\"1\" role=\"tab\" tabindex=\"0\" aria-controls=\"e-n-tab-content-7319585421\" style=\"--n-tabs-title-order: 1;\">\n\t\t\t\t\t\t<span class=\"e-n-tab-title-text\">\n\t\t\t\tF\u00e4hre Barcelona Mallorca mit Auto\t\t\t<\/span>\n\t\t<\/button>\n\t\t\t\t<button id=\"e-n-tab-title-7319585422\" data-tab-title-id=\"e-n-tab-title-7319585422\" class=\"e-n-tab-title\" aria-selected=\"false\" data-tab-index=\"2\" role=\"tab\" tabindex=\"-1\" aria-controls=\"e-n-tab-content-7319585422\" style=\"--n-tabs-title-order: 2;\">\n\t\t\t\t\t\t<span class=\"e-n-tab-title-text\">\n\t\t\t\tF\u00e4hre Valencia Mallorca mit Auto\t\t\t<\/span>\n\t\t<\/button>\n\t\t\t\t<button id=\"e-n-tab-title-7319585423\" data-tab-title-id=\"e-n-tab-title-7319585423\" class=\"e-n-tab-title\" aria-selected=\"false\" data-tab-index=\"3\" role=\"tab\" tabindex=\"-1\" aria-controls=\"e-n-tab-content-7319585423\" style=\"--n-tabs-title-order: 3;\">\n\t\t\t\t\t\t<span class=\"e-n-tab-title-text\">\n\t\t\t\tF\u00e4hre D\u00e9nia Mallorca mit Auto\t\t\t<\/span>\n\t\t<\/button>\n\t\t\t\t\t<\/div>\n\t\t\t<div class=\"e-n-tabs-content\">\n\t\t\t\t<div id=\"e-n-tab-content-7319585421\" role=\"tabpanel\" aria-labelledby=\"e-n-tab-title-7319585421\" data-tab-index=\"1\" style=\"--n-tabs-title-order: 1;\" class=\"e-active elementor-element elementor-element-261392fe e-con-full e-flex e-con e-child\" data-id=\"261392fe\" data-element_type=\"container\" data-e-type=\"container\">\n\t\t\t\t<div class=\"elementor-element elementor-element-59ceba4d elementor-widget elementor-widget-text-editor\" data-id=\"59ceba4d\" data-element_type=\"widget\" data-e-type=\"widget\" data-widget_type=\"text-editor.default\">\n\t\t\t\t<div class=\"elementor-widget-container\">\n\t\t\t\t\t\t\t\t\t<div class=\"flex max-w-full flex-col flex-grow\"><div class=\"min-h-8 text-message flex w-full flex-col items-end gap-2 whitespace-normal break-words text-start [.text-message+&amp;]:mt-5\" dir=\"auto\" data-message-author-role=\"assistant\" data-message-id=\"7fad6167-e3e6-4ddb-9ca9-73cb1fc35b73\" data-message-model-slug=\"gpt-4o\"><div class=\"flex w-full flex-col gap-1 empty:hidden first:pt-[3px]\"><div class=\"markdown prose w-full break-words dark:prose-invert light\"><p>Betrieben von Balearia, Trasmed und Grimaldi Lines. Fahrzeit ca. 7\u20138 Stunden. Preise: ab etwa 70\u202f\u20ac bis \u00fcber 200\u202f\u20ac pro Strecke, je nach Saison und Kabinenwahl.<\/p><\/div><\/div><\/div><\/div>\t\t\t\t\t\t\t\t<\/div>\n\t\t\t\t<\/div>\n\t\t\t\t<\/div>\n\t\t<div id=\"e-n-tab-content-7319585422\" role=\"tabpanel\" aria-labelledby=\"e-n-tab-title-7319585422\" data-tab-index=\"2\" style=\"--n-tabs-title-order: 2;\" class=\" elementor-element elementor-element-6e105292 e-con-full e-flex e-con e-child\" data-id=\"6e105292\" data-element_type=\"container\" data-e-type=\"container\">\n\t\t\t\t<div class=\"elementor-element elementor-element-23cbd4aa elementor-widget elementor-widget-text-editor\" data-id=\"23cbd4aa\" data-element_type=\"widget\" data-e-type=\"widget\" data-widget_type=\"text-editor.default\">\n\t\t\t\t<div class=\"elementor-widget-container\">\n\t\t\t\t\t\t\t\t\t<p>Angeboten von Balearia und Trasmed. Dauer: ca. 7 Stunden. Die Preise \u00e4hneln denen der Route ab Barcelona.<\/p>\t\t\t\t\t\t\t\t<\/div>\n\t\t\t\t<\/div>\n\t\t\t\t<\/div>\n\t\t<div id=\"e-n-tab-content-7319585423\" role=\"tabpanel\" aria-labelledby=\"e-n-tab-title-7319585423\" data-tab-index=\"3\" style=\"--n-tabs-title-order: 3;\" class=\" elementor-element elementor-element-1270cd2e e-con-full e-flex e-con e-child\" data-id=\"1270cd2e\" data-element_type=\"container\" data-e-type=\"container\">\n\t\t\t\t<div class=\"elementor-element elementor-element-7934f701 elementor-widget elementor-widget-text-editor\" data-id=\"7934f701\" data-element_type=\"widget\" data-e-type=\"widget\" data-widget_type=\"text-editor.default\">\n\t\t\t\t<div class=\"elementor-widget-container\">\n\t\t\t\t\t\t\t\t\t<p>Weniger h\u00e4ufig, aber ideal f\u00fcr Reisende aus dem S\u00fcden Spaniens. Betreiber: Balearia. K\u00fcrzere \u00dcberfahrt, aber mit begrenzten Abfahrtszeiten. Preise ab ca. 60\u202f\u20ac.<\/p>\t\t\t\t\t\t\t\t<\/div>\n\t\t\t\t<\/div>\n\t\t\t\t<\/div>\n\t\t\t\t\t<\/div>\n\t\t<\/div>\n\t\t\t\t\t\t<\/div>\n\t\t\t\t<\/div>\n\t\t\t\t<\/div>\n\t\t<div class=\"elementor-element elementor-element-7a0dbdb0 e-con-full e-flex e-con e-child\" data-id=\"7a0dbdb0\" data-element_type=\"container\" data-e-type=\"container\">\n\t\t\t\t<div class=\"elementor-element elementor-element-689d2414 elementor-widget elementor-widget-spacer\" data-id=\"689d2414\" data-element_type=\"widget\" data-e-type=\"widget\" data-widget_type=\"spacer.default\">\n\t\t\t\t<div class=\"elementor-widget-container\">\n\t\t\t\t\t\t\t<div class=\"elementor-spacer\">\n\t\t\t<div class=\"elementor-spacer-inner\"><\/div>\n\t\t<\/div>\n\t\t\t\t\t\t<\/div>\n\t\t\t\t<\/div>\n\t\t\t\t<div class=\"elementor-element elementor-element-7bed1835 elementor-widget elementor-widget-spacer\" data-id=\"7bed1835\" data-element_type=\"widget\" data-e-type=\"widget\" data-widget_type=\"spacer.default\">\n\t\t\t\t<div class=\"elementor-widget-container\">\n\t\t\t\t\t\t\t<div class=\"elementor-spacer\">\n\t\t\t<div class=\"elementor-spacer-inner\"><\/div>\n\t\t<\/div>\n\t\t\t\t\t\t<\/div>\n\t\t\t\t<\/div>\n\t\t\t\t<\/div>\n\t\t\t\t\t<\/div>\n\t\t\t\t<\/div>\n\t\t<div class=\"elementor-element elementor-element-73937ba8 e-flex e-con-boxed e-con e-parent\" data-id=\"73937ba8\" data-element_type=\"container\" data-e-type=\"container\">\n\t\t\t\t\t<div class=\"e-con-inner\">\n\t\t\t\t<div class=\"elementor-element elementor-element-3478c1a4 elementor-widget elementor-widget-image\" data-id=\"3478c1a4\" data-element_type=\"widget\" data-e-type=\"widget\" data-widget_type=\"image.default\">\n\t\t\t\t<div class=\"elementor-widget-container\">\n\t\t\t\t\t\t\t\t\t\t\t\t\t\t\t<img loading=\"lazy\" decoding=\"async\" width=\"1920\" height=\"744\" src=\"https:\/\/rentallorca.com\/blog\/wp-content\/uploads\/2025\/04\/exploring-mallorca-by-car\u200b-7.webp\" class=\"attachment-full size-full wp-image-1201\" alt=\"exploring mallorca by car\u200b\" srcset=\"https:\/\/rentallorca.com\/blog\/wp-content\/uploads\/2025\/04\/exploring-mallorca-by-car\u200b-7.webp 1920w, https:\/\/rentallorca.com\/blog\/wp-content\/uploads\/2025\/04\/exploring-mallorca-by-car\u200b-7-300x116.webp 300w, https:\/\/rentallorca.com\/blog\/wp-content\/uploads\/2025\/04\/exploring-mallorca-by-car\u200b-7-1024x397.webp 1024w, https:\/\/rentallorca.com\/blog\/wp-content\/uploads\/2025\/04\/exploring-mallorca-by-car\u200b-7-768x298.webp 768w, https:\/\/rentallorca.com\/blog\/wp-content\/uploads\/2025\/04\/exploring-mallorca-by-car\u200b-7-1536x595.webp 1536w\" sizes=\"(max-width: 1920px) 100vw, 1920px\" \/>\t\t\t\t\t\t\t\t\t\t\t\t\t\t\t<\/div>\n\t\t\t\t<\/div>\n\t\t\t\t\t<\/div>\n\t\t\t\t<\/div>\n\t\t<div class=\"elementor-element elementor-element-69e1fe6d e-flex e-con-boxed e-con e-parent\" data-id=\"69e1fe6d\" data-element_type=\"container\" data-e-type=\"container\">\n\t\t\t\t\t<div class=\"e-con-inner\">\n\t\t<div class=\"elementor-element elementor-element-735a0d3a e-con-full e-flex e-con e-child\" data-id=\"735a0d3a\" data-element_type=\"container\" data-e-type=\"container\">\n\t\t\t\t<div class=\"elementor-element elementor-element-7e1fba elementor-widget elementor-widget-spacer\" data-id=\"7e1fba\" data-element_type=\"widget\" data-e-type=\"widget\" data-widget_type=\"spacer.default\">\n\t\t\t\t<div class=\"elementor-widget-container\">\n\t\t\t\t\t\t\t<div class=\"elementor-spacer\">\n\t\t\t<div class=\"elementor-spacer-inner\"><\/div>\n\t\t<\/div>\n\t\t\t\t\t\t<\/div>\n\t\t\t\t<\/div>\n\t\t\t\t<div class=\"elementor-element elementor-element-f14a4ac elementor-widget elementor-widget-spacer\" data-id=\"f14a4ac\" data-element_type=\"widget\" data-e-type=\"widget\" data-widget_type=\"spacer.default\">\n\t\t\t\t<div class=\"elementor-widget-container\">\n\t\t\t\t\t\t\t<div class=\"elementor-spacer\">\n\t\t\t<div class=\"elementor-spacer-inner\"><\/div>\n\t\t<\/div>\n\t\t\t\t\t\t<\/div>\n\t\t\t\t<\/div>\n\t\t\t\t<\/div>\n\t\t\t\t\t<\/div>\n\t\t\t\t<\/div>\n\t\t<div class=\"elementor-element elementor-element-764388de e-flex e-con-boxed e-con e-parent\" data-id=\"764388de\" data-element_type=\"container\" data-e-type=\"container\" id=\"alojamiento\">\n\t\t\t\t\t<div class=\"e-con-inner\">\n\t\t\t\t<div class=\"elementor-element elementor-element-2ec3f1e9 elementor-widget elementor-widget-heading\" data-id=\"2ec3f1e9\" data-element_type=\"widget\" data-e-type=\"widget\" id=\"alojamiento\" data-widget_type=\"heading.default\">\n\t\t\t\t<div class=\"elementor-widget-container\">\n\t\t\t\t\t<h2 class=\"elementor-heading-title elementor-size-default\">Der beste Ort f\u00fcr einen Aufenthalt auf Mallorca mit dem Auto<\/h2>\t\t\t\t<\/div>\n\t\t\t\t<\/div>\n\t\t\t\t\t<\/div>\n\t\t\t\t<\/div>\n\t\t<div class=\"elementor-element elementor-element-77ffdae3 e-flex e-con-boxed e-con e-parent\" data-id=\"77ffdae3\" data-element_type=\"container\" data-e-type=\"container\">\n\t\t\t\t\t<div class=\"e-con-inner\">\n\t\t<div class=\"elementor-element elementor-element-7df60e30 e-con-full e-flex e-con e-child\" data-id=\"7df60e30\" data-element_type=\"container\" data-e-type=\"container\">\n\t\t\t\t<div class=\"elementor-element elementor-element-33a60b52 elementor-widget elementor-widget-text-editor\" data-id=\"33a60b52\" data-element_type=\"widget\" data-e-type=\"widget\" data-widget_type=\"text-editor.default\">\n\t\t\t\t<div class=\"elementor-widget-container\">\n\t\t\t\t\t\t\t\t\t<p>Wenn du Mallorca mit dem Auto bereisen m\u00f6chtest, ist eine Unterkunft im Inneren der Insel eine ideale Wahl. Du findest bessere Preise und gr\u00f6\u00dfere Ferienwohnungen, wie Villen mit Pool oder charmante Landh\u00e4user. Zudem kannst du im Norden der Insel, besonders in weniger touristischen Gegenden, mehr Ruhe genie\u00dfen, da viele Touristen ohne Auto dort nicht hinkommen.<\/p><p>Die Unterk\u00fcnfte von Rentallorca sind perfekt, um stressfrei zu erkunden und gleichzeitig einfachen Zugang zu allen Ecken Mallorcas zu haben. Buche jetzt zum besten Preis!<\/p>\t\t\t\t\t\t\t\t<\/div>\n\t\t\t\t<\/div>\n\t\t\t\t<\/div>\n\t\t\t\t\t<\/div>\n\t\t\t\t<\/div>\n\t\t<div class=\"elementor-element elementor-element-5b6d0253 e-flex e-con-boxed e-con e-parent\" data-id=\"5b6d0253\" data-element_type=\"container\" data-e-type=\"container\">\n\t\t\t\t\t<div class=\"e-con-inner\">\n\t\t\t\t<div class=\"elementor-element elementor-element-52cd03c1 elementor-widget elementor-widget-grid\" data-id=\"52cd03c1\" data-element_type=\"widget\" data-e-type=\"widget\" data-widget_type=\"grid.default\">\n\t\t\t\t<div class=\"elementor-widget-container\">\n\t\t\t\t\t\t\t<div class=\"its--row alojamientos-recomendados\">\n\n\t\t\t<div class=\"alojamientos-recomendados-container\">\n\n\t\t\t\t\t\n\t\t\t\t\t<a href=\"https:\/\/rentallorca.com\/de\/vermietung\/finca-manacor-a0031-finca-can-corem-441538.html\" rel=\"nofollow\" style=\"width: 23%;\">\n\t\t\t\t\t\t<div class=\"apartamento-box\">\n\t\t\t\t\t\t\t<div class=\"imagen_recomendados\">\n\t\t\t\t\t\t\t\t<img decoding=\"async\" src=\"https:\/\/crs.avantio.com\/fotos\/2\/1691579162293500bd4f4a79635b4859fdcdb3d86e\/big16915791686053499c6ddb0afea1406d607808524b.jpg\" alt=\"Can Corem by Rentallorca\">\n\t\t\t\t\t\t\t<\/div>\n\t\t\t\t\t\t\t<div class=\"info\">\n\t\t\t\t\t\t\t\t<div class=\"ubicacion\">\n\t\t\t\t\t\t\t\t\t<i class=\"fa-solid fa-location-dot icono-mapa\"><\/i><span class=\"ubicacion-texto\">Manacor - Mallorca<\/span>\n\t\t\t\t\t\t\t\t<\/div>\n\t\t\t\t\t\t\t\t<H4 class=\"titulo-alojamiento\">\n\t\t\t\t\t\t\t\t\tCan Corem by Rentallorca\t\t\t\t\t\t\t\t<\/H4>\n\t\t\t\t\t\t\t\t<p class=\"precio-alojamiento\">Aus <span class=\"precio\">506.16\u20ac<\/span> pro Nacht<\/p>\n\t\t\t\t\t\t\t<\/div>\n\t\t\t\t\t\t<\/div>\n\t\t\t\t\t<\/a> \n\t\t\t\t\t\t\n\t\t\t\t\t<a href=\"https:\/\/rentallorca.com\/de\/vermietung\/finca-manacor-c0009-finca-es-collet-441559.html\" rel=\"nofollow\" style=\"width: 23%;\">\n\t\t\t\t\t\t<div class=\"apartamento-box\">\n\t\t\t\t\t\t\t<div class=\"imagen_recomendados\">\n\t\t\t\t\t\t\t\t<img decoding=\"async\" src=\"https:\/\/crs.avantio.com\/fotos\/2\/1691578699e086781a16273ea15400b16fc3894b74\/big1691578702f9bc6505d7ae705315a07270cc57f972.jpg\" alt=\"Es Collet by Rentallorca\">\n\t\t\t\t\t\t\t<\/div>\n\t\t\t\t\t\t\t<div class=\"info\">\n\t\t\t\t\t\t\t\t<div class=\"ubicacion\">\n\t\t\t\t\t\t\t\t\t<i class=\"fa-solid fa-location-dot icono-mapa\"><\/i><span class=\"ubicacion-texto\">Manacor - Mallorca<\/span>\n\t\t\t\t\t\t\t\t<\/div>\n\t\t\t\t\t\t\t\t<H4 class=\"titulo-alojamiento\">\n\t\t\t\t\t\t\t\t\tEs Collet by Rentallorca\t\t\t\t\t\t\t\t<\/H4>\n\t\t\t\t\t\t\t\t<p class=\"precio-alojamiento\">Aus <span class=\"precio\">307.80\u20ac<\/span> pro Nacht<\/p>\n\t\t\t\t\t\t\t<\/div>\n\t\t\t\t\t\t<\/div>\n\t\t\t\t\t<\/a> \n\t\t\t\t\t\t\n\t\t\t\t\t<a href=\"https:\/\/rentallorca.com\/de\/vermietung\/finca-manacor-c0008-finca-llum-441562.html\" rel=\"nofollow\" style=\"width: 23%;\">\n\t\t\t\t\t\t<div class=\"apartamento-box\">\n\t\t\t\t\t\t\t<div class=\"imagen_recomendados\">\n\t\t\t\t\t\t\t\t<img decoding=\"async\" src=\"https:\/\/crs.avantio.com\/fotos\/2\/16915789705eec049078e86110f0eef261ea33dd5c\/big1691578974164840e7a9d2601549b51ea326116e49.jpg\" alt=\"Finca Llum by Rentallorca\">\n\t\t\t\t\t\t\t<\/div>\n\t\t\t\t\t\t\t<div class=\"info\">\n\t\t\t\t\t\t\t\t<div class=\"ubicacion\">\n\t\t\t\t\t\t\t\t\t<i class=\"fa-solid fa-location-dot icono-mapa\"><\/i><span class=\"ubicacion-texto\">Manacor - Mallorca<\/span>\n\t\t\t\t\t\t\t\t<\/div>\n\t\t\t\t\t\t\t\t<H4 class=\"titulo-alojamiento\">\n\t\t\t\t\t\t\t\t\tFinca Llum by Rentallorca\t\t\t\t\t\t\t\t<\/H4>\n\t\t\t\t\t\t\t\t<p class=\"precio-alojamiento\">Aus <span class=\"precio\">296.40\u20ac<\/span> pro Nacht<\/p>\n\t\t\t\t\t\t\t<\/div>\n\t\t\t\t\t\t<\/div>\n\t\t\t\t\t<\/a> \n\t\t\t\t\t\t\n\t\t\t\t\t<a href=\"https:\/\/rentallorca.com\/de\/vermietung\/finca-manacor-a0003-can-garbeta-441639.html\" rel=\"nofollow\" style=\"width: 23%;\">\n\t\t\t\t\t\t<div class=\"apartamento-box\">\n\t\t\t\t\t\t\t<div class=\"imagen_recomendados\">\n\t\t\t\t\t\t\t\t<img decoding=\"async\" src=\"https:\/\/crs.avantio.com\/fotos\/2\/169158388153c5af17f8cdb4a3e6fef29fafcd0835\/big16915838835f340ab45f2963be631d40e602c45428.jpg\" alt=\"Can Garbeta by Rentallorca\">\n\t\t\t\t\t\t\t<\/div>\n\t\t\t\t\t\t\t<div class=\"info\">\n\t\t\t\t\t\t\t\t<div class=\"ubicacion\">\n\t\t\t\t\t\t\t\t\t<i class=\"fa-solid fa-location-dot icono-mapa\"><\/i><span class=\"ubicacion-texto\">Manacor - Mallorca<\/span>\n\t\t\t\t\t\t\t\t<\/div>\n\t\t\t\t\t\t\t\t<H4 class=\"titulo-alojamiento\">\n\t\t\t\t\t\t\t\t\tCan Garbeta by Rentallorca\t\t\t\t\t\t\t\t<\/H4>\n\t\t\t\t\t\t\t\t<p class=\"precio-alojamiento\">Aus <span class=\"precio\">84.36\u20ac<\/span> pro Nacht<\/p>\n\t\t\t\t\t\t\t<\/div>\n\t\t\t\t\t\t<\/div>\n\t\t\t\t\t<\/a> \n\t\t\t\t\t\t\t\t<\/div>\n\t\t\t<\/div>\n\t\t\t\t\t\t<\/div>\n\t\t\t\t<\/div>\n\t\t\t\t\t<\/div>\n\t\t\t\t<\/div>\n\t\t<div class=\"elementor-element elementor-element-bb401d3 e-flex e-con-boxed e-con e-parent\" data-id=\"bb401d3\" data-element_type=\"container\" data-e-type=\"container\">\n\t\t\t\t\t<div class=\"e-con-inner\">\n\t\t<div class=\"elementor-element elementor-element-262979df e-con-full e-flex e-con e-child\" data-id=\"262979df\" data-element_type=\"container\" data-e-type=\"container\">\n\t\t\t\t<div class=\"elementor-element elementor-element-47f7c691 elementor-widget elementor-widget-spacer\" data-id=\"47f7c691\" data-element_type=\"widget\" data-e-type=\"widget\" data-widget_type=\"spacer.default\">\n\t\t\t\t<div class=\"elementor-widget-container\">\n\t\t\t\t\t\t\t<div class=\"elementor-spacer\">\n\t\t\t<div class=\"elementor-spacer-inner\"><\/div>\n\t\t<\/div>\n\t\t\t\t\t\t<\/div>\n\t\t\t\t<\/div>\n\t\t\t\t<div class=\"elementor-element elementor-element-7f61ad3f elementor-widget elementor-widget-heading\" data-id=\"7f61ad3f\" data-element_type=\"widget\" data-e-type=\"widget\" id=\"lugares-alcudia\" data-widget_type=\"heading.default\">\n\t\t\t\t<div class=\"elementor-widget-container\">\n\t\t\t\t\t<h2 class=\"elementor-heading-title elementor-size-default\">Ausfl\u00fcge mit dem Auto auf Mallorca<\/h2>\t\t\t\t<\/div>\n\t\t\t\t<\/div>\n\t\t\t\t<div class=\"elementor-element elementor-element-521d0290 elementor-vertical-align-middle elementor-widget elementor-widget-image-box\" data-id=\"521d0290\" data-element_type=\"widget\" data-e-type=\"widget\" data-widget_type=\"image-box.default\">\n\t\t\t\t<div class=\"elementor-widget-container\">\n\t\t\t\t\t<div class=\"elementor-image-box-wrapper\"><div class=\"elementor-image-box-content\"><p class=\"elementor-image-box-description\">Routen auf Mallorca mit dem Auto zu fahren ist ohne Zweifel die beste M\u00f6glichkeit, die charmanten D\u00f6rfer zu entdecken, beeindruckende H\u00f6hlen zu besuchen und wenig frequentierte Wanderwege zu erkunden. Mit dem Auto kannst du dich frei bewegen und versteckte Ecken der Insel entdecken. Au\u00dferdem ist es perfekt, um die lokale Gastronomie und die nat\u00fcrliche Sch\u00f6nheit in Ruhe zu genie\u00dfen \u2013 eine der besten Ausfl\u00fcge mit dem Auto auf Mallorca.<\/p><\/div><\/div>\t\t\t\t<\/div>\n\t\t\t\t<\/div>\n\t\t\t\t<\/div>\n\t\t<div class=\"elementor-element elementor-element-6685f7b e-con-full e-flex e-con e-child\" data-id=\"6685f7b\" data-element_type=\"container\" data-e-type=\"container\">\n\t\t\t\t<div class=\"elementor-element elementor-element-249913f elementor-widget elementor-widget-spacer\" data-id=\"249913f\" data-element_type=\"widget\" data-e-type=\"widget\" data-widget_type=\"spacer.default\">\n\t\t\t\t<div class=\"elementor-widget-container\">\n\t\t\t\t\t\t\t<div class=\"elementor-spacer\">\n\t\t\t<div class=\"elementor-spacer-inner\"><\/div>\n\t\t<\/div>\n\t\t\t\t\t\t<\/div>\n\t\t\t\t<\/div>\n\t\t\t\t<div class=\"elementor-element elementor-element-63009d8f elementor-position-left elementor-vertical-align-middle elementor-widget elementor-widget-image-box\" data-id=\"63009d8f\" data-element_type=\"widget\" data-e-type=\"widget\" data-widget_type=\"image-box.default\">\n\t\t\t\t<div class=\"elementor-widget-container\">\n\t\t\t\t\t<div class=\"elementor-image-box-wrapper\"><figure class=\"elementor-image-box-img\"><img loading=\"lazy\" decoding=\"async\" width=\"600\" height=\"400\" src=\"https:\/\/rentallorca.com\/blog\/wp-content\/uploads\/2025\/04\/exploring-mallorca-by-car\u200b-1.webp\" class=\"attachment-full size-full wp-image-1203\" alt=\"exploring mallorca by car\u200b\" srcset=\"https:\/\/rentallorca.com\/blog\/wp-content\/uploads\/2025\/04\/exploring-mallorca-by-car\u200b-1.webp 600w, https:\/\/rentallorca.com\/blog\/wp-content\/uploads\/2025\/04\/exploring-mallorca-by-car\u200b-1-300x200.webp 300w\" sizes=\"(max-width: 600px) 100vw, 600px\" \/><\/figure><div class=\"elementor-image-box-content\"><h3 class=\"elementor-image-box-title\">Route der Leuchtt\u00fcrme<\/h3><p class=\"elementor-image-box-description\">Erkunde die bekanntesten Leuchtt\u00fcrme Mallorcas, wie den von Formentor oder den von Cap de Ses Salines, und verpasse nicht die beeindruckenden Sehensw\u00fcrdigkeiten Mallorca mit dem Auto, die spektakul\u00e4re Ausblicke bieten. Trage bequeme Kleidung und Sonnencreme, da einige Routen lang und der Sonne ausgesetzt sind. Wenn du noch magischere Landschaften erleben m\u00f6chtest, informiere dich \u00fcber <a><b>die besten Sonnenunterg\u00e4nge<\/b><\/a>, die du auf Mallorca genie\u00dfen kannst.the best places to watch the sunset in Mallorca<\/b><\/a>.<\/p><\/div><\/div>\t\t\t\t<\/div>\n\t\t\t\t<\/div>\n\t\t\t\t<\/div>\n\t\t<div class=\"elementor-element elementor-element-3b358db0 e-con-full e-flex e-con e-child\" data-id=\"3b358db0\" data-element_type=\"container\" data-e-type=\"container\">\n\t\t\t\t<div class=\"elementor-element elementor-element-553b4707 elementor-position-left elementor-vertical-align-middle elementor-position-top elementor-widget elementor-widget-image-box\" data-id=\"553b4707\" data-element_type=\"widget\" data-e-type=\"widget\" data-widget_type=\"image-box.default\">\n\t\t\t\t<div class=\"elementor-widget-container\">\n\t\t\t\t\t<div class=\"elementor-image-box-wrapper\"><figure class=\"elementor-image-box-img\"><img loading=\"lazy\" decoding=\"async\" width=\"400\" height=\"500\" src=\"https:\/\/rentallorca.com\/blog\/wp-content\/uploads\/2025\/04\/exploring-mallorca-by-car\u200b-6.webp\" class=\"attachment-full size-full wp-image-1197\" alt=\"exploring mallorca by car\u200b\" srcset=\"https:\/\/rentallorca.com\/blog\/wp-content\/uploads\/2025\/04\/exploring-mallorca-by-car\u200b-6.webp 400w, https:\/\/rentallorca.com\/blog\/wp-content\/uploads\/2025\/04\/exploring-mallorca-by-car\u200b-6-240x300.webp 240w\" sizes=\"(max-width: 400px) 100vw, 400px\" \/><\/figure><div class=\"elementor-image-box-content\"><h3 class=\"elementor-image-box-title\">Route der Wanderwege der Serra de Tramuntana<\/h3><p class=\"elementor-image-box-description\">Genie\u00dfen Sie die atemberaubende Berglandschaft der Mallorca Berge mit Auto und entdecken Sie dabei die Wanderwege der Serra de Tramuntana. Achten Sie jedoch darauf, geeignete Wanderschuhe zu tragen, da einige Wege erhebliche Steigungen aufweisen.<\/p><\/div><\/div>\t\t\t\t<\/div>\n\t\t\t\t<\/div>\n\t\t\t\t<\/div>\n\t\t<div class=\"elementor-element elementor-element-15a3d43a e-con-full e-flex e-con e-child\" data-id=\"15a3d43a\" data-element_type=\"container\" data-e-type=\"container\">\n\t\t\t\t<div class=\"elementor-element elementor-element-2b84baa3 elementor-position-left elementor-vertical-align-middle elementor-widget elementor-widget-image-box\" data-id=\"2b84baa3\" data-element_type=\"widget\" data-e-type=\"widget\" data-widget_type=\"image-box.default\">\n\t\t\t\t<div class=\"elementor-widget-container\">\n\t\t\t\t\t<div class=\"elementor-image-box-wrapper\"><figure class=\"elementor-image-box-img\"><img loading=\"lazy\" decoding=\"async\" width=\"400\" height=\"500\" src=\"https:\/\/rentallorca.com\/blog\/wp-content\/uploads\/2025\/04\/exploring-mallorca-by-car\u200b-5.webp\" class=\"attachment-full size-full wp-image-1194\" alt=\"exploring mallorca by car\u200b\" srcset=\"https:\/\/rentallorca.com\/blog\/wp-content\/uploads\/2025\/04\/exploring-mallorca-by-car\u200b-5.webp 400w, https:\/\/rentallorca.com\/blog\/wp-content\/uploads\/2025\/04\/exploring-mallorca-by-car\u200b-5-240x300.webp 240w\" sizes=\"(max-width: 400px) 100vw, 400px\" \/><\/figure><div class=\"elementor-image-box-content\"><h3 class=\"elementor-image-box-title\">Route der Buchten und Str\u00e4nde des Ostens<\/h3><p class=\"elementor-image-box-description\">Besuchen Sie die ruhigeren Buchten im Osten Mallorcas, wie Cala Llombards und Cala Figuera, und genie\u00dfen Sie unterwegs die Aussichtspunkte Mallorca Auto, um atemberaubende Ausblicke zu erleben. Versuchen Sie, fr\u00fch anzukommen, um den Menschenmassen zu entgehen, insbesondere w\u00e4hrend der Hochsaison.<\/p><\/div><\/div>\t\t\t\t<\/div>\n\t\t\t\t<\/div>\n\t\t\t\t<\/div>\n\t\t<div class=\"elementor-element elementor-element-15eca54d e-con-full e-flex e-con e-child\" data-id=\"15eca54d\" data-element_type=\"container\" data-e-type=\"container\">\n\t\t\t\t<div class=\"elementor-element elementor-element-ea05b07 elementor-position-left elementor-vertical-align-middle elementor-widget elementor-widget-image-box\" data-id=\"ea05b07\" data-element_type=\"widget\" data-e-type=\"widget\" data-widget_type=\"image-box.default\">\n\t\t\t\t<div class=\"elementor-widget-container\">\n\t\t\t\t\t<div class=\"elementor-image-box-wrapper\"><figure class=\"elementor-image-box-img\"><img loading=\"lazy\" decoding=\"async\" width=\"600\" height=\"400\" src=\"https:\/\/rentallorca.com\/blog\/wp-content\/uploads\/2025\/04\/exploring-mallorca-by-car\u200b-2.webp\" class=\"attachment-full size-full wp-image-1185\" alt=\"exploring mallorca by car\u200b\" srcset=\"https:\/\/rentallorca.com\/blog\/wp-content\/uploads\/2025\/04\/exploring-mallorca-by-car\u200b-2.webp 600w, https:\/\/rentallorca.com\/blog\/wp-content\/uploads\/2025\/04\/exploring-mallorca-by-car\u200b-2-300x200.webp 300w\" sizes=\"(max-width: 600px) 100vw, 600px\" \/><\/figure><div class=\"elementor-image-box-content\"><h3 class=\"elementor-image-box-title\">Weinroute in Binissalem<\/h3><p class=\"elementor-image-box-description\">Die Weing\u00fcter geh\u00f6ren zu den Sehensw\u00fcrdigkeiten Mallorca mit dem Auto, die du nicht verpassen solltest. Fahre durch die Weinregionen von Binissalem, einer der bedeutendsten Weinbaugebiete Mallorcas. Nutze die Gelegenheit, familiengef\u00fchrte Weing\u00fcter zu besuchen, die oft pers\u00f6nlichere und authentischere Verkostungen anbieten. Au\u00dferdem kannst du einige der <a><b>sch\u00f6nsten D\u00f6rfer Mallorcas<\/b><\/a>. entdecken, wo du die lokale Architektur und die Ruhe des l\u00e4ndlichen Raums genie\u00dfen kannst.<\/p><\/div><\/div>\t\t\t\t<\/div>\n\t\t\t\t<\/div>\n\t\t\t\t<\/div>\n\t\t\t\t\t<\/div>\n\t\t\t\t<\/div>\n\t\t<div class=\"elementor-element elementor-element-228feb4 e-flex e-con-boxed e-con e-parent\" data-id=\"228feb4\" data-element_type=\"container\" data-e-type=\"container\">\n\t\t\t\t\t<div class=\"e-con-inner\">\n\t\t<div class=\"elementor-element elementor-element-31b80f28 e-con-full e-flex e-con e-child\" data-id=\"31b80f28\" data-element_type=\"container\" data-e-type=\"container\">\n\t\t\t\t<div class=\"elementor-element elementor-element-223c2e27 elementor-widget elementor-widget-heading\" data-id=\"223c2e27\" data-element_type=\"widget\" data-e-type=\"widget\" id=\"coches\" data-widget_type=\"heading.default\">\n\t\t\t\t<div class=\"elementor-widget-container\">\n\t\t\t\t\t<h2 class=\"elementor-heading-title elementor-size-default\">Wo kann man auf Mallorca ein Auto mieten?\n<\/h2>\t\t\t\t<\/div>\n\t\t\t\t<\/div>\n\t\t\t\t<div class=\"elementor-element elementor-element-230ef4e7 elementor-widget elementor-widget-text-editor\" data-id=\"230ef4e7\" data-element_type=\"widget\" data-e-type=\"widget\" data-widget_type=\"text-editor.default\">\n\t\t\t\t<div class=\"elementor-widget-container\">\n\t\t\t\t\t\t\t\t\t<div class=\"flex max-w-full flex-col flex-grow\"><div class=\"min-h-8 text-message flex w-full flex-col items-end gap-2 whitespace-normal break-words text-start [.text-message+&amp;]:mt-5\" dir=\"auto\" data-message-author-role=\"assistant\" data-message-id=\"80c2ca0a-b9c8-4f9d-a23f-a7b399a76efa\" data-message-model-slug=\"gpt-4o\"><div class=\"flex w-full flex-col gap-1 empty:hidden first:pt-[3px]\"><div class=\"markdown prose w-full break-words dark:prose-invert light\"><div class=\"flex-1 overflow-hidden @container\/thread translate-y-[1.5rem] -mt-[1.5rem] pb-[1.5rem]\"><div class=\"h-full\"><div class=\"react-scroll-to-bottom--css-isaco-79elbk h-full\"><div class=\"react-scroll-to-bottom--css-isaco-1n7m0yu\"><div class=\"flex flex-col text-sm md:pb-9\"><article class=\"w-full text-token-text-primary focus-visible:outline-2 focus-visible:outline-offset-[-4px]\" dir=\"auto\" data-testid=\"conversation-turn-19\" data-scroll-anchor=\"true\"><div class=\"m-auto text-base py-[18px] px-6\"><div class=\"mx-auto flex flex-1 gap-4 text-base md:gap-5 lg:gap-6 md:max-w-3xl lg:max-w-[40rem] xl:max-w-[48rem]\"><div class=\"group\/conversation-turn relative flex w-full min-w-0 flex-col agent-turn @xs\/thread:px-0 @sm\/thread:px-1.5 @md\/thread:px-4\"><div class=\"flex-col gap-1 md:gap-3\"><div class=\"flex max-w-full flex-col flex-grow\"><div class=\"min-h-8 text-message flex w-full flex-col items-end gap-2 whitespace-normal break-words text-start [.text-message+&amp;]:mt-5\" dir=\"auto\" data-message-author-role=\"assistant\" data-message-id=\"a45f8cc3-b46b-458d-8a45-698616abe072\" data-message-model-slug=\"gpt-4o\"><div class=\"flex w-full flex-col gap-1 empty:hidden first:pt-[3px]\"><div class=\"markdown prose w-full break-words dark:prose-invert light\"><p>Wenn du dich fragst, wie man ein Auto auf Mallorca mietet, findest du verschiedene Optionen an wichtigen Orten wie dem Flughafen Palma, der Stadt Palma und weiteren strategischen Punkten wie Alc\u00fadia. Vergleiche die Preise und Mietbedingungen, um sicherzustellen, dass du die beste Option findest und die Insel mit v\u00f6lliger Freiheit genie\u00dfen kannst.<\/p><h4><strong>Autovermietungen auf Mallorca<\/strong><\/h4><p>An diesen Standorten findest du sowohl gro\u00dfe internationale Unternehmen als auch lokale Firmen, die Fahrzeuge f\u00fcr alle Geschm\u00e4cker und Bed\u00fcrfnisse anbieten.<\/p><\/div><\/div><\/div><\/div><\/div><\/div><\/div><\/div><\/article><\/div><\/div><\/div><\/div><\/div><\/div><\/div><\/div><\/div>\t\t\t\t\t\t\t\t<\/div>\n\t\t\t\t<\/div>\n\t\t\t\t<\/div>\n\t\t\t\t\t<\/div>\n\t\t\t\t<\/div>\n\t\t<div class=\"elementor-element elementor-element-24cef9b e-flex e-con-boxed e-con e-parent\" data-id=\"24cef9b\" data-element_type=\"container\" data-e-type=\"container\">\n\t\t\t\t\t<div class=\"e-con-inner\">\n\t\t<div class=\"elementor-element elementor-element-50821ac e-con-full e-flex e-con e-child\" data-id=\"50821ac\" data-element_type=\"container\" data-e-type=\"container\">\n\t\t\t\t<div class=\"elementor-element elementor-element-1003a80 elementor-widget elementor-widget-text-editor\" data-id=\"1003a80\" data-element_type=\"widget\" data-e-type=\"widget\" data-widget_type=\"text-editor.default\">\n\t\t\t\t<div class=\"elementor-widget-container\">\n\t\t\t\t\t\t\t\t\t<ul><li><strong>SIXT Rent a Car<\/strong><\/li><li><strong>ROIG Rent a Car<\/strong><\/li><li><strong>Vima Rent a Car<\/strong><\/li><li><strong>Autos Mallorca<\/strong><\/li><li><strong>Pepecar<\/strong><\/li><\/ul>\t\t\t\t\t\t\t\t<\/div>\n\t\t\t\t<\/div>\n\t\t\t\t<\/div>\n\t\t<div class=\"elementor-element elementor-element-9d225dd e-con-full e-flex e-con e-child\" data-id=\"9d225dd\" data-element_type=\"container\" data-e-type=\"container\">\n\t\t\t\t<div class=\"elementor-element elementor-element-d490cb9 elementor-widget elementor-widget-text-editor\" data-id=\"d490cb9\" data-element_type=\"widget\" data-e-type=\"widget\" data-widget_type=\"text-editor.default\">\n\t\t\t\t<div class=\"elementor-widget-container\">\n\t\t\t\t\t\t\t\t\t<ul><li><strong>Hertz<\/strong><\/li><li><strong>Record Go<\/strong><\/li><li><strong>Wiber<\/strong><\/li><li><strong>Clickrent<\/strong><\/li><li><strong>Goldcar<\/strong><\/li><\/ul>\t\t\t\t\t\t\t\t<\/div>\n\t\t\t\t<\/div>\n\t\t\t\t<\/div>\n\t\t<div class=\"elementor-element elementor-element-2741e7c e-con-full e-flex e-con e-child\" data-id=\"2741e7c\" data-element_type=\"container\" data-e-type=\"container\">\n\t\t\t\t<div class=\"elementor-element elementor-element-945e509 elementor-widget elementor-widget-text-editor\" data-id=\"945e509\" data-element_type=\"widget\" data-e-type=\"widget\" data-widget_type=\"text-editor.default\">\n\t\t\t\t<div class=\"elementor-widget-container\">\n\t\t\t\t\t\t\t\t\t<ul><li><strong>Centauro<\/strong><\/li><li><strong>Budget<\/strong><\/li><li><strong>Europcar<\/strong><\/li><li><strong>Alamo<\/strong><\/li><li><strong>National<\/strong><\/li><\/ul>\t\t\t\t\t\t\t\t<\/div>\n\t\t\t\t<\/div>\n\t\t\t\t<\/div>\n\t\t\t\t\t<\/div>\n\t\t\t\t<\/div>\n\t\t<div class=\"elementor-element elementor-element-da31f02 e-flex e-con-boxed e-con e-parent\" data-id=\"da31f02\" data-element_type=\"container\" data-e-type=\"container\">\n\t\t\t\t\t<div class=\"e-con-inner\">\n\t\t\t\t<div class=\"elementor-element elementor-element-d331fa9 elementor-widget elementor-widget-spacer\" data-id=\"d331fa9\" data-element_type=\"widget\" data-e-type=\"widget\" data-widget_type=\"spacer.default\">\n\t\t\t\t<div class=\"elementor-widget-container\">\n\t\t\t\t\t\t\t<div class=\"elementor-spacer\">\n\t\t\t<div class=\"elementor-spacer-inner\"><\/div>\n\t\t<\/div>\n\t\t\t\t\t\t<\/div>\n\t\t\t\t<\/div>\n\t\t\t\t\t<\/div>\n\t\t\t\t<\/div>\n\t\t<div class=\"elementor-element elementor-element-cb2a49e e-flex e-con-boxed e-con e-parent\" data-id=\"cb2a49e\" data-element_type=\"container\" data-e-type=\"container\">\n\t\t\t\t\t<div class=\"e-con-inner\">\n\t\t\t\t<div class=\"elementor-element elementor-element-09e9da6 elementor-widget elementor-widget-image\" data-id=\"09e9da6\" data-element_type=\"widget\" data-e-type=\"widget\" data-widget_type=\"image.default\">\n\t\t\t\t<div class=\"elementor-widget-container\">\n\t\t\t\t\t\t\t\t\t\t\t\t\t\t\t<img loading=\"lazy\" decoding=\"async\" width=\"1920\" height=\"744\" src=\"https:\/\/rentallorca.com\/blog\/wp-content\/uploads\/2025\/04\/exploring-mallorca-by-car\u200b-3.webp\" class=\"attachment-full size-full wp-image-1189\" alt=\"exploring mallorca by car\u200b\" srcset=\"https:\/\/rentallorca.com\/blog\/wp-content\/uploads\/2025\/04\/exploring-mallorca-by-car\u200b-3.webp 1920w, https:\/\/rentallorca.com\/blog\/wp-content\/uploads\/2025\/04\/exploring-mallorca-by-car\u200b-3-300x116.webp 300w, https:\/\/rentallorca.com\/blog\/wp-content\/uploads\/2025\/04\/exploring-mallorca-by-car\u200b-3-1024x397.webp 1024w, https:\/\/rentallorca.com\/blog\/wp-content\/uploads\/2025\/04\/exploring-mallorca-by-car\u200b-3-768x298.webp 768w, https:\/\/rentallorca.com\/blog\/wp-content\/uploads\/2025\/04\/exploring-mallorca-by-car\u200b-3-1536x595.webp 1536w\" sizes=\"(max-width: 1920px) 100vw, 1920px\" \/>\t\t\t\t\t\t\t\t\t\t\t\t\t\t\t<\/div>\n\t\t\t\t<\/div>\n\t\t\t\t\t<\/div>\n\t\t\t\t<\/div>\n\t\t<div class=\"elementor-element elementor-element-3991776 e-flex e-con-boxed e-con e-parent\" data-id=\"3991776\" data-element_type=\"container\" data-e-type=\"container\">\n\t\t\t\t\t<div class=\"e-con-inner\">\n\t\t\t\t<div class=\"elementor-element elementor-element-7745c84 elementor-widget elementor-widget-spacer\" data-id=\"7745c84\" data-element_type=\"widget\" data-e-type=\"widget\" data-widget_type=\"spacer.default\">\n\t\t\t\t<div class=\"elementor-widget-container\">\n\t\t\t\t\t\t\t<div class=\"elementor-spacer\">\n\t\t\t<div class=\"elementor-spacer-inner\"><\/div>\n\t\t<\/div>\n\t\t\t\t\t\t<\/div>\n\t\t\t\t<\/div>\n\t\t\t\t\t<\/div>\n\t\t\t\t<\/div>\n\t\t<div class=\"elementor-element elementor-element-46c80d48 elementor-hidden-mobile e-flex e-con-boxed e-con e-parent\" data-id=\"46c80d48\" data-element_type=\"container\" data-e-type=\"container\">\n\t\t\t\t\t<div class=\"e-con-inner\">\n\t\t\t\t<div class=\"elementor-element elementor-element-35f0c4af elementor-widget elementor-widget-spacer\" data-id=\"35f0c4af\" data-element_type=\"widget\" data-e-type=\"widget\" data-widget_type=\"spacer.default\">\n\t\t\t\t<div class=\"elementor-widget-container\">\n\t\t\t\t\t\t\t<div class=\"elementor-spacer\">\n\t\t\t<div class=\"elementor-spacer-inner\"><\/div>\n\t\t<\/div>\n\t\t\t\t\t\t<\/div>\n\t\t\t\t<\/div>\n\t\t\t\t<div class=\"elementor-element elementor-element-506af702 elementor-widget elementor-widget-heading\" data-id=\"506af702\" data-element_type=\"widget\" data-e-type=\"widget\" data-widget_type=\"heading.default\">\n\t\t\t\t<div class=\"elementor-widget-container\">\n\t\t\t\t\t<h2 class=\"elementor-heading-title elementor-size-default\">H\u00e4ufig gestellte Fragen <p>\nf\u00fcr <b>Mit dem Auto nach Mallorca<\/b><\/h2>\t\t\t\t<\/div>\n\t\t\t\t<\/div>\n\t\t\t\t\t<\/div>\n\t\t\t\t<\/div>\n\t\t<div class=\"elementor-element elementor-element-63da3bb3 e-flex e-con-boxed e-con e-parent\" data-id=\"63da3bb3\" data-element_type=\"container\" data-e-type=\"container\" id=\"preguntas-alcudia\">\n\t\t\t\t\t<div class=\"e-con-inner\">\n\t\t<div class=\"elementor-element elementor-element-0a776d4 e-con-full e-flex e-con e-child\" data-id=\"0a776d4\" data-element_type=\"container\" data-e-type=\"container\">\n\t\t\t\t<div class=\"elementor-element elementor-element-54d87dc elementor-widget elementor-widget-icon-box\" data-id=\"54d87dc\" data-element_type=\"widget\" data-e-type=\"widget\" data-widget_type=\"icon-box.default\">\n\t\t\t\t<div class=\"elementor-widget-container\">\n\t\t\t\t\t\t\t<div class=\"elementor-icon-box-wrapper\">\n\n\t\t\t\n\t\t\t\t\t\t<div class=\"elementor-icon-box-content\">\n\n\t\t\t\t\t\t\t\t\t<h3 class=\"elementor-icon-box-title\">\n\t\t\t\t\t\t<span  >\n\t\t\t\t\t\t\tAb wieviel Jahren darf man auf Mallorca ein Auto mieten?\t\t\t\t\t\t<\/span>\n\t\t\t\t\t<\/h3>\n\t\t\t\t\n\t\t\t\t\t\t\t\t\t<p class=\"elementor-icon-box-description\">\n\t\t\t\t\t\tUm ein Auto auf Mallorca zu mieten, m\u00fcssen die meisten Anbieter mindestens 21 Jahre alt sein, obwohl einige es auch Fahrern ab 18 Jahren erm\u00f6glichen, mit einem zus\u00e4tzlichen Aufpreis f\u00fcr \"junge Fahrer\" ein Fahrzeug zu mieten. In der Regel sind auch 1 bis 2 Jahre Fahrpraxis erforderlich.\t\t\t\t\t<\/p>\n\t\t\t\t\n\t\t\t<\/div>\n\t\t\t\n\t\t<\/div>\n\t\t\t\t\t\t<\/div>\n\t\t\t\t<\/div>\n\t\t\t\t<\/div>\n\t\t<div class=\"elementor-element elementor-element-736a2584 e-con-full e-flex e-con e-child\" data-id=\"736a2584\" data-element_type=\"container\" data-e-type=\"container\">\n\t\t\t\t<div class=\"elementor-element elementor-element-3b811739 elementor-widget elementor-widget-icon-box\" data-id=\"3b811739\" data-element_type=\"widget\" data-e-type=\"widget\" data-widget_type=\"icon-box.default\">\n\t\t\t\t<div class=\"elementor-widget-container\">\n\t\t\t\t\t\t\t<div class=\"elementor-icon-box-wrapper\">\n\n\t\t\t\n\t\t\t\t\t\t<div class=\"elementor-icon-box-content\">\n\n\t\t\t\t\t\t\t\t\t<h3 class=\"elementor-icon-box-title\">\n\t\t\t\t\t\t<span  >\n\t\t\t\t\t\t\tBrauchen man auf Mallorca ein Auto?\t\t\t\t\t\t<\/span>\n\t\t\t\t\t<\/h3>\n\t\t\t\t\n\t\t\t\t\t\t\t\t\t<p class=\"elementor-icon-box-description\">\n\t\t\t\t\t\tEs ist ratsam, auf Mallorca ein Auto zu mieten, um die Insel bequem und frei zu erkunden. Auch wenn es \u00f6ffentliche Verkehrsmittel gibt, erm\u00f6glicht dir ein Auto den Zugang zu weniger touristischen Ecken, charmanten D\u00f6rfern und abgelegenen Buchten. Du kannst das Tempo selbst bestimmen.\t\t\t\t\t<\/p>\n\t\t\t\t\n\t\t\t<\/div>\n\t\t\t\n\t\t<\/div>\n\t\t\t\t\t\t<\/div>\n\t\t\t\t<\/div>\n\t\t\t\t<\/div>\n\t\t<div class=\"elementor-element elementor-element-ba7d7d7 e-con-full e-flex e-con e-child\" data-id=\"ba7d7d7\" data-element_type=\"container\" data-e-type=\"container\">\n\t\t\t\t<div class=\"elementor-element elementor-element-2dddfb05 elementor-widget elementor-widget-icon-box\" data-id=\"2dddfb05\" data-element_type=\"widget\" data-e-type=\"widget\" data-widget_type=\"icon-box.default\">\n\t\t\t\t<div class=\"elementor-widget-container\">\n\t\t\t\t\t\t\t<div class=\"elementor-icon-box-wrapper\">\n\n\t\t\t\n\t\t\t\t\t\t<div class=\"elementor-icon-box-content\">\n\n\t\t\t\t\t\t\t\t\t<h3 class=\"elementor-icon-box-title\">\n\t\t\t\t\t\t<span  >\n\t\t\t\t\t\t\tAuto auf Mallorca mieten ohne Kreditkarte: Ist es m\u00f6glich?\t\t\t\t\t\t<\/span>\n\t\t\t\t\t<\/h3>\n\t\t\t\t\n\t\t\t\t\t\t\t\t\t<p class=\"elementor-icon-box-description\">\n\t\t\t\t\t\tEs ist m\u00f6glich, ein Auto auf Mallorca ohne Kreditkarte zu mieten, aber es kann schwieriger sein. Einige Unternehmen akzeptieren Debitkarten, verlangen jedoch oft eine h\u00f6here Kaution oder schr\u00e4nken bestimmte Mietbedingungen ein. Es ist ratsam, sich vorher zu informieren.\t\t\t\t\t<\/p>\n\t\t\t\t\n\t\t\t<\/div>\n\t\t\t\n\t\t<\/div>\n\t\t\t\t\t\t<\/div>\n\t\t\t\t<\/div>\n\t\t\t\t<\/div>\n\t\t<div class=\"elementor-element elementor-element-3231d038 e-con-full e-flex e-con e-child\" data-id=\"3231d038\" data-element_type=\"container\" data-e-type=\"container\">\n\t\t\t\t<div class=\"elementor-element elementor-element-3dda72b0 elementor-widget elementor-widget-icon-box\" data-id=\"3dda72b0\" data-element_type=\"widget\" data-e-type=\"widget\" data-widget_type=\"icon-box.default\">\n\t\t\t\t<div class=\"elementor-widget-container\">\n\t\t\t\t\t\t\t<div class=\"elementor-icon-box-wrapper\">\n\n\t\t\t\n\t\t\t\t\t\t<div class=\"elementor-icon-box-content\">\n\n\t\t\t\t\t\t\t\t\t<h3 class=\"elementor-icon-box-title\">\n\t\t\t\t\t\t<span  >\n\t\t\t\t\t\t\tWie lange dauert es, Mallorca mit dem Auto zu umfahren?\t\t\t\t\t\t<\/span>\n\t\t\t\t\t<\/h3>\n\t\t\t\t\n\t\t\t\t\t\t\t\t\t<p class=\"elementor-icon-box-description\">\n\t\t\t\t\t\tDie Fahrt \u00fcber Mallorca dauert etwa 3 bis 4 Stunden, je nachdem, wie viele Pausen du machst und wie viel Verkehr herrscht. Die Insel ist etwa 100 km lang und 70 km breit, daher l\u00e4sst sich die Insel an einem Tag leicht erkunden, wenn du Landschaften und D\u00f6rfer genie\u00dft.\t\t\t\t\t<\/p>\n\t\t\t\t\n\t\t\t<\/div>\n\t\t\t\n\t\t<\/div>\n\t\t\t\t\t\t<\/div>\n\t\t\t\t<\/div>\n\t\t\t\t<\/div>\n\t\t<div class=\"elementor-element elementor-element-2eb9fad7 e-con-full e-flex e-con e-child\" data-id=\"2eb9fad7\" data-element_type=\"container\" data-e-type=\"container\">\n\t\t\t\t<div class=\"elementor-element elementor-element-2b7cdbad elementor-widget elementor-widget-icon-box\" data-id=\"2b7cdbad\" data-element_type=\"widget\" data-e-type=\"widget\" data-widget_type=\"icon-box.default\">\n\t\t\t\t<div class=\"elementor-widget-container\">\n\t\t\t\t\t\t\t<div class=\"elementor-icon-box-wrapper\">\n\n\t\t\t\n\t\t\t\t\t\t<div class=\"elementor-icon-box-content\">\n\n\t\t\t\t\t\t\t\t\t<h3 class=\"elementor-icon-box-title\">\n\t\t\t\t\t\t<span  >\n\t\t\t\t\t\t\tWie lange dauert die Fahrt von Deutschland nach Mallorca mit dem Auto?\t\t\t\t\t\t<\/span>\n\t\t\t\t\t<\/h3>\n\t\t\t\t\n\t\t\t\t\t\t\t\t\t<p class=\"elementor-icon-box-description\">\n\t\t\t\t\t\tEine direkte Autofahrt von Deutschland nach Mallorca ist nicht m\u00f6glich, da du eine F\u00e4hre von der iberischen Halbinsel nehmen musst. Von Barcelona oder Valencia aus dauert die Fahrt zum Hafen etwa 2-3 Stunden, gefolgt von einer F\u00e4hrfahrt von etwa 6 bis 8 Stunden.\t\t\t\t\t<\/p>\n\t\t\t\t\n\t\t\t<\/div>\n\t\t\t\n\t\t<\/div>\n\t\t\t\t\t\t<\/div>\n\t\t\t\t<\/div>\n\t\t\t\t<\/div>\n\t\t<div class=\"elementor-element elementor-element-3711501e e-con-full e-flex e-con e-child\" data-id=\"3711501e\" data-element_type=\"container\" data-e-type=\"container\">\n\t\t\t\t<div class=\"elementor-element elementor-element-35ce631 elementor-widget elementor-widget-icon-box\" data-id=\"35ce631\" data-element_type=\"widget\" data-e-type=\"widget\" data-widget_type=\"icon-box.default\">\n\t\t\t\t<div class=\"elementor-widget-container\">\n\t\t\t\t\t\t\t<div class=\"elementor-icon-box-wrapper\">\n\n\t\t\t\n\t\t\t\t\t\t<div class=\"elementor-icon-box-content\">\n\n\t\t\t\t\t\t\t\t\t<h3 class=\"elementor-icon-box-title\">\n\t\t\t\t\t\t<span  >\n\t\t\t\t\t\t\tWie hoch ist die Promillegrenze Mallorca Auto?\t\t\t\t\t\t<\/span>\n\t\t\t\t\t<\/h3>\n\t\t\t\t\n\t\t\t\t\t\t\t\t\t<p class=\"elementor-icon-box-description\">\n\t\t\t\t\t\tDer Alkoholgrenzwert auf Mallorca liegt bei 0,5 Gramm pro Liter Blut f\u00fcr normale Fahrer. F\u00fcr Fahranf\u00e4nger und Berufskraftfahrer liegt der Grenzwert bei 0,3 Gramm. Es wird empfohlen, keinen Alkohol zu konsumieren, wenn du f\u00e4hrst, um deine Sicherheit und die der anderen zu gew\u00e4hrleisten.\t\t\t\t\t<\/p>\n\t\t\t\t\n\t\t\t<\/div>\n\t\t\t\n\t\t<\/div>\n\t\t\t\t\t\t<\/div>\n\t\t\t\t<\/div>\n\t\t\t\t<\/div>\n\t\t\t\t\t<\/div>\n\t\t\t\t<\/div>\n\t\t<div class=\"elementor-element elementor-element-80de4dc e-flex e-con-boxed e-con e-parent\" data-id=\"80de4dc\" data-element_type=\"container\" data-e-type=\"container\">\n\t\t\t\t\t<div class=\"e-con-inner\">\n\t\t\t\t<div class=\"elementor-element elementor-element-17500b5 elementor-widget elementor-widget-grid\" data-id=\"17500b5\" data-element_type=\"widget\" data-e-type=\"widget\" data-widget_type=\"grid.default\">\n\t\t\t\t<div class=\"elementor-widget-container\">\n\t\t\t\t\t\t\t<div class=\"its--row alojamientos-recomendados\">\n\n\t\t\t<div class=\"alojamientos-recomendados-container\">\n\n\t\t\t\t\t\n\t\t\t\t\t<a href=\"https:\/\/rentallorca.com\/de\/vermietung\/finca-muro-a0018-finca-s-estable-441525.html\" rel=\"nofollow\" style=\"width: 23%;\">\n\t\t\t\t\t\t<div class=\"apartamento-box\">\n\t\t\t\t\t\t\t<div class=\"imagen_recomendados\">\n\t\t\t\t\t\t\t\t<img decoding=\"async\" src=\"https:\/\/crs.avantio.com\/fotos\/2\/1691576619ab9743cbc8e677f30953fe87f9225986\/big1768216539775f4aa665839d3ef3c03d1f444295bc.jpg\" alt=\"S'Estable by Rentallorca\">\n\t\t\t\t\t\t\t<\/div>\n\t\t\t\t\t\t\t<div class=\"info\">\n\t\t\t\t\t\t\t\t<div class=\"ubicacion\">\n\t\t\t\t\t\t\t\t\t<i class=\"fa-solid fa-location-dot icono-mapa\"><\/i><span class=\"ubicacion-texto\">Muro - Mallorca<\/span>\n\t\t\t\t\t\t\t\t<\/div>\n\t\t\t\t\t\t\t\t<H4 class=\"titulo-alojamiento\">\n\t\t\t\t\t\t\t\t\tS'Estable by Rentallorca\t\t\t\t\t\t\t\t<\/H4>\n\t\t\t\t\t\t\t\t<p class=\"precio-alojamiento\">Aus <span class=\"precio\">119.70\u20ac<\/span> pro Nacht<\/p>\n\t\t\t\t\t\t\t<\/div>\n\t\t\t\t\t\t<\/div>\n\t\t\t\t\t<\/a> \n\t\t\t\t\t\t\n\t\t\t\t\t<a href=\"https:\/\/rentallorca.com\/de\/vermietung\/ferienhaus-inca-b0010-can-pinoi-el-olivo-441573.html\" rel=\"nofollow\" style=\"width: 23%;\">\n\t\t\t\t\t\t<div class=\"apartamento-box\">\n\t\t\t\t\t\t\t<div class=\"imagen_recomendados\">\n\t\t\t\t\t\t\t\t<img decoding=\"async\" src=\"https:\/\/crs.avantio.com\/fotos\/2\/169158058911b84f0426504d30944d6ca1c8b2775c\/big171879334501b2327548c81b14e13a7c7c21ceb2f2.jpg\" alt=\"Can Pinoi by Rentallorca\">\n\t\t\t\t\t\t\t<\/div>\n\t\t\t\t\t\t\t<div class=\"info\">\n\t\t\t\t\t\t\t\t<div class=\"ubicacion\">\n\t\t\t\t\t\t\t\t\t<i class=\"fa-solid fa-location-dot icono-mapa\"><\/i><span class=\"ubicacion-texto\">Inca - Mallorca<\/span>\n\t\t\t\t\t\t\t\t<\/div>\n\t\t\t\t\t\t\t\t<H4 class=\"titulo-alojamiento\">\n\t\t\t\t\t\t\t\t\tCan Pinoi by Rentallorca\t\t\t\t\t\t\t\t<\/H4>\n\t\t\t\t\t\t\t\t<p class=\"precio-alojamiento\">Aus <span class=\"precio\">147.06\u20ac<\/span> pro Nacht<\/p>\n\t\t\t\t\t\t\t<\/div>\n\t\t\t\t\t\t<\/div>\n\t\t\t\t\t<\/a> \n\t\t\t\t\t\t\n\t\t\t\t\t<a href=\"https:\/\/rentallorca.com\/de\/vermietung\/finca-muro-c0012-finca-son-blai-petit-441604.html\" rel=\"nofollow\" style=\"width: 23%;\">\n\t\t\t\t\t\t<div class=\"apartamento-box\">\n\t\t\t\t\t\t\t<div class=\"imagen_recomendados\">\n\t\t\t\t\t\t\t\t<img decoding=\"async\" src=\"https:\/\/crs.avantio.com\/fotos\/2\/169158002694cb4fc501726ca0b904336e0e099747\/big1719496115ec39bd0b9d9373f7d2427b140acd83ed.jpg\" alt=\"Son Blai Petit by Rentallorca\">\n\t\t\t\t\t\t\t<\/div>\n\t\t\t\t\t\t\t<div class=\"info\">\n\t\t\t\t\t\t\t\t<div class=\"ubicacion\">\n\t\t\t\t\t\t\t\t\t<i class=\"fa-solid fa-location-dot icono-mapa\"><\/i><span class=\"ubicacion-texto\">Muro - Mallorca<\/span>\n\t\t\t\t\t\t\t\t<\/div>\n\t\t\t\t\t\t\t\t<H4 class=\"titulo-alojamiento\">\n\t\t\t\t\t\t\t\t\tSon Blai Petit by Rentallorca\t\t\t\t\t\t\t\t<\/H4>\n\t\t\t\t\t\t\t\t<p class=\"precio-alojamiento\">Aus <span class=\"precio\">194.94\u20ac<\/span> pro Nacht<\/p>\n\t\t\t\t\t\t\t<\/div>\n\t\t\t\t\t\t<\/div>\n\t\t\t\t\t<\/a> \n\t\t\t\t\t\t\n\t\t\t\t\t<a href=\"https:\/\/rentallorca.com\/de\/vermietung\/ferienwohnung-muro-a0019-comtat-1-523901.html\" rel=\"nofollow\" style=\"width: 23%;\">\n\t\t\t\t\t\t<div class=\"apartamento-box\">\n\t\t\t\t\t\t\t<div class=\"imagen_recomendados\">\n\t\t\t\t\t\t\t\t<img decoding=\"async\" src=\"https:\/\/crs.avantio.com\/fotos\/3\/1739724667e54c6086969f6009d8fa9bb88f658453\/big1739724680a1c83a73ab6b5a5a3f661d1c8f3e07a3.jpg\" alt=\"Comtat Muro 1 by Renallorca\">\n\t\t\t\t\t\t\t<\/div>\n\t\t\t\t\t\t\t<div class=\"info\">\n\t\t\t\t\t\t\t\t<div class=\"ubicacion\">\n\t\t\t\t\t\t\t\t\t<i class=\"fa-solid fa-location-dot icono-mapa\"><\/i><span class=\"ubicacion-texto\">Muro - Mallorca<\/span>\n\t\t\t\t\t\t\t\t<\/div>\n\t\t\t\t\t\t\t\t<H4 class=\"titulo-alojamiento\">\n\t\t\t\t\t\t\t\t\tComtat Muro 1 by Renallorca\t\t\t\t\t\t\t\t<\/H4>\n\t\t\t\t\t\t\t\t<p class=\"precio-alojamiento\">Aus <span class=\"precio\">114.00\u20ac<\/span> pro Nacht<\/p>\n\t\t\t\t\t\t\t<\/div>\n\t\t\t\t\t\t<\/div>\n\t\t\t\t\t<\/a> \n\t\t\t\t\t\t\t\t<\/div>\n\t\t\t<\/div>\n\t\t\t\t\t\t<\/div>\n\t\t\t\t<\/div>\n\t\t\t\t\t<\/div>\n\t\t\t\t<\/div>\n\t\t\t\t<\/div>\n\t\t","protected":false},"excerpt":{"rendered":"<p>Mit dem Auto nach Mallorca Alles, was Sie wissen m\u00fcssen Planst du, mit dem Auto nach Mallorca zu reisen? Dann solltest du ein paar wichtige Dinge wissen, bevor du losf\u00e4hrst. Von Mietwagenangeboten und verf\u00fcgbaren F\u00e4hrverbindungen bis hin zu Tipps, was du auf der Insel am besten mit dem Auto entdecken kannst \u2013 hier findest du [&hellip;]<\/p>\n","protected":false},"author":2,"featured_media":1192,"comment_status":"open","ping_status":"open","sticky":false,"template":"","format":"standard","meta":{"footnotes":""},"categories":[37],"tags":[],"class_list":["post-1223","post","type-post","status-publish","format-standard","has-post-thumbnail","hentry","category-reiseguide"],"yoast_head":"<!-- This site is optimized with the Yoast SEO plugin v27.5 - https:\/\/yoast.com\/product\/yoast-seo-wordpress\/ -->\n<title>Mit dem Auto nach Mallorca | Rentallorca<\/title>\n<meta name=\"description\" content=\"Nutzen Sie unseren Reiseguide f\u00fcr die Anreise mit dem Auto nach Mallorca. Wo kann man ein Auto mieten? Wie kommt man mit der F\u00e4hre dorthin?\" \/>\n<meta name=\"robots\" content=\"index, follow, max-snippet:-1, max-image-preview:large, max-video-preview:-1\" \/>\n<link rel=\"canonical\" href=\"https:\/\/rentallorca.com\/blog\/de\/mit-dem-auto-nach-mallorca\/\" \/>\n<meta property=\"og:locale\" content=\"de_DE\" \/>\n<meta property=\"og:type\" content=\"article\" \/>\n<meta property=\"og:title\" content=\"Mit dem Auto nach Mallorca | Rentallorca\" \/>\n<meta property=\"og:description\" content=\"Nutzen Sie unseren Reiseguide f\u00fcr die Anreise mit dem Auto nach Mallorca. Wo kann man ein Auto mieten? Wie kommt man mit der F\u00e4hre dorthin?\" \/>\n<meta property=\"og:url\" content=\"https:\/\/rentallorca.com\/blog\/de\/mit-dem-auto-nach-mallorca\/\" \/>\n<meta property=\"og:site_name\" content=\"Blog\" \/>\n<meta property=\"article:published_time\" content=\"2025-05-02T15:00:04+00:00\" \/>\n<meta property=\"og:image\" content=\"https:\/\/rentallorca.com\/blog\/wp-content\/uploads\/2025\/04\/exploring-mallorca-by-car\u200b-4.webp\" \/>\n\t<meta property=\"og:image:width\" content=\"1920\" \/>\n\t<meta property=\"og:image:height\" content=\"400\" \/>\n\t<meta property=\"og:image:type\" content=\"image\/webp\" \/>\n<meta name=\"author\" content=\"digitalservices\" \/>\n<meta name=\"twitter:card\" content=\"summary_large_image\" \/>\n<meta name=\"twitter:label1\" content=\"Written by\" \/>\n\t<meta name=\"twitter:data1\" content=\"digitalservices\" \/>\n\t<meta name=\"twitter:label2\" content=\"Est. reading time\" \/>\n\t<meta name=\"twitter:data2\" content=\"9 minutes\" \/>\n<script type=\"application\/ld+json\" class=\"yoast-schema-graph\">{\"@context\":\"https:\\\/\\\/schema.org\",\"@graph\":[{\"@type\":\"Article\",\"@id\":\"https:\\\/\\\/rentallorca.com\\\/blog\\\/de\\\/mit-dem-auto-nach-mallorca\\\/#article\",\"isPartOf\":{\"@id\":\"https:\\\/\\\/rentallorca.com\\\/blog\\\/de\\\/mit-dem-auto-nach-mallorca\\\/\"},\"author\":{\"name\":\"digitalservices\",\"@id\":\"https:\\\/\\\/rentallorca.com\\\/blog\\\/de\\\/#\\\/schema\\\/person\\\/52fc00dd86d9c81282a034a332134bc2\"},\"headline\":\"Mit dem Auto nach Mallorca: Alles, was Sie wissen m\u00fcssen\",\"datePublished\":\"2025-05-02T15:00:04+00:00\",\"mainEntityOfPage\":{\"@id\":\"https:\\\/\\\/rentallorca.com\\\/blog\\\/de\\\/mit-dem-auto-nach-mallorca\\\/\"},\"wordCount\":1336,\"commentCount\":0,\"image\":{\"@id\":\"https:\\\/\\\/rentallorca.com\\\/blog\\\/de\\\/mit-dem-auto-nach-mallorca\\\/#primaryimage\"},\"thumbnailUrl\":\"https:\\\/\\\/rentallorca.com\\\/blog\\\/wp-content\\\/uploads\\\/2025\\\/04\\\/exploring-mallorca-by-car\u200b-4.webp\",\"articleSection\":[\"Reiseguide\"],\"inLanguage\":\"de\",\"potentialAction\":[{\"@type\":\"CommentAction\",\"name\":\"Comment\",\"target\":[\"https:\\\/\\\/rentallorca.com\\\/blog\\\/de\\\/mit-dem-auto-nach-mallorca\\\/#respond\"]}]},{\"@type\":\"WebPage\",\"@id\":\"https:\\\/\\\/rentallorca.com\\\/blog\\\/de\\\/mit-dem-auto-nach-mallorca\\\/\",\"url\":\"https:\\\/\\\/rentallorca.com\\\/blog\\\/de\\\/mit-dem-auto-nach-mallorca\\\/\",\"name\":\"Mit dem Auto nach Mallorca | Rentallorca\",\"isPartOf\":{\"@id\":\"https:\\\/\\\/rentallorca.com\\\/blog\\\/de\\\/#website\"},\"primaryImageOfPage\":{\"@id\":\"https:\\\/\\\/rentallorca.com\\\/blog\\\/de\\\/mit-dem-auto-nach-mallorca\\\/#primaryimage\"},\"image\":{\"@id\":\"https:\\\/\\\/rentallorca.com\\\/blog\\\/de\\\/mit-dem-auto-nach-mallorca\\\/#primaryimage\"},\"thumbnailUrl\":\"https:\\\/\\\/rentallorca.com\\\/blog\\\/wp-content\\\/uploads\\\/2025\\\/04\\\/exploring-mallorca-by-car\u200b-4.webp\",\"datePublished\":\"2025-05-02T15:00:04+00:00\",\"author\":{\"@id\":\"https:\\\/\\\/rentallorca.com\\\/blog\\\/de\\\/#\\\/schema\\\/person\\\/52fc00dd86d9c81282a034a332134bc2\"},\"description\":\"Nutzen Sie unseren Reiseguide f\u00fcr die Anreise mit dem Auto nach Mallorca. Wo kann man ein Auto mieten? Wie kommt man mit der F\u00e4hre dorthin?\",\"breadcrumb\":{\"@id\":\"https:\\\/\\\/rentallorca.com\\\/blog\\\/de\\\/mit-dem-auto-nach-mallorca\\\/#breadcrumb\"},\"inLanguage\":\"de\",\"potentialAction\":[{\"@type\":\"ReadAction\",\"target\":[\"https:\\\/\\\/rentallorca.com\\\/blog\\\/de\\\/mit-dem-auto-nach-mallorca\\\/\"]}]},{\"@type\":\"ImageObject\",\"inLanguage\":\"de\",\"@id\":\"https:\\\/\\\/rentallorca.com\\\/blog\\\/de\\\/mit-dem-auto-nach-mallorca\\\/#primaryimage\",\"url\":\"https:\\\/\\\/rentallorca.com\\\/blog\\\/wp-content\\\/uploads\\\/2025\\\/04\\\/exploring-mallorca-by-car\u200b-4.webp\",\"contentUrl\":\"https:\\\/\\\/rentallorca.com\\\/blog\\\/wp-content\\\/uploads\\\/2025\\\/04\\\/exploring-mallorca-by-car\u200b-4.webp\",\"width\":1920,\"height\":400,\"caption\":\"exploring mallorca by car\u200b\"},{\"@type\":\"BreadcrumbList\",\"@id\":\"https:\\\/\\\/rentallorca.com\\\/blog\\\/de\\\/mit-dem-auto-nach-mallorca\\\/#breadcrumb\",\"itemListElement\":[{\"@type\":\"ListItem\",\"position\":1,\"name\":\"Home\",\"item\":\"https:\\\/\\\/rentallorca.com\\\/blog\\\/de\\\/\"},{\"@type\":\"ListItem\",\"position\":2,\"name\":\"Mit dem Auto nach Mallorca: Alles, was Sie wissen m\u00fcssen\"}]},{\"@type\":\"WebSite\",\"@id\":\"https:\\\/\\\/rentallorca.com\\\/blog\\\/de\\\/#website\",\"url\":\"https:\\\/\\\/rentallorca.com\\\/blog\\\/de\\\/\",\"name\":\"Blog\",\"description\":\"Rentallorca\",\"potentialAction\":[{\"@type\":\"SearchAction\",\"target\":{\"@type\":\"EntryPoint\",\"urlTemplate\":\"https:\\\/\\\/rentallorca.com\\\/blog\\\/de\\\/?s={search_term_string}\"},\"query-input\":{\"@type\":\"PropertyValueSpecification\",\"valueRequired\":true,\"valueName\":\"search_term_string\"}}],\"inLanguage\":\"de\"},{\"@type\":\"Person\",\"@id\":\"https:\\\/\\\/rentallorca.com\\\/blog\\\/de\\\/#\\\/schema\\\/person\\\/52fc00dd86d9c81282a034a332134bc2\",\"name\":\"digitalservices\",\"image\":{\"@type\":\"ImageObject\",\"inLanguage\":\"de\",\"@id\":\"https:\\\/\\\/secure.gravatar.com\\\/avatar\\\/af30f88a1904294c1f3eb09a9d7903eec4ffa18fa2cf40c28a8681014ecdfc20?s=96&d=mm&r=g\",\"url\":\"https:\\\/\\\/secure.gravatar.com\\\/avatar\\\/af30f88a1904294c1f3eb09a9d7903eec4ffa18fa2cf40c28a8681014ecdfc20?s=96&d=mm&r=g\",\"contentUrl\":\"https:\\\/\\\/secure.gravatar.com\\\/avatar\\\/af30f88a1904294c1f3eb09a9d7903eec4ffa18fa2cf40c28a8681014ecdfc20?s=96&d=mm&r=g\",\"caption\":\"digitalservices\"},\"url\":\"https:\\\/\\\/rentallorca.com\\\/blog\\\/de\\\/author\\\/digitalservices\\\/\"}]}<\/script>\n<!-- \/ Yoast SEO plugin. -->","yoast_head_json":{"title":"Mit dem Auto nach Mallorca | Rentallorca","description":"Nutzen Sie unseren Reiseguide f\u00fcr die Anreise mit dem Auto nach Mallorca. Wo kann man ein Auto mieten? Wie kommt man mit der F\u00e4hre dorthin?","robots":{"index":"index","follow":"follow","max-snippet":"max-snippet:-1","max-image-preview":"max-image-preview:large","max-video-preview":"max-video-preview:-1"},"canonical":"https:\/\/rentallorca.com\/blog\/de\/mit-dem-auto-nach-mallorca\/","og_locale":"de_DE","og_type":"article","og_title":"Mit dem Auto nach Mallorca | Rentallorca","og_description":"Nutzen Sie unseren Reiseguide f\u00fcr die Anreise mit dem Auto nach Mallorca. Wo kann man ein Auto mieten? Wie kommt man mit der F\u00e4hre dorthin?","og_url":"https:\/\/rentallorca.com\/blog\/de\/mit-dem-auto-nach-mallorca\/","og_site_name":"Blog","article_published_time":"2025-05-02T15:00:04+00:00","og_image":[{"width":1920,"height":400,"url":"https:\/\/rentallorca.com\/blog\/wp-content\/uploads\/2025\/04\/exploring-mallorca-by-car\u200b-4.webp","type":"image\/webp"}],"author":"digitalservices","twitter_card":"summary_large_image","twitter_misc":{"Written by":"digitalservices","Est. reading time":"9 minutes"},"schema":{"@context":"https:\/\/schema.org","@graph":[{"@type":"Article","@id":"https:\/\/rentallorca.com\/blog\/de\/mit-dem-auto-nach-mallorca\/#article","isPartOf":{"@id":"https:\/\/rentallorca.com\/blog\/de\/mit-dem-auto-nach-mallorca\/"},"author":{"name":"digitalservices","@id":"https:\/\/rentallorca.com\/blog\/de\/#\/schema\/person\/52fc00dd86d9c81282a034a332134bc2"},"headline":"Mit dem Auto nach Mallorca: Alles, was Sie wissen m\u00fcssen","datePublished":"2025-05-02T15:00:04+00:00","mainEntityOfPage":{"@id":"https:\/\/rentallorca.com\/blog\/de\/mit-dem-auto-nach-mallorca\/"},"wordCount":1336,"commentCount":0,"image":{"@id":"https:\/\/rentallorca.com\/blog\/de\/mit-dem-auto-nach-mallorca\/#primaryimage"},"thumbnailUrl":"https:\/\/rentallorca.com\/blog\/wp-content\/uploads\/2025\/04\/exploring-mallorca-by-car\u200b-4.webp","articleSection":["Reiseguide"],"inLanguage":"de","potentialAction":[{"@type":"CommentAction","name":"Comment","target":["https:\/\/rentallorca.com\/blog\/de\/mit-dem-auto-nach-mallorca\/#respond"]}]},{"@type":"WebPage","@id":"https:\/\/rentallorca.com\/blog\/de\/mit-dem-auto-nach-mallorca\/","url":"https:\/\/rentallorca.com\/blog\/de\/mit-dem-auto-nach-mallorca\/","name":"Mit dem Auto nach Mallorca | Rentallorca","isPartOf":{"@id":"https:\/\/rentallorca.com\/blog\/de\/#website"},"primaryImageOfPage":{"@id":"https:\/\/rentallorca.com\/blog\/de\/mit-dem-auto-nach-mallorca\/#primaryimage"},"image":{"@id":"https:\/\/rentallorca.com\/blog\/de\/mit-dem-auto-nach-mallorca\/#primaryimage"},"thumbnailUrl":"https:\/\/rentallorca.com\/blog\/wp-content\/uploads\/2025\/04\/exploring-mallorca-by-car\u200b-4.webp","datePublished":"2025-05-02T15:00:04+00:00","author":{"@id":"https:\/\/rentallorca.com\/blog\/de\/#\/schema\/person\/52fc00dd86d9c81282a034a332134bc2"},"description":"Nutzen Sie unseren Reiseguide f\u00fcr die Anreise mit dem Auto nach Mallorca. Wo kann man ein Auto mieten? Wie kommt man mit der F\u00e4hre dorthin?","breadcrumb":{"@id":"https:\/\/rentallorca.com\/blog\/de\/mit-dem-auto-nach-mallorca\/#breadcrumb"},"inLanguage":"de","potentialAction":[{"@type":"ReadAction","target":["https:\/\/rentallorca.com\/blog\/de\/mit-dem-auto-nach-mallorca\/"]}]},{"@type":"ImageObject","inLanguage":"de","@id":"https:\/\/rentallorca.com\/blog\/de\/mit-dem-auto-nach-mallorca\/#primaryimage","url":"https:\/\/rentallorca.com\/blog\/wp-content\/uploads\/2025\/04\/exploring-mallorca-by-car\u200b-4.webp","contentUrl":"https:\/\/rentallorca.com\/blog\/wp-content\/uploads\/2025\/04\/exploring-mallorca-by-car\u200b-4.webp","width":1920,"height":400,"caption":"exploring mallorca by car\u200b"},{"@type":"BreadcrumbList","@id":"https:\/\/rentallorca.com\/blog\/de\/mit-dem-auto-nach-mallorca\/#breadcrumb","itemListElement":[{"@type":"ListItem","position":1,"name":"Home","item":"https:\/\/rentallorca.com\/blog\/de\/"},{"@type":"ListItem","position":2,"name":"Mit dem Auto nach Mallorca: Alles, was Sie wissen m\u00fcssen"}]},{"@type":"WebSite","@id":"https:\/\/rentallorca.com\/blog\/de\/#website","url":"https:\/\/rentallorca.com\/blog\/de\/","name":"Blog","description":"Rentallorca","potentialAction":[{"@type":"SearchAction","target":{"@type":"EntryPoint","urlTemplate":"https:\/\/rentallorca.com\/blog\/de\/?s={search_term_string}"},"query-input":{"@type":"PropertyValueSpecification","valueRequired":true,"valueName":"search_term_string"}}],"inLanguage":"de"},{"@type":"Person","@id":"https:\/\/rentallorca.com\/blog\/de\/#\/schema\/person\/52fc00dd86d9c81282a034a332134bc2","name":"digitalservices","image":{"@type":"ImageObject","inLanguage":"de","@id":"https:\/\/secure.gravatar.com\/avatar\/af30f88a1904294c1f3eb09a9d7903eec4ffa18fa2cf40c28a8681014ecdfc20?s=96&d=mm&r=g","url":"https:\/\/secure.gravatar.com\/avatar\/af30f88a1904294c1f3eb09a9d7903eec4ffa18fa2cf40c28a8681014ecdfc20?s=96&d=mm&r=g","contentUrl":"https:\/\/secure.gravatar.com\/avatar\/af30f88a1904294c1f3eb09a9d7903eec4ffa18fa2cf40c28a8681014ecdfc20?s=96&d=mm&r=g","caption":"digitalservices"},"url":"https:\/\/rentallorca.com\/blog\/de\/author\/digitalservices\/"}]}},"_links":{"self":[{"href":"https:\/\/rentallorca.com\/blog\/de\/wp-json\/wp\/v2\/posts\/1223","targetHints":{"allow":["GET"]}}],"collection":[{"href":"https:\/\/rentallorca.com\/blog\/de\/wp-json\/wp\/v2\/posts"}],"about":[{"href":"https:\/\/rentallorca.com\/blog\/de\/wp-json\/wp\/v2\/types\/post"}],"author":[{"embeddable":true,"href":"https:\/\/rentallorca.com\/blog\/de\/wp-json\/wp\/v2\/users\/2"}],"replies":[{"embeddable":true,"href":"https:\/\/rentallorca.com\/blog\/de\/wp-json\/wp\/v2\/comments?post=1223"}],"version-history":[{"count":4,"href":"https:\/\/rentallorca.com\/blog\/de\/wp-json\/wp\/v2\/posts\/1223\/revisions"}],"predecessor-version":[{"id":1227,"href":"https:\/\/rentallorca.com\/blog\/de\/wp-json\/wp\/v2\/posts\/1223\/revisions\/1227"}],"wp:featuredmedia":[{"embeddable":true,"href":"https:\/\/rentallorca.com\/blog\/de\/wp-json\/wp\/v2\/media\/1192"}],"wp:attachment":[{"href":"https:\/\/rentallorca.com\/blog\/de\/wp-json\/wp\/v2\/media?parent=1223"}],"wp:term":[{"taxonomy":"category","embeddable":true,"href":"https:\/\/rentallorca.com\/blog\/de\/wp-json\/wp\/v2\/categories?post=1223"},{"taxonomy":"post_tag","embeddable":true,"href":"https:\/\/rentallorca.com\/blog\/de\/wp-json\/wp\/v2\/tags?post=1223"}],"curies":[{"name":"wp","href":"https:\/\/api.w.org\/{rel}","templated":true}]}}