{"id":1040,"date":"2025-03-12T13:07:32","date_gmt":"2025-03-12T13:07:32","guid":{"rendered":"https:\/\/rentallorca.com\/blog\/?p=1040"},"modified":"2025-08-14T07:25:13","modified_gmt":"2025-08-14T07:25:13","slug":"die-besten-orte-um-den-sonnenuntergang-mallorca-zu-beobachten","status":"publish","type":"post","link":"https:\/\/rentallorca.com\/blog\/de\/die-besten-orte-um-den-sonnenuntergang-mallorca-zu-beobachten\/","title":{"rendered":"Die besten Orte, um den Sonnenuntergang Mallorca zu beobachten"},"content":{"rendered":"\t\t<div data-elementor-type=\"wp-post\" data-elementor-id=\"1040\" class=\"elementor elementor-1040 elementor-960\" data-elementor-post-type=\"post\">\n\t\t\t\t<div class=\"elementor-element elementor-element-7b873c45 e-flex e-con-boxed e-con e-parent\" data-id=\"7b873c45\" data-element_type=\"container\" data-e-type=\"container\">\n\t\t\t\t\t<div class=\"e-con-inner\">\n\t\t\t\t<div class=\"elementor-element elementor-element-1464b3b7 elementor-widget elementor-widget-text-editor\" data-id=\"1464b3b7\" data-element_type=\"widget\" data-e-type=\"widget\" data-widget_type=\"text-editor.default\">\n\t\t\t\t<div class=\"elementor-widget-container\">\n\t\t\t\t\t\t\t\t\t<p><span style=\"font-weight: 400;\">Wir m\u00f6chten nicht zu nostalgisch werden, aber&#8230; <\/span><b>wer erinnert sich nicht an seine erste Liebe?<\/b><span style=\"font-weight: 400;\"> Diese Momente der Adoleszenz oder Jugend, die nerv\u00f6sen Blicke, der erste Kuss, sind zweifellos unvergesslich in unserem Ged\u00e4chtnis.<\/span><\/p>\n<p><span style=\"font-weight: 400;\">Und, h\u00f6ren Sie, es ist offensichtlich, dass nicht all diese Momente gleicherma\u00dfen idyllisch sind, aber <\/span><b>viele von ihnen fanden sicherlich vor einem Sonnenuntergang statt.<\/b><span style=\"font-weight: 400;\"> Jener Augenblick, in dem der gro\u00dfe leuchtende Stern sich zu verbergen beginnt und ein unglaubliches Licht am Himmel hinterl\u00e4sst. <\/span>  <\/p>\n<p><span style=\"font-weight: 400;\">Heute <\/span><b>m\u00f6chten wir mit Ihnen \u00fcber jenen Sonnenuntergang Mallorca sprechen <\/b>  <span style=\"font-weight: 400;\">und dar\u00fcber, wo man den Sonnenuntergang auf einer der sch\u00f6nsten Inseln der Welt beobachten kann. Nehmen Sie sich eine Notiz, wenn Sie sich erneut verlieben m\u00f6chten!  <\/span><\/p>\n\t\t\t\t\t\t\t\t<\/div>\n\t\t\t\t<\/div>\n\t\t\t\t\t<\/div>\n\t\t\t\t<\/div>\n\t\t<div class=\"elementor-element elementor-element-5a3dcc04 e-flex e-con-boxed e-con e-parent\" data-id=\"5a3dcc04\" data-element_type=\"container\" data-e-type=\"container\">\n\t\t\t\t\t<div class=\"e-con-inner\">\n\t\t\t\t<div class=\"elementor-element elementor-element-4fe5c954 elementor-widget elementor-widget-table-of-contents\" data-id=\"4fe5c954\" data-element_type=\"widget\" data-e-type=\"widget\" data-settings=\"{&quot;headings_by_tags&quot;:[&quot;h2&quot;,&quot;h3&quot;],&quot;exclude_headings_by_selector&quot;:[],&quot;marker_view&quot;:&quot;bullets&quot;,&quot;icon&quot;:{&quot;value&quot;:&quot;&quot;,&quot;library&quot;:&quot;&quot;},&quot;no_headings_message&quot;:&quot;No headings were found on this page.&quot;,&quot;hierarchical_view&quot;:&quot;yes&quot;,&quot;min_height&quot;:{&quot;unit&quot;:&quot;px&quot;,&quot;size&quot;:&quot;&quot;,&quot;sizes&quot;:[]},&quot;min_height_tablet&quot;:{&quot;unit&quot;:&quot;px&quot;,&quot;size&quot;:&quot;&quot;,&quot;sizes&quot;:[]},&quot;min_height_mobile&quot;:{&quot;unit&quot;:&quot;px&quot;,&quot;size&quot;:&quot;&quot;,&quot;sizes&quot;:[]}}\" data-widget_type=\"table-of-contents.default\">\n\t\t\t\t<div class=\"elementor-widget-container\">\n\t\t\t\t\t\t\t\t\t<div class=\"elementor-toc__header\">\n\t\t\t\t\t\t<div class=\"elementor-toc__header-title\">\n\t\t\t\tInhaltsverzeichnis\t\t\t<\/div>\n\t\t\t\t\t\t\t\t<\/div>\n\t\t\t\t<div id=\"elementor-toc__4fe5c954\" class=\"elementor-toc__body\">\n\t\t\t<div class=\"elementor-toc__spinner-container\">\n\t\t\t\t<svg class=\"elementor-toc__spinner eicon-animation-spin e-font-icon-svg e-eicon-loading\" aria-hidden=\"true\" viewBox=\"0 0 1000 1000\" xmlns=\"http:\/\/www.w3.org\/2000\/svg\"><path d=\"M500 975V858C696 858 858 696 858 500S696 142 500 142 142 304 142 500H25C25 237 238 25 500 25S975 237 975 500 763 975 500 975Z\"><\/path><\/svg>\t\t\t<\/div>\n\t\t<\/div>\n\t\t\t\t\t\t<\/div>\n\t\t\t\t<\/div>\n\t\t\t\t\t<\/div>\n\t\t\t\t<\/div>\n\t\t<div class=\"elementor-element elementor-element-2a457829 e-flex e-con-boxed e-con e-parent\" data-id=\"2a457829\" data-element_type=\"container\" data-e-type=\"container\">\n\t\t\t\t\t<div class=\"e-con-inner\">\n\t\t\t\t<div class=\"elementor-element elementor-element-64fe0bfe elementor-widget elementor-widget-heading\" data-id=\"64fe0bfe\" data-element_type=\"widget\" data-e-type=\"widget\" data-widget_type=\"heading.default\">\n\t\t\t\t<div class=\"elementor-widget-container\">\n\t\t\t\t\t<h2 class=\"elementor-heading-title elementor-size-default\">Die besten Orte, um den Sonnenuntergang Mallorca zu beobachten\n<\/h2>\t\t\t\t<\/div>\n\t\t\t\t<\/div>\n\t\t\t\t<div class=\"elementor-element elementor-element-5ab60a95 elementor-widget elementor-widget-text-editor\" data-id=\"5ab60a95\" data-element_type=\"widget\" data-e-type=\"widget\" data-widget_type=\"text-editor.default\">\n\t\t\t\t<div class=\"elementor-widget-container\">\n\t\t\t\t\t\t\t\t\t<p><span style=\"font-weight: 400;\">Wir erfinden das Rad nicht neu, wenn wir Ihnen mitteilen, dass Mallorca <\/span><b>einige der spektakul\u00e4rsten Kulissen in unserer gesamten Geographie bietet, <\/b><span style=\"font-weight: 400;\">um einen unvergesslichen Sonnenuntergang zu genie\u00dfen. <\/span>  <\/p>\n<p><span style=\"font-weight: 400;\">Wenn wir eine Rangfolge der herausragendsten erstellen m\u00fcssten, <\/span><b>sollten wir Sa Foradada in Deia an die erste Stelle setzen,<\/b><span style=\"font-weight: 400;\">  ein Aussichtspunkt, der f\u00fcr seinen ikonischen durchl\u00f6cherten Felsen ber\u00fchmt ist. Wenn die Sonne untergeht, zeichnet sie sich gegen den Himmel ab und kreiert ein Lichtspektakel, das anderswo sehr schwer zu sehen ist. Zu 100% empfohlen.   <\/span><\/p>\n<p><b>Ein weiterer erstklassiger Ort auf Mallorca ist Sant Elm<\/b><span style=\"font-weight: 400;\">, wo Sie beobachten k\u00f6nnen, wie die Sonne hinter der Insel Sa Dragonera verschwindet. Hier haben Sie Panoramablicke vom Strand aus oder, wenn Sie es vorziehen, k\u00f6nnen Sie diese auch von einem der Restaurants des Dorfes aus genie\u00dfen. Ja, ein Sonnenuntergang Mallorca schmeckt besser mit einem k\u00fchlen Getr\u00e4nk in der Hand.   <\/span><\/p>\n<p><span style=\"font-weight: 400;\">Achtung, denn diese Option k\u00f6nnte nicht f\u00fcr jeden geeignet sein. <\/span><b>Wenn Sie H\u00f6hen m\u00f6gen, ist Cap de Formentor ideal f\u00fcr Sie.<\/b><span style=\"font-weight: 400;\">  Wir kennen diesen Punkt als &#8220;das Treffen der Winde&#8221;, und hinter diesem besonderen Namen verbergen sich Ausblicke auf das Mittelmeer mit lebhaften Farben und einer angenehmen Brise. <\/span><\/p>\n<p><span style=\"font-weight: 400;\">Schlie\u00dflich <\/span><b>haben wir den Strand Es Trenc,<\/b><span style=\"font-weight: 400;\"> mit warmen T\u00f6nen, die das Meer und den Sand beleuchten.<\/span> <span style=\"font-weight: 400;\">Es ist durchaus ein Erlebnis, ihn zu besuchen und den Sonnenuntergang zu beobachten, w\u00e4hrend man dem Rauschen der Wellen lauscht. <\/span>  <\/p>\n\t\t\t\t\t\t\t\t<\/div>\n\t\t\t\t<\/div>\n\t\t\t\t\t<\/div>\n\t\t\t\t<\/div>\n\t\t<div class=\"elementor-element elementor-element-0e47d4b e-flex e-con-boxed e-con e-parent\" data-id=\"0e47d4b\" data-element_type=\"container\" data-e-type=\"container\">\n\t\t\t\t\t<div class=\"e-con-inner\">\n\t\t\t\t<div class=\"elementor-element elementor-element-379bc4b elementor-widget elementor-widget-image\" data-id=\"379bc4b\" data-element_type=\"widget\" data-e-type=\"widget\" data-widget_type=\"image.default\">\n\t\t\t\t<div class=\"elementor-widget-container\">\n\t\t\t\t\t\t\t\t\t\t\t\t\t\t\t<img fetchpriority=\"high\" decoding=\"async\" width=\"1253\" height=\"626\" src=\"https:\/\/rentallorca.com\/blog\/wp-content\/uploads\/2025\/03\/atardecer-mallorca.jpg\" class=\"attachment-full size-full wp-image-1017\" alt=\"atardecer-mallorca.jpg\" srcset=\"https:\/\/rentallorca.com\/blog\/wp-content\/uploads\/2025\/03\/atardecer-mallorca.jpg 1253w, https:\/\/rentallorca.com\/blog\/wp-content\/uploads\/2025\/03\/atardecer-mallorca-300x150.jpg 300w, https:\/\/rentallorca.com\/blog\/wp-content\/uploads\/2025\/03\/atardecer-mallorca-1024x512.jpg 1024w, https:\/\/rentallorca.com\/blog\/wp-content\/uploads\/2025\/03\/atardecer-mallorca-768x384.jpg 768w\" sizes=\"(max-width: 1253px) 100vw, 1253px\" \/>\t\t\t\t\t\t\t\t\t\t\t\t\t\t\t<\/div>\n\t\t\t\t<\/div>\n\t\t\t\t\t<\/div>\n\t\t\t\t<\/div>\n\t\t<div class=\"elementor-element elementor-element-5e73820b e-flex e-con-boxed e-con e-parent\" data-id=\"5e73820b\" data-element_type=\"container\" data-e-type=\"container\">\n\t\t\t\t\t<div class=\"e-con-inner\">\n\t\t\t\t<div class=\"elementor-element elementor-element-63c1eabc elementor-widget elementor-widget-heading\" data-id=\"63c1eabc\" data-element_type=\"widget\" data-e-type=\"widget\" data-widget_type=\"heading.default\">\n\t\t\t\t<div class=\"elementor-widget-container\">\n\t\t\t\t\t<h2 class=\"elementor-heading-title elementor-size-default\">Welcher ist der beste Sonnenuntergang auf der Insel?\n<\/h2>\t\t\t\t<\/div>\n\t\t\t\t<\/div>\n\t\t\t\t<div class=\"elementor-element elementor-element-16cff83 elementor-widget elementor-widget-text-editor\" data-id=\"16cff83\" data-element_type=\"widget\" data-e-type=\"widget\" data-widget_type=\"text-editor.default\">\n\t\t\t\t<div class=\"elementor-widget-container\">\n\t\t\t\t\t\t\t\t\t<p><span style=\"font-weight: 400;\">Ihnen eine Antwort auf diese Frage zu geben, ist wirklich kompliziert, da der beste Sonnenuntergang weitgehend von Ihren Vorlieben und den Erfahrungen abh\u00e4ngen kann, die Sie in jeder Situation gemacht haben. Dennoch m\u00fcssen wir zugeben, dass  <\/span><b>  der Aussichtspunkt Sa Foradada von vielen unserer Besucher als einer der emblematischsten betrachtet wird. <\/b><\/p>\n<p><span style=\"font-weight: 400;\">Dieser <\/span><span style=\"font-weight: 400;\">befindet sich zwischen Dei\u00e0 und Valldemossa im Tramuntana-Gebirge <\/span><b>und bietet beeindruckende Ausblicke auf das Meer und die Klippe. <\/b>  <span style=\"font-weight: 400;\">Denken Sie auch daran, dass er ein gro\u00dfes Loch im Felsen hat, das bei Sonnenuntergang mit lebhaften Farben beleuchtet wird. Wir bestehen darauf, dass es etwas ist, das Sie nicht verpassen sollten.  <\/span><\/p>\n\t\t\t\t\t\t\t\t<\/div>\n\t\t\t\t<\/div>\n\t\t\t\t\t<\/div>\n\t\t\t\t<\/div>\n\t\t<div class=\"elementor-element elementor-element-0b46df1 e-flex e-con-boxed e-con e-parent\" data-id=\"0b46df1\" data-element_type=\"container\" data-e-type=\"container\">\n\t\t\t\t\t<div class=\"e-con-inner\">\n\t\t\t\t<div class=\"elementor-element elementor-element-f3c911b elementor-widget elementor-widget-heading\" data-id=\"f3c911b\" data-element_type=\"widget\" data-e-type=\"widget\" data-widget_type=\"heading.default\">\n\t\t\t\t<div class=\"elementor-widget-container\">\n\t\t\t\t\t<h2 class=\"elementor-heading-title elementor-size-default\">Strand-Sonnenunterg\u00e4nge vs. Bergsonnenunterg\u00e4nge\n<\/h2>\t\t\t\t<\/div>\n\t\t\t\t<\/div>\n\t\t\t\t<div class=\"elementor-element elementor-element-cde1126 elementor-widget elementor-widget-text-editor\" data-id=\"cde1126\" data-element_type=\"widget\" data-e-type=\"widget\" data-widget_type=\"text-editor.default\">\n\t\t\t\t<div class=\"elementor-widget-container\">\n\t\t\t\t\t\t\t\t\t<p><span style=\"font-weight: 400;\">Eine der Fragen, die uns Menschen, die Mallorca besuchen m\u00f6chten, am h\u00e4ufigsten stellen, ist, was besser ist: <\/span><b>ein Sonnenuntergang am Strand oder ein Sonnenuntergang in den Bergen. <\/b><span style=\"font-weight: 400;\">Ja, glauben Sie es oder nicht, es gibt Menschen, die sich sehr um diese Angelegenheiten sorgen, und es ist kein Wunder, denn wenn Sie einen Sonnenuntergang genie\u00dfen wollen&#8230; dann sollten Sie es richtig machen.<\/span><\/p>\n\t\t\t\t\t\t\t\t<\/div>\n\t\t\t\t<\/div>\n\t\t\t\t\t<\/div>\n\t\t\t\t<\/div>\n\t\t<div class=\"elementor-element elementor-element-92032ff e-flex e-con-boxed e-con e-parent\" data-id=\"92032ff\" data-element_type=\"container\" data-e-type=\"container\">\n\t\t\t\t\t<div class=\"e-con-inner\">\n\t\t<div class=\"elementor-element elementor-element-d552ae9 e-con-full e-flex e-con e-child\" data-id=\"d552ae9\" data-element_type=\"container\" data-e-type=\"container\">\n\t\t\t\t<div class=\"elementor-element elementor-element-a3a813e elementor-widget elementor-widget-heading\" data-id=\"a3a813e\" data-element_type=\"widget\" data-e-type=\"widget\" data-widget_type=\"heading.default\">\n\t\t\t\t<div class=\"elementor-widget-container\">\n\t\t\t\t\t<h3 class=\"elementor-heading-title elementor-size-default\">Strand-Sonnenunterg\u00e4nge \n<\/h3>\t\t\t\t<\/div>\n\t\t\t\t<\/div>\n\t\t\t\t<div class=\"elementor-element elementor-element-ef117e6 elementor-widget elementor-widget-image\" data-id=\"ef117e6\" data-element_type=\"widget\" data-e-type=\"widget\" data-widget_type=\"image.default\">\n\t\t\t\t<div class=\"elementor-widget-container\">\n\t\t\t\t\t\t\t\t\t\t\t\t\t\t\t<img decoding=\"async\" width=\"724\" height=\"361\" src=\"https:\/\/rentallorca.com\/blog\/wp-content\/uploads\/2025\/03\/Atardeceres-en-la-playa-mallorca.jpg\" class=\"attachment-large size-large wp-image-1014\" alt=\"Atardeceres-en-la-playa-mallorca.jpg\" srcset=\"https:\/\/rentallorca.com\/blog\/wp-content\/uploads\/2025\/03\/Atardeceres-en-la-playa-mallorca.jpg 724w, https:\/\/rentallorca.com\/blog\/wp-content\/uploads\/2025\/03\/Atardeceres-en-la-playa-mallorca-300x150.jpg 300w\" sizes=\"(max-width: 724px) 100vw, 724px\" \/>\t\t\t\t\t\t\t\t\t\t\t\t\t\t\t<\/div>\n\t\t\t\t<\/div>\n\t\t\t\t<div class=\"elementor-element elementor-element-2d22f2f elementor-widget elementor-widget-text-editor\" data-id=\"2d22f2f\" data-element_type=\"widget\" data-e-type=\"widget\" data-widget_type=\"text-editor.default\">\n\t\t\t\t<div class=\"elementor-widget-container\">\n\t\t\t\t\t\t\t\t\t<p><span style=\"font-weight: 400;\">Diese sind besonders beliebt, da sie einen zus\u00e4tzlichen Hauch von Ruhe und Romantik verleihen. Solange der Strand nicht zu \u00fcberf\u00fcllt ist,  <\/span><b>k\u00f6nnen Sie Orte wie Sant Elm und Es Trenc aufsuchen, um diesen magischen Moment zu genie\u00dfen, <\/b><span style=\"font-weight: 400;\">wenn die Sonne im Meer versinkt.<\/span><\/p>\n<p><span style=\"font-weight: 400;\">Die Farben des Sonnenuntergangs spiegeln sich auf einzigartige und unterschiedliche Weise im Strandsand wider. Aus unserer Sicht ist es ein Moment, der vielleicht nicht die besten Aussichten bietet, aber  <\/span><b>ideal ist, um sich zu entspannen und die Gelassenheit des Meeres zu genie\u00dfen <\/b><span style=\"font-weight: 400;\">mit Ihrem Partner, Ihrer Familie oder, warum nicht, allein.<\/span><\/p>\n\t\t\t\t\t\t\t\t<\/div>\n\t\t\t\t<\/div>\n\t\t\t\t<\/div>\n\t\t<div class=\"elementor-element elementor-element-777b606 e-con-full e-flex e-con e-child\" data-id=\"777b606\" data-element_type=\"container\" data-e-type=\"container\">\n\t\t\t\t<div class=\"elementor-element elementor-element-b30babb elementor-widget elementor-widget-heading\" data-id=\"b30babb\" data-element_type=\"widget\" data-e-type=\"widget\" data-widget_type=\"heading.default\">\n\t\t\t\t<div class=\"elementor-widget-container\">\n\t\t\t\t\t<h3 class=\"elementor-heading-title elementor-size-default\">Bergsonnenunterg\u00e4nge\n<\/h3>\t\t\t\t<\/div>\n\t\t\t\t<\/div>\n\t\t\t\t<div class=\"elementor-element elementor-element-59f0daa elementor-widget elementor-widget-image\" data-id=\"59f0daa\" data-element_type=\"widget\" data-e-type=\"widget\" data-widget_type=\"image.default\">\n\t\t\t\t<div class=\"elementor-widget-container\">\n\t\t\t\t\t\t\t\t\t\t\t\t\t\t\t<img decoding=\"async\" width=\"724\" height=\"361\" src=\"https:\/\/rentallorca.com\/blog\/wp-content\/uploads\/2025\/03\/cap-formentor.jpg\" class=\"attachment-large size-large wp-image-1011\" alt=\"cap-formentor.jpg\" srcset=\"https:\/\/rentallorca.com\/blog\/wp-content\/uploads\/2025\/03\/cap-formentor.jpg 724w, https:\/\/rentallorca.com\/blog\/wp-content\/uploads\/2025\/03\/cap-formentor-300x150.jpg 300w\" sizes=\"(max-width: 724px) 100vw, 724px\" \/>\t\t\t\t\t\t\t\t\t\t\t\t\t\t\t<\/div>\n\t\t\t\t<\/div>\n\t\t\t\t<div class=\"elementor-element elementor-element-54ccbda elementor-widget elementor-widget-text-editor\" data-id=\"54ccbda\" data-element_type=\"widget\" data-e-type=\"widget\" data-widget_type=\"text-editor.default\">\n\t\t\t\t<div class=\"elementor-widget-container\">\n\t\t\t\t\t\t\t\t\t<p><span style=\"font-weight: 400;\">Bergsonnenunterg\u00e4nge sind Ihre Option,<\/span><b> wenn Sie eine panoramischere Perspektive bevorzugen.<\/b><span style=\"font-weight: 400;\"> In den Bergen werden Sie stets die besten Sonnenuntergangsaussichten auf Mallorca haben.<\/span> <\/p>\n<p><span style=\"font-weight: 400;\">Wie wir zuvor erw\u00e4hnten,<\/span><b> werden Ihnen Orte wie Sa Foradada oder Cap de Formentor einen unvergleichlichen Blick auf die Sonne bieten<\/b> <span style=\"font-weight: 400;\">da es sich hinter den Klippen und anderen Bergen der Insel verbirgt. Dieses visuelle Spektakel ist beeindruckend, da Sie die bergige Natur mit dem in der Ferne liegenden Meer verbinden werden.  <\/span><\/p>\n<p><span style=\"font-weight: 400;\">Ungeachtet dessen, dass wir Ihnen diese Empfehlungen geben,<\/span><b> liegt die Entscheidung, wo Sie den Sonnenuntergang auf Mallorca betrachten m\u00f6chten, allein bei Ihnen<\/b><span style=\"font-weight: 400;\">  (oder bei Ihnen kollektiv, abh\u00e4ngig davon, mit wem Sie sich in Begleitung befinden). Treffen Sie Ihre Wahl basierend auf Ihren Pr\u00e4ferenzen und pers\u00f6nlichen Vorlieben oder, warum nicht, probieren Sie mehrere Orte aus, indem Sie an verschiedenen Tagen dorthin gehen.  <\/span><\/p>\n\t\t\t\t\t\t\t\t<\/div>\n\t\t\t\t<\/div>\n\t\t\t\t<\/div>\n\t\t\t\t\t<\/div>\n\t\t\t\t<\/div>\n\t\t<div class=\"elementor-element elementor-element-b824fb4 e-flex e-con-boxed e-con e-parent\" data-id=\"b824fb4\" data-element_type=\"container\" data-e-type=\"container\">\n\t\t\t\t\t<div class=\"e-con-inner\">\n\t\t\t\t<div class=\"elementor-element elementor-element-5129ef4 elementor-widget elementor-widget-heading\" data-id=\"5129ef4\" data-element_type=\"widget\" data-e-type=\"widget\" data-widget_type=\"heading.default\">\n\t\t\t\t<div class=\"elementor-widget-container\">\n\t\t\t\t\t<h2 class=\"elementor-heading-title elementor-size-default\">3 Tipps f\u00fcr die Aufnahme spektakul\u00e4rer Fotografien\n<\/h2>\t\t\t\t<\/div>\n\t\t\t\t<\/div>\n\t\t\t\t<div class=\"elementor-element elementor-element-27ba5f9 elementor-widget elementor-widget-text-editor\" data-id=\"27ba5f9\" data-element_type=\"widget\" data-e-type=\"widget\" data-widget_type=\"text-editor.default\">\n\t\t\t\t<div class=\"elementor-widget-container\">\n\t\t\t\t\t\t\t\t\t<p><span style=\"font-weight: 400;\">Wenn Sie den mallorquinischen Sonnenuntergang auf eine besondere Art und Weise festhalten m\u00f6chten, hier einige einfache Tricks, um Ihre Fotografien auf ein h\u00f6heres Niveau zu bringen:<\/span><\/p>\n<ul>\n<li style=\"font-weight: 400;\" aria-level=\"1\"><b>Nutzen Sie die &#8220;Goldene Stunde&#8221;:<\/b><span style=\"font-weight: 400;\">  falls Sie jemals auf einem etwas anspruchsvolleren Niveau fotografiert haben, haben Sie m\u00f6glicherweise von dieser Tageszeit geh\u00f6rt. Hier werden Sie weiches, goldenes Licht (wie der Name schon sagt) kurz vor und nach dem Sonnenuntergang vorfinden. Auf diese Weise k\u00f6nnen Sie magische Bilder mit warmem Licht einfangen, das die Farben der Landschaft verst\u00e4rkt.   <\/span><\/li>\n<li style=\"font-weight: 400;\" aria-level=\"1\"><b>Experimentieren Sie mit Blickwinkeln und Kompositionen<\/b><span style=\"font-weight: 400;\">: Vergessen Sie nicht, stets die Drittel-Regel zu befolgen, um Ihre Fotos zu komponieren, wobei Sie die wichtigsten Elemente im oberen Drittel platzieren. Bedenken Sie, dass Sie mit einem Teleobjektiv spezifische Details hervorheben k\u00f6nnen, aber wenn Sie ein Foto der gesamten Landschaft aufnehmen m\u00f6chten, ben\u00f6tigen Sie m\u00f6glicherweise ein Weitwinkelobjektiv. Gl\u00fccklicherweise sind moderne Smartphones mehr als ausreichend ausgestattet.   <\/span><\/li>\n<li style=\"font-weight: 400;\" aria-level=\"1\"><b>Kontrollieren Sie die Belichtung und verwenden Sie Filter<\/b><span style=\"font-weight: 400;\">: Als Profi-Tipp versuchen Sie, die Belichtung anzupassen, um \u00dcberbelichtungen zu vermeiden, besonders wenn sich die Sonne im Bildausschnitt befindet. Verwenden Sie Filter wie Polarisationsfilter oder Grauverlaufsfilter, um Kontraste auszugleichen und die Farben des Himmels zu verst\u00e4rken.  <\/span><\/li>\n<\/ul>\n\t\t\t\t\t\t\t\t<\/div>\n\t\t\t\t<\/div>\n\t\t\t\t\t<\/div>\n\t\t\t\t<\/div>\n\t\t<div class=\"elementor-element elementor-element-65b7891 e-flex e-con-boxed e-con e-parent\" data-id=\"65b7891\" data-element_type=\"container\" data-e-type=\"container\">\n\t\t\t\t\t<div class=\"e-con-inner\">\n\t\t\t\t<div class=\"elementor-element elementor-element-b9296d1 elementor-widget elementor-widget-heading\" data-id=\"b9296d1\" data-element_type=\"widget\" data-e-type=\"widget\" data-widget_type=\"heading.default\">\n\t\t\t\t<div class=\"elementor-widget-container\">\n\t\t\t\t\t<h2 class=\"elementor-heading-title elementor-size-default\">Warum sind Sonnenunterg\u00e4nge Mallorca unvergesslich?\n<\/h2>\t\t\t\t<\/div>\n\t\t\t\t<\/div>\n\t\t\t\t<div class=\"elementor-element elementor-element-b6d50cd elementor-widget elementor-widget-text-editor\" data-id=\"b6d50cd\" data-element_type=\"widget\" data-e-type=\"widget\" data-widget_type=\"text-editor.default\">\n\t\t\t\t<div class=\"elementor-widget-container\">\n\t\t\t\t\t\t\t\t\t<p><span style=\"font-weight: 400;\">Nun, da Sie wissen, wo Sie den Sonnenuntergang Mallorca beobachten k\u00f6nnen, m\u00fcssen wir Ihnen das Offensichtliche mitteilen. Und zwar, um Ihr Erlebnis auf der Insel vollst\u00e4ndig genie\u00dfen zu k\u00f6nnen,  <\/span><b>  ben\u00f6tigen Sie eine Unterkunft, die diesem Anspruch gerecht wird. <\/b><\/p>\n<p><b>Kontaktieren Sie uns, um Ihre Unterkunft auf Mallorca zu buchen<\/b><span style=\"font-weight: 400;\">  und in den umliegenden Gebieten, bevor sie vollst\u00e4ndig ausgebucht sind. Erleben Sie den Sonnenuntergang der Insel in bester Gesellschaft und kehren Sie stets in eine Unterkunft zur\u00fcck, die Ihren Bed\u00fcrfnissen entspricht.  <\/span><\/p>\n\t\t\t\t\t\t\t\t<\/div>\n\t\t\t\t<\/div>\n\t\t\t\t\t<\/div>\n\t\t\t\t<\/div>\n\t\t<div class=\"elementor-element elementor-element-370260ad e-flex e-con-boxed e-con e-parent\" data-id=\"370260ad\" data-element_type=\"container\" data-e-type=\"container\">\n\t\t\t\t\t<div class=\"e-con-inner\">\n\t\t\t\t<div class=\"elementor-element elementor-element-42e51ed6 elementor-widget elementor-widget-shortcode\" data-id=\"42e51ed6\" data-element_type=\"widget\" data-e-type=\"widget\" data-widget_type=\"shortcode.default\">\n\t\t\t\t<div class=\"elementor-widget-container\">\n\t\t\t\t\t\t\t<div class=\"elementor-shortcode\">\t\t<div data-elementor-type=\"page\" data-elementor-id=\"269\" class=\"elementor elementor-269 elementor-169 elementor-169\" data-elementor-post-type=\"elementor_library\">\n\t\t\t\t<div class=\"elementor-element elementor-element-3e3fb32 e-flex e-con-boxed e-con e-parent\" data-id=\"3e3fb32\" data-element_type=\"container\" data-e-type=\"container\">\n\t\t\t\t\t<div class=\"e-con-inner\">\n\t\t<div class=\"elementor-element elementor-element-1e7a903 e-con-full e-flex e-con e-child\" data-id=\"1e7a903\" data-element_type=\"container\" data-e-type=\"container\">\n\t\t\t\t<div class=\"elementor-element elementor-element-79f0d3f elementor-align-justify elementor-widget elementor-widget-button\" data-id=\"79f0d3f\" data-element_type=\"widget\" data-e-type=\"widget\" data-widget_type=\"button.default\">\n\t\t\t\t<div class=\"elementor-widget-container\">\n\t\t\t\t\t\t\t\t\t<div class=\"elementor-button-wrapper\">\n\t\t\t\t\t<a class=\"elementor-button elementor-button-link elementor-size-sm\" href=\"https:\/\/rentallorca.com\/de\/vermietung\/vermietungen-alcudia-d1098\/\">\n\t\t\t\t\t\t<span class=\"elementor-button-content-wrapper\">\n\t\t\t\t\t\t\t\t\t<span class=\"elementor-button-text\">Unterk\u00fcnfte in Alcudia<\/span>\n\t\t\t\t\t<\/span>\n\t\t\t\t\t<\/a>\n\t\t\t\t<\/div>\n\t\t\t\t\t\t\t\t<\/div>\n\t\t\t\t<\/div>\n\t\t\t\t<\/div>\n\t\t<div class=\"elementor-element elementor-element-c5d0b1c e-con-full e-flex e-con e-child\" data-id=\"c5d0b1c\" data-element_type=\"container\" data-e-type=\"container\">\n\t\t\t\t<div class=\"elementor-element elementor-element-c044b9b elementor-align-justify elementor-widget elementor-widget-button\" data-id=\"c044b9b\" data-element_type=\"widget\" data-e-type=\"widget\" data-widget_type=\"button.default\">\n\t\t\t\t<div class=\"elementor-widget-container\">\n\t\t\t\t\t\t\t\t\t<div class=\"elementor-button-wrapper\">\n\t\t\t\t\t<a class=\"elementor-button elementor-button-link elementor-size-sm\" href=\"https:\/\/rentallorca.com\/de\/vermietung\/ferienhauser-alcudia-c19d1098\/\">\n\t\t\t\t\t\t<span class=\"elementor-button-content-wrapper\">\n\t\t\t\t\t\t\t\t\t<span class=\"elementor-button-text\">H\u00e4user in Alcudia<\/span>\n\t\t\t\t\t<\/span>\n\t\t\t\t\t<\/a>\n\t\t\t\t<\/div>\n\t\t\t\t\t\t\t\t<\/div>\n\t\t\t\t<\/div>\n\t\t\t\t<\/div>\n\t\t<div class=\"elementor-element elementor-element-cbd8222 e-con-full e-flex e-con e-child\" data-id=\"cbd8222\" data-element_type=\"container\" data-e-type=\"container\">\n\t\t\t\t<div class=\"elementor-element elementor-element-7287580 elementor-align-justify elementor-widget elementor-widget-button\" data-id=\"7287580\" data-element_type=\"widget\" data-e-type=\"widget\" data-widget_type=\"button.default\">\n\t\t\t\t<div class=\"elementor-widget-container\">\n\t\t\t\t\t\t\t\t\t<div class=\"elementor-button-wrapper\">\n\t\t\t\t\t<a class=\"elementor-button elementor-button-link elementor-size-sm\" href=\"https:\/\/rentallorca.com\/de\/vermietung\/fincas-alcudia-c22d1098\/\">\n\t\t\t\t\t\t<span class=\"elementor-button-content-wrapper\">\n\t\t\t\t\t\t\t\t\t<span class=\"elementor-button-text\">Bauernh\u00f6fe in Alcudia<\/span>\n\t\t\t\t\t<\/span>\n\t\t\t\t\t<\/a>\n\t\t\t\t<\/div>\n\t\t\t\t\t\t\t\t<\/div>\n\t\t\t\t<\/div>\n\t\t\t\t<\/div>\n\t\t\t\t\t<\/div>\n\t\t\t\t<\/div>\n\t\t\t\t<\/div>\n\t\t<\/div>\n\t\t\t\t\t\t<\/div>\n\t\t\t\t<\/div>\n\t\t\t\t\t<\/div>\n\t\t\t\t<\/div>\n\t\t\t\t<\/div>\n\t\t","protected":false},"excerpt":{"rendered":"<p>Wir m\u00f6chten nicht zu nostalgisch werden, aber&#8230; wer erinnert sich nicht an seine erste Liebe? Diese Momente der Adoleszenz oder Jugend, die nerv\u00f6sen Blicke, der erste Kuss, sind zweifellos unvergesslich in unserem Ged\u00e4chtnis. Und, h\u00f6ren Sie, es ist offensichtlich, dass nicht all diese Momente gleicherma\u00dfen idyllisch sind, aber viele von ihnen fanden sicherlich vor einem [&hellip;]<\/p>\n","protected":false},"author":3,"featured_media":1020,"comment_status":"open","ping_status":"open","sticky":false,"template":"","format":"standard","meta":{"footnotes":""},"categories":[],"tags":[],"class_list":["post-1040","post","type-post","status-publish","format-standard","has-post-thumbnail","hentry"],"yoast_head":"<!-- This site is optimized with the Yoast SEO plugin v27.5 - https:\/\/yoast.com\/product\/yoast-seo-wordpress\/ -->\n<title>Die besten Orte, um den Sonnenuntergang Mallorca zu beobachten<\/title>\n<meta name=\"description\" content=\"Genie\u00dfen Sie den sch\u00f6nsten Sonnenuntergang Mallorca mit spektakul\u00e4ren Ausblicken, die Sie an den bezauberndsten Orten der Insel.\" \/>\n<meta name=\"robots\" content=\"index, follow, max-snippet:-1, max-image-preview:large, max-video-preview:-1\" \/>\n<link rel=\"canonical\" href=\"https:\/\/rentallorca.com\/blog\/de\/die-besten-orte-um-den-sonnenuntergang-mallorca-zu-beobachten\/\" \/>\n<meta property=\"og:locale\" content=\"de_DE\" \/>\n<meta property=\"og:type\" content=\"article\" \/>\n<meta property=\"og:title\" content=\"Die besten Orte, um den Sonnenuntergang Mallorca zu beobachten\" \/>\n<meta property=\"og:description\" content=\"Genie\u00dfen Sie den sch\u00f6nsten Sonnenuntergang Mallorca mit spektakul\u00e4ren Ausblicken, die Sie an den bezauberndsten Orten der Insel.\" \/>\n<meta property=\"og:url\" content=\"https:\/\/rentallorca.com\/blog\/de\/die-besten-orte-um-den-sonnenuntergang-mallorca-zu-beobachten\/\" \/>\n<meta property=\"og:site_name\" content=\"Blog\" \/>\n<meta property=\"article:published_time\" content=\"2025-03-12T13:07:32+00:00\" \/>\n<meta property=\"article:modified_time\" content=\"2025-08-14T07:25:13+00:00\" \/>\n<meta property=\"og:image\" content=\"https:\/\/rentallorca.com\/blog\/wp-content\/uploads\/2025\/03\/Atardeceres-mallorca.jpg\" \/>\n\t<meta property=\"og:image:width\" content=\"1920\" \/>\n\t<meta property=\"og:image:height\" content=\"640\" \/>\n\t<meta property=\"og:image:type\" content=\"image\/jpeg\" \/>\n<meta name=\"author\" content=\"Axel\" \/>\n<meta name=\"twitter:card\" content=\"summary_large_image\" \/>\n<meta name=\"twitter:label1\" content=\"Written by\" \/>\n\t<meta name=\"twitter:data1\" content=\"Axel\" \/>\n\t<meta name=\"twitter:label2\" content=\"Est. reading time\" \/>\n\t<meta name=\"twitter:data2\" content=\"7 minutes\" \/>\n<script type=\"application\/ld+json\" class=\"yoast-schema-graph\">{\"@context\":\"https:\\\/\\\/schema.org\",\"@graph\":[{\"@type\":\"Article\",\"@id\":\"https:\\\/\\\/rentallorca.com\\\/blog\\\/de\\\/die-besten-orte-um-den-sonnenuntergang-mallorca-zu-beobachten\\\/#article\",\"isPartOf\":{\"@id\":\"https:\\\/\\\/rentallorca.com\\\/blog\\\/de\\\/die-besten-orte-um-den-sonnenuntergang-mallorca-zu-beobachten\\\/\"},\"author\":{\"name\":\"Axel\",\"@id\":\"https:\\\/\\\/rentallorca.com\\\/blog\\\/de\\\/#\\\/schema\\\/person\\\/8c5ebe5bf8d43e9757ab6869e1d4cbe4\"},\"headline\":\"Die besten Orte, um den Sonnenuntergang Mallorca zu beobachten\",\"datePublished\":\"2025-03-12T13:07:32+00:00\",\"dateModified\":\"2025-08-14T07:25:13+00:00\",\"mainEntityOfPage\":{\"@id\":\"https:\\\/\\\/rentallorca.com\\\/blog\\\/de\\\/die-besten-orte-um-den-sonnenuntergang-mallorca-zu-beobachten\\\/\"},\"wordCount\":1115,\"commentCount\":0,\"image\":{\"@id\":\"https:\\\/\\\/rentallorca.com\\\/blog\\\/de\\\/die-besten-orte-um-den-sonnenuntergang-mallorca-zu-beobachten\\\/#primaryimage\"},\"thumbnailUrl\":\"https:\\\/\\\/rentallorca.com\\\/blog\\\/wp-content\\\/uploads\\\/2025\\\/03\\\/Atardeceres-mallorca.jpg\",\"inLanguage\":\"de\",\"potentialAction\":[{\"@type\":\"CommentAction\",\"name\":\"Comment\",\"target\":[\"https:\\\/\\\/rentallorca.com\\\/blog\\\/de\\\/die-besten-orte-um-den-sonnenuntergang-mallorca-zu-beobachten\\\/#respond\"]}]},{\"@type\":\"WebPage\",\"@id\":\"https:\\\/\\\/rentallorca.com\\\/blog\\\/de\\\/die-besten-orte-um-den-sonnenuntergang-mallorca-zu-beobachten\\\/\",\"url\":\"https:\\\/\\\/rentallorca.com\\\/blog\\\/de\\\/die-besten-orte-um-den-sonnenuntergang-mallorca-zu-beobachten\\\/\",\"name\":\"Die besten Orte, um den Sonnenuntergang Mallorca zu beobachten\",\"isPartOf\":{\"@id\":\"https:\\\/\\\/rentallorca.com\\\/blog\\\/de\\\/#website\"},\"primaryImageOfPage\":{\"@id\":\"https:\\\/\\\/rentallorca.com\\\/blog\\\/de\\\/die-besten-orte-um-den-sonnenuntergang-mallorca-zu-beobachten\\\/#primaryimage\"},\"image\":{\"@id\":\"https:\\\/\\\/rentallorca.com\\\/blog\\\/de\\\/die-besten-orte-um-den-sonnenuntergang-mallorca-zu-beobachten\\\/#primaryimage\"},\"thumbnailUrl\":\"https:\\\/\\\/rentallorca.com\\\/blog\\\/wp-content\\\/uploads\\\/2025\\\/03\\\/Atardeceres-mallorca.jpg\",\"datePublished\":\"2025-03-12T13:07:32+00:00\",\"dateModified\":\"2025-08-14T07:25:13+00:00\",\"author\":{\"@id\":\"https:\\\/\\\/rentallorca.com\\\/blog\\\/de\\\/#\\\/schema\\\/person\\\/8c5ebe5bf8d43e9757ab6869e1d4cbe4\"},\"description\":\"Genie\u00dfen Sie den sch\u00f6nsten Sonnenuntergang Mallorca mit spektakul\u00e4ren Ausblicken, die Sie an den bezauberndsten Orten der Insel.\",\"breadcrumb\":{\"@id\":\"https:\\\/\\\/rentallorca.com\\\/blog\\\/de\\\/die-besten-orte-um-den-sonnenuntergang-mallorca-zu-beobachten\\\/#breadcrumb\"},\"inLanguage\":\"de\",\"potentialAction\":[{\"@type\":\"ReadAction\",\"target\":[\"https:\\\/\\\/rentallorca.com\\\/blog\\\/de\\\/die-besten-orte-um-den-sonnenuntergang-mallorca-zu-beobachten\\\/\"]}]},{\"@type\":\"ImageObject\",\"inLanguage\":\"de\",\"@id\":\"https:\\\/\\\/rentallorca.com\\\/blog\\\/de\\\/die-besten-orte-um-den-sonnenuntergang-mallorca-zu-beobachten\\\/#primaryimage\",\"url\":\"https:\\\/\\\/rentallorca.com\\\/blog\\\/wp-content\\\/uploads\\\/2025\\\/03\\\/Atardeceres-mallorca.jpg\",\"contentUrl\":\"https:\\\/\\\/rentallorca.com\\\/blog\\\/wp-content\\\/uploads\\\/2025\\\/03\\\/Atardeceres-mallorca.jpg\",\"width\":1920,\"height\":640,\"caption\":\"Atardeceres mallorca\"},{\"@type\":\"BreadcrumbList\",\"@id\":\"https:\\\/\\\/rentallorca.com\\\/blog\\\/de\\\/die-besten-orte-um-den-sonnenuntergang-mallorca-zu-beobachten\\\/#breadcrumb\",\"itemListElement\":[{\"@type\":\"ListItem\",\"position\":1,\"name\":\"Home\",\"item\":\"https:\\\/\\\/rentallorca.com\\\/blog\\\/de\\\/\"},{\"@type\":\"ListItem\",\"position\":2,\"name\":\"Die besten Orte, um den Sonnenuntergang Mallorca zu beobachten\"}]},{\"@type\":\"WebSite\",\"@id\":\"https:\\\/\\\/rentallorca.com\\\/blog\\\/de\\\/#website\",\"url\":\"https:\\\/\\\/rentallorca.com\\\/blog\\\/de\\\/\",\"name\":\"Blog\",\"description\":\"Rentallorca\",\"potentialAction\":[{\"@type\":\"SearchAction\",\"target\":{\"@type\":\"EntryPoint\",\"urlTemplate\":\"https:\\\/\\\/rentallorca.com\\\/blog\\\/de\\\/?s={search_term_string}\"},\"query-input\":{\"@type\":\"PropertyValueSpecification\",\"valueRequired\":true,\"valueName\":\"search_term_string\"}}],\"inLanguage\":\"de\"},{\"@type\":\"Person\",\"@id\":\"https:\\\/\\\/rentallorca.com\\\/blog\\\/de\\\/#\\\/schema\\\/person\\\/8c5ebe5bf8d43e9757ab6869e1d4cbe4\",\"name\":\"Axel\",\"image\":{\"@type\":\"ImageObject\",\"inLanguage\":\"de\",\"@id\":\"https:\\\/\\\/secure.gravatar.com\\\/avatar\\\/3bd706736e5b70f21f05f6c2d5cad746767782a4ba4b7df399c5969e2a9318fd?s=96&d=mm&r=g\",\"url\":\"https:\\\/\\\/secure.gravatar.com\\\/avatar\\\/3bd706736e5b70f21f05f6c2d5cad746767782a4ba4b7df399c5969e2a9318fd?s=96&d=mm&r=g\",\"contentUrl\":\"https:\\\/\\\/secure.gravatar.com\\\/avatar\\\/3bd706736e5b70f21f05f6c2d5cad746767782a4ba4b7df399c5969e2a9318fd?s=96&d=mm&r=g\",\"caption\":\"Axel\"},\"url\":\"https:\\\/\\\/rentallorca.com\\\/blog\\\/de\\\/author\\\/axel\\\/\"}]}<\/script>\n<!-- \/ Yoast SEO plugin. -->","yoast_head_json":{"title":"Die besten Orte, um den Sonnenuntergang Mallorca zu beobachten","description":"Genie\u00dfen Sie den sch\u00f6nsten Sonnenuntergang Mallorca mit spektakul\u00e4ren Ausblicken, die Sie an den bezauberndsten Orten der Insel.","robots":{"index":"index","follow":"follow","max-snippet":"max-snippet:-1","max-image-preview":"max-image-preview:large","max-video-preview":"max-video-preview:-1"},"canonical":"https:\/\/rentallorca.com\/blog\/de\/die-besten-orte-um-den-sonnenuntergang-mallorca-zu-beobachten\/","og_locale":"de_DE","og_type":"article","og_title":"Die besten Orte, um den Sonnenuntergang Mallorca zu beobachten","og_description":"Genie\u00dfen Sie den sch\u00f6nsten Sonnenuntergang Mallorca mit spektakul\u00e4ren Ausblicken, die Sie an den bezauberndsten Orten der Insel.","og_url":"https:\/\/rentallorca.com\/blog\/de\/die-besten-orte-um-den-sonnenuntergang-mallorca-zu-beobachten\/","og_site_name":"Blog","article_published_time":"2025-03-12T13:07:32+00:00","article_modified_time":"2025-08-14T07:25:13+00:00","og_image":[{"width":1920,"height":640,"url":"https:\/\/rentallorca.com\/blog\/wp-content\/uploads\/2025\/03\/Atardeceres-mallorca.jpg","type":"image\/jpeg"}],"author":"Axel","twitter_card":"summary_large_image","twitter_misc":{"Written by":"Axel","Est. reading time":"7 minutes"},"schema":{"@context":"https:\/\/schema.org","@graph":[{"@type":"Article","@id":"https:\/\/rentallorca.com\/blog\/de\/die-besten-orte-um-den-sonnenuntergang-mallorca-zu-beobachten\/#article","isPartOf":{"@id":"https:\/\/rentallorca.com\/blog\/de\/die-besten-orte-um-den-sonnenuntergang-mallorca-zu-beobachten\/"},"author":{"name":"Axel","@id":"https:\/\/rentallorca.com\/blog\/de\/#\/schema\/person\/8c5ebe5bf8d43e9757ab6869e1d4cbe4"},"headline":"Die besten Orte, um den Sonnenuntergang Mallorca zu beobachten","datePublished":"2025-03-12T13:07:32+00:00","dateModified":"2025-08-14T07:25:13+00:00","mainEntityOfPage":{"@id":"https:\/\/rentallorca.com\/blog\/de\/die-besten-orte-um-den-sonnenuntergang-mallorca-zu-beobachten\/"},"wordCount":1115,"commentCount":0,"image":{"@id":"https:\/\/rentallorca.com\/blog\/de\/die-besten-orte-um-den-sonnenuntergang-mallorca-zu-beobachten\/#primaryimage"},"thumbnailUrl":"https:\/\/rentallorca.com\/blog\/wp-content\/uploads\/2025\/03\/Atardeceres-mallorca.jpg","inLanguage":"de","potentialAction":[{"@type":"CommentAction","name":"Comment","target":["https:\/\/rentallorca.com\/blog\/de\/die-besten-orte-um-den-sonnenuntergang-mallorca-zu-beobachten\/#respond"]}]},{"@type":"WebPage","@id":"https:\/\/rentallorca.com\/blog\/de\/die-besten-orte-um-den-sonnenuntergang-mallorca-zu-beobachten\/","url":"https:\/\/rentallorca.com\/blog\/de\/die-besten-orte-um-den-sonnenuntergang-mallorca-zu-beobachten\/","name":"Die besten Orte, um den Sonnenuntergang Mallorca zu beobachten","isPartOf":{"@id":"https:\/\/rentallorca.com\/blog\/de\/#website"},"primaryImageOfPage":{"@id":"https:\/\/rentallorca.com\/blog\/de\/die-besten-orte-um-den-sonnenuntergang-mallorca-zu-beobachten\/#primaryimage"},"image":{"@id":"https:\/\/rentallorca.com\/blog\/de\/die-besten-orte-um-den-sonnenuntergang-mallorca-zu-beobachten\/#primaryimage"},"thumbnailUrl":"https:\/\/rentallorca.com\/blog\/wp-content\/uploads\/2025\/03\/Atardeceres-mallorca.jpg","datePublished":"2025-03-12T13:07:32+00:00","dateModified":"2025-08-14T07:25:13+00:00","author":{"@id":"https:\/\/rentallorca.com\/blog\/de\/#\/schema\/person\/8c5ebe5bf8d43e9757ab6869e1d4cbe4"},"description":"Genie\u00dfen Sie den sch\u00f6nsten Sonnenuntergang Mallorca mit spektakul\u00e4ren Ausblicken, die Sie an den bezauberndsten Orten der Insel.","breadcrumb":{"@id":"https:\/\/rentallorca.com\/blog\/de\/die-besten-orte-um-den-sonnenuntergang-mallorca-zu-beobachten\/#breadcrumb"},"inLanguage":"de","potentialAction":[{"@type":"ReadAction","target":["https:\/\/rentallorca.com\/blog\/de\/die-besten-orte-um-den-sonnenuntergang-mallorca-zu-beobachten\/"]}]},{"@type":"ImageObject","inLanguage":"de","@id":"https:\/\/rentallorca.com\/blog\/de\/die-besten-orte-um-den-sonnenuntergang-mallorca-zu-beobachten\/#primaryimage","url":"https:\/\/rentallorca.com\/blog\/wp-content\/uploads\/2025\/03\/Atardeceres-mallorca.jpg","contentUrl":"https:\/\/rentallorca.com\/blog\/wp-content\/uploads\/2025\/03\/Atardeceres-mallorca.jpg","width":1920,"height":640,"caption":"Atardeceres mallorca"},{"@type":"BreadcrumbList","@id":"https:\/\/rentallorca.com\/blog\/de\/die-besten-orte-um-den-sonnenuntergang-mallorca-zu-beobachten\/#breadcrumb","itemListElement":[{"@type":"ListItem","position":1,"name":"Home","item":"https:\/\/rentallorca.com\/blog\/de\/"},{"@type":"ListItem","position":2,"name":"Die besten Orte, um den Sonnenuntergang Mallorca zu beobachten"}]},{"@type":"WebSite","@id":"https:\/\/rentallorca.com\/blog\/de\/#website","url":"https:\/\/rentallorca.com\/blog\/de\/","name":"Blog","description":"Rentallorca","potentialAction":[{"@type":"SearchAction","target":{"@type":"EntryPoint","urlTemplate":"https:\/\/rentallorca.com\/blog\/de\/?s={search_term_string}"},"query-input":{"@type":"PropertyValueSpecification","valueRequired":true,"valueName":"search_term_string"}}],"inLanguage":"de"},{"@type":"Person","@id":"https:\/\/rentallorca.com\/blog\/de\/#\/schema\/person\/8c5ebe5bf8d43e9757ab6869e1d4cbe4","name":"Axel","image":{"@type":"ImageObject","inLanguage":"de","@id":"https:\/\/secure.gravatar.com\/avatar\/3bd706736e5b70f21f05f6c2d5cad746767782a4ba4b7df399c5969e2a9318fd?s=96&d=mm&r=g","url":"https:\/\/secure.gravatar.com\/avatar\/3bd706736e5b70f21f05f6c2d5cad746767782a4ba4b7df399c5969e2a9318fd?s=96&d=mm&r=g","contentUrl":"https:\/\/secure.gravatar.com\/avatar\/3bd706736e5b70f21f05f6c2d5cad746767782a4ba4b7df399c5969e2a9318fd?s=96&d=mm&r=g","caption":"Axel"},"url":"https:\/\/rentallorca.com\/blog\/de\/author\/axel\/"}]}},"_links":{"self":[{"href":"https:\/\/rentallorca.com\/blog\/de\/wp-json\/wp\/v2\/posts\/1040","targetHints":{"allow":["GET"]}}],"collection":[{"href":"https:\/\/rentallorca.com\/blog\/de\/wp-json\/wp\/v2\/posts"}],"about":[{"href":"https:\/\/rentallorca.com\/blog\/de\/wp-json\/wp\/v2\/types\/post"}],"author":[{"embeddable":true,"href":"https:\/\/rentallorca.com\/blog\/de\/wp-json\/wp\/v2\/users\/3"}],"replies":[{"embeddable":true,"href":"https:\/\/rentallorca.com\/blog\/de\/wp-json\/wp\/v2\/comments?post=1040"}],"version-history":[{"count":13,"href":"https:\/\/rentallorca.com\/blog\/de\/wp-json\/wp\/v2\/posts\/1040\/revisions"}],"predecessor-version":[{"id":2211,"href":"https:\/\/rentallorca.com\/blog\/de\/wp-json\/wp\/v2\/posts\/1040\/revisions\/2211"}],"wp:featuredmedia":[{"embeddable":true,"href":"https:\/\/rentallorca.com\/blog\/de\/wp-json\/wp\/v2\/media\/1020"}],"wp:attachment":[{"href":"https:\/\/rentallorca.com\/blog\/de\/wp-json\/wp\/v2\/media?parent=1040"}],"wp:term":[{"taxonomy":"category","embeddable":true,"href":"https:\/\/rentallorca.com\/blog\/de\/wp-json\/wp\/v2\/categories?post=1040"},{"taxonomy":"post_tag","embeddable":true,"href":"https:\/\/rentallorca.com\/blog\/de\/wp-json\/wp\/v2\/tags?post=1040"}],"curies":[{"name":"wp","href":"https:\/\/api.w.org\/{rel}","templated":true}]}}